{"id":51355,"date":"2026-09-03T17:13:17","date_gmt":"2026-09-03T17:13:17","guid":{"rendered":"https:\/\/www.rafanadalacademy.com\/non-categorizzato\/rafa-nadal-assiste-alla-giornata-degli-ottavi-di-finale-del-rafa-nadal-open-by-movistar\/"},"modified":"2026-09-04T15:59:25","modified_gmt":"2026-09-04T15:59:25","slug":"rafa-nadal-assiste-alla-giornata-degli-ottavi-di-finale-del-rafa-nadal-open-by-movistar","status":"publish","type":"post","link":"https:\/\/www.rafanadalacademy.com\/it\/notizia\/rafa-nadal-assiste-alla-giornata-degli-ottavi-di-finale-del-rafa-nadal-open-by-movistar\/","title":{"rendered":"Rafa Nadal assiste alla giornata degli ottavi di finale del Rafa Nadal Open by Movistar"},"content":{"rendered":"\n<p class=\"wp-block-paragraph\">Il <strong>Rafa Nadal Open by Movistar<\/strong> ha vissuto questo gioved\u00ec una giornata davvero speciale con la presenza di <strong>Rafa Nadal<\/strong> sugli spalti del campo centrale dell\u2019Academy. Il vincitore di <strong>22 titoli del Grande Slam<\/strong> non ha voluto perdersi la giornata degli ottavi di finale del torneo dell\u2019ATP Challenger Tour che si disputa questa settimana a Manacor. <\/p>\n\n<figure class=\"wp-block-image size-large\"><img decoding=\"async\" src=\"https:\/\/www.rafanadalacademy.com\/wp-content\/uploads\/2026\/09\/Rafa-Nadal-presencia-el-Rafa-Nadal-Open-by-Movistar-1024x683.jpg\" alt=\"\" class=\"wp-image-51319\"\/><\/figure>\n\n<div style=\"height:30px\" aria-hidden=\"true\" class=\"wp-block-spacer\"><\/div>\n\n<p class=\"wp-block-paragraph\">Rafa ha assistito, insieme a Javier Soler, direttore sportivo della Real Federaci\u00f3n Espa\u00f1ola de Tenis, e a Carlos Costa, ex giocatore e manager di Nadal, all\u2019incontro tra <strong>Dani Rinc\u00f3n<\/strong>, campione in carica del torneo e giocatore della Rafa Nadal Academy, e <strong>I\u00f1aki Montes-De La Torre<\/strong>, uno dei match di spicco della giornata.<\/p>\n\n<p class=\"wp-block-paragraph\">La presenza di Rafa Nadal sugli spalti ha inoltre un significato speciale per il suo stretto legame con l\u2019<strong>ATP Challenger Tour<\/strong>, circuito in cui ha conquistato due dei suoi primi titoli da professionista. Nel 2003, a soli 16 anni, si \u00e8 laureato campione a <strong>Barletta<\/strong>, diventando uno dei giocatori pi\u00f9 giovani della storia a vincere un torneo di questa categoria. Poche settimane dopo, gi\u00e0 a 17 anni, ha alzato di nuovo il trofeo a <strong>El Espinar (Segovia)<\/strong>. Due titoli che hanno rappresentato un importante trampolino di lancio nella sua carriera e che oggi occupano un posto di rilievo nel rinnovato <strong>Rafa Nadal Museum<\/strong>.   <\/p>\n\n<p class=\"wp-block-paragraph\">Dal 2018, questo legame con il circuito prosegue a Manacor attraverso il <strong>Rafa Nadal Open by Movistar<\/strong>, torneo dell\u2019ATP Challenger Tour che ogni anno riunisce alla Rafa Nadal Academy giocatori affermati e alcune delle grandi promesse del tennis internazionale come Andy Murray, Fernando Verdasco o Carlos Alcaraz.<\/p>\n\n<div style=\"height:29px\" aria-hidden=\"true\" class=\"wp-block-spacer\"><\/div>\n\n<figure class=\"wp-block-image size-full\"><a href=\"https:\/\/rafanadalopen.com\/entradas-gratuitas\/\"><img loading=\"lazy\" decoding=\"async\" width=\"942\" height=\"717\" src=\"https:\/\/www.rafanadalacademy.com\/wp-content\/uploads\/2026\/08\/rafa-nadal-open-2026.png\" alt=\"\" class=\"wp-image-49907\" srcset=\"https:\/\/www.rafanadalacademy.com\/wp-content\/uploads\/2026\/08\/rafa-nadal-open-2026.png 942w, https:\/\/www.rafanadalacademy.com\/wp-content\/uploads\/2026\/08\/rafa-nadal-open-2026-300x228.png 300w, https:\/\/www.rafanadalacademy.com\/wp-content\/uploads\/2026\/08\/rafa-nadal-open-2026-768x585.png 768w\" sizes=\"auto, (max-width: 942px) 100vw, 942px\" \/><\/a><\/figure>\n\n<div style=\"height:29px\" aria-hidden=\"true\" class=\"wp-block-spacer\"><\/div>\n\n<p class=\"wp-block-paragraph\">Questa ottava edizione del torneo sta contando su una presenza importante della Rafa Nadal Academy, con la partecipazione di <strong>Ivan Ivanov e Ziga Sesko<\/strong>, oltre a Dani Rinc\u00f3n. Tutti e tre i giocatori sanno cosa significa conquistare un titolo del Grande Slam nella categoria junior. <\/p>\n\n<p class=\"wp-block-paragraph\">Il <strong>Rafa Nadal Open by Movistar<\/strong> entra gi\u00e0 nelle sue giornate decisive e proseguir\u00e0 fino a <strong>domenica 6 settembre<\/strong>, quando si disputer\u00e0 la finale.<\/p>\n\n<div style=\"height:29px\" aria-hidden=\"true\" class=\"wp-block-spacer\"><\/div>\n\n<figure class=\"wp-block-image size-large\"><a href=\"https:\/\/www.rafanadalacademy.com\/it\/notizia\/gastronomia-ed-enologia-protagoniste-di-el-tie-break-vinos-y-tapas-in-questa-edizione-del-rafa-nadal-open-by-movistar\/\"><img loading=\"lazy\" decoding=\"async\" width=\"1024\" height=\"531\" src=\"https:\/\/www.rafanadalacademy.com\/wp-content\/uploads\/2026\/08\/Tardeo_RNO-2025_901-scaled-e1786618031933-1024x531.jpg\" alt=\"\" class=\"wp-image-50062\" srcset=\"https:\/\/www.rafanadalacademy.com\/wp-content\/uploads\/2026\/08\/Tardeo_RNO-2025_901-scaled-e1786618031933-1024x531.jpg 1024w, https:\/\/www.rafanadalacademy.com\/wp-content\/uploads\/2026\/08\/Tardeo_RNO-2025_901-scaled-e1786618031933-300x156.jpg 300w, https:\/\/www.rafanadalacademy.com\/wp-content\/uploads\/2026\/08\/Tardeo_RNO-2025_901-scaled-e1786618031933-768x398.jpg 768w, https:\/\/www.rafanadalacademy.com\/wp-content\/uploads\/2026\/08\/Tardeo_RNO-2025_901-scaled-e1786618031933-1536x796.jpg 1536w, https:\/\/www.rafanadalacademy.com\/wp-content\/uploads\/2026\/08\/Tardeo_RNO-2025_901-scaled-e1786618031933-2048x1062.jpg 2048w\" sizes=\"auto, (max-width: 1024px) 100vw, 1024px\" \/><\/a><\/figure>\n\n<div style=\"height:29px\" aria-hidden=\"true\" class=\"wp-block-spacer\"><\/div>\n\n<p class=\"wp-block-paragraph\">Oltre alla competizione, il torneo propone per tutta la settimana iniziative di gastronomia, musica e attivit\u00e0 per bambini e famiglie. <strong>Questo gioved\u00ec si terr\u00e0 uno degli eventi che ha suscitato maggiore attesa in questa edizione, \u2018El Tie-Break: Vinos y Tapas\u2019<\/strong>, un evento pomeridiano che riunir\u00e0 proposte gastronomiche di <strong>Grupo Maca de Castro, Santi Taura, La Loba, \u00dcbeck, Cassai y Roland-Garros<\/strong>, insieme ai vini di <strong>Casa Rojo, Can Axartell, Gallinas i Focas, Ribas, 4 Kilos e Binigrau<\/strong>, oltre a musica dal vivo e DJ. Come nelle edizioni precedenti, <strong>l\u2019accesso al Rafa Nadal Open by Movistar \u00e8 gratuito<\/strong>, previa download del biglietto tramite il sito ufficiale dell\u2019evento. <\/p>\n\n<p class=\"wp-block-paragraph\"><\/p>\n\n<p class=\"wp-block-paragraph\"><\/p>\n\n<p class=\"wp-block-paragraph\"><\/p>\n\n<p class=\"wp-block-paragraph\"><\/p>\n","protected":false},"excerpt":{"rendered":"<p>Il Rafa Nadal Open by Movistar ha vissuto questo gioved\u00ec una giornata davvero speciale con la presenza di Rafa Nadal sugli spalti del campo centrale dell\u2019Academy. Il vincitore di 22 titoli del Grande Slam non ha voluto perdersi la giornata degli ottavi di finale del torneo dell\u2019ATP Challenger Tour che si disputa questa settimana a<a href=\"https:\/\/www.rafanadalacademy.com\/it\/notizia\/rafa-nadal-assiste-alla-giornata-degli-ottavi-di-finale-del-rafa-nadal-open-by-movistar\/\">Continue reading <span class=\"sr-only\">&#8220;Rafa Nadal assiste alla giornata degli ottavi di finale del Rafa Nadal Open by Movistar&#8221;<\/span><\/a><\/p>\n","protected":false},"author":23,"featured_media":51324,"comment_status":"closed","ping_status":"closed","sticky":false,"template":"","format":"standard","meta":{"_acf_changed":false,"footnotes":""},"categories":[200,160,155],"tags":[201],"class_list":["post-51355","post","type-post","status-publish","format-standard","has-post-thumbnail","hentry","category-accademia-rafa-nadal-di-movistar","category-notizia","category-rafa-nadal-open-it","tag-accademia-rafa-nadal-di-movistar"],"acf":[],"yoast_head":"<!-- This site is optimized with the Yoast SEO Premium plugin v26.8 (Yoast SEO v28.3) - https:\/\/yoast.com\/product\/yoast-seo-premium-wordpress\/ -->\n<title>Rafa Nadal assiste alla giornata degli ottavi di finale del Rafa Nadal Open by Movistar - Rafa Nadal Academy<\/title>\n<meta name=\"description\" content=\"Il Rafa Nadal Open by Movistar ha vissuto una giornata davvero speciale con la presenza di Rafa Nadal sugli spalti del campo centrale dell\u2019Academy. Il vincitore di 22 titoli del Grande Slam non ha voluto perdersi la giornata degli ottavi di finale del torneo dell\u2019ATP Challenger Tour che si disputa questa settimana a Manacor.\" \/>\n<meta name=\"robots\" content=\"index, follow, max-snippet:-1, max-image-preview:large, max-video-preview:-1\" \/>\n<link rel=\"canonical\" href=\"https:\/\/www.rafanadalacademy.com\/it\/notizia\/rafa-nadal-assiste-alla-giornata-degli-ottavi-di-finale-del-rafa-nadal-open-by-movistar\/\" \/>\n<meta property=\"og:locale\" content=\"it_IT\" \/>\n<meta property=\"og:type\" content=\"article\" \/>\n<meta property=\"og:title\" content=\"Rafa Nadal assiste alla giornata degli ottavi di finale del Rafa Nadal Open by Movistar\" \/>\n<meta property=\"og:description\" content=\"Il Rafa Nadal Open by Movistar ha vissuto una giornata davvero speciale con la presenza di Rafa Nadal sugli spalti del campo centrale dell\u2019Academy. Il vincitore di 22 titoli del Grande Slam non ha voluto perdersi la giornata degli ottavi di finale del torneo dell\u2019ATP Challenger Tour che si disputa questa settimana a Manacor.\" \/>\n<meta property=\"og:url\" content=\"https:\/\/www.rafanadalacademy.com\/it\/notizia\/rafa-nadal-assiste-alla-giornata-degli-ottavi-di-finale-del-rafa-nadal-open-by-movistar\/\" \/>\n<meta property=\"og:site_name\" content=\"Rafa Nadal Academy\" \/>\n<meta property=\"article:published_time\" content=\"2026-09-03T17:13:17+00:00\" \/>\n<meta property=\"article:modified_time\" content=\"2026-09-04T15:59:25+00:00\" \/>\n<meta property=\"og:image\" content=\"https:\/\/www.rafanadalacademy.com\/wp-content\/uploads\/2026\/09\/Rafa-Nadal-presencia-el-Rafa-Nadal-Open-by-Movistar-e1788455663352.jpg\" \/>\n\t<meta property=\"og:image:width\" content=\"2560\" \/>\n\t<meta property=\"og:image:height\" content=\"1707\" \/>\n\t<meta property=\"og:image:type\" content=\"image\/jpeg\" \/>\n<meta name=\"author\" content=\"joseluisprados\" \/>\n<meta name=\"twitter:card\" content=\"summary_large_image\" \/>\n<meta name=\"twitter:label1\" content=\"Written by\" \/>\n\t<meta name=\"twitter:data1\" content=\"joseluisprados\" \/>\n\t<meta name=\"twitter:label2\" content=\"Est. reading time\" \/>\n\t<meta name=\"twitter:data2\" content=\"2 minutes\" \/>\n<script type=\"application\/ld+json\" class=\"yoast-schema-graph\">{\"@context\":\"https:\\\/\\\/schema.org\",\"@graph\":[{\"@type\":\"Article\",\"@id\":\"https:\\\/\\\/www.rafanadalacademy.com\\\/it\\\/notizia\\\/rafa-nadal-assiste-alla-giornata-degli-ottavi-di-finale-del-rafa-nadal-open-by-movistar\\\/#article\",\"isPartOf\":{\"@id\":\"https:\\\/\\\/www.rafanadalacademy.com\\\/it\\\/notizia\\\/rafa-nadal-assiste-alla-giornata-degli-ottavi-di-finale-del-rafa-nadal-open-by-movistar\\\/\"},\"author\":{\"name\":\"joseluisprados\",\"@id\":\"https:\\\/\\\/www.rafanadalacademy.com\\\/it\\\/#\\\/schema\\\/person\\\/744897d6ee269641fff954376180ef01\"},\"headline\":\"Rafa Nadal assiste alla giornata degli ottavi di finale del Rafa Nadal Open by Movistar\",\"datePublished\":\"2026-09-03T17:13:17+00:00\",\"dateModified\":\"2026-09-04T15:59:25+00:00\",\"mainEntityOfPage\":{\"@id\":\"https:\\\/\\\/www.rafanadalacademy.com\\\/it\\\/notizia\\\/rafa-nadal-assiste-alla-giornata-degli-ottavi-di-finale-del-rafa-nadal-open-by-movistar\\\/\"},\"wordCount\":450,\"image\":{\"@id\":\"https:\\\/\\\/www.rafanadalacademy.com\\\/it\\\/notizia\\\/rafa-nadal-assiste-alla-giornata-degli-ottavi-di-finale-del-rafa-nadal-open-by-movistar\\\/#primaryimage\"},\"thumbnailUrl\":\"https:\\\/\\\/www.rafanadalacademy.com\\\/wp-content\\\/uploads\\\/2026\\\/09\\\/Rafa-Nadal-presencia-el-Rafa-Nadal-Open-by-Movistar-e1788455663352.jpg\",\"keywords\":[\"ACCADEMIA RAFA NADAL DI MOVISTAR\"],\"articleSection\":[\"ACCADEMIA RAFA NADAL DI MOVISTAR\",\"Notizia\",\"RAFA NADAL OPEN\"],\"inLanguage\":\"it-IT\",\"copyrightYear\":\"2026\",\"copyrightHolder\":{\"@id\":\"https:\\\/\\\/www.rafanadalacademy.com\\\/#organization\"}},{\"@type\":\"WebPage\",\"@id\":\"https:\\\/\\\/www.rafanadalacademy.com\\\/it\\\/notizia\\\/rafa-nadal-assiste-alla-giornata-degli-ottavi-di-finale-del-rafa-nadal-open-by-movistar\\\/\",\"url\":\"https:\\\/\\\/www.rafanadalacademy.com\\\/it\\\/notizia\\\/rafa-nadal-assiste-alla-giornata-degli-ottavi-di-finale-del-rafa-nadal-open-by-movistar\\\/\",\"name\":\"Rafa Nadal assiste alla giornata degli ottavi di finale del Rafa Nadal Open by Movistar - Rafa Nadal Academy\",\"isPartOf\":{\"@id\":\"https:\\\/\\\/www.rafanadalacademy.com\\\/it\\\/#website\"},\"primaryImageOfPage\":{\"@id\":\"https:\\\/\\\/www.rafanadalacademy.com\\\/it\\\/notizia\\\/rafa-nadal-assiste-alla-giornata-degli-ottavi-di-finale-del-rafa-nadal-open-by-movistar\\\/#primaryimage\"},\"image\":{\"@id\":\"https:\\\/\\\/www.rafanadalacademy.com\\\/it\\\/notizia\\\/rafa-nadal-assiste-alla-giornata-degli-ottavi-di-finale-del-rafa-nadal-open-by-movistar\\\/#primaryimage\"},\"thumbnailUrl\":\"https:\\\/\\\/www.rafanadalacademy.com\\\/wp-content\\\/uploads\\\/2026\\\/09\\\/Rafa-Nadal-presencia-el-Rafa-Nadal-Open-by-Movistar-e1788455663352.jpg\",\"datePublished\":\"2026-09-03T17:13:17+00:00\",\"dateModified\":\"2026-09-04T15:59:25+00:00\",\"author\":{\"@id\":\"https:\\\/\\\/www.rafanadalacademy.com\\\/it\\\/#\\\/schema\\\/person\\\/744897d6ee269641fff954376180ef01\"},\"description\":\"Il Rafa Nadal Open by Movistar ha vissuto una giornata davvero speciale con la presenza di Rafa Nadal sugli spalti del campo centrale dell\u2019Academy. Il vincitore di 22 titoli del Grande Slam non ha voluto perdersi la giornata degli ottavi di finale del torneo dell\u2019ATP Challenger Tour che si disputa questa settimana a Manacor.\",\"breadcrumb\":{\"@id\":\"https:\\\/\\\/www.rafanadalacademy.com\\\/it\\\/notizia\\\/rafa-nadal-assiste-alla-giornata-degli-ottavi-di-finale-del-rafa-nadal-open-by-movistar\\\/#breadcrumb\"},\"inLanguage\":\"it-IT\",\"potentialAction\":[{\"@type\":\"ReadAction\",\"target\":[\"https:\\\/\\\/www.rafanadalacademy.com\\\/it\\\/notizia\\\/rafa-nadal-assiste-alla-giornata-degli-ottavi-di-finale-del-rafa-nadal-open-by-movistar\\\/\"]}]},{\"@type\":\"ImageObject\",\"inLanguage\":\"it-IT\",\"@id\":\"https:\\\/\\\/www.rafanadalacademy.com\\\/it\\\/notizia\\\/rafa-nadal-assiste-alla-giornata-degli-ottavi-di-finale-del-rafa-nadal-open-by-movistar\\\/#primaryimage\",\"url\":\"https:\\\/\\\/www.rafanadalacademy.com\\\/wp-content\\\/uploads\\\/2026\\\/09\\\/Rafa-Nadal-presencia-el-Rafa-Nadal-Open-by-Movistar-e1788455663352.jpg\",\"contentUrl\":\"https:\\\/\\\/www.rafanadalacademy.com\\\/wp-content\\\/uploads\\\/2026\\\/09\\\/Rafa-Nadal-presencia-el-Rafa-Nadal-Open-by-Movistar-e1788455663352.jpg\",\"width\":2560,\"height\":1707},{\"@type\":\"BreadcrumbList\",\"@id\":\"https:\\\/\\\/www.rafanadalacademy.com\\\/it\\\/notizia\\\/rafa-nadal-assiste-alla-giornata-degli-ottavi-di-finale-del-rafa-nadal-open-by-movistar\\\/#breadcrumb\",\"itemListElement\":[{\"@type\":\"ListItem\",\"position\":1,\"name\":\"Home\",\"item\":\"https:\\\/\\\/www.rafanadalacademy.com\\\/it\\\/\"},{\"@type\":\"ListItem\",\"position\":2,\"name\":\"Rafa Nadal assiste alla giornata degli ottavi di finale del Rafa Nadal Open by Movistar\"}]},{\"@type\":\"WebSite\",\"@id\":\"https:\\\/\\\/www.rafanadalacademy.com\\\/it\\\/#website\",\"url\":\"https:\\\/\\\/www.rafanadalacademy.com\\\/it\\\/\",\"name\":\"Rafa Nadal Academy\",\"description\":\"Otro sitio realizado con WordPress\",\"potentialAction\":[{\"@type\":\"SearchAction\",\"target\":{\"@type\":\"EntryPoint\",\"urlTemplate\":\"https:\\\/\\\/www.rafanadalacademy.com\\\/it\\\/?s={search_term_string}\"},\"query-input\":{\"@type\":\"PropertyValueSpecification\",\"valueRequired\":true,\"valueName\":\"search_term_string\"}}],\"inLanguage\":\"it-IT\"},{\"@type\":\"Person\",\"@id\":\"https:\\\/\\\/www.rafanadalacademy.com\\\/it\\\/#\\\/schema\\\/person\\\/744897d6ee269641fff954376180ef01\",\"name\":\"joseluisprados\",\"image\":{\"@type\":\"ImageObject\",\"inLanguage\":\"it-IT\",\"@id\":\"https:\\\/\\\/secure.gravatar.com\\\/avatar\\\/8aa823a6e5501864ffab4785d9e2a994b59c2d45c9f9751c5a532abfec081e5f?s=96&d=mm&r=g\",\"url\":\"https:\\\/\\\/secure.gravatar.com\\\/avatar\\\/8aa823a6e5501864ffab4785d9e2a994b59c2d45c9f9751c5a532abfec081e5f?s=96&d=mm&r=g\",\"contentUrl\":\"https:\\\/\\\/secure.gravatar.com\\\/avatar\\\/8aa823a6e5501864ffab4785d9e2a994b59c2d45c9f9751c5a532abfec081e5f?s=96&d=mm&r=g\",\"caption\":\"joseluisprados\"},\"url\":\"https:\\\/\\\/www.rafanadalacademy.com\\\/it\\\/author\\\/joseluisprados\\\/\"},{\"@type\":\"ImageObject\",\"inLanguage\":\"it-IT\",\"@id\":\"https:\\\/\\\/www.rafanadalacademy.com\\\/it\\\/notizia\\\/rafa-nadal-assiste-alla-giornata-degli-ottavi-di-finale-del-rafa-nadal-open-by-movistar\\\/#local-main-organization-logo\",\"url\":\"\",\"contentUrl\":\"\",\"caption\":\"Rafa Nadal Academy\"}]}<\/script>\n<!-- \/ Yoast SEO Premium plugin. -->","yoast_head_json":{"title":"Rafa Nadal assiste alla giornata degli ottavi di finale del Rafa Nadal Open by Movistar - Rafa Nadal Academy","description":"Il Rafa Nadal Open by Movistar ha vissuto una giornata davvero speciale con la presenza di Rafa Nadal sugli spalti del campo centrale dell\u2019Academy. Il vincitore di 22 titoli del Grande Slam non ha voluto perdersi la giornata degli ottavi di finale del torneo dell\u2019ATP Challenger Tour che si disputa questa settimana a Manacor.","robots":{"index":"index","follow":"follow","max-snippet":"max-snippet:-1","max-image-preview":"max-image-preview:large","max-video-preview":"max-video-preview:-1"},"canonical":"https:\/\/www.rafanadalacademy.com\/it\/notizia\/rafa-nadal-assiste-alla-giornata-degli-ottavi-di-finale-del-rafa-nadal-open-by-movistar\/","og_locale":"it_IT","og_type":"article","og_title":"Rafa Nadal assiste alla giornata degli ottavi di finale del Rafa Nadal Open by Movistar","og_description":"Il Rafa Nadal Open by Movistar ha vissuto una giornata davvero speciale con la presenza di Rafa Nadal sugli spalti del campo centrale dell\u2019Academy. Il vincitore di 22 titoli del Grande Slam non ha voluto perdersi la giornata degli ottavi di finale del torneo dell\u2019ATP Challenger Tour che si disputa questa settimana a Manacor.","og_url":"https:\/\/www.rafanadalacademy.com\/it\/notizia\/rafa-nadal-assiste-alla-giornata-degli-ottavi-di-finale-del-rafa-nadal-open-by-movistar\/","og_site_name":"Rafa Nadal Academy","article_published_time":"2026-09-03T17:13:17+00:00","article_modified_time":"2026-09-04T15:59:25+00:00","og_image":[{"width":2560,"height":1707,"url":"https:\/\/www.rafanadalacademy.com\/wp-content\/uploads\/2026\/09\/Rafa-Nadal-presencia-el-Rafa-Nadal-Open-by-Movistar-e1788455663352.jpg","type":"image\/jpeg"}],"author":"joseluisprados","twitter_card":"summary_large_image","twitter_misc":{"Written by":"joseluisprados","Est. reading time":"2 minutes"},"schema":{"@context":"https:\/\/schema.org","@graph":[{"@type":"Article","@id":"https:\/\/www.rafanadalacademy.com\/it\/notizia\/rafa-nadal-assiste-alla-giornata-degli-ottavi-di-finale-del-rafa-nadal-open-by-movistar\/#article","isPartOf":{"@id":"https:\/\/www.rafanadalacademy.com\/it\/notizia\/rafa-nadal-assiste-alla-giornata-degli-ottavi-di-finale-del-rafa-nadal-open-by-movistar\/"},"author":{"name":"joseluisprados","@id":"https:\/\/www.rafanadalacademy.com\/it\/#\/schema\/person\/744897d6ee269641fff954376180ef01"},"headline":"Rafa Nadal assiste alla giornata degli ottavi di finale del Rafa Nadal Open by Movistar","datePublished":"2026-09-03T17:13:17+00:00","dateModified":"2026-09-04T15:59:25+00:00","mainEntityOfPage":{"@id":"https:\/\/www.rafanadalacademy.com\/it\/notizia\/rafa-nadal-assiste-alla-giornata-degli-ottavi-di-finale-del-rafa-nadal-open-by-movistar\/"},"wordCount":450,"image":{"@id":"https:\/\/www.rafanadalacademy.com\/it\/notizia\/rafa-nadal-assiste-alla-giornata-degli-ottavi-di-finale-del-rafa-nadal-open-by-movistar\/#primaryimage"},"thumbnailUrl":"https:\/\/www.rafanadalacademy.com\/wp-content\/uploads\/2026\/09\/Rafa-Nadal-presencia-el-Rafa-Nadal-Open-by-Movistar-e1788455663352.jpg","keywords":["ACCADEMIA RAFA NADAL DI MOVISTAR"],"articleSection":["ACCADEMIA RAFA NADAL DI MOVISTAR","Notizia","RAFA NADAL OPEN"],"inLanguage":"it-IT","copyrightYear":"2026","copyrightHolder":{"@id":"https:\/\/www.rafanadalacademy.com\/#organization"}},{"@type":"WebPage","@id":"https:\/\/www.rafanadalacademy.com\/it\/notizia\/rafa-nadal-assiste-alla-giornata-degli-ottavi-di-finale-del-rafa-nadal-open-by-movistar\/","url":"https:\/\/www.rafanadalacademy.com\/it\/notizia\/rafa-nadal-assiste-alla-giornata-degli-ottavi-di-finale-del-rafa-nadal-open-by-movistar\/","name":"Rafa Nadal assiste alla giornata degli ottavi di finale del Rafa Nadal Open by Movistar - Rafa Nadal Academy","isPartOf":{"@id":"https:\/\/www.rafanadalacademy.com\/it\/#website"},"primaryImageOfPage":{"@id":"https:\/\/www.rafanadalacademy.com\/it\/notizia\/rafa-nadal-assiste-alla-giornata-degli-ottavi-di-finale-del-rafa-nadal-open-by-movistar\/#primaryimage"},"image":{"@id":"https:\/\/www.rafanadalacademy.com\/it\/notizia\/rafa-nadal-assiste-alla-giornata-degli-ottavi-di-finale-del-rafa-nadal-open-by-movistar\/#primaryimage"},"thumbnailUrl":"https:\/\/www.rafanadalacademy.com\/wp-content\/uploads\/2026\/09\/Rafa-Nadal-presencia-el-Rafa-Nadal-Open-by-Movistar-e1788455663352.jpg","datePublished":"2026-09-03T17:13:17+00:00","dateModified":"2026-09-04T15:59:25+00:00","author":{"@id":"https:\/\/www.rafanadalacademy.com\/it\/#\/schema\/person\/744897d6ee269641fff954376180ef01"},"description":"Il Rafa Nadal Open by Movistar ha vissuto una giornata davvero speciale con la presenza di Rafa Nadal sugli spalti del campo centrale dell\u2019Academy. Il vincitore di 22 titoli del Grande Slam non ha voluto perdersi la giornata degli ottavi di finale del torneo dell\u2019ATP Challenger Tour che si disputa questa settimana a Manacor.","breadcrumb":{"@id":"https:\/\/www.rafanadalacademy.com\/it\/notizia\/rafa-nadal-assiste-alla-giornata-degli-ottavi-di-finale-del-rafa-nadal-open-by-movistar\/#breadcrumb"},"inLanguage":"it-IT","potentialAction":[{"@type":"ReadAction","target":["https:\/\/www.rafanadalacademy.com\/it\/notizia\/rafa-nadal-assiste-alla-giornata-degli-ottavi-di-finale-del-rafa-nadal-open-by-movistar\/"]}]},{"@type":"ImageObject","inLanguage":"it-IT","@id":"https:\/\/www.rafanadalacademy.com\/it\/notizia\/rafa-nadal-assiste-alla-giornata-degli-ottavi-di-finale-del-rafa-nadal-open-by-movistar\/#primaryimage","url":"https:\/\/www.rafanadalacademy.com\/wp-content\/uploads\/2026\/09\/Rafa-Nadal-presencia-el-Rafa-Nadal-Open-by-Movistar-e1788455663352.jpg","contentUrl":"https:\/\/www.rafanadalacademy.com\/wp-content\/uploads\/2026\/09\/Rafa-Nadal-presencia-el-Rafa-Nadal-Open-by-Movistar-e1788455663352.jpg","width":2560,"height":1707},{"@type":"BreadcrumbList","@id":"https:\/\/www.rafanadalacademy.com\/it\/notizia\/rafa-nadal-assiste-alla-giornata-degli-ottavi-di-finale-del-rafa-nadal-open-by-movistar\/#breadcrumb","itemListElement":[{"@type":"ListItem","position":1,"name":"Home","item":"https:\/\/www.rafanadalacademy.com\/it\/"},{"@type":"ListItem","position":2,"name":"Rafa Nadal assiste alla giornata degli ottavi di finale del Rafa Nadal Open by Movistar"}]},{"@type":"WebSite","@id":"https:\/\/www.rafanadalacademy.com\/it\/#website","url":"https:\/\/www.rafanadalacademy.com\/it\/","name":"Rafa Nadal Academy","description":"Otro sitio realizado con WordPress","potentialAction":[{"@type":"SearchAction","target":{"@type":"EntryPoint","urlTemplate":"https:\/\/www.rafanadalacademy.com\/it\/?s={search_term_string}"},"query-input":{"@type":"PropertyValueSpecification","valueRequired":true,"valueName":"search_term_string"}}],"inLanguage":"it-IT"},{"@type":"Person","@id":"https:\/\/www.rafanadalacademy.com\/it\/#\/schema\/person\/744897d6ee269641fff954376180ef01","name":"joseluisprados","image":{"@type":"ImageObject","inLanguage":"it-IT","@id":"https:\/\/secure.gravatar.com\/avatar\/8aa823a6e5501864ffab4785d9e2a994b59c2d45c9f9751c5a532abfec081e5f?s=96&d=mm&r=g","url":"https:\/\/secure.gravatar.com\/avatar\/8aa823a6e5501864ffab4785d9e2a994b59c2d45c9f9751c5a532abfec081e5f?s=96&d=mm&r=g","contentUrl":"https:\/\/secure.gravatar.com\/avatar\/8aa823a6e5501864ffab4785d9e2a994b59c2d45c9f9751c5a532abfec081e5f?s=96&d=mm&r=g","caption":"joseluisprados"},"url":"https:\/\/www.rafanadalacademy.com\/it\/author\/joseluisprados\/"},{"@type":"ImageObject","inLanguage":"it-IT","@id":"https:\/\/www.rafanadalacademy.com\/it\/notizia\/rafa-nadal-assiste-alla-giornata-degli-ottavi-di-finale-del-rafa-nadal-open-by-movistar\/#local-main-organization-logo","url":"","contentUrl":"","caption":"Rafa Nadal Academy"}]}},"_links":{"self":[{"href":"https:\/\/www.rafanadalacademy.com\/it\/wp-json\/wp\/v2\/posts\/51355","targetHints":{"allow":["GET"]}}],"collection":[{"href":"https:\/\/www.rafanadalacademy.com\/it\/wp-json\/wp\/v2\/posts"}],"about":[{"href":"https:\/\/www.rafanadalacademy.com\/it\/wp-json\/wp\/v2\/types\/post"}],"author":[{"embeddable":true,"href":"https:\/\/www.rafanadalacademy.com\/it\/wp-json\/wp\/v2\/users\/23"}],"replies":[{"embeddable":true,"href":"https:\/\/www.rafanadalacademy.com\/it\/wp-json\/wp\/v2\/comments?post=51355"}],"version-history":[{"count":1,"href":"https:\/\/www.rafanadalacademy.com\/it\/wp-json\/wp\/v2\/posts\/51355\/revisions"}],"predecessor-version":[{"id":51356,"href":"https:\/\/www.rafanadalacademy.com\/it\/wp-json\/wp\/v2\/posts\/51355\/revisions\/51356"}],"wp:featuredmedia":[{"embeddable":true,"href":"https:\/\/www.rafanadalacademy.com\/it\/wp-json\/wp\/v2\/media\/51324"}],"wp:attachment":[{"href":"https:\/\/www.rafanadalacademy.com\/it\/wp-json\/wp\/v2\/media?parent=51355"}],"wp:term":[{"taxonomy":"category","embeddable":true,"href":"https:\/\/www.rafanadalacademy.com\/it\/wp-json\/wp\/v2\/categories?post=51355"},{"taxonomy":"post_tag","embeddable":true,"href":"https:\/\/www.rafanadalacademy.com\/it\/wp-json\/wp\/v2\/tags?post=51355"}],"curies":[{"name":"wp","href":"https:\/\/api.w.org\/{rel}","templated":true}]}}