{"id":50937,"date":"2026-08-31T09:06:57","date_gmt":"2026-08-31T09:06:57","guid":{"rendered":"https:\/\/www.rafanadalacademy.com\/non-categorizzato\/al-via-lottava-edizione-del-rafa-nadal-open-by-movistar\/"},"modified":"2026-08-31T09:35:17","modified_gmt":"2026-08-31T09:35:17","slug":"al-via-lottava-edizione-del-rafa-nadal-open-by-movistar","status":"publish","type":"post","link":"https:\/\/www.rafanadalacademy.com\/it\/notizia\/al-via-lottava-edizione-del-rafa-nadal-open-by-movistar\/","title":{"rendered":"Al via l&#8217;ottava edizione del Rafa Nadal Open by Movistar"},"content":{"rendered":"\n<p class=\"wp-block-paragraph\">Il <strong>Rafa Nadal Open by Movistar 2026 \u00e8 gi\u00e0 in corso<\/strong>. I campi della Rafa Nadal Academy a Manacor ospitano i primi match della fase di qualificazione di un torneo appartenente all&#8217; <strong>ATP Challenger Tour<\/strong>, che si disputer\u00e0 fino al prossimo 6 settembre. <\/p>\n\n<figure class=\"wp-block-image size-large\"><img loading=\"lazy\" decoding=\"async\" width=\"1024\" height=\"683\" src=\"https:\/\/www.rafanadalacademy.com\/wp-content\/uploads\/2025\/08\/FINAL_ATP-Challenger-RNA-2024_-3537-1024x683.jpg\" alt=\"Immagine aerea del campo centrale durante la finale del Rafa Nadal Open by Movistar 2024\" class=\"wp-image-30429\" srcset=\"https:\/\/www.rafanadalacademy.com\/wp-content\/uploads\/2025\/08\/FINAL_ATP-Challenger-RNA-2024_-3537-1024x683.jpg 1024w, https:\/\/www.rafanadalacademy.com\/wp-content\/uploads\/2025\/08\/FINAL_ATP-Challenger-RNA-2024_-3537-300x200.jpg 300w, https:\/\/www.rafanadalacademy.com\/wp-content\/uploads\/2025\/08\/FINAL_ATP-Challenger-RNA-2024_-3537-768x512.jpg 768w, https:\/\/www.rafanadalacademy.com\/wp-content\/uploads\/2025\/08\/FINAL_ATP-Challenger-RNA-2024_-3537-1536x1024.jpg 1536w, https:\/\/www.rafanadalacademy.com\/wp-content\/uploads\/2025\/08\/FINAL_ATP-Challenger-RNA-2024_-3537-2048x1365.jpg 2048w\" sizes=\"auto, (max-width: 1024px) 100vw, 1024px\" \/><figcaption class=\"wp-element-caption\">Immagine aerea del campo centrale durante la finale del Rafa Nadal Open by Movistar 2024<\/figcaption><\/figure>\n\n<div style=\"height:30px\" aria-hidden=\"true\" class=\"wp-block-spacer\"><\/div>\n\n<p class=\"wp-block-paragraph\">Dopo l&#8217;inizio della fase di qualificazione, tutti gli sguardi sono gi\u00e0 rivolti al tabellone principale, che torner\u00e0 a riunire giocatori consolidati del circuito professionistico e alcune delle giovani promesse del tennis internazionale.<\/p>\n\n<p class=\"wp-block-paragraph\">Tra loro ci sar\u00e0 un&#8217;importante rappresentanza della <strong>Rafa Nadal Academy<\/strong>, con la presenza di <strong>tre campioni del Grand Slam junior: Dani Rinc\u00f3n, Ivan Ivanov e Ziga Sesko<\/strong>.<\/p>\n\n<p class=\"wp-block-paragraph\">Uno dei grandi protagonisti sar\u00e0 proprio <strong>Dani Rinc\u00f3n<\/strong>, campione in carica del Rafa Nadal Open by Movistar. Il giocatore di Avila, campione dello <strong>US Open junior nel 2021<\/strong>, torner\u00e0 sui campi dove lo scorso anno \u00e8 diventato il primo tennista spagnolo e il primo giocatore dell&#8217;Accademia a conquistare il titolo. Rinc\u00f3n inizier\u00e0 la difesa della sua corona contro l&#8217;estone <strong>Daniil Glinka<\/strong>.  <\/p>\n\n<p class=\"wp-block-paragraph\">Far\u00e0 parte del tabellone anche <strong>Ivan Ivanov<\/strong>, che si presenta a Manacor dopo una brillante tappa junior nella quale si \u00e8 consolidato come uno dei grandi talenti della sua generazione.<\/p>\n\n<div style=\"height:29px\" aria-hidden=\"true\" class=\"wp-block-spacer\"><\/div>\n\n<figure class=\"wp-block-image size-full\"><a href=\"https:\/\/rafanadalopen.com\/entradas-gratuitas\/\"><img loading=\"lazy\" decoding=\"async\" width=\"942\" height=\"717\" src=\"https:\/\/www.rafanadalacademy.com\/wp-content\/uploads\/2026\/08\/rafa-nadal-open-2026.png\" alt=\"\" class=\"wp-image-49907\" srcset=\"https:\/\/www.rafanadalacademy.com\/wp-content\/uploads\/2026\/08\/rafa-nadal-open-2026.png 942w, https:\/\/www.rafanadalacademy.com\/wp-content\/uploads\/2026\/08\/rafa-nadal-open-2026-300x228.png 300w, https:\/\/www.rafanadalacademy.com\/wp-content\/uploads\/2026\/08\/rafa-nadal-open-2026-768x585.png 768w\" sizes=\"auto, (max-width: 942px) 100vw, 942px\" \/><\/a><\/figure>\n\n<div style=\"height:29px\" aria-hidden=\"true\" class=\"wp-block-spacer\"><\/div>\n\n<p class=\"wp-block-paragraph\">Il terzo campione del Grand Slam junior dell&#8217;Accademia sar\u00e0 <strong>Ziga Sesko<\/strong>, recente vincitore del titolo di doppio di Wimbledon junior. Il giocatore sloveno \u00e8 stato inoltre uno dei protagonisti del <strong>sorteggio del tabellone principale del Rafa Nadal Open by Movistar<\/strong>, tenutosi presso l&#8217;Accademia prima dell&#8217;inizio della competizione. Sesko debutter\u00e0 contro la <strong>seconda testa di serie del torneo, il francese Alexandre Muller<\/strong>.  <\/p>\n\n<p class=\"wp-block-paragraph\"><strong>Otto edizioni di tennis professionistico a Manacor<\/strong><\/p>\n\n<p class=\"wp-block-paragraph\">Dalla sua creazione nel <strong>2018<\/strong>, il Rafa Nadal Open by Movistar ha visto la partecipazione di nomi come <strong>Carlos Alcaraz, Andy Murray, Marin Cilic, Fernando Verdasco o Pablo And\u00fajar<\/strong>, oltre a numerosi giovani che successivamente sono riusciti a consolidarsi nell&#8217;\u00e9lite del tennis mondiale.<\/p>\n\n<p class=\"wp-block-paragraph\">Inoltre, nelle sue sette edizioni precedenti, <strong>nessun giocatore ha vinto il titolo due volte<\/strong>, con sette campioni diversi: <strong>Bernard Tomic (2018), Emil Ruusuvuori (2019), Lukas Lacko (2021), Luca Nardi (2022), Hamad Medjedovic (2023), Duje Ajdukovi\u0107 (2024) e Dani Rinc\u00f3n (2025)<\/strong>.<\/p>\n\n<figure class=\"wp-block-gallery has-nested-images columns-default is-cropped wp-block-gallery-1 is-layout-flex wp-block-gallery-is-layout-flex\">\n<figure class=\"wp-block-image size-large\"><img loading=\"lazy\" decoding=\"async\" width=\"819\" height=\"1024\" data-id=\"50853\" src=\"https:\/\/www.rafanadalacademy.com\/wp-content\/uploads\/2026\/08\/dummy-3-819x1024.png\" alt=\"\" class=\"wp-image-50853\" srcset=\"https:\/\/www.rafanadalacademy.com\/wp-content\/uploads\/2026\/08\/dummy-3-819x1024.png 819w, https:\/\/www.rafanadalacademy.com\/wp-content\/uploads\/2026\/08\/dummy-3-240x300.png 240w, https:\/\/www.rafanadalacademy.com\/wp-content\/uploads\/2026\/08\/dummy-3-768x960.png 768w, https:\/\/www.rafanadalacademy.com\/wp-content\/uploads\/2026\/08\/dummy-3-1229x1536.png 1229w, https:\/\/www.rafanadalacademy.com\/wp-content\/uploads\/2026\/08\/dummy-3.png 1440w\" sizes=\"auto, (max-width: 819px) 100vw, 819px\" \/><\/figure>\n<\/figure>\n\n<div style=\"height:29px\" aria-hidden=\"true\" class=\"wp-block-spacer\"><\/div>\n\n<p class=\"wp-block-paragraph\">Oltre alla competizione, il <strong>Rafa Nadal Open by Movistar <\/strong>torner\u00e0 a combinare per tutta la settimana tennis e intrattenimento con una <strong>programmazione <\/strong>di <strong>proposte gastronomiche<\/strong>, <strong>musica <\/strong>e <strong>attivit\u00e0 di svago per bambini e famiglie.<\/strong> Uno dei momenti pi\u00f9 attesi sar\u00e0 sabato con &#8216;El Tie-Break: Vini e Tapas&#8217;, un aperitivo pomeridiano che riunir\u00e0 le proposte gastronomiche di Grupo Maca de Castro, Santi Taura, La Loba, \u00dcbeck, Cassai e Roland-Garros, insieme ai vini di Casa Rojo, Can Axartell, Gallinas i Focas, Ribas, 4 Kilos e Binigrau, oltre a musica dal vivo e DJ. Come nelle edizioni precedenti, l&#8217;accesso al torneo sar\u00e0 gratuito, previa scaricamento del biglietto tramite il sito ufficiale dell&#8217;evento. <\/p>\n\n<p class=\"wp-block-paragraph\">Inoltre, gli appassionati che scaricheranno il proprio biglietto potranno accedere al <strong>rinnovato Rafa Nadal Museum al prezzo speciale di 14 euro<\/strong>, completando la giornata di tennis con un percorso attraverso la carriera di Rafa Nadal e di alcune delle grandi leggende dello sport.<\/p>\n\n<div style=\"height:29px\" aria-hidden=\"true\" class=\"wp-block-spacer\"><\/div>\n\n<figure class=\"wp-block-embed is-type-video is-provider-youtube wp-block-embed-youtube wp-embed-aspect-16-9 wp-has-aspect-ratio\"><div class=\"wp-block-embed__wrapper\">\n<iframe loading=\"lazy\" title=\"Rafa Nadal Open by Movistar 2025: The Film\" width=\"500\" height=\"281\" src=\"https:\/\/www.youtube.com\/embed\/IpXRqbaM6kg?feature=oembed\" frameborder=\"0\" allow=\"accelerometer; autoplay; clipboard-write; encrypted-media; gyroscope; picture-in-picture; web-share\" referrerpolicy=\"strict-origin-when-cross-origin\" allowfullscreen><\/iframe>\n<\/div><\/figure>\n\n<div style=\"height:30px\" aria-hidden=\"true\" class=\"wp-block-spacer\"><\/div>\n\n<p class=\"wp-block-paragraph\">Inoltre, gli appassionati che scaricheranno il proprio biglietto potranno accedere al <strong>rinnovato Rafa Nadal Museum al prezzo speciale di 14 euro<\/strong>, completando la giornata di tennis con un percorso attraverso la carriera di Rafa Nadal e di alcune delle grandi leggende dello sport.<\/p>\n\n<p class=\"wp-block-paragraph\"><\/p>\n\n<div style=\"height:30px\" aria-hidden=\"true\" class=\"wp-block-spacer\"><\/div>\n\n<figure class=\"wp-block-embed is-type-video is-provider-youtube wp-block-embed-youtube wp-embed-aspect-16-9 wp-has-aspect-ratio\"><div class=\"wp-block-embed__wrapper\">\n<iframe loading=\"lazy\" title=\"Rafa Nadal presencia la final del Rafa Nadal Open by Movistar\" width=\"500\" height=\"281\" src=\"https:\/\/www.youtube.com\/embed\/yEA1qkXZKJI?feature=oembed\" frameborder=\"0\" allow=\"accelerometer; autoplay; clipboard-write; encrypted-media; gyroscope; picture-in-picture; web-share\" referrerpolicy=\"strict-origin-when-cross-origin\" allowfullscreen><\/iframe>\n<\/div><\/figure>\n\n<p class=\"wp-block-paragraph\"><\/p>\n\n<p class=\"wp-block-paragraph\"><\/p>\n\n<p class=\"wp-block-paragraph\"><\/p>\n","protected":false},"excerpt":{"rendered":"<p>Il Rafa Nadal Open by Movistar 2026 \u00e8 gi\u00e0 in corso. I campi della Rafa Nadal Academy a Manacor ospitano i primi match della fase di qualificazione di un torneo appartenente all&#8217; ATP Challenger Tour, che si disputer\u00e0 fino al prossimo 6 settembre. Dopo l&#8217;inizio della fase di qualificazione, tutti gli sguardi sono gi\u00e0 rivolti<a href=\"https:\/\/www.rafanadalacademy.com\/it\/notizia\/al-via-lottava-edizione-del-rafa-nadal-open-by-movistar\/\">Continue reading <span class=\"sr-only\">&#8220;Al via l&#8217;ottava edizione del Rafa Nadal Open by Movistar&#8221;<\/span><\/a><\/p>\n","protected":false},"author":23,"featured_media":28836,"comment_status":"closed","ping_status":"closed","sticky":false,"template":"","format":"standard","meta":{"_acf_changed":false,"footnotes":""},"categories":[200,160,155],"tags":[201],"class_list":["post-50937","post","type-post","status-publish","format-standard","has-post-thumbnail","hentry","category-accademia-rafa-nadal-di-movistar","category-notizia","category-rafa-nadal-open-it","tag-accademia-rafa-nadal-di-movistar"],"acf":[],"yoast_head":"<!-- This site is optimized with the Yoast SEO Premium plugin v26.8 (Yoast SEO v28.3) - https:\/\/yoast.com\/product\/yoast-seo-premium-wordpress\/ -->\n<title>Al via l&#039;ottava edizione del Rafa Nadal Open by Movistar - Rafa Nadal Academy<\/title>\n<meta name=\"description\" content=\"L&#039;ottava edizione del Rafa Nadal Open by Movistar \u00e8 gi\u00e0 in corso. I campi della Rafa Nadal Academy a Manacor ospitano i primi match della fase di qualificazione di un torneo appartenente all&#039;ATP Challenger Tour, che si disputer\u00e0 fino al prossimo 6 settembre.\" \/>\n<meta name=\"robots\" content=\"index, follow, max-snippet:-1, max-image-preview:large, max-video-preview:-1\" \/>\n<link rel=\"canonical\" href=\"https:\/\/www.rafanadalacademy.com\/it\/notizia\/al-via-lottava-edizione-del-rafa-nadal-open-by-movistar\/\" \/>\n<meta property=\"og:locale\" content=\"it_IT\" \/>\n<meta property=\"og:type\" content=\"article\" \/>\n<meta property=\"og:title\" content=\"Al via l&#039;ottava edizione del Rafa Nadal Open by Movistar\" \/>\n<meta property=\"og:description\" content=\"L&#039;ottava edizione del Rafa Nadal Open by Movistar \u00e8 gi\u00e0 in corso. I campi della Rafa Nadal Academy a Manacor ospitano i primi match della fase di qualificazione di un torneo appartenente all&#039;ATP Challenger Tour, che si disputer\u00e0 fino al prossimo 6 settembre.\" \/>\n<meta property=\"og:url\" content=\"https:\/\/www.rafanadalacademy.com\/it\/notizia\/al-via-lottava-edizione-del-rafa-nadal-open-by-movistar\/\" \/>\n<meta property=\"og:site_name\" content=\"Rafa Nadal Academy\" \/>\n<meta property=\"article:published_time\" content=\"2026-08-31T09:06:57+00:00\" \/>\n<meta property=\"article:modified_time\" content=\"2026-08-31T09:35:17+00:00\" \/>\n<meta property=\"og:image\" content=\"https:\/\/www.rafanadalacademy.com\/wp-content\/uploads\/2025\/07\/quiz-rafa-nadal-open-by-movistar-2023-m1lky8rerz-2.jpg\" \/>\n\t<meta property=\"og:image:width\" content=\"2000\" \/>\n\t<meta property=\"og:image:height\" content=\"1205\" \/>\n\t<meta property=\"og:image:type\" content=\"image\/jpeg\" \/>\n<meta name=\"author\" content=\"joseluisprados\" \/>\n<meta name=\"twitter:card\" content=\"summary_large_image\" \/>\n<meta name=\"twitter:label1\" content=\"Written by\" \/>\n\t<meta name=\"twitter:data1\" content=\"joseluisprados\" \/>\n\t<meta name=\"twitter:label2\" content=\"Est. reading time\" \/>\n\t<meta name=\"twitter:data2\" content=\"3 minutes\" \/>\n<script type=\"application\/ld+json\" class=\"yoast-schema-graph\">{\"@context\":\"https:\\\/\\\/schema.org\",\"@graph\":[{\"@type\":\"Article\",\"@id\":\"https:\\\/\\\/www.rafanadalacademy.com\\\/it\\\/notizia\\\/al-via-lottava-edizione-del-rafa-nadal-open-by-movistar\\\/#article\",\"isPartOf\":{\"@id\":\"https:\\\/\\\/www.rafanadalacademy.com\\\/it\\\/notizia\\\/al-via-lottava-edizione-del-rafa-nadal-open-by-movistar\\\/\"},\"author\":{\"name\":\"joseluisprados\",\"@id\":\"https:\\\/\\\/www.rafanadalacademy.com\\\/it\\\/#\\\/schema\\\/person\\\/744897d6ee269641fff954376180ef01\"},\"headline\":\"Al via l&#8217;ottava edizione del Rafa Nadal Open by Movistar\",\"datePublished\":\"2026-08-31T09:06:57+00:00\",\"dateModified\":\"2026-08-31T09:35:17+00:00\",\"mainEntityOfPage\":{\"@id\":\"https:\\\/\\\/www.rafanadalacademy.com\\\/it\\\/notizia\\\/al-via-lottava-edizione-del-rafa-nadal-open-by-movistar\\\/\"},\"wordCount\":577,\"image\":{\"@id\":\"https:\\\/\\\/www.rafanadalacademy.com\\\/it\\\/notizia\\\/al-via-lottava-edizione-del-rafa-nadal-open-by-movistar\\\/#primaryimage\"},\"thumbnailUrl\":\"https:\\\/\\\/www.rafanadalacademy.com\\\/wp-content\\\/uploads\\\/2025\\\/07\\\/quiz-rafa-nadal-open-by-movistar-2023-m1lky8rerz-2.jpg\",\"keywords\":[\"ACCADEMIA RAFA NADAL DI MOVISTAR\"],\"articleSection\":[\"ACCADEMIA RAFA NADAL DI MOVISTAR\",\"Notizia\",\"RAFA NADAL OPEN\"],\"inLanguage\":\"it-IT\",\"copyrightYear\":\"2026\",\"copyrightHolder\":{\"@id\":\"https:\\\/\\\/www.rafanadalacademy.com\\\/#organization\"}},{\"@type\":\"WebPage\",\"@id\":\"https:\\\/\\\/www.rafanadalacademy.com\\\/it\\\/notizia\\\/al-via-lottava-edizione-del-rafa-nadal-open-by-movistar\\\/\",\"url\":\"https:\\\/\\\/www.rafanadalacademy.com\\\/it\\\/notizia\\\/al-via-lottava-edizione-del-rafa-nadal-open-by-movistar\\\/\",\"name\":\"Al via l'ottava edizione del Rafa Nadal Open by Movistar - Rafa Nadal Academy\",\"isPartOf\":{\"@id\":\"https:\\\/\\\/www.rafanadalacademy.com\\\/it\\\/#website\"},\"primaryImageOfPage\":{\"@id\":\"https:\\\/\\\/www.rafanadalacademy.com\\\/it\\\/notizia\\\/al-via-lottava-edizione-del-rafa-nadal-open-by-movistar\\\/#primaryimage\"},\"image\":{\"@id\":\"https:\\\/\\\/www.rafanadalacademy.com\\\/it\\\/notizia\\\/al-via-lottava-edizione-del-rafa-nadal-open-by-movistar\\\/#primaryimage\"},\"thumbnailUrl\":\"https:\\\/\\\/www.rafanadalacademy.com\\\/wp-content\\\/uploads\\\/2025\\\/07\\\/quiz-rafa-nadal-open-by-movistar-2023-m1lky8rerz-2.jpg\",\"datePublished\":\"2026-08-31T09:06:57+00:00\",\"dateModified\":\"2026-08-31T09:35:17+00:00\",\"author\":{\"@id\":\"https:\\\/\\\/www.rafanadalacademy.com\\\/it\\\/#\\\/schema\\\/person\\\/744897d6ee269641fff954376180ef01\"},\"description\":\"L'ottava edizione del Rafa Nadal Open by Movistar \u00e8 gi\u00e0 in corso. I campi della Rafa Nadal Academy a Manacor ospitano i primi match della fase di qualificazione di un torneo appartenente all'ATP Challenger Tour, che si disputer\u00e0 fino al prossimo 6 settembre.\",\"breadcrumb\":{\"@id\":\"https:\\\/\\\/www.rafanadalacademy.com\\\/it\\\/notizia\\\/al-via-lottava-edizione-del-rafa-nadal-open-by-movistar\\\/#breadcrumb\"},\"inLanguage\":\"it-IT\",\"potentialAction\":[{\"@type\":\"ReadAction\",\"target\":[\"https:\\\/\\\/www.rafanadalacademy.com\\\/it\\\/notizia\\\/al-via-lottava-edizione-del-rafa-nadal-open-by-movistar\\\/\"]}]},{\"@type\":\"ImageObject\",\"inLanguage\":\"it-IT\",\"@id\":\"https:\\\/\\\/www.rafanadalacademy.com\\\/it\\\/notizia\\\/al-via-lottava-edizione-del-rafa-nadal-open-by-movistar\\\/#primaryimage\",\"url\":\"https:\\\/\\\/www.rafanadalacademy.com\\\/wp-content\\\/uploads\\\/2025\\\/07\\\/quiz-rafa-nadal-open-by-movistar-2023-m1lky8rerz-2.jpg\",\"contentUrl\":\"https:\\\/\\\/www.rafanadalacademy.com\\\/wp-content\\\/uploads\\\/2025\\\/07\\\/quiz-rafa-nadal-open-by-movistar-2023-m1lky8rerz-2.jpg\",\"width\":2000,\"height\":1205},{\"@type\":\"BreadcrumbList\",\"@id\":\"https:\\\/\\\/www.rafanadalacademy.com\\\/it\\\/notizia\\\/al-via-lottava-edizione-del-rafa-nadal-open-by-movistar\\\/#breadcrumb\",\"itemListElement\":[{\"@type\":\"ListItem\",\"position\":1,\"name\":\"Home\",\"item\":\"https:\\\/\\\/www.rafanadalacademy.com\\\/it\\\/\"},{\"@type\":\"ListItem\",\"position\":2,\"name\":\"Al via l&#8217;ottava edizione del Rafa Nadal Open by Movistar\"}]},{\"@type\":\"WebSite\",\"@id\":\"https:\\\/\\\/www.rafanadalacademy.com\\\/it\\\/#website\",\"url\":\"https:\\\/\\\/www.rafanadalacademy.com\\\/it\\\/\",\"name\":\"Rafa Nadal Academy\",\"description\":\"Otro sitio realizado con WordPress\",\"potentialAction\":[{\"@type\":\"SearchAction\",\"target\":{\"@type\":\"EntryPoint\",\"urlTemplate\":\"https:\\\/\\\/www.rafanadalacademy.com\\\/it\\\/?s={search_term_string}\"},\"query-input\":{\"@type\":\"PropertyValueSpecification\",\"valueRequired\":true,\"valueName\":\"search_term_string\"}}],\"inLanguage\":\"it-IT\"},{\"@type\":\"Person\",\"@id\":\"https:\\\/\\\/www.rafanadalacademy.com\\\/it\\\/#\\\/schema\\\/person\\\/744897d6ee269641fff954376180ef01\",\"name\":\"joseluisprados\",\"image\":{\"@type\":\"ImageObject\",\"inLanguage\":\"it-IT\",\"@id\":\"https:\\\/\\\/secure.gravatar.com\\\/avatar\\\/8aa823a6e5501864ffab4785d9e2a994b59c2d45c9f9751c5a532abfec081e5f?s=96&d=mm&r=g\",\"url\":\"https:\\\/\\\/secure.gravatar.com\\\/avatar\\\/8aa823a6e5501864ffab4785d9e2a994b59c2d45c9f9751c5a532abfec081e5f?s=96&d=mm&r=g\",\"contentUrl\":\"https:\\\/\\\/secure.gravatar.com\\\/avatar\\\/8aa823a6e5501864ffab4785d9e2a994b59c2d45c9f9751c5a532abfec081e5f?s=96&d=mm&r=g\",\"caption\":\"joseluisprados\"},\"url\":\"https:\\\/\\\/www.rafanadalacademy.com\\\/it\\\/author\\\/joseluisprados\\\/\"},{\"@type\":\"ImageObject\",\"inLanguage\":\"it-IT\",\"@id\":\"https:\\\/\\\/www.rafanadalacademy.com\\\/it\\\/notizia\\\/al-via-lottava-edizione-del-rafa-nadal-open-by-movistar\\\/#local-main-organization-logo\",\"url\":\"\",\"contentUrl\":\"\",\"caption\":\"Rafa Nadal Academy\"}]}<\/script>\n<!-- \/ Yoast SEO Premium plugin. -->","yoast_head_json":{"title":"Al via l'ottava edizione del Rafa Nadal Open by Movistar - Rafa Nadal Academy","description":"L'ottava edizione del Rafa Nadal Open by Movistar \u00e8 gi\u00e0 in corso. I campi della Rafa Nadal Academy a Manacor ospitano i primi match della fase di qualificazione di un torneo appartenente all'ATP Challenger Tour, che si disputer\u00e0 fino al prossimo 6 settembre.","robots":{"index":"index","follow":"follow","max-snippet":"max-snippet:-1","max-image-preview":"max-image-preview:large","max-video-preview":"max-video-preview:-1"},"canonical":"https:\/\/www.rafanadalacademy.com\/it\/notizia\/al-via-lottava-edizione-del-rafa-nadal-open-by-movistar\/","og_locale":"it_IT","og_type":"article","og_title":"Al via l'ottava edizione del Rafa Nadal Open by Movistar","og_description":"L'ottava edizione del Rafa Nadal Open by Movistar \u00e8 gi\u00e0 in corso. I campi della Rafa Nadal Academy a Manacor ospitano i primi match della fase di qualificazione di un torneo appartenente all'ATP Challenger Tour, che si disputer\u00e0 fino al prossimo 6 settembre.","og_url":"https:\/\/www.rafanadalacademy.com\/it\/notizia\/al-via-lottava-edizione-del-rafa-nadal-open-by-movistar\/","og_site_name":"Rafa Nadal Academy","article_published_time":"2026-08-31T09:06:57+00:00","article_modified_time":"2026-08-31T09:35:17+00:00","og_image":[{"width":2000,"height":1205,"url":"https:\/\/www.rafanadalacademy.com\/wp-content\/uploads\/2025\/07\/quiz-rafa-nadal-open-by-movistar-2023-m1lky8rerz-2.jpg","type":"image\/jpeg"}],"author":"joseluisprados","twitter_card":"summary_large_image","twitter_misc":{"Written by":"joseluisprados","Est. reading time":"3 minutes"},"schema":{"@context":"https:\/\/schema.org","@graph":[{"@type":"Article","@id":"https:\/\/www.rafanadalacademy.com\/it\/notizia\/al-via-lottava-edizione-del-rafa-nadal-open-by-movistar\/#article","isPartOf":{"@id":"https:\/\/www.rafanadalacademy.com\/it\/notizia\/al-via-lottava-edizione-del-rafa-nadal-open-by-movistar\/"},"author":{"name":"joseluisprados","@id":"https:\/\/www.rafanadalacademy.com\/it\/#\/schema\/person\/744897d6ee269641fff954376180ef01"},"headline":"Al via l&#8217;ottava edizione del Rafa Nadal Open by Movistar","datePublished":"2026-08-31T09:06:57+00:00","dateModified":"2026-08-31T09:35:17+00:00","mainEntityOfPage":{"@id":"https:\/\/www.rafanadalacademy.com\/it\/notizia\/al-via-lottava-edizione-del-rafa-nadal-open-by-movistar\/"},"wordCount":577,"image":{"@id":"https:\/\/www.rafanadalacademy.com\/it\/notizia\/al-via-lottava-edizione-del-rafa-nadal-open-by-movistar\/#primaryimage"},"thumbnailUrl":"https:\/\/www.rafanadalacademy.com\/wp-content\/uploads\/2025\/07\/quiz-rafa-nadal-open-by-movistar-2023-m1lky8rerz-2.jpg","keywords":["ACCADEMIA RAFA NADAL DI MOVISTAR"],"articleSection":["ACCADEMIA RAFA NADAL DI MOVISTAR","Notizia","RAFA NADAL OPEN"],"inLanguage":"it-IT","copyrightYear":"2026","copyrightHolder":{"@id":"https:\/\/www.rafanadalacademy.com\/#organization"}},{"@type":"WebPage","@id":"https:\/\/www.rafanadalacademy.com\/it\/notizia\/al-via-lottava-edizione-del-rafa-nadal-open-by-movistar\/","url":"https:\/\/www.rafanadalacademy.com\/it\/notizia\/al-via-lottava-edizione-del-rafa-nadal-open-by-movistar\/","name":"Al via l'ottava edizione del Rafa Nadal Open by Movistar - Rafa Nadal Academy","isPartOf":{"@id":"https:\/\/www.rafanadalacademy.com\/it\/#website"},"primaryImageOfPage":{"@id":"https:\/\/www.rafanadalacademy.com\/it\/notizia\/al-via-lottava-edizione-del-rafa-nadal-open-by-movistar\/#primaryimage"},"image":{"@id":"https:\/\/www.rafanadalacademy.com\/it\/notizia\/al-via-lottava-edizione-del-rafa-nadal-open-by-movistar\/#primaryimage"},"thumbnailUrl":"https:\/\/www.rafanadalacademy.com\/wp-content\/uploads\/2025\/07\/quiz-rafa-nadal-open-by-movistar-2023-m1lky8rerz-2.jpg","datePublished":"2026-08-31T09:06:57+00:00","dateModified":"2026-08-31T09:35:17+00:00","author":{"@id":"https:\/\/www.rafanadalacademy.com\/it\/#\/schema\/person\/744897d6ee269641fff954376180ef01"},"description":"L'ottava edizione del Rafa Nadal Open by Movistar \u00e8 gi\u00e0 in corso. I campi della Rafa Nadal Academy a Manacor ospitano i primi match della fase di qualificazione di un torneo appartenente all'ATP Challenger Tour, che si disputer\u00e0 fino al prossimo 6 settembre.","breadcrumb":{"@id":"https:\/\/www.rafanadalacademy.com\/it\/notizia\/al-via-lottava-edizione-del-rafa-nadal-open-by-movistar\/#breadcrumb"},"inLanguage":"it-IT","potentialAction":[{"@type":"ReadAction","target":["https:\/\/www.rafanadalacademy.com\/it\/notizia\/al-via-lottava-edizione-del-rafa-nadal-open-by-movistar\/"]}]},{"@type":"ImageObject","inLanguage":"it-IT","@id":"https:\/\/www.rafanadalacademy.com\/it\/notizia\/al-via-lottava-edizione-del-rafa-nadal-open-by-movistar\/#primaryimage","url":"https:\/\/www.rafanadalacademy.com\/wp-content\/uploads\/2025\/07\/quiz-rafa-nadal-open-by-movistar-2023-m1lky8rerz-2.jpg","contentUrl":"https:\/\/www.rafanadalacademy.com\/wp-content\/uploads\/2025\/07\/quiz-rafa-nadal-open-by-movistar-2023-m1lky8rerz-2.jpg","width":2000,"height":1205},{"@type":"BreadcrumbList","@id":"https:\/\/www.rafanadalacademy.com\/it\/notizia\/al-via-lottava-edizione-del-rafa-nadal-open-by-movistar\/#breadcrumb","itemListElement":[{"@type":"ListItem","position":1,"name":"Home","item":"https:\/\/www.rafanadalacademy.com\/it\/"},{"@type":"ListItem","position":2,"name":"Al via l&#8217;ottava edizione del Rafa Nadal Open by Movistar"}]},{"@type":"WebSite","@id":"https:\/\/www.rafanadalacademy.com\/it\/#website","url":"https:\/\/www.rafanadalacademy.com\/it\/","name":"Rafa Nadal Academy","description":"Otro sitio realizado con WordPress","potentialAction":[{"@type":"SearchAction","target":{"@type":"EntryPoint","urlTemplate":"https:\/\/www.rafanadalacademy.com\/it\/?s={search_term_string}"},"query-input":{"@type":"PropertyValueSpecification","valueRequired":true,"valueName":"search_term_string"}}],"inLanguage":"it-IT"},{"@type":"Person","@id":"https:\/\/www.rafanadalacademy.com\/it\/#\/schema\/person\/744897d6ee269641fff954376180ef01","name":"joseluisprados","image":{"@type":"ImageObject","inLanguage":"it-IT","@id":"https:\/\/secure.gravatar.com\/avatar\/8aa823a6e5501864ffab4785d9e2a994b59c2d45c9f9751c5a532abfec081e5f?s=96&d=mm&r=g","url":"https:\/\/secure.gravatar.com\/avatar\/8aa823a6e5501864ffab4785d9e2a994b59c2d45c9f9751c5a532abfec081e5f?s=96&d=mm&r=g","contentUrl":"https:\/\/secure.gravatar.com\/avatar\/8aa823a6e5501864ffab4785d9e2a994b59c2d45c9f9751c5a532abfec081e5f?s=96&d=mm&r=g","caption":"joseluisprados"},"url":"https:\/\/www.rafanadalacademy.com\/it\/author\/joseluisprados\/"},{"@type":"ImageObject","inLanguage":"it-IT","@id":"https:\/\/www.rafanadalacademy.com\/it\/notizia\/al-via-lottava-edizione-del-rafa-nadal-open-by-movistar\/#local-main-organization-logo","url":"","contentUrl":"","caption":"Rafa Nadal Academy"}]}},"_links":{"self":[{"href":"https:\/\/www.rafanadalacademy.com\/it\/wp-json\/wp\/v2\/posts\/50937","targetHints":{"allow":["GET"]}}],"collection":[{"href":"https:\/\/www.rafanadalacademy.com\/it\/wp-json\/wp\/v2\/posts"}],"about":[{"href":"https:\/\/www.rafanadalacademy.com\/it\/wp-json\/wp\/v2\/types\/post"}],"author":[{"embeddable":true,"href":"https:\/\/www.rafanadalacademy.com\/it\/wp-json\/wp\/v2\/users\/23"}],"replies":[{"embeddable":true,"href":"https:\/\/www.rafanadalacademy.com\/it\/wp-json\/wp\/v2\/comments?post=50937"}],"version-history":[{"count":1,"href":"https:\/\/www.rafanadalacademy.com\/it\/wp-json\/wp\/v2\/posts\/50937\/revisions"}],"predecessor-version":[{"id":50938,"href":"https:\/\/www.rafanadalacademy.com\/it\/wp-json\/wp\/v2\/posts\/50937\/revisions\/50938"}],"wp:featuredmedia":[{"embeddable":true,"href":"https:\/\/www.rafanadalacademy.com\/it\/wp-json\/wp\/v2\/media\/28836"}],"wp:attachment":[{"href":"https:\/\/www.rafanadalacademy.com\/it\/wp-json\/wp\/v2\/media?parent=50937"}],"wp:term":[{"taxonomy":"category","embeddable":true,"href":"https:\/\/www.rafanadalacademy.com\/it\/wp-json\/wp\/v2\/categories?post=50937"},{"taxonomy":"post_tag","embeddable":true,"href":"https:\/\/www.rafanadalacademy.com\/it\/wp-json\/wp\/v2\/tags?post=50937"}],"curies":[{"name":"wp","href":"https:\/\/api.w.org\/{rel}","templated":true}]}}