{"id":38714,"date":"2026-01-26T14:16:27","date_gmt":"2026-01-26T14:16:27","guid":{"rendered":"https:\/\/www.rafanadalacademy.com\/?p=38714"},"modified":"2026-01-26T14:16:27","modified_gmt":"2026-01-26T14:16:27","slug":"grande-successo-del-torneo-fip-bronzo-mallorca-alla-rafa-nadal-academy","status":"publish","type":"post","link":"https:\/\/www.rafanadalacademy.com\/it\/notizia\/grande-successo-del-torneo-fip-bronzo-mallorca-alla-rafa-nadal-academy\/","title":{"rendered":"Grande successo del torneo FIP Bronzo Mallorca alla Rafa Nadal Academy"},"content":{"rendered":"\n<p>La Rafa Nadal Academy ha ospitato nelle sue strutture il primo torneo di p\u00e1del professionistico del FIP Tour della sua storia con la celebrazione del FIP Bronzo Mallorca 2026, un evento che per una settimana ha offerto un grande spettacolo sportivo e che sar\u00e0 ricordato in modo speciale per l&#8217;addio di Ramiro Moyano al p\u00e1del professionistico.<\/p>\n\n<figure class=\"wp-block-image size-large\"><img loading=\"lazy\" decoding=\"async\" width=\"1024\" height=\"819\" src=\"https:\/\/www.rafanadalacademy.com\/wp-content\/uploads\/2026\/01\/RNA_25012026_FIP-Finales_063-1024x819.jpg\" alt=\"\" class=\"wp-image-38671\" srcset=\"https:\/\/www.rafanadalacademy.com\/wp-content\/uploads\/2026\/01\/RNA_25012026_FIP-Finales_063-1024x819.jpg 1024w, https:\/\/www.rafanadalacademy.com\/wp-content\/uploads\/2026\/01\/RNA_25012026_FIP-Finales_063-300x240.jpg 300w, https:\/\/www.rafanadalacademy.com\/wp-content\/uploads\/2026\/01\/RNA_25012026_FIP-Finales_063-768x614.jpg 768w, https:\/\/www.rafanadalacademy.com\/wp-content\/uploads\/2026\/01\/RNA_25012026_FIP-Finales_063-1536x1229.jpg 1536w, https:\/\/www.rafanadalacademy.com\/wp-content\/uploads\/2026\/01\/RNA_25012026_FIP-Finales_063-2048x1638.jpg 2048w\" sizes=\"auto, (max-width: 1024px) 100vw, 1024px\" \/><\/figure>\n\n<div style=\"height:30px\" aria-hidden=\"true\" class=\"wp-block-spacer\"><\/div>\n\n<p>Il giocatore argentino ha posto fine alla sua carriera nell&#8217;\u00e9lite competendo nella sua ultima partita ufficiale insieme a suo figlio, Juan Pedro \u2018Juanpe\u2019 Moyano, in un commovente addio che ha attirato l&#8217;attenzione del torneo. Dopo l&#8217;incontro, Moyano ha ricevuto un omaggio da parte della Rafa Nadal Academy, alla quale si unisce come allenatore di giocatori professionisti di p\u00e1del. Maribel Nadal, vicedirettrice generale della Rafa Nadal Academy, gli ha consegnato una targa in riconoscimento della sua brillante carriera sportiva.  <\/p>\n\n<figure class=\"wp-block-image size-large\"><img loading=\"lazy\" decoding=\"async\" width=\"819\" height=\"1024\" src=\"https:\/\/www.rafanadalacademy.com\/wp-content\/uploads\/2026\/01\/RNA_23012026_Rami-despedida_003-819x1024.jpg\" alt=\"\" class=\"wp-image-38562\" srcset=\"https:\/\/www.rafanadalacademy.com\/wp-content\/uploads\/2026\/01\/RNA_23012026_Rami-despedida_003-819x1024.jpg 819w, https:\/\/www.rafanadalacademy.com\/wp-content\/uploads\/2026\/01\/RNA_23012026_Rami-despedida_003-240x300.jpg 240w, https:\/\/www.rafanadalacademy.com\/wp-content\/uploads\/2026\/01\/RNA_23012026_Rami-despedida_003-768x960.jpg 768w, https:\/\/www.rafanadalacademy.com\/wp-content\/uploads\/2026\/01\/RNA_23012026_Rami-despedida_003-1229x1536.jpg 1229w, https:\/\/www.rafanadalacademy.com\/wp-content\/uploads\/2026\/01\/RNA_23012026_Rami-despedida_003-1638x2048.jpg 1638w, https:\/\/www.rafanadalacademy.com\/wp-content\/uploads\/2026\/01\/RNA_23012026_Rami-despedida_003-scaled.jpg 2048w\" sizes=\"auto, (max-width: 819px) 100vw, 819px\" \/><\/figure>\n\n<div style=\"height:30px\" aria-hidden=\"true\" class=\"wp-block-spacer\"><\/div>\n\n<p>Nella sezione sportiva, il tabellone maschile ha incoronato come campioni le teste di serie numero uno, Antonio \u2018Pincho\u2019 Fern\u00e1ndez, giocatore della Rafa Nadal Academy, e Jos\u00e9 Luis Gonz\u00e1lez, che si sono imposti nella gran finale su Mario del Castillo e Ignacio Vilari\u00f1o per 7-5 e 6-4. Nel tabellone femminile, la giocatrice dell&#8217;Accademia Patricia Mart\u00ednez, in coppia con Marta Arellano, \u00e8 arrivata a un passo dal titolo dopo essere stata sconfitta in finale da Sof\u00eda Saiz e Eugenia Guimet per 6-4, 3-6 e 3-6. Alla cerimonia di premiazione erano presenti Maribel Nadal e il presidente della Federazione Balearica di p\u00e1del, Paco Sanz.  <\/p>\n\n<p>Il FIP Bronzo Mallorca ha rappresentato inoltre l&#8217;inizio del p\u00e1del professionistico in Spagna nel 2026, trattandosi del primo torneo del FIP Tour che si disputa nel nostro paese in questa stagione, dopo l&#8217;avvio del circuito in Australia. L&#8217;evento ha riunito un notevole elenco di giocatori, con undici membri della Top 100 mondiale. <\/p>\n\n<figure class=\"wp-block-image size-large\"><img loading=\"lazy\" decoding=\"async\" width=\"1024\" height=\"819\" src=\"https:\/\/www.rafanadalacademy.com\/wp-content\/uploads\/2026\/01\/RNA_25012026_FIP-Finales_067-1024x819.jpg\" alt=\"\" class=\"wp-image-38663\" srcset=\"https:\/\/www.rafanadalacademy.com\/wp-content\/uploads\/2026\/01\/RNA_25012026_FIP-Finales_067-1024x819.jpg 1024w, https:\/\/www.rafanadalacademy.com\/wp-content\/uploads\/2026\/01\/RNA_25012026_FIP-Finales_067-300x240.jpg 300w, https:\/\/www.rafanadalacademy.com\/wp-content\/uploads\/2026\/01\/RNA_25012026_FIP-Finales_067-768x614.jpg 768w, https:\/\/www.rafanadalacademy.com\/wp-content\/uploads\/2026\/01\/RNA_25012026_FIP-Finales_067-1536x1229.jpg 1536w, https:\/\/www.rafanadalacademy.com\/wp-content\/uploads\/2026\/01\/RNA_25012026_FIP-Finales_067-2048x1638.jpg 2048w\" sizes=\"auto, (max-width: 1024px) 100vw, 1024px\" \/><\/figure>\n\n<div style=\"height:30px\" aria-hidden=\"true\" class=\"wp-block-spacer\"><\/div>\n\n<p>La Rafa Nadal Academy continua a consolidarsi come un punto di riferimento internazionale nella formazione di tennisti di primo livello e ha trasferito lo stesso modello di eccellenza al p\u00e1del. L&#8217;Accademia dispone di programmi formativi per giovani e adulti, nove campi esterni e dieci coperti, oltre a un completo centro fitness, spazi di salute e benessere, un&#8217;ampia offerta di ristorazione e una moderna residenza. Un ambiente di primo livello che la rende un luogo ideale sia per la pratica del p\u00e1del professionistico sia per lo sviluppo di nuovi talenti e l&#8217;esperienza sportiva di giocatori amatoriali.  <\/p>\n\n<p><\/p>\n\n<div style=\"height:30px\" aria-hidden=\"true\" class=\"wp-block-spacer\"><\/div>\n\n<figure class=\"wp-block-embed is-type-video is-provider-youtube wp-block-embed-youtube wp-embed-aspect-16-9 wp-has-aspect-ratio\"><div class=\"wp-block-embed__wrapper\">\n<iframe loading=\"lazy\" title=\"Programas de p\u00e1del para jugadores Amateur de la Rafa Nadal Academy\" width=\"500\" height=\"281\" src=\"https:\/\/www.youtube.com\/embed\/4IFtn6TCmvE?feature=oembed\" frameborder=\"0\" allow=\"accelerometer; autoplay; clipboard-write; encrypted-media; gyroscope; picture-in-picture; web-share\" referrerpolicy=\"strict-origin-when-cross-origin\" allowfullscreen><\/iframe>\n<\/div><\/figure>\n\n<div style=\"height:30px\" aria-hidden=\"true\" class=\"wp-block-spacer\"><\/div>\n\n<p><\/p>\n","protected":false},"excerpt":{"rendered":"<p>La Rafa Nadal Academy ha ospitato nelle sue strutture il primo torneo di p\u00e1del professionistico del FIP Tour della sua storia con la celebrazione del FIP Bronzo Mallorca 2026, un evento che per una settimana ha offerto un grande spettacolo sportivo e che sar\u00e0 ricordato in modo speciale per l&#8217;addio di Ramiro Moyano al p\u00e1del<a href=\"https:\/\/www.rafanadalacademy.com\/it\/notizia\/grande-successo-del-torneo-fip-bronzo-mallorca-alla-rafa-nadal-academy\/\">Continue reading <span class=\"sr-only\">&#8220;Grande successo del torneo FIP Bronzo Mallorca alla Rafa Nadal Academy&#8221;<\/span><\/a><\/p>\n","protected":false},"author":23,"featured_media":38652,"comment_status":"closed","ping_status":"closed","sticky":false,"template":"","format":"standard","meta":{"_acf_changed":false,"footnotes":""},"categories":[200,160,170],"tags":[201,172],"class_list":["post-38714","post","type-post","status-publish","format-standard","has-post-thumbnail","hentry","category-accademia-rafa-nadal-di-movistar","category-notizia","category-padel-it","tag-accademia-rafa-nadal-di-movistar","tag-rafa-nadal-academy-padel-tour-it"],"acf":[],"yoast_head":"<!-- This site is optimized with the Yoast SEO Premium plugin v26.8 (Yoast SEO v26.9) - https:\/\/yoast.com\/product\/yoast-seo-premium-wordpress\/ -->\n<title>Grande successo del torneo FIP Bronzo Mallorca alla Rafa Nadal Academy - Rafa Nadal Academy<\/title>\n<meta name=\"description\" content=\"La Rafa Nadal Academy ha ospitato nelle sue strutture il primo torneo di p\u00e1del professionistico del FIP Tour della sua storia con la celebrazione del FIP Bronzo Mallorca 2026\" \/>\n<meta name=\"robots\" content=\"index, follow, max-snippet:-1, max-image-preview:large, max-video-preview:-1\" \/>\n<link rel=\"canonical\" href=\"https:\/\/www.rafanadalacademy.com\/it\/notizia\/grande-successo-del-torneo-fip-bronzo-mallorca-alla-rafa-nadal-academy\/\" \/>\n<meta property=\"og:locale\" content=\"it_IT\" \/>\n<meta property=\"og:type\" content=\"article\" \/>\n<meta property=\"og:title\" content=\"Grande successo del torneo FIP Bronzo Mallorca alla Rafa Nadal Academy\" \/>\n<meta property=\"og:description\" content=\"La Rafa Nadal Academy ha ospitato nelle sue strutture il primo torneo di p\u00e1del professionistico del FIP Tour della sua storia con la celebrazione del FIP Bronzo Mallorca 2026\" \/>\n<meta property=\"og:url\" content=\"https:\/\/www.rafanadalacademy.com\/it\/notizia\/grande-successo-del-torneo-fip-bronzo-mallorca-alla-rafa-nadal-academy\/\" \/>\n<meta property=\"og:site_name\" content=\"Rafa Nadal Academy\" \/>\n<meta property=\"article:published_time\" content=\"2026-01-26T14:16:27+00:00\" \/>\n<meta property=\"og:image\" content=\"https:\/\/www.rafanadalacademy.com\/wp-content\/uploads\/2026\/01\/RNA_25012026_FIP-Finales_001-scaled-e1769430935567.jpg\" \/>\n\t<meta property=\"og:image:width\" content=\"2560\" \/>\n\t<meta property=\"og:image:height\" content=\"1707\" \/>\n\t<meta property=\"og:image:type\" content=\"image\/jpeg\" \/>\n<meta name=\"author\" content=\"joseluisprados\" \/>\n<meta name=\"twitter:card\" content=\"summary_large_image\" \/>\n<meta name=\"twitter:label1\" content=\"Written by\" \/>\n\t<meta name=\"twitter:data1\" content=\"joseluisprados\" \/>\n\t<meta name=\"twitter:label2\" content=\"Est. reading time\" \/>\n\t<meta name=\"twitter:data2\" content=\"2 minutes\" \/>\n<script type=\"application\/ld+json\" class=\"yoast-schema-graph\">{\"@context\":\"https:\/\/schema.org\",\"@graph\":[{\"@type\":\"Article\",\"@id\":\"https:\/\/www.rafanadalacademy.com\/it\/notizia\/grande-successo-del-torneo-fip-bronzo-mallorca-alla-rafa-nadal-academy\/#article\",\"isPartOf\":{\"@id\":\"https:\/\/www.rafanadalacademy.com\/it\/notizia\/grande-successo-del-torneo-fip-bronzo-mallorca-alla-rafa-nadal-academy\/\"},\"author\":{\"name\":\"joseluisprados\",\"@id\":\"https:\/\/www.rafanadalacademy.com\/it\/#\/schema\/person\/744897d6ee269641fff954376180ef01\"},\"headline\":\"Grande successo del torneo FIP Bronzo Mallorca alla Rafa Nadal Academy\",\"datePublished\":\"2026-01-26T14:16:27+00:00\",\"mainEntityOfPage\":{\"@id\":\"https:\/\/www.rafanadalacademy.com\/it\/notizia\/grande-successo-del-torneo-fip-bronzo-mallorca-alla-rafa-nadal-academy\/\"},\"wordCount\":420,\"image\":{\"@id\":\"https:\/\/www.rafanadalacademy.com\/it\/notizia\/grande-successo-del-torneo-fip-bronzo-mallorca-alla-rafa-nadal-academy\/#primaryimage\"},\"thumbnailUrl\":\"https:\/\/www.rafanadalacademy.com\/wp-content\/uploads\/2026\/01\/RNA_25012026_FIP-Finales_001-scaled-e1769430935567.jpg\",\"keywords\":[\"ACCADEMIA RAFA NADAL DI MOVISTAR\",\"RAFA NADAL ACADEMY PADEL TOUR\"],\"articleSection\":[\"ACCADEMIA RAFA NADAL DI MOVISTAR\",\"Notizia\",\"PADEL\"],\"inLanguage\":\"it-IT\",\"copyrightYear\":\"2026\",\"copyrightHolder\":{\"@id\":\"https:\/\/www.rafanadalacademy.com\/#organization\"}},{\"@type\":\"WebPage\",\"@id\":\"https:\/\/www.rafanadalacademy.com\/it\/notizia\/grande-successo-del-torneo-fip-bronzo-mallorca-alla-rafa-nadal-academy\/\",\"url\":\"https:\/\/www.rafanadalacademy.com\/it\/notizia\/grande-successo-del-torneo-fip-bronzo-mallorca-alla-rafa-nadal-academy\/\",\"name\":\"Grande successo del torneo FIP Bronzo Mallorca alla Rafa Nadal Academy - Rafa Nadal Academy\",\"isPartOf\":{\"@id\":\"https:\/\/www.rafanadalacademy.com\/it\/#website\"},\"primaryImageOfPage\":{\"@id\":\"https:\/\/www.rafanadalacademy.com\/it\/notizia\/grande-successo-del-torneo-fip-bronzo-mallorca-alla-rafa-nadal-academy\/#primaryimage\"},\"image\":{\"@id\":\"https:\/\/www.rafanadalacademy.com\/it\/notizia\/grande-successo-del-torneo-fip-bronzo-mallorca-alla-rafa-nadal-academy\/#primaryimage\"},\"thumbnailUrl\":\"https:\/\/www.rafanadalacademy.com\/wp-content\/uploads\/2026\/01\/RNA_25012026_FIP-Finales_001-scaled-e1769430935567.jpg\",\"datePublished\":\"2026-01-26T14:16:27+00:00\",\"author\":{\"@id\":\"https:\/\/www.rafanadalacademy.com\/it\/#\/schema\/person\/744897d6ee269641fff954376180ef01\"},\"description\":\"La Rafa Nadal Academy ha ospitato nelle sue strutture il primo torneo di p\u00e1del professionistico del FIP Tour della sua storia con la celebrazione del FIP Bronzo Mallorca 2026\",\"breadcrumb\":{\"@id\":\"https:\/\/www.rafanadalacademy.com\/it\/notizia\/grande-successo-del-torneo-fip-bronzo-mallorca-alla-rafa-nadal-academy\/#breadcrumb\"},\"inLanguage\":\"it-IT\",\"potentialAction\":[{\"@type\":\"ReadAction\",\"target\":[\"https:\/\/www.rafanadalacademy.com\/it\/notizia\/grande-successo-del-torneo-fip-bronzo-mallorca-alla-rafa-nadal-academy\/\"]}]},{\"@type\":\"ImageObject\",\"inLanguage\":\"it-IT\",\"@id\":\"https:\/\/www.rafanadalacademy.com\/it\/notizia\/grande-successo-del-torneo-fip-bronzo-mallorca-alla-rafa-nadal-academy\/#primaryimage\",\"url\":\"https:\/\/www.rafanadalacademy.com\/wp-content\/uploads\/2026\/01\/RNA_25012026_FIP-Finales_001-scaled-e1769430935567.jpg\",\"contentUrl\":\"https:\/\/www.rafanadalacademy.com\/wp-content\/uploads\/2026\/01\/RNA_25012026_FIP-Finales_001-scaled-e1769430935567.jpg\",\"width\":2560,\"height\":1707,\"caption\":\"Gran \u00e9xito del torneo FIP Bronce Mallorca en la Rafa Nadal Academy\"},{\"@type\":\"BreadcrumbList\",\"@id\":\"https:\/\/www.rafanadalacademy.com\/it\/notizia\/grande-successo-del-torneo-fip-bronzo-mallorca-alla-rafa-nadal-academy\/#breadcrumb\",\"itemListElement\":[{\"@type\":\"ListItem\",\"position\":1,\"name\":\"Home\",\"item\":\"https:\/\/www.rafanadalacademy.com\/it\/\"},{\"@type\":\"ListItem\",\"position\":2,\"name\":\"Grande successo del torneo FIP Bronzo Mallorca alla Rafa Nadal Academy\"}]},{\"@type\":\"WebSite\",\"@id\":\"https:\/\/www.rafanadalacademy.com\/it\/#website\",\"url\":\"https:\/\/www.rafanadalacademy.com\/it\/\",\"name\":\"Rafa Nadal Academy\",\"description\":\"Otro sitio realizado con WordPress\",\"potentialAction\":[{\"@type\":\"SearchAction\",\"target\":{\"@type\":\"EntryPoint\",\"urlTemplate\":\"https:\/\/www.rafanadalacademy.com\/it\/?s={search_term_string}\"},\"query-input\":{\"@type\":\"PropertyValueSpecification\",\"valueRequired\":true,\"valueName\":\"search_term_string\"}}],\"inLanguage\":\"it-IT\"},{\"@type\":\"Person\",\"@id\":\"https:\/\/www.rafanadalacademy.com\/it\/#\/schema\/person\/744897d6ee269641fff954376180ef01\",\"name\":\"joseluisprados\",\"image\":{\"@type\":\"ImageObject\",\"inLanguage\":\"it-IT\",\"@id\":\"https:\/\/www.rafanadalacademy.com\/it\/#\/schema\/person\/image\/\",\"url\":\"https:\/\/secure.gravatar.com\/avatar\/8aa823a6e5501864ffab4785d9e2a994b59c2d45c9f9751c5a532abfec081e5f?s=96&d=mm&r=g\",\"contentUrl\":\"https:\/\/secure.gravatar.com\/avatar\/8aa823a6e5501864ffab4785d9e2a994b59c2d45c9f9751c5a532abfec081e5f?s=96&d=mm&r=g\",\"caption\":\"joseluisprados\"},\"url\":\"https:\/\/www.rafanadalacademy.com\/it\/author\/joseluisprados\/\"},{\"@type\":\"ImageObject\",\"inLanguage\":\"it-IT\",\"@id\":\"https:\/\/www.rafanadalacademy.com\/it\/notizia\/grande-successo-del-torneo-fip-bronzo-mallorca-alla-rafa-nadal-academy\/#local-main-organization-logo\",\"url\":\"\",\"contentUrl\":\"\",\"caption\":\"Rafa Nadal Academy\"}]}<\/script>\n<!-- \/ Yoast SEO Premium plugin. -->","yoast_head_json":{"title":"Grande successo del torneo FIP Bronzo Mallorca alla Rafa Nadal Academy - Rafa Nadal Academy","description":"La Rafa Nadal Academy ha ospitato nelle sue strutture il primo torneo di p\u00e1del professionistico del FIP Tour della sua storia con la celebrazione del FIP Bronzo Mallorca 2026","robots":{"index":"index","follow":"follow","max-snippet":"max-snippet:-1","max-image-preview":"max-image-preview:large","max-video-preview":"max-video-preview:-1"},"canonical":"https:\/\/www.rafanadalacademy.com\/it\/notizia\/grande-successo-del-torneo-fip-bronzo-mallorca-alla-rafa-nadal-academy\/","og_locale":"it_IT","og_type":"article","og_title":"Grande successo del torneo FIP Bronzo Mallorca alla Rafa Nadal Academy","og_description":"La Rafa Nadal Academy ha ospitato nelle sue strutture il primo torneo di p\u00e1del professionistico del FIP Tour della sua storia con la celebrazione del FIP Bronzo Mallorca 2026","og_url":"https:\/\/www.rafanadalacademy.com\/it\/notizia\/grande-successo-del-torneo-fip-bronzo-mallorca-alla-rafa-nadal-academy\/","og_site_name":"Rafa Nadal Academy","article_published_time":"2026-01-26T14:16:27+00:00","og_image":[{"width":2560,"height":1707,"url":"https:\/\/www.rafanadalacademy.com\/wp-content\/uploads\/2026\/01\/RNA_25012026_FIP-Finales_001-scaled-e1769430935567.jpg","type":"image\/jpeg"}],"author":"joseluisprados","twitter_card":"summary_large_image","twitter_misc":{"Written by":"joseluisprados","Est. reading time":"2 minutes"},"schema":{"@context":"https:\/\/schema.org","@graph":[{"@type":"Article","@id":"https:\/\/www.rafanadalacademy.com\/it\/notizia\/grande-successo-del-torneo-fip-bronzo-mallorca-alla-rafa-nadal-academy\/#article","isPartOf":{"@id":"https:\/\/www.rafanadalacademy.com\/it\/notizia\/grande-successo-del-torneo-fip-bronzo-mallorca-alla-rafa-nadal-academy\/"},"author":{"name":"joseluisprados","@id":"https:\/\/www.rafanadalacademy.com\/it\/#\/schema\/person\/744897d6ee269641fff954376180ef01"},"headline":"Grande successo del torneo FIP Bronzo Mallorca alla Rafa Nadal Academy","datePublished":"2026-01-26T14:16:27+00:00","mainEntityOfPage":{"@id":"https:\/\/www.rafanadalacademy.com\/it\/notizia\/grande-successo-del-torneo-fip-bronzo-mallorca-alla-rafa-nadal-academy\/"},"wordCount":420,"image":{"@id":"https:\/\/www.rafanadalacademy.com\/it\/notizia\/grande-successo-del-torneo-fip-bronzo-mallorca-alla-rafa-nadal-academy\/#primaryimage"},"thumbnailUrl":"https:\/\/www.rafanadalacademy.com\/wp-content\/uploads\/2026\/01\/RNA_25012026_FIP-Finales_001-scaled-e1769430935567.jpg","keywords":["ACCADEMIA RAFA NADAL DI MOVISTAR","RAFA NADAL ACADEMY PADEL TOUR"],"articleSection":["ACCADEMIA RAFA NADAL DI MOVISTAR","Notizia","PADEL"],"inLanguage":"it-IT","copyrightYear":"2026","copyrightHolder":{"@id":"https:\/\/www.rafanadalacademy.com\/#organization"}},{"@type":"WebPage","@id":"https:\/\/www.rafanadalacademy.com\/it\/notizia\/grande-successo-del-torneo-fip-bronzo-mallorca-alla-rafa-nadal-academy\/","url":"https:\/\/www.rafanadalacademy.com\/it\/notizia\/grande-successo-del-torneo-fip-bronzo-mallorca-alla-rafa-nadal-academy\/","name":"Grande successo del torneo FIP Bronzo Mallorca alla Rafa Nadal Academy - Rafa Nadal Academy","isPartOf":{"@id":"https:\/\/www.rafanadalacademy.com\/it\/#website"},"primaryImageOfPage":{"@id":"https:\/\/www.rafanadalacademy.com\/it\/notizia\/grande-successo-del-torneo-fip-bronzo-mallorca-alla-rafa-nadal-academy\/#primaryimage"},"image":{"@id":"https:\/\/www.rafanadalacademy.com\/it\/notizia\/grande-successo-del-torneo-fip-bronzo-mallorca-alla-rafa-nadal-academy\/#primaryimage"},"thumbnailUrl":"https:\/\/www.rafanadalacademy.com\/wp-content\/uploads\/2026\/01\/RNA_25012026_FIP-Finales_001-scaled-e1769430935567.jpg","datePublished":"2026-01-26T14:16:27+00:00","author":{"@id":"https:\/\/www.rafanadalacademy.com\/it\/#\/schema\/person\/744897d6ee269641fff954376180ef01"},"description":"La Rafa Nadal Academy ha ospitato nelle sue strutture il primo torneo di p\u00e1del professionistico del FIP Tour della sua storia con la celebrazione del FIP Bronzo Mallorca 2026","breadcrumb":{"@id":"https:\/\/www.rafanadalacademy.com\/it\/notizia\/grande-successo-del-torneo-fip-bronzo-mallorca-alla-rafa-nadal-academy\/#breadcrumb"},"inLanguage":"it-IT","potentialAction":[{"@type":"ReadAction","target":["https:\/\/www.rafanadalacademy.com\/it\/notizia\/grande-successo-del-torneo-fip-bronzo-mallorca-alla-rafa-nadal-academy\/"]}]},{"@type":"ImageObject","inLanguage":"it-IT","@id":"https:\/\/www.rafanadalacademy.com\/it\/notizia\/grande-successo-del-torneo-fip-bronzo-mallorca-alla-rafa-nadal-academy\/#primaryimage","url":"https:\/\/www.rafanadalacademy.com\/wp-content\/uploads\/2026\/01\/RNA_25012026_FIP-Finales_001-scaled-e1769430935567.jpg","contentUrl":"https:\/\/www.rafanadalacademy.com\/wp-content\/uploads\/2026\/01\/RNA_25012026_FIP-Finales_001-scaled-e1769430935567.jpg","width":2560,"height":1707,"caption":"Gran \u00e9xito del torneo FIP Bronce Mallorca en la Rafa Nadal Academy"},{"@type":"BreadcrumbList","@id":"https:\/\/www.rafanadalacademy.com\/it\/notizia\/grande-successo-del-torneo-fip-bronzo-mallorca-alla-rafa-nadal-academy\/#breadcrumb","itemListElement":[{"@type":"ListItem","position":1,"name":"Home","item":"https:\/\/www.rafanadalacademy.com\/it\/"},{"@type":"ListItem","position":2,"name":"Grande successo del torneo FIP Bronzo Mallorca alla Rafa Nadal Academy"}]},{"@type":"WebSite","@id":"https:\/\/www.rafanadalacademy.com\/it\/#website","url":"https:\/\/www.rafanadalacademy.com\/it\/","name":"Rafa Nadal Academy","description":"Otro sitio realizado con WordPress","potentialAction":[{"@type":"SearchAction","target":{"@type":"EntryPoint","urlTemplate":"https:\/\/www.rafanadalacademy.com\/it\/?s={search_term_string}"},"query-input":{"@type":"PropertyValueSpecification","valueRequired":true,"valueName":"search_term_string"}}],"inLanguage":"it-IT"},{"@type":"Person","@id":"https:\/\/www.rafanadalacademy.com\/it\/#\/schema\/person\/744897d6ee269641fff954376180ef01","name":"joseluisprados","image":{"@type":"ImageObject","inLanguage":"it-IT","@id":"https:\/\/www.rafanadalacademy.com\/it\/#\/schema\/person\/image\/","url":"https:\/\/secure.gravatar.com\/avatar\/8aa823a6e5501864ffab4785d9e2a994b59c2d45c9f9751c5a532abfec081e5f?s=96&d=mm&r=g","contentUrl":"https:\/\/secure.gravatar.com\/avatar\/8aa823a6e5501864ffab4785d9e2a994b59c2d45c9f9751c5a532abfec081e5f?s=96&d=mm&r=g","caption":"joseluisprados"},"url":"https:\/\/www.rafanadalacademy.com\/it\/author\/joseluisprados\/"},{"@type":"ImageObject","inLanguage":"it-IT","@id":"https:\/\/www.rafanadalacademy.com\/it\/notizia\/grande-successo-del-torneo-fip-bronzo-mallorca-alla-rafa-nadal-academy\/#local-main-organization-logo","url":"","contentUrl":"","caption":"Rafa Nadal Academy"}]}},"_links":{"self":[{"href":"https:\/\/www.rafanadalacademy.com\/it\/wp-json\/wp\/v2\/posts\/38714","targetHints":{"allow":["GET"]}}],"collection":[{"href":"https:\/\/www.rafanadalacademy.com\/it\/wp-json\/wp\/v2\/posts"}],"about":[{"href":"https:\/\/www.rafanadalacademy.com\/it\/wp-json\/wp\/v2\/types\/post"}],"author":[{"embeddable":true,"href":"https:\/\/www.rafanadalacademy.com\/it\/wp-json\/wp\/v2\/users\/23"}],"replies":[{"embeddable":true,"href":"https:\/\/www.rafanadalacademy.com\/it\/wp-json\/wp\/v2\/comments?post=38714"}],"version-history":[{"count":1,"href":"https:\/\/www.rafanadalacademy.com\/it\/wp-json\/wp\/v2\/posts\/38714\/revisions"}],"predecessor-version":[{"id":38715,"href":"https:\/\/www.rafanadalacademy.com\/it\/wp-json\/wp\/v2\/posts\/38714\/revisions\/38715"}],"wp:featuredmedia":[{"embeddable":true,"href":"https:\/\/www.rafanadalacademy.com\/it\/wp-json\/wp\/v2\/media\/38652"}],"wp:attachment":[{"href":"https:\/\/www.rafanadalacademy.com\/it\/wp-json\/wp\/v2\/media?parent=38714"}],"wp:term":[{"taxonomy":"category","embeddable":true,"href":"https:\/\/www.rafanadalacademy.com\/it\/wp-json\/wp\/v2\/categories?post=38714"},{"taxonomy":"post_tag","embeddable":true,"href":"https:\/\/www.rafanadalacademy.com\/it\/wp-json\/wp\/v2\/tags?post=38714"}],"curies":[{"name":"wp","href":"https:\/\/api.w.org\/{rel}","templated":true}]}}