{"id":38630,"date":"2026-01-26T12:07:35","date_gmt":"2026-01-26T12:07:35","guid":{"rendered":"https:\/\/www.rafanadalacademy.com\/non-categorizzato\/koorneva-campionessa-in-bahrain-inaugura-il-medagliere-della-rafa-nadal-academy-nel-2026\/"},"modified":"2026-01-26T12:19:44","modified_gmt":"2026-01-26T12:19:44","slug":"koorneva-campionessa-in-bahrain-inaugura-il-medagliere-della-rafa-nadal-academy-nel-2026","status":"publish","type":"post","link":"https:\/\/www.rafanadalacademy.com\/it\/notizia\/koorneva-campionessa-in-bahrain-inaugura-il-medagliere-della-rafa-nadal-academy-nel-2026\/","title":{"rendered":"Koorneva, campionessa in Bahrain, inaugura il medagliere della Rafa Nadal Academy nel 2026"},"content":{"rendered":"\n<p>Alina Korneeva ha inaugurato il medagliere della Rafa Nadal Academy nel 2026 con il suo trionfo nel torneo W75 di Manama (Bahrain), dove si \u00e8 proclamata campionessa dopo aver vinto in finale contro la francese Fiona Ferro con un netto 6-4 e 6-0. La giocatrice russa, di 18 anni, conquista cos\u00ec il suo primo titolo della stagione e l&#8217;ottavo della sua carriera nell&#8217;ITF World Tennis Tour. <\/p>\n\n<figure class=\"wp-block-image size-large\"><img loading=\"lazy\" decoding=\"async\" width=\"804\" height=\"1024\" src=\"https:\/\/www.rafanadalacademy.com\/wp-content\/uploads\/2026\/01\/620993613_18521858362064586_4980470345453836976_n-804x1024.jpg\" alt=\"\" class=\"wp-image-38588\"\/><\/figure>\n\n<div style=\"height:30px\" aria-hidden=\"true\" class=\"wp-block-spacer\"><\/div>\n\n<p>Vincitrice di due titoli del Grand Slam junior nel 2023 \u2014Australian Open e Roland Garros\u2014, Korneeva continua a consolidare la sua progressione nel circuito professionistico. La giocatrice allenata da Anabel Medina ha gi\u00e0 firmato nel 2025 una stagione di spicco con tre titoli ITF conseguiti a Bratislava, \u00c9vora e Leiria, confermando una evoluzione costante sia nei risultati che nella maturit\u00e0 competitiva. <\/p>\n\n<div style=\"height:30px\" aria-hidden=\"true\" class=\"wp-block-spacer\"><\/div>\n\n<blockquote class=\"instagram-media\" data-instgrm-captioned=\"\" data-instgrm-permalink=\"https:\/\/www.instagram.com\/p\/DT74biHjUKJ\/?utm_source=ig_embed&#038;utm_campaign=loading\" data-instgrm-version=\"14\" style=\"  background:#FFF; border:0; border-radius:3px; box-shadow:0 0 1px 0 rgba(0,0,0,0.5),0 1px 10px 0 rgba(0,0,0,0.15); margin: 1px; max-width:540px; min-width:326px; padding:0; width:99.375%; width:-webkit-calc(100% - 2px); width:calc(100% - 2px);\"><div style=\"padding:16px;\"> <a href=\"https:\/\/www.instagram.com\/p\/DT74biHjUKJ\/?utm_source=ig_embed&#038;utm_campaign=loading\" style=\"  background:#FFFFFF; line-height:0; padding:0 0; text-align:center; text-decoration:none; width:100%;\" target=\"_blank\"> <div style=\"  display: flex; flex-direction: row; align-items: center;\"> <div style=\"background-color: #F4F4F4; border-radius: 50%; flex-grow: 0; height: 40px; margin-right: 14px; width: 40px;\"><\/div> <div style=\"display: flex; flex-direction: column; flex-grow: 1; justify-content: center;\"> <div style=\"  background-color: #F4F4F4; border-radius: 4px; flex-grow: 0; height: 14px; margin-bottom: 6px; width: 100px;\"><\/div> <div style=\"  background-color: #F4F4F4; border-radius: 4px; flex-grow: 0; height: 14px; width: 60px;\"><\/div><\/div><\/div><div style=\"padding: 19% 0;\"><\/div> <div style=\"display:block; height:50px; margin:0 auto 12px; width:50px;\"><svg xmlns=\"https:\/\/www.w3.org\/2000\/svg\" xmlns:xlink=\"https:\/\/www.w3.org\/1999\/xlink\" width=\"50px\" height=\"50px\" viewbox=\"0 0 60 60\" version=\"1.1\"><g stroke=\"none\" stroke-width=\"1\" fill=\"none\" fill-rule=\"evenodd\"><g transform=\"translate(-511.000000, -20.000000)\" fill=\"#000000\"><g><path d=\"M556.869,30.41 C554.814,30.41 553.148,32.076 553.148,34.131 C553.148,36.186 554.814,37.852 556.869,37.852 C558.924,37.852 560.59,36.186 560.59,34.131 C560.59,32.076 558.924,30.41 556.869,30.41 M541,60.657 C535.114,60.657 530.342,55.887 530.342,50 C530.342,44.114 535.114,39.342 541,39.342 C546.887,39.342 551.658,44.114 551.658,50 C551.658,55.887 546.887,60.657 541,60.657 M541,33.886 C532.1,33.886 524.886,41.1 524.886,50 C524.886,58.899 532.1,66.113 541,66.113 C549.9,66.113 557.115,58.899 557.115,50 C557.115,41.1 549.9,33.886 541,33.886 M565.378,62.101 C565.244,65.022 564.756,66.606 564.346,67.663 C563.803,69.06 563.154,70.057 562.106,71.106 C561.058,72.155 560.06,72.803 558.662,73.347 C557.607,73.757 556.021,74.244 553.102,74.378 C549.944,74.521 548.997,74.552 541,74.552 C533.003,74.552 532.056,74.521 528.898,74.378 C525.979,74.244 524.393,73.757 523.338,73.347 C521.94,72.803 520.942,72.155 519.894,71.106 C518.846,70.057 518.197,69.06 517.654,67.663 C517.244,66.606 516.755,65.022 516.623,62.101 C516.479,58.943 516.448,57.996 516.448,50 C516.448,42.003 516.479,41.056 516.623,37.899 C516.755,34.978 517.244,33.391 517.654,32.338 C518.197,30.938 518.846,29.942 519.894,28.894 C520.942,27.846 521.94,27.196 523.338,26.654 C524.393,26.244 525.979,25.756 528.898,25.623 C532.057,25.479 533.004,25.448 541,25.448 C548.997,25.448 549.943,25.479 553.102,25.623 C556.021,25.756 557.607,26.244 558.662,26.654 C560.06,27.196 561.058,27.846 562.106,28.894 C563.154,29.942 563.803,30.938 564.346,32.338 C564.756,33.391 565.244,34.978 565.378,37.899 C565.522,41.056 565.552,42.003 565.552,50 C565.552,57.996 565.522,58.943 565.378,62.101 M570.82,37.631 C570.674,34.438 570.167,32.258 569.425,30.349 C568.659,28.377 567.633,26.702 565.965,25.035 C564.297,23.368 562.623,22.342 560.652,21.575 C558.743,20.834 556.562,20.326 553.369,20.18 C550.169,20.033 549.148,20 541,20 C532.853,20 531.831,20.033 528.631,20.18 C525.438,20.326 523.257,20.834 521.349,21.575 C519.376,22.342 517.703,23.368 516.035,25.035 C514.368,26.702 513.342,28.377 512.574,30.349 C511.834,32.258 511.326,34.438 511.181,37.631 C511.035,40.831 511,41.851 511,50 C511,58.147 511.035,59.17 511.181,62.369 C511.326,65.562 511.834,67.743 512.574,69.651 C513.342,71.625 514.368,73.296 516.035,74.965 C517.703,76.634 519.376,77.658 521.349,78.425 C523.257,79.167 525.438,79.673 528.631,79.82 C531.831,79.965 532.853,80.001 541,80.001 C549.148,80.001 550.169,79.965 553.369,79.82 C556.562,79.673 558.743,79.167 560.652,78.425 C562.623,77.658 564.297,76.634 565.965,74.965 C567.633,73.296 568.659,71.625 569.425,69.651 C570.167,67.743 570.674,65.562 570.82,62.369 C570.966,59.17 571,58.147 571,50 C571,41.851 570.966,40.831 570.82,37.631\"><\/path><\/g><\/g><\/g><\/svg><\/div><div style=\"padding-top: 8px;\"> <div style=\"  color:#3897f0; font-family:Arial,sans-serif; font-size:14px; font-style:normal; font-weight:550; line-height:18px;\">Guarda questo post su Instagram<\/div><\/div><div style=\"padding: 12.5% 0;\"><\/div> <div style=\"display: flex; flex-direction: row; margin-bottom: 14px; align-items: center;\"><div> <div style=\"background-color: #F4F4F4; border-radius: 50%; height: 12.5px; width: 12.5px; transform: translateX(0px) translateY(7px);\"><\/div> <div style=\"background-color: #F4F4F4; height: 12.5px; transform: rotate(-45deg) translateX(3px) translateY(1px); width: 12.5px; flex-grow: 0; margin-right: 14px; margin-left: 2px;\"><\/div> <div style=\"background-color: #F4F4F4; border-radius: 50%; height: 12.5px; width: 12.5px; transform: translateX(9px) translateY(-18px);\"><\/div><\/div><div style=\"margin-left: 8px;\"> <div style=\"  background-color: #F4F4F4; border-radius: 50%; flex-grow: 0; height: 20px; width: 20px;\"><\/div> <div style=\"  width: 0; height: 0; border-top: 2px solid transparent; border-left: 6px solid #f4f4f4; border-bottom: 2px solid transparent; transform: translateX(16px) translateY(-4px) rotate(30deg)\"><\/div><\/div><div style=\"margin-left: auto;\"> <div style=\"  width: 0px; border-top: 8px solid #F4F4F4; border-right: 8px solid transparent; transform: translateY(16px);\"><\/div> <div style=\"  background-color: #F4F4F4; flex-grow: 0; height: 12px; width: 16px; transform: translateY(-4px);\"><\/div> <div style=\"  width: 0; height: 0; border-top: 8px solid #F4F4F4; border-left: 8px solid transparent; transform: translateY(-4px) translateX(8px);\"><\/div><\/div><\/div> <div style=\"display: flex; flex-direction: column; flex-grow: 1; justify-content: center; margin-bottom: 24px;\"> <div style=\"  background-color: #F4F4F4; border-radius: 4px; flex-grow: 0; height: 14px; margin-bottom: 6px; width: 224px;\"><\/div> <div style=\"  background-color: #F4F4F4; border-radius: 4px; flex-grow: 0; height: 14px; width: 144px;\"><\/div><\/div><\/a><p style=\"  color:#c9c8cd; font-family:Arial,sans-serif; font-size:14px; line-height:17px; margin-bottom:0; margin-top:8px; overflow:hidden; padding:8px 0 7px; text-align:center; text-overflow:ellipsis; white-space:nowrap;\"><a href=\"https:\/\/www.instagram.com\/p\/DT74biHjUKJ\/?utm_source=ig_embed&#038;utm_campaign=loading\" style=\"  color:#c9c8cd; font-family:Arial,sans-serif; font-size:14px; font-style:normal; font-weight:normal; line-height:17px; text-decoration:none;\" target=\"_blank\">Una pubblicazione condivisa da ITF World Tennis Tour (@itfworldtennistour)<\/a><\/p><\/div><\/blockquote>\n<script async=\"\" src=\"\/\/www.instagram.com\/embed.js\"><\/script>\n\n<div style=\"height:30px\" aria-hidden=\"true\" class=\"wp-block-spacer\"><\/div>\n\n<p>Nel suo cammino verso il titolo a Manama, Korneeva ha mostrato una grande solidit\u00e0. Ha debuttato con una vittoria schiacciante contro la canadese Havah Kaur Kaler (6-1 e 6-0), ha superato successivamente le belghe Hanne Vandewinkel (7-5 e 6-3) e Sofia Costoulas (6-3 e 6-1), e in semifinale ha ceduto il suo unico set del torneo contro la statunitense Carol Young Suh Lee, che ha sconfitto per 3-6, 6-4 e 6-4. In finale, \u00e8 tornata a mostrare la sua migliore versione per imporsi con autorit\u00e0 su Fiona Ferro per 6-4 e 6-0.  <\/p>\n\n<figure class=\"wp-block-image size-large\"><img loading=\"lazy\" decoding=\"async\" width=\"819\" height=\"1024\" src=\"https:\/\/www.rafanadalacademy.com\/wp-content\/uploads\/2026\/01\/RNA_25012026_FInal-ITF_020-819x1024.jpg\" alt=\"\" class=\"wp-image-38605\" srcset=\"https:\/\/www.rafanadalacademy.com\/wp-content\/uploads\/2026\/01\/RNA_25012026_FInal-ITF_020-819x1024.jpg 819w, https:\/\/www.rafanadalacademy.com\/wp-content\/uploads\/2026\/01\/RNA_25012026_FInal-ITF_020-240x300.jpg 240w, https:\/\/www.rafanadalacademy.com\/wp-content\/uploads\/2026\/01\/RNA_25012026_FInal-ITF_020-768x960.jpg 768w, https:\/\/www.rafanadalacademy.com\/wp-content\/uploads\/2026\/01\/RNA_25012026_FInal-ITF_020-1229x1536.jpg 1229w, https:\/\/www.rafanadalacademy.com\/wp-content\/uploads\/2026\/01\/RNA_25012026_FInal-ITF_020-1639x2048.jpg 1639w, https:\/\/www.rafanadalacademy.com\/wp-content\/uploads\/2026\/01\/RNA_25012026_FInal-ITF_020.jpg 1766w\" sizes=\"auto, (max-width: 819px) 100vw, 819px\" \/><\/figure>\n\n<div style=\"height:30px\" aria-hidden=\"true\" class=\"wp-block-spacer\"><\/div>\n\n<p>La settimana si \u00e8 conclusa nella Rafa Nadal Academy con la disputa di un nuovo torneo ITF, in questo caso un M15, dove il bulgaro <strong>Ivan Ivanov<\/strong>, numero 1 del ranking junior nel 2025 e vincitore dei Grand Slam di Wimbledon e US Open, ha raggiunto la finale. Il giocatore formatosi nell&#8217;Accademia ha ceduto solo nel match decisivo contro Yaroslav Demin (6-1 e 6-4), completando cos\u00ec un&#8217;altra settimana di grande livello. <\/p>\n\n<div style=\"height:30px\" aria-hidden=\"true\" class=\"wp-block-spacer\"><\/div>\n\n<figure class=\"wp-block-embed is-type-video is-provider-youtube wp-block-embed-youtube wp-embed-aspect-16-9 wp-has-aspect-ratio\"><div class=\"wp-block-embed__wrapper\">\n<iframe loading=\"lazy\" title=\"Rafa Nadal Academy: Tennis &amp; Values\" width=\"500\" height=\"281\" src=\"https:\/\/www.youtube.com\/embed\/F71onMy-MeU?feature=oembed\" frameborder=\"0\" allow=\"accelerometer; autoplay; clipboard-write; encrypted-media; gyroscope; picture-in-picture; web-share\" referrerpolicy=\"strict-origin-when-cross-origin\" allowfullscreen><\/iframe>\n<\/div><\/figure>\n\n<div style=\"height:30px\" aria-hidden=\"true\" class=\"wp-block-spacer\"><\/div>\n\n<p><\/p>\n","protected":false},"excerpt":{"rendered":"<p>Alina Korneeva ha inaugurato il medagliere della Rafa Nadal Academy nel 2026 con il suo trionfo nel torneo W75 di Manama (Bahrain), dove si \u00e8 proclamata campionessa dopo aver vinto in finale contro la francese Fiona Ferro con un netto 6-4 e 6-0. La giocatrice russa, di 18 anni, conquista cos\u00ec il suo primo titolo<a href=\"https:\/\/www.rafanadalacademy.com\/it\/notizia\/koorneva-campionessa-in-bahrain-inaugura-il-medagliere-della-rafa-nadal-academy-nel-2026\/\">Continue reading <span class=\"sr-only\">&#8220;Koorneva, campionessa in Bahrain, inaugura il medagliere della Rafa Nadal Academy nel 2026&#8221;<\/span><\/a><\/p>\n","protected":false},"author":23,"featured_media":38602,"comment_status":"closed","ping_status":"closed","sticky":false,"template":"","format":"standard","meta":{"_acf_changed":false,"footnotes":""},"categories":[200,160],"tags":[201,172],"class_list":["post-38630","post","type-post","status-publish","format-standard","has-post-thumbnail","hentry","category-accademia-rafa-nadal-di-movistar","category-notizia","tag-accademia-rafa-nadal-di-movistar","tag-rafa-nadal-academy-padel-tour-it"],"acf":[],"yoast_head":"<!-- This site is optimized with the Yoast SEO Premium plugin v26.8 (Yoast SEO v26.9) - https:\/\/yoast.com\/product\/yoast-seo-premium-wordpress\/ -->\n<title>Koorneva, campionessa in Bahrain, inaugura il medagliere della Rafa Nadal Academy nel 2026 - Rafa Nadal Academy<\/title>\n<meta name=\"description\" content=\"Alina Korneeva ha inaugurato il medagliere della Rafa Nadal Academy in questo anno 2026 con il suo trionfo nel torneo W75 di Manama (Bahrain),\" \/>\n<meta name=\"robots\" content=\"index, follow, max-snippet:-1, max-image-preview:large, max-video-preview:-1\" \/>\n<link rel=\"canonical\" href=\"https:\/\/www.rafanadalacademy.com\/it\/notizia\/koorneva-campionessa-in-bahrain-inaugura-il-medagliere-della-rafa-nadal-academy-nel-2026\/\" \/>\n<meta property=\"og:locale\" content=\"it_IT\" \/>\n<meta property=\"og:type\" content=\"article\" \/>\n<meta property=\"og:title\" content=\"Koorneva, campionessa in Bahrain, inaugura il medagliere della Rafa Nadal Academy nel 2026\" \/>\n<meta property=\"og:description\" content=\"Alina Korneeva ha inaugurato il medagliere della Rafa Nadal Academy in questo anno 2026 con il suo trionfo nel torneo W75 di Manama (Bahrain),\" \/>\n<meta property=\"og:url\" content=\"https:\/\/www.rafanadalacademy.com\/it\/notizia\/koorneva-campionessa-in-bahrain-inaugura-il-medagliere-della-rafa-nadal-academy-nel-2026\/\" \/>\n<meta property=\"og:site_name\" content=\"Rafa Nadal Academy\" \/>\n<meta property=\"article:published_time\" content=\"2026-01-26T12:07:35+00:00\" \/>\n<meta property=\"article:modified_time\" content=\"2026-01-26T12:19:44+00:00\" \/>\n<meta property=\"og:image\" content=\"https:\/\/www.rafanadalacademy.com\/wp-content\/uploads\/2026\/01\/621575891_18521858371064586_4991616468887203599_n-e1769428980244.jpg\" \/>\n\t<meta property=\"og:image:width\" content=\"1080\" \/>\n\t<meta property=\"og:image:height\" content=\"1375\" \/>\n\t<meta property=\"og:image:type\" content=\"image\/jpeg\" \/>\n<meta name=\"author\" content=\"joseluisprados\" \/>\n<meta name=\"twitter:card\" content=\"summary_large_image\" \/>\n<meta name=\"twitter:label1\" content=\"Written by\" \/>\n\t<meta name=\"twitter:data1\" content=\"joseluisprados\" \/>\n\t<meta name=\"twitter:label2\" content=\"Est. reading time\" \/>\n\t<meta name=\"twitter:data2\" content=\"2 minutes\" \/>\n<script type=\"application\/ld+json\" class=\"yoast-schema-graph\">{\"@context\":\"https:\/\/schema.org\",\"@graph\":[{\"@type\":\"Article\",\"@id\":\"https:\/\/www.rafanadalacademy.com\/it\/notizia\/koorneva-campionessa-in-bahrain-inaugura-il-medagliere-della-rafa-nadal-academy-nel-2026\/#article\",\"isPartOf\":{\"@id\":\"https:\/\/www.rafanadalacademy.com\/it\/notizia\/koorneva-campionessa-in-bahrain-inaugura-il-medagliere-della-rafa-nadal-academy-nel-2026\/\"},\"author\":{\"name\":\"joseluisprados\",\"@id\":\"https:\/\/www.rafanadalacademy.com\/it\/#\/schema\/person\/744897d6ee269641fff954376180ef01\"},\"headline\":\"Koorneva, campionessa in Bahrain, inaugura il medagliere della Rafa Nadal Academy nel 2026\",\"datePublished\":\"2026-01-26T12:07:35+00:00\",\"dateModified\":\"2026-01-26T12:19:44+00:00\",\"mainEntityOfPage\":{\"@id\":\"https:\/\/www.rafanadalacademy.com\/it\/notizia\/koorneva-campionessa-in-bahrain-inaugura-il-medagliere-della-rafa-nadal-academy-nel-2026\/\"},\"wordCount\":319,\"image\":{\"@id\":\"https:\/\/www.rafanadalacademy.com\/it\/notizia\/koorneva-campionessa-in-bahrain-inaugura-il-medagliere-della-rafa-nadal-academy-nel-2026\/#primaryimage\"},\"thumbnailUrl\":\"https:\/\/www.rafanadalacademy.com\/wp-content\/uploads\/2026\/01\/621575891_18521858371064586_4991616468887203599_n-e1769428980244.jpg\",\"keywords\":[\"ACCADEMIA RAFA NADAL DI MOVISTAR\",\"RAFA NADAL ACADEMY PADEL TOUR\"],\"articleSection\":[\"ACCADEMIA RAFA NADAL DI MOVISTAR\",\"Notizia\"],\"inLanguage\":\"it-IT\",\"copyrightYear\":\"2026\",\"copyrightHolder\":{\"@id\":\"https:\/\/www.rafanadalacademy.com\/#organization\"}},{\"@type\":\"WebPage\",\"@id\":\"https:\/\/www.rafanadalacademy.com\/it\/notizia\/koorneva-campionessa-in-bahrain-inaugura-il-medagliere-della-rafa-nadal-academy-nel-2026\/\",\"url\":\"https:\/\/www.rafanadalacademy.com\/it\/notizia\/koorneva-campionessa-in-bahrain-inaugura-il-medagliere-della-rafa-nadal-academy-nel-2026\/\",\"name\":\"Koorneva, campionessa in Bahrain, inaugura il medagliere della Rafa Nadal Academy nel 2026 - Rafa Nadal Academy\",\"isPartOf\":{\"@id\":\"https:\/\/www.rafanadalacademy.com\/it\/#website\"},\"primaryImageOfPage\":{\"@id\":\"https:\/\/www.rafanadalacademy.com\/it\/notizia\/koorneva-campionessa-in-bahrain-inaugura-il-medagliere-della-rafa-nadal-academy-nel-2026\/#primaryimage\"},\"image\":{\"@id\":\"https:\/\/www.rafanadalacademy.com\/it\/notizia\/koorneva-campionessa-in-bahrain-inaugura-il-medagliere-della-rafa-nadal-academy-nel-2026\/#primaryimage\"},\"thumbnailUrl\":\"https:\/\/www.rafanadalacademy.com\/wp-content\/uploads\/2026\/01\/621575891_18521858371064586_4991616468887203599_n-e1769428980244.jpg\",\"datePublished\":\"2026-01-26T12:07:35+00:00\",\"dateModified\":\"2026-01-26T12:19:44+00:00\",\"author\":{\"@id\":\"https:\/\/www.rafanadalacademy.com\/it\/#\/schema\/person\/744897d6ee269641fff954376180ef01\"},\"description\":\"Alina Korneeva ha inaugurato il medagliere della Rafa Nadal Academy in questo anno 2026 con il suo trionfo nel torneo W75 di Manama (Bahrain),\",\"breadcrumb\":{\"@id\":\"https:\/\/www.rafanadalacademy.com\/it\/notizia\/koorneva-campionessa-in-bahrain-inaugura-il-medagliere-della-rafa-nadal-academy-nel-2026\/#breadcrumb\"},\"inLanguage\":\"it-IT\",\"potentialAction\":[{\"@type\":\"ReadAction\",\"target\":[\"https:\/\/www.rafanadalacademy.com\/it\/notizia\/koorneva-campionessa-in-bahrain-inaugura-il-medagliere-della-rafa-nadal-academy-nel-2026\/\"]}]},{\"@type\":\"ImageObject\",\"inLanguage\":\"it-IT\",\"@id\":\"https:\/\/www.rafanadalacademy.com\/it\/notizia\/koorneva-campionessa-in-bahrain-inaugura-il-medagliere-della-rafa-nadal-academy-nel-2026\/#primaryimage\",\"url\":\"https:\/\/www.rafanadalacademy.com\/wp-content\/uploads\/2026\/01\/621575891_18521858371064586_4991616468887203599_n-e1769428980244.jpg\",\"contentUrl\":\"https:\/\/www.rafanadalacademy.com\/wp-content\/uploads\/2026\/01\/621575891_18521858371064586_4991616468887203599_n-e1769428980244.jpg\",\"width\":1080,\"height\":1375,\"caption\":\"Alina Koorneva, campeona del W75 de Bahrein 2026\"},{\"@type\":\"BreadcrumbList\",\"@id\":\"https:\/\/www.rafanadalacademy.com\/it\/notizia\/koorneva-campionessa-in-bahrain-inaugura-il-medagliere-della-rafa-nadal-academy-nel-2026\/#breadcrumb\",\"itemListElement\":[{\"@type\":\"ListItem\",\"position\":1,\"name\":\"Home\",\"item\":\"https:\/\/www.rafanadalacademy.com\/it\/\"},{\"@type\":\"ListItem\",\"position\":2,\"name\":\"Koorneva, campionessa in Bahrain, inaugura il medagliere della Rafa Nadal Academy nel 2026\"}]},{\"@type\":\"WebSite\",\"@id\":\"https:\/\/www.rafanadalacademy.com\/it\/#website\",\"url\":\"https:\/\/www.rafanadalacademy.com\/it\/\",\"name\":\"Rafa Nadal Academy\",\"description\":\"Otro sitio realizado con WordPress\",\"potentialAction\":[{\"@type\":\"SearchAction\",\"target\":{\"@type\":\"EntryPoint\",\"urlTemplate\":\"https:\/\/www.rafanadalacademy.com\/it\/?s={search_term_string}\"},\"query-input\":{\"@type\":\"PropertyValueSpecification\",\"valueRequired\":true,\"valueName\":\"search_term_string\"}}],\"inLanguage\":\"it-IT\"},{\"@type\":\"Person\",\"@id\":\"https:\/\/www.rafanadalacademy.com\/it\/#\/schema\/person\/744897d6ee269641fff954376180ef01\",\"name\":\"joseluisprados\",\"image\":{\"@type\":\"ImageObject\",\"inLanguage\":\"it-IT\",\"@id\":\"https:\/\/www.rafanadalacademy.com\/it\/#\/schema\/person\/image\/\",\"url\":\"https:\/\/secure.gravatar.com\/avatar\/8aa823a6e5501864ffab4785d9e2a994b59c2d45c9f9751c5a532abfec081e5f?s=96&d=mm&r=g\",\"contentUrl\":\"https:\/\/secure.gravatar.com\/avatar\/8aa823a6e5501864ffab4785d9e2a994b59c2d45c9f9751c5a532abfec081e5f?s=96&d=mm&r=g\",\"caption\":\"joseluisprados\"},\"url\":\"https:\/\/www.rafanadalacademy.com\/it\/author\/joseluisprados\/\"},{\"@type\":\"ImageObject\",\"inLanguage\":\"it-IT\",\"@id\":\"https:\/\/www.rafanadalacademy.com\/it\/notizia\/koorneva-campionessa-in-bahrain-inaugura-il-medagliere-della-rafa-nadal-academy-nel-2026\/#local-main-organization-logo\",\"url\":\"\",\"contentUrl\":\"\",\"caption\":\"Rafa Nadal Academy\"}]}<\/script>\n<!-- \/ Yoast SEO Premium plugin. -->","yoast_head_json":{"title":"Koorneva, campionessa in Bahrain, inaugura il medagliere della Rafa Nadal Academy nel 2026 - Rafa Nadal Academy","description":"Alina Korneeva ha inaugurato il medagliere della Rafa Nadal Academy in questo anno 2026 con il suo trionfo nel torneo W75 di Manama (Bahrain),","robots":{"index":"index","follow":"follow","max-snippet":"max-snippet:-1","max-image-preview":"max-image-preview:large","max-video-preview":"max-video-preview:-1"},"canonical":"https:\/\/www.rafanadalacademy.com\/it\/notizia\/koorneva-campionessa-in-bahrain-inaugura-il-medagliere-della-rafa-nadal-academy-nel-2026\/","og_locale":"it_IT","og_type":"article","og_title":"Koorneva, campionessa in Bahrain, inaugura il medagliere della Rafa Nadal Academy nel 2026","og_description":"Alina Korneeva ha inaugurato il medagliere della Rafa Nadal Academy in questo anno 2026 con il suo trionfo nel torneo W75 di Manama (Bahrain),","og_url":"https:\/\/www.rafanadalacademy.com\/it\/notizia\/koorneva-campionessa-in-bahrain-inaugura-il-medagliere-della-rafa-nadal-academy-nel-2026\/","og_site_name":"Rafa Nadal Academy","article_published_time":"2026-01-26T12:07:35+00:00","article_modified_time":"2026-01-26T12:19:44+00:00","og_image":[{"width":1080,"height":1375,"url":"https:\/\/www.rafanadalacademy.com\/wp-content\/uploads\/2026\/01\/621575891_18521858371064586_4991616468887203599_n-e1769428980244.jpg","type":"image\/jpeg"}],"author":"joseluisprados","twitter_card":"summary_large_image","twitter_misc":{"Written by":"joseluisprados","Est. reading time":"2 minutes"},"schema":{"@context":"https:\/\/schema.org","@graph":[{"@type":"Article","@id":"https:\/\/www.rafanadalacademy.com\/it\/notizia\/koorneva-campionessa-in-bahrain-inaugura-il-medagliere-della-rafa-nadal-academy-nel-2026\/#article","isPartOf":{"@id":"https:\/\/www.rafanadalacademy.com\/it\/notizia\/koorneva-campionessa-in-bahrain-inaugura-il-medagliere-della-rafa-nadal-academy-nel-2026\/"},"author":{"name":"joseluisprados","@id":"https:\/\/www.rafanadalacademy.com\/it\/#\/schema\/person\/744897d6ee269641fff954376180ef01"},"headline":"Koorneva, campionessa in Bahrain, inaugura il medagliere della Rafa Nadal Academy nel 2026","datePublished":"2026-01-26T12:07:35+00:00","dateModified":"2026-01-26T12:19:44+00:00","mainEntityOfPage":{"@id":"https:\/\/www.rafanadalacademy.com\/it\/notizia\/koorneva-campionessa-in-bahrain-inaugura-il-medagliere-della-rafa-nadal-academy-nel-2026\/"},"wordCount":319,"image":{"@id":"https:\/\/www.rafanadalacademy.com\/it\/notizia\/koorneva-campionessa-in-bahrain-inaugura-il-medagliere-della-rafa-nadal-academy-nel-2026\/#primaryimage"},"thumbnailUrl":"https:\/\/www.rafanadalacademy.com\/wp-content\/uploads\/2026\/01\/621575891_18521858371064586_4991616468887203599_n-e1769428980244.jpg","keywords":["ACCADEMIA RAFA NADAL DI MOVISTAR","RAFA NADAL ACADEMY PADEL TOUR"],"articleSection":["ACCADEMIA RAFA NADAL DI MOVISTAR","Notizia"],"inLanguage":"it-IT","copyrightYear":"2026","copyrightHolder":{"@id":"https:\/\/www.rafanadalacademy.com\/#organization"}},{"@type":"WebPage","@id":"https:\/\/www.rafanadalacademy.com\/it\/notizia\/koorneva-campionessa-in-bahrain-inaugura-il-medagliere-della-rafa-nadal-academy-nel-2026\/","url":"https:\/\/www.rafanadalacademy.com\/it\/notizia\/koorneva-campionessa-in-bahrain-inaugura-il-medagliere-della-rafa-nadal-academy-nel-2026\/","name":"Koorneva, campionessa in Bahrain, inaugura il medagliere della Rafa Nadal Academy nel 2026 - Rafa Nadal Academy","isPartOf":{"@id":"https:\/\/www.rafanadalacademy.com\/it\/#website"},"primaryImageOfPage":{"@id":"https:\/\/www.rafanadalacademy.com\/it\/notizia\/koorneva-campionessa-in-bahrain-inaugura-il-medagliere-della-rafa-nadal-academy-nel-2026\/#primaryimage"},"image":{"@id":"https:\/\/www.rafanadalacademy.com\/it\/notizia\/koorneva-campionessa-in-bahrain-inaugura-il-medagliere-della-rafa-nadal-academy-nel-2026\/#primaryimage"},"thumbnailUrl":"https:\/\/www.rafanadalacademy.com\/wp-content\/uploads\/2026\/01\/621575891_18521858371064586_4991616468887203599_n-e1769428980244.jpg","datePublished":"2026-01-26T12:07:35+00:00","dateModified":"2026-01-26T12:19:44+00:00","author":{"@id":"https:\/\/www.rafanadalacademy.com\/it\/#\/schema\/person\/744897d6ee269641fff954376180ef01"},"description":"Alina Korneeva ha inaugurato il medagliere della Rafa Nadal Academy in questo anno 2026 con il suo trionfo nel torneo W75 di Manama (Bahrain),","breadcrumb":{"@id":"https:\/\/www.rafanadalacademy.com\/it\/notizia\/koorneva-campionessa-in-bahrain-inaugura-il-medagliere-della-rafa-nadal-academy-nel-2026\/#breadcrumb"},"inLanguage":"it-IT","potentialAction":[{"@type":"ReadAction","target":["https:\/\/www.rafanadalacademy.com\/it\/notizia\/koorneva-campionessa-in-bahrain-inaugura-il-medagliere-della-rafa-nadal-academy-nel-2026\/"]}]},{"@type":"ImageObject","inLanguage":"it-IT","@id":"https:\/\/www.rafanadalacademy.com\/it\/notizia\/koorneva-campionessa-in-bahrain-inaugura-il-medagliere-della-rafa-nadal-academy-nel-2026\/#primaryimage","url":"https:\/\/www.rafanadalacademy.com\/wp-content\/uploads\/2026\/01\/621575891_18521858371064586_4991616468887203599_n-e1769428980244.jpg","contentUrl":"https:\/\/www.rafanadalacademy.com\/wp-content\/uploads\/2026\/01\/621575891_18521858371064586_4991616468887203599_n-e1769428980244.jpg","width":1080,"height":1375,"caption":"Alina Koorneva, campeona del W75 de Bahrein 2026"},{"@type":"BreadcrumbList","@id":"https:\/\/www.rafanadalacademy.com\/it\/notizia\/koorneva-campionessa-in-bahrain-inaugura-il-medagliere-della-rafa-nadal-academy-nel-2026\/#breadcrumb","itemListElement":[{"@type":"ListItem","position":1,"name":"Home","item":"https:\/\/www.rafanadalacademy.com\/it\/"},{"@type":"ListItem","position":2,"name":"Koorneva, campionessa in Bahrain, inaugura il medagliere della Rafa Nadal Academy nel 2026"}]},{"@type":"WebSite","@id":"https:\/\/www.rafanadalacademy.com\/it\/#website","url":"https:\/\/www.rafanadalacademy.com\/it\/","name":"Rafa Nadal Academy","description":"Otro sitio realizado con WordPress","potentialAction":[{"@type":"SearchAction","target":{"@type":"EntryPoint","urlTemplate":"https:\/\/www.rafanadalacademy.com\/it\/?s={search_term_string}"},"query-input":{"@type":"PropertyValueSpecification","valueRequired":true,"valueName":"search_term_string"}}],"inLanguage":"it-IT"},{"@type":"Person","@id":"https:\/\/www.rafanadalacademy.com\/it\/#\/schema\/person\/744897d6ee269641fff954376180ef01","name":"joseluisprados","image":{"@type":"ImageObject","inLanguage":"it-IT","@id":"https:\/\/www.rafanadalacademy.com\/it\/#\/schema\/person\/image\/","url":"https:\/\/secure.gravatar.com\/avatar\/8aa823a6e5501864ffab4785d9e2a994b59c2d45c9f9751c5a532abfec081e5f?s=96&d=mm&r=g","contentUrl":"https:\/\/secure.gravatar.com\/avatar\/8aa823a6e5501864ffab4785d9e2a994b59c2d45c9f9751c5a532abfec081e5f?s=96&d=mm&r=g","caption":"joseluisprados"},"url":"https:\/\/www.rafanadalacademy.com\/it\/author\/joseluisprados\/"},{"@type":"ImageObject","inLanguage":"it-IT","@id":"https:\/\/www.rafanadalacademy.com\/it\/notizia\/koorneva-campionessa-in-bahrain-inaugura-il-medagliere-della-rafa-nadal-academy-nel-2026\/#local-main-organization-logo","url":"","contentUrl":"","caption":"Rafa Nadal Academy"}]}},"_links":{"self":[{"href":"https:\/\/www.rafanadalacademy.com\/it\/wp-json\/wp\/v2\/posts\/38630","targetHints":{"allow":["GET"]}}],"collection":[{"href":"https:\/\/www.rafanadalacademy.com\/it\/wp-json\/wp\/v2\/posts"}],"about":[{"href":"https:\/\/www.rafanadalacademy.com\/it\/wp-json\/wp\/v2\/types\/post"}],"author":[{"embeddable":true,"href":"https:\/\/www.rafanadalacademy.com\/it\/wp-json\/wp\/v2\/users\/23"}],"replies":[{"embeddable":true,"href":"https:\/\/www.rafanadalacademy.com\/it\/wp-json\/wp\/v2\/comments?post=38630"}],"version-history":[{"count":1,"href":"https:\/\/www.rafanadalacademy.com\/it\/wp-json\/wp\/v2\/posts\/38630\/revisions"}],"predecessor-version":[{"id":38631,"href":"https:\/\/www.rafanadalacademy.com\/it\/wp-json\/wp\/v2\/posts\/38630\/revisions\/38631"}],"wp:featuredmedia":[{"embeddable":true,"href":"https:\/\/www.rafanadalacademy.com\/it\/wp-json\/wp\/v2\/media\/38602"}],"wp:attachment":[{"href":"https:\/\/www.rafanadalacademy.com\/it\/wp-json\/wp\/v2\/media?parent=38630"}],"wp:term":[{"taxonomy":"category","embeddable":true,"href":"https:\/\/www.rafanadalacademy.com\/it\/wp-json\/wp\/v2\/categories?post=38630"},{"taxonomy":"post_tag","embeddable":true,"href":"https:\/\/www.rafanadalacademy.com\/it\/wp-json\/wp\/v2\/tags?post=38630"}],"curies":[{"name":"wp","href":"https:\/\/api.w.org\/{rel}","templated":true}]}}