{"id":38115,"date":"2026-01-20T08:47:56","date_gmt":"2026-01-20T08:47:56","guid":{"rendered":"https:\/\/www.rafanadalacademy.com\/non-categorizzato\/la-rafa-nadal-academy-ospita-il-primo-torneo-del-fip-tour-di-padel-2026-in-spagna\/"},"modified":"2026-01-20T09:17:17","modified_gmt":"2026-01-20T09:17:17","slug":"la-rafa-nadal-academy-ospita-il-primo-torneo-del-fip-tour-di-padel-2026-in-spagna","status":"publish","type":"post","link":"https:\/\/www.rafanadalacademy.com\/it\/notizia\/la-rafa-nadal-academy-ospita-il-primo-torneo-del-fip-tour-di-padel-2026-in-spagna\/","title":{"rendered":"La Rafa Nadal Academy ospita il primo torneo del FIP Tour di Padel 2026 in Spagna"},"content":{"rendered":"\n<p>Maiorca diventa il punto di partenza del padel professionistico in Europa nel 2026 con la celebrazione del FIP Bronzo Mallorca presso le strutture della Rafa Nadal Academy dal 19 al 25 gennaio. Il torneo \u00e8 il primo del FIP Tour 2026 che si disputa in Spagna e segner\u00e0 l&#8217;arrivo del circuito della Federazione Internazionale di Padel (FIP) nel continente europeo dopo il suo tradizionale inizio di stagione in Australia. <\/p>\n\n<figure class=\"wp-block-image size-large\"><img loading=\"lazy\" decoding=\"async\" width=\"1024\" height=\"702\" src=\"https:\/\/www.rafanadalacademy.com\/wp-content\/uploads\/2026\/01\/RNA_120126_Maribel-con-Presidente-Federacion-Padel-Balear_003-scaled-e1768898747585-1024x702.jpg\" alt=\"Maribel Nadal e Paco Sanz, sui campi da padel indoor della Rafa Nadal Academy\" class=\"wp-image-38098\" srcset=\"https:\/\/www.rafanadalacademy.com\/wp-content\/uploads\/2026\/01\/RNA_120126_Maribel-con-Presidente-Federacion-Padel-Balear_003-scaled-e1768898747585-1024x702.jpg 1024w, https:\/\/www.rafanadalacademy.com\/wp-content\/uploads\/2026\/01\/RNA_120126_Maribel-con-Presidente-Federacion-Padel-Balear_003-scaled-e1768898747585-300x206.jpg 300w, https:\/\/www.rafanadalacademy.com\/wp-content\/uploads\/2026\/01\/RNA_120126_Maribel-con-Presidente-Federacion-Padel-Balear_003-scaled-e1768898747585-768x526.jpg 768w, https:\/\/www.rafanadalacademy.com\/wp-content\/uploads\/2026\/01\/RNA_120126_Maribel-con-Presidente-Federacion-Padel-Balear_003-scaled-e1768898747585-1536x1052.jpg 1536w, https:\/\/www.rafanadalacademy.com\/wp-content\/uploads\/2026\/01\/RNA_120126_Maribel-con-Presidente-Federacion-Padel-Balear_003-scaled-e1768898747585-2048x1403.jpg 2048w\" sizes=\"auto, (max-width: 1024px) 100vw, 1024px\" \/><figcaption class=\"wp-element-caption\">Maribel Nadal e Paco Sanz, sui campi da padel indoor della Rafa Nadal Academy<\/figcaption><\/figure>\n\n<div style=\"height:30px\" aria-hidden=\"true\" class=\"wp-block-spacer\"><\/div>\n\n<p>Il FIP Tour 2026 continuer\u00e0 cos\u00ec il suo percorso internazionale a Maiorca attraverso i cinque continenti nel corso dell&#8217;anno, accompagnando gli appassionati di padel con competizioni professionali di primo livello. Il FIP Bronzo Mallorca potr\u00e0 contare su un interessante gruppo di giocatori, tra cui undici situati nella Top 100 del ranking mondiale, inclusi Antonio &#8216;Pincho&#8217; Fern\u00e1ndez e Patricia Mart\u00ednez, teste di serie numero uno rispettivamente nella categoria maschile e femminile, ed entrambi ambasciatori della Rafa Nadal Academy. <\/p>\n\n<p>In occasione della celebrazione del torneo, Maribel Nadal, vicedirettrice generale della Rafa Nadal Academy, ha dichiarato: \u201cPer noi \u00e8 un orgoglio che Maiorca e la Rafa Nadal Academy siano il punto di partenza del FIP Tour in Europa nel 2026. Questo torneo rafforza il nostro impegno per la crescita del padel professionistico e con l&#8217;organizzazione di eventi internazionali di massimo livello, offrendo ai giocatori strutture all&#8217;avanguardia per la competizione. Grazie al lavoro congiunto con la Federazione Balearica, gli appassionati potranno iniziare l&#8217;anno godendosi il miglior padel dal vivo qui a Maiorca&#8221; .  <\/p>\n\n<div style=\"height:30px\" aria-hidden=\"true\" class=\"wp-block-spacer\"><\/div>\n\n<figure class=\"wp-block-embed is-type-video is-provider-youtube wp-block-embed-youtube wp-embed-aspect-16-9 wp-has-aspect-ratio\"><div class=\"wp-block-embed__wrapper\">\n<iframe loading=\"lazy\" title=\"La Rafa Nadal Academy inaugura 3 nuevas pistas de p\u00e1del indoor\" width=\"500\" height=\"281\" src=\"https:\/\/www.youtube.com\/embed\/kRnXNBSOqRw?feature=oembed\" frameborder=\"0\" allow=\"accelerometer; autoplay; clipboard-write; encrypted-media; gyroscope; picture-in-picture; web-share\" referrerpolicy=\"strict-origin-when-cross-origin\" allowfullscreen><\/iframe>\n<\/div><\/figure>\n\n<div style=\"height:30px\" aria-hidden=\"true\" class=\"wp-block-spacer\"><\/div>\n\n<p>Grazie all&#8217;impulso della Federazione di Padel delle Isole Baleari, l&#8217;organizzazione di questo FIP Bronzo rappresenter\u00e0 una nuova pietra miliare nell&#8217;impegno della Rafa Nadal Academy per lo sviluppo del padel professionistico. In questo senso, l&#8217;Accademia continua a consolidare la sua posizione come sede di grandi eventi internazionali, dopo il successo del FIP World Cup Pairs tenutosi presso la Rafa Nadal Academy del Kuwait lo scorso novembre, cos\u00ec come del Kuwait City Premier Padel P1. A ci\u00f2 si aggiunge l&#8217;esperienza del Rafa Nadal Tennis Center Costa Mujeres, situato all&#8217;interno del Grand Palladium Select Costa Mujeres e TRS Coral Hotel, che ha ospitato il primo torneo di Premier Padel disputato a Canc\u00fan.  <\/p>\n\n<p>Il FIP Bronzo Mallorca riafferma cos\u00ec il ruolo della Rafa Nadal Academy come punto di riferimento internazionale nell&#8217;organizzazione di competizioni professionali e nella promozione del padel a livello globale e rafforza l&#8217;impegno strategico per il padel e la sua vocazione all&#8217;eccellenza nella formazione, nella competizione e nell&#8217;organizzazione di eventi di primo livello nei centri che formano la rete internazionale in tutto il mondo.<\/p>\n\n<p>Conosciuta per formare tennisti di livello mondiale sin dalla sua apertura nel 2016 a Manacor, la Rafa Nadal Academy ha puntato anche sul p\u00e1del grazie allo sviluppo di programmi formativi per giovani e adulti in strutture all&#8217;avanguardia che ospitano nove campi esterni e dieci campi coperti. Il suo centro fitness, i suoi innovativi spazi per la salute e il benessere, la sua ampia offerta di ristorazione e la sua moderna residenza fanno s\u00ec che la Rafa Nadal Academy sia diventata uno dei luoghi ideali per la pratica del p\u00e1del. Tutto ci\u00f2 ha creato un ambiente perfetto per lo sviluppo di giovani talenti e di adulti che desiderano vivere un&#8217;esperienza unica in un habitat ideale per la pratica sportiva.  <\/p>\n\n<div style=\"height:30px\" aria-hidden=\"true\" class=\"wp-block-spacer\"><\/div>\n\n<figure class=\"wp-block-embed is-type-video is-provider-youtube wp-block-embed-youtube wp-embed-aspect-16-9 wp-has-aspect-ratio\"><div class=\"wp-block-embed__wrapper\">\n<iframe loading=\"lazy\" title=\"Programas de p\u00e1del para jugadores Amateur de la Rafa Nadal Academy\" width=\"500\" height=\"281\" src=\"https:\/\/www.youtube.com\/embed\/4IFtn6TCmvE?feature=oembed\" frameborder=\"0\" allow=\"accelerometer; autoplay; clipboard-write; encrypted-media; gyroscope; picture-in-picture; web-share\" referrerpolicy=\"strict-origin-when-cross-origin\" allowfullscreen><\/iframe>\n<\/div><\/figure>\n\n<div style=\"height:30px\" aria-hidden=\"true\" class=\"wp-block-spacer\"><\/div>\n\n<p><\/p>\n","protected":false},"excerpt":{"rendered":"<p>Maiorca diventa il punto di partenza del padel professionistico in Europa nel 2026 con la celebrazione del FIP Bronzo Mallorca presso le strutture della Rafa Nadal Academy dal 19 al 25 gennaio. Il torneo \u00e8 il primo del FIP Tour 2026 che si disputa in Spagna e segner\u00e0 l&#8217;arrivo del circuito della Federazione Internazionale di<a href=\"https:\/\/www.rafanadalacademy.com\/it\/notizia\/la-rafa-nadal-academy-ospita-il-primo-torneo-del-fip-tour-di-padel-2026-in-spagna\/\">Continue reading <span class=\"sr-only\">&#8220;La Rafa Nadal Academy ospita il primo torneo del FIP Tour di Padel 2026 in Spagna&#8221;<\/span><\/a><\/p>\n","protected":false},"author":23,"featured_media":38103,"comment_status":"closed","ping_status":"closed","sticky":false,"template":"","format":"standard","meta":{"_acf_changed":false,"footnotes":""},"categories":[200,160,170],"tags":[201,172],"class_list":["post-38115","post","type-post","status-publish","format-standard","has-post-thumbnail","hentry","category-accademia-rafa-nadal-di-movistar","category-notizia","category-padel-it","tag-accademia-rafa-nadal-di-movistar","tag-rafa-nadal-academy-padel-tour-it"],"acf":[],"yoast_head":"<!-- This site is optimized with the Yoast SEO Premium plugin v26.8 (Yoast SEO v26.9) - https:\/\/yoast.com\/product\/yoast-seo-premium-wordpress\/ -->\n<title>La Rafa Nadal Academy ospita il primo torneo del FIP Tour di Padel 2026 in Spagna - Rafa Nadal Academy<\/title>\n<meta name=\"description\" content=\"La Rafa Nadal Academy diventa il punto di partenza del padel professionistico in Europa nel 2026 con la celebrazione del FIP Bronzo Mallorca.\" \/>\n<meta name=\"robots\" content=\"index, follow, max-snippet:-1, max-image-preview:large, max-video-preview:-1\" \/>\n<link rel=\"canonical\" href=\"https:\/\/www.rafanadalacademy.com\/it\/notizia\/la-rafa-nadal-academy-ospita-il-primo-torneo-del-fip-tour-di-padel-2026-in-spagna\/\" \/>\n<meta property=\"og:locale\" content=\"it_IT\" \/>\n<meta property=\"og:type\" content=\"article\" \/>\n<meta property=\"og:title\" content=\"La Rafa Nadal Academy ospita il primo torneo del FIP Tour di Padel 2026 in Spagna\" \/>\n<meta property=\"og:description\" content=\"La Rafa Nadal Academy diventa il punto di partenza del padel professionistico in Europa nel 2026 con la celebrazione del FIP Bronzo Mallorca.\" \/>\n<meta property=\"og:url\" content=\"https:\/\/www.rafanadalacademy.com\/it\/notizia\/la-rafa-nadal-academy-ospita-il-primo-torneo-del-fip-tour-di-padel-2026-in-spagna\/\" \/>\n<meta property=\"og:site_name\" content=\"Rafa Nadal Academy\" \/>\n<meta property=\"article:published_time\" content=\"2026-01-20T08:47:56+00:00\" \/>\n<meta property=\"article:modified_time\" content=\"2026-01-20T09:17:17+00:00\" \/>\n<meta property=\"og:image\" content=\"https:\/\/www.rafanadalacademy.com\/wp-content\/uploads\/2026\/01\/RNA_120126_Maribel-con-Presidente-Federacion-Padel-Balear_003-scaled-e1768898747585.jpg\" \/>\n\t<meta property=\"og:image:width\" content=\"2560\" \/>\n\t<meta property=\"og:image:height\" content=\"2048\" \/>\n\t<meta property=\"og:image:type\" content=\"image\/jpeg\" \/>\n<meta name=\"author\" content=\"joseluisprados\" \/>\n<meta name=\"twitter:card\" content=\"summary_large_image\" \/>\n<meta name=\"twitter:label1\" content=\"Written by\" \/>\n\t<meta name=\"twitter:data1\" content=\"joseluisprados\" \/>\n\t<meta name=\"twitter:label2\" content=\"Est. reading time\" \/>\n\t<meta name=\"twitter:data2\" content=\"3 minutes\" \/>\n<script type=\"application\/ld+json\" class=\"yoast-schema-graph\">{\"@context\":\"https:\/\/schema.org\",\"@graph\":[{\"@type\":\"Article\",\"@id\":\"https:\/\/www.rafanadalacademy.com\/it\/notizia\/la-rafa-nadal-academy-ospita-il-primo-torneo-del-fip-tour-di-padel-2026-in-spagna\/#article\",\"isPartOf\":{\"@id\":\"https:\/\/www.rafanadalacademy.com\/it\/notizia\/la-rafa-nadal-academy-ospita-il-primo-torneo-del-fip-tour-di-padel-2026-in-spagna\/\"},\"author\":{\"name\":\"joseluisprados\",\"@id\":\"https:\/\/www.rafanadalacademy.com\/it\/#\/schema\/person\/744897d6ee269641fff954376180ef01\"},\"headline\":\"La Rafa Nadal Academy ospita il primo torneo del FIP Tour di Padel 2026 in Spagna\",\"datePublished\":\"2026-01-20T08:47:56+00:00\",\"dateModified\":\"2026-01-20T09:17:17+00:00\",\"mainEntityOfPage\":{\"@id\":\"https:\/\/www.rafanadalacademy.com\/it\/notizia\/la-rafa-nadal-academy-ospita-il-primo-torneo-del-fip-tour-di-padel-2026-in-spagna\/\"},\"wordCount\":583,\"image\":{\"@id\":\"https:\/\/www.rafanadalacademy.com\/it\/notizia\/la-rafa-nadal-academy-ospita-il-primo-torneo-del-fip-tour-di-padel-2026-in-spagna\/#primaryimage\"},\"thumbnailUrl\":\"https:\/\/www.rafanadalacademy.com\/wp-content\/uploads\/2026\/01\/RNA_120126_Maribel-con-Presidente-Federacion-Padel-Balear_003-scaled-e1768898747585.jpg\",\"keywords\":[\"ACCADEMIA RAFA NADAL DI MOVISTAR\",\"RAFA NADAL ACADEMY PADEL TOUR\"],\"articleSection\":[\"ACCADEMIA RAFA NADAL DI MOVISTAR\",\"Notizia\",\"PADEL\"],\"inLanguage\":\"it-IT\",\"copyrightYear\":\"2026\",\"copyrightHolder\":{\"@id\":\"https:\/\/www.rafanadalacademy.com\/#organization\"}},{\"@type\":\"WebPage\",\"@id\":\"https:\/\/www.rafanadalacademy.com\/it\/notizia\/la-rafa-nadal-academy-ospita-il-primo-torneo-del-fip-tour-di-padel-2026-in-spagna\/\",\"url\":\"https:\/\/www.rafanadalacademy.com\/it\/notizia\/la-rafa-nadal-academy-ospita-il-primo-torneo-del-fip-tour-di-padel-2026-in-spagna\/\",\"name\":\"La Rafa Nadal Academy ospita il primo torneo del FIP Tour di Padel 2026 in Spagna - Rafa Nadal Academy\",\"isPartOf\":{\"@id\":\"https:\/\/www.rafanadalacademy.com\/it\/#website\"},\"primaryImageOfPage\":{\"@id\":\"https:\/\/www.rafanadalacademy.com\/it\/notizia\/la-rafa-nadal-academy-ospita-il-primo-torneo-del-fip-tour-di-padel-2026-in-spagna\/#primaryimage\"},\"image\":{\"@id\":\"https:\/\/www.rafanadalacademy.com\/it\/notizia\/la-rafa-nadal-academy-ospita-il-primo-torneo-del-fip-tour-di-padel-2026-in-spagna\/#primaryimage\"},\"thumbnailUrl\":\"https:\/\/www.rafanadalacademy.com\/wp-content\/uploads\/2026\/01\/RNA_120126_Maribel-con-Presidente-Federacion-Padel-Balear_003-scaled-e1768898747585.jpg\",\"datePublished\":\"2026-01-20T08:47:56+00:00\",\"dateModified\":\"2026-01-20T09:17:17+00:00\",\"author\":{\"@id\":\"https:\/\/www.rafanadalacademy.com\/it\/#\/schema\/person\/744897d6ee269641fff954376180ef01\"},\"description\":\"La Rafa Nadal Academy diventa il punto di partenza del padel professionistico in Europa nel 2026 con la celebrazione del FIP Bronzo Mallorca.\",\"breadcrumb\":{\"@id\":\"https:\/\/www.rafanadalacademy.com\/it\/notizia\/la-rafa-nadal-academy-ospita-il-primo-torneo-del-fip-tour-di-padel-2026-in-spagna\/#breadcrumb\"},\"inLanguage\":\"it-IT\",\"potentialAction\":[{\"@type\":\"ReadAction\",\"target\":[\"https:\/\/www.rafanadalacademy.com\/it\/notizia\/la-rafa-nadal-academy-ospita-il-primo-torneo-del-fip-tour-di-padel-2026-in-spagna\/\"]}]},{\"@type\":\"ImageObject\",\"inLanguage\":\"it-IT\",\"@id\":\"https:\/\/www.rafanadalacademy.com\/it\/notizia\/la-rafa-nadal-academy-ospita-il-primo-torneo-del-fip-tour-di-padel-2026-in-spagna\/#primaryimage\",\"url\":\"https:\/\/www.rafanadalacademy.com\/wp-content\/uploads\/2026\/01\/RNA_120126_Maribel-con-Presidente-Federacion-Padel-Balear_003-scaled-e1768898747585.jpg\",\"contentUrl\":\"https:\/\/www.rafanadalacademy.com\/wp-content\/uploads\/2026\/01\/RNA_120126_Maribel-con-Presidente-Federacion-Padel-Balear_003-scaled-e1768898747585.jpg\",\"width\":2560,\"height\":2048,\"caption\":\"Maribel Nadal y Paco Sanz, en las pistas indoor de p\u00e1del de la Rafa Nadal Academy\"},{\"@type\":\"BreadcrumbList\",\"@id\":\"https:\/\/www.rafanadalacademy.com\/it\/notizia\/la-rafa-nadal-academy-ospita-il-primo-torneo-del-fip-tour-di-padel-2026-in-spagna\/#breadcrumb\",\"itemListElement\":[{\"@type\":\"ListItem\",\"position\":1,\"name\":\"Home\",\"item\":\"https:\/\/www.rafanadalacademy.com\/it\/\"},{\"@type\":\"ListItem\",\"position\":2,\"name\":\"La Rafa Nadal Academy ospita il primo torneo del FIP Tour di Padel 2026 in Spagna\"}]},{\"@type\":\"WebSite\",\"@id\":\"https:\/\/www.rafanadalacademy.com\/it\/#website\",\"url\":\"https:\/\/www.rafanadalacademy.com\/it\/\",\"name\":\"Rafa Nadal Academy\",\"description\":\"Otro sitio realizado con WordPress\",\"potentialAction\":[{\"@type\":\"SearchAction\",\"target\":{\"@type\":\"EntryPoint\",\"urlTemplate\":\"https:\/\/www.rafanadalacademy.com\/it\/?s={search_term_string}\"},\"query-input\":{\"@type\":\"PropertyValueSpecification\",\"valueRequired\":true,\"valueName\":\"search_term_string\"}}],\"inLanguage\":\"it-IT\"},{\"@type\":\"Person\",\"@id\":\"https:\/\/www.rafanadalacademy.com\/it\/#\/schema\/person\/744897d6ee269641fff954376180ef01\",\"name\":\"joseluisprados\",\"image\":{\"@type\":\"ImageObject\",\"inLanguage\":\"it-IT\",\"@id\":\"https:\/\/www.rafanadalacademy.com\/it\/#\/schema\/person\/image\/\",\"url\":\"https:\/\/secure.gravatar.com\/avatar\/8aa823a6e5501864ffab4785d9e2a994b59c2d45c9f9751c5a532abfec081e5f?s=96&d=mm&r=g\",\"contentUrl\":\"https:\/\/secure.gravatar.com\/avatar\/8aa823a6e5501864ffab4785d9e2a994b59c2d45c9f9751c5a532abfec081e5f?s=96&d=mm&r=g\",\"caption\":\"joseluisprados\"},\"url\":\"https:\/\/www.rafanadalacademy.com\/it\/author\/joseluisprados\/\"},{\"@type\":\"ImageObject\",\"inLanguage\":\"it-IT\",\"@id\":\"https:\/\/www.rafanadalacademy.com\/it\/notizia\/la-rafa-nadal-academy-ospita-il-primo-torneo-del-fip-tour-di-padel-2026-in-spagna\/#local-main-organization-logo\",\"url\":\"\",\"contentUrl\":\"\",\"caption\":\"Rafa Nadal Academy\"}]}<\/script>\n<!-- \/ Yoast SEO Premium plugin. -->","yoast_head_json":{"title":"La Rafa Nadal Academy ospita il primo torneo del FIP Tour di Padel 2026 in Spagna - Rafa Nadal Academy","description":"La Rafa Nadal Academy diventa il punto di partenza del padel professionistico in Europa nel 2026 con la celebrazione del FIP Bronzo Mallorca.","robots":{"index":"index","follow":"follow","max-snippet":"max-snippet:-1","max-image-preview":"max-image-preview:large","max-video-preview":"max-video-preview:-1"},"canonical":"https:\/\/www.rafanadalacademy.com\/it\/notizia\/la-rafa-nadal-academy-ospita-il-primo-torneo-del-fip-tour-di-padel-2026-in-spagna\/","og_locale":"it_IT","og_type":"article","og_title":"La Rafa Nadal Academy ospita il primo torneo del FIP Tour di Padel 2026 in Spagna","og_description":"La Rafa Nadal Academy diventa il punto di partenza del padel professionistico in Europa nel 2026 con la celebrazione del FIP Bronzo Mallorca.","og_url":"https:\/\/www.rafanadalacademy.com\/it\/notizia\/la-rafa-nadal-academy-ospita-il-primo-torneo-del-fip-tour-di-padel-2026-in-spagna\/","og_site_name":"Rafa Nadal Academy","article_published_time":"2026-01-20T08:47:56+00:00","article_modified_time":"2026-01-20T09:17:17+00:00","og_image":[{"width":2560,"height":2048,"url":"https:\/\/www.rafanadalacademy.com\/wp-content\/uploads\/2026\/01\/RNA_120126_Maribel-con-Presidente-Federacion-Padel-Balear_003-scaled-e1768898747585.jpg","type":"image\/jpeg"}],"author":"joseluisprados","twitter_card":"summary_large_image","twitter_misc":{"Written by":"joseluisprados","Est. reading time":"3 minutes"},"schema":{"@context":"https:\/\/schema.org","@graph":[{"@type":"Article","@id":"https:\/\/www.rafanadalacademy.com\/it\/notizia\/la-rafa-nadal-academy-ospita-il-primo-torneo-del-fip-tour-di-padel-2026-in-spagna\/#article","isPartOf":{"@id":"https:\/\/www.rafanadalacademy.com\/it\/notizia\/la-rafa-nadal-academy-ospita-il-primo-torneo-del-fip-tour-di-padel-2026-in-spagna\/"},"author":{"name":"joseluisprados","@id":"https:\/\/www.rafanadalacademy.com\/it\/#\/schema\/person\/744897d6ee269641fff954376180ef01"},"headline":"La Rafa Nadal Academy ospita il primo torneo del FIP Tour di Padel 2026 in Spagna","datePublished":"2026-01-20T08:47:56+00:00","dateModified":"2026-01-20T09:17:17+00:00","mainEntityOfPage":{"@id":"https:\/\/www.rafanadalacademy.com\/it\/notizia\/la-rafa-nadal-academy-ospita-il-primo-torneo-del-fip-tour-di-padel-2026-in-spagna\/"},"wordCount":583,"image":{"@id":"https:\/\/www.rafanadalacademy.com\/it\/notizia\/la-rafa-nadal-academy-ospita-il-primo-torneo-del-fip-tour-di-padel-2026-in-spagna\/#primaryimage"},"thumbnailUrl":"https:\/\/www.rafanadalacademy.com\/wp-content\/uploads\/2026\/01\/RNA_120126_Maribel-con-Presidente-Federacion-Padel-Balear_003-scaled-e1768898747585.jpg","keywords":["ACCADEMIA RAFA NADAL DI MOVISTAR","RAFA NADAL ACADEMY PADEL TOUR"],"articleSection":["ACCADEMIA RAFA NADAL DI MOVISTAR","Notizia","PADEL"],"inLanguage":"it-IT","copyrightYear":"2026","copyrightHolder":{"@id":"https:\/\/www.rafanadalacademy.com\/#organization"}},{"@type":"WebPage","@id":"https:\/\/www.rafanadalacademy.com\/it\/notizia\/la-rafa-nadal-academy-ospita-il-primo-torneo-del-fip-tour-di-padel-2026-in-spagna\/","url":"https:\/\/www.rafanadalacademy.com\/it\/notizia\/la-rafa-nadal-academy-ospita-il-primo-torneo-del-fip-tour-di-padel-2026-in-spagna\/","name":"La Rafa Nadal Academy ospita il primo torneo del FIP Tour di Padel 2026 in Spagna - Rafa Nadal Academy","isPartOf":{"@id":"https:\/\/www.rafanadalacademy.com\/it\/#website"},"primaryImageOfPage":{"@id":"https:\/\/www.rafanadalacademy.com\/it\/notizia\/la-rafa-nadal-academy-ospita-il-primo-torneo-del-fip-tour-di-padel-2026-in-spagna\/#primaryimage"},"image":{"@id":"https:\/\/www.rafanadalacademy.com\/it\/notizia\/la-rafa-nadal-academy-ospita-il-primo-torneo-del-fip-tour-di-padel-2026-in-spagna\/#primaryimage"},"thumbnailUrl":"https:\/\/www.rafanadalacademy.com\/wp-content\/uploads\/2026\/01\/RNA_120126_Maribel-con-Presidente-Federacion-Padel-Balear_003-scaled-e1768898747585.jpg","datePublished":"2026-01-20T08:47:56+00:00","dateModified":"2026-01-20T09:17:17+00:00","author":{"@id":"https:\/\/www.rafanadalacademy.com\/it\/#\/schema\/person\/744897d6ee269641fff954376180ef01"},"description":"La Rafa Nadal Academy diventa il punto di partenza del padel professionistico in Europa nel 2026 con la celebrazione del FIP Bronzo Mallorca.","breadcrumb":{"@id":"https:\/\/www.rafanadalacademy.com\/it\/notizia\/la-rafa-nadal-academy-ospita-il-primo-torneo-del-fip-tour-di-padel-2026-in-spagna\/#breadcrumb"},"inLanguage":"it-IT","potentialAction":[{"@type":"ReadAction","target":["https:\/\/www.rafanadalacademy.com\/it\/notizia\/la-rafa-nadal-academy-ospita-il-primo-torneo-del-fip-tour-di-padel-2026-in-spagna\/"]}]},{"@type":"ImageObject","inLanguage":"it-IT","@id":"https:\/\/www.rafanadalacademy.com\/it\/notizia\/la-rafa-nadal-academy-ospita-il-primo-torneo-del-fip-tour-di-padel-2026-in-spagna\/#primaryimage","url":"https:\/\/www.rafanadalacademy.com\/wp-content\/uploads\/2026\/01\/RNA_120126_Maribel-con-Presidente-Federacion-Padel-Balear_003-scaled-e1768898747585.jpg","contentUrl":"https:\/\/www.rafanadalacademy.com\/wp-content\/uploads\/2026\/01\/RNA_120126_Maribel-con-Presidente-Federacion-Padel-Balear_003-scaled-e1768898747585.jpg","width":2560,"height":2048,"caption":"Maribel Nadal y Paco Sanz, en las pistas indoor de p\u00e1del de la Rafa Nadal Academy"},{"@type":"BreadcrumbList","@id":"https:\/\/www.rafanadalacademy.com\/it\/notizia\/la-rafa-nadal-academy-ospita-il-primo-torneo-del-fip-tour-di-padel-2026-in-spagna\/#breadcrumb","itemListElement":[{"@type":"ListItem","position":1,"name":"Home","item":"https:\/\/www.rafanadalacademy.com\/it\/"},{"@type":"ListItem","position":2,"name":"La Rafa Nadal Academy ospita il primo torneo del FIP Tour di Padel 2026 in Spagna"}]},{"@type":"WebSite","@id":"https:\/\/www.rafanadalacademy.com\/it\/#website","url":"https:\/\/www.rafanadalacademy.com\/it\/","name":"Rafa Nadal Academy","description":"Otro sitio realizado con WordPress","potentialAction":[{"@type":"SearchAction","target":{"@type":"EntryPoint","urlTemplate":"https:\/\/www.rafanadalacademy.com\/it\/?s={search_term_string}"},"query-input":{"@type":"PropertyValueSpecification","valueRequired":true,"valueName":"search_term_string"}}],"inLanguage":"it-IT"},{"@type":"Person","@id":"https:\/\/www.rafanadalacademy.com\/it\/#\/schema\/person\/744897d6ee269641fff954376180ef01","name":"joseluisprados","image":{"@type":"ImageObject","inLanguage":"it-IT","@id":"https:\/\/www.rafanadalacademy.com\/it\/#\/schema\/person\/image\/","url":"https:\/\/secure.gravatar.com\/avatar\/8aa823a6e5501864ffab4785d9e2a994b59c2d45c9f9751c5a532abfec081e5f?s=96&d=mm&r=g","contentUrl":"https:\/\/secure.gravatar.com\/avatar\/8aa823a6e5501864ffab4785d9e2a994b59c2d45c9f9751c5a532abfec081e5f?s=96&d=mm&r=g","caption":"joseluisprados"},"url":"https:\/\/www.rafanadalacademy.com\/it\/author\/joseluisprados\/"},{"@type":"ImageObject","inLanguage":"it-IT","@id":"https:\/\/www.rafanadalacademy.com\/it\/notizia\/la-rafa-nadal-academy-ospita-il-primo-torneo-del-fip-tour-di-padel-2026-in-spagna\/#local-main-organization-logo","url":"","contentUrl":"","caption":"Rafa Nadal Academy"}]}},"_links":{"self":[{"href":"https:\/\/www.rafanadalacademy.com\/it\/wp-json\/wp\/v2\/posts\/38115","targetHints":{"allow":["GET"]}}],"collection":[{"href":"https:\/\/www.rafanadalacademy.com\/it\/wp-json\/wp\/v2\/posts"}],"about":[{"href":"https:\/\/www.rafanadalacademy.com\/it\/wp-json\/wp\/v2\/types\/post"}],"author":[{"embeddable":true,"href":"https:\/\/www.rafanadalacademy.com\/it\/wp-json\/wp\/v2\/users\/23"}],"replies":[{"embeddable":true,"href":"https:\/\/www.rafanadalacademy.com\/it\/wp-json\/wp\/v2\/comments?post=38115"}],"version-history":[{"count":1,"href":"https:\/\/www.rafanadalacademy.com\/it\/wp-json\/wp\/v2\/posts\/38115\/revisions"}],"predecessor-version":[{"id":38116,"href":"https:\/\/www.rafanadalacademy.com\/it\/wp-json\/wp\/v2\/posts\/38115\/revisions\/38116"}],"wp:featuredmedia":[{"embeddable":true,"href":"https:\/\/www.rafanadalacademy.com\/it\/wp-json\/wp\/v2\/media\/38103"}],"wp:attachment":[{"href":"https:\/\/www.rafanadalacademy.com\/it\/wp-json\/wp\/v2\/media?parent=38115"}],"wp:term":[{"taxonomy":"category","embeddable":true,"href":"https:\/\/www.rafanadalacademy.com\/it\/wp-json\/wp\/v2\/categories?post=38115"},{"taxonomy":"post_tag","embeddable":true,"href":"https:\/\/www.rafanadalacademy.com\/it\/wp-json\/wp\/v2\/tags?post=38115"}],"curies":[{"name":"wp","href":"https:\/\/api.w.org\/{rel}","templated":true}]}}