{"id":37467,"date":"2025-12-10T11:42:11","date_gmt":"2025-12-10T11:42:11","guid":{"rendered":"https:\/\/www.rafanadalacademy.com\/non-categorizzato\/il-rafa-nadal-academy-padel-tour-by-the-adecco-group-batte-ogni-record-alla-sua-seconda-edizione\/"},"modified":"2025-12-10T11:58:28","modified_gmt":"2025-12-10T11:58:28","slug":"il-rafa-nadal-academy-padel-tour-by-the-adecco-group-batte-ogni-record-alla-sua-seconda-edizione","status":"publish","type":"post","link":"https:\/\/www.rafanadalacademy.com\/it\/notizia\/il-rafa-nadal-academy-padel-tour-by-the-adecco-group-batte-ogni-record-alla-sua-seconda-edizione\/","title":{"rendered":"Il Rafa Nadal Academy P\u00e1del Tour by The Adecco Group batte ogni record alla sua seconda edizione"},"content":{"rendered":"\n<p>Maiorca ha messo il sigillo d&#8217;oro alla seconda edizione del Rafa Nadal Academy P\u00e1del Tour by The Adecco Group, il circuito amatoriale che quest&#8217;anno 2025 ha riunito quasi 2.000 giocatori e si \u00e8 consolidato come una delle proposte pi\u00f9 attraenti e complete del p\u00e1del amatoriale.<\/p>\n\n<figure class=\"wp-block-image size-full\"><img loading=\"lazy\" decoding=\"async\" width=\"2560\" height=\"2048\" src=\"https:\/\/www.rafanadalacademy.com\/wp-content\/uploads\/2025\/12\/RNA_061225_Partidos-RNA-Padel-Tour_024-scaled.jpg\" alt=\"\" class=\"wp-image-37449\" srcset=\"https:\/\/www.rafanadalacademy.com\/wp-content\/uploads\/2025\/12\/RNA_061225_Partidos-RNA-Padel-Tour_024-scaled.jpg 2560w, https:\/\/www.rafanadalacademy.com\/wp-content\/uploads\/2025\/12\/RNA_061225_Partidos-RNA-Padel-Tour_024-300x240.jpg 300w, https:\/\/www.rafanadalacademy.com\/wp-content\/uploads\/2025\/12\/RNA_061225_Partidos-RNA-Padel-Tour_024-1024x819.jpg 1024w, https:\/\/www.rafanadalacademy.com\/wp-content\/uploads\/2025\/12\/RNA_061225_Partidos-RNA-Padel-Tour_024-768x614.jpg 768w, https:\/\/www.rafanadalacademy.com\/wp-content\/uploads\/2025\/12\/RNA_061225_Partidos-RNA-Padel-Tour_024-1536x1229.jpg 1536w, https:\/\/www.rafanadalacademy.com\/wp-content\/uploads\/2025\/12\/RNA_061225_Partidos-RNA-Padel-Tour_024-2048x1638.jpg 2048w\" sizes=\"auto, (max-width: 2560px) 100vw, 2560px\" \/><\/figure>\n\n<div style=\"height:30px\" aria-hidden=\"true\" class=\"wp-block-spacer\"><\/div>\n\n<p>La prova finale disputata presso la Rafa Nadal Academy ha visto la partecipazione di 215 giocatori di squadre provenienti da tutta la penisola, nonch\u00e9 da Italia e Svizzera, e ha combinato competizione, svago e un&#8217;atmosfera unica che \u00e8 gi\u00e0 diventata un segno distintivo del Tour in queste prime due edizioni.<\/p>\n\n<p>Uno dei momenti pi\u00f9 emozionanti del fine settimana \u00e8 stato l&#8217;omaggio ricevuto da Carolina Navarro, che si \u00e8 recentemente ritirata dal p\u00e1del professionistico dopo una carriera sportiva di successo. Durante l&#8217;evento, tenutosi nei nuovi campi indoor dell&#8217;Accademia, la giocatrice di Malaga, punto di riferimento internazionale del p\u00e1del, ha ricevuto l&#8217;affetto di tutti i partecipanti e di Maribel Nadal, vicedirettrice generale della Rafa Nadal Academy, che hanno riconosciuto il suo percorso esemplare e il suo contributo allo sviluppo del p\u00e1del. <\/p>\n\n<div style=\"height:30px\" aria-hidden=\"true\" class=\"wp-block-spacer\"><\/div>\n\n<blockquote class=\"instagram-media\" data-instgrm-captioned=\"\" data-instgrm-permalink=\"https:\/\/www.instagram.com\/reel\/DR7ONW8iLfz\/?utm_source=ig_embed&#038;utm_campaign=loading\" data-instgrm-version=\"14\" style=\"  background:#FFF; border:0; border-radius:3px; box-shadow:0 0 1px 0 rgba(0,0,0,0.5),0 1px 10px 0 rgba(0,0,0,0.15); margin: 1px; max-width:540px; min-width:326px; padding:0; width:99.375%; width:-webkit-calc(100% - 2px); width:calc(100% - 2px);\"><div style=\"padding:16px;\"> <a href=\"https:\/\/www.instagram.com\/reel\/DR7ONW8iLfz\/?utm_source=ig_embed&#038;utm_campaign=loading\" style=\"  background:#FFFFFF; line-height:0; padding:0 0; text-align:center; text-decoration:none; width:100%;\" target=\"_blank\"> <div style=\"  display: flex; flex-direction: row; align-items: center;\"> <div style=\"background-color: #F4F4F4; border-radius: 50%; flex-grow: 0; height: 40px; margin-right: 14px; width: 40px;\"><\/div> <div style=\"display: flex; flex-direction: column; flex-grow: 1; justify-content: center;\"> <div style=\"  background-color: #F4F4F4; border-radius: 4px; flex-grow: 0; height: 14px; margin-bottom: 6px; width: 100px;\"><\/div> <div style=\"  background-color: #F4F4F4; border-radius: 4px; flex-grow: 0; height: 14px; width: 60px;\"><\/div><\/div><\/div><div style=\"padding: 19% 0;\"><\/div> <div style=\"display:block; height:50px; margin:0 auto 12px; width:50px;\"><svg xmlns=\"https:\/\/www.w3.org\/2000\/svg\" xmlns:xlink=\"https:\/\/www.w3.org\/1999\/xlink\" width=\"50px\" height=\"50px\" viewbox=\"0 0 60 60\" version=\"1.1\"><g stroke=\"none\" stroke-width=\"1\" fill=\"none\" fill-rule=\"evenodd\"><g transform=\"translate(-511.000000, -20.000000)\" fill=\"#000000\"><g><path d=\"M556.869,30.41 C554.814,30.41 553.148,32.076 553.148,34.131 C553.148,36.186 554.814,37.852 556.869,37.852 C558.924,37.852 560.59,36.186 560.59,34.131 C560.59,32.076 558.924,30.41 556.869,30.41 M541,60.657 C535.114,60.657 530.342,55.887 530.342,50 C530.342,44.114 535.114,39.342 541,39.342 C546.887,39.342 551.658,44.114 551.658,50 C551.658,55.887 546.887,60.657 541,60.657 M541,33.886 C532.1,33.886 524.886,41.1 524.886,50 C524.886,58.899 532.1,66.113 541,66.113 C549.9,66.113 557.115,58.899 557.115,50 C557.115,41.1 549.9,33.886 541,33.886 M565.378,62.101 C565.244,65.022 564.756,66.606 564.346,67.663 C563.803,69.06 563.154,70.057 562.106,71.106 C561.058,72.155 560.06,72.803 558.662,73.347 C557.607,73.757 556.021,74.244 553.102,74.378 C549.944,74.521 548.997,74.552 541,74.552 C533.003,74.552 532.056,74.521 528.898,74.378 C525.979,74.244 524.393,73.757 523.338,73.347 C521.94,72.803 520.942,72.155 519.894,71.106 C518.846,70.057 518.197,69.06 517.654,67.663 C517.244,66.606 516.755,65.022 516.623,62.101 C516.479,58.943 516.448,57.996 516.448,50 C516.448,42.003 516.479,41.056 516.623,37.899 C516.755,34.978 517.244,33.391 517.654,32.338 C518.197,30.938 518.846,29.942 519.894,28.894 C520.942,27.846 521.94,27.196 523.338,26.654 C524.393,26.244 525.979,25.756 528.898,25.623 C532.057,25.479 533.004,25.448 541,25.448 C548.997,25.448 549.943,25.479 553.102,25.623 C556.021,25.756 557.607,26.244 558.662,26.654 C560.06,27.196 561.058,27.846 562.106,28.894 C563.154,29.942 563.803,30.938 564.346,32.338 C564.756,33.391 565.244,34.978 565.378,37.899 C565.522,41.056 565.552,42.003 565.552,50 C565.552,57.996 565.522,58.943 565.378,62.101 M570.82,37.631 C570.674,34.438 570.167,32.258 569.425,30.349 C568.659,28.377 567.633,26.702 565.965,25.035 C564.297,23.368 562.623,22.342 560.652,21.575 C558.743,20.834 556.562,20.326 553.369,20.18 C550.169,20.033 549.148,20 541,20 C532.853,20 531.831,20.033 528.631,20.18 C525.438,20.326 523.257,20.834 521.349,21.575 C519.376,22.342 517.703,23.368 516.035,25.035 C514.368,26.702 513.342,28.377 512.574,30.349 C511.834,32.258 511.326,34.438 511.181,37.631 C511.035,40.831 511,41.851 511,50 C511,58.147 511.035,59.17 511.181,62.369 C511.326,65.562 511.834,67.743 512.574,69.651 C513.342,71.625 514.368,73.296 516.035,74.965 C517.703,76.634 519.376,77.658 521.349,78.425 C523.257,79.167 525.438,79.673 528.631,79.82 C531.831,79.965 532.853,80.001 541,80.001 C549.148,80.001 550.169,79.965 553.369,79.82 C556.562,79.673 558.743,79.167 560.652,78.425 C562.623,77.658 564.297,76.634 565.965,74.965 C567.633,73.296 568.659,71.625 569.425,69.651 C570.167,67.743 570.674,65.562 570.82,62.369 C570.966,59.17 571,58.147 571,50 C571,41.851 570.966,40.831 570.82,37.631\"><\/path><\/g><\/g><\/g><\/svg><\/div><div style=\"padding-top: 8px;\"> <div style=\"  color:#3897f0; font-family:Arial,sans-serif; font-size:14px; font-style:normal; font-weight:550; line-height:18px;\">Guarda questo post su Instagram<\/div><\/div><div style=\"padding: 12.5% 0;\"><\/div> <div style=\"display: flex; flex-direction: row; margin-bottom: 14px; align-items: center;\"><div> <div style=\"background-color: #F4F4F4; border-radius: 50%; height: 12.5px; width: 12.5px; transform: translateX(0px) translateY(7px);\"><\/div> <div style=\"background-color: #F4F4F4; height: 12.5px; transform: rotate(-45deg) translateX(3px) translateY(1px); width: 12.5px; flex-grow: 0; margin-right: 14px; margin-left: 2px;\"><\/div> <div style=\"background-color: #F4F4F4; border-radius: 50%; height: 12.5px; width: 12.5px; transform: translateX(9px) translateY(-18px);\"><\/div><\/div><div style=\"margin-left: 8px;\"> <div style=\"  background-color: #F4F4F4; border-radius: 50%; flex-grow: 0; height: 20px; width: 20px;\"><\/div> <div style=\"  width: 0; height: 0; border-top: 2px solid transparent; border-left: 6px solid #f4f4f4; border-bottom: 2px solid transparent; transform: translateX(16px) translateY(-4px) rotate(30deg)\"><\/div><\/div><div style=\"margin-left: auto;\"> <div style=\"  width: 0px; border-top: 8px solid #F4F4F4; border-right: 8px solid transparent; transform: translateY(16px);\"><\/div> <div style=\"  background-color: #F4F4F4; flex-grow: 0; height: 12px; width: 16px; transform: translateY(-4px);\"><\/div> <div style=\"  width: 0; height: 0; border-top: 8px solid #F4F4F4; border-left: 8px solid transparent; transform: translateY(-4px) translateX(8px);\"><\/div><\/div><\/div> <div style=\"display: flex; flex-direction: column; flex-grow: 1; justify-content: center; margin-bottom: 24px;\"> <div style=\"  background-color: #F4F4F4; border-radius: 4px; flex-grow: 0; height: 14px; margin-bottom: 6px; width: 224px;\"><\/div> <div style=\"  background-color: #F4F4F4; border-radius: 4px; flex-grow: 0; height: 14px; width: 144px;\"><\/div><\/div><\/a><p style=\"  color:#c9c8cd; font-family:Arial,sans-serif; font-size:14px; line-height:17px; margin-bottom:0; margin-top:8px; overflow:hidden; padding:8px 0 7px; text-align:center; text-overflow:ellipsis; white-space:nowrap;\"><a href=\"https:\/\/www.instagram.com\/reel\/DR7ONW8iLfz\/?utm_source=ig_embed&#038;utm_campaign=loading\" style=\"  color:#c9c8cd; font-family:Arial,sans-serif; font-size:14px; font-style:normal; font-weight:normal; line-height:17px; text-decoration:none;\" target=\"_blank\">Un post condiviso da Rafa Nadal Academy (@rafanadalacademy)<\/a><\/p><\/div><\/blockquote>\n<script async=\"\" src=\"\/\/www.instagram.com\/embed.js\"><\/script>\n\n<div style=\"height:30px\" aria-hidden=\"true\" class=\"wp-block-spacer\"><\/div>\n\n<p>La stessa Navarro ha elogiato il Rafa Nadal P\u00e1del Tour by The Adecco Group e in particolare la prova di Maiorca. &#8220;Ogni anno vi superate. Un&#8217;atmosfera incredibile, con gente proveniente da fuori Spagna. Le nuove strutture dell&#8217;Accademia, questi campi indoor sono stati fantastici e poi il &#8216;tardeo&#8217;. Mi \u00e8 piaciuto molto e l&#8217;anno prossimo sar\u00f2 di nuovo qui&#8221;. <\/p>\n\n<div style=\"height:30px\" aria-hidden=\"true\" class=\"wp-block-spacer\"><\/div>\n\n<figure class=\"wp-block-image size-large\"><img loading=\"lazy\" decoding=\"async\" width=\"1024\" height=\"819\" src=\"https:\/\/www.rafanadalacademy.com\/wp-content\/uploads\/2025\/12\/Rafa-Nadal-Padel-Tour-by-The-Adecco-Groupo-II-1024x819.jpg\" alt=\"\" class=\"wp-image-37439\" srcset=\"https:\/\/www.rafanadalacademy.com\/wp-content\/uploads\/2025\/12\/Rafa-Nadal-Padel-Tour-by-The-Adecco-Groupo-II-1024x819.jpg 1024w, https:\/\/www.rafanadalacademy.com\/wp-content\/uploads\/2025\/12\/Rafa-Nadal-Padel-Tour-by-The-Adecco-Groupo-II-300x240.jpg 300w, https:\/\/www.rafanadalacademy.com\/wp-content\/uploads\/2025\/12\/Rafa-Nadal-Padel-Tour-by-The-Adecco-Groupo-II-768x614.jpg 768w, https:\/\/www.rafanadalacademy.com\/wp-content\/uploads\/2025\/12\/Rafa-Nadal-Padel-Tour-by-The-Adecco-Groupo-II-1536x1229.jpg 1536w, https:\/\/www.rafanadalacademy.com\/wp-content\/uploads\/2025\/12\/Rafa-Nadal-Padel-Tour-by-The-Adecco-Groupo-II-2048x1638.jpg 2048w\" sizes=\"auto, (max-width: 1024px) 100vw, 1024px\" \/><\/figure>\n\n<div style=\"height:30px\" aria-hidden=\"true\" class=\"wp-block-spacer\"><\/div>\n\n<p>La chiusura a Manacor conclude un percorso che quest&#8217;anno ha portato il circuito a Santander, Madrid, Barcellona, Estepona, Siviglia, Valencia e Gij\u00f3n. Parallelamente, il Rafa Nadal P\u00e1del Tour by The Adecco Group ha iniziato la sua espansione internazionale con un Tour che ha toccato altre sei citt\u00e0 italiane (Roma, Torino, Perugia, Bari, Bergamo e Firenze), convergendo entrambi i circuiti nella grande finale. <\/p>\n\n<div style=\"height:30px\" aria-hidden=\"true\" class=\"wp-block-spacer\"><\/div>\n\n<figure class=\"wp-block-embed is-type-video is-provider-youtube wp-block-embed-youtube wp-embed-aspect-16-9 wp-has-aspect-ratio\"><div class=\"wp-block-embed__wrapper\">\n<iframe loading=\"lazy\" title=\"Arranca el Rafa Nadal Academy Padel Tour Italia\" width=\"500\" height=\"281\" src=\"https:\/\/www.youtube.com\/embed\/nnMIXPfnw50?feature=oembed\" frameborder=\"0\" allow=\"accelerometer; autoplay; clipboard-write; encrypted-media; gyroscope; picture-in-picture; web-share\" referrerpolicy=\"strict-origin-when-cross-origin\" allowfullscreen><\/iframe>\n<\/div><\/figure>\n\n<div style=\"height:30px\" aria-hidden=\"true\" class=\"wp-block-spacer\"><\/div>\n\n<p>La chiusura a Manacor conclude un percorso che quest&#8217;anno ha portato il circuito a Santander, Madrid, Barcellona, Estepona, Siviglia, Valencia e Gij\u00f3n. Parallelamente, il Rafa Nadal P\u00e1del Tour by The Adecco Group ha iniziato la sua espansione internazionale con un Tour che ha toccato altre sei citt\u00e0 italiane (Roma, Torino, Perugia, Bari, Bergamo e Firenze), convergendo entrambi i circuiti nella grande finale. <\/p>\n\n<p>Il formato a squadre del circuito permette a ogni squadra partecipante di essere composta da un minimo di sei giocatori suddivisi in tre coppie per eliminatoria, garantendo un minimo di due incontri. Questa dinamica ha contribuito a generare un&#8217;esperienza collettiva, dinamica e molto apprezzata dai partecipanti. <\/p>\n\n<p>Maribel Nadal, vicedirettrice generale della Rafa Nadal Academy, ha cos\u00ec valutato l&#8217;evoluzione del circuito: \u201cL&#8217;accoglienza da parte dei giocatori della prima edizione \u00e8 stata incredibile e in questa le aspettative sono state superate. Definitivamente il formato a squadre \u00e8 stato un successo e poter combinare sport e svago ci ha fornito un&#8217;atmosfera unica in ognuna delle prove di entrambi i circuiti. Stiamo gi\u00e0 lavorando alla terza edizione per incorporare novit\u00e0 che lo consolidino come uno dei circuiti di riferimento nel p\u00e1del amatoriale e, vista la domanda di molti club e paesi, stiamo valutando anche di proseguire con l&#8217;internazionalizzazione\u201d.<\/p>\n\n<div style=\"height:30px\" aria-hidden=\"true\" class=\"wp-block-spacer\"><\/div>\n\n<figure class=\"wp-block-embed is-type-video is-provider-youtube wp-block-embed-youtube wp-embed-aspect-16-9 wp-has-aspect-ratio\"><div class=\"wp-block-embed__wrapper\">\n<iframe loading=\"lazy\" title=\"La Rafa Nadal Academy inaugura 3 nuevas pistas de p\u00e1del indoor\" width=\"500\" height=\"281\" src=\"https:\/\/www.youtube.com\/embed\/kRnXNBSOqRw?feature=oembed\" frameborder=\"0\" allow=\"accelerometer; autoplay; clipboard-write; encrypted-media; gyroscope; picture-in-picture; web-share\" referrerpolicy=\"strict-origin-when-cross-origin\" allowfullscreen><\/iframe>\n<\/div><\/figure>\n\n<div style=\"height:30px\" aria-hidden=\"true\" class=\"wp-block-spacer\"><\/div>\n\n<p>Conosciuta per il suo prestigio nella formazione di giovani tennisti sin dalla sua apertura nel 2016, la Rafa Nadal Academy ha rafforzato negli ultimi anni il suo impegno per il p\u00e1del. Il complesso dispone attualmente di 19 campi da p\u00e1del (9 esterni e 10 coperti), un centro fitness di ultima generazione, spazi per la salute e il benessere, un&#8217;ampia offerta di ristorazione e una moderna residenza. Un ambiente unico che rende il campus di Manacor un punto di riferimento anche per la pratica del p\u00e1del.  <\/p>\n\n<p>Con l&#8217;organizzazione del Rafa Nadal Academy P\u00e1del Tour by The Adecco Group, l&#8217;Accademia riafferma il suo impegno a diffondere la sua metodologia, i suoi valori e il suo DNA nell&#8217;ambito del p\u00e1del amatoriale attraverso un circuito innovativo che \u00e8 arrivato per restare.<\/p>\n\n<div style=\"height:30px\" aria-hidden=\"true\" class=\"wp-block-spacer\"><\/div>\n\n<figure class=\"wp-block-embed is-type-video is-provider-youtube wp-block-embed-youtube wp-embed-aspect-16-9 wp-has-aspect-ratio\"><div class=\"wp-block-embed__wrapper\">\n<iframe loading=\"lazy\" title=\"Programas de p\u00e1del para jugadores Amateur de la Rafa Nadal Academy\" width=\"500\" height=\"281\" src=\"https:\/\/www.youtube.com\/embed\/4IFtn6TCmvE?feature=oembed\" frameborder=\"0\" allow=\"accelerometer; autoplay; clipboard-write; encrypted-media; gyroscope; picture-in-picture; web-share\" referrerpolicy=\"strict-origin-when-cross-origin\" allowfullscreen><\/iframe>\n<\/div><\/figure>\n","protected":false},"excerpt":{"rendered":"<p>Maiorca ha messo il sigillo d&#8217;oro alla seconda edizione del Rafa Nadal Academy P\u00e1del Tour by The Adecco Group, il circuito amatoriale che quest&#8217;anno 2025 ha riunito quasi 2.000 giocatori e si \u00e8 consolidato come una delle proposte pi\u00f9 attraenti e complete del p\u00e1del amatoriale. La prova finale disputata presso la Rafa Nadal Academy ha<a href=\"https:\/\/www.rafanadalacademy.com\/it\/notizia\/il-rafa-nadal-academy-padel-tour-by-the-adecco-group-batte-ogni-record-alla-sua-seconda-edizione\/\">Continue reading <span class=\"sr-only\">&#8220;Il Rafa Nadal Academy P\u00e1del Tour by The Adecco Group batte ogni record alla sua seconda edizione&#8221;<\/span><\/a><\/p>\n","protected":false},"author":23,"featured_media":37436,"comment_status":"closed","ping_status":"closed","sticky":false,"template":"","format":"standard","meta":{"_acf_changed":false,"footnotes":""},"categories":[200,160,170],"tags":[201,172],"class_list":["post-37467","post","type-post","status-publish","format-standard","has-post-thumbnail","hentry","category-accademia-rafa-nadal-di-movistar","category-notizia","category-padel-it","tag-accademia-rafa-nadal-di-movistar","tag-rafa-nadal-academy-padel-tour-it"],"acf":[],"yoast_head":"<!-- This site is optimized with the Yoast SEO Premium plugin v26.8 (Yoast SEO v26.9) - https:\/\/yoast.com\/product\/yoast-seo-premium-wordpress\/ -->\n<title>Il Rafa Nadal Academy P\u00e1del Tour by The Adecco Group batte ogni record alla sua seconda edizione - Rafa Nadal Academy<\/title>\n<meta name=\"description\" content=\"Maiorca ha messo il sigillo d&#039;oro alla seconda edizione del Rafa Nadal Academy P\u00e1del Tour by The Adecco Group, il circuito amatoriale che quest&#039;anno 2025 ha riunito quasi 2.000 giocatori\" \/>\n<meta name=\"robots\" content=\"index, follow, max-snippet:-1, max-image-preview:large, max-video-preview:-1\" \/>\n<link rel=\"canonical\" href=\"https:\/\/www.rafanadalacademy.com\/it\/notizia\/il-rafa-nadal-academy-padel-tour-by-the-adecco-group-batte-ogni-record-alla-sua-seconda-edizione\/\" \/>\n<meta property=\"og:locale\" content=\"it_IT\" \/>\n<meta property=\"og:type\" content=\"article\" \/>\n<meta property=\"og:title\" content=\"Il Rafa Nadal Academy P\u00e1del Tour by The Adecco Group batte ogni record alla sua seconda edizione\" \/>\n<meta property=\"og:description\" content=\"Maiorca ha messo il sigillo d&#039;oro alla seconda edizione del Rafa Nadal Academy P\u00e1del Tour by The Adecco Group, il circuito amatoriale che quest&#039;anno 2025 ha riunito quasi 2.000 giocatori\" \/>\n<meta property=\"og:url\" content=\"https:\/\/www.rafanadalacademy.com\/it\/notizia\/il-rafa-nadal-academy-padel-tour-by-the-adecco-group-batte-ogni-record-alla-sua-seconda-edizione\/\" \/>\n<meta property=\"og:site_name\" content=\"Rafa Nadal Academy\" \/>\n<meta property=\"article:published_time\" content=\"2025-12-10T11:42:11+00:00\" \/>\n<meta property=\"article:modified_time\" content=\"2025-12-10T11:58:28+00:00\" \/>\n<meta property=\"og:image\" content=\"https:\/\/www.rafanadalacademy.com\/wp-content\/uploads\/2025\/12\/Rafa-Nadal-Academy-Padel-Tour-by-The-Adecco-Group-e1765366959608.jpg\" \/>\n\t<meta property=\"og:image:width\" content=\"2560\" \/>\n\t<meta property=\"og:image:height\" content=\"1707\" \/>\n\t<meta property=\"og:image:type\" content=\"image\/jpeg\" \/>\n<meta name=\"author\" content=\"joseluisprados\" \/>\n<meta name=\"twitter:card\" content=\"summary_large_image\" \/>\n<meta name=\"twitter:label1\" content=\"Written by\" \/>\n\t<meta name=\"twitter:data1\" content=\"joseluisprados\" \/>\n\t<meta name=\"twitter:label2\" content=\"Est. reading time\" \/>\n\t<meta name=\"twitter:data2\" content=\"3 minutes\" \/>\n<script type=\"application\/ld+json\" class=\"yoast-schema-graph\">{\"@context\":\"https:\/\/schema.org\",\"@graph\":[{\"@type\":\"Article\",\"@id\":\"https:\/\/www.rafanadalacademy.com\/it\/notizia\/il-rafa-nadal-academy-padel-tour-by-the-adecco-group-batte-ogni-record-alla-sua-seconda-edizione\/#article\",\"isPartOf\":{\"@id\":\"https:\/\/www.rafanadalacademy.com\/it\/notizia\/il-rafa-nadal-academy-padel-tour-by-the-adecco-group-batte-ogni-record-alla-sua-seconda-edizione\/\"},\"author\":{\"name\":\"joseluisprados\",\"@id\":\"https:\/\/www.rafanadalacademy.com\/it\/#\/schema\/person\/744897d6ee269641fff954376180ef01\"},\"headline\":\"Il Rafa Nadal Academy P\u00e1del Tour by The Adecco Group batte ogni record alla sua seconda edizione\",\"datePublished\":\"2025-12-10T11:42:11+00:00\",\"dateModified\":\"2025-12-10T11:58:28+00:00\",\"mainEntityOfPage\":{\"@id\":\"https:\/\/www.rafanadalacademy.com\/it\/notizia\/il-rafa-nadal-academy-padel-tour-by-the-adecco-group-batte-ogni-record-alla-sua-seconda-edizione\/\"},\"wordCount\":702,\"image\":{\"@id\":\"https:\/\/www.rafanadalacademy.com\/it\/notizia\/il-rafa-nadal-academy-padel-tour-by-the-adecco-group-batte-ogni-record-alla-sua-seconda-edizione\/#primaryimage\"},\"thumbnailUrl\":\"https:\/\/www.rafanadalacademy.com\/wp-content\/uploads\/2025\/12\/Rafa-Nadal-Academy-Padel-Tour-by-The-Adecco-Group-e1765366959608.jpg\",\"keywords\":[\"ACCADEMIA RAFA NADAL DI MOVISTAR\",\"RAFA NADAL ACADEMY PADEL TOUR\"],\"articleSection\":[\"ACCADEMIA RAFA NADAL DI MOVISTAR\",\"Notizia\",\"PADEL\"],\"inLanguage\":\"it-IT\",\"copyrightYear\":\"2025\",\"copyrightHolder\":{\"@id\":\"https:\/\/www.rafanadalacademy.com\/#organization\"}},{\"@type\":\"WebPage\",\"@id\":\"https:\/\/www.rafanadalacademy.com\/it\/notizia\/il-rafa-nadal-academy-padel-tour-by-the-adecco-group-batte-ogni-record-alla-sua-seconda-edizione\/\",\"url\":\"https:\/\/www.rafanadalacademy.com\/it\/notizia\/il-rafa-nadal-academy-padel-tour-by-the-adecco-group-batte-ogni-record-alla-sua-seconda-edizione\/\",\"name\":\"Il Rafa Nadal Academy P\u00e1del Tour by The Adecco Group batte ogni record alla sua seconda edizione - Rafa Nadal Academy\",\"isPartOf\":{\"@id\":\"https:\/\/www.rafanadalacademy.com\/it\/#website\"},\"primaryImageOfPage\":{\"@id\":\"https:\/\/www.rafanadalacademy.com\/it\/notizia\/il-rafa-nadal-academy-padel-tour-by-the-adecco-group-batte-ogni-record-alla-sua-seconda-edizione\/#primaryimage\"},\"image\":{\"@id\":\"https:\/\/www.rafanadalacademy.com\/it\/notizia\/il-rafa-nadal-academy-padel-tour-by-the-adecco-group-batte-ogni-record-alla-sua-seconda-edizione\/#primaryimage\"},\"thumbnailUrl\":\"https:\/\/www.rafanadalacademy.com\/wp-content\/uploads\/2025\/12\/Rafa-Nadal-Academy-Padel-Tour-by-The-Adecco-Group-e1765366959608.jpg\",\"datePublished\":\"2025-12-10T11:42:11+00:00\",\"dateModified\":\"2025-12-10T11:58:28+00:00\",\"author\":{\"@id\":\"https:\/\/www.rafanadalacademy.com\/it\/#\/schema\/person\/744897d6ee269641fff954376180ef01\"},\"description\":\"Maiorca ha messo il sigillo d'oro alla seconda edizione del Rafa Nadal Academy P\u00e1del Tour by The Adecco Group, il circuito amatoriale che quest'anno 2025 ha riunito quasi 2.000 giocatori\",\"breadcrumb\":{\"@id\":\"https:\/\/www.rafanadalacademy.com\/it\/notizia\/il-rafa-nadal-academy-padel-tour-by-the-adecco-group-batte-ogni-record-alla-sua-seconda-edizione\/#breadcrumb\"},\"inLanguage\":\"it-IT\",\"potentialAction\":[{\"@type\":\"ReadAction\",\"target\":[\"https:\/\/www.rafanadalacademy.com\/it\/notizia\/il-rafa-nadal-academy-padel-tour-by-the-adecco-group-batte-ogni-record-alla-sua-seconda-edizione\/\"]}]},{\"@type\":\"ImageObject\",\"inLanguage\":\"it-IT\",\"@id\":\"https:\/\/www.rafanadalacademy.com\/it\/notizia\/il-rafa-nadal-academy-padel-tour-by-the-adecco-group-batte-ogni-record-alla-sua-seconda-edizione\/#primaryimage\",\"url\":\"https:\/\/www.rafanadalacademy.com\/wp-content\/uploads\/2025\/12\/Rafa-Nadal-Academy-Padel-Tour-by-The-Adecco-Group-e1765366959608.jpg\",\"contentUrl\":\"https:\/\/www.rafanadalacademy.com\/wp-content\/uploads\/2025\/12\/Rafa-Nadal-Academy-Padel-Tour-by-The-Adecco-Group-e1765366959608.jpg\",\"width\":2560,\"height\":1707,\"caption\":\"Mallorca ha puesto el broche de oro a la segunda edici\u00f3n del Rafa Nadal Academy P\u00e1del Tour by The Adecco Group, el circuito amateur que este a\u00f1o 2025 ha reunido a casi 2.000 jugadores\"},{\"@type\":\"BreadcrumbList\",\"@id\":\"https:\/\/www.rafanadalacademy.com\/it\/notizia\/il-rafa-nadal-academy-padel-tour-by-the-adecco-group-batte-ogni-record-alla-sua-seconda-edizione\/#breadcrumb\",\"itemListElement\":[{\"@type\":\"ListItem\",\"position\":1,\"name\":\"Home\",\"item\":\"https:\/\/www.rafanadalacademy.com\/it\/\"},{\"@type\":\"ListItem\",\"position\":2,\"name\":\"Il Rafa Nadal Academy P\u00e1del Tour by The Adecco Group batte ogni record alla sua seconda edizione\"}]},{\"@type\":\"WebSite\",\"@id\":\"https:\/\/www.rafanadalacademy.com\/it\/#website\",\"url\":\"https:\/\/www.rafanadalacademy.com\/it\/\",\"name\":\"Rafa Nadal Academy\",\"description\":\"Otro sitio realizado con WordPress\",\"potentialAction\":[{\"@type\":\"SearchAction\",\"target\":{\"@type\":\"EntryPoint\",\"urlTemplate\":\"https:\/\/www.rafanadalacademy.com\/it\/?s={search_term_string}\"},\"query-input\":{\"@type\":\"PropertyValueSpecification\",\"valueRequired\":true,\"valueName\":\"search_term_string\"}}],\"inLanguage\":\"it-IT\"},{\"@type\":\"Person\",\"@id\":\"https:\/\/www.rafanadalacademy.com\/it\/#\/schema\/person\/744897d6ee269641fff954376180ef01\",\"name\":\"joseluisprados\",\"image\":{\"@type\":\"ImageObject\",\"inLanguage\":\"it-IT\",\"@id\":\"https:\/\/www.rafanadalacademy.com\/it\/#\/schema\/person\/image\/\",\"url\":\"https:\/\/secure.gravatar.com\/avatar\/8aa823a6e5501864ffab4785d9e2a994b59c2d45c9f9751c5a532abfec081e5f?s=96&d=mm&r=g\",\"contentUrl\":\"https:\/\/secure.gravatar.com\/avatar\/8aa823a6e5501864ffab4785d9e2a994b59c2d45c9f9751c5a532abfec081e5f?s=96&d=mm&r=g\",\"caption\":\"joseluisprados\"},\"url\":\"https:\/\/www.rafanadalacademy.com\/it\/author\/joseluisprados\/\"},{\"@type\":\"ImageObject\",\"inLanguage\":\"it-IT\",\"@id\":\"https:\/\/www.rafanadalacademy.com\/it\/notizia\/il-rafa-nadal-academy-padel-tour-by-the-adecco-group-batte-ogni-record-alla-sua-seconda-edizione\/#local-main-organization-logo\",\"url\":\"\",\"contentUrl\":\"\",\"caption\":\"Rafa Nadal Academy\"}]}<\/script>\n<!-- \/ Yoast SEO Premium plugin. -->","yoast_head_json":{"title":"Il Rafa Nadal Academy P\u00e1del Tour by The Adecco Group batte ogni record alla sua seconda edizione - Rafa Nadal Academy","description":"Maiorca ha messo il sigillo d'oro alla seconda edizione del Rafa Nadal Academy P\u00e1del Tour by The Adecco Group, il circuito amatoriale che quest'anno 2025 ha riunito quasi 2.000 giocatori","robots":{"index":"index","follow":"follow","max-snippet":"max-snippet:-1","max-image-preview":"max-image-preview:large","max-video-preview":"max-video-preview:-1"},"canonical":"https:\/\/www.rafanadalacademy.com\/it\/notizia\/il-rafa-nadal-academy-padel-tour-by-the-adecco-group-batte-ogni-record-alla-sua-seconda-edizione\/","og_locale":"it_IT","og_type":"article","og_title":"Il Rafa Nadal Academy P\u00e1del Tour by The Adecco Group batte ogni record alla sua seconda edizione","og_description":"Maiorca ha messo il sigillo d'oro alla seconda edizione del Rafa Nadal Academy P\u00e1del Tour by The Adecco Group, il circuito amatoriale che quest'anno 2025 ha riunito quasi 2.000 giocatori","og_url":"https:\/\/www.rafanadalacademy.com\/it\/notizia\/il-rafa-nadal-academy-padel-tour-by-the-adecco-group-batte-ogni-record-alla-sua-seconda-edizione\/","og_site_name":"Rafa Nadal Academy","article_published_time":"2025-12-10T11:42:11+00:00","article_modified_time":"2025-12-10T11:58:28+00:00","og_image":[{"width":2560,"height":1707,"url":"https:\/\/www.rafanadalacademy.com\/wp-content\/uploads\/2025\/12\/Rafa-Nadal-Academy-Padel-Tour-by-The-Adecco-Group-e1765366959608.jpg","type":"image\/jpeg"}],"author":"joseluisprados","twitter_card":"summary_large_image","twitter_misc":{"Written by":"joseluisprados","Est. reading time":"3 minutes"},"schema":{"@context":"https:\/\/schema.org","@graph":[{"@type":"Article","@id":"https:\/\/www.rafanadalacademy.com\/it\/notizia\/il-rafa-nadal-academy-padel-tour-by-the-adecco-group-batte-ogni-record-alla-sua-seconda-edizione\/#article","isPartOf":{"@id":"https:\/\/www.rafanadalacademy.com\/it\/notizia\/il-rafa-nadal-academy-padel-tour-by-the-adecco-group-batte-ogni-record-alla-sua-seconda-edizione\/"},"author":{"name":"joseluisprados","@id":"https:\/\/www.rafanadalacademy.com\/it\/#\/schema\/person\/744897d6ee269641fff954376180ef01"},"headline":"Il Rafa Nadal Academy P\u00e1del Tour by The Adecco Group batte ogni record alla sua seconda edizione","datePublished":"2025-12-10T11:42:11+00:00","dateModified":"2025-12-10T11:58:28+00:00","mainEntityOfPage":{"@id":"https:\/\/www.rafanadalacademy.com\/it\/notizia\/il-rafa-nadal-academy-padel-tour-by-the-adecco-group-batte-ogni-record-alla-sua-seconda-edizione\/"},"wordCount":702,"image":{"@id":"https:\/\/www.rafanadalacademy.com\/it\/notizia\/il-rafa-nadal-academy-padel-tour-by-the-adecco-group-batte-ogni-record-alla-sua-seconda-edizione\/#primaryimage"},"thumbnailUrl":"https:\/\/www.rafanadalacademy.com\/wp-content\/uploads\/2025\/12\/Rafa-Nadal-Academy-Padel-Tour-by-The-Adecco-Group-e1765366959608.jpg","keywords":["ACCADEMIA RAFA NADAL DI MOVISTAR","RAFA NADAL ACADEMY PADEL TOUR"],"articleSection":["ACCADEMIA RAFA NADAL DI MOVISTAR","Notizia","PADEL"],"inLanguage":"it-IT","copyrightYear":"2025","copyrightHolder":{"@id":"https:\/\/www.rafanadalacademy.com\/#organization"}},{"@type":"WebPage","@id":"https:\/\/www.rafanadalacademy.com\/it\/notizia\/il-rafa-nadal-academy-padel-tour-by-the-adecco-group-batte-ogni-record-alla-sua-seconda-edizione\/","url":"https:\/\/www.rafanadalacademy.com\/it\/notizia\/il-rafa-nadal-academy-padel-tour-by-the-adecco-group-batte-ogni-record-alla-sua-seconda-edizione\/","name":"Il Rafa Nadal Academy P\u00e1del Tour by The Adecco Group batte ogni record alla sua seconda edizione - Rafa Nadal Academy","isPartOf":{"@id":"https:\/\/www.rafanadalacademy.com\/it\/#website"},"primaryImageOfPage":{"@id":"https:\/\/www.rafanadalacademy.com\/it\/notizia\/il-rafa-nadal-academy-padel-tour-by-the-adecco-group-batte-ogni-record-alla-sua-seconda-edizione\/#primaryimage"},"image":{"@id":"https:\/\/www.rafanadalacademy.com\/it\/notizia\/il-rafa-nadal-academy-padel-tour-by-the-adecco-group-batte-ogni-record-alla-sua-seconda-edizione\/#primaryimage"},"thumbnailUrl":"https:\/\/www.rafanadalacademy.com\/wp-content\/uploads\/2025\/12\/Rafa-Nadal-Academy-Padel-Tour-by-The-Adecco-Group-e1765366959608.jpg","datePublished":"2025-12-10T11:42:11+00:00","dateModified":"2025-12-10T11:58:28+00:00","author":{"@id":"https:\/\/www.rafanadalacademy.com\/it\/#\/schema\/person\/744897d6ee269641fff954376180ef01"},"description":"Maiorca ha messo il sigillo d'oro alla seconda edizione del Rafa Nadal Academy P\u00e1del Tour by The Adecco Group, il circuito amatoriale che quest'anno 2025 ha riunito quasi 2.000 giocatori","breadcrumb":{"@id":"https:\/\/www.rafanadalacademy.com\/it\/notizia\/il-rafa-nadal-academy-padel-tour-by-the-adecco-group-batte-ogni-record-alla-sua-seconda-edizione\/#breadcrumb"},"inLanguage":"it-IT","potentialAction":[{"@type":"ReadAction","target":["https:\/\/www.rafanadalacademy.com\/it\/notizia\/il-rafa-nadal-academy-padel-tour-by-the-adecco-group-batte-ogni-record-alla-sua-seconda-edizione\/"]}]},{"@type":"ImageObject","inLanguage":"it-IT","@id":"https:\/\/www.rafanadalacademy.com\/it\/notizia\/il-rafa-nadal-academy-padel-tour-by-the-adecco-group-batte-ogni-record-alla-sua-seconda-edizione\/#primaryimage","url":"https:\/\/www.rafanadalacademy.com\/wp-content\/uploads\/2025\/12\/Rafa-Nadal-Academy-Padel-Tour-by-The-Adecco-Group-e1765366959608.jpg","contentUrl":"https:\/\/www.rafanadalacademy.com\/wp-content\/uploads\/2025\/12\/Rafa-Nadal-Academy-Padel-Tour-by-The-Adecco-Group-e1765366959608.jpg","width":2560,"height":1707,"caption":"Mallorca ha puesto el broche de oro a la segunda edici\u00f3n del Rafa Nadal Academy P\u00e1del Tour by The Adecco Group, el circuito amateur que este a\u00f1o 2025 ha reunido a casi 2.000 jugadores"},{"@type":"BreadcrumbList","@id":"https:\/\/www.rafanadalacademy.com\/it\/notizia\/il-rafa-nadal-academy-padel-tour-by-the-adecco-group-batte-ogni-record-alla-sua-seconda-edizione\/#breadcrumb","itemListElement":[{"@type":"ListItem","position":1,"name":"Home","item":"https:\/\/www.rafanadalacademy.com\/it\/"},{"@type":"ListItem","position":2,"name":"Il Rafa Nadal Academy P\u00e1del Tour by The Adecco Group batte ogni record alla sua seconda edizione"}]},{"@type":"WebSite","@id":"https:\/\/www.rafanadalacademy.com\/it\/#website","url":"https:\/\/www.rafanadalacademy.com\/it\/","name":"Rafa Nadal Academy","description":"Otro sitio realizado con WordPress","potentialAction":[{"@type":"SearchAction","target":{"@type":"EntryPoint","urlTemplate":"https:\/\/www.rafanadalacademy.com\/it\/?s={search_term_string}"},"query-input":{"@type":"PropertyValueSpecification","valueRequired":true,"valueName":"search_term_string"}}],"inLanguage":"it-IT"},{"@type":"Person","@id":"https:\/\/www.rafanadalacademy.com\/it\/#\/schema\/person\/744897d6ee269641fff954376180ef01","name":"joseluisprados","image":{"@type":"ImageObject","inLanguage":"it-IT","@id":"https:\/\/www.rafanadalacademy.com\/it\/#\/schema\/person\/image\/","url":"https:\/\/secure.gravatar.com\/avatar\/8aa823a6e5501864ffab4785d9e2a994b59c2d45c9f9751c5a532abfec081e5f?s=96&d=mm&r=g","contentUrl":"https:\/\/secure.gravatar.com\/avatar\/8aa823a6e5501864ffab4785d9e2a994b59c2d45c9f9751c5a532abfec081e5f?s=96&d=mm&r=g","caption":"joseluisprados"},"url":"https:\/\/www.rafanadalacademy.com\/it\/author\/joseluisprados\/"},{"@type":"ImageObject","inLanguage":"it-IT","@id":"https:\/\/www.rafanadalacademy.com\/it\/notizia\/il-rafa-nadal-academy-padel-tour-by-the-adecco-group-batte-ogni-record-alla-sua-seconda-edizione\/#local-main-organization-logo","url":"","contentUrl":"","caption":"Rafa Nadal Academy"}]}},"_links":{"self":[{"href":"https:\/\/www.rafanadalacademy.com\/it\/wp-json\/wp\/v2\/posts\/37467","targetHints":{"allow":["GET"]}}],"collection":[{"href":"https:\/\/www.rafanadalacademy.com\/it\/wp-json\/wp\/v2\/posts"}],"about":[{"href":"https:\/\/www.rafanadalacademy.com\/it\/wp-json\/wp\/v2\/types\/post"}],"author":[{"embeddable":true,"href":"https:\/\/www.rafanadalacademy.com\/it\/wp-json\/wp\/v2\/users\/23"}],"replies":[{"embeddable":true,"href":"https:\/\/www.rafanadalacademy.com\/it\/wp-json\/wp\/v2\/comments?post=37467"}],"version-history":[{"count":1,"href":"https:\/\/www.rafanadalacademy.com\/it\/wp-json\/wp\/v2\/posts\/37467\/revisions"}],"predecessor-version":[{"id":37468,"href":"https:\/\/www.rafanadalacademy.com\/it\/wp-json\/wp\/v2\/posts\/37467\/revisions\/37468"}],"wp:featuredmedia":[{"embeddable":true,"href":"https:\/\/www.rafanadalacademy.com\/it\/wp-json\/wp\/v2\/media\/37436"}],"wp:attachment":[{"href":"https:\/\/www.rafanadalacademy.com\/it\/wp-json\/wp\/v2\/media?parent=37467"}],"wp:term":[{"taxonomy":"category","embeddable":true,"href":"https:\/\/www.rafanadalacademy.com\/it\/wp-json\/wp\/v2\/categories?post=37467"},{"taxonomy":"post_tag","embeddable":true,"href":"https:\/\/www.rafanadalacademy.com\/it\/wp-json\/wp\/v2\/tags?post=37467"}],"curies":[{"name":"wp","href":"https:\/\/api.w.org\/{rel}","templated":true}]}}