{"id":37368,"date":"2025-12-03T08:40:40","date_gmt":"2025-12-03T08:40:40","guid":{"rendered":"https:\/\/www.rafanadalacademy.com\/non-categorizzato\/ivan-ivanov-realizza-il-suo-sogno-e-chiude-la-stagione-come-no1-al-mondo-junior\/"},"modified":"2025-12-03T09:09:14","modified_gmt":"2025-12-03T09:09:14","slug":"ivan-ivanov-realizza-il-suo-sogno-e-chiude-la-stagione-come-no1-al-mondo-junior","status":"publish","type":"post","link":"https:\/\/www.rafanadalacademy.com\/it\/accademia-rafa-nadal-di-movistar\/ivan-ivanov-realizza-il-suo-sogno-e-chiude-la-stagione-come-no1-al-mondo-junior\/","title":{"rendered":"Iv\u00e1n Ivanov realizza il suo sogno e chiude la stagione come N\u00ba1 al mondo junior"},"content":{"rendered":"\n<p>Iv\u00e1n Ivanov ha messo il sigillo su un anno 2025 assolutamente indimenticabile terminando la stagione come <strong>N\u00ba1 del ranking mondiale junior<\/strong>, un obiettivo che il giovane giocatore bulgaro inseguiva da tempo e che corona una stagione storica segnata dalla conquista di due titoli del Grande Slam.<\/p>\n\n<figure class=\"wp-block-image size-large\"><img loading=\"lazy\" decoding=\"async\" width=\"819\" height=\"1024\" src=\"https:\/\/www.rafanadalacademy.com\/wp-content\/uploads\/2025\/12\/Ivan-Ivanov-No1-819x1024.jpg\" alt=\"\" class=\"wp-image-37322\" srcset=\"https:\/\/www.rafanadalacademy.com\/wp-content\/uploads\/2025\/12\/Ivan-Ivanov-No1-819x1024.jpg 819w, https:\/\/www.rafanadalacademy.com\/wp-content\/uploads\/2025\/12\/Ivan-Ivanov-No1-240x300.jpg 240w, https:\/\/www.rafanadalacademy.com\/wp-content\/uploads\/2025\/12\/Ivan-Ivanov-No1-768x960.jpg 768w, https:\/\/www.rafanadalacademy.com\/wp-content\/uploads\/2025\/12\/Ivan-Ivanov-No1-1229x1536.jpg 1229w, https:\/\/www.rafanadalacademy.com\/wp-content\/uploads\/2025\/12\/Ivan-Ivanov-No1-1638x2048.jpg 1638w, https:\/\/www.rafanadalacademy.com\/wp-content\/uploads\/2025\/12\/Ivan-Ivanov-No1.jpg 2000w\" sizes=\"auto, (max-width: 819px) 100vw, 819px\" \/><\/figure>\n\n<div style=\"height:30px\" aria-hidden=\"true\" class=\"wp-block-spacer\"><\/div>\n\n<p>In questo 2025, il tennista formatosi presso la <strong>Rafa Nadal Academy<\/strong> ha conquistato <strong>Wimbledon<\/strong> e gli <strong>US Open<\/strong>, diventando uno dei pochi giocatori di questo secolo capaci di vincere due major nella stessa stagione: un risultato che negli ultimi due decenni era stato raggiunto solo dal suo connazionale Grigor Dimitrov e dall&#8217;italiano Filip Peliwo.<\/p>\n\n<p>Nel corso dell&#8217;anno, Ivanov ha mostrato una progressione costante e una maturit\u00e0 tennistica che lo hanno spinto verso la vetta del circuito junior. Oltre ai suoi trionfi nei tornei del Grande Slam, ha raggiunto le semifinali del Roland Garros e ha firmato grandi prestazioni nei tornei di preparazione, completando una stagione indimenticabile per la Rafa Nadal Academy con Jaume Munar che ha raggiunto per la prima volta gli ottavi di finale di un torneo del Grande Slam, Alex Eala che ha vinto il suo primo titolo WTA a Guadalajara (WTA 125), Dani Rinc\u00f3n, Abedallah Shelbayh e Mart\u00edn Landaluce che hanno vinto i Challenger e Coleman Wong e Max Exsted che hanno ottenuto le loro prime vittorie nel tabellone principale di un grande torneo. <\/p>\n\n<p><strong>Il sostegno e l&#8217;influenza di Rafa Nadal<\/strong> Per Ivanov, la figura di <strong>Rafa Nadal<\/strong> \u00e8 stata una fonte di ispirazione costante durante tutto il processo. Lo stesso giocatore lo ha espresso cos\u00ec dopo il suo trionfo all&#8217;All England Tennis Club: <strong>Mi ispira in molti modi. \u00c8 il miglior esempio che si possa avere: come si adatta all&#8217;erba, come gioca il suo stile, la sua capacit\u00e0 di lotta. Tutto in lui \u00e8 degno di ammirazione\u00bb  <\/strong>, afferma.<\/p>\n\n<div style=\"height:30px\" aria-hidden=\"true\" class=\"wp-block-spacer\"><\/div>\n\n<figure class=\"wp-block-embed is-type-video is-provider-youtube wp-block-embed-youtube wp-embed-aspect-16-9 wp-has-aspect-ratio\"><div class=\"wp-block-embed__wrapper\">\n<iframe loading=\"lazy\" title=\"Ivan Ivanov, Campe\u00f3n de Wimbledon Junior 2025\" width=\"500\" height=\"281\" src=\"https:\/\/www.youtube.com\/embed\/LpCLmCEQjdY?feature=oembed\" frameborder=\"0\" allow=\"accelerometer; autoplay; clipboard-write; encrypted-media; gyroscope; picture-in-picture; web-share\" referrerpolicy=\"strict-origin-when-cross-origin\" allowfullscreen><\/iframe>\n<\/div><\/figure>\n\n<div style=\"height:30px\" aria-hidden=\"true\" class=\"wp-block-spacer\"><\/div>\n\n<p><strong>L&#8217;impatto della Rafa Nadal Academy nel suo sviluppo<\/strong><\/p>\n\n<p>Ivanov riconosce anche il ruolo essenziale che l&#8217;Accademia ha avuto nella sua crescita sportiva e personale dal suo arrivo nel 2020: <strong>\u201cMi ha aiutato in tutto: mi alleno qui, dormo qui, studio qui\u2026 Per me \u00e8 un ottimo posto dove stare, \u00e8 incredibile. Sono molto felice di giocare qui\u201d<\/strong>, assicura.<br\/><\/p>\n\n<p>Il giocatore sottolinea inoltre la vicinanza del team di allenatori che lo ha accompagnato nei momenti chiave della stagione:<strong> &#8220;Nell&#8217;Accademia lavora con me un grande team ed erano con me a Wimbledon, il che mi ha reso molto felice. Mi aiutano continuamente durante il processo, quindi sono molto grato a loro <\/strong>&#8220;..<\/p>\n\n<p><strong>Congratulazioni di Rafa<\/strong><\/p>\n\n<p>I successi di Ivanov non sono passati inosservati e lo stesso <strong>Rafa Nadal<\/strong> gli ha dedicato alcune parole pubbliche tramite il suo account X: <strong>&#8220;Congratulazioni a Iv\u00e1n per aver vinto Wimbledon e gli US Open Junior. Congratulazioni anche a tutto il team della Rafa Nadal Academy by Movista\u201d <\/strong>.<\/p>\n\n<p>Con il numero uno mondiale gi\u00e0 in suo possesso e due titoli del Grande Slam nella stessa stagione, Iv\u00e1n Ivanov chiude un anno eccezionale e si consolida come uno dei talenti pi\u00f9 promettenti del tennis internazionale.<\/p>\n\n<div style=\"height:30px\" aria-hidden=\"true\" class=\"wp-block-spacer\"><\/div>\n\n<figure class=\"wp-block-embed is-type-video is-provider-youtube wp-block-embed-youtube wp-embed-aspect-16-9 wp-has-aspect-ratio\"><div class=\"wp-block-embed__wrapper\">\n<iframe loading=\"lazy\" title=\"Rafa Nadal Academy: Tennis &amp; Values\" width=\"500\" height=\"281\" src=\"https:\/\/www.youtube.com\/embed\/F71onMy-MeU?feature=oembed\" frameborder=\"0\" allow=\"accelerometer; autoplay; clipboard-write; encrypted-media; gyroscope; picture-in-picture; web-share\" referrerpolicy=\"strict-origin-when-cross-origin\" allowfullscreen><\/iframe>\n<\/div><\/figure>\n\n<div style=\"height:30px\" aria-hidden=\"true\" class=\"wp-block-spacer\"><\/div>\n\n<p><\/p>\n","protected":false},"excerpt":{"rendered":"<p>Iv\u00e1n Ivanov ha messo il sigillo su un anno 2025 assolutamente indimenticabile terminando la stagione come N\u00ba1 del ranking mondiale junior, un obiettivo che il giovane giocatore bulgaro inseguiva da tempo e che corona una stagione storica segnata dalla conquista di due titoli del Grande Slam. In questo 2025, il tennista formatosi presso la Rafa<a href=\"https:\/\/www.rafanadalacademy.com\/it\/accademia-rafa-nadal-di-movistar\/ivan-ivanov-realizza-il-suo-sogno-e-chiude-la-stagione-come-no1-al-mondo-junior\/\">Continue reading <span class=\"sr-only\">&#8220;Iv\u00e1n Ivanov realizza il suo sogno e chiude la stagione come N\u00ba1 al mondo junior&#8221;<\/span><\/a><\/p>\n","protected":false},"author":23,"featured_media":37337,"comment_status":"closed","ping_status":"closed","sticky":false,"template":"","format":"standard","meta":{"_acf_changed":false,"footnotes":""},"categories":[200,160],"tags":[201],"class_list":["post-37368","post","type-post","status-publish","format-standard","has-post-thumbnail","hentry","category-accademia-rafa-nadal-di-movistar","category-notizia","tag-accademia-rafa-nadal-di-movistar"],"acf":[],"yoast_head":"<!-- This site is optimized with the Yoast SEO Premium plugin v26.8 (Yoast SEO v26.9) - https:\/\/yoast.com\/product\/yoast-seo-premium-wordpress\/ -->\n<title>Iv\u00e1n Ivanov realizza il suo sogno e chiude la stagione come N\u00ba1 al mondo junior - Rafa Nadal Academy<\/title>\n<meta name=\"description\" content=\"Iv\u00e1n Ivanov ha messo il sigillo su un anno 2025 assolutamente indimenticabile terminando la stagione come N\u00ba1 del ranking mondiale junior\" \/>\n<meta name=\"robots\" content=\"index, follow, max-snippet:-1, max-image-preview:large, max-video-preview:-1\" \/>\n<link rel=\"canonical\" href=\"https:\/\/www.rafanadalacademy.com\/it\/accademia-rafa-nadal-di-movistar\/ivan-ivanov-realizza-il-suo-sogno-e-chiude-la-stagione-come-no1-al-mondo-junior\/\" \/>\n<meta property=\"og:locale\" content=\"it_IT\" \/>\n<meta property=\"og:type\" content=\"article\" \/>\n<meta property=\"og:title\" content=\"Iv\u00e1n Ivanov realizza il suo sogno e chiude la stagione come N\u00ba1 al mondo junior\" \/>\n<meta property=\"og:description\" content=\"Iv\u00e1n Ivanov ha messo il sigillo su un anno 2025 assolutamente indimenticabile terminando la stagione come N\u00ba1 del ranking mondiale junior\" \/>\n<meta property=\"og:url\" content=\"https:\/\/www.rafanadalacademy.com\/it\/accademia-rafa-nadal-di-movistar\/ivan-ivanov-realizza-il-suo-sogno-e-chiude-la-stagione-come-no1-al-mondo-junior\/\" \/>\n<meta property=\"og:site_name\" content=\"Rafa Nadal Academy\" \/>\n<meta property=\"article:published_time\" content=\"2025-12-03T08:40:40+00:00\" \/>\n<meta property=\"article:modified_time\" content=\"2025-12-03T09:09:14+00:00\" \/>\n<meta property=\"og:image\" content=\"https:\/\/www.rafanadalacademy.com\/wp-content\/uploads\/2025\/12\/Ivan-Ivanov-No1-1-819x1024.jpg\" \/>\n\t<meta property=\"og:image:width\" content=\"819\" \/>\n\t<meta property=\"og:image:height\" content=\"1024\" \/>\n\t<meta property=\"og:image:type\" content=\"image\/jpeg\" \/>\n<meta name=\"author\" content=\"joseluisprados\" \/>\n<meta name=\"twitter:card\" content=\"summary_large_image\" \/>\n<meta name=\"twitter:label1\" content=\"Written by\" \/>\n\t<meta name=\"twitter:data1\" content=\"joseluisprados\" \/>\n\t<meta name=\"twitter:label2\" content=\"Est. reading time\" \/>\n\t<meta name=\"twitter:data2\" content=\"3 minutes\" \/>\n<script type=\"application\/ld+json\" class=\"yoast-schema-graph\">{\"@context\":\"https:\/\/schema.org\",\"@graph\":[{\"@type\":\"Article\",\"@id\":\"https:\/\/www.rafanadalacademy.com\/it\/accademia-rafa-nadal-di-movistar\/ivan-ivanov-realizza-il-suo-sogno-e-chiude-la-stagione-come-no1-al-mondo-junior\/#article\",\"isPartOf\":{\"@id\":\"https:\/\/www.rafanadalacademy.com\/it\/accademia-rafa-nadal-di-movistar\/ivan-ivanov-realizza-il-suo-sogno-e-chiude-la-stagione-come-no1-al-mondo-junior\/\"},\"author\":{\"name\":\"joseluisprados\",\"@id\":\"https:\/\/www.rafanadalacademy.com\/it\/#\/schema\/person\/744897d6ee269641fff954376180ef01\"},\"headline\":\"Iv\u00e1n Ivanov realizza il suo sogno e chiude la stagione come N\u00ba1 al mondo junior\",\"datePublished\":\"2025-12-03T08:40:40+00:00\",\"dateModified\":\"2025-12-03T09:09:14+00:00\",\"mainEntityOfPage\":{\"@id\":\"https:\/\/www.rafanadalacademy.com\/it\/accademia-rafa-nadal-di-movistar\/ivan-ivanov-realizza-il-suo-sogno-e-chiude-la-stagione-come-no1-al-mondo-junior\/\"},\"wordCount\":529,\"image\":{\"@id\":\"https:\/\/www.rafanadalacademy.com\/it\/accademia-rafa-nadal-di-movistar\/ivan-ivanov-realizza-il-suo-sogno-e-chiude-la-stagione-come-no1-al-mondo-junior\/#primaryimage\"},\"thumbnailUrl\":\"https:\/\/www.rafanadalacademy.com\/wp-content\/uploads\/2025\/12\/Ivan-Ivanov-No1-1-e1764680181515.jpg\",\"keywords\":[\"ACCADEMIA RAFA NADAL DI MOVISTAR\"],\"articleSection\":[\"ACCADEMIA RAFA NADAL DI MOVISTAR\",\"Notizia\"],\"inLanguage\":\"it-IT\",\"copyrightYear\":\"2025\",\"copyrightHolder\":{\"@id\":\"https:\/\/www.rafanadalacademy.com\/#organization\"}},{\"@type\":\"WebPage\",\"@id\":\"https:\/\/www.rafanadalacademy.com\/it\/accademia-rafa-nadal-di-movistar\/ivan-ivanov-realizza-il-suo-sogno-e-chiude-la-stagione-come-no1-al-mondo-junior\/\",\"url\":\"https:\/\/www.rafanadalacademy.com\/it\/accademia-rafa-nadal-di-movistar\/ivan-ivanov-realizza-il-suo-sogno-e-chiude-la-stagione-come-no1-al-mondo-junior\/\",\"name\":\"Iv\u00e1n Ivanov realizza il suo sogno e chiude la stagione come N\u00ba1 al mondo junior - Rafa Nadal Academy\",\"isPartOf\":{\"@id\":\"https:\/\/www.rafanadalacademy.com\/it\/#website\"},\"primaryImageOfPage\":{\"@id\":\"https:\/\/www.rafanadalacademy.com\/it\/accademia-rafa-nadal-di-movistar\/ivan-ivanov-realizza-il-suo-sogno-e-chiude-la-stagione-come-no1-al-mondo-junior\/#primaryimage\"},\"image\":{\"@id\":\"https:\/\/www.rafanadalacademy.com\/it\/accademia-rafa-nadal-di-movistar\/ivan-ivanov-realizza-il-suo-sogno-e-chiude-la-stagione-come-no1-al-mondo-junior\/#primaryimage\"},\"thumbnailUrl\":\"https:\/\/www.rafanadalacademy.com\/wp-content\/uploads\/2025\/12\/Ivan-Ivanov-No1-1-e1764680181515.jpg\",\"datePublished\":\"2025-12-03T08:40:40+00:00\",\"dateModified\":\"2025-12-03T09:09:14+00:00\",\"author\":{\"@id\":\"https:\/\/www.rafanadalacademy.com\/it\/#\/schema\/person\/744897d6ee269641fff954376180ef01\"},\"description\":\"Iv\u00e1n Ivanov ha messo il sigillo su un anno 2025 assolutamente indimenticabile terminando la stagione come N\u00ba1 del ranking mondiale junior\",\"breadcrumb\":{\"@id\":\"https:\/\/www.rafanadalacademy.com\/it\/accademia-rafa-nadal-di-movistar\/ivan-ivanov-realizza-il-suo-sogno-e-chiude-la-stagione-come-no1-al-mondo-junior\/#breadcrumb\"},\"inLanguage\":\"it-IT\",\"potentialAction\":[{\"@type\":\"ReadAction\",\"target\":[\"https:\/\/www.rafanadalacademy.com\/it\/accademia-rafa-nadal-di-movistar\/ivan-ivanov-realizza-il-suo-sogno-e-chiude-la-stagione-come-no1-al-mondo-junior\/\"]}]},{\"@type\":\"ImageObject\",\"inLanguage\":\"it-IT\",\"@id\":\"https:\/\/www.rafanadalacademy.com\/it\/accademia-rafa-nadal-di-movistar\/ivan-ivanov-realizza-il-suo-sogno-e-chiude-la-stagione-come-no1-al-mondo-junior\/#primaryimage\",\"url\":\"https:\/\/www.rafanadalacademy.com\/wp-content\/uploads\/2025\/12\/Ivan-Ivanov-No1-1-e1764680181515.jpg\",\"contentUrl\":\"https:\/\/www.rafanadalacademy.com\/wp-content\/uploads\/2025\/12\/Ivan-Ivanov-No1-1-e1764680181515.jpg\",\"width\":2000,\"height\":2500,\"caption\":\"Ivan Ivanov cierra la temporada como N\u00ba1 del mundo j\u00fanior\"},{\"@type\":\"BreadcrumbList\",\"@id\":\"https:\/\/www.rafanadalacademy.com\/it\/accademia-rafa-nadal-di-movistar\/ivan-ivanov-realizza-il-suo-sogno-e-chiude-la-stagione-come-no1-al-mondo-junior\/#breadcrumb\",\"itemListElement\":[{\"@type\":\"ListItem\",\"position\":1,\"name\":\"Home\",\"item\":\"https:\/\/www.rafanadalacademy.com\/it\/\"},{\"@type\":\"ListItem\",\"position\":2,\"name\":\"Iv\u00e1n Ivanov realizza il suo sogno e chiude la stagione come N\u00ba1 al mondo junior\"}]},{\"@type\":\"WebSite\",\"@id\":\"https:\/\/www.rafanadalacademy.com\/it\/#website\",\"url\":\"https:\/\/www.rafanadalacademy.com\/it\/\",\"name\":\"Rafa Nadal Academy\",\"description\":\"Otro sitio realizado con WordPress\",\"potentialAction\":[{\"@type\":\"SearchAction\",\"target\":{\"@type\":\"EntryPoint\",\"urlTemplate\":\"https:\/\/www.rafanadalacademy.com\/it\/?s={search_term_string}\"},\"query-input\":{\"@type\":\"PropertyValueSpecification\",\"valueRequired\":true,\"valueName\":\"search_term_string\"}}],\"inLanguage\":\"it-IT\"},{\"@type\":\"Person\",\"@id\":\"https:\/\/www.rafanadalacademy.com\/it\/#\/schema\/person\/744897d6ee269641fff954376180ef01\",\"name\":\"joseluisprados\",\"image\":{\"@type\":\"ImageObject\",\"inLanguage\":\"it-IT\",\"@id\":\"https:\/\/www.rafanadalacademy.com\/it\/#\/schema\/person\/image\/\",\"url\":\"https:\/\/secure.gravatar.com\/avatar\/8aa823a6e5501864ffab4785d9e2a994b59c2d45c9f9751c5a532abfec081e5f?s=96&d=mm&r=g\",\"contentUrl\":\"https:\/\/secure.gravatar.com\/avatar\/8aa823a6e5501864ffab4785d9e2a994b59c2d45c9f9751c5a532abfec081e5f?s=96&d=mm&r=g\",\"caption\":\"joseluisprados\"},\"url\":\"https:\/\/www.rafanadalacademy.com\/it\/author\/joseluisprados\/\"},{\"@type\":\"ImageObject\",\"inLanguage\":\"it-IT\",\"@id\":\"https:\/\/www.rafanadalacademy.com\/it\/accademia-rafa-nadal-di-movistar\/ivan-ivanov-realizza-il-suo-sogno-e-chiude-la-stagione-come-no1-al-mondo-junior\/#local-main-organization-logo\",\"url\":\"\",\"contentUrl\":\"\",\"caption\":\"Rafa Nadal Academy\"}]}<\/script>\n<!-- \/ Yoast SEO Premium plugin. -->","yoast_head_json":{"title":"Iv\u00e1n Ivanov realizza il suo sogno e chiude la stagione come N\u00ba1 al mondo junior - Rafa Nadal Academy","description":"Iv\u00e1n Ivanov ha messo il sigillo su un anno 2025 assolutamente indimenticabile terminando la stagione come N\u00ba1 del ranking mondiale junior","robots":{"index":"index","follow":"follow","max-snippet":"max-snippet:-1","max-image-preview":"max-image-preview:large","max-video-preview":"max-video-preview:-1"},"canonical":"https:\/\/www.rafanadalacademy.com\/it\/accademia-rafa-nadal-di-movistar\/ivan-ivanov-realizza-il-suo-sogno-e-chiude-la-stagione-come-no1-al-mondo-junior\/","og_locale":"it_IT","og_type":"article","og_title":"Iv\u00e1n Ivanov realizza il suo sogno e chiude la stagione come N\u00ba1 al mondo junior","og_description":"Iv\u00e1n Ivanov ha messo il sigillo su un anno 2025 assolutamente indimenticabile terminando la stagione come N\u00ba1 del ranking mondiale junior","og_url":"https:\/\/www.rafanadalacademy.com\/it\/accademia-rafa-nadal-di-movistar\/ivan-ivanov-realizza-il-suo-sogno-e-chiude-la-stagione-come-no1-al-mondo-junior\/","og_site_name":"Rafa Nadal Academy","article_published_time":"2025-12-03T08:40:40+00:00","article_modified_time":"2025-12-03T09:09:14+00:00","og_image":[{"width":819,"height":1024,"url":"https:\/\/www.rafanadalacademy.com\/wp-content\/uploads\/2025\/12\/Ivan-Ivanov-No1-1-819x1024.jpg","type":"image\/jpeg"}],"author":"joseluisprados","twitter_card":"summary_large_image","twitter_misc":{"Written by":"joseluisprados","Est. reading time":"3 minutes"},"schema":{"@context":"https:\/\/schema.org","@graph":[{"@type":"Article","@id":"https:\/\/www.rafanadalacademy.com\/it\/accademia-rafa-nadal-di-movistar\/ivan-ivanov-realizza-il-suo-sogno-e-chiude-la-stagione-come-no1-al-mondo-junior\/#article","isPartOf":{"@id":"https:\/\/www.rafanadalacademy.com\/it\/accademia-rafa-nadal-di-movistar\/ivan-ivanov-realizza-il-suo-sogno-e-chiude-la-stagione-come-no1-al-mondo-junior\/"},"author":{"name":"joseluisprados","@id":"https:\/\/www.rafanadalacademy.com\/it\/#\/schema\/person\/744897d6ee269641fff954376180ef01"},"headline":"Iv\u00e1n Ivanov realizza il suo sogno e chiude la stagione come N\u00ba1 al mondo junior","datePublished":"2025-12-03T08:40:40+00:00","dateModified":"2025-12-03T09:09:14+00:00","mainEntityOfPage":{"@id":"https:\/\/www.rafanadalacademy.com\/it\/accademia-rafa-nadal-di-movistar\/ivan-ivanov-realizza-il-suo-sogno-e-chiude-la-stagione-come-no1-al-mondo-junior\/"},"wordCount":529,"image":{"@id":"https:\/\/www.rafanadalacademy.com\/it\/accademia-rafa-nadal-di-movistar\/ivan-ivanov-realizza-il-suo-sogno-e-chiude-la-stagione-come-no1-al-mondo-junior\/#primaryimage"},"thumbnailUrl":"https:\/\/www.rafanadalacademy.com\/wp-content\/uploads\/2025\/12\/Ivan-Ivanov-No1-1-e1764680181515.jpg","keywords":["ACCADEMIA RAFA NADAL DI MOVISTAR"],"articleSection":["ACCADEMIA RAFA NADAL DI MOVISTAR","Notizia"],"inLanguage":"it-IT","copyrightYear":"2025","copyrightHolder":{"@id":"https:\/\/www.rafanadalacademy.com\/#organization"}},{"@type":"WebPage","@id":"https:\/\/www.rafanadalacademy.com\/it\/accademia-rafa-nadal-di-movistar\/ivan-ivanov-realizza-il-suo-sogno-e-chiude-la-stagione-come-no1-al-mondo-junior\/","url":"https:\/\/www.rafanadalacademy.com\/it\/accademia-rafa-nadal-di-movistar\/ivan-ivanov-realizza-il-suo-sogno-e-chiude-la-stagione-come-no1-al-mondo-junior\/","name":"Iv\u00e1n Ivanov realizza il suo sogno e chiude la stagione come N\u00ba1 al mondo junior - Rafa Nadal Academy","isPartOf":{"@id":"https:\/\/www.rafanadalacademy.com\/it\/#website"},"primaryImageOfPage":{"@id":"https:\/\/www.rafanadalacademy.com\/it\/accademia-rafa-nadal-di-movistar\/ivan-ivanov-realizza-il-suo-sogno-e-chiude-la-stagione-come-no1-al-mondo-junior\/#primaryimage"},"image":{"@id":"https:\/\/www.rafanadalacademy.com\/it\/accademia-rafa-nadal-di-movistar\/ivan-ivanov-realizza-il-suo-sogno-e-chiude-la-stagione-come-no1-al-mondo-junior\/#primaryimage"},"thumbnailUrl":"https:\/\/www.rafanadalacademy.com\/wp-content\/uploads\/2025\/12\/Ivan-Ivanov-No1-1-e1764680181515.jpg","datePublished":"2025-12-03T08:40:40+00:00","dateModified":"2025-12-03T09:09:14+00:00","author":{"@id":"https:\/\/www.rafanadalacademy.com\/it\/#\/schema\/person\/744897d6ee269641fff954376180ef01"},"description":"Iv\u00e1n Ivanov ha messo il sigillo su un anno 2025 assolutamente indimenticabile terminando la stagione come N\u00ba1 del ranking mondiale junior","breadcrumb":{"@id":"https:\/\/www.rafanadalacademy.com\/it\/accademia-rafa-nadal-di-movistar\/ivan-ivanov-realizza-il-suo-sogno-e-chiude-la-stagione-come-no1-al-mondo-junior\/#breadcrumb"},"inLanguage":"it-IT","potentialAction":[{"@type":"ReadAction","target":["https:\/\/www.rafanadalacademy.com\/it\/accademia-rafa-nadal-di-movistar\/ivan-ivanov-realizza-il-suo-sogno-e-chiude-la-stagione-come-no1-al-mondo-junior\/"]}]},{"@type":"ImageObject","inLanguage":"it-IT","@id":"https:\/\/www.rafanadalacademy.com\/it\/accademia-rafa-nadal-di-movistar\/ivan-ivanov-realizza-il-suo-sogno-e-chiude-la-stagione-come-no1-al-mondo-junior\/#primaryimage","url":"https:\/\/www.rafanadalacademy.com\/wp-content\/uploads\/2025\/12\/Ivan-Ivanov-No1-1-e1764680181515.jpg","contentUrl":"https:\/\/www.rafanadalacademy.com\/wp-content\/uploads\/2025\/12\/Ivan-Ivanov-No1-1-e1764680181515.jpg","width":2000,"height":2500,"caption":"Ivan Ivanov cierra la temporada como N\u00ba1 del mundo j\u00fanior"},{"@type":"BreadcrumbList","@id":"https:\/\/www.rafanadalacademy.com\/it\/accademia-rafa-nadal-di-movistar\/ivan-ivanov-realizza-il-suo-sogno-e-chiude-la-stagione-come-no1-al-mondo-junior\/#breadcrumb","itemListElement":[{"@type":"ListItem","position":1,"name":"Home","item":"https:\/\/www.rafanadalacademy.com\/it\/"},{"@type":"ListItem","position":2,"name":"Iv\u00e1n Ivanov realizza il suo sogno e chiude la stagione come N\u00ba1 al mondo junior"}]},{"@type":"WebSite","@id":"https:\/\/www.rafanadalacademy.com\/it\/#website","url":"https:\/\/www.rafanadalacademy.com\/it\/","name":"Rafa Nadal Academy","description":"Otro sitio realizado con WordPress","potentialAction":[{"@type":"SearchAction","target":{"@type":"EntryPoint","urlTemplate":"https:\/\/www.rafanadalacademy.com\/it\/?s={search_term_string}"},"query-input":{"@type":"PropertyValueSpecification","valueRequired":true,"valueName":"search_term_string"}}],"inLanguage":"it-IT"},{"@type":"Person","@id":"https:\/\/www.rafanadalacademy.com\/it\/#\/schema\/person\/744897d6ee269641fff954376180ef01","name":"joseluisprados","image":{"@type":"ImageObject","inLanguage":"it-IT","@id":"https:\/\/www.rafanadalacademy.com\/it\/#\/schema\/person\/image\/","url":"https:\/\/secure.gravatar.com\/avatar\/8aa823a6e5501864ffab4785d9e2a994b59c2d45c9f9751c5a532abfec081e5f?s=96&d=mm&r=g","contentUrl":"https:\/\/secure.gravatar.com\/avatar\/8aa823a6e5501864ffab4785d9e2a994b59c2d45c9f9751c5a532abfec081e5f?s=96&d=mm&r=g","caption":"joseluisprados"},"url":"https:\/\/www.rafanadalacademy.com\/it\/author\/joseluisprados\/"},{"@type":"ImageObject","inLanguage":"it-IT","@id":"https:\/\/www.rafanadalacademy.com\/it\/accademia-rafa-nadal-di-movistar\/ivan-ivanov-realizza-il-suo-sogno-e-chiude-la-stagione-come-no1-al-mondo-junior\/#local-main-organization-logo","url":"","contentUrl":"","caption":"Rafa Nadal Academy"}]}},"_links":{"self":[{"href":"https:\/\/www.rafanadalacademy.com\/it\/wp-json\/wp\/v2\/posts\/37368","targetHints":{"allow":["GET"]}}],"collection":[{"href":"https:\/\/www.rafanadalacademy.com\/it\/wp-json\/wp\/v2\/posts"}],"about":[{"href":"https:\/\/www.rafanadalacademy.com\/it\/wp-json\/wp\/v2\/types\/post"}],"author":[{"embeddable":true,"href":"https:\/\/www.rafanadalacademy.com\/it\/wp-json\/wp\/v2\/users\/23"}],"replies":[{"embeddable":true,"href":"https:\/\/www.rafanadalacademy.com\/it\/wp-json\/wp\/v2\/comments?post=37368"}],"version-history":[{"count":1,"href":"https:\/\/www.rafanadalacademy.com\/it\/wp-json\/wp\/v2\/posts\/37368\/revisions"}],"predecessor-version":[{"id":37369,"href":"https:\/\/www.rafanadalacademy.com\/it\/wp-json\/wp\/v2\/posts\/37368\/revisions\/37369"}],"wp:featuredmedia":[{"embeddable":true,"href":"https:\/\/www.rafanadalacademy.com\/it\/wp-json\/wp\/v2\/media\/37337"}],"wp:attachment":[{"href":"https:\/\/www.rafanadalacademy.com\/it\/wp-json\/wp\/v2\/media?parent=37368"}],"wp:term":[{"taxonomy":"category","embeddable":true,"href":"https:\/\/www.rafanadalacademy.com\/it\/wp-json\/wp\/v2\/categories?post=37368"},{"taxonomy":"post_tag","embeddable":true,"href":"https:\/\/www.rafanadalacademy.com\/it\/wp-json\/wp\/v2\/tags?post=37368"}],"curies":[{"name":"wp","href":"https:\/\/api.w.org\/{rel}","templated":true}]}}