{"id":37202,"date":"2025-11-13T10:10:00","date_gmt":"2025-11-13T10:10:00","guid":{"rendered":"https:\/\/www.rafanadalacademy.com\/non-categorizzato\/la-rafa-nadal-academy-collega-maiorca-e-il-cairo-con-un-innovativo-progetto-educativo-e-sportivo\/"},"modified":"2025-11-25T12:51:26","modified_gmt":"2025-11-25T12:51:26","slug":"la-rafa-nadal-academy-collega-maiorca-e-il-cairo-con-un-innovativo-progetto-educativo-e-sportivo","status":"publish","type":"post","link":"https:\/\/www.rafanadalacademy.com\/it\/accademia-rafa-nadal-di-movistar\/la-rafa-nadal-academy-collega-maiorca-e-il-cairo-con-un-innovativo-progetto-educativo-e-sportivo\/","title":{"rendered":"La Rafa Nadal Academy collega Maiorca e Il Cairo con un innovativo progetto educativo e sportivo"},"content":{"rendered":"\n<p>La Rafa Nadal Academy continua ad ampliare la sua presenza a livello globale e a consolidare la sua rete internazionale di centri di alto rendimento. Durante il mese di ottobre, il team dell&#8217;Accademia, guidato da Maribel Nadal, vicedirettrice generale, ha guidato la spedizione che ha visitato il Rafa Nadal Tennis Programme a Uppingham Cairo, uno dei progetti pi\u00f9 recenti all&#8217;interno dell&#8217;espansione internazionale dell&#8217;istituzione. Erano presenti anche Amalia Riera, Direttrice delle Operazioni di Progetti Internazionali e Antonio Arenas, Direttore della Comunicazione.  <\/p>\n\n<figure class=\"wp-block-image size-full\"><img loading=\"lazy\" decoding=\"async\" width=\"1024\" height=\"683\" src=\"https:\/\/www.rafanadalacademy.com\/wp-content\/uploads\/2025\/11\/Edge-209.jpg\" alt=\"La Rafa Nadal Academy collega Maiorca e Il Cairo con un innovativo progetto educativo e sportivo  \" class=\"wp-image-37140\" srcset=\"https:\/\/www.rafanadalacademy.com\/wp-content\/uploads\/2025\/11\/Edge-209.jpg 1024w, https:\/\/www.rafanadalacademy.com\/wp-content\/uploads\/2025\/11\/Edge-209-300x200.jpg 300w, https:\/\/www.rafanadalacademy.com\/wp-content\/uploads\/2025\/11\/Edge-209-768x512.jpg 768w\" sizes=\"auto, (max-width: 1024px) 100vw, 1024px\" \/><\/figure>\n\n<div style=\"height:30px\" aria-hidden=\"true\" class=\"wp-block-spacer\"><\/div>\n\n<p>Durante la visita, il team ha avuto l&#8217;opportunit\u00e0 di conoscere in prima persona il lavoro guidato da Tom\u00e1s Prieto, Head Coach del centro, nonch\u00e9 di visitare delle strutture che si distinguono per la loro qualit\u00e0 e il loro approccio di alto rendimento. La professionalit\u00e0 del team tecnico e il notevole progresso dei giovani giocatori hanno lasciato una grande impressione nella delegazione maiorchina. <\/p>\n\n<p><em>\u201c\u00c8 stata una visita molto speciale. Siamo sempre felici di vedere come nei centri internazionali si respirano gli stessi valori che promuoviamo nella Rafa Nadal Academy. Le strutture sono spettacolari e Tom\u00e1s e tutto il team stanno facendo un ottimo lavoro\u201d<\/em> ha sottolineato la stessa Maribel Nadal.<\/p>\n\n<p>Questo incontro, che ha avuto come anfitrioni principali il Dott. Tamer Tammam, membro del board del collegio, e Noha Saad, Executive Board Member di New Era Education, \u00e8 servito anche a rafforzare la collaborazione tra la Rafa Nadal Academy e il programma de Il Cairo, garantendo che tutti gli alunni continuino a ricevere la stessa metodologia di allenamento e formazione integrale che definisce l&#8217;Accademia a Maiorca.<\/p>\n\n<div style=\"height:30px\" aria-hidden=\"true\" class=\"wp-block-spacer\"><\/div>\n\n<figure class=\"wp-block-image size-full\"><img loading=\"lazy\" decoding=\"async\" width=\"1024\" height=\"683\" src=\"https:\/\/www.rafanadalacademy.com\/wp-content\/uploads\/2025\/11\/Edge-271.jpg\" alt=\"Rafa Nadal Tennis Programme a Uppingham Cairo\" class=\"wp-image-37148\" srcset=\"https:\/\/www.rafanadalacademy.com\/wp-content\/uploads\/2025\/11\/Edge-271.jpg 1024w, https:\/\/www.rafanadalacademy.com\/wp-content\/uploads\/2025\/11\/Edge-271-300x200.jpg 300w, https:\/\/www.rafanadalacademy.com\/wp-content\/uploads\/2025\/11\/Edge-271-768x512.jpg 768w\" sizes=\"auto, (max-width: 1024px) 100vw, 1024px\" \/><\/figure>\n\n<div style=\"height:30px\" aria-hidden=\"true\" class=\"wp-block-spacer\"><\/div>\n\n<p>Il Rafa Nadal Tennis Programme di Uppingham Cairo fa parte della rete internazionale di centri collegati alla Rafa Nadal Academy, la cui espansione non ha smesso di crescere negli ultimi anni.<\/p>\n\n<p>Sia questo programma che i Rafa Nadal Tennis Center sono nati come una linea complementare alla Rafa Nadal Academy a Maiorca. Oltre all&#8217;Egitto, la rete internazionale della Rafa Nadal Academy dispone gi\u00e0 di centri in Kuwait, Costa Mujeres (Messico), Sani (Grecia), Hong Kong, Marbella e Punta Cana. <\/p>\n","protected":false},"excerpt":{"rendered":"<p>La Rafa Nadal Academy continua ad ampliare la sua presenza a livello globale e a consolidare la sua rete internazionale di centri di alto rendimento. Durante il mese di ottobre, il team dell&#8217;Accademia, guidato da Maribel Nadal, vicedirettrice generale, ha guidato la spedizione che ha visitato il Rafa Nadal Tennis Programme a Uppingham Cairo, uno<a href=\"https:\/\/www.rafanadalacademy.com\/it\/accademia-rafa-nadal-di-movistar\/la-rafa-nadal-academy-collega-maiorca-e-il-cairo-con-un-innovativo-progetto-educativo-e-sportivo\/\">Continue reading <span class=\"sr-only\">&#8220;La Rafa Nadal Academy collega Maiorca e Il Cairo con un innovativo progetto educativo e sportivo&#8221;<\/span><\/a><\/p>\n","protected":false},"author":23,"featured_media":37136,"comment_status":"closed","ping_status":"closed","sticky":false,"template":"","format":"standard","meta":{"_acf_changed":false,"footnotes":""},"categories":[200,160],"tags":[201],"class_list":["post-37202","post","type-post","status-publish","format-standard","has-post-thumbnail","hentry","category-accademia-rafa-nadal-di-movistar","category-notizia","tag-accademia-rafa-nadal-di-movistar"],"acf":[],"yoast_head":"<!-- This site is optimized with the Yoast SEO Premium plugin v26.8 (Yoast SEO v26.9) - https:\/\/yoast.com\/product\/yoast-seo-premium-wordpress\/ -->\n<title>La Rafa Nadal Academy collega Maiorca e Il Cairo con un innovativo progetto educativo e sportivo - Rafa Nadal Academy<\/title>\n<meta name=\"description\" content=\"La Rafa Nadal Academy continua ad ampliare la sua presenza a livello globale e a consolidare la sua rete internazionale di centri di alto rendimento. Durante il mese di ottobre, il team dell&#039;Accademia, guidato da Maribel Nadal, vicedirettrice generale, ha guidato la spedizione che ha visitato il Rafa Nadal Tennis Programme a Uppingham Cairo, uno dei progetti pi\u00f9 recenti all&#039;interno dell&#039;espansione internazionale.\" \/>\n<meta name=\"robots\" content=\"index, follow, max-snippet:-1, max-image-preview:large, max-video-preview:-1\" \/>\n<link rel=\"canonical\" href=\"https:\/\/www.rafanadalacademy.com\/it\/accademia-rafa-nadal-di-movistar\/la-rafa-nadal-academy-collega-maiorca-e-il-cairo-con-un-innovativo-progetto-educativo-e-sportivo\/\" \/>\n<meta property=\"og:locale\" content=\"it_IT\" \/>\n<meta property=\"og:type\" content=\"article\" \/>\n<meta property=\"og:title\" content=\"La Rafa Nadal Academy collega Maiorca e Il Cairo con un innovativo progetto educativo e sportivo\" \/>\n<meta property=\"og:description\" content=\"La Rafa Nadal Academy continua ad ampliare la sua presenza a livello globale e a consolidare la sua rete internazionale di centri di alto rendimento. Durante il mese di ottobre, il team dell&#039;Accademia, guidato da Maribel Nadal, vicedirettrice generale, ha guidato la spedizione che ha visitato il Rafa Nadal Tennis Programme a Uppingham Cairo, uno dei progetti pi\u00f9 recenti all&#039;interno dell&#039;espansione internazionale.\" \/>\n<meta property=\"og:url\" content=\"https:\/\/www.rafanadalacademy.com\/it\/accademia-rafa-nadal-di-movistar\/la-rafa-nadal-academy-collega-maiorca-e-il-cairo-con-un-innovativo-progetto-educativo-e-sportivo\/\" \/>\n<meta property=\"og:site_name\" content=\"Rafa Nadal Academy\" \/>\n<meta property=\"article:published_time\" content=\"2025-11-13T10:10:00+00:00\" \/>\n<meta property=\"article:modified_time\" content=\"2025-11-25T12:51:26+00:00\" \/>\n<meta property=\"og:image\" content=\"https:\/\/www.rafanadalacademy.com\/wp-content\/uploads\/2025\/11\/Edge-179-e1764065022477.jpg\" \/>\n\t<meta property=\"og:image:width\" content=\"1024\" \/>\n\t<meta property=\"og:image:height\" content=\"683\" \/>\n\t<meta property=\"og:image:type\" content=\"image\/jpeg\" \/>\n<meta name=\"author\" content=\"joseluisprados\" \/>\n<meta name=\"twitter:card\" content=\"summary_large_image\" \/>\n<meta name=\"twitter:label1\" content=\"Written by\" \/>\n\t<meta name=\"twitter:data1\" content=\"joseluisprados\" \/>\n\t<meta name=\"twitter:label2\" content=\"Est. reading time\" \/>\n\t<meta name=\"twitter:data2\" content=\"2 minutes\" \/>\n<script type=\"application\/ld+json\" class=\"yoast-schema-graph\">{\"@context\":\"https:\/\/schema.org\",\"@graph\":[{\"@type\":\"Article\",\"@id\":\"https:\/\/www.rafanadalacademy.com\/it\/accademia-rafa-nadal-di-movistar\/la-rafa-nadal-academy-collega-maiorca-e-il-cairo-con-un-innovativo-progetto-educativo-e-sportivo\/#article\",\"isPartOf\":{\"@id\":\"https:\/\/www.rafanadalacademy.com\/it\/accademia-rafa-nadal-di-movistar\/la-rafa-nadal-academy-collega-maiorca-e-il-cairo-con-un-innovativo-progetto-educativo-e-sportivo\/\"},\"author\":{\"name\":\"joseluisprados\",\"@id\":\"https:\/\/www.rafanadalacademy.com\/it\/#\/schema\/person\/744897d6ee269641fff954376180ef01\"},\"headline\":\"La Rafa Nadal Academy collega Maiorca e Il Cairo con un innovativo progetto educativo e sportivo\",\"datePublished\":\"2025-11-13T10:10:00+00:00\",\"dateModified\":\"2025-11-25T12:51:26+00:00\",\"mainEntityOfPage\":{\"@id\":\"https:\/\/www.rafanadalacademy.com\/it\/accademia-rafa-nadal-di-movistar\/la-rafa-nadal-academy-collega-maiorca-e-il-cairo-con-un-innovativo-progetto-educativo-e-sportivo\/\"},\"wordCount\":356,\"image\":{\"@id\":\"https:\/\/www.rafanadalacademy.com\/it\/accademia-rafa-nadal-di-movistar\/la-rafa-nadal-academy-collega-maiorca-e-il-cairo-con-un-innovativo-progetto-educativo-e-sportivo\/#primaryimage\"},\"thumbnailUrl\":\"https:\/\/www.rafanadalacademy.com\/wp-content\/uploads\/2025\/11\/Edge-179-e1764065022477.jpg\",\"keywords\":[\"ACCADEMIA RAFA NADAL DI MOVISTAR\"],\"articleSection\":[\"ACCADEMIA RAFA NADAL DI MOVISTAR\",\"Notizia\"],\"inLanguage\":\"it-IT\",\"copyrightYear\":\"2025\",\"copyrightHolder\":{\"@id\":\"https:\/\/www.rafanadalacademy.com\/#organization\"}},{\"@type\":\"WebPage\",\"@id\":\"https:\/\/www.rafanadalacademy.com\/it\/accademia-rafa-nadal-di-movistar\/la-rafa-nadal-academy-collega-maiorca-e-il-cairo-con-un-innovativo-progetto-educativo-e-sportivo\/\",\"url\":\"https:\/\/www.rafanadalacademy.com\/it\/accademia-rafa-nadal-di-movistar\/la-rafa-nadal-academy-collega-maiorca-e-il-cairo-con-un-innovativo-progetto-educativo-e-sportivo\/\",\"name\":\"La Rafa Nadal Academy collega Maiorca e Il Cairo con un innovativo progetto educativo e sportivo - Rafa Nadal Academy\",\"isPartOf\":{\"@id\":\"https:\/\/www.rafanadalacademy.com\/it\/#website\"},\"primaryImageOfPage\":{\"@id\":\"https:\/\/www.rafanadalacademy.com\/it\/accademia-rafa-nadal-di-movistar\/la-rafa-nadal-academy-collega-maiorca-e-il-cairo-con-un-innovativo-progetto-educativo-e-sportivo\/#primaryimage\"},\"image\":{\"@id\":\"https:\/\/www.rafanadalacademy.com\/it\/accademia-rafa-nadal-di-movistar\/la-rafa-nadal-academy-collega-maiorca-e-il-cairo-con-un-innovativo-progetto-educativo-e-sportivo\/#primaryimage\"},\"thumbnailUrl\":\"https:\/\/www.rafanadalacademy.com\/wp-content\/uploads\/2025\/11\/Edge-179-e1764065022477.jpg\",\"datePublished\":\"2025-11-13T10:10:00+00:00\",\"dateModified\":\"2025-11-25T12:51:26+00:00\",\"author\":{\"@id\":\"https:\/\/www.rafanadalacademy.com\/it\/#\/schema\/person\/744897d6ee269641fff954376180ef01\"},\"description\":\"La Rafa Nadal Academy continua ad ampliare la sua presenza a livello globale e a consolidare la sua rete internazionale di centri di alto rendimento. Durante il mese di ottobre, il team dell'Accademia, guidato da Maribel Nadal, vicedirettrice generale, ha guidato la spedizione che ha visitato il Rafa Nadal Tennis Programme a Uppingham Cairo, uno dei progetti pi\u00f9 recenti all'interno dell'espansione internazionale.\",\"breadcrumb\":{\"@id\":\"https:\/\/www.rafanadalacademy.com\/it\/accademia-rafa-nadal-di-movistar\/la-rafa-nadal-academy-collega-maiorca-e-il-cairo-con-un-innovativo-progetto-educativo-e-sportivo\/#breadcrumb\"},\"inLanguage\":\"it-IT\",\"potentialAction\":[{\"@type\":\"ReadAction\",\"target\":[\"https:\/\/www.rafanadalacademy.com\/it\/accademia-rafa-nadal-di-movistar\/la-rafa-nadal-academy-collega-maiorca-e-il-cairo-con-un-innovativo-progetto-educativo-e-sportivo\/\"]}]},{\"@type\":\"ImageObject\",\"inLanguage\":\"it-IT\",\"@id\":\"https:\/\/www.rafanadalacademy.com\/it\/accademia-rafa-nadal-di-movistar\/la-rafa-nadal-academy-collega-maiorca-e-il-cairo-con-un-innovativo-progetto-educativo-e-sportivo\/#primaryimage\",\"url\":\"https:\/\/www.rafanadalacademy.com\/wp-content\/uploads\/2025\/11\/Edge-179-e1764065022477.jpg\",\"contentUrl\":\"https:\/\/www.rafanadalacademy.com\/wp-content\/uploads\/2025\/11\/Edge-179-e1764065022477.jpg\",\"width\":1024,\"height\":683,\"caption\":\"Maribel Nadal, durante su visita al Rafa Nadal Tennis Programme en Uppingham Cairo\"},{\"@type\":\"BreadcrumbList\",\"@id\":\"https:\/\/www.rafanadalacademy.com\/it\/accademia-rafa-nadal-di-movistar\/la-rafa-nadal-academy-collega-maiorca-e-il-cairo-con-un-innovativo-progetto-educativo-e-sportivo\/#breadcrumb\",\"itemListElement\":[{\"@type\":\"ListItem\",\"position\":1,\"name\":\"Home\",\"item\":\"https:\/\/www.rafanadalacademy.com\/it\/\"},{\"@type\":\"ListItem\",\"position\":2,\"name\":\"La Rafa Nadal Academy collega Maiorca e Il Cairo con un innovativo progetto educativo e sportivo\"}]},{\"@type\":\"WebSite\",\"@id\":\"https:\/\/www.rafanadalacademy.com\/it\/#website\",\"url\":\"https:\/\/www.rafanadalacademy.com\/it\/\",\"name\":\"Rafa Nadal Academy\",\"description\":\"Otro sitio realizado con WordPress\",\"potentialAction\":[{\"@type\":\"SearchAction\",\"target\":{\"@type\":\"EntryPoint\",\"urlTemplate\":\"https:\/\/www.rafanadalacademy.com\/it\/?s={search_term_string}\"},\"query-input\":{\"@type\":\"PropertyValueSpecification\",\"valueRequired\":true,\"valueName\":\"search_term_string\"}}],\"inLanguage\":\"it-IT\"},{\"@type\":\"Person\",\"@id\":\"https:\/\/www.rafanadalacademy.com\/it\/#\/schema\/person\/744897d6ee269641fff954376180ef01\",\"name\":\"joseluisprados\",\"image\":{\"@type\":\"ImageObject\",\"inLanguage\":\"it-IT\",\"@id\":\"https:\/\/www.rafanadalacademy.com\/it\/#\/schema\/person\/image\/\",\"url\":\"https:\/\/secure.gravatar.com\/avatar\/8aa823a6e5501864ffab4785d9e2a994b59c2d45c9f9751c5a532abfec081e5f?s=96&d=mm&r=g\",\"contentUrl\":\"https:\/\/secure.gravatar.com\/avatar\/8aa823a6e5501864ffab4785d9e2a994b59c2d45c9f9751c5a532abfec081e5f?s=96&d=mm&r=g\",\"caption\":\"joseluisprados\"},\"url\":\"https:\/\/www.rafanadalacademy.com\/it\/author\/joseluisprados\/\"},{\"@type\":\"ImageObject\",\"inLanguage\":\"it-IT\",\"@id\":\"https:\/\/www.rafanadalacademy.com\/it\/accademia-rafa-nadal-di-movistar\/la-rafa-nadal-academy-collega-maiorca-e-il-cairo-con-un-innovativo-progetto-educativo-e-sportivo\/#local-main-organization-logo\",\"url\":\"\",\"contentUrl\":\"\",\"caption\":\"Rafa Nadal Academy\"}]}<\/script>\n<!-- \/ Yoast SEO Premium plugin. -->","yoast_head_json":{"title":"La Rafa Nadal Academy collega Maiorca e Il Cairo con un innovativo progetto educativo e sportivo - Rafa Nadal Academy","description":"La Rafa Nadal Academy continua ad ampliare la sua presenza a livello globale e a consolidare la sua rete internazionale di centri di alto rendimento. Durante il mese di ottobre, il team dell'Accademia, guidato da Maribel Nadal, vicedirettrice generale, ha guidato la spedizione che ha visitato il Rafa Nadal Tennis Programme a Uppingham Cairo, uno dei progetti pi\u00f9 recenti all'interno dell'espansione internazionale.","robots":{"index":"index","follow":"follow","max-snippet":"max-snippet:-1","max-image-preview":"max-image-preview:large","max-video-preview":"max-video-preview:-1"},"canonical":"https:\/\/www.rafanadalacademy.com\/it\/accademia-rafa-nadal-di-movistar\/la-rafa-nadal-academy-collega-maiorca-e-il-cairo-con-un-innovativo-progetto-educativo-e-sportivo\/","og_locale":"it_IT","og_type":"article","og_title":"La Rafa Nadal Academy collega Maiorca e Il Cairo con un innovativo progetto educativo e sportivo","og_description":"La Rafa Nadal Academy continua ad ampliare la sua presenza a livello globale e a consolidare la sua rete internazionale di centri di alto rendimento. Durante il mese di ottobre, il team dell'Accademia, guidato da Maribel Nadal, vicedirettrice generale, ha guidato la spedizione che ha visitato il Rafa Nadal Tennis Programme a Uppingham Cairo, uno dei progetti pi\u00f9 recenti all'interno dell'espansione internazionale.","og_url":"https:\/\/www.rafanadalacademy.com\/it\/accademia-rafa-nadal-di-movistar\/la-rafa-nadal-academy-collega-maiorca-e-il-cairo-con-un-innovativo-progetto-educativo-e-sportivo\/","og_site_name":"Rafa Nadal Academy","article_published_time":"2025-11-13T10:10:00+00:00","article_modified_time":"2025-11-25T12:51:26+00:00","og_image":[{"width":1024,"height":683,"url":"https:\/\/www.rafanadalacademy.com\/wp-content\/uploads\/2025\/11\/Edge-179-e1764065022477.jpg","type":"image\/jpeg"}],"author":"joseluisprados","twitter_card":"summary_large_image","twitter_misc":{"Written by":"joseluisprados","Est. reading time":"2 minutes"},"schema":{"@context":"https:\/\/schema.org","@graph":[{"@type":"Article","@id":"https:\/\/www.rafanadalacademy.com\/it\/accademia-rafa-nadal-di-movistar\/la-rafa-nadal-academy-collega-maiorca-e-il-cairo-con-un-innovativo-progetto-educativo-e-sportivo\/#article","isPartOf":{"@id":"https:\/\/www.rafanadalacademy.com\/it\/accademia-rafa-nadal-di-movistar\/la-rafa-nadal-academy-collega-maiorca-e-il-cairo-con-un-innovativo-progetto-educativo-e-sportivo\/"},"author":{"name":"joseluisprados","@id":"https:\/\/www.rafanadalacademy.com\/it\/#\/schema\/person\/744897d6ee269641fff954376180ef01"},"headline":"La Rafa Nadal Academy collega Maiorca e Il Cairo con un innovativo progetto educativo e sportivo","datePublished":"2025-11-13T10:10:00+00:00","dateModified":"2025-11-25T12:51:26+00:00","mainEntityOfPage":{"@id":"https:\/\/www.rafanadalacademy.com\/it\/accademia-rafa-nadal-di-movistar\/la-rafa-nadal-academy-collega-maiorca-e-il-cairo-con-un-innovativo-progetto-educativo-e-sportivo\/"},"wordCount":356,"image":{"@id":"https:\/\/www.rafanadalacademy.com\/it\/accademia-rafa-nadal-di-movistar\/la-rafa-nadal-academy-collega-maiorca-e-il-cairo-con-un-innovativo-progetto-educativo-e-sportivo\/#primaryimage"},"thumbnailUrl":"https:\/\/www.rafanadalacademy.com\/wp-content\/uploads\/2025\/11\/Edge-179-e1764065022477.jpg","keywords":["ACCADEMIA RAFA NADAL DI MOVISTAR"],"articleSection":["ACCADEMIA RAFA NADAL DI MOVISTAR","Notizia"],"inLanguage":"it-IT","copyrightYear":"2025","copyrightHolder":{"@id":"https:\/\/www.rafanadalacademy.com\/#organization"}},{"@type":"WebPage","@id":"https:\/\/www.rafanadalacademy.com\/it\/accademia-rafa-nadal-di-movistar\/la-rafa-nadal-academy-collega-maiorca-e-il-cairo-con-un-innovativo-progetto-educativo-e-sportivo\/","url":"https:\/\/www.rafanadalacademy.com\/it\/accademia-rafa-nadal-di-movistar\/la-rafa-nadal-academy-collega-maiorca-e-il-cairo-con-un-innovativo-progetto-educativo-e-sportivo\/","name":"La Rafa Nadal Academy collega Maiorca e Il Cairo con un innovativo progetto educativo e sportivo - Rafa Nadal Academy","isPartOf":{"@id":"https:\/\/www.rafanadalacademy.com\/it\/#website"},"primaryImageOfPage":{"@id":"https:\/\/www.rafanadalacademy.com\/it\/accademia-rafa-nadal-di-movistar\/la-rafa-nadal-academy-collega-maiorca-e-il-cairo-con-un-innovativo-progetto-educativo-e-sportivo\/#primaryimage"},"image":{"@id":"https:\/\/www.rafanadalacademy.com\/it\/accademia-rafa-nadal-di-movistar\/la-rafa-nadal-academy-collega-maiorca-e-il-cairo-con-un-innovativo-progetto-educativo-e-sportivo\/#primaryimage"},"thumbnailUrl":"https:\/\/www.rafanadalacademy.com\/wp-content\/uploads\/2025\/11\/Edge-179-e1764065022477.jpg","datePublished":"2025-11-13T10:10:00+00:00","dateModified":"2025-11-25T12:51:26+00:00","author":{"@id":"https:\/\/www.rafanadalacademy.com\/it\/#\/schema\/person\/744897d6ee269641fff954376180ef01"},"description":"La Rafa Nadal Academy continua ad ampliare la sua presenza a livello globale e a consolidare la sua rete internazionale di centri di alto rendimento. Durante il mese di ottobre, il team dell'Accademia, guidato da Maribel Nadal, vicedirettrice generale, ha guidato la spedizione che ha visitato il Rafa Nadal Tennis Programme a Uppingham Cairo, uno dei progetti pi\u00f9 recenti all'interno dell'espansione internazionale.","breadcrumb":{"@id":"https:\/\/www.rafanadalacademy.com\/it\/accademia-rafa-nadal-di-movistar\/la-rafa-nadal-academy-collega-maiorca-e-il-cairo-con-un-innovativo-progetto-educativo-e-sportivo\/#breadcrumb"},"inLanguage":"it-IT","potentialAction":[{"@type":"ReadAction","target":["https:\/\/www.rafanadalacademy.com\/it\/accademia-rafa-nadal-di-movistar\/la-rafa-nadal-academy-collega-maiorca-e-il-cairo-con-un-innovativo-progetto-educativo-e-sportivo\/"]}]},{"@type":"ImageObject","inLanguage":"it-IT","@id":"https:\/\/www.rafanadalacademy.com\/it\/accademia-rafa-nadal-di-movistar\/la-rafa-nadal-academy-collega-maiorca-e-il-cairo-con-un-innovativo-progetto-educativo-e-sportivo\/#primaryimage","url":"https:\/\/www.rafanadalacademy.com\/wp-content\/uploads\/2025\/11\/Edge-179-e1764065022477.jpg","contentUrl":"https:\/\/www.rafanadalacademy.com\/wp-content\/uploads\/2025\/11\/Edge-179-e1764065022477.jpg","width":1024,"height":683,"caption":"Maribel Nadal, durante su visita al Rafa Nadal Tennis Programme en Uppingham Cairo"},{"@type":"BreadcrumbList","@id":"https:\/\/www.rafanadalacademy.com\/it\/accademia-rafa-nadal-di-movistar\/la-rafa-nadal-academy-collega-maiorca-e-il-cairo-con-un-innovativo-progetto-educativo-e-sportivo\/#breadcrumb","itemListElement":[{"@type":"ListItem","position":1,"name":"Home","item":"https:\/\/www.rafanadalacademy.com\/it\/"},{"@type":"ListItem","position":2,"name":"La Rafa Nadal Academy collega Maiorca e Il Cairo con un innovativo progetto educativo e sportivo"}]},{"@type":"WebSite","@id":"https:\/\/www.rafanadalacademy.com\/it\/#website","url":"https:\/\/www.rafanadalacademy.com\/it\/","name":"Rafa Nadal Academy","description":"Otro sitio realizado con WordPress","potentialAction":[{"@type":"SearchAction","target":{"@type":"EntryPoint","urlTemplate":"https:\/\/www.rafanadalacademy.com\/it\/?s={search_term_string}"},"query-input":{"@type":"PropertyValueSpecification","valueRequired":true,"valueName":"search_term_string"}}],"inLanguage":"it-IT"},{"@type":"Person","@id":"https:\/\/www.rafanadalacademy.com\/it\/#\/schema\/person\/744897d6ee269641fff954376180ef01","name":"joseluisprados","image":{"@type":"ImageObject","inLanguage":"it-IT","@id":"https:\/\/www.rafanadalacademy.com\/it\/#\/schema\/person\/image\/","url":"https:\/\/secure.gravatar.com\/avatar\/8aa823a6e5501864ffab4785d9e2a994b59c2d45c9f9751c5a532abfec081e5f?s=96&d=mm&r=g","contentUrl":"https:\/\/secure.gravatar.com\/avatar\/8aa823a6e5501864ffab4785d9e2a994b59c2d45c9f9751c5a532abfec081e5f?s=96&d=mm&r=g","caption":"joseluisprados"},"url":"https:\/\/www.rafanadalacademy.com\/it\/author\/joseluisprados\/"},{"@type":"ImageObject","inLanguage":"it-IT","@id":"https:\/\/www.rafanadalacademy.com\/it\/accademia-rafa-nadal-di-movistar\/la-rafa-nadal-academy-collega-maiorca-e-il-cairo-con-un-innovativo-progetto-educativo-e-sportivo\/#local-main-organization-logo","url":"","contentUrl":"","caption":"Rafa Nadal Academy"}]}},"_links":{"self":[{"href":"https:\/\/www.rafanadalacademy.com\/it\/wp-json\/wp\/v2\/posts\/37202","targetHints":{"allow":["GET"]}}],"collection":[{"href":"https:\/\/www.rafanadalacademy.com\/it\/wp-json\/wp\/v2\/posts"}],"about":[{"href":"https:\/\/www.rafanadalacademy.com\/it\/wp-json\/wp\/v2\/types\/post"}],"author":[{"embeddable":true,"href":"https:\/\/www.rafanadalacademy.com\/it\/wp-json\/wp\/v2\/users\/23"}],"replies":[{"embeddable":true,"href":"https:\/\/www.rafanadalacademy.com\/it\/wp-json\/wp\/v2\/comments?post=37202"}],"version-history":[{"count":1,"href":"https:\/\/www.rafanadalacademy.com\/it\/wp-json\/wp\/v2\/posts\/37202\/revisions"}],"predecessor-version":[{"id":37203,"href":"https:\/\/www.rafanadalacademy.com\/it\/wp-json\/wp\/v2\/posts\/37202\/revisions\/37203"}],"wp:featuredmedia":[{"embeddable":true,"href":"https:\/\/www.rafanadalacademy.com\/it\/wp-json\/wp\/v2\/media\/37136"}],"wp:attachment":[{"href":"https:\/\/www.rafanadalacademy.com\/it\/wp-json\/wp\/v2\/media?parent=37202"}],"wp:term":[{"taxonomy":"category","embeddable":true,"href":"https:\/\/www.rafanadalacademy.com\/it\/wp-json\/wp\/v2\/categories?post=37202"},{"taxonomy":"post_tag","embeddable":true,"href":"https:\/\/www.rafanadalacademy.com\/it\/wp-json\/wp\/v2\/tags?post=37202"}],"curies":[{"name":"wp","href":"https:\/\/api.w.org\/{rel}","templated":true}]}}