{"id":37166,"date":"2025-11-25T09:05:07","date_gmt":"2025-11-25T09:05:07","guid":{"rendered":"https:\/\/www.rafanadalacademy.com\/non-categorizzato\/jaume-munar-conclude-il-miglior-anno-della-sua-carriera\/"},"modified":"2025-11-25T11:02:50","modified_gmt":"2025-11-25T11:02:50","slug":"jaume-munar-conclude-il-miglior-anno-della-sua-carriera","status":"publish","type":"post","link":"https:\/\/www.rafanadalacademy.com\/it\/accademia-rafa-nadal-di-movistar\/jaume-munar-conclude-il-miglior-anno-della-sua-carriera\/","title":{"rendered":"Jaume Munar conclude il miglior anno della sua carriera"},"content":{"rendered":"\n<p>Jaume Munar ha concluso la stagione 2025, senza dubbio la pi\u00f9 vincente della sua carriera nel circuito ATP, disputando con la Spagna la grande finale di Coppa Davis a Bologna contro l&#8217;Italia, che si \u00e8 riconfermata campione per la terza edizione consecutiva.<\/p>\n\n<figure class=\"wp-block-image size-large\"><img loading=\"lazy\" decoding=\"async\" width=\"1024\" height=\"630\" src=\"https:\/\/www.rafanadalacademy.com\/wp-content\/uploads\/2025\/11\/MUNAR-COPA-DAVIS-II-scaled-e1764061251166-1024x630.jpg\" alt=\"Jaume Munar, in finale di Coppa Davis 2025\" class=\"wp-image-37092\" srcset=\"https:\/\/www.rafanadalacademy.com\/wp-content\/uploads\/2025\/11\/MUNAR-COPA-DAVIS-II-scaled-e1764061251166-1024x630.jpg 1024w, https:\/\/www.rafanadalacademy.com\/wp-content\/uploads\/2025\/11\/MUNAR-COPA-DAVIS-II-scaled-e1764061251166-300x184.jpg 300w, https:\/\/www.rafanadalacademy.com\/wp-content\/uploads\/2025\/11\/MUNAR-COPA-DAVIS-II-scaled-e1764061251166-768x472.jpg 768w, https:\/\/www.rafanadalacademy.com\/wp-content\/uploads\/2025\/11\/MUNAR-COPA-DAVIS-II-scaled-e1764061251166-1536x944.jpg 1536w, https:\/\/www.rafanadalacademy.com\/wp-content\/uploads\/2025\/11\/MUNAR-COPA-DAVIS-II-scaled-e1764061251166-2048x1259.jpg 2048w\" sizes=\"auto, (max-width: 1024px) 100vw, 1024px\" \/><figcaption class=\"wp-element-caption\">Jaume Munar, in finale di Coppa Davis 2025<\/figcaption><\/figure>\n\n<div style=\"height:30px\" aria-hidden=\"true\" class=\"wp-block-spacer\"><\/div>\n\n<p>La presenza del maiorchino nella convocazione spagnola conferma lo status che ha raggiunto quest&#8217;anno, consolidandosi come uno dei giocatori pi\u00f9 affidabili del circuito e un elemento importante per la squadra nazionale.<\/p>\n\n<p>Dal 25 ottobre scorso, Munar occupa la 36\u00aa posizione del ranking ATP, la migliore classifica della sua carriera. La sua ascesa si \u00e8 basata su una stagione ricca di traguardi, a cominciare dalla sua eccezionale prestazione agli US Open, dove ha raggiunto per la prima volta gli ottavi di finale di un Grand Slam. In sostanza, una svolta nella sua carriera.  <\/p>\n\n<p>Inoltre, il tennista formatosi alla Rafa Nadal Academy ha brillato in diversi tornei del calendario, raggiungendo le semifinali a Basilea e Dallas \u2014 entrambi ATP 500 \u2014 e a Hong Kong (ATP 250). A livello Masters 1000, ha firmato degli ottimi ottavi di finale a Roma. <\/p>\n\n<div style=\"height:30px\" aria-hidden=\"true\" class=\"wp-block-spacer\"><\/div>\n\n<figure class=\"wp-block-image size-large\"><img loading=\"lazy\" decoding=\"async\" width=\"1024\" height=\"683\" src=\"https:\/\/www.rafanadalacademy.com\/wp-content\/uploads\/2025\/11\/ESPANA-COPA-DAVIS-2025-1024x683.jpg\" alt=\"La squadra spagnola di Coppa Davis 2025 nella finale contro l'Italia\" class=\"wp-image-37108\" srcset=\"https:\/\/www.rafanadalacademy.com\/wp-content\/uploads\/2025\/11\/ESPANA-COPA-DAVIS-2025-1024x683.jpg 1024w, https:\/\/www.rafanadalacademy.com\/wp-content\/uploads\/2025\/11\/ESPANA-COPA-DAVIS-2025-300x200.jpg 300w, https:\/\/www.rafanadalacademy.com\/wp-content\/uploads\/2025\/11\/ESPANA-COPA-DAVIS-2025-768x512.jpg 768w, https:\/\/www.rafanadalacademy.com\/wp-content\/uploads\/2025\/11\/ESPANA-COPA-DAVIS-2025-1536x1024.jpg 1536w, https:\/\/www.rafanadalacademy.com\/wp-content\/uploads\/2025\/11\/ESPANA-COPA-DAVIS-2025-2048x1365.jpg 2048w\" sizes=\"auto, (max-width: 1024px) 100vw, 1024px\" \/><\/figure>\n\n<div style=\"height:30px\" aria-hidden=\"true\" class=\"wp-block-spacer\"><\/div>\n\n<p>Uno degli aspetti pi\u00f9 importanti della sua stagione \u00e8 stato il suo rendimento sui campi indoor, dove ha mostrato un livello eccezionale, costante e competitivo contro avversari di grande calibro. Ne sono prova le sue vittorie contro giocatori della Top 10, come Ben Shelton, a Basilea, e Daniil Medvedev, a Miami, due trionfi che hanno consolidato il suo salto di qualit\u00e0. <\/p>\n\n<p>Munar riconosce di star vivendo un momento molto speciale della sua carriera:<br\/>\u201c\u00c8 stato un anno molto positivo. A livello tennistico sono migliorato in molti aspetti e la maturit\u00e0 mi sta aiutando a competere meglio. Sento di essere un giocatore sempre pi\u00f9 completo. Sono molto contento di quello che ho ottenuto, ma ho chiaro che voglio di pi\u00f9\u201d, ha spiegato dopo aver chiuso la stagione.<\/p>\n\n<p>La finale di Coppa Davis ha messo, inoltre, il sigillo perfetto a un 2025 indimenticabile per il maiorchino, che chiude la stagione come uno dei grandi nomi del tennis spagnolo nel panorama internazionale.<\/p>\n\n<p>Dalla Rafa Nadal Academy ti ringraziamo, Jaume, per la tua grinta, la tua lotta, la tua passione e per aver dato assolutamente tutto in campo. Congratulazioni alla Spagna, a David Ferrer e alla Real Federaci\u00f3n Espa\u00f1ola de Tenis per il risultato ottenuto in Coppa Davis. <\/p>\n","protected":false},"excerpt":{"rendered":"<p>Jaume Munar ha concluso la stagione 2025, senza dubbio la pi\u00f9 vincente della sua carriera nel circuito ATP, disputando con la Spagna la grande finale di Coppa Davis a Bologna contro l&#8217;Italia, che si \u00e8 riconfermata campione per la terza edizione consecutiva. La presenza del maiorchino nella convocazione spagnola conferma lo status che ha raggiunto<a href=\"https:\/\/www.rafanadalacademy.com\/it\/accademia-rafa-nadal-di-movistar\/jaume-munar-conclude-il-miglior-anno-della-sua-carriera\/\">Continue reading <span class=\"sr-only\">&#8220;Jaume Munar conclude il miglior anno della sua carriera&#8221;<\/span><\/a><\/p>\n","protected":false},"author":23,"featured_media":37105,"comment_status":"closed","ping_status":"closed","sticky":false,"template":"","format":"standard","meta":{"_acf_changed":false,"footnotes":""},"categories":[200,160],"tags":[201],"class_list":["post-37166","post","type-post","status-publish","format-standard","has-post-thumbnail","hentry","category-accademia-rafa-nadal-di-movistar","category-notizia","tag-accademia-rafa-nadal-di-movistar"],"acf":[],"yoast_head":"<!-- This site is optimized with the Yoast SEO Premium plugin v26.8 (Yoast SEO v26.9) - https:\/\/yoast.com\/product\/yoast-seo-premium-wordpress\/ -->\n<title>Jaume Munar conclude il miglior anno della sua carriera - Rafa Nadal Academy<\/title>\n<meta name=\"description\" content=\"Jaume Munar ha concluso la stagione 2025, senza dubbio la pi\u00f9 vincente della sua carriera nel circuito ATP, disputando con la Spagna la grande finale di Coppa Davis a Bologna contro l&#039;Italia, che si \u00e8 riconfermata campione per la terza edizione consecutiva.\" \/>\n<meta name=\"robots\" content=\"index, follow, max-snippet:-1, max-image-preview:large, max-video-preview:-1\" \/>\n<link rel=\"canonical\" href=\"https:\/\/www.rafanadalacademy.com\/it\/accademia-rafa-nadal-di-movistar\/jaume-munar-conclude-il-miglior-anno-della-sua-carriera\/\" \/>\n<meta property=\"og:locale\" content=\"it_IT\" \/>\n<meta property=\"og:type\" content=\"article\" \/>\n<meta property=\"og:title\" content=\"Jaume Munar conclude il miglior anno della sua carriera\" \/>\n<meta property=\"og:description\" content=\"Jaume Munar ha concluso la stagione 2025, senza dubbio la pi\u00f9 vincente della sua carriera nel circuito ATP, disputando con la Spagna la grande finale di Coppa Davis a Bologna contro l&#039;Italia, che si \u00e8 riconfermata campione per la terza edizione consecutiva.\" \/>\n<meta property=\"og:url\" content=\"https:\/\/www.rafanadalacademy.com\/it\/accademia-rafa-nadal-di-movistar\/jaume-munar-conclude-il-miglior-anno-della-sua-carriera\/\" \/>\n<meta property=\"og:site_name\" content=\"Rafa Nadal Academy\" \/>\n<meta property=\"article:published_time\" content=\"2025-11-25T09:05:07+00:00\" \/>\n<meta property=\"article:modified_time\" content=\"2025-11-25T11:02:50+00:00\" \/>\n<meta property=\"og:image\" content=\"https:\/\/www.rafanadalacademy.com\/wp-content\/uploads\/2025\/11\/MUNAR-COPA-DAVIS-scaled-e1764061641642.jpg\" \/>\n\t<meta property=\"og:image:width\" content=\"2560\" \/>\n\t<meta property=\"og:image:height\" content=\"1707\" \/>\n\t<meta property=\"og:image:type\" content=\"image\/jpeg\" \/>\n<meta name=\"author\" content=\"joseluisprados\" \/>\n<meta name=\"twitter:card\" content=\"summary_large_image\" \/>\n<meta name=\"twitter:label1\" content=\"Written by\" \/>\n\t<meta name=\"twitter:data1\" content=\"joseluisprados\" \/>\n\t<meta name=\"twitter:label2\" content=\"Est. reading time\" \/>\n\t<meta name=\"twitter:data2\" content=\"2 minutes\" \/>\n<script type=\"application\/ld+json\" class=\"yoast-schema-graph\">{\"@context\":\"https:\/\/schema.org\",\"@graph\":[{\"@type\":\"Article\",\"@id\":\"https:\/\/www.rafanadalacademy.com\/it\/accademia-rafa-nadal-di-movistar\/jaume-munar-conclude-il-miglior-anno-della-sua-carriera\/#article\",\"isPartOf\":{\"@id\":\"https:\/\/www.rafanadalacademy.com\/it\/accademia-rafa-nadal-di-movistar\/jaume-munar-conclude-il-miglior-anno-della-sua-carriera\/\"},\"author\":{\"name\":\"joseluisprados\",\"@id\":\"https:\/\/www.rafanadalacademy.com\/it\/#\/schema\/person\/744897d6ee269641fff954376180ef01\"},\"headline\":\"Jaume Munar conclude il miglior anno della sua carriera\",\"datePublished\":\"2025-11-25T09:05:07+00:00\",\"dateModified\":\"2025-11-25T11:02:50+00:00\",\"mainEntityOfPage\":{\"@id\":\"https:\/\/www.rafanadalacademy.com\/it\/accademia-rafa-nadal-di-movistar\/jaume-munar-conclude-il-miglior-anno-della-sua-carriera\/\"},\"wordCount\":390,\"image\":{\"@id\":\"https:\/\/www.rafanadalacademy.com\/it\/accademia-rafa-nadal-di-movistar\/jaume-munar-conclude-il-miglior-anno-della-sua-carriera\/#primaryimage\"},\"thumbnailUrl\":\"https:\/\/www.rafanadalacademy.com\/wp-content\/uploads\/2025\/11\/MUNAR-COPA-DAVIS-scaled-e1764061641642.jpg\",\"keywords\":[\"ACCADEMIA RAFA NADAL DI MOVISTAR\"],\"articleSection\":[\"ACCADEMIA RAFA NADAL DI MOVISTAR\",\"Notizia\"],\"inLanguage\":\"it-IT\",\"copyrightYear\":\"2025\",\"copyrightHolder\":{\"@id\":\"https:\/\/www.rafanadalacademy.com\/#organization\"}},{\"@type\":\"WebPage\",\"@id\":\"https:\/\/www.rafanadalacademy.com\/it\/accademia-rafa-nadal-di-movistar\/jaume-munar-conclude-il-miglior-anno-della-sua-carriera\/\",\"url\":\"https:\/\/www.rafanadalacademy.com\/it\/accademia-rafa-nadal-di-movistar\/jaume-munar-conclude-il-miglior-anno-della-sua-carriera\/\",\"name\":\"Jaume Munar conclude il miglior anno della sua carriera - Rafa Nadal Academy\",\"isPartOf\":{\"@id\":\"https:\/\/www.rafanadalacademy.com\/it\/#website\"},\"primaryImageOfPage\":{\"@id\":\"https:\/\/www.rafanadalacademy.com\/it\/accademia-rafa-nadal-di-movistar\/jaume-munar-conclude-il-miglior-anno-della-sua-carriera\/#primaryimage\"},\"image\":{\"@id\":\"https:\/\/www.rafanadalacademy.com\/it\/accademia-rafa-nadal-di-movistar\/jaume-munar-conclude-il-miglior-anno-della-sua-carriera\/#primaryimage\"},\"thumbnailUrl\":\"https:\/\/www.rafanadalacademy.com\/wp-content\/uploads\/2025\/11\/MUNAR-COPA-DAVIS-scaled-e1764061641642.jpg\",\"datePublished\":\"2025-11-25T09:05:07+00:00\",\"dateModified\":\"2025-11-25T11:02:50+00:00\",\"author\":{\"@id\":\"https:\/\/www.rafanadalacademy.com\/it\/#\/schema\/person\/744897d6ee269641fff954376180ef01\"},\"description\":\"Jaume Munar ha concluso la stagione 2025, senza dubbio la pi\u00f9 vincente della sua carriera nel circuito ATP, disputando con la Spagna la grande finale di Coppa Davis a Bologna contro l'Italia, che si \u00e8 riconfermata campione per la terza edizione consecutiva.\",\"breadcrumb\":{\"@id\":\"https:\/\/www.rafanadalacademy.com\/it\/accademia-rafa-nadal-di-movistar\/jaume-munar-conclude-il-miglior-anno-della-sua-carriera\/#breadcrumb\"},\"inLanguage\":\"it-IT\",\"potentialAction\":[{\"@type\":\"ReadAction\",\"target\":[\"https:\/\/www.rafanadalacademy.com\/it\/accademia-rafa-nadal-di-movistar\/jaume-munar-conclude-il-miglior-anno-della-sua-carriera\/\"]}]},{\"@type\":\"ImageObject\",\"inLanguage\":\"it-IT\",\"@id\":\"https:\/\/www.rafanadalacademy.com\/it\/accademia-rafa-nadal-di-movistar\/jaume-munar-conclude-il-miglior-anno-della-sua-carriera\/#primaryimage\",\"url\":\"https:\/\/www.rafanadalacademy.com\/wp-content\/uploads\/2025\/11\/MUNAR-COPA-DAVIS-scaled-e1764061641642.jpg\",\"contentUrl\":\"https:\/\/www.rafanadalacademy.com\/wp-content\/uploads\/2025\/11\/MUNAR-COPA-DAVIS-scaled-e1764061641642.jpg\",\"width\":2560,\"height\":1707,\"caption\":\"Jaume Munar, en la final de la Copa Davis 2025\"},{\"@type\":\"BreadcrumbList\",\"@id\":\"https:\/\/www.rafanadalacademy.com\/it\/accademia-rafa-nadal-di-movistar\/jaume-munar-conclude-il-miglior-anno-della-sua-carriera\/#breadcrumb\",\"itemListElement\":[{\"@type\":\"ListItem\",\"position\":1,\"name\":\"Home\",\"item\":\"https:\/\/www.rafanadalacademy.com\/it\/\"},{\"@type\":\"ListItem\",\"position\":2,\"name\":\"Jaume Munar conclude il miglior anno della sua carriera\"}]},{\"@type\":\"WebSite\",\"@id\":\"https:\/\/www.rafanadalacademy.com\/it\/#website\",\"url\":\"https:\/\/www.rafanadalacademy.com\/it\/\",\"name\":\"Rafa Nadal Academy\",\"description\":\"Otro sitio realizado con WordPress\",\"potentialAction\":[{\"@type\":\"SearchAction\",\"target\":{\"@type\":\"EntryPoint\",\"urlTemplate\":\"https:\/\/www.rafanadalacademy.com\/it\/?s={search_term_string}\"},\"query-input\":{\"@type\":\"PropertyValueSpecification\",\"valueRequired\":true,\"valueName\":\"search_term_string\"}}],\"inLanguage\":\"it-IT\"},{\"@type\":\"Person\",\"@id\":\"https:\/\/www.rafanadalacademy.com\/it\/#\/schema\/person\/744897d6ee269641fff954376180ef01\",\"name\":\"joseluisprados\",\"image\":{\"@type\":\"ImageObject\",\"inLanguage\":\"it-IT\",\"@id\":\"https:\/\/www.rafanadalacademy.com\/it\/#\/schema\/person\/image\/\",\"url\":\"https:\/\/secure.gravatar.com\/avatar\/8aa823a6e5501864ffab4785d9e2a994b59c2d45c9f9751c5a532abfec081e5f?s=96&d=mm&r=g\",\"contentUrl\":\"https:\/\/secure.gravatar.com\/avatar\/8aa823a6e5501864ffab4785d9e2a994b59c2d45c9f9751c5a532abfec081e5f?s=96&d=mm&r=g\",\"caption\":\"joseluisprados\"},\"url\":\"https:\/\/www.rafanadalacademy.com\/it\/author\/joseluisprados\/\"},{\"@type\":\"ImageObject\",\"inLanguage\":\"it-IT\",\"@id\":\"https:\/\/www.rafanadalacademy.com\/it\/accademia-rafa-nadal-di-movistar\/jaume-munar-conclude-il-miglior-anno-della-sua-carriera\/#local-main-organization-logo\",\"url\":\"\",\"contentUrl\":\"\",\"caption\":\"Rafa Nadal Academy\"}]}<\/script>\n<!-- \/ Yoast SEO Premium plugin. -->","yoast_head_json":{"title":"Jaume Munar conclude il miglior anno della sua carriera - Rafa Nadal Academy","description":"Jaume Munar ha concluso la stagione 2025, senza dubbio la pi\u00f9 vincente della sua carriera nel circuito ATP, disputando con la Spagna la grande finale di Coppa Davis a Bologna contro l'Italia, che si \u00e8 riconfermata campione per la terza edizione consecutiva.","robots":{"index":"index","follow":"follow","max-snippet":"max-snippet:-1","max-image-preview":"max-image-preview:large","max-video-preview":"max-video-preview:-1"},"canonical":"https:\/\/www.rafanadalacademy.com\/it\/accademia-rafa-nadal-di-movistar\/jaume-munar-conclude-il-miglior-anno-della-sua-carriera\/","og_locale":"it_IT","og_type":"article","og_title":"Jaume Munar conclude il miglior anno della sua carriera","og_description":"Jaume Munar ha concluso la stagione 2025, senza dubbio la pi\u00f9 vincente della sua carriera nel circuito ATP, disputando con la Spagna la grande finale di Coppa Davis a Bologna contro l'Italia, che si \u00e8 riconfermata campione per la terza edizione consecutiva.","og_url":"https:\/\/www.rafanadalacademy.com\/it\/accademia-rafa-nadal-di-movistar\/jaume-munar-conclude-il-miglior-anno-della-sua-carriera\/","og_site_name":"Rafa Nadal Academy","article_published_time":"2025-11-25T09:05:07+00:00","article_modified_time":"2025-11-25T11:02:50+00:00","og_image":[{"width":2560,"height":1707,"url":"https:\/\/www.rafanadalacademy.com\/wp-content\/uploads\/2025\/11\/MUNAR-COPA-DAVIS-scaled-e1764061641642.jpg","type":"image\/jpeg"}],"author":"joseluisprados","twitter_card":"summary_large_image","twitter_misc":{"Written by":"joseluisprados","Est. reading time":"2 minutes"},"schema":{"@context":"https:\/\/schema.org","@graph":[{"@type":"Article","@id":"https:\/\/www.rafanadalacademy.com\/it\/accademia-rafa-nadal-di-movistar\/jaume-munar-conclude-il-miglior-anno-della-sua-carriera\/#article","isPartOf":{"@id":"https:\/\/www.rafanadalacademy.com\/it\/accademia-rafa-nadal-di-movistar\/jaume-munar-conclude-il-miglior-anno-della-sua-carriera\/"},"author":{"name":"joseluisprados","@id":"https:\/\/www.rafanadalacademy.com\/it\/#\/schema\/person\/744897d6ee269641fff954376180ef01"},"headline":"Jaume Munar conclude il miglior anno della sua carriera","datePublished":"2025-11-25T09:05:07+00:00","dateModified":"2025-11-25T11:02:50+00:00","mainEntityOfPage":{"@id":"https:\/\/www.rafanadalacademy.com\/it\/accademia-rafa-nadal-di-movistar\/jaume-munar-conclude-il-miglior-anno-della-sua-carriera\/"},"wordCount":390,"image":{"@id":"https:\/\/www.rafanadalacademy.com\/it\/accademia-rafa-nadal-di-movistar\/jaume-munar-conclude-il-miglior-anno-della-sua-carriera\/#primaryimage"},"thumbnailUrl":"https:\/\/www.rafanadalacademy.com\/wp-content\/uploads\/2025\/11\/MUNAR-COPA-DAVIS-scaled-e1764061641642.jpg","keywords":["ACCADEMIA RAFA NADAL DI MOVISTAR"],"articleSection":["ACCADEMIA RAFA NADAL DI MOVISTAR","Notizia"],"inLanguage":"it-IT","copyrightYear":"2025","copyrightHolder":{"@id":"https:\/\/www.rafanadalacademy.com\/#organization"}},{"@type":"WebPage","@id":"https:\/\/www.rafanadalacademy.com\/it\/accademia-rafa-nadal-di-movistar\/jaume-munar-conclude-il-miglior-anno-della-sua-carriera\/","url":"https:\/\/www.rafanadalacademy.com\/it\/accademia-rafa-nadal-di-movistar\/jaume-munar-conclude-il-miglior-anno-della-sua-carriera\/","name":"Jaume Munar conclude il miglior anno della sua carriera - Rafa Nadal Academy","isPartOf":{"@id":"https:\/\/www.rafanadalacademy.com\/it\/#website"},"primaryImageOfPage":{"@id":"https:\/\/www.rafanadalacademy.com\/it\/accademia-rafa-nadal-di-movistar\/jaume-munar-conclude-il-miglior-anno-della-sua-carriera\/#primaryimage"},"image":{"@id":"https:\/\/www.rafanadalacademy.com\/it\/accademia-rafa-nadal-di-movistar\/jaume-munar-conclude-il-miglior-anno-della-sua-carriera\/#primaryimage"},"thumbnailUrl":"https:\/\/www.rafanadalacademy.com\/wp-content\/uploads\/2025\/11\/MUNAR-COPA-DAVIS-scaled-e1764061641642.jpg","datePublished":"2025-11-25T09:05:07+00:00","dateModified":"2025-11-25T11:02:50+00:00","author":{"@id":"https:\/\/www.rafanadalacademy.com\/it\/#\/schema\/person\/744897d6ee269641fff954376180ef01"},"description":"Jaume Munar ha concluso la stagione 2025, senza dubbio la pi\u00f9 vincente della sua carriera nel circuito ATP, disputando con la Spagna la grande finale di Coppa Davis a Bologna contro l'Italia, che si \u00e8 riconfermata campione per la terza edizione consecutiva.","breadcrumb":{"@id":"https:\/\/www.rafanadalacademy.com\/it\/accademia-rafa-nadal-di-movistar\/jaume-munar-conclude-il-miglior-anno-della-sua-carriera\/#breadcrumb"},"inLanguage":"it-IT","potentialAction":[{"@type":"ReadAction","target":["https:\/\/www.rafanadalacademy.com\/it\/accademia-rafa-nadal-di-movistar\/jaume-munar-conclude-il-miglior-anno-della-sua-carriera\/"]}]},{"@type":"ImageObject","inLanguage":"it-IT","@id":"https:\/\/www.rafanadalacademy.com\/it\/accademia-rafa-nadal-di-movistar\/jaume-munar-conclude-il-miglior-anno-della-sua-carriera\/#primaryimage","url":"https:\/\/www.rafanadalacademy.com\/wp-content\/uploads\/2025\/11\/MUNAR-COPA-DAVIS-scaled-e1764061641642.jpg","contentUrl":"https:\/\/www.rafanadalacademy.com\/wp-content\/uploads\/2025\/11\/MUNAR-COPA-DAVIS-scaled-e1764061641642.jpg","width":2560,"height":1707,"caption":"Jaume Munar, en la final de la Copa Davis 2025"},{"@type":"BreadcrumbList","@id":"https:\/\/www.rafanadalacademy.com\/it\/accademia-rafa-nadal-di-movistar\/jaume-munar-conclude-il-miglior-anno-della-sua-carriera\/#breadcrumb","itemListElement":[{"@type":"ListItem","position":1,"name":"Home","item":"https:\/\/www.rafanadalacademy.com\/it\/"},{"@type":"ListItem","position":2,"name":"Jaume Munar conclude il miglior anno della sua carriera"}]},{"@type":"WebSite","@id":"https:\/\/www.rafanadalacademy.com\/it\/#website","url":"https:\/\/www.rafanadalacademy.com\/it\/","name":"Rafa Nadal Academy","description":"Otro sitio realizado con WordPress","potentialAction":[{"@type":"SearchAction","target":{"@type":"EntryPoint","urlTemplate":"https:\/\/www.rafanadalacademy.com\/it\/?s={search_term_string}"},"query-input":{"@type":"PropertyValueSpecification","valueRequired":true,"valueName":"search_term_string"}}],"inLanguage":"it-IT"},{"@type":"Person","@id":"https:\/\/www.rafanadalacademy.com\/it\/#\/schema\/person\/744897d6ee269641fff954376180ef01","name":"joseluisprados","image":{"@type":"ImageObject","inLanguage":"it-IT","@id":"https:\/\/www.rafanadalacademy.com\/it\/#\/schema\/person\/image\/","url":"https:\/\/secure.gravatar.com\/avatar\/8aa823a6e5501864ffab4785d9e2a994b59c2d45c9f9751c5a532abfec081e5f?s=96&d=mm&r=g","contentUrl":"https:\/\/secure.gravatar.com\/avatar\/8aa823a6e5501864ffab4785d9e2a994b59c2d45c9f9751c5a532abfec081e5f?s=96&d=mm&r=g","caption":"joseluisprados"},"url":"https:\/\/www.rafanadalacademy.com\/it\/author\/joseluisprados\/"},{"@type":"ImageObject","inLanguage":"it-IT","@id":"https:\/\/www.rafanadalacademy.com\/it\/accademia-rafa-nadal-di-movistar\/jaume-munar-conclude-il-miglior-anno-della-sua-carriera\/#local-main-organization-logo","url":"","contentUrl":"","caption":"Rafa Nadal Academy"}]}},"_links":{"self":[{"href":"https:\/\/www.rafanadalacademy.com\/it\/wp-json\/wp\/v2\/posts\/37166","targetHints":{"allow":["GET"]}}],"collection":[{"href":"https:\/\/www.rafanadalacademy.com\/it\/wp-json\/wp\/v2\/posts"}],"about":[{"href":"https:\/\/www.rafanadalacademy.com\/it\/wp-json\/wp\/v2\/types\/post"}],"author":[{"embeddable":true,"href":"https:\/\/www.rafanadalacademy.com\/it\/wp-json\/wp\/v2\/users\/23"}],"replies":[{"embeddable":true,"href":"https:\/\/www.rafanadalacademy.com\/it\/wp-json\/wp\/v2\/comments?post=37166"}],"version-history":[{"count":1,"href":"https:\/\/www.rafanadalacademy.com\/it\/wp-json\/wp\/v2\/posts\/37166\/revisions"}],"predecessor-version":[{"id":37167,"href":"https:\/\/www.rafanadalacademy.com\/it\/wp-json\/wp\/v2\/posts\/37166\/revisions\/37167"}],"wp:featuredmedia":[{"embeddable":true,"href":"https:\/\/www.rafanadalacademy.com\/it\/wp-json\/wp\/v2\/media\/37105"}],"wp:attachment":[{"href":"https:\/\/www.rafanadalacademy.com\/it\/wp-json\/wp\/v2\/media?parent=37166"}],"wp:term":[{"taxonomy":"category","embeddable":true,"href":"https:\/\/www.rafanadalacademy.com\/it\/wp-json\/wp\/v2\/categories?post=37166"},{"taxonomy":"post_tag","embeddable":true,"href":"https:\/\/www.rafanadalacademy.com\/it\/wp-json\/wp\/v2\/tags?post=37166"}],"curies":[{"name":"wp","href":"https:\/\/api.w.org\/{rel}","templated":true}]}}