{"id":35593,"date":"2025-10-20T09:07:55","date_gmt":"2025-10-20T09:07:55","guid":{"rendered":"https:\/\/www.rafanadalacademy.com\/non-categorizzato\/casper-ruud-incoronato-a-stoccolma-nel-giorno-del-nono-anniversario-della-rafa-nadal-academy\/"},"modified":"2025-10-20T09:17:47","modified_gmt":"2025-10-20T09:17:47","slug":"casper-ruud-incoronato-a-stoccolma-nel-giorno-del-nono-anniversario-della-rafa-nadal-academy","status":"publish","type":"post","link":"https:\/\/www.rafanadalacademy.com\/it\/accademia-rafa-nadal-di-movistar\/casper-ruud-incoronato-a-stoccolma-nel-giorno-del-nono-anniversario-della-rafa-nadal-academy\/","title":{"rendered":"Casper Ruud incoronato a Stoccolma nel giorno del nono anniversario della Rafa Nadal Academy"},"content":{"rendered":"\n<p>Il norvegese Casper Ruud ha vinto il titolo del Nordic Open di Stoccolma dopo aver battuto in finale il francese Ugo Humbert per 6-2, 6-3. Il giocatore della Rafa Nadal Academy, che ha raggiunto il numero 2 del mondo e ha giocato contro Rafa Nadal nella finale del Roland Garros nel 2022, ha vinto il suo secondo titolo della stagione, dopo aver vinto il Mutua Madrid Open. <\/p>\n\n<figure class=\"wp-block-image size-full\"><img loading=\"lazy\" decoding=\"async\" width=\"1920\" height=\"1080\" src=\"https:\/\/www.rafanadalacademy.com\/wp-content\/uploads\/2025\/10\/estocolmo-2025-domingo-ruud-campeon.jpg\" alt=\"\" class=\"wp-image-35573\" srcset=\"https:\/\/www.rafanadalacademy.com\/wp-content\/uploads\/2025\/10\/estocolmo-2025-domingo-ruud-campeon.jpg 1920w, https:\/\/www.rafanadalacademy.com\/wp-content\/uploads\/2025\/10\/estocolmo-2025-domingo-ruud-campeon-300x169.jpg 300w, https:\/\/www.rafanadalacademy.com\/wp-content\/uploads\/2025\/10\/estocolmo-2025-domingo-ruud-campeon-1024x576.jpg 1024w, https:\/\/www.rafanadalacademy.com\/wp-content\/uploads\/2025\/10\/estocolmo-2025-domingo-ruud-campeon-768x432.jpg 768w, https:\/\/www.rafanadalacademy.com\/wp-content\/uploads\/2025\/10\/estocolmo-2025-domingo-ruud-campeon-1536x864.jpg 1536w\" sizes=\"auto, (max-width: 1920px) 100vw, 1920px\" \/><figcaption class=\"wp-element-caption\">Casper Rudd, campione del Nordic Open Stockholm 2025 &#8211; Linnea Rheborg\/Getty Images<\/figcaption><\/figure>\n\n<div style=\"height:50px\" aria-hidden=\"true\" class=\"wp-block-spacer\"><\/div>\n\n<p>Ruud, che \u00e8 stato accompagnato dalla Rafa Nadal Academy dall&#8217;allenatore della Movistar Pedro Clar, ha offerto una prestazione impeccabile, vincendo 36 dei 39 punti al servizio e non concedendo nemmeno un break, nonostante Humbert abbia avuto sei palle break. In soli 68 minuti, il norvegese ha sconfitto il giocatore francese e ha conquistato la quattordicesima corona della sua carriera. <\/p>\n\n<p>Il tennista non ha nascosto la sua felicit\u00e0 dopo aver vinto un torneo che \u00e8 nella lista delle vere leggende del tennis. &#8220;Sono molto felice di vincere qui a Stoccolma. \u00c8 un sogno d&#8217;infanzia che si avvera, perch\u00e9 \u00e8 vicino alla Norvegia e perch\u00e9 qui hanno giocato grandi leggende del passato: Federer, Nadal, Borg, McEnroe&#8230; \u00c8 un onore vincere il titolo in questo torneo&#8221;, ha detto Ruud. <\/p>\n\n<div style=\"height:50px\" aria-hidden=\"true\" class=\"wp-block-spacer\"><\/div>\n\n<figure class=\"wp-block-embed is-type-rich is-provider-twitter wp-block-embed-twitter\"><div class=\"wp-block-embed__wrapper\">\n<blockquote class=\"twitter-tweet\" data-width=\"500\" data-dnt=\"true\"><p lang=\"en\" dir=\"ltr\">Out of this world performance \ud83c\udf0e<br><br>A simply flawless <a href=\"https:\/\/twitter.com\/CasperRuud98?ref_src=twsrc%5Etfw\">@CasperRuud98<\/a> takes the crown with a 6-2 6-3 scoreline<a href=\"https:\/\/twitter.com\/bnppnordicopen?ref_src=twsrc%5Etfw\">@bnppnordicopen<\/a> | <a href=\"https:\/\/twitter.com\/hashtag\/bnppnordicopen?src=hash&amp;ref_src=twsrc%5Etfw\">#bnppnordicopen<\/a> <a href=\"https:\/\/t.co\/g0fu0WD4Hi\">pic.twitter.com\/g0fu0WD4Hi<\/a><\/p>&mdash; ATP Tour (@atptour) <a href=\"https:\/\/twitter.com\/atptour\/status\/1979917720867975445?ref_src=twsrc%5Etfw\">October 19, 2025<\/a><\/blockquote><script async src=\"https:\/\/platform.twitter.com\/widgets.js\" charset=\"utf-8\"><\/script>\n<\/div><\/figure>\n\n<div style=\"height:50px\" aria-hidden=\"true\" class=\"wp-block-spacer\"><\/div>\n\n<p>La vittoria a Stoccolma gli permette inoltre di diventare il giocatore con il maggior numero di vittorie indoor (11) nel 2025 e di mantenere vive le sue possibilit\u00e0 di qualificazione alle ATP Finals. Ruud \u00e8 attualmente 11\u00b0 nella Race, a 745 punti dall&#8217;italiano Lorenzo Musetti, che occupa l&#8217;ottavo e ultimo posto per il torneo di Torino, dove il norvegese \u00e8 stato finalista lo scorso anno. <\/p>\n\n<div style=\"height:51px\" aria-hidden=\"true\" class=\"wp-block-spacer\"><\/div>\n\n<figure class=\"wp-block-embed is-type-rich is-provider-twitter wp-block-embed-twitter\"><div class=\"wp-block-embed__wrapper\">\n<blockquote class=\"twitter-tweet\" data-width=\"500\" data-dnt=\"true\"><p lang=\"en\" dir=\"ltr\">Easy does it \ud83d\ude05\ud83d\udcaa<br><br>The 8th Scandinavian champion in tournament history <a href=\"https:\/\/twitter.com\/CasperRuud98?ref_src=twsrc%5Etfw\">@CasperRuud98<\/a> with the heavy lifting<br><br> <a href=\"https:\/\/twitter.com\/bnppnordicopen?ref_src=twsrc%5Etfw\">@bnppnordicopen<\/a> | <a href=\"https:\/\/twitter.com\/hashtag\/bnppnordicopen?src=hash&amp;ref_src=twsrc%5Etfw\">#bnppnordicopen<\/a> <a href=\"https:\/\/t.co\/7qN5DVzI8T\">pic.twitter.com\/7qN5DVzI8T<\/a><\/p>&mdash; ATP Tour (@atptour) <a href=\"https:\/\/twitter.com\/atptour\/status\/1979919707378467233?ref_src=twsrc%5Etfw\">October 19, 2025<\/a><\/blockquote><script async src=\"https:\/\/platform.twitter.com\/widgets.js\" charset=\"utf-8\"><\/script>\n<\/div><\/figure>\n","protected":false},"excerpt":{"rendered":"<p>Il norvegese Casper Ruud ha vinto il titolo del Nordic Open di Stoccolma dopo aver battuto in finale il francese Ugo Humbert per 6-2, 6-3. Il giocatore della Rafa Nadal Academy, che ha raggiunto il numero 2 del mondo e ha giocato contro Rafa Nadal nella finale del Roland Garros nel 2022, ha vinto il<a href=\"https:\/\/www.rafanadalacademy.com\/it\/accademia-rafa-nadal-di-movistar\/casper-ruud-incoronato-a-stoccolma-nel-giorno-del-nono-anniversario-della-rafa-nadal-academy\/\">Continue reading <span class=\"sr-only\">&#8220;Casper Ruud incoronato a Stoccolma nel giorno del nono anniversario della Rafa Nadal Academy&#8221;<\/span><\/a><\/p>\n","protected":false},"author":23,"featured_media":35578,"comment_status":"closed","ping_status":"closed","sticky":false,"template":"","format":"standard","meta":{"_acf_changed":false,"footnotes":""},"categories":[200,160],"tags":[201],"class_list":["post-35593","post","type-post","status-publish","format-standard","has-post-thumbnail","hentry","category-accademia-rafa-nadal-di-movistar","category-notizia","tag-accademia-rafa-nadal-di-movistar"],"acf":[],"yoast_head":"<!-- This site is optimized with the Yoast SEO Premium plugin v26.8 (Yoast SEO v26.9) - https:\/\/yoast.com\/product\/yoast-seo-premium-wordpress\/ -->\n<title>Casper Ruud incoronato a Stoccolma nel giorno del nono anniversario della Rafa Nadal Academy - Rafa Nadal Academy<\/title>\n<meta name=\"description\" content=\"Casper Ruud ha vinto il titolo del Nordic Open di Stoccolma dopo aver battuto in finale il francese Ugo Humbert per 6-2, 6-3. Il giocatore della Rafa Nadal Academy conquista cos\u00ec il suo secondo titolo dell&#039;anno dopo il Mutua Madrid Open.\" \/>\n<meta name=\"robots\" content=\"index, follow, max-snippet:-1, max-image-preview:large, max-video-preview:-1\" \/>\n<link rel=\"canonical\" href=\"https:\/\/www.rafanadalacademy.com\/it\/accademia-rafa-nadal-di-movistar\/casper-ruud-incoronato-a-stoccolma-nel-giorno-del-nono-anniversario-della-rafa-nadal-academy\/\" \/>\n<meta property=\"og:locale\" content=\"it_IT\" \/>\n<meta property=\"og:type\" content=\"article\" \/>\n<meta property=\"og:title\" content=\"Casper Ruud incoronato a Stoccolma nel giorno del nono anniversario della Rafa Nadal Academy\" \/>\n<meta property=\"og:description\" content=\"Casper Ruud ha vinto il titolo del Nordic Open di Stoccolma dopo aver battuto in finale il francese Ugo Humbert per 6-2, 6-3. Il giocatore della Rafa Nadal Academy conquista cos\u00ec il suo secondo titolo dell&#039;anno dopo il Mutua Madrid Open.\" \/>\n<meta property=\"og:url\" content=\"https:\/\/www.rafanadalacademy.com\/it\/accademia-rafa-nadal-di-movistar\/casper-ruud-incoronato-a-stoccolma-nel-giorno-del-nono-anniversario-della-rafa-nadal-academy\/\" \/>\n<meta property=\"og:site_name\" content=\"Rafa Nadal Academy\" \/>\n<meta property=\"article:published_time\" content=\"2025-10-20T09:07:55+00:00\" \/>\n<meta property=\"article:modified_time\" content=\"2025-10-20T09:17:47+00:00\" \/>\n<meta property=\"og:image\" content=\"https:\/\/www.rafanadalacademy.com\/wp-content\/uploads\/2025\/10\/estocolmo-2025-domingo-ruud-campeon.jpg\" \/>\n\t<meta property=\"og:image:width\" content=\"1920\" \/>\n\t<meta property=\"og:image:height\" content=\"1080\" \/>\n\t<meta property=\"og:image:type\" content=\"image\/jpeg\" \/>\n<meta name=\"author\" content=\"joseluisprados\" \/>\n<meta name=\"twitter:card\" content=\"summary_large_image\" \/>\n<meta name=\"twitter:label1\" content=\"Written by\" \/>\n\t<meta name=\"twitter:data1\" content=\"joseluisprados\" \/>\n\t<meta name=\"twitter:label2\" content=\"Est. reading time\" \/>\n\t<meta name=\"twitter:data2\" content=\"1 minute\" \/>\n<script type=\"application\/ld+json\" class=\"yoast-schema-graph\">{\"@context\":\"https:\/\/schema.org\",\"@graph\":[{\"@type\":\"Article\",\"@id\":\"https:\/\/www.rafanadalacademy.com\/it\/accademia-rafa-nadal-di-movistar\/casper-ruud-incoronato-a-stoccolma-nel-giorno-del-nono-anniversario-della-rafa-nadal-academy\/#article\",\"isPartOf\":{\"@id\":\"https:\/\/www.rafanadalacademy.com\/it\/accademia-rafa-nadal-di-movistar\/casper-ruud-incoronato-a-stoccolma-nel-giorno-del-nono-anniversario-della-rafa-nadal-academy\/\"},\"author\":{\"name\":\"joseluisprados\",\"@id\":\"https:\/\/www.rafanadalacademy.com\/it\/#\/schema\/person\/744897d6ee269641fff954376180ef01\"},\"headline\":\"Casper Ruud incoronato a Stoccolma nel giorno del nono anniversario della Rafa Nadal Academy\",\"datePublished\":\"2025-10-20T09:07:55+00:00\",\"dateModified\":\"2025-10-20T09:17:47+00:00\",\"mainEntityOfPage\":{\"@id\":\"https:\/\/www.rafanadalacademy.com\/it\/accademia-rafa-nadal-di-movistar\/casper-ruud-incoronato-a-stoccolma-nel-giorno-del-nono-anniversario-della-rafa-nadal-academy\/\"},\"wordCount\":282,\"image\":{\"@id\":\"https:\/\/www.rafanadalacademy.com\/it\/accademia-rafa-nadal-di-movistar\/casper-ruud-incoronato-a-stoccolma-nel-giorno-del-nono-anniversario-della-rafa-nadal-academy\/#primaryimage\"},\"thumbnailUrl\":\"https:\/\/www.rafanadalacademy.com\/wp-content\/uploads\/2025\/10\/estocolmo-2025-domingo-ruud-campeon.jpg\",\"keywords\":[\"ACCADEMIA RAFA NADAL DI MOVISTAR\"],\"articleSection\":[\"ACCADEMIA RAFA NADAL DI MOVISTAR\",\"Notizia\"],\"inLanguage\":\"it-IT\",\"copyrightYear\":\"2025\",\"copyrightHolder\":{\"@id\":\"https:\/\/www.rafanadalacademy.com\/#organization\"}},{\"@type\":\"WebPage\",\"@id\":\"https:\/\/www.rafanadalacademy.com\/it\/accademia-rafa-nadal-di-movistar\/casper-ruud-incoronato-a-stoccolma-nel-giorno-del-nono-anniversario-della-rafa-nadal-academy\/\",\"url\":\"https:\/\/www.rafanadalacademy.com\/it\/accademia-rafa-nadal-di-movistar\/casper-ruud-incoronato-a-stoccolma-nel-giorno-del-nono-anniversario-della-rafa-nadal-academy\/\",\"name\":\"Casper Ruud incoronato a Stoccolma nel giorno del nono anniversario della Rafa Nadal Academy - Rafa Nadal Academy\",\"isPartOf\":{\"@id\":\"https:\/\/www.rafanadalacademy.com\/it\/#website\"},\"primaryImageOfPage\":{\"@id\":\"https:\/\/www.rafanadalacademy.com\/it\/accademia-rafa-nadal-di-movistar\/casper-ruud-incoronato-a-stoccolma-nel-giorno-del-nono-anniversario-della-rafa-nadal-academy\/#primaryimage\"},\"image\":{\"@id\":\"https:\/\/www.rafanadalacademy.com\/it\/accademia-rafa-nadal-di-movistar\/casper-ruud-incoronato-a-stoccolma-nel-giorno-del-nono-anniversario-della-rafa-nadal-academy\/#primaryimage\"},\"thumbnailUrl\":\"https:\/\/www.rafanadalacademy.com\/wp-content\/uploads\/2025\/10\/estocolmo-2025-domingo-ruud-campeon.jpg\",\"datePublished\":\"2025-10-20T09:07:55+00:00\",\"dateModified\":\"2025-10-20T09:17:47+00:00\",\"author\":{\"@id\":\"https:\/\/www.rafanadalacademy.com\/it\/#\/schema\/person\/744897d6ee269641fff954376180ef01\"},\"description\":\"Casper Ruud ha vinto il titolo del Nordic Open di Stoccolma dopo aver battuto in finale il francese Ugo Humbert per 6-2, 6-3. Il giocatore della Rafa Nadal Academy conquista cos\u00ec il suo secondo titolo dell'anno dopo il Mutua Madrid Open.\",\"breadcrumb\":{\"@id\":\"https:\/\/www.rafanadalacademy.com\/it\/accademia-rafa-nadal-di-movistar\/casper-ruud-incoronato-a-stoccolma-nel-giorno-del-nono-anniversario-della-rafa-nadal-academy\/#breadcrumb\"},\"inLanguage\":\"it-IT\",\"potentialAction\":[{\"@type\":\"ReadAction\",\"target\":[\"https:\/\/www.rafanadalacademy.com\/it\/accademia-rafa-nadal-di-movistar\/casper-ruud-incoronato-a-stoccolma-nel-giorno-del-nono-anniversario-della-rafa-nadal-academy\/\"]}]},{\"@type\":\"ImageObject\",\"inLanguage\":\"it-IT\",\"@id\":\"https:\/\/www.rafanadalacademy.com\/it\/accademia-rafa-nadal-di-movistar\/casper-ruud-incoronato-a-stoccolma-nel-giorno-del-nono-anniversario-della-rafa-nadal-academy\/#primaryimage\",\"url\":\"https:\/\/www.rafanadalacademy.com\/wp-content\/uploads\/2025\/10\/estocolmo-2025-domingo-ruud-campeon.jpg\",\"contentUrl\":\"https:\/\/www.rafanadalacademy.com\/wp-content\/uploads\/2025\/10\/estocolmo-2025-domingo-ruud-campeon.jpg\",\"width\":1920,\"height\":1080,\"caption\":\"Casper Rudd, campe\u00f3n del\"},{\"@type\":\"BreadcrumbList\",\"@id\":\"https:\/\/www.rafanadalacademy.com\/it\/accademia-rafa-nadal-di-movistar\/casper-ruud-incoronato-a-stoccolma-nel-giorno-del-nono-anniversario-della-rafa-nadal-academy\/#breadcrumb\",\"itemListElement\":[{\"@type\":\"ListItem\",\"position\":1,\"name\":\"Home\",\"item\":\"https:\/\/www.rafanadalacademy.com\/it\/\"},{\"@type\":\"ListItem\",\"position\":2,\"name\":\"Casper Ruud incoronato a Stoccolma nel giorno del nono anniversario della Rafa Nadal Academy\"}]},{\"@type\":\"WebSite\",\"@id\":\"https:\/\/www.rafanadalacademy.com\/it\/#website\",\"url\":\"https:\/\/www.rafanadalacademy.com\/it\/\",\"name\":\"Rafa Nadal Academy\",\"description\":\"Otro sitio realizado con WordPress\",\"potentialAction\":[{\"@type\":\"SearchAction\",\"target\":{\"@type\":\"EntryPoint\",\"urlTemplate\":\"https:\/\/www.rafanadalacademy.com\/it\/?s={search_term_string}\"},\"query-input\":{\"@type\":\"PropertyValueSpecification\",\"valueRequired\":true,\"valueName\":\"search_term_string\"}}],\"inLanguage\":\"it-IT\"},{\"@type\":\"Person\",\"@id\":\"https:\/\/www.rafanadalacademy.com\/it\/#\/schema\/person\/744897d6ee269641fff954376180ef01\",\"name\":\"joseluisprados\",\"image\":{\"@type\":\"ImageObject\",\"inLanguage\":\"it-IT\",\"@id\":\"https:\/\/www.rafanadalacademy.com\/it\/#\/schema\/person\/image\/\",\"url\":\"https:\/\/secure.gravatar.com\/avatar\/8aa823a6e5501864ffab4785d9e2a994b59c2d45c9f9751c5a532abfec081e5f?s=96&d=mm&r=g\",\"contentUrl\":\"https:\/\/secure.gravatar.com\/avatar\/8aa823a6e5501864ffab4785d9e2a994b59c2d45c9f9751c5a532abfec081e5f?s=96&d=mm&r=g\",\"caption\":\"joseluisprados\"},\"url\":\"https:\/\/www.rafanadalacademy.com\/it\/author\/joseluisprados\/\"},{\"@type\":\"ImageObject\",\"inLanguage\":\"it-IT\",\"@id\":\"https:\/\/www.rafanadalacademy.com\/it\/accademia-rafa-nadal-di-movistar\/casper-ruud-incoronato-a-stoccolma-nel-giorno-del-nono-anniversario-della-rafa-nadal-academy\/#local-main-organization-logo\",\"url\":\"\",\"contentUrl\":\"\",\"caption\":\"Rafa Nadal Academy\"}]}<\/script>\n<!-- \/ Yoast SEO Premium plugin. -->","yoast_head_json":{"title":"Casper Ruud incoronato a Stoccolma nel giorno del nono anniversario della Rafa Nadal Academy - Rafa Nadal Academy","description":"Casper Ruud ha vinto il titolo del Nordic Open di Stoccolma dopo aver battuto in finale il francese Ugo Humbert per 6-2, 6-3. Il giocatore della Rafa Nadal Academy conquista cos\u00ec il suo secondo titolo dell'anno dopo il Mutua Madrid Open.","robots":{"index":"index","follow":"follow","max-snippet":"max-snippet:-1","max-image-preview":"max-image-preview:large","max-video-preview":"max-video-preview:-1"},"canonical":"https:\/\/www.rafanadalacademy.com\/it\/accademia-rafa-nadal-di-movistar\/casper-ruud-incoronato-a-stoccolma-nel-giorno-del-nono-anniversario-della-rafa-nadal-academy\/","og_locale":"it_IT","og_type":"article","og_title":"Casper Ruud incoronato a Stoccolma nel giorno del nono anniversario della Rafa Nadal Academy","og_description":"Casper Ruud ha vinto il titolo del Nordic Open di Stoccolma dopo aver battuto in finale il francese Ugo Humbert per 6-2, 6-3. Il giocatore della Rafa Nadal Academy conquista cos\u00ec il suo secondo titolo dell'anno dopo il Mutua Madrid Open.","og_url":"https:\/\/www.rafanadalacademy.com\/it\/accademia-rafa-nadal-di-movistar\/casper-ruud-incoronato-a-stoccolma-nel-giorno-del-nono-anniversario-della-rafa-nadal-academy\/","og_site_name":"Rafa Nadal Academy","article_published_time":"2025-10-20T09:07:55+00:00","article_modified_time":"2025-10-20T09:17:47+00:00","og_image":[{"width":1920,"height":1080,"url":"https:\/\/www.rafanadalacademy.com\/wp-content\/uploads\/2025\/10\/estocolmo-2025-domingo-ruud-campeon.jpg","type":"image\/jpeg"}],"author":"joseluisprados","twitter_card":"summary_large_image","twitter_misc":{"Written by":"joseluisprados","Est. reading time":"1 minute"},"schema":{"@context":"https:\/\/schema.org","@graph":[{"@type":"Article","@id":"https:\/\/www.rafanadalacademy.com\/it\/accademia-rafa-nadal-di-movistar\/casper-ruud-incoronato-a-stoccolma-nel-giorno-del-nono-anniversario-della-rafa-nadal-academy\/#article","isPartOf":{"@id":"https:\/\/www.rafanadalacademy.com\/it\/accademia-rafa-nadal-di-movistar\/casper-ruud-incoronato-a-stoccolma-nel-giorno-del-nono-anniversario-della-rafa-nadal-academy\/"},"author":{"name":"joseluisprados","@id":"https:\/\/www.rafanadalacademy.com\/it\/#\/schema\/person\/744897d6ee269641fff954376180ef01"},"headline":"Casper Ruud incoronato a Stoccolma nel giorno del nono anniversario della Rafa Nadal Academy","datePublished":"2025-10-20T09:07:55+00:00","dateModified":"2025-10-20T09:17:47+00:00","mainEntityOfPage":{"@id":"https:\/\/www.rafanadalacademy.com\/it\/accademia-rafa-nadal-di-movistar\/casper-ruud-incoronato-a-stoccolma-nel-giorno-del-nono-anniversario-della-rafa-nadal-academy\/"},"wordCount":282,"image":{"@id":"https:\/\/www.rafanadalacademy.com\/it\/accademia-rafa-nadal-di-movistar\/casper-ruud-incoronato-a-stoccolma-nel-giorno-del-nono-anniversario-della-rafa-nadal-academy\/#primaryimage"},"thumbnailUrl":"https:\/\/www.rafanadalacademy.com\/wp-content\/uploads\/2025\/10\/estocolmo-2025-domingo-ruud-campeon.jpg","keywords":["ACCADEMIA RAFA NADAL DI MOVISTAR"],"articleSection":["ACCADEMIA RAFA NADAL DI MOVISTAR","Notizia"],"inLanguage":"it-IT","copyrightYear":"2025","copyrightHolder":{"@id":"https:\/\/www.rafanadalacademy.com\/#organization"}},{"@type":"WebPage","@id":"https:\/\/www.rafanadalacademy.com\/it\/accademia-rafa-nadal-di-movistar\/casper-ruud-incoronato-a-stoccolma-nel-giorno-del-nono-anniversario-della-rafa-nadal-academy\/","url":"https:\/\/www.rafanadalacademy.com\/it\/accademia-rafa-nadal-di-movistar\/casper-ruud-incoronato-a-stoccolma-nel-giorno-del-nono-anniversario-della-rafa-nadal-academy\/","name":"Casper Ruud incoronato a Stoccolma nel giorno del nono anniversario della Rafa Nadal Academy - Rafa Nadal Academy","isPartOf":{"@id":"https:\/\/www.rafanadalacademy.com\/it\/#website"},"primaryImageOfPage":{"@id":"https:\/\/www.rafanadalacademy.com\/it\/accademia-rafa-nadal-di-movistar\/casper-ruud-incoronato-a-stoccolma-nel-giorno-del-nono-anniversario-della-rafa-nadal-academy\/#primaryimage"},"image":{"@id":"https:\/\/www.rafanadalacademy.com\/it\/accademia-rafa-nadal-di-movistar\/casper-ruud-incoronato-a-stoccolma-nel-giorno-del-nono-anniversario-della-rafa-nadal-academy\/#primaryimage"},"thumbnailUrl":"https:\/\/www.rafanadalacademy.com\/wp-content\/uploads\/2025\/10\/estocolmo-2025-domingo-ruud-campeon.jpg","datePublished":"2025-10-20T09:07:55+00:00","dateModified":"2025-10-20T09:17:47+00:00","author":{"@id":"https:\/\/www.rafanadalacademy.com\/it\/#\/schema\/person\/744897d6ee269641fff954376180ef01"},"description":"Casper Ruud ha vinto il titolo del Nordic Open di Stoccolma dopo aver battuto in finale il francese Ugo Humbert per 6-2, 6-3. Il giocatore della Rafa Nadal Academy conquista cos\u00ec il suo secondo titolo dell'anno dopo il Mutua Madrid Open.","breadcrumb":{"@id":"https:\/\/www.rafanadalacademy.com\/it\/accademia-rafa-nadal-di-movistar\/casper-ruud-incoronato-a-stoccolma-nel-giorno-del-nono-anniversario-della-rafa-nadal-academy\/#breadcrumb"},"inLanguage":"it-IT","potentialAction":[{"@type":"ReadAction","target":["https:\/\/www.rafanadalacademy.com\/it\/accademia-rafa-nadal-di-movistar\/casper-ruud-incoronato-a-stoccolma-nel-giorno-del-nono-anniversario-della-rafa-nadal-academy\/"]}]},{"@type":"ImageObject","inLanguage":"it-IT","@id":"https:\/\/www.rafanadalacademy.com\/it\/accademia-rafa-nadal-di-movistar\/casper-ruud-incoronato-a-stoccolma-nel-giorno-del-nono-anniversario-della-rafa-nadal-academy\/#primaryimage","url":"https:\/\/www.rafanadalacademy.com\/wp-content\/uploads\/2025\/10\/estocolmo-2025-domingo-ruud-campeon.jpg","contentUrl":"https:\/\/www.rafanadalacademy.com\/wp-content\/uploads\/2025\/10\/estocolmo-2025-domingo-ruud-campeon.jpg","width":1920,"height":1080,"caption":"Casper Rudd, campe\u00f3n del"},{"@type":"BreadcrumbList","@id":"https:\/\/www.rafanadalacademy.com\/it\/accademia-rafa-nadal-di-movistar\/casper-ruud-incoronato-a-stoccolma-nel-giorno-del-nono-anniversario-della-rafa-nadal-academy\/#breadcrumb","itemListElement":[{"@type":"ListItem","position":1,"name":"Home","item":"https:\/\/www.rafanadalacademy.com\/it\/"},{"@type":"ListItem","position":2,"name":"Casper Ruud incoronato a Stoccolma nel giorno del nono anniversario della Rafa Nadal Academy"}]},{"@type":"WebSite","@id":"https:\/\/www.rafanadalacademy.com\/it\/#website","url":"https:\/\/www.rafanadalacademy.com\/it\/","name":"Rafa Nadal Academy","description":"Otro sitio realizado con WordPress","potentialAction":[{"@type":"SearchAction","target":{"@type":"EntryPoint","urlTemplate":"https:\/\/www.rafanadalacademy.com\/it\/?s={search_term_string}"},"query-input":{"@type":"PropertyValueSpecification","valueRequired":true,"valueName":"search_term_string"}}],"inLanguage":"it-IT"},{"@type":"Person","@id":"https:\/\/www.rafanadalacademy.com\/it\/#\/schema\/person\/744897d6ee269641fff954376180ef01","name":"joseluisprados","image":{"@type":"ImageObject","inLanguage":"it-IT","@id":"https:\/\/www.rafanadalacademy.com\/it\/#\/schema\/person\/image\/","url":"https:\/\/secure.gravatar.com\/avatar\/8aa823a6e5501864ffab4785d9e2a994b59c2d45c9f9751c5a532abfec081e5f?s=96&d=mm&r=g","contentUrl":"https:\/\/secure.gravatar.com\/avatar\/8aa823a6e5501864ffab4785d9e2a994b59c2d45c9f9751c5a532abfec081e5f?s=96&d=mm&r=g","caption":"joseluisprados"},"url":"https:\/\/www.rafanadalacademy.com\/it\/author\/joseluisprados\/"},{"@type":"ImageObject","inLanguage":"it-IT","@id":"https:\/\/www.rafanadalacademy.com\/it\/accademia-rafa-nadal-di-movistar\/casper-ruud-incoronato-a-stoccolma-nel-giorno-del-nono-anniversario-della-rafa-nadal-academy\/#local-main-organization-logo","url":"","contentUrl":"","caption":"Rafa Nadal Academy"}]}},"_links":{"self":[{"href":"https:\/\/www.rafanadalacademy.com\/it\/wp-json\/wp\/v2\/posts\/35593","targetHints":{"allow":["GET"]}}],"collection":[{"href":"https:\/\/www.rafanadalacademy.com\/it\/wp-json\/wp\/v2\/posts"}],"about":[{"href":"https:\/\/www.rafanadalacademy.com\/it\/wp-json\/wp\/v2\/types\/post"}],"author":[{"embeddable":true,"href":"https:\/\/www.rafanadalacademy.com\/it\/wp-json\/wp\/v2\/users\/23"}],"replies":[{"embeddable":true,"href":"https:\/\/www.rafanadalacademy.com\/it\/wp-json\/wp\/v2\/comments?post=35593"}],"version-history":[{"count":1,"href":"https:\/\/www.rafanadalacademy.com\/it\/wp-json\/wp\/v2\/posts\/35593\/revisions"}],"predecessor-version":[{"id":35594,"href":"https:\/\/www.rafanadalacademy.com\/it\/wp-json\/wp\/v2\/posts\/35593\/revisions\/35594"}],"wp:featuredmedia":[{"embeddable":true,"href":"https:\/\/www.rafanadalacademy.com\/it\/wp-json\/wp\/v2\/media\/35578"}],"wp:attachment":[{"href":"https:\/\/www.rafanadalacademy.com\/it\/wp-json\/wp\/v2\/media?parent=35593"}],"wp:term":[{"taxonomy":"category","embeddable":true,"href":"https:\/\/www.rafanadalacademy.com\/it\/wp-json\/wp\/v2\/categories?post=35593"},{"taxonomy":"post_tag","embeddable":true,"href":"https:\/\/www.rafanadalacademy.com\/it\/wp-json\/wp\/v2\/tags?post=35593"}],"curies":[{"name":"wp","href":"https:\/\/api.w.org\/{rel}","templated":true}]}}