{"id":35562,"date":"2025-10-17T07:44:28","date_gmt":"2025-10-17T07:44:28","guid":{"rendered":"https:\/\/www.rafanadalacademy.com\/non-categorizzato\/la-rafa-nadal-academy-by-movistar-festeggia-il-suo-nono-anniversario-consolidandosi-come-punto-di-riferimento-a-livello-mondiale\/"},"modified":"2025-10-20T08:45:20","modified_gmt":"2025-10-20T08:45:20","slug":"la-rafa-nadal-academy-by-movistar-festeggia-il-suo-nono-anniversario-consolidandosi-come-punto-di-riferimento-a-livello-mondiale","status":"publish","type":"post","link":"https:\/\/www.rafanadalacademy.com\/it\/accademia-rafa-nadal-di-movistar\/la-rafa-nadal-academy-by-movistar-festeggia-il-suo-nono-anniversario-consolidandosi-come-punto-di-riferimento-a-livello-mondiale\/","title":{"rendered":"La Rafa Nadal Academy festeggia il suo nono anniversario consolidandosi come punto di riferimento a livello mondiale"},"content":{"rendered":"\n<p>Il 19 ottobre 2016 sar\u00e0 ricordato per sempre come un giorno molto importante nella carriera e nell&#8217;eredit\u00e0 di Rafa Nadal. Quel giorno, Rafa stesso ha inaugurato ufficialmente la Rafa Nadal Academy nella sua citt\u00e0 natale, Manacor, accompagnato da Roger Federer e da numerose personalit\u00e0, autorit\u00e0 e amici.  Nove anni dopo, l&#8217;Accademia si \u00e8 affermata come uno dei centri pi\u00f9 importanti al mondo per la formazione sportiva, accademica e umana.<\/p>\n\n<figure class=\"wp-block-embed is-type-video is-provider-youtube wp-block-embed-youtube wp-embed-aspect-16-9 wp-has-aspect-ratio\"><div class=\"wp-block-embed__wrapper\">\n<iframe loading=\"lazy\" title=\"Amazing views of Rafa Nadal Academy\" width=\"500\" height=\"281\" src=\"https:\/\/www.youtube.com\/embed\/SUQxlVVx8rc?start=55&#038;feature=oembed\" frameborder=\"0\" allow=\"accelerometer; autoplay; clipboard-write; encrypted-media; gyroscope; picture-in-picture; web-share\" referrerpolicy=\"strict-origin-when-cross-origin\" allowfullscreen><\/iframe>\n<\/div><\/figure>\n\n<div style=\"height:50px\" aria-hidden=\"true\" class=\"wp-block-spacer\"><\/div>\n\n<p>Dalla sua apertura, la Rafa Nadal Academy ha mantenuto una crescita costante, fedele alla sua missione: <strong>formare giovani e adulti attraverso l&#8217;eccellenza e i valori <\/strong>che hanno guidato la carriera di Rafa Nadal: impegno, umilt\u00e0, rispetto, disciplina, resilienza e spirito di auto-miglioramento. Il suo modello educativo, che combina un allenamento sportivo ad alte prestazioni con un&#8217;istruzione accademica di prima classe, permette agli studenti di sviluppare il loro massimo potenziale anno dopo anno, sia dentro che fuori dal campo. <\/p>\n\n<div style=\"height:50px\" aria-hidden=\"true\" class=\"wp-block-spacer\"><\/div>\n\n<figure class=\"wp-block-embed is-type-video is-provider-youtube wp-block-embed-youtube wp-embed-aspect-16-9 wp-has-aspect-ratio\"><div class=\"wp-block-embed__wrapper\">\n<iframe loading=\"lazy\" title=\"La Rafa Nadal Academy explicada por el propio Rafa\" width=\"500\" height=\"281\" src=\"https:\/\/www.youtube.com\/embed\/6m7eA6Tw_Kk?start=5&#038;feature=oembed\" frameborder=\"0\" allow=\"accelerometer; autoplay; clipboard-write; encrypted-media; gyroscope; picture-in-picture; web-share\" referrerpolicy=\"strict-origin-when-cross-origin\" allowfullscreen><\/iframe>\n<\/div><\/figure>\n\n<div style=\"height:50px\" aria-hidden=\"true\" class=\"wp-block-spacer\"><\/div>\n\n<p><strong>Un modello di successo internazionale<\/strong><\/p>\n\n<p>In questi nove anni, l&#8217;Accademia \u00e8 cresciuta in termini di strutture, programmi e riconoscimenti. Il complesso originario disponeva di 33 campi da tennis all&#8217;aperto, sette semi-coperti e quattro coperti, ma oggi conta <strong>45 campi da tennis, 19 campi da paddle tennis, uno dei principali impegni dell&#8217;Accademia, un centro medico sportivo completo a cura di Quir\u00f3nSalud, una palestra, una spa, una residenza per sportivi, una <\/strong>scuola internazionale &#8211; la Rafa Nadal School &#8211; che offre un&#8217;istruzione <strong>completa <\/strong>a studenti provenienti da tutto il mondo <strong>, <\/strong>un Museo, che ospita la prima e unica mostra del suo genere al mondo <strong>, e <\/strong>un Museo, che \u00e8 l&#8217;unica mostra del suo genere al mondo <strong>, <\/strong> <strong>una scuola internazionale &#8211; la Rafa Nadal School &#8211; <\/strong>che offre un&#8217;istruzione completa a studenti provenienti da tutto il mondo, un <strong>Museo<\/strong> che ospita la prima e unica mostra sulla carriera di Rafa e un&#8217;<strong>ampia offerta gastronomica<\/strong> con ristoranti a tema Roland Garros, Wimbledon o US Open<strong>.<\/strong> <\/p>\n\n<div style=\"height:50px\" aria-hidden=\"true\" class=\"wp-block-spacer\"><\/div>\n\n<figure class=\"wp-block-embed is-type-video is-provider-youtube wp-block-embed-youtube wp-embed-aspect-16-9 wp-has-aspect-ratio\"><div class=\"wp-block-embed__wrapper\">\n<iframe loading=\"lazy\" title=\"Rafa Nadal Academy: Tennis &amp; Values\" width=\"500\" height=\"281\" src=\"https:\/\/www.youtube.com\/embed\/F71onMy-MeU?feature=oembed\" frameborder=\"0\" allow=\"accelerometer; autoplay; clipboard-write; encrypted-media; gyroscope; picture-in-picture; web-share\" referrerpolicy=\"strict-origin-when-cross-origin\" allowfullscreen><\/iframe>\n<\/div><\/figure>\n\n<div style=\"height:50px\" aria-hidden=\"true\" class=\"wp-block-spacer\"><\/div>\n\n<p>Il modello Rafa Nadal Academy ha varcato i confini. Dal 2020, la <strong>Rafa Nadal Academy Kuwait<\/strong> ha portato la metodologia Manacor nel cuore del Medio Oriente, consolidando una rete globale che esporta il modello di allenamento e i valori di Rafa Nadal a migliaia di giocatori in tutto il mondo. <\/p>\n\n<p>Oltre a queste due accademie, ci sono anche <strong>Rafa Nadal Tennis Center<\/strong> in Messico, Grecia, Hong Kong e le accademie recentemente inaugurate a Marbella (situata nell&#8217;Hotel Don Carlos) e nella Repubblica Dominicana (situata nello Zel Punta Cana). Il <strong>Rafa Nadal Tennis Program<\/strong> \u00e8 stato sviluppato anche in Egitto dal 2024, grazie a un accordo con la Uppingham School del Cairo. <\/p>\n\n<p>Come risultato di questo lavoro di crescita, l&#8217;accademia ha ricevuto il &#8220;Capital Award&#8221; per la sua proiezione internazionale e per aver contribuito al benessere delle comunit\u00e0 locali e alla cura dell&#8217;ambiente. La collaborazione con istituzioni educative e sportive internazionali ha ampliato la sua influenza, facilitando gli scambi culturali e sportivi a vantaggio sia degli studenti che dell&#8217;accademia. <\/p>\n\n<p><strong>Successi sportivi che sostengono un progetto<\/strong><\/p>\n\n<p>In questo decennio, la Rafa Nadal Academy ha formato alcuni dei pi\u00f9 promettenti giocatori del tennis mondiale. Nomi come <g id=\"gid_0\">Casper Ruud<\/g>, <g id=\"gid_1\">Jaume Munar<\/g>, <g id=\"gid_2\">Alex Eala<\/g>, <g id=\"gid_3\">Martin Landaluce<\/g>, <g id=\"gid_4\">Abdullah Shelbayh, Alina Korneeva<\/g> e <g id=\"gid_5\">Dani Rinc\u00f3n<\/g> si sono formati a Manacor prima di fare il salto nel circuito professionistico. I titoli del Grande Slam Junior, dove i giocatori della Rafa Nadal Academy hanno vinto <strong>13 titoli <\/strong>(sette in singolo e sei in doppio), i successi nel circuito ATP e WTA e i numerosi successi nei tornei internazionali confermano l&#8217;impatto della loro metodologia.  <\/p>\n\n<figure class=\"wp-block-image size-large\"><img loading=\"lazy\" decoding=\"async\" width=\"819\" height=\"1024\" src=\"https:\/\/www.rafanadalacademy.com\/wp-content\/uploads\/2025\/09\/Imagen-de-WhatsApp-2025-09-09-a-las-10.57.49_009e8b5b-819x1024.jpg\" alt=\"Tutti i campioni del Grande Slam Junior si sono allenati alla Rafa Nadal Academy di Movistar\" class=\"wp-image-31963\" srcset=\"https:\/\/www.rafanadalacademy.com\/wp-content\/uploads\/2025\/09\/Imagen-de-WhatsApp-2025-09-09-a-las-10.57.49_009e8b5b-819x1024.jpg 819w, https:\/\/www.rafanadalacademy.com\/wp-content\/uploads\/2025\/09\/Imagen-de-WhatsApp-2025-09-09-a-las-10.57.49_009e8b5b-240x300.jpg 240w, https:\/\/www.rafanadalacademy.com\/wp-content\/uploads\/2025\/09\/Imagen-de-WhatsApp-2025-09-09-a-las-10.57.49_009e8b5b-768x960.jpg 768w, https:\/\/www.rafanadalacademy.com\/wp-content\/uploads\/2025\/09\/Imagen-de-WhatsApp-2025-09-09-a-las-10.57.49_009e8b5b-1229x1536.jpg 1229w, https:\/\/www.rafanadalacademy.com\/wp-content\/uploads\/2025\/09\/Imagen-de-WhatsApp-2025-09-09-a-las-10.57.49_009e8b5b.jpg 1280w\" sizes=\"auto, (max-width: 819px) 100vw, 819px\" \/><\/figure>\n\n<p>Nel 2022, l&#8217;Accademia ha ricevuto il <strong>premio Joaquim Blume<\/strong> ai National Sports Awards, diventando la prima accademia di tennis nella storia a ricevere questo riconoscimento per il suo lavoro di promozione e promozione di questo sport. L&#8217;accademia \u00e8 diventata una delle sedi principali dei principali eventi di tennis in Spagna e ogni anno ospita decine di tornei a tutti i livelli, tra cui il Rafa Nadal Open by Movistar, della categoria ATP Challenger Tour, giunto alla sua settima edizione. <\/p>\n\n<p><strong>Nove anni di crescita con Maiorca e lo sport<\/strong><\/p>\n\n<p>Situata a Manacor, a soli 35 minuti dall&#8217;aeroporto di Palma, l&#8217;Accademia non solo ha contribuito a posizionare Maiorca come punto di riferimento sportivo internazionale, ma ha anche generato occupazione, destagionalizzato il turismo e favorito la crescita economica della regione. Tutto questo mantenendo un forte impegno per la sostenibilit\u00e0 e il rispetto dell&#8217;ambiente. <\/p>\n\n<p>A nove anni dalla sua inaugurazione, la Rafa Nadal Academy continua a evolversi senza perdere la sua essenza: <strong>essere un luogo in cui lo sport e l&#8217;educazione vanno di pari passo e in cui i valori sono importanti quanto i risultati sportivi.<\/strong><\/p>\n\n<div style=\"height:51px\" aria-hidden=\"true\" class=\"wp-block-spacer\"><\/div>\n\n<figure class=\"wp-block-embed is-type-video is-provider-youtube wp-block-embed-youtube wp-embed-aspect-16-9 wp-has-aspect-ratio\"><div class=\"wp-block-embed__wrapper\">\n<iframe loading=\"lazy\" title=\"Roger Federer vuelve a la Rafa Nadal\u00a0Academy\" width=\"500\" height=\"281\" src=\"https:\/\/www.youtube.com\/embed\/dFCZUrXLcEQ?feature=oembed\" frameborder=\"0\" allow=\"accelerometer; autoplay; clipboard-write; encrypted-media; gyroscope; picture-in-picture; web-share\" referrerpolicy=\"strict-origin-when-cross-origin\" allowfullscreen><\/iframe>\n<\/div><\/figure>\n","protected":false},"excerpt":{"rendered":"<p>Il 19 ottobre 2016 sar\u00e0 ricordato per sempre come un giorno molto importante nella carriera e nell&#8217;eredit\u00e0 di Rafa Nadal. Quel giorno, Rafa stesso ha inaugurato ufficialmente la Rafa Nadal Academy nella sua citt\u00e0 natale, Manacor, accompagnato da Roger Federer e da numerose personalit\u00e0, autorit\u00e0 e amici. Nove anni dopo, l&#8217;Accademia si \u00e8 affermata come<a href=\"https:\/\/www.rafanadalacademy.com\/it\/accademia-rafa-nadal-di-movistar\/la-rafa-nadal-academy-by-movistar-festeggia-il-suo-nono-anniversario-consolidandosi-come-punto-di-riferimento-a-livello-mondiale\/\">Continue reading <span class=\"sr-only\">&#8220;La Rafa Nadal Academy festeggia il suo nono anniversario consolidandosi come punto di riferimento a livello mondiale&#8221;<\/span><\/a><\/p>\n","protected":false},"author":23,"featured_media":25488,"comment_status":"closed","ping_status":"closed","sticky":false,"template":"","format":"standard","meta":{"_acf_changed":false,"footnotes":""},"categories":[200,160],"tags":[201],"class_list":["post-35562","post","type-post","status-publish","format-standard","has-post-thumbnail","hentry","category-accademia-rafa-nadal-di-movistar","category-notizia","tag-accademia-rafa-nadal-di-movistar"],"acf":[],"yoast_head":"<!-- This site is optimized with the Yoast SEO Premium plugin v26.8 (Yoast SEO v26.9) - https:\/\/yoast.com\/product\/yoast-seo-premium-wordpress\/ -->\n<title>La Rafa Nadal Academy festeggia il suo nono anniversario consolidandosi come punto di riferimento a livello mondiale - Rafa Nadal Academy<\/title>\n<meta name=\"description\" content=\"Il 19 ottobre 2016 sar\u00e0 ricordato per sempre come un giorno molto importante nella carriera e nell&#039;eredit\u00e0 di Rafa Nadal. Quel giorno, Rafa stesso ha inaugurato ufficialmente la Rafa Nadal Academy nella sua citt\u00e0 natale, Manacor, accompagnato da Roger Federer e da numerose personalit\u00e0, autorit\u00e0 e amici.\" \/>\n<meta name=\"robots\" content=\"index, follow, max-snippet:-1, max-image-preview:large, max-video-preview:-1\" \/>\n<link rel=\"canonical\" href=\"https:\/\/www.rafanadalacademy.com\/it\/accademia-rafa-nadal-di-movistar\/la-rafa-nadal-academy-by-movistar-festeggia-il-suo-nono-anniversario-consolidandosi-come-punto-di-riferimento-a-livello-mondiale\/\" \/>\n<meta property=\"og:locale\" content=\"it_IT\" \/>\n<meta property=\"og:type\" content=\"article\" \/>\n<meta property=\"og:title\" content=\"La Rafa Nadal Academy festeggia il suo nono anniversario consolidandosi come punto di riferimento a livello mondiale\" \/>\n<meta property=\"og:description\" content=\"Il 19 ottobre 2016 sar\u00e0 ricordato per sempre come un giorno molto importante nella carriera e nell&#039;eredit\u00e0 di Rafa Nadal. Quel giorno, Rafa stesso ha inaugurato ufficialmente la Rafa Nadal Academy nella sua citt\u00e0 natale, Manacor, accompagnato da Roger Federer e da numerose personalit\u00e0, autorit\u00e0 e amici.\" \/>\n<meta property=\"og:url\" content=\"https:\/\/www.rafanadalacademy.com\/it\/accademia-rafa-nadal-di-movistar\/la-rafa-nadal-academy-by-movistar-festeggia-il-suo-nono-anniversario-consolidandosi-come-punto-di-riferimento-a-livello-mondiale\/\" \/>\n<meta property=\"og:site_name\" content=\"Rafa Nadal Academy\" \/>\n<meta property=\"article:published_time\" content=\"2025-10-17T07:44:28+00:00\" \/>\n<meta property=\"article:modified_time\" content=\"2025-10-20T08:45:20+00:00\" \/>\n<meta property=\"og:image\" content=\"https:\/\/www.rafanadalacademy.com\/wp-content\/uploads\/2025\/03\/RNA_2024marzo_5464-x-3070-6-scaled-e1742989201511.jpg\" \/>\n\t<meta property=\"og:image:width\" content=\"2560\" \/>\n\t<meta property=\"og:image:height\" content=\"1438\" \/>\n\t<meta property=\"og:image:type\" content=\"image\/jpeg\" \/>\n<meta name=\"author\" content=\"joseluisprados\" \/>\n<meta name=\"twitter:card\" content=\"summary_large_image\" \/>\n<meta name=\"twitter:label1\" content=\"Written by\" \/>\n\t<meta name=\"twitter:data1\" content=\"joseluisprados\" \/>\n\t<meta name=\"twitter:label2\" content=\"Est. reading time\" \/>\n\t<meta name=\"twitter:data2\" content=\"4 minutes\" \/>\n<script type=\"application\/ld+json\" class=\"yoast-schema-graph\">{\"@context\":\"https:\/\/schema.org\",\"@graph\":[{\"@type\":\"Article\",\"@id\":\"https:\/\/www.rafanadalacademy.com\/it\/accademia-rafa-nadal-di-movistar\/la-rafa-nadal-academy-by-movistar-festeggia-il-suo-nono-anniversario-consolidandosi-come-punto-di-riferimento-a-livello-mondiale\/#article\",\"isPartOf\":{\"@id\":\"https:\/\/www.rafanadalacademy.com\/it\/accademia-rafa-nadal-di-movistar\/la-rafa-nadal-academy-by-movistar-festeggia-il-suo-nono-anniversario-consolidandosi-come-punto-di-riferimento-a-livello-mondiale\/\"},\"author\":{\"name\":\"joseluisprados\",\"@id\":\"https:\/\/www.rafanadalacademy.com\/it\/#\/schema\/person\/744897d6ee269641fff954376180ef01\"},\"headline\":\"La Rafa Nadal Academy festeggia il suo nono anniversario consolidandosi come punto di riferimento a livello mondiale\",\"datePublished\":\"2025-10-17T07:44:28+00:00\",\"dateModified\":\"2025-10-20T08:45:20+00:00\",\"mainEntityOfPage\":{\"@id\":\"https:\/\/www.rafanadalacademy.com\/it\/accademia-rafa-nadal-di-movistar\/la-rafa-nadal-academy-by-movistar-festeggia-il-suo-nono-anniversario-consolidandosi-come-punto-di-riferimento-a-livello-mondiale\/\"},\"wordCount\":818,\"image\":{\"@id\":\"https:\/\/www.rafanadalacademy.com\/it\/accademia-rafa-nadal-di-movistar\/la-rafa-nadal-academy-by-movistar-festeggia-il-suo-nono-anniversario-consolidandosi-come-punto-di-riferimento-a-livello-mondiale\/#primaryimage\"},\"thumbnailUrl\":\"https:\/\/www.rafanadalacademy.com\/wp-content\/uploads\/2025\/03\/RNA_2024marzo_5464-x-3070-6-scaled-e1742989201511.jpg\",\"keywords\":[\"ACCADEMIA RAFA NADAL DI MOVISTAR\"],\"articleSection\":[\"ACCADEMIA RAFA NADAL DI MOVISTAR\",\"Notizia\"],\"inLanguage\":\"it-IT\",\"copyrightYear\":\"2025\",\"copyrightHolder\":{\"@id\":\"https:\/\/www.rafanadalacademy.com\/#organization\"}},{\"@type\":\"WebPage\",\"@id\":\"https:\/\/www.rafanadalacademy.com\/it\/accademia-rafa-nadal-di-movistar\/la-rafa-nadal-academy-by-movistar-festeggia-il-suo-nono-anniversario-consolidandosi-come-punto-di-riferimento-a-livello-mondiale\/\",\"url\":\"https:\/\/www.rafanadalacademy.com\/it\/accademia-rafa-nadal-di-movistar\/la-rafa-nadal-academy-by-movistar-festeggia-il-suo-nono-anniversario-consolidandosi-come-punto-di-riferimento-a-livello-mondiale\/\",\"name\":\"La Rafa Nadal Academy festeggia il suo nono anniversario consolidandosi come punto di riferimento a livello mondiale - Rafa Nadal Academy\",\"isPartOf\":{\"@id\":\"https:\/\/www.rafanadalacademy.com\/it\/#website\"},\"primaryImageOfPage\":{\"@id\":\"https:\/\/www.rafanadalacademy.com\/it\/accademia-rafa-nadal-di-movistar\/la-rafa-nadal-academy-by-movistar-festeggia-il-suo-nono-anniversario-consolidandosi-come-punto-di-riferimento-a-livello-mondiale\/#primaryimage\"},\"image\":{\"@id\":\"https:\/\/www.rafanadalacademy.com\/it\/accademia-rafa-nadal-di-movistar\/la-rafa-nadal-academy-by-movistar-festeggia-il-suo-nono-anniversario-consolidandosi-come-punto-di-riferimento-a-livello-mondiale\/#primaryimage\"},\"thumbnailUrl\":\"https:\/\/www.rafanadalacademy.com\/wp-content\/uploads\/2025\/03\/RNA_2024marzo_5464-x-3070-6-scaled-e1742989201511.jpg\",\"datePublished\":\"2025-10-17T07:44:28+00:00\",\"dateModified\":\"2025-10-20T08:45:20+00:00\",\"author\":{\"@id\":\"https:\/\/www.rafanadalacademy.com\/it\/#\/schema\/person\/744897d6ee269641fff954376180ef01\"},\"description\":\"Il 19 ottobre 2016 sar\u00e0 ricordato per sempre come un giorno molto importante nella carriera e nell'eredit\u00e0 di Rafa Nadal. Quel giorno, Rafa stesso ha inaugurato ufficialmente la Rafa Nadal Academy nella sua citt\u00e0 natale, Manacor, accompagnato da Roger Federer e da numerose personalit\u00e0, autorit\u00e0 e amici.\",\"breadcrumb\":{\"@id\":\"https:\/\/www.rafanadalacademy.com\/it\/accademia-rafa-nadal-di-movistar\/la-rafa-nadal-academy-by-movistar-festeggia-il-suo-nono-anniversario-consolidandosi-come-punto-di-riferimento-a-livello-mondiale\/#breadcrumb\"},\"inLanguage\":\"it-IT\",\"potentialAction\":[{\"@type\":\"ReadAction\",\"target\":[\"https:\/\/www.rafanadalacademy.com\/it\/accademia-rafa-nadal-di-movistar\/la-rafa-nadal-academy-by-movistar-festeggia-il-suo-nono-anniversario-consolidandosi-come-punto-di-riferimento-a-livello-mondiale\/\"]}]},{\"@type\":\"ImageObject\",\"inLanguage\":\"it-IT\",\"@id\":\"https:\/\/www.rafanadalacademy.com\/it\/accademia-rafa-nadal-di-movistar\/la-rafa-nadal-academy-by-movistar-festeggia-il-suo-nono-anniversario-consolidandosi-come-punto-di-riferimento-a-livello-mondiale\/#primaryimage\",\"url\":\"https:\/\/www.rafanadalacademy.com\/wp-content\/uploads\/2025\/03\/RNA_2024marzo_5464-x-3070-6-scaled-e1742989201511.jpg\",\"contentUrl\":\"https:\/\/www.rafanadalacademy.com\/wp-content\/uploads\/2025\/03\/RNA_2024marzo_5464-x-3070-6-scaled-e1742989201511.jpg\",\"width\":2560,\"height\":1438},{\"@type\":\"BreadcrumbList\",\"@id\":\"https:\/\/www.rafanadalacademy.com\/it\/accademia-rafa-nadal-di-movistar\/la-rafa-nadal-academy-by-movistar-festeggia-il-suo-nono-anniversario-consolidandosi-come-punto-di-riferimento-a-livello-mondiale\/#breadcrumb\",\"itemListElement\":[{\"@type\":\"ListItem\",\"position\":1,\"name\":\"Home\",\"item\":\"https:\/\/www.rafanadalacademy.com\/it\/\"},{\"@type\":\"ListItem\",\"position\":2,\"name\":\"La Rafa Nadal Academy festeggia il suo nono anniversario consolidandosi come punto di riferimento a livello mondiale\"}]},{\"@type\":\"WebSite\",\"@id\":\"https:\/\/www.rafanadalacademy.com\/it\/#website\",\"url\":\"https:\/\/www.rafanadalacademy.com\/it\/\",\"name\":\"Rafa Nadal Academy\",\"description\":\"Otro sitio realizado con WordPress\",\"potentialAction\":[{\"@type\":\"SearchAction\",\"target\":{\"@type\":\"EntryPoint\",\"urlTemplate\":\"https:\/\/www.rafanadalacademy.com\/it\/?s={search_term_string}\"},\"query-input\":{\"@type\":\"PropertyValueSpecification\",\"valueRequired\":true,\"valueName\":\"search_term_string\"}}],\"inLanguage\":\"it-IT\"},{\"@type\":\"Person\",\"@id\":\"https:\/\/www.rafanadalacademy.com\/it\/#\/schema\/person\/744897d6ee269641fff954376180ef01\",\"name\":\"joseluisprados\",\"image\":{\"@type\":\"ImageObject\",\"inLanguage\":\"it-IT\",\"@id\":\"https:\/\/www.rafanadalacademy.com\/it\/#\/schema\/person\/image\/\",\"url\":\"https:\/\/secure.gravatar.com\/avatar\/8aa823a6e5501864ffab4785d9e2a994b59c2d45c9f9751c5a532abfec081e5f?s=96&d=mm&r=g\",\"contentUrl\":\"https:\/\/secure.gravatar.com\/avatar\/8aa823a6e5501864ffab4785d9e2a994b59c2d45c9f9751c5a532abfec081e5f?s=96&d=mm&r=g\",\"caption\":\"joseluisprados\"},\"url\":\"https:\/\/www.rafanadalacademy.com\/it\/author\/joseluisprados\/\"},{\"@type\":\"ImageObject\",\"inLanguage\":\"it-IT\",\"@id\":\"https:\/\/www.rafanadalacademy.com\/it\/accademia-rafa-nadal-di-movistar\/la-rafa-nadal-academy-by-movistar-festeggia-il-suo-nono-anniversario-consolidandosi-come-punto-di-riferimento-a-livello-mondiale\/#local-main-organization-logo\",\"url\":\"\",\"contentUrl\":\"\",\"caption\":\"Rafa Nadal Academy\"}]}<\/script>\n<!-- \/ Yoast SEO Premium plugin. -->","yoast_head_json":{"title":"La Rafa Nadal Academy festeggia il suo nono anniversario consolidandosi come punto di riferimento a livello mondiale - Rafa Nadal Academy","description":"Il 19 ottobre 2016 sar\u00e0 ricordato per sempre come un giorno molto importante nella carriera e nell'eredit\u00e0 di Rafa Nadal. Quel giorno, Rafa stesso ha inaugurato ufficialmente la Rafa Nadal Academy nella sua citt\u00e0 natale, Manacor, accompagnato da Roger Federer e da numerose personalit\u00e0, autorit\u00e0 e amici.","robots":{"index":"index","follow":"follow","max-snippet":"max-snippet:-1","max-image-preview":"max-image-preview:large","max-video-preview":"max-video-preview:-1"},"canonical":"https:\/\/www.rafanadalacademy.com\/it\/accademia-rafa-nadal-di-movistar\/la-rafa-nadal-academy-by-movistar-festeggia-il-suo-nono-anniversario-consolidandosi-come-punto-di-riferimento-a-livello-mondiale\/","og_locale":"it_IT","og_type":"article","og_title":"La Rafa Nadal Academy festeggia il suo nono anniversario consolidandosi come punto di riferimento a livello mondiale","og_description":"Il 19 ottobre 2016 sar\u00e0 ricordato per sempre come un giorno molto importante nella carriera e nell'eredit\u00e0 di Rafa Nadal. Quel giorno, Rafa stesso ha inaugurato ufficialmente la Rafa Nadal Academy nella sua citt\u00e0 natale, Manacor, accompagnato da Roger Federer e da numerose personalit\u00e0, autorit\u00e0 e amici.","og_url":"https:\/\/www.rafanadalacademy.com\/it\/accademia-rafa-nadal-di-movistar\/la-rafa-nadal-academy-by-movistar-festeggia-il-suo-nono-anniversario-consolidandosi-come-punto-di-riferimento-a-livello-mondiale\/","og_site_name":"Rafa Nadal Academy","article_published_time":"2025-10-17T07:44:28+00:00","article_modified_time":"2025-10-20T08:45:20+00:00","og_image":[{"width":2560,"height":1438,"url":"https:\/\/www.rafanadalacademy.com\/wp-content\/uploads\/2025\/03\/RNA_2024marzo_5464-x-3070-6-scaled-e1742989201511.jpg","type":"image\/jpeg"}],"author":"joseluisprados","twitter_card":"summary_large_image","twitter_misc":{"Written by":"joseluisprados","Est. reading time":"4 minutes"},"schema":{"@context":"https:\/\/schema.org","@graph":[{"@type":"Article","@id":"https:\/\/www.rafanadalacademy.com\/it\/accademia-rafa-nadal-di-movistar\/la-rafa-nadal-academy-by-movistar-festeggia-il-suo-nono-anniversario-consolidandosi-come-punto-di-riferimento-a-livello-mondiale\/#article","isPartOf":{"@id":"https:\/\/www.rafanadalacademy.com\/it\/accademia-rafa-nadal-di-movistar\/la-rafa-nadal-academy-by-movistar-festeggia-il-suo-nono-anniversario-consolidandosi-come-punto-di-riferimento-a-livello-mondiale\/"},"author":{"name":"joseluisprados","@id":"https:\/\/www.rafanadalacademy.com\/it\/#\/schema\/person\/744897d6ee269641fff954376180ef01"},"headline":"La Rafa Nadal Academy festeggia il suo nono anniversario consolidandosi come punto di riferimento a livello mondiale","datePublished":"2025-10-17T07:44:28+00:00","dateModified":"2025-10-20T08:45:20+00:00","mainEntityOfPage":{"@id":"https:\/\/www.rafanadalacademy.com\/it\/accademia-rafa-nadal-di-movistar\/la-rafa-nadal-academy-by-movistar-festeggia-il-suo-nono-anniversario-consolidandosi-come-punto-di-riferimento-a-livello-mondiale\/"},"wordCount":818,"image":{"@id":"https:\/\/www.rafanadalacademy.com\/it\/accademia-rafa-nadal-di-movistar\/la-rafa-nadal-academy-by-movistar-festeggia-il-suo-nono-anniversario-consolidandosi-come-punto-di-riferimento-a-livello-mondiale\/#primaryimage"},"thumbnailUrl":"https:\/\/www.rafanadalacademy.com\/wp-content\/uploads\/2025\/03\/RNA_2024marzo_5464-x-3070-6-scaled-e1742989201511.jpg","keywords":["ACCADEMIA RAFA NADAL DI MOVISTAR"],"articleSection":["ACCADEMIA RAFA NADAL DI MOVISTAR","Notizia"],"inLanguage":"it-IT","copyrightYear":"2025","copyrightHolder":{"@id":"https:\/\/www.rafanadalacademy.com\/#organization"}},{"@type":"WebPage","@id":"https:\/\/www.rafanadalacademy.com\/it\/accademia-rafa-nadal-di-movistar\/la-rafa-nadal-academy-by-movistar-festeggia-il-suo-nono-anniversario-consolidandosi-come-punto-di-riferimento-a-livello-mondiale\/","url":"https:\/\/www.rafanadalacademy.com\/it\/accademia-rafa-nadal-di-movistar\/la-rafa-nadal-academy-by-movistar-festeggia-il-suo-nono-anniversario-consolidandosi-come-punto-di-riferimento-a-livello-mondiale\/","name":"La Rafa Nadal Academy festeggia il suo nono anniversario consolidandosi come punto di riferimento a livello mondiale - Rafa Nadal Academy","isPartOf":{"@id":"https:\/\/www.rafanadalacademy.com\/it\/#website"},"primaryImageOfPage":{"@id":"https:\/\/www.rafanadalacademy.com\/it\/accademia-rafa-nadal-di-movistar\/la-rafa-nadal-academy-by-movistar-festeggia-il-suo-nono-anniversario-consolidandosi-come-punto-di-riferimento-a-livello-mondiale\/#primaryimage"},"image":{"@id":"https:\/\/www.rafanadalacademy.com\/it\/accademia-rafa-nadal-di-movistar\/la-rafa-nadal-academy-by-movistar-festeggia-il-suo-nono-anniversario-consolidandosi-come-punto-di-riferimento-a-livello-mondiale\/#primaryimage"},"thumbnailUrl":"https:\/\/www.rafanadalacademy.com\/wp-content\/uploads\/2025\/03\/RNA_2024marzo_5464-x-3070-6-scaled-e1742989201511.jpg","datePublished":"2025-10-17T07:44:28+00:00","dateModified":"2025-10-20T08:45:20+00:00","author":{"@id":"https:\/\/www.rafanadalacademy.com\/it\/#\/schema\/person\/744897d6ee269641fff954376180ef01"},"description":"Il 19 ottobre 2016 sar\u00e0 ricordato per sempre come un giorno molto importante nella carriera e nell'eredit\u00e0 di Rafa Nadal. Quel giorno, Rafa stesso ha inaugurato ufficialmente la Rafa Nadal Academy nella sua citt\u00e0 natale, Manacor, accompagnato da Roger Federer e da numerose personalit\u00e0, autorit\u00e0 e amici.","breadcrumb":{"@id":"https:\/\/www.rafanadalacademy.com\/it\/accademia-rafa-nadal-di-movistar\/la-rafa-nadal-academy-by-movistar-festeggia-il-suo-nono-anniversario-consolidandosi-come-punto-di-riferimento-a-livello-mondiale\/#breadcrumb"},"inLanguage":"it-IT","potentialAction":[{"@type":"ReadAction","target":["https:\/\/www.rafanadalacademy.com\/it\/accademia-rafa-nadal-di-movistar\/la-rafa-nadal-academy-by-movistar-festeggia-il-suo-nono-anniversario-consolidandosi-come-punto-di-riferimento-a-livello-mondiale\/"]}]},{"@type":"ImageObject","inLanguage":"it-IT","@id":"https:\/\/www.rafanadalacademy.com\/it\/accademia-rafa-nadal-di-movistar\/la-rafa-nadal-academy-by-movistar-festeggia-il-suo-nono-anniversario-consolidandosi-come-punto-di-riferimento-a-livello-mondiale\/#primaryimage","url":"https:\/\/www.rafanadalacademy.com\/wp-content\/uploads\/2025\/03\/RNA_2024marzo_5464-x-3070-6-scaled-e1742989201511.jpg","contentUrl":"https:\/\/www.rafanadalacademy.com\/wp-content\/uploads\/2025\/03\/RNA_2024marzo_5464-x-3070-6-scaled-e1742989201511.jpg","width":2560,"height":1438},{"@type":"BreadcrumbList","@id":"https:\/\/www.rafanadalacademy.com\/it\/accademia-rafa-nadal-di-movistar\/la-rafa-nadal-academy-by-movistar-festeggia-il-suo-nono-anniversario-consolidandosi-come-punto-di-riferimento-a-livello-mondiale\/#breadcrumb","itemListElement":[{"@type":"ListItem","position":1,"name":"Home","item":"https:\/\/www.rafanadalacademy.com\/it\/"},{"@type":"ListItem","position":2,"name":"La Rafa Nadal Academy festeggia il suo nono anniversario consolidandosi come punto di riferimento a livello mondiale"}]},{"@type":"WebSite","@id":"https:\/\/www.rafanadalacademy.com\/it\/#website","url":"https:\/\/www.rafanadalacademy.com\/it\/","name":"Rafa Nadal Academy","description":"Otro sitio realizado con WordPress","potentialAction":[{"@type":"SearchAction","target":{"@type":"EntryPoint","urlTemplate":"https:\/\/www.rafanadalacademy.com\/it\/?s={search_term_string}"},"query-input":{"@type":"PropertyValueSpecification","valueRequired":true,"valueName":"search_term_string"}}],"inLanguage":"it-IT"},{"@type":"Person","@id":"https:\/\/www.rafanadalacademy.com\/it\/#\/schema\/person\/744897d6ee269641fff954376180ef01","name":"joseluisprados","image":{"@type":"ImageObject","inLanguage":"it-IT","@id":"https:\/\/www.rafanadalacademy.com\/it\/#\/schema\/person\/image\/","url":"https:\/\/secure.gravatar.com\/avatar\/8aa823a6e5501864ffab4785d9e2a994b59c2d45c9f9751c5a532abfec081e5f?s=96&d=mm&r=g","contentUrl":"https:\/\/secure.gravatar.com\/avatar\/8aa823a6e5501864ffab4785d9e2a994b59c2d45c9f9751c5a532abfec081e5f?s=96&d=mm&r=g","caption":"joseluisprados"},"url":"https:\/\/www.rafanadalacademy.com\/it\/author\/joseluisprados\/"},{"@type":"ImageObject","inLanguage":"it-IT","@id":"https:\/\/www.rafanadalacademy.com\/it\/accademia-rafa-nadal-di-movistar\/la-rafa-nadal-academy-by-movistar-festeggia-il-suo-nono-anniversario-consolidandosi-come-punto-di-riferimento-a-livello-mondiale\/#local-main-organization-logo","url":"","contentUrl":"","caption":"Rafa Nadal Academy"}]}},"_links":{"self":[{"href":"https:\/\/www.rafanadalacademy.com\/it\/wp-json\/wp\/v2\/posts\/35562","targetHints":{"allow":["GET"]}}],"collection":[{"href":"https:\/\/www.rafanadalacademy.com\/it\/wp-json\/wp\/v2\/posts"}],"about":[{"href":"https:\/\/www.rafanadalacademy.com\/it\/wp-json\/wp\/v2\/types\/post"}],"author":[{"embeddable":true,"href":"https:\/\/www.rafanadalacademy.com\/it\/wp-json\/wp\/v2\/users\/23"}],"replies":[{"embeddable":true,"href":"https:\/\/www.rafanadalacademy.com\/it\/wp-json\/wp\/v2\/comments?post=35562"}],"version-history":[{"count":1,"href":"https:\/\/www.rafanadalacademy.com\/it\/wp-json\/wp\/v2\/posts\/35562\/revisions"}],"predecessor-version":[{"id":35563,"href":"https:\/\/www.rafanadalacademy.com\/it\/wp-json\/wp\/v2\/posts\/35562\/revisions\/35563"}],"wp:featuredmedia":[{"embeddable":true,"href":"https:\/\/www.rafanadalacademy.com\/it\/wp-json\/wp\/v2\/media\/25488"}],"wp:attachment":[{"href":"https:\/\/www.rafanadalacademy.com\/it\/wp-json\/wp\/v2\/media?parent=35562"}],"wp:term":[{"taxonomy":"category","embeddable":true,"href":"https:\/\/www.rafanadalacademy.com\/it\/wp-json\/wp\/v2\/categories?post=35562"},{"taxonomy":"post_tag","embeddable":true,"href":"https:\/\/www.rafanadalacademy.com\/it\/wp-json\/wp\/v2\/tags?post=35562"}],"curies":[{"name":"wp","href":"https:\/\/api.w.org\/{rel}","templated":true}]}}