{"id":34218,"date":"2025-10-03T11:43:44","date_gmt":"2025-10-03T11:43:44","guid":{"rendered":"https:\/\/www.rafanadalacademy.com\/non-categorizzato\/gustavo-marcaccio-nuovo-direttore-del-tennis-della-rafa-nadal-academy-seguire-la-passione-di-rafa-sara-la-nostra-sfida-piu-grande\/"},"modified":"2025-10-06T06:43:29","modified_gmt":"2025-10-06T06:43:29","slug":"gustavo-marcaccio-nuovo-direttore-del-tennis-della-rafa-nadal-academy-seguire-la-passione-di-rafa-sara-la-nostra-sfida-piu-grande","status":"publish","type":"post","link":"https:\/\/www.rafanadalacademy.com\/it\/accademia-rafa-nadal-di-movistar\/gustavo-marcaccio-nuovo-direttore-del-tennis-della-rafa-nadal-academy-seguire-la-passione-di-rafa-sara-la-nostra-sfida-piu-grande\/","title":{"rendered":"Gustavo Marcaccio, nuovo direttore del tennis della Rafa Nadal Academy: \u201cSeguire la passione di Rafa sar\u00e0 la nostra sfida pi\u00f9 grande\u201d"},"content":{"rendered":"\n<p>La Rafa Nadal Academy apre una nuova fase nel settore tennis con la nomina di Gustavo Marcaccio come nuovo direttore. Con questo incarico, e alla vigilia del suo nono anniversario, l\u2019Accademia rafforza il suo impegno a mantenere vivo l\u2019eredit\u00e0 di Rafa Nadal, sia a Manacor che nei centri internazionali. <\/p>\n\n<p>&#8220;Essere direttore della Rafa Nadal Academy significa assumersi una grande responsabilit\u00e0, perch\u00e9 vuol dire rappresentare la visione e l\u2019eredit\u00e0 di Rafa nella comunit\u00e0 del tennis. Seguire la sua passione sar\u00e0 la nostra sfida pi\u00f9 grande. Il nostro obiettivo \u00e8 lasciare un segno in ogni bambino, in ogni adulto e in ogni giocatore professionista che passa di qui, curando ogni dettaglio, dentro e fuori dal campo&#8221;, ha dichiarato Marcaccio.<br\/><\/p>\n\n<p>Il tecnico argentino ha inoltre sottolineato che la filosofia dell\u2019Accademia va oltre la pura performance sportiva: &#8220;Dobbiamo prestare attenzione a ogni dettaglio, ogni giorno, con il nostro lavoro in campo e con l\u2019interazione umana fuori dal campo. Con i nostri studenti-atleti dobbiamo trasmettere lo spirito di Rafa nel combinare sport e studio. \u00c8 il miglior esempio possibile: quando era un giovane giocatore in formazione, aveva l\u2019obbligo di frequentare la scuola superiore, di terminarla e di ottenere il diploma. \u00c8 qualcosa che dobbiamo far capire non solo agli studenti, ma anche ai genitori. Per noi, questa combinazione \u00e8 fondamentale&#8221;.<br\/><\/p>\n\n<figure class=\"wp-block-embed is-type-video is-provider-youtube wp-block-embed-youtube wp-embed-aspect-16-9 wp-has-aspect-ratio\"><div class=\"wp-block-embed__wrapper\">\n<iframe loading=\"lazy\" title=\"Meet Gustavo Marcaccio, Rafa Nadal Academy\u2019s New Tennis Director\" width=\"500\" height=\"281\" src=\"https:\/\/www.youtube.com\/embed\/rCPpHilZ4hk?feature=oembed\" frameborder=\"0\" allow=\"accelerometer; autoplay; clipboard-write; encrypted-media; gyroscope; picture-in-picture; web-share\" referrerpolicy=\"strict-origin-when-cross-origin\" allowfullscreen><\/iframe>\n<\/div><\/figure>\n\n<p><\/p>\n\n<p>Marcaccio \u00e8 entrato a far parte dell\u2019Accademia nel 2021 e ha lavorato con giocatori come Jaume Munar e Mart\u00edn Landaluce, oltre ad aver accompagnato Rafa Nadal negli ultimi due anni della sua carriera professionale. &#8220;Il mio rapporto con Rafa \u00e8 iniziato quando ero ancora nel circuito: lui era un giovane emergente da tenere d\u2019occhio e si \u00e8 presto trasformato in una stella. Pi\u00f9 tardi ho allenato alcuni dei suoi rivali e amici, e cos\u00ec abbiamo cominciato a costruire un rapporto. Poi mi ha invitato a entrare nell\u2019Accademia e infine ho finito per aiutarlo negli ultimi due anni della sua carriera&#8221;, ha raccontato. <\/p>\n\n<p>Dalla sua esperienza con Rafa, l\u2019argentino trae un insegnamento molto chiaro: &#8220;Dopo 22 titoli del Grande Slam, era ancora disposto ad ascoltare, innovare e cercare miglioramenti, anche minimi. Credo di aver imparato da lui molto pi\u00f9 di quanto io sia riuscito a insegnargli in campo. \u00c8 questo che lo rende un superatleta&#8221;.<\/p>\n\n<p>In questa nuova struttura, Marcaccio sar\u00e0 affiancato da Tomeu Salv\u00e0 come codirettore tecnico e potr\u00e0 contare sul supporto di figure di riferimento come Toni Nadal (ambasciatore dell\u2019Accademia), Marc Gorriz (consulente tecnico) e Joel Figueras (responsabile della formazione). Il team \u00e8 completato da allenatori come Anabel Medina, Pedro <br\/> <\/p>\n\n<p>Clar e Joan Bosch, che seguono giocatori d\u2019\u00e9lite come Casper Ruud, Alex Eala, Alina Korneeva e Coleman Wong<\/p>\n\n<p>In totale, pi\u00f9 di 60 allenatori e un solido gruppo di preparatori atletici, fisioterapisti, psicologi sportivi e nutrizionisti, insieme al team medico di Quir\u00f3n Salud \u2014 con figure di spicco come Rafael Maym\u00f3 e il dottor \u00c1ngel Ruiz-Cotorro \u2014 sostengono un progetto che mantiene immutato il suo obiettivo: mantenere viva la passione e l\u2019eredit\u00e0 di Rafa Nadal.<\/p>\n\n<p><\/p>\n","protected":false},"excerpt":{"rendered":"<p>La Rafa Nadal Academy apre una nuova fase nel settore tennis con la nomina di Gustavo Marcaccio come nuovo direttore. Con questo incarico, e alla vigilia del suo nono anniversario, l\u2019Accademia rafforza il suo impegno a mantenere vivo l\u2019eredit\u00e0 di Rafa Nadal, sia a Manacor che nei centri internazionali. &#8220;Essere direttore della Rafa Nadal Academy<a href=\"https:\/\/www.rafanadalacademy.com\/it\/accademia-rafa-nadal-di-movistar\/gustavo-marcaccio-nuovo-direttore-del-tennis-della-rafa-nadal-academy-seguire-la-passione-di-rafa-sara-la-nostra-sfida-piu-grande\/\">Continue reading <span class=\"sr-only\">&#8220;Gustavo Marcaccio, nuovo direttore del tennis della Rafa Nadal Academy: \u201cSeguire la passione di Rafa sar\u00e0 la nostra sfida pi\u00f9 grande\u201d&#8221;<\/span><\/a><\/p>\n","protected":false},"author":21,"featured_media":34195,"comment_status":"closed","ping_status":"closed","sticky":false,"template":"","format":"standard","meta":{"_acf_changed":false,"footnotes":""},"categories":[200,160],"tags":[201],"class_list":["post-34218","post","type-post","status-publish","format-standard","has-post-thumbnail","hentry","category-accademia-rafa-nadal-di-movistar","category-notizia","tag-accademia-rafa-nadal-di-movistar"],"acf":[],"yoast_head":"<!-- This site is optimized with the Yoast SEO Premium plugin v26.8 (Yoast SEO v26.9) - https:\/\/yoast.com\/product\/yoast-seo-premium-wordpress\/ -->\n<title>Gustavo Marcaccio, nuovo direttore del tennis della Rafa Nadal Academy: \u201cSeguire la passione di Rafa sar\u00e0 la nostra sfida pi\u00f9 grande\u201d - Rafa Nadal Academy<\/title>\n<meta name=\"description\" content=\"La Rafa Nadal Academy apre una nuova fase nel settore tennis con la nomina di Gustavo Marcaccio come nuovo direttore.\" \/>\n<meta name=\"robots\" content=\"index, follow, max-snippet:-1, max-image-preview:large, max-video-preview:-1\" \/>\n<link rel=\"canonical\" href=\"https:\/\/www.rafanadalacademy.com\/it\/accademia-rafa-nadal-di-movistar\/gustavo-marcaccio-nuovo-direttore-del-tennis-della-rafa-nadal-academy-seguire-la-passione-di-rafa-sara-la-nostra-sfida-piu-grande\/\" \/>\n<meta property=\"og:locale\" content=\"it_IT\" \/>\n<meta property=\"og:type\" content=\"article\" \/>\n<meta property=\"og:title\" content=\"Gustavo Marcaccio, nuovo direttore del tennis della Rafa Nadal Academy: \u201cSeguire la passione di Rafa sar\u00e0 la nostra sfida pi\u00f9 grande\u201d\" \/>\n<meta property=\"og:description\" content=\"La Rafa Nadal Academy apre una nuova fase nel settore tennis con la nomina di Gustavo Marcaccio come nuovo direttore.\" \/>\n<meta property=\"og:url\" content=\"https:\/\/www.rafanadalacademy.com\/it\/accademia-rafa-nadal-di-movistar\/gustavo-marcaccio-nuovo-direttore-del-tennis-della-rafa-nadal-academy-seguire-la-passione-di-rafa-sara-la-nostra-sfida-piu-grande\/\" \/>\n<meta property=\"og:site_name\" content=\"Rafa Nadal Academy\" \/>\n<meta property=\"article:published_time\" content=\"2025-10-03T11:43:44+00:00\" \/>\n<meta property=\"article:modified_time\" content=\"2025-10-06T06:43:29+00:00\" \/>\n<meta property=\"og:image\" content=\"https:\/\/www.rafanadalacademy.com\/wp-content\/uploads\/2025\/10\/RNA_180225_Visita-entrenos-Rafa_147-scaled.jpg\" \/>\n\t<meta property=\"og:image:width\" content=\"2560\" \/>\n\t<meta property=\"og:image:height\" content=\"1707\" \/>\n\t<meta property=\"og:image:type\" content=\"image\/jpeg\" \/>\n<meta name=\"author\" content=\"Maria Llovera\" \/>\n<meta name=\"twitter:card\" content=\"summary_large_image\" \/>\n<meta name=\"twitter:label1\" content=\"Written by\" \/>\n\t<meta name=\"twitter:data1\" content=\"Maria Llovera\" \/>\n\t<meta name=\"twitter:label2\" content=\"Est. reading time\" \/>\n\t<meta name=\"twitter:data2\" content=\"3 minutes\" \/>\n<script type=\"application\/ld+json\" class=\"yoast-schema-graph\">{\"@context\":\"https:\/\/schema.org\",\"@graph\":[{\"@type\":\"Article\",\"@id\":\"https:\/\/www.rafanadalacademy.com\/it\/accademia-rafa-nadal-di-movistar\/gustavo-marcaccio-nuovo-direttore-del-tennis-della-rafa-nadal-academy-seguire-la-passione-di-rafa-sara-la-nostra-sfida-piu-grande\/#article\",\"isPartOf\":{\"@id\":\"https:\/\/www.rafanadalacademy.com\/it\/accademia-rafa-nadal-di-movistar\/gustavo-marcaccio-nuovo-direttore-del-tennis-della-rafa-nadal-academy-seguire-la-passione-di-rafa-sara-la-nostra-sfida-piu-grande\/\"},\"author\":{\"name\":\"Maria Llovera\",\"@id\":\"https:\/\/www.rafanadalacademy.com\/it\/#\/schema\/person\/9cb8f210ce3fe781ebc21d5ba4c69109\"},\"headline\":\"Gustavo Marcaccio, nuovo direttore del tennis della Rafa Nadal Academy: \u201cSeguire la passione di Rafa sar\u00e0 la nostra sfida pi\u00f9 grande\u201d\",\"datePublished\":\"2025-10-03T11:43:44+00:00\",\"dateModified\":\"2025-10-06T06:43:29+00:00\",\"mainEntityOfPage\":{\"@id\":\"https:\/\/www.rafanadalacademy.com\/it\/accademia-rafa-nadal-di-movistar\/gustavo-marcaccio-nuovo-direttore-del-tennis-della-rafa-nadal-academy-seguire-la-passione-di-rafa-sara-la-nostra-sfida-piu-grande\/\"},\"wordCount\":521,\"image\":{\"@id\":\"https:\/\/www.rafanadalacademy.com\/it\/accademia-rafa-nadal-di-movistar\/gustavo-marcaccio-nuovo-direttore-del-tennis-della-rafa-nadal-academy-seguire-la-passione-di-rafa-sara-la-nostra-sfida-piu-grande\/#primaryimage\"},\"thumbnailUrl\":\"https:\/\/www.rafanadalacademy.com\/wp-content\/uploads\/2025\/10\/RNA_180225_Visita-entrenos-Rafa_147-scaled.jpg\",\"keywords\":[\"ACCADEMIA RAFA NADAL DI MOVISTAR\"],\"articleSection\":[\"ACCADEMIA RAFA NADAL DI MOVISTAR\",\"Notizia\"],\"inLanguage\":\"it-IT\",\"copyrightYear\":\"2025\",\"copyrightHolder\":{\"@id\":\"https:\/\/www.rafanadalacademy.com\/#organization\"}},{\"@type\":\"WebPage\",\"@id\":\"https:\/\/www.rafanadalacademy.com\/it\/accademia-rafa-nadal-di-movistar\/gustavo-marcaccio-nuovo-direttore-del-tennis-della-rafa-nadal-academy-seguire-la-passione-di-rafa-sara-la-nostra-sfida-piu-grande\/\",\"url\":\"https:\/\/www.rafanadalacademy.com\/it\/accademia-rafa-nadal-di-movistar\/gustavo-marcaccio-nuovo-direttore-del-tennis-della-rafa-nadal-academy-seguire-la-passione-di-rafa-sara-la-nostra-sfida-piu-grande\/\",\"name\":\"Gustavo Marcaccio, nuovo direttore del tennis della Rafa Nadal Academy: \u201cSeguire la passione di Rafa sar\u00e0 la nostra sfida pi\u00f9 grande\u201d - Rafa Nadal Academy\",\"isPartOf\":{\"@id\":\"https:\/\/www.rafanadalacademy.com\/it\/#website\"},\"primaryImageOfPage\":{\"@id\":\"https:\/\/www.rafanadalacademy.com\/it\/accademia-rafa-nadal-di-movistar\/gustavo-marcaccio-nuovo-direttore-del-tennis-della-rafa-nadal-academy-seguire-la-passione-di-rafa-sara-la-nostra-sfida-piu-grande\/#primaryimage\"},\"image\":{\"@id\":\"https:\/\/www.rafanadalacademy.com\/it\/accademia-rafa-nadal-di-movistar\/gustavo-marcaccio-nuovo-direttore-del-tennis-della-rafa-nadal-academy-seguire-la-passione-di-rafa-sara-la-nostra-sfida-piu-grande\/#primaryimage\"},\"thumbnailUrl\":\"https:\/\/www.rafanadalacademy.com\/wp-content\/uploads\/2025\/10\/RNA_180225_Visita-entrenos-Rafa_147-scaled.jpg\",\"datePublished\":\"2025-10-03T11:43:44+00:00\",\"dateModified\":\"2025-10-06T06:43:29+00:00\",\"author\":{\"@id\":\"https:\/\/www.rafanadalacademy.com\/it\/#\/schema\/person\/9cb8f210ce3fe781ebc21d5ba4c69109\"},\"description\":\"La Rafa Nadal Academy apre una nuova fase nel settore tennis con la nomina di Gustavo Marcaccio come nuovo direttore.\",\"breadcrumb\":{\"@id\":\"https:\/\/www.rafanadalacademy.com\/it\/accademia-rafa-nadal-di-movistar\/gustavo-marcaccio-nuovo-direttore-del-tennis-della-rafa-nadal-academy-seguire-la-passione-di-rafa-sara-la-nostra-sfida-piu-grande\/#breadcrumb\"},\"inLanguage\":\"it-IT\",\"potentialAction\":[{\"@type\":\"ReadAction\",\"target\":[\"https:\/\/www.rafanadalacademy.com\/it\/accademia-rafa-nadal-di-movistar\/gustavo-marcaccio-nuovo-direttore-del-tennis-della-rafa-nadal-academy-seguire-la-passione-di-rafa-sara-la-nostra-sfida-piu-grande\/\"]}]},{\"@type\":\"ImageObject\",\"inLanguage\":\"it-IT\",\"@id\":\"https:\/\/www.rafanadalacademy.com\/it\/accademia-rafa-nadal-di-movistar\/gustavo-marcaccio-nuovo-direttore-del-tennis-della-rafa-nadal-academy-seguire-la-passione-di-rafa-sara-la-nostra-sfida-piu-grande\/#primaryimage\",\"url\":\"https:\/\/www.rafanadalacademy.com\/wp-content\/uploads\/2025\/10\/RNA_180225_Visita-entrenos-Rafa_147-scaled.jpg\",\"contentUrl\":\"https:\/\/www.rafanadalacademy.com\/wp-content\/uploads\/2025\/10\/RNA_180225_Visita-entrenos-Rafa_147-scaled.jpg\",\"width\":2560,\"height\":1707},{\"@type\":\"BreadcrumbList\",\"@id\":\"https:\/\/www.rafanadalacademy.com\/it\/accademia-rafa-nadal-di-movistar\/gustavo-marcaccio-nuovo-direttore-del-tennis-della-rafa-nadal-academy-seguire-la-passione-di-rafa-sara-la-nostra-sfida-piu-grande\/#breadcrumb\",\"itemListElement\":[{\"@type\":\"ListItem\",\"position\":1,\"name\":\"Home\",\"item\":\"https:\/\/www.rafanadalacademy.com\/it\/\"},{\"@type\":\"ListItem\",\"position\":2,\"name\":\"Gustavo Marcaccio, nuovo direttore del tennis della Rafa Nadal Academy: \u201cSeguire la passione di Rafa sar\u00e0 la nostra sfida pi\u00f9 grande\u201d\"}]},{\"@type\":\"WebSite\",\"@id\":\"https:\/\/www.rafanadalacademy.com\/it\/#website\",\"url\":\"https:\/\/www.rafanadalacademy.com\/it\/\",\"name\":\"Rafa Nadal Academy\",\"description\":\"Otro sitio realizado con WordPress\",\"potentialAction\":[{\"@type\":\"SearchAction\",\"target\":{\"@type\":\"EntryPoint\",\"urlTemplate\":\"https:\/\/www.rafanadalacademy.com\/it\/?s={search_term_string}\"},\"query-input\":{\"@type\":\"PropertyValueSpecification\",\"valueRequired\":true,\"valueName\":\"search_term_string\"}}],\"inLanguage\":\"it-IT\"},{\"@type\":\"Person\",\"@id\":\"https:\/\/www.rafanadalacademy.com\/it\/#\/schema\/person\/9cb8f210ce3fe781ebc21d5ba4c69109\",\"name\":\"Maria Llovera\",\"image\":{\"@type\":\"ImageObject\",\"inLanguage\":\"it-IT\",\"@id\":\"https:\/\/www.rafanadalacademy.com\/it\/#\/schema\/person\/image\/\",\"url\":\"https:\/\/secure.gravatar.com\/avatar\/4949e8272b74bc4e47ce4e2990eb1ad94fcf26a1aba4416cd4b9780dc0e433a3?s=96&d=mm&r=g\",\"contentUrl\":\"https:\/\/secure.gravatar.com\/avatar\/4949e8272b74bc4e47ce4e2990eb1ad94fcf26a1aba4416cd4b9780dc0e433a3?s=96&d=mm&r=g\",\"caption\":\"Maria Llovera\"},\"url\":\"https:\/\/www.rafanadalacademy.com\/it\/author\/maria-llovera\/\"},{\"@type\":\"ImageObject\",\"inLanguage\":\"it-IT\",\"@id\":\"https:\/\/www.rafanadalacademy.com\/it\/accademia-rafa-nadal-di-movistar\/gustavo-marcaccio-nuovo-direttore-del-tennis-della-rafa-nadal-academy-seguire-la-passione-di-rafa-sara-la-nostra-sfida-piu-grande\/#local-main-organization-logo\",\"url\":\"\",\"contentUrl\":\"\",\"caption\":\"Rafa Nadal Academy\"}]}<\/script>\n<!-- \/ Yoast SEO Premium plugin. -->","yoast_head_json":{"title":"Gustavo Marcaccio, nuovo direttore del tennis della Rafa Nadal Academy: \u201cSeguire la passione di Rafa sar\u00e0 la nostra sfida pi\u00f9 grande\u201d - Rafa Nadal Academy","description":"La Rafa Nadal Academy apre una nuova fase nel settore tennis con la nomina di Gustavo Marcaccio come nuovo direttore.","robots":{"index":"index","follow":"follow","max-snippet":"max-snippet:-1","max-image-preview":"max-image-preview:large","max-video-preview":"max-video-preview:-1"},"canonical":"https:\/\/www.rafanadalacademy.com\/it\/accademia-rafa-nadal-di-movistar\/gustavo-marcaccio-nuovo-direttore-del-tennis-della-rafa-nadal-academy-seguire-la-passione-di-rafa-sara-la-nostra-sfida-piu-grande\/","og_locale":"it_IT","og_type":"article","og_title":"Gustavo Marcaccio, nuovo direttore del tennis della Rafa Nadal Academy: \u201cSeguire la passione di Rafa sar\u00e0 la nostra sfida pi\u00f9 grande\u201d","og_description":"La Rafa Nadal Academy apre una nuova fase nel settore tennis con la nomina di Gustavo Marcaccio come nuovo direttore.","og_url":"https:\/\/www.rafanadalacademy.com\/it\/accademia-rafa-nadal-di-movistar\/gustavo-marcaccio-nuovo-direttore-del-tennis-della-rafa-nadal-academy-seguire-la-passione-di-rafa-sara-la-nostra-sfida-piu-grande\/","og_site_name":"Rafa Nadal Academy","article_published_time":"2025-10-03T11:43:44+00:00","article_modified_time":"2025-10-06T06:43:29+00:00","og_image":[{"width":2560,"height":1707,"url":"https:\/\/www.rafanadalacademy.com\/wp-content\/uploads\/2025\/10\/RNA_180225_Visita-entrenos-Rafa_147-scaled.jpg","type":"image\/jpeg"}],"author":"Maria Llovera","twitter_card":"summary_large_image","twitter_misc":{"Written by":"Maria Llovera","Est. reading time":"3 minutes"},"schema":{"@context":"https:\/\/schema.org","@graph":[{"@type":"Article","@id":"https:\/\/www.rafanadalacademy.com\/it\/accademia-rafa-nadal-di-movistar\/gustavo-marcaccio-nuovo-direttore-del-tennis-della-rafa-nadal-academy-seguire-la-passione-di-rafa-sara-la-nostra-sfida-piu-grande\/#article","isPartOf":{"@id":"https:\/\/www.rafanadalacademy.com\/it\/accademia-rafa-nadal-di-movistar\/gustavo-marcaccio-nuovo-direttore-del-tennis-della-rafa-nadal-academy-seguire-la-passione-di-rafa-sara-la-nostra-sfida-piu-grande\/"},"author":{"name":"Maria Llovera","@id":"https:\/\/www.rafanadalacademy.com\/it\/#\/schema\/person\/9cb8f210ce3fe781ebc21d5ba4c69109"},"headline":"Gustavo Marcaccio, nuovo direttore del tennis della Rafa Nadal Academy: \u201cSeguire la passione di Rafa sar\u00e0 la nostra sfida pi\u00f9 grande\u201d","datePublished":"2025-10-03T11:43:44+00:00","dateModified":"2025-10-06T06:43:29+00:00","mainEntityOfPage":{"@id":"https:\/\/www.rafanadalacademy.com\/it\/accademia-rafa-nadal-di-movistar\/gustavo-marcaccio-nuovo-direttore-del-tennis-della-rafa-nadal-academy-seguire-la-passione-di-rafa-sara-la-nostra-sfida-piu-grande\/"},"wordCount":521,"image":{"@id":"https:\/\/www.rafanadalacademy.com\/it\/accademia-rafa-nadal-di-movistar\/gustavo-marcaccio-nuovo-direttore-del-tennis-della-rafa-nadal-academy-seguire-la-passione-di-rafa-sara-la-nostra-sfida-piu-grande\/#primaryimage"},"thumbnailUrl":"https:\/\/www.rafanadalacademy.com\/wp-content\/uploads\/2025\/10\/RNA_180225_Visita-entrenos-Rafa_147-scaled.jpg","keywords":["ACCADEMIA RAFA NADAL DI MOVISTAR"],"articleSection":["ACCADEMIA RAFA NADAL DI MOVISTAR","Notizia"],"inLanguage":"it-IT","copyrightYear":"2025","copyrightHolder":{"@id":"https:\/\/www.rafanadalacademy.com\/#organization"}},{"@type":"WebPage","@id":"https:\/\/www.rafanadalacademy.com\/it\/accademia-rafa-nadal-di-movistar\/gustavo-marcaccio-nuovo-direttore-del-tennis-della-rafa-nadal-academy-seguire-la-passione-di-rafa-sara-la-nostra-sfida-piu-grande\/","url":"https:\/\/www.rafanadalacademy.com\/it\/accademia-rafa-nadal-di-movistar\/gustavo-marcaccio-nuovo-direttore-del-tennis-della-rafa-nadal-academy-seguire-la-passione-di-rafa-sara-la-nostra-sfida-piu-grande\/","name":"Gustavo Marcaccio, nuovo direttore del tennis della Rafa Nadal Academy: \u201cSeguire la passione di Rafa sar\u00e0 la nostra sfida pi\u00f9 grande\u201d - Rafa Nadal Academy","isPartOf":{"@id":"https:\/\/www.rafanadalacademy.com\/it\/#website"},"primaryImageOfPage":{"@id":"https:\/\/www.rafanadalacademy.com\/it\/accademia-rafa-nadal-di-movistar\/gustavo-marcaccio-nuovo-direttore-del-tennis-della-rafa-nadal-academy-seguire-la-passione-di-rafa-sara-la-nostra-sfida-piu-grande\/#primaryimage"},"image":{"@id":"https:\/\/www.rafanadalacademy.com\/it\/accademia-rafa-nadal-di-movistar\/gustavo-marcaccio-nuovo-direttore-del-tennis-della-rafa-nadal-academy-seguire-la-passione-di-rafa-sara-la-nostra-sfida-piu-grande\/#primaryimage"},"thumbnailUrl":"https:\/\/www.rafanadalacademy.com\/wp-content\/uploads\/2025\/10\/RNA_180225_Visita-entrenos-Rafa_147-scaled.jpg","datePublished":"2025-10-03T11:43:44+00:00","dateModified":"2025-10-06T06:43:29+00:00","author":{"@id":"https:\/\/www.rafanadalacademy.com\/it\/#\/schema\/person\/9cb8f210ce3fe781ebc21d5ba4c69109"},"description":"La Rafa Nadal Academy apre una nuova fase nel settore tennis con la nomina di Gustavo Marcaccio come nuovo direttore.","breadcrumb":{"@id":"https:\/\/www.rafanadalacademy.com\/it\/accademia-rafa-nadal-di-movistar\/gustavo-marcaccio-nuovo-direttore-del-tennis-della-rafa-nadal-academy-seguire-la-passione-di-rafa-sara-la-nostra-sfida-piu-grande\/#breadcrumb"},"inLanguage":"it-IT","potentialAction":[{"@type":"ReadAction","target":["https:\/\/www.rafanadalacademy.com\/it\/accademia-rafa-nadal-di-movistar\/gustavo-marcaccio-nuovo-direttore-del-tennis-della-rafa-nadal-academy-seguire-la-passione-di-rafa-sara-la-nostra-sfida-piu-grande\/"]}]},{"@type":"ImageObject","inLanguage":"it-IT","@id":"https:\/\/www.rafanadalacademy.com\/it\/accademia-rafa-nadal-di-movistar\/gustavo-marcaccio-nuovo-direttore-del-tennis-della-rafa-nadal-academy-seguire-la-passione-di-rafa-sara-la-nostra-sfida-piu-grande\/#primaryimage","url":"https:\/\/www.rafanadalacademy.com\/wp-content\/uploads\/2025\/10\/RNA_180225_Visita-entrenos-Rafa_147-scaled.jpg","contentUrl":"https:\/\/www.rafanadalacademy.com\/wp-content\/uploads\/2025\/10\/RNA_180225_Visita-entrenos-Rafa_147-scaled.jpg","width":2560,"height":1707},{"@type":"BreadcrumbList","@id":"https:\/\/www.rafanadalacademy.com\/it\/accademia-rafa-nadal-di-movistar\/gustavo-marcaccio-nuovo-direttore-del-tennis-della-rafa-nadal-academy-seguire-la-passione-di-rafa-sara-la-nostra-sfida-piu-grande\/#breadcrumb","itemListElement":[{"@type":"ListItem","position":1,"name":"Home","item":"https:\/\/www.rafanadalacademy.com\/it\/"},{"@type":"ListItem","position":2,"name":"Gustavo Marcaccio, nuovo direttore del tennis della Rafa Nadal Academy: \u201cSeguire la passione di Rafa sar\u00e0 la nostra sfida pi\u00f9 grande\u201d"}]},{"@type":"WebSite","@id":"https:\/\/www.rafanadalacademy.com\/it\/#website","url":"https:\/\/www.rafanadalacademy.com\/it\/","name":"Rafa Nadal Academy","description":"Otro sitio realizado con WordPress","potentialAction":[{"@type":"SearchAction","target":{"@type":"EntryPoint","urlTemplate":"https:\/\/www.rafanadalacademy.com\/it\/?s={search_term_string}"},"query-input":{"@type":"PropertyValueSpecification","valueRequired":true,"valueName":"search_term_string"}}],"inLanguage":"it-IT"},{"@type":"Person","@id":"https:\/\/www.rafanadalacademy.com\/it\/#\/schema\/person\/9cb8f210ce3fe781ebc21d5ba4c69109","name":"Maria Llovera","image":{"@type":"ImageObject","inLanguage":"it-IT","@id":"https:\/\/www.rafanadalacademy.com\/it\/#\/schema\/person\/image\/","url":"https:\/\/secure.gravatar.com\/avatar\/4949e8272b74bc4e47ce4e2990eb1ad94fcf26a1aba4416cd4b9780dc0e433a3?s=96&d=mm&r=g","contentUrl":"https:\/\/secure.gravatar.com\/avatar\/4949e8272b74bc4e47ce4e2990eb1ad94fcf26a1aba4416cd4b9780dc0e433a3?s=96&d=mm&r=g","caption":"Maria Llovera"},"url":"https:\/\/www.rafanadalacademy.com\/it\/author\/maria-llovera\/"},{"@type":"ImageObject","inLanguage":"it-IT","@id":"https:\/\/www.rafanadalacademy.com\/it\/accademia-rafa-nadal-di-movistar\/gustavo-marcaccio-nuovo-direttore-del-tennis-della-rafa-nadal-academy-seguire-la-passione-di-rafa-sara-la-nostra-sfida-piu-grande\/#local-main-organization-logo","url":"","contentUrl":"","caption":"Rafa Nadal Academy"}]}},"_links":{"self":[{"href":"https:\/\/www.rafanadalacademy.com\/it\/wp-json\/wp\/v2\/posts\/34218","targetHints":{"allow":["GET"]}}],"collection":[{"href":"https:\/\/www.rafanadalacademy.com\/it\/wp-json\/wp\/v2\/posts"}],"about":[{"href":"https:\/\/www.rafanadalacademy.com\/it\/wp-json\/wp\/v2\/types\/post"}],"author":[{"embeddable":true,"href":"https:\/\/www.rafanadalacademy.com\/it\/wp-json\/wp\/v2\/users\/21"}],"replies":[{"embeddable":true,"href":"https:\/\/www.rafanadalacademy.com\/it\/wp-json\/wp\/v2\/comments?post=34218"}],"version-history":[{"count":1,"href":"https:\/\/www.rafanadalacademy.com\/it\/wp-json\/wp\/v2\/posts\/34218\/revisions"}],"predecessor-version":[{"id":34219,"href":"https:\/\/www.rafanadalacademy.com\/it\/wp-json\/wp\/v2\/posts\/34218\/revisions\/34219"}],"wp:featuredmedia":[{"embeddable":true,"href":"https:\/\/www.rafanadalacademy.com\/it\/wp-json\/wp\/v2\/media\/34195"}],"wp:attachment":[{"href":"https:\/\/www.rafanadalacademy.com\/it\/wp-json\/wp\/v2\/media?parent=34218"}],"wp:term":[{"taxonomy":"category","embeddable":true,"href":"https:\/\/www.rafanadalacademy.com\/it\/wp-json\/wp\/v2\/categories?post=34218"},{"taxonomy":"post_tag","embeddable":true,"href":"https:\/\/www.rafanadalacademy.com\/it\/wp-json\/wp\/v2\/tags?post=34218"}],"curies":[{"name":"wp","href":"https:\/\/api.w.org\/{rel}","templated":true}]}}