{"id":31921,"date":"2025-09-09T08:49:54","date_gmt":"2025-09-09T08:49:54","guid":{"rendered":"https:\/\/www.rafanadalacademy.com\/non-categorizzato\/xavi-hernandez-si-diverte-con-il-padel-allaccademia-rafa-nadal-di-movistar\/"},"modified":"2025-09-09T08:53:15","modified_gmt":"2025-09-09T08:53:15","slug":"xavi-hernandez-si-diverte-con-il-padel-allaccademia-rafa-nadal-di-movistar","status":"publish","type":"post","link":"https:\/\/www.rafanadalacademy.com\/it\/notizia\/xavi-hernandez-si-diverte-con-il-padel-allaccademia-rafa-nadal-di-movistar\/","title":{"rendered":"Xavi Hern\u00e1ndez si diverte con il padel all&#8217;Accademia Rafa Nadal di Movistar"},"content":{"rendered":"\n<p>Xavi Hern\u00e1ndez ha visitato le strutture della Rafa Nadal Academy e ha avuto l&#8217;opportunit\u00e0 di giocare a padel sui <strong>nuovi campi al coperto<\/strong> , inaugurati lo scorso agosto.<\/p>\n\n<figure class=\"wp-block-image size-full\"><img decoding=\"async\" src=\"https:\/\/www.rafanadalacademy.com\/wp-content\/uploads\/2025\/09\/Xavi-Rafa-Nadal-scaled-e1757407408470.jpg\" alt=\"\" class=\"wp-image-31893\"\/><figcaption class=\"wp-element-caption\">Xavi Hern\u00e1ndez e Rafa Nadal presso la Rafa Nadal Academy.<\/figcaption><\/figure>\n\n<div style=\"height:50px\" aria-hidden=\"true\" class=\"wp-block-spacer\"><\/div>\n\n<p>Durante il suo soggiorno, <strong>Rafa Nadal<\/strong> ha ospitato l&#8217;ex calciatore e attuale allenatore, che ha ammesso: <strong>&#8220;Il padel mi tiene in forma. Cerco sempre di integrare lo sport nella mia vita quotidiana. Ho sempre amato il tennis e abbiamo seguito molto Rafa&#8221;.<\/strong><\/p>\n\n<p>Questa \u00e8 stata la prima visita di Xavi Hern\u00e1ndez alle <a href=\"https:\/\/www.rafanadalacademy.com\/it\/strutture\/\"><strong>strutture della Rafa Nadal Academy<\/strong><\/a> , dove ha elogiato la qualit\u00e0 delle strutture: <em>&#8220;Onestamente, tutto \u00e8 fantastico. Siamo rimasti anche sorpresi dalla cordialit\u00e0 del personale, molto accogliente, e dalle strutture di livello meraviglioso.&#8221;<\/em><\/p>\n\n<div style=\"height:50px\" aria-hidden=\"true\" class=\"wp-block-spacer\"><\/div>\n\n<figure class=\"wp-block-image size-large\"><img loading=\"lazy\" decoding=\"async\" width=\"768\" height=\"1024\" src=\"https:\/\/www.rafanadalacademy.com\/wp-content\/uploads\/2025\/09\/Imagen-de-WhatsApp-2025-09-09-a-las-10.38.57_905c6416-768x1024.jpg\" alt=\"\" class=\"wp-image-31902\" srcset=\"https:\/\/www.rafanadalacademy.com\/wp-content\/uploads\/2025\/09\/Imagen-de-WhatsApp-2025-09-09-a-las-10.38.57_905c6416-768x1024.jpg 768w, https:\/\/www.rafanadalacademy.com\/wp-content\/uploads\/2025\/09\/Imagen-de-WhatsApp-2025-09-09-a-las-10.38.57_905c6416-225x300.jpg 225w, https:\/\/www.rafanadalacademy.com\/wp-content\/uploads\/2025\/09\/Imagen-de-WhatsApp-2025-09-09-a-las-10.38.57_905c6416-1152x1536.jpg 1152w, https:\/\/www.rafanadalacademy.com\/wp-content\/uploads\/2025\/09\/Imagen-de-WhatsApp-2025-09-09-a-las-10.38.57_905c6416-1536x2048.jpg 1536w, https:\/\/www.rafanadalacademy.com\/wp-content\/uploads\/2025\/09\/Imagen-de-WhatsApp-2025-09-09-a-las-10.38.57_905c6416-scaled.jpg 1920w\" sizes=\"auto, (max-width: 768px) 100vw, 768px\" \/><\/figure>\n\n<div style=\"height:50px\" aria-hidden=\"true\" class=\"wp-block-spacer\"><\/div>\n\n<p>Nota per il prestigio internazionale che ha saputo trasmettere ai giovani tennisti fin dalla sua apertura nel 2016, la Rafa Nadal Academy ha puntato anche <strong><a href=\"https:\/\/www.rafanadalacademy.com\/it\/adult-camps\/padel-camps\/le-padel-a-la-rna\/\">sul padel<\/a> ,<\/strong> consolidando il suo impegno con l&#8217;ampliamento delle sue strutture. Da agosto, la Rafa Nadal Academy vanta <strong><a href=\"https:\/\/www.rafanadalacademy.com\/it\/strutture\/impianti-sportivi\/\">tre nuovi campi indoor<\/a><\/strong> in un padiglione situato nel cuore del campus ad alte prestazioni di Manacor. <\/p>\n\n<div style=\"height:50px\" aria-hidden=\"true\" class=\"wp-block-spacer\"><\/div>\n\n<figure class=\"wp-block-embed is-type-video is-provider-youtube wp-block-embed-youtube wp-embed-aspect-16-9 wp-has-aspect-ratio\"><div class=\"wp-block-embed__wrapper\">\n<iframe loading=\"lazy\" title=\"La Rafa Nadal Academy inaugura 3 nuevas pistas de p\u00e1del indoor\" width=\"500\" height=\"281\" src=\"https:\/\/www.youtube.com\/embed\/kRnXNBSOqRw?feature=oembed\" frameborder=\"0\" allow=\"accelerometer; autoplay; clipboard-write; encrypted-media; gyroscope; picture-in-picture; web-share\" referrerpolicy=\"strict-origin-when-cross-origin\" allowfullscreen><\/iframe>\n<\/div><\/figure>\n","protected":false},"excerpt":{"rendered":"<p>Xavi Hern\u00e1ndez ha visitato le strutture della Rafa Nadal Academy e ha avuto l&#8217;opportunit\u00e0 di giocare a padel sui nuovi campi al coperto , inaugurati lo scorso agosto. Durante il suo soggiorno, Rafa Nadal ha ospitato l&#8217;ex calciatore e attuale allenatore, che ha ammesso: &#8220;Il padel mi tiene in forma. Cerco sempre di integrare lo<a href=\"https:\/\/www.rafanadalacademy.com\/it\/notizia\/xavi-hernandez-si-diverte-con-il-padel-allaccademia-rafa-nadal-di-movistar\/\">Continue reading <span class=\"sr-only\">&#8220;Xavi Hern\u00e1ndez si diverte con il padel all&#8217;Accademia Rafa Nadal di Movistar&#8221;<\/span><\/a><\/p>\n","protected":false},"author":23,"featured_media":31898,"comment_status":"closed","ping_status":"closed","sticky":false,"template":"","format":"standard","meta":{"_acf_changed":false,"footnotes":""},"categories":[200,160,170],"tags":[201,172],"class_list":["post-31921","post","type-post","status-publish","format-standard","has-post-thumbnail","hentry","category-accademia-rafa-nadal-di-movistar","category-notizia","category-padel-it","tag-accademia-rafa-nadal-di-movistar","tag-rafa-nadal-academy-padel-tour-it"],"acf":[],"yoast_head":"<!-- This site is optimized with the Yoast SEO Premium plugin v26.8 (Yoast SEO v26.9) - https:\/\/yoast.com\/product\/yoast-seo-premium-wordpress\/ -->\n<title>Xavi Hern\u00e1ndez si diverte con il padel all&#039;Accademia Rafa Nadal di Movistar - Rafa Nadal Academy<\/title>\n<meta name=\"description\" content=\"Xavi Hern\u00e1ndez ha visitato la Rafa Nadal Academy e ha avuto l&#039;opportunit\u00e0 di giocare a padel sui nuovi campi al coperto, inaugurati lo scorso agosto. Durante la sua visita, Rafa Nadal ha ospitato l&#039;ex giocatore e attuale allenatore.\" \/>\n<meta name=\"robots\" content=\"index, follow, max-snippet:-1, max-image-preview:large, max-video-preview:-1\" \/>\n<link rel=\"canonical\" href=\"https:\/\/www.rafanadalacademy.com\/it\/notizia\/xavi-hernandez-si-diverte-con-il-padel-allaccademia-rafa-nadal-di-movistar\/\" \/>\n<meta property=\"og:locale\" content=\"it_IT\" \/>\n<meta property=\"og:type\" content=\"article\" \/>\n<meta property=\"og:title\" content=\"Xavi Hern\u00e1ndez si diverte con il padel all&#039;Accademia Rafa Nadal di Movistar\" \/>\n<meta property=\"og:description\" content=\"Xavi Hern\u00e1ndez ha visitato la Rafa Nadal Academy e ha avuto l&#039;opportunit\u00e0 di giocare a padel sui nuovi campi al coperto, inaugurati lo scorso agosto. Durante la sua visita, Rafa Nadal ha ospitato l&#039;ex giocatore e attuale allenatore.\" \/>\n<meta property=\"og:url\" content=\"https:\/\/www.rafanadalacademy.com\/it\/notizia\/xavi-hernandez-si-diverte-con-il-padel-allaccademia-rafa-nadal-di-movistar\/\" \/>\n<meta property=\"og:site_name\" content=\"Rafa Nadal Academy\" \/>\n<meta property=\"article:published_time\" content=\"2025-09-09T08:49:54+00:00\" \/>\n<meta property=\"article:modified_time\" content=\"2025-09-09T08:53:15+00:00\" \/>\n<meta property=\"og:image\" content=\"https:\/\/www.rafanadalacademy.com\/wp-content\/uploads\/2025\/09\/Xavi-Rafa-Nadal-scaled-e1757407465496.jpg\" \/>\n\t<meta property=\"og:image:width\" content=\"1920\" \/>\n\t<meta property=\"og:image:height\" content=\"2560\" \/>\n\t<meta property=\"og:image:type\" content=\"image\/jpeg\" \/>\n<meta name=\"author\" content=\"joseluisprados\" \/>\n<meta name=\"twitter:card\" content=\"summary_large_image\" \/>\n<meta name=\"twitter:label1\" content=\"Written by\" \/>\n\t<meta name=\"twitter:data1\" content=\"joseluisprados\" \/>\n\t<meta name=\"twitter:label2\" content=\"Est. reading time\" \/>\n\t<meta name=\"twitter:data2\" content=\"1 minute\" \/>\n<script type=\"application\/ld+json\" class=\"yoast-schema-graph\">{\"@context\":\"https:\/\/schema.org\",\"@graph\":[{\"@type\":\"Article\",\"@id\":\"https:\/\/www.rafanadalacademy.com\/it\/notizia\/xavi-hernandez-si-diverte-con-il-padel-allaccademia-rafa-nadal-di-movistar\/#article\",\"isPartOf\":{\"@id\":\"https:\/\/www.rafanadalacademy.com\/it\/notizia\/xavi-hernandez-si-diverte-con-il-padel-allaccademia-rafa-nadal-di-movistar\/\"},\"author\":{\"name\":\"joseluisprados\",\"@id\":\"https:\/\/www.rafanadalacademy.com\/it\/#\/schema\/person\/744897d6ee269641fff954376180ef01\"},\"headline\":\"Xavi Hern\u00e1ndez si diverte con il padel all&#8217;Accademia Rafa Nadal di Movistar\",\"datePublished\":\"2025-09-09T08:49:54+00:00\",\"dateModified\":\"2025-09-09T08:53:15+00:00\",\"mainEntityOfPage\":{\"@id\":\"https:\/\/www.rafanadalacademy.com\/it\/notizia\/xavi-hernandez-si-diverte-con-il-padel-allaccademia-rafa-nadal-di-movistar\/\"},\"wordCount\":205,\"image\":{\"@id\":\"https:\/\/www.rafanadalacademy.com\/it\/notizia\/xavi-hernandez-si-diverte-con-il-padel-allaccademia-rafa-nadal-di-movistar\/#primaryimage\"},\"thumbnailUrl\":\"https:\/\/www.rafanadalacademy.com\/wp-content\/uploads\/2025\/09\/Xavi-Rafa-Nadal-scaled-e1757407465496.jpg\",\"keywords\":[\"ACCADEMIA RAFA NADAL DI MOVISTAR\",\"RAFA NADAL ACADEMY PADEL TOUR\"],\"articleSection\":[\"ACCADEMIA RAFA NADAL DI MOVISTAR\",\"Notizia\",\"PADEL\"],\"inLanguage\":\"it-IT\",\"copyrightYear\":\"2025\",\"copyrightHolder\":{\"@id\":\"https:\/\/www.rafanadalacademy.com\/#organization\"}},{\"@type\":\"WebPage\",\"@id\":\"https:\/\/www.rafanadalacademy.com\/it\/notizia\/xavi-hernandez-si-diverte-con-il-padel-allaccademia-rafa-nadal-di-movistar\/\",\"url\":\"https:\/\/www.rafanadalacademy.com\/it\/notizia\/xavi-hernandez-si-diverte-con-il-padel-allaccademia-rafa-nadal-di-movistar\/\",\"name\":\"Xavi Hern\u00e1ndez si diverte con il padel all'Accademia Rafa Nadal di Movistar - Rafa Nadal Academy\",\"isPartOf\":{\"@id\":\"https:\/\/www.rafanadalacademy.com\/it\/#website\"},\"primaryImageOfPage\":{\"@id\":\"https:\/\/www.rafanadalacademy.com\/it\/notizia\/xavi-hernandez-si-diverte-con-il-padel-allaccademia-rafa-nadal-di-movistar\/#primaryimage\"},\"image\":{\"@id\":\"https:\/\/www.rafanadalacademy.com\/it\/notizia\/xavi-hernandez-si-diverte-con-il-padel-allaccademia-rafa-nadal-di-movistar\/#primaryimage\"},\"thumbnailUrl\":\"https:\/\/www.rafanadalacademy.com\/wp-content\/uploads\/2025\/09\/Xavi-Rafa-Nadal-scaled-e1757407465496.jpg\",\"datePublished\":\"2025-09-09T08:49:54+00:00\",\"dateModified\":\"2025-09-09T08:53:15+00:00\",\"author\":{\"@id\":\"https:\/\/www.rafanadalacademy.com\/it\/#\/schema\/person\/744897d6ee269641fff954376180ef01\"},\"description\":\"Xavi Hern\u00e1ndez ha visitato la Rafa Nadal Academy e ha avuto l'opportunit\u00e0 di giocare a padel sui nuovi campi al coperto, inaugurati lo scorso agosto. Durante la sua visita, Rafa Nadal ha ospitato l'ex giocatore e attuale allenatore.\",\"breadcrumb\":{\"@id\":\"https:\/\/www.rafanadalacademy.com\/it\/notizia\/xavi-hernandez-si-diverte-con-il-padel-allaccademia-rafa-nadal-di-movistar\/#breadcrumb\"},\"inLanguage\":\"it-IT\",\"potentialAction\":[{\"@type\":\"ReadAction\",\"target\":[\"https:\/\/www.rafanadalacademy.com\/it\/notizia\/xavi-hernandez-si-diverte-con-il-padel-allaccademia-rafa-nadal-di-movistar\/\"]}]},{\"@type\":\"ImageObject\",\"inLanguage\":\"it-IT\",\"@id\":\"https:\/\/www.rafanadalacademy.com\/it\/notizia\/xavi-hernandez-si-diverte-con-il-padel-allaccademia-rafa-nadal-di-movistar\/#primaryimage\",\"url\":\"https:\/\/www.rafanadalacademy.com\/wp-content\/uploads\/2025\/09\/Xavi-Rafa-Nadal-scaled-e1757407465496.jpg\",\"contentUrl\":\"https:\/\/www.rafanadalacademy.com\/wp-content\/uploads\/2025\/09\/Xavi-Rafa-Nadal-scaled-e1757407465496.jpg\",\"width\":1920,\"height\":2560,\"caption\":\"Xavi Hern\u00e1ndez y Rafa Nadal, en las instalaciones de la Rafa Nadal Academy\"},{\"@type\":\"BreadcrumbList\",\"@id\":\"https:\/\/www.rafanadalacademy.com\/it\/notizia\/xavi-hernandez-si-diverte-con-il-padel-allaccademia-rafa-nadal-di-movistar\/#breadcrumb\",\"itemListElement\":[{\"@type\":\"ListItem\",\"position\":1,\"name\":\"Home\",\"item\":\"https:\/\/www.rafanadalacademy.com\/it\/\"},{\"@type\":\"ListItem\",\"position\":2,\"name\":\"Xavi Hern\u00e1ndez si diverte con il padel all&#8217;Accademia Rafa Nadal di Movistar\"}]},{\"@type\":\"WebSite\",\"@id\":\"https:\/\/www.rafanadalacademy.com\/it\/#website\",\"url\":\"https:\/\/www.rafanadalacademy.com\/it\/\",\"name\":\"Rafa Nadal Academy\",\"description\":\"Otro sitio realizado con WordPress\",\"potentialAction\":[{\"@type\":\"SearchAction\",\"target\":{\"@type\":\"EntryPoint\",\"urlTemplate\":\"https:\/\/www.rafanadalacademy.com\/it\/?s={search_term_string}\"},\"query-input\":{\"@type\":\"PropertyValueSpecification\",\"valueRequired\":true,\"valueName\":\"search_term_string\"}}],\"inLanguage\":\"it-IT\"},{\"@type\":\"Person\",\"@id\":\"https:\/\/www.rafanadalacademy.com\/it\/#\/schema\/person\/744897d6ee269641fff954376180ef01\",\"name\":\"joseluisprados\",\"image\":{\"@type\":\"ImageObject\",\"inLanguage\":\"it-IT\",\"@id\":\"https:\/\/www.rafanadalacademy.com\/it\/#\/schema\/person\/image\/\",\"url\":\"https:\/\/secure.gravatar.com\/avatar\/8aa823a6e5501864ffab4785d9e2a994b59c2d45c9f9751c5a532abfec081e5f?s=96&d=mm&r=g\",\"contentUrl\":\"https:\/\/secure.gravatar.com\/avatar\/8aa823a6e5501864ffab4785d9e2a994b59c2d45c9f9751c5a532abfec081e5f?s=96&d=mm&r=g\",\"caption\":\"joseluisprados\"},\"url\":\"https:\/\/www.rafanadalacademy.com\/it\/author\/joseluisprados\/\"},{\"@type\":\"ImageObject\",\"inLanguage\":\"it-IT\",\"@id\":\"https:\/\/www.rafanadalacademy.com\/it\/notizia\/xavi-hernandez-si-diverte-con-il-padel-allaccademia-rafa-nadal-di-movistar\/#local-main-organization-logo\",\"url\":\"\",\"contentUrl\":\"\",\"caption\":\"Rafa Nadal Academy\"}]}<\/script>\n<!-- \/ Yoast SEO Premium plugin. -->","yoast_head_json":{"title":"Xavi Hern\u00e1ndez si diverte con il padel all'Accademia Rafa Nadal di Movistar - Rafa Nadal Academy","description":"Xavi Hern\u00e1ndez ha visitato la Rafa Nadal Academy e ha avuto l'opportunit\u00e0 di giocare a padel sui nuovi campi al coperto, inaugurati lo scorso agosto. Durante la sua visita, Rafa Nadal ha ospitato l'ex giocatore e attuale allenatore.","robots":{"index":"index","follow":"follow","max-snippet":"max-snippet:-1","max-image-preview":"max-image-preview:large","max-video-preview":"max-video-preview:-1"},"canonical":"https:\/\/www.rafanadalacademy.com\/it\/notizia\/xavi-hernandez-si-diverte-con-il-padel-allaccademia-rafa-nadal-di-movistar\/","og_locale":"it_IT","og_type":"article","og_title":"Xavi Hern\u00e1ndez si diverte con il padel all'Accademia Rafa Nadal di Movistar","og_description":"Xavi Hern\u00e1ndez ha visitato la Rafa Nadal Academy e ha avuto l'opportunit\u00e0 di giocare a padel sui nuovi campi al coperto, inaugurati lo scorso agosto. Durante la sua visita, Rafa Nadal ha ospitato l'ex giocatore e attuale allenatore.","og_url":"https:\/\/www.rafanadalacademy.com\/it\/notizia\/xavi-hernandez-si-diverte-con-il-padel-allaccademia-rafa-nadal-di-movistar\/","og_site_name":"Rafa Nadal Academy","article_published_time":"2025-09-09T08:49:54+00:00","article_modified_time":"2025-09-09T08:53:15+00:00","og_image":[{"width":1920,"height":2560,"url":"https:\/\/www.rafanadalacademy.com\/wp-content\/uploads\/2025\/09\/Xavi-Rafa-Nadal-scaled-e1757407465496.jpg","type":"image\/jpeg"}],"author":"joseluisprados","twitter_card":"summary_large_image","twitter_misc":{"Written by":"joseluisprados","Est. reading time":"1 minute"},"schema":{"@context":"https:\/\/schema.org","@graph":[{"@type":"Article","@id":"https:\/\/www.rafanadalacademy.com\/it\/notizia\/xavi-hernandez-si-diverte-con-il-padel-allaccademia-rafa-nadal-di-movistar\/#article","isPartOf":{"@id":"https:\/\/www.rafanadalacademy.com\/it\/notizia\/xavi-hernandez-si-diverte-con-il-padel-allaccademia-rafa-nadal-di-movistar\/"},"author":{"name":"joseluisprados","@id":"https:\/\/www.rafanadalacademy.com\/it\/#\/schema\/person\/744897d6ee269641fff954376180ef01"},"headline":"Xavi Hern\u00e1ndez si diverte con il padel all&#8217;Accademia Rafa Nadal di Movistar","datePublished":"2025-09-09T08:49:54+00:00","dateModified":"2025-09-09T08:53:15+00:00","mainEntityOfPage":{"@id":"https:\/\/www.rafanadalacademy.com\/it\/notizia\/xavi-hernandez-si-diverte-con-il-padel-allaccademia-rafa-nadal-di-movistar\/"},"wordCount":205,"image":{"@id":"https:\/\/www.rafanadalacademy.com\/it\/notizia\/xavi-hernandez-si-diverte-con-il-padel-allaccademia-rafa-nadal-di-movistar\/#primaryimage"},"thumbnailUrl":"https:\/\/www.rafanadalacademy.com\/wp-content\/uploads\/2025\/09\/Xavi-Rafa-Nadal-scaled-e1757407465496.jpg","keywords":["ACCADEMIA RAFA NADAL DI MOVISTAR","RAFA NADAL ACADEMY PADEL TOUR"],"articleSection":["ACCADEMIA RAFA NADAL DI MOVISTAR","Notizia","PADEL"],"inLanguage":"it-IT","copyrightYear":"2025","copyrightHolder":{"@id":"https:\/\/www.rafanadalacademy.com\/#organization"}},{"@type":"WebPage","@id":"https:\/\/www.rafanadalacademy.com\/it\/notizia\/xavi-hernandez-si-diverte-con-il-padel-allaccademia-rafa-nadal-di-movistar\/","url":"https:\/\/www.rafanadalacademy.com\/it\/notizia\/xavi-hernandez-si-diverte-con-il-padel-allaccademia-rafa-nadal-di-movistar\/","name":"Xavi Hern\u00e1ndez si diverte con il padel all'Accademia Rafa Nadal di Movistar - Rafa Nadal Academy","isPartOf":{"@id":"https:\/\/www.rafanadalacademy.com\/it\/#website"},"primaryImageOfPage":{"@id":"https:\/\/www.rafanadalacademy.com\/it\/notizia\/xavi-hernandez-si-diverte-con-il-padel-allaccademia-rafa-nadal-di-movistar\/#primaryimage"},"image":{"@id":"https:\/\/www.rafanadalacademy.com\/it\/notizia\/xavi-hernandez-si-diverte-con-il-padel-allaccademia-rafa-nadal-di-movistar\/#primaryimage"},"thumbnailUrl":"https:\/\/www.rafanadalacademy.com\/wp-content\/uploads\/2025\/09\/Xavi-Rafa-Nadal-scaled-e1757407465496.jpg","datePublished":"2025-09-09T08:49:54+00:00","dateModified":"2025-09-09T08:53:15+00:00","author":{"@id":"https:\/\/www.rafanadalacademy.com\/it\/#\/schema\/person\/744897d6ee269641fff954376180ef01"},"description":"Xavi Hern\u00e1ndez ha visitato la Rafa Nadal Academy e ha avuto l'opportunit\u00e0 di giocare a padel sui nuovi campi al coperto, inaugurati lo scorso agosto. Durante la sua visita, Rafa Nadal ha ospitato l'ex giocatore e attuale allenatore.","breadcrumb":{"@id":"https:\/\/www.rafanadalacademy.com\/it\/notizia\/xavi-hernandez-si-diverte-con-il-padel-allaccademia-rafa-nadal-di-movistar\/#breadcrumb"},"inLanguage":"it-IT","potentialAction":[{"@type":"ReadAction","target":["https:\/\/www.rafanadalacademy.com\/it\/notizia\/xavi-hernandez-si-diverte-con-il-padel-allaccademia-rafa-nadal-di-movistar\/"]}]},{"@type":"ImageObject","inLanguage":"it-IT","@id":"https:\/\/www.rafanadalacademy.com\/it\/notizia\/xavi-hernandez-si-diverte-con-il-padel-allaccademia-rafa-nadal-di-movistar\/#primaryimage","url":"https:\/\/www.rafanadalacademy.com\/wp-content\/uploads\/2025\/09\/Xavi-Rafa-Nadal-scaled-e1757407465496.jpg","contentUrl":"https:\/\/www.rafanadalacademy.com\/wp-content\/uploads\/2025\/09\/Xavi-Rafa-Nadal-scaled-e1757407465496.jpg","width":1920,"height":2560,"caption":"Xavi Hern\u00e1ndez y Rafa Nadal, en las instalaciones de la Rafa Nadal Academy"},{"@type":"BreadcrumbList","@id":"https:\/\/www.rafanadalacademy.com\/it\/notizia\/xavi-hernandez-si-diverte-con-il-padel-allaccademia-rafa-nadal-di-movistar\/#breadcrumb","itemListElement":[{"@type":"ListItem","position":1,"name":"Home","item":"https:\/\/www.rafanadalacademy.com\/it\/"},{"@type":"ListItem","position":2,"name":"Xavi Hern\u00e1ndez si diverte con il padel all&#8217;Accademia Rafa Nadal di Movistar"}]},{"@type":"WebSite","@id":"https:\/\/www.rafanadalacademy.com\/it\/#website","url":"https:\/\/www.rafanadalacademy.com\/it\/","name":"Rafa Nadal Academy","description":"Otro sitio realizado con WordPress","potentialAction":[{"@type":"SearchAction","target":{"@type":"EntryPoint","urlTemplate":"https:\/\/www.rafanadalacademy.com\/it\/?s={search_term_string}"},"query-input":{"@type":"PropertyValueSpecification","valueRequired":true,"valueName":"search_term_string"}}],"inLanguage":"it-IT"},{"@type":"Person","@id":"https:\/\/www.rafanadalacademy.com\/it\/#\/schema\/person\/744897d6ee269641fff954376180ef01","name":"joseluisprados","image":{"@type":"ImageObject","inLanguage":"it-IT","@id":"https:\/\/www.rafanadalacademy.com\/it\/#\/schema\/person\/image\/","url":"https:\/\/secure.gravatar.com\/avatar\/8aa823a6e5501864ffab4785d9e2a994b59c2d45c9f9751c5a532abfec081e5f?s=96&d=mm&r=g","contentUrl":"https:\/\/secure.gravatar.com\/avatar\/8aa823a6e5501864ffab4785d9e2a994b59c2d45c9f9751c5a532abfec081e5f?s=96&d=mm&r=g","caption":"joseluisprados"},"url":"https:\/\/www.rafanadalacademy.com\/it\/author\/joseluisprados\/"},{"@type":"ImageObject","inLanguage":"it-IT","@id":"https:\/\/www.rafanadalacademy.com\/it\/notizia\/xavi-hernandez-si-diverte-con-il-padel-allaccademia-rafa-nadal-di-movistar\/#local-main-organization-logo","url":"","contentUrl":"","caption":"Rafa Nadal Academy"}]}},"_links":{"self":[{"href":"https:\/\/www.rafanadalacademy.com\/it\/wp-json\/wp\/v2\/posts\/31921","targetHints":{"allow":["GET"]}}],"collection":[{"href":"https:\/\/www.rafanadalacademy.com\/it\/wp-json\/wp\/v2\/posts"}],"about":[{"href":"https:\/\/www.rafanadalacademy.com\/it\/wp-json\/wp\/v2\/types\/post"}],"author":[{"embeddable":true,"href":"https:\/\/www.rafanadalacademy.com\/it\/wp-json\/wp\/v2\/users\/23"}],"replies":[{"embeddable":true,"href":"https:\/\/www.rafanadalacademy.com\/it\/wp-json\/wp\/v2\/comments?post=31921"}],"version-history":[{"count":1,"href":"https:\/\/www.rafanadalacademy.com\/it\/wp-json\/wp\/v2\/posts\/31921\/revisions"}],"predecessor-version":[{"id":31922,"href":"https:\/\/www.rafanadalacademy.com\/it\/wp-json\/wp\/v2\/posts\/31921\/revisions\/31922"}],"wp:featuredmedia":[{"embeddable":true,"href":"https:\/\/www.rafanadalacademy.com\/it\/wp-json\/wp\/v2\/media\/31898"}],"wp:attachment":[{"href":"https:\/\/www.rafanadalacademy.com\/it\/wp-json\/wp\/v2\/media?parent=31921"}],"wp:term":[{"taxonomy":"category","embeddable":true,"href":"https:\/\/www.rafanadalacademy.com\/it\/wp-json\/wp\/v2\/categories?post=31921"},{"taxonomy":"post_tag","embeddable":true,"href":"https:\/\/www.rafanadalacademy.com\/it\/wp-json\/wp\/v2\/tags?post=31921"}],"curies":[{"name":"wp","href":"https:\/\/api.w.org\/{rel}","templated":true}]}}