{"id":31707,"date":"2025-09-04T09:46:09","date_gmt":"2025-09-04T09:46:09","guid":{"rendered":"https:\/\/www.rafanadalacademy.com\/non-categorizzato\/il-discorso-emozionante-di-dani-rincon-dopo-la-vittoria-del-rafa-nadal-open-di-movistar\/"},"modified":"2025-09-04T09:53:54","modified_gmt":"2025-09-04T09:53:54","slug":"il-discorso-emozionante-di-dani-rincon-dopo-la-vittoria-del-rafa-nadal-open-di-movistar","status":"publish","type":"post","link":"https:\/\/www.rafanadalacademy.com\/it\/accademia-rafa-nadal-di-movistar\/il-discorso-emozionante-di-dani-rincon-dopo-la-vittoria-del-rafa-nadal-open-di-movistar\/","title":{"rendered":"Il discorso emozionante di Dani Rinc\u00f3n dopo la vittoria del Rafa Nadal Open di Movistar"},"content":{"rendered":"\n<p>Il giocatore formatosi presso la <strong>Rafa Nadal Academy<\/strong> ha vissuto una delle notti pi\u00f9 emozionanti della sua carriera, quando \u00e8 stato incoronato campione del <a href=\"https:\/\/rafanadalopen.com\/\">Rafa Nadal Open by Movistar 2025<\/a> ed \u00e8 diventato il primo tennista spagnolo a vincere il titolo del torneo <strong>ATP Challenger<\/strong> .<\/p>\n\n<figure class=\"wp-block-image size-large\"><img loading=\"lazy\" decoding=\"async\" width=\"1024\" height=\"683\" src=\"https:\/\/www.rafanadalacademy.com\/wp-content\/uploads\/2025\/09\/Rafa-Nadal_RNO-2025_2272-1024x683.jpg\" alt=\"\" class=\"wp-image-31690\" srcset=\"https:\/\/www.rafanadalacademy.com\/wp-content\/uploads\/2025\/09\/Rafa-Nadal_RNO-2025_2272-1024x683.jpg 1024w, https:\/\/www.rafanadalacademy.com\/wp-content\/uploads\/2025\/09\/Rafa-Nadal_RNO-2025_2272-300x200.jpg 300w, https:\/\/www.rafanadalacademy.com\/wp-content\/uploads\/2025\/09\/Rafa-Nadal_RNO-2025_2272-768x512.jpg 768w, https:\/\/www.rafanadalacademy.com\/wp-content\/uploads\/2025\/09\/Rafa-Nadal_RNO-2025_2272-1536x1024.jpg 1536w, https:\/\/www.rafanadalacademy.com\/wp-content\/uploads\/2025\/09\/Rafa-Nadal_RNO-2025_2272-2048x1365.jpg 2048w\" sizes=\"auto, (max-width: 1024px) 100vw, 1024px\" \/><\/figure>\n\n<div style=\"height:57px\" aria-hidden=\"true\" class=\"wp-block-spacer\"><\/div>\n\n<p>Per aggiudicarsi il secondo Challenger della sua carriera, Rinc\u00f3n ha dovuto sconfiggere nella finalissima l&#8217;austriaco <strong>Jurij Rodionov<\/strong> (7-5 \u200b\u200be 6-2), che curiosamente aveva sconfitto il giovane Carlos Alcaraz al primo turno nel 2019.<\/p>\n\n<p>Dopo aver alzato il trofeo del campione al cielo di Maiorca, Rinc\u00f3n ha pronunciato un discorso sentito, pieno di gratitudine, emozione ed esperienze personali. Dani ha iniziato ringraziando la <strong>Rafa Nadal Academy<\/strong> per la fiducia: &#8220;Mi hanno portato qui sei anni fa, si sono fidati di me quando ero bambino e mi hanno aiutato tantissimo&#8221;, ha dichiarato. <\/p>\n\n<figure class=\"wp-block-embed is-type-video is-provider-youtube wp-block-embed-youtube wp-embed-aspect-16-9 wp-has-aspect-ratio\"><div class=\"wp-block-embed__wrapper\">\n<iframe loading=\"lazy\" title=\"Dani Rinc\u00f3n se emociona al ganar el Rafa Nadal Open by Movistar\" width=\"500\" height=\"281\" src=\"https:\/\/www.youtube.com\/embed\/fsNePJmxMk8?feature=oembed\" frameborder=\"0\" allow=\"accelerometer; autoplay; clipboard-write; encrypted-media; gyroscope; picture-in-picture; web-share\" referrerpolicy=\"strict-origin-when-cross-origin\" allowfullscreen><\/iframe>\n<\/div><\/figure>\n\n<div style=\"height:29px\" aria-hidden=\"true\" class=\"wp-block-spacer\"><\/div>\n\n<p>Ha anche ricordato e valorizzato l&#8217;importanza di avere amicizie che durino nel tempo: &#8220;Ci sono gi\u00e0 molti amici qui, che sono venuti a trovarmi, e sono cos\u00ec emozionato che possano vedere e godersi una settimana cos\u00ec bella come questa. Poter godere della loro compagnia e vedere che continuiamo a coltivare la nostra amicizia \u00e8 molto bello&#8221;, ha concluso.<\/p>\n\n<p><strong>Il tuo team, la chiave del successo<\/strong><\/p>\n\n<p>Una menzione speciale va fatta anche ai suoi allenatori, che lo hanno guidato durante tutto il suo percorso di crescita: &#8220;David, Jorge, Gustavo e JC, sono felice di condividere la mia quotidianit\u00e0 con voi. Il lavoro che fate \u00e8 incredibile. Continueremo a migliorare giorno dopo giorno.&#8221;<\/p>\n\n<figure class=\"wp-block-embed is-type-video is-provider-youtube wp-block-embed-youtube wp-embed-aspect-16-9 wp-has-aspect-ratio\"><div class=\"wp-block-embed__wrapper\">\n<iframe loading=\"lazy\" title=\"Rafa Nadal presencia la final del Rafa Nadal Open by Movistar\" width=\"500\" height=\"281\" src=\"https:\/\/www.youtube.com\/embed\/yEA1qkXZKJI?feature=oembed\" frameborder=\"0\" allow=\"accelerometer; autoplay; clipboard-write; encrypted-media; gyroscope; picture-in-picture; web-share\" referrerpolicy=\"strict-origin-when-cross-origin\" allowfullscreen><\/iframe>\n<\/div><\/figure>\n\n<div style=\"height:30px\" aria-hidden=\"true\" class=\"wp-block-spacer\"><\/div>\n\n<p><br\/>Josep Riera, che ha definito &#8220;un padre&#8221; nella sua carriera, merita una menzione speciale: &#8220;All&#8217;inizio della settimana sembrava che nulla sarebbe andato per il verso giusto, ma tu hai detto che potevamo essere campioni, ed eccoci qui. Quindi, grazie di cuore a te e alla tua famiglia per avermi trattato come uno di voi&#8221;, ha concluso, visibilmente commosso.<\/p>\n\n<p><br\/>In un percorso cos\u00ec difficile per progredire nel mondo del tennis, ci sono vittorie che arrivano ispirate da persone con storie di grandi successi, sforzi e resilienza, e quella di Josep Salv\u00e0 \u00e8 una di queste: &#8220;Non ti arrendi mai. Hai attraversato anni molto difficili e sono cos\u00ec felice che tu sia qui questa settimana. Questo titolo \u00e8 per te&#8221;, ha dichiarato tra le lacrime.<br\/>Ha ringraziato anche In\u00e9s, la sua compagna e la sua principale sostenitrice fuori dal campo: &#8220;\u00c8 lei che mi sostiene ogni giorno, quella che c&#8217;\u00e8 per me nei momenti peggiori. Non sarei qui senza di lei&#8221;.<\/p>\n\n<p><br\/><strong>Il motore del torneo<\/strong><\/p>\n\n<p>Infine, Dani ha elogiato il supporto dei <strong>tifosi del Movistar al Rafa Nadal Open<\/strong> , che ancora una volta hanno riempito gli spalti del campo centrale per portare sulle spalle il giocatore di casa: &#8220;Non ho parole per descrivere ci\u00f2 che ho provato questa settimana. Ci sono state partite molto difficili e senza il vostro aiuto sarebbe stato impossibile sollevare questo trofeo. Grazie di cuore.&#8221;<\/p>\n\n<div style=\"height:57px\" aria-hidden=\"true\" class=\"wp-block-spacer\"><\/div>\n\n<p><\/p>\n","protected":false},"excerpt":{"rendered":"<p>Il giocatore formatosi presso la Rafa Nadal Academy ha vissuto una delle notti pi\u00f9 emozionanti della sua carriera, quando \u00e8 stato incoronato campione del Rafa Nadal Open by Movistar 2025 ed \u00e8 diventato il primo tennista spagnolo a vincere il titolo del torneo ATP Challenger . Per aggiudicarsi il secondo Challenger della sua carriera, Rinc\u00f3n<a href=\"https:\/\/www.rafanadalacademy.com\/it\/accademia-rafa-nadal-di-movistar\/il-discorso-emozionante-di-dani-rincon-dopo-la-vittoria-del-rafa-nadal-open-di-movistar\/\">Continue reading <span class=\"sr-only\">&#8220;Il discorso emozionante di Dani Rinc\u00f3n dopo la vittoria del Rafa Nadal Open di Movistar&#8221;<\/span><\/a><\/p>\n","protected":false},"author":23,"featured_media":31687,"comment_status":"closed","ping_status":"closed","sticky":false,"template":"","format":"standard","meta":{"_acf_changed":false,"footnotes":""},"categories":[200,160,155],"tags":[201,156],"class_list":["post-31707","post","type-post","status-publish","format-standard","has-post-thumbnail","hentry","category-accademia-rafa-nadal-di-movistar","category-notizia","category-rafa-nadal-open-it","tag-accademia-rafa-nadal-di-movistar","tag-rafa-nadal-open-it"],"acf":[],"yoast_head":"<!-- This site is optimized with the Yoast SEO Premium plugin v26.8 (Yoast SEO v26.9) - https:\/\/yoast.com\/product\/yoast-seo-premium-wordpress\/ -->\n<title>Il discorso emozionante di Dani Rinc\u00f3n dopo la vittoria del Rafa Nadal Open di Movistar - Rafa Nadal Academy<\/title>\n<meta name=\"description\" content=\"Dani Rinc\u00f3n, giocatore formatosi presso la Rafa Nadal Academy, ha vissuto una delle notti pi\u00f9 emozionanti della sua carriera quando \u00e8 stato incoronato campione del Rafa Nadal Open by Movistar del 2025, diventando il primo tennista spagnolo a vincere il titolo del torneo ATP Challenger.\" \/>\n<meta name=\"robots\" content=\"index, follow, max-snippet:-1, max-image-preview:large, max-video-preview:-1\" \/>\n<link rel=\"canonical\" href=\"https:\/\/www.rafanadalacademy.com\/it\/accademia-rafa-nadal-di-movistar\/il-discorso-emozionante-di-dani-rincon-dopo-la-vittoria-del-rafa-nadal-open-di-movistar\/\" \/>\n<meta property=\"og:locale\" content=\"it_IT\" \/>\n<meta property=\"og:type\" content=\"article\" \/>\n<meta property=\"og:title\" content=\"Il discorso emozionante di Dani Rinc\u00f3n dopo la vittoria del Rafa Nadal Open di Movistar\" \/>\n<meta property=\"og:description\" content=\"Dani Rinc\u00f3n, giocatore formatosi presso la Rafa Nadal Academy, ha vissuto una delle notti pi\u00f9 emozionanti della sua carriera quando \u00e8 stato incoronato campione del Rafa Nadal Open by Movistar del 2025, diventando il primo tennista spagnolo a vincere il titolo del torneo ATP Challenger.\" \/>\n<meta property=\"og:url\" content=\"https:\/\/www.rafanadalacademy.com\/it\/accademia-rafa-nadal-di-movistar\/il-discorso-emozionante-di-dani-rincon-dopo-la-vittoria-del-rafa-nadal-open-di-movistar\/\" \/>\n<meta property=\"og:site_name\" content=\"Rafa Nadal Academy\" \/>\n<meta property=\"article:published_time\" content=\"2025-09-04T09:46:09+00:00\" \/>\n<meta property=\"article:modified_time\" content=\"2025-09-04T09:53:54+00:00\" \/>\n<meta property=\"og:image\" content=\"https:\/\/www.rafanadalacademy.com\/wp-content\/uploads\/2025\/09\/Entrega-de-Premios_RNO-2025_2166-scaled-e1756979033936.jpg\" \/>\n\t<meta property=\"og:image:width\" content=\"2560\" \/>\n\t<meta property=\"og:image:height\" content=\"1707\" \/>\n\t<meta property=\"og:image:type\" content=\"image\/jpeg\" \/>\n<meta name=\"author\" content=\"joseluisprados\" \/>\n<meta name=\"twitter:card\" content=\"summary_large_image\" \/>\n<meta name=\"twitter:label1\" content=\"Written by\" \/>\n\t<meta name=\"twitter:data1\" content=\"joseluisprados\" \/>\n\t<meta name=\"twitter:label2\" content=\"Est. reading time\" \/>\n\t<meta name=\"twitter:data2\" content=\"2 minutes\" \/>\n<script type=\"application\/ld+json\" class=\"yoast-schema-graph\">{\"@context\":\"https:\/\/schema.org\",\"@graph\":[{\"@type\":\"Article\",\"@id\":\"https:\/\/www.rafanadalacademy.com\/it\/accademia-rafa-nadal-di-movistar\/il-discorso-emozionante-di-dani-rincon-dopo-la-vittoria-del-rafa-nadal-open-di-movistar\/#article\",\"isPartOf\":{\"@id\":\"https:\/\/www.rafanadalacademy.com\/it\/accademia-rafa-nadal-di-movistar\/il-discorso-emozionante-di-dani-rincon-dopo-la-vittoria-del-rafa-nadal-open-di-movistar\/\"},\"author\":{\"name\":\"joseluisprados\",\"@id\":\"https:\/\/www.rafanadalacademy.com\/it\/#\/schema\/person\/744897d6ee269641fff954376180ef01\"},\"headline\":\"Il discorso emozionante di Dani Rinc\u00f3n dopo la vittoria del Rafa Nadal Open di Movistar\",\"datePublished\":\"2025-09-04T09:46:09+00:00\",\"dateModified\":\"2025-09-04T09:53:54+00:00\",\"mainEntityOfPage\":{\"@id\":\"https:\/\/www.rafanadalacademy.com\/it\/accademia-rafa-nadal-di-movistar\/il-discorso-emozionante-di-dani-rincon-dopo-la-vittoria-del-rafa-nadal-open-di-movistar\/\"},\"wordCount\":501,\"image\":{\"@id\":\"https:\/\/www.rafanadalacademy.com\/it\/accademia-rafa-nadal-di-movistar\/il-discorso-emozionante-di-dani-rincon-dopo-la-vittoria-del-rafa-nadal-open-di-movistar\/#primaryimage\"},\"thumbnailUrl\":\"https:\/\/www.rafanadalacademy.com\/wp-content\/uploads\/2025\/09\/Entrega-de-Premios_RNO-2025_2166-scaled-e1756979033936.jpg\",\"keywords\":[\"ACCADEMIA RAFA NADAL DI MOVISTAR\",\"RAFA NADAL OPEN\"],\"articleSection\":[\"ACCADEMIA RAFA NADAL DI MOVISTAR\",\"Notizia\",\"RAFA NADAL OPEN\"],\"inLanguage\":\"it-IT\",\"copyrightYear\":\"2025\",\"copyrightHolder\":{\"@id\":\"https:\/\/www.rafanadalacademy.com\/#organization\"}},{\"@type\":\"WebPage\",\"@id\":\"https:\/\/www.rafanadalacademy.com\/it\/accademia-rafa-nadal-di-movistar\/il-discorso-emozionante-di-dani-rincon-dopo-la-vittoria-del-rafa-nadal-open-di-movistar\/\",\"url\":\"https:\/\/www.rafanadalacademy.com\/it\/accademia-rafa-nadal-di-movistar\/il-discorso-emozionante-di-dani-rincon-dopo-la-vittoria-del-rafa-nadal-open-di-movistar\/\",\"name\":\"Il discorso emozionante di Dani Rinc\u00f3n dopo la vittoria del Rafa Nadal Open di Movistar - Rafa Nadal Academy\",\"isPartOf\":{\"@id\":\"https:\/\/www.rafanadalacademy.com\/it\/#website\"},\"primaryImageOfPage\":{\"@id\":\"https:\/\/www.rafanadalacademy.com\/it\/accademia-rafa-nadal-di-movistar\/il-discorso-emozionante-di-dani-rincon-dopo-la-vittoria-del-rafa-nadal-open-di-movistar\/#primaryimage\"},\"image\":{\"@id\":\"https:\/\/www.rafanadalacademy.com\/it\/accademia-rafa-nadal-di-movistar\/il-discorso-emozionante-di-dani-rincon-dopo-la-vittoria-del-rafa-nadal-open-di-movistar\/#primaryimage\"},\"thumbnailUrl\":\"https:\/\/www.rafanadalacademy.com\/wp-content\/uploads\/2025\/09\/Entrega-de-Premios_RNO-2025_2166-scaled-e1756979033936.jpg\",\"datePublished\":\"2025-09-04T09:46:09+00:00\",\"dateModified\":\"2025-09-04T09:53:54+00:00\",\"author\":{\"@id\":\"https:\/\/www.rafanadalacademy.com\/it\/#\/schema\/person\/744897d6ee269641fff954376180ef01\"},\"description\":\"Dani Rinc\u00f3n, giocatore formatosi presso la Rafa Nadal Academy, ha vissuto una delle notti pi\u00f9 emozionanti della sua carriera quando \u00e8 stato incoronato campione del Rafa Nadal Open by Movistar del 2025, diventando il primo tennista spagnolo a vincere il titolo del torneo ATP Challenger.\",\"breadcrumb\":{\"@id\":\"https:\/\/www.rafanadalacademy.com\/it\/accademia-rafa-nadal-di-movistar\/il-discorso-emozionante-di-dani-rincon-dopo-la-vittoria-del-rafa-nadal-open-di-movistar\/#breadcrumb\"},\"inLanguage\":\"it-IT\",\"potentialAction\":[{\"@type\":\"ReadAction\",\"target\":[\"https:\/\/www.rafanadalacademy.com\/it\/accademia-rafa-nadal-di-movistar\/il-discorso-emozionante-di-dani-rincon-dopo-la-vittoria-del-rafa-nadal-open-di-movistar\/\"]}]},{\"@type\":\"ImageObject\",\"inLanguage\":\"it-IT\",\"@id\":\"https:\/\/www.rafanadalacademy.com\/it\/accademia-rafa-nadal-di-movistar\/il-discorso-emozionante-di-dani-rincon-dopo-la-vittoria-del-rafa-nadal-open-di-movistar\/#primaryimage\",\"url\":\"https:\/\/www.rafanadalacademy.com\/wp-content\/uploads\/2025\/09\/Entrega-de-Premios_RNO-2025_2166-scaled-e1756979033936.jpg\",\"contentUrl\":\"https:\/\/www.rafanadalacademy.com\/wp-content\/uploads\/2025\/09\/Entrega-de-Premios_RNO-2025_2166-scaled-e1756979033936.jpg\",\"width\":2560,\"height\":1707,\"caption\":\"Dani Rinc\u00f3n posa con el trofeo de campe\u00f3n del Rafa Nadal Open by Movsitar 2025\"},{\"@type\":\"BreadcrumbList\",\"@id\":\"https:\/\/www.rafanadalacademy.com\/it\/accademia-rafa-nadal-di-movistar\/il-discorso-emozionante-di-dani-rincon-dopo-la-vittoria-del-rafa-nadal-open-di-movistar\/#breadcrumb\",\"itemListElement\":[{\"@type\":\"ListItem\",\"position\":1,\"name\":\"Home\",\"item\":\"https:\/\/www.rafanadalacademy.com\/it\/\"},{\"@type\":\"ListItem\",\"position\":2,\"name\":\"Il discorso emozionante di Dani Rinc\u00f3n dopo la vittoria del Rafa Nadal Open di Movistar\"}]},{\"@type\":\"WebSite\",\"@id\":\"https:\/\/www.rafanadalacademy.com\/it\/#website\",\"url\":\"https:\/\/www.rafanadalacademy.com\/it\/\",\"name\":\"Rafa Nadal Academy\",\"description\":\"Otro sitio realizado con WordPress\",\"potentialAction\":[{\"@type\":\"SearchAction\",\"target\":{\"@type\":\"EntryPoint\",\"urlTemplate\":\"https:\/\/www.rafanadalacademy.com\/it\/?s={search_term_string}\"},\"query-input\":{\"@type\":\"PropertyValueSpecification\",\"valueRequired\":true,\"valueName\":\"search_term_string\"}}],\"inLanguage\":\"it-IT\"},{\"@type\":\"Person\",\"@id\":\"https:\/\/www.rafanadalacademy.com\/it\/#\/schema\/person\/744897d6ee269641fff954376180ef01\",\"name\":\"joseluisprados\",\"image\":{\"@type\":\"ImageObject\",\"inLanguage\":\"it-IT\",\"@id\":\"https:\/\/www.rafanadalacademy.com\/it\/#\/schema\/person\/image\/\",\"url\":\"https:\/\/secure.gravatar.com\/avatar\/8aa823a6e5501864ffab4785d9e2a994b59c2d45c9f9751c5a532abfec081e5f?s=96&d=mm&r=g\",\"contentUrl\":\"https:\/\/secure.gravatar.com\/avatar\/8aa823a6e5501864ffab4785d9e2a994b59c2d45c9f9751c5a532abfec081e5f?s=96&d=mm&r=g\",\"caption\":\"joseluisprados\"},\"url\":\"https:\/\/www.rafanadalacademy.com\/it\/author\/joseluisprados\/\"},{\"@type\":\"ImageObject\",\"inLanguage\":\"it-IT\",\"@id\":\"https:\/\/www.rafanadalacademy.com\/it\/accademia-rafa-nadal-di-movistar\/il-discorso-emozionante-di-dani-rincon-dopo-la-vittoria-del-rafa-nadal-open-di-movistar\/#local-main-organization-logo\",\"url\":\"\",\"contentUrl\":\"\",\"caption\":\"Rafa Nadal Academy\"}]}<\/script>\n<!-- \/ Yoast SEO Premium plugin. -->","yoast_head_json":{"title":"Il discorso emozionante di Dani Rinc\u00f3n dopo la vittoria del Rafa Nadal Open di Movistar - Rafa Nadal Academy","description":"Dani Rinc\u00f3n, giocatore formatosi presso la Rafa Nadal Academy, ha vissuto una delle notti pi\u00f9 emozionanti della sua carriera quando \u00e8 stato incoronato campione del Rafa Nadal Open by Movistar del 2025, diventando il primo tennista spagnolo a vincere il titolo del torneo ATP Challenger.","robots":{"index":"index","follow":"follow","max-snippet":"max-snippet:-1","max-image-preview":"max-image-preview:large","max-video-preview":"max-video-preview:-1"},"canonical":"https:\/\/www.rafanadalacademy.com\/it\/accademia-rafa-nadal-di-movistar\/il-discorso-emozionante-di-dani-rincon-dopo-la-vittoria-del-rafa-nadal-open-di-movistar\/","og_locale":"it_IT","og_type":"article","og_title":"Il discorso emozionante di Dani Rinc\u00f3n dopo la vittoria del Rafa Nadal Open di Movistar","og_description":"Dani Rinc\u00f3n, giocatore formatosi presso la Rafa Nadal Academy, ha vissuto una delle notti pi\u00f9 emozionanti della sua carriera quando \u00e8 stato incoronato campione del Rafa Nadal Open by Movistar del 2025, diventando il primo tennista spagnolo a vincere il titolo del torneo ATP Challenger.","og_url":"https:\/\/www.rafanadalacademy.com\/it\/accademia-rafa-nadal-di-movistar\/il-discorso-emozionante-di-dani-rincon-dopo-la-vittoria-del-rafa-nadal-open-di-movistar\/","og_site_name":"Rafa Nadal Academy","article_published_time":"2025-09-04T09:46:09+00:00","article_modified_time":"2025-09-04T09:53:54+00:00","og_image":[{"width":2560,"height":1707,"url":"https:\/\/www.rafanadalacademy.com\/wp-content\/uploads\/2025\/09\/Entrega-de-Premios_RNO-2025_2166-scaled-e1756979033936.jpg","type":"image\/jpeg"}],"author":"joseluisprados","twitter_card":"summary_large_image","twitter_misc":{"Written by":"joseluisprados","Est. reading time":"2 minutes"},"schema":{"@context":"https:\/\/schema.org","@graph":[{"@type":"Article","@id":"https:\/\/www.rafanadalacademy.com\/it\/accademia-rafa-nadal-di-movistar\/il-discorso-emozionante-di-dani-rincon-dopo-la-vittoria-del-rafa-nadal-open-di-movistar\/#article","isPartOf":{"@id":"https:\/\/www.rafanadalacademy.com\/it\/accademia-rafa-nadal-di-movistar\/il-discorso-emozionante-di-dani-rincon-dopo-la-vittoria-del-rafa-nadal-open-di-movistar\/"},"author":{"name":"joseluisprados","@id":"https:\/\/www.rafanadalacademy.com\/it\/#\/schema\/person\/744897d6ee269641fff954376180ef01"},"headline":"Il discorso emozionante di Dani Rinc\u00f3n dopo la vittoria del Rafa Nadal Open di Movistar","datePublished":"2025-09-04T09:46:09+00:00","dateModified":"2025-09-04T09:53:54+00:00","mainEntityOfPage":{"@id":"https:\/\/www.rafanadalacademy.com\/it\/accademia-rafa-nadal-di-movistar\/il-discorso-emozionante-di-dani-rincon-dopo-la-vittoria-del-rafa-nadal-open-di-movistar\/"},"wordCount":501,"image":{"@id":"https:\/\/www.rafanadalacademy.com\/it\/accademia-rafa-nadal-di-movistar\/il-discorso-emozionante-di-dani-rincon-dopo-la-vittoria-del-rafa-nadal-open-di-movistar\/#primaryimage"},"thumbnailUrl":"https:\/\/www.rafanadalacademy.com\/wp-content\/uploads\/2025\/09\/Entrega-de-Premios_RNO-2025_2166-scaled-e1756979033936.jpg","keywords":["ACCADEMIA RAFA NADAL DI MOVISTAR","RAFA NADAL OPEN"],"articleSection":["ACCADEMIA RAFA NADAL DI MOVISTAR","Notizia","RAFA NADAL OPEN"],"inLanguage":"it-IT","copyrightYear":"2025","copyrightHolder":{"@id":"https:\/\/www.rafanadalacademy.com\/#organization"}},{"@type":"WebPage","@id":"https:\/\/www.rafanadalacademy.com\/it\/accademia-rafa-nadal-di-movistar\/il-discorso-emozionante-di-dani-rincon-dopo-la-vittoria-del-rafa-nadal-open-di-movistar\/","url":"https:\/\/www.rafanadalacademy.com\/it\/accademia-rafa-nadal-di-movistar\/il-discorso-emozionante-di-dani-rincon-dopo-la-vittoria-del-rafa-nadal-open-di-movistar\/","name":"Il discorso emozionante di Dani Rinc\u00f3n dopo la vittoria del Rafa Nadal Open di Movistar - Rafa Nadal Academy","isPartOf":{"@id":"https:\/\/www.rafanadalacademy.com\/it\/#website"},"primaryImageOfPage":{"@id":"https:\/\/www.rafanadalacademy.com\/it\/accademia-rafa-nadal-di-movistar\/il-discorso-emozionante-di-dani-rincon-dopo-la-vittoria-del-rafa-nadal-open-di-movistar\/#primaryimage"},"image":{"@id":"https:\/\/www.rafanadalacademy.com\/it\/accademia-rafa-nadal-di-movistar\/il-discorso-emozionante-di-dani-rincon-dopo-la-vittoria-del-rafa-nadal-open-di-movistar\/#primaryimage"},"thumbnailUrl":"https:\/\/www.rafanadalacademy.com\/wp-content\/uploads\/2025\/09\/Entrega-de-Premios_RNO-2025_2166-scaled-e1756979033936.jpg","datePublished":"2025-09-04T09:46:09+00:00","dateModified":"2025-09-04T09:53:54+00:00","author":{"@id":"https:\/\/www.rafanadalacademy.com\/it\/#\/schema\/person\/744897d6ee269641fff954376180ef01"},"description":"Dani Rinc\u00f3n, giocatore formatosi presso la Rafa Nadal Academy, ha vissuto una delle notti pi\u00f9 emozionanti della sua carriera quando \u00e8 stato incoronato campione del Rafa Nadal Open by Movistar del 2025, diventando il primo tennista spagnolo a vincere il titolo del torneo ATP Challenger.","breadcrumb":{"@id":"https:\/\/www.rafanadalacademy.com\/it\/accademia-rafa-nadal-di-movistar\/il-discorso-emozionante-di-dani-rincon-dopo-la-vittoria-del-rafa-nadal-open-di-movistar\/#breadcrumb"},"inLanguage":"it-IT","potentialAction":[{"@type":"ReadAction","target":["https:\/\/www.rafanadalacademy.com\/it\/accademia-rafa-nadal-di-movistar\/il-discorso-emozionante-di-dani-rincon-dopo-la-vittoria-del-rafa-nadal-open-di-movistar\/"]}]},{"@type":"ImageObject","inLanguage":"it-IT","@id":"https:\/\/www.rafanadalacademy.com\/it\/accademia-rafa-nadal-di-movistar\/il-discorso-emozionante-di-dani-rincon-dopo-la-vittoria-del-rafa-nadal-open-di-movistar\/#primaryimage","url":"https:\/\/www.rafanadalacademy.com\/wp-content\/uploads\/2025\/09\/Entrega-de-Premios_RNO-2025_2166-scaled-e1756979033936.jpg","contentUrl":"https:\/\/www.rafanadalacademy.com\/wp-content\/uploads\/2025\/09\/Entrega-de-Premios_RNO-2025_2166-scaled-e1756979033936.jpg","width":2560,"height":1707,"caption":"Dani Rinc\u00f3n posa con el trofeo de campe\u00f3n del Rafa Nadal Open by Movsitar 2025"},{"@type":"BreadcrumbList","@id":"https:\/\/www.rafanadalacademy.com\/it\/accademia-rafa-nadal-di-movistar\/il-discorso-emozionante-di-dani-rincon-dopo-la-vittoria-del-rafa-nadal-open-di-movistar\/#breadcrumb","itemListElement":[{"@type":"ListItem","position":1,"name":"Home","item":"https:\/\/www.rafanadalacademy.com\/it\/"},{"@type":"ListItem","position":2,"name":"Il discorso emozionante di Dani Rinc\u00f3n dopo la vittoria del Rafa Nadal Open di Movistar"}]},{"@type":"WebSite","@id":"https:\/\/www.rafanadalacademy.com\/it\/#website","url":"https:\/\/www.rafanadalacademy.com\/it\/","name":"Rafa Nadal Academy","description":"Otro sitio realizado con WordPress","potentialAction":[{"@type":"SearchAction","target":{"@type":"EntryPoint","urlTemplate":"https:\/\/www.rafanadalacademy.com\/it\/?s={search_term_string}"},"query-input":{"@type":"PropertyValueSpecification","valueRequired":true,"valueName":"search_term_string"}}],"inLanguage":"it-IT"},{"@type":"Person","@id":"https:\/\/www.rafanadalacademy.com\/it\/#\/schema\/person\/744897d6ee269641fff954376180ef01","name":"joseluisprados","image":{"@type":"ImageObject","inLanguage":"it-IT","@id":"https:\/\/www.rafanadalacademy.com\/it\/#\/schema\/person\/image\/","url":"https:\/\/secure.gravatar.com\/avatar\/8aa823a6e5501864ffab4785d9e2a994b59c2d45c9f9751c5a532abfec081e5f?s=96&d=mm&r=g","contentUrl":"https:\/\/secure.gravatar.com\/avatar\/8aa823a6e5501864ffab4785d9e2a994b59c2d45c9f9751c5a532abfec081e5f?s=96&d=mm&r=g","caption":"joseluisprados"},"url":"https:\/\/www.rafanadalacademy.com\/it\/author\/joseluisprados\/"},{"@type":"ImageObject","inLanguage":"it-IT","@id":"https:\/\/www.rafanadalacademy.com\/it\/accademia-rafa-nadal-di-movistar\/il-discorso-emozionante-di-dani-rincon-dopo-la-vittoria-del-rafa-nadal-open-di-movistar\/#local-main-organization-logo","url":"","contentUrl":"","caption":"Rafa Nadal Academy"}]}},"_links":{"self":[{"href":"https:\/\/www.rafanadalacademy.com\/it\/wp-json\/wp\/v2\/posts\/31707","targetHints":{"allow":["GET"]}}],"collection":[{"href":"https:\/\/www.rafanadalacademy.com\/it\/wp-json\/wp\/v2\/posts"}],"about":[{"href":"https:\/\/www.rafanadalacademy.com\/it\/wp-json\/wp\/v2\/types\/post"}],"author":[{"embeddable":true,"href":"https:\/\/www.rafanadalacademy.com\/it\/wp-json\/wp\/v2\/users\/23"}],"replies":[{"embeddable":true,"href":"https:\/\/www.rafanadalacademy.com\/it\/wp-json\/wp\/v2\/comments?post=31707"}],"version-history":[{"count":3,"href":"https:\/\/www.rafanadalacademy.com\/it\/wp-json\/wp\/v2\/posts\/31707\/revisions"}],"predecessor-version":[{"id":31710,"href":"https:\/\/www.rafanadalacademy.com\/it\/wp-json\/wp\/v2\/posts\/31707\/revisions\/31710"}],"wp:featuredmedia":[{"embeddable":true,"href":"https:\/\/www.rafanadalacademy.com\/it\/wp-json\/wp\/v2\/media\/31687"}],"wp:attachment":[{"href":"https:\/\/www.rafanadalacademy.com\/it\/wp-json\/wp\/v2\/media?parent=31707"}],"wp:term":[{"taxonomy":"category","embeddable":true,"href":"https:\/\/www.rafanadalacademy.com\/it\/wp-json\/wp\/v2\/categories?post=31707"},{"taxonomy":"post_tag","embeddable":true,"href":"https:\/\/www.rafanadalacademy.com\/it\/wp-json\/wp\/v2\/tags?post=31707"}],"curies":[{"name":"wp","href":"https:\/\/api.w.org\/{rel}","templated":true}]}}