{"id":17143,"date":"2024-07-03T10:56:22","date_gmt":"2024-07-03T10:56:22","guid":{"rendered":"https:\/\/www.rafanadalacademy.com\/non-categorizzato\/marbella-si-prepara-per-larrivo-del-padel-tour-della-rafa-nadal-academy-del-gruppo-adecco\/"},"modified":"2024-07-23T08:57:36","modified_gmt":"2024-07-23T08:57:36","slug":"marbella-si-prepara-per-larrivo-del-padel-tour-della-rafa-nadal-academy-del-gruppo-adecco","status":"publish","type":"post","link":"https:\/\/www.rafanadalacademy.com\/it\/padel-it\/marbella-si-prepara-per-larrivo-del-padel-tour-della-rafa-nadal-academy-del-gruppo-adecco\/","title":{"rendered":"MARBELLA SI PREPARA PER L&#8217;ARRIVO DEL PADEL TOUR DELLA RAFA NADAL ACADEMY DEL GRUPPO ADECCO"},"content":{"rendered":"\n<p><\/p>\n\n<figure class=\"wp-block-image size-large\"><img loading=\"lazy\" decoding=\"async\" width=\"1024\" height=\"684\" src=\"https:\/\/dxr52e0jfi242.cloudfront.net\/uploads\/2024\/07\/retosbabolat-34-1024x684.jpg\" alt=\"\" class=\"wp-image-16657\" srcset=\"https:\/\/www.rafanadalacademy.com\/wp-content\/uploads\/2024\/07\/retosbabolat-34-1024x684.jpg 1024w, https:\/\/www.rafanadalacademy.com\/wp-content\/uploads\/2024\/07\/retosbabolat-34-300x200.jpg 300w, https:\/\/www.rafanadalacademy.com\/wp-content\/uploads\/2024\/07\/retosbabolat-34-768x513.jpg 768w, https:\/\/www.rafanadalacademy.com\/wp-content\/uploads\/2024\/07\/retosbabolat-34-1536x1026.jpg 1536w, https:\/\/www.rafanadalacademy.com\/wp-content\/uploads\/2024\/07\/retosbabolat-34-2048x1368.jpg 2048w\" sizes=\"auto, (max-width: 1024px) 100vw, 1024px\" \/><\/figure>\n\n<p><\/p>\n\n<p>Il 13 e 14 luglio, Marbella sar\u00e0 la citt\u00e0 incaricata di ospitare il quarto round del Rafa Nadal Padel Tour di The Adecco Group, un nuovo circuito amatoriale di paddle tennis che unisce sport, tempo libero, divertimento e valori.<\/p>\n\n<p><\/p>\n\n<p>Il torneo si svolger\u00e0 presso il Club Nueva Alc\u00e1ntara (NAC), una delle strutture di riferimento della provincia di M\u00e1laga. Un totale di 32 squadre da 6 giocatori, divise in 4 categorie (due maschili e due femminili) si batteranno per vincere un torneo che ha gi\u00e0 fatto tappa a Santander e Madrid, e presto toccher\u00e0 anche Valladolid, Alicante e Barcellona.   <strong>I vincitori di Malaga avranno diritto a ricevere un biglietto per l&#8217;evento finale che si terr\u00e0 a dicembre presso le strutture dell&#8217;Accademia Rafa Nadal Academy a Maiorca.<\/strong><\/p>\n\n<p><\/p>\n\n<p>Durante l&#8217;evento di Marbella, ogni squadra garegger\u00e0 in un minimo di due batterie e tutti i partecipanti potranno godersi le numerose attivit\u00e0 previste nel corso dell&#8217;evento. L&#8217;epicentro del fine settimana avr\u00e0 luogo sabato pomeriggio con la Serata Musicale Mahou e con le <strong>numerose attivazioni organizzate da Babolat<\/strong> all&#8217;interno dei campi del Nueva Alc\u00e1ntara Club (NAC). <\/p>\n\n<p><\/p>\n\n<p><strong>Maribel Nadal, vicedirettore generale della Rafa Nadal Academy<\/strong> , \u00e8 entusiasta: \u201cSiamo molto contenti di come sono andati i primi test del circuito. Stiamo superando tutte le aspettative che avevamo e ora abbiamo una voglia tremenda di arrivare a Marbella. Crediamo fermamente in questo format che unisce sport e tempo libero e il sistema di competizione a squadre sta generando un&#8217;atmosfera spettacolare. &#8220;Voglio davvero conoscere il NAC e vivere il torneo in prima persona.&#8221;<\/p>\n\n<p><\/p>\n\n<p>Solo registrandosi al test, i 192 giocatori riceveranno un pacchetto di benvenuto con una maglietta Nike, un prodotto offerto da NDL Pro-Health, braccialetti Babolat, Prince Cookies e protezione fotografica di Cantabria Labs oltre alle racchette BABOLAT vinceranno i campioni. Ci saranno anche lotterie e regali offerti da Quir\u00f3nSalud, ZEL e Bezoya, partner del circuito. I campioni di Marbella vinceranno anche i biglietti per tifare la squadra dell&#8217;Accademia Rafa Nadal nella Hexagon Cup.  <\/p>\n\n<p><\/p>\n\n<p>Conosciuta per il suo prestigio nella formazione di giovani tennisti sin dalla sua apertura nel 2016, l&#8217;Accademia Rafa Nadal di Movistar ha optato anche per il paddle tennis grazie allo sviluppo di programmi di allenamento per giovani e adulti in strutture all&#8217;avanguardia che includono 10 campi all&#8217;aperto e 7 campi coperti. Il suo centro fitness, i suoi spazi all&#8217;avanguardia per la salute e il benessere, la sua vasta gamma di ristoranti e la sua residenza moderna fanno s\u00ec che l&#8217;Accademia Rafa Nadal sia diventata uno dei luoghi ideali per praticare il paddle tennis. <\/p>\n\n<p><\/p>\n\n<p>Ora, con l&#8217;organizzazione del Rafa Nadal Academy Padel Tour da parte del Gruppo Adecco, l&#8217;obiettivo \u00e8 pubblicizzare i valori, la metodologia e il DNA dell&#8217;accademia nell&#8217;ambiente del padel amatoriale grazie a un nuovo circuito che \u00e8 qui per restare.<\/p>\n\n<p><\/p>\n","protected":false},"excerpt":{"rendered":"<p>Marbella si prepara per l&#8217;arrivo del Rafa Nadal Academy Padel Tour di The Adecco Group<\/p>\n","protected":false},"author":16,"featured_media":16676,"comment_status":"closed","ping_status":"closed","sticky":false,"template":"","format":"standard","meta":{"_acf_changed":false,"footnotes":""},"categories":[160,170],"tags":[171,172],"class_list":["post-17143","post","type-post","status-publish","format-standard","has-post-thumbnail","hentry","category-notizia","category-padel-it","tag-padel-it","tag-rafa-nadal-academy-padel-tour-it"],"acf":[],"yoast_head":"<!-- This site is optimized with the Yoast SEO Premium plugin v26.8 (Yoast SEO v26.9) - https:\/\/yoast.com\/product\/yoast-seo-premium-wordpress\/ -->\n<title>MARBELLA SI PREPARA PER L&#039;ARRIVO DEL PADEL TOUR DELLA RAFA NADAL ACADEMY DEL GRUPPO ADECCO - Rafa Nadal Academy<\/title>\n<meta name=\"robots\" content=\"index, follow, max-snippet:-1, max-image-preview:large, max-video-preview:-1\" \/>\n<link rel=\"canonical\" href=\"https:\/\/www.rafanadalacademy.com\/it\/padel-it\/marbella-si-prepara-per-larrivo-del-padel-tour-della-rafa-nadal-academy-del-gruppo-adecco\/\" \/>\n<meta property=\"og:locale\" content=\"it_IT\" \/>\n<meta property=\"og:type\" content=\"article\" \/>\n<meta property=\"og:title\" content=\"MARBELLA SI PREPARA PER L&#039;ARRIVO DEL PADEL TOUR DELLA RAFA NADAL ACADEMY DEL GRUPPO ADECCO\" \/>\n<meta property=\"og:description\" content=\"Marbella si prepara per l&#039;arrivo del Rafa Nadal Academy Padel Tour di The Adecco Group\" \/>\n<meta property=\"og:url\" content=\"https:\/\/www.rafanadalacademy.com\/it\/padel-it\/marbella-si-prepara-per-larrivo-del-padel-tour-della-rafa-nadal-academy-del-gruppo-adecco\/\" \/>\n<meta property=\"og:site_name\" content=\"Rafa Nadal Academy\" \/>\n<meta property=\"article:published_time\" content=\"2024-07-03T10:56:22+00:00\" \/>\n<meta property=\"article:modified_time\" content=\"2024-07-23T08:57:36+00:00\" \/>\n<meta property=\"og:image\" content=\"https:\/\/www.rafanadalacademy.com\/wp-content\/uploads\/2024\/07\/rafanadalacademy-finales-36-2-scaled.jpg\" \/>\n\t<meta property=\"og:image:width\" content=\"2560\" \/>\n\t<meta property=\"og:image:height\" content=\"1710\" \/>\n\t<meta property=\"og:image:type\" content=\"image\/jpeg\" \/>\n<meta name=\"author\" content=\"Israel Qu\u00edlez\" \/>\n<meta name=\"twitter:card\" content=\"summary_large_image\" \/>\n<meta name=\"twitter:label1\" content=\"Written by\" \/>\n\t<meta name=\"twitter:data1\" content=\"Israel Qu\u00edlez\" \/>\n\t<meta name=\"twitter:label2\" content=\"Est. reading time\" \/>\n\t<meta name=\"twitter:data2\" content=\"2 minutes\" \/>\n<script type=\"application\/ld+json\" class=\"yoast-schema-graph\">{\"@context\":\"https:\/\/schema.org\",\"@graph\":[{\"@type\":\"Article\",\"@id\":\"https:\/\/www.rafanadalacademy.com\/it\/padel-it\/marbella-si-prepara-per-larrivo-del-padel-tour-della-rafa-nadal-academy-del-gruppo-adecco\/#article\",\"isPartOf\":{\"@id\":\"https:\/\/www.rafanadalacademy.com\/it\/padel-it\/marbella-si-prepara-per-larrivo-del-padel-tour-della-rafa-nadal-academy-del-gruppo-adecco\/\"},\"author\":{\"name\":\"Israel Qu\u00edlez\",\"@id\":\"https:\/\/www.rafanadalacademy.com\/it\/#\/schema\/person\/6c564552da694b40f47417226d9eaa49\"},\"headline\":\"MARBELLA SI PREPARA PER L&#8217;ARRIVO DEL PADEL TOUR DELLA RAFA NADAL ACADEMY DEL GRUPPO ADECCO\",\"datePublished\":\"2024-07-03T10:56:22+00:00\",\"dateModified\":\"2024-07-23T08:57:36+00:00\",\"mainEntityOfPage\":{\"@id\":\"https:\/\/www.rafanadalacademy.com\/it\/padel-it\/marbella-si-prepara-per-larrivo-del-padel-tour-della-rafa-nadal-academy-del-gruppo-adecco\/\"},\"wordCount\":482,\"image\":{\"@id\":\"https:\/\/www.rafanadalacademy.com\/it\/padel-it\/marbella-si-prepara-per-larrivo-del-padel-tour-della-rafa-nadal-academy-del-gruppo-adecco\/#primaryimage\"},\"thumbnailUrl\":\"https:\/\/www.rafanadalacademy.com\/wp-content\/uploads\/2024\/07\/rafanadalacademy-finales-36-2-scaled.jpg\",\"keywords\":[\"PADEL\",\"RAFA NADAL ACADEMY PADEL TOUR\"],\"articleSection\":[\"Notizia\",\"PADEL\"],\"inLanguage\":\"it-IT\",\"copyrightYear\":\"2024\",\"copyrightHolder\":{\"@id\":\"https:\/\/www.rafanadalacademy.com\/#organization\"}},{\"@type\":\"WebPage\",\"@id\":\"https:\/\/www.rafanadalacademy.com\/it\/padel-it\/marbella-si-prepara-per-larrivo-del-padel-tour-della-rafa-nadal-academy-del-gruppo-adecco\/\",\"url\":\"https:\/\/www.rafanadalacademy.com\/it\/padel-it\/marbella-si-prepara-per-larrivo-del-padel-tour-della-rafa-nadal-academy-del-gruppo-adecco\/\",\"name\":\"MARBELLA SI PREPARA PER L'ARRIVO DEL PADEL TOUR DELLA RAFA NADAL ACADEMY DEL GRUPPO ADECCO - Rafa Nadal Academy\",\"isPartOf\":{\"@id\":\"https:\/\/www.rafanadalacademy.com\/it\/#website\"},\"primaryImageOfPage\":{\"@id\":\"https:\/\/www.rafanadalacademy.com\/it\/padel-it\/marbella-si-prepara-per-larrivo-del-padel-tour-della-rafa-nadal-academy-del-gruppo-adecco\/#primaryimage\"},\"image\":{\"@id\":\"https:\/\/www.rafanadalacademy.com\/it\/padel-it\/marbella-si-prepara-per-larrivo-del-padel-tour-della-rafa-nadal-academy-del-gruppo-adecco\/#primaryimage\"},\"thumbnailUrl\":\"https:\/\/www.rafanadalacademy.com\/wp-content\/uploads\/2024\/07\/rafanadalacademy-finales-36-2-scaled.jpg\",\"datePublished\":\"2024-07-03T10:56:22+00:00\",\"dateModified\":\"2024-07-23T08:57:36+00:00\",\"author\":{\"@id\":\"https:\/\/www.rafanadalacademy.com\/it\/#\/schema\/person\/6c564552da694b40f47417226d9eaa49\"},\"breadcrumb\":{\"@id\":\"https:\/\/www.rafanadalacademy.com\/it\/padel-it\/marbella-si-prepara-per-larrivo-del-padel-tour-della-rafa-nadal-academy-del-gruppo-adecco\/#breadcrumb\"},\"inLanguage\":\"it-IT\",\"potentialAction\":[{\"@type\":\"ReadAction\",\"target\":[\"https:\/\/www.rafanadalacademy.com\/it\/padel-it\/marbella-si-prepara-per-larrivo-del-padel-tour-della-rafa-nadal-academy-del-gruppo-adecco\/\"]}]},{\"@type\":\"ImageObject\",\"inLanguage\":\"it-IT\",\"@id\":\"https:\/\/www.rafanadalacademy.com\/it\/padel-it\/marbella-si-prepara-per-larrivo-del-padel-tour-della-rafa-nadal-academy-del-gruppo-adecco\/#primaryimage\",\"url\":\"https:\/\/www.rafanadalacademy.com\/wp-content\/uploads\/2024\/07\/rafanadalacademy-finales-36-2-scaled.jpg\",\"contentUrl\":\"https:\/\/www.rafanadalacademy.com\/wp-content\/uploads\/2024\/07\/rafanadalacademy-finales-36-2-scaled.jpg\",\"width\":2560,\"height\":1710},{\"@type\":\"BreadcrumbList\",\"@id\":\"https:\/\/www.rafanadalacademy.com\/it\/padel-it\/marbella-si-prepara-per-larrivo-del-padel-tour-della-rafa-nadal-academy-del-gruppo-adecco\/#breadcrumb\",\"itemListElement\":[{\"@type\":\"ListItem\",\"position\":1,\"name\":\"Home\",\"item\":\"https:\/\/www.rafanadalacademy.com\/it\/\"},{\"@type\":\"ListItem\",\"position\":2,\"name\":\"MARBELLA SI PREPARA PER L&#8217;ARRIVO DEL PADEL TOUR DELLA RAFA NADAL ACADEMY DEL GRUPPO ADECCO\"}]},{\"@type\":\"WebSite\",\"@id\":\"https:\/\/www.rafanadalacademy.com\/it\/#website\",\"url\":\"https:\/\/www.rafanadalacademy.com\/it\/\",\"name\":\"Rafa Nadal Academy\",\"description\":\"Otro sitio realizado con WordPress\",\"potentialAction\":[{\"@type\":\"SearchAction\",\"target\":{\"@type\":\"EntryPoint\",\"urlTemplate\":\"https:\/\/www.rafanadalacademy.com\/it\/?s={search_term_string}\"},\"query-input\":{\"@type\":\"PropertyValueSpecification\",\"valueRequired\":true,\"valueName\":\"search_term_string\"}}],\"inLanguage\":\"it-IT\"},{\"@type\":\"Person\",\"@id\":\"https:\/\/www.rafanadalacademy.com\/it\/#\/schema\/person\/6c564552da694b40f47417226d9eaa49\",\"name\":\"Israel Qu\u00edlez\",\"image\":{\"@type\":\"ImageObject\",\"inLanguage\":\"it-IT\",\"@id\":\"https:\/\/www.rafanadalacademy.com\/it\/#\/schema\/person\/image\/\",\"url\":\"https:\/\/secure.gravatar.com\/avatar\/c5bf9fac74c4144cfb6da68b87be83ee928f960f7054a862746ab29036031a9d?s=96&d=mm&r=g\",\"contentUrl\":\"https:\/\/secure.gravatar.com\/avatar\/c5bf9fac74c4144cfb6da68b87be83ee928f960f7054a862746ab29036031a9d?s=96&d=mm&r=g\",\"caption\":\"Israel Qu\u00edlez\"},\"url\":\"https:\/\/www.rafanadalacademy.com\/it\/author\/isr3l\/\"},{\"@type\":\"ImageObject\",\"inLanguage\":\"it-IT\",\"@id\":\"https:\/\/www.rafanadalacademy.com\/it\/padel-it\/marbella-si-prepara-per-larrivo-del-padel-tour-della-rafa-nadal-academy-del-gruppo-adecco\/#local-main-organization-logo\",\"url\":\"\",\"contentUrl\":\"\",\"caption\":\"Rafa Nadal Academy\"}]}<\/script>\n<!-- \/ Yoast SEO Premium plugin. -->","yoast_head_json":{"title":"MARBELLA SI PREPARA PER L'ARRIVO DEL PADEL TOUR DELLA RAFA NADAL ACADEMY DEL GRUPPO ADECCO - Rafa Nadal Academy","robots":{"index":"index","follow":"follow","max-snippet":"max-snippet:-1","max-image-preview":"max-image-preview:large","max-video-preview":"max-video-preview:-1"},"canonical":"https:\/\/www.rafanadalacademy.com\/it\/padel-it\/marbella-si-prepara-per-larrivo-del-padel-tour-della-rafa-nadal-academy-del-gruppo-adecco\/","og_locale":"it_IT","og_type":"article","og_title":"MARBELLA SI PREPARA PER L'ARRIVO DEL PADEL TOUR DELLA RAFA NADAL ACADEMY DEL GRUPPO ADECCO","og_description":"Marbella si prepara per l'arrivo del Rafa Nadal Academy Padel Tour di The Adecco Group","og_url":"https:\/\/www.rafanadalacademy.com\/it\/padel-it\/marbella-si-prepara-per-larrivo-del-padel-tour-della-rafa-nadal-academy-del-gruppo-adecco\/","og_site_name":"Rafa Nadal Academy","article_published_time":"2024-07-03T10:56:22+00:00","article_modified_time":"2024-07-23T08:57:36+00:00","og_image":[{"width":2560,"height":1710,"url":"https:\/\/www.rafanadalacademy.com\/wp-content\/uploads\/2024\/07\/rafanadalacademy-finales-36-2-scaled.jpg","type":"image\/jpeg"}],"author":"Israel Qu\u00edlez","twitter_card":"summary_large_image","twitter_misc":{"Written by":"Israel Qu\u00edlez","Est. reading time":"2 minutes"},"schema":{"@context":"https:\/\/schema.org","@graph":[{"@type":"Article","@id":"https:\/\/www.rafanadalacademy.com\/it\/padel-it\/marbella-si-prepara-per-larrivo-del-padel-tour-della-rafa-nadal-academy-del-gruppo-adecco\/#article","isPartOf":{"@id":"https:\/\/www.rafanadalacademy.com\/it\/padel-it\/marbella-si-prepara-per-larrivo-del-padel-tour-della-rafa-nadal-academy-del-gruppo-adecco\/"},"author":{"name":"Israel Qu\u00edlez","@id":"https:\/\/www.rafanadalacademy.com\/it\/#\/schema\/person\/6c564552da694b40f47417226d9eaa49"},"headline":"MARBELLA SI PREPARA PER L&#8217;ARRIVO DEL PADEL TOUR DELLA RAFA NADAL ACADEMY DEL GRUPPO ADECCO","datePublished":"2024-07-03T10:56:22+00:00","dateModified":"2024-07-23T08:57:36+00:00","mainEntityOfPage":{"@id":"https:\/\/www.rafanadalacademy.com\/it\/padel-it\/marbella-si-prepara-per-larrivo-del-padel-tour-della-rafa-nadal-academy-del-gruppo-adecco\/"},"wordCount":482,"image":{"@id":"https:\/\/www.rafanadalacademy.com\/it\/padel-it\/marbella-si-prepara-per-larrivo-del-padel-tour-della-rafa-nadal-academy-del-gruppo-adecco\/#primaryimage"},"thumbnailUrl":"https:\/\/www.rafanadalacademy.com\/wp-content\/uploads\/2024\/07\/rafanadalacademy-finales-36-2-scaled.jpg","keywords":["PADEL","RAFA NADAL ACADEMY PADEL TOUR"],"articleSection":["Notizia","PADEL"],"inLanguage":"it-IT","copyrightYear":"2024","copyrightHolder":{"@id":"https:\/\/www.rafanadalacademy.com\/#organization"}},{"@type":"WebPage","@id":"https:\/\/www.rafanadalacademy.com\/it\/padel-it\/marbella-si-prepara-per-larrivo-del-padel-tour-della-rafa-nadal-academy-del-gruppo-adecco\/","url":"https:\/\/www.rafanadalacademy.com\/it\/padel-it\/marbella-si-prepara-per-larrivo-del-padel-tour-della-rafa-nadal-academy-del-gruppo-adecco\/","name":"MARBELLA SI PREPARA PER L'ARRIVO DEL PADEL TOUR DELLA RAFA NADAL ACADEMY DEL GRUPPO ADECCO - Rafa Nadal Academy","isPartOf":{"@id":"https:\/\/www.rafanadalacademy.com\/it\/#website"},"primaryImageOfPage":{"@id":"https:\/\/www.rafanadalacademy.com\/it\/padel-it\/marbella-si-prepara-per-larrivo-del-padel-tour-della-rafa-nadal-academy-del-gruppo-adecco\/#primaryimage"},"image":{"@id":"https:\/\/www.rafanadalacademy.com\/it\/padel-it\/marbella-si-prepara-per-larrivo-del-padel-tour-della-rafa-nadal-academy-del-gruppo-adecco\/#primaryimage"},"thumbnailUrl":"https:\/\/www.rafanadalacademy.com\/wp-content\/uploads\/2024\/07\/rafanadalacademy-finales-36-2-scaled.jpg","datePublished":"2024-07-03T10:56:22+00:00","dateModified":"2024-07-23T08:57:36+00:00","author":{"@id":"https:\/\/www.rafanadalacademy.com\/it\/#\/schema\/person\/6c564552da694b40f47417226d9eaa49"},"breadcrumb":{"@id":"https:\/\/www.rafanadalacademy.com\/it\/padel-it\/marbella-si-prepara-per-larrivo-del-padel-tour-della-rafa-nadal-academy-del-gruppo-adecco\/#breadcrumb"},"inLanguage":"it-IT","potentialAction":[{"@type":"ReadAction","target":["https:\/\/www.rafanadalacademy.com\/it\/padel-it\/marbella-si-prepara-per-larrivo-del-padel-tour-della-rafa-nadal-academy-del-gruppo-adecco\/"]}]},{"@type":"ImageObject","inLanguage":"it-IT","@id":"https:\/\/www.rafanadalacademy.com\/it\/padel-it\/marbella-si-prepara-per-larrivo-del-padel-tour-della-rafa-nadal-academy-del-gruppo-adecco\/#primaryimage","url":"https:\/\/www.rafanadalacademy.com\/wp-content\/uploads\/2024\/07\/rafanadalacademy-finales-36-2-scaled.jpg","contentUrl":"https:\/\/www.rafanadalacademy.com\/wp-content\/uploads\/2024\/07\/rafanadalacademy-finales-36-2-scaled.jpg","width":2560,"height":1710},{"@type":"BreadcrumbList","@id":"https:\/\/www.rafanadalacademy.com\/it\/padel-it\/marbella-si-prepara-per-larrivo-del-padel-tour-della-rafa-nadal-academy-del-gruppo-adecco\/#breadcrumb","itemListElement":[{"@type":"ListItem","position":1,"name":"Home","item":"https:\/\/www.rafanadalacademy.com\/it\/"},{"@type":"ListItem","position":2,"name":"MARBELLA SI PREPARA PER L&#8217;ARRIVO DEL PADEL TOUR DELLA RAFA NADAL ACADEMY DEL GRUPPO ADECCO"}]},{"@type":"WebSite","@id":"https:\/\/www.rafanadalacademy.com\/it\/#website","url":"https:\/\/www.rafanadalacademy.com\/it\/","name":"Rafa Nadal Academy","description":"Otro sitio realizado con WordPress","potentialAction":[{"@type":"SearchAction","target":{"@type":"EntryPoint","urlTemplate":"https:\/\/www.rafanadalacademy.com\/it\/?s={search_term_string}"},"query-input":{"@type":"PropertyValueSpecification","valueRequired":true,"valueName":"search_term_string"}}],"inLanguage":"it-IT"},{"@type":"Person","@id":"https:\/\/www.rafanadalacademy.com\/it\/#\/schema\/person\/6c564552da694b40f47417226d9eaa49","name":"Israel Qu\u00edlez","image":{"@type":"ImageObject","inLanguage":"it-IT","@id":"https:\/\/www.rafanadalacademy.com\/it\/#\/schema\/person\/image\/","url":"https:\/\/secure.gravatar.com\/avatar\/c5bf9fac74c4144cfb6da68b87be83ee928f960f7054a862746ab29036031a9d?s=96&d=mm&r=g","contentUrl":"https:\/\/secure.gravatar.com\/avatar\/c5bf9fac74c4144cfb6da68b87be83ee928f960f7054a862746ab29036031a9d?s=96&d=mm&r=g","caption":"Israel Qu\u00edlez"},"url":"https:\/\/www.rafanadalacademy.com\/it\/author\/isr3l\/"},{"@type":"ImageObject","inLanguage":"it-IT","@id":"https:\/\/www.rafanadalacademy.com\/it\/padel-it\/marbella-si-prepara-per-larrivo-del-padel-tour-della-rafa-nadal-academy-del-gruppo-adecco\/#local-main-organization-logo","url":"","contentUrl":"","caption":"Rafa Nadal Academy"}]}},"_links":{"self":[{"href":"https:\/\/www.rafanadalacademy.com\/it\/wp-json\/wp\/v2\/posts\/17143","targetHints":{"allow":["GET"]}}],"collection":[{"href":"https:\/\/www.rafanadalacademy.com\/it\/wp-json\/wp\/v2\/posts"}],"about":[{"href":"https:\/\/www.rafanadalacademy.com\/it\/wp-json\/wp\/v2\/types\/post"}],"author":[{"embeddable":true,"href":"https:\/\/www.rafanadalacademy.com\/it\/wp-json\/wp\/v2\/users\/16"}],"replies":[{"embeddable":true,"href":"https:\/\/www.rafanadalacademy.com\/it\/wp-json\/wp\/v2\/comments?post=17143"}],"version-history":[{"count":1,"href":"https:\/\/www.rafanadalacademy.com\/it\/wp-json\/wp\/v2\/posts\/17143\/revisions"}],"predecessor-version":[{"id":17144,"href":"https:\/\/www.rafanadalacademy.com\/it\/wp-json\/wp\/v2\/posts\/17143\/revisions\/17144"}],"wp:featuredmedia":[{"embeddable":true,"href":"https:\/\/www.rafanadalacademy.com\/it\/wp-json\/wp\/v2\/media\/16676"}],"wp:attachment":[{"href":"https:\/\/www.rafanadalacademy.com\/it\/wp-json\/wp\/v2\/media?parent=17143"}],"wp:term":[{"taxonomy":"category","embeddable":true,"href":"https:\/\/www.rafanadalacademy.com\/it\/wp-json\/wp\/v2\/categories?post=17143"},{"taxonomy":"post_tag","embeddable":true,"href":"https:\/\/www.rafanadalacademy.com\/it\/wp-json\/wp\/v2\/tags?post=17143"}],"curies":[{"name":"wp","href":"https:\/\/api.w.org\/{rel}","templated":true}]}}