{"id":51351,"date":"2026-09-03T17:13:17","date_gmt":"2026-09-03T17:13:17","guid":{"rendered":"https:\/\/www.rafanadalacademy.com\/non-classifiee\/rafa-nadal-assiste-a-la-journee-des-huitiemes-de-finale-du-rafa-nadal-open-by-movistar\/"},"modified":"2026-09-04T15:56:15","modified_gmt":"2026-09-04T15:56:15","slug":"rafa-nadal-assiste-a-la-journee-des-huitiemes-de-finale-du-rafa-nadal-open-by-movistar","status":"publish","type":"post","link":"https:\/\/www.rafanadalacademy.com\/fr\/informations\/rafa-nadal-assiste-a-la-journee-des-huitiemes-de-finale-du-rafa-nadal-open-by-movistar\/","title":{"rendered":"Rafa Nadal assiste \u00e0 la journ\u00e9e des huiti\u00e8mes de finale du Rafa Nadal Open by Movistar"},"content":{"rendered":"\n<p class=\"wp-block-paragraph\">Le <strong>Rafa Nadal Open by Movistar<\/strong> a v\u00e9cu ce jeudi une journ\u00e9e tr\u00e8s sp\u00e9ciale avec la pr\u00e9sence de <strong>Rafa Nadal<\/strong> dans les tribunes du court central de l&#8217;Acad\u00e9mie. Le vainqueur de <strong>22 titres du Grand Chelem<\/strong> n&#8217;a pas voulu manquer la journ\u00e9e des huiti\u00e8mes de finale du tournoi appartenant \u00e0 l&#8217;ATP Challenger Tour qui se dispute cette semaine \u00e0 Manacor. <\/p>\n\n<figure class=\"wp-block-image size-large\"><img decoding=\"async\" src=\"https:\/\/www.rafanadalacademy.com\/wp-content\/uploads\/2026\/09\/Rafa-Nadal-presencia-el-Rafa-Nadal-Open-by-Movistar-1024x683.jpg\" alt=\"\" class=\"wp-image-51319\"\/><\/figure>\n\n<div style=\"height:30px\" aria-hidden=\"true\" class=\"wp-block-spacer\"><\/div>\n\n<p class=\"wp-block-paragraph\">Rafa a assist\u00e9, en compagnie de Javier Soler, directeur sportif de la F\u00e9d\u00e9ration royale espagnole de tennis, et de Carlos Costa, ancien joueur et manager de Nadal, au match entre <strong>Dani Rinc\u00f3n<\/strong>, champion en titre du tournoi et joueur de la Rafa Nadal Academy, et <strong>I\u00f1aki Montes-De La Torre<\/strong>, l&#8217;un des matchs phares de la journ\u00e9e.<\/p>\n\n<p class=\"wp-block-paragraph\">La pr\u00e9sence de Rafa Nadal dans les tribunes rev\u00eat en outre une signification particuli\u00e8re en raison de son lien \u00e9troit avec l&#8217;<strong>ATP Challenger Tour<\/strong>, circuit sur lequel il a remport\u00e9 deux de ses premiers titres en tant que professionnel. En 2003, alors qu&#8217;il n&#8217;avait que 16 ans, il s&#8217;est proclam\u00e9 champion \u00e0 <strong>Barletta<\/strong>, devenant l&#8217;un des joueurs les plus jeunes de l&#8217;histoire \u00e0 remporter un tournoi de cette cat\u00e9gorie. Quelques semaines plus tard, \u00e0 17 ans, il a de nouveau soulev\u00e9 le troph\u00e9e \u00e0 <strong>El Espinar (S\u00e9govie)<\/strong>. Deux titres qui ont constitu\u00e9 un tremplin important dans sa carri\u00e8re et qui occupent actuellement une place de choix dans le <strong>Rafa Nadal Museum<\/strong> r\u00e9nov\u00e9.   <\/p>\n\n<p class=\"wp-block-paragraph\">Depuis 2018, ce lien avec le circuit se poursuit \u00e0 Manacor \u00e0 travers le <strong>Rafa Nadal Open by Movistar<\/strong>, l&#8217;ATP Challenger Tour qui r\u00e9unit chaque ann\u00e9e \u00e0 la Rafa Nadal Academy des joueurs confirm\u00e9s et certains des grands espoirs du tennis international comme Andy Murray, Fernando Verdasco ou Carlos Alcaraz.<\/p>\n\n<div style=\"height:29px\" aria-hidden=\"true\" class=\"wp-block-spacer\"><\/div>\n\n<figure class=\"wp-block-image size-full\"><a href=\"https:\/\/rafanadalopen.com\/entradas-gratuitas\/\"><img loading=\"lazy\" decoding=\"async\" width=\"942\" height=\"717\" src=\"https:\/\/www.rafanadalacademy.com\/wp-content\/uploads\/2026\/08\/rafa-nadal-open-2026.png\" alt=\"\" class=\"wp-image-49907\" srcset=\"https:\/\/www.rafanadalacademy.com\/wp-content\/uploads\/2026\/08\/rafa-nadal-open-2026.png 942w, https:\/\/www.rafanadalacademy.com\/wp-content\/uploads\/2026\/08\/rafa-nadal-open-2026-300x228.png 300w, https:\/\/www.rafanadalacademy.com\/wp-content\/uploads\/2026\/08\/rafa-nadal-open-2026-768x585.png 768w\" sizes=\"auto, (max-width: 942px) 100vw, 942px\" \/><\/a><\/figure>\n\n<div style=\"height:29px\" aria-hidden=\"true\" class=\"wp-block-spacer\"><\/div>\n\n<p class=\"wp-block-paragraph\">Cette huiti\u00e8me \u00e9dition du tournoi compte avec une importante repr\u00e9sentation de la Rafa Nadal Academy, avec la participation d&#8217;<strong>Ivan Ivanov et Ziga Sesko<\/strong>, en plus de Dani Rinc\u00f3n. Les trois joueurs savent ce que c&#8217;est que de remporter un titre du Grand Chelem en cat\u00e9gorie junior. <\/p>\n\n<p class=\"wp-block-paragraph\">Le <strong>Rafa Nadal Open by Movistar<\/strong> aborde d\u00e9sormais ses journ\u00e9es d\u00e9cisives et se poursuivra jusqu&#8217;au <strong>dimanche 6 septembre<\/strong> prochain, date \u00e0 laquelle se disputera la finale.<\/p>\n\n<div style=\"height:29px\" aria-hidden=\"true\" class=\"wp-block-spacer\"><\/div>\n\n<figure class=\"wp-block-image size-large\"><a href=\"https:\/\/www.rafanadalacademy.com\/fr\/informations\/la-gastronomie-et-loenologie-a-lhonneur-de-el-tie-break-vinos-y-tapas-lors-de-cette-edition-du-rafa-nadal-open-by-movistar\/\"><img loading=\"lazy\" decoding=\"async\" width=\"1024\" height=\"531\" src=\"https:\/\/www.rafanadalacademy.com\/wp-content\/uploads\/2026\/08\/Tardeo_RNO-2025_901-scaled-e1786618031933-1024x531.jpg\" alt=\"\" class=\"wp-image-50062\" srcset=\"https:\/\/www.rafanadalacademy.com\/wp-content\/uploads\/2026\/08\/Tardeo_RNO-2025_901-scaled-e1786618031933-1024x531.jpg 1024w, https:\/\/www.rafanadalacademy.com\/wp-content\/uploads\/2026\/08\/Tardeo_RNO-2025_901-scaled-e1786618031933-300x156.jpg 300w, https:\/\/www.rafanadalacademy.com\/wp-content\/uploads\/2026\/08\/Tardeo_RNO-2025_901-scaled-e1786618031933-768x398.jpg 768w, https:\/\/www.rafanadalacademy.com\/wp-content\/uploads\/2026\/08\/Tardeo_RNO-2025_901-scaled-e1786618031933-1536x796.jpg 1536w, https:\/\/www.rafanadalacademy.com\/wp-content\/uploads\/2026\/08\/Tardeo_RNO-2025_901-scaled-e1786618031933-2048x1062.jpg 2048w\" sizes=\"auto, (max-width: 1024px) 100vw, 1024px\" \/><\/a><\/figure>\n\n<div style=\"height:29px\" aria-hidden=\"true\" class=\"wp-block-spacer\"><\/div>\n\n<p class=\"wp-block-paragraph\">En plus de la comp\u00e9tition, le tournoi propose tout au long de la semaine des offres de gastronomie, de musique et d&#8217;activit\u00e9s pour les enfants et les familles. <strong>Ce jeudi aura lieu l&#8217;un des \u00e9v\u00e9nements qui a suscit\u00e9 le plus d&#8217;attente de cette \u00e9dition, &#8216;El Tie-Break : Vinos y Tapas&#8217;<\/strong>, un ap\u00e9ritif tardif qui r\u00e9unira des propositions gastronomiques du <strong>Grupo Maca de Castro, Santi Taura, La Loba, \u00dcbeck, Cassai et Roland-Garros<\/strong>, accompagn\u00e9es de vins de <strong>Casa Rojo, Can Axartell, Gallinas i Focas, Ribas, 4 Kilos et Binigrau<\/strong>, ainsi que de la musique live et des DJs. Comme lors des \u00e9ditions pr\u00e9c\u00e9dentes, <strong>l&#8217;acc\u00e8s au Rafa Nadal Open by Movistar est gratuit<\/strong>, apr\u00e8s t\u00e9l\u00e9chargement du billet via le site officiel de l&#8217;\u00e9v\u00e9nement. <\/p>\n\n<p class=\"wp-block-paragraph\"><\/p>\n\n<p class=\"wp-block-paragraph\"><\/p>\n\n<p class=\"wp-block-paragraph\"><\/p>\n\n<p class=\"wp-block-paragraph\"><\/p>\n","protected":false},"excerpt":{"rendered":"<p>Le Rafa Nadal Open by Movistar a v\u00e9cu ce jeudi une journ\u00e9e tr\u00e8s sp\u00e9ciale avec la pr\u00e9sence de Rafa Nadal dans les tribunes du court central de l&#8217;Acad\u00e9mie. Le vainqueur de 22 titres du Grand Chelem n&#8217;a pas voulu manquer la journ\u00e9e des huiti\u00e8mes de finale du tournoi appartenant \u00e0 l&#8217;ATP Challenger Tour qui se<a href=\"https:\/\/www.rafanadalacademy.com\/fr\/informations\/rafa-nadal-assiste-a-la-journee-des-huitiemes-de-finale-du-rafa-nadal-open-by-movistar\/\">Continue reading <span class=\"sr-only\">&#8220;Rafa Nadal assiste \u00e0 la journ\u00e9e des huiti\u00e8mes de finale du Rafa Nadal Open by Movistar&#8221;<\/span><\/a><\/p>\n","protected":false},"author":23,"featured_media":51322,"comment_status":"closed","ping_status":"closed","sticky":false,"template":"","format":"standard","meta":{"_acf_changed":false,"footnotes":""},"categories":[206,158,149],"tags":[207],"class_list":["post-51351","post","type-post","status-publish","format-standard","has-post-thumbnail","hentry","category-academie-rafa-nadal-par-movistar","category-informations","category-rafa-nadal-open-fr","tag-academie-rafa-nadal-par-movistar"],"acf":[],"yoast_head":"<!-- This site is optimized with the Yoast SEO Premium plugin v26.8 (Yoast SEO v28.3) - https:\/\/yoast.com\/product\/yoast-seo-premium-wordpress\/ -->\n<title>Rafa Nadal assiste \u00e0 la journ\u00e9e des huiti\u00e8mes de finale du Rafa Nadal Open by Movistar - Rafa Nadal Academy<\/title>\n<meta name=\"description\" content=\"Le Rafa Nadal Open by Movistar a v\u00e9cu une journ\u00e9e tr\u00e8s sp\u00e9ciale avec la pr\u00e9sence de Rafa Nadal dans les tribunes du court central de l&#039;Acad\u00e9mie. Le vainqueur de 22 titres du Grand Chelem n&#039;a pas voulu manquer la journ\u00e9e des huiti\u00e8mes de finale du tournoi appartenant \u00e0 l&#039;ATP Challenger Tour qui se dispute cette semaine \u00e0 Manacor.\" \/>\n<meta name=\"robots\" content=\"index, follow, max-snippet:-1, max-image-preview:large, max-video-preview:-1\" \/>\n<link rel=\"canonical\" href=\"https:\/\/www.rafanadalacademy.com\/fr\/informations\/rafa-nadal-assiste-a-la-journee-des-huitiemes-de-finale-du-rafa-nadal-open-by-movistar\/\" \/>\n<meta property=\"og:locale\" content=\"fr_FR\" \/>\n<meta property=\"og:type\" content=\"article\" \/>\n<meta property=\"og:title\" content=\"Rafa Nadal assiste \u00e0 la journ\u00e9e des huiti\u00e8mes de finale du Rafa Nadal Open by Movistar\" \/>\n<meta property=\"og:description\" content=\"Le Rafa Nadal Open by Movistar a v\u00e9cu une journ\u00e9e tr\u00e8s sp\u00e9ciale avec la pr\u00e9sence de Rafa Nadal dans les tribunes du court central de l&#039;Acad\u00e9mie. Le vainqueur de 22 titres du Grand Chelem n&#039;a pas voulu manquer la journ\u00e9e des huiti\u00e8mes de finale du tournoi appartenant \u00e0 l&#039;ATP Challenger Tour qui se dispute cette semaine \u00e0 Manacor.\" \/>\n<meta property=\"og:url\" content=\"https:\/\/www.rafanadalacademy.com\/fr\/informations\/rafa-nadal-assiste-a-la-journee-des-huitiemes-de-finale-du-rafa-nadal-open-by-movistar\/\" \/>\n<meta property=\"og:site_name\" content=\"Rafa Nadal Academy\" \/>\n<meta property=\"article:published_time\" content=\"2026-09-03T17:13:17+00:00\" \/>\n<meta property=\"article:modified_time\" content=\"2026-09-04T15:56:15+00:00\" \/>\n<meta property=\"og:image\" content=\"https:\/\/www.rafanadalacademy.com\/wp-content\/uploads\/2026\/09\/Rafa-Nadal-presencia-el-Rafa-Nadal-Open-by-Movistar-e1788455663352.jpg\" \/>\n\t<meta property=\"og:image:width\" content=\"2560\" \/>\n\t<meta property=\"og:image:height\" content=\"1707\" \/>\n\t<meta property=\"og:image:type\" content=\"image\/jpeg\" \/>\n<meta name=\"author\" content=\"joseluisprados\" \/>\n<meta name=\"twitter:card\" content=\"summary_large_image\" \/>\n<meta name=\"twitter:label1\" content=\"Written by\" \/>\n\t<meta name=\"twitter:data1\" content=\"joseluisprados\" \/>\n\t<meta name=\"twitter:label2\" content=\"Est. reading time\" \/>\n\t<meta name=\"twitter:data2\" content=\"2 minutes\" \/>\n<script type=\"application\/ld+json\" class=\"yoast-schema-graph\">{\"@context\":\"https:\\\/\\\/schema.org\",\"@graph\":[{\"@type\":\"Article\",\"@id\":\"https:\\\/\\\/www.rafanadalacademy.com\\\/fr\\\/informations\\\/rafa-nadal-assiste-a-la-journee-des-huitiemes-de-finale-du-rafa-nadal-open-by-movistar\\\/#article\",\"isPartOf\":{\"@id\":\"https:\\\/\\\/www.rafanadalacademy.com\\\/fr\\\/informations\\\/rafa-nadal-assiste-a-la-journee-des-huitiemes-de-finale-du-rafa-nadal-open-by-movistar\\\/\"},\"author\":{\"name\":\"joseluisprados\",\"@id\":\"https:\\\/\\\/www.rafanadalacademy.com\\\/fr\\\/#\\\/schema\\\/person\\\/744897d6ee269641fff954376180ef01\"},\"headline\":\"Rafa Nadal assiste \u00e0 la journ\u00e9e des huiti\u00e8mes de finale du Rafa Nadal Open by Movistar\",\"datePublished\":\"2026-09-03T17:13:17+00:00\",\"dateModified\":\"2026-09-04T15:56:15+00:00\",\"mainEntityOfPage\":{\"@id\":\"https:\\\/\\\/www.rafanadalacademy.com\\\/fr\\\/informations\\\/rafa-nadal-assiste-a-la-journee-des-huitiemes-de-finale-du-rafa-nadal-open-by-movistar\\\/\"},\"wordCount\":532,\"image\":{\"@id\":\"https:\\\/\\\/www.rafanadalacademy.com\\\/fr\\\/informations\\\/rafa-nadal-assiste-a-la-journee-des-huitiemes-de-finale-du-rafa-nadal-open-by-movistar\\\/#primaryimage\"},\"thumbnailUrl\":\"https:\\\/\\\/www.rafanadalacademy.com\\\/wp-content\\\/uploads\\\/2026\\\/09\\\/Rafa-Nadal-presencia-el-Rafa-Nadal-Open-by-Movistar-e1788455663352.jpg\",\"keywords\":[\"ACAD\u00c9MIE RAFA NADAL PAR MOVISTAR\"],\"articleSection\":[\"ACAD\u00c9MIE RAFA NADAL PAR MOVISTAR\",\"informations\",\"RAFA NADAL OPEN\"],\"inLanguage\":\"fr-FR\",\"copyrightYear\":\"2026\",\"copyrightHolder\":{\"@id\":\"https:\\\/\\\/www.rafanadalacademy.com\\\/#organization\"}},{\"@type\":\"WebPage\",\"@id\":\"https:\\\/\\\/www.rafanadalacademy.com\\\/fr\\\/informations\\\/rafa-nadal-assiste-a-la-journee-des-huitiemes-de-finale-du-rafa-nadal-open-by-movistar\\\/\",\"url\":\"https:\\\/\\\/www.rafanadalacademy.com\\\/fr\\\/informations\\\/rafa-nadal-assiste-a-la-journee-des-huitiemes-de-finale-du-rafa-nadal-open-by-movistar\\\/\",\"name\":\"Rafa Nadal assiste \u00e0 la journ\u00e9e des huiti\u00e8mes de finale du Rafa Nadal Open by Movistar - Rafa Nadal Academy\",\"isPartOf\":{\"@id\":\"https:\\\/\\\/www.rafanadalacademy.com\\\/fr\\\/#website\"},\"primaryImageOfPage\":{\"@id\":\"https:\\\/\\\/www.rafanadalacademy.com\\\/fr\\\/informations\\\/rafa-nadal-assiste-a-la-journee-des-huitiemes-de-finale-du-rafa-nadal-open-by-movistar\\\/#primaryimage\"},\"image\":{\"@id\":\"https:\\\/\\\/www.rafanadalacademy.com\\\/fr\\\/informations\\\/rafa-nadal-assiste-a-la-journee-des-huitiemes-de-finale-du-rafa-nadal-open-by-movistar\\\/#primaryimage\"},\"thumbnailUrl\":\"https:\\\/\\\/www.rafanadalacademy.com\\\/wp-content\\\/uploads\\\/2026\\\/09\\\/Rafa-Nadal-presencia-el-Rafa-Nadal-Open-by-Movistar-e1788455663352.jpg\",\"datePublished\":\"2026-09-03T17:13:17+00:00\",\"dateModified\":\"2026-09-04T15:56:15+00:00\",\"author\":{\"@id\":\"https:\\\/\\\/www.rafanadalacademy.com\\\/fr\\\/#\\\/schema\\\/person\\\/744897d6ee269641fff954376180ef01\"},\"description\":\"Le Rafa Nadal Open by Movistar a v\u00e9cu une journ\u00e9e tr\u00e8s sp\u00e9ciale avec la pr\u00e9sence de Rafa Nadal dans les tribunes du court central de l'Acad\u00e9mie. Le vainqueur de 22 titres du Grand Chelem n'a pas voulu manquer la journ\u00e9e des huiti\u00e8mes de finale du tournoi appartenant \u00e0 l'ATP Challenger Tour qui se dispute cette semaine \u00e0 Manacor.\",\"breadcrumb\":{\"@id\":\"https:\\\/\\\/www.rafanadalacademy.com\\\/fr\\\/informations\\\/rafa-nadal-assiste-a-la-journee-des-huitiemes-de-finale-du-rafa-nadal-open-by-movistar\\\/#breadcrumb\"},\"inLanguage\":\"fr-FR\",\"potentialAction\":[{\"@type\":\"ReadAction\",\"target\":[\"https:\\\/\\\/www.rafanadalacademy.com\\\/fr\\\/informations\\\/rafa-nadal-assiste-a-la-journee-des-huitiemes-de-finale-du-rafa-nadal-open-by-movistar\\\/\"]}]},{\"@type\":\"ImageObject\",\"inLanguage\":\"fr-FR\",\"@id\":\"https:\\\/\\\/www.rafanadalacademy.com\\\/fr\\\/informations\\\/rafa-nadal-assiste-a-la-journee-des-huitiemes-de-finale-du-rafa-nadal-open-by-movistar\\\/#primaryimage\",\"url\":\"https:\\\/\\\/www.rafanadalacademy.com\\\/wp-content\\\/uploads\\\/2026\\\/09\\\/Rafa-Nadal-presencia-el-Rafa-Nadal-Open-by-Movistar-e1788455663352.jpg\",\"contentUrl\":\"https:\\\/\\\/www.rafanadalacademy.com\\\/wp-content\\\/uploads\\\/2026\\\/09\\\/Rafa-Nadal-presencia-el-Rafa-Nadal-Open-by-Movistar-e1788455663352.jpg\",\"width\":2560,\"height\":1707},{\"@type\":\"BreadcrumbList\",\"@id\":\"https:\\\/\\\/www.rafanadalacademy.com\\\/fr\\\/informations\\\/rafa-nadal-assiste-a-la-journee-des-huitiemes-de-finale-du-rafa-nadal-open-by-movistar\\\/#breadcrumb\",\"itemListElement\":[{\"@type\":\"ListItem\",\"position\":1,\"name\":\"Home\",\"item\":\"https:\\\/\\\/www.rafanadalacademy.com\\\/fr\\\/\"},{\"@type\":\"ListItem\",\"position\":2,\"name\":\"Rafa Nadal assiste \u00e0 la journ\u00e9e des huiti\u00e8mes de finale du Rafa Nadal Open by Movistar\"}]},{\"@type\":\"WebSite\",\"@id\":\"https:\\\/\\\/www.rafanadalacademy.com\\\/fr\\\/#website\",\"url\":\"https:\\\/\\\/www.rafanadalacademy.com\\\/fr\\\/\",\"name\":\"Rafa Nadal Academy\",\"description\":\"Otro sitio realizado con WordPress\",\"potentialAction\":[{\"@type\":\"SearchAction\",\"target\":{\"@type\":\"EntryPoint\",\"urlTemplate\":\"https:\\\/\\\/www.rafanadalacademy.com\\\/fr\\\/?s={search_term_string}\"},\"query-input\":{\"@type\":\"PropertyValueSpecification\",\"valueRequired\":true,\"valueName\":\"search_term_string\"}}],\"inLanguage\":\"fr-FR\"},{\"@type\":\"Person\",\"@id\":\"https:\\\/\\\/www.rafanadalacademy.com\\\/fr\\\/#\\\/schema\\\/person\\\/744897d6ee269641fff954376180ef01\",\"name\":\"joseluisprados\",\"image\":{\"@type\":\"ImageObject\",\"inLanguage\":\"fr-FR\",\"@id\":\"https:\\\/\\\/secure.gravatar.com\\\/avatar\\\/8aa823a6e5501864ffab4785d9e2a994b59c2d45c9f9751c5a532abfec081e5f?s=96&d=mm&r=g\",\"url\":\"https:\\\/\\\/secure.gravatar.com\\\/avatar\\\/8aa823a6e5501864ffab4785d9e2a994b59c2d45c9f9751c5a532abfec081e5f?s=96&d=mm&r=g\",\"contentUrl\":\"https:\\\/\\\/secure.gravatar.com\\\/avatar\\\/8aa823a6e5501864ffab4785d9e2a994b59c2d45c9f9751c5a532abfec081e5f?s=96&d=mm&r=g\",\"caption\":\"joseluisprados\"},\"url\":\"https:\\\/\\\/www.rafanadalacademy.com\\\/fr\\\/author\\\/joseluisprados\\\/\"},{\"@type\":\"ImageObject\",\"inLanguage\":\"fr-FR\",\"@id\":\"https:\\\/\\\/www.rafanadalacademy.com\\\/fr\\\/informations\\\/rafa-nadal-assiste-a-la-journee-des-huitiemes-de-finale-du-rafa-nadal-open-by-movistar\\\/#local-main-organization-logo\",\"url\":\"\",\"contentUrl\":\"\",\"caption\":\"Rafa Nadal Academy\"}]}<\/script>\n<!-- \/ Yoast SEO Premium plugin. -->","yoast_head_json":{"title":"Rafa Nadal assiste \u00e0 la journ\u00e9e des huiti\u00e8mes de finale du Rafa Nadal Open by Movistar - Rafa Nadal Academy","description":"Le Rafa Nadal Open by Movistar a v\u00e9cu une journ\u00e9e tr\u00e8s sp\u00e9ciale avec la pr\u00e9sence de Rafa Nadal dans les tribunes du court central de l'Acad\u00e9mie. Le vainqueur de 22 titres du Grand Chelem n'a pas voulu manquer la journ\u00e9e des huiti\u00e8mes de finale du tournoi appartenant \u00e0 l'ATP Challenger Tour qui se dispute cette semaine \u00e0 Manacor.","robots":{"index":"index","follow":"follow","max-snippet":"max-snippet:-1","max-image-preview":"max-image-preview:large","max-video-preview":"max-video-preview:-1"},"canonical":"https:\/\/www.rafanadalacademy.com\/fr\/informations\/rafa-nadal-assiste-a-la-journee-des-huitiemes-de-finale-du-rafa-nadal-open-by-movistar\/","og_locale":"fr_FR","og_type":"article","og_title":"Rafa Nadal assiste \u00e0 la journ\u00e9e des huiti\u00e8mes de finale du Rafa Nadal Open by Movistar","og_description":"Le Rafa Nadal Open by Movistar a v\u00e9cu une journ\u00e9e tr\u00e8s sp\u00e9ciale avec la pr\u00e9sence de Rafa Nadal dans les tribunes du court central de l'Acad\u00e9mie. Le vainqueur de 22 titres du Grand Chelem n'a pas voulu manquer la journ\u00e9e des huiti\u00e8mes de finale du tournoi appartenant \u00e0 l'ATP Challenger Tour qui se dispute cette semaine \u00e0 Manacor.","og_url":"https:\/\/www.rafanadalacademy.com\/fr\/informations\/rafa-nadal-assiste-a-la-journee-des-huitiemes-de-finale-du-rafa-nadal-open-by-movistar\/","og_site_name":"Rafa Nadal Academy","article_published_time":"2026-09-03T17:13:17+00:00","article_modified_time":"2026-09-04T15:56:15+00:00","og_image":[{"width":2560,"height":1707,"url":"https:\/\/www.rafanadalacademy.com\/wp-content\/uploads\/2026\/09\/Rafa-Nadal-presencia-el-Rafa-Nadal-Open-by-Movistar-e1788455663352.jpg","type":"image\/jpeg"}],"author":"joseluisprados","twitter_card":"summary_large_image","twitter_misc":{"Written by":"joseluisprados","Est. reading time":"2 minutes"},"schema":{"@context":"https:\/\/schema.org","@graph":[{"@type":"Article","@id":"https:\/\/www.rafanadalacademy.com\/fr\/informations\/rafa-nadal-assiste-a-la-journee-des-huitiemes-de-finale-du-rafa-nadal-open-by-movistar\/#article","isPartOf":{"@id":"https:\/\/www.rafanadalacademy.com\/fr\/informations\/rafa-nadal-assiste-a-la-journee-des-huitiemes-de-finale-du-rafa-nadal-open-by-movistar\/"},"author":{"name":"joseluisprados","@id":"https:\/\/www.rafanadalacademy.com\/fr\/#\/schema\/person\/744897d6ee269641fff954376180ef01"},"headline":"Rafa Nadal assiste \u00e0 la journ\u00e9e des huiti\u00e8mes de finale du Rafa Nadal Open by Movistar","datePublished":"2026-09-03T17:13:17+00:00","dateModified":"2026-09-04T15:56:15+00:00","mainEntityOfPage":{"@id":"https:\/\/www.rafanadalacademy.com\/fr\/informations\/rafa-nadal-assiste-a-la-journee-des-huitiemes-de-finale-du-rafa-nadal-open-by-movistar\/"},"wordCount":532,"image":{"@id":"https:\/\/www.rafanadalacademy.com\/fr\/informations\/rafa-nadal-assiste-a-la-journee-des-huitiemes-de-finale-du-rafa-nadal-open-by-movistar\/#primaryimage"},"thumbnailUrl":"https:\/\/www.rafanadalacademy.com\/wp-content\/uploads\/2026\/09\/Rafa-Nadal-presencia-el-Rafa-Nadal-Open-by-Movistar-e1788455663352.jpg","keywords":["ACAD\u00c9MIE RAFA NADAL PAR MOVISTAR"],"articleSection":["ACAD\u00c9MIE RAFA NADAL PAR MOVISTAR","informations","RAFA NADAL OPEN"],"inLanguage":"fr-FR","copyrightYear":"2026","copyrightHolder":{"@id":"https:\/\/www.rafanadalacademy.com\/#organization"}},{"@type":"WebPage","@id":"https:\/\/www.rafanadalacademy.com\/fr\/informations\/rafa-nadal-assiste-a-la-journee-des-huitiemes-de-finale-du-rafa-nadal-open-by-movistar\/","url":"https:\/\/www.rafanadalacademy.com\/fr\/informations\/rafa-nadal-assiste-a-la-journee-des-huitiemes-de-finale-du-rafa-nadal-open-by-movistar\/","name":"Rafa Nadal assiste \u00e0 la journ\u00e9e des huiti\u00e8mes de finale du Rafa Nadal Open by Movistar - Rafa Nadal Academy","isPartOf":{"@id":"https:\/\/www.rafanadalacademy.com\/fr\/#website"},"primaryImageOfPage":{"@id":"https:\/\/www.rafanadalacademy.com\/fr\/informations\/rafa-nadal-assiste-a-la-journee-des-huitiemes-de-finale-du-rafa-nadal-open-by-movistar\/#primaryimage"},"image":{"@id":"https:\/\/www.rafanadalacademy.com\/fr\/informations\/rafa-nadal-assiste-a-la-journee-des-huitiemes-de-finale-du-rafa-nadal-open-by-movistar\/#primaryimage"},"thumbnailUrl":"https:\/\/www.rafanadalacademy.com\/wp-content\/uploads\/2026\/09\/Rafa-Nadal-presencia-el-Rafa-Nadal-Open-by-Movistar-e1788455663352.jpg","datePublished":"2026-09-03T17:13:17+00:00","dateModified":"2026-09-04T15:56:15+00:00","author":{"@id":"https:\/\/www.rafanadalacademy.com\/fr\/#\/schema\/person\/744897d6ee269641fff954376180ef01"},"description":"Le Rafa Nadal Open by Movistar a v\u00e9cu une journ\u00e9e tr\u00e8s sp\u00e9ciale avec la pr\u00e9sence de Rafa Nadal dans les tribunes du court central de l'Acad\u00e9mie. Le vainqueur de 22 titres du Grand Chelem n'a pas voulu manquer la journ\u00e9e des huiti\u00e8mes de finale du tournoi appartenant \u00e0 l'ATP Challenger Tour qui se dispute cette semaine \u00e0 Manacor.","breadcrumb":{"@id":"https:\/\/www.rafanadalacademy.com\/fr\/informations\/rafa-nadal-assiste-a-la-journee-des-huitiemes-de-finale-du-rafa-nadal-open-by-movistar\/#breadcrumb"},"inLanguage":"fr-FR","potentialAction":[{"@type":"ReadAction","target":["https:\/\/www.rafanadalacademy.com\/fr\/informations\/rafa-nadal-assiste-a-la-journee-des-huitiemes-de-finale-du-rafa-nadal-open-by-movistar\/"]}]},{"@type":"ImageObject","inLanguage":"fr-FR","@id":"https:\/\/www.rafanadalacademy.com\/fr\/informations\/rafa-nadal-assiste-a-la-journee-des-huitiemes-de-finale-du-rafa-nadal-open-by-movistar\/#primaryimage","url":"https:\/\/www.rafanadalacademy.com\/wp-content\/uploads\/2026\/09\/Rafa-Nadal-presencia-el-Rafa-Nadal-Open-by-Movistar-e1788455663352.jpg","contentUrl":"https:\/\/www.rafanadalacademy.com\/wp-content\/uploads\/2026\/09\/Rafa-Nadal-presencia-el-Rafa-Nadal-Open-by-Movistar-e1788455663352.jpg","width":2560,"height":1707},{"@type":"BreadcrumbList","@id":"https:\/\/www.rafanadalacademy.com\/fr\/informations\/rafa-nadal-assiste-a-la-journee-des-huitiemes-de-finale-du-rafa-nadal-open-by-movistar\/#breadcrumb","itemListElement":[{"@type":"ListItem","position":1,"name":"Home","item":"https:\/\/www.rafanadalacademy.com\/fr\/"},{"@type":"ListItem","position":2,"name":"Rafa Nadal assiste \u00e0 la journ\u00e9e des huiti\u00e8mes de finale du Rafa Nadal Open by Movistar"}]},{"@type":"WebSite","@id":"https:\/\/www.rafanadalacademy.com\/fr\/#website","url":"https:\/\/www.rafanadalacademy.com\/fr\/","name":"Rafa Nadal Academy","description":"Otro sitio realizado con WordPress","potentialAction":[{"@type":"SearchAction","target":{"@type":"EntryPoint","urlTemplate":"https:\/\/www.rafanadalacademy.com\/fr\/?s={search_term_string}"},"query-input":{"@type":"PropertyValueSpecification","valueRequired":true,"valueName":"search_term_string"}}],"inLanguage":"fr-FR"},{"@type":"Person","@id":"https:\/\/www.rafanadalacademy.com\/fr\/#\/schema\/person\/744897d6ee269641fff954376180ef01","name":"joseluisprados","image":{"@type":"ImageObject","inLanguage":"fr-FR","@id":"https:\/\/secure.gravatar.com\/avatar\/8aa823a6e5501864ffab4785d9e2a994b59c2d45c9f9751c5a532abfec081e5f?s=96&d=mm&r=g","url":"https:\/\/secure.gravatar.com\/avatar\/8aa823a6e5501864ffab4785d9e2a994b59c2d45c9f9751c5a532abfec081e5f?s=96&d=mm&r=g","contentUrl":"https:\/\/secure.gravatar.com\/avatar\/8aa823a6e5501864ffab4785d9e2a994b59c2d45c9f9751c5a532abfec081e5f?s=96&d=mm&r=g","caption":"joseluisprados"},"url":"https:\/\/www.rafanadalacademy.com\/fr\/author\/joseluisprados\/"},{"@type":"ImageObject","inLanguage":"fr-FR","@id":"https:\/\/www.rafanadalacademy.com\/fr\/informations\/rafa-nadal-assiste-a-la-journee-des-huitiemes-de-finale-du-rafa-nadal-open-by-movistar\/#local-main-organization-logo","url":"","contentUrl":"","caption":"Rafa Nadal Academy"}]}},"_links":{"self":[{"href":"https:\/\/www.rafanadalacademy.com\/fr\/wp-json\/wp\/v2\/posts\/51351","targetHints":{"allow":["GET"]}}],"collection":[{"href":"https:\/\/www.rafanadalacademy.com\/fr\/wp-json\/wp\/v2\/posts"}],"about":[{"href":"https:\/\/www.rafanadalacademy.com\/fr\/wp-json\/wp\/v2\/types\/post"}],"author":[{"embeddable":true,"href":"https:\/\/www.rafanadalacademy.com\/fr\/wp-json\/wp\/v2\/users\/23"}],"replies":[{"embeddable":true,"href":"https:\/\/www.rafanadalacademy.com\/fr\/wp-json\/wp\/v2\/comments?post=51351"}],"version-history":[{"count":1,"href":"https:\/\/www.rafanadalacademy.com\/fr\/wp-json\/wp\/v2\/posts\/51351\/revisions"}],"predecessor-version":[{"id":51352,"href":"https:\/\/www.rafanadalacademy.com\/fr\/wp-json\/wp\/v2\/posts\/51351\/revisions\/51352"}],"wp:featuredmedia":[{"embeddable":true,"href":"https:\/\/www.rafanadalacademy.com\/fr\/wp-json\/wp\/v2\/media\/51322"}],"wp:attachment":[{"href":"https:\/\/www.rafanadalacademy.com\/fr\/wp-json\/wp\/v2\/media?parent=51351"}],"wp:term":[{"taxonomy":"category","embeddable":true,"href":"https:\/\/www.rafanadalacademy.com\/fr\/wp-json\/wp\/v2\/categories?post=51351"},{"taxonomy":"post_tag","embeddable":true,"href":"https:\/\/www.rafanadalacademy.com\/fr\/wp-json\/wp\/v2\/tags?post=51351"}],"curies":[{"name":"wp","href":"https:\/\/api.w.org\/{rel}","templated":true}]}}