{"id":50933,"date":"2026-08-31T09:06:57","date_gmt":"2026-08-31T09:06:57","guid":{"rendered":"https:\/\/www.rafanadalacademy.com\/non-classifiee\/loctave-edition-du-rafa-nadal-open-by-movistar-commence\/"},"modified":"2026-08-31T09:31:54","modified_gmt":"2026-08-31T09:31:54","slug":"loctave-edition-du-rafa-nadal-open-by-movistar-commence","status":"publish","type":"post","link":"https:\/\/www.rafanadalacademy.com\/fr\/informations\/loctave-edition-du-rafa-nadal-open-by-movistar-commence\/","title":{"rendered":"L\u2019octave \u00e9dition du Rafa Nadal Open by Movistar commence"},"content":{"rendered":"\n<p class=\"wp-block-paragraph\">Le<strong> Rafa Nadal Open by Movistar 2026 est d\u00e9j\u00e0 lanc\u00e9<\/strong>. Les courts de la Rafa Nadal Academy \u00e0 Manacor accueillent les premiers matchs de la phase de qualification d\u2019un tournoi appartenant \u00e0 l\u2019<strong>ATP Challenger Tour<\/strong> et qui se d\u00e9roulera jusqu\u2019au 6 septembre prochain. <\/p>\n\n<figure class=\"wp-block-image size-large\"><img loading=\"lazy\" decoding=\"async\" width=\"1024\" height=\"683\" src=\"https:\/\/www.rafanadalacademy.com\/wp-content\/uploads\/2025\/08\/FINAL_ATP-Challenger-RNA-2024_-3537-1024x683.jpg\" alt=\"Vue a&#xE9;rienne du court central lors de la finale du Rafa Nadal Open by Movistar 2024\" class=\"wp-image-30429\" srcset=\"https:\/\/www.rafanadalacademy.com\/wp-content\/uploads\/2025\/08\/FINAL_ATP-Challenger-RNA-2024_-3537-1024x683.jpg 1024w, https:\/\/www.rafanadalacademy.com\/wp-content\/uploads\/2025\/08\/FINAL_ATP-Challenger-RNA-2024_-3537-300x200.jpg 300w, https:\/\/www.rafanadalacademy.com\/wp-content\/uploads\/2025\/08\/FINAL_ATP-Challenger-RNA-2024_-3537-768x512.jpg 768w, https:\/\/www.rafanadalacademy.com\/wp-content\/uploads\/2025\/08\/FINAL_ATP-Challenger-RNA-2024_-3537-1536x1024.jpg 1536w, https:\/\/www.rafanadalacademy.com\/wp-content\/uploads\/2025\/08\/FINAL_ATP-Challenger-RNA-2024_-3537-2048x1365.jpg 2048w\" sizes=\"auto, (max-width: 1024px) 100vw, 1024px\" \/><figcaption class=\"wp-element-caption\">Vue a\u00e9rienne du court central lors de la finale du Rafa Nadal Open by Movistar 2024<\/figcaption><\/figure>\n\n<div style=\"height:30px\" aria-hidden=\"true\" class=\"wp-block-spacer\"><\/div>\n\n<p class=\"wp-block-paragraph\">Apr\u00e8s le d\u00e9but de la phase de qualification, tous les regards se tournent d\u00e9sormais vers un tableau principal qui r\u00e9unira \u00e0 nouveau des joueurs confirm\u00e9s du circuit professionnel et certains des jeunes espoirs du tennis international.<\/p>\n\n<p class=\"wp-block-paragraph\">Parmi eux, il y aura une importante repr\u00e9sentation de la <strong>Rafa Nadal Academy<\/strong>, avec la pr\u00e9sence de <strong>trois champions de Grand Chelem junior : Dani Rinc\u00f3n, Ivan Ivanov et Ziga Sesko<\/strong>.<\/p>\n\n<p class=\"wp-block-paragraph\">L\u2019un des grands protagonistes sera pr\u00e9cis\u00e9ment <strong>Dani Rinc\u00f3n<\/strong>, champion en titre du Rafa Nadal Open by Movistar. Le joueur originaire d\u2019\u00c1vila, champion de l\u2019<strong>US Open junior en 2021<\/strong>, fera son retour sur les courts o\u00f9 il est devenu l\u2019an dernier le premier tennisman espagnol et le premier joueur de l\u2019Acad\u00e9mie \u00e0 remporter le titre. Rinc\u00f3n commencera la d\u00e9fense de sa couronne face \u00e0 l\u2019Estonien <strong>Daniil Glinka<\/strong>.  <\/p>\n\n<p class=\"wp-block-paragraph\">Fera \u00e9galement partie du tableau <strong>Ivan Ivanov<\/strong>, qui se pr\u00e9sente \u00e0 Manacor apr\u00e8s une brillante \u00e9tape junior au cours de laquelle il s\u2019est impos\u00e9 comme l\u2019un des grands talents de sa g\u00e9n\u00e9ration.<\/p>\n\n<div style=\"height:29px\" aria-hidden=\"true\" class=\"wp-block-spacer\"><\/div>\n\n<figure class=\"wp-block-image size-full\"><a href=\"https:\/\/rafanadalopen.com\/entradas-gratuitas\/\"><img loading=\"lazy\" decoding=\"async\" width=\"942\" height=\"717\" src=\"https:\/\/www.rafanadalacademy.com\/wp-content\/uploads\/2026\/08\/rafa-nadal-open-2026.png\" alt=\"\" class=\"wp-image-49907\" srcset=\"https:\/\/www.rafanadalacademy.com\/wp-content\/uploads\/2026\/08\/rafa-nadal-open-2026.png 942w, https:\/\/www.rafanadalacademy.com\/wp-content\/uploads\/2026\/08\/rafa-nadal-open-2026-300x228.png 300w, https:\/\/www.rafanadalacademy.com\/wp-content\/uploads\/2026\/08\/rafa-nadal-open-2026-768x585.png 768w\" sizes=\"auto, (max-width: 942px) 100vw, 942px\" \/><\/a><\/figure>\n\n<div style=\"height:29px\" aria-hidden=\"true\" class=\"wp-block-spacer\"><\/div>\n\n<p class=\"wp-block-paragraph\">Le troisi\u00e8me champion de Grand Chelem junior de l\u2019Acad\u00e9mie sera <strong>Ziga Sesko<\/strong>, r\u00e9cent vainqueur du titre en double de Wimbledon junior. Le joueur slov\u00e8ne a \u00e9galement \u00e9t\u00e9 l\u2019un des protagonistes du <strong>tirage au sort du tableau principal du Rafa Nadal Open by Movistar<\/strong>, c\u00e9l\u00e9br\u00e9 \u00e0 l\u2019Acad\u00e9mie avant le d\u00e9but de la comp\u00e9tition. Sesko fera ses d\u00e9buts face \u00e0 la <strong>t\u00eate de s\u00e9rie num\u00e9ro deux du tournoi, le Fran\u00e7ais Alexandre Muller<\/strong>.  <\/p>\n\n<p class=\"wp-block-paragraph\"><strong>Huit \u00e9ditions de tennis professionnel \u00e0 Manacor<\/strong><\/p>\n\n<p class=\"wp-block-paragraph\">Depuis sa cr\u00e9ation en <strong>2018<\/strong>, le Rafa Nadal Open by Movistar a vu la participation de noms tels que <strong>Carlos Alcaraz, Andy Murray, Marin Cilic, Fernando Verdasco ou Pablo And\u00fajar<\/strong>, en plus de nombreux jeunes qui ont par la suite r\u00e9ussi \u00e0 s\u2019imposer dans l\u2019\u00e9lite du tennis mondial.<\/p>\n\n<p class=\"wp-block-paragraph\">De plus, lors de ses sept \u00e9ditions pr\u00e9c\u00e9dentes, <strong>aucun joueur n\u2019a remport\u00e9 le titre deux fois<\/strong>, avec sept champions diff\u00e9rents : <strong>Bernard Tomic (2018), Emil Ruusuvuori (2019), Lukas Lacko (2021), Luca Nardi (2022), Hamad Medjedovic (2023), Duje Ajdukovi\u0107 (2024) et Dani Rinc\u00f3n (2025)<\/strong>.<\/p>\n\n<figure class=\"wp-block-gallery has-nested-images columns-default is-cropped wp-block-gallery-1 is-layout-flex wp-block-gallery-is-layout-flex\">\n<figure class=\"wp-block-image size-large\"><img loading=\"lazy\" decoding=\"async\" width=\"819\" height=\"1024\" data-id=\"50853\" src=\"https:\/\/www.rafanadalacademy.com\/wp-content\/uploads\/2026\/08\/dummy-3-819x1024.png\" alt=\"\" class=\"wp-image-50853\" srcset=\"https:\/\/www.rafanadalacademy.com\/wp-content\/uploads\/2026\/08\/dummy-3-819x1024.png 819w, https:\/\/www.rafanadalacademy.com\/wp-content\/uploads\/2026\/08\/dummy-3-240x300.png 240w, https:\/\/www.rafanadalacademy.com\/wp-content\/uploads\/2026\/08\/dummy-3-768x960.png 768w, https:\/\/www.rafanadalacademy.com\/wp-content\/uploads\/2026\/08\/dummy-3-1229x1536.png 1229w, https:\/\/www.rafanadalacademy.com\/wp-content\/uploads\/2026\/08\/dummy-3.png 1440w\" sizes=\"auto, (max-width: 819px) 100vw, 819px\" \/><\/figure>\n<\/figure>\n\n<div style=\"height:29px\" aria-hidden=\"true\" class=\"wp-block-spacer\"><\/div>\n\n<p class=\"wp-block-paragraph\">Au-del\u00e0 de la comp\u00e9tition, le<strong> Rafa Nadal Open by Movistar <\/strong>combinera \u00e0 nouveau tout au long de la semaine tennis et divertissement avec une <strong>programmation <\/strong>de <strong>propositions gastronomiques<\/strong>, de la <strong>musique <\/strong>et des <strong>activit\u00e9s de loisirs pour les enfants et les familles.<\/strong> L\u2019un des moments forts aura lieu samedi avec \u00ab El Tie-Break : Vinos y Tapas \u00bb, un tardeo qui r\u00e9unira des propositions gastronomiques du Grupo Maca de Castro, Santi Taura, La Loba, \u00dcbeck, Cassai et Roland-Garros, accompagn\u00e9es de vins de Casa Rojo, Can Axartell, Gallinas i Focas, Ribas, 4 Kilos et Binigrau, ainsi que de la musique en direct et des DJs. Comme lors des \u00e9ditions pr\u00e9c\u00e9dentes, l\u2019acc\u00e8s au tournoi sera gratuit, sur t\u00e9l\u00e9chargement pr\u00e9alable du billet via le site officiel de l\u2019\u00e9v\u00e9nement. <\/p>\n\n<p class=\"wp-block-paragraph\">De plus, les passionn\u00e9s qui t\u00e9l\u00e9chargent leur billet pourront acc\u00e9der au <strong>Rafa Nadal Museum r\u00e9nov\u00e9 pour un prix sp\u00e9cial de 14 euros<\/strong>, compl\u00e9tant ainsi la journ\u00e9e de tennis par un parcours \u00e0 travers la carri\u00e8re de Rafa Nadal et de certaines des plus grandes l\u00e9gendes du sport.<\/p>\n\n<div style=\"height:29px\" aria-hidden=\"true\" class=\"wp-block-spacer\"><\/div>\n\n<figure class=\"wp-block-embed is-type-video is-provider-youtube wp-block-embed-youtube wp-embed-aspect-16-9 wp-has-aspect-ratio\"><div class=\"wp-block-embed__wrapper\">\n<iframe loading=\"lazy\" title=\"Rafa Nadal Open by Movistar 2025: The Film\" width=\"500\" height=\"281\" src=\"https:\/\/www.youtube.com\/embed\/IpXRqbaM6kg?feature=oembed\" frameborder=\"0\" allow=\"accelerometer; autoplay; clipboard-write; encrypted-media; gyroscope; picture-in-picture; web-share\" referrerpolicy=\"strict-origin-when-cross-origin\" allowfullscreen><\/iframe>\n<\/div><\/figure>\n\n<div style=\"height:30px\" aria-hidden=\"true\" class=\"wp-block-spacer\"><\/div>\n\n<p class=\"wp-block-paragraph\">De plus, les passionn\u00e9s qui t\u00e9l\u00e9chargent leur billet pourront acc\u00e9der au <strong>Rafa Nadal Museum r\u00e9nov\u00e9 pour un prix sp\u00e9cial de 14 euros<\/strong>, compl\u00e9tant ainsi la journ\u00e9e de tennis par un parcours \u00e0 travers la carri\u00e8re de Rafa Nadal et de certaines des plus grandes l\u00e9gendes du sport.<\/p>\n\n<p class=\"wp-block-paragraph\"><\/p>\n\n<div style=\"height:30px\" aria-hidden=\"true\" class=\"wp-block-spacer\"><\/div>\n\n<figure class=\"wp-block-embed is-type-video is-provider-youtube wp-block-embed-youtube wp-embed-aspect-16-9 wp-has-aspect-ratio\"><div class=\"wp-block-embed__wrapper\">\n<iframe loading=\"lazy\" title=\"Rafa Nadal presencia la final del Rafa Nadal Open by Movistar\" width=\"500\" height=\"281\" src=\"https:\/\/www.youtube.com\/embed\/yEA1qkXZKJI?feature=oembed\" frameborder=\"0\" allow=\"accelerometer; autoplay; clipboard-write; encrypted-media; gyroscope; picture-in-picture; web-share\" referrerpolicy=\"strict-origin-when-cross-origin\" allowfullscreen><\/iframe>\n<\/div><\/figure>\n\n<p class=\"wp-block-paragraph\"><\/p>\n\n<p class=\"wp-block-paragraph\"><\/p>\n\n<p class=\"wp-block-paragraph\"><\/p>\n","protected":false},"excerpt":{"rendered":"<p>Le Rafa Nadal Open by Movistar 2026 est d\u00e9j\u00e0 lanc\u00e9. Les courts de la Rafa Nadal Academy \u00e0 Manacor accueillent les premiers matchs de la phase de qualification d\u2019un tournoi appartenant \u00e0 l\u2019ATP Challenger Tour et qui se d\u00e9roulera jusqu\u2019au 6 septembre prochain. Apr\u00e8s le d\u00e9but de la phase de qualification, tous les regards se<a href=\"https:\/\/www.rafanadalacademy.com\/fr\/informations\/loctave-edition-du-rafa-nadal-open-by-movistar-commence\/\">Continue reading <span class=\"sr-only\">&#8220;L\u2019octave \u00e9dition du Rafa Nadal Open by Movistar commence&#8221;<\/span><\/a><\/p>\n","protected":false},"author":23,"featured_media":28834,"comment_status":"closed","ping_status":"closed","sticky":false,"template":"","format":"standard","meta":{"_acf_changed":false,"footnotes":""},"categories":[206,158,149],"tags":[207],"class_list":["post-50933","post","type-post","status-publish","format-standard","has-post-thumbnail","hentry","category-academie-rafa-nadal-par-movistar","category-informations","category-rafa-nadal-open-fr","tag-academie-rafa-nadal-par-movistar"],"acf":[],"yoast_head":"<!-- This site is optimized with the Yoast SEO Premium plugin v26.8 (Yoast SEO v28.3) - https:\/\/yoast.com\/product\/yoast-seo-premium-wordpress\/ -->\n<title>L\u2019octave \u00e9dition du Rafa Nadal Open by Movistar commence - Rafa Nadal Academy<\/title>\n<meta name=\"description\" content=\"L\u2019octave \u00e9dition du Rafa Nadal Open by Movistar est d\u00e9j\u00e0 lanc\u00e9e. Les courts de la Rafa Nadal Academy \u00e0 Manacor accueillent les premiers matchs de la phase de qualification d\u2019un tournoi appartenant \u00e0 l\u2019ATP Challenger Tour et qui se d\u00e9roulera jusqu\u2019au 6 septembre prochain.\" \/>\n<meta name=\"robots\" content=\"index, follow, max-snippet:-1, max-image-preview:large, max-video-preview:-1\" \/>\n<link rel=\"canonical\" href=\"https:\/\/www.rafanadalacademy.com\/fr\/informations\/loctave-edition-du-rafa-nadal-open-by-movistar-commence\/\" \/>\n<meta property=\"og:locale\" content=\"fr_FR\" \/>\n<meta property=\"og:type\" content=\"article\" \/>\n<meta property=\"og:title\" content=\"L\u2019octave \u00e9dition du Rafa Nadal Open by Movistar commence\" \/>\n<meta property=\"og:description\" content=\"L\u2019octave \u00e9dition du Rafa Nadal Open by Movistar est d\u00e9j\u00e0 lanc\u00e9e. Les courts de la Rafa Nadal Academy \u00e0 Manacor accueillent les premiers matchs de la phase de qualification d\u2019un tournoi appartenant \u00e0 l\u2019ATP Challenger Tour et qui se d\u00e9roulera jusqu\u2019au 6 septembre prochain.\" \/>\n<meta property=\"og:url\" content=\"https:\/\/www.rafanadalacademy.com\/fr\/informations\/loctave-edition-du-rafa-nadal-open-by-movistar-commence\/\" \/>\n<meta property=\"og:site_name\" content=\"Rafa Nadal Academy\" \/>\n<meta property=\"article:published_time\" content=\"2026-08-31T09:06:57+00:00\" \/>\n<meta property=\"article:modified_time\" content=\"2026-08-31T09:31:54+00:00\" \/>\n<meta property=\"og:image\" content=\"https:\/\/www.rafanadalacademy.com\/wp-content\/uploads\/2025\/07\/quiz-rafa-nadal-open-by-movistar-2023-m1lky8rerz-2.jpg\" \/>\n\t<meta property=\"og:image:width\" content=\"2000\" \/>\n\t<meta property=\"og:image:height\" content=\"1205\" \/>\n\t<meta property=\"og:image:type\" content=\"image\/jpeg\" \/>\n<meta name=\"author\" content=\"joseluisprados\" \/>\n<meta name=\"twitter:card\" content=\"summary_large_image\" \/>\n<meta name=\"twitter:label1\" content=\"Written by\" \/>\n\t<meta name=\"twitter:data1\" content=\"joseluisprados\" \/>\n\t<meta name=\"twitter:label2\" content=\"Est. reading time\" \/>\n\t<meta name=\"twitter:data2\" content=\"3 minutes\" \/>\n<script type=\"application\/ld+json\" class=\"yoast-schema-graph\">{\"@context\":\"https:\\\/\\\/schema.org\",\"@graph\":[{\"@type\":\"Article\",\"@id\":\"https:\\\/\\\/www.rafanadalacademy.com\\\/fr\\\/informations\\\/loctave-edition-du-rafa-nadal-open-by-movistar-commence\\\/#article\",\"isPartOf\":{\"@id\":\"https:\\\/\\\/www.rafanadalacademy.com\\\/fr\\\/informations\\\/loctave-edition-du-rafa-nadal-open-by-movistar-commence\\\/\"},\"author\":{\"name\":\"joseluisprados\",\"@id\":\"https:\\\/\\\/www.rafanadalacademy.com\\\/fr\\\/#\\\/schema\\\/person\\\/744897d6ee269641fff954376180ef01\"},\"headline\":\"L\u2019octave \u00e9dition du Rafa Nadal Open by Movistar commence\",\"datePublished\":\"2026-08-31T09:06:57+00:00\",\"dateModified\":\"2026-08-31T09:31:54+00:00\",\"mainEntityOfPage\":{\"@id\":\"https:\\\/\\\/www.rafanadalacademy.com\\\/fr\\\/informations\\\/loctave-edition-du-rafa-nadal-open-by-movistar-commence\\\/\"},\"wordCount\":697,\"image\":{\"@id\":\"https:\\\/\\\/www.rafanadalacademy.com\\\/fr\\\/informations\\\/loctave-edition-du-rafa-nadal-open-by-movistar-commence\\\/#primaryimage\"},\"thumbnailUrl\":\"https:\\\/\\\/www.rafanadalacademy.com\\\/wp-content\\\/uploads\\\/2025\\\/07\\\/quiz-rafa-nadal-open-by-movistar-2023-m1lky8rerz-2.jpg\",\"keywords\":[\"ACAD\u00c9MIE RAFA NADAL PAR MOVISTAR\"],\"articleSection\":[\"ACAD\u00c9MIE RAFA NADAL PAR MOVISTAR\",\"informations\",\"RAFA NADAL OPEN\"],\"inLanguage\":\"fr-FR\",\"copyrightYear\":\"2026\",\"copyrightHolder\":{\"@id\":\"https:\\\/\\\/www.rafanadalacademy.com\\\/#organization\"}},{\"@type\":\"WebPage\",\"@id\":\"https:\\\/\\\/www.rafanadalacademy.com\\\/fr\\\/informations\\\/loctave-edition-du-rafa-nadal-open-by-movistar-commence\\\/\",\"url\":\"https:\\\/\\\/www.rafanadalacademy.com\\\/fr\\\/informations\\\/loctave-edition-du-rafa-nadal-open-by-movistar-commence\\\/\",\"name\":\"L\u2019octave \u00e9dition du Rafa Nadal Open by Movistar commence - Rafa Nadal Academy\",\"isPartOf\":{\"@id\":\"https:\\\/\\\/www.rafanadalacademy.com\\\/fr\\\/#website\"},\"primaryImageOfPage\":{\"@id\":\"https:\\\/\\\/www.rafanadalacademy.com\\\/fr\\\/informations\\\/loctave-edition-du-rafa-nadal-open-by-movistar-commence\\\/#primaryimage\"},\"image\":{\"@id\":\"https:\\\/\\\/www.rafanadalacademy.com\\\/fr\\\/informations\\\/loctave-edition-du-rafa-nadal-open-by-movistar-commence\\\/#primaryimage\"},\"thumbnailUrl\":\"https:\\\/\\\/www.rafanadalacademy.com\\\/wp-content\\\/uploads\\\/2025\\\/07\\\/quiz-rafa-nadal-open-by-movistar-2023-m1lky8rerz-2.jpg\",\"datePublished\":\"2026-08-31T09:06:57+00:00\",\"dateModified\":\"2026-08-31T09:31:54+00:00\",\"author\":{\"@id\":\"https:\\\/\\\/www.rafanadalacademy.com\\\/fr\\\/#\\\/schema\\\/person\\\/744897d6ee269641fff954376180ef01\"},\"description\":\"L\u2019octave \u00e9dition du Rafa Nadal Open by Movistar est d\u00e9j\u00e0 lanc\u00e9e. Les courts de la Rafa Nadal Academy \u00e0 Manacor accueillent les premiers matchs de la phase de qualification d\u2019un tournoi appartenant \u00e0 l\u2019ATP Challenger Tour et qui se d\u00e9roulera jusqu\u2019au 6 septembre prochain.\",\"breadcrumb\":{\"@id\":\"https:\\\/\\\/www.rafanadalacademy.com\\\/fr\\\/informations\\\/loctave-edition-du-rafa-nadal-open-by-movistar-commence\\\/#breadcrumb\"},\"inLanguage\":\"fr-FR\",\"potentialAction\":[{\"@type\":\"ReadAction\",\"target\":[\"https:\\\/\\\/www.rafanadalacademy.com\\\/fr\\\/informations\\\/loctave-edition-du-rafa-nadal-open-by-movistar-commence\\\/\"]}]},{\"@type\":\"ImageObject\",\"inLanguage\":\"fr-FR\",\"@id\":\"https:\\\/\\\/www.rafanadalacademy.com\\\/fr\\\/informations\\\/loctave-edition-du-rafa-nadal-open-by-movistar-commence\\\/#primaryimage\",\"url\":\"https:\\\/\\\/www.rafanadalacademy.com\\\/wp-content\\\/uploads\\\/2025\\\/07\\\/quiz-rafa-nadal-open-by-movistar-2023-m1lky8rerz-2.jpg\",\"contentUrl\":\"https:\\\/\\\/www.rafanadalacademy.com\\\/wp-content\\\/uploads\\\/2025\\\/07\\\/quiz-rafa-nadal-open-by-movistar-2023-m1lky8rerz-2.jpg\",\"width\":2000,\"height\":1205},{\"@type\":\"BreadcrumbList\",\"@id\":\"https:\\\/\\\/www.rafanadalacademy.com\\\/fr\\\/informations\\\/loctave-edition-du-rafa-nadal-open-by-movistar-commence\\\/#breadcrumb\",\"itemListElement\":[{\"@type\":\"ListItem\",\"position\":1,\"name\":\"Home\",\"item\":\"https:\\\/\\\/www.rafanadalacademy.com\\\/fr\\\/\"},{\"@type\":\"ListItem\",\"position\":2,\"name\":\"L\u2019octave \u00e9dition du Rafa Nadal Open by Movistar commence\"}]},{\"@type\":\"WebSite\",\"@id\":\"https:\\\/\\\/www.rafanadalacademy.com\\\/fr\\\/#website\",\"url\":\"https:\\\/\\\/www.rafanadalacademy.com\\\/fr\\\/\",\"name\":\"Rafa Nadal Academy\",\"description\":\"Otro sitio realizado con WordPress\",\"potentialAction\":[{\"@type\":\"SearchAction\",\"target\":{\"@type\":\"EntryPoint\",\"urlTemplate\":\"https:\\\/\\\/www.rafanadalacademy.com\\\/fr\\\/?s={search_term_string}\"},\"query-input\":{\"@type\":\"PropertyValueSpecification\",\"valueRequired\":true,\"valueName\":\"search_term_string\"}}],\"inLanguage\":\"fr-FR\"},{\"@type\":\"Person\",\"@id\":\"https:\\\/\\\/www.rafanadalacademy.com\\\/fr\\\/#\\\/schema\\\/person\\\/744897d6ee269641fff954376180ef01\",\"name\":\"joseluisprados\",\"image\":{\"@type\":\"ImageObject\",\"inLanguage\":\"fr-FR\",\"@id\":\"https:\\\/\\\/secure.gravatar.com\\\/avatar\\\/8aa823a6e5501864ffab4785d9e2a994b59c2d45c9f9751c5a532abfec081e5f?s=96&d=mm&r=g\",\"url\":\"https:\\\/\\\/secure.gravatar.com\\\/avatar\\\/8aa823a6e5501864ffab4785d9e2a994b59c2d45c9f9751c5a532abfec081e5f?s=96&d=mm&r=g\",\"contentUrl\":\"https:\\\/\\\/secure.gravatar.com\\\/avatar\\\/8aa823a6e5501864ffab4785d9e2a994b59c2d45c9f9751c5a532abfec081e5f?s=96&d=mm&r=g\",\"caption\":\"joseluisprados\"},\"url\":\"https:\\\/\\\/www.rafanadalacademy.com\\\/fr\\\/author\\\/joseluisprados\\\/\"},{\"@type\":\"ImageObject\",\"inLanguage\":\"fr-FR\",\"@id\":\"https:\\\/\\\/www.rafanadalacademy.com\\\/fr\\\/informations\\\/loctave-edition-du-rafa-nadal-open-by-movistar-commence\\\/#local-main-organization-logo\",\"url\":\"\",\"contentUrl\":\"\",\"caption\":\"Rafa Nadal Academy\"}]}<\/script>\n<!-- \/ Yoast SEO Premium plugin. -->","yoast_head_json":{"title":"L\u2019octave \u00e9dition du Rafa Nadal Open by Movistar commence - Rafa Nadal Academy","description":"L\u2019octave \u00e9dition du Rafa Nadal Open by Movistar est d\u00e9j\u00e0 lanc\u00e9e. Les courts de la Rafa Nadal Academy \u00e0 Manacor accueillent les premiers matchs de la phase de qualification d\u2019un tournoi appartenant \u00e0 l\u2019ATP Challenger Tour et qui se d\u00e9roulera jusqu\u2019au 6 septembre prochain.","robots":{"index":"index","follow":"follow","max-snippet":"max-snippet:-1","max-image-preview":"max-image-preview:large","max-video-preview":"max-video-preview:-1"},"canonical":"https:\/\/www.rafanadalacademy.com\/fr\/informations\/loctave-edition-du-rafa-nadal-open-by-movistar-commence\/","og_locale":"fr_FR","og_type":"article","og_title":"L\u2019octave \u00e9dition du Rafa Nadal Open by Movistar commence","og_description":"L\u2019octave \u00e9dition du Rafa Nadal Open by Movistar est d\u00e9j\u00e0 lanc\u00e9e. Les courts de la Rafa Nadal Academy \u00e0 Manacor accueillent les premiers matchs de la phase de qualification d\u2019un tournoi appartenant \u00e0 l\u2019ATP Challenger Tour et qui se d\u00e9roulera jusqu\u2019au 6 septembre prochain.","og_url":"https:\/\/www.rafanadalacademy.com\/fr\/informations\/loctave-edition-du-rafa-nadal-open-by-movistar-commence\/","og_site_name":"Rafa Nadal Academy","article_published_time":"2026-08-31T09:06:57+00:00","article_modified_time":"2026-08-31T09:31:54+00:00","og_image":[{"width":2000,"height":1205,"url":"https:\/\/www.rafanadalacademy.com\/wp-content\/uploads\/2025\/07\/quiz-rafa-nadal-open-by-movistar-2023-m1lky8rerz-2.jpg","type":"image\/jpeg"}],"author":"joseluisprados","twitter_card":"summary_large_image","twitter_misc":{"Written by":"joseluisprados","Est. reading time":"3 minutes"},"schema":{"@context":"https:\/\/schema.org","@graph":[{"@type":"Article","@id":"https:\/\/www.rafanadalacademy.com\/fr\/informations\/loctave-edition-du-rafa-nadal-open-by-movistar-commence\/#article","isPartOf":{"@id":"https:\/\/www.rafanadalacademy.com\/fr\/informations\/loctave-edition-du-rafa-nadal-open-by-movistar-commence\/"},"author":{"name":"joseluisprados","@id":"https:\/\/www.rafanadalacademy.com\/fr\/#\/schema\/person\/744897d6ee269641fff954376180ef01"},"headline":"L\u2019octave \u00e9dition du Rafa Nadal Open by Movistar commence","datePublished":"2026-08-31T09:06:57+00:00","dateModified":"2026-08-31T09:31:54+00:00","mainEntityOfPage":{"@id":"https:\/\/www.rafanadalacademy.com\/fr\/informations\/loctave-edition-du-rafa-nadal-open-by-movistar-commence\/"},"wordCount":697,"image":{"@id":"https:\/\/www.rafanadalacademy.com\/fr\/informations\/loctave-edition-du-rafa-nadal-open-by-movistar-commence\/#primaryimage"},"thumbnailUrl":"https:\/\/www.rafanadalacademy.com\/wp-content\/uploads\/2025\/07\/quiz-rafa-nadal-open-by-movistar-2023-m1lky8rerz-2.jpg","keywords":["ACAD\u00c9MIE RAFA NADAL PAR MOVISTAR"],"articleSection":["ACAD\u00c9MIE RAFA NADAL PAR MOVISTAR","informations","RAFA NADAL OPEN"],"inLanguage":"fr-FR","copyrightYear":"2026","copyrightHolder":{"@id":"https:\/\/www.rafanadalacademy.com\/#organization"}},{"@type":"WebPage","@id":"https:\/\/www.rafanadalacademy.com\/fr\/informations\/loctave-edition-du-rafa-nadal-open-by-movistar-commence\/","url":"https:\/\/www.rafanadalacademy.com\/fr\/informations\/loctave-edition-du-rafa-nadal-open-by-movistar-commence\/","name":"L\u2019octave \u00e9dition du Rafa Nadal Open by Movistar commence - Rafa Nadal Academy","isPartOf":{"@id":"https:\/\/www.rafanadalacademy.com\/fr\/#website"},"primaryImageOfPage":{"@id":"https:\/\/www.rafanadalacademy.com\/fr\/informations\/loctave-edition-du-rafa-nadal-open-by-movistar-commence\/#primaryimage"},"image":{"@id":"https:\/\/www.rafanadalacademy.com\/fr\/informations\/loctave-edition-du-rafa-nadal-open-by-movistar-commence\/#primaryimage"},"thumbnailUrl":"https:\/\/www.rafanadalacademy.com\/wp-content\/uploads\/2025\/07\/quiz-rafa-nadal-open-by-movistar-2023-m1lky8rerz-2.jpg","datePublished":"2026-08-31T09:06:57+00:00","dateModified":"2026-08-31T09:31:54+00:00","author":{"@id":"https:\/\/www.rafanadalacademy.com\/fr\/#\/schema\/person\/744897d6ee269641fff954376180ef01"},"description":"L\u2019octave \u00e9dition du Rafa Nadal Open by Movistar est d\u00e9j\u00e0 lanc\u00e9e. Les courts de la Rafa Nadal Academy \u00e0 Manacor accueillent les premiers matchs de la phase de qualification d\u2019un tournoi appartenant \u00e0 l\u2019ATP Challenger Tour et qui se d\u00e9roulera jusqu\u2019au 6 septembre prochain.","breadcrumb":{"@id":"https:\/\/www.rafanadalacademy.com\/fr\/informations\/loctave-edition-du-rafa-nadal-open-by-movistar-commence\/#breadcrumb"},"inLanguage":"fr-FR","potentialAction":[{"@type":"ReadAction","target":["https:\/\/www.rafanadalacademy.com\/fr\/informations\/loctave-edition-du-rafa-nadal-open-by-movistar-commence\/"]}]},{"@type":"ImageObject","inLanguage":"fr-FR","@id":"https:\/\/www.rafanadalacademy.com\/fr\/informations\/loctave-edition-du-rafa-nadal-open-by-movistar-commence\/#primaryimage","url":"https:\/\/www.rafanadalacademy.com\/wp-content\/uploads\/2025\/07\/quiz-rafa-nadal-open-by-movistar-2023-m1lky8rerz-2.jpg","contentUrl":"https:\/\/www.rafanadalacademy.com\/wp-content\/uploads\/2025\/07\/quiz-rafa-nadal-open-by-movistar-2023-m1lky8rerz-2.jpg","width":2000,"height":1205},{"@type":"BreadcrumbList","@id":"https:\/\/www.rafanadalacademy.com\/fr\/informations\/loctave-edition-du-rafa-nadal-open-by-movistar-commence\/#breadcrumb","itemListElement":[{"@type":"ListItem","position":1,"name":"Home","item":"https:\/\/www.rafanadalacademy.com\/fr\/"},{"@type":"ListItem","position":2,"name":"L\u2019octave \u00e9dition du Rafa Nadal Open by Movistar commence"}]},{"@type":"WebSite","@id":"https:\/\/www.rafanadalacademy.com\/fr\/#website","url":"https:\/\/www.rafanadalacademy.com\/fr\/","name":"Rafa Nadal Academy","description":"Otro sitio realizado con WordPress","potentialAction":[{"@type":"SearchAction","target":{"@type":"EntryPoint","urlTemplate":"https:\/\/www.rafanadalacademy.com\/fr\/?s={search_term_string}"},"query-input":{"@type":"PropertyValueSpecification","valueRequired":true,"valueName":"search_term_string"}}],"inLanguage":"fr-FR"},{"@type":"Person","@id":"https:\/\/www.rafanadalacademy.com\/fr\/#\/schema\/person\/744897d6ee269641fff954376180ef01","name":"joseluisprados","image":{"@type":"ImageObject","inLanguage":"fr-FR","@id":"https:\/\/secure.gravatar.com\/avatar\/8aa823a6e5501864ffab4785d9e2a994b59c2d45c9f9751c5a532abfec081e5f?s=96&d=mm&r=g","url":"https:\/\/secure.gravatar.com\/avatar\/8aa823a6e5501864ffab4785d9e2a994b59c2d45c9f9751c5a532abfec081e5f?s=96&d=mm&r=g","contentUrl":"https:\/\/secure.gravatar.com\/avatar\/8aa823a6e5501864ffab4785d9e2a994b59c2d45c9f9751c5a532abfec081e5f?s=96&d=mm&r=g","caption":"joseluisprados"},"url":"https:\/\/www.rafanadalacademy.com\/fr\/author\/joseluisprados\/"},{"@type":"ImageObject","inLanguage":"fr-FR","@id":"https:\/\/www.rafanadalacademy.com\/fr\/informations\/loctave-edition-du-rafa-nadal-open-by-movistar-commence\/#local-main-organization-logo","url":"","contentUrl":"","caption":"Rafa Nadal Academy"}]}},"_links":{"self":[{"href":"https:\/\/www.rafanadalacademy.com\/fr\/wp-json\/wp\/v2\/posts\/50933","targetHints":{"allow":["GET"]}}],"collection":[{"href":"https:\/\/www.rafanadalacademy.com\/fr\/wp-json\/wp\/v2\/posts"}],"about":[{"href":"https:\/\/www.rafanadalacademy.com\/fr\/wp-json\/wp\/v2\/types\/post"}],"author":[{"embeddable":true,"href":"https:\/\/www.rafanadalacademy.com\/fr\/wp-json\/wp\/v2\/users\/23"}],"replies":[{"embeddable":true,"href":"https:\/\/www.rafanadalacademy.com\/fr\/wp-json\/wp\/v2\/comments?post=50933"}],"version-history":[{"count":1,"href":"https:\/\/www.rafanadalacademy.com\/fr\/wp-json\/wp\/v2\/posts\/50933\/revisions"}],"predecessor-version":[{"id":50934,"href":"https:\/\/www.rafanadalacademy.com\/fr\/wp-json\/wp\/v2\/posts\/50933\/revisions\/50934"}],"wp:featuredmedia":[{"embeddable":true,"href":"https:\/\/www.rafanadalacademy.com\/fr\/wp-json\/wp\/v2\/media\/28834"}],"wp:attachment":[{"href":"https:\/\/www.rafanadalacademy.com\/fr\/wp-json\/wp\/v2\/media?parent=50933"}],"wp:term":[{"taxonomy":"category","embeddable":true,"href":"https:\/\/www.rafanadalacademy.com\/fr\/wp-json\/wp\/v2\/categories?post=50933"},{"taxonomy":"post_tag","embeddable":true,"href":"https:\/\/www.rafanadalacademy.com\/fr\/wp-json\/wp\/v2\/tags?post=50933"}],"curies":[{"name":"wp","href":"https:\/\/api.w.org\/{rel}","templated":true}]}}