{"id":50868,"date":"2026-08-27T07:46:44","date_gmt":"2026-08-27T07:46:44","guid":{"rendered":"https:\/\/www.rafanadalacademy.com\/non-classifiee\/les-sept-magnifiques-du-rafa-nadal-open-by-movistar\/"},"modified":"2026-08-27T07:55:26","modified_gmt":"2026-08-27T07:55:26","slug":"les-sept-magnifiques-du-rafa-nadal-open-by-movistar","status":"publish","type":"post","link":"https:\/\/www.rafanadalacademy.com\/fr\/informations\/les-sept-magnifiques-du-rafa-nadal-open-by-movistar\/","title":{"rendered":"Les sept magnifiques du Rafa Nadal Open by Movistar"},"content":{"rendered":"\n<p class=\"wp-block-paragraph\">Sept \u00e9ditions, sept champions. Depuis sa cr\u00e9ation en 2018, le Rafa Nadal Open by Movistar a b\u00e2ti un palmar\u00e8s aussi vari\u00e9 que r\u00e9v\u00e9lateur de son r\u00f4le au sein de l&#8217;ATP Challenger Tour. \u00c0 la Rafa Nadal Academy by Movistar, de jeunes espoirs appel\u00e9s \u00e0 faire un bond dans le circuit, des joueurs confirm\u00e9s en qu\u00eate de confiance et des noms ayant une exp\u00e9rience suffisante pour faire la diff\u00e9rence lors d&#8217;une semaine exigeante ont soulev\u00e9 le troph\u00e9e.  <br\/><\/p>\n\n<figure class=\"wp-block-image size-large\"><img loading=\"lazy\" decoding=\"async\" width=\"819\" height=\"1024\" src=\"https:\/\/www.rafanadalacademy.com\/wp-content\/uploads\/2026\/08\/dummy-3-819x1024.png\" alt=\"\" class=\"wp-image-50853\" srcset=\"https:\/\/www.rafanadalacademy.com\/wp-content\/uploads\/2026\/08\/dummy-3-819x1024.png 819w, https:\/\/www.rafanadalacademy.com\/wp-content\/uploads\/2026\/08\/dummy-3-240x300.png 240w, https:\/\/www.rafanadalacademy.com\/wp-content\/uploads\/2026\/08\/dummy-3-768x960.png 768w, https:\/\/www.rafanadalacademy.com\/wp-content\/uploads\/2026\/08\/dummy-3-1229x1536.png 1229w, https:\/\/www.rafanadalacademy.com\/wp-content\/uploads\/2026\/08\/dummy-3.png 1440w\" sizes=\"auto, (max-width: 819px) 100vw, 819px\" \/><\/figure>\n\n<div style=\"height:30px\" aria-hidden=\"true\" class=\"wp-block-spacer\"><\/div>\n\n<p class=\"wp-block-paragraph\">Sept \u00e9ditions plus tard, le Rafa Nadal Open by Movistar peut se targuer de compter sept champions diff\u00e9rents. Sept noms qui font d\u00e9j\u00e0 partie de son histoire. Avec vous, les sept magnifiques du Rafa Nadal Open by Movistar.  <\/p>\n\n<p class=\"wp-block-paragraph\"><strong>2018 \u2013 Bernard Tomic : le premier champion<\/strong><\/p>\n\n<p class=\"wp-block-paragraph\">La premi\u00e8re \u00e9dition du tournoi a couronn\u00e9 l&#8217;Australien Bernard Tomic, un joueur au talent av\u00e9r\u00e9 qui a su imposer son exp\u00e9rience lors d&#8217;une finale tr\u00e8s serr\u00e9e face \u00e0 l&#8217;Allemand Matthias Bachinger. Tomic a remont\u00e9 son retard pour s&#8217;imposer 4-6, 6-3, 7-6, inaugurant ainsi le palmar\u00e8s du Rafa Nadal Open by Movistar. Sur son chemin vers le titre, il a battu des adversaires tels que Mario Vilella, Pedro Cach\u00edn ou Norbert Gombos, pla\u00e7ant la barre tr\u00e8s haut d\u00e8s le lancement du tournoi.  <\/p>\n\n<p class=\"wp-block-paragraph\"><strong>2019 \u2013 Emil Ruusuvuori : le vent finlandais<\/strong><\/p>\n\n<p class=\"wp-block-paragraph\">Un an plus tard, le titre s&#8217;est envol\u00e9 pour la Finlande gr\u00e2ce \u00e0 Emil Ruusuvuori. Le jeune joueur finlandais a sign\u00e9 une finale incontestable face \u00e0 Matteo Viola, qu&#8217;il a battu 6-0, 6-1. Cette \u00e9dition a \u00e9galement \u00e9t\u00e9 marqu\u00e9e par la pr\u00e9sence d&#8217;Andy Murray, en plein processus de retour \u00e0 la comp\u00e9tition, et par la participation d&#8217;un tr\u00e8s jeune Carlos Alcaraz, qui commen\u00e7ait \u00e0 donner des signes du joueur qu&#8217;il allait devenir.  <\/p>\n\n<div style=\"height:29px\" aria-hidden=\"true\" class=\"wp-block-spacer\"><\/div>\n\n<figure class=\"wp-block-image size-full\"><a href=\"https:\/\/rafanadalopen.com\/entradas-gratuitas\/\"><img loading=\"lazy\" decoding=\"async\" width=\"942\" height=\"717\" src=\"https:\/\/www.rafanadalacademy.com\/wp-content\/uploads\/2026\/08\/rafa-nadal-open-2026.png\" alt=\"\" class=\"wp-image-49907\" srcset=\"https:\/\/www.rafanadalacademy.com\/wp-content\/uploads\/2026\/08\/rafa-nadal-open-2026.png 942w, https:\/\/www.rafanadalacademy.com\/wp-content\/uploads\/2026\/08\/rafa-nadal-open-2026-300x228.png 300w, https:\/\/www.rafanadalacademy.com\/wp-content\/uploads\/2026\/08\/rafa-nadal-open-2026-768x585.png 768w\" sizes=\"auto, (max-width: 942px) 100vw, 942px\" \/><\/a><\/figure>\n\n<div style=\"height:29px\" aria-hidden=\"true\" class=\"wp-block-spacer\"><\/div>\n\n<p class=\"wp-block-paragraph\"><strong>2021 \u2013 Lucas Lacko : l&#8217;exp\u00e9rience gagne aussi<\/strong><\/p>\n\n<p class=\"wp-block-paragraph\">Apr\u00e8s l&#8217;interruption de 2020 due \u00e0 la pand\u00e9mie, le Rafa Nadal Open by Movistar est revenu en 2021 avec une finale pleine d&#8217;\u00e9motion. Le Slovaque Lucas Lacko, v\u00e9t\u00e9ran du circuit, a fait preuve de m\u00e9tier pour battre le Japonais Yasutaka Uchiyama 5-7, 7-6, 6-1. Son triomphe \u00e0 Manacor a eu une valeur particuli\u00e8re : ce fut la derni\u00e8re conqu\u00eate Challenger de sa carri\u00e8re, une victoire qui a r\u00e9compens\u00e9 sa r\u00e9sistance, son parcours et sa capacit\u00e9 \u00e0 concourir jusqu&#8217;au bout.  <\/p>\n\n<p class=\"wp-block-paragraph\"><strong>2022 \u2013 Luca Nardi : jeunesse et temp\u00e9rament<\/strong><\/p>\n\n<p class=\"wp-block-paragraph\">L&#8217;Italien Luca Nardi a confirm\u00e9 \u00e0 Manacor une saison de croissance et d&#8217;ambition. Lors d&#8217;une finale tr\u00e8s \u00e9quilibr\u00e9e face \u00e0 Zizou Bergs, Nardi a fait preuve d&#8217;une maturit\u00e9 comp\u00e9titive pour s&#8217;imposer 7-6, 3-6, 7-5. Ce titre \u00e9tait son troisi\u00e8me de l&#8217;ann\u00e9e sur le circuit Challenger et a renforc\u00e9 son statut de joueur \u00e0 suivre. \u00c0 Majorque, il a clairement montr\u00e9 que son talent s&#8217;accompagnait d&#8217;un caract\u00e8re capable de r\u00e9soudre des matchs de tr\u00e8s haut niveau.   <\/p>\n\n<figure class=\"wp-block-gallery has-nested-images columns-default is-cropped wp-block-gallery-1 is-layout-flex wp-block-gallery-is-layout-flex\">\n<figure class=\"wp-block-image size-large\"><img loading=\"lazy\" decoding=\"async\" width=\"953\" height=\"1024\" data-id=\"50798\" src=\"https:\/\/www.rafanadalacademy.com\/wp-content\/uploads\/2026\/08\/Bernard-Tomic-RNOBS-2018_1347-953x1024.jpg\" alt=\"\" class=\"wp-image-50798\" srcset=\"https:\/\/www.rafanadalacademy.com\/wp-content\/uploads\/2026\/08\/Bernard-Tomic-RNOBS-2018_1347-953x1024.jpg 953w, https:\/\/www.rafanadalacademy.com\/wp-content\/uploads\/2026\/08\/Bernard-Tomic-RNOBS-2018_1347-279x300.jpg 279w, https:\/\/www.rafanadalacademy.com\/wp-content\/uploads\/2026\/08\/Bernard-Tomic-RNOBS-2018_1347-768x825.jpg 768w, https:\/\/www.rafanadalacademy.com\/wp-content\/uploads\/2026\/08\/Bernard-Tomic-RNOBS-2018_1347-1430x1536.jpg 1430w, https:\/\/www.rafanadalacademy.com\/wp-content\/uploads\/2026\/08\/Bernard-Tomic-RNOBS-2018_1347-1907x2048.jpg 1907w\" sizes=\"auto, (max-width: 953px) 100vw, 953px\" \/><figcaption class=\"wp-element-caption\">Bernard Tomic, champion du Rafa Nadal Open by Movistar 2018<\/figcaption><\/figure>\n\n\n\n<figure class=\"wp-block-image size-large\"><img loading=\"lazy\" decoding=\"async\" width=\"1024\" height=\"976\" data-id=\"50828\" src=\"https:\/\/www.rafanadalacademy.com\/wp-content\/uploads\/2026\/08\/Emil-Ruusuvuori-2019_ADM_1741-1024x976.jpg\" alt=\"\" class=\"wp-image-50828\" srcset=\"https:\/\/www.rafanadalacademy.com\/wp-content\/uploads\/2026\/08\/Emil-Ruusuvuori-2019_ADM_1741-1024x976.jpg 1024w, https:\/\/www.rafanadalacademy.com\/wp-content\/uploads\/2026\/08\/Emil-Ruusuvuori-2019_ADM_1741-300x286.jpg 300w, https:\/\/www.rafanadalacademy.com\/wp-content\/uploads\/2026\/08\/Emil-Ruusuvuori-2019_ADM_1741-768x732.jpg 768w, https:\/\/www.rafanadalacademy.com\/wp-content\/uploads\/2026\/08\/Emil-Ruusuvuori-2019_ADM_1741-1536x1464.jpg 1536w, https:\/\/www.rafanadalacademy.com\/wp-content\/uploads\/2026\/08\/Emil-Ruusuvuori-2019_ADM_1741-2048x1952.jpg 2048w\" sizes=\"auto, (max-width: 1024px) 100vw, 1024px\" \/><figcaption class=\"wp-element-caption\">Emil Ruusuvuori, champion du Rafa Nadal Open by Movistar 2019<\/figcaption><\/figure>\n\n\n\n<figure class=\"wp-block-image size-large\"><img loading=\"lazy\" decoding=\"async\" width=\"668\" height=\"1024\" data-id=\"50787\" src=\"https:\/\/www.rafanadalacademy.com\/wp-content\/uploads\/2026\/08\/Lukas-lacko-2021-668x1024.jpg\" alt=\"\" class=\"wp-image-50787\" srcset=\"https:\/\/www.rafanadalacademy.com\/wp-content\/uploads\/2026\/08\/Lukas-lacko-2021-668x1024.jpg 668w, https:\/\/www.rafanadalacademy.com\/wp-content\/uploads\/2026\/08\/Lukas-lacko-2021-196x300.jpg 196w, https:\/\/www.rafanadalacademy.com\/wp-content\/uploads\/2026\/08\/Lukas-lacko-2021-768x1177.jpg 768w, https:\/\/www.rafanadalacademy.com\/wp-content\/uploads\/2026\/08\/Lukas-lacko-2021-1002x1536.jpg 1002w, https:\/\/www.rafanadalacademy.com\/wp-content\/uploads\/2026\/08\/Lukas-lacko-2021-1336x2048.jpg 1336w, https:\/\/www.rafanadalacademy.com\/wp-content\/uploads\/2026\/08\/Lukas-lacko-2021-scaled.jpg 1670w\" sizes=\"auto, (max-width: 668px) 100vw, 668px\" \/><figcaption class=\"wp-element-caption\">Lukas Lacko, champion du Rafa Nadal Open by Movistar 2021<\/figcaption><\/figure>\n\n\n\n<figure class=\"wp-block-image size-large\"><img loading=\"lazy\" decoding=\"async\" width=\"1024\" height=\"797\" data-id=\"50844\" src=\"https:\/\/www.rafanadalacademy.com\/wp-content\/uploads\/2026\/08\/Luca-Nardi-IV-RNO-2022-Alvaro-Diaz_2648-1-1024x797.jpg\" alt=\"\" class=\"wp-image-50844\" srcset=\"https:\/\/www.rafanadalacademy.com\/wp-content\/uploads\/2026\/08\/Luca-Nardi-IV-RNO-2022-Alvaro-Diaz_2648-1-1024x797.jpg 1024w, https:\/\/www.rafanadalacademy.com\/wp-content\/uploads\/2026\/08\/Luca-Nardi-IV-RNO-2022-Alvaro-Diaz_2648-1-300x234.jpg 300w, https:\/\/www.rafanadalacademy.com\/wp-content\/uploads\/2026\/08\/Luca-Nardi-IV-RNO-2022-Alvaro-Diaz_2648-1-768x598.jpg 768w, https:\/\/www.rafanadalacademy.com\/wp-content\/uploads\/2026\/08\/Luca-Nardi-IV-RNO-2022-Alvaro-Diaz_2648-1-1536x1196.jpg 1536w, https:\/\/www.rafanadalacademy.com\/wp-content\/uploads\/2026\/08\/Luca-Nardi-IV-RNO-2022-Alvaro-Diaz_2648-1-2048x1594.jpg 2048w\" sizes=\"auto, (max-width: 1024px) 100vw, 1024px\" \/><figcaption class=\"wp-element-caption\">Luca Nardi, champion du Rafa Nadal Open 2022<\/figcaption><\/figure>\n\n\n\n<figure class=\"wp-block-image size-large\"><img loading=\"lazy\" decoding=\"async\" width=\"683\" height=\"1024\" data-id=\"50812\" src=\"https:\/\/www.rafanadalacademy.com\/wp-content\/uploads\/2026\/08\/Hamad-Medjedovic_RNO-2023-Alvaro-Diaz_2042-683x1024.jpg\" alt=\"\" class=\"wp-image-50812\" srcset=\"https:\/\/www.rafanadalacademy.com\/wp-content\/uploads\/2026\/08\/Hamad-Medjedovic_RNO-2023-Alvaro-Diaz_2042-683x1024.jpg 683w, https:\/\/www.rafanadalacademy.com\/wp-content\/uploads\/2026\/08\/Hamad-Medjedovic_RNO-2023-Alvaro-Diaz_2042-200x300.jpg 200w, https:\/\/www.rafanadalacademy.com\/wp-content\/uploads\/2026\/08\/Hamad-Medjedovic_RNO-2023-Alvaro-Diaz_2042-768x1152.jpg 768w, https:\/\/www.rafanadalacademy.com\/wp-content\/uploads\/2026\/08\/Hamad-Medjedovic_RNO-2023-Alvaro-Diaz_2042-1024x1536.jpg 1024w, https:\/\/www.rafanadalacademy.com\/wp-content\/uploads\/2026\/08\/Hamad-Medjedovic_RNO-2023-Alvaro-Diaz_2042-1365x2048.jpg 1365w, https:\/\/www.rafanadalacademy.com\/wp-content\/uploads\/2026\/08\/Hamad-Medjedovic_RNO-2023-Alvaro-Diaz_2042-scaled.jpg 1707w\" sizes=\"auto, (max-width: 683px) 100vw, 683px\" \/><figcaption class=\"wp-element-caption\">Hamad Medjedovic, champion du Rafa Nadal Open by Movistar 2023<\/figcaption><\/figure>\n\n\n\n<figure class=\"wp-block-image size-large\"><img loading=\"lazy\" decoding=\"async\" width=\"1024\" height=\"683\" data-id=\"50820\" src=\"https:\/\/www.rafanadalacademy.com\/wp-content\/uploads\/2026\/08\/duje-2024-1024x683.jpg\" alt=\"\" class=\"wp-image-50820\" srcset=\"https:\/\/www.rafanadalacademy.com\/wp-content\/uploads\/2026\/08\/duje-2024-1024x683.jpg 1024w, https:\/\/www.rafanadalacademy.com\/wp-content\/uploads\/2026\/08\/duje-2024-300x200.jpg 300w, https:\/\/www.rafanadalacademy.com\/wp-content\/uploads\/2026\/08\/duje-2024-768x512.jpg 768w, https:\/\/www.rafanadalacademy.com\/wp-content\/uploads\/2026\/08\/duje-2024-1536x1024.jpg 1536w, https:\/\/www.rafanadalacademy.com\/wp-content\/uploads\/2026\/08\/duje-2024-2048x1365.jpg 2048w\" sizes=\"auto, (max-width: 1024px) 100vw, 1024px\" \/><figcaption class=\"wp-element-caption\">Duje Ajdukovi\u0107, champion du Rafa Nadal Open by Movistar 2024<\/figcaption><\/figure>\n\n\n\n<figure class=\"wp-block-image size-large\"><img loading=\"lazy\" decoding=\"async\" width=\"1024\" height=\"1024\" data-id=\"50796\" src=\"https:\/\/www.rafanadalacademy.com\/wp-content\/uploads\/2026\/08\/dani-2025-1024x1024.jpg\" alt=\"\" class=\"wp-image-50796\" srcset=\"https:\/\/www.rafanadalacademy.com\/wp-content\/uploads\/2026\/08\/dani-2025-1024x1024.jpg 1024w, https:\/\/www.rafanadalacademy.com\/wp-content\/uploads\/2026\/08\/dani-2025-300x300.jpg 300w, https:\/\/www.rafanadalacademy.com\/wp-content\/uploads\/2026\/08\/dani-2025-150x150.jpg 150w, https:\/\/www.rafanadalacademy.com\/wp-content\/uploads\/2026\/08\/dani-2025-768x768.jpg 768w, https:\/\/www.rafanadalacademy.com\/wp-content\/uploads\/2026\/08\/dani-2025-1536x1536.jpg 1536w, https:\/\/www.rafanadalacademy.com\/wp-content\/uploads\/2026\/08\/dani-2025-2048x2048.jpg 2048w\" sizes=\"auto, (max-width: 1024px) 100vw, 1024px\" \/><figcaption class=\"wp-element-caption\">Dani Rinc\u00f3n, champion du Rafa Nadal Open by Movistar 2025<\/figcaption><\/figure>\n<\/figure>\n\n<div style=\"height:29px\" aria-hidden=\"true\" class=\"wp-block-spacer\"><\/div>\n\n<p class=\"wp-block-paragraph\"><strong>2023 \u2013 Hamad Medjedovic : une promesse montante<\/strong><\/p>\n\n<p class=\"wp-block-paragraph\">Le Serbe Hamad Medjedovic a \u00e9t\u00e9 sacr\u00e9 champion de la cinqui\u00e8me \u00e9dition apr\u00e8s avoir battu le Fran\u00e7ais Harold Mayot 6-2, 4-6, 6-2. Son triomphe \u00e0 la Rafa Nadal Academy by Movistar fut bien plus qu&#8217;un titre : il a anticip\u00e9 une excellente fin de saison qui culminerait avec sa victoire aux ATP Next Gen Finals. \u00c0 Manacor, il a confirm\u00e9 qu&#8217;il \u00e9tait l&#8217;une des promesses les plus solides du circuit et a ajout\u00e9 son nom \u00e0 la liste des champions \u00e0 projection internationale.  <\/p>\n\n<p class=\"wp-block-paragraph\"><strong>2024 \u2013 Duje Ajdukovi\u0107 : une \u00e9dition sous le sceau croate<\/strong><\/p>\n\n<p class=\"wp-block-paragraph\">La sixi\u00e8me \u00e9dition a eu un accent croate. Duje Ajdukovi\u0107 a soulev\u00e9 le troph\u00e9e apr\u00e8s une finale vibrante face \u00e0 l&#8217;Italien Matteo Gigante, o\u00f9 il a remont\u00e9 son retard pour s&#8217;imposer 4-6, 6-3, 6-4. Sa semaine a \u00e9t\u00e9 particuli\u00e8rement significative car sur le chemin du titre, il a battu son compatriote Marin Cilic, champion de l&#8217;US Open 2014 et l&#8217;un des grands noms pass\u00e9s par le tournoi. Ajdukovi\u0107 a trouv\u00e9 \u00e0 Manacor une victoire de prestige pour continuer \u00e0 consolider son parcours sur le circuit.   <\/p>\n\n<p class=\"wp-block-paragraph\"><strong>2025 \u2013 Daniel Rinc\u00f3n : proph\u00e8te en son pays<\/strong><\/p>\n\n<p class=\"wp-block-paragraph\">La septi\u00e8me \u00e9dition a offert une histoire tr\u00e8s sp\u00e9ciale au tournoi. Daniel Rinc\u00f3n, joueur form\u00e9 \u00e0 la Rafa Nadal Academy by Movistar, est devenu champion \u00e0 Manacor apr\u00e8s une semaine inoubliable. Son triomphe a eu une signification unique : non seulement il a soulev\u00e9 le troph\u00e9e \u00e0 domicile, mais il l&#8217;a fait dans le lieu o\u00f9 il est arriv\u00e9 en 2019 alors qu&#8217;il n&#8217;\u00e9tait encore qu&#8217;un enfant et o\u00f9 il a construit une grande partie de son parcours en tant que joueur.  <\/p>\n\n<div style=\"height:29px\" aria-hidden=\"true\" class=\"wp-block-spacer\"><\/div>\n\n<figure class=\"wp-block-embed is-type-video is-provider-youtube wp-block-embed-youtube wp-embed-aspect-16-9 wp-has-aspect-ratio\"><div class=\"wp-block-embed__wrapper\">\n<iframe loading=\"lazy\" title=\"Rafa Nadal Open by Movistar 2025: The Film\" width=\"500\" height=\"281\" src=\"https:\/\/www.youtube.com\/embed\/IpXRqbaM6kg?feature=oembed\" frameborder=\"0\" allow=\"accelerometer; autoplay; clipboard-write; encrypted-media; gyroscope; picture-in-picture; web-share\" referrerpolicy=\"strict-origin-when-cross-origin\" allowfullscreen><\/iframe>\n<\/div><\/figure>\n\n<div style=\"height:30px\" aria-hidden=\"true\" class=\"wp-block-spacer\"><\/div>\n\n<p class=\"wp-block-paragraph\">Rinc\u00f3n a ajout\u00e9 son nom \u00e0 un palmar\u00e8s qui avait jusqu&#8217;alors couronn\u00e9 des champions d&#8217;Australie, de Finlande, de Slovaquie, d&#8217;Italie, de Serbie et de Croatie. Avec sa victoire, le Rafa Nadal Open by Movistar a c\u00e9l\u00e9br\u00e9 pour la premi\u00e8re fois un champion espagnol et a v\u00e9cu l&#8217;un des moments les plus \u00e9mouvants de son histoire r\u00e9cente. <\/p>\n\n<p class=\"wp-block-paragraph\">Sept \u00e9ditions, sept champions et sept histoires diff\u00e9rentes. Telle est la valeur d&#8217;un tournoi qui a su r\u00e9unir talent, exp\u00e9rience, avenir et \u00e9motion sur une m\u00eame sc\u00e8ne. Le Rafa Nadal Open by Movistar continue de grandir ann\u00e9e apr\u00e8s ann\u00e9e et son palmar\u00e8s a d\u00e9j\u00e0 sa propre identit\u00e9.  <\/p>\n\n<div style=\"height:30px\" aria-hidden=\"true\" class=\"wp-block-spacer\"><\/div>\n\n<figure class=\"wp-block-embed is-type-video is-provider-youtube wp-block-embed-youtube wp-embed-aspect-16-9 wp-has-aspect-ratio\"><div class=\"wp-block-embed__wrapper\">\n<iframe loading=\"lazy\" title=\"Rafa Nadal presencia la final del Rafa Nadal Open by Movistar\" width=\"500\" height=\"281\" src=\"https:\/\/www.youtube.com\/embed\/yEA1qkXZKJI?feature=oembed\" frameborder=\"0\" allow=\"accelerometer; autoplay; clipboard-write; encrypted-media; gyroscope; picture-in-picture; web-share\" referrerpolicy=\"strict-origin-when-cross-origin\" allowfullscreen><\/iframe>\n<\/div><\/figure>\n\n<p class=\"wp-block-paragraph\"><\/p>\n\n<p class=\"wp-block-paragraph\"><\/p>\n\n<p class=\"wp-block-paragraph\"><\/p>\n","protected":false},"excerpt":{"rendered":"<p>Sept \u00e9ditions, sept champions. Depuis sa cr\u00e9ation en 2018, le Rafa Nadal Open by Movistar a b\u00e2ti un palmar\u00e8s aussi vari\u00e9 que r\u00e9v\u00e9lateur de son r\u00f4le au sein de l&#8217;ATP Challenger Tour. \u00c0 la Rafa Nadal Academy by Movistar, de jeunes espoirs appel\u00e9s \u00e0 faire un bond dans le circuit, des joueurs confirm\u00e9s en qu\u00eate<a href=\"https:\/\/www.rafanadalacademy.com\/fr\/informations\/les-sept-magnifiques-du-rafa-nadal-open-by-movistar\/\">Continue reading <span class=\"sr-only\">&#8220;Les sept magnifiques du Rafa Nadal Open by Movistar&#8221;<\/span><\/a><\/p>\n","protected":false},"author":23,"featured_media":31425,"comment_status":"closed","ping_status":"closed","sticky":false,"template":"","format":"standard","meta":{"_acf_changed":false,"footnotes":""},"categories":[206,158,149],"tags":[207],"class_list":["post-50868","post","type-post","status-publish","format-standard","has-post-thumbnail","hentry","category-academie-rafa-nadal-par-movistar","category-informations","category-rafa-nadal-open-fr","tag-academie-rafa-nadal-par-movistar"],"acf":[],"yoast_head":"<!-- This site is optimized with the Yoast SEO Premium plugin v26.8 (Yoast SEO v28.3) - https:\/\/yoast.com\/product\/yoast-seo-premium-wordpress\/ -->\n<title>Les sept magnifiques du Rafa Nadal Open by Movistar - Rafa Nadal Academy<\/title>\n<meta name=\"description\" content=\"Palmar\u00e8s des champions du Rafa Nadal Open by Movistar, tournoi de l&#039;ATP Challenger Tour qui se d\u00e9roule \u00e0 la Rafa Nadal Academy.\" \/>\n<meta name=\"robots\" content=\"index, follow, max-snippet:-1, max-image-preview:large, max-video-preview:-1\" \/>\n<link rel=\"canonical\" href=\"https:\/\/www.rafanadalacademy.com\/fr\/informations\/les-sept-magnifiques-du-rafa-nadal-open-by-movistar\/\" \/>\n<meta property=\"og:locale\" content=\"fr_FR\" \/>\n<meta property=\"og:type\" content=\"article\" \/>\n<meta property=\"og:title\" content=\"Les sept magnifiques du Rafa Nadal Open by Movistar\" \/>\n<meta property=\"og:description\" content=\"Palmar\u00e8s des champions du Rafa Nadal Open by Movistar, tournoi de l&#039;ATP Challenger Tour qui se d\u00e9roule \u00e0 la Rafa Nadal Academy.\" \/>\n<meta property=\"og:url\" content=\"https:\/\/www.rafanadalacademy.com\/fr\/informations\/les-sept-magnifiques-du-rafa-nadal-open-by-movistar\/\" \/>\n<meta property=\"og:site_name\" content=\"Rafa Nadal Academy\" \/>\n<meta property=\"article:published_time\" content=\"2026-08-27T07:46:44+00:00\" \/>\n<meta property=\"article:modified_time\" content=\"2026-08-27T07:55:26+00:00\" \/>\n<meta property=\"og:image\" content=\"https:\/\/www.rafanadalacademy.com\/wp-content\/uploads\/2025\/08\/Imagen-de-WhatsApp-2025-08-31-a-las-21.44.47_7c1ec156-scaled.jpg\" \/>\n\t<meta property=\"og:image:width\" content=\"2560\" \/>\n\t<meta property=\"og:image:height\" content=\"1707\" \/>\n\t<meta property=\"og:image:type\" content=\"image\/jpeg\" \/>\n<meta name=\"author\" content=\"joseluisprados\" \/>\n<meta name=\"twitter:card\" content=\"summary_large_image\" \/>\n<meta name=\"twitter:label1\" content=\"Written by\" \/>\n\t<meta name=\"twitter:data1\" content=\"joseluisprados\" \/>\n\t<meta name=\"twitter:label2\" content=\"Est. reading time\" \/>\n\t<meta name=\"twitter:data2\" content=\"5 minutes\" \/>\n<script type=\"application\/ld+json\" class=\"yoast-schema-graph\">{\"@context\":\"https:\\\/\\\/schema.org\",\"@graph\":[{\"@type\":\"Article\",\"@id\":\"https:\\\/\\\/www.rafanadalacademy.com\\\/fr\\\/informations\\\/les-sept-magnifiques-du-rafa-nadal-open-by-movistar\\\/#article\",\"isPartOf\":{\"@id\":\"https:\\\/\\\/www.rafanadalacademy.com\\\/fr\\\/informations\\\/les-sept-magnifiques-du-rafa-nadal-open-by-movistar\\\/\"},\"author\":{\"name\":\"joseluisprados\",\"@id\":\"https:\\\/\\\/www.rafanadalacademy.com\\\/fr\\\/#\\\/schema\\\/person\\\/744897d6ee269641fff954376180ef01\"},\"headline\":\"Les sept magnifiques du Rafa Nadal Open by Movistar\",\"datePublished\":\"2026-08-27T07:46:44+00:00\",\"dateModified\":\"2026-08-27T07:55:26+00:00\",\"mainEntityOfPage\":{\"@id\":\"https:\\\/\\\/www.rafanadalacademy.com\\\/fr\\\/informations\\\/les-sept-magnifiques-du-rafa-nadal-open-by-movistar\\\/\"},\"wordCount\":990,\"image\":{\"@id\":\"https:\\\/\\\/www.rafanadalacademy.com\\\/fr\\\/informations\\\/les-sept-magnifiques-du-rafa-nadal-open-by-movistar\\\/#primaryimage\"},\"thumbnailUrl\":\"https:\\\/\\\/www.rafanadalacademy.com\\\/wp-content\\\/uploads\\\/2025\\\/08\\\/Imagen-de-WhatsApp-2025-08-31-a-las-21.44.47_7c1ec156-scaled.jpg\",\"keywords\":[\"ACAD\u00c9MIE RAFA NADAL PAR MOVISTAR\"],\"articleSection\":[\"ACAD\u00c9MIE RAFA NADAL PAR MOVISTAR\",\"informations\",\"RAFA NADAL OPEN\"],\"inLanguage\":\"fr-FR\",\"copyrightYear\":\"2026\",\"copyrightHolder\":{\"@id\":\"https:\\\/\\\/www.rafanadalacademy.com\\\/#organization\"}},{\"@type\":\"WebPage\",\"@id\":\"https:\\\/\\\/www.rafanadalacademy.com\\\/fr\\\/informations\\\/les-sept-magnifiques-du-rafa-nadal-open-by-movistar\\\/\",\"url\":\"https:\\\/\\\/www.rafanadalacademy.com\\\/fr\\\/informations\\\/les-sept-magnifiques-du-rafa-nadal-open-by-movistar\\\/\",\"name\":\"Les sept magnifiques du Rafa Nadal Open by Movistar - Rafa Nadal Academy\",\"isPartOf\":{\"@id\":\"https:\\\/\\\/www.rafanadalacademy.com\\\/fr\\\/#website\"},\"primaryImageOfPage\":{\"@id\":\"https:\\\/\\\/www.rafanadalacademy.com\\\/fr\\\/informations\\\/les-sept-magnifiques-du-rafa-nadal-open-by-movistar\\\/#primaryimage\"},\"image\":{\"@id\":\"https:\\\/\\\/www.rafanadalacademy.com\\\/fr\\\/informations\\\/les-sept-magnifiques-du-rafa-nadal-open-by-movistar\\\/#primaryimage\"},\"thumbnailUrl\":\"https:\\\/\\\/www.rafanadalacademy.com\\\/wp-content\\\/uploads\\\/2025\\\/08\\\/Imagen-de-WhatsApp-2025-08-31-a-las-21.44.47_7c1ec156-scaled.jpg\",\"datePublished\":\"2026-08-27T07:46:44+00:00\",\"dateModified\":\"2026-08-27T07:55:26+00:00\",\"author\":{\"@id\":\"https:\\\/\\\/www.rafanadalacademy.com\\\/fr\\\/#\\\/schema\\\/person\\\/744897d6ee269641fff954376180ef01\"},\"description\":\"Palmar\u00e8s des champions du Rafa Nadal Open by Movistar, tournoi de l'ATP Challenger Tour qui se d\u00e9roule \u00e0 la Rafa Nadal Academy.\",\"breadcrumb\":{\"@id\":\"https:\\\/\\\/www.rafanadalacademy.com\\\/fr\\\/informations\\\/les-sept-magnifiques-du-rafa-nadal-open-by-movistar\\\/#breadcrumb\"},\"inLanguage\":\"fr-FR\",\"potentialAction\":[{\"@type\":\"ReadAction\",\"target\":[\"https:\\\/\\\/www.rafanadalacademy.com\\\/fr\\\/informations\\\/les-sept-magnifiques-du-rafa-nadal-open-by-movistar\\\/\"]}]},{\"@type\":\"ImageObject\",\"inLanguage\":\"fr-FR\",\"@id\":\"https:\\\/\\\/www.rafanadalacademy.com\\\/fr\\\/informations\\\/les-sept-magnifiques-du-rafa-nadal-open-by-movistar\\\/#primaryimage\",\"url\":\"https:\\\/\\\/www.rafanadalacademy.com\\\/wp-content\\\/uploads\\\/2025\\\/08\\\/Imagen-de-WhatsApp-2025-08-31-a-las-21.44.47_7c1ec156-scaled.jpg\",\"contentUrl\":\"https:\\\/\\\/www.rafanadalacademy.com\\\/wp-content\\\/uploads\\\/2025\\\/08\\\/Imagen-de-WhatsApp-2025-08-31-a-las-21.44.47_7c1ec156-scaled.jpg\",\"width\":2560,\"height\":1707,\"caption\":\"Dani Rinc\u00f3n, campe\u00f3n del Rafa Nadal Open by Movistar 2025\"},{\"@type\":\"BreadcrumbList\",\"@id\":\"https:\\\/\\\/www.rafanadalacademy.com\\\/fr\\\/informations\\\/les-sept-magnifiques-du-rafa-nadal-open-by-movistar\\\/#breadcrumb\",\"itemListElement\":[{\"@type\":\"ListItem\",\"position\":1,\"name\":\"Home\",\"item\":\"https:\\\/\\\/www.rafanadalacademy.com\\\/fr\\\/\"},{\"@type\":\"ListItem\",\"position\":2,\"name\":\"Les sept magnifiques du Rafa Nadal Open by Movistar\"}]},{\"@type\":\"WebSite\",\"@id\":\"https:\\\/\\\/www.rafanadalacademy.com\\\/fr\\\/#website\",\"url\":\"https:\\\/\\\/www.rafanadalacademy.com\\\/fr\\\/\",\"name\":\"Rafa Nadal Academy\",\"description\":\"Otro sitio realizado con WordPress\",\"potentialAction\":[{\"@type\":\"SearchAction\",\"target\":{\"@type\":\"EntryPoint\",\"urlTemplate\":\"https:\\\/\\\/www.rafanadalacademy.com\\\/fr\\\/?s={search_term_string}\"},\"query-input\":{\"@type\":\"PropertyValueSpecification\",\"valueRequired\":true,\"valueName\":\"search_term_string\"}}],\"inLanguage\":\"fr-FR\"},{\"@type\":\"Person\",\"@id\":\"https:\\\/\\\/www.rafanadalacademy.com\\\/fr\\\/#\\\/schema\\\/person\\\/744897d6ee269641fff954376180ef01\",\"name\":\"joseluisprados\",\"image\":{\"@type\":\"ImageObject\",\"inLanguage\":\"fr-FR\",\"@id\":\"https:\\\/\\\/secure.gravatar.com\\\/avatar\\\/8aa823a6e5501864ffab4785d9e2a994b59c2d45c9f9751c5a532abfec081e5f?s=96&d=mm&r=g\",\"url\":\"https:\\\/\\\/secure.gravatar.com\\\/avatar\\\/8aa823a6e5501864ffab4785d9e2a994b59c2d45c9f9751c5a532abfec081e5f?s=96&d=mm&r=g\",\"contentUrl\":\"https:\\\/\\\/secure.gravatar.com\\\/avatar\\\/8aa823a6e5501864ffab4785d9e2a994b59c2d45c9f9751c5a532abfec081e5f?s=96&d=mm&r=g\",\"caption\":\"joseluisprados\"},\"url\":\"https:\\\/\\\/www.rafanadalacademy.com\\\/fr\\\/author\\\/joseluisprados\\\/\"},{\"@type\":\"ImageObject\",\"inLanguage\":\"fr-FR\",\"@id\":\"https:\\\/\\\/www.rafanadalacademy.com\\\/fr\\\/informations\\\/les-sept-magnifiques-du-rafa-nadal-open-by-movistar\\\/#local-main-organization-logo\",\"url\":\"\",\"contentUrl\":\"\",\"caption\":\"Rafa Nadal Academy\"}]}<\/script>\n<!-- \/ Yoast SEO Premium plugin. -->","yoast_head_json":{"title":"Les sept magnifiques du Rafa Nadal Open by Movistar - Rafa Nadal Academy","description":"Palmar\u00e8s des champions du Rafa Nadal Open by Movistar, tournoi de l'ATP Challenger Tour qui se d\u00e9roule \u00e0 la Rafa Nadal Academy.","robots":{"index":"index","follow":"follow","max-snippet":"max-snippet:-1","max-image-preview":"max-image-preview:large","max-video-preview":"max-video-preview:-1"},"canonical":"https:\/\/www.rafanadalacademy.com\/fr\/informations\/les-sept-magnifiques-du-rafa-nadal-open-by-movistar\/","og_locale":"fr_FR","og_type":"article","og_title":"Les sept magnifiques du Rafa Nadal Open by Movistar","og_description":"Palmar\u00e8s des champions du Rafa Nadal Open by Movistar, tournoi de l'ATP Challenger Tour qui se d\u00e9roule \u00e0 la Rafa Nadal Academy.","og_url":"https:\/\/www.rafanadalacademy.com\/fr\/informations\/les-sept-magnifiques-du-rafa-nadal-open-by-movistar\/","og_site_name":"Rafa Nadal Academy","article_published_time":"2026-08-27T07:46:44+00:00","article_modified_time":"2026-08-27T07:55:26+00:00","og_image":[{"width":2560,"height":1707,"url":"https:\/\/www.rafanadalacademy.com\/wp-content\/uploads\/2025\/08\/Imagen-de-WhatsApp-2025-08-31-a-las-21.44.47_7c1ec156-scaled.jpg","type":"image\/jpeg"}],"author":"joseluisprados","twitter_card":"summary_large_image","twitter_misc":{"Written by":"joseluisprados","Est. reading time":"5 minutes"},"schema":{"@context":"https:\/\/schema.org","@graph":[{"@type":"Article","@id":"https:\/\/www.rafanadalacademy.com\/fr\/informations\/les-sept-magnifiques-du-rafa-nadal-open-by-movistar\/#article","isPartOf":{"@id":"https:\/\/www.rafanadalacademy.com\/fr\/informations\/les-sept-magnifiques-du-rafa-nadal-open-by-movistar\/"},"author":{"name":"joseluisprados","@id":"https:\/\/www.rafanadalacademy.com\/fr\/#\/schema\/person\/744897d6ee269641fff954376180ef01"},"headline":"Les sept magnifiques du Rafa Nadal Open by Movistar","datePublished":"2026-08-27T07:46:44+00:00","dateModified":"2026-08-27T07:55:26+00:00","mainEntityOfPage":{"@id":"https:\/\/www.rafanadalacademy.com\/fr\/informations\/les-sept-magnifiques-du-rafa-nadal-open-by-movistar\/"},"wordCount":990,"image":{"@id":"https:\/\/www.rafanadalacademy.com\/fr\/informations\/les-sept-magnifiques-du-rafa-nadal-open-by-movistar\/#primaryimage"},"thumbnailUrl":"https:\/\/www.rafanadalacademy.com\/wp-content\/uploads\/2025\/08\/Imagen-de-WhatsApp-2025-08-31-a-las-21.44.47_7c1ec156-scaled.jpg","keywords":["ACAD\u00c9MIE RAFA NADAL PAR MOVISTAR"],"articleSection":["ACAD\u00c9MIE RAFA NADAL PAR MOVISTAR","informations","RAFA NADAL OPEN"],"inLanguage":"fr-FR","copyrightYear":"2026","copyrightHolder":{"@id":"https:\/\/www.rafanadalacademy.com\/#organization"}},{"@type":"WebPage","@id":"https:\/\/www.rafanadalacademy.com\/fr\/informations\/les-sept-magnifiques-du-rafa-nadal-open-by-movistar\/","url":"https:\/\/www.rafanadalacademy.com\/fr\/informations\/les-sept-magnifiques-du-rafa-nadal-open-by-movistar\/","name":"Les sept magnifiques du Rafa Nadal Open by Movistar - Rafa Nadal Academy","isPartOf":{"@id":"https:\/\/www.rafanadalacademy.com\/fr\/#website"},"primaryImageOfPage":{"@id":"https:\/\/www.rafanadalacademy.com\/fr\/informations\/les-sept-magnifiques-du-rafa-nadal-open-by-movistar\/#primaryimage"},"image":{"@id":"https:\/\/www.rafanadalacademy.com\/fr\/informations\/les-sept-magnifiques-du-rafa-nadal-open-by-movistar\/#primaryimage"},"thumbnailUrl":"https:\/\/www.rafanadalacademy.com\/wp-content\/uploads\/2025\/08\/Imagen-de-WhatsApp-2025-08-31-a-las-21.44.47_7c1ec156-scaled.jpg","datePublished":"2026-08-27T07:46:44+00:00","dateModified":"2026-08-27T07:55:26+00:00","author":{"@id":"https:\/\/www.rafanadalacademy.com\/fr\/#\/schema\/person\/744897d6ee269641fff954376180ef01"},"description":"Palmar\u00e8s des champions du Rafa Nadal Open by Movistar, tournoi de l'ATP Challenger Tour qui se d\u00e9roule \u00e0 la Rafa Nadal Academy.","breadcrumb":{"@id":"https:\/\/www.rafanadalacademy.com\/fr\/informations\/les-sept-magnifiques-du-rafa-nadal-open-by-movistar\/#breadcrumb"},"inLanguage":"fr-FR","potentialAction":[{"@type":"ReadAction","target":["https:\/\/www.rafanadalacademy.com\/fr\/informations\/les-sept-magnifiques-du-rafa-nadal-open-by-movistar\/"]}]},{"@type":"ImageObject","inLanguage":"fr-FR","@id":"https:\/\/www.rafanadalacademy.com\/fr\/informations\/les-sept-magnifiques-du-rafa-nadal-open-by-movistar\/#primaryimage","url":"https:\/\/www.rafanadalacademy.com\/wp-content\/uploads\/2025\/08\/Imagen-de-WhatsApp-2025-08-31-a-las-21.44.47_7c1ec156-scaled.jpg","contentUrl":"https:\/\/www.rafanadalacademy.com\/wp-content\/uploads\/2025\/08\/Imagen-de-WhatsApp-2025-08-31-a-las-21.44.47_7c1ec156-scaled.jpg","width":2560,"height":1707,"caption":"Dani Rinc\u00f3n, campe\u00f3n del Rafa Nadal Open by Movistar 2025"},{"@type":"BreadcrumbList","@id":"https:\/\/www.rafanadalacademy.com\/fr\/informations\/les-sept-magnifiques-du-rafa-nadal-open-by-movistar\/#breadcrumb","itemListElement":[{"@type":"ListItem","position":1,"name":"Home","item":"https:\/\/www.rafanadalacademy.com\/fr\/"},{"@type":"ListItem","position":2,"name":"Les sept magnifiques du Rafa Nadal Open by Movistar"}]},{"@type":"WebSite","@id":"https:\/\/www.rafanadalacademy.com\/fr\/#website","url":"https:\/\/www.rafanadalacademy.com\/fr\/","name":"Rafa Nadal Academy","description":"Otro sitio realizado con WordPress","potentialAction":[{"@type":"SearchAction","target":{"@type":"EntryPoint","urlTemplate":"https:\/\/www.rafanadalacademy.com\/fr\/?s={search_term_string}"},"query-input":{"@type":"PropertyValueSpecification","valueRequired":true,"valueName":"search_term_string"}}],"inLanguage":"fr-FR"},{"@type":"Person","@id":"https:\/\/www.rafanadalacademy.com\/fr\/#\/schema\/person\/744897d6ee269641fff954376180ef01","name":"joseluisprados","image":{"@type":"ImageObject","inLanguage":"fr-FR","@id":"https:\/\/secure.gravatar.com\/avatar\/8aa823a6e5501864ffab4785d9e2a994b59c2d45c9f9751c5a532abfec081e5f?s=96&d=mm&r=g","url":"https:\/\/secure.gravatar.com\/avatar\/8aa823a6e5501864ffab4785d9e2a994b59c2d45c9f9751c5a532abfec081e5f?s=96&d=mm&r=g","contentUrl":"https:\/\/secure.gravatar.com\/avatar\/8aa823a6e5501864ffab4785d9e2a994b59c2d45c9f9751c5a532abfec081e5f?s=96&d=mm&r=g","caption":"joseluisprados"},"url":"https:\/\/www.rafanadalacademy.com\/fr\/author\/joseluisprados\/"},{"@type":"ImageObject","inLanguage":"fr-FR","@id":"https:\/\/www.rafanadalacademy.com\/fr\/informations\/les-sept-magnifiques-du-rafa-nadal-open-by-movistar\/#local-main-organization-logo","url":"","contentUrl":"","caption":"Rafa Nadal Academy"}]}},"_links":{"self":[{"href":"https:\/\/www.rafanadalacademy.com\/fr\/wp-json\/wp\/v2\/posts\/50868","targetHints":{"allow":["GET"]}}],"collection":[{"href":"https:\/\/www.rafanadalacademy.com\/fr\/wp-json\/wp\/v2\/posts"}],"about":[{"href":"https:\/\/www.rafanadalacademy.com\/fr\/wp-json\/wp\/v2\/types\/post"}],"author":[{"embeddable":true,"href":"https:\/\/www.rafanadalacademy.com\/fr\/wp-json\/wp\/v2\/users\/23"}],"replies":[{"embeddable":true,"href":"https:\/\/www.rafanadalacademy.com\/fr\/wp-json\/wp\/v2\/comments?post=50868"}],"version-history":[{"count":1,"href":"https:\/\/www.rafanadalacademy.com\/fr\/wp-json\/wp\/v2\/posts\/50868\/revisions"}],"predecessor-version":[{"id":50869,"href":"https:\/\/www.rafanadalacademy.com\/fr\/wp-json\/wp\/v2\/posts\/50868\/revisions\/50869"}],"wp:featuredmedia":[{"embeddable":true,"href":"https:\/\/www.rafanadalacademy.com\/fr\/wp-json\/wp\/v2\/media\/31425"}],"wp:attachment":[{"href":"https:\/\/www.rafanadalacademy.com\/fr\/wp-json\/wp\/v2\/media?parent=50868"}],"wp:term":[{"taxonomy":"category","embeddable":true,"href":"https:\/\/www.rafanadalacademy.com\/fr\/wp-json\/wp\/v2\/categories?post=50868"},{"taxonomy":"post_tag","embeddable":true,"href":"https:\/\/www.rafanadalacademy.com\/fr\/wp-json\/wp\/v2\/tags?post=50868"}],"curies":[{"name":"wp","href":"https:\/\/api.w.org\/{rel}","templated":true}]}}