{"id":38710,"date":"2026-01-26T14:16:27","date_gmt":"2026-01-26T14:16:27","guid":{"rendered":"https:\/\/www.rafanadalacademy.com\/?p=38710"},"modified":"2026-01-26T14:16:27","modified_gmt":"2026-01-26T14:16:27","slug":"grand-succes-du-tournoi-fip-bronce-mallorca-a-la-rafa-nadal-academy","status":"publish","type":"post","link":"https:\/\/www.rafanadalacademy.com\/fr\/informations\/grand-succes-du-tournoi-fip-bronce-mallorca-a-la-rafa-nadal-academy\/","title":{"rendered":"Grand succ\u00e8s du tournoi FIP Bronce Mallorca \u00e0 la Rafa Nadal Academy"},"content":{"rendered":"\n<p>La Rafa Nadal Academy a accueilli dans ses installations le premier tournoi de padel professionnel du FIP Tour de son histoire avec la c\u00e9l\u00e9bration du FIP Bronce Mallorca 2026, un \u00e9v\u00e9nement qui, pendant une semaine, a offert un grand spectacle sportif et qui restera marqu\u00e9 d\u2019une mani\u00e8re particuli\u00e8re par les adieux de Ramiro Moyano au padel professionnel.<\/p>\n\n<figure class=\"wp-block-image size-large\"><img loading=\"lazy\" decoding=\"async\" width=\"1024\" height=\"819\" src=\"https:\/\/www.rafanadalacademy.com\/wp-content\/uploads\/2026\/01\/RNA_25012026_FIP-Finales_063-1024x819.jpg\" alt=\"\" class=\"wp-image-38671\" srcset=\"https:\/\/www.rafanadalacademy.com\/wp-content\/uploads\/2026\/01\/RNA_25012026_FIP-Finales_063-1024x819.jpg 1024w, https:\/\/www.rafanadalacademy.com\/wp-content\/uploads\/2026\/01\/RNA_25012026_FIP-Finales_063-300x240.jpg 300w, https:\/\/www.rafanadalacademy.com\/wp-content\/uploads\/2026\/01\/RNA_25012026_FIP-Finales_063-768x614.jpg 768w, https:\/\/www.rafanadalacademy.com\/wp-content\/uploads\/2026\/01\/RNA_25012026_FIP-Finales_063-1536x1229.jpg 1536w, https:\/\/www.rafanadalacademy.com\/wp-content\/uploads\/2026\/01\/RNA_25012026_FIP-Finales_063-2048x1638.jpg 2048w\" sizes=\"auto, (max-width: 1024px) 100vw, 1024px\" \/><\/figure>\n\n<div style=\"height:30px\" aria-hidden=\"true\" class=\"wp-block-spacer\"><\/div>\n\n<p>Le joueur argentin a mis un point final \u00e0 sa carri\u00e8re dans l\u2019\u00e9lite en disputant son dernier match officiel aux c\u00f4t\u00e9s de son fils, Juan Pedro \u00ab\u00a0Juanpe\u00a0\u00bb Moyano, lors d\u2019adieux \u00e9mouvants qui ont capt\u00e9 l\u2019attention du tournoi. Apr\u00e8s le match, Moyano a re\u00e7u un hommage de la part de la Rafa Nadal Academy, qu\u2019il rejoint en tant qu\u2019entra\u00eeneur de joueurs professionnels de padel. Maribel Nadal, directrice g\u00e9n\u00e9rale adjointe de la Rafa Nadal Academy, lui a remis une plaque en reconnaissance de sa brillante carri\u00e8re sportive.  <\/p>\n\n<figure class=\"wp-block-image size-large\"><img loading=\"lazy\" decoding=\"async\" width=\"819\" height=\"1024\" src=\"https:\/\/www.rafanadalacademy.com\/wp-content\/uploads\/2026\/01\/RNA_23012026_Rami-despedida_003-819x1024.jpg\" alt=\"\" class=\"wp-image-38562\" srcset=\"https:\/\/www.rafanadalacademy.com\/wp-content\/uploads\/2026\/01\/RNA_23012026_Rami-despedida_003-819x1024.jpg 819w, https:\/\/www.rafanadalacademy.com\/wp-content\/uploads\/2026\/01\/RNA_23012026_Rami-despedida_003-240x300.jpg 240w, https:\/\/www.rafanadalacademy.com\/wp-content\/uploads\/2026\/01\/RNA_23012026_Rami-despedida_003-768x960.jpg 768w, https:\/\/www.rafanadalacademy.com\/wp-content\/uploads\/2026\/01\/RNA_23012026_Rami-despedida_003-1229x1536.jpg 1229w, https:\/\/www.rafanadalacademy.com\/wp-content\/uploads\/2026\/01\/RNA_23012026_Rami-despedida_003-1638x2048.jpg 1638w, https:\/\/www.rafanadalacademy.com\/wp-content\/uploads\/2026\/01\/RNA_23012026_Rami-despedida_003-scaled.jpg 2048w\" sizes=\"auto, (max-width: 819px) 100vw, 819px\" \/><\/figure>\n\n<div style=\"height:30px\" aria-hidden=\"true\" class=\"wp-block-spacer\"><\/div>\n\n<p>Sur le plan sportif, le tableau masculin a couronn\u00e9 comme champions les t\u00eates de s\u00e9rie num\u00e9ro un, Antonio \u00ab\u00a0Pincho\u00a0\u00bb Fern\u00e1ndez, joueur de la Rafa Nadal Academy, et Jos\u00e9 Luis Gonz\u00e1lez, qui se sont impos\u00e9s en grande finale face \u00e0 Mario del Castillo et Ignacio Vilari\u00f1o par 7-5 et 6-4. Dans le tableau f\u00e9minin, la joueuse de l\u2019Acad\u00e9mie Patricia Mart\u00ednez, en couple avec Marta Arellano, est rest\u00e9e aux portes du titre apr\u00e8s sa d\u00e9faite en finale face \u00e0 Sof\u00eda Saiz et Eugenia Guimet par 6-4, 3-6 et 3-6. Maribel Nadal et le pr\u00e9sident de la F\u00e9d\u00e9ration Bal\u00e9are de padel, Paco Sanz, \u00e9taient pr\u00e9sents \u00e0 la c\u00e9r\u00e9monie de remise des prix.  <\/p>\n\n<p>Le FIP Bronce Mallorca a \u00e9galement marqu\u00e9 le d\u00e9but du padel professionnel en Espagne en 2026, puisqu\u2019il s\u2019agit du premier tournoi du FIP Tour \u00e0 se d\u00e9rouler dans notre pays cette saison, apr\u00e8s le d\u00e9but du circuit en Australie. L\u2019\u00e9v\u00e9nement a r\u00e9uni un nombre important de joueurs, dont onze membres du Top\u00a0100 mondial. <\/p>\n\n<figure class=\"wp-block-image size-large\"><img loading=\"lazy\" decoding=\"async\" width=\"1024\" height=\"819\" src=\"https:\/\/www.rafanadalacademy.com\/wp-content\/uploads\/2026\/01\/RNA_25012026_FIP-Finales_067-1024x819.jpg\" alt=\"\" class=\"wp-image-38663\" srcset=\"https:\/\/www.rafanadalacademy.com\/wp-content\/uploads\/2026\/01\/RNA_25012026_FIP-Finales_067-1024x819.jpg 1024w, https:\/\/www.rafanadalacademy.com\/wp-content\/uploads\/2026\/01\/RNA_25012026_FIP-Finales_067-300x240.jpg 300w, https:\/\/www.rafanadalacademy.com\/wp-content\/uploads\/2026\/01\/RNA_25012026_FIP-Finales_067-768x614.jpg 768w, https:\/\/www.rafanadalacademy.com\/wp-content\/uploads\/2026\/01\/RNA_25012026_FIP-Finales_067-1536x1229.jpg 1536w, https:\/\/www.rafanadalacademy.com\/wp-content\/uploads\/2026\/01\/RNA_25012026_FIP-Finales_067-2048x1638.jpg 2048w\" sizes=\"auto, (max-width: 1024px) 100vw, 1024px\" \/><\/figure>\n\n<div style=\"height:30px\" aria-hidden=\"true\" class=\"wp-block-spacer\"><\/div>\n\n<p>La Rafa Nadal Academy continue de s\u2019imposer comme une r\u00e9f\u00e9rence internationale dans la formation de joueurs de tennis de haut niveau et a transpos\u00e9 ce m\u00eame mod\u00e8le d\u2019excellence au padel. L\u2019Acad\u00e9mie propose des programmes de formation pour jeunes et adultes, neuf courts ext\u00e9rieurs et dix courts couverts, ainsi qu\u2019un centre de fitness complet, des espaces de sant\u00e9 et de bien-\u00eatre, une large offre de restauration et une r\u00e9sidence moderne. Un environnement de premier ordre qui en fait un lieu id\u00e9al tant pour la pratique du padel professionnel que pour le d\u00e9veloppement de nouveaux talents et l\u2019exp\u00e9rience sportive de joueurs amateurs.  <\/p>\n\n<p><\/p>\n\n<div style=\"height:30px\" aria-hidden=\"true\" class=\"wp-block-spacer\"><\/div>\n\n<figure class=\"wp-block-embed is-type-video is-provider-youtube wp-block-embed-youtube wp-embed-aspect-16-9 wp-has-aspect-ratio\"><div class=\"wp-block-embed__wrapper\">\n<iframe loading=\"lazy\" title=\"Programas de p\u00e1del para jugadores Amateur de la Rafa Nadal Academy\" width=\"500\" height=\"281\" src=\"https:\/\/www.youtube.com\/embed\/4IFtn6TCmvE?feature=oembed\" frameborder=\"0\" allow=\"accelerometer; autoplay; clipboard-write; encrypted-media; gyroscope; picture-in-picture; web-share\" referrerpolicy=\"strict-origin-when-cross-origin\" allowfullscreen><\/iframe>\n<\/div><\/figure>\n\n<div style=\"height:30px\" aria-hidden=\"true\" class=\"wp-block-spacer\"><\/div>\n\n<p><\/p>\n","protected":false},"excerpt":{"rendered":"<p>La Rafa Nadal Academy a accueilli dans ses installations le premier tournoi de padel professionnel du FIP Tour de son histoire avec la c\u00e9l\u00e9bration du FIP Bronce Mallorca 2026, un \u00e9v\u00e9nement qui, pendant une semaine, a offert un grand spectacle sportif et qui restera marqu\u00e9 d\u2019une mani\u00e8re particuli\u00e8re par les adieux de Ramiro Moyano au<a href=\"https:\/\/www.rafanadalacademy.com\/fr\/informations\/grand-succes-du-tournoi-fip-bronce-mallorca-a-la-rafa-nadal-academy\/\">Continue reading <span class=\"sr-only\">&#8220;Grand succ\u00e8s du tournoi FIP Bronce Mallorca \u00e0 la Rafa Nadal Academy&#8221;<\/span><\/a><\/p>\n","protected":false},"author":23,"featured_media":38650,"comment_status":"closed","ping_status":"closed","sticky":false,"template":"","format":"standard","meta":{"_acf_changed":false,"footnotes":""},"categories":[206,158,164],"tags":[207,166],"class_list":["post-38710","post","type-post","status-publish","format-standard","has-post-thumbnail","hentry","category-academie-rafa-nadal-par-movistar","category-informations","category-padel-fr","tag-academie-rafa-nadal-par-movistar","tag-tournee-de-padel-de-lacademie-rafa-nadal"],"acf":[],"yoast_head":"<!-- This site is optimized with the Yoast SEO Premium plugin v26.8 (Yoast SEO v26.9) - https:\/\/yoast.com\/product\/yoast-seo-premium-wordpress\/ -->\n<title>Grand succ\u00e8s du tournoi FIP Bronce Mallorca \u00e0 la Rafa Nadal Academy - Rafa Nadal Academy<\/title>\n<meta name=\"description\" content=\"La Rafa Nadal Academy a accueilli dans ses installations le premier tournoi de padel professionnel du FIP Tour de son histoire avec la c\u00e9l\u00e9bration du FIP Bronce Mallorca 2026\" \/>\n<meta name=\"robots\" content=\"index, follow, max-snippet:-1, max-image-preview:large, max-video-preview:-1\" \/>\n<link rel=\"canonical\" href=\"https:\/\/www.rafanadalacademy.com\/fr\/informations\/grand-succes-du-tournoi-fip-bronce-mallorca-a-la-rafa-nadal-academy\/\" \/>\n<meta property=\"og:locale\" content=\"fr_FR\" \/>\n<meta property=\"og:type\" content=\"article\" \/>\n<meta property=\"og:title\" content=\"Grand succ\u00e8s du tournoi FIP Bronce Mallorca \u00e0 la Rafa Nadal Academy\" \/>\n<meta property=\"og:description\" content=\"La Rafa Nadal Academy a accueilli dans ses installations le premier tournoi de padel professionnel du FIP Tour de son histoire avec la c\u00e9l\u00e9bration du FIP Bronce Mallorca 2026\" \/>\n<meta property=\"og:url\" content=\"https:\/\/www.rafanadalacademy.com\/fr\/informations\/grand-succes-du-tournoi-fip-bronce-mallorca-a-la-rafa-nadal-academy\/\" \/>\n<meta property=\"og:site_name\" content=\"Rafa Nadal Academy\" \/>\n<meta property=\"article:published_time\" content=\"2026-01-26T14:16:27+00:00\" \/>\n<meta property=\"og:image\" content=\"https:\/\/www.rafanadalacademy.com\/wp-content\/uploads\/2026\/01\/RNA_25012026_FIP-Finales_001-scaled-e1769430935567.jpg\" \/>\n\t<meta property=\"og:image:width\" content=\"2560\" \/>\n\t<meta property=\"og:image:height\" content=\"1707\" \/>\n\t<meta property=\"og:image:type\" content=\"image\/jpeg\" \/>\n<meta name=\"author\" content=\"joseluisprados\" \/>\n<meta name=\"twitter:card\" content=\"summary_large_image\" \/>\n<meta name=\"twitter:label1\" content=\"Written by\" \/>\n\t<meta name=\"twitter:data1\" content=\"joseluisprados\" \/>\n\t<meta name=\"twitter:label2\" content=\"Est. reading time\" \/>\n\t<meta name=\"twitter:data2\" content=\"2 minutes\" \/>\n<script type=\"application\/ld+json\" class=\"yoast-schema-graph\">{\"@context\":\"https:\/\/schema.org\",\"@graph\":[{\"@type\":\"Article\",\"@id\":\"https:\/\/www.rafanadalacademy.com\/fr\/informations\/grand-succes-du-tournoi-fip-bronce-mallorca-a-la-rafa-nadal-academy\/#article\",\"isPartOf\":{\"@id\":\"https:\/\/www.rafanadalacademy.com\/fr\/informations\/grand-succes-du-tournoi-fip-bronce-mallorca-a-la-rafa-nadal-academy\/\"},\"author\":{\"name\":\"joseluisprados\",\"@id\":\"https:\/\/www.rafanadalacademy.com\/fr\/#\/schema\/person\/744897d6ee269641fff954376180ef01\"},\"headline\":\"Grand succ\u00e8s du tournoi FIP Bronce Mallorca \u00e0 la Rafa Nadal Academy\",\"datePublished\":\"2026-01-26T14:16:27+00:00\",\"mainEntityOfPage\":{\"@id\":\"https:\/\/www.rafanadalacademy.com\/fr\/informations\/grand-succes-du-tournoi-fip-bronce-mallorca-a-la-rafa-nadal-academy\/\"},\"wordCount\":484,\"image\":{\"@id\":\"https:\/\/www.rafanadalacademy.com\/fr\/informations\/grand-succes-du-tournoi-fip-bronce-mallorca-a-la-rafa-nadal-academy\/#primaryimage\"},\"thumbnailUrl\":\"https:\/\/www.rafanadalacademy.com\/wp-content\/uploads\/2026\/01\/RNA_25012026_FIP-Finales_001-scaled-e1769430935567.jpg\",\"keywords\":[\"ACAD\u00c9MIE RAFA NADAL PAR MOVISTAR\",\"TOURN\u00c9E DE PADEL DE L'ACAD\u00c9MIE RAFA NADAL\"],\"articleSection\":[\"ACAD\u00c9MIE RAFA NADAL PAR MOVISTAR\",\"informations\",\"PADEL\"],\"inLanguage\":\"fr-FR\",\"copyrightYear\":\"2026\",\"copyrightHolder\":{\"@id\":\"https:\/\/www.rafanadalacademy.com\/#organization\"}},{\"@type\":\"WebPage\",\"@id\":\"https:\/\/www.rafanadalacademy.com\/fr\/informations\/grand-succes-du-tournoi-fip-bronce-mallorca-a-la-rafa-nadal-academy\/\",\"url\":\"https:\/\/www.rafanadalacademy.com\/fr\/informations\/grand-succes-du-tournoi-fip-bronce-mallorca-a-la-rafa-nadal-academy\/\",\"name\":\"Grand succ\u00e8s du tournoi FIP Bronce Mallorca \u00e0 la Rafa Nadal Academy - Rafa Nadal Academy\",\"isPartOf\":{\"@id\":\"https:\/\/www.rafanadalacademy.com\/fr\/#website\"},\"primaryImageOfPage\":{\"@id\":\"https:\/\/www.rafanadalacademy.com\/fr\/informations\/grand-succes-du-tournoi-fip-bronce-mallorca-a-la-rafa-nadal-academy\/#primaryimage\"},\"image\":{\"@id\":\"https:\/\/www.rafanadalacademy.com\/fr\/informations\/grand-succes-du-tournoi-fip-bronce-mallorca-a-la-rafa-nadal-academy\/#primaryimage\"},\"thumbnailUrl\":\"https:\/\/www.rafanadalacademy.com\/wp-content\/uploads\/2026\/01\/RNA_25012026_FIP-Finales_001-scaled-e1769430935567.jpg\",\"datePublished\":\"2026-01-26T14:16:27+00:00\",\"author\":{\"@id\":\"https:\/\/www.rafanadalacademy.com\/fr\/#\/schema\/person\/744897d6ee269641fff954376180ef01\"},\"description\":\"La Rafa Nadal Academy a accueilli dans ses installations le premier tournoi de padel professionnel du FIP Tour de son histoire avec la c\u00e9l\u00e9bration du FIP Bronce Mallorca 2026\",\"breadcrumb\":{\"@id\":\"https:\/\/www.rafanadalacademy.com\/fr\/informations\/grand-succes-du-tournoi-fip-bronce-mallorca-a-la-rafa-nadal-academy\/#breadcrumb\"},\"inLanguage\":\"fr-FR\",\"potentialAction\":[{\"@type\":\"ReadAction\",\"target\":[\"https:\/\/www.rafanadalacademy.com\/fr\/informations\/grand-succes-du-tournoi-fip-bronce-mallorca-a-la-rafa-nadal-academy\/\"]}]},{\"@type\":\"ImageObject\",\"inLanguage\":\"fr-FR\",\"@id\":\"https:\/\/www.rafanadalacademy.com\/fr\/informations\/grand-succes-du-tournoi-fip-bronce-mallorca-a-la-rafa-nadal-academy\/#primaryimage\",\"url\":\"https:\/\/www.rafanadalacademy.com\/wp-content\/uploads\/2026\/01\/RNA_25012026_FIP-Finales_001-scaled-e1769430935567.jpg\",\"contentUrl\":\"https:\/\/www.rafanadalacademy.com\/wp-content\/uploads\/2026\/01\/RNA_25012026_FIP-Finales_001-scaled-e1769430935567.jpg\",\"width\":2560,\"height\":1707,\"caption\":\"Gran \u00e9xito del torneo FIP Bronce Mallorca en la Rafa Nadal Academy\"},{\"@type\":\"BreadcrumbList\",\"@id\":\"https:\/\/www.rafanadalacademy.com\/fr\/informations\/grand-succes-du-tournoi-fip-bronce-mallorca-a-la-rafa-nadal-academy\/#breadcrumb\",\"itemListElement\":[{\"@type\":\"ListItem\",\"position\":1,\"name\":\"Home\",\"item\":\"https:\/\/www.rafanadalacademy.com\/fr\/\"},{\"@type\":\"ListItem\",\"position\":2,\"name\":\"Grand succ\u00e8s du tournoi FIP Bronce Mallorca \u00e0 la Rafa Nadal Academy\"}]},{\"@type\":\"WebSite\",\"@id\":\"https:\/\/www.rafanadalacademy.com\/fr\/#website\",\"url\":\"https:\/\/www.rafanadalacademy.com\/fr\/\",\"name\":\"Rafa Nadal Academy\",\"description\":\"Otro sitio realizado con WordPress\",\"potentialAction\":[{\"@type\":\"SearchAction\",\"target\":{\"@type\":\"EntryPoint\",\"urlTemplate\":\"https:\/\/www.rafanadalacademy.com\/fr\/?s={search_term_string}\"},\"query-input\":{\"@type\":\"PropertyValueSpecification\",\"valueRequired\":true,\"valueName\":\"search_term_string\"}}],\"inLanguage\":\"fr-FR\"},{\"@type\":\"Person\",\"@id\":\"https:\/\/www.rafanadalacademy.com\/fr\/#\/schema\/person\/744897d6ee269641fff954376180ef01\",\"name\":\"joseluisprados\",\"image\":{\"@type\":\"ImageObject\",\"inLanguage\":\"fr-FR\",\"@id\":\"https:\/\/www.rafanadalacademy.com\/fr\/#\/schema\/person\/image\/\",\"url\":\"https:\/\/secure.gravatar.com\/avatar\/8aa823a6e5501864ffab4785d9e2a994b59c2d45c9f9751c5a532abfec081e5f?s=96&d=mm&r=g\",\"contentUrl\":\"https:\/\/secure.gravatar.com\/avatar\/8aa823a6e5501864ffab4785d9e2a994b59c2d45c9f9751c5a532abfec081e5f?s=96&d=mm&r=g\",\"caption\":\"joseluisprados\"},\"url\":\"https:\/\/www.rafanadalacademy.com\/fr\/author\/joseluisprados\/\"},{\"@type\":\"ImageObject\",\"inLanguage\":\"fr-FR\",\"@id\":\"https:\/\/www.rafanadalacademy.com\/fr\/informations\/grand-succes-du-tournoi-fip-bronce-mallorca-a-la-rafa-nadal-academy\/#local-main-organization-logo\",\"url\":\"\",\"contentUrl\":\"\",\"caption\":\"Rafa Nadal Academy\"}]}<\/script>\n<!-- \/ Yoast SEO Premium plugin. -->","yoast_head_json":{"title":"Grand succ\u00e8s du tournoi FIP Bronce Mallorca \u00e0 la Rafa Nadal Academy - Rafa Nadal Academy","description":"La Rafa Nadal Academy a accueilli dans ses installations le premier tournoi de padel professionnel du FIP Tour de son histoire avec la c\u00e9l\u00e9bration du FIP Bronce Mallorca 2026","robots":{"index":"index","follow":"follow","max-snippet":"max-snippet:-1","max-image-preview":"max-image-preview:large","max-video-preview":"max-video-preview:-1"},"canonical":"https:\/\/www.rafanadalacademy.com\/fr\/informations\/grand-succes-du-tournoi-fip-bronce-mallorca-a-la-rafa-nadal-academy\/","og_locale":"fr_FR","og_type":"article","og_title":"Grand succ\u00e8s du tournoi FIP Bronce Mallorca \u00e0 la Rafa Nadal Academy","og_description":"La Rafa Nadal Academy a accueilli dans ses installations le premier tournoi de padel professionnel du FIP Tour de son histoire avec la c\u00e9l\u00e9bration du FIP Bronce Mallorca 2026","og_url":"https:\/\/www.rafanadalacademy.com\/fr\/informations\/grand-succes-du-tournoi-fip-bronce-mallorca-a-la-rafa-nadal-academy\/","og_site_name":"Rafa Nadal Academy","article_published_time":"2026-01-26T14:16:27+00:00","og_image":[{"width":2560,"height":1707,"url":"https:\/\/www.rafanadalacademy.com\/wp-content\/uploads\/2026\/01\/RNA_25012026_FIP-Finales_001-scaled-e1769430935567.jpg","type":"image\/jpeg"}],"author":"joseluisprados","twitter_card":"summary_large_image","twitter_misc":{"Written by":"joseluisprados","Est. reading time":"2 minutes"},"schema":{"@context":"https:\/\/schema.org","@graph":[{"@type":"Article","@id":"https:\/\/www.rafanadalacademy.com\/fr\/informations\/grand-succes-du-tournoi-fip-bronce-mallorca-a-la-rafa-nadal-academy\/#article","isPartOf":{"@id":"https:\/\/www.rafanadalacademy.com\/fr\/informations\/grand-succes-du-tournoi-fip-bronce-mallorca-a-la-rafa-nadal-academy\/"},"author":{"name":"joseluisprados","@id":"https:\/\/www.rafanadalacademy.com\/fr\/#\/schema\/person\/744897d6ee269641fff954376180ef01"},"headline":"Grand succ\u00e8s du tournoi FIP Bronce Mallorca \u00e0 la Rafa Nadal Academy","datePublished":"2026-01-26T14:16:27+00:00","mainEntityOfPage":{"@id":"https:\/\/www.rafanadalacademy.com\/fr\/informations\/grand-succes-du-tournoi-fip-bronce-mallorca-a-la-rafa-nadal-academy\/"},"wordCount":484,"image":{"@id":"https:\/\/www.rafanadalacademy.com\/fr\/informations\/grand-succes-du-tournoi-fip-bronce-mallorca-a-la-rafa-nadal-academy\/#primaryimage"},"thumbnailUrl":"https:\/\/www.rafanadalacademy.com\/wp-content\/uploads\/2026\/01\/RNA_25012026_FIP-Finales_001-scaled-e1769430935567.jpg","keywords":["ACAD\u00c9MIE RAFA NADAL PAR MOVISTAR","TOURN\u00c9E DE PADEL DE L'ACAD\u00c9MIE RAFA NADAL"],"articleSection":["ACAD\u00c9MIE RAFA NADAL PAR MOVISTAR","informations","PADEL"],"inLanguage":"fr-FR","copyrightYear":"2026","copyrightHolder":{"@id":"https:\/\/www.rafanadalacademy.com\/#organization"}},{"@type":"WebPage","@id":"https:\/\/www.rafanadalacademy.com\/fr\/informations\/grand-succes-du-tournoi-fip-bronce-mallorca-a-la-rafa-nadal-academy\/","url":"https:\/\/www.rafanadalacademy.com\/fr\/informations\/grand-succes-du-tournoi-fip-bronce-mallorca-a-la-rafa-nadal-academy\/","name":"Grand succ\u00e8s du tournoi FIP Bronce Mallorca \u00e0 la Rafa Nadal Academy - Rafa Nadal Academy","isPartOf":{"@id":"https:\/\/www.rafanadalacademy.com\/fr\/#website"},"primaryImageOfPage":{"@id":"https:\/\/www.rafanadalacademy.com\/fr\/informations\/grand-succes-du-tournoi-fip-bronce-mallorca-a-la-rafa-nadal-academy\/#primaryimage"},"image":{"@id":"https:\/\/www.rafanadalacademy.com\/fr\/informations\/grand-succes-du-tournoi-fip-bronce-mallorca-a-la-rafa-nadal-academy\/#primaryimage"},"thumbnailUrl":"https:\/\/www.rafanadalacademy.com\/wp-content\/uploads\/2026\/01\/RNA_25012026_FIP-Finales_001-scaled-e1769430935567.jpg","datePublished":"2026-01-26T14:16:27+00:00","author":{"@id":"https:\/\/www.rafanadalacademy.com\/fr\/#\/schema\/person\/744897d6ee269641fff954376180ef01"},"description":"La Rafa Nadal Academy a accueilli dans ses installations le premier tournoi de padel professionnel du FIP Tour de son histoire avec la c\u00e9l\u00e9bration du FIP Bronce Mallorca 2026","breadcrumb":{"@id":"https:\/\/www.rafanadalacademy.com\/fr\/informations\/grand-succes-du-tournoi-fip-bronce-mallorca-a-la-rafa-nadal-academy\/#breadcrumb"},"inLanguage":"fr-FR","potentialAction":[{"@type":"ReadAction","target":["https:\/\/www.rafanadalacademy.com\/fr\/informations\/grand-succes-du-tournoi-fip-bronce-mallorca-a-la-rafa-nadal-academy\/"]}]},{"@type":"ImageObject","inLanguage":"fr-FR","@id":"https:\/\/www.rafanadalacademy.com\/fr\/informations\/grand-succes-du-tournoi-fip-bronce-mallorca-a-la-rafa-nadal-academy\/#primaryimage","url":"https:\/\/www.rafanadalacademy.com\/wp-content\/uploads\/2026\/01\/RNA_25012026_FIP-Finales_001-scaled-e1769430935567.jpg","contentUrl":"https:\/\/www.rafanadalacademy.com\/wp-content\/uploads\/2026\/01\/RNA_25012026_FIP-Finales_001-scaled-e1769430935567.jpg","width":2560,"height":1707,"caption":"Gran \u00e9xito del torneo FIP Bronce Mallorca en la Rafa Nadal Academy"},{"@type":"BreadcrumbList","@id":"https:\/\/www.rafanadalacademy.com\/fr\/informations\/grand-succes-du-tournoi-fip-bronce-mallorca-a-la-rafa-nadal-academy\/#breadcrumb","itemListElement":[{"@type":"ListItem","position":1,"name":"Home","item":"https:\/\/www.rafanadalacademy.com\/fr\/"},{"@type":"ListItem","position":2,"name":"Grand succ\u00e8s du tournoi FIP Bronce Mallorca \u00e0 la Rafa Nadal Academy"}]},{"@type":"WebSite","@id":"https:\/\/www.rafanadalacademy.com\/fr\/#website","url":"https:\/\/www.rafanadalacademy.com\/fr\/","name":"Rafa Nadal Academy","description":"Otro sitio realizado con WordPress","potentialAction":[{"@type":"SearchAction","target":{"@type":"EntryPoint","urlTemplate":"https:\/\/www.rafanadalacademy.com\/fr\/?s={search_term_string}"},"query-input":{"@type":"PropertyValueSpecification","valueRequired":true,"valueName":"search_term_string"}}],"inLanguage":"fr-FR"},{"@type":"Person","@id":"https:\/\/www.rafanadalacademy.com\/fr\/#\/schema\/person\/744897d6ee269641fff954376180ef01","name":"joseluisprados","image":{"@type":"ImageObject","inLanguage":"fr-FR","@id":"https:\/\/www.rafanadalacademy.com\/fr\/#\/schema\/person\/image\/","url":"https:\/\/secure.gravatar.com\/avatar\/8aa823a6e5501864ffab4785d9e2a994b59c2d45c9f9751c5a532abfec081e5f?s=96&d=mm&r=g","contentUrl":"https:\/\/secure.gravatar.com\/avatar\/8aa823a6e5501864ffab4785d9e2a994b59c2d45c9f9751c5a532abfec081e5f?s=96&d=mm&r=g","caption":"joseluisprados"},"url":"https:\/\/www.rafanadalacademy.com\/fr\/author\/joseluisprados\/"},{"@type":"ImageObject","inLanguage":"fr-FR","@id":"https:\/\/www.rafanadalacademy.com\/fr\/informations\/grand-succes-du-tournoi-fip-bronce-mallorca-a-la-rafa-nadal-academy\/#local-main-organization-logo","url":"","contentUrl":"","caption":"Rafa Nadal Academy"}]}},"_links":{"self":[{"href":"https:\/\/www.rafanadalacademy.com\/fr\/wp-json\/wp\/v2\/posts\/38710","targetHints":{"allow":["GET"]}}],"collection":[{"href":"https:\/\/www.rafanadalacademy.com\/fr\/wp-json\/wp\/v2\/posts"}],"about":[{"href":"https:\/\/www.rafanadalacademy.com\/fr\/wp-json\/wp\/v2\/types\/post"}],"author":[{"embeddable":true,"href":"https:\/\/www.rafanadalacademy.com\/fr\/wp-json\/wp\/v2\/users\/23"}],"replies":[{"embeddable":true,"href":"https:\/\/www.rafanadalacademy.com\/fr\/wp-json\/wp\/v2\/comments?post=38710"}],"version-history":[{"count":1,"href":"https:\/\/www.rafanadalacademy.com\/fr\/wp-json\/wp\/v2\/posts\/38710\/revisions"}],"predecessor-version":[{"id":38711,"href":"https:\/\/www.rafanadalacademy.com\/fr\/wp-json\/wp\/v2\/posts\/38710\/revisions\/38711"}],"wp:featuredmedia":[{"embeddable":true,"href":"https:\/\/www.rafanadalacademy.com\/fr\/wp-json\/wp\/v2\/media\/38650"}],"wp:attachment":[{"href":"https:\/\/www.rafanadalacademy.com\/fr\/wp-json\/wp\/v2\/media?parent=38710"}],"wp:term":[{"taxonomy":"category","embeddable":true,"href":"https:\/\/www.rafanadalacademy.com\/fr\/wp-json\/wp\/v2\/categories?post=38710"},{"taxonomy":"post_tag","embeddable":true,"href":"https:\/\/www.rafanadalacademy.com\/fr\/wp-json\/wp\/v2\/tags?post=38710"}],"curies":[{"name":"wp","href":"https:\/\/api.w.org\/{rel}","templated":true}]}}