{"id":38618,"date":"2026-01-26T12:07:35","date_gmt":"2026-01-26T12:07:35","guid":{"rendered":"https:\/\/www.rafanadalacademy.com\/non-classifiee\/korneeva-championne-a-bahrein-inaugure-le-palmares-de-la-rafa-nadal-academy-en-2026\/"},"modified":"2026-01-26T12:16:03","modified_gmt":"2026-01-26T12:16:03","slug":"korneeva-championne-a-bahrein-inaugure-le-palmares-de-la-rafa-nadal-academy-en-2026","status":"publish","type":"post","link":"https:\/\/www.rafanadalacademy.com\/fr\/informations\/korneeva-championne-a-bahrein-inaugure-le-palmares-de-la-rafa-nadal-academy-en-2026\/","title":{"rendered":"Korneeva, championne \u00e0 Bahre\u00efn, inaugure le palmar\u00e8s de la Rafa Nadal Academy en 2026"},"content":{"rendered":"\n<p>Alina Korneeva a inaugur\u00e9 le palmar\u00e8s de la Rafa Nadal Academy en 2026 avec son triomphe au tournoi W75 de Manama (Bahre\u00efn), o\u00f9 elle s&#8217;est proclam\u00e9e championne apr\u00e8s avoir battu en finale la Fran\u00e7aise Fiona Ferro sur un score sans appel de 6-4 et 6-0. La joueuse russe, \u00e2g\u00e9e de 18 ans, remporte ainsi son premier titre de la saison et le huiti\u00e8me de sa carri\u00e8re sur le circuit ITF World Tennis Tour. <\/p>\n\n<figure class=\"wp-block-image size-large\"><img loading=\"lazy\" decoding=\"async\" width=\"804\" height=\"1024\" src=\"https:\/\/www.rafanadalacademy.com\/wp-content\/uploads\/2026\/01\/620993613_18521858362064586_4980470345453836976_n-804x1024.jpg\" alt=\"\" class=\"wp-image-38588\"\/><\/figure>\n\n<div style=\"height:30px\" aria-hidden=\"true\" class=\"wp-block-spacer\"><\/div>\n\n<p>Gagnante de deux titres du Grand Chelem junior en 2023 \u2014Open d&#8217;Australie et Roland-Garros\u2014, Korneeva continue de consolider sa progression sur le circuit professionnel. La joueuse entra\u00een\u00e9e par Anabel Medina a d\u00e9j\u00e0 r\u00e9alis\u00e9 une saison remarquable en 2025 avec trois titres ITF remport\u00e9s \u00e0 Bratislava, \u00c9vora et Leiria, confirmant une \u00e9volution constante tant en termes de r\u00e9sultats que de maturit\u00e9 comp\u00e9titive. <\/p>\n\n<div style=\"height:30px\" aria-hidden=\"true\" class=\"wp-block-spacer\"><\/div>\n\n<blockquote class=\"instagram-media\" data-instgrm-captioned=\"\" data-instgrm-permalink=\"https:\/\/www.instagram.com\/p\/DT74biHjUKJ\/?utm_source=ig_embed&#038;utm_campaign=loading\" data-instgrm-version=\"14\" style=\"  background:#FFF; border:0; border-radius:3px; box-shadow:0 0 1px 0 rgba(0,0,0,0.5),0 1px 10px 0 rgba(0,0,0,0.15); margin: 1px; max-width:540px; min-width:326px; padding:0; width:99.375%; width:-webkit-calc(100% - 2px); width:calc(100% - 2px);\"><div style=\"padding:16px;\"> <a href=\"https:\/\/www.instagram.com\/p\/DT74biHjUKJ\/?utm_source=ig_embed&#038;utm_campaign=loading\" style=\"  background:#FFFFFF; line-height:0; padding:0 0; text-align:center; text-decoration:none; width:100%;\" target=\"_blank\"> <div style=\"  display: flex; flex-direction: row; align-items: center;\"> <div style=\"background-color: #F4F4F4; border-radius: 50%; flex-grow: 0; height: 40px; margin-right: 14px; width: 40px;\"><\/div> <div style=\"display: flex; flex-direction: column; flex-grow: 1; justify-content: center;\"> <div style=\"  background-color: #F4F4F4; border-radius: 4px; flex-grow: 0; height: 14px; margin-bottom: 6px; width: 100px;\"><\/div> <div style=\"  background-color: #F4F4F4; border-radius: 4px; flex-grow: 0; height: 14px; width: 60px;\"><\/div><\/div><\/div><div style=\"padding: 19% 0;\"><\/div> <div style=\"display:block; height:50px; margin:0 auto 12px; width:50px;\"><svg xmlns=\"https:\/\/www.w3.org\/2000\/svg\" xmlns:xlink=\"https:\/\/www.w3.org\/1999\/xlink\" width=\"50px\" height=\"50px\" viewbox=\"0 0 60 60\" version=\"1.1\"><g stroke=\"none\" stroke-width=\"1\" fill=\"none\" fill-rule=\"evenodd\"><g transform=\"translate(-511.000000, -20.000000)\" fill=\"#000000\"><g><path d=\"M556.869,30.41 C554.814,30.41 553.148,32.076 553.148,34.131 C553.148,36.186 554.814,37.852 556.869,37.852 C558.924,37.852 560.59,36.186 560.59,34.131 C560.59,32.076 558.924,30.41 556.869,30.41 M541,60.657 C535.114,60.657 530.342,55.887 530.342,50 C530.342,44.114 535.114,39.342 541,39.342 C546.887,39.342 551.658,44.114 551.658,50 C551.658,55.887 546.887,60.657 541,60.657 M541,33.886 C532.1,33.886 524.886,41.1 524.886,50 C524.886,58.899 532.1,66.113 541,66.113 C549.9,66.113 557.115,58.899 557.115,50 C557.115,41.1 549.9,33.886 541,33.886 M565.378,62.101 C565.244,65.022 564.756,66.606 564.346,67.663 C563.803,69.06 563.154,70.057 562.106,71.106 C561.058,72.155 560.06,72.803 558.662,73.347 C557.607,73.757 556.021,74.244 553.102,74.378 C549.944,74.521 548.997,74.552 541,74.552 C533.003,74.552 532.056,74.521 528.898,74.378 C525.979,74.244 524.393,73.757 523.338,73.347 C521.94,72.803 520.942,72.155 519.894,71.106 C518.846,70.057 518.197,69.06 517.654,67.663 C517.244,66.606 516.755,65.022 516.623,62.101 C516.479,58.943 516.448,57.996 516.448,50 C516.448,42.003 516.479,41.056 516.623,37.899 C516.755,34.978 517.244,33.391 517.654,32.338 C518.197,30.938 518.846,29.942 519.894,28.894 C520.942,27.846 521.94,27.196 523.338,26.654 C524.393,26.244 525.979,25.756 528.898,25.623 C532.057,25.479 533.004,25.448 541,25.448 C548.997,25.448 549.943,25.479 553.102,25.623 C556.021,25.756 557.607,26.244 558.662,26.654 C560.06,27.196 561.058,27.846 562.106,28.894 C563.154,29.942 563.803,30.938 564.346,32.338 C564.756,33.391 565.244,34.978 565.378,37.899 C565.522,41.056 565.552,42.003 565.552,50 C565.552,57.996 565.522,58.943 565.378,62.101 M570.82,37.631 C570.674,34.438 570.167,32.258 569.425,30.349 C568.659,28.377 567.633,26.702 565.965,25.035 C564.297,23.368 562.623,22.342 560.652,21.575 C558.743,20.834 556.562,20.326 553.369,20.18 C550.169,20.033 549.148,20 541,20 C532.853,20 531.831,20.033 528.631,20.18 C525.438,20.326 523.257,20.834 521.349,21.575 C519.376,22.342 517.703,23.368 516.035,25.035 C514.368,26.702 513.342,28.377 512.574,30.349 C511.834,32.258 511.326,34.438 511.181,37.631 C511.035,40.831 511,41.851 511,50 C511,58.147 511.035,59.17 511.181,62.369 C511.326,65.562 511.834,67.743 512.574,69.651 C513.342,71.625 514.368,73.296 516.035,74.965 C517.703,76.634 519.376,77.658 521.349,78.425 C523.257,79.167 525.438,79.673 528.631,79.82 C531.831,79.965 532.853,80.001 541,80.001 C549.148,80.001 550.169,79.965 553.369,79.82 C556.562,79.673 558.743,79.167 560.652,78.425 C562.623,77.658 564.297,76.634 565.965,74.965 C567.633,73.296 568.659,71.625 569.425,69.651 C570.167,67.743 570.674,65.562 570.82,62.369 C570.966,59.17 571,58.147 571,50 C571,41.851 570.966,40.831 570.82,37.631\"><\/path><\/g><\/g><\/g><\/svg><\/div><div style=\"padding-top: 8px;\"> <div style=\"  color:#3897f0; font-family:Arial,sans-serif; font-size:14px; font-style:normal; font-weight:550; line-height:18px;\">Voir ce post sur Instagram<\/div><\/div><div style=\"padding: 12.5% 0;\"><\/div> <div style=\"display: flex; flex-direction: row; margin-bottom: 14px; align-items: center;\"><div> <div style=\"background-color: #F4F4F4; border-radius: 50%; height: 12.5px; width: 12.5px; transform: translateX(0px) translateY(7px);\"><\/div> <div style=\"background-color: #F4F4F4; height: 12.5px; transform: rotate(-45deg) translateX(3px) translateY(1px); width: 12.5px; flex-grow: 0; margin-right: 14px; margin-left: 2px;\"><\/div> <div style=\"background-color: #F4F4F4; border-radius: 50%; height: 12.5px; width: 12.5px; transform: translateX(9px) translateY(-18px);\"><\/div><\/div><div style=\"margin-left: 8px;\"> <div style=\"  background-color: #F4F4F4; border-radius: 50%; flex-grow: 0; height: 20px; width: 20px;\"><\/div> <div style=\"  width: 0; height: 0; border-top: 2px solid transparent; border-left: 6px solid #f4f4f4; border-bottom: 2px solid transparent; transform: translateX(16px) translateY(-4px) rotate(30deg)\"><\/div><\/div><div style=\"margin-left: auto;\"> <div style=\"  width: 0px; border-top: 8px solid #F4F4F4; border-right: 8px solid transparent; transform: translateY(16px);\"><\/div> <div style=\"  background-color: #F4F4F4; flex-grow: 0; height: 12px; width: 16px; transform: translateY(-4px);\"><\/div> <div style=\"  width: 0; height: 0; border-top: 8px solid #F4F4F4; border-left: 8px solid transparent; transform: translateY(-4px) translateX(8px);\"><\/div><\/div><\/div> <div style=\"display: flex; flex-direction: column; flex-grow: 1; justify-content: center; margin-bottom: 24px;\"> <div style=\"  background-color: #F4F4F4; border-radius: 4px; flex-grow: 0; height: 14px; margin-bottom: 6px; width: 224px;\"><\/div> <div style=\"  background-color: #F4F4F4; border-radius: 4px; flex-grow: 0; height: 14px; width: 144px;\"><\/div><\/div><\/a><p style=\"  color:#c9c8cd; font-family:Arial,sans-serif; font-size:14px; line-height:17px; margin-bottom:0; margin-top:8px; overflow:hidden; padding:8px 0 7px; text-align:center; text-overflow:ellipsis; white-space:nowrap;\"><a href=\"https:\/\/www.instagram.com\/p\/DT74biHjUKJ\/?utm_source=ig_embed&#038;utm_campaign=loading\" style=\"  color:#c9c8cd; font-family:Arial,sans-serif; font-size:14px; font-style:normal; font-weight:normal; line-height:17px; text-decoration:none;\" target=\"_blank\">Une publication partag\u00e9e par ITF World Tennis Tour (@itfworldtennistour)<\/a><\/p><\/div><\/blockquote>\n<script async=\"\" src=\"\/\/www.instagram.com\/embed.js\"><\/script>\n\n<div style=\"height:30px\" aria-hidden=\"true\" class=\"wp-block-spacer\"><\/div>\n\n<p>Sur son chemin vers le titre \u00e0 Manama, Korneeva a fait preuve d&#8217;une grande solidit\u00e9. Elle a d\u00e9but\u00e9 par une victoire convaincante contre la Canadienne Havah Kaur Kaler (6-1 et 6-0), a ensuite battu les Belges Hanne Vandewinkel (7-5 et 6-3) et Sofia Costoulas (6-3 et 6-1), et en demi-finale, elle a conc\u00e9d\u00e9 son seul set du tournoi face \u00e0 l&#8217;Am\u00e9ricaine Carol Young Suh Lee, qu&#8217;elle a battue 3-6, 6-4 et 6-4. En finale, elle a de nouveau montr\u00e9 sa meilleure version pour s&#8217;imposer avec autorit\u00e9 face \u00e0 Fiona Ferro sur le score de 6-4 et 6-0.  <\/p>\n\n<figure class=\"wp-block-image size-large\"><img loading=\"lazy\" decoding=\"async\" width=\"819\" height=\"1024\" src=\"https:\/\/www.rafanadalacademy.com\/wp-content\/uploads\/2026\/01\/RNA_25012026_FInal-ITF_020-819x1024.jpg\" alt=\"\" class=\"wp-image-38605\" srcset=\"https:\/\/www.rafanadalacademy.com\/wp-content\/uploads\/2026\/01\/RNA_25012026_FInal-ITF_020-819x1024.jpg 819w, https:\/\/www.rafanadalacademy.com\/wp-content\/uploads\/2026\/01\/RNA_25012026_FInal-ITF_020-240x300.jpg 240w, https:\/\/www.rafanadalacademy.com\/wp-content\/uploads\/2026\/01\/RNA_25012026_FInal-ITF_020-768x960.jpg 768w, https:\/\/www.rafanadalacademy.com\/wp-content\/uploads\/2026\/01\/RNA_25012026_FInal-ITF_020-1229x1536.jpg 1229w, https:\/\/www.rafanadalacademy.com\/wp-content\/uploads\/2026\/01\/RNA_25012026_FInal-ITF_020-1639x2048.jpg 1639w, https:\/\/www.rafanadalacademy.com\/wp-content\/uploads\/2026\/01\/RNA_25012026_FInal-ITF_020.jpg 1766w\" sizes=\"auto, (max-width: 819px) 100vw, 819px\" \/><\/figure>\n\n<div style=\"height:30px\" aria-hidden=\"true\" class=\"wp-block-spacer\"><\/div>\n\n<p>La semaine s&#8217;est achev\u00e9e \u00e0 la Rafa Nadal Academy avec la tenue d&#8217;un nouveau tournoi ITF, en l&#8217;occurrence un M15, o\u00f9 le Bulgare<strong> Ivan Ivanov<\/strong>, num\u00e9ro 1 du classement junior en 2025 et vainqueur des tournois du Grand Chelem de Wimbledon et de l&#8217;US Open, a atteint la finale. Le joueur form\u00e9 \u00e0 l&#8217;Acad\u00e9mie n&#8217;a c\u00e9d\u00e9 que lors du match d\u00e9cisif face \u00e0 Yaroslav Demin (6-1 et 6-4), compl\u00e9tant ainsi une autre semaine de haut niveau. <\/p>\n\n<div style=\"height:30px\" aria-hidden=\"true\" class=\"wp-block-spacer\"><\/div>\n\n<figure class=\"wp-block-embed is-type-video is-provider-youtube wp-block-embed-youtube wp-embed-aspect-16-9 wp-has-aspect-ratio\"><div class=\"wp-block-embed__wrapper\">\n<iframe loading=\"lazy\" title=\"Rafa Nadal Academy: Tennis &amp; Values\" width=\"500\" height=\"281\" src=\"https:\/\/www.youtube.com\/embed\/F71onMy-MeU?feature=oembed\" frameborder=\"0\" allow=\"accelerometer; autoplay; clipboard-write; encrypted-media; gyroscope; picture-in-picture; web-share\" referrerpolicy=\"strict-origin-when-cross-origin\" allowfullscreen><\/iframe>\n<\/div><\/figure>\n\n<div style=\"height:30px\" aria-hidden=\"true\" class=\"wp-block-spacer\"><\/div>\n\n<p><\/p>\n","protected":false},"excerpt":{"rendered":"<p>Alina Korneeva a inaugur\u00e9 le palmar\u00e8s de la Rafa Nadal Academy en 2026 avec son triomphe au tournoi W75 de Manama (Bahre\u00efn), o\u00f9 elle s&#8217;est proclam\u00e9e championne apr\u00e8s avoir battu en finale la Fran\u00e7aise Fiona Ferro sur un score sans appel de 6-4 et 6-0. La joueuse russe, \u00e2g\u00e9e de 18 ans, remporte ainsi son<a href=\"https:\/\/www.rafanadalacademy.com\/fr\/informations\/korneeva-championne-a-bahrein-inaugure-le-palmares-de-la-rafa-nadal-academy-en-2026\/\">Continue reading <span class=\"sr-only\">&#8220;Korneeva, championne \u00e0 Bahre\u00efn, inaugure le palmar\u00e8s de la Rafa Nadal Academy en 2026&#8221;<\/span><\/a><\/p>\n","protected":false},"author":23,"featured_media":38600,"comment_status":"closed","ping_status":"closed","sticky":false,"template":"","format":"standard","meta":{"_acf_changed":false,"footnotes":""},"categories":[206,158],"tags":[207,166],"class_list":["post-38618","post","type-post","status-publish","format-standard","has-post-thumbnail","hentry","category-academie-rafa-nadal-par-movistar","category-informations","tag-academie-rafa-nadal-par-movistar","tag-tournee-de-padel-de-lacademie-rafa-nadal"],"acf":[],"yoast_head":"<!-- This site is optimized with the Yoast SEO Premium plugin v26.8 (Yoast SEO v26.9) - https:\/\/yoast.com\/product\/yoast-seo-premium-wordpress\/ -->\n<title>Korneeva, championne \u00e0 Bahre\u00efn, inaugure le palmar\u00e8s de la Rafa Nadal Academy en 2026 - Rafa Nadal Academy<\/title>\n<meta name=\"description\" content=\"Alina Korneeva a inaugur\u00e9 le palmar\u00e8s de la Rafa Nadal Academy en cette ann\u00e9e 2026 avec son triomphe au tournoi W75 de Manama (Bahre\u00efn),\" \/>\n<meta name=\"robots\" content=\"index, follow, max-snippet:-1, max-image-preview:large, max-video-preview:-1\" \/>\n<link rel=\"canonical\" href=\"https:\/\/www.rafanadalacademy.com\/fr\/informations\/korneeva-championne-a-bahrein-inaugure-le-palmares-de-la-rafa-nadal-academy-en-2026\/\" \/>\n<meta property=\"og:locale\" content=\"fr_FR\" \/>\n<meta property=\"og:type\" content=\"article\" \/>\n<meta property=\"og:title\" content=\"Korneeva, championne \u00e0 Bahre\u00efn, inaugure le palmar\u00e8s de la Rafa Nadal Academy en 2026\" \/>\n<meta property=\"og:description\" content=\"Alina Korneeva a inaugur\u00e9 le palmar\u00e8s de la Rafa Nadal Academy en cette ann\u00e9e 2026 avec son triomphe au tournoi W75 de Manama (Bahre\u00efn),\" \/>\n<meta property=\"og:url\" content=\"https:\/\/www.rafanadalacademy.com\/fr\/informations\/korneeva-championne-a-bahrein-inaugure-le-palmares-de-la-rafa-nadal-academy-en-2026\/\" \/>\n<meta property=\"og:site_name\" content=\"Rafa Nadal Academy\" \/>\n<meta property=\"article:published_time\" content=\"2026-01-26T12:07:35+00:00\" \/>\n<meta property=\"article:modified_time\" content=\"2026-01-26T12:16:03+00:00\" \/>\n<meta property=\"og:image\" content=\"https:\/\/www.rafanadalacademy.com\/wp-content\/uploads\/2026\/01\/621575891_18521858371064586_4991616468887203599_n-e1769428980244.jpg\" \/>\n\t<meta property=\"og:image:width\" content=\"1080\" \/>\n\t<meta property=\"og:image:height\" content=\"1375\" \/>\n\t<meta property=\"og:image:type\" content=\"image\/jpeg\" \/>\n<meta name=\"author\" content=\"joseluisprados\" \/>\n<meta name=\"twitter:card\" content=\"summary_large_image\" \/>\n<meta name=\"twitter:label1\" content=\"Written by\" \/>\n\t<meta name=\"twitter:data1\" content=\"joseluisprados\" \/>\n\t<meta name=\"twitter:label2\" content=\"Est. reading time\" \/>\n\t<meta name=\"twitter:data2\" content=\"2 minutes\" \/>\n<script type=\"application\/ld+json\" class=\"yoast-schema-graph\">{\"@context\":\"https:\/\/schema.org\",\"@graph\":[{\"@type\":\"Article\",\"@id\":\"https:\/\/www.rafanadalacademy.com\/fr\/informations\/korneeva-championne-a-bahrein-inaugure-le-palmares-de-la-rafa-nadal-academy-en-2026\/#article\",\"isPartOf\":{\"@id\":\"https:\/\/www.rafanadalacademy.com\/fr\/informations\/korneeva-championne-a-bahrein-inaugure-le-palmares-de-la-rafa-nadal-academy-en-2026\/\"},\"author\":{\"name\":\"joseluisprados\",\"@id\":\"https:\/\/www.rafanadalacademy.com\/fr\/#\/schema\/person\/744897d6ee269641fff954376180ef01\"},\"headline\":\"Korneeva, championne \u00e0 Bahre\u00efn, inaugure le palmar\u00e8s de la Rafa Nadal Academy en 2026\",\"datePublished\":\"2026-01-26T12:07:35+00:00\",\"dateModified\":\"2026-01-26T12:16:03+00:00\",\"mainEntityOfPage\":{\"@id\":\"https:\/\/www.rafanadalacademy.com\/fr\/informations\/korneeva-championne-a-bahrein-inaugure-le-palmares-de-la-rafa-nadal-academy-en-2026\/\"},\"wordCount\":367,\"image\":{\"@id\":\"https:\/\/www.rafanadalacademy.com\/fr\/informations\/korneeva-championne-a-bahrein-inaugure-le-palmares-de-la-rafa-nadal-academy-en-2026\/#primaryimage\"},\"thumbnailUrl\":\"https:\/\/www.rafanadalacademy.com\/wp-content\/uploads\/2026\/01\/621575891_18521858371064586_4991616468887203599_n-e1769428980244.jpg\",\"keywords\":[\"ACAD\u00c9MIE RAFA NADAL PAR MOVISTAR\",\"TOURN\u00c9E DE PADEL DE L'ACAD\u00c9MIE RAFA NADAL\"],\"articleSection\":[\"ACAD\u00c9MIE RAFA NADAL PAR MOVISTAR\",\"informations\"],\"inLanguage\":\"fr-FR\",\"copyrightYear\":\"2026\",\"copyrightHolder\":{\"@id\":\"https:\/\/www.rafanadalacademy.com\/#organization\"}},{\"@type\":\"WebPage\",\"@id\":\"https:\/\/www.rafanadalacademy.com\/fr\/informations\/korneeva-championne-a-bahrein-inaugure-le-palmares-de-la-rafa-nadal-academy-en-2026\/\",\"url\":\"https:\/\/www.rafanadalacademy.com\/fr\/informations\/korneeva-championne-a-bahrein-inaugure-le-palmares-de-la-rafa-nadal-academy-en-2026\/\",\"name\":\"Korneeva, championne \u00e0 Bahre\u00efn, inaugure le palmar\u00e8s de la Rafa Nadal Academy en 2026 - Rafa Nadal Academy\",\"isPartOf\":{\"@id\":\"https:\/\/www.rafanadalacademy.com\/fr\/#website\"},\"primaryImageOfPage\":{\"@id\":\"https:\/\/www.rafanadalacademy.com\/fr\/informations\/korneeva-championne-a-bahrein-inaugure-le-palmares-de-la-rafa-nadal-academy-en-2026\/#primaryimage\"},\"image\":{\"@id\":\"https:\/\/www.rafanadalacademy.com\/fr\/informations\/korneeva-championne-a-bahrein-inaugure-le-palmares-de-la-rafa-nadal-academy-en-2026\/#primaryimage\"},\"thumbnailUrl\":\"https:\/\/www.rafanadalacademy.com\/wp-content\/uploads\/2026\/01\/621575891_18521858371064586_4991616468887203599_n-e1769428980244.jpg\",\"datePublished\":\"2026-01-26T12:07:35+00:00\",\"dateModified\":\"2026-01-26T12:16:03+00:00\",\"author\":{\"@id\":\"https:\/\/www.rafanadalacademy.com\/fr\/#\/schema\/person\/744897d6ee269641fff954376180ef01\"},\"description\":\"Alina Korneeva a inaugur\u00e9 le palmar\u00e8s de la Rafa Nadal Academy en cette ann\u00e9e 2026 avec son triomphe au tournoi W75 de Manama (Bahre\u00efn),\",\"breadcrumb\":{\"@id\":\"https:\/\/www.rafanadalacademy.com\/fr\/informations\/korneeva-championne-a-bahrein-inaugure-le-palmares-de-la-rafa-nadal-academy-en-2026\/#breadcrumb\"},\"inLanguage\":\"fr-FR\",\"potentialAction\":[{\"@type\":\"ReadAction\",\"target\":[\"https:\/\/www.rafanadalacademy.com\/fr\/informations\/korneeva-championne-a-bahrein-inaugure-le-palmares-de-la-rafa-nadal-academy-en-2026\/\"]}]},{\"@type\":\"ImageObject\",\"inLanguage\":\"fr-FR\",\"@id\":\"https:\/\/www.rafanadalacademy.com\/fr\/informations\/korneeva-championne-a-bahrein-inaugure-le-palmares-de-la-rafa-nadal-academy-en-2026\/#primaryimage\",\"url\":\"https:\/\/www.rafanadalacademy.com\/wp-content\/uploads\/2026\/01\/621575891_18521858371064586_4991616468887203599_n-e1769428980244.jpg\",\"contentUrl\":\"https:\/\/www.rafanadalacademy.com\/wp-content\/uploads\/2026\/01\/621575891_18521858371064586_4991616468887203599_n-e1769428980244.jpg\",\"width\":1080,\"height\":1375,\"caption\":\"Alina Koorneva, campeona del W75 de Bahrein 2026\"},{\"@type\":\"BreadcrumbList\",\"@id\":\"https:\/\/www.rafanadalacademy.com\/fr\/informations\/korneeva-championne-a-bahrein-inaugure-le-palmares-de-la-rafa-nadal-academy-en-2026\/#breadcrumb\",\"itemListElement\":[{\"@type\":\"ListItem\",\"position\":1,\"name\":\"Home\",\"item\":\"https:\/\/www.rafanadalacademy.com\/fr\/\"},{\"@type\":\"ListItem\",\"position\":2,\"name\":\"Korneeva, championne \u00e0 Bahre\u00efn, inaugure le palmar\u00e8s de la Rafa Nadal Academy en 2026\"}]},{\"@type\":\"WebSite\",\"@id\":\"https:\/\/www.rafanadalacademy.com\/fr\/#website\",\"url\":\"https:\/\/www.rafanadalacademy.com\/fr\/\",\"name\":\"Rafa Nadal Academy\",\"description\":\"Otro sitio realizado con WordPress\",\"potentialAction\":[{\"@type\":\"SearchAction\",\"target\":{\"@type\":\"EntryPoint\",\"urlTemplate\":\"https:\/\/www.rafanadalacademy.com\/fr\/?s={search_term_string}\"},\"query-input\":{\"@type\":\"PropertyValueSpecification\",\"valueRequired\":true,\"valueName\":\"search_term_string\"}}],\"inLanguage\":\"fr-FR\"},{\"@type\":\"Person\",\"@id\":\"https:\/\/www.rafanadalacademy.com\/fr\/#\/schema\/person\/744897d6ee269641fff954376180ef01\",\"name\":\"joseluisprados\",\"image\":{\"@type\":\"ImageObject\",\"inLanguage\":\"fr-FR\",\"@id\":\"https:\/\/www.rafanadalacademy.com\/fr\/#\/schema\/person\/image\/\",\"url\":\"https:\/\/secure.gravatar.com\/avatar\/8aa823a6e5501864ffab4785d9e2a994b59c2d45c9f9751c5a532abfec081e5f?s=96&d=mm&r=g\",\"contentUrl\":\"https:\/\/secure.gravatar.com\/avatar\/8aa823a6e5501864ffab4785d9e2a994b59c2d45c9f9751c5a532abfec081e5f?s=96&d=mm&r=g\",\"caption\":\"joseluisprados\"},\"url\":\"https:\/\/www.rafanadalacademy.com\/fr\/author\/joseluisprados\/\"},{\"@type\":\"ImageObject\",\"inLanguage\":\"fr-FR\",\"@id\":\"https:\/\/www.rafanadalacademy.com\/fr\/informations\/korneeva-championne-a-bahrein-inaugure-le-palmares-de-la-rafa-nadal-academy-en-2026\/#local-main-organization-logo\",\"url\":\"\",\"contentUrl\":\"\",\"caption\":\"Rafa Nadal Academy\"}]}<\/script>\n<!-- \/ Yoast SEO Premium plugin. -->","yoast_head_json":{"title":"Korneeva, championne \u00e0 Bahre\u00efn, inaugure le palmar\u00e8s de la Rafa Nadal Academy en 2026 - Rafa Nadal Academy","description":"Alina Korneeva a inaugur\u00e9 le palmar\u00e8s de la Rafa Nadal Academy en cette ann\u00e9e 2026 avec son triomphe au tournoi W75 de Manama (Bahre\u00efn),","robots":{"index":"index","follow":"follow","max-snippet":"max-snippet:-1","max-image-preview":"max-image-preview:large","max-video-preview":"max-video-preview:-1"},"canonical":"https:\/\/www.rafanadalacademy.com\/fr\/informations\/korneeva-championne-a-bahrein-inaugure-le-palmares-de-la-rafa-nadal-academy-en-2026\/","og_locale":"fr_FR","og_type":"article","og_title":"Korneeva, championne \u00e0 Bahre\u00efn, inaugure le palmar\u00e8s de la Rafa Nadal Academy en 2026","og_description":"Alina Korneeva a inaugur\u00e9 le palmar\u00e8s de la Rafa Nadal Academy en cette ann\u00e9e 2026 avec son triomphe au tournoi W75 de Manama (Bahre\u00efn),","og_url":"https:\/\/www.rafanadalacademy.com\/fr\/informations\/korneeva-championne-a-bahrein-inaugure-le-palmares-de-la-rafa-nadal-academy-en-2026\/","og_site_name":"Rafa Nadal Academy","article_published_time":"2026-01-26T12:07:35+00:00","article_modified_time":"2026-01-26T12:16:03+00:00","og_image":[{"width":1080,"height":1375,"url":"https:\/\/www.rafanadalacademy.com\/wp-content\/uploads\/2026\/01\/621575891_18521858371064586_4991616468887203599_n-e1769428980244.jpg","type":"image\/jpeg"}],"author":"joseluisprados","twitter_card":"summary_large_image","twitter_misc":{"Written by":"joseluisprados","Est. reading time":"2 minutes"},"schema":{"@context":"https:\/\/schema.org","@graph":[{"@type":"Article","@id":"https:\/\/www.rafanadalacademy.com\/fr\/informations\/korneeva-championne-a-bahrein-inaugure-le-palmares-de-la-rafa-nadal-academy-en-2026\/#article","isPartOf":{"@id":"https:\/\/www.rafanadalacademy.com\/fr\/informations\/korneeva-championne-a-bahrein-inaugure-le-palmares-de-la-rafa-nadal-academy-en-2026\/"},"author":{"name":"joseluisprados","@id":"https:\/\/www.rafanadalacademy.com\/fr\/#\/schema\/person\/744897d6ee269641fff954376180ef01"},"headline":"Korneeva, championne \u00e0 Bahre\u00efn, inaugure le palmar\u00e8s de la Rafa Nadal Academy en 2026","datePublished":"2026-01-26T12:07:35+00:00","dateModified":"2026-01-26T12:16:03+00:00","mainEntityOfPage":{"@id":"https:\/\/www.rafanadalacademy.com\/fr\/informations\/korneeva-championne-a-bahrein-inaugure-le-palmares-de-la-rafa-nadal-academy-en-2026\/"},"wordCount":367,"image":{"@id":"https:\/\/www.rafanadalacademy.com\/fr\/informations\/korneeva-championne-a-bahrein-inaugure-le-palmares-de-la-rafa-nadal-academy-en-2026\/#primaryimage"},"thumbnailUrl":"https:\/\/www.rafanadalacademy.com\/wp-content\/uploads\/2026\/01\/621575891_18521858371064586_4991616468887203599_n-e1769428980244.jpg","keywords":["ACAD\u00c9MIE RAFA NADAL PAR MOVISTAR","TOURN\u00c9E DE PADEL DE L'ACAD\u00c9MIE RAFA NADAL"],"articleSection":["ACAD\u00c9MIE RAFA NADAL PAR MOVISTAR","informations"],"inLanguage":"fr-FR","copyrightYear":"2026","copyrightHolder":{"@id":"https:\/\/www.rafanadalacademy.com\/#organization"}},{"@type":"WebPage","@id":"https:\/\/www.rafanadalacademy.com\/fr\/informations\/korneeva-championne-a-bahrein-inaugure-le-palmares-de-la-rafa-nadal-academy-en-2026\/","url":"https:\/\/www.rafanadalacademy.com\/fr\/informations\/korneeva-championne-a-bahrein-inaugure-le-palmares-de-la-rafa-nadal-academy-en-2026\/","name":"Korneeva, championne \u00e0 Bahre\u00efn, inaugure le palmar\u00e8s de la Rafa Nadal Academy en 2026 - Rafa Nadal Academy","isPartOf":{"@id":"https:\/\/www.rafanadalacademy.com\/fr\/#website"},"primaryImageOfPage":{"@id":"https:\/\/www.rafanadalacademy.com\/fr\/informations\/korneeva-championne-a-bahrein-inaugure-le-palmares-de-la-rafa-nadal-academy-en-2026\/#primaryimage"},"image":{"@id":"https:\/\/www.rafanadalacademy.com\/fr\/informations\/korneeva-championne-a-bahrein-inaugure-le-palmares-de-la-rafa-nadal-academy-en-2026\/#primaryimage"},"thumbnailUrl":"https:\/\/www.rafanadalacademy.com\/wp-content\/uploads\/2026\/01\/621575891_18521858371064586_4991616468887203599_n-e1769428980244.jpg","datePublished":"2026-01-26T12:07:35+00:00","dateModified":"2026-01-26T12:16:03+00:00","author":{"@id":"https:\/\/www.rafanadalacademy.com\/fr\/#\/schema\/person\/744897d6ee269641fff954376180ef01"},"description":"Alina Korneeva a inaugur\u00e9 le palmar\u00e8s de la Rafa Nadal Academy en cette ann\u00e9e 2026 avec son triomphe au tournoi W75 de Manama (Bahre\u00efn),","breadcrumb":{"@id":"https:\/\/www.rafanadalacademy.com\/fr\/informations\/korneeva-championne-a-bahrein-inaugure-le-palmares-de-la-rafa-nadal-academy-en-2026\/#breadcrumb"},"inLanguage":"fr-FR","potentialAction":[{"@type":"ReadAction","target":["https:\/\/www.rafanadalacademy.com\/fr\/informations\/korneeva-championne-a-bahrein-inaugure-le-palmares-de-la-rafa-nadal-academy-en-2026\/"]}]},{"@type":"ImageObject","inLanguage":"fr-FR","@id":"https:\/\/www.rafanadalacademy.com\/fr\/informations\/korneeva-championne-a-bahrein-inaugure-le-palmares-de-la-rafa-nadal-academy-en-2026\/#primaryimage","url":"https:\/\/www.rafanadalacademy.com\/wp-content\/uploads\/2026\/01\/621575891_18521858371064586_4991616468887203599_n-e1769428980244.jpg","contentUrl":"https:\/\/www.rafanadalacademy.com\/wp-content\/uploads\/2026\/01\/621575891_18521858371064586_4991616468887203599_n-e1769428980244.jpg","width":1080,"height":1375,"caption":"Alina Koorneva, campeona del W75 de Bahrein 2026"},{"@type":"BreadcrumbList","@id":"https:\/\/www.rafanadalacademy.com\/fr\/informations\/korneeva-championne-a-bahrein-inaugure-le-palmares-de-la-rafa-nadal-academy-en-2026\/#breadcrumb","itemListElement":[{"@type":"ListItem","position":1,"name":"Home","item":"https:\/\/www.rafanadalacademy.com\/fr\/"},{"@type":"ListItem","position":2,"name":"Korneeva, championne \u00e0 Bahre\u00efn, inaugure le palmar\u00e8s de la Rafa Nadal Academy en 2026"}]},{"@type":"WebSite","@id":"https:\/\/www.rafanadalacademy.com\/fr\/#website","url":"https:\/\/www.rafanadalacademy.com\/fr\/","name":"Rafa Nadal Academy","description":"Otro sitio realizado con WordPress","potentialAction":[{"@type":"SearchAction","target":{"@type":"EntryPoint","urlTemplate":"https:\/\/www.rafanadalacademy.com\/fr\/?s={search_term_string}"},"query-input":{"@type":"PropertyValueSpecification","valueRequired":true,"valueName":"search_term_string"}}],"inLanguage":"fr-FR"},{"@type":"Person","@id":"https:\/\/www.rafanadalacademy.com\/fr\/#\/schema\/person\/744897d6ee269641fff954376180ef01","name":"joseluisprados","image":{"@type":"ImageObject","inLanguage":"fr-FR","@id":"https:\/\/www.rafanadalacademy.com\/fr\/#\/schema\/person\/image\/","url":"https:\/\/secure.gravatar.com\/avatar\/8aa823a6e5501864ffab4785d9e2a994b59c2d45c9f9751c5a532abfec081e5f?s=96&d=mm&r=g","contentUrl":"https:\/\/secure.gravatar.com\/avatar\/8aa823a6e5501864ffab4785d9e2a994b59c2d45c9f9751c5a532abfec081e5f?s=96&d=mm&r=g","caption":"joseluisprados"},"url":"https:\/\/www.rafanadalacademy.com\/fr\/author\/joseluisprados\/"},{"@type":"ImageObject","inLanguage":"fr-FR","@id":"https:\/\/www.rafanadalacademy.com\/fr\/informations\/korneeva-championne-a-bahrein-inaugure-le-palmares-de-la-rafa-nadal-academy-en-2026\/#local-main-organization-logo","url":"","contentUrl":"","caption":"Rafa Nadal Academy"}]}},"_links":{"self":[{"href":"https:\/\/www.rafanadalacademy.com\/fr\/wp-json\/wp\/v2\/posts\/38618","targetHints":{"allow":["GET"]}}],"collection":[{"href":"https:\/\/www.rafanadalacademy.com\/fr\/wp-json\/wp\/v2\/posts"}],"about":[{"href":"https:\/\/www.rafanadalacademy.com\/fr\/wp-json\/wp\/v2\/types\/post"}],"author":[{"embeddable":true,"href":"https:\/\/www.rafanadalacademy.com\/fr\/wp-json\/wp\/v2\/users\/23"}],"replies":[{"embeddable":true,"href":"https:\/\/www.rafanadalacademy.com\/fr\/wp-json\/wp\/v2\/comments?post=38618"}],"version-history":[{"count":1,"href":"https:\/\/www.rafanadalacademy.com\/fr\/wp-json\/wp\/v2\/posts\/38618\/revisions"}],"predecessor-version":[{"id":38619,"href":"https:\/\/www.rafanadalacademy.com\/fr\/wp-json\/wp\/v2\/posts\/38618\/revisions\/38619"}],"wp:featuredmedia":[{"embeddable":true,"href":"https:\/\/www.rafanadalacademy.com\/fr\/wp-json\/wp\/v2\/media\/38600"}],"wp:attachment":[{"href":"https:\/\/www.rafanadalacademy.com\/fr\/wp-json\/wp\/v2\/media?parent=38618"}],"wp:term":[{"taxonomy":"category","embeddable":true,"href":"https:\/\/www.rafanadalacademy.com\/fr\/wp-json\/wp\/v2\/categories?post=38618"},{"taxonomy":"post_tag","embeddable":true,"href":"https:\/\/www.rafanadalacademy.com\/fr\/wp-json\/wp\/v2\/tags?post=38618"}],"curies":[{"name":"wp","href":"https:\/\/api.w.org\/{rel}","templated":true}]}}