{"id":38267,"date":"2026-01-22T11:44:15","date_gmt":"2026-01-22T11:44:15","guid":{"rendered":"https:\/\/www.rafanadalacademy.com\/non-classifiee\/max-basing-et-son-voyage-aller-retour-de-la-rafa-nadal-academy-a-stanford-pour-remporter-son-sixieme-titre-itf\/"},"modified":"2026-01-22T11:56:12","modified_gmt":"2026-01-22T11:56:12","slug":"max-basing-et-son-voyage-aller-retour-de-la-rafa-nadal-academy-a-stanford-pour-remporter-son-sixieme-titre-itf","status":"publish","type":"post","link":"https:\/\/www.rafanadalacademy.com\/fr\/academie-rafa-nadal-par-movistar\/max-basing-et-son-voyage-aller-retour-de-la-rafa-nadal-academy-a-stanford-pour-remporter-son-sixieme-titre-itf\/","title":{"rendered":"Max Basing et son voyage aller-retour de la Rafa Nadal Academy \u00e0 Stanford pour remporter son sixi\u00e8me titre ITF"},"content":{"rendered":"\n<p>Le cas de Max Basing est le meilleur reflet du parcours de nombreux jeunes qui arrivent \u00e0 la Rafa Nadal Academy pour se former et grandir, sur et en dehors du court. Apr\u00e8s avoir termin\u00e9 sa scolarit\u00e9 \u00e0 la Rafa Nadal School et poursuivi son d\u00e9veloppement acad\u00e9mique et sportif \u00e0 la prestigieuse universit\u00e9 de Standford aux \u00c9tats-Unis, Basing est revenu sur le lieu o\u00f9 il s&#8217;est forg\u00e9 pour vivre l&#8217;un des moments les plus sp\u00e9ciaux de sa courte, mais prometteuse carri\u00e8re\u00a0: se proclamer champion de l&#8217;ITF Manacor. <\/p>\n\n<figure class=\"wp-block-image size-large\"><img loading=\"lazy\" decoding=\"async\" width=\"819\" height=\"1024\" src=\"https:\/\/www.rafanadalacademy.com\/wp-content\/uploads\/2026\/01\/RNA_18012026_Final-ITF_020-819x1024.jpg\" alt=\"\" class=\"wp-image-38251\" srcset=\"https:\/\/www.rafanadalacademy.com\/wp-content\/uploads\/2026\/01\/RNA_18012026_Final-ITF_020-819x1024.jpg 819w, https:\/\/www.rafanadalacademy.com\/wp-content\/uploads\/2026\/01\/RNA_18012026_Final-ITF_020-240x300.jpg 240w, https:\/\/www.rafanadalacademy.com\/wp-content\/uploads\/2026\/01\/RNA_18012026_Final-ITF_020-768x960.jpg 768w, https:\/\/www.rafanadalacademy.com\/wp-content\/uploads\/2026\/01\/RNA_18012026_Final-ITF_020-1229x1536.jpg 1229w, https:\/\/www.rafanadalacademy.com\/wp-content\/uploads\/2026\/01\/RNA_18012026_Final-ITF_020-1638x2048.jpg 1638w, https:\/\/www.rafanadalacademy.com\/wp-content\/uploads\/2026\/01\/RNA_18012026_Final-ITF_020-scaled.jpg 2048w\" sizes=\"auto, (max-width: 819px) 100vw, 819px\" \/><\/figure>\n\n<div style=\"height:30px\" aria-hidden=\"true\" class=\"wp-block-spacer\"><\/div>\n\n<p>Mike est arriv\u00e9 \u00e0 l&#8217;Acad\u00e9mie \u00e0 l&#8217;\u00e2ge de 14\u00a0ans et y est rest\u00e9 jusqu&#8217;\u00e0 18\u00a0ans, une \u00e9tape qu&#8217;il d\u00e9finit comme une exp\u00e9rience totale. \u00ab\u00a0Vivre l&#8217;exp\u00e9rience compl\u00e8te signifiait faire tout de son mieux\u00a0: \u00e9tudier tr\u00e8s dur et jouer au tennis \u00e0 un haut niveau\u00a0\u00bb, se souvient-il. Pour le joueur de tennis, la Rafa Nadal Academy \u00e9tait \u00ab\u00a0l&#8217;endroit le plus professionnel\u00a0\u00bb o\u00f9 il pouvait d\u00e9velopper les deux facettes, avec une structure qu&#8217;il consid\u00e8re comme \u00ab\u00a0la meilleure du monde\u00a0\u00bb et qui l&#8217;a pr\u00e9par\u00e9 \u00ab\u00a0parfaitement pour aller aux \u00c9tats-Unis, continuer \u00e0 \u00e9tudier et poursuivre le r\u00eave de jouer au tennis\u00a0\u00bb.  <\/p>\n\n<div style=\"height:30px\" aria-hidden=\"true\" class=\"wp-block-spacer\"><\/div>\n\n<figure class=\"wp-block-embed is-type-video is-provider-youtube wp-block-embed-youtube wp-embed-aspect-16-9 wp-has-aspect-ratio\"><div class=\"wp-block-embed__wrapper\">\n<iframe loading=\"lazy\" title=\"Graduation Class of 2021 | Max Basing\" width=\"500\" height=\"281\" src=\"https:\/\/www.youtube.com\/embed\/bqJOevuNzrs?feature=oembed\" frameborder=\"0\" allow=\"accelerometer; autoplay; clipboard-write; encrypted-media; gyroscope; picture-in-picture; web-share\" referrerpolicy=\"strict-origin-when-cross-origin\" allowfullscreen><\/iframe>\n<\/div><\/figure>\n\n<div style=\"height:30px\" aria-hidden=\"true\" class=\"wp-block-spacer\"><\/div>\n\n<p>Le passage au syst\u00e8me universitaire am\u00e9ricain a \u00e9t\u00e9 exigeant. \u00ab\u00a0Ce fut un processus tr\u00e8s intense\u00a0: parler avec de nombreuses universit\u00e9s tout en essayant d&#8217;am\u00e9liorer mon tennis et d&#8217;obtenir de bonnes notes\u00a0\u00bb, explique-t-il. Dans ce parcours, le soutien de l&#8217;\u00e9quipe de l&#8217;Acad\u00e9mie s&#8217;est av\u00e9r\u00e9 d\u00e9cisif. \u00ab\u00a0Mes entra\u00eeneurs, le directeur, les professeurs et le conseiller m&#8217;ont aid\u00e9 \u00e0 \u00e9quilibrer tout ce que j&#8217;avais entre les mains et m&#8217;ont donn\u00e9 les opportunit\u00e9s pour le rendre possible\u00a0\u00bb.   <\/p>\n\n<p>Au-del\u00e0 de la performance sportive, Basing souligne la croissance personnelle v\u00e9cue \u00e0 l&#8217;Acad\u00e9mie. \u00ab\u00a0Ce fut un endroit formidable pour apprendre et grandir en tant qu&#8217;adulte\u00a0\u00bb, affirme-t-il. Parmi les valeurs qu&#8217;il conserve encore aujourd&#8217;hui, il souligne particuli\u00e8rement l&#8217;ind\u00e9pendance et la r\u00e9silience. \u00ab\u00a0On apprend \u00e0 vivre sans ses parents, \u00e0 prendre ses propres d\u00e9cisions. Parfois, on se sent perdu ou on pense qu&#8217;on ne progresse pas comme on le souhaiterait, et c&#8217;est l\u00e0 que la r\u00e9silience est essentielle. C&#8217;est un endroit parfait pour l&#8217;apprendre\u00a0\u00bb.   <\/p>\n\n<div style=\"height:30px\" aria-hidden=\"true\" class=\"wp-block-spacer\"><\/div>\n\n<figure class=\"wp-block-embed is-type-video is-provider-youtube wp-block-embed-youtube wp-embed-aspect-16-9 wp-has-aspect-ratio\"><div class=\"wp-block-embed__wrapper\">\n<iframe loading=\"lazy\" title=\"Rafa Nadal Academy Documentary: Max Basing\" width=\"500\" height=\"281\" src=\"https:\/\/www.youtube.com\/embed\/k66ANCnLvf0?feature=oembed\" frameborder=\"0\" allow=\"accelerometer; autoplay; clipboard-write; encrypted-media; gyroscope; picture-in-picture; web-share\" referrerpolicy=\"strict-origin-when-cross-origin\" allowfullscreen><\/iframe>\n<\/div><\/figure>\n\n<div style=\"height:30px\" aria-hidden=\"true\" class=\"wp-block-spacer\"><\/div>\n\n<p>Le retour du Britannique \u00e0 la Rafa Nadal Academy a \u00e9galement eu une forte composante \u00e9motionnelle pour le joueur de tennis. En effet, Basing a obtenu \u00e0 Manacor son premier point ATP \u00e0 seulement 17\u00a0ans et maintenant, six ans plus tard, soulever le troph\u00e9e de l&#8217;ITF signifie boucler une boucle tr\u00e8s sp\u00e9ciale. \u00ab\u00a0C&#8217;est agr\u00e9able de revenir et non seulement de gagner un match, mais d&#8217;aller jusqu&#8217;au bout et de gagner le tournoi\u00a0\u00bb, souligne-t-il. Malgr\u00e9 le temps qui passe, il souligne la chaleur de l&#8217;environnement\u00a0: \u00ab\u00a0Il y a des personnes qui \u00e9taient d\u00e9j\u00e0 l\u00e0 quand j&#8217;\u00e9tais ici et qui ont \u00e9t\u00e9 incroyablement accueillantes. M\u00eame ceux qui ne me connaissaient pas m&#8217;ont fait me sentir comme chez moi\u00a0\u00bb.   <\/p>\n\n<div style=\"height:30px\" aria-hidden=\"true\" class=\"wp-block-spacer\"><\/div>\n\n<figure class=\"wp-block-embed is-type-video is-provider-youtube wp-block-embed-youtube wp-embed-aspect-16-9 wp-has-aspect-ratio\"><div class=\"wp-block-embed__wrapper\">\n<iframe loading=\"lazy\" title=\"Max Basing | Stanford University recruiting experience\" width=\"500\" height=\"281\" src=\"https:\/\/www.youtube.com\/embed\/WpYTSYvTPRs?feature=oembed\" frameborder=\"0\" allow=\"accelerometer; autoplay; clipboard-write; encrypted-media; gyroscope; picture-in-picture; web-share\" referrerpolicy=\"strict-origin-when-cross-origin\" allowfullscreen><\/iframe>\n<\/div><\/figure>\n\n<div style=\"height:30px\" aria-hidden=\"true\" class=\"wp-block-spacer\"><\/div>\n\n<p>Ce triomphe permet \u00e9galement \u00e0 Mike Basing de renforcer le message qu&#8217;il transmet aux nouvelles g\u00e9n\u00e9rations de joueurs qui font maintenant leurs premiers pas \u00e0 l&#8217;Acad\u00e9mie\u00a0: \u00ab\u00a0Qu&#8217;ils se concentrent sur le long terme et sur le d\u00e9veloppement, pas seulement sur les r\u00e9sultats, car les r\u00e9sultats finissent par arriver. Qu&#8217;ils soient patients et qu&#8217;ils en profitent. L&#8217;Acad\u00e9mie est un endroit incroyable o\u00f9 il faut \u00eatre et il faut profiter de l&#8217;opportunit\u00e9\u00a0\u00bb.<\/p>\n\n<p>Une histoire de retour, de maturit\u00e9 et de succ\u00e8s qui illustre l&#8217;impact du mod\u00e8le de formation de la Rafa Nadal Academy et confirme que le travail \u00e0 long terme trouve toujours sa r\u00e9compense. F\u00e9licitations, Max. <\/p>\n\n<div style=\"height:30px\" aria-hidden=\"true\" class=\"wp-block-spacer\"><\/div>\n\n<figure class=\"wp-block-embed is-type-video is-provider-youtube wp-block-embed-youtube wp-embed-aspect-16-9 wp-has-aspect-ratio\"><div class=\"wp-block-embed__wrapper\">\n<iframe loading=\"lazy\" title=\"Rafa Nadal Academy: Tennis &amp; Values\" width=\"500\" height=\"281\" src=\"https:\/\/www.youtube.com\/embed\/F71onMy-MeU?feature=oembed\" frameborder=\"0\" allow=\"accelerometer; autoplay; clipboard-write; encrypted-media; gyroscope; picture-in-picture; web-share\" referrerpolicy=\"strict-origin-when-cross-origin\" allowfullscreen><\/iframe>\n<\/div><\/figure>\n","protected":false},"excerpt":{"rendered":"<p>Le cas de Max Basing est le meilleur reflet du parcours de nombreux jeunes qui arrivent \u00e0 la Rafa Nadal Academy pour se former et grandir, sur et en dehors du court. Apr\u00e8s avoir termin\u00e9 sa scolarit\u00e9 \u00e0 la Rafa Nadal School et poursuivi son d\u00e9veloppement acad\u00e9mique et sportif \u00e0 la prestigieuse universit\u00e9 de Standford<a href=\"https:\/\/www.rafanadalacademy.com\/fr\/academie-rafa-nadal-par-movistar\/max-basing-et-son-voyage-aller-retour-de-la-rafa-nadal-academy-a-stanford-pour-remporter-son-sixieme-titre-itf\/\">Continue reading <span class=\"sr-only\">&#8220;Max Basing et son voyage aller-retour de la Rafa Nadal Academy \u00e0 Stanford pour remporter son sixi\u00e8me titre ITF&#8221;<\/span><\/a><\/p>\n","protected":false},"author":23,"featured_media":38246,"comment_status":"closed","ping_status":"closed","sticky":false,"template":"","format":"standard","meta":{"_acf_changed":false,"footnotes":""},"categories":[206,158],"tags":[207,261],"class_list":["post-38267","post","type-post","status-publish","format-standard","has-post-thumbnail","hentry","category-academie-rafa-nadal-par-movistar","category-informations","tag-academie-rafa-nadal-par-movistar","tag-rafa-nadal-fr"],"acf":[],"yoast_head":"<!-- This site is optimized with the Yoast SEO Premium plugin v26.8 (Yoast SEO v26.9) - https:\/\/yoast.com\/product\/yoast-seo-premium-wordpress\/ -->\n<title>Max Basing et son voyage aller-retour de la Rafa Nadal Academy \u00e0 Stanford pour remporter son sixi\u00e8me titre ITF - Rafa Nadal Academy<\/title>\n<meta name=\"description\" content=\"Le cas de Max Basing est le meilleur reflet du parcours de nombreux jeunes qui arrivent \u00e0 la Rafa Nadal Academy pour se former et grandir, sur et en dehors du court, et qui finissent par int\u00e9grer des universit\u00e9s aux \u00c9tats-Unis.\" \/>\n<meta name=\"robots\" content=\"index, follow, max-snippet:-1, max-image-preview:large, max-video-preview:-1\" \/>\n<link rel=\"canonical\" href=\"https:\/\/www.rafanadalacademy.com\/fr\/academie-rafa-nadal-par-movistar\/max-basing-et-son-voyage-aller-retour-de-la-rafa-nadal-academy-a-stanford-pour-remporter-son-sixieme-titre-itf\/\" \/>\n<meta property=\"og:locale\" content=\"fr_FR\" \/>\n<meta property=\"og:type\" content=\"article\" \/>\n<meta property=\"og:title\" content=\"Max Basing et son voyage aller-retour de la Rafa Nadal Academy \u00e0 Stanford pour remporter son sixi\u00e8me titre ITF\" \/>\n<meta property=\"og:description\" content=\"Le cas de Max Basing est le meilleur reflet du parcours de nombreux jeunes qui arrivent \u00e0 la Rafa Nadal Academy pour se former et grandir, sur et en dehors du court, et qui finissent par int\u00e9grer des universit\u00e9s aux \u00c9tats-Unis.\" \/>\n<meta property=\"og:url\" content=\"https:\/\/www.rafanadalacademy.com\/fr\/academie-rafa-nadal-par-movistar\/max-basing-et-son-voyage-aller-retour-de-la-rafa-nadal-academy-a-stanford-pour-remporter-son-sixieme-titre-itf\/\" \/>\n<meta property=\"og:site_name\" content=\"Rafa Nadal Academy\" \/>\n<meta property=\"article:published_time\" content=\"2026-01-22T11:44:15+00:00\" \/>\n<meta property=\"article:modified_time\" content=\"2026-01-22T11:56:12+00:00\" \/>\n<meta property=\"og:image\" content=\"https:\/\/www.rafanadalacademy.com\/wp-content\/uploads\/2026\/01\/RNA_18012026_Final-ITF_033-scaled-e1769082087373.jpg\" \/>\n\t<meta property=\"og:image:width\" content=\"2560\" \/>\n\t<meta property=\"og:image:height\" content=\"2048\" \/>\n\t<meta property=\"og:image:type\" content=\"image\/jpeg\" \/>\n<meta name=\"author\" content=\"joseluisprados\" \/>\n<meta name=\"twitter:card\" content=\"summary_large_image\" \/>\n<meta name=\"twitter:label1\" content=\"Written by\" \/>\n\t<meta name=\"twitter:data1\" content=\"joseluisprados\" \/>\n\t<meta name=\"twitter:label2\" content=\"Est. reading time\" \/>\n\t<meta name=\"twitter:data2\" content=\"3 minutes\" \/>\n<script type=\"application\/ld+json\" class=\"yoast-schema-graph\">{\"@context\":\"https:\/\/schema.org\",\"@graph\":[{\"@type\":\"Article\",\"@id\":\"https:\/\/www.rafanadalacademy.com\/fr\/academie-rafa-nadal-par-movistar\/max-basing-et-son-voyage-aller-retour-de-la-rafa-nadal-academy-a-stanford-pour-remporter-son-sixieme-titre-itf\/#article\",\"isPartOf\":{\"@id\":\"https:\/\/www.rafanadalacademy.com\/fr\/academie-rafa-nadal-par-movistar\/max-basing-et-son-voyage-aller-retour-de-la-rafa-nadal-academy-a-stanford-pour-remporter-son-sixieme-titre-itf\/\"},\"author\":{\"name\":\"joseluisprados\",\"@id\":\"https:\/\/www.rafanadalacademy.com\/fr\/#\/schema\/person\/744897d6ee269641fff954376180ef01\"},\"headline\":\"Max Basing et son voyage aller-retour de la Rafa Nadal Academy \u00e0 Stanford pour remporter son sixi\u00e8me titre ITF\",\"datePublished\":\"2026-01-22T11:44:15+00:00\",\"dateModified\":\"2026-01-22T11:56:12+00:00\",\"mainEntityOfPage\":{\"@id\":\"https:\/\/www.rafanadalacademy.com\/fr\/academie-rafa-nadal-par-movistar\/max-basing-et-son-voyage-aller-retour-de-la-rafa-nadal-academy-a-stanford-pour-remporter-son-sixieme-titre-itf\/\"},\"wordCount\":682,\"image\":{\"@id\":\"https:\/\/www.rafanadalacademy.com\/fr\/academie-rafa-nadal-par-movistar\/max-basing-et-son-voyage-aller-retour-de-la-rafa-nadal-academy-a-stanford-pour-remporter-son-sixieme-titre-itf\/#primaryimage\"},\"thumbnailUrl\":\"https:\/\/www.rafanadalacademy.com\/wp-content\/uploads\/2026\/01\/RNA_18012026_Final-ITF_033-scaled-e1769082087373.jpg\",\"keywords\":[\"ACAD\u00c9MIE RAFA NADAL PAR MOVISTAR\",\"Rafa Nadal\"],\"articleSection\":[\"ACAD\u00c9MIE RAFA NADAL PAR MOVISTAR\",\"informations\"],\"inLanguage\":\"fr-FR\",\"copyrightYear\":\"2026\",\"copyrightHolder\":{\"@id\":\"https:\/\/www.rafanadalacademy.com\/#organization\"}},{\"@type\":\"WebPage\",\"@id\":\"https:\/\/www.rafanadalacademy.com\/fr\/academie-rafa-nadal-par-movistar\/max-basing-et-son-voyage-aller-retour-de-la-rafa-nadal-academy-a-stanford-pour-remporter-son-sixieme-titre-itf\/\",\"url\":\"https:\/\/www.rafanadalacademy.com\/fr\/academie-rafa-nadal-par-movistar\/max-basing-et-son-voyage-aller-retour-de-la-rafa-nadal-academy-a-stanford-pour-remporter-son-sixieme-titre-itf\/\",\"name\":\"Max Basing et son voyage aller-retour de la Rafa Nadal Academy \u00e0 Stanford pour remporter son sixi\u00e8me titre ITF - Rafa Nadal Academy\",\"isPartOf\":{\"@id\":\"https:\/\/www.rafanadalacademy.com\/fr\/#website\"},\"primaryImageOfPage\":{\"@id\":\"https:\/\/www.rafanadalacademy.com\/fr\/academie-rafa-nadal-par-movistar\/max-basing-et-son-voyage-aller-retour-de-la-rafa-nadal-academy-a-stanford-pour-remporter-son-sixieme-titre-itf\/#primaryimage\"},\"image\":{\"@id\":\"https:\/\/www.rafanadalacademy.com\/fr\/academie-rafa-nadal-par-movistar\/max-basing-et-son-voyage-aller-retour-de-la-rafa-nadal-academy-a-stanford-pour-remporter-son-sixieme-titre-itf\/#primaryimage\"},\"thumbnailUrl\":\"https:\/\/www.rafanadalacademy.com\/wp-content\/uploads\/2026\/01\/RNA_18012026_Final-ITF_033-scaled-e1769082087373.jpg\",\"datePublished\":\"2026-01-22T11:44:15+00:00\",\"dateModified\":\"2026-01-22T11:56:12+00:00\",\"author\":{\"@id\":\"https:\/\/www.rafanadalacademy.com\/fr\/#\/schema\/person\/744897d6ee269641fff954376180ef01\"},\"description\":\"Le cas de Max Basing est le meilleur reflet du parcours de nombreux jeunes qui arrivent \u00e0 la Rafa Nadal Academy pour se former et grandir, sur et en dehors du court, et qui finissent par int\u00e9grer des universit\u00e9s aux \u00c9tats-Unis.\",\"breadcrumb\":{\"@id\":\"https:\/\/www.rafanadalacademy.com\/fr\/academie-rafa-nadal-par-movistar\/max-basing-et-son-voyage-aller-retour-de-la-rafa-nadal-academy-a-stanford-pour-remporter-son-sixieme-titre-itf\/#breadcrumb\"},\"inLanguage\":\"fr-FR\",\"potentialAction\":[{\"@type\":\"ReadAction\",\"target\":[\"https:\/\/www.rafanadalacademy.com\/fr\/academie-rafa-nadal-par-movistar\/max-basing-et-son-voyage-aller-retour-de-la-rafa-nadal-academy-a-stanford-pour-remporter-son-sixieme-titre-itf\/\"]}]},{\"@type\":\"ImageObject\",\"inLanguage\":\"fr-FR\",\"@id\":\"https:\/\/www.rafanadalacademy.com\/fr\/academie-rafa-nadal-par-movistar\/max-basing-et-son-voyage-aller-retour-de-la-rafa-nadal-academy-a-stanford-pour-remporter-son-sixieme-titre-itf\/#primaryimage\",\"url\":\"https:\/\/www.rafanadalacademy.com\/wp-content\/uploads\/2026\/01\/RNA_18012026_Final-ITF_033-scaled-e1769082087373.jpg\",\"contentUrl\":\"https:\/\/www.rafanadalacademy.com\/wp-content\/uploads\/2026\/01\/RNA_18012026_Final-ITF_033-scaled-e1769082087373.jpg\",\"width\":2560,\"height\":2048,\"caption\":\"Max Basing, campe\u00f3n del ITF M15 en la Rafa Nadal Academy\"},{\"@type\":\"BreadcrumbList\",\"@id\":\"https:\/\/www.rafanadalacademy.com\/fr\/academie-rafa-nadal-par-movistar\/max-basing-et-son-voyage-aller-retour-de-la-rafa-nadal-academy-a-stanford-pour-remporter-son-sixieme-titre-itf\/#breadcrumb\",\"itemListElement\":[{\"@type\":\"ListItem\",\"position\":1,\"name\":\"Home\",\"item\":\"https:\/\/www.rafanadalacademy.com\/fr\/\"},{\"@type\":\"ListItem\",\"position\":2,\"name\":\"Max Basing et son voyage aller-retour de la Rafa Nadal Academy \u00e0 Stanford pour remporter son sixi\u00e8me titre ITF\"}]},{\"@type\":\"WebSite\",\"@id\":\"https:\/\/www.rafanadalacademy.com\/fr\/#website\",\"url\":\"https:\/\/www.rafanadalacademy.com\/fr\/\",\"name\":\"Rafa Nadal Academy\",\"description\":\"Otro sitio realizado con WordPress\",\"potentialAction\":[{\"@type\":\"SearchAction\",\"target\":{\"@type\":\"EntryPoint\",\"urlTemplate\":\"https:\/\/www.rafanadalacademy.com\/fr\/?s={search_term_string}\"},\"query-input\":{\"@type\":\"PropertyValueSpecification\",\"valueRequired\":true,\"valueName\":\"search_term_string\"}}],\"inLanguage\":\"fr-FR\"},{\"@type\":\"Person\",\"@id\":\"https:\/\/www.rafanadalacademy.com\/fr\/#\/schema\/person\/744897d6ee269641fff954376180ef01\",\"name\":\"joseluisprados\",\"image\":{\"@type\":\"ImageObject\",\"inLanguage\":\"fr-FR\",\"@id\":\"https:\/\/www.rafanadalacademy.com\/fr\/#\/schema\/person\/image\/\",\"url\":\"https:\/\/secure.gravatar.com\/avatar\/8aa823a6e5501864ffab4785d9e2a994b59c2d45c9f9751c5a532abfec081e5f?s=96&d=mm&r=g\",\"contentUrl\":\"https:\/\/secure.gravatar.com\/avatar\/8aa823a6e5501864ffab4785d9e2a994b59c2d45c9f9751c5a532abfec081e5f?s=96&d=mm&r=g\",\"caption\":\"joseluisprados\"},\"url\":\"https:\/\/www.rafanadalacademy.com\/fr\/author\/joseluisprados\/\"},{\"@type\":\"ImageObject\",\"inLanguage\":\"fr-FR\",\"@id\":\"https:\/\/www.rafanadalacademy.com\/fr\/academie-rafa-nadal-par-movistar\/max-basing-et-son-voyage-aller-retour-de-la-rafa-nadal-academy-a-stanford-pour-remporter-son-sixieme-titre-itf\/#local-main-organization-logo\",\"url\":\"\",\"contentUrl\":\"\",\"caption\":\"Rafa Nadal Academy\"}]}<\/script>\n<!-- \/ Yoast SEO Premium plugin. -->","yoast_head_json":{"title":"Max Basing et son voyage aller-retour de la Rafa Nadal Academy \u00e0 Stanford pour remporter son sixi\u00e8me titre ITF - Rafa Nadal Academy","description":"Le cas de Max Basing est le meilleur reflet du parcours de nombreux jeunes qui arrivent \u00e0 la Rafa Nadal Academy pour se former et grandir, sur et en dehors du court, et qui finissent par int\u00e9grer des universit\u00e9s aux \u00c9tats-Unis.","robots":{"index":"index","follow":"follow","max-snippet":"max-snippet:-1","max-image-preview":"max-image-preview:large","max-video-preview":"max-video-preview:-1"},"canonical":"https:\/\/www.rafanadalacademy.com\/fr\/academie-rafa-nadal-par-movistar\/max-basing-et-son-voyage-aller-retour-de-la-rafa-nadal-academy-a-stanford-pour-remporter-son-sixieme-titre-itf\/","og_locale":"fr_FR","og_type":"article","og_title":"Max Basing et son voyage aller-retour de la Rafa Nadal Academy \u00e0 Stanford pour remporter son sixi\u00e8me titre ITF","og_description":"Le cas de Max Basing est le meilleur reflet du parcours de nombreux jeunes qui arrivent \u00e0 la Rafa Nadal Academy pour se former et grandir, sur et en dehors du court, et qui finissent par int\u00e9grer des universit\u00e9s aux \u00c9tats-Unis.","og_url":"https:\/\/www.rafanadalacademy.com\/fr\/academie-rafa-nadal-par-movistar\/max-basing-et-son-voyage-aller-retour-de-la-rafa-nadal-academy-a-stanford-pour-remporter-son-sixieme-titre-itf\/","og_site_name":"Rafa Nadal Academy","article_published_time":"2026-01-22T11:44:15+00:00","article_modified_time":"2026-01-22T11:56:12+00:00","og_image":[{"width":2560,"height":2048,"url":"https:\/\/www.rafanadalacademy.com\/wp-content\/uploads\/2026\/01\/RNA_18012026_Final-ITF_033-scaled-e1769082087373.jpg","type":"image\/jpeg"}],"author":"joseluisprados","twitter_card":"summary_large_image","twitter_misc":{"Written by":"joseluisprados","Est. reading time":"3 minutes"},"schema":{"@context":"https:\/\/schema.org","@graph":[{"@type":"Article","@id":"https:\/\/www.rafanadalacademy.com\/fr\/academie-rafa-nadal-par-movistar\/max-basing-et-son-voyage-aller-retour-de-la-rafa-nadal-academy-a-stanford-pour-remporter-son-sixieme-titre-itf\/#article","isPartOf":{"@id":"https:\/\/www.rafanadalacademy.com\/fr\/academie-rafa-nadal-par-movistar\/max-basing-et-son-voyage-aller-retour-de-la-rafa-nadal-academy-a-stanford-pour-remporter-son-sixieme-titre-itf\/"},"author":{"name":"joseluisprados","@id":"https:\/\/www.rafanadalacademy.com\/fr\/#\/schema\/person\/744897d6ee269641fff954376180ef01"},"headline":"Max Basing et son voyage aller-retour de la Rafa Nadal Academy \u00e0 Stanford pour remporter son sixi\u00e8me titre ITF","datePublished":"2026-01-22T11:44:15+00:00","dateModified":"2026-01-22T11:56:12+00:00","mainEntityOfPage":{"@id":"https:\/\/www.rafanadalacademy.com\/fr\/academie-rafa-nadal-par-movistar\/max-basing-et-son-voyage-aller-retour-de-la-rafa-nadal-academy-a-stanford-pour-remporter-son-sixieme-titre-itf\/"},"wordCount":682,"image":{"@id":"https:\/\/www.rafanadalacademy.com\/fr\/academie-rafa-nadal-par-movistar\/max-basing-et-son-voyage-aller-retour-de-la-rafa-nadal-academy-a-stanford-pour-remporter-son-sixieme-titre-itf\/#primaryimage"},"thumbnailUrl":"https:\/\/www.rafanadalacademy.com\/wp-content\/uploads\/2026\/01\/RNA_18012026_Final-ITF_033-scaled-e1769082087373.jpg","keywords":["ACAD\u00c9MIE RAFA NADAL PAR MOVISTAR","Rafa Nadal"],"articleSection":["ACAD\u00c9MIE RAFA NADAL PAR MOVISTAR","informations"],"inLanguage":"fr-FR","copyrightYear":"2026","copyrightHolder":{"@id":"https:\/\/www.rafanadalacademy.com\/#organization"}},{"@type":"WebPage","@id":"https:\/\/www.rafanadalacademy.com\/fr\/academie-rafa-nadal-par-movistar\/max-basing-et-son-voyage-aller-retour-de-la-rafa-nadal-academy-a-stanford-pour-remporter-son-sixieme-titre-itf\/","url":"https:\/\/www.rafanadalacademy.com\/fr\/academie-rafa-nadal-par-movistar\/max-basing-et-son-voyage-aller-retour-de-la-rafa-nadal-academy-a-stanford-pour-remporter-son-sixieme-titre-itf\/","name":"Max Basing et son voyage aller-retour de la Rafa Nadal Academy \u00e0 Stanford pour remporter son sixi\u00e8me titre ITF - Rafa Nadal Academy","isPartOf":{"@id":"https:\/\/www.rafanadalacademy.com\/fr\/#website"},"primaryImageOfPage":{"@id":"https:\/\/www.rafanadalacademy.com\/fr\/academie-rafa-nadal-par-movistar\/max-basing-et-son-voyage-aller-retour-de-la-rafa-nadal-academy-a-stanford-pour-remporter-son-sixieme-titre-itf\/#primaryimage"},"image":{"@id":"https:\/\/www.rafanadalacademy.com\/fr\/academie-rafa-nadal-par-movistar\/max-basing-et-son-voyage-aller-retour-de-la-rafa-nadal-academy-a-stanford-pour-remporter-son-sixieme-titre-itf\/#primaryimage"},"thumbnailUrl":"https:\/\/www.rafanadalacademy.com\/wp-content\/uploads\/2026\/01\/RNA_18012026_Final-ITF_033-scaled-e1769082087373.jpg","datePublished":"2026-01-22T11:44:15+00:00","dateModified":"2026-01-22T11:56:12+00:00","author":{"@id":"https:\/\/www.rafanadalacademy.com\/fr\/#\/schema\/person\/744897d6ee269641fff954376180ef01"},"description":"Le cas de Max Basing est le meilleur reflet du parcours de nombreux jeunes qui arrivent \u00e0 la Rafa Nadal Academy pour se former et grandir, sur et en dehors du court, et qui finissent par int\u00e9grer des universit\u00e9s aux \u00c9tats-Unis.","breadcrumb":{"@id":"https:\/\/www.rafanadalacademy.com\/fr\/academie-rafa-nadal-par-movistar\/max-basing-et-son-voyage-aller-retour-de-la-rafa-nadal-academy-a-stanford-pour-remporter-son-sixieme-titre-itf\/#breadcrumb"},"inLanguage":"fr-FR","potentialAction":[{"@type":"ReadAction","target":["https:\/\/www.rafanadalacademy.com\/fr\/academie-rafa-nadal-par-movistar\/max-basing-et-son-voyage-aller-retour-de-la-rafa-nadal-academy-a-stanford-pour-remporter-son-sixieme-titre-itf\/"]}]},{"@type":"ImageObject","inLanguage":"fr-FR","@id":"https:\/\/www.rafanadalacademy.com\/fr\/academie-rafa-nadal-par-movistar\/max-basing-et-son-voyage-aller-retour-de-la-rafa-nadal-academy-a-stanford-pour-remporter-son-sixieme-titre-itf\/#primaryimage","url":"https:\/\/www.rafanadalacademy.com\/wp-content\/uploads\/2026\/01\/RNA_18012026_Final-ITF_033-scaled-e1769082087373.jpg","contentUrl":"https:\/\/www.rafanadalacademy.com\/wp-content\/uploads\/2026\/01\/RNA_18012026_Final-ITF_033-scaled-e1769082087373.jpg","width":2560,"height":2048,"caption":"Max Basing, campe\u00f3n del ITF M15 en la Rafa Nadal Academy"},{"@type":"BreadcrumbList","@id":"https:\/\/www.rafanadalacademy.com\/fr\/academie-rafa-nadal-par-movistar\/max-basing-et-son-voyage-aller-retour-de-la-rafa-nadal-academy-a-stanford-pour-remporter-son-sixieme-titre-itf\/#breadcrumb","itemListElement":[{"@type":"ListItem","position":1,"name":"Home","item":"https:\/\/www.rafanadalacademy.com\/fr\/"},{"@type":"ListItem","position":2,"name":"Max Basing et son voyage aller-retour de la Rafa Nadal Academy \u00e0 Stanford pour remporter son sixi\u00e8me titre ITF"}]},{"@type":"WebSite","@id":"https:\/\/www.rafanadalacademy.com\/fr\/#website","url":"https:\/\/www.rafanadalacademy.com\/fr\/","name":"Rafa Nadal Academy","description":"Otro sitio realizado con WordPress","potentialAction":[{"@type":"SearchAction","target":{"@type":"EntryPoint","urlTemplate":"https:\/\/www.rafanadalacademy.com\/fr\/?s={search_term_string}"},"query-input":{"@type":"PropertyValueSpecification","valueRequired":true,"valueName":"search_term_string"}}],"inLanguage":"fr-FR"},{"@type":"Person","@id":"https:\/\/www.rafanadalacademy.com\/fr\/#\/schema\/person\/744897d6ee269641fff954376180ef01","name":"joseluisprados","image":{"@type":"ImageObject","inLanguage":"fr-FR","@id":"https:\/\/www.rafanadalacademy.com\/fr\/#\/schema\/person\/image\/","url":"https:\/\/secure.gravatar.com\/avatar\/8aa823a6e5501864ffab4785d9e2a994b59c2d45c9f9751c5a532abfec081e5f?s=96&d=mm&r=g","contentUrl":"https:\/\/secure.gravatar.com\/avatar\/8aa823a6e5501864ffab4785d9e2a994b59c2d45c9f9751c5a532abfec081e5f?s=96&d=mm&r=g","caption":"joseluisprados"},"url":"https:\/\/www.rafanadalacademy.com\/fr\/author\/joseluisprados\/"},{"@type":"ImageObject","inLanguage":"fr-FR","@id":"https:\/\/www.rafanadalacademy.com\/fr\/academie-rafa-nadal-par-movistar\/max-basing-et-son-voyage-aller-retour-de-la-rafa-nadal-academy-a-stanford-pour-remporter-son-sixieme-titre-itf\/#local-main-organization-logo","url":"","contentUrl":"","caption":"Rafa Nadal Academy"}]}},"_links":{"self":[{"href":"https:\/\/www.rafanadalacademy.com\/fr\/wp-json\/wp\/v2\/posts\/38267","targetHints":{"allow":["GET"]}}],"collection":[{"href":"https:\/\/www.rafanadalacademy.com\/fr\/wp-json\/wp\/v2\/posts"}],"about":[{"href":"https:\/\/www.rafanadalacademy.com\/fr\/wp-json\/wp\/v2\/types\/post"}],"author":[{"embeddable":true,"href":"https:\/\/www.rafanadalacademy.com\/fr\/wp-json\/wp\/v2\/users\/23"}],"replies":[{"embeddable":true,"href":"https:\/\/www.rafanadalacademy.com\/fr\/wp-json\/wp\/v2\/comments?post=38267"}],"version-history":[{"count":1,"href":"https:\/\/www.rafanadalacademy.com\/fr\/wp-json\/wp\/v2\/posts\/38267\/revisions"}],"predecessor-version":[{"id":38268,"href":"https:\/\/www.rafanadalacademy.com\/fr\/wp-json\/wp\/v2\/posts\/38267\/revisions\/38268"}],"wp:featuredmedia":[{"embeddable":true,"href":"https:\/\/www.rafanadalacademy.com\/fr\/wp-json\/wp\/v2\/media\/38246"}],"wp:attachment":[{"href":"https:\/\/www.rafanadalacademy.com\/fr\/wp-json\/wp\/v2\/media?parent=38267"}],"wp:term":[{"taxonomy":"category","embeddable":true,"href":"https:\/\/www.rafanadalacademy.com\/fr\/wp-json\/wp\/v2\/categories?post=38267"},{"taxonomy":"post_tag","embeddable":true,"href":"https:\/\/www.rafanadalacademy.com\/fr\/wp-json\/wp\/v2\/tags?post=38267"}],"curies":[{"name":"wp","href":"https:\/\/api.w.org\/{rel}","templated":true}]}}