{"id":38111,"date":"2026-01-20T08:47:56","date_gmt":"2026-01-20T08:47:56","guid":{"rendered":"https:\/\/www.rafanadalacademy.com\/non-classifiee\/la-rafa-nadal-academy-accueille-le-premier-tournoi-du-fip-tour-de-padel-2026-en-espagne\/"},"modified":"2026-01-20T09:07:55","modified_gmt":"2026-01-20T09:07:55","slug":"la-rafa-nadal-academy-accueille-le-premier-tournoi-du-fip-tour-de-padel-2026-en-espagne","status":"publish","type":"post","link":"https:\/\/www.rafanadalacademy.com\/fr\/informations\/la-rafa-nadal-academy-accueille-le-premier-tournoi-du-fip-tour-de-padel-2026-en-espagne\/","title":{"rendered":"La Rafa Nadal Academy accueille le premier tournoi du FIP Tour de padel 2026 en Espagne."},"content":{"rendered":"\n<p>Majorque devient le point de d\u00e9part du padel professionnel en Europe en 2026 avec la c\u00e9l\u00e9bration du FIP Bronze Mallorca dans les installations de la Rafa Nadal Academy du 19 au 25 janvier. Le tournoi est le premier du FIP Tour 2026 \u00e0 se disputer en Espagne et marquera l&#8217;arriv\u00e9e du circuit de la F\u00e9d\u00e9ration Internationale de Padel (FIP) sur le continent europ\u00e9en apr\u00e8s son traditionnel d\u00e9but de saison en Australie. <\/p>\n\n<figure class=\"wp-block-image size-large\"><img loading=\"lazy\" decoding=\"async\" width=\"1024\" height=\"702\" src=\"https:\/\/www.rafanadalacademy.com\/wp-content\/uploads\/2026\/01\/RNA_120126_Maribel-con-Presidente-Federacion-Padel-Balear_003-scaled-e1768898747585-1024x702.jpg\" alt=\"Maribel Nadal et Paco Sanz, sur les pistes de padel int&#xE9;rieures de la Rafa Nadal Academy\" class=\"wp-image-38098\" srcset=\"https:\/\/www.rafanadalacademy.com\/wp-content\/uploads\/2026\/01\/RNA_120126_Maribel-con-Presidente-Federacion-Padel-Balear_003-scaled-e1768898747585-1024x702.jpg 1024w, https:\/\/www.rafanadalacademy.com\/wp-content\/uploads\/2026\/01\/RNA_120126_Maribel-con-Presidente-Federacion-Padel-Balear_003-scaled-e1768898747585-300x206.jpg 300w, https:\/\/www.rafanadalacademy.com\/wp-content\/uploads\/2026\/01\/RNA_120126_Maribel-con-Presidente-Federacion-Padel-Balear_003-scaled-e1768898747585-768x526.jpg 768w, https:\/\/www.rafanadalacademy.com\/wp-content\/uploads\/2026\/01\/RNA_120126_Maribel-con-Presidente-Federacion-Padel-Balear_003-scaled-e1768898747585-1536x1052.jpg 1536w, https:\/\/www.rafanadalacademy.com\/wp-content\/uploads\/2026\/01\/RNA_120126_Maribel-con-Presidente-Federacion-Padel-Balear_003-scaled-e1768898747585-2048x1403.jpg 2048w\" sizes=\"auto, (max-width: 1024px) 100vw, 1024px\" \/><figcaption class=\"wp-element-caption\">Maribel Nadal et Paco Sanz, sur les pistes de padel int\u00e9rieures de la Rafa Nadal Academy<\/figcaption><\/figure>\n\n<div style=\"height:30px\" aria-hidden=\"true\" class=\"wp-block-spacer\"><\/div>\n\n<p>Le FIP Tour 2026 poursuivra ainsi son parcours international \u00e0 Majorque \u00e0 travers les cinq continents tout au long de l&#8217;ann\u00e9e, accompagnant les amateurs de padel avec des comp\u00e9titions professionnelles de premier niveau. Le FIP Bronze Mallorca pr\u00e9sentera un tableau de joueurs attrayant, parmi lesquels onze sont situ\u00e9s dans le Top 100 du classement mondial, notamment Antonio \u2018Pincho\u2019 Fern\u00e1ndez et Patricia Mart\u00ednez, t\u00eates de s\u00e9rie num\u00e9ro un en cat\u00e9gorie masculine et f\u00e9minine respectivement, et tous deux ambassadeurs de la Rafa Nadal Academy. <\/p>\n\n<p>\u00c0 l&#8217;occasion de la c\u00e9l\u00e9bration du tournoi, Maribel Nadal, directrice g\u00e9n\u00e9rale adjointe de la Rafa Nadal Academy, a d\u00e9clar\u00e9 : \u00ab Nous sommes fiers que Majorque et la Rafa Nadal Academy soient le point de d\u00e9part du FIP Tour en Europe en 2026. Ce tournoi renforce notre engagement envers la croissance du padel professionnel et envers l&#8217;organisation d&#8217;\u00e9v\u00e9nements internationaux de haut niveau, offrant aux joueurs des installations de pointe pour la comp\u00e9tition. Gr\u00e2ce au travail conjoint avec la F\u00e9d\u00e9ration Bal\u00e9are, les amateurs pourront commencer l&#8217;ann\u00e9e en profitant du meilleur padel en direct ici \u00e0 Majorque \u00bb.  <\/p>\n\n<div style=\"height:30px\" aria-hidden=\"true\" class=\"wp-block-spacer\"><\/div>\n\n<figure class=\"wp-block-embed is-type-video is-provider-youtube wp-block-embed-youtube wp-embed-aspect-16-9 wp-has-aspect-ratio\"><div class=\"wp-block-embed__wrapper\">\n<iframe loading=\"lazy\" title=\"La Rafa Nadal Academy inaugura 3 nuevas pistas de p\u00e1del indoor\" width=\"500\" height=\"281\" src=\"https:\/\/www.youtube.com\/embed\/kRnXNBSOqRw?feature=oembed\" frameborder=\"0\" allow=\"accelerometer; autoplay; clipboard-write; encrypted-media; gyroscope; picture-in-picture; web-share\" referrerpolicy=\"strict-origin-when-cross-origin\" allowfullscreen><\/iframe>\n<\/div><\/figure>\n\n<div style=\"height:30px\" aria-hidden=\"true\" class=\"wp-block-spacer\"><\/div>\n\n<p>Gr\u00e2ce \u00e0 l&#8217;impulsion de la F\u00e9d\u00e9ration de Padel des \u00celes Bal\u00e9ares, l&#8217;organisation de ce FIP Bronze constituera une nouvelle \u00e9tape dans l&#8217;engagement de la Rafa Nadal Academy en faveur du d\u00e9veloppement du padel professionnel. En ce sens, l&#8217;Acad\u00e9mie continue de consolider sa position en tant que si\u00e8ge de grands \u00e9v\u00e9nements internationaux, apr\u00e8s le succ\u00e8s de la FIP World Cup Pairs c\u00e9l\u00e9br\u00e9e \u00e0 la Rafa Nadal Academy de Kowe\u00eft en novembre dernier, ainsi que du Kowe\u00eft City Premier Padel P1. \u00c0 cela s&#8217;ajoute l&#8217;exp\u00e9rience du Rafa Nadal Tennis Center Costa Mujeres, situ\u00e9 dans le Grand Palladium Select Costa Mujeres et le TRS Coral Hotel, qui a accueilli le premier tournoi de Premier Padel disput\u00e9 \u00e0 Canc\u00fan.  <\/p>\n\n<p>Le FIP Bronze Mallorca r\u00e9affirme ainsi le r\u00f4le de la Rafa Nadal Academy en tant que r\u00e9f\u00e9rence internationale dans l&#8217;organisation de comp\u00e9titions professionnelles et dans la promotion du padel au niveau mondial et renforce l&#8217;engagement strat\u00e9gique en faveur du padel et sa vocation d&#8217;excellence dans la formation, la comp\u00e9tition et l&#8217;organisation d&#8217;\u00e9v\u00e9nements de premier niveau dans les centres qui forment le r\u00e9seau international \u00e0 travers le monde.<\/p>\n\n<p>Connue pour former des joueurs de tennis de niveau mondial depuis son ouverture en 2016 \u00e0 Manacor, la Rafa Nadal Academy a \u00e9galement mis\u00e9 sur le padel gr\u00e2ce au d\u00e9veloppement de programmes de formation pour jeunes et adultes dans des installations de pointe o\u00f9 se trouvent neuf pistes ext\u00e9rieures et dix pistes couvertes. Son centre de remise en forme, ses espaces de sant\u00e9 et de bien-\u00eatre pionniers, sa large gamme de restaurants et sa r\u00e9sidence moderne font de la Rafa Nadal Academy l&#8217;un des lieux id\u00e9aux pour pratiquer le paddle-tennis. Tout cela a favoris\u00e9 un environnement parfait pour le d\u00e9veloppement de jeunes talents et d&#8217;adultes qui souhaitent vivre une exp\u00e9rience unique dans un habitat id\u00e9al pour la pratique sportive.  <\/p>\n\n<div style=\"height:30px\" aria-hidden=\"true\" class=\"wp-block-spacer\"><\/div>\n\n<figure class=\"wp-block-embed is-type-video is-provider-youtube wp-block-embed-youtube wp-embed-aspect-16-9 wp-has-aspect-ratio\"><div class=\"wp-block-embed__wrapper\">\n<iframe loading=\"lazy\" title=\"Programas de p\u00e1del para jugadores Amateur de la Rafa Nadal Academy\" width=\"500\" height=\"281\" src=\"https:\/\/www.youtube.com\/embed\/4IFtn6TCmvE?feature=oembed\" frameborder=\"0\" allow=\"accelerometer; autoplay; clipboard-write; encrypted-media; gyroscope; picture-in-picture; web-share\" referrerpolicy=\"strict-origin-when-cross-origin\" allowfullscreen><\/iframe>\n<\/div><\/figure>\n\n<div style=\"height:30px\" aria-hidden=\"true\" class=\"wp-block-spacer\"><\/div>\n\n<p><\/p>\n","protected":false},"excerpt":{"rendered":"<p>Majorque devient le point de d\u00e9part du padel professionnel en Europe en 2026 avec la c\u00e9l\u00e9bration du FIP Bronze Mallorca dans les installations de la Rafa Nadal Academy du 19 au 25 janvier. Le tournoi est le premier du FIP Tour 2026 \u00e0 se disputer en Espagne et marquera l&#8217;arriv\u00e9e du circuit de la F\u00e9d\u00e9ration<a href=\"https:\/\/www.rafanadalacademy.com\/fr\/informations\/la-rafa-nadal-academy-accueille-le-premier-tournoi-du-fip-tour-de-padel-2026-en-espagne\/\">Continue reading <span class=\"sr-only\">&#8220;La Rafa Nadal Academy accueille le premier tournoi du FIP Tour de padel 2026 en Espagne.&#8221;<\/span><\/a><\/p>\n","protected":false},"author":23,"featured_media":38101,"comment_status":"closed","ping_status":"closed","sticky":false,"template":"","format":"standard","meta":{"_acf_changed":false,"footnotes":""},"categories":[206,158,164],"tags":[207,166],"class_list":["post-38111","post","type-post","status-publish","format-standard","has-post-thumbnail","hentry","category-academie-rafa-nadal-par-movistar","category-informations","category-padel-fr","tag-academie-rafa-nadal-par-movistar","tag-tournee-de-padel-de-lacademie-rafa-nadal"],"acf":[],"yoast_head":"<!-- This site is optimized with the Yoast SEO Premium plugin v26.8 (Yoast SEO v26.9) - https:\/\/yoast.com\/product\/yoast-seo-premium-wordpress\/ -->\n<title>La Rafa Nadal Academy accueille le premier tournoi du FIP Tour de padel 2026 en Espagne. - Rafa Nadal Academy<\/title>\n<meta name=\"description\" content=\"La Rafa Nadal Academy devient le point de d\u00e9part du padel professionnel en Europe en 2026 avec la c\u00e9l\u00e9bration du FIP Bronze Mallorca.\" \/>\n<meta name=\"robots\" content=\"index, follow, max-snippet:-1, max-image-preview:large, max-video-preview:-1\" \/>\n<link rel=\"canonical\" href=\"https:\/\/www.rafanadalacademy.com\/fr\/informations\/la-rafa-nadal-academy-accueille-le-premier-tournoi-du-fip-tour-de-padel-2026-en-espagne\/\" \/>\n<meta property=\"og:locale\" content=\"fr_FR\" \/>\n<meta property=\"og:type\" content=\"article\" \/>\n<meta property=\"og:title\" content=\"La Rafa Nadal Academy accueille le premier tournoi du FIP Tour de padel 2026 en Espagne.\" \/>\n<meta property=\"og:description\" content=\"La Rafa Nadal Academy devient le point de d\u00e9part du padel professionnel en Europe en 2026 avec la c\u00e9l\u00e9bration du FIP Bronze Mallorca.\" \/>\n<meta property=\"og:url\" content=\"https:\/\/www.rafanadalacademy.com\/fr\/informations\/la-rafa-nadal-academy-accueille-le-premier-tournoi-du-fip-tour-de-padel-2026-en-espagne\/\" \/>\n<meta property=\"og:site_name\" content=\"Rafa Nadal Academy\" \/>\n<meta property=\"article:published_time\" content=\"2026-01-20T08:47:56+00:00\" \/>\n<meta property=\"article:modified_time\" content=\"2026-01-20T09:07:55+00:00\" \/>\n<meta property=\"og:image\" content=\"https:\/\/www.rafanadalacademy.com\/wp-content\/uploads\/2026\/01\/RNA_120126_Maribel-con-Presidente-Federacion-Padel-Balear_003-scaled-e1768898747585.jpg\" \/>\n\t<meta property=\"og:image:width\" content=\"2560\" \/>\n\t<meta property=\"og:image:height\" content=\"2048\" \/>\n\t<meta property=\"og:image:type\" content=\"image\/jpeg\" \/>\n<meta name=\"author\" content=\"joseluisprados\" \/>\n<meta name=\"twitter:card\" content=\"summary_large_image\" \/>\n<meta name=\"twitter:label1\" content=\"Written by\" \/>\n\t<meta name=\"twitter:data1\" content=\"joseluisprados\" \/>\n\t<meta name=\"twitter:label2\" content=\"Est. reading time\" \/>\n\t<meta name=\"twitter:data2\" content=\"3 minutes\" \/>\n<script type=\"application\/ld+json\" class=\"yoast-schema-graph\">{\"@context\":\"https:\/\/schema.org\",\"@graph\":[{\"@type\":\"Article\",\"@id\":\"https:\/\/www.rafanadalacademy.com\/fr\/informations\/la-rafa-nadal-academy-accueille-le-premier-tournoi-du-fip-tour-de-padel-2026-en-espagne\/#article\",\"isPartOf\":{\"@id\":\"https:\/\/www.rafanadalacademy.com\/fr\/informations\/la-rafa-nadal-academy-accueille-le-premier-tournoi-du-fip-tour-de-padel-2026-en-espagne\/\"},\"author\":{\"name\":\"joseluisprados\",\"@id\":\"https:\/\/www.rafanadalacademy.com\/fr\/#\/schema\/person\/744897d6ee269641fff954376180ef01\"},\"headline\":\"La Rafa Nadal Academy accueille le premier tournoi du FIP Tour de padel 2026 en Espagne.\",\"datePublished\":\"2026-01-20T08:47:56+00:00\",\"dateModified\":\"2026-01-20T09:07:55+00:00\",\"mainEntityOfPage\":{\"@id\":\"https:\/\/www.rafanadalacademy.com\/fr\/informations\/la-rafa-nadal-academy-accueille-le-premier-tournoi-du-fip-tour-de-padel-2026-en-espagne\/\"},\"wordCount\":662,\"image\":{\"@id\":\"https:\/\/www.rafanadalacademy.com\/fr\/informations\/la-rafa-nadal-academy-accueille-le-premier-tournoi-du-fip-tour-de-padel-2026-en-espagne\/#primaryimage\"},\"thumbnailUrl\":\"https:\/\/www.rafanadalacademy.com\/wp-content\/uploads\/2026\/01\/RNA_120126_Maribel-con-Presidente-Federacion-Padel-Balear_003-scaled-e1768898747585.jpg\",\"keywords\":[\"ACAD\u00c9MIE RAFA NADAL PAR MOVISTAR\",\"TOURN\u00c9E DE PADEL DE L'ACAD\u00c9MIE RAFA NADAL\"],\"articleSection\":[\"ACAD\u00c9MIE RAFA NADAL PAR MOVISTAR\",\"informations\",\"PADEL\"],\"inLanguage\":\"fr-FR\",\"copyrightYear\":\"2026\",\"copyrightHolder\":{\"@id\":\"https:\/\/www.rafanadalacademy.com\/#organization\"}},{\"@type\":\"WebPage\",\"@id\":\"https:\/\/www.rafanadalacademy.com\/fr\/informations\/la-rafa-nadal-academy-accueille-le-premier-tournoi-du-fip-tour-de-padel-2026-en-espagne\/\",\"url\":\"https:\/\/www.rafanadalacademy.com\/fr\/informations\/la-rafa-nadal-academy-accueille-le-premier-tournoi-du-fip-tour-de-padel-2026-en-espagne\/\",\"name\":\"La Rafa Nadal Academy accueille le premier tournoi du FIP Tour de padel 2026 en Espagne. - Rafa Nadal Academy\",\"isPartOf\":{\"@id\":\"https:\/\/www.rafanadalacademy.com\/fr\/#website\"},\"primaryImageOfPage\":{\"@id\":\"https:\/\/www.rafanadalacademy.com\/fr\/informations\/la-rafa-nadal-academy-accueille-le-premier-tournoi-du-fip-tour-de-padel-2026-en-espagne\/#primaryimage\"},\"image\":{\"@id\":\"https:\/\/www.rafanadalacademy.com\/fr\/informations\/la-rafa-nadal-academy-accueille-le-premier-tournoi-du-fip-tour-de-padel-2026-en-espagne\/#primaryimage\"},\"thumbnailUrl\":\"https:\/\/www.rafanadalacademy.com\/wp-content\/uploads\/2026\/01\/RNA_120126_Maribel-con-Presidente-Federacion-Padel-Balear_003-scaled-e1768898747585.jpg\",\"datePublished\":\"2026-01-20T08:47:56+00:00\",\"dateModified\":\"2026-01-20T09:07:55+00:00\",\"author\":{\"@id\":\"https:\/\/www.rafanadalacademy.com\/fr\/#\/schema\/person\/744897d6ee269641fff954376180ef01\"},\"description\":\"La Rafa Nadal Academy devient le point de d\u00e9part du padel professionnel en Europe en 2026 avec la c\u00e9l\u00e9bration du FIP Bronze Mallorca.\",\"breadcrumb\":{\"@id\":\"https:\/\/www.rafanadalacademy.com\/fr\/informations\/la-rafa-nadal-academy-accueille-le-premier-tournoi-du-fip-tour-de-padel-2026-en-espagne\/#breadcrumb\"},\"inLanguage\":\"fr-FR\",\"potentialAction\":[{\"@type\":\"ReadAction\",\"target\":[\"https:\/\/www.rafanadalacademy.com\/fr\/informations\/la-rafa-nadal-academy-accueille-le-premier-tournoi-du-fip-tour-de-padel-2026-en-espagne\/\"]}]},{\"@type\":\"ImageObject\",\"inLanguage\":\"fr-FR\",\"@id\":\"https:\/\/www.rafanadalacademy.com\/fr\/informations\/la-rafa-nadal-academy-accueille-le-premier-tournoi-du-fip-tour-de-padel-2026-en-espagne\/#primaryimage\",\"url\":\"https:\/\/www.rafanadalacademy.com\/wp-content\/uploads\/2026\/01\/RNA_120126_Maribel-con-Presidente-Federacion-Padel-Balear_003-scaled-e1768898747585.jpg\",\"contentUrl\":\"https:\/\/www.rafanadalacademy.com\/wp-content\/uploads\/2026\/01\/RNA_120126_Maribel-con-Presidente-Federacion-Padel-Balear_003-scaled-e1768898747585.jpg\",\"width\":2560,\"height\":2048,\"caption\":\"Maribel Nadal y Paco Sanz, en las pistas indoor de p\u00e1del de la Rafa Nadal Academy\"},{\"@type\":\"BreadcrumbList\",\"@id\":\"https:\/\/www.rafanadalacademy.com\/fr\/informations\/la-rafa-nadal-academy-accueille-le-premier-tournoi-du-fip-tour-de-padel-2026-en-espagne\/#breadcrumb\",\"itemListElement\":[{\"@type\":\"ListItem\",\"position\":1,\"name\":\"Home\",\"item\":\"https:\/\/www.rafanadalacademy.com\/fr\/\"},{\"@type\":\"ListItem\",\"position\":2,\"name\":\"La Rafa Nadal Academy accueille le premier tournoi du FIP Tour de padel 2026 en Espagne.\"}]},{\"@type\":\"WebSite\",\"@id\":\"https:\/\/www.rafanadalacademy.com\/fr\/#website\",\"url\":\"https:\/\/www.rafanadalacademy.com\/fr\/\",\"name\":\"Rafa Nadal Academy\",\"description\":\"Otro sitio realizado con WordPress\",\"potentialAction\":[{\"@type\":\"SearchAction\",\"target\":{\"@type\":\"EntryPoint\",\"urlTemplate\":\"https:\/\/www.rafanadalacademy.com\/fr\/?s={search_term_string}\"},\"query-input\":{\"@type\":\"PropertyValueSpecification\",\"valueRequired\":true,\"valueName\":\"search_term_string\"}}],\"inLanguage\":\"fr-FR\"},{\"@type\":\"Person\",\"@id\":\"https:\/\/www.rafanadalacademy.com\/fr\/#\/schema\/person\/744897d6ee269641fff954376180ef01\",\"name\":\"joseluisprados\",\"image\":{\"@type\":\"ImageObject\",\"inLanguage\":\"fr-FR\",\"@id\":\"https:\/\/www.rafanadalacademy.com\/fr\/#\/schema\/person\/image\/\",\"url\":\"https:\/\/secure.gravatar.com\/avatar\/8aa823a6e5501864ffab4785d9e2a994b59c2d45c9f9751c5a532abfec081e5f?s=96&d=mm&r=g\",\"contentUrl\":\"https:\/\/secure.gravatar.com\/avatar\/8aa823a6e5501864ffab4785d9e2a994b59c2d45c9f9751c5a532abfec081e5f?s=96&d=mm&r=g\",\"caption\":\"joseluisprados\"},\"url\":\"https:\/\/www.rafanadalacademy.com\/fr\/author\/joseluisprados\/\"},{\"@type\":\"ImageObject\",\"inLanguage\":\"fr-FR\",\"@id\":\"https:\/\/www.rafanadalacademy.com\/fr\/informations\/la-rafa-nadal-academy-accueille-le-premier-tournoi-du-fip-tour-de-padel-2026-en-espagne\/#local-main-organization-logo\",\"url\":\"\",\"contentUrl\":\"\",\"caption\":\"Rafa Nadal Academy\"}]}<\/script>\n<!-- \/ Yoast SEO Premium plugin. -->","yoast_head_json":{"title":"La Rafa Nadal Academy accueille le premier tournoi du FIP Tour de padel 2026 en Espagne. - Rafa Nadal Academy","description":"La Rafa Nadal Academy devient le point de d\u00e9part du padel professionnel en Europe en 2026 avec la c\u00e9l\u00e9bration du FIP Bronze Mallorca.","robots":{"index":"index","follow":"follow","max-snippet":"max-snippet:-1","max-image-preview":"max-image-preview:large","max-video-preview":"max-video-preview:-1"},"canonical":"https:\/\/www.rafanadalacademy.com\/fr\/informations\/la-rafa-nadal-academy-accueille-le-premier-tournoi-du-fip-tour-de-padel-2026-en-espagne\/","og_locale":"fr_FR","og_type":"article","og_title":"La Rafa Nadal Academy accueille le premier tournoi du FIP Tour de padel 2026 en Espagne.","og_description":"La Rafa Nadal Academy devient le point de d\u00e9part du padel professionnel en Europe en 2026 avec la c\u00e9l\u00e9bration du FIP Bronze Mallorca.","og_url":"https:\/\/www.rafanadalacademy.com\/fr\/informations\/la-rafa-nadal-academy-accueille-le-premier-tournoi-du-fip-tour-de-padel-2026-en-espagne\/","og_site_name":"Rafa Nadal Academy","article_published_time":"2026-01-20T08:47:56+00:00","article_modified_time":"2026-01-20T09:07:55+00:00","og_image":[{"width":2560,"height":2048,"url":"https:\/\/www.rafanadalacademy.com\/wp-content\/uploads\/2026\/01\/RNA_120126_Maribel-con-Presidente-Federacion-Padel-Balear_003-scaled-e1768898747585.jpg","type":"image\/jpeg"}],"author":"joseluisprados","twitter_card":"summary_large_image","twitter_misc":{"Written by":"joseluisprados","Est. reading time":"3 minutes"},"schema":{"@context":"https:\/\/schema.org","@graph":[{"@type":"Article","@id":"https:\/\/www.rafanadalacademy.com\/fr\/informations\/la-rafa-nadal-academy-accueille-le-premier-tournoi-du-fip-tour-de-padel-2026-en-espagne\/#article","isPartOf":{"@id":"https:\/\/www.rafanadalacademy.com\/fr\/informations\/la-rafa-nadal-academy-accueille-le-premier-tournoi-du-fip-tour-de-padel-2026-en-espagne\/"},"author":{"name":"joseluisprados","@id":"https:\/\/www.rafanadalacademy.com\/fr\/#\/schema\/person\/744897d6ee269641fff954376180ef01"},"headline":"La Rafa Nadal Academy accueille le premier tournoi du FIP Tour de padel 2026 en Espagne.","datePublished":"2026-01-20T08:47:56+00:00","dateModified":"2026-01-20T09:07:55+00:00","mainEntityOfPage":{"@id":"https:\/\/www.rafanadalacademy.com\/fr\/informations\/la-rafa-nadal-academy-accueille-le-premier-tournoi-du-fip-tour-de-padel-2026-en-espagne\/"},"wordCount":662,"image":{"@id":"https:\/\/www.rafanadalacademy.com\/fr\/informations\/la-rafa-nadal-academy-accueille-le-premier-tournoi-du-fip-tour-de-padel-2026-en-espagne\/#primaryimage"},"thumbnailUrl":"https:\/\/www.rafanadalacademy.com\/wp-content\/uploads\/2026\/01\/RNA_120126_Maribel-con-Presidente-Federacion-Padel-Balear_003-scaled-e1768898747585.jpg","keywords":["ACAD\u00c9MIE RAFA NADAL PAR MOVISTAR","TOURN\u00c9E DE PADEL DE L'ACAD\u00c9MIE RAFA NADAL"],"articleSection":["ACAD\u00c9MIE RAFA NADAL PAR MOVISTAR","informations","PADEL"],"inLanguage":"fr-FR","copyrightYear":"2026","copyrightHolder":{"@id":"https:\/\/www.rafanadalacademy.com\/#organization"}},{"@type":"WebPage","@id":"https:\/\/www.rafanadalacademy.com\/fr\/informations\/la-rafa-nadal-academy-accueille-le-premier-tournoi-du-fip-tour-de-padel-2026-en-espagne\/","url":"https:\/\/www.rafanadalacademy.com\/fr\/informations\/la-rafa-nadal-academy-accueille-le-premier-tournoi-du-fip-tour-de-padel-2026-en-espagne\/","name":"La Rafa Nadal Academy accueille le premier tournoi du FIP Tour de padel 2026 en Espagne. - Rafa Nadal Academy","isPartOf":{"@id":"https:\/\/www.rafanadalacademy.com\/fr\/#website"},"primaryImageOfPage":{"@id":"https:\/\/www.rafanadalacademy.com\/fr\/informations\/la-rafa-nadal-academy-accueille-le-premier-tournoi-du-fip-tour-de-padel-2026-en-espagne\/#primaryimage"},"image":{"@id":"https:\/\/www.rafanadalacademy.com\/fr\/informations\/la-rafa-nadal-academy-accueille-le-premier-tournoi-du-fip-tour-de-padel-2026-en-espagne\/#primaryimage"},"thumbnailUrl":"https:\/\/www.rafanadalacademy.com\/wp-content\/uploads\/2026\/01\/RNA_120126_Maribel-con-Presidente-Federacion-Padel-Balear_003-scaled-e1768898747585.jpg","datePublished":"2026-01-20T08:47:56+00:00","dateModified":"2026-01-20T09:07:55+00:00","author":{"@id":"https:\/\/www.rafanadalacademy.com\/fr\/#\/schema\/person\/744897d6ee269641fff954376180ef01"},"description":"La Rafa Nadal Academy devient le point de d\u00e9part du padel professionnel en Europe en 2026 avec la c\u00e9l\u00e9bration du FIP Bronze Mallorca.","breadcrumb":{"@id":"https:\/\/www.rafanadalacademy.com\/fr\/informations\/la-rafa-nadal-academy-accueille-le-premier-tournoi-du-fip-tour-de-padel-2026-en-espagne\/#breadcrumb"},"inLanguage":"fr-FR","potentialAction":[{"@type":"ReadAction","target":["https:\/\/www.rafanadalacademy.com\/fr\/informations\/la-rafa-nadal-academy-accueille-le-premier-tournoi-du-fip-tour-de-padel-2026-en-espagne\/"]}]},{"@type":"ImageObject","inLanguage":"fr-FR","@id":"https:\/\/www.rafanadalacademy.com\/fr\/informations\/la-rafa-nadal-academy-accueille-le-premier-tournoi-du-fip-tour-de-padel-2026-en-espagne\/#primaryimage","url":"https:\/\/www.rafanadalacademy.com\/wp-content\/uploads\/2026\/01\/RNA_120126_Maribel-con-Presidente-Federacion-Padel-Balear_003-scaled-e1768898747585.jpg","contentUrl":"https:\/\/www.rafanadalacademy.com\/wp-content\/uploads\/2026\/01\/RNA_120126_Maribel-con-Presidente-Federacion-Padel-Balear_003-scaled-e1768898747585.jpg","width":2560,"height":2048,"caption":"Maribel Nadal y Paco Sanz, en las pistas indoor de p\u00e1del de la Rafa Nadal Academy"},{"@type":"BreadcrumbList","@id":"https:\/\/www.rafanadalacademy.com\/fr\/informations\/la-rafa-nadal-academy-accueille-le-premier-tournoi-du-fip-tour-de-padel-2026-en-espagne\/#breadcrumb","itemListElement":[{"@type":"ListItem","position":1,"name":"Home","item":"https:\/\/www.rafanadalacademy.com\/fr\/"},{"@type":"ListItem","position":2,"name":"La Rafa Nadal Academy accueille le premier tournoi du FIP Tour de padel 2026 en Espagne."}]},{"@type":"WebSite","@id":"https:\/\/www.rafanadalacademy.com\/fr\/#website","url":"https:\/\/www.rafanadalacademy.com\/fr\/","name":"Rafa Nadal Academy","description":"Otro sitio realizado con WordPress","potentialAction":[{"@type":"SearchAction","target":{"@type":"EntryPoint","urlTemplate":"https:\/\/www.rafanadalacademy.com\/fr\/?s={search_term_string}"},"query-input":{"@type":"PropertyValueSpecification","valueRequired":true,"valueName":"search_term_string"}}],"inLanguage":"fr-FR"},{"@type":"Person","@id":"https:\/\/www.rafanadalacademy.com\/fr\/#\/schema\/person\/744897d6ee269641fff954376180ef01","name":"joseluisprados","image":{"@type":"ImageObject","inLanguage":"fr-FR","@id":"https:\/\/www.rafanadalacademy.com\/fr\/#\/schema\/person\/image\/","url":"https:\/\/secure.gravatar.com\/avatar\/8aa823a6e5501864ffab4785d9e2a994b59c2d45c9f9751c5a532abfec081e5f?s=96&d=mm&r=g","contentUrl":"https:\/\/secure.gravatar.com\/avatar\/8aa823a6e5501864ffab4785d9e2a994b59c2d45c9f9751c5a532abfec081e5f?s=96&d=mm&r=g","caption":"joseluisprados"},"url":"https:\/\/www.rafanadalacademy.com\/fr\/author\/joseluisprados\/"},{"@type":"ImageObject","inLanguage":"fr-FR","@id":"https:\/\/www.rafanadalacademy.com\/fr\/informations\/la-rafa-nadal-academy-accueille-le-premier-tournoi-du-fip-tour-de-padel-2026-en-espagne\/#local-main-organization-logo","url":"","contentUrl":"","caption":"Rafa Nadal Academy"}]}},"_links":{"self":[{"href":"https:\/\/www.rafanadalacademy.com\/fr\/wp-json\/wp\/v2\/posts\/38111","targetHints":{"allow":["GET"]}}],"collection":[{"href":"https:\/\/www.rafanadalacademy.com\/fr\/wp-json\/wp\/v2\/posts"}],"about":[{"href":"https:\/\/www.rafanadalacademy.com\/fr\/wp-json\/wp\/v2\/types\/post"}],"author":[{"embeddable":true,"href":"https:\/\/www.rafanadalacademy.com\/fr\/wp-json\/wp\/v2\/users\/23"}],"replies":[{"embeddable":true,"href":"https:\/\/www.rafanadalacademy.com\/fr\/wp-json\/wp\/v2\/comments?post=38111"}],"version-history":[{"count":1,"href":"https:\/\/www.rafanadalacademy.com\/fr\/wp-json\/wp\/v2\/posts\/38111\/revisions"}],"predecessor-version":[{"id":38112,"href":"https:\/\/www.rafanadalacademy.com\/fr\/wp-json\/wp\/v2\/posts\/38111\/revisions\/38112"}],"wp:featuredmedia":[{"embeddable":true,"href":"https:\/\/www.rafanadalacademy.com\/fr\/wp-json\/wp\/v2\/media\/38101"}],"wp:attachment":[{"href":"https:\/\/www.rafanadalacademy.com\/fr\/wp-json\/wp\/v2\/media?parent=38111"}],"wp:term":[{"taxonomy":"category","embeddable":true,"href":"https:\/\/www.rafanadalacademy.com\/fr\/wp-json\/wp\/v2\/categories?post=38111"},{"taxonomy":"post_tag","embeddable":true,"href":"https:\/\/www.rafanadalacademy.com\/fr\/wp-json\/wp\/v2\/tags?post=38111"}],"curies":[{"name":"wp","href":"https:\/\/api.w.org\/{rel}","templated":true}]}}