{"id":37463,"date":"2025-12-10T11:42:11","date_gmt":"2025-12-10T11:42:11","guid":{"rendered":"https:\/\/www.rafanadalacademy.com\/non-classifiee\/le-rafa-nadal-academy-padel-tour-by-the-adecco-group-bat-des-records-lors-de-sa-deuxieme-edition\/"},"modified":"2025-12-10T11:56:32","modified_gmt":"2025-12-10T11:56:32","slug":"le-rafa-nadal-academy-padel-tour-by-the-adecco-group-bat-des-records-lors-de-sa-deuxieme-edition","status":"publish","type":"post","link":"https:\/\/www.rafanadalacademy.com\/fr\/informations\/le-rafa-nadal-academy-padel-tour-by-the-adecco-group-bat-des-records-lors-de-sa-deuxieme-edition\/","title":{"rendered":"Le Rafa Nadal Academy P\u00e1del Tour by The Adecco Group bat des records lors de sa deuxi\u00e8me \u00e9dition"},"content":{"rendered":"\n<p>Majorque a mis la cerise sur le g\u00e2teau de la deuxi\u00e8me \u00e9dition du Rafa Nadal Academy P\u00e1del Tour by The Adecco Group, le circuit amateur qui, cette ann\u00e9e 2025, a r\u00e9uni pr\u00e8s de 2\u00a0000\u00a0joueurs et s\u2019est impos\u00e9 comme l\u2019une des propositions les plus attrayantes et compl\u00e8tes du p\u00e1del amateur.<\/p>\n\n<figure class=\"wp-block-image size-full\"><img loading=\"lazy\" decoding=\"async\" width=\"2560\" height=\"2048\" src=\"https:\/\/www.rafanadalacademy.com\/wp-content\/uploads\/2025\/12\/RNA_061225_Partidos-RNA-Padel-Tour_024-scaled.jpg\" alt=\"\" class=\"wp-image-37449\" srcset=\"https:\/\/www.rafanadalacademy.com\/wp-content\/uploads\/2025\/12\/RNA_061225_Partidos-RNA-Padel-Tour_024-scaled.jpg 2560w, https:\/\/www.rafanadalacademy.com\/wp-content\/uploads\/2025\/12\/RNA_061225_Partidos-RNA-Padel-Tour_024-300x240.jpg 300w, https:\/\/www.rafanadalacademy.com\/wp-content\/uploads\/2025\/12\/RNA_061225_Partidos-RNA-Padel-Tour_024-1024x819.jpg 1024w, https:\/\/www.rafanadalacademy.com\/wp-content\/uploads\/2025\/12\/RNA_061225_Partidos-RNA-Padel-Tour_024-768x614.jpg 768w, https:\/\/www.rafanadalacademy.com\/wp-content\/uploads\/2025\/12\/RNA_061225_Partidos-RNA-Padel-Tour_024-1536x1229.jpg 1536w, https:\/\/www.rafanadalacademy.com\/wp-content\/uploads\/2025\/12\/RNA_061225_Partidos-RNA-Padel-Tour_024-2048x1638.jpg 2048w\" sizes=\"auto, (max-width: 2560px) 100vw, 2560px\" \/><\/figure>\n\n<div style=\"height:30px\" aria-hidden=\"true\" class=\"wp-block-spacer\"><\/div>\n\n<p>La phase finale disput\u00e9e \u00e0 la Rafa Nadal Academy a compt\u00e9 avec 215\u00a0joueurs d\u2019\u00e9quipes venues de toute la p\u00e9ninsule, ainsi que d\u2019Italie ou de Suisse, et a combin\u00e9 comp\u00e9tition, loisirs et une ambiance unique qui est d\u00e9j\u00e0 devenue la marque de fabrique du Tour lors de ces deux premi\u00e8res \u00e9ditions.<\/p>\n\n<p>L\u2019un des moments les plus \u00e9mouvants du week-end a \u00e9t\u00e9 l\u2019hommage rendu \u00e0 Carolina Navarro, qui a r\u00e9cemment pris sa retraite du p\u00e1del professionnel apr\u00e8s une brillante carri\u00e8re sportive. Lors de la c\u00e9r\u00e9monie, qui s\u2019est d\u00e9roul\u00e9e sur les nouveaux courts couverts de l\u2019Acad\u00e9mie, la joueuse de Malaga, r\u00e9f\u00e9rence internationale du p\u00e1del, a re\u00e7u l\u2019affection de tous les participants et de Maribel Nadal, directrice g\u00e9n\u00e9rale adjointe de la Rafa Nadal Academy, qui ont salu\u00e9 son parcours exemplaire et sa contribution au d\u00e9veloppement du p\u00e1del. <\/p>\n\n<div style=\"height:30px\" aria-hidden=\"true\" class=\"wp-block-spacer\"><\/div>\n\n<blockquote class=\"instagram-media\" data-instgrm-captioned=\"\" data-instgrm-permalink=\"https:\/\/www.instagram.com\/reel\/DR7ONW8iLfz\/?utm_source=ig_embed&#038;utm_campaign=loading\" data-instgrm-version=\"14\" style=\"  background:#FFF; border:0; border-radius:3px; box-shadow:0 0 1px 0 rgba(0,0,0,0.5),0 1px 10px 0 rgba(0,0,0,0.15); margin: 1px; max-width:540px; min-width:326px; padding:0; width:99.375%; width:-webkit-calc(100% - 2px); width:calc(100% - 2px);\"><div style=\"padding:16px;\"> <a href=\"https:\/\/www.instagram.com\/reel\/DR7ONW8iLfz\/?utm_source=ig_embed&#038;utm_campaign=loading\" style=\"  background:#FFFFFF; line-height:0; padding:0 0; text-align:center; text-decoration:none; width:100%;\" target=\"_blank\"> <div style=\"  display: flex; flex-direction: row; align-items: center;\"> <div style=\"background-color: #F4F4F4; border-radius: 50%; flex-grow: 0; height: 40px; margin-right: 14px; width: 40px;\"><\/div> <div style=\"display: flex; flex-direction: column; flex-grow: 1; justify-content: center;\"> <div style=\"  background-color: #F4F4F4; border-radius: 4px; flex-grow: 0; height: 14px; margin-bottom: 6px; width: 100px;\"><\/div> <div style=\"  background-color: #F4F4F4; border-radius: 4px; flex-grow: 0; height: 14px; width: 60px;\"><\/div><\/div><\/div><div style=\"padding: 19% 0;\"><\/div> <div style=\"display:block; height:50px; margin:0 auto 12px; width:50px;\"><svg xmlns=\"https:\/\/www.w3.org\/2000\/svg\" xmlns:xlink=\"https:\/\/www.w3.org\/1999\/xlink\" width=\"50px\" height=\"50px\" viewbox=\"0 0 60 60\" version=\"1.1\"><g stroke=\"none\" stroke-width=\"1\" fill=\"none\" fill-rule=\"evenodd\"><g transform=\"translate(-511.000000, -20.000000)\" fill=\"#000000\"><g><path d=\"M556.869,30.41 C554.814,30.41 553.148,32.076 553.148,34.131 C553.148,36.186 554.814,37.852 556.869,37.852 C558.924,37.852 560.59,36.186 560.59,34.131 C560.59,32.076 558.924,30.41 556.869,30.41 M541,60.657 C535.114,60.657 530.342,55.887 530.342,50 C530.342,44.114 535.114,39.342 541,39.342 C546.887,39.342 551.658,44.114 551.658,50 C551.658,55.887 546.887,60.657 541,60.657 M541,33.886 C532.1,33.886 524.886,41.1 524.886,50 C524.886,58.899 532.1,66.113 541,66.113 C549.9,66.113 557.115,58.899 557.115,50 C557.115,41.1 549.9,33.886 541,33.886 M565.378,62.101 C565.244,65.022 564.756,66.606 564.346,67.663 C563.803,69.06 563.154,70.057 562.106,71.106 C561.058,72.155 560.06,72.803 558.662,73.347 C557.607,73.757 556.021,74.244 553.102,74.378 C549.944,74.521 548.997,74.552 541,74.552 C533.003,74.552 532.056,74.521 528.898,74.378 C525.979,74.244 524.393,73.757 523.338,73.347 C521.94,72.803 520.942,72.155 519.894,71.106 C518.846,70.057 518.197,69.06 517.654,67.663 C517.244,66.606 516.755,65.022 516.623,62.101 C516.479,58.943 516.448,57.996 516.448,50 C516.448,42.003 516.479,41.056 516.623,37.899 C516.755,34.978 517.244,33.391 517.654,32.338 C518.197,30.938 518.846,29.942 519.894,28.894 C520.942,27.846 521.94,27.196 523.338,26.654 C524.393,26.244 525.979,25.756 528.898,25.623 C532.057,25.479 533.004,25.448 541,25.448 C548.997,25.448 549.943,25.479 553.102,25.623 C556.021,25.756 557.607,26.244 558.662,26.654 C560.06,27.196 561.058,27.846 562.106,28.894 C563.154,29.942 563.803,30.938 564.346,32.338 C564.756,33.391 565.244,34.978 565.378,37.899 C565.522,41.056 565.552,42.003 565.552,50 C565.552,57.996 565.522,58.943 565.378,62.101 M570.82,37.631 C570.674,34.438 570.167,32.258 569.425,30.349 C568.659,28.377 567.633,26.702 565.965,25.035 C564.297,23.368 562.623,22.342 560.652,21.575 C558.743,20.834 556.562,20.326 553.369,20.18 C550.169,20.033 549.148,20 541,20 C532.853,20 531.831,20.033 528.631,20.18 C525.438,20.326 523.257,20.834 521.349,21.575 C519.376,22.342 517.703,23.368 516.035,25.035 C514.368,26.702 513.342,28.377 512.574,30.349 C511.834,32.258 511.326,34.438 511.181,37.631 C511.035,40.831 511,41.851 511,50 C511,58.147 511.035,59.17 511.181,62.369 C511.326,65.562 511.834,67.743 512.574,69.651 C513.342,71.625 514.368,73.296 516.035,74.965 C517.703,76.634 519.376,77.658 521.349,78.425 C523.257,79.167 525.438,79.673 528.631,79.82 C531.831,79.965 532.853,80.001 541,80.001 C549.148,80.001 550.169,79.965 553.369,79.82 C556.562,79.673 558.743,79.167 560.652,78.425 C562.623,77.658 564.297,76.634 565.965,74.965 C567.633,73.296 568.659,71.625 569.425,69.651 C570.167,67.743 570.674,65.562 570.82,62.369 C570.966,59.17 571,58.147 571,50 C571,41.851 570.966,40.831 570.82,37.631\"><\/path><\/g><\/g><\/g><\/svg><\/div><div style=\"padding-top: 8px;\"> <div style=\"  color:#3897f0; font-family:Arial,sans-serif; font-size:14px; font-style:normal; font-weight:550; line-height:18px;\">Voir ce post sur Instagram<\/div><\/div><div style=\"padding: 12.5% 0;\"><\/div> <div style=\"display: flex; flex-direction: row; margin-bottom: 14px; align-items: center;\"><div> <div style=\"background-color: #F4F4F4; border-radius: 50%; height: 12.5px; width: 12.5px; transform: translateX(0px) translateY(7px);\"><\/div> <div style=\"background-color: #F4F4F4; height: 12.5px; transform: rotate(-45deg) translateX(3px) translateY(1px); width: 12.5px; flex-grow: 0; margin-right: 14px; margin-left: 2px;\"><\/div> <div style=\"background-color: #F4F4F4; border-radius: 50%; height: 12.5px; width: 12.5px; transform: translateX(9px) translateY(-18px);\"><\/div><\/div><div style=\"margin-left: 8px;\"> <div style=\"  background-color: #F4F4F4; border-radius: 50%; flex-grow: 0; height: 20px; width: 20px;\"><\/div> <div style=\"  width: 0; height: 0; border-top: 2px solid transparent; border-left: 6px solid #f4f4f4; border-bottom: 2px solid transparent; transform: translateX(16px) translateY(-4px) rotate(30deg)\"><\/div><\/div><div style=\"margin-left: auto;\"> <div style=\"  width: 0px; border-top: 8px solid #F4F4F4; border-right: 8px solid transparent; transform: translateY(16px);\"><\/div> <div style=\"  background-color: #F4F4F4; flex-grow: 0; height: 12px; width: 16px; transform: translateY(-4px);\"><\/div> <div style=\"  width: 0; height: 0; border-top: 8px solid #F4F4F4; border-left: 8px solid transparent; transform: translateY(-4px) translateX(8px);\"><\/div><\/div><\/div> <div style=\"display: flex; flex-direction: column; flex-grow: 1; justify-content: center; margin-bottom: 24px;\"> <div style=\"  background-color: #F4F4F4; border-radius: 4px; flex-grow: 0; height: 14px; margin-bottom: 6px; width: 224px;\"><\/div> <div style=\"  background-color: #F4F4F4; border-radius: 4px; flex-grow: 0; height: 14px; width: 144px;\"><\/div><\/div><\/a><p style=\"  color:#c9c8cd; font-family:Arial,sans-serif; font-size:14px; line-height:17px; margin-bottom:0; margin-top:8px; overflow:hidden; padding:8px 0 7px; text-align:center; text-overflow:ellipsis; white-space:nowrap;\"><a href=\"https:\/\/www.instagram.com\/reel\/DR7ONW8iLfz\/?utm_source=ig_embed&#038;utm_campaign=loading\" style=\"  color:#c9c8cd; font-family:Arial,sans-serif; font-size:14px; font-style:normal; font-weight:normal; line-height:17px; text-decoration:none;\" target=\"_blank\">Une publication partag\u00e9e par Rafa Nadal Academy (@rafanadalacademy)<\/a><\/p><\/div><\/blockquote>\n<script async=\"\" src=\"\/\/www.instagram.com\/embed.js\"><\/script>\n\n<div style=\"height:30px\" aria-hidden=\"true\" class=\"wp-block-spacer\"><\/div>\n\n<p>Navarro elle-m\u00eame a salu\u00e9 le Rafa Nadal P\u00e1del Tour by The Adecco Group et en particulier l\u2019\u00e9preuve de Majorque. \u00ab\u00a0Chaque ann\u00e9e, vous vous surpassez. Une ambiance incroyable, avec des gens venus de l\u2019\u00e9tranger. Les nouvelles installations de l\u2019Acad\u00e9mie, ces courts couverts ont \u00e9t\u00e9 g\u00e9niaux, et puis la soir\u00e9e. J\u2019ai ador\u00e9 et l\u2019ann\u00e9e prochaine, je serai de nouveau l\u00e0\u00a0\u00bb. <\/p>\n\n<div style=\"height:30px\" aria-hidden=\"true\" class=\"wp-block-spacer\"><\/div>\n\n<figure class=\"wp-block-image size-large\"><img loading=\"lazy\" decoding=\"async\" width=\"1024\" height=\"819\" src=\"https:\/\/www.rafanadalacademy.com\/wp-content\/uploads\/2025\/12\/Rafa-Nadal-Padel-Tour-by-The-Adecco-Groupo-II-1024x819.jpg\" alt=\"\" class=\"wp-image-37439\" srcset=\"https:\/\/www.rafanadalacademy.com\/wp-content\/uploads\/2025\/12\/Rafa-Nadal-Padel-Tour-by-The-Adecco-Groupo-II-1024x819.jpg 1024w, https:\/\/www.rafanadalacademy.com\/wp-content\/uploads\/2025\/12\/Rafa-Nadal-Padel-Tour-by-The-Adecco-Groupo-II-300x240.jpg 300w, https:\/\/www.rafanadalacademy.com\/wp-content\/uploads\/2025\/12\/Rafa-Nadal-Padel-Tour-by-The-Adecco-Groupo-II-768x614.jpg 768w, https:\/\/www.rafanadalacademy.com\/wp-content\/uploads\/2025\/12\/Rafa-Nadal-Padel-Tour-by-The-Adecco-Groupo-II-1536x1229.jpg 1536w, https:\/\/www.rafanadalacademy.com\/wp-content\/uploads\/2025\/12\/Rafa-Nadal-Padel-Tour-by-The-Adecco-Groupo-II-2048x1638.jpg 2048w\" sizes=\"auto, (max-width: 1024px) 100vw, 1024px\" \/><\/figure>\n\n<div style=\"height:30px\" aria-hidden=\"true\" class=\"wp-block-spacer\"><\/div>\n\n<p>La cl\u00f4ture \u00e0 Manacor met fin \u00e0 un parcours qui, cette ann\u00e9e, a men\u00e9 le circuit \u00e0 Santander, Madrid, Barcelone, Estepona, S\u00e9ville, Valence et Gij\u00f3n. Parall\u00e8lement, le Rafa Nadal P\u00e1del Tour by The Adecco Group a commenc\u00e9 son expansion internationale avec un Tour qui a parcouru six autres villes d\u2019Italie (Rome, Turin, P\u00e9rouse, Bari, Bergame et Florence), les deux circuits convergeant lors de la grande finale. <\/p>\n\n<div style=\"height:30px\" aria-hidden=\"true\" class=\"wp-block-spacer\"><\/div>\n\n<figure class=\"wp-block-embed is-type-video is-provider-youtube wp-block-embed-youtube wp-embed-aspect-16-9 wp-has-aspect-ratio\"><div class=\"wp-block-embed__wrapper\">\n<iframe loading=\"lazy\" title=\"Arranca el Rafa Nadal Academy Padel Tour Italia\" width=\"500\" height=\"281\" src=\"https:\/\/www.youtube.com\/embed\/nnMIXPfnw50?feature=oembed\" frameborder=\"0\" allow=\"accelerometer; autoplay; clipboard-write; encrypted-media; gyroscope; picture-in-picture; web-share\" referrerpolicy=\"strict-origin-when-cross-origin\" allowfullscreen><\/iframe>\n<\/div><\/figure>\n\n<div style=\"height:30px\" aria-hidden=\"true\" class=\"wp-block-spacer\"><\/div>\n\n<p>La cl\u00f4ture \u00e0 Manacor met fin \u00e0 un parcours qui, cette ann\u00e9e, a men\u00e9 le circuit \u00e0 Santander, Madrid, Barcelone, Estepona, S\u00e9ville, Valence et Gij\u00f3n. Parall\u00e8lement, le Rafa Nadal P\u00e1del Tour by The Adecco Group a commenc\u00e9 son expansion internationale avec un Tour qui a parcouru six autres villes d\u2019Italie (Rome, Turin, P\u00e9rouse, Bari, Bergame et Florence), les deux circuits convergeant lors de la grande finale. <\/p>\n\n<p>Le format par \u00e9quipes du circuit permet \u00e0 chaque \u00e9quipe participante d\u2019\u00eatre compos\u00e9e d\u2019un minimum de six joueurs r\u00e9partis en trois paires par tour, garantissant un minimum de deux rencontres. Cette dynamique a contribu\u00e9 \u00e0 g\u00e9n\u00e9rer une exp\u00e9rience collective, dynamique et tr\u00e8s appr\u00e9ci\u00e9e par les participants. <\/p>\n\n<p>Maribel Nadal, directrice g\u00e9n\u00e9rale adjointe de la Rafa Nadal Academy, a ainsi \u00e9valu\u00e9 l\u2019\u00e9volution du circuit\u00a0: \u00ab\u00a0L\u2019accueil des joueurs lors de la premi\u00e8re \u00e9dition a \u00e9t\u00e9 incroyable et, cette ann\u00e9e, les attentes ont \u00e9t\u00e9 d\u00e9pass\u00e9es. Le format par \u00e9quipes a d\u00e9finitivement \u00e9t\u00e9 un succ\u00e8s et le fait de pouvoir combiner sport et loisirs nous a offert une ambiance unique lors de chacune des \u00e9preuves des deux circuits. Nous travaillons d\u00e9j\u00e0 sur la troisi\u00e8me \u00e9dition afin d\u2019int\u00e9grer des nouveaut\u00e9s qui le consolideront comme l\u2019un des circuits de r\u00e9f\u00e9rence dans le p\u00e1del amateur et, face \u00e0 la demande de nombreux clubs et pays, nous envisageons \u00e9galement de poursuivre l\u2019internationalisation\u00a0\u00bb.<\/p>\n\n<div style=\"height:30px\" aria-hidden=\"true\" class=\"wp-block-spacer\"><\/div>\n\n<figure class=\"wp-block-embed is-type-video is-provider-youtube wp-block-embed-youtube wp-embed-aspect-16-9 wp-has-aspect-ratio\"><div class=\"wp-block-embed__wrapper\">\n<iframe loading=\"lazy\" title=\"La Rafa Nadal Academy inaugura 3 nuevas pistas de p\u00e1del indoor\" width=\"500\" height=\"281\" src=\"https:\/\/www.youtube.com\/embed\/kRnXNBSOqRw?feature=oembed\" frameborder=\"0\" allow=\"accelerometer; autoplay; clipboard-write; encrypted-media; gyroscope; picture-in-picture; web-share\" referrerpolicy=\"strict-origin-when-cross-origin\" allowfullscreen><\/iframe>\n<\/div><\/figure>\n\n<div style=\"height:30px\" aria-hidden=\"true\" class=\"wp-block-spacer\"><\/div>\n\n<p>Connue pour son prestige dans la formation de jeunes joueurs de tennis depuis son ouverture en 2016, la Rafa Nadal Academy a renforc\u00e9 ces derni\u00e8res ann\u00e9es son engagement en faveur du p\u00e1del. Le complexe dispose actuellement de 19\u00a0courts de p\u00e1del (9\u00a0ext\u00e9rieurs et 10\u00a0couverts), d\u2019un centre de remise en forme ultramoderne, d\u2019espaces de sant\u00e9 et de bien-\u00eatre, d\u2019une large offre de restauration et d\u2019une r\u00e9sidence moderne. Un environnement unique qui fait du campus de Manacor une r\u00e9f\u00e9rence \u00e9galement pour la pratique du p\u00e1del.  <\/p>\n\n<p>Avec l\u2019organisation du Rafa Nadal Academy P\u00e1del Tour by The Adecco Group, l\u2019Acad\u00e9mie r\u00e9affirme son engagement \u00e0 diffuser sa m\u00e9thodologie, ses valeurs et son ADN dans le domaine du p\u00e1del amateur \u00e0 travers un circuit innovant qui est l\u00e0 pour durer.<\/p>\n\n<div style=\"height:30px\" aria-hidden=\"true\" class=\"wp-block-spacer\"><\/div>\n\n<figure class=\"wp-block-embed is-type-video is-provider-youtube wp-block-embed-youtube wp-embed-aspect-16-9 wp-has-aspect-ratio\"><div class=\"wp-block-embed__wrapper\">\n<iframe loading=\"lazy\" title=\"Programas de p\u00e1del para jugadores Amateur de la Rafa Nadal Academy\" width=\"500\" height=\"281\" src=\"https:\/\/www.youtube.com\/embed\/4IFtn6TCmvE?feature=oembed\" frameborder=\"0\" allow=\"accelerometer; autoplay; clipboard-write; encrypted-media; gyroscope; picture-in-picture; web-share\" referrerpolicy=\"strict-origin-when-cross-origin\" allowfullscreen><\/iframe>\n<\/div><\/figure>\n","protected":false},"excerpt":{"rendered":"<p>Majorque a mis la cerise sur le g\u00e2teau de la deuxi\u00e8me \u00e9dition du Rafa Nadal Academy P\u00e1del Tour by The Adecco Group, le circuit amateur qui, cette ann\u00e9e 2025, a r\u00e9uni pr\u00e8s de 2\u00a0000\u00a0joueurs et s\u2019est impos\u00e9 comme l\u2019une des propositions les plus attrayantes et compl\u00e8tes du p\u00e1del amateur. La phase finale disput\u00e9e \u00e0 la<a href=\"https:\/\/www.rafanadalacademy.com\/fr\/informations\/le-rafa-nadal-academy-padel-tour-by-the-adecco-group-bat-des-records-lors-de-sa-deuxieme-edition\/\">Continue reading <span class=\"sr-only\">&#8220;Le Rafa Nadal Academy P\u00e1del Tour by The Adecco Group bat des records lors de sa deuxi\u00e8me \u00e9dition&#8221;<\/span><\/a><\/p>\n","protected":false},"author":23,"featured_media":37434,"comment_status":"closed","ping_status":"closed","sticky":false,"template":"","format":"standard","meta":{"_acf_changed":false,"footnotes":""},"categories":[206,158,164],"tags":[207,166],"class_list":["post-37463","post","type-post","status-publish","format-standard","has-post-thumbnail","hentry","category-academie-rafa-nadal-par-movistar","category-informations","category-padel-fr","tag-academie-rafa-nadal-par-movistar","tag-tournee-de-padel-de-lacademie-rafa-nadal"],"acf":[],"yoast_head":"<!-- This site is optimized with the Yoast SEO Premium plugin v26.8 (Yoast SEO v26.9) - https:\/\/yoast.com\/product\/yoast-seo-premium-wordpress\/ -->\n<title>Le Rafa Nadal Academy P\u00e1del Tour by The Adecco Group bat des records lors de sa deuxi\u00e8me \u00e9dition - Rafa Nadal Academy<\/title>\n<meta name=\"description\" content=\"Majorque a mis la cerise sur le g\u00e2teau de la deuxi\u00e8me \u00e9dition du Rafa Nadal Academy P\u00e1del Tour by The Adecco Group, le circuit amateur qui, cette ann\u00e9e 2025, a r\u00e9uni pr\u00e8s de 2 000 joueurs\" \/>\n<meta name=\"robots\" content=\"index, follow, max-snippet:-1, max-image-preview:large, max-video-preview:-1\" \/>\n<link rel=\"canonical\" href=\"https:\/\/www.rafanadalacademy.com\/fr\/informations\/le-rafa-nadal-academy-padel-tour-by-the-adecco-group-bat-des-records-lors-de-sa-deuxieme-edition\/\" \/>\n<meta property=\"og:locale\" content=\"fr_FR\" \/>\n<meta property=\"og:type\" content=\"article\" \/>\n<meta property=\"og:title\" content=\"Le Rafa Nadal Academy P\u00e1del Tour by The Adecco Group bat des records lors de sa deuxi\u00e8me \u00e9dition\" \/>\n<meta property=\"og:description\" content=\"Majorque a mis la cerise sur le g\u00e2teau de la deuxi\u00e8me \u00e9dition du Rafa Nadal Academy P\u00e1del Tour by The Adecco Group, le circuit amateur qui, cette ann\u00e9e 2025, a r\u00e9uni pr\u00e8s de 2 000 joueurs\" \/>\n<meta property=\"og:url\" content=\"https:\/\/www.rafanadalacademy.com\/fr\/informations\/le-rafa-nadal-academy-padel-tour-by-the-adecco-group-bat-des-records-lors-de-sa-deuxieme-edition\/\" \/>\n<meta property=\"og:site_name\" content=\"Rafa Nadal Academy\" \/>\n<meta property=\"article:published_time\" content=\"2025-12-10T11:42:11+00:00\" \/>\n<meta property=\"article:modified_time\" content=\"2025-12-10T11:56:32+00:00\" \/>\n<meta property=\"og:image\" content=\"https:\/\/www.rafanadalacademy.com\/wp-content\/uploads\/2025\/12\/Rafa-Nadal-Academy-Padel-Tour-by-The-Adecco-Group-e1765366959608.jpg\" \/>\n\t<meta property=\"og:image:width\" content=\"2560\" \/>\n\t<meta property=\"og:image:height\" content=\"1707\" \/>\n\t<meta property=\"og:image:type\" content=\"image\/jpeg\" \/>\n<meta name=\"author\" content=\"joseluisprados\" \/>\n<meta name=\"twitter:card\" content=\"summary_large_image\" \/>\n<meta name=\"twitter:label1\" content=\"Written by\" \/>\n\t<meta name=\"twitter:data1\" content=\"joseluisprados\" \/>\n\t<meta name=\"twitter:label2\" content=\"Est. reading time\" \/>\n\t<meta name=\"twitter:data2\" content=\"4 minutes\" \/>\n<script type=\"application\/ld+json\" class=\"yoast-schema-graph\">{\"@context\":\"https:\/\/schema.org\",\"@graph\":[{\"@type\":\"Article\",\"@id\":\"https:\/\/www.rafanadalacademy.com\/fr\/informations\/le-rafa-nadal-academy-padel-tour-by-the-adecco-group-bat-des-records-lors-de-sa-deuxieme-edition\/#article\",\"isPartOf\":{\"@id\":\"https:\/\/www.rafanadalacademy.com\/fr\/informations\/le-rafa-nadal-academy-padel-tour-by-the-adecco-group-bat-des-records-lors-de-sa-deuxieme-edition\/\"},\"author\":{\"name\":\"joseluisprados\",\"@id\":\"https:\/\/www.rafanadalacademy.com\/fr\/#\/schema\/person\/744897d6ee269641fff954376180ef01\"},\"headline\":\"Le Rafa Nadal Academy P\u00e1del Tour by The Adecco Group bat des records lors de sa deuxi\u00e8me \u00e9dition\",\"datePublished\":\"2025-12-10T11:42:11+00:00\",\"dateModified\":\"2025-12-10T11:56:32+00:00\",\"mainEntityOfPage\":{\"@id\":\"https:\/\/www.rafanadalacademy.com\/fr\/informations\/le-rafa-nadal-academy-padel-tour-by-the-adecco-group-bat-des-records-lors-de-sa-deuxieme-edition\/\"},\"wordCount\":807,\"image\":{\"@id\":\"https:\/\/www.rafanadalacademy.com\/fr\/informations\/le-rafa-nadal-academy-padel-tour-by-the-adecco-group-bat-des-records-lors-de-sa-deuxieme-edition\/#primaryimage\"},\"thumbnailUrl\":\"https:\/\/www.rafanadalacademy.com\/wp-content\/uploads\/2025\/12\/Rafa-Nadal-Academy-Padel-Tour-by-The-Adecco-Group-e1765366959608.jpg\",\"keywords\":[\"ACAD\u00c9MIE RAFA NADAL PAR MOVISTAR\",\"TOURN\u00c9E DE PADEL DE L'ACAD\u00c9MIE RAFA NADAL\"],\"articleSection\":[\"ACAD\u00c9MIE RAFA NADAL PAR MOVISTAR\",\"informations\",\"PADEL\"],\"inLanguage\":\"fr-FR\",\"copyrightYear\":\"2025\",\"copyrightHolder\":{\"@id\":\"https:\/\/www.rafanadalacademy.com\/#organization\"}},{\"@type\":\"WebPage\",\"@id\":\"https:\/\/www.rafanadalacademy.com\/fr\/informations\/le-rafa-nadal-academy-padel-tour-by-the-adecco-group-bat-des-records-lors-de-sa-deuxieme-edition\/\",\"url\":\"https:\/\/www.rafanadalacademy.com\/fr\/informations\/le-rafa-nadal-academy-padel-tour-by-the-adecco-group-bat-des-records-lors-de-sa-deuxieme-edition\/\",\"name\":\"Le Rafa Nadal Academy P\u00e1del Tour by The Adecco Group bat des records lors de sa deuxi\u00e8me \u00e9dition - Rafa Nadal Academy\",\"isPartOf\":{\"@id\":\"https:\/\/www.rafanadalacademy.com\/fr\/#website\"},\"primaryImageOfPage\":{\"@id\":\"https:\/\/www.rafanadalacademy.com\/fr\/informations\/le-rafa-nadal-academy-padel-tour-by-the-adecco-group-bat-des-records-lors-de-sa-deuxieme-edition\/#primaryimage\"},\"image\":{\"@id\":\"https:\/\/www.rafanadalacademy.com\/fr\/informations\/le-rafa-nadal-academy-padel-tour-by-the-adecco-group-bat-des-records-lors-de-sa-deuxieme-edition\/#primaryimage\"},\"thumbnailUrl\":\"https:\/\/www.rafanadalacademy.com\/wp-content\/uploads\/2025\/12\/Rafa-Nadal-Academy-Padel-Tour-by-The-Adecco-Group-e1765366959608.jpg\",\"datePublished\":\"2025-12-10T11:42:11+00:00\",\"dateModified\":\"2025-12-10T11:56:32+00:00\",\"author\":{\"@id\":\"https:\/\/www.rafanadalacademy.com\/fr\/#\/schema\/person\/744897d6ee269641fff954376180ef01\"},\"description\":\"Majorque a mis la cerise sur le g\u00e2teau de la deuxi\u00e8me \u00e9dition du Rafa Nadal Academy P\u00e1del Tour by The Adecco Group, le circuit amateur qui, cette ann\u00e9e 2025, a r\u00e9uni pr\u00e8s de 2 000 joueurs\",\"breadcrumb\":{\"@id\":\"https:\/\/www.rafanadalacademy.com\/fr\/informations\/le-rafa-nadal-academy-padel-tour-by-the-adecco-group-bat-des-records-lors-de-sa-deuxieme-edition\/#breadcrumb\"},\"inLanguage\":\"fr-FR\",\"potentialAction\":[{\"@type\":\"ReadAction\",\"target\":[\"https:\/\/www.rafanadalacademy.com\/fr\/informations\/le-rafa-nadal-academy-padel-tour-by-the-adecco-group-bat-des-records-lors-de-sa-deuxieme-edition\/\"]}]},{\"@type\":\"ImageObject\",\"inLanguage\":\"fr-FR\",\"@id\":\"https:\/\/www.rafanadalacademy.com\/fr\/informations\/le-rafa-nadal-academy-padel-tour-by-the-adecco-group-bat-des-records-lors-de-sa-deuxieme-edition\/#primaryimage\",\"url\":\"https:\/\/www.rafanadalacademy.com\/wp-content\/uploads\/2025\/12\/Rafa-Nadal-Academy-Padel-Tour-by-The-Adecco-Group-e1765366959608.jpg\",\"contentUrl\":\"https:\/\/www.rafanadalacademy.com\/wp-content\/uploads\/2025\/12\/Rafa-Nadal-Academy-Padel-Tour-by-The-Adecco-Group-e1765366959608.jpg\",\"width\":2560,\"height\":1707,\"caption\":\"Mallorca ha puesto el broche de oro a la segunda edici\u00f3n del Rafa Nadal Academy P\u00e1del Tour by The Adecco Group, el circuito amateur que este a\u00f1o 2025 ha reunido a casi 2.000 jugadores\"},{\"@type\":\"BreadcrumbList\",\"@id\":\"https:\/\/www.rafanadalacademy.com\/fr\/informations\/le-rafa-nadal-academy-padel-tour-by-the-adecco-group-bat-des-records-lors-de-sa-deuxieme-edition\/#breadcrumb\",\"itemListElement\":[{\"@type\":\"ListItem\",\"position\":1,\"name\":\"Home\",\"item\":\"https:\/\/www.rafanadalacademy.com\/fr\/\"},{\"@type\":\"ListItem\",\"position\":2,\"name\":\"Le Rafa Nadal Academy P\u00e1del Tour by The Adecco Group bat des records lors de sa deuxi\u00e8me \u00e9dition\"}]},{\"@type\":\"WebSite\",\"@id\":\"https:\/\/www.rafanadalacademy.com\/fr\/#website\",\"url\":\"https:\/\/www.rafanadalacademy.com\/fr\/\",\"name\":\"Rafa Nadal Academy\",\"description\":\"Otro sitio realizado con WordPress\",\"potentialAction\":[{\"@type\":\"SearchAction\",\"target\":{\"@type\":\"EntryPoint\",\"urlTemplate\":\"https:\/\/www.rafanadalacademy.com\/fr\/?s={search_term_string}\"},\"query-input\":{\"@type\":\"PropertyValueSpecification\",\"valueRequired\":true,\"valueName\":\"search_term_string\"}}],\"inLanguage\":\"fr-FR\"},{\"@type\":\"Person\",\"@id\":\"https:\/\/www.rafanadalacademy.com\/fr\/#\/schema\/person\/744897d6ee269641fff954376180ef01\",\"name\":\"joseluisprados\",\"image\":{\"@type\":\"ImageObject\",\"inLanguage\":\"fr-FR\",\"@id\":\"https:\/\/www.rafanadalacademy.com\/fr\/#\/schema\/person\/image\/\",\"url\":\"https:\/\/secure.gravatar.com\/avatar\/8aa823a6e5501864ffab4785d9e2a994b59c2d45c9f9751c5a532abfec081e5f?s=96&d=mm&r=g\",\"contentUrl\":\"https:\/\/secure.gravatar.com\/avatar\/8aa823a6e5501864ffab4785d9e2a994b59c2d45c9f9751c5a532abfec081e5f?s=96&d=mm&r=g\",\"caption\":\"joseluisprados\"},\"url\":\"https:\/\/www.rafanadalacademy.com\/fr\/author\/joseluisprados\/\"},{\"@type\":\"ImageObject\",\"inLanguage\":\"fr-FR\",\"@id\":\"https:\/\/www.rafanadalacademy.com\/fr\/informations\/le-rafa-nadal-academy-padel-tour-by-the-adecco-group-bat-des-records-lors-de-sa-deuxieme-edition\/#local-main-organization-logo\",\"url\":\"\",\"contentUrl\":\"\",\"caption\":\"Rafa Nadal Academy\"}]}<\/script>\n<!-- \/ Yoast SEO Premium plugin. -->","yoast_head_json":{"title":"Le Rafa Nadal Academy P\u00e1del Tour by The Adecco Group bat des records lors de sa deuxi\u00e8me \u00e9dition - Rafa Nadal Academy","description":"Majorque a mis la cerise sur le g\u00e2teau de la deuxi\u00e8me \u00e9dition du Rafa Nadal Academy P\u00e1del Tour by The Adecco Group, le circuit amateur qui, cette ann\u00e9e 2025, a r\u00e9uni pr\u00e8s de 2 000 joueurs","robots":{"index":"index","follow":"follow","max-snippet":"max-snippet:-1","max-image-preview":"max-image-preview:large","max-video-preview":"max-video-preview:-1"},"canonical":"https:\/\/www.rafanadalacademy.com\/fr\/informations\/le-rafa-nadal-academy-padel-tour-by-the-adecco-group-bat-des-records-lors-de-sa-deuxieme-edition\/","og_locale":"fr_FR","og_type":"article","og_title":"Le Rafa Nadal Academy P\u00e1del Tour by The Adecco Group bat des records lors de sa deuxi\u00e8me \u00e9dition","og_description":"Majorque a mis la cerise sur le g\u00e2teau de la deuxi\u00e8me \u00e9dition du Rafa Nadal Academy P\u00e1del Tour by The Adecco Group, le circuit amateur qui, cette ann\u00e9e 2025, a r\u00e9uni pr\u00e8s de 2 000 joueurs","og_url":"https:\/\/www.rafanadalacademy.com\/fr\/informations\/le-rafa-nadal-academy-padel-tour-by-the-adecco-group-bat-des-records-lors-de-sa-deuxieme-edition\/","og_site_name":"Rafa Nadal Academy","article_published_time":"2025-12-10T11:42:11+00:00","article_modified_time":"2025-12-10T11:56:32+00:00","og_image":[{"width":2560,"height":1707,"url":"https:\/\/www.rafanadalacademy.com\/wp-content\/uploads\/2025\/12\/Rafa-Nadal-Academy-Padel-Tour-by-The-Adecco-Group-e1765366959608.jpg","type":"image\/jpeg"}],"author":"joseluisprados","twitter_card":"summary_large_image","twitter_misc":{"Written by":"joseluisprados","Est. reading time":"4 minutes"},"schema":{"@context":"https:\/\/schema.org","@graph":[{"@type":"Article","@id":"https:\/\/www.rafanadalacademy.com\/fr\/informations\/le-rafa-nadal-academy-padel-tour-by-the-adecco-group-bat-des-records-lors-de-sa-deuxieme-edition\/#article","isPartOf":{"@id":"https:\/\/www.rafanadalacademy.com\/fr\/informations\/le-rafa-nadal-academy-padel-tour-by-the-adecco-group-bat-des-records-lors-de-sa-deuxieme-edition\/"},"author":{"name":"joseluisprados","@id":"https:\/\/www.rafanadalacademy.com\/fr\/#\/schema\/person\/744897d6ee269641fff954376180ef01"},"headline":"Le Rafa Nadal Academy P\u00e1del Tour by The Adecco Group bat des records lors de sa deuxi\u00e8me \u00e9dition","datePublished":"2025-12-10T11:42:11+00:00","dateModified":"2025-12-10T11:56:32+00:00","mainEntityOfPage":{"@id":"https:\/\/www.rafanadalacademy.com\/fr\/informations\/le-rafa-nadal-academy-padel-tour-by-the-adecco-group-bat-des-records-lors-de-sa-deuxieme-edition\/"},"wordCount":807,"image":{"@id":"https:\/\/www.rafanadalacademy.com\/fr\/informations\/le-rafa-nadal-academy-padel-tour-by-the-adecco-group-bat-des-records-lors-de-sa-deuxieme-edition\/#primaryimage"},"thumbnailUrl":"https:\/\/www.rafanadalacademy.com\/wp-content\/uploads\/2025\/12\/Rafa-Nadal-Academy-Padel-Tour-by-The-Adecco-Group-e1765366959608.jpg","keywords":["ACAD\u00c9MIE RAFA NADAL PAR MOVISTAR","TOURN\u00c9E DE PADEL DE L'ACAD\u00c9MIE RAFA NADAL"],"articleSection":["ACAD\u00c9MIE RAFA NADAL PAR MOVISTAR","informations","PADEL"],"inLanguage":"fr-FR","copyrightYear":"2025","copyrightHolder":{"@id":"https:\/\/www.rafanadalacademy.com\/#organization"}},{"@type":"WebPage","@id":"https:\/\/www.rafanadalacademy.com\/fr\/informations\/le-rafa-nadal-academy-padel-tour-by-the-adecco-group-bat-des-records-lors-de-sa-deuxieme-edition\/","url":"https:\/\/www.rafanadalacademy.com\/fr\/informations\/le-rafa-nadal-academy-padel-tour-by-the-adecco-group-bat-des-records-lors-de-sa-deuxieme-edition\/","name":"Le Rafa Nadal Academy P\u00e1del Tour by The Adecco Group bat des records lors de sa deuxi\u00e8me \u00e9dition - Rafa Nadal Academy","isPartOf":{"@id":"https:\/\/www.rafanadalacademy.com\/fr\/#website"},"primaryImageOfPage":{"@id":"https:\/\/www.rafanadalacademy.com\/fr\/informations\/le-rafa-nadal-academy-padel-tour-by-the-adecco-group-bat-des-records-lors-de-sa-deuxieme-edition\/#primaryimage"},"image":{"@id":"https:\/\/www.rafanadalacademy.com\/fr\/informations\/le-rafa-nadal-academy-padel-tour-by-the-adecco-group-bat-des-records-lors-de-sa-deuxieme-edition\/#primaryimage"},"thumbnailUrl":"https:\/\/www.rafanadalacademy.com\/wp-content\/uploads\/2025\/12\/Rafa-Nadal-Academy-Padel-Tour-by-The-Adecco-Group-e1765366959608.jpg","datePublished":"2025-12-10T11:42:11+00:00","dateModified":"2025-12-10T11:56:32+00:00","author":{"@id":"https:\/\/www.rafanadalacademy.com\/fr\/#\/schema\/person\/744897d6ee269641fff954376180ef01"},"description":"Majorque a mis la cerise sur le g\u00e2teau de la deuxi\u00e8me \u00e9dition du Rafa Nadal Academy P\u00e1del Tour by The Adecco Group, le circuit amateur qui, cette ann\u00e9e 2025, a r\u00e9uni pr\u00e8s de 2 000 joueurs","breadcrumb":{"@id":"https:\/\/www.rafanadalacademy.com\/fr\/informations\/le-rafa-nadal-academy-padel-tour-by-the-adecco-group-bat-des-records-lors-de-sa-deuxieme-edition\/#breadcrumb"},"inLanguage":"fr-FR","potentialAction":[{"@type":"ReadAction","target":["https:\/\/www.rafanadalacademy.com\/fr\/informations\/le-rafa-nadal-academy-padel-tour-by-the-adecco-group-bat-des-records-lors-de-sa-deuxieme-edition\/"]}]},{"@type":"ImageObject","inLanguage":"fr-FR","@id":"https:\/\/www.rafanadalacademy.com\/fr\/informations\/le-rafa-nadal-academy-padel-tour-by-the-adecco-group-bat-des-records-lors-de-sa-deuxieme-edition\/#primaryimage","url":"https:\/\/www.rafanadalacademy.com\/wp-content\/uploads\/2025\/12\/Rafa-Nadal-Academy-Padel-Tour-by-The-Adecco-Group-e1765366959608.jpg","contentUrl":"https:\/\/www.rafanadalacademy.com\/wp-content\/uploads\/2025\/12\/Rafa-Nadal-Academy-Padel-Tour-by-The-Adecco-Group-e1765366959608.jpg","width":2560,"height":1707,"caption":"Mallorca ha puesto el broche de oro a la segunda edici\u00f3n del Rafa Nadal Academy P\u00e1del Tour by The Adecco Group, el circuito amateur que este a\u00f1o 2025 ha reunido a casi 2.000 jugadores"},{"@type":"BreadcrumbList","@id":"https:\/\/www.rafanadalacademy.com\/fr\/informations\/le-rafa-nadal-academy-padel-tour-by-the-adecco-group-bat-des-records-lors-de-sa-deuxieme-edition\/#breadcrumb","itemListElement":[{"@type":"ListItem","position":1,"name":"Home","item":"https:\/\/www.rafanadalacademy.com\/fr\/"},{"@type":"ListItem","position":2,"name":"Le Rafa Nadal Academy P\u00e1del Tour by The Adecco Group bat des records lors de sa deuxi\u00e8me \u00e9dition"}]},{"@type":"WebSite","@id":"https:\/\/www.rafanadalacademy.com\/fr\/#website","url":"https:\/\/www.rafanadalacademy.com\/fr\/","name":"Rafa Nadal Academy","description":"Otro sitio realizado con WordPress","potentialAction":[{"@type":"SearchAction","target":{"@type":"EntryPoint","urlTemplate":"https:\/\/www.rafanadalacademy.com\/fr\/?s={search_term_string}"},"query-input":{"@type":"PropertyValueSpecification","valueRequired":true,"valueName":"search_term_string"}}],"inLanguage":"fr-FR"},{"@type":"Person","@id":"https:\/\/www.rafanadalacademy.com\/fr\/#\/schema\/person\/744897d6ee269641fff954376180ef01","name":"joseluisprados","image":{"@type":"ImageObject","inLanguage":"fr-FR","@id":"https:\/\/www.rafanadalacademy.com\/fr\/#\/schema\/person\/image\/","url":"https:\/\/secure.gravatar.com\/avatar\/8aa823a6e5501864ffab4785d9e2a994b59c2d45c9f9751c5a532abfec081e5f?s=96&d=mm&r=g","contentUrl":"https:\/\/secure.gravatar.com\/avatar\/8aa823a6e5501864ffab4785d9e2a994b59c2d45c9f9751c5a532abfec081e5f?s=96&d=mm&r=g","caption":"joseluisprados"},"url":"https:\/\/www.rafanadalacademy.com\/fr\/author\/joseluisprados\/"},{"@type":"ImageObject","inLanguage":"fr-FR","@id":"https:\/\/www.rafanadalacademy.com\/fr\/informations\/le-rafa-nadal-academy-padel-tour-by-the-adecco-group-bat-des-records-lors-de-sa-deuxieme-edition\/#local-main-organization-logo","url":"","contentUrl":"","caption":"Rafa Nadal Academy"}]}},"_links":{"self":[{"href":"https:\/\/www.rafanadalacademy.com\/fr\/wp-json\/wp\/v2\/posts\/37463","targetHints":{"allow":["GET"]}}],"collection":[{"href":"https:\/\/www.rafanadalacademy.com\/fr\/wp-json\/wp\/v2\/posts"}],"about":[{"href":"https:\/\/www.rafanadalacademy.com\/fr\/wp-json\/wp\/v2\/types\/post"}],"author":[{"embeddable":true,"href":"https:\/\/www.rafanadalacademy.com\/fr\/wp-json\/wp\/v2\/users\/23"}],"replies":[{"embeddable":true,"href":"https:\/\/www.rafanadalacademy.com\/fr\/wp-json\/wp\/v2\/comments?post=37463"}],"version-history":[{"count":1,"href":"https:\/\/www.rafanadalacademy.com\/fr\/wp-json\/wp\/v2\/posts\/37463\/revisions"}],"predecessor-version":[{"id":37464,"href":"https:\/\/www.rafanadalacademy.com\/fr\/wp-json\/wp\/v2\/posts\/37463\/revisions\/37464"}],"wp:featuredmedia":[{"embeddable":true,"href":"https:\/\/www.rafanadalacademy.com\/fr\/wp-json\/wp\/v2\/media\/37434"}],"wp:attachment":[{"href":"https:\/\/www.rafanadalacademy.com\/fr\/wp-json\/wp\/v2\/media?parent=37463"}],"wp:term":[{"taxonomy":"category","embeddable":true,"href":"https:\/\/www.rafanadalacademy.com\/fr\/wp-json\/wp\/v2\/categories?post=37463"},{"taxonomy":"post_tag","embeddable":true,"href":"https:\/\/www.rafanadalacademy.com\/fr\/wp-json\/wp\/v2\/tags?post=37463"}],"curies":[{"name":"wp","href":"https:\/\/api.w.org\/{rel}","templated":true}]}}