{"id":37364,"date":"2025-12-03T08:40:40","date_gmt":"2025-12-03T08:40:40","guid":{"rendered":"https:\/\/www.rafanadalacademy.com\/non-classifiee\/ivan-ivanov-realise-son-reve-et-termine-la-saison-en-tant-que-n1-mondial-junior\/"},"modified":"2025-12-03T09:05:56","modified_gmt":"2025-12-03T09:05:56","slug":"ivan-ivanov-realise-son-reve-et-termine-la-saison-en-tant-que-n1-mondial-junior","status":"publish","type":"post","link":"https:\/\/www.rafanadalacademy.com\/fr\/academie-rafa-nadal-par-movistar\/ivan-ivanov-realise-son-reve-et-termine-la-saison-en-tant-que-n1-mondial-junior\/","title":{"rendered":"Iv\u00e1n Ivanov r\u00e9alise son r\u00eave et termine la saison en tant que n\u00b01 mondial junior"},"content":{"rendered":"\n<p>Iv\u00e1n Ivanov a mis la cerise sur le g\u00e2teau d&#8217;une ann\u00e9e 2025 absolument inoubliable en terminant la saison en tant que <strong>n\u00b01 du classement mondial junior<\/strong>, un objectif que le jeune joueur bulgare poursuivait depuis longtemps et qui couronne une campagne historique marqu\u00e9e par l&#8217;obtention de deux titres du Grand Chelem.<\/p>\n\n<figure class=\"wp-block-image size-large\"><img loading=\"lazy\" decoding=\"async\" width=\"819\" height=\"1024\" src=\"https:\/\/www.rafanadalacademy.com\/wp-content\/uploads\/2025\/12\/Ivan-Ivanov-No1-819x1024.jpg\" alt=\"\" class=\"wp-image-37322\" srcset=\"https:\/\/www.rafanadalacademy.com\/wp-content\/uploads\/2025\/12\/Ivan-Ivanov-No1-819x1024.jpg 819w, https:\/\/www.rafanadalacademy.com\/wp-content\/uploads\/2025\/12\/Ivan-Ivanov-No1-240x300.jpg 240w, https:\/\/www.rafanadalacademy.com\/wp-content\/uploads\/2025\/12\/Ivan-Ivanov-No1-768x960.jpg 768w, https:\/\/www.rafanadalacademy.com\/wp-content\/uploads\/2025\/12\/Ivan-Ivanov-No1-1229x1536.jpg 1229w, https:\/\/www.rafanadalacademy.com\/wp-content\/uploads\/2025\/12\/Ivan-Ivanov-No1-1638x2048.jpg 1638w, https:\/\/www.rafanadalacademy.com\/wp-content\/uploads\/2025\/12\/Ivan-Ivanov-No1.jpg 2000w\" sizes=\"auto, (max-width: 819px) 100vw, 819px\" \/><\/figure>\n\n<div style=\"height:30px\" aria-hidden=\"true\" class=\"wp-block-spacer\"><\/div>\n\n<p>En cette ann\u00e9e 2025, le joueur de tennis form\u00e9 \u00e0 la <strong>Rafa Nadal Academy<\/strong> a conquis <strong>Wimbledon<\/strong> et l&#8217;<strong>US Open<\/strong>, devenant l&#8217;un des rares joueurs de ce si\u00e8cle capables de remporter deux majeurs dans la m\u00eame saison : un exploit que, au cours des deux derni\u00e8res d\u00e9cennies, seuls son compatriote Grigor Dimitrov et l&#8217;Italien Filip Peliwo avaient r\u00e9ussi.<\/p>\n\n<p>Tout au long de la saison, Ivanov a fait preuve d&#8217;une progression constante et d&#8217;une maturit\u00e9 tennistique qui l&#8217;ont propuls\u00e9 vers le sommet du circuit junior. Outre ses victoires en Grand Chelem, il a atteint les demi-finales de Roland-Garros et a r\u00e9alis\u00e9 de belles performances dans les tournois de pr\u00e9paration, compl\u00e9tant une saison inoubliable pour la Rafa Nadal Academy avec Jaume Munar acc\u00e9dant pour la premi\u00e8re fois aux huiti\u00e8mes de finale d&#8217;un Grand Chelem, Alex Eala remportant son premier titre WTA \u00e0 Guadalajara (WTA 125), Dani Rinc\u00f3n, Abedallah Shelbayh et Mart\u00edn Landaluce remportant des Challengers et Coleman Wong et Max Exsted ont remport\u00e9 leurs premi\u00e8res victoires dans le tableau final d&#8217;un grand. <\/p>\n\n<p><strong>Le soutien et l&#8217;influence de Rafa Nadal<\/strong> Pour Ivanov, la figure de <strong>Rafa Nadal<\/strong> a \u00e9t\u00e9 une source d&#8217;inspiration constante tout au long du processus. Le joueur lui-m\u00eame l&#8217;a exprim\u00e9 ainsi apr\u00e8s son triomphe \u00e0 l&#8217;All England Tennis Club : \u00ab <strong>Il m&#8217;inspire de bien des fa\u00e7ons. C&#8217;est le meilleur exemple que l&#8217;on puisse avoir : comment il s&#8217;adapte au gazon, comment il joue son style, sa capacit\u00e9 de lutte. Tout en lui est digne d&#8217;admiration \u00bb  <\/strong>, affirme-t-il.<\/p>\n\n<div style=\"height:30px\" aria-hidden=\"true\" class=\"wp-block-spacer\"><\/div>\n\n<figure class=\"wp-block-embed is-type-video is-provider-youtube wp-block-embed-youtube wp-embed-aspect-16-9 wp-has-aspect-ratio\"><div class=\"wp-block-embed__wrapper\">\n<iframe loading=\"lazy\" title=\"Ivan Ivanov, Campe\u00f3n de Wimbledon Junior 2025\" width=\"500\" height=\"281\" src=\"https:\/\/www.youtube.com\/embed\/LpCLmCEQjdY?feature=oembed\" frameborder=\"0\" allow=\"accelerometer; autoplay; clipboard-write; encrypted-media; gyroscope; picture-in-picture; web-share\" referrerpolicy=\"strict-origin-when-cross-origin\" allowfullscreen><\/iframe>\n<\/div><\/figure>\n\n<div style=\"height:30px\" aria-hidden=\"true\" class=\"wp-block-spacer\"><\/div>\n\n<p><strong>L&#8217;impact de la Rafa Nadal Academy sur son d\u00e9veloppement<\/strong><\/p>\n\n<p>Ivanov reconna\u00eet \u00e9galement le r\u00f4le essentiel que l&#8217;Acad\u00e9mie a jou\u00e9 dans sa croissance sportive et personnelle depuis son arriv\u00e9e en 2020 : <strong>\u00ab Elle m&#8217;a aid\u00e9 dans tout : je m&#8217;entra\u00eene ici, je dors ici, j&#8217;\u00e9tudie ici\u2026 Pour moi, c&#8217;est un endroit formidable, c&#8217;est incroyable. Je suis tr\u00e8s heureux de jouer ici \u00bb<\/strong>, assure-t-il.<br\/><\/p>\n\n<p>Le joueur souligne \u00e9galement la proximit\u00e9 de l&#8217;\u00e9quipe d&#8217;entra\u00eeneurs qui l&#8217;a accompagn\u00e9 dans les moments cl\u00e9s de la saison :<strong>  \u00ab Un excellent \u00e9quipe travaille avec moi \u00e0 l&#8217;Acad\u00e9mie et ils \u00e9taient avec moi \u00e0 Wimbledon, ce qui m&#8217;a rendu tr\u00e8s heureux. Ils m&#8217;aident tout le temps pendant le processus, je leur en suis donc tr\u00e8s reconnaissant <\/strong> \u00bb..<\/p>\n\n<p><strong>F\u00e9licitations \u00e0 Rafa<\/strong><\/p>\n\n<p>Les succ\u00e8s d&#8217;Ivanov ne sont pas pass\u00e9s inaper\u00e7us et <strong>Rafa Nadal<\/strong> lui-m\u00eame lui a d\u00e9di\u00e9 quelques mots publics via son compte X :  <strong>\u00ab F\u00e9licitations \u00e0 Iv\u00e1n pour avoir remport\u00e9 Wimbledon et l&#8217;US Open Junior. F\u00e9licitations \u00e9galement \u00e0 toute l&#8217;\u00e9quipe de la Rafa Nadal Academy by Movista \u00bb <\/strong>.<\/p>\n\n<p>Avec le num\u00e9ro un mondial d\u00e9j\u00e0 en sa possession et deux titres du Grand Chelem dans la m\u00eame saison, Iv\u00e1n Ivanov termine une ann\u00e9e exceptionnelle et s&#8217;impose comme l&#8217;un des talents les plus prometteurs du tennis international.<\/p>\n\n<div style=\"height:30px\" aria-hidden=\"true\" class=\"wp-block-spacer\"><\/div>\n\n<figure class=\"wp-block-embed is-type-video is-provider-youtube wp-block-embed-youtube wp-embed-aspect-16-9 wp-has-aspect-ratio\"><div class=\"wp-block-embed__wrapper\">\n<iframe loading=\"lazy\" title=\"Rafa Nadal Academy: Tennis &amp; Values\" width=\"500\" height=\"281\" src=\"https:\/\/www.youtube.com\/embed\/F71onMy-MeU?feature=oembed\" frameborder=\"0\" allow=\"accelerometer; autoplay; clipboard-write; encrypted-media; gyroscope; picture-in-picture; web-share\" referrerpolicy=\"strict-origin-when-cross-origin\" allowfullscreen><\/iframe>\n<\/div><\/figure>\n\n<div style=\"height:30px\" aria-hidden=\"true\" class=\"wp-block-spacer\"><\/div>\n\n<p><\/p>\n","protected":false},"excerpt":{"rendered":"<p>Iv\u00e1n Ivanov a mis la cerise sur le g\u00e2teau d&#8217;une ann\u00e9e 2025 absolument inoubliable en terminant la saison en tant que n\u00b01 du classement mondial junior, un objectif que le jeune joueur bulgare poursuivait depuis longtemps et qui couronne une campagne historique marqu\u00e9e par l&#8217;obtention de deux titres du Grand Chelem. En cette ann\u00e9e 2025,<a href=\"https:\/\/www.rafanadalacademy.com\/fr\/academie-rafa-nadal-par-movistar\/ivan-ivanov-realise-son-reve-et-termine-la-saison-en-tant-que-n1-mondial-junior\/\">Continue reading <span class=\"sr-only\">&#8220;Iv\u00e1n Ivanov r\u00e9alise son r\u00eave et termine la saison en tant que n\u00b01 mondial junior&#8221;<\/span><\/a><\/p>\n","protected":false},"author":23,"featured_media":37335,"comment_status":"closed","ping_status":"closed","sticky":false,"template":"","format":"standard","meta":{"_acf_changed":false,"footnotes":""},"categories":[206,158],"tags":[207],"class_list":["post-37364","post","type-post","status-publish","format-standard","has-post-thumbnail","hentry","category-academie-rafa-nadal-par-movistar","category-informations","tag-academie-rafa-nadal-par-movistar"],"acf":[],"yoast_head":"<!-- This site is optimized with the Yoast SEO Premium plugin v26.8 (Yoast SEO v26.9) - https:\/\/yoast.com\/product\/yoast-seo-premium-wordpress\/ -->\n<title>Iv\u00e1n Ivanov r\u00e9alise son r\u00eave et termine la saison en tant que n\u00b01 mondial junior - Rafa Nadal Academy<\/title>\n<meta name=\"description\" content=\"Iv\u00e1n Ivanov a mis la cerise sur le g\u00e2teau d&#039;une ann\u00e9e 2025 absolument inoubliable en terminant la saison en tant que n\u00b01 du classement mondial junior\" \/>\n<meta name=\"robots\" content=\"index, follow, max-snippet:-1, max-image-preview:large, max-video-preview:-1\" \/>\n<link rel=\"canonical\" href=\"https:\/\/www.rafanadalacademy.com\/fr\/academie-rafa-nadal-par-movistar\/ivan-ivanov-realise-son-reve-et-termine-la-saison-en-tant-que-n1-mondial-junior\/\" \/>\n<meta property=\"og:locale\" content=\"fr_FR\" \/>\n<meta property=\"og:type\" content=\"article\" \/>\n<meta property=\"og:title\" content=\"Iv\u00e1n Ivanov r\u00e9alise son r\u00eave et termine la saison en tant que n\u00b01 mondial junior\" \/>\n<meta property=\"og:description\" content=\"Iv\u00e1n Ivanov a mis la cerise sur le g\u00e2teau d&#039;une ann\u00e9e 2025 absolument inoubliable en terminant la saison en tant que n\u00b01 du classement mondial junior\" \/>\n<meta property=\"og:url\" content=\"https:\/\/www.rafanadalacademy.com\/fr\/academie-rafa-nadal-par-movistar\/ivan-ivanov-realise-son-reve-et-termine-la-saison-en-tant-que-n1-mondial-junior\/\" \/>\n<meta property=\"og:site_name\" content=\"Rafa Nadal Academy\" \/>\n<meta property=\"article:published_time\" content=\"2025-12-03T08:40:40+00:00\" \/>\n<meta property=\"article:modified_time\" content=\"2025-12-03T09:05:56+00:00\" \/>\n<meta property=\"og:image\" content=\"https:\/\/www.rafanadalacademy.com\/wp-content\/uploads\/2025\/12\/Ivan-Ivanov-No1-1-819x1024.jpg\" \/>\n\t<meta property=\"og:image:width\" content=\"819\" \/>\n\t<meta property=\"og:image:height\" content=\"1024\" \/>\n\t<meta property=\"og:image:type\" content=\"image\/jpeg\" \/>\n<meta name=\"author\" content=\"joseluisprados\" \/>\n<meta name=\"twitter:card\" content=\"summary_large_image\" \/>\n<meta name=\"twitter:label1\" content=\"Written by\" \/>\n\t<meta name=\"twitter:data1\" content=\"joseluisprados\" \/>\n\t<meta name=\"twitter:label2\" content=\"Est. reading time\" \/>\n\t<meta name=\"twitter:data2\" content=\"3 minutes\" \/>\n<script type=\"application\/ld+json\" class=\"yoast-schema-graph\">{\"@context\":\"https:\/\/schema.org\",\"@graph\":[{\"@type\":\"Article\",\"@id\":\"https:\/\/www.rafanadalacademy.com\/fr\/academie-rafa-nadal-par-movistar\/ivan-ivanov-realise-son-reve-et-termine-la-saison-en-tant-que-n1-mondial-junior\/#article\",\"isPartOf\":{\"@id\":\"https:\/\/www.rafanadalacademy.com\/fr\/academie-rafa-nadal-par-movistar\/ivan-ivanov-realise-son-reve-et-termine-la-saison-en-tant-que-n1-mondial-junior\/\"},\"author\":{\"name\":\"joseluisprados\",\"@id\":\"https:\/\/www.rafanadalacademy.com\/fr\/#\/schema\/person\/744897d6ee269641fff954376180ef01\"},\"headline\":\"Iv\u00e1n Ivanov r\u00e9alise son r\u00eave et termine la saison en tant que n\u00b01 mondial junior\",\"datePublished\":\"2025-12-03T08:40:40+00:00\",\"dateModified\":\"2025-12-03T09:05:56+00:00\",\"mainEntityOfPage\":{\"@id\":\"https:\/\/www.rafanadalacademy.com\/fr\/academie-rafa-nadal-par-movistar\/ivan-ivanov-realise-son-reve-et-termine-la-saison-en-tant-que-n1-mondial-junior\/\"},\"wordCount\":599,\"image\":{\"@id\":\"https:\/\/www.rafanadalacademy.com\/fr\/academie-rafa-nadal-par-movistar\/ivan-ivanov-realise-son-reve-et-termine-la-saison-en-tant-que-n1-mondial-junior\/#primaryimage\"},\"thumbnailUrl\":\"https:\/\/www.rafanadalacademy.com\/wp-content\/uploads\/2025\/12\/Ivan-Ivanov-No1-1-e1764680181515.jpg\",\"keywords\":[\"ACAD\u00c9MIE RAFA NADAL PAR MOVISTAR\"],\"articleSection\":[\"ACAD\u00c9MIE RAFA NADAL PAR MOVISTAR\",\"informations\"],\"inLanguage\":\"fr-FR\",\"copyrightYear\":\"2025\",\"copyrightHolder\":{\"@id\":\"https:\/\/www.rafanadalacademy.com\/#organization\"}},{\"@type\":\"WebPage\",\"@id\":\"https:\/\/www.rafanadalacademy.com\/fr\/academie-rafa-nadal-par-movistar\/ivan-ivanov-realise-son-reve-et-termine-la-saison-en-tant-que-n1-mondial-junior\/\",\"url\":\"https:\/\/www.rafanadalacademy.com\/fr\/academie-rafa-nadal-par-movistar\/ivan-ivanov-realise-son-reve-et-termine-la-saison-en-tant-que-n1-mondial-junior\/\",\"name\":\"Iv\u00e1n Ivanov r\u00e9alise son r\u00eave et termine la saison en tant que n\u00b01 mondial junior - Rafa Nadal Academy\",\"isPartOf\":{\"@id\":\"https:\/\/www.rafanadalacademy.com\/fr\/#website\"},\"primaryImageOfPage\":{\"@id\":\"https:\/\/www.rafanadalacademy.com\/fr\/academie-rafa-nadal-par-movistar\/ivan-ivanov-realise-son-reve-et-termine-la-saison-en-tant-que-n1-mondial-junior\/#primaryimage\"},\"image\":{\"@id\":\"https:\/\/www.rafanadalacademy.com\/fr\/academie-rafa-nadal-par-movistar\/ivan-ivanov-realise-son-reve-et-termine-la-saison-en-tant-que-n1-mondial-junior\/#primaryimage\"},\"thumbnailUrl\":\"https:\/\/www.rafanadalacademy.com\/wp-content\/uploads\/2025\/12\/Ivan-Ivanov-No1-1-e1764680181515.jpg\",\"datePublished\":\"2025-12-03T08:40:40+00:00\",\"dateModified\":\"2025-12-03T09:05:56+00:00\",\"author\":{\"@id\":\"https:\/\/www.rafanadalacademy.com\/fr\/#\/schema\/person\/744897d6ee269641fff954376180ef01\"},\"description\":\"Iv\u00e1n Ivanov a mis la cerise sur le g\u00e2teau d'une ann\u00e9e 2025 absolument inoubliable en terminant la saison en tant que n\u00b01 du classement mondial junior\",\"breadcrumb\":{\"@id\":\"https:\/\/www.rafanadalacademy.com\/fr\/academie-rafa-nadal-par-movistar\/ivan-ivanov-realise-son-reve-et-termine-la-saison-en-tant-que-n1-mondial-junior\/#breadcrumb\"},\"inLanguage\":\"fr-FR\",\"potentialAction\":[{\"@type\":\"ReadAction\",\"target\":[\"https:\/\/www.rafanadalacademy.com\/fr\/academie-rafa-nadal-par-movistar\/ivan-ivanov-realise-son-reve-et-termine-la-saison-en-tant-que-n1-mondial-junior\/\"]}]},{\"@type\":\"ImageObject\",\"inLanguage\":\"fr-FR\",\"@id\":\"https:\/\/www.rafanadalacademy.com\/fr\/academie-rafa-nadal-par-movistar\/ivan-ivanov-realise-son-reve-et-termine-la-saison-en-tant-que-n1-mondial-junior\/#primaryimage\",\"url\":\"https:\/\/www.rafanadalacademy.com\/wp-content\/uploads\/2025\/12\/Ivan-Ivanov-No1-1-e1764680181515.jpg\",\"contentUrl\":\"https:\/\/www.rafanadalacademy.com\/wp-content\/uploads\/2025\/12\/Ivan-Ivanov-No1-1-e1764680181515.jpg\",\"width\":2000,\"height\":2500,\"caption\":\"Ivan Ivanov cierra la temporada como N\u00ba1 del mundo j\u00fanior\"},{\"@type\":\"BreadcrumbList\",\"@id\":\"https:\/\/www.rafanadalacademy.com\/fr\/academie-rafa-nadal-par-movistar\/ivan-ivanov-realise-son-reve-et-termine-la-saison-en-tant-que-n1-mondial-junior\/#breadcrumb\",\"itemListElement\":[{\"@type\":\"ListItem\",\"position\":1,\"name\":\"Home\",\"item\":\"https:\/\/www.rafanadalacademy.com\/fr\/\"},{\"@type\":\"ListItem\",\"position\":2,\"name\":\"Iv\u00e1n Ivanov r\u00e9alise son r\u00eave et termine la saison en tant que n\u00b01 mondial junior\"}]},{\"@type\":\"WebSite\",\"@id\":\"https:\/\/www.rafanadalacademy.com\/fr\/#website\",\"url\":\"https:\/\/www.rafanadalacademy.com\/fr\/\",\"name\":\"Rafa Nadal Academy\",\"description\":\"Otro sitio realizado con WordPress\",\"potentialAction\":[{\"@type\":\"SearchAction\",\"target\":{\"@type\":\"EntryPoint\",\"urlTemplate\":\"https:\/\/www.rafanadalacademy.com\/fr\/?s={search_term_string}\"},\"query-input\":{\"@type\":\"PropertyValueSpecification\",\"valueRequired\":true,\"valueName\":\"search_term_string\"}}],\"inLanguage\":\"fr-FR\"},{\"@type\":\"Person\",\"@id\":\"https:\/\/www.rafanadalacademy.com\/fr\/#\/schema\/person\/744897d6ee269641fff954376180ef01\",\"name\":\"joseluisprados\",\"image\":{\"@type\":\"ImageObject\",\"inLanguage\":\"fr-FR\",\"@id\":\"https:\/\/www.rafanadalacademy.com\/fr\/#\/schema\/person\/image\/\",\"url\":\"https:\/\/secure.gravatar.com\/avatar\/8aa823a6e5501864ffab4785d9e2a994b59c2d45c9f9751c5a532abfec081e5f?s=96&d=mm&r=g\",\"contentUrl\":\"https:\/\/secure.gravatar.com\/avatar\/8aa823a6e5501864ffab4785d9e2a994b59c2d45c9f9751c5a532abfec081e5f?s=96&d=mm&r=g\",\"caption\":\"joseluisprados\"},\"url\":\"https:\/\/www.rafanadalacademy.com\/fr\/author\/joseluisprados\/\"},{\"@type\":\"ImageObject\",\"inLanguage\":\"fr-FR\",\"@id\":\"https:\/\/www.rafanadalacademy.com\/fr\/academie-rafa-nadal-par-movistar\/ivan-ivanov-realise-son-reve-et-termine-la-saison-en-tant-que-n1-mondial-junior\/#local-main-organization-logo\",\"url\":\"\",\"contentUrl\":\"\",\"caption\":\"Rafa Nadal Academy\"}]}<\/script>\n<!-- \/ Yoast SEO Premium plugin. -->","yoast_head_json":{"title":"Iv\u00e1n Ivanov r\u00e9alise son r\u00eave et termine la saison en tant que n\u00b01 mondial junior - Rafa Nadal Academy","description":"Iv\u00e1n Ivanov a mis la cerise sur le g\u00e2teau d'une ann\u00e9e 2025 absolument inoubliable en terminant la saison en tant que n\u00b01 du classement mondial junior","robots":{"index":"index","follow":"follow","max-snippet":"max-snippet:-1","max-image-preview":"max-image-preview:large","max-video-preview":"max-video-preview:-1"},"canonical":"https:\/\/www.rafanadalacademy.com\/fr\/academie-rafa-nadal-par-movistar\/ivan-ivanov-realise-son-reve-et-termine-la-saison-en-tant-que-n1-mondial-junior\/","og_locale":"fr_FR","og_type":"article","og_title":"Iv\u00e1n Ivanov r\u00e9alise son r\u00eave et termine la saison en tant que n\u00b01 mondial junior","og_description":"Iv\u00e1n Ivanov a mis la cerise sur le g\u00e2teau d'une ann\u00e9e 2025 absolument inoubliable en terminant la saison en tant que n\u00b01 du classement mondial junior","og_url":"https:\/\/www.rafanadalacademy.com\/fr\/academie-rafa-nadal-par-movistar\/ivan-ivanov-realise-son-reve-et-termine-la-saison-en-tant-que-n1-mondial-junior\/","og_site_name":"Rafa Nadal Academy","article_published_time":"2025-12-03T08:40:40+00:00","article_modified_time":"2025-12-03T09:05:56+00:00","og_image":[{"width":819,"height":1024,"url":"https:\/\/www.rafanadalacademy.com\/wp-content\/uploads\/2025\/12\/Ivan-Ivanov-No1-1-819x1024.jpg","type":"image\/jpeg"}],"author":"joseluisprados","twitter_card":"summary_large_image","twitter_misc":{"Written by":"joseluisprados","Est. reading time":"3 minutes"},"schema":{"@context":"https:\/\/schema.org","@graph":[{"@type":"Article","@id":"https:\/\/www.rafanadalacademy.com\/fr\/academie-rafa-nadal-par-movistar\/ivan-ivanov-realise-son-reve-et-termine-la-saison-en-tant-que-n1-mondial-junior\/#article","isPartOf":{"@id":"https:\/\/www.rafanadalacademy.com\/fr\/academie-rafa-nadal-par-movistar\/ivan-ivanov-realise-son-reve-et-termine-la-saison-en-tant-que-n1-mondial-junior\/"},"author":{"name":"joseluisprados","@id":"https:\/\/www.rafanadalacademy.com\/fr\/#\/schema\/person\/744897d6ee269641fff954376180ef01"},"headline":"Iv\u00e1n Ivanov r\u00e9alise son r\u00eave et termine la saison en tant que n\u00b01 mondial junior","datePublished":"2025-12-03T08:40:40+00:00","dateModified":"2025-12-03T09:05:56+00:00","mainEntityOfPage":{"@id":"https:\/\/www.rafanadalacademy.com\/fr\/academie-rafa-nadal-par-movistar\/ivan-ivanov-realise-son-reve-et-termine-la-saison-en-tant-que-n1-mondial-junior\/"},"wordCount":599,"image":{"@id":"https:\/\/www.rafanadalacademy.com\/fr\/academie-rafa-nadal-par-movistar\/ivan-ivanov-realise-son-reve-et-termine-la-saison-en-tant-que-n1-mondial-junior\/#primaryimage"},"thumbnailUrl":"https:\/\/www.rafanadalacademy.com\/wp-content\/uploads\/2025\/12\/Ivan-Ivanov-No1-1-e1764680181515.jpg","keywords":["ACAD\u00c9MIE RAFA NADAL PAR MOVISTAR"],"articleSection":["ACAD\u00c9MIE RAFA NADAL PAR MOVISTAR","informations"],"inLanguage":"fr-FR","copyrightYear":"2025","copyrightHolder":{"@id":"https:\/\/www.rafanadalacademy.com\/#organization"}},{"@type":"WebPage","@id":"https:\/\/www.rafanadalacademy.com\/fr\/academie-rafa-nadal-par-movistar\/ivan-ivanov-realise-son-reve-et-termine-la-saison-en-tant-que-n1-mondial-junior\/","url":"https:\/\/www.rafanadalacademy.com\/fr\/academie-rafa-nadal-par-movistar\/ivan-ivanov-realise-son-reve-et-termine-la-saison-en-tant-que-n1-mondial-junior\/","name":"Iv\u00e1n Ivanov r\u00e9alise son r\u00eave et termine la saison en tant que n\u00b01 mondial junior - Rafa Nadal Academy","isPartOf":{"@id":"https:\/\/www.rafanadalacademy.com\/fr\/#website"},"primaryImageOfPage":{"@id":"https:\/\/www.rafanadalacademy.com\/fr\/academie-rafa-nadal-par-movistar\/ivan-ivanov-realise-son-reve-et-termine-la-saison-en-tant-que-n1-mondial-junior\/#primaryimage"},"image":{"@id":"https:\/\/www.rafanadalacademy.com\/fr\/academie-rafa-nadal-par-movistar\/ivan-ivanov-realise-son-reve-et-termine-la-saison-en-tant-que-n1-mondial-junior\/#primaryimage"},"thumbnailUrl":"https:\/\/www.rafanadalacademy.com\/wp-content\/uploads\/2025\/12\/Ivan-Ivanov-No1-1-e1764680181515.jpg","datePublished":"2025-12-03T08:40:40+00:00","dateModified":"2025-12-03T09:05:56+00:00","author":{"@id":"https:\/\/www.rafanadalacademy.com\/fr\/#\/schema\/person\/744897d6ee269641fff954376180ef01"},"description":"Iv\u00e1n Ivanov a mis la cerise sur le g\u00e2teau d'une ann\u00e9e 2025 absolument inoubliable en terminant la saison en tant que n\u00b01 du classement mondial junior","breadcrumb":{"@id":"https:\/\/www.rafanadalacademy.com\/fr\/academie-rafa-nadal-par-movistar\/ivan-ivanov-realise-son-reve-et-termine-la-saison-en-tant-que-n1-mondial-junior\/#breadcrumb"},"inLanguage":"fr-FR","potentialAction":[{"@type":"ReadAction","target":["https:\/\/www.rafanadalacademy.com\/fr\/academie-rafa-nadal-par-movistar\/ivan-ivanov-realise-son-reve-et-termine-la-saison-en-tant-que-n1-mondial-junior\/"]}]},{"@type":"ImageObject","inLanguage":"fr-FR","@id":"https:\/\/www.rafanadalacademy.com\/fr\/academie-rafa-nadal-par-movistar\/ivan-ivanov-realise-son-reve-et-termine-la-saison-en-tant-que-n1-mondial-junior\/#primaryimage","url":"https:\/\/www.rafanadalacademy.com\/wp-content\/uploads\/2025\/12\/Ivan-Ivanov-No1-1-e1764680181515.jpg","contentUrl":"https:\/\/www.rafanadalacademy.com\/wp-content\/uploads\/2025\/12\/Ivan-Ivanov-No1-1-e1764680181515.jpg","width":2000,"height":2500,"caption":"Ivan Ivanov cierra la temporada como N\u00ba1 del mundo j\u00fanior"},{"@type":"BreadcrumbList","@id":"https:\/\/www.rafanadalacademy.com\/fr\/academie-rafa-nadal-par-movistar\/ivan-ivanov-realise-son-reve-et-termine-la-saison-en-tant-que-n1-mondial-junior\/#breadcrumb","itemListElement":[{"@type":"ListItem","position":1,"name":"Home","item":"https:\/\/www.rafanadalacademy.com\/fr\/"},{"@type":"ListItem","position":2,"name":"Iv\u00e1n Ivanov r\u00e9alise son r\u00eave et termine la saison en tant que n\u00b01 mondial junior"}]},{"@type":"WebSite","@id":"https:\/\/www.rafanadalacademy.com\/fr\/#website","url":"https:\/\/www.rafanadalacademy.com\/fr\/","name":"Rafa Nadal Academy","description":"Otro sitio realizado con WordPress","potentialAction":[{"@type":"SearchAction","target":{"@type":"EntryPoint","urlTemplate":"https:\/\/www.rafanadalacademy.com\/fr\/?s={search_term_string}"},"query-input":{"@type":"PropertyValueSpecification","valueRequired":true,"valueName":"search_term_string"}}],"inLanguage":"fr-FR"},{"@type":"Person","@id":"https:\/\/www.rafanadalacademy.com\/fr\/#\/schema\/person\/744897d6ee269641fff954376180ef01","name":"joseluisprados","image":{"@type":"ImageObject","inLanguage":"fr-FR","@id":"https:\/\/www.rafanadalacademy.com\/fr\/#\/schema\/person\/image\/","url":"https:\/\/secure.gravatar.com\/avatar\/8aa823a6e5501864ffab4785d9e2a994b59c2d45c9f9751c5a532abfec081e5f?s=96&d=mm&r=g","contentUrl":"https:\/\/secure.gravatar.com\/avatar\/8aa823a6e5501864ffab4785d9e2a994b59c2d45c9f9751c5a532abfec081e5f?s=96&d=mm&r=g","caption":"joseluisprados"},"url":"https:\/\/www.rafanadalacademy.com\/fr\/author\/joseluisprados\/"},{"@type":"ImageObject","inLanguage":"fr-FR","@id":"https:\/\/www.rafanadalacademy.com\/fr\/academie-rafa-nadal-par-movistar\/ivan-ivanov-realise-son-reve-et-termine-la-saison-en-tant-que-n1-mondial-junior\/#local-main-organization-logo","url":"","contentUrl":"","caption":"Rafa Nadal Academy"}]}},"_links":{"self":[{"href":"https:\/\/www.rafanadalacademy.com\/fr\/wp-json\/wp\/v2\/posts\/37364","targetHints":{"allow":["GET"]}}],"collection":[{"href":"https:\/\/www.rafanadalacademy.com\/fr\/wp-json\/wp\/v2\/posts"}],"about":[{"href":"https:\/\/www.rafanadalacademy.com\/fr\/wp-json\/wp\/v2\/types\/post"}],"author":[{"embeddable":true,"href":"https:\/\/www.rafanadalacademy.com\/fr\/wp-json\/wp\/v2\/users\/23"}],"replies":[{"embeddable":true,"href":"https:\/\/www.rafanadalacademy.com\/fr\/wp-json\/wp\/v2\/comments?post=37364"}],"version-history":[{"count":1,"href":"https:\/\/www.rafanadalacademy.com\/fr\/wp-json\/wp\/v2\/posts\/37364\/revisions"}],"predecessor-version":[{"id":37365,"href":"https:\/\/www.rafanadalacademy.com\/fr\/wp-json\/wp\/v2\/posts\/37364\/revisions\/37365"}],"wp:featuredmedia":[{"embeddable":true,"href":"https:\/\/www.rafanadalacademy.com\/fr\/wp-json\/wp\/v2\/media\/37335"}],"wp:attachment":[{"href":"https:\/\/www.rafanadalacademy.com\/fr\/wp-json\/wp\/v2\/media?parent=37364"}],"wp:term":[{"taxonomy":"category","embeddable":true,"href":"https:\/\/www.rafanadalacademy.com\/fr\/wp-json\/wp\/v2\/categories?post=37364"},{"taxonomy":"post_tag","embeddable":true,"href":"https:\/\/www.rafanadalacademy.com\/fr\/wp-json\/wp\/v2\/tags?post=37364"}],"curies":[{"name":"wp","href":"https:\/\/api.w.org\/{rel}","templated":true}]}}