{"id":37284,"date":"2025-11-28T10:00:00","date_gmt":"2025-11-28T10:00:00","guid":{"rendered":"https:\/\/www.rafanadalacademy.com\/non-classifiee\/martin-landaluce-disputera-les-next-gen-atp-finals-et-suit-les-traces-de-munar-ruud-et-shelbayh\/"},"modified":"2025-12-02T09:37:27","modified_gmt":"2025-12-02T09:37:27","slug":"martin-landaluce-disputera-les-next-gen-atp-finals-et-suit-les-traces-de-munar-ruud-et-shelbayh","status":"publish","type":"post","link":"https:\/\/www.rafanadalacademy.com\/fr\/academie-rafa-nadal-par-movistar\/martin-landaluce-disputera-les-next-gen-atp-finals-et-suit-les-traces-de-munar-ruud-et-shelbayh\/","title":{"rendered":"Martin Landaluce disputera les Next Gen ATP Finals et suit les traces de Munar, Ruud et Shelbayh"},"content":{"rendered":"\n<p>Apr\u00e8s avoir \u00e9t\u00e9 rempla\u00e7ant lors de l&#8217;\u00e9dition de 2024, <strong>Martin Landaluce<\/strong> fera ses d\u00e9buts officiels aux <strong>Next Gen ATP Finals 2025<\/strong>, le tournoi qui r\u00e9unit les huit meilleurs joueurs de tennis de moins de 21 ans de la saison.<\/p>\n\n<figure class=\"wp-block-image size-large\"><img decoding=\"async\" src=\"https:\/\/www.rafanadalacademy.com\/wp-content\/uploads\/2025\/11\/Martin-Landuce-en-la-pista-central-de-la-Rafa-Nadal-Academy-1024x665.png\" alt=\"\" class=\"wp-image-37262\"\/><figcaption class=\"wp-element-caption\">Mart\u00edn Landaluce sur le court central de la Rafa Nadal Academy<\/figcaption><\/figure>\n\n<div style=\"height:30px\" aria-hidden=\"true\" class=\"wp-block-spacer\"><\/div>\n\n<p>Le Madril\u00e8ne deviendra ainsi le <strong>quatri\u00e8me joueur form\u00e9 \u00e0 la<\/strong> <strong>Rafa Nadal Academy<\/strong> \u00e0 disputer ce prestigieux \u00e9v\u00e9nement, suivant les traces de <strong>Abdullah Shelbayh (2023)<\/strong>, <strong>Casper Ruud<\/strong> <strong>(2019)<\/strong> et <strong>Jaume Munar<\/strong>, qui a atteint les demi-finales lors de la premi\u00e8re \u00e9dition qui s&#8217;est tenue \u00e0 Milan en 2017.<\/p>\n\n<p>\u00c0 19 ans, Landaluce arrive \u00e0 ce rendez-vous apr\u00e8s une saison de croissance et des r\u00e9sultats tr\u00e8s solides : il a conquis le <strong>Challenger d&#8217;Orl\u00e9ans (France)<\/strong>, a \u00e9t\u00e9 <strong>demi-finaliste \u00e0 Olbia<\/strong>, a <strong>d\u00e9pass\u00e9 la phase pr\u00e9alable de l&#8217;Open d&#8217;Australie<\/strong> et a atteint le <strong>deuxi\u00e8me tour du Masters 1.000 de Cincinnati<\/strong>. Dans la derni\u00e8re ligne droite de l&#8217;ann\u00e9e, il a r\u00e9it\u00e9r\u00e9 sa pr\u00e9sence en <strong>demi-finales<\/strong> tant au <strong>Challenger de Canberra<\/strong> \u2014 le premier de 2025 \u2014 qu&#8217;\u00e0 celui de <strong>Villena<\/strong>, le dernier disput\u00e9.  <\/p>\n\n<p>\u00ab Me qualifier pour la Next Gen signifie faire partie des meilleurs joueurs de moins de 20 ans. Cela confirme que nous faisons du tr\u00e8s bon travail depuis des ann\u00e9es et surtout cette ann\u00e9e, o\u00f9 nous avons beaucoup insist\u00e9. Ce sera un tournoi tr\u00e8s sp\u00e9cial. Je connais la plupart des joueurs et nous allons passer un tr\u00e8s bon moment. J&#8217;esp\u00e8re que ce sera un tr\u00e8s beau tournoi, que je pourrai beaucoup jouer et essayer de faire de mon mieux. Nous arrivons tous en tr\u00e8s bonne forme, dans une tr\u00e8s bonne dynamique et j&#8217;esp\u00e8re qu&#8217;il y aura des matchs de ce niveau \u00bb, a d\u00e9clar\u00e9 Landaluce aux m\u00e9dias de la Rafa Nadal Academy.<\/p>\n\n<div style=\"height:30px\" aria-hidden=\"true\" class=\"wp-block-spacer\"><\/div>\n\n<figure class=\"wp-block-image size-large\"><img loading=\"lazy\" decoding=\"async\" width=\"1024\" height=\"682\" src=\"https:\/\/www.rafanadalacademy.com\/wp-content\/uploads\/2025\/09\/Imagen-de-WhatsApp-2025-09-29-a-las-11.54.03_4452a2c8-1024x682.jpg\" alt=\"\" class=\"wp-image-33453\" srcset=\"https:\/\/www.rafanadalacademy.com\/wp-content\/uploads\/2025\/09\/Imagen-de-WhatsApp-2025-09-29-a-las-11.54.03_4452a2c8-1024x682.jpg 1024w, https:\/\/www.rafanadalacademy.com\/wp-content\/uploads\/2025\/09\/Imagen-de-WhatsApp-2025-09-29-a-las-11.54.03_4452a2c8-300x200.jpg 300w, https:\/\/www.rafanadalacademy.com\/wp-content\/uploads\/2025\/09\/Imagen-de-WhatsApp-2025-09-29-a-las-11.54.03_4452a2c8-768x512.jpg 768w, https:\/\/www.rafanadalacademy.com\/wp-content\/uploads\/2025\/09\/Imagen-de-WhatsApp-2025-09-29-a-las-11.54.03_4452a2c8-1536x1023.jpg 1536w, https:\/\/www.rafanadalacademy.com\/wp-content\/uploads\/2025\/09\/Imagen-de-WhatsApp-2025-09-29-a-las-11.54.03_4452a2c8.jpg 1600w\" sizes=\"auto, (max-width: 1024px) 100vw, 1024px\" \/><figcaption class=\"wp-element-caption\">Mart\u00edn Landaluce, avec le troph\u00e9e de champion de l&#8217;ATP Challenger d&#8217;Orl\u00e9ans (Photo : Philippe Montigny)<\/figcaption><\/figure>\n\n<div style=\"height:30px\" aria-hidden=\"true\" class=\"wp-block-spacer\"><\/div>\n\n<p><strong>Mart\u00edn Landaluce<\/strong> s&#8217;est impos\u00e9 comme l&#8217;un des grands noms \u00e0 suivre dans le tennis espagnol. Son irruption sur la sc\u00e8ne internationale s&#8217;est produite en <g id=\"gid_1\">2022<\/g> lorsqu&#8217;il a \u00e9t\u00e9 proclam\u00e9 <g id=\"gid_2\">champion de l&#8217;US Open junior<\/g>, l&#8217;un des 13 <g id=\"gid_3\">majeurs<\/g> remport\u00e9s par un joueur form\u00e9 \u00e0 l&#8217;Acad\u00e9mie. \u00c0 peine un an plus tard, il a atteint la <strong>premi\u00e8re place du classement ITF junior<\/strong>, confirmant ainsi sa place parmi les promesses les plus fermes du circuit mondial.  <\/p>\n\n<p>Sous la tutelle d&#8217;<strong>Esteban Carril et \u00d3scar Burrieza<\/strong>, Landaluce continue de peaufiner un style complet et polyvalent, avec une maturit\u00e9 inhabituelle pour son \u00e2ge. Ses entra\u00eeneurs et ses rivaux soulignent son <g id=\"gid_1\">intelligence tactique<\/g> et sa <g id=\"gid_2\">force mentale<\/g>. Admirateur avou\u00e9 de <strong>Rafa Nadal<\/strong>, il aspire \u00e0 suivre son exemple non seulement dans les r\u00e9sultats, mais aussi dans le <strong>professionnalisme, l&#8217;approche et les valeurs<\/strong> qui d\u00e9finissent les champions.  <\/p>\n\n<p>Les <strong>Next Gen ATP Finals<\/strong>, qui se d\u00e9roulent \u00e0 <strong>Djeddah (Arabie saoudite)<\/strong>, conservent leur format innovant avec des matchs au meilleur des cinq sets courts, un <em>syst\u00e8me de score sans avantage<\/em>, une r\u00e9vision \u00e9lectronique <em>Hawk-Eye Live<\/em> et une libert\u00e9 de mouvement pour le public, dans une volont\u00e9 de l&#8217;ATP d&#8217;attirer de nouvelles g\u00e9n\u00e9rations de fans.<\/p>\n\n<p>Son palmar\u00e8s comprend des noms qui brillent aujourd&#8217;hui sur le circuit comme <strong>Carlos Alcaraz<\/strong> (champion en 2021), <strong>Jannik Sinner<\/strong>, <strong>Stefanos Tsitsipas<\/strong> ou <strong>Brandon Nakashima<\/strong>, tous champions lors des \u00e9ditions pr\u00e9c\u00e9dentes.<\/p>\n\n<div style=\"height:30px\" aria-hidden=\"true\" class=\"wp-block-spacer\"><\/div>\n\n<figure class=\"wp-block-embed is-type-video is-provider-youtube wp-block-embed-youtube wp-embed-aspect-16-9 wp-has-aspect-ratio\"><div class=\"wp-block-embed__wrapper\">\n<iframe loading=\"lazy\" title=\"Rafa Nadal Academy: Tennis &amp; Values\" width=\"500\" height=\"281\" src=\"https:\/\/www.youtube.com\/embed\/F71onMy-MeU?feature=oembed\" frameborder=\"0\" allow=\"accelerometer; autoplay; clipboard-write; encrypted-media; gyroscope; picture-in-picture; web-share\" referrerpolicy=\"strict-origin-when-cross-origin\" allowfullscreen><\/iframe>\n<\/div><\/figure>\n\n<div style=\"height:30px\" aria-hidden=\"true\" class=\"wp-block-spacer\"><\/div>\n\n<p><\/p>\n","protected":false},"excerpt":{"rendered":"<p>Apr\u00e8s avoir \u00e9t\u00e9 rempla\u00e7ant lors de l&#8217;\u00e9dition de 2024, Martin Landaluce fera ses d\u00e9buts officiels aux Next Gen ATP Finals 2025, le tournoi qui r\u00e9unit les huit meilleurs joueurs de tennis de moins de 21 ans de la saison. Le Madril\u00e8ne deviendra ainsi le quatri\u00e8me joueur form\u00e9 \u00e0 la Rafa Nadal Academy \u00e0 disputer ce<a href=\"https:\/\/www.rafanadalacademy.com\/fr\/academie-rafa-nadal-par-movistar\/martin-landaluce-disputera-les-next-gen-atp-finals-et-suit-les-traces-de-munar-ruud-et-shelbayh\/\">Continue reading <span class=\"sr-only\">&#8220;Martin Landaluce disputera les Next Gen ATP Finals et suit les traces de Munar, Ruud et Shelbayh&#8221;<\/span><\/a><\/p>\n","protected":false},"author":23,"featured_media":37265,"comment_status":"closed","ping_status":"closed","sticky":false,"template":"","format":"standard","meta":{"_acf_changed":false,"footnotes":""},"categories":[206,158],"tags":[207],"class_list":["post-37284","post","type-post","status-publish","format-standard","has-post-thumbnail","hentry","category-academie-rafa-nadal-par-movistar","category-informations","tag-academie-rafa-nadal-par-movistar"],"acf":[],"yoast_head":"<!-- This site is optimized with the Yoast SEO Premium plugin v26.8 (Yoast SEO v26.9) - https:\/\/yoast.com\/product\/yoast-seo-premium-wordpress\/ -->\n<title>Martin Landaluce disputera les Next Gen ATP Finals et suit les traces de Munar, Ruud et Shelbayh - Rafa Nadal Academy<\/title>\n<meta name=\"description\" content=\"Martin Landaluce fera ses d\u00e9buts aux Next Gen ATP Finals 2025, le tournoi qui r\u00e9unit les huit meilleurs joueurs de tennis de moins de 21 ans de la saison.\" \/>\n<meta name=\"robots\" content=\"index, follow, max-snippet:-1, max-image-preview:large, max-video-preview:-1\" \/>\n<link rel=\"canonical\" href=\"https:\/\/www.rafanadalacademy.com\/fr\/academie-rafa-nadal-par-movistar\/martin-landaluce-disputera-les-next-gen-atp-finals-et-suit-les-traces-de-munar-ruud-et-shelbayh\/\" \/>\n<meta property=\"og:locale\" content=\"fr_FR\" \/>\n<meta property=\"og:type\" content=\"article\" \/>\n<meta property=\"og:title\" content=\"Martin Landaluce disputera les Next Gen ATP Finals et suit les traces de Munar, Ruud et Shelbayh\" \/>\n<meta property=\"og:description\" content=\"Martin Landaluce fera ses d\u00e9buts aux Next Gen ATP Finals 2025, le tournoi qui r\u00e9unit les huit meilleurs joueurs de tennis de moins de 21 ans de la saison.\" \/>\n<meta property=\"og:url\" content=\"https:\/\/www.rafanadalacademy.com\/fr\/academie-rafa-nadal-par-movistar\/martin-landaluce-disputera-les-next-gen-atp-finals-et-suit-les-traces-de-munar-ruud-et-shelbayh\/\" \/>\n<meta property=\"og:site_name\" content=\"Rafa Nadal Academy\" \/>\n<meta property=\"article:published_time\" content=\"2025-11-28T10:00:00+00:00\" \/>\n<meta property=\"article:modified_time\" content=\"2025-12-02T09:37:27+00:00\" \/>\n<meta property=\"og:image\" content=\"https:\/\/www.rafanadalacademy.com\/wp-content\/uploads\/2025\/11\/Martin-Landuce-en-la-pista-central-de-la-Rafa-Nadal-Academy-e1764336831659.png\" \/>\n\t<meta property=\"og:image:width\" content=\"1332\" \/>\n\t<meta property=\"og:image:height\" content=\"865\" \/>\n\t<meta property=\"og:image:type\" content=\"image\/png\" \/>\n<meta name=\"author\" content=\"joseluisprados\" \/>\n<meta name=\"twitter:card\" content=\"summary_large_image\" \/>\n<meta name=\"twitter:label1\" content=\"Written by\" \/>\n\t<meta name=\"twitter:data1\" content=\"joseluisprados\" \/>\n\t<meta name=\"twitter:label2\" content=\"Est. reading time\" \/>\n\t<meta name=\"twitter:data2\" content=\"3 minutes\" \/>\n<script type=\"application\/ld+json\" class=\"yoast-schema-graph\">{\"@context\":\"https:\/\/schema.org\",\"@graph\":[{\"@type\":\"Article\",\"@id\":\"https:\/\/www.rafanadalacademy.com\/fr\/academie-rafa-nadal-par-movistar\/martin-landaluce-disputera-les-next-gen-atp-finals-et-suit-les-traces-de-munar-ruud-et-shelbayh\/#article\",\"isPartOf\":{\"@id\":\"https:\/\/www.rafanadalacademy.com\/fr\/academie-rafa-nadal-par-movistar\/martin-landaluce-disputera-les-next-gen-atp-finals-et-suit-les-traces-de-munar-ruud-et-shelbayh\/\"},\"author\":{\"name\":\"joseluisprados\",\"@id\":\"https:\/\/www.rafanadalacademy.com\/fr\/#\/schema\/person\/744897d6ee269641fff954376180ef01\"},\"headline\":\"Martin Landaluce disputera les Next Gen ATP Finals et suit les traces de Munar, Ruud et Shelbayh\",\"datePublished\":\"2025-11-28T10:00:00+00:00\",\"dateModified\":\"2025-12-02T09:37:27+00:00\",\"mainEntityOfPage\":{\"@id\":\"https:\/\/www.rafanadalacademy.com\/fr\/academie-rafa-nadal-par-movistar\/martin-landaluce-disputera-les-next-gen-atp-finals-et-suit-les-traces-de-munar-ruud-et-shelbayh\/\"},\"wordCount\":603,\"image\":{\"@id\":\"https:\/\/www.rafanadalacademy.com\/fr\/academie-rafa-nadal-par-movistar\/martin-landaluce-disputera-les-next-gen-atp-finals-et-suit-les-traces-de-munar-ruud-et-shelbayh\/#primaryimage\"},\"thumbnailUrl\":\"https:\/\/www.rafanadalacademy.com\/wp-content\/uploads\/2025\/11\/Martin-Landuce-en-la-pista-central-de-la-Rafa-Nadal-Academy-e1764336831659.png\",\"keywords\":[\"ACAD\u00c9MIE RAFA NADAL PAR MOVISTAR\"],\"articleSection\":[\"ACAD\u00c9MIE RAFA NADAL PAR MOVISTAR\",\"informations\"],\"inLanguage\":\"fr-FR\",\"copyrightYear\":\"2025\",\"copyrightHolder\":{\"@id\":\"https:\/\/www.rafanadalacademy.com\/#organization\"}},{\"@type\":\"WebPage\",\"@id\":\"https:\/\/www.rafanadalacademy.com\/fr\/academie-rafa-nadal-par-movistar\/martin-landaluce-disputera-les-next-gen-atp-finals-et-suit-les-traces-de-munar-ruud-et-shelbayh\/\",\"url\":\"https:\/\/www.rafanadalacademy.com\/fr\/academie-rafa-nadal-par-movistar\/martin-landaluce-disputera-les-next-gen-atp-finals-et-suit-les-traces-de-munar-ruud-et-shelbayh\/\",\"name\":\"Martin Landaluce disputera les Next Gen ATP Finals et suit les traces de Munar, Ruud et Shelbayh - Rafa Nadal Academy\",\"isPartOf\":{\"@id\":\"https:\/\/www.rafanadalacademy.com\/fr\/#website\"},\"primaryImageOfPage\":{\"@id\":\"https:\/\/www.rafanadalacademy.com\/fr\/academie-rafa-nadal-par-movistar\/martin-landaluce-disputera-les-next-gen-atp-finals-et-suit-les-traces-de-munar-ruud-et-shelbayh\/#primaryimage\"},\"image\":{\"@id\":\"https:\/\/www.rafanadalacademy.com\/fr\/academie-rafa-nadal-par-movistar\/martin-landaluce-disputera-les-next-gen-atp-finals-et-suit-les-traces-de-munar-ruud-et-shelbayh\/#primaryimage\"},\"thumbnailUrl\":\"https:\/\/www.rafanadalacademy.com\/wp-content\/uploads\/2025\/11\/Martin-Landuce-en-la-pista-central-de-la-Rafa-Nadal-Academy-e1764336831659.png\",\"datePublished\":\"2025-11-28T10:00:00+00:00\",\"dateModified\":\"2025-12-02T09:37:27+00:00\",\"author\":{\"@id\":\"https:\/\/www.rafanadalacademy.com\/fr\/#\/schema\/person\/744897d6ee269641fff954376180ef01\"},\"description\":\"Martin Landaluce fera ses d\u00e9buts aux Next Gen ATP Finals 2025, le tournoi qui r\u00e9unit les huit meilleurs joueurs de tennis de moins de 21 ans de la saison.\",\"breadcrumb\":{\"@id\":\"https:\/\/www.rafanadalacademy.com\/fr\/academie-rafa-nadal-par-movistar\/martin-landaluce-disputera-les-next-gen-atp-finals-et-suit-les-traces-de-munar-ruud-et-shelbayh\/#breadcrumb\"},\"inLanguage\":\"fr-FR\",\"potentialAction\":[{\"@type\":\"ReadAction\",\"target\":[\"https:\/\/www.rafanadalacademy.com\/fr\/academie-rafa-nadal-par-movistar\/martin-landaluce-disputera-les-next-gen-atp-finals-et-suit-les-traces-de-munar-ruud-et-shelbayh\/\"]}]},{\"@type\":\"ImageObject\",\"inLanguage\":\"fr-FR\",\"@id\":\"https:\/\/www.rafanadalacademy.com\/fr\/academie-rafa-nadal-par-movistar\/martin-landaluce-disputera-les-next-gen-atp-finals-et-suit-les-traces-de-munar-ruud-et-shelbayh\/#primaryimage\",\"url\":\"https:\/\/www.rafanadalacademy.com\/wp-content\/uploads\/2025\/11\/Martin-Landuce-en-la-pista-central-de-la-Rafa-Nadal-Academy-e1764336831659.png\",\"contentUrl\":\"https:\/\/www.rafanadalacademy.com\/wp-content\/uploads\/2025\/11\/Martin-Landuce-en-la-pista-central-de-la-Rafa-Nadal-Academy-e1764336831659.png\",\"width\":1332,\"height\":865},{\"@type\":\"BreadcrumbList\",\"@id\":\"https:\/\/www.rafanadalacademy.com\/fr\/academie-rafa-nadal-par-movistar\/martin-landaluce-disputera-les-next-gen-atp-finals-et-suit-les-traces-de-munar-ruud-et-shelbayh\/#breadcrumb\",\"itemListElement\":[{\"@type\":\"ListItem\",\"position\":1,\"name\":\"Home\",\"item\":\"https:\/\/www.rafanadalacademy.com\/fr\/\"},{\"@type\":\"ListItem\",\"position\":2,\"name\":\"Martin Landaluce disputera les Next Gen ATP Finals et suit les traces de Munar, Ruud et Shelbayh\"}]},{\"@type\":\"WebSite\",\"@id\":\"https:\/\/www.rafanadalacademy.com\/fr\/#website\",\"url\":\"https:\/\/www.rafanadalacademy.com\/fr\/\",\"name\":\"Rafa Nadal Academy\",\"description\":\"Otro sitio realizado con WordPress\",\"potentialAction\":[{\"@type\":\"SearchAction\",\"target\":{\"@type\":\"EntryPoint\",\"urlTemplate\":\"https:\/\/www.rafanadalacademy.com\/fr\/?s={search_term_string}\"},\"query-input\":{\"@type\":\"PropertyValueSpecification\",\"valueRequired\":true,\"valueName\":\"search_term_string\"}}],\"inLanguage\":\"fr-FR\"},{\"@type\":\"Person\",\"@id\":\"https:\/\/www.rafanadalacademy.com\/fr\/#\/schema\/person\/744897d6ee269641fff954376180ef01\",\"name\":\"joseluisprados\",\"image\":{\"@type\":\"ImageObject\",\"inLanguage\":\"fr-FR\",\"@id\":\"https:\/\/www.rafanadalacademy.com\/fr\/#\/schema\/person\/image\/\",\"url\":\"https:\/\/secure.gravatar.com\/avatar\/8aa823a6e5501864ffab4785d9e2a994b59c2d45c9f9751c5a532abfec081e5f?s=96&d=mm&r=g\",\"contentUrl\":\"https:\/\/secure.gravatar.com\/avatar\/8aa823a6e5501864ffab4785d9e2a994b59c2d45c9f9751c5a532abfec081e5f?s=96&d=mm&r=g\",\"caption\":\"joseluisprados\"},\"url\":\"https:\/\/www.rafanadalacademy.com\/fr\/author\/joseluisprados\/\"},{\"@type\":\"ImageObject\",\"inLanguage\":\"fr-FR\",\"@id\":\"https:\/\/www.rafanadalacademy.com\/fr\/academie-rafa-nadal-par-movistar\/martin-landaluce-disputera-les-next-gen-atp-finals-et-suit-les-traces-de-munar-ruud-et-shelbayh\/#local-main-organization-logo\",\"url\":\"\",\"contentUrl\":\"\",\"caption\":\"Rafa Nadal Academy\"}]}<\/script>\n<!-- \/ Yoast SEO Premium plugin. -->","yoast_head_json":{"title":"Martin Landaluce disputera les Next Gen ATP Finals et suit les traces de Munar, Ruud et Shelbayh - Rafa Nadal Academy","description":"Martin Landaluce fera ses d\u00e9buts aux Next Gen ATP Finals 2025, le tournoi qui r\u00e9unit les huit meilleurs joueurs de tennis de moins de 21 ans de la saison.","robots":{"index":"index","follow":"follow","max-snippet":"max-snippet:-1","max-image-preview":"max-image-preview:large","max-video-preview":"max-video-preview:-1"},"canonical":"https:\/\/www.rafanadalacademy.com\/fr\/academie-rafa-nadal-par-movistar\/martin-landaluce-disputera-les-next-gen-atp-finals-et-suit-les-traces-de-munar-ruud-et-shelbayh\/","og_locale":"fr_FR","og_type":"article","og_title":"Martin Landaluce disputera les Next Gen ATP Finals et suit les traces de Munar, Ruud et Shelbayh","og_description":"Martin Landaluce fera ses d\u00e9buts aux Next Gen ATP Finals 2025, le tournoi qui r\u00e9unit les huit meilleurs joueurs de tennis de moins de 21 ans de la saison.","og_url":"https:\/\/www.rafanadalacademy.com\/fr\/academie-rafa-nadal-par-movistar\/martin-landaluce-disputera-les-next-gen-atp-finals-et-suit-les-traces-de-munar-ruud-et-shelbayh\/","og_site_name":"Rafa Nadal Academy","article_published_time":"2025-11-28T10:00:00+00:00","article_modified_time":"2025-12-02T09:37:27+00:00","og_image":[{"width":1332,"height":865,"url":"https:\/\/www.rafanadalacademy.com\/wp-content\/uploads\/2025\/11\/Martin-Landuce-en-la-pista-central-de-la-Rafa-Nadal-Academy-e1764336831659.png","type":"image\/png"}],"author":"joseluisprados","twitter_card":"summary_large_image","twitter_misc":{"Written by":"joseluisprados","Est. reading time":"3 minutes"},"schema":{"@context":"https:\/\/schema.org","@graph":[{"@type":"Article","@id":"https:\/\/www.rafanadalacademy.com\/fr\/academie-rafa-nadal-par-movistar\/martin-landaluce-disputera-les-next-gen-atp-finals-et-suit-les-traces-de-munar-ruud-et-shelbayh\/#article","isPartOf":{"@id":"https:\/\/www.rafanadalacademy.com\/fr\/academie-rafa-nadal-par-movistar\/martin-landaluce-disputera-les-next-gen-atp-finals-et-suit-les-traces-de-munar-ruud-et-shelbayh\/"},"author":{"name":"joseluisprados","@id":"https:\/\/www.rafanadalacademy.com\/fr\/#\/schema\/person\/744897d6ee269641fff954376180ef01"},"headline":"Martin Landaluce disputera les Next Gen ATP Finals et suit les traces de Munar, Ruud et Shelbayh","datePublished":"2025-11-28T10:00:00+00:00","dateModified":"2025-12-02T09:37:27+00:00","mainEntityOfPage":{"@id":"https:\/\/www.rafanadalacademy.com\/fr\/academie-rafa-nadal-par-movistar\/martin-landaluce-disputera-les-next-gen-atp-finals-et-suit-les-traces-de-munar-ruud-et-shelbayh\/"},"wordCount":603,"image":{"@id":"https:\/\/www.rafanadalacademy.com\/fr\/academie-rafa-nadal-par-movistar\/martin-landaluce-disputera-les-next-gen-atp-finals-et-suit-les-traces-de-munar-ruud-et-shelbayh\/#primaryimage"},"thumbnailUrl":"https:\/\/www.rafanadalacademy.com\/wp-content\/uploads\/2025\/11\/Martin-Landuce-en-la-pista-central-de-la-Rafa-Nadal-Academy-e1764336831659.png","keywords":["ACAD\u00c9MIE RAFA NADAL PAR MOVISTAR"],"articleSection":["ACAD\u00c9MIE RAFA NADAL PAR MOVISTAR","informations"],"inLanguage":"fr-FR","copyrightYear":"2025","copyrightHolder":{"@id":"https:\/\/www.rafanadalacademy.com\/#organization"}},{"@type":"WebPage","@id":"https:\/\/www.rafanadalacademy.com\/fr\/academie-rafa-nadal-par-movistar\/martin-landaluce-disputera-les-next-gen-atp-finals-et-suit-les-traces-de-munar-ruud-et-shelbayh\/","url":"https:\/\/www.rafanadalacademy.com\/fr\/academie-rafa-nadal-par-movistar\/martin-landaluce-disputera-les-next-gen-atp-finals-et-suit-les-traces-de-munar-ruud-et-shelbayh\/","name":"Martin Landaluce disputera les Next Gen ATP Finals et suit les traces de Munar, Ruud et Shelbayh - Rafa Nadal Academy","isPartOf":{"@id":"https:\/\/www.rafanadalacademy.com\/fr\/#website"},"primaryImageOfPage":{"@id":"https:\/\/www.rafanadalacademy.com\/fr\/academie-rafa-nadal-par-movistar\/martin-landaluce-disputera-les-next-gen-atp-finals-et-suit-les-traces-de-munar-ruud-et-shelbayh\/#primaryimage"},"image":{"@id":"https:\/\/www.rafanadalacademy.com\/fr\/academie-rafa-nadal-par-movistar\/martin-landaluce-disputera-les-next-gen-atp-finals-et-suit-les-traces-de-munar-ruud-et-shelbayh\/#primaryimage"},"thumbnailUrl":"https:\/\/www.rafanadalacademy.com\/wp-content\/uploads\/2025\/11\/Martin-Landuce-en-la-pista-central-de-la-Rafa-Nadal-Academy-e1764336831659.png","datePublished":"2025-11-28T10:00:00+00:00","dateModified":"2025-12-02T09:37:27+00:00","author":{"@id":"https:\/\/www.rafanadalacademy.com\/fr\/#\/schema\/person\/744897d6ee269641fff954376180ef01"},"description":"Martin Landaluce fera ses d\u00e9buts aux Next Gen ATP Finals 2025, le tournoi qui r\u00e9unit les huit meilleurs joueurs de tennis de moins de 21 ans de la saison.","breadcrumb":{"@id":"https:\/\/www.rafanadalacademy.com\/fr\/academie-rafa-nadal-par-movistar\/martin-landaluce-disputera-les-next-gen-atp-finals-et-suit-les-traces-de-munar-ruud-et-shelbayh\/#breadcrumb"},"inLanguage":"fr-FR","potentialAction":[{"@type":"ReadAction","target":["https:\/\/www.rafanadalacademy.com\/fr\/academie-rafa-nadal-par-movistar\/martin-landaluce-disputera-les-next-gen-atp-finals-et-suit-les-traces-de-munar-ruud-et-shelbayh\/"]}]},{"@type":"ImageObject","inLanguage":"fr-FR","@id":"https:\/\/www.rafanadalacademy.com\/fr\/academie-rafa-nadal-par-movistar\/martin-landaluce-disputera-les-next-gen-atp-finals-et-suit-les-traces-de-munar-ruud-et-shelbayh\/#primaryimage","url":"https:\/\/www.rafanadalacademy.com\/wp-content\/uploads\/2025\/11\/Martin-Landuce-en-la-pista-central-de-la-Rafa-Nadal-Academy-e1764336831659.png","contentUrl":"https:\/\/www.rafanadalacademy.com\/wp-content\/uploads\/2025\/11\/Martin-Landuce-en-la-pista-central-de-la-Rafa-Nadal-Academy-e1764336831659.png","width":1332,"height":865},{"@type":"BreadcrumbList","@id":"https:\/\/www.rafanadalacademy.com\/fr\/academie-rafa-nadal-par-movistar\/martin-landaluce-disputera-les-next-gen-atp-finals-et-suit-les-traces-de-munar-ruud-et-shelbayh\/#breadcrumb","itemListElement":[{"@type":"ListItem","position":1,"name":"Home","item":"https:\/\/www.rafanadalacademy.com\/fr\/"},{"@type":"ListItem","position":2,"name":"Martin Landaluce disputera les Next Gen ATP Finals et suit les traces de Munar, Ruud et Shelbayh"}]},{"@type":"WebSite","@id":"https:\/\/www.rafanadalacademy.com\/fr\/#website","url":"https:\/\/www.rafanadalacademy.com\/fr\/","name":"Rafa Nadal Academy","description":"Otro sitio realizado con WordPress","potentialAction":[{"@type":"SearchAction","target":{"@type":"EntryPoint","urlTemplate":"https:\/\/www.rafanadalacademy.com\/fr\/?s={search_term_string}"},"query-input":{"@type":"PropertyValueSpecification","valueRequired":true,"valueName":"search_term_string"}}],"inLanguage":"fr-FR"},{"@type":"Person","@id":"https:\/\/www.rafanadalacademy.com\/fr\/#\/schema\/person\/744897d6ee269641fff954376180ef01","name":"joseluisprados","image":{"@type":"ImageObject","inLanguage":"fr-FR","@id":"https:\/\/www.rafanadalacademy.com\/fr\/#\/schema\/person\/image\/","url":"https:\/\/secure.gravatar.com\/avatar\/8aa823a6e5501864ffab4785d9e2a994b59c2d45c9f9751c5a532abfec081e5f?s=96&d=mm&r=g","contentUrl":"https:\/\/secure.gravatar.com\/avatar\/8aa823a6e5501864ffab4785d9e2a994b59c2d45c9f9751c5a532abfec081e5f?s=96&d=mm&r=g","caption":"joseluisprados"},"url":"https:\/\/www.rafanadalacademy.com\/fr\/author\/joseluisprados\/"},{"@type":"ImageObject","inLanguage":"fr-FR","@id":"https:\/\/www.rafanadalacademy.com\/fr\/academie-rafa-nadal-par-movistar\/martin-landaluce-disputera-les-next-gen-atp-finals-et-suit-les-traces-de-munar-ruud-et-shelbayh\/#local-main-organization-logo","url":"","contentUrl":"","caption":"Rafa Nadal Academy"}]}},"_links":{"self":[{"href":"https:\/\/www.rafanadalacademy.com\/fr\/wp-json\/wp\/v2\/posts\/37284","targetHints":{"allow":["GET"]}}],"collection":[{"href":"https:\/\/www.rafanadalacademy.com\/fr\/wp-json\/wp\/v2\/posts"}],"about":[{"href":"https:\/\/www.rafanadalacademy.com\/fr\/wp-json\/wp\/v2\/types\/post"}],"author":[{"embeddable":true,"href":"https:\/\/www.rafanadalacademy.com\/fr\/wp-json\/wp\/v2\/users\/23"}],"replies":[{"embeddable":true,"href":"https:\/\/www.rafanadalacademy.com\/fr\/wp-json\/wp\/v2\/comments?post=37284"}],"version-history":[{"count":1,"href":"https:\/\/www.rafanadalacademy.com\/fr\/wp-json\/wp\/v2\/posts\/37284\/revisions"}],"predecessor-version":[{"id":37285,"href":"https:\/\/www.rafanadalacademy.com\/fr\/wp-json\/wp\/v2\/posts\/37284\/revisions\/37285"}],"wp:featuredmedia":[{"embeddable":true,"href":"https:\/\/www.rafanadalacademy.com\/fr\/wp-json\/wp\/v2\/media\/37265"}],"wp:attachment":[{"href":"https:\/\/www.rafanadalacademy.com\/fr\/wp-json\/wp\/v2\/media?parent=37284"}],"wp:term":[{"taxonomy":"category","embeddable":true,"href":"https:\/\/www.rafanadalacademy.com\/fr\/wp-json\/wp\/v2\/categories?post=37284"},{"taxonomy":"post_tag","embeddable":true,"href":"https:\/\/www.rafanadalacademy.com\/fr\/wp-json\/wp\/v2\/tags?post=37284"}],"curies":[{"name":"wp","href":"https:\/\/api.w.org\/{rel}","templated":true}]}}