{"id":37198,"date":"2025-11-13T10:10:00","date_gmt":"2025-11-13T10:10:00","guid":{"rendered":"https:\/\/www.rafanadalacademy.com\/non-classifiee\/la-rafa-nadal-academy-relie-majorque-et-le-caire-grace-a-un-projet-educatif-et-sportif-innovant\/"},"modified":"2025-12-02T09:12:20","modified_gmt":"2025-12-02T09:12:20","slug":"la-rafa-nadal-academy-relie-majorque-et-le-caire-grace-a-un-projet-educatif-et-sportif-innovant","status":"publish","type":"post","link":"https:\/\/www.rafanadalacademy.com\/fr\/academie-rafa-nadal-par-movistar\/la-rafa-nadal-academy-relie-majorque-et-le-caire-grace-a-un-projet-educatif-et-sportif-innovant\/","title":{"rendered":"La Rafa Nadal Academy relie Majorque et Le Caire gr\u00e2ce \u00e0 un projet \u00e9ducatif et sportif innovant"},"content":{"rendered":"\n<p>La Rafa Nadal Academy continue d&#8217;\u00e9tendre son empreinte \u00e0 l&#8217;\u00e9chelle mondiale et de consolider son r\u00e9seau international de centres de haute performance. Au cours du mois d&#8217;octobre, l&#8217;\u00e9quipe de l&#8217;Acad\u00e9mie, dirig\u00e9e par Maribel Nadal, directrice g\u00e9n\u00e9rale adjointe, a men\u00e9 l&#8217;exp\u00e9dition qui a visit\u00e9 le Rafa Nadal Tennis Programme \u00e0 Uppingham Cairo, l&#8217;un des projets les plus r\u00e9cents dans le cadre de l&#8217;expansion internationale de l&#8217;institution. <strong>Amalia Riera<\/strong>, directrice des op\u00e9rations des projets internationaux, et <strong>Antonio Arenas<\/strong>, directeur de la communication, \u00e9taient \u00e9galement pr\u00e9sents.  <\/p>\n\n<figure class=\"wp-block-image size-full\"><img loading=\"lazy\" decoding=\"async\" width=\"1024\" height=\"683\" src=\"https:\/\/www.rafanadalacademy.com\/wp-content\/uploads\/2025\/11\/Edge-209.jpg\" alt=\"La Rafa Nadal Academy relie Majorque et Le Caire gr&#xE2;ce &#xE0; un projet &#xE9;ducatif et sportif innovant \" class=\"wp-image-37140\" srcset=\"https:\/\/www.rafanadalacademy.com\/wp-content\/uploads\/2025\/11\/Edge-209.jpg 1024w, https:\/\/www.rafanadalacademy.com\/wp-content\/uploads\/2025\/11\/Edge-209-300x200.jpg 300w, https:\/\/www.rafanadalacademy.com\/wp-content\/uploads\/2025\/11\/Edge-209-768x512.jpg 768w\" sizes=\"auto, (max-width: 1024px) 100vw, 1024px\" \/><\/figure>\n\n<div style=\"height:30px\" aria-hidden=\"true\" class=\"wp-block-spacer\"><\/div>\n\n<p>Au cours de la visite, l&#8217;\u00e9quipe a eu l&#8217;occasion de d\u00e9couvrir de premi\u00e8re main le travail men\u00e9 par <strong>Tom\u00e1s Prieto<\/strong>, entra\u00eeneur principal du centre, ainsi que de visiter des installations qui se distinguent par leur qualit\u00e9 et leur approche de haute performance. Le professionnalisme de l&#8217;\u00e9quipe technique et les progr\u00e8s notables des jeunes joueurs ont fait forte impression sur la d\u00e9l\u00e9gation majorquine. <\/p>\n\n<p><em>\u00ab Cette visite a \u00e9t\u00e9 tr\u00e8s sp\u00e9ciale. Nous sommes toujours ravis de voir comment les m\u00eames valeurs que nous promouvons \u00e0 la Rafa Nadal Academy sont v\u00e9hicul\u00e9es dans les centres internationaux. Les installations sont spectaculaires et Tom\u00e1s et toute l&#8217;\u00e9quipe font un excellent travail \u00bb<\/em>, a d\u00e9clar\u00e9 Maribel Nadal.<\/p>\n\n<p>Cette rencontre, dont les principaux h\u00f4tes \u00e9taient <strong>Dr. Tamer Tammam<\/strong>, <strong>Chairman<\/strong> de l&#8217;\u00e9cole, et <strong>Noha Saad<\/strong>, membre du conseil d&#8217;administration de New Era Education, a \u00e9galement servi \u00e0 renforcer la collaboration entre la Rafa Nadal Academy et le programme du Caire, garantissant que tous les \u00e9l\u00e8ves continuent de recevoir la m\u00eame m\u00e9thodologie d&#8217;entra\u00eenement et de formation int\u00e9grale qui d\u00e9finit l&#8217;Acad\u00e9mie de Majorque.<\/p>\n\n<div style=\"height:30px\" aria-hidden=\"true\" class=\"wp-block-spacer\"><\/div>\n\n<figure class=\"wp-block-image size-full\"><img loading=\"lazy\" decoding=\"async\" width=\"1024\" height=\"683\" src=\"https:\/\/www.rafanadalacademy.com\/wp-content\/uploads\/2025\/11\/Edge-271.jpg\" alt=\"Rafa Nadal Tennis Programme &#xE0; Uppingham Cairo\" class=\"wp-image-37148\" srcset=\"https:\/\/www.rafanadalacademy.com\/wp-content\/uploads\/2025\/11\/Edge-271.jpg 1024w, https:\/\/www.rafanadalacademy.com\/wp-content\/uploads\/2025\/11\/Edge-271-300x200.jpg 300w, https:\/\/www.rafanadalacademy.com\/wp-content\/uploads\/2025\/11\/Edge-271-768x512.jpg 768w\" sizes=\"auto, (max-width: 1024px) 100vw, 1024px\" \/><\/figure>\n\n<div style=\"height:30px\" aria-hidden=\"true\" class=\"wp-block-spacer\"><\/div>\n\n<p>Le Rafa Nadal Tennis Programme d&#8217;Uppingham Cairo fait partie du r\u00e9seau international de centres li\u00e9s \u00e0 la<strong> Rafa Nadal Academy<\/strong>, dont l&#8217;expansion n&#8217;a cess\u00e9 de cro\u00eetre ces derni\u00e8res ann\u00e9es.<\/p>\n\n<p>Tant ce programme que les Rafa Nadal Tennis Center sont n\u00e9s comme une ligne compl\u00e9mentaire \u00e0 la Rafa Nadal Academy \u00e0 Majorque. Outre l&#8217;\u00c9gypte, le<a href=\"https:\/\/international.rafanadalacademy.com\/\"><\/a><strong> dispose d\u00e9j\u00e0 de centres au Kowe\u00eft, \u00e0 Costa Mujeres (Mexique), \u00e0 Sani (Gr\u00e8ce), \u00e0 Hong Kong, \u00e0 Marbella et \u00e0 Punta Cana.<\/strong> <\/p>\n","protected":false},"excerpt":{"rendered":"<p>La Rafa Nadal Academy continue d&#8217;\u00e9tendre son empreinte \u00e0 l&#8217;\u00e9chelle mondiale et de consolider son r\u00e9seau international de centres de haute performance. Au cours du mois d&#8217;octobre, l&#8217;\u00e9quipe de l&#8217;Acad\u00e9mie, dirig\u00e9e par Maribel Nadal, directrice g\u00e9n\u00e9rale adjointe, a men\u00e9 l&#8217;exp\u00e9dition qui a visit\u00e9 le Rafa Nadal Tennis Programme \u00e0 Uppingham Cairo, l&#8217;un des projets les<a href=\"https:\/\/www.rafanadalacademy.com\/fr\/academie-rafa-nadal-par-movistar\/la-rafa-nadal-academy-relie-majorque-et-le-caire-grace-a-un-projet-educatif-et-sportif-innovant\/\">Continue reading <span class=\"sr-only\">&#8220;La Rafa Nadal Academy relie Majorque et Le Caire gr\u00e2ce \u00e0 un projet \u00e9ducatif et sportif innovant&#8221;<\/span><\/a><\/p>\n","protected":false},"author":23,"featured_media":37134,"comment_status":"closed","ping_status":"closed","sticky":false,"template":"","format":"standard","meta":{"_acf_changed":false,"footnotes":""},"categories":[206,158],"tags":[207],"class_list":["post-37198","post","type-post","status-publish","format-standard","has-post-thumbnail","hentry","category-academie-rafa-nadal-par-movistar","category-informations","tag-academie-rafa-nadal-par-movistar"],"acf":[],"yoast_head":"<!-- This site is optimized with the Yoast SEO Premium plugin v26.8 (Yoast SEO v26.9) - https:\/\/yoast.com\/product\/yoast-seo-premium-wordpress\/ -->\n<title>La Rafa Nadal Academy relie Majorque et Le Caire gr\u00e2ce \u00e0 un projet \u00e9ducatif et sportif innovant - Rafa Nadal Academy<\/title>\n<meta name=\"description\" content=\"La Rafa Nadal Academy continue d&#039;\u00e9tendre son empreinte \u00e0 l&#039;\u00e9chelle mondiale et de consolider son r\u00e9seau international de centres de haute performance. Au cours du mois d&#039;octobre, l&#039;\u00e9quipe de l&#039;Acad\u00e9mie, dirig\u00e9e par Maribel Nadal, directrice g\u00e9n\u00e9rale adjointe, a men\u00e9 l&#039;exp\u00e9dition qui a visit\u00e9 le Rafa Nadal Tennis Programme \u00e0 Uppingham Cairo, l&#039;un des projets les plus r\u00e9cents dans le cadre de l&#039;expansion internationale.\" \/>\n<meta name=\"robots\" content=\"index, follow, max-snippet:-1, max-image-preview:large, max-video-preview:-1\" \/>\n<link rel=\"canonical\" href=\"https:\/\/www.rafanadalacademy.com\/fr\/academie-rafa-nadal-par-movistar\/la-rafa-nadal-academy-relie-majorque-et-le-caire-grace-a-un-projet-educatif-et-sportif-innovant\/\" \/>\n<meta property=\"og:locale\" content=\"fr_FR\" \/>\n<meta property=\"og:type\" content=\"article\" \/>\n<meta property=\"og:title\" content=\"La Rafa Nadal Academy relie Majorque et Le Caire gr\u00e2ce \u00e0 un projet \u00e9ducatif et sportif innovant\" \/>\n<meta property=\"og:description\" content=\"La Rafa Nadal Academy continue d&#039;\u00e9tendre son empreinte \u00e0 l&#039;\u00e9chelle mondiale et de consolider son r\u00e9seau international de centres de haute performance. Au cours du mois d&#039;octobre, l&#039;\u00e9quipe de l&#039;Acad\u00e9mie, dirig\u00e9e par Maribel Nadal, directrice g\u00e9n\u00e9rale adjointe, a men\u00e9 l&#039;exp\u00e9dition qui a visit\u00e9 le Rafa Nadal Tennis Programme \u00e0 Uppingham Cairo, l&#039;un des projets les plus r\u00e9cents dans le cadre de l&#039;expansion internationale.\" \/>\n<meta property=\"og:url\" content=\"https:\/\/www.rafanadalacademy.com\/fr\/academie-rafa-nadal-par-movistar\/la-rafa-nadal-academy-relie-majorque-et-le-caire-grace-a-un-projet-educatif-et-sportif-innovant\/\" \/>\n<meta property=\"og:site_name\" content=\"Rafa Nadal Academy\" \/>\n<meta property=\"article:published_time\" content=\"2025-11-13T10:10:00+00:00\" \/>\n<meta property=\"article:modified_time\" content=\"2025-12-02T09:12:20+00:00\" \/>\n<meta property=\"og:image\" content=\"https:\/\/www.rafanadalacademy.com\/wp-content\/uploads\/2025\/11\/Edge-179-e1764065022477.jpg\" \/>\n\t<meta property=\"og:image:width\" content=\"1024\" \/>\n\t<meta property=\"og:image:height\" content=\"683\" \/>\n\t<meta property=\"og:image:type\" content=\"image\/jpeg\" \/>\n<meta name=\"author\" content=\"joseluisprados\" \/>\n<meta name=\"twitter:card\" content=\"summary_large_image\" \/>\n<meta name=\"twitter:label1\" content=\"Written by\" \/>\n\t<meta name=\"twitter:data1\" content=\"joseluisprados\" \/>\n\t<meta name=\"twitter:label2\" content=\"Est. reading time\" \/>\n\t<meta name=\"twitter:data2\" content=\"2 minutes\" \/>\n<script type=\"application\/ld+json\" class=\"yoast-schema-graph\">{\"@context\":\"https:\/\/schema.org\",\"@graph\":[{\"@type\":\"Article\",\"@id\":\"https:\/\/www.rafanadalacademy.com\/fr\/academie-rafa-nadal-par-movistar\/la-rafa-nadal-academy-relie-majorque-et-le-caire-grace-a-un-projet-educatif-et-sportif-innovant\/#article\",\"isPartOf\":{\"@id\":\"https:\/\/www.rafanadalacademy.com\/fr\/academie-rafa-nadal-par-movistar\/la-rafa-nadal-academy-relie-majorque-et-le-caire-grace-a-un-projet-educatif-et-sportif-innovant\/\"},\"author\":{\"name\":\"joseluisprados\",\"@id\":\"https:\/\/www.rafanadalacademy.com\/fr\/#\/schema\/person\/744897d6ee269641fff954376180ef01\"},\"headline\":\"La Rafa Nadal Academy relie Majorque et Le Caire gr\u00e2ce \u00e0 un projet \u00e9ducatif et sportif innovant\",\"datePublished\":\"2025-11-13T10:10:00+00:00\",\"dateModified\":\"2025-12-02T09:12:20+00:00\",\"mainEntityOfPage\":{\"@id\":\"https:\/\/www.rafanadalacademy.com\/fr\/academie-rafa-nadal-par-movistar\/la-rafa-nadal-academy-relie-majorque-et-le-caire-grace-a-un-projet-educatif-et-sportif-innovant\/\"},\"wordCount\":397,\"image\":{\"@id\":\"https:\/\/www.rafanadalacademy.com\/fr\/academie-rafa-nadal-par-movistar\/la-rafa-nadal-academy-relie-majorque-et-le-caire-grace-a-un-projet-educatif-et-sportif-innovant\/#primaryimage\"},\"thumbnailUrl\":\"https:\/\/www.rafanadalacademy.com\/wp-content\/uploads\/2025\/11\/Edge-179-e1764065022477.jpg\",\"keywords\":[\"ACAD\u00c9MIE RAFA NADAL PAR MOVISTAR\"],\"articleSection\":[\"ACAD\u00c9MIE RAFA NADAL PAR MOVISTAR\",\"informations\"],\"inLanguage\":\"fr-FR\",\"copyrightYear\":\"2025\",\"copyrightHolder\":{\"@id\":\"https:\/\/www.rafanadalacademy.com\/#organization\"}},{\"@type\":\"WebPage\",\"@id\":\"https:\/\/www.rafanadalacademy.com\/fr\/academie-rafa-nadal-par-movistar\/la-rafa-nadal-academy-relie-majorque-et-le-caire-grace-a-un-projet-educatif-et-sportif-innovant\/\",\"url\":\"https:\/\/www.rafanadalacademy.com\/fr\/academie-rafa-nadal-par-movistar\/la-rafa-nadal-academy-relie-majorque-et-le-caire-grace-a-un-projet-educatif-et-sportif-innovant\/\",\"name\":\"La Rafa Nadal Academy relie Majorque et Le Caire gr\u00e2ce \u00e0 un projet \u00e9ducatif et sportif innovant - Rafa Nadal Academy\",\"isPartOf\":{\"@id\":\"https:\/\/www.rafanadalacademy.com\/fr\/#website\"},\"primaryImageOfPage\":{\"@id\":\"https:\/\/www.rafanadalacademy.com\/fr\/academie-rafa-nadal-par-movistar\/la-rafa-nadal-academy-relie-majorque-et-le-caire-grace-a-un-projet-educatif-et-sportif-innovant\/#primaryimage\"},\"image\":{\"@id\":\"https:\/\/www.rafanadalacademy.com\/fr\/academie-rafa-nadal-par-movistar\/la-rafa-nadal-academy-relie-majorque-et-le-caire-grace-a-un-projet-educatif-et-sportif-innovant\/#primaryimage\"},\"thumbnailUrl\":\"https:\/\/www.rafanadalacademy.com\/wp-content\/uploads\/2025\/11\/Edge-179-e1764065022477.jpg\",\"datePublished\":\"2025-11-13T10:10:00+00:00\",\"dateModified\":\"2025-12-02T09:12:20+00:00\",\"author\":{\"@id\":\"https:\/\/www.rafanadalacademy.com\/fr\/#\/schema\/person\/744897d6ee269641fff954376180ef01\"},\"description\":\"La Rafa Nadal Academy continue d'\u00e9tendre son empreinte \u00e0 l'\u00e9chelle mondiale et de consolider son r\u00e9seau international de centres de haute performance. Au cours du mois d'octobre, l'\u00e9quipe de l'Acad\u00e9mie, dirig\u00e9e par Maribel Nadal, directrice g\u00e9n\u00e9rale adjointe, a men\u00e9 l'exp\u00e9dition qui a visit\u00e9 le Rafa Nadal Tennis Programme \u00e0 Uppingham Cairo, l'un des projets les plus r\u00e9cents dans le cadre de l'expansion internationale.\",\"breadcrumb\":{\"@id\":\"https:\/\/www.rafanadalacademy.com\/fr\/academie-rafa-nadal-par-movistar\/la-rafa-nadal-academy-relie-majorque-et-le-caire-grace-a-un-projet-educatif-et-sportif-innovant\/#breadcrumb\"},\"inLanguage\":\"fr-FR\",\"potentialAction\":[{\"@type\":\"ReadAction\",\"target\":[\"https:\/\/www.rafanadalacademy.com\/fr\/academie-rafa-nadal-par-movistar\/la-rafa-nadal-academy-relie-majorque-et-le-caire-grace-a-un-projet-educatif-et-sportif-innovant\/\"]}]},{\"@type\":\"ImageObject\",\"inLanguage\":\"fr-FR\",\"@id\":\"https:\/\/www.rafanadalacademy.com\/fr\/academie-rafa-nadal-par-movistar\/la-rafa-nadal-academy-relie-majorque-et-le-caire-grace-a-un-projet-educatif-et-sportif-innovant\/#primaryimage\",\"url\":\"https:\/\/www.rafanadalacademy.com\/wp-content\/uploads\/2025\/11\/Edge-179-e1764065022477.jpg\",\"contentUrl\":\"https:\/\/www.rafanadalacademy.com\/wp-content\/uploads\/2025\/11\/Edge-179-e1764065022477.jpg\",\"width\":1024,\"height\":683,\"caption\":\"Maribel Nadal, durante su visita al Rafa Nadal Tennis Programme en Uppingham Cairo\"},{\"@type\":\"BreadcrumbList\",\"@id\":\"https:\/\/www.rafanadalacademy.com\/fr\/academie-rafa-nadal-par-movistar\/la-rafa-nadal-academy-relie-majorque-et-le-caire-grace-a-un-projet-educatif-et-sportif-innovant\/#breadcrumb\",\"itemListElement\":[{\"@type\":\"ListItem\",\"position\":1,\"name\":\"Home\",\"item\":\"https:\/\/www.rafanadalacademy.com\/fr\/\"},{\"@type\":\"ListItem\",\"position\":2,\"name\":\"La Rafa Nadal Academy relie Majorque et Le Caire gr\u00e2ce \u00e0 un projet \u00e9ducatif et sportif innovant\"}]},{\"@type\":\"WebSite\",\"@id\":\"https:\/\/www.rafanadalacademy.com\/fr\/#website\",\"url\":\"https:\/\/www.rafanadalacademy.com\/fr\/\",\"name\":\"Rafa Nadal Academy\",\"description\":\"Otro sitio realizado con WordPress\",\"potentialAction\":[{\"@type\":\"SearchAction\",\"target\":{\"@type\":\"EntryPoint\",\"urlTemplate\":\"https:\/\/www.rafanadalacademy.com\/fr\/?s={search_term_string}\"},\"query-input\":{\"@type\":\"PropertyValueSpecification\",\"valueRequired\":true,\"valueName\":\"search_term_string\"}}],\"inLanguage\":\"fr-FR\"},{\"@type\":\"Person\",\"@id\":\"https:\/\/www.rafanadalacademy.com\/fr\/#\/schema\/person\/744897d6ee269641fff954376180ef01\",\"name\":\"joseluisprados\",\"image\":{\"@type\":\"ImageObject\",\"inLanguage\":\"fr-FR\",\"@id\":\"https:\/\/www.rafanadalacademy.com\/fr\/#\/schema\/person\/image\/\",\"url\":\"https:\/\/secure.gravatar.com\/avatar\/8aa823a6e5501864ffab4785d9e2a994b59c2d45c9f9751c5a532abfec081e5f?s=96&d=mm&r=g\",\"contentUrl\":\"https:\/\/secure.gravatar.com\/avatar\/8aa823a6e5501864ffab4785d9e2a994b59c2d45c9f9751c5a532abfec081e5f?s=96&d=mm&r=g\",\"caption\":\"joseluisprados\"},\"url\":\"https:\/\/www.rafanadalacademy.com\/fr\/author\/joseluisprados\/\"},{\"@type\":\"ImageObject\",\"inLanguage\":\"fr-FR\",\"@id\":\"https:\/\/www.rafanadalacademy.com\/fr\/academie-rafa-nadal-par-movistar\/la-rafa-nadal-academy-relie-majorque-et-le-caire-grace-a-un-projet-educatif-et-sportif-innovant\/#local-main-organization-logo\",\"url\":\"\",\"contentUrl\":\"\",\"caption\":\"Rafa Nadal Academy\"}]}<\/script>\n<!-- \/ Yoast SEO Premium plugin. -->","yoast_head_json":{"title":"La Rafa Nadal Academy relie Majorque et Le Caire gr\u00e2ce \u00e0 un projet \u00e9ducatif et sportif innovant - Rafa Nadal Academy","description":"La Rafa Nadal Academy continue d'\u00e9tendre son empreinte \u00e0 l'\u00e9chelle mondiale et de consolider son r\u00e9seau international de centres de haute performance. Au cours du mois d'octobre, l'\u00e9quipe de l'Acad\u00e9mie, dirig\u00e9e par Maribel Nadal, directrice g\u00e9n\u00e9rale adjointe, a men\u00e9 l'exp\u00e9dition qui a visit\u00e9 le Rafa Nadal Tennis Programme \u00e0 Uppingham Cairo, l'un des projets les plus r\u00e9cents dans le cadre de l'expansion internationale.","robots":{"index":"index","follow":"follow","max-snippet":"max-snippet:-1","max-image-preview":"max-image-preview:large","max-video-preview":"max-video-preview:-1"},"canonical":"https:\/\/www.rafanadalacademy.com\/fr\/academie-rafa-nadal-par-movistar\/la-rafa-nadal-academy-relie-majorque-et-le-caire-grace-a-un-projet-educatif-et-sportif-innovant\/","og_locale":"fr_FR","og_type":"article","og_title":"La Rafa Nadal Academy relie Majorque et Le Caire gr\u00e2ce \u00e0 un projet \u00e9ducatif et sportif innovant","og_description":"La Rafa Nadal Academy continue d'\u00e9tendre son empreinte \u00e0 l'\u00e9chelle mondiale et de consolider son r\u00e9seau international de centres de haute performance. Au cours du mois d'octobre, l'\u00e9quipe de l'Acad\u00e9mie, dirig\u00e9e par Maribel Nadal, directrice g\u00e9n\u00e9rale adjointe, a men\u00e9 l'exp\u00e9dition qui a visit\u00e9 le Rafa Nadal Tennis Programme \u00e0 Uppingham Cairo, l'un des projets les plus r\u00e9cents dans le cadre de l'expansion internationale.","og_url":"https:\/\/www.rafanadalacademy.com\/fr\/academie-rafa-nadal-par-movistar\/la-rafa-nadal-academy-relie-majorque-et-le-caire-grace-a-un-projet-educatif-et-sportif-innovant\/","og_site_name":"Rafa Nadal Academy","article_published_time":"2025-11-13T10:10:00+00:00","article_modified_time":"2025-12-02T09:12:20+00:00","og_image":[{"width":1024,"height":683,"url":"https:\/\/www.rafanadalacademy.com\/wp-content\/uploads\/2025\/11\/Edge-179-e1764065022477.jpg","type":"image\/jpeg"}],"author":"joseluisprados","twitter_card":"summary_large_image","twitter_misc":{"Written by":"joseluisprados","Est. reading time":"2 minutes"},"schema":{"@context":"https:\/\/schema.org","@graph":[{"@type":"Article","@id":"https:\/\/www.rafanadalacademy.com\/fr\/academie-rafa-nadal-par-movistar\/la-rafa-nadal-academy-relie-majorque-et-le-caire-grace-a-un-projet-educatif-et-sportif-innovant\/#article","isPartOf":{"@id":"https:\/\/www.rafanadalacademy.com\/fr\/academie-rafa-nadal-par-movistar\/la-rafa-nadal-academy-relie-majorque-et-le-caire-grace-a-un-projet-educatif-et-sportif-innovant\/"},"author":{"name":"joseluisprados","@id":"https:\/\/www.rafanadalacademy.com\/fr\/#\/schema\/person\/744897d6ee269641fff954376180ef01"},"headline":"La Rafa Nadal Academy relie Majorque et Le Caire gr\u00e2ce \u00e0 un projet \u00e9ducatif et sportif innovant","datePublished":"2025-11-13T10:10:00+00:00","dateModified":"2025-12-02T09:12:20+00:00","mainEntityOfPage":{"@id":"https:\/\/www.rafanadalacademy.com\/fr\/academie-rafa-nadal-par-movistar\/la-rafa-nadal-academy-relie-majorque-et-le-caire-grace-a-un-projet-educatif-et-sportif-innovant\/"},"wordCount":397,"image":{"@id":"https:\/\/www.rafanadalacademy.com\/fr\/academie-rafa-nadal-par-movistar\/la-rafa-nadal-academy-relie-majorque-et-le-caire-grace-a-un-projet-educatif-et-sportif-innovant\/#primaryimage"},"thumbnailUrl":"https:\/\/www.rafanadalacademy.com\/wp-content\/uploads\/2025\/11\/Edge-179-e1764065022477.jpg","keywords":["ACAD\u00c9MIE RAFA NADAL PAR MOVISTAR"],"articleSection":["ACAD\u00c9MIE RAFA NADAL PAR MOVISTAR","informations"],"inLanguage":"fr-FR","copyrightYear":"2025","copyrightHolder":{"@id":"https:\/\/www.rafanadalacademy.com\/#organization"}},{"@type":"WebPage","@id":"https:\/\/www.rafanadalacademy.com\/fr\/academie-rafa-nadal-par-movistar\/la-rafa-nadal-academy-relie-majorque-et-le-caire-grace-a-un-projet-educatif-et-sportif-innovant\/","url":"https:\/\/www.rafanadalacademy.com\/fr\/academie-rafa-nadal-par-movistar\/la-rafa-nadal-academy-relie-majorque-et-le-caire-grace-a-un-projet-educatif-et-sportif-innovant\/","name":"La Rafa Nadal Academy relie Majorque et Le Caire gr\u00e2ce \u00e0 un projet \u00e9ducatif et sportif innovant - Rafa Nadal Academy","isPartOf":{"@id":"https:\/\/www.rafanadalacademy.com\/fr\/#website"},"primaryImageOfPage":{"@id":"https:\/\/www.rafanadalacademy.com\/fr\/academie-rafa-nadal-par-movistar\/la-rafa-nadal-academy-relie-majorque-et-le-caire-grace-a-un-projet-educatif-et-sportif-innovant\/#primaryimage"},"image":{"@id":"https:\/\/www.rafanadalacademy.com\/fr\/academie-rafa-nadal-par-movistar\/la-rafa-nadal-academy-relie-majorque-et-le-caire-grace-a-un-projet-educatif-et-sportif-innovant\/#primaryimage"},"thumbnailUrl":"https:\/\/www.rafanadalacademy.com\/wp-content\/uploads\/2025\/11\/Edge-179-e1764065022477.jpg","datePublished":"2025-11-13T10:10:00+00:00","dateModified":"2025-12-02T09:12:20+00:00","author":{"@id":"https:\/\/www.rafanadalacademy.com\/fr\/#\/schema\/person\/744897d6ee269641fff954376180ef01"},"description":"La Rafa Nadal Academy continue d'\u00e9tendre son empreinte \u00e0 l'\u00e9chelle mondiale et de consolider son r\u00e9seau international de centres de haute performance. Au cours du mois d'octobre, l'\u00e9quipe de l'Acad\u00e9mie, dirig\u00e9e par Maribel Nadal, directrice g\u00e9n\u00e9rale adjointe, a men\u00e9 l'exp\u00e9dition qui a visit\u00e9 le Rafa Nadal Tennis Programme \u00e0 Uppingham Cairo, l'un des projets les plus r\u00e9cents dans le cadre de l'expansion internationale.","breadcrumb":{"@id":"https:\/\/www.rafanadalacademy.com\/fr\/academie-rafa-nadal-par-movistar\/la-rafa-nadal-academy-relie-majorque-et-le-caire-grace-a-un-projet-educatif-et-sportif-innovant\/#breadcrumb"},"inLanguage":"fr-FR","potentialAction":[{"@type":"ReadAction","target":["https:\/\/www.rafanadalacademy.com\/fr\/academie-rafa-nadal-par-movistar\/la-rafa-nadal-academy-relie-majorque-et-le-caire-grace-a-un-projet-educatif-et-sportif-innovant\/"]}]},{"@type":"ImageObject","inLanguage":"fr-FR","@id":"https:\/\/www.rafanadalacademy.com\/fr\/academie-rafa-nadal-par-movistar\/la-rafa-nadal-academy-relie-majorque-et-le-caire-grace-a-un-projet-educatif-et-sportif-innovant\/#primaryimage","url":"https:\/\/www.rafanadalacademy.com\/wp-content\/uploads\/2025\/11\/Edge-179-e1764065022477.jpg","contentUrl":"https:\/\/www.rafanadalacademy.com\/wp-content\/uploads\/2025\/11\/Edge-179-e1764065022477.jpg","width":1024,"height":683,"caption":"Maribel Nadal, durante su visita al Rafa Nadal Tennis Programme en Uppingham Cairo"},{"@type":"BreadcrumbList","@id":"https:\/\/www.rafanadalacademy.com\/fr\/academie-rafa-nadal-par-movistar\/la-rafa-nadal-academy-relie-majorque-et-le-caire-grace-a-un-projet-educatif-et-sportif-innovant\/#breadcrumb","itemListElement":[{"@type":"ListItem","position":1,"name":"Home","item":"https:\/\/www.rafanadalacademy.com\/fr\/"},{"@type":"ListItem","position":2,"name":"La Rafa Nadal Academy relie Majorque et Le Caire gr\u00e2ce \u00e0 un projet \u00e9ducatif et sportif innovant"}]},{"@type":"WebSite","@id":"https:\/\/www.rafanadalacademy.com\/fr\/#website","url":"https:\/\/www.rafanadalacademy.com\/fr\/","name":"Rafa Nadal Academy","description":"Otro sitio realizado con WordPress","potentialAction":[{"@type":"SearchAction","target":{"@type":"EntryPoint","urlTemplate":"https:\/\/www.rafanadalacademy.com\/fr\/?s={search_term_string}"},"query-input":{"@type":"PropertyValueSpecification","valueRequired":true,"valueName":"search_term_string"}}],"inLanguage":"fr-FR"},{"@type":"Person","@id":"https:\/\/www.rafanadalacademy.com\/fr\/#\/schema\/person\/744897d6ee269641fff954376180ef01","name":"joseluisprados","image":{"@type":"ImageObject","inLanguage":"fr-FR","@id":"https:\/\/www.rafanadalacademy.com\/fr\/#\/schema\/person\/image\/","url":"https:\/\/secure.gravatar.com\/avatar\/8aa823a6e5501864ffab4785d9e2a994b59c2d45c9f9751c5a532abfec081e5f?s=96&d=mm&r=g","contentUrl":"https:\/\/secure.gravatar.com\/avatar\/8aa823a6e5501864ffab4785d9e2a994b59c2d45c9f9751c5a532abfec081e5f?s=96&d=mm&r=g","caption":"joseluisprados"},"url":"https:\/\/www.rafanadalacademy.com\/fr\/author\/joseluisprados\/"},{"@type":"ImageObject","inLanguage":"fr-FR","@id":"https:\/\/www.rafanadalacademy.com\/fr\/academie-rafa-nadal-par-movistar\/la-rafa-nadal-academy-relie-majorque-et-le-caire-grace-a-un-projet-educatif-et-sportif-innovant\/#local-main-organization-logo","url":"","contentUrl":"","caption":"Rafa Nadal Academy"}]}},"_links":{"self":[{"href":"https:\/\/www.rafanadalacademy.com\/fr\/wp-json\/wp\/v2\/posts\/37198","targetHints":{"allow":["GET"]}}],"collection":[{"href":"https:\/\/www.rafanadalacademy.com\/fr\/wp-json\/wp\/v2\/posts"}],"about":[{"href":"https:\/\/www.rafanadalacademy.com\/fr\/wp-json\/wp\/v2\/types\/post"}],"author":[{"embeddable":true,"href":"https:\/\/www.rafanadalacademy.com\/fr\/wp-json\/wp\/v2\/users\/23"}],"replies":[{"embeddable":true,"href":"https:\/\/www.rafanadalacademy.com\/fr\/wp-json\/wp\/v2\/comments?post=37198"}],"version-history":[{"count":2,"href":"https:\/\/www.rafanadalacademy.com\/fr\/wp-json\/wp\/v2\/posts\/37198\/revisions"}],"predecessor-version":[{"id":37279,"href":"https:\/\/www.rafanadalacademy.com\/fr\/wp-json\/wp\/v2\/posts\/37198\/revisions\/37279"}],"wp:featuredmedia":[{"embeddable":true,"href":"https:\/\/www.rafanadalacademy.com\/fr\/wp-json\/wp\/v2\/media\/37134"}],"wp:attachment":[{"href":"https:\/\/www.rafanadalacademy.com\/fr\/wp-json\/wp\/v2\/media?parent=37198"}],"wp:term":[{"taxonomy":"category","embeddable":true,"href":"https:\/\/www.rafanadalacademy.com\/fr\/wp-json\/wp\/v2\/categories?post=37198"},{"taxonomy":"post_tag","embeddable":true,"href":"https:\/\/www.rafanadalacademy.com\/fr\/wp-json\/wp\/v2\/tags?post=37198"}],"curies":[{"name":"wp","href":"https:\/\/api.w.org\/{rel}","templated":true}]}}