{"id":37162,"date":"2025-11-25T09:05:07","date_gmt":"2025-11-25T09:05:07","guid":{"rendered":"https:\/\/www.rafanadalacademy.com\/non-classifiee\/jaume-munar-clot-la-meilleure-annee-de-sa-carriere\/"},"modified":"2025-11-25T11:01:24","modified_gmt":"2025-11-25T11:01:24","slug":"jaume-munar-clot-la-meilleure-annee-de-sa-carriere","status":"publish","type":"post","link":"https:\/\/www.rafanadalacademy.com\/fr\/academie-rafa-nadal-par-movistar\/jaume-munar-clot-la-meilleure-annee-de-sa-carriere\/","title":{"rendered":"Jaume Munar cl\u00f4t la meilleure ann\u00e9e de sa carri\u00e8re"},"content":{"rendered":"\n<p>Jaume Munar a mis fin \u00e0 la saison 2025, sans aucun doute la plus r\u00e9ussie de sa carri\u00e8re sur le circuit ATP, en disputant avec l&#8217;Espagne la grande finale de la Coupe Davis \u00e0 Bologne contre l&#8217;Italie, qui a \u00e9t\u00e9 de nouveau proclam\u00e9e championne pour la troisi\u00e8me \u00e9dition cons\u00e9cutive.<\/p>\n\n<figure class=\"wp-block-image size-large\"><img loading=\"lazy\" decoding=\"async\" width=\"1024\" height=\"630\" src=\"https:\/\/www.rafanadalacademy.com\/wp-content\/uploads\/2025\/11\/MUNAR-COPA-DAVIS-II-scaled-e1764061251166-1024x630.jpg\" alt=\"Jaume Munar, en finale de la Coupe Davis 2025\" class=\"wp-image-37092\" srcset=\"https:\/\/www.rafanadalacademy.com\/wp-content\/uploads\/2025\/11\/MUNAR-COPA-DAVIS-II-scaled-e1764061251166-1024x630.jpg 1024w, https:\/\/www.rafanadalacademy.com\/wp-content\/uploads\/2025\/11\/MUNAR-COPA-DAVIS-II-scaled-e1764061251166-300x184.jpg 300w, https:\/\/www.rafanadalacademy.com\/wp-content\/uploads\/2025\/11\/MUNAR-COPA-DAVIS-II-scaled-e1764061251166-768x472.jpg 768w, https:\/\/www.rafanadalacademy.com\/wp-content\/uploads\/2025\/11\/MUNAR-COPA-DAVIS-II-scaled-e1764061251166-1536x944.jpg 1536w, https:\/\/www.rafanadalacademy.com\/wp-content\/uploads\/2025\/11\/MUNAR-COPA-DAVIS-II-scaled-e1764061251166-2048x1259.jpg 2048w\" sizes=\"auto, (max-width: 1024px) 100vw, 1024px\" \/><figcaption class=\"wp-element-caption\">Jaume Munar, en finale de la Coupe Davis 2025<\/figcaption><\/figure>\n\n<div style=\"height:30px\" aria-hidden=\"true\" class=\"wp-block-spacer\"><\/div>\n\n<p>La pr\u00e9sence du Majorquin dans la s\u00e9lection espagnole confirme le statut qu&#8217;il a atteint cette ann\u00e9e, se consolidant comme l&#8217;un des joueurs les plus fiables du circuit et un \u00e9l\u00e9ment important pour l&#8217;\u00e9quipe nationale.<\/p>\n\n<p>Depuis le 25 octobre dernier, Munar occupe la 36e place du classement ATP, le meilleur classement de sa carri\u00e8re. Son ascension s&#8217;est construite sur une saison jalonn\u00e9e de succ\u00e8s, \u00e0 commencer par sa remarquable performance \u00e0 l&#8217;US Open, o\u00f9 il a atteint pour la premi\u00e8re fois les huiti\u00e8mes de finale d&#8217;un Grand Chelem. Essentiellement, un tournant dans sa trajectoire.  <\/p>\n\n<p>De plus, le joueur de tennis form\u00e9 \u00e0 la Rafa Nadal Academy a brill\u00e9 dans plusieurs tournois du calendrier, atteignant les demi-finales \u00e0 B\u00e2le et Dallas \u2014 tous deux ATP 500 \u2014 et \u00e0 Hong Kong (ATP 250). Au niveau Masters 1000, il a sign\u00e9 des huiti\u00e8mes de finale m\u00e9ritoires \u00e0 Rome. <\/p>\n\n<div style=\"height:30px\" aria-hidden=\"true\" class=\"wp-block-spacer\"><\/div>\n\n<figure class=\"wp-block-image size-large\"><img loading=\"lazy\" decoding=\"async\" width=\"1024\" height=\"683\" src=\"https:\/\/www.rafanadalacademy.com\/wp-content\/uploads\/2025\/11\/ESPANA-COPA-DAVIS-2025-1024x683.jpg\" alt=\"L'&#xE9;quipe espagnole de Coupe Davis 2025 en finale contre l'Italie\" class=\"wp-image-37108\" srcset=\"https:\/\/www.rafanadalacademy.com\/wp-content\/uploads\/2025\/11\/ESPANA-COPA-DAVIS-2025-1024x683.jpg 1024w, https:\/\/www.rafanadalacademy.com\/wp-content\/uploads\/2025\/11\/ESPANA-COPA-DAVIS-2025-300x200.jpg 300w, https:\/\/www.rafanadalacademy.com\/wp-content\/uploads\/2025\/11\/ESPANA-COPA-DAVIS-2025-768x512.jpg 768w, https:\/\/www.rafanadalacademy.com\/wp-content\/uploads\/2025\/11\/ESPANA-COPA-DAVIS-2025-1536x1024.jpg 1536w, https:\/\/www.rafanadalacademy.com\/wp-content\/uploads\/2025\/11\/ESPANA-COPA-DAVIS-2025-2048x1365.jpg 2048w\" sizes=\"auto, (max-width: 1024px) 100vw, 1024px\" \/><\/figure>\n\n<div style=\"height:30px\" aria-hidden=\"true\" class=\"wp-block-spacer\"><\/div>\n\n<p>L&#8217;un des aspects les plus remarquables de sa saison a \u00e9t\u00e9 sa performance sur les courts couverts, o\u00f9 il a affich\u00e9 un niveau exceptionnel, constant et comp\u00e9titif face \u00e0 des rivaux de grande envergure. Preuve en est, ses victoires contre des joueurs du Top 10, comme Ben Shelton, \u00e0 B\u00e2le, et Daniil Medvedev, \u00e0 Miami, deux triomphes qui ont consolid\u00e9 son saut de qualit\u00e9. <\/p>\n\n<p>Munar reconna\u00eet qu&#8217;il vit un moment tr\u00e8s sp\u00e9cial de sa carri\u00e8re\u00a0:<br\/>\u00ab\u00a0Cela a \u00e9t\u00e9 une ann\u00e9e tr\u00e8s positive. Sur le plan tennistique, je me suis am\u00e9lior\u00e9 dans de nombreux aspects et la maturit\u00e9 m&#8217;aide \u00e0 mieux concourir. J&#8217;ai l&#8217;impression d&#8217;\u00eatre un joueur de plus en plus complet. Je suis tr\u00e8s content de ce que j&#8217;ai accompli, mais je sais pertinemment que j&#8217;en veux plus\u00a0\u00bb, a-t-il expliqu\u00e9 apr\u00e8s avoir termin\u00e9 la saison.<\/p>\n\n<p>La finale de la Coupe Davis a \u00e9galement mis le point final parfait \u00e0 une ann\u00e9e 2025 inoubliable pour le Majorquin, qui termine la saison comme l&#8217;un des grands noms du tennis espagnol sur la sc\u00e8ne internationale.<\/p>\n\n<p>Depuis la Rafa Nadal Academy, nous te remercions, Jaume, pour ta grinta, ta lutte, ta passion et pour avoir tout donn\u00e9 sur le court. F\u00e9licitations \u00e0 l&#8217;Espagne, \u00e0 David Ferrer et \u00e0 la Real Federaci\u00f3n Espa\u00f1ola de Tenis pour leur r\u00e9sultat en Coupe Davis. <\/p>\n","protected":false},"excerpt":{"rendered":"<p>Jaume Munar a mis fin \u00e0 la saison 2025, sans aucun doute la plus r\u00e9ussie de sa carri\u00e8re sur le circuit ATP, en disputant avec l&#8217;Espagne la grande finale de la Coupe Davis \u00e0 Bologne contre l&#8217;Italie, qui a \u00e9t\u00e9 de nouveau proclam\u00e9e championne pour la troisi\u00e8me \u00e9dition cons\u00e9cutive. La pr\u00e9sence du Majorquin dans la<a href=\"https:\/\/www.rafanadalacademy.com\/fr\/academie-rafa-nadal-par-movistar\/jaume-munar-clot-la-meilleure-annee-de-sa-carriere\/\">Continue reading <span class=\"sr-only\">&#8220;Jaume Munar cl\u00f4t la meilleure ann\u00e9e de sa carri\u00e8re&#8221;<\/span><\/a><\/p>\n","protected":false},"author":23,"featured_media":37103,"comment_status":"closed","ping_status":"closed","sticky":false,"template":"","format":"standard","meta":{"_acf_changed":false,"footnotes":""},"categories":[206,158],"tags":[207],"class_list":["post-37162","post","type-post","status-publish","format-standard","has-post-thumbnail","hentry","category-academie-rafa-nadal-par-movistar","category-informations","tag-academie-rafa-nadal-par-movistar"],"acf":[],"yoast_head":"<!-- This site is optimized with the Yoast SEO Premium plugin v26.8 (Yoast SEO v26.9) - https:\/\/yoast.com\/product\/yoast-seo-premium-wordpress\/ -->\n<title>Jaume Munar cl\u00f4t la meilleure ann\u00e9e de sa carri\u00e8re - Rafa Nadal Academy<\/title>\n<meta name=\"description\" content=\"Jaume Munar a mis fin \u00e0 la saison 2025, sans aucun doute la plus r\u00e9ussie de sa carri\u00e8re sur le circuit ATP, en disputant avec l&#039;Espagne la grande finale de la Coupe Davis \u00e0 Bologne contre l&#039;Italie, qui a \u00e9t\u00e9 de nouveau proclam\u00e9e championne pour la troisi\u00e8me \u00e9dition cons\u00e9cutive.\" \/>\n<meta name=\"robots\" content=\"index, follow, max-snippet:-1, max-image-preview:large, max-video-preview:-1\" \/>\n<link rel=\"canonical\" href=\"https:\/\/www.rafanadalacademy.com\/fr\/academie-rafa-nadal-par-movistar\/jaume-munar-clot-la-meilleure-annee-de-sa-carriere\/\" \/>\n<meta property=\"og:locale\" content=\"fr_FR\" \/>\n<meta property=\"og:type\" content=\"article\" \/>\n<meta property=\"og:title\" content=\"Jaume Munar cl\u00f4t la meilleure ann\u00e9e de sa carri\u00e8re\" \/>\n<meta property=\"og:description\" content=\"Jaume Munar a mis fin \u00e0 la saison 2025, sans aucun doute la plus r\u00e9ussie de sa carri\u00e8re sur le circuit ATP, en disputant avec l&#039;Espagne la grande finale de la Coupe Davis \u00e0 Bologne contre l&#039;Italie, qui a \u00e9t\u00e9 de nouveau proclam\u00e9e championne pour la troisi\u00e8me \u00e9dition cons\u00e9cutive.\" \/>\n<meta property=\"og:url\" content=\"https:\/\/www.rafanadalacademy.com\/fr\/academie-rafa-nadal-par-movistar\/jaume-munar-clot-la-meilleure-annee-de-sa-carriere\/\" \/>\n<meta property=\"og:site_name\" content=\"Rafa Nadal Academy\" \/>\n<meta property=\"article:published_time\" content=\"2025-11-25T09:05:07+00:00\" \/>\n<meta property=\"article:modified_time\" content=\"2025-11-25T11:01:24+00:00\" \/>\n<meta property=\"og:image\" content=\"https:\/\/www.rafanadalacademy.com\/wp-content\/uploads\/2025\/11\/MUNAR-COPA-DAVIS-scaled-e1764061641642.jpg\" \/>\n\t<meta property=\"og:image:width\" content=\"2560\" \/>\n\t<meta property=\"og:image:height\" content=\"1707\" \/>\n\t<meta property=\"og:image:type\" content=\"image\/jpeg\" \/>\n<meta name=\"author\" content=\"joseluisprados\" \/>\n<meta name=\"twitter:card\" content=\"summary_large_image\" \/>\n<meta name=\"twitter:label1\" content=\"Written by\" \/>\n\t<meta name=\"twitter:data1\" content=\"joseluisprados\" \/>\n\t<meta name=\"twitter:label2\" content=\"Est. reading time\" \/>\n\t<meta name=\"twitter:data2\" content=\"2 minutes\" \/>\n<script type=\"application\/ld+json\" class=\"yoast-schema-graph\">{\"@context\":\"https:\/\/schema.org\",\"@graph\":[{\"@type\":\"Article\",\"@id\":\"https:\/\/www.rafanadalacademy.com\/fr\/academie-rafa-nadal-par-movistar\/jaume-munar-clot-la-meilleure-annee-de-sa-carriere\/#article\",\"isPartOf\":{\"@id\":\"https:\/\/www.rafanadalacademy.com\/fr\/academie-rafa-nadal-par-movistar\/jaume-munar-clot-la-meilleure-annee-de-sa-carriere\/\"},\"author\":{\"name\":\"joseluisprados\",\"@id\":\"https:\/\/www.rafanadalacademy.com\/fr\/#\/schema\/person\/744897d6ee269641fff954376180ef01\"},\"headline\":\"Jaume Munar cl\u00f4t la meilleure ann\u00e9e de sa carri\u00e8re\",\"datePublished\":\"2025-11-25T09:05:07+00:00\",\"dateModified\":\"2025-11-25T11:01:24+00:00\",\"mainEntityOfPage\":{\"@id\":\"https:\/\/www.rafanadalacademy.com\/fr\/academie-rafa-nadal-par-movistar\/jaume-munar-clot-la-meilleure-annee-de-sa-carriere\/\"},\"wordCount\":457,\"image\":{\"@id\":\"https:\/\/www.rafanadalacademy.com\/fr\/academie-rafa-nadal-par-movistar\/jaume-munar-clot-la-meilleure-annee-de-sa-carriere\/#primaryimage\"},\"thumbnailUrl\":\"https:\/\/www.rafanadalacademy.com\/wp-content\/uploads\/2025\/11\/MUNAR-COPA-DAVIS-scaled-e1764061641642.jpg\",\"keywords\":[\"ACAD\u00c9MIE RAFA NADAL PAR MOVISTAR\"],\"articleSection\":[\"ACAD\u00c9MIE RAFA NADAL PAR MOVISTAR\",\"informations\"],\"inLanguage\":\"fr-FR\",\"copyrightYear\":\"2025\",\"copyrightHolder\":{\"@id\":\"https:\/\/www.rafanadalacademy.com\/#organization\"}},{\"@type\":\"WebPage\",\"@id\":\"https:\/\/www.rafanadalacademy.com\/fr\/academie-rafa-nadal-par-movistar\/jaume-munar-clot-la-meilleure-annee-de-sa-carriere\/\",\"url\":\"https:\/\/www.rafanadalacademy.com\/fr\/academie-rafa-nadal-par-movistar\/jaume-munar-clot-la-meilleure-annee-de-sa-carriere\/\",\"name\":\"Jaume Munar cl\u00f4t la meilleure ann\u00e9e de sa carri\u00e8re - Rafa Nadal Academy\",\"isPartOf\":{\"@id\":\"https:\/\/www.rafanadalacademy.com\/fr\/#website\"},\"primaryImageOfPage\":{\"@id\":\"https:\/\/www.rafanadalacademy.com\/fr\/academie-rafa-nadal-par-movistar\/jaume-munar-clot-la-meilleure-annee-de-sa-carriere\/#primaryimage\"},\"image\":{\"@id\":\"https:\/\/www.rafanadalacademy.com\/fr\/academie-rafa-nadal-par-movistar\/jaume-munar-clot-la-meilleure-annee-de-sa-carriere\/#primaryimage\"},\"thumbnailUrl\":\"https:\/\/www.rafanadalacademy.com\/wp-content\/uploads\/2025\/11\/MUNAR-COPA-DAVIS-scaled-e1764061641642.jpg\",\"datePublished\":\"2025-11-25T09:05:07+00:00\",\"dateModified\":\"2025-11-25T11:01:24+00:00\",\"author\":{\"@id\":\"https:\/\/www.rafanadalacademy.com\/fr\/#\/schema\/person\/744897d6ee269641fff954376180ef01\"},\"description\":\"Jaume Munar a mis fin \u00e0 la saison 2025, sans aucun doute la plus r\u00e9ussie de sa carri\u00e8re sur le circuit ATP, en disputant avec l'Espagne la grande finale de la Coupe Davis \u00e0 Bologne contre l'Italie, qui a \u00e9t\u00e9 de nouveau proclam\u00e9e championne pour la troisi\u00e8me \u00e9dition cons\u00e9cutive.\",\"breadcrumb\":{\"@id\":\"https:\/\/www.rafanadalacademy.com\/fr\/academie-rafa-nadal-par-movistar\/jaume-munar-clot-la-meilleure-annee-de-sa-carriere\/#breadcrumb\"},\"inLanguage\":\"fr-FR\",\"potentialAction\":[{\"@type\":\"ReadAction\",\"target\":[\"https:\/\/www.rafanadalacademy.com\/fr\/academie-rafa-nadal-par-movistar\/jaume-munar-clot-la-meilleure-annee-de-sa-carriere\/\"]}]},{\"@type\":\"ImageObject\",\"inLanguage\":\"fr-FR\",\"@id\":\"https:\/\/www.rafanadalacademy.com\/fr\/academie-rafa-nadal-par-movistar\/jaume-munar-clot-la-meilleure-annee-de-sa-carriere\/#primaryimage\",\"url\":\"https:\/\/www.rafanadalacademy.com\/wp-content\/uploads\/2025\/11\/MUNAR-COPA-DAVIS-scaled-e1764061641642.jpg\",\"contentUrl\":\"https:\/\/www.rafanadalacademy.com\/wp-content\/uploads\/2025\/11\/MUNAR-COPA-DAVIS-scaled-e1764061641642.jpg\",\"width\":2560,\"height\":1707,\"caption\":\"Jaume Munar, en la final de la Copa Davis 2025\"},{\"@type\":\"BreadcrumbList\",\"@id\":\"https:\/\/www.rafanadalacademy.com\/fr\/academie-rafa-nadal-par-movistar\/jaume-munar-clot-la-meilleure-annee-de-sa-carriere\/#breadcrumb\",\"itemListElement\":[{\"@type\":\"ListItem\",\"position\":1,\"name\":\"Home\",\"item\":\"https:\/\/www.rafanadalacademy.com\/fr\/\"},{\"@type\":\"ListItem\",\"position\":2,\"name\":\"Jaume Munar cl\u00f4t la meilleure ann\u00e9e de sa carri\u00e8re\"}]},{\"@type\":\"WebSite\",\"@id\":\"https:\/\/www.rafanadalacademy.com\/fr\/#website\",\"url\":\"https:\/\/www.rafanadalacademy.com\/fr\/\",\"name\":\"Rafa Nadal Academy\",\"description\":\"Otro sitio realizado con WordPress\",\"potentialAction\":[{\"@type\":\"SearchAction\",\"target\":{\"@type\":\"EntryPoint\",\"urlTemplate\":\"https:\/\/www.rafanadalacademy.com\/fr\/?s={search_term_string}\"},\"query-input\":{\"@type\":\"PropertyValueSpecification\",\"valueRequired\":true,\"valueName\":\"search_term_string\"}}],\"inLanguage\":\"fr-FR\"},{\"@type\":\"Person\",\"@id\":\"https:\/\/www.rafanadalacademy.com\/fr\/#\/schema\/person\/744897d6ee269641fff954376180ef01\",\"name\":\"joseluisprados\",\"image\":{\"@type\":\"ImageObject\",\"inLanguage\":\"fr-FR\",\"@id\":\"https:\/\/www.rafanadalacademy.com\/fr\/#\/schema\/person\/image\/\",\"url\":\"https:\/\/secure.gravatar.com\/avatar\/8aa823a6e5501864ffab4785d9e2a994b59c2d45c9f9751c5a532abfec081e5f?s=96&d=mm&r=g\",\"contentUrl\":\"https:\/\/secure.gravatar.com\/avatar\/8aa823a6e5501864ffab4785d9e2a994b59c2d45c9f9751c5a532abfec081e5f?s=96&d=mm&r=g\",\"caption\":\"joseluisprados\"},\"url\":\"https:\/\/www.rafanadalacademy.com\/fr\/author\/joseluisprados\/\"},{\"@type\":\"ImageObject\",\"inLanguage\":\"fr-FR\",\"@id\":\"https:\/\/www.rafanadalacademy.com\/fr\/academie-rafa-nadal-par-movistar\/jaume-munar-clot-la-meilleure-annee-de-sa-carriere\/#local-main-organization-logo\",\"url\":\"\",\"contentUrl\":\"\",\"caption\":\"Rafa Nadal Academy\"}]}<\/script>\n<!-- \/ Yoast SEO Premium plugin. -->","yoast_head_json":{"title":"Jaume Munar cl\u00f4t la meilleure ann\u00e9e de sa carri\u00e8re - Rafa Nadal Academy","description":"Jaume Munar a mis fin \u00e0 la saison 2025, sans aucun doute la plus r\u00e9ussie de sa carri\u00e8re sur le circuit ATP, en disputant avec l'Espagne la grande finale de la Coupe Davis \u00e0 Bologne contre l'Italie, qui a \u00e9t\u00e9 de nouveau proclam\u00e9e championne pour la troisi\u00e8me \u00e9dition cons\u00e9cutive.","robots":{"index":"index","follow":"follow","max-snippet":"max-snippet:-1","max-image-preview":"max-image-preview:large","max-video-preview":"max-video-preview:-1"},"canonical":"https:\/\/www.rafanadalacademy.com\/fr\/academie-rafa-nadal-par-movistar\/jaume-munar-clot-la-meilleure-annee-de-sa-carriere\/","og_locale":"fr_FR","og_type":"article","og_title":"Jaume Munar cl\u00f4t la meilleure ann\u00e9e de sa carri\u00e8re","og_description":"Jaume Munar a mis fin \u00e0 la saison 2025, sans aucun doute la plus r\u00e9ussie de sa carri\u00e8re sur le circuit ATP, en disputant avec l'Espagne la grande finale de la Coupe Davis \u00e0 Bologne contre l'Italie, qui a \u00e9t\u00e9 de nouveau proclam\u00e9e championne pour la troisi\u00e8me \u00e9dition cons\u00e9cutive.","og_url":"https:\/\/www.rafanadalacademy.com\/fr\/academie-rafa-nadal-par-movistar\/jaume-munar-clot-la-meilleure-annee-de-sa-carriere\/","og_site_name":"Rafa Nadal Academy","article_published_time":"2025-11-25T09:05:07+00:00","article_modified_time":"2025-11-25T11:01:24+00:00","og_image":[{"width":2560,"height":1707,"url":"https:\/\/www.rafanadalacademy.com\/wp-content\/uploads\/2025\/11\/MUNAR-COPA-DAVIS-scaled-e1764061641642.jpg","type":"image\/jpeg"}],"author":"joseluisprados","twitter_card":"summary_large_image","twitter_misc":{"Written by":"joseluisprados","Est. reading time":"2 minutes"},"schema":{"@context":"https:\/\/schema.org","@graph":[{"@type":"Article","@id":"https:\/\/www.rafanadalacademy.com\/fr\/academie-rafa-nadal-par-movistar\/jaume-munar-clot-la-meilleure-annee-de-sa-carriere\/#article","isPartOf":{"@id":"https:\/\/www.rafanadalacademy.com\/fr\/academie-rafa-nadal-par-movistar\/jaume-munar-clot-la-meilleure-annee-de-sa-carriere\/"},"author":{"name":"joseluisprados","@id":"https:\/\/www.rafanadalacademy.com\/fr\/#\/schema\/person\/744897d6ee269641fff954376180ef01"},"headline":"Jaume Munar cl\u00f4t la meilleure ann\u00e9e de sa carri\u00e8re","datePublished":"2025-11-25T09:05:07+00:00","dateModified":"2025-11-25T11:01:24+00:00","mainEntityOfPage":{"@id":"https:\/\/www.rafanadalacademy.com\/fr\/academie-rafa-nadal-par-movistar\/jaume-munar-clot-la-meilleure-annee-de-sa-carriere\/"},"wordCount":457,"image":{"@id":"https:\/\/www.rafanadalacademy.com\/fr\/academie-rafa-nadal-par-movistar\/jaume-munar-clot-la-meilleure-annee-de-sa-carriere\/#primaryimage"},"thumbnailUrl":"https:\/\/www.rafanadalacademy.com\/wp-content\/uploads\/2025\/11\/MUNAR-COPA-DAVIS-scaled-e1764061641642.jpg","keywords":["ACAD\u00c9MIE RAFA NADAL PAR MOVISTAR"],"articleSection":["ACAD\u00c9MIE RAFA NADAL PAR MOVISTAR","informations"],"inLanguage":"fr-FR","copyrightYear":"2025","copyrightHolder":{"@id":"https:\/\/www.rafanadalacademy.com\/#organization"}},{"@type":"WebPage","@id":"https:\/\/www.rafanadalacademy.com\/fr\/academie-rafa-nadal-par-movistar\/jaume-munar-clot-la-meilleure-annee-de-sa-carriere\/","url":"https:\/\/www.rafanadalacademy.com\/fr\/academie-rafa-nadal-par-movistar\/jaume-munar-clot-la-meilleure-annee-de-sa-carriere\/","name":"Jaume Munar cl\u00f4t la meilleure ann\u00e9e de sa carri\u00e8re - Rafa Nadal Academy","isPartOf":{"@id":"https:\/\/www.rafanadalacademy.com\/fr\/#website"},"primaryImageOfPage":{"@id":"https:\/\/www.rafanadalacademy.com\/fr\/academie-rafa-nadal-par-movistar\/jaume-munar-clot-la-meilleure-annee-de-sa-carriere\/#primaryimage"},"image":{"@id":"https:\/\/www.rafanadalacademy.com\/fr\/academie-rafa-nadal-par-movistar\/jaume-munar-clot-la-meilleure-annee-de-sa-carriere\/#primaryimage"},"thumbnailUrl":"https:\/\/www.rafanadalacademy.com\/wp-content\/uploads\/2025\/11\/MUNAR-COPA-DAVIS-scaled-e1764061641642.jpg","datePublished":"2025-11-25T09:05:07+00:00","dateModified":"2025-11-25T11:01:24+00:00","author":{"@id":"https:\/\/www.rafanadalacademy.com\/fr\/#\/schema\/person\/744897d6ee269641fff954376180ef01"},"description":"Jaume Munar a mis fin \u00e0 la saison 2025, sans aucun doute la plus r\u00e9ussie de sa carri\u00e8re sur le circuit ATP, en disputant avec l'Espagne la grande finale de la Coupe Davis \u00e0 Bologne contre l'Italie, qui a \u00e9t\u00e9 de nouveau proclam\u00e9e championne pour la troisi\u00e8me \u00e9dition cons\u00e9cutive.","breadcrumb":{"@id":"https:\/\/www.rafanadalacademy.com\/fr\/academie-rafa-nadal-par-movistar\/jaume-munar-clot-la-meilleure-annee-de-sa-carriere\/#breadcrumb"},"inLanguage":"fr-FR","potentialAction":[{"@type":"ReadAction","target":["https:\/\/www.rafanadalacademy.com\/fr\/academie-rafa-nadal-par-movistar\/jaume-munar-clot-la-meilleure-annee-de-sa-carriere\/"]}]},{"@type":"ImageObject","inLanguage":"fr-FR","@id":"https:\/\/www.rafanadalacademy.com\/fr\/academie-rafa-nadal-par-movistar\/jaume-munar-clot-la-meilleure-annee-de-sa-carriere\/#primaryimage","url":"https:\/\/www.rafanadalacademy.com\/wp-content\/uploads\/2025\/11\/MUNAR-COPA-DAVIS-scaled-e1764061641642.jpg","contentUrl":"https:\/\/www.rafanadalacademy.com\/wp-content\/uploads\/2025\/11\/MUNAR-COPA-DAVIS-scaled-e1764061641642.jpg","width":2560,"height":1707,"caption":"Jaume Munar, en la final de la Copa Davis 2025"},{"@type":"BreadcrumbList","@id":"https:\/\/www.rafanadalacademy.com\/fr\/academie-rafa-nadal-par-movistar\/jaume-munar-clot-la-meilleure-annee-de-sa-carriere\/#breadcrumb","itemListElement":[{"@type":"ListItem","position":1,"name":"Home","item":"https:\/\/www.rafanadalacademy.com\/fr\/"},{"@type":"ListItem","position":2,"name":"Jaume Munar cl\u00f4t la meilleure ann\u00e9e de sa carri\u00e8re"}]},{"@type":"WebSite","@id":"https:\/\/www.rafanadalacademy.com\/fr\/#website","url":"https:\/\/www.rafanadalacademy.com\/fr\/","name":"Rafa Nadal Academy","description":"Otro sitio realizado con WordPress","potentialAction":[{"@type":"SearchAction","target":{"@type":"EntryPoint","urlTemplate":"https:\/\/www.rafanadalacademy.com\/fr\/?s={search_term_string}"},"query-input":{"@type":"PropertyValueSpecification","valueRequired":true,"valueName":"search_term_string"}}],"inLanguage":"fr-FR"},{"@type":"Person","@id":"https:\/\/www.rafanadalacademy.com\/fr\/#\/schema\/person\/744897d6ee269641fff954376180ef01","name":"joseluisprados","image":{"@type":"ImageObject","inLanguage":"fr-FR","@id":"https:\/\/www.rafanadalacademy.com\/fr\/#\/schema\/person\/image\/","url":"https:\/\/secure.gravatar.com\/avatar\/8aa823a6e5501864ffab4785d9e2a994b59c2d45c9f9751c5a532abfec081e5f?s=96&d=mm&r=g","contentUrl":"https:\/\/secure.gravatar.com\/avatar\/8aa823a6e5501864ffab4785d9e2a994b59c2d45c9f9751c5a532abfec081e5f?s=96&d=mm&r=g","caption":"joseluisprados"},"url":"https:\/\/www.rafanadalacademy.com\/fr\/author\/joseluisprados\/"},{"@type":"ImageObject","inLanguage":"fr-FR","@id":"https:\/\/www.rafanadalacademy.com\/fr\/academie-rafa-nadal-par-movistar\/jaume-munar-clot-la-meilleure-annee-de-sa-carriere\/#local-main-organization-logo","url":"","contentUrl":"","caption":"Rafa Nadal Academy"}]}},"_links":{"self":[{"href":"https:\/\/www.rafanadalacademy.com\/fr\/wp-json\/wp\/v2\/posts\/37162","targetHints":{"allow":["GET"]}}],"collection":[{"href":"https:\/\/www.rafanadalacademy.com\/fr\/wp-json\/wp\/v2\/posts"}],"about":[{"href":"https:\/\/www.rafanadalacademy.com\/fr\/wp-json\/wp\/v2\/types\/post"}],"author":[{"embeddable":true,"href":"https:\/\/www.rafanadalacademy.com\/fr\/wp-json\/wp\/v2\/users\/23"}],"replies":[{"embeddable":true,"href":"https:\/\/www.rafanadalacademy.com\/fr\/wp-json\/wp\/v2\/comments?post=37162"}],"version-history":[{"count":1,"href":"https:\/\/www.rafanadalacademy.com\/fr\/wp-json\/wp\/v2\/posts\/37162\/revisions"}],"predecessor-version":[{"id":37163,"href":"https:\/\/www.rafanadalacademy.com\/fr\/wp-json\/wp\/v2\/posts\/37162\/revisions\/37163"}],"wp:featuredmedia":[{"embeddable":true,"href":"https:\/\/www.rafanadalacademy.com\/fr\/wp-json\/wp\/v2\/media\/37103"}],"wp:attachment":[{"href":"https:\/\/www.rafanadalacademy.com\/fr\/wp-json\/wp\/v2\/media?parent=37162"}],"wp:term":[{"taxonomy":"category","embeddable":true,"href":"https:\/\/www.rafanadalacademy.com\/fr\/wp-json\/wp\/v2\/categories?post=37162"},{"taxonomy":"post_tag","embeddable":true,"href":"https:\/\/www.rafanadalacademy.com\/fr\/wp-json\/wp\/v2\/tags?post=37162"}],"curies":[{"name":"wp","href":"https:\/\/api.w.org\/{rel}","templated":true}]}}