{"id":35589,"date":"2025-10-20T09:07:55","date_gmt":"2025-10-20T09:07:55","guid":{"rendered":"https:\/\/www.rafanadalacademy.com\/non-classifiee\/casper-ruud-couronne-a-stockholm-le-jour-du-neuvieme-anniversaire-de-la-rafa-nadal-academy\/"},"modified":"2025-10-20T09:17:05","modified_gmt":"2025-10-20T09:17:05","slug":"casper-ruud-couronne-a-stockholm-le-jour-du-neuvieme-anniversaire-de-la-rafa-nadal-academy","status":"publish","type":"post","link":"https:\/\/www.rafanadalacademy.com\/fr\/academie-rafa-nadal-par-movistar\/casper-ruud-couronne-a-stockholm-le-jour-du-neuvieme-anniversaire-de-la-rafa-nadal-academy\/","title":{"rendered":"Casper Ruud couronn\u00e9 \u00e0 Stockholm le jour du neuvi\u00e8me anniversaire de la Rafa Nadal Academy"},"content":{"rendered":"\n<p>Le Norv\u00e9gien Casper Ruud a remport\u00e9 le titre de l&#8217;Open nordique de Stockholm en battant le Fran\u00e7ais Ugo Humbert 6-2, 6-3 en finale. Le joueur de la Rafa Nadal Academy, qui a atteint la deuxi\u00e8me place mondiale et a jou\u00e9 contre Rafa Nadal en finale de Roland Garros en 2022, a remport\u00e9 son deuxi\u00e8me titre de la saison, apr\u00e8s avoir gagn\u00e9 le Mutua Madrid Open. <\/p>\n\n<figure class=\"wp-block-image size-full\"><img loading=\"lazy\" decoding=\"async\" width=\"1920\" height=\"1080\" src=\"https:\/\/www.rafanadalacademy.com\/wp-content\/uploads\/2025\/10\/estocolmo-2025-domingo-ruud-campeon.jpg\" alt=\"\" class=\"wp-image-35573\" srcset=\"https:\/\/www.rafanadalacademy.com\/wp-content\/uploads\/2025\/10\/estocolmo-2025-domingo-ruud-campeon.jpg 1920w, https:\/\/www.rafanadalacademy.com\/wp-content\/uploads\/2025\/10\/estocolmo-2025-domingo-ruud-campeon-300x169.jpg 300w, https:\/\/www.rafanadalacademy.com\/wp-content\/uploads\/2025\/10\/estocolmo-2025-domingo-ruud-campeon-1024x576.jpg 1024w, https:\/\/www.rafanadalacademy.com\/wp-content\/uploads\/2025\/10\/estocolmo-2025-domingo-ruud-campeon-768x432.jpg 768w, https:\/\/www.rafanadalacademy.com\/wp-content\/uploads\/2025\/10\/estocolmo-2025-domingo-ruud-campeon-1536x864.jpg 1536w\" sizes=\"auto, (max-width: 1920px) 100vw, 1920px\" \/><figcaption class=\"wp-element-caption\">Casper Rudd, champion du Nordic Open Stockholm 2025 &#8211; Linnea Rheborg\/Getty Images<\/figcaption><\/figure>\n\n<div style=\"height:50px\" aria-hidden=\"true\" class=\"wp-block-spacer\"><\/div>\n\n<p>Ruud, qui \u00e9tait accompagn\u00e9 par l&#8217;Acad\u00e9mie Rafa Nadal et l&#8217;entra\u00eeneur de Movistar Pedro Clar, a r\u00e9alis\u00e9 une performance sans faille, remportant 36 des 39 points au service et ne conc\u00e9dant pas un seul break, bien que Humbert se soit procur\u00e9 six balles de break. En seulement 68 minutes, le Norv\u00e9gien a battu le Fran\u00e7ais pour remporter la quatorzi\u00e8me couronne de sa carri\u00e8re. <\/p>\n\n<p>Le joueur de tennis n&#8217;a pas cach\u00e9 sa joie apr\u00e8s avoir remport\u00e9 un tournoi qui figure sur la liste des v\u00e9ritables l\u00e9gendes du tennis. &#8220;Je suis tr\u00e8s heureux de gagner ici \u00e0 Stockholm. C&#8217;est un r\u00eave d&#8217;enfant qui se r\u00e9alise, parce que c&#8217;est pr\u00e8s de la Norv\u00e8ge et parce que de grandes l\u00e9gendes ont jou\u00e9 ici dans le pass\u00e9 : Federer, Nadal, Borg, McEnroe&#8230; C&#8217;est un honneur de remporter le titre dans ce tournoi&#8221;, a d\u00e9clar\u00e9 Ruud. <\/p>\n\n<div style=\"height:50px\" aria-hidden=\"true\" class=\"wp-block-spacer\"><\/div>\n\n<figure class=\"wp-block-embed is-type-rich is-provider-twitter wp-block-embed-twitter\"><div class=\"wp-block-embed__wrapper\">\n<blockquote class=\"twitter-tweet\" data-width=\"500\" data-dnt=\"true\"><p lang=\"en\" dir=\"ltr\">Out of this world performance \ud83c\udf0e<br><br>A simply flawless <a href=\"https:\/\/twitter.com\/CasperRuud98?ref_src=twsrc%5Etfw\">@CasperRuud98<\/a> takes the crown with a 6-2 6-3 scoreline<a href=\"https:\/\/twitter.com\/bnppnordicopen?ref_src=twsrc%5Etfw\">@bnppnordicopen<\/a> | <a href=\"https:\/\/twitter.com\/hashtag\/bnppnordicopen?src=hash&amp;ref_src=twsrc%5Etfw\">#bnppnordicopen<\/a> <a href=\"https:\/\/t.co\/g0fu0WD4Hi\">pic.twitter.com\/g0fu0WD4Hi<\/a><\/p>&mdash; ATP Tour (@atptour) <a href=\"https:\/\/twitter.com\/atptour\/status\/1979917720867975445?ref_src=twsrc%5Etfw\">October 19, 2025<\/a><\/blockquote><script async src=\"https:\/\/platform.twitter.com\/widgets.js\" charset=\"utf-8\"><\/script>\n<\/div><\/figure>\n\n<div style=\"height:50px\" aria-hidden=\"true\" class=\"wp-block-spacer\"><\/div>\n\n<p>La victoire \u00e0 Stockholm lui permet \u00e9galement de devenir le joueur ayant remport\u00e9 le plus grand nombre de victoires en salle (11) jusqu&#8217;\u00e0 pr\u00e9sent en 2025, et de conserver ses chances de se qualifier pour les Finales de l&#8217;ATP. Ruud est actuellement 11e de la Race, \u00e0 745 points de l&#8217;Italien Lorenzo Musetti, qui occupe actuellement la huiti\u00e8me et derni\u00e8re place pour le tournoi de Turin, o\u00f9 le Norv\u00e9gien a \u00e9t\u00e9 finaliste l&#8217;an dernier. <\/p>\n\n<div style=\"height:51px\" aria-hidden=\"true\" class=\"wp-block-spacer\"><\/div>\n\n<figure class=\"wp-block-embed is-type-rich is-provider-twitter wp-block-embed-twitter\"><div class=\"wp-block-embed__wrapper\">\n<blockquote class=\"twitter-tweet\" data-width=\"500\" data-dnt=\"true\"><p lang=\"en\" dir=\"ltr\">Easy does it \ud83d\ude05\ud83d\udcaa<br><br>The 8th Scandinavian champion in tournament history <a href=\"https:\/\/twitter.com\/CasperRuud98?ref_src=twsrc%5Etfw\">@CasperRuud98<\/a> with the heavy lifting<br><br> <a href=\"https:\/\/twitter.com\/bnppnordicopen?ref_src=twsrc%5Etfw\">@bnppnordicopen<\/a> | <a href=\"https:\/\/twitter.com\/hashtag\/bnppnordicopen?src=hash&amp;ref_src=twsrc%5Etfw\">#bnppnordicopen<\/a> <a href=\"https:\/\/t.co\/7qN5DVzI8T\">pic.twitter.com\/7qN5DVzI8T<\/a><\/p>&mdash; ATP Tour (@atptour) <a href=\"https:\/\/twitter.com\/atptour\/status\/1979919707378467233?ref_src=twsrc%5Etfw\">October 19, 2025<\/a><\/blockquote><script async src=\"https:\/\/platform.twitter.com\/widgets.js\" charset=\"utf-8\"><\/script>\n<\/div><\/figure>\n","protected":false},"excerpt":{"rendered":"<p>Le Norv\u00e9gien Casper Ruud a remport\u00e9 le titre de l&#8217;Open nordique de Stockholm en battant le Fran\u00e7ais Ugo Humbert 6-2, 6-3 en finale. Le joueur de la Rafa Nadal Academy, qui a atteint la deuxi\u00e8me place mondiale et a jou\u00e9 contre Rafa Nadal en finale de Roland Garros en 2022, a remport\u00e9 son deuxi\u00e8me titre<a href=\"https:\/\/www.rafanadalacademy.com\/fr\/academie-rafa-nadal-par-movistar\/casper-ruud-couronne-a-stockholm-le-jour-du-neuvieme-anniversaire-de-la-rafa-nadal-academy\/\">Continue reading <span class=\"sr-only\">&#8220;Casper Ruud couronn\u00e9 \u00e0 Stockholm le jour du neuvi\u00e8me anniversaire de la Rafa Nadal Academy&#8221;<\/span><\/a><\/p>\n","protected":false},"author":23,"featured_media":35576,"comment_status":"closed","ping_status":"closed","sticky":false,"template":"","format":"standard","meta":{"_acf_changed":false,"footnotes":""},"categories":[206,158],"tags":[207],"class_list":["post-35589","post","type-post","status-publish","format-standard","has-post-thumbnail","hentry","category-academie-rafa-nadal-par-movistar","category-informations","tag-academie-rafa-nadal-par-movistar"],"acf":[],"yoast_head":"<!-- This site is optimized with the Yoast SEO Premium plugin v26.8 (Yoast SEO v26.9) - https:\/\/yoast.com\/product\/yoast-seo-premium-wordpress\/ -->\n<title>Casper Ruud couronn\u00e9 \u00e0 Stockholm le jour du neuvi\u00e8me anniversaire de la Rafa Nadal Academy - Rafa Nadal Academy<\/title>\n<meta name=\"description\" content=\"Casper Ruud a remport\u00e9 le Nordic Open de Stockholm en battant le Fran\u00e7ais Ugo Humbert 6-2, 6-3 en finale. Le joueur de la Rafa Nadal Academy a ainsi remport\u00e9 son deuxi\u00e8me titre de l&#039;ann\u00e9e apr\u00e8s le Mutua Madrid Open.\" \/>\n<meta name=\"robots\" content=\"index, follow, max-snippet:-1, max-image-preview:large, max-video-preview:-1\" \/>\n<link rel=\"canonical\" href=\"https:\/\/www.rafanadalacademy.com\/fr\/academie-rafa-nadal-par-movistar\/casper-ruud-couronne-a-stockholm-le-jour-du-neuvieme-anniversaire-de-la-rafa-nadal-academy\/\" \/>\n<meta property=\"og:locale\" content=\"fr_FR\" \/>\n<meta property=\"og:type\" content=\"article\" \/>\n<meta property=\"og:title\" content=\"Casper Ruud couronn\u00e9 \u00e0 Stockholm le jour du neuvi\u00e8me anniversaire de la Rafa Nadal Academy\" \/>\n<meta property=\"og:description\" content=\"Casper Ruud a remport\u00e9 le Nordic Open de Stockholm en battant le Fran\u00e7ais Ugo Humbert 6-2, 6-3 en finale. Le joueur de la Rafa Nadal Academy a ainsi remport\u00e9 son deuxi\u00e8me titre de l&#039;ann\u00e9e apr\u00e8s le Mutua Madrid Open.\" \/>\n<meta property=\"og:url\" content=\"https:\/\/www.rafanadalacademy.com\/fr\/academie-rafa-nadal-par-movistar\/casper-ruud-couronne-a-stockholm-le-jour-du-neuvieme-anniversaire-de-la-rafa-nadal-academy\/\" \/>\n<meta property=\"og:site_name\" content=\"Rafa Nadal Academy\" \/>\n<meta property=\"article:published_time\" content=\"2025-10-20T09:07:55+00:00\" \/>\n<meta property=\"article:modified_time\" content=\"2025-10-20T09:17:05+00:00\" \/>\n<meta property=\"og:image\" content=\"https:\/\/www.rafanadalacademy.com\/wp-content\/uploads\/2025\/10\/estocolmo-2025-domingo-ruud-campeon.jpg\" \/>\n\t<meta property=\"og:image:width\" content=\"1920\" \/>\n\t<meta property=\"og:image:height\" content=\"1080\" \/>\n\t<meta property=\"og:image:type\" content=\"image\/jpeg\" \/>\n<meta name=\"author\" content=\"joseluisprados\" \/>\n<meta name=\"twitter:card\" content=\"summary_large_image\" \/>\n<meta name=\"twitter:label1\" content=\"Written by\" \/>\n\t<meta name=\"twitter:data1\" content=\"joseluisprados\" \/>\n\t<meta name=\"twitter:label2\" content=\"Est. reading time\" \/>\n\t<meta name=\"twitter:data2\" content=\"2 minutes\" \/>\n<script type=\"application\/ld+json\" class=\"yoast-schema-graph\">{\"@context\":\"https:\/\/schema.org\",\"@graph\":[{\"@type\":\"Article\",\"@id\":\"https:\/\/www.rafanadalacademy.com\/fr\/academie-rafa-nadal-par-movistar\/casper-ruud-couronne-a-stockholm-le-jour-du-neuvieme-anniversaire-de-la-rafa-nadal-academy\/#article\",\"isPartOf\":{\"@id\":\"https:\/\/www.rafanadalacademy.com\/fr\/academie-rafa-nadal-par-movistar\/casper-ruud-couronne-a-stockholm-le-jour-du-neuvieme-anniversaire-de-la-rafa-nadal-academy\/\"},\"author\":{\"name\":\"joseluisprados\",\"@id\":\"https:\/\/www.rafanadalacademy.com\/fr\/#\/schema\/person\/744897d6ee269641fff954376180ef01\"},\"headline\":\"Casper Ruud couronn\u00e9 \u00e0 Stockholm le jour du neuvi\u00e8me anniversaire de la Rafa Nadal Academy\",\"datePublished\":\"2025-10-20T09:07:55+00:00\",\"dateModified\":\"2025-10-20T09:17:05+00:00\",\"mainEntityOfPage\":{\"@id\":\"https:\/\/www.rafanadalacademy.com\/fr\/academie-rafa-nadal-par-movistar\/casper-ruud-couronne-a-stockholm-le-jour-du-neuvieme-anniversaire-de-la-rafa-nadal-academy\/\"},\"wordCount\":342,\"image\":{\"@id\":\"https:\/\/www.rafanadalacademy.com\/fr\/academie-rafa-nadal-par-movistar\/casper-ruud-couronne-a-stockholm-le-jour-du-neuvieme-anniversaire-de-la-rafa-nadal-academy\/#primaryimage\"},\"thumbnailUrl\":\"https:\/\/www.rafanadalacademy.com\/wp-content\/uploads\/2025\/10\/estocolmo-2025-domingo-ruud-campeon.jpg\",\"keywords\":[\"ACAD\u00c9MIE RAFA NADAL PAR MOVISTAR\"],\"articleSection\":[\"ACAD\u00c9MIE RAFA NADAL PAR MOVISTAR\",\"informations\"],\"inLanguage\":\"fr-FR\",\"copyrightYear\":\"2025\",\"copyrightHolder\":{\"@id\":\"https:\/\/www.rafanadalacademy.com\/#organization\"}},{\"@type\":\"WebPage\",\"@id\":\"https:\/\/www.rafanadalacademy.com\/fr\/academie-rafa-nadal-par-movistar\/casper-ruud-couronne-a-stockholm-le-jour-du-neuvieme-anniversaire-de-la-rafa-nadal-academy\/\",\"url\":\"https:\/\/www.rafanadalacademy.com\/fr\/academie-rafa-nadal-par-movistar\/casper-ruud-couronne-a-stockholm-le-jour-du-neuvieme-anniversaire-de-la-rafa-nadal-academy\/\",\"name\":\"Casper Ruud couronn\u00e9 \u00e0 Stockholm le jour du neuvi\u00e8me anniversaire de la Rafa Nadal Academy - Rafa Nadal Academy\",\"isPartOf\":{\"@id\":\"https:\/\/www.rafanadalacademy.com\/fr\/#website\"},\"primaryImageOfPage\":{\"@id\":\"https:\/\/www.rafanadalacademy.com\/fr\/academie-rafa-nadal-par-movistar\/casper-ruud-couronne-a-stockholm-le-jour-du-neuvieme-anniversaire-de-la-rafa-nadal-academy\/#primaryimage\"},\"image\":{\"@id\":\"https:\/\/www.rafanadalacademy.com\/fr\/academie-rafa-nadal-par-movistar\/casper-ruud-couronne-a-stockholm-le-jour-du-neuvieme-anniversaire-de-la-rafa-nadal-academy\/#primaryimage\"},\"thumbnailUrl\":\"https:\/\/www.rafanadalacademy.com\/wp-content\/uploads\/2025\/10\/estocolmo-2025-domingo-ruud-campeon.jpg\",\"datePublished\":\"2025-10-20T09:07:55+00:00\",\"dateModified\":\"2025-10-20T09:17:05+00:00\",\"author\":{\"@id\":\"https:\/\/www.rafanadalacademy.com\/fr\/#\/schema\/person\/744897d6ee269641fff954376180ef01\"},\"description\":\"Casper Ruud a remport\u00e9 le Nordic Open de Stockholm en battant le Fran\u00e7ais Ugo Humbert 6-2, 6-3 en finale. Le joueur de la Rafa Nadal Academy a ainsi remport\u00e9 son deuxi\u00e8me titre de l'ann\u00e9e apr\u00e8s le Mutua Madrid Open.\",\"breadcrumb\":{\"@id\":\"https:\/\/www.rafanadalacademy.com\/fr\/academie-rafa-nadal-par-movistar\/casper-ruud-couronne-a-stockholm-le-jour-du-neuvieme-anniversaire-de-la-rafa-nadal-academy\/#breadcrumb\"},\"inLanguage\":\"fr-FR\",\"potentialAction\":[{\"@type\":\"ReadAction\",\"target\":[\"https:\/\/www.rafanadalacademy.com\/fr\/academie-rafa-nadal-par-movistar\/casper-ruud-couronne-a-stockholm-le-jour-du-neuvieme-anniversaire-de-la-rafa-nadal-academy\/\"]}]},{\"@type\":\"ImageObject\",\"inLanguage\":\"fr-FR\",\"@id\":\"https:\/\/www.rafanadalacademy.com\/fr\/academie-rafa-nadal-par-movistar\/casper-ruud-couronne-a-stockholm-le-jour-du-neuvieme-anniversaire-de-la-rafa-nadal-academy\/#primaryimage\",\"url\":\"https:\/\/www.rafanadalacademy.com\/wp-content\/uploads\/2025\/10\/estocolmo-2025-domingo-ruud-campeon.jpg\",\"contentUrl\":\"https:\/\/www.rafanadalacademy.com\/wp-content\/uploads\/2025\/10\/estocolmo-2025-domingo-ruud-campeon.jpg\",\"width\":1920,\"height\":1080,\"caption\":\"Casper Rudd, campe\u00f3n del\"},{\"@type\":\"BreadcrumbList\",\"@id\":\"https:\/\/www.rafanadalacademy.com\/fr\/academie-rafa-nadal-par-movistar\/casper-ruud-couronne-a-stockholm-le-jour-du-neuvieme-anniversaire-de-la-rafa-nadal-academy\/#breadcrumb\",\"itemListElement\":[{\"@type\":\"ListItem\",\"position\":1,\"name\":\"Home\",\"item\":\"https:\/\/www.rafanadalacademy.com\/fr\/\"},{\"@type\":\"ListItem\",\"position\":2,\"name\":\"Casper Ruud couronn\u00e9 \u00e0 Stockholm le jour du neuvi\u00e8me anniversaire de la Rafa Nadal Academy\"}]},{\"@type\":\"WebSite\",\"@id\":\"https:\/\/www.rafanadalacademy.com\/fr\/#website\",\"url\":\"https:\/\/www.rafanadalacademy.com\/fr\/\",\"name\":\"Rafa Nadal Academy\",\"description\":\"Otro sitio realizado con WordPress\",\"potentialAction\":[{\"@type\":\"SearchAction\",\"target\":{\"@type\":\"EntryPoint\",\"urlTemplate\":\"https:\/\/www.rafanadalacademy.com\/fr\/?s={search_term_string}\"},\"query-input\":{\"@type\":\"PropertyValueSpecification\",\"valueRequired\":true,\"valueName\":\"search_term_string\"}}],\"inLanguage\":\"fr-FR\"},{\"@type\":\"Person\",\"@id\":\"https:\/\/www.rafanadalacademy.com\/fr\/#\/schema\/person\/744897d6ee269641fff954376180ef01\",\"name\":\"joseluisprados\",\"image\":{\"@type\":\"ImageObject\",\"inLanguage\":\"fr-FR\",\"@id\":\"https:\/\/www.rafanadalacademy.com\/fr\/#\/schema\/person\/image\/\",\"url\":\"https:\/\/secure.gravatar.com\/avatar\/8aa823a6e5501864ffab4785d9e2a994b59c2d45c9f9751c5a532abfec081e5f?s=96&d=mm&r=g\",\"contentUrl\":\"https:\/\/secure.gravatar.com\/avatar\/8aa823a6e5501864ffab4785d9e2a994b59c2d45c9f9751c5a532abfec081e5f?s=96&d=mm&r=g\",\"caption\":\"joseluisprados\"},\"url\":\"https:\/\/www.rafanadalacademy.com\/fr\/author\/joseluisprados\/\"},{\"@type\":\"ImageObject\",\"inLanguage\":\"fr-FR\",\"@id\":\"https:\/\/www.rafanadalacademy.com\/fr\/academie-rafa-nadal-par-movistar\/casper-ruud-couronne-a-stockholm-le-jour-du-neuvieme-anniversaire-de-la-rafa-nadal-academy\/#local-main-organization-logo\",\"url\":\"\",\"contentUrl\":\"\",\"caption\":\"Rafa Nadal Academy\"}]}<\/script>\n<!-- \/ Yoast SEO Premium plugin. -->","yoast_head_json":{"title":"Casper Ruud couronn\u00e9 \u00e0 Stockholm le jour du neuvi\u00e8me anniversaire de la Rafa Nadal Academy - Rafa Nadal Academy","description":"Casper Ruud a remport\u00e9 le Nordic Open de Stockholm en battant le Fran\u00e7ais Ugo Humbert 6-2, 6-3 en finale. Le joueur de la Rafa Nadal Academy a ainsi remport\u00e9 son deuxi\u00e8me titre de l'ann\u00e9e apr\u00e8s le Mutua Madrid Open.","robots":{"index":"index","follow":"follow","max-snippet":"max-snippet:-1","max-image-preview":"max-image-preview:large","max-video-preview":"max-video-preview:-1"},"canonical":"https:\/\/www.rafanadalacademy.com\/fr\/academie-rafa-nadal-par-movistar\/casper-ruud-couronne-a-stockholm-le-jour-du-neuvieme-anniversaire-de-la-rafa-nadal-academy\/","og_locale":"fr_FR","og_type":"article","og_title":"Casper Ruud couronn\u00e9 \u00e0 Stockholm le jour du neuvi\u00e8me anniversaire de la Rafa Nadal Academy","og_description":"Casper Ruud a remport\u00e9 le Nordic Open de Stockholm en battant le Fran\u00e7ais Ugo Humbert 6-2, 6-3 en finale. Le joueur de la Rafa Nadal Academy a ainsi remport\u00e9 son deuxi\u00e8me titre de l'ann\u00e9e apr\u00e8s le Mutua Madrid Open.","og_url":"https:\/\/www.rafanadalacademy.com\/fr\/academie-rafa-nadal-par-movistar\/casper-ruud-couronne-a-stockholm-le-jour-du-neuvieme-anniversaire-de-la-rafa-nadal-academy\/","og_site_name":"Rafa Nadal Academy","article_published_time":"2025-10-20T09:07:55+00:00","article_modified_time":"2025-10-20T09:17:05+00:00","og_image":[{"width":1920,"height":1080,"url":"https:\/\/www.rafanadalacademy.com\/wp-content\/uploads\/2025\/10\/estocolmo-2025-domingo-ruud-campeon.jpg","type":"image\/jpeg"}],"author":"joseluisprados","twitter_card":"summary_large_image","twitter_misc":{"Written by":"joseluisprados","Est. reading time":"2 minutes"},"schema":{"@context":"https:\/\/schema.org","@graph":[{"@type":"Article","@id":"https:\/\/www.rafanadalacademy.com\/fr\/academie-rafa-nadal-par-movistar\/casper-ruud-couronne-a-stockholm-le-jour-du-neuvieme-anniversaire-de-la-rafa-nadal-academy\/#article","isPartOf":{"@id":"https:\/\/www.rafanadalacademy.com\/fr\/academie-rafa-nadal-par-movistar\/casper-ruud-couronne-a-stockholm-le-jour-du-neuvieme-anniversaire-de-la-rafa-nadal-academy\/"},"author":{"name":"joseluisprados","@id":"https:\/\/www.rafanadalacademy.com\/fr\/#\/schema\/person\/744897d6ee269641fff954376180ef01"},"headline":"Casper Ruud couronn\u00e9 \u00e0 Stockholm le jour du neuvi\u00e8me anniversaire de la Rafa Nadal Academy","datePublished":"2025-10-20T09:07:55+00:00","dateModified":"2025-10-20T09:17:05+00:00","mainEntityOfPage":{"@id":"https:\/\/www.rafanadalacademy.com\/fr\/academie-rafa-nadal-par-movistar\/casper-ruud-couronne-a-stockholm-le-jour-du-neuvieme-anniversaire-de-la-rafa-nadal-academy\/"},"wordCount":342,"image":{"@id":"https:\/\/www.rafanadalacademy.com\/fr\/academie-rafa-nadal-par-movistar\/casper-ruud-couronne-a-stockholm-le-jour-du-neuvieme-anniversaire-de-la-rafa-nadal-academy\/#primaryimage"},"thumbnailUrl":"https:\/\/www.rafanadalacademy.com\/wp-content\/uploads\/2025\/10\/estocolmo-2025-domingo-ruud-campeon.jpg","keywords":["ACAD\u00c9MIE RAFA NADAL PAR MOVISTAR"],"articleSection":["ACAD\u00c9MIE RAFA NADAL PAR MOVISTAR","informations"],"inLanguage":"fr-FR","copyrightYear":"2025","copyrightHolder":{"@id":"https:\/\/www.rafanadalacademy.com\/#organization"}},{"@type":"WebPage","@id":"https:\/\/www.rafanadalacademy.com\/fr\/academie-rafa-nadal-par-movistar\/casper-ruud-couronne-a-stockholm-le-jour-du-neuvieme-anniversaire-de-la-rafa-nadal-academy\/","url":"https:\/\/www.rafanadalacademy.com\/fr\/academie-rafa-nadal-par-movistar\/casper-ruud-couronne-a-stockholm-le-jour-du-neuvieme-anniversaire-de-la-rafa-nadal-academy\/","name":"Casper Ruud couronn\u00e9 \u00e0 Stockholm le jour du neuvi\u00e8me anniversaire de la Rafa Nadal Academy - Rafa Nadal Academy","isPartOf":{"@id":"https:\/\/www.rafanadalacademy.com\/fr\/#website"},"primaryImageOfPage":{"@id":"https:\/\/www.rafanadalacademy.com\/fr\/academie-rafa-nadal-par-movistar\/casper-ruud-couronne-a-stockholm-le-jour-du-neuvieme-anniversaire-de-la-rafa-nadal-academy\/#primaryimage"},"image":{"@id":"https:\/\/www.rafanadalacademy.com\/fr\/academie-rafa-nadal-par-movistar\/casper-ruud-couronne-a-stockholm-le-jour-du-neuvieme-anniversaire-de-la-rafa-nadal-academy\/#primaryimage"},"thumbnailUrl":"https:\/\/www.rafanadalacademy.com\/wp-content\/uploads\/2025\/10\/estocolmo-2025-domingo-ruud-campeon.jpg","datePublished":"2025-10-20T09:07:55+00:00","dateModified":"2025-10-20T09:17:05+00:00","author":{"@id":"https:\/\/www.rafanadalacademy.com\/fr\/#\/schema\/person\/744897d6ee269641fff954376180ef01"},"description":"Casper Ruud a remport\u00e9 le Nordic Open de Stockholm en battant le Fran\u00e7ais Ugo Humbert 6-2, 6-3 en finale. Le joueur de la Rafa Nadal Academy a ainsi remport\u00e9 son deuxi\u00e8me titre de l'ann\u00e9e apr\u00e8s le Mutua Madrid Open.","breadcrumb":{"@id":"https:\/\/www.rafanadalacademy.com\/fr\/academie-rafa-nadal-par-movistar\/casper-ruud-couronne-a-stockholm-le-jour-du-neuvieme-anniversaire-de-la-rafa-nadal-academy\/#breadcrumb"},"inLanguage":"fr-FR","potentialAction":[{"@type":"ReadAction","target":["https:\/\/www.rafanadalacademy.com\/fr\/academie-rafa-nadal-par-movistar\/casper-ruud-couronne-a-stockholm-le-jour-du-neuvieme-anniversaire-de-la-rafa-nadal-academy\/"]}]},{"@type":"ImageObject","inLanguage":"fr-FR","@id":"https:\/\/www.rafanadalacademy.com\/fr\/academie-rafa-nadal-par-movistar\/casper-ruud-couronne-a-stockholm-le-jour-du-neuvieme-anniversaire-de-la-rafa-nadal-academy\/#primaryimage","url":"https:\/\/www.rafanadalacademy.com\/wp-content\/uploads\/2025\/10\/estocolmo-2025-domingo-ruud-campeon.jpg","contentUrl":"https:\/\/www.rafanadalacademy.com\/wp-content\/uploads\/2025\/10\/estocolmo-2025-domingo-ruud-campeon.jpg","width":1920,"height":1080,"caption":"Casper Rudd, campe\u00f3n del"},{"@type":"BreadcrumbList","@id":"https:\/\/www.rafanadalacademy.com\/fr\/academie-rafa-nadal-par-movistar\/casper-ruud-couronne-a-stockholm-le-jour-du-neuvieme-anniversaire-de-la-rafa-nadal-academy\/#breadcrumb","itemListElement":[{"@type":"ListItem","position":1,"name":"Home","item":"https:\/\/www.rafanadalacademy.com\/fr\/"},{"@type":"ListItem","position":2,"name":"Casper Ruud couronn\u00e9 \u00e0 Stockholm le jour du neuvi\u00e8me anniversaire de la Rafa Nadal Academy"}]},{"@type":"WebSite","@id":"https:\/\/www.rafanadalacademy.com\/fr\/#website","url":"https:\/\/www.rafanadalacademy.com\/fr\/","name":"Rafa Nadal Academy","description":"Otro sitio realizado con WordPress","potentialAction":[{"@type":"SearchAction","target":{"@type":"EntryPoint","urlTemplate":"https:\/\/www.rafanadalacademy.com\/fr\/?s={search_term_string}"},"query-input":{"@type":"PropertyValueSpecification","valueRequired":true,"valueName":"search_term_string"}}],"inLanguage":"fr-FR"},{"@type":"Person","@id":"https:\/\/www.rafanadalacademy.com\/fr\/#\/schema\/person\/744897d6ee269641fff954376180ef01","name":"joseluisprados","image":{"@type":"ImageObject","inLanguage":"fr-FR","@id":"https:\/\/www.rafanadalacademy.com\/fr\/#\/schema\/person\/image\/","url":"https:\/\/secure.gravatar.com\/avatar\/8aa823a6e5501864ffab4785d9e2a994b59c2d45c9f9751c5a532abfec081e5f?s=96&d=mm&r=g","contentUrl":"https:\/\/secure.gravatar.com\/avatar\/8aa823a6e5501864ffab4785d9e2a994b59c2d45c9f9751c5a532abfec081e5f?s=96&d=mm&r=g","caption":"joseluisprados"},"url":"https:\/\/www.rafanadalacademy.com\/fr\/author\/joseluisprados\/"},{"@type":"ImageObject","inLanguage":"fr-FR","@id":"https:\/\/www.rafanadalacademy.com\/fr\/academie-rafa-nadal-par-movistar\/casper-ruud-couronne-a-stockholm-le-jour-du-neuvieme-anniversaire-de-la-rafa-nadal-academy\/#local-main-organization-logo","url":"","contentUrl":"","caption":"Rafa Nadal Academy"}]}},"_links":{"self":[{"href":"https:\/\/www.rafanadalacademy.com\/fr\/wp-json\/wp\/v2\/posts\/35589","targetHints":{"allow":["GET"]}}],"collection":[{"href":"https:\/\/www.rafanadalacademy.com\/fr\/wp-json\/wp\/v2\/posts"}],"about":[{"href":"https:\/\/www.rafanadalacademy.com\/fr\/wp-json\/wp\/v2\/types\/post"}],"author":[{"embeddable":true,"href":"https:\/\/www.rafanadalacademy.com\/fr\/wp-json\/wp\/v2\/users\/23"}],"replies":[{"embeddable":true,"href":"https:\/\/www.rafanadalacademy.com\/fr\/wp-json\/wp\/v2\/comments?post=35589"}],"version-history":[{"count":1,"href":"https:\/\/www.rafanadalacademy.com\/fr\/wp-json\/wp\/v2\/posts\/35589\/revisions"}],"predecessor-version":[{"id":35590,"href":"https:\/\/www.rafanadalacademy.com\/fr\/wp-json\/wp\/v2\/posts\/35589\/revisions\/35590"}],"wp:featuredmedia":[{"embeddable":true,"href":"https:\/\/www.rafanadalacademy.com\/fr\/wp-json\/wp\/v2\/media\/35576"}],"wp:attachment":[{"href":"https:\/\/www.rafanadalacademy.com\/fr\/wp-json\/wp\/v2\/media?parent=35589"}],"wp:term":[{"taxonomy":"category","embeddable":true,"href":"https:\/\/www.rafanadalacademy.com\/fr\/wp-json\/wp\/v2\/categories?post=35589"},{"taxonomy":"post_tag","embeddable":true,"href":"https:\/\/www.rafanadalacademy.com\/fr\/wp-json\/wp\/v2\/tags?post=35589"}],"curies":[{"name":"wp","href":"https:\/\/api.w.org\/{rel}","templated":true}]}}