{"id":35557,"date":"2025-10-17T07:44:28","date_gmt":"2025-10-17T07:44:28","guid":{"rendered":"https:\/\/www.rafanadalacademy.com\/non-classifiee\/lacademie-rafa-nadal-de-movistar-fete-son-neuvieme-anniversaire-consolidee-en-tant-que-reference-mondiale\/"},"modified":"2025-10-20T08:43:32","modified_gmt":"2025-10-20T08:43:32","slug":"lacademie-rafa-nadal-de-movistar-fete-son-neuvieme-anniversaire-consolidee-en-tant-que-reference-mondiale","status":"publish","type":"post","link":"https:\/\/www.rafanadalacademy.com\/fr\/academie-rafa-nadal-par-movistar\/lacademie-rafa-nadal-de-movistar-fete-son-neuvieme-anniversaire-consolidee-en-tant-que-reference-mondiale\/","title":{"rendered":"L&#8217;Acad\u00e9mie Rafa Nadal de Movistar f\u00eate son neuvi\u00e8me anniversaire, consolid\u00e9e en tant que r\u00e9f\u00e9rence mondiale."},"content":{"rendered":"\n<p>Le 19 octobre 2016 restera \u00e0 jamais un jour tr\u00e8s important dans la carri\u00e8re et l&#8217;h\u00e9ritage de Rafa Nadal. Ce jour-l\u00e0, Rafa lui-m\u00eame a officiellement inaugur\u00e9 la Rafa Nadal Academy dans sa ville natale de Manacor, en compagnie de Roger Federer et de nombreuses personnalit\u00e9s, autorit\u00e9s et amis.  Neuf ans plus tard, l&#8217;Acad\u00e9mie s&#8217;est impos\u00e9e comme l&#8217;un des principaux centres mondiaux de formation sportive, acad\u00e9mique et humaine.<\/p>\n\n<figure class=\"wp-block-embed is-type-video is-provider-youtube wp-block-embed-youtube wp-embed-aspect-16-9 wp-has-aspect-ratio\"><div class=\"wp-block-embed__wrapper\">\n<iframe loading=\"lazy\" title=\"Amazing views of Rafa Nadal Academy\" width=\"500\" height=\"281\" src=\"https:\/\/www.youtube.com\/embed\/SUQxlVVx8rc?start=55&#038;feature=oembed\" frameborder=\"0\" allow=\"accelerometer; autoplay; clipboard-write; encrypted-media; gyroscope; picture-in-picture; web-share\" referrerpolicy=\"strict-origin-when-cross-origin\" allowfullscreen><\/iframe>\n<\/div><\/figure>\n\n<div style=\"height:50px\" aria-hidden=\"true\" class=\"wp-block-spacer\"><\/div>\n\n<p>Depuis son ouverture, l&#8217;Acad\u00e9mie Rafa Nadal by Movistar a connu une croissance constante, fid\u00e8le \u00e0 sa mission : <strong>former des jeunes et des adultes \u00e0 travers l&#8217;excellence et les valeurs <\/strong>qui ont guid\u00e9 la carri\u00e8re de Rafa Nadal : l&#8217;effort, l&#8217;humilit\u00e9, le respect, la discipline, la r\u00e9silience et l&#8217;esprit de d\u00e9passement de soi. Son mod\u00e8le \u00e9ducatif, qui associe un entra\u00eenement sportif de haut niveau \u00e0 un enseignement acad\u00e9mique de premier ordre, permet aux \u00e9l\u00e8ves de d\u00e9velopper leur potentiel maximal ann\u00e9e apr\u00e8s ann\u00e9e, tant sur le terrain qu&#8217;en dehors. <\/p>\n\n<div style=\"height:50px\" aria-hidden=\"true\" class=\"wp-block-spacer\"><\/div>\n\n<figure class=\"wp-block-embed is-type-video is-provider-youtube wp-block-embed-youtube wp-embed-aspect-16-9 wp-has-aspect-ratio\"><div class=\"wp-block-embed__wrapper\">\n<iframe loading=\"lazy\" title=\"La Rafa Nadal Academy explicada por el propio Rafa\" width=\"500\" height=\"281\" src=\"https:\/\/www.youtube.com\/embed\/6m7eA6Tw_Kk?start=5&#038;feature=oembed\" frameborder=\"0\" allow=\"accelerometer; autoplay; clipboard-write; encrypted-media; gyroscope; picture-in-picture; web-share\" referrerpolicy=\"strict-origin-when-cross-origin\" allowfullscreen><\/iframe>\n<\/div><\/figure>\n\n<div style=\"height:50px\" aria-hidden=\"true\" class=\"wp-block-spacer\"><\/div>\n\n<p><strong>Un mod\u00e8le de r\u00e9ussite internationale<\/strong><\/p>\n\n<p>Au cours de ces neuf ann\u00e9es, l&#8217;Acad\u00e9mie s&#8217;est d\u00e9velopp\u00e9e en termes d&#8217;installations, de programmes et de reconnaissance. Le complexe d&#8217;origine comptait 33 courts de tennis ext\u00e9rieurs, sept semi-couverts et quatre couverts. Aujourd&#8217;hui, il compte <strong>45 courts de tennis, 19 courts de padel, l&#8217;un des principaux engagements de l&#8217;Acad\u00e9mie, un centre m\u00e9dical sportif complet de Quir\u00f3nSalud, un gymnase, un spa, une r\u00e9sidence pour sportifs, une <\/strong>\u00e9cole internationale &#8211; l&#8217;\u00e9cole Rafa Nadal &#8211; qui offre une \u00e9ducation <strong>compl\u00e8te <\/strong>\u00e0 des \u00e9tudiants du monde entier <strong>, <\/strong>un mus\u00e9e, qui accueille la premi\u00e8re et unique exposition de ce type dans le monde <strong>, et <\/strong>un mus\u00e9e, qui est l&#8217;unique exposition de ce type dans le monde, <strong>une \u00e9cole internationale &#8211; l&#8217;\u00e9cole Rafa Nadal &#8211; <\/strong>qui offre un enseignement complet \u00e0 des \u00e9l\u00e8ves du monde entier, un <strong>mus\u00e9e<\/strong> qui abrite la premi\u00e8re et unique exposition sur la carri\u00e8re de Rafa, ainsi qu&#8217;une <strong>vaste offre gastronomique<\/strong> avec des restaurants ayant pour th\u00e8me Roland Garros, Wimbledon ou l&#8217;US Open<strong>.<\/strong> <\/p>\n\n<div style=\"height:50px\" aria-hidden=\"true\" class=\"wp-block-spacer\"><\/div>\n\n<figure class=\"wp-block-embed is-type-video is-provider-youtube wp-block-embed-youtube wp-embed-aspect-16-9 wp-has-aspect-ratio\"><div class=\"wp-block-embed__wrapper\">\n<iframe loading=\"lazy\" title=\"Rafa Nadal Academy: Tennis &amp; Values\" width=\"500\" height=\"281\" src=\"https:\/\/www.youtube.com\/embed\/F71onMy-MeU?feature=oembed\" frameborder=\"0\" allow=\"accelerometer; autoplay; clipboard-write; encrypted-media; gyroscope; picture-in-picture; web-share\" referrerpolicy=\"strict-origin-when-cross-origin\" allowfullscreen><\/iframe>\n<\/div><\/figure>\n\n<div style=\"height:50px\" aria-hidden=\"true\" class=\"wp-block-spacer\"><\/div>\n\n<p>Le mod\u00e8le Rafa Nadal Academy a franchi les fronti\u00e8res. Depuis 2020, la Rafa <strong>Nadal Academy Kuwait<\/strong> a apport\u00e9 la m\u00e9thodologie Manacor au c\u0153ur du Moyen-Orient, consolidant ainsi un r\u00e9seau mondial qui exporte le mod\u00e8le d&#8217;entra\u00eenement et les valeurs de Rafa Nadal \u00e0 des milliers de joueurs \u00e0 travers le monde. <\/p>\n\n<p>En plus de ces deux acad\u00e9mies, il existe \u00e9galement des <strong>Rafa Nadal Tennis Centers<\/strong> au Mexique, en Gr\u00e8ce, \u00e0 Hong Kong et les acad\u00e9mies r\u00e9cemment inaugur\u00e9es \u00e0 Marbella (situ\u00e9e dans l&#8217;h\u00f4tel Don Carlos) et en R\u00e9publique dominicaine (situ\u00e9e au Zel Punta Cana). Le <strong>programme de tennis Rafa Nadal<\/strong> est \u00e9galement d\u00e9velopp\u00e9 en Egypte depuis 2024, gr\u00e2ce \u00e0 un accord avec l&#8217;\u00e9cole Uppingham du Caire. <\/p>\n\n<p>Gr\u00e2ce \u00e0 ce travail de croissance, l&#8217;acad\u00e9mie a re\u00e7u le &#8220;Capital Award&#8221; pour son rayonnement international et pour avoir contribu\u00e9 au bien-\u00eatre des communaut\u00e9s locales et \u00e0 la protection de l&#8217;environnement. La collaboration avec des institutions \u00e9ducatives et sportives internationales a \u00e9largi son influence, facilitant les \u00e9changes culturels et sportifs qui profitent \u00e0 la fois aux \u00e9tudiants et \u00e0 l&#8217;acad\u00e9mie. <\/p>\n\n<p><strong>Les succ\u00e8s sportifs qui soutiennent un projet<\/strong><\/p>\n\n<p>Au cours de cette d\u00e9cennie, l&#8217;Acad\u00e9mie Rafa Nadal de Movistar a form\u00e9 certains des joueurs les plus prometteurs du tennis mondial. Des noms comme <strong>Casper Ruud<\/strong>, <strong>Jaume Munar<\/strong>, <strong>Alex Eala<\/strong>, <strong>Martin Landaluce<\/strong>, <strong>Abdullah Shelbayh, Alina Korneeva<\/strong> et <strong>Dani Rinc\u00f3n<\/strong> ont \u00e9t\u00e9 forg\u00e9s \u00e0 Manacor avant de passer au circuit professionnel. Les titres du Grand Chelem Junior, o\u00f9 les joueurs de l&#8217;Acad\u00e9mie Rafa Nadal ont remport\u00e9 <strong>13 titres <\/strong>(sept en simple et six en double), les succ\u00e8s sur les circuits ATP et WTA et les nombreuses r\u00e9ussites dans les tournois internationaux confirment l&#8217;impact de leur m\u00e9thodologie.  <\/p>\n\n<figure class=\"wp-block-image size-large\"><img loading=\"lazy\" decoding=\"async\" width=\"819\" height=\"1024\" src=\"https:\/\/www.rafanadalacademy.com\/wp-content\/uploads\/2025\/09\/Imagen-de-WhatsApp-2025-09-09-a-las-10.57.49_009e8b5b-819x1024.jpg\" alt=\"Tous les champions juniors du Grand Chelem form&#xE9;s &#xE0; l'Acad&#xE9;mie Rafa Nadal par Movistar\" class=\"wp-image-31963\" srcset=\"https:\/\/www.rafanadalacademy.com\/wp-content\/uploads\/2025\/09\/Imagen-de-WhatsApp-2025-09-09-a-las-10.57.49_009e8b5b-819x1024.jpg 819w, https:\/\/www.rafanadalacademy.com\/wp-content\/uploads\/2025\/09\/Imagen-de-WhatsApp-2025-09-09-a-las-10.57.49_009e8b5b-240x300.jpg 240w, https:\/\/www.rafanadalacademy.com\/wp-content\/uploads\/2025\/09\/Imagen-de-WhatsApp-2025-09-09-a-las-10.57.49_009e8b5b-768x960.jpg 768w, https:\/\/www.rafanadalacademy.com\/wp-content\/uploads\/2025\/09\/Imagen-de-WhatsApp-2025-09-09-a-las-10.57.49_009e8b5b-1229x1536.jpg 1229w, https:\/\/www.rafanadalacademy.com\/wp-content\/uploads\/2025\/09\/Imagen-de-WhatsApp-2025-09-09-a-las-10.57.49_009e8b5b.jpg 1280w\" sizes=\"auto, (max-width: 819px) 100vw, 819px\" \/><\/figure>\n\n<p>En 2022, l&#8217;acad\u00e9mie a re\u00e7u le <strong>prix Joaquim Blume<\/strong> lors des National Sports Awards, devenant ainsi la premi\u00e8re acad\u00e9mie de tennis de l&#8217;histoire \u00e0 recevoir cette reconnaissance pour son travail de promotion et d&#8217;encouragement du sport. L&#8217;acad\u00e9mie est devenue l&#8217;un des principaux sites pour les grands \u00e9v\u00e9nements de tennis en Espagne et accueille chaque ann\u00e9e des dizaines de tournois \u00e0 tous les niveaux, notamment le Rafa Nadal Open by Movistar, de la cat\u00e9gorie ATP Challenger Tour, qui s&#8217;est tenu \u00e0 sept reprises. <\/p>\n\n<p><strong>Neuf ans de croissance avec Majorque et le sport<\/strong><\/p>\n\n<p>Situ\u00e9e \u00e0 Manacor, \u00e0 seulement 35 minutes de l&#8217;a\u00e9roport de Palma, l&#8217;acad\u00e9mie a non seulement contribu\u00e9 \u00e0 faire de Majorque une r\u00e9f\u00e9rence internationale en mati\u00e8re de sport, mais elle a \u00e9galement cr\u00e9\u00e9 des emplois, d\u00e9saisonnalis\u00e9 le tourisme et favoris\u00e9 la croissance \u00e9conomique de la r\u00e9gion. Tout cela en maintenant un engagement ferme en faveur de la durabilit\u00e9 et du respect de l&#8217;environnement. <\/p>\n\n<p>Neuf ans apr\u00e8s son inauguration, l&#8217;Acad\u00e9mie Rafa Nadal de Movistar continue d&#8217;\u00e9voluer sans perdre son essence : <strong>\u00eatre un lieu o\u00f9 le sport et l&#8217;\u00e9ducation vont de pair, et o\u00f9 les valeurs sont tout aussi importantes que les r\u00e9sultats sportifs.<\/strong><\/p>\n\n<div style=\"height:51px\" aria-hidden=\"true\" class=\"wp-block-spacer\"><\/div>\n\n<figure class=\"wp-block-embed is-type-video is-provider-youtube wp-block-embed-youtube wp-embed-aspect-16-9 wp-has-aspect-ratio\"><div class=\"wp-block-embed__wrapper\">\n<iframe loading=\"lazy\" title=\"Roger Federer vuelve a la Rafa Nadal\u00a0Academy\" width=\"500\" height=\"281\" src=\"https:\/\/www.youtube.com\/embed\/dFCZUrXLcEQ?feature=oembed\" frameborder=\"0\" allow=\"accelerometer; autoplay; clipboard-write; encrypted-media; gyroscope; picture-in-picture; web-share\" referrerpolicy=\"strict-origin-when-cross-origin\" allowfullscreen><\/iframe>\n<\/div><\/figure>\n","protected":false},"excerpt":{"rendered":"<p>Le 19 octobre 2016 restera \u00e0 jamais un jour tr\u00e8s important dans la carri\u00e8re et l&#8217;h\u00e9ritage de Rafa Nadal. Ce jour-l\u00e0, Rafa lui-m\u00eame a officiellement inaugur\u00e9 la Rafa Nadal Academy dans sa ville natale de Manacor, en compagnie de Roger Federer et de nombreuses personnalit\u00e9s, autorit\u00e9s et amis. Neuf ans plus tard, l&#8217;Acad\u00e9mie s&#8217;est impos\u00e9e<a href=\"https:\/\/www.rafanadalacademy.com\/fr\/academie-rafa-nadal-par-movistar\/lacademie-rafa-nadal-de-movistar-fete-son-neuvieme-anniversaire-consolidee-en-tant-que-reference-mondiale\/\">Continue reading <span class=\"sr-only\">&#8220;L&#8217;Acad\u00e9mie Rafa Nadal de Movistar f\u00eate son neuvi\u00e8me anniversaire, consolid\u00e9e en tant que r\u00e9f\u00e9rence mondiale.&#8221;<\/span><\/a><\/p>\n","protected":false},"author":23,"featured_media":25486,"comment_status":"closed","ping_status":"closed","sticky":false,"template":"","format":"standard","meta":{"_acf_changed":false,"footnotes":""},"categories":[206,158],"tags":[207],"class_list":["post-35557","post","type-post","status-publish","format-standard","has-post-thumbnail","hentry","category-academie-rafa-nadal-par-movistar","category-informations","tag-academie-rafa-nadal-par-movistar"],"acf":[],"yoast_head":"<!-- This site is optimized with the Yoast SEO Premium plugin v26.8 (Yoast SEO v26.9) - https:\/\/yoast.com\/product\/yoast-seo-premium-wordpress\/ -->\n<title>L&#039;Acad\u00e9mie Rafa Nadal de Movistar f\u00eate son neuvi\u00e8me anniversaire, consolid\u00e9e en tant que r\u00e9f\u00e9rence mondiale. - Rafa Nadal Academy<\/title>\n<meta name=\"description\" content=\"Le 19 octobre 2016 restera \u00e0 jamais un jour tr\u00e8s important dans la carri\u00e8re et l&#039;h\u00e9ritage de Rafa Nadal. Ce jour-l\u00e0, Rafa lui-m\u00eame a officiellement inaugur\u00e9 la Rafa Nadal Academy dans sa ville natale de Manacor, en compagnie de Roger Federer et de nombreuses personnalit\u00e9s, autorit\u00e9s et amis.\" \/>\n<meta name=\"robots\" content=\"index, follow, max-snippet:-1, max-image-preview:large, max-video-preview:-1\" \/>\n<link rel=\"canonical\" href=\"https:\/\/www.rafanadalacademy.com\/fr\/academie-rafa-nadal-par-movistar\/lacademie-rafa-nadal-de-movistar-fete-son-neuvieme-anniversaire-consolidee-en-tant-que-reference-mondiale\/\" \/>\n<meta property=\"og:locale\" content=\"fr_FR\" \/>\n<meta property=\"og:type\" content=\"article\" \/>\n<meta property=\"og:title\" content=\"L&#039;Acad\u00e9mie Rafa Nadal de Movistar f\u00eate son neuvi\u00e8me anniversaire, consolid\u00e9e en tant que r\u00e9f\u00e9rence mondiale.\" \/>\n<meta property=\"og:description\" content=\"Le 19 octobre 2016 restera \u00e0 jamais un jour tr\u00e8s important dans la carri\u00e8re et l&#039;h\u00e9ritage de Rafa Nadal. Ce jour-l\u00e0, Rafa lui-m\u00eame a officiellement inaugur\u00e9 la Rafa Nadal Academy dans sa ville natale de Manacor, en compagnie de Roger Federer et de nombreuses personnalit\u00e9s, autorit\u00e9s et amis.\" \/>\n<meta property=\"og:url\" content=\"https:\/\/www.rafanadalacademy.com\/fr\/academie-rafa-nadal-par-movistar\/lacademie-rafa-nadal-de-movistar-fete-son-neuvieme-anniversaire-consolidee-en-tant-que-reference-mondiale\/\" \/>\n<meta property=\"og:site_name\" content=\"Rafa Nadal Academy\" \/>\n<meta property=\"article:published_time\" content=\"2025-10-17T07:44:28+00:00\" \/>\n<meta property=\"article:modified_time\" content=\"2025-10-20T08:43:32+00:00\" \/>\n<meta property=\"og:image\" content=\"https:\/\/www.rafanadalacademy.com\/wp-content\/uploads\/2025\/03\/RNA_2024marzo_5464-x-3070-6-scaled-e1742989201511.jpg\" \/>\n\t<meta property=\"og:image:width\" content=\"2560\" \/>\n\t<meta property=\"og:image:height\" content=\"1438\" \/>\n\t<meta property=\"og:image:type\" content=\"image\/jpeg\" \/>\n<meta name=\"author\" content=\"joseluisprados\" \/>\n<meta name=\"twitter:card\" content=\"summary_large_image\" \/>\n<meta name=\"twitter:label1\" content=\"Written by\" \/>\n\t<meta name=\"twitter:data1\" content=\"joseluisprados\" \/>\n\t<meta name=\"twitter:label2\" content=\"Est. reading time\" \/>\n\t<meta name=\"twitter:data2\" content=\"4 minutes\" \/>\n<script type=\"application\/ld+json\" class=\"yoast-schema-graph\">{\"@context\":\"https:\/\/schema.org\",\"@graph\":[{\"@type\":\"Article\",\"@id\":\"https:\/\/www.rafanadalacademy.com\/fr\/academie-rafa-nadal-par-movistar\/lacademie-rafa-nadal-de-movistar-fete-son-neuvieme-anniversaire-consolidee-en-tant-que-reference-mondiale\/#article\",\"isPartOf\":{\"@id\":\"https:\/\/www.rafanadalacademy.com\/fr\/academie-rafa-nadal-par-movistar\/lacademie-rafa-nadal-de-movistar-fete-son-neuvieme-anniversaire-consolidee-en-tant-que-reference-mondiale\/\"},\"author\":{\"name\":\"joseluisprados\",\"@id\":\"https:\/\/www.rafanadalacademy.com\/fr\/#\/schema\/person\/744897d6ee269641fff954376180ef01\"},\"headline\":\"L&#8217;Acad\u00e9mie Rafa Nadal de Movistar f\u00eate son neuvi\u00e8me anniversaire, consolid\u00e9e en tant que r\u00e9f\u00e9rence mondiale.\",\"datePublished\":\"2025-10-17T07:44:28+00:00\",\"dateModified\":\"2025-10-20T08:43:32+00:00\",\"mainEntityOfPage\":{\"@id\":\"https:\/\/www.rafanadalacademy.com\/fr\/academie-rafa-nadal-par-movistar\/lacademie-rafa-nadal-de-movistar-fete-son-neuvieme-anniversaire-consolidee-en-tant-que-reference-mondiale\/\"},\"wordCount\":952,\"image\":{\"@id\":\"https:\/\/www.rafanadalacademy.com\/fr\/academie-rafa-nadal-par-movistar\/lacademie-rafa-nadal-de-movistar-fete-son-neuvieme-anniversaire-consolidee-en-tant-que-reference-mondiale\/#primaryimage\"},\"thumbnailUrl\":\"https:\/\/www.rafanadalacademy.com\/wp-content\/uploads\/2025\/03\/RNA_2024marzo_5464-x-3070-6-scaled-e1742989201511.jpg\",\"keywords\":[\"ACAD\u00c9MIE RAFA NADAL PAR MOVISTAR\"],\"articleSection\":[\"ACAD\u00c9MIE RAFA NADAL PAR MOVISTAR\",\"informations\"],\"inLanguage\":\"fr-FR\",\"copyrightYear\":\"2025\",\"copyrightHolder\":{\"@id\":\"https:\/\/www.rafanadalacademy.com\/#organization\"}},{\"@type\":\"WebPage\",\"@id\":\"https:\/\/www.rafanadalacademy.com\/fr\/academie-rafa-nadal-par-movistar\/lacademie-rafa-nadal-de-movistar-fete-son-neuvieme-anniversaire-consolidee-en-tant-que-reference-mondiale\/\",\"url\":\"https:\/\/www.rafanadalacademy.com\/fr\/academie-rafa-nadal-par-movistar\/lacademie-rafa-nadal-de-movistar-fete-son-neuvieme-anniversaire-consolidee-en-tant-que-reference-mondiale\/\",\"name\":\"L'Acad\u00e9mie Rafa Nadal de Movistar f\u00eate son neuvi\u00e8me anniversaire, consolid\u00e9e en tant que r\u00e9f\u00e9rence mondiale. - Rafa Nadal Academy\",\"isPartOf\":{\"@id\":\"https:\/\/www.rafanadalacademy.com\/fr\/#website\"},\"primaryImageOfPage\":{\"@id\":\"https:\/\/www.rafanadalacademy.com\/fr\/academie-rafa-nadal-par-movistar\/lacademie-rafa-nadal-de-movistar-fete-son-neuvieme-anniversaire-consolidee-en-tant-que-reference-mondiale\/#primaryimage\"},\"image\":{\"@id\":\"https:\/\/www.rafanadalacademy.com\/fr\/academie-rafa-nadal-par-movistar\/lacademie-rafa-nadal-de-movistar-fete-son-neuvieme-anniversaire-consolidee-en-tant-que-reference-mondiale\/#primaryimage\"},\"thumbnailUrl\":\"https:\/\/www.rafanadalacademy.com\/wp-content\/uploads\/2025\/03\/RNA_2024marzo_5464-x-3070-6-scaled-e1742989201511.jpg\",\"datePublished\":\"2025-10-17T07:44:28+00:00\",\"dateModified\":\"2025-10-20T08:43:32+00:00\",\"author\":{\"@id\":\"https:\/\/www.rafanadalacademy.com\/fr\/#\/schema\/person\/744897d6ee269641fff954376180ef01\"},\"description\":\"Le 19 octobre 2016 restera \u00e0 jamais un jour tr\u00e8s important dans la carri\u00e8re et l'h\u00e9ritage de Rafa Nadal. Ce jour-l\u00e0, Rafa lui-m\u00eame a officiellement inaugur\u00e9 la Rafa Nadal Academy dans sa ville natale de Manacor, en compagnie de Roger Federer et de nombreuses personnalit\u00e9s, autorit\u00e9s et amis.\",\"breadcrumb\":{\"@id\":\"https:\/\/www.rafanadalacademy.com\/fr\/academie-rafa-nadal-par-movistar\/lacademie-rafa-nadal-de-movistar-fete-son-neuvieme-anniversaire-consolidee-en-tant-que-reference-mondiale\/#breadcrumb\"},\"inLanguage\":\"fr-FR\",\"potentialAction\":[{\"@type\":\"ReadAction\",\"target\":[\"https:\/\/www.rafanadalacademy.com\/fr\/academie-rafa-nadal-par-movistar\/lacademie-rafa-nadal-de-movistar-fete-son-neuvieme-anniversaire-consolidee-en-tant-que-reference-mondiale\/\"]}]},{\"@type\":\"ImageObject\",\"inLanguage\":\"fr-FR\",\"@id\":\"https:\/\/www.rafanadalacademy.com\/fr\/academie-rafa-nadal-par-movistar\/lacademie-rafa-nadal-de-movistar-fete-son-neuvieme-anniversaire-consolidee-en-tant-que-reference-mondiale\/#primaryimage\",\"url\":\"https:\/\/www.rafanadalacademy.com\/wp-content\/uploads\/2025\/03\/RNA_2024marzo_5464-x-3070-6-scaled-e1742989201511.jpg\",\"contentUrl\":\"https:\/\/www.rafanadalacademy.com\/wp-content\/uploads\/2025\/03\/RNA_2024marzo_5464-x-3070-6-scaled-e1742989201511.jpg\",\"width\":2560,\"height\":1438},{\"@type\":\"BreadcrumbList\",\"@id\":\"https:\/\/www.rafanadalacademy.com\/fr\/academie-rafa-nadal-par-movistar\/lacademie-rafa-nadal-de-movistar-fete-son-neuvieme-anniversaire-consolidee-en-tant-que-reference-mondiale\/#breadcrumb\",\"itemListElement\":[{\"@type\":\"ListItem\",\"position\":1,\"name\":\"Home\",\"item\":\"https:\/\/www.rafanadalacademy.com\/fr\/\"},{\"@type\":\"ListItem\",\"position\":2,\"name\":\"L&#8217;Acad\u00e9mie Rafa Nadal de Movistar f\u00eate son neuvi\u00e8me anniversaire, consolid\u00e9e en tant que r\u00e9f\u00e9rence mondiale.\"}]},{\"@type\":\"WebSite\",\"@id\":\"https:\/\/www.rafanadalacademy.com\/fr\/#website\",\"url\":\"https:\/\/www.rafanadalacademy.com\/fr\/\",\"name\":\"Rafa Nadal Academy\",\"description\":\"Otro sitio realizado con WordPress\",\"potentialAction\":[{\"@type\":\"SearchAction\",\"target\":{\"@type\":\"EntryPoint\",\"urlTemplate\":\"https:\/\/www.rafanadalacademy.com\/fr\/?s={search_term_string}\"},\"query-input\":{\"@type\":\"PropertyValueSpecification\",\"valueRequired\":true,\"valueName\":\"search_term_string\"}}],\"inLanguage\":\"fr-FR\"},{\"@type\":\"Person\",\"@id\":\"https:\/\/www.rafanadalacademy.com\/fr\/#\/schema\/person\/744897d6ee269641fff954376180ef01\",\"name\":\"joseluisprados\",\"image\":{\"@type\":\"ImageObject\",\"inLanguage\":\"fr-FR\",\"@id\":\"https:\/\/www.rafanadalacademy.com\/fr\/#\/schema\/person\/image\/\",\"url\":\"https:\/\/secure.gravatar.com\/avatar\/8aa823a6e5501864ffab4785d9e2a994b59c2d45c9f9751c5a532abfec081e5f?s=96&d=mm&r=g\",\"contentUrl\":\"https:\/\/secure.gravatar.com\/avatar\/8aa823a6e5501864ffab4785d9e2a994b59c2d45c9f9751c5a532abfec081e5f?s=96&d=mm&r=g\",\"caption\":\"joseluisprados\"},\"url\":\"https:\/\/www.rafanadalacademy.com\/fr\/author\/joseluisprados\/\"},{\"@type\":\"ImageObject\",\"inLanguage\":\"fr-FR\",\"@id\":\"https:\/\/www.rafanadalacademy.com\/fr\/academie-rafa-nadal-par-movistar\/lacademie-rafa-nadal-de-movistar-fete-son-neuvieme-anniversaire-consolidee-en-tant-que-reference-mondiale\/#local-main-organization-logo\",\"url\":\"\",\"contentUrl\":\"\",\"caption\":\"Rafa Nadal Academy\"}]}<\/script>\n<!-- \/ Yoast SEO Premium plugin. -->","yoast_head_json":{"title":"L'Acad\u00e9mie Rafa Nadal de Movistar f\u00eate son neuvi\u00e8me anniversaire, consolid\u00e9e en tant que r\u00e9f\u00e9rence mondiale. - Rafa Nadal Academy","description":"Le 19 octobre 2016 restera \u00e0 jamais un jour tr\u00e8s important dans la carri\u00e8re et l'h\u00e9ritage de Rafa Nadal. Ce jour-l\u00e0, Rafa lui-m\u00eame a officiellement inaugur\u00e9 la Rafa Nadal Academy dans sa ville natale de Manacor, en compagnie de Roger Federer et de nombreuses personnalit\u00e9s, autorit\u00e9s et amis.","robots":{"index":"index","follow":"follow","max-snippet":"max-snippet:-1","max-image-preview":"max-image-preview:large","max-video-preview":"max-video-preview:-1"},"canonical":"https:\/\/www.rafanadalacademy.com\/fr\/academie-rafa-nadal-par-movistar\/lacademie-rafa-nadal-de-movistar-fete-son-neuvieme-anniversaire-consolidee-en-tant-que-reference-mondiale\/","og_locale":"fr_FR","og_type":"article","og_title":"L'Acad\u00e9mie Rafa Nadal de Movistar f\u00eate son neuvi\u00e8me anniversaire, consolid\u00e9e en tant que r\u00e9f\u00e9rence mondiale.","og_description":"Le 19 octobre 2016 restera \u00e0 jamais un jour tr\u00e8s important dans la carri\u00e8re et l'h\u00e9ritage de Rafa Nadal. Ce jour-l\u00e0, Rafa lui-m\u00eame a officiellement inaugur\u00e9 la Rafa Nadal Academy dans sa ville natale de Manacor, en compagnie de Roger Federer et de nombreuses personnalit\u00e9s, autorit\u00e9s et amis.","og_url":"https:\/\/www.rafanadalacademy.com\/fr\/academie-rafa-nadal-par-movistar\/lacademie-rafa-nadal-de-movistar-fete-son-neuvieme-anniversaire-consolidee-en-tant-que-reference-mondiale\/","og_site_name":"Rafa Nadal Academy","article_published_time":"2025-10-17T07:44:28+00:00","article_modified_time":"2025-10-20T08:43:32+00:00","og_image":[{"width":2560,"height":1438,"url":"https:\/\/www.rafanadalacademy.com\/wp-content\/uploads\/2025\/03\/RNA_2024marzo_5464-x-3070-6-scaled-e1742989201511.jpg","type":"image\/jpeg"}],"author":"joseluisprados","twitter_card":"summary_large_image","twitter_misc":{"Written by":"joseluisprados","Est. reading time":"4 minutes"},"schema":{"@context":"https:\/\/schema.org","@graph":[{"@type":"Article","@id":"https:\/\/www.rafanadalacademy.com\/fr\/academie-rafa-nadal-par-movistar\/lacademie-rafa-nadal-de-movistar-fete-son-neuvieme-anniversaire-consolidee-en-tant-que-reference-mondiale\/#article","isPartOf":{"@id":"https:\/\/www.rafanadalacademy.com\/fr\/academie-rafa-nadal-par-movistar\/lacademie-rafa-nadal-de-movistar-fete-son-neuvieme-anniversaire-consolidee-en-tant-que-reference-mondiale\/"},"author":{"name":"joseluisprados","@id":"https:\/\/www.rafanadalacademy.com\/fr\/#\/schema\/person\/744897d6ee269641fff954376180ef01"},"headline":"L&#8217;Acad\u00e9mie Rafa Nadal de Movistar f\u00eate son neuvi\u00e8me anniversaire, consolid\u00e9e en tant que r\u00e9f\u00e9rence mondiale.","datePublished":"2025-10-17T07:44:28+00:00","dateModified":"2025-10-20T08:43:32+00:00","mainEntityOfPage":{"@id":"https:\/\/www.rafanadalacademy.com\/fr\/academie-rafa-nadal-par-movistar\/lacademie-rafa-nadal-de-movistar-fete-son-neuvieme-anniversaire-consolidee-en-tant-que-reference-mondiale\/"},"wordCount":952,"image":{"@id":"https:\/\/www.rafanadalacademy.com\/fr\/academie-rafa-nadal-par-movistar\/lacademie-rafa-nadal-de-movistar-fete-son-neuvieme-anniversaire-consolidee-en-tant-que-reference-mondiale\/#primaryimage"},"thumbnailUrl":"https:\/\/www.rafanadalacademy.com\/wp-content\/uploads\/2025\/03\/RNA_2024marzo_5464-x-3070-6-scaled-e1742989201511.jpg","keywords":["ACAD\u00c9MIE RAFA NADAL PAR MOVISTAR"],"articleSection":["ACAD\u00c9MIE RAFA NADAL PAR MOVISTAR","informations"],"inLanguage":"fr-FR","copyrightYear":"2025","copyrightHolder":{"@id":"https:\/\/www.rafanadalacademy.com\/#organization"}},{"@type":"WebPage","@id":"https:\/\/www.rafanadalacademy.com\/fr\/academie-rafa-nadal-par-movistar\/lacademie-rafa-nadal-de-movistar-fete-son-neuvieme-anniversaire-consolidee-en-tant-que-reference-mondiale\/","url":"https:\/\/www.rafanadalacademy.com\/fr\/academie-rafa-nadal-par-movistar\/lacademie-rafa-nadal-de-movistar-fete-son-neuvieme-anniversaire-consolidee-en-tant-que-reference-mondiale\/","name":"L'Acad\u00e9mie Rafa Nadal de Movistar f\u00eate son neuvi\u00e8me anniversaire, consolid\u00e9e en tant que r\u00e9f\u00e9rence mondiale. - Rafa Nadal Academy","isPartOf":{"@id":"https:\/\/www.rafanadalacademy.com\/fr\/#website"},"primaryImageOfPage":{"@id":"https:\/\/www.rafanadalacademy.com\/fr\/academie-rafa-nadal-par-movistar\/lacademie-rafa-nadal-de-movistar-fete-son-neuvieme-anniversaire-consolidee-en-tant-que-reference-mondiale\/#primaryimage"},"image":{"@id":"https:\/\/www.rafanadalacademy.com\/fr\/academie-rafa-nadal-par-movistar\/lacademie-rafa-nadal-de-movistar-fete-son-neuvieme-anniversaire-consolidee-en-tant-que-reference-mondiale\/#primaryimage"},"thumbnailUrl":"https:\/\/www.rafanadalacademy.com\/wp-content\/uploads\/2025\/03\/RNA_2024marzo_5464-x-3070-6-scaled-e1742989201511.jpg","datePublished":"2025-10-17T07:44:28+00:00","dateModified":"2025-10-20T08:43:32+00:00","author":{"@id":"https:\/\/www.rafanadalacademy.com\/fr\/#\/schema\/person\/744897d6ee269641fff954376180ef01"},"description":"Le 19 octobre 2016 restera \u00e0 jamais un jour tr\u00e8s important dans la carri\u00e8re et l'h\u00e9ritage de Rafa Nadal. Ce jour-l\u00e0, Rafa lui-m\u00eame a officiellement inaugur\u00e9 la Rafa Nadal Academy dans sa ville natale de Manacor, en compagnie de Roger Federer et de nombreuses personnalit\u00e9s, autorit\u00e9s et amis.","breadcrumb":{"@id":"https:\/\/www.rafanadalacademy.com\/fr\/academie-rafa-nadal-par-movistar\/lacademie-rafa-nadal-de-movistar-fete-son-neuvieme-anniversaire-consolidee-en-tant-que-reference-mondiale\/#breadcrumb"},"inLanguage":"fr-FR","potentialAction":[{"@type":"ReadAction","target":["https:\/\/www.rafanadalacademy.com\/fr\/academie-rafa-nadal-par-movistar\/lacademie-rafa-nadal-de-movistar-fete-son-neuvieme-anniversaire-consolidee-en-tant-que-reference-mondiale\/"]}]},{"@type":"ImageObject","inLanguage":"fr-FR","@id":"https:\/\/www.rafanadalacademy.com\/fr\/academie-rafa-nadal-par-movistar\/lacademie-rafa-nadal-de-movistar-fete-son-neuvieme-anniversaire-consolidee-en-tant-que-reference-mondiale\/#primaryimage","url":"https:\/\/www.rafanadalacademy.com\/wp-content\/uploads\/2025\/03\/RNA_2024marzo_5464-x-3070-6-scaled-e1742989201511.jpg","contentUrl":"https:\/\/www.rafanadalacademy.com\/wp-content\/uploads\/2025\/03\/RNA_2024marzo_5464-x-3070-6-scaled-e1742989201511.jpg","width":2560,"height":1438},{"@type":"BreadcrumbList","@id":"https:\/\/www.rafanadalacademy.com\/fr\/academie-rafa-nadal-par-movistar\/lacademie-rafa-nadal-de-movistar-fete-son-neuvieme-anniversaire-consolidee-en-tant-que-reference-mondiale\/#breadcrumb","itemListElement":[{"@type":"ListItem","position":1,"name":"Home","item":"https:\/\/www.rafanadalacademy.com\/fr\/"},{"@type":"ListItem","position":2,"name":"L&#8217;Acad\u00e9mie Rafa Nadal de Movistar f\u00eate son neuvi\u00e8me anniversaire, consolid\u00e9e en tant que r\u00e9f\u00e9rence mondiale."}]},{"@type":"WebSite","@id":"https:\/\/www.rafanadalacademy.com\/fr\/#website","url":"https:\/\/www.rafanadalacademy.com\/fr\/","name":"Rafa Nadal Academy","description":"Otro sitio realizado con WordPress","potentialAction":[{"@type":"SearchAction","target":{"@type":"EntryPoint","urlTemplate":"https:\/\/www.rafanadalacademy.com\/fr\/?s={search_term_string}"},"query-input":{"@type":"PropertyValueSpecification","valueRequired":true,"valueName":"search_term_string"}}],"inLanguage":"fr-FR"},{"@type":"Person","@id":"https:\/\/www.rafanadalacademy.com\/fr\/#\/schema\/person\/744897d6ee269641fff954376180ef01","name":"joseluisprados","image":{"@type":"ImageObject","inLanguage":"fr-FR","@id":"https:\/\/www.rafanadalacademy.com\/fr\/#\/schema\/person\/image\/","url":"https:\/\/secure.gravatar.com\/avatar\/8aa823a6e5501864ffab4785d9e2a994b59c2d45c9f9751c5a532abfec081e5f?s=96&d=mm&r=g","contentUrl":"https:\/\/secure.gravatar.com\/avatar\/8aa823a6e5501864ffab4785d9e2a994b59c2d45c9f9751c5a532abfec081e5f?s=96&d=mm&r=g","caption":"joseluisprados"},"url":"https:\/\/www.rafanadalacademy.com\/fr\/author\/joseluisprados\/"},{"@type":"ImageObject","inLanguage":"fr-FR","@id":"https:\/\/www.rafanadalacademy.com\/fr\/academie-rafa-nadal-par-movistar\/lacademie-rafa-nadal-de-movistar-fete-son-neuvieme-anniversaire-consolidee-en-tant-que-reference-mondiale\/#local-main-organization-logo","url":"","contentUrl":"","caption":"Rafa Nadal Academy"}]}},"_links":{"self":[{"href":"https:\/\/www.rafanadalacademy.com\/fr\/wp-json\/wp\/v2\/posts\/35557","targetHints":{"allow":["GET"]}}],"collection":[{"href":"https:\/\/www.rafanadalacademy.com\/fr\/wp-json\/wp\/v2\/posts"}],"about":[{"href":"https:\/\/www.rafanadalacademy.com\/fr\/wp-json\/wp\/v2\/types\/post"}],"author":[{"embeddable":true,"href":"https:\/\/www.rafanadalacademy.com\/fr\/wp-json\/wp\/v2\/users\/23"}],"replies":[{"embeddable":true,"href":"https:\/\/www.rafanadalacademy.com\/fr\/wp-json\/wp\/v2\/comments?post=35557"}],"version-history":[{"count":1,"href":"https:\/\/www.rafanadalacademy.com\/fr\/wp-json\/wp\/v2\/posts\/35557\/revisions"}],"predecessor-version":[{"id":35558,"href":"https:\/\/www.rafanadalacademy.com\/fr\/wp-json\/wp\/v2\/posts\/35557\/revisions\/35558"}],"wp:featuredmedia":[{"embeddable":true,"href":"https:\/\/www.rafanadalacademy.com\/fr\/wp-json\/wp\/v2\/media\/25486"}],"wp:attachment":[{"href":"https:\/\/www.rafanadalacademy.com\/fr\/wp-json\/wp\/v2\/media?parent=35557"}],"wp:term":[{"taxonomy":"category","embeddable":true,"href":"https:\/\/www.rafanadalacademy.com\/fr\/wp-json\/wp\/v2\/categories?post=35557"},{"taxonomy":"post_tag","embeddable":true,"href":"https:\/\/www.rafanadalacademy.com\/fr\/wp-json\/wp\/v2\/tags?post=35557"}],"curies":[{"name":"wp","href":"https:\/\/api.w.org\/{rel}","templated":true}]}}