{"id":35075,"date":"2025-10-15T09:38:45","date_gmt":"2025-10-15T09:38:45","guid":{"rendered":"https:\/\/www.rafanadalacademy.com\/non-classifiee\/la-rafa-nadal-academy-team-tentera-de-conquerir-la-troisieme-edition-de-lhexagon-cup\/"},"modified":"2025-10-15T09:56:23","modified_gmt":"2025-10-15T09:56:23","slug":"la-rafa-nadal-academy-team-tentera-de-conquerir-la-troisieme-edition-de-lhexagon-cup","status":"publish","type":"post","link":"https:\/\/www.rafanadalacademy.com\/fr\/informations\/la-rafa-nadal-academy-team-tentera-de-conquerir-la-troisieme-edition-de-lhexagon-cup\/","title":{"rendered":"L\u2019\u00e9quipe de la Rafa Nadal Academy tentera de conqu\u00e9rir la troisi\u00e8me \u00e9dition de la Hexagon Cup"},"content":{"rendered":"\n<p>La Hexagon Cup, le tournoi de padel par \u00e9quipes qui a r\u00e9volutionn\u00e9 la sc\u00e8ne internationale, a termin\u00e9 son tr\u00e8s attendu draft, d\u00e9finissant ainsi les effectifs qui se disputeront le titre \u00e0 la Caja M\u00e1gica de Madrid du 28 janvier au 1er f\u00e9vrier 2026.<\/p>\n\n<figure class=\"wp-block-gallery has-nested-images columns-default is-cropped wp-block-gallery-1 is-layout-flex wp-block-gallery-is-layout-flex\">\n<figure class=\"wp-block-image size-full\"><img loading=\"lazy\" decoding=\"async\" width=\"2560\" height=\"1700\" data-id=\"35060\" src=\"https:\/\/www.rafanadalacademy.com\/wp-content\/uploads\/2025\/10\/Hexagon_Cup_Rafa_Nadal_Academy_Team.jpg\" alt=\"L'&#xE9;quipe de l'Acad&#xE9;mie Rafa Nadal &#xE0; l'Hexagon Cup\" class=\"wp-image-35060\" srcset=\"https:\/\/www.rafanadalacademy.com\/wp-content\/uploads\/2025\/10\/Hexagon_Cup_Rafa_Nadal_Academy_Team.jpg 2560w, https:\/\/www.rafanadalacademy.com\/wp-content\/uploads\/2025\/10\/Hexagon_Cup_Rafa_Nadal_Academy_Team-300x199.jpg 300w, https:\/\/www.rafanadalacademy.com\/wp-content\/uploads\/2025\/10\/Hexagon_Cup_Rafa_Nadal_Academy_Team-1024x680.jpg 1024w, https:\/\/www.rafanadalacademy.com\/wp-content\/uploads\/2025\/10\/Hexagon_Cup_Rafa_Nadal_Academy_Team-768x510.jpg 768w, https:\/\/www.rafanadalacademy.com\/wp-content\/uploads\/2025\/10\/Hexagon_Cup_Rafa_Nadal_Academy_Team-1536x1020.jpg 1536w, https:\/\/www.rafanadalacademy.com\/wp-content\/uploads\/2025\/10\/Hexagon_Cup_Rafa_Nadal_Academy_Team-2048x1360.jpg 2048w\" sizes=\"auto, (max-width: 2560px) 100vw, 2560px\" \/><\/figure>\n<\/figure>\n\n<div style=\"height:57px\" aria-hidden=\"true\" class=\"wp-block-spacer\"><\/div>\n\n<p>L\u2019\u00e9v\u00e9nement, qui r\u00e9unira les plus grandes stars du padel aux c\u00f4t\u00e9s de jeunes talents prometteurs, a donn\u00e9 naissance \u00e0 des \u00e9quipes \u00e9quilibr\u00e9es, pleines de talent et aux styles tr\u00e8s vari\u00e9s. \u00c0 l\u2019issue du draft, chaque franchise a int\u00e9gr\u00e9 des joueurs et joueuses, ainsi que des membres Next Gen, d\u00e9j\u00e0 confirm\u00e9s. Dix-huit des vingt meilleurs joueurs du monde seront pr\u00e9sents (dont huit du top dix masculin et la totalit\u00e9 du top dix mondial f\u00e9minin). Agust\u00edn Tapia, Arturo Coello, Gemma Triay, Delfina Brea\u2026 un effectif quasiment imbattable que m\u00eame les num\u00e9ros un mondiaux n\u2019ont pas voulu manquer.   <\/p>\n\n<p>\u00ab Le niveau des \u00e9quipes est incroyable et l\u2019ambition de chacune d\u2019elles fait que cette \u00e9dition sera la plus disput\u00e9e \u00e0 ce jour \u00bb, a d\u00e9clar\u00e9 Sergio Lewin, Operations and Sporting Managing Director de la Hexagon Cup. \u00ab On voit que les \u00e9quipes affinent de plus en plus leurs strat\u00e9gies lors de la composition de leurs effectifs : paris sur de jeunes joueurs, nouvelles figures embl\u00e9matiques\u2026 Le format par \u00e9quipes, m\u00ealant styles, strat\u00e9gies et g\u00e9n\u00e9rations, garantit de l\u2019\u00e9motion du premier point jusqu\u2019\u00e0 la grande finale. Nous voulons que le public vive le padel comme jamais auparavant. \u00bb<br\/> <\/p>\n\n<div style=\"height:57px\" aria-hidden=\"true\" class=\"wp-block-spacer\"><\/div>\n\n<figure class=\"wp-block-embed is-type-video is-provider-youtube wp-block-embed-youtube wp-embed-aspect-16-9 wp-has-aspect-ratio\"><div class=\"wp-block-embed__wrapper\">\n<iframe loading=\"lazy\" title=\"El Rafa Nadal Academy Team est\u00e1 de vuelta en la Hexagon Cup\" width=\"500\" height=\"281\" src=\"https:\/\/www.youtube.com\/embed\/mI2yWxmoGjw?feature=oembed\" frameborder=\"0\" allow=\"accelerometer; autoplay; clipboard-write; encrypted-media; gyroscope; picture-in-picture; web-share\" referrerpolicy=\"strict-origin-when-cross-origin\" allowfullscreen><\/iframe>\n<\/div><\/figure>\n\n<div style=\"height:57px\" aria-hidden=\"true\" class=\"wp-block-spacer\"><\/div>\n\n<p>Le format innovant de la Hexagon Cup \u2014 avec huit \u00e9quipes qui s\u2019affrontent pendant quatre jours avant les phases finales du dimanche \u2014 transforme chaque match en un spectacle strat\u00e9gique et plein d\u2019intensit\u00e9. Ce mod\u00e8le, alliant comp\u00e9tition d\u2019\u00e9lite et divertissement, a plac\u00e9 le tournoi parmi les \u00e9v\u00e9nements les plus attendus du calendrier international. Des paires in\u00e9dites tout au long de l\u2019ann\u00e9e apportent encore plus d\u2019\u00e9clat \u00e0 cette comp\u00e9tition unique.  <\/p>\n\n<p>Une fois encore, la cat\u00e9gorie Next Gen occupe une place centrale : ces jeunes talents n\u2019apportent pas seulement fra\u00eecheur et dynamisme, mais ont aussi \u00e9t\u00e9 d\u00e9cisifs dans le d\u00e9nouement du tournoi l\u2019an dernier. Ce groupe de joueurs \u00e9mergents est devenu l\u2019un des principaux centres d\u2019attention, d\u00e9montrant que la rel\u00e8ve du padel est pr\u00eate \u00e0 d\u00e9fier les stars \u00e9tablies du circuit. Cette ann\u00e9e, l\u2019alternance pr\u00e9voit que la cat\u00e9gorie soit compos\u00e9e de paires masculines. Tous les joueurs Next Gen choisis par les \u00e9quipes figurent parmi les 150 meilleurs mondiaux, une g\u00e9n\u00e9ration destin\u00e9e \u00e0 dominer le padel mondial dans les ann\u00e9es \u00e0 venir. Jeunesse et spectacle garantis.     <\/p>\n\n<p>L\u2019\u00e9quipe de la Rafa Nadal Academy, finaliste des deux premi\u00e8res \u00e9ditions, pr\u00e9sente une nouveaut\u00e9 dans ses rangs avec Pablo Cardona, un joueur alliant jeunesse et explosivit\u00e9. Il y a seulement deux ans, Cardona participait \u00e0 la comp\u00e9tition en tant que joueur Next Gen \u2014 en 2026, il y reviendra en tant que l\u2019un des meilleurs joueurs du monde. <\/p>\n\n<p><\/p>\n","protected":false},"excerpt":{"rendered":"<p>La Hexagon Cup, le tournoi de padel par \u00e9quipes qui a r\u00e9volutionn\u00e9 la sc\u00e8ne internationale, a termin\u00e9 son tr\u00e8s attendu draft, d\u00e9finissant ainsi les effectifs qui se disputeront le titre \u00e0 la Caja M\u00e1gica de Madrid du 28 janvier au 1er f\u00e9vrier 2026. L\u2019\u00e9v\u00e9nement, qui r\u00e9unira les plus grandes stars du padel aux c\u00f4t\u00e9s de<a href=\"https:\/\/www.rafanadalacademy.com\/fr\/informations\/la-rafa-nadal-academy-team-tentera-de-conquerir-la-troisieme-edition-de-lhexagon-cup\/\">Continue reading <span class=\"sr-only\">&#8220;L\u2019\u00e9quipe de la Rafa Nadal Academy tentera de conqu\u00e9rir la troisi\u00e8me \u00e9dition de la Hexagon Cup&#8221;<\/span><\/a><\/p>\n","protected":false},"author":23,"featured_media":35063,"comment_status":"closed","ping_status":"closed","sticky":false,"template":"","format":"standard","meta":{"_acf_changed":false,"footnotes":""},"categories":[206,158,164],"tags":[207,166],"class_list":["post-35075","post","type-post","status-publish","format-standard","has-post-thumbnail","hentry","category-academie-rafa-nadal-par-movistar","category-informations","category-padel-fr","tag-academie-rafa-nadal-par-movistar","tag-tournee-de-padel-de-lacademie-rafa-nadal"],"acf":[],"yoast_head":"<!-- This site is optimized with the Yoast SEO Premium plugin v26.8 (Yoast SEO v26.9) - https:\/\/yoast.com\/product\/yoast-seo-premium-wordpress\/ -->\n<title>L\u2019\u00e9quipe de la Rafa Nadal Academy tentera de conqu\u00e9rir la troisi\u00e8me \u00e9dition de la Hexagon Cup - Rafa Nadal Academy<\/title>\n<meta name=\"description\" content=\"La Coupe de l&#039;Hexagone a termin\u00e9 son tirage au sort tant attendu, configurant ainsi les \u00e9quipes qui se disputeront le titre dans la Caja M\u00e1gica du 28 janvier au 1er f\u00e9vrier 2026. L&#039;\u00e9quipe de l&#039;Acad\u00e9mie Rafa Nadal tentera de remporter la troisi\u00e8me \u00e9dition de la Coupe de l&#039;Hexagone.\" \/>\n<meta name=\"robots\" content=\"index, follow, max-snippet:-1, max-image-preview:large, max-video-preview:-1\" \/>\n<link rel=\"canonical\" href=\"https:\/\/www.rafanadalacademy.com\/fr\/informations\/la-rafa-nadal-academy-team-tentera-de-conquerir-la-troisieme-edition-de-lhexagon-cup\/\" \/>\n<meta property=\"og:locale\" content=\"fr_FR\" \/>\n<meta property=\"og:type\" content=\"article\" \/>\n<meta property=\"og:title\" content=\"L\u2019\u00e9quipe de la Rafa Nadal Academy tentera de conqu\u00e9rir la troisi\u00e8me \u00e9dition de la Hexagon Cup\" \/>\n<meta property=\"og:description\" content=\"La Coupe de l&#039;Hexagone a termin\u00e9 son tirage au sort tant attendu, configurant ainsi les \u00e9quipes qui se disputeront le titre dans la Caja M\u00e1gica du 28 janvier au 1er f\u00e9vrier 2026. L&#039;\u00e9quipe de l&#039;Acad\u00e9mie Rafa Nadal tentera de remporter la troisi\u00e8me \u00e9dition de la Coupe de l&#039;Hexagone.\" \/>\n<meta property=\"og:url\" content=\"https:\/\/www.rafanadalacademy.com\/fr\/informations\/la-rafa-nadal-academy-team-tentera-de-conquerir-la-troisieme-edition-de-lhexagon-cup\/\" \/>\n<meta property=\"og:site_name\" content=\"Rafa Nadal Academy\" \/>\n<meta property=\"article:published_time\" content=\"2025-10-15T09:38:45+00:00\" \/>\n<meta property=\"article:modified_time\" content=\"2025-10-15T09:56:23+00:00\" \/>\n<meta property=\"og:image\" content=\"https:\/\/www.rafanadalacademy.com\/wp-content\/uploads\/2025\/10\/Hexagon_Cup_Rafa_Nadal_Academy_Team-1024x680.jpg\" \/>\n\t<meta property=\"og:image:width\" content=\"1024\" \/>\n\t<meta property=\"og:image:height\" content=\"680\" \/>\n\t<meta property=\"og:image:type\" content=\"image\/jpeg\" \/>\n<meta name=\"author\" content=\"joseluisprados\" \/>\n<meta name=\"twitter:card\" content=\"summary_large_image\" \/>\n<meta name=\"twitter:label1\" content=\"Written by\" \/>\n\t<meta name=\"twitter:data1\" content=\"joseluisprados\" \/>\n\t<meta name=\"twitter:label2\" content=\"Est. reading time\" \/>\n\t<meta name=\"twitter:data2\" content=\"3 minutes\" \/>\n<script type=\"application\/ld+json\" class=\"yoast-schema-graph\">{\"@context\":\"https:\/\/schema.org\",\"@graph\":[{\"@type\":\"Article\",\"@id\":\"https:\/\/www.rafanadalacademy.com\/fr\/informations\/la-rafa-nadal-academy-team-tentera-de-conquerir-la-troisieme-edition-de-lhexagon-cup\/#article\",\"isPartOf\":{\"@id\":\"https:\/\/www.rafanadalacademy.com\/fr\/informations\/la-rafa-nadal-academy-team-tentera-de-conquerir-la-troisieme-edition-de-lhexagon-cup\/\"},\"author\":{\"name\":\"joseluisprados\",\"@id\":\"https:\/\/www.rafanadalacademy.com\/fr\/#\/schema\/person\/744897d6ee269641fff954376180ef01\"},\"headline\":\"L\u2019\u00e9quipe de la Rafa Nadal Academy tentera de conqu\u00e9rir la troisi\u00e8me \u00e9dition de la Hexagon Cup\",\"datePublished\":\"2025-10-15T09:38:45+00:00\",\"dateModified\":\"2025-10-15T09:56:23+00:00\",\"mainEntityOfPage\":{\"@id\":\"https:\/\/www.rafanadalacademy.com\/fr\/informations\/la-rafa-nadal-academy-team-tentera-de-conquerir-la-troisieme-edition-de-lhexagon-cup\/\"},\"wordCount\":544,\"image\":{\"@id\":\"https:\/\/www.rafanadalacademy.com\/fr\/informations\/la-rafa-nadal-academy-team-tentera-de-conquerir-la-troisieme-edition-de-lhexagon-cup\/#primaryimage\"},\"thumbnailUrl\":\"https:\/\/www.rafanadalacademy.com\/wp-content\/uploads\/2025\/10\/Hexagon_Cup_Rafa_Nadal_Academy_Team.jpg\",\"keywords\":[\"ACAD\u00c9MIE RAFA NADAL PAR MOVISTAR\",\"TOURN\u00c9E DE PADEL DE L'ACAD\u00c9MIE RAFA NADAL\"],\"articleSection\":[\"ACAD\u00c9MIE RAFA NADAL PAR MOVISTAR\",\"informations\",\"PADEL\"],\"inLanguage\":\"fr-FR\",\"copyrightYear\":\"2025\",\"copyrightHolder\":{\"@id\":\"https:\/\/www.rafanadalacademy.com\/#organization\"}},{\"@type\":\"WebPage\",\"@id\":\"https:\/\/www.rafanadalacademy.com\/fr\/informations\/la-rafa-nadal-academy-team-tentera-de-conquerir-la-troisieme-edition-de-lhexagon-cup\/\",\"url\":\"https:\/\/www.rafanadalacademy.com\/fr\/informations\/la-rafa-nadal-academy-team-tentera-de-conquerir-la-troisieme-edition-de-lhexagon-cup\/\",\"name\":\"L\u2019\u00e9quipe de la Rafa Nadal Academy tentera de conqu\u00e9rir la troisi\u00e8me \u00e9dition de la Hexagon Cup - Rafa Nadal Academy\",\"isPartOf\":{\"@id\":\"https:\/\/www.rafanadalacademy.com\/fr\/#website\"},\"primaryImageOfPage\":{\"@id\":\"https:\/\/www.rafanadalacademy.com\/fr\/informations\/la-rafa-nadal-academy-team-tentera-de-conquerir-la-troisieme-edition-de-lhexagon-cup\/#primaryimage\"},\"image\":{\"@id\":\"https:\/\/www.rafanadalacademy.com\/fr\/informations\/la-rafa-nadal-academy-team-tentera-de-conquerir-la-troisieme-edition-de-lhexagon-cup\/#primaryimage\"},\"thumbnailUrl\":\"https:\/\/www.rafanadalacademy.com\/wp-content\/uploads\/2025\/10\/Hexagon_Cup_Rafa_Nadal_Academy_Team.jpg\",\"datePublished\":\"2025-10-15T09:38:45+00:00\",\"dateModified\":\"2025-10-15T09:56:23+00:00\",\"author\":{\"@id\":\"https:\/\/www.rafanadalacademy.com\/fr\/#\/schema\/person\/744897d6ee269641fff954376180ef01\"},\"description\":\"La Coupe de l'Hexagone a termin\u00e9 son tirage au sort tant attendu, configurant ainsi les \u00e9quipes qui se disputeront le titre dans la Caja M\u00e1gica du 28 janvier au 1er f\u00e9vrier 2026. L'\u00e9quipe de l'Acad\u00e9mie Rafa Nadal tentera de remporter la troisi\u00e8me \u00e9dition de la Coupe de l'Hexagone.\",\"breadcrumb\":{\"@id\":\"https:\/\/www.rafanadalacademy.com\/fr\/informations\/la-rafa-nadal-academy-team-tentera-de-conquerir-la-troisieme-edition-de-lhexagon-cup\/#breadcrumb\"},\"inLanguage\":\"fr-FR\",\"potentialAction\":[{\"@type\":\"ReadAction\",\"target\":[\"https:\/\/www.rafanadalacademy.com\/fr\/informations\/la-rafa-nadal-academy-team-tentera-de-conquerir-la-troisieme-edition-de-lhexagon-cup\/\"]}]},{\"@type\":\"ImageObject\",\"inLanguage\":\"fr-FR\",\"@id\":\"https:\/\/www.rafanadalacademy.com\/fr\/informations\/la-rafa-nadal-academy-team-tentera-de-conquerir-la-troisieme-edition-de-lhexagon-cup\/#primaryimage\",\"url\":\"https:\/\/www.rafanadalacademy.com\/wp-content\/uploads\/2025\/10\/Hexagon_Cup_Rafa_Nadal_Academy_Team.jpg\",\"contentUrl\":\"https:\/\/www.rafanadalacademy.com\/wp-content\/uploads\/2025\/10\/Hexagon_Cup_Rafa_Nadal_Academy_Team.jpg\",\"width\":2560,\"height\":1700,\"caption\":\"El Rafa Nadal Academy Team en la Hexagon Cup\"},{\"@type\":\"BreadcrumbList\",\"@id\":\"https:\/\/www.rafanadalacademy.com\/fr\/informations\/la-rafa-nadal-academy-team-tentera-de-conquerir-la-troisieme-edition-de-lhexagon-cup\/#breadcrumb\",\"itemListElement\":[{\"@type\":\"ListItem\",\"position\":1,\"name\":\"Home\",\"item\":\"https:\/\/www.rafanadalacademy.com\/fr\/\"},{\"@type\":\"ListItem\",\"position\":2,\"name\":\"L\u2019\u00e9quipe de la Rafa Nadal Academy tentera de conqu\u00e9rir la troisi\u00e8me \u00e9dition de la Hexagon Cup\"}]},{\"@type\":\"WebSite\",\"@id\":\"https:\/\/www.rafanadalacademy.com\/fr\/#website\",\"url\":\"https:\/\/www.rafanadalacademy.com\/fr\/\",\"name\":\"Rafa Nadal Academy\",\"description\":\"Otro sitio realizado con WordPress\",\"potentialAction\":[{\"@type\":\"SearchAction\",\"target\":{\"@type\":\"EntryPoint\",\"urlTemplate\":\"https:\/\/www.rafanadalacademy.com\/fr\/?s={search_term_string}\"},\"query-input\":{\"@type\":\"PropertyValueSpecification\",\"valueRequired\":true,\"valueName\":\"search_term_string\"}}],\"inLanguage\":\"fr-FR\"},{\"@type\":\"Person\",\"@id\":\"https:\/\/www.rafanadalacademy.com\/fr\/#\/schema\/person\/744897d6ee269641fff954376180ef01\",\"name\":\"joseluisprados\",\"image\":{\"@type\":\"ImageObject\",\"inLanguage\":\"fr-FR\",\"@id\":\"https:\/\/www.rafanadalacademy.com\/fr\/#\/schema\/person\/image\/\",\"url\":\"https:\/\/secure.gravatar.com\/avatar\/8aa823a6e5501864ffab4785d9e2a994b59c2d45c9f9751c5a532abfec081e5f?s=96&d=mm&r=g\",\"contentUrl\":\"https:\/\/secure.gravatar.com\/avatar\/8aa823a6e5501864ffab4785d9e2a994b59c2d45c9f9751c5a532abfec081e5f?s=96&d=mm&r=g\",\"caption\":\"joseluisprados\"},\"url\":\"https:\/\/www.rafanadalacademy.com\/fr\/author\/joseluisprados\/\"},{\"@type\":\"ImageObject\",\"inLanguage\":\"fr-FR\",\"@id\":\"https:\/\/www.rafanadalacademy.com\/fr\/informations\/la-rafa-nadal-academy-team-tentera-de-conquerir-la-troisieme-edition-de-lhexagon-cup\/#local-main-organization-logo\",\"url\":\"\",\"contentUrl\":\"\",\"caption\":\"Rafa Nadal Academy\"}]}<\/script>\n<!-- \/ Yoast SEO Premium plugin. -->","yoast_head_json":{"title":"L\u2019\u00e9quipe de la Rafa Nadal Academy tentera de conqu\u00e9rir la troisi\u00e8me \u00e9dition de la Hexagon Cup - Rafa Nadal Academy","description":"La Coupe de l'Hexagone a termin\u00e9 son tirage au sort tant attendu, configurant ainsi les \u00e9quipes qui se disputeront le titre dans la Caja M\u00e1gica du 28 janvier au 1er f\u00e9vrier 2026. L'\u00e9quipe de l'Acad\u00e9mie Rafa Nadal tentera de remporter la troisi\u00e8me \u00e9dition de la Coupe de l'Hexagone.","robots":{"index":"index","follow":"follow","max-snippet":"max-snippet:-1","max-image-preview":"max-image-preview:large","max-video-preview":"max-video-preview:-1"},"canonical":"https:\/\/www.rafanadalacademy.com\/fr\/informations\/la-rafa-nadal-academy-team-tentera-de-conquerir-la-troisieme-edition-de-lhexagon-cup\/","og_locale":"fr_FR","og_type":"article","og_title":"L\u2019\u00e9quipe de la Rafa Nadal Academy tentera de conqu\u00e9rir la troisi\u00e8me \u00e9dition de la Hexagon Cup","og_description":"La Coupe de l'Hexagone a termin\u00e9 son tirage au sort tant attendu, configurant ainsi les \u00e9quipes qui se disputeront le titre dans la Caja M\u00e1gica du 28 janvier au 1er f\u00e9vrier 2026. L'\u00e9quipe de l'Acad\u00e9mie Rafa Nadal tentera de remporter la troisi\u00e8me \u00e9dition de la Coupe de l'Hexagone.","og_url":"https:\/\/www.rafanadalacademy.com\/fr\/informations\/la-rafa-nadal-academy-team-tentera-de-conquerir-la-troisieme-edition-de-lhexagon-cup\/","og_site_name":"Rafa Nadal Academy","article_published_time":"2025-10-15T09:38:45+00:00","article_modified_time":"2025-10-15T09:56:23+00:00","og_image":[{"width":1024,"height":680,"url":"https:\/\/www.rafanadalacademy.com\/wp-content\/uploads\/2025\/10\/Hexagon_Cup_Rafa_Nadal_Academy_Team-1024x680.jpg","type":"image\/jpeg"}],"author":"joseluisprados","twitter_card":"summary_large_image","twitter_misc":{"Written by":"joseluisprados","Est. reading time":"3 minutes"},"schema":{"@context":"https:\/\/schema.org","@graph":[{"@type":"Article","@id":"https:\/\/www.rafanadalacademy.com\/fr\/informations\/la-rafa-nadal-academy-team-tentera-de-conquerir-la-troisieme-edition-de-lhexagon-cup\/#article","isPartOf":{"@id":"https:\/\/www.rafanadalacademy.com\/fr\/informations\/la-rafa-nadal-academy-team-tentera-de-conquerir-la-troisieme-edition-de-lhexagon-cup\/"},"author":{"name":"joseluisprados","@id":"https:\/\/www.rafanadalacademy.com\/fr\/#\/schema\/person\/744897d6ee269641fff954376180ef01"},"headline":"L\u2019\u00e9quipe de la Rafa Nadal Academy tentera de conqu\u00e9rir la troisi\u00e8me \u00e9dition de la Hexagon Cup","datePublished":"2025-10-15T09:38:45+00:00","dateModified":"2025-10-15T09:56:23+00:00","mainEntityOfPage":{"@id":"https:\/\/www.rafanadalacademy.com\/fr\/informations\/la-rafa-nadal-academy-team-tentera-de-conquerir-la-troisieme-edition-de-lhexagon-cup\/"},"wordCount":544,"image":{"@id":"https:\/\/www.rafanadalacademy.com\/fr\/informations\/la-rafa-nadal-academy-team-tentera-de-conquerir-la-troisieme-edition-de-lhexagon-cup\/#primaryimage"},"thumbnailUrl":"https:\/\/www.rafanadalacademy.com\/wp-content\/uploads\/2025\/10\/Hexagon_Cup_Rafa_Nadal_Academy_Team.jpg","keywords":["ACAD\u00c9MIE RAFA NADAL PAR MOVISTAR","TOURN\u00c9E DE PADEL DE L'ACAD\u00c9MIE RAFA NADAL"],"articleSection":["ACAD\u00c9MIE RAFA NADAL PAR MOVISTAR","informations","PADEL"],"inLanguage":"fr-FR","copyrightYear":"2025","copyrightHolder":{"@id":"https:\/\/www.rafanadalacademy.com\/#organization"}},{"@type":"WebPage","@id":"https:\/\/www.rafanadalacademy.com\/fr\/informations\/la-rafa-nadal-academy-team-tentera-de-conquerir-la-troisieme-edition-de-lhexagon-cup\/","url":"https:\/\/www.rafanadalacademy.com\/fr\/informations\/la-rafa-nadal-academy-team-tentera-de-conquerir-la-troisieme-edition-de-lhexagon-cup\/","name":"L\u2019\u00e9quipe de la Rafa Nadal Academy tentera de conqu\u00e9rir la troisi\u00e8me \u00e9dition de la Hexagon Cup - Rafa Nadal Academy","isPartOf":{"@id":"https:\/\/www.rafanadalacademy.com\/fr\/#website"},"primaryImageOfPage":{"@id":"https:\/\/www.rafanadalacademy.com\/fr\/informations\/la-rafa-nadal-academy-team-tentera-de-conquerir-la-troisieme-edition-de-lhexagon-cup\/#primaryimage"},"image":{"@id":"https:\/\/www.rafanadalacademy.com\/fr\/informations\/la-rafa-nadal-academy-team-tentera-de-conquerir-la-troisieme-edition-de-lhexagon-cup\/#primaryimage"},"thumbnailUrl":"https:\/\/www.rafanadalacademy.com\/wp-content\/uploads\/2025\/10\/Hexagon_Cup_Rafa_Nadal_Academy_Team.jpg","datePublished":"2025-10-15T09:38:45+00:00","dateModified":"2025-10-15T09:56:23+00:00","author":{"@id":"https:\/\/www.rafanadalacademy.com\/fr\/#\/schema\/person\/744897d6ee269641fff954376180ef01"},"description":"La Coupe de l'Hexagone a termin\u00e9 son tirage au sort tant attendu, configurant ainsi les \u00e9quipes qui se disputeront le titre dans la Caja M\u00e1gica du 28 janvier au 1er f\u00e9vrier 2026. L'\u00e9quipe de l'Acad\u00e9mie Rafa Nadal tentera de remporter la troisi\u00e8me \u00e9dition de la Coupe de l'Hexagone.","breadcrumb":{"@id":"https:\/\/www.rafanadalacademy.com\/fr\/informations\/la-rafa-nadal-academy-team-tentera-de-conquerir-la-troisieme-edition-de-lhexagon-cup\/#breadcrumb"},"inLanguage":"fr-FR","potentialAction":[{"@type":"ReadAction","target":["https:\/\/www.rafanadalacademy.com\/fr\/informations\/la-rafa-nadal-academy-team-tentera-de-conquerir-la-troisieme-edition-de-lhexagon-cup\/"]}]},{"@type":"ImageObject","inLanguage":"fr-FR","@id":"https:\/\/www.rafanadalacademy.com\/fr\/informations\/la-rafa-nadal-academy-team-tentera-de-conquerir-la-troisieme-edition-de-lhexagon-cup\/#primaryimage","url":"https:\/\/www.rafanadalacademy.com\/wp-content\/uploads\/2025\/10\/Hexagon_Cup_Rafa_Nadal_Academy_Team.jpg","contentUrl":"https:\/\/www.rafanadalacademy.com\/wp-content\/uploads\/2025\/10\/Hexagon_Cup_Rafa_Nadal_Academy_Team.jpg","width":2560,"height":1700,"caption":"El Rafa Nadal Academy Team en la Hexagon Cup"},{"@type":"BreadcrumbList","@id":"https:\/\/www.rafanadalacademy.com\/fr\/informations\/la-rafa-nadal-academy-team-tentera-de-conquerir-la-troisieme-edition-de-lhexagon-cup\/#breadcrumb","itemListElement":[{"@type":"ListItem","position":1,"name":"Home","item":"https:\/\/www.rafanadalacademy.com\/fr\/"},{"@type":"ListItem","position":2,"name":"L\u2019\u00e9quipe de la Rafa Nadal Academy tentera de conqu\u00e9rir la troisi\u00e8me \u00e9dition de la Hexagon Cup"}]},{"@type":"WebSite","@id":"https:\/\/www.rafanadalacademy.com\/fr\/#website","url":"https:\/\/www.rafanadalacademy.com\/fr\/","name":"Rafa Nadal Academy","description":"Otro sitio realizado con WordPress","potentialAction":[{"@type":"SearchAction","target":{"@type":"EntryPoint","urlTemplate":"https:\/\/www.rafanadalacademy.com\/fr\/?s={search_term_string}"},"query-input":{"@type":"PropertyValueSpecification","valueRequired":true,"valueName":"search_term_string"}}],"inLanguage":"fr-FR"},{"@type":"Person","@id":"https:\/\/www.rafanadalacademy.com\/fr\/#\/schema\/person\/744897d6ee269641fff954376180ef01","name":"joseluisprados","image":{"@type":"ImageObject","inLanguage":"fr-FR","@id":"https:\/\/www.rafanadalacademy.com\/fr\/#\/schema\/person\/image\/","url":"https:\/\/secure.gravatar.com\/avatar\/8aa823a6e5501864ffab4785d9e2a994b59c2d45c9f9751c5a532abfec081e5f?s=96&d=mm&r=g","contentUrl":"https:\/\/secure.gravatar.com\/avatar\/8aa823a6e5501864ffab4785d9e2a994b59c2d45c9f9751c5a532abfec081e5f?s=96&d=mm&r=g","caption":"joseluisprados"},"url":"https:\/\/www.rafanadalacademy.com\/fr\/author\/joseluisprados\/"},{"@type":"ImageObject","inLanguage":"fr-FR","@id":"https:\/\/www.rafanadalacademy.com\/fr\/informations\/la-rafa-nadal-academy-team-tentera-de-conquerir-la-troisieme-edition-de-lhexagon-cup\/#local-main-organization-logo","url":"","contentUrl":"","caption":"Rafa Nadal Academy"}]}},"_links":{"self":[{"href":"https:\/\/www.rafanadalacademy.com\/fr\/wp-json\/wp\/v2\/posts\/35075","targetHints":{"allow":["GET"]}}],"collection":[{"href":"https:\/\/www.rafanadalacademy.com\/fr\/wp-json\/wp\/v2\/posts"}],"about":[{"href":"https:\/\/www.rafanadalacademy.com\/fr\/wp-json\/wp\/v2\/types\/post"}],"author":[{"embeddable":true,"href":"https:\/\/www.rafanadalacademy.com\/fr\/wp-json\/wp\/v2\/users\/23"}],"replies":[{"embeddable":true,"href":"https:\/\/www.rafanadalacademy.com\/fr\/wp-json\/wp\/v2\/comments?post=35075"}],"version-history":[{"count":3,"href":"https:\/\/www.rafanadalacademy.com\/fr\/wp-json\/wp\/v2\/posts\/35075\/revisions"}],"predecessor-version":[{"id":35105,"href":"https:\/\/www.rafanadalacademy.com\/fr\/wp-json\/wp\/v2\/posts\/35075\/revisions\/35105"}],"wp:featuredmedia":[{"embeddable":true,"href":"https:\/\/www.rafanadalacademy.com\/fr\/wp-json\/wp\/v2\/media\/35063"}],"wp:attachment":[{"href":"https:\/\/www.rafanadalacademy.com\/fr\/wp-json\/wp\/v2\/media?parent=35075"}],"wp:term":[{"taxonomy":"category","embeddable":true,"href":"https:\/\/www.rafanadalacademy.com\/fr\/wp-json\/wp\/v2\/categories?post=35075"},{"taxonomy":"post_tag","embeddable":true,"href":"https:\/\/www.rafanadalacademy.com\/fr\/wp-json\/wp\/v2\/tags?post=35075"}],"curies":[{"name":"wp","href":"https:\/\/api.w.org\/{rel}","templated":true}]}}