{"id":34761,"date":"2025-10-13T11:03:53","date_gmt":"2025-10-13T11:03:53","guid":{"rendered":"https:\/\/www.rafanadalacademy.com\/non-classifiee\/solana-sierra-inscrit-son-nom-comme-premiere-gagnante-des-championnats-feminins-de-majorque\/"},"modified":"2025-10-13T11:33:15","modified_gmt":"2025-10-13T11:33:15","slug":"solana-sierra-inscrit-son-nom-comme-premiere-gagnante-des-championnats-feminins-de-majorque","status":"publish","type":"post","link":"https:\/\/www.rafanadalacademy.com\/fr\/academie-rafa-nadal-par-movistar\/solana-sierra-inscrit-son-nom-comme-premiere-gagnante-des-championnats-feminins-de-majorque\/","title":{"rendered":"Solana Sierra inscrit son nom comme premi\u00e8re gagnante des championnats f\u00e9minins de Majorque"},"content":{"rendered":"\n<p>L&#8217;Argentine Solana Sierra a remport\u00e9 la premi\u00e8re \u00e9dition du Mallorca Women&#8217;s Championships, tournoi WTA 125 organis\u00e9 au Mallorca Country Club de Santa Pon\u00e7a. La joueuse de la Rafa Nadal Academy a battu la Serbe Lola Radivojevic 6-3, 6-1 en finale en seulement une heure et 12 minutes de jeu. <\/p>\n\n<figure class=\"wp-block-image size-full\"><img decoding=\"async\" src=\"https:\/\/www.rafanadalacademy.com\/wp-content\/uploads\/2025\/10\/&#xA1;CAMPEONA-&#xA1;Enhorabuena-@solana_sierra-por-conquistar-el-@mallorcawomenschamps-&#xA1;Y-ademas-recibi.jpg\" alt=\"\" class=\"wp-image-34719\"\/><\/figure>\n\n<div style=\"height:50px\" aria-hidden=\"true\" class=\"wp-block-spacer\"><\/div>\n\n<p>La victoire s&#8217;est faite dans le suspense, car la finale a d\u00fb \u00eatre interrompue par la pluie peu apr\u00e8s le d\u00e9but du match, alors que Sierra menait d\u00e9j\u00e0 le premier set 4-2. Le match a pu reprendre et Sierra a continu\u00e9 \u00e0 faire la diff\u00e9rence gr\u00e2ce \u00e0 son service efficace et \u00e0 sa domination depuis le fond du court. <\/p>\n\n<p>Sierra, t\u00eate de s\u00e9rie num\u00e9ro 1 du tournoi, a re\u00e7u le troph\u00e9e des mains de sa compatriote Gabriela Sabatini, \u00e0 qui elle a d\u00e9di\u00e9 ces mots : &#8220;La pr\u00e9sence de Gabriela a \u00e9t\u00e9 une grande source d&#8217;inspiration&#8221;.<\/p>\n\n<div style=\"height:50px\" aria-hidden=\"true\" class=\"wp-block-spacer\"><\/div>\n\n<figure class=\"wp-block-image size-large\"><img decoding=\"async\" src=\"https:\/\/www.rafanadalacademy.com\/wp-content\/uploads\/2025\/10\/&#xA1;CAMPEONA-&#xA1;Enhorabuena-@solana_sierra-por-conquistar-el-@mallorcawomenschamps-&#xA1;Y-ademas-recibi-1-1024x1024.jpg\" alt=\"\" class=\"wp-image-34727\"\/><\/figure>\n\n<div style=\"height:50px\" aria-hidden=\"true\" class=\"wp-block-spacer\"><\/div>\n\n<p>Avec ce triomphe aux Championnats f\u00e9minins de Majorque, Sierra conclut une ann\u00e9e 2025 tout simplement spectaculaire. La jeune femme de 21 ans a remport\u00e9 son premier titre WTA 125 \u00e0 Antalya en mars et s&#8217;est hiss\u00e9e dans le Top 100 du classement WTA pour la premi\u00e8re fois en juillet, apr\u00e8s sa perc\u00e9e \u00e0 Wimbledon, o\u00f9 elle a atteint les huiti\u00e8mes de finale du Grand Chelem londonien. <\/p>\n\n<div style=\"height:50px\" aria-hidden=\"true\" class=\"wp-block-spacer\"><\/div>\n\n<figure class=\"wp-block-image size-large\"><img decoding=\"async\" src=\"https:\/\/www.rafanadalacademy.com\/wp-content\/uploads\/2025\/10\/&#xA1;CAMPEONA-&#xA1;Enhorabuena-@solana_sierra-por-conquistar-el-@mallorcawomenschamps-&#xA1;Y-ademas-recibi-2-1024x1024.jpg\" alt=\"\" class=\"wp-image-34711\"\/><\/figure>\n\n<div style=\"height:50px\" aria-hidden=\"true\" class=\"wp-block-spacer\"><\/div>\n\n<p>Sierra devient \u00e9galement la huiti\u00e8me joueuse \u00e0 remporter deux titres WTA 125 cette ann\u00e9e, apr\u00e8s Dalma Galfi, Anca Todoni, Tereza Valentova, Francesca Jones, Veronika Erjavec, Kaja Juvan et Sara Bejlek.<\/p>\n\n<div style=\"height:51px\" aria-hidden=\"true\" class=\"wp-block-spacer\"><\/div>\n","protected":false},"excerpt":{"rendered":"<p>L&#8217;Argentine Solana Sierra a remport\u00e9 la premi\u00e8re \u00e9dition du Mallorca Women&#8217;s Championships, tournoi WTA 125 organis\u00e9 au Mallorca Country Club de Santa Pon\u00e7a. La joueuse de la Rafa Nadal Academy a battu la Serbe Lola Radivojevic 6-3, 6-1 en finale en seulement une heure et 12 minutes de jeu. La victoire s&#8217;est faite dans le<a href=\"https:\/\/www.rafanadalacademy.com\/fr\/academie-rafa-nadal-par-movistar\/solana-sierra-inscrit-son-nom-comme-premiere-gagnante-des-championnats-feminins-de-majorque\/\">Continue reading <span class=\"sr-only\">&#8220;Solana Sierra inscrit son nom comme premi\u00e8re gagnante des championnats f\u00e9minins de Majorque&#8221;<\/span><\/a><\/p>\n","protected":false},"author":23,"featured_media":34702,"comment_status":"closed","ping_status":"closed","sticky":false,"template":"","format":"standard","meta":{"_acf_changed":false,"footnotes":""},"categories":[206,158],"tags":[207],"class_list":["post-34761","post","type-post","status-publish","format-standard","has-post-thumbnail","hentry","category-academie-rafa-nadal-par-movistar","category-informations","tag-academie-rafa-nadal-par-movistar"],"acf":[],"yoast_head":"<!-- This site is optimized with the Yoast SEO Premium plugin v26.8 (Yoast SEO v26.9) - https:\/\/yoast.com\/product\/yoast-seo-premium-wordpress\/ -->\n<title>Solana Sierra inscrit son nom comme premi\u00e8re gagnante des championnats f\u00e9minins de Majorque - Rafa Nadal Academy<\/title>\n<meta name=\"description\" content=\"Solana Sierra a remport\u00e9 la premi\u00e8re \u00e9dition des championnats f\u00e9minins de Majorque. La joueuse de la Rafa Nadal Academy a battu la Serbe Lola Radivojevic 6-3, 6-1 en finale.\" \/>\n<meta name=\"robots\" content=\"index, follow, max-snippet:-1, max-image-preview:large, max-video-preview:-1\" \/>\n<link rel=\"canonical\" href=\"https:\/\/www.rafanadalacademy.com\/fr\/academie-rafa-nadal-par-movistar\/solana-sierra-inscrit-son-nom-comme-premiere-gagnante-des-championnats-feminins-de-majorque\/\" \/>\n<meta property=\"og:locale\" content=\"fr_FR\" \/>\n<meta property=\"og:type\" content=\"article\" \/>\n<meta property=\"og:title\" content=\"Solana Sierra inscrit son nom comme premi\u00e8re gagnante des championnats f\u00e9minins de Majorque\" \/>\n<meta property=\"og:description\" content=\"Solana Sierra a remport\u00e9 la premi\u00e8re \u00e9dition des championnats f\u00e9minins de Majorque. La joueuse de la Rafa Nadal Academy a battu la Serbe Lola Radivojevic 6-3, 6-1 en finale.\" \/>\n<meta property=\"og:url\" content=\"https:\/\/www.rafanadalacademy.com\/fr\/academie-rafa-nadal-par-movistar\/solana-sierra-inscrit-son-nom-comme-premiere-gagnante-des-championnats-feminins-de-majorque\/\" \/>\n<meta property=\"og:site_name\" content=\"Rafa Nadal Academy\" \/>\n<meta property=\"article:published_time\" content=\"2025-10-13T11:03:53+00:00\" \/>\n<meta property=\"article:modified_time\" content=\"2025-10-13T11:33:15+00:00\" \/>\n<meta property=\"og:image\" content=\"https:\/\/www.rafanadalacademy.com\/wp-content\/uploads\/2025\/10\/solana_sierra_trophy-1024x576.webp\" \/>\n\t<meta property=\"og:image:width\" content=\"1024\" \/>\n\t<meta property=\"og:image:height\" content=\"576\" \/>\n\t<meta property=\"og:image:type\" content=\"image\/webp\" \/>\n<meta name=\"author\" content=\"joseluisprados\" \/>\n<meta name=\"twitter:card\" content=\"summary_large_image\" \/>\n<meta name=\"twitter:label1\" content=\"Written by\" \/>\n\t<meta name=\"twitter:data1\" content=\"joseluisprados\" \/>\n\t<meta name=\"twitter:label2\" content=\"Est. reading time\" \/>\n\t<meta name=\"twitter:data2\" content=\"1 minute\" \/>\n<script type=\"application\/ld+json\" class=\"yoast-schema-graph\">{\"@context\":\"https:\/\/schema.org\",\"@graph\":[{\"@type\":\"Article\",\"@id\":\"https:\/\/www.rafanadalacademy.com\/fr\/academie-rafa-nadal-par-movistar\/solana-sierra-inscrit-son-nom-comme-premiere-gagnante-des-championnats-feminins-de-majorque\/#article\",\"isPartOf\":{\"@id\":\"https:\/\/www.rafanadalacademy.com\/fr\/academie-rafa-nadal-par-movistar\/solana-sierra-inscrit-son-nom-comme-premiere-gagnante-des-championnats-feminins-de-majorque\/\"},\"author\":{\"name\":\"joseluisprados\",\"@id\":\"https:\/\/www.rafanadalacademy.com\/fr\/#\/schema\/person\/744897d6ee269641fff954376180ef01\"},\"headline\":\"Solana Sierra inscrit son nom comme premi\u00e8re gagnante des championnats f\u00e9minins de Majorque\",\"datePublished\":\"2025-10-13T11:03:53+00:00\",\"dateModified\":\"2025-10-13T11:33:15+00:00\",\"mainEntityOfPage\":{\"@id\":\"https:\/\/www.rafanadalacademy.com\/fr\/academie-rafa-nadal-par-movistar\/solana-sierra-inscrit-son-nom-comme-premiere-gagnante-des-championnats-feminins-de-majorque\/\"},\"wordCount\":269,\"image\":{\"@id\":\"https:\/\/www.rafanadalacademy.com\/fr\/academie-rafa-nadal-par-movistar\/solana-sierra-inscrit-son-nom-comme-premiere-gagnante-des-championnats-feminins-de-majorque\/#primaryimage\"},\"thumbnailUrl\":\"https:\/\/www.rafanadalacademy.com\/wp-content\/uploads\/2025\/10\/solana_sierra_trophy-e1760353232496.webp\",\"keywords\":[\"ACAD\u00c9MIE RAFA NADAL PAR MOVISTAR\"],\"articleSection\":[\"ACAD\u00c9MIE RAFA NADAL PAR MOVISTAR\",\"informations\"],\"inLanguage\":\"fr-FR\",\"copyrightYear\":\"2025\",\"copyrightHolder\":{\"@id\":\"https:\/\/www.rafanadalacademy.com\/#organization\"}},{\"@type\":\"WebPage\",\"@id\":\"https:\/\/www.rafanadalacademy.com\/fr\/academie-rafa-nadal-par-movistar\/solana-sierra-inscrit-son-nom-comme-premiere-gagnante-des-championnats-feminins-de-majorque\/\",\"url\":\"https:\/\/www.rafanadalacademy.com\/fr\/academie-rafa-nadal-par-movistar\/solana-sierra-inscrit-son-nom-comme-premiere-gagnante-des-championnats-feminins-de-majorque\/\",\"name\":\"Solana Sierra inscrit son nom comme premi\u00e8re gagnante des championnats f\u00e9minins de Majorque - Rafa Nadal Academy\",\"isPartOf\":{\"@id\":\"https:\/\/www.rafanadalacademy.com\/fr\/#website\"},\"primaryImageOfPage\":{\"@id\":\"https:\/\/www.rafanadalacademy.com\/fr\/academie-rafa-nadal-par-movistar\/solana-sierra-inscrit-son-nom-comme-premiere-gagnante-des-championnats-feminins-de-majorque\/#primaryimage\"},\"image\":{\"@id\":\"https:\/\/www.rafanadalacademy.com\/fr\/academie-rafa-nadal-par-movistar\/solana-sierra-inscrit-son-nom-comme-premiere-gagnante-des-championnats-feminins-de-majorque\/#primaryimage\"},\"thumbnailUrl\":\"https:\/\/www.rafanadalacademy.com\/wp-content\/uploads\/2025\/10\/solana_sierra_trophy-e1760353232496.webp\",\"datePublished\":\"2025-10-13T11:03:53+00:00\",\"dateModified\":\"2025-10-13T11:33:15+00:00\",\"author\":{\"@id\":\"https:\/\/www.rafanadalacademy.com\/fr\/#\/schema\/person\/744897d6ee269641fff954376180ef01\"},\"description\":\"Solana Sierra a remport\u00e9 la premi\u00e8re \u00e9dition des championnats f\u00e9minins de Majorque. La joueuse de la Rafa Nadal Academy a battu la Serbe Lola Radivojevic 6-3, 6-1 en finale.\",\"breadcrumb\":{\"@id\":\"https:\/\/www.rafanadalacademy.com\/fr\/academie-rafa-nadal-par-movistar\/solana-sierra-inscrit-son-nom-comme-premiere-gagnante-des-championnats-feminins-de-majorque\/#breadcrumb\"},\"inLanguage\":\"fr-FR\",\"potentialAction\":[{\"@type\":\"ReadAction\",\"target\":[\"https:\/\/www.rafanadalacademy.com\/fr\/academie-rafa-nadal-par-movistar\/solana-sierra-inscrit-son-nom-comme-premiere-gagnante-des-championnats-feminins-de-majorque\/\"]}]},{\"@type\":\"ImageObject\",\"inLanguage\":\"fr-FR\",\"@id\":\"https:\/\/www.rafanadalacademy.com\/fr\/academie-rafa-nadal-par-movistar\/solana-sierra-inscrit-son-nom-comme-premiere-gagnante-des-championnats-feminins-de-majorque\/#primaryimage\",\"url\":\"https:\/\/www.rafanadalacademy.com\/wp-content\/uploads\/2025\/10\/solana_sierra_trophy-e1760353232496.webp\",\"contentUrl\":\"https:\/\/www.rafanadalacademy.com\/wp-content\/uploads\/2025\/10\/solana_sierra_trophy-e1760353232496.webp\",\"width\":1920,\"height\":1080,\"caption\":\"Solana Sierra, campeona del Mallorca Women\u2019s Championship\"},{\"@type\":\"BreadcrumbList\",\"@id\":\"https:\/\/www.rafanadalacademy.com\/fr\/academie-rafa-nadal-par-movistar\/solana-sierra-inscrit-son-nom-comme-premiere-gagnante-des-championnats-feminins-de-majorque\/#breadcrumb\",\"itemListElement\":[{\"@type\":\"ListItem\",\"position\":1,\"name\":\"Home\",\"item\":\"https:\/\/www.rafanadalacademy.com\/fr\/\"},{\"@type\":\"ListItem\",\"position\":2,\"name\":\"Solana Sierra inscrit son nom comme premi\u00e8re gagnante des championnats f\u00e9minins de Majorque\"}]},{\"@type\":\"WebSite\",\"@id\":\"https:\/\/www.rafanadalacademy.com\/fr\/#website\",\"url\":\"https:\/\/www.rafanadalacademy.com\/fr\/\",\"name\":\"Rafa Nadal Academy\",\"description\":\"Otro sitio realizado con WordPress\",\"potentialAction\":[{\"@type\":\"SearchAction\",\"target\":{\"@type\":\"EntryPoint\",\"urlTemplate\":\"https:\/\/www.rafanadalacademy.com\/fr\/?s={search_term_string}\"},\"query-input\":{\"@type\":\"PropertyValueSpecification\",\"valueRequired\":true,\"valueName\":\"search_term_string\"}}],\"inLanguage\":\"fr-FR\"},{\"@type\":\"Person\",\"@id\":\"https:\/\/www.rafanadalacademy.com\/fr\/#\/schema\/person\/744897d6ee269641fff954376180ef01\",\"name\":\"joseluisprados\",\"image\":{\"@type\":\"ImageObject\",\"inLanguage\":\"fr-FR\",\"@id\":\"https:\/\/www.rafanadalacademy.com\/fr\/#\/schema\/person\/image\/\",\"url\":\"https:\/\/secure.gravatar.com\/avatar\/8aa823a6e5501864ffab4785d9e2a994b59c2d45c9f9751c5a532abfec081e5f?s=96&d=mm&r=g\",\"contentUrl\":\"https:\/\/secure.gravatar.com\/avatar\/8aa823a6e5501864ffab4785d9e2a994b59c2d45c9f9751c5a532abfec081e5f?s=96&d=mm&r=g\",\"caption\":\"joseluisprados\"},\"url\":\"https:\/\/www.rafanadalacademy.com\/fr\/author\/joseluisprados\/\"},{\"@type\":\"ImageObject\",\"inLanguage\":\"fr-FR\",\"@id\":\"https:\/\/www.rafanadalacademy.com\/fr\/academie-rafa-nadal-par-movistar\/solana-sierra-inscrit-son-nom-comme-premiere-gagnante-des-championnats-feminins-de-majorque\/#local-main-organization-logo\",\"url\":\"\",\"contentUrl\":\"\",\"caption\":\"Rafa Nadal Academy\"}]}<\/script>\n<!-- \/ Yoast SEO Premium plugin. -->","yoast_head_json":{"title":"Solana Sierra inscrit son nom comme premi\u00e8re gagnante des championnats f\u00e9minins de Majorque - Rafa Nadal Academy","description":"Solana Sierra a remport\u00e9 la premi\u00e8re \u00e9dition des championnats f\u00e9minins de Majorque. La joueuse de la Rafa Nadal Academy a battu la Serbe Lola Radivojevic 6-3, 6-1 en finale.","robots":{"index":"index","follow":"follow","max-snippet":"max-snippet:-1","max-image-preview":"max-image-preview:large","max-video-preview":"max-video-preview:-1"},"canonical":"https:\/\/www.rafanadalacademy.com\/fr\/academie-rafa-nadal-par-movistar\/solana-sierra-inscrit-son-nom-comme-premiere-gagnante-des-championnats-feminins-de-majorque\/","og_locale":"fr_FR","og_type":"article","og_title":"Solana Sierra inscrit son nom comme premi\u00e8re gagnante des championnats f\u00e9minins de Majorque","og_description":"Solana Sierra a remport\u00e9 la premi\u00e8re \u00e9dition des championnats f\u00e9minins de Majorque. La joueuse de la Rafa Nadal Academy a battu la Serbe Lola Radivojevic 6-3, 6-1 en finale.","og_url":"https:\/\/www.rafanadalacademy.com\/fr\/academie-rafa-nadal-par-movistar\/solana-sierra-inscrit-son-nom-comme-premiere-gagnante-des-championnats-feminins-de-majorque\/","og_site_name":"Rafa Nadal Academy","article_published_time":"2025-10-13T11:03:53+00:00","article_modified_time":"2025-10-13T11:33:15+00:00","og_image":[{"width":1024,"height":576,"url":"https:\/\/www.rafanadalacademy.com\/wp-content\/uploads\/2025\/10\/solana_sierra_trophy-1024x576.webp","type":"image\/webp"}],"author":"joseluisprados","twitter_card":"summary_large_image","twitter_misc":{"Written by":"joseluisprados","Est. reading time":"1 minute"},"schema":{"@context":"https:\/\/schema.org","@graph":[{"@type":"Article","@id":"https:\/\/www.rafanadalacademy.com\/fr\/academie-rafa-nadal-par-movistar\/solana-sierra-inscrit-son-nom-comme-premiere-gagnante-des-championnats-feminins-de-majorque\/#article","isPartOf":{"@id":"https:\/\/www.rafanadalacademy.com\/fr\/academie-rafa-nadal-par-movistar\/solana-sierra-inscrit-son-nom-comme-premiere-gagnante-des-championnats-feminins-de-majorque\/"},"author":{"name":"joseluisprados","@id":"https:\/\/www.rafanadalacademy.com\/fr\/#\/schema\/person\/744897d6ee269641fff954376180ef01"},"headline":"Solana Sierra inscrit son nom comme premi\u00e8re gagnante des championnats f\u00e9minins de Majorque","datePublished":"2025-10-13T11:03:53+00:00","dateModified":"2025-10-13T11:33:15+00:00","mainEntityOfPage":{"@id":"https:\/\/www.rafanadalacademy.com\/fr\/academie-rafa-nadal-par-movistar\/solana-sierra-inscrit-son-nom-comme-premiere-gagnante-des-championnats-feminins-de-majorque\/"},"wordCount":269,"image":{"@id":"https:\/\/www.rafanadalacademy.com\/fr\/academie-rafa-nadal-par-movistar\/solana-sierra-inscrit-son-nom-comme-premiere-gagnante-des-championnats-feminins-de-majorque\/#primaryimage"},"thumbnailUrl":"https:\/\/www.rafanadalacademy.com\/wp-content\/uploads\/2025\/10\/solana_sierra_trophy-e1760353232496.webp","keywords":["ACAD\u00c9MIE RAFA NADAL PAR MOVISTAR"],"articleSection":["ACAD\u00c9MIE RAFA NADAL PAR MOVISTAR","informations"],"inLanguage":"fr-FR","copyrightYear":"2025","copyrightHolder":{"@id":"https:\/\/www.rafanadalacademy.com\/#organization"}},{"@type":"WebPage","@id":"https:\/\/www.rafanadalacademy.com\/fr\/academie-rafa-nadal-par-movistar\/solana-sierra-inscrit-son-nom-comme-premiere-gagnante-des-championnats-feminins-de-majorque\/","url":"https:\/\/www.rafanadalacademy.com\/fr\/academie-rafa-nadal-par-movistar\/solana-sierra-inscrit-son-nom-comme-premiere-gagnante-des-championnats-feminins-de-majorque\/","name":"Solana Sierra inscrit son nom comme premi\u00e8re gagnante des championnats f\u00e9minins de Majorque - Rafa Nadal Academy","isPartOf":{"@id":"https:\/\/www.rafanadalacademy.com\/fr\/#website"},"primaryImageOfPage":{"@id":"https:\/\/www.rafanadalacademy.com\/fr\/academie-rafa-nadal-par-movistar\/solana-sierra-inscrit-son-nom-comme-premiere-gagnante-des-championnats-feminins-de-majorque\/#primaryimage"},"image":{"@id":"https:\/\/www.rafanadalacademy.com\/fr\/academie-rafa-nadal-par-movistar\/solana-sierra-inscrit-son-nom-comme-premiere-gagnante-des-championnats-feminins-de-majorque\/#primaryimage"},"thumbnailUrl":"https:\/\/www.rafanadalacademy.com\/wp-content\/uploads\/2025\/10\/solana_sierra_trophy-e1760353232496.webp","datePublished":"2025-10-13T11:03:53+00:00","dateModified":"2025-10-13T11:33:15+00:00","author":{"@id":"https:\/\/www.rafanadalacademy.com\/fr\/#\/schema\/person\/744897d6ee269641fff954376180ef01"},"description":"Solana Sierra a remport\u00e9 la premi\u00e8re \u00e9dition des championnats f\u00e9minins de Majorque. La joueuse de la Rafa Nadal Academy a battu la Serbe Lola Radivojevic 6-3, 6-1 en finale.","breadcrumb":{"@id":"https:\/\/www.rafanadalacademy.com\/fr\/academie-rafa-nadal-par-movistar\/solana-sierra-inscrit-son-nom-comme-premiere-gagnante-des-championnats-feminins-de-majorque\/#breadcrumb"},"inLanguage":"fr-FR","potentialAction":[{"@type":"ReadAction","target":["https:\/\/www.rafanadalacademy.com\/fr\/academie-rafa-nadal-par-movistar\/solana-sierra-inscrit-son-nom-comme-premiere-gagnante-des-championnats-feminins-de-majorque\/"]}]},{"@type":"ImageObject","inLanguage":"fr-FR","@id":"https:\/\/www.rafanadalacademy.com\/fr\/academie-rafa-nadal-par-movistar\/solana-sierra-inscrit-son-nom-comme-premiere-gagnante-des-championnats-feminins-de-majorque\/#primaryimage","url":"https:\/\/www.rafanadalacademy.com\/wp-content\/uploads\/2025\/10\/solana_sierra_trophy-e1760353232496.webp","contentUrl":"https:\/\/www.rafanadalacademy.com\/wp-content\/uploads\/2025\/10\/solana_sierra_trophy-e1760353232496.webp","width":1920,"height":1080,"caption":"Solana Sierra, campeona del Mallorca Women\u2019s Championship"},{"@type":"BreadcrumbList","@id":"https:\/\/www.rafanadalacademy.com\/fr\/academie-rafa-nadal-par-movistar\/solana-sierra-inscrit-son-nom-comme-premiere-gagnante-des-championnats-feminins-de-majorque\/#breadcrumb","itemListElement":[{"@type":"ListItem","position":1,"name":"Home","item":"https:\/\/www.rafanadalacademy.com\/fr\/"},{"@type":"ListItem","position":2,"name":"Solana Sierra inscrit son nom comme premi\u00e8re gagnante des championnats f\u00e9minins de Majorque"}]},{"@type":"WebSite","@id":"https:\/\/www.rafanadalacademy.com\/fr\/#website","url":"https:\/\/www.rafanadalacademy.com\/fr\/","name":"Rafa Nadal Academy","description":"Otro sitio realizado con WordPress","potentialAction":[{"@type":"SearchAction","target":{"@type":"EntryPoint","urlTemplate":"https:\/\/www.rafanadalacademy.com\/fr\/?s={search_term_string}"},"query-input":{"@type":"PropertyValueSpecification","valueRequired":true,"valueName":"search_term_string"}}],"inLanguage":"fr-FR"},{"@type":"Person","@id":"https:\/\/www.rafanadalacademy.com\/fr\/#\/schema\/person\/744897d6ee269641fff954376180ef01","name":"joseluisprados","image":{"@type":"ImageObject","inLanguage":"fr-FR","@id":"https:\/\/www.rafanadalacademy.com\/fr\/#\/schema\/person\/image\/","url":"https:\/\/secure.gravatar.com\/avatar\/8aa823a6e5501864ffab4785d9e2a994b59c2d45c9f9751c5a532abfec081e5f?s=96&d=mm&r=g","contentUrl":"https:\/\/secure.gravatar.com\/avatar\/8aa823a6e5501864ffab4785d9e2a994b59c2d45c9f9751c5a532abfec081e5f?s=96&d=mm&r=g","caption":"joseluisprados"},"url":"https:\/\/www.rafanadalacademy.com\/fr\/author\/joseluisprados\/"},{"@type":"ImageObject","inLanguage":"fr-FR","@id":"https:\/\/www.rafanadalacademy.com\/fr\/academie-rafa-nadal-par-movistar\/solana-sierra-inscrit-son-nom-comme-premiere-gagnante-des-championnats-feminins-de-majorque\/#local-main-organization-logo","url":"","contentUrl":"","caption":"Rafa Nadal Academy"}]}},"_links":{"self":[{"href":"https:\/\/www.rafanadalacademy.com\/fr\/wp-json\/wp\/v2\/posts\/34761","targetHints":{"allow":["GET"]}}],"collection":[{"href":"https:\/\/www.rafanadalacademy.com\/fr\/wp-json\/wp\/v2\/posts"}],"about":[{"href":"https:\/\/www.rafanadalacademy.com\/fr\/wp-json\/wp\/v2\/types\/post"}],"author":[{"embeddable":true,"href":"https:\/\/www.rafanadalacademy.com\/fr\/wp-json\/wp\/v2\/users\/23"}],"replies":[{"embeddable":true,"href":"https:\/\/www.rafanadalacademy.com\/fr\/wp-json\/wp\/v2\/comments?post=34761"}],"version-history":[{"count":1,"href":"https:\/\/www.rafanadalacademy.com\/fr\/wp-json\/wp\/v2\/posts\/34761\/revisions"}],"predecessor-version":[{"id":34762,"href":"https:\/\/www.rafanadalacademy.com\/fr\/wp-json\/wp\/v2\/posts\/34761\/revisions\/34762"}],"wp:featuredmedia":[{"embeddable":true,"href":"https:\/\/www.rafanadalacademy.com\/fr\/wp-json\/wp\/v2\/media\/34702"}],"wp:attachment":[{"href":"https:\/\/www.rafanadalacademy.com\/fr\/wp-json\/wp\/v2\/media?parent=34761"}],"wp:term":[{"taxonomy":"category","embeddable":true,"href":"https:\/\/www.rafanadalacademy.com\/fr\/wp-json\/wp\/v2\/categories?post=34761"},{"taxonomy":"post_tag","embeddable":true,"href":"https:\/\/www.rafanadalacademy.com\/fr\/wp-json\/wp\/v2\/tags?post=34761"}],"curies":[{"name":"wp","href":"https:\/\/api.w.org\/{rel}","templated":true}]}}