{"id":34492,"date":"2025-10-07T10:38:01","date_gmt":"2025-10-07T10:38:01","guid":{"rendered":"https:\/\/www.rafanadalacademy.com\/non-classifiee\/korneeva-regne-egalement-a-bratislava-pour-remporter-son-troisieme-titre-de-lannee\/"},"modified":"2025-10-09T11:46:41","modified_gmt":"2025-10-09T11:46:41","slug":"korneeva-regne-egalement-a-bratislava-pour-remporter-son-troisieme-titre-de-lannee","status":"publish","type":"post","link":"https:\/\/www.rafanadalacademy.com\/fr\/academie-rafa-nadal-par-movistar\/korneeva-regne-egalement-a-bratislava-pour-remporter-son-troisieme-titre-de-lannee\/","title":{"rendered":"Korneeva r\u00e8gne \u00e9galement \u00e0 Bratislava pour remporter son troisi\u00e8me titre de l&#8217;ann\u00e9e"},"content":{"rendered":"\n<p>Alina Korneeva continue d&#8217;\u00eatre inarr\u00eatable en cette fin de saison. La jeune joueuse de tennis russe, <strong>championne junior du Grand Chelem<\/strong>, a remport\u00e9 le <strong>tournoi ITF W75 de Bratislava<\/strong> en battant la Tch\u00e8que <strong>Lucie Havlickova<\/strong> <strong>7-6, 7-5<\/strong> en finale dans un match intense qui confirme son excellente forme. <\/p>\n\n<figure class=\"wp-block-image size-full\"><img decoding=\"async\" src=\"https:\/\/www.rafanadalacademy.com\/wp-content\/uploads\/2025\/10\/&#x1F3C6;-Third-ITF-title-of-the-yearHuge-congrats-@aliakorneeva2007-on-winning-the-@itfworldtennisto-e1759833260386.jpg\" alt=\"Alina Korneeva, championne &#xE0; Bratislava\" class=\"wp-image-34253\"\/><\/figure>\n\n<div style=\"height:50px\" aria-hidden=\"true\" class=\"wp-block-spacer\"><\/div>\n\n<p>Avec cette victoire, <strong>Korneeva<\/strong>, joueuse form\u00e9e \u00e0 l&#8217;<strong>Acad\u00e9mie Rafa Nadal de Movistar<\/strong> et entra\u00een\u00e9e par <strong>Anabel Medina<\/strong> et <strong>Joan Carles Alcal\u00e1<\/strong>, accumule <strong>15 victoires lors de ses 16 derniers matchs<\/strong>, une s\u00e9rie impressionnante qui la consolide comme l&#8217;une des joueuses les plus en forme du circuit ITF. De plus, le titre dans la capitale slovaque est son <strong>troisi\u00e8me troph\u00e9e de la saison<\/strong>, apr\u00e8s avoir remport\u00e9 les tournois d&#8217;<strong>\u00c9vora<\/strong> et de <strong>Leiria<\/strong>, tous deux au Portugal. <\/p>\n\n<p>Le nouveau succ\u00e8s du vainqueur de deux grands chelems juniors (Open d&#8217;Australie 2023 et Roland Garros 2023) s&#8217;ajoute aux brillantes performances de l&#8217;\u00e9quipe masculine <strong>de la Rafa Nadal Academy<\/strong>, qui a \u00e9galement remport\u00e9 r\u00e9cemment <strong>trois titres ATP Challenger<\/strong>: <strong>Dani Rinc\u00f3n<\/strong>, champion du <strong>Rafa Nadal Open by Movistar<\/strong>, <strong>Mart\u00edn Landaluce<\/strong>, vainqueur \u00e0 <strong>Orl\u00e9ans, et Abdulah Shelbayah<\/strong>, vainqueur \u00e0 <strong>Las Vegas<\/strong>.<\/p>\n\n<div style=\"height:51px\" aria-hidden=\"true\" class=\"wp-block-spacer\"><\/div>\n\n<figure class=\"wp-block-embed is-type-rich is-provider-twitter wp-block-embed-twitter\"><div class=\"wp-block-embed__wrapper\">\n<blockquote class=\"twitter-tweet\" data-width=\"500\" data-dnt=\"true\"><p lang=\"en\" dir=\"ltr\">\ud83c\udfc6 Third ITF title of the year!<br>Huge congrats Alina Korneeva on winning the <a href=\"https:\/\/twitter.com\/ITFTennis?ref_src=twsrc%5Etfw\">@ITFTennis<\/a> tournament in Bratislava! \ud83c\uddf8\ud83c\uddf0<br><br>What an amazing couple of months \u2014 full of hard work, passion, and great results. VAMOS\ud83d\udd25 <a href=\"https:\/\/t.co\/UcCRXDsCty\">pic.twitter.com\/UcCRXDsCty<\/a><\/p>&mdash; Rafa Nadal Academy (@rnadalacademy) <a href=\"https:\/\/twitter.com\/rnadalacademy\/status\/1975101411747836130?ref_src=twsrc%5Etfw\">October 6, 2025<\/a><\/blockquote><script async src=\"https:\/\/platform.twitter.com\/widgets.js\" charset=\"utf-8\"><\/script>\n<\/div><\/figure>\n\n<div style=\"height:51px\" aria-hidden=\"true\" class=\"wp-block-spacer\"><\/div>\n\n<p>Une s\u00e9rie commune qui refl\u00e8te le <strong>travail acharn\u00e9, le d\u00e9vouement et la passion<\/strong> qui impr\u00e8gnent le travail quotidien de l&#8217;Acad\u00e9mie, qui continue \u00e0 porter ses fruits sur les circuits masculins et f\u00e9minins.<\/p>\n\n<p><strong>F\u00e9licitations \u00e0 Alina Korneeva pour son nouveau titre ITF.<\/strong><\/p>\n\n<div style=\"height:51px\" aria-hidden=\"true\" class=\"wp-block-spacer\"><\/div>\n","protected":false},"excerpt":{"rendered":"<p>Alina Korneeva continue d&#8217;\u00eatre inarr\u00eatable en cette fin de saison. La jeune joueuse de tennis russe, championne junior du Grand Chelem, a remport\u00e9 le tournoi ITF W75 de Bratislava en battant la Tch\u00e8que Lucie Havlickova 7-6, 7-5 en finale dans un match intense qui confirme son excellente forme. Avec cette victoire, Korneeva, joueuse form\u00e9e \u00e0<a href=\"https:\/\/www.rafanadalacademy.com\/fr\/academie-rafa-nadal-par-movistar\/korneeva-regne-egalement-a-bratislava-pour-remporter-son-troisieme-titre-de-lannee\/\">Continue reading <span class=\"sr-only\">&#8220;Korneeva r\u00e8gne \u00e9galement \u00e0 Bratislava pour remporter son troisi\u00e8me titre de l&#8217;ann\u00e9e&#8221;<\/span><\/a><\/p>\n","protected":false},"author":23,"featured_media":34256,"comment_status":"closed","ping_status":"closed","sticky":false,"template":"","format":"standard","meta":{"_acf_changed":false,"footnotes":""},"categories":[206,158],"tags":[207],"class_list":["post-34492","post","type-post","status-publish","format-standard","has-post-thumbnail","hentry","category-academie-rafa-nadal-par-movistar","category-informations","tag-academie-rafa-nadal-par-movistar"],"acf":[],"yoast_head":"<!-- This site is optimized with the Yoast SEO Premium plugin v26.8 (Yoast SEO v26.9) - https:\/\/yoast.com\/product\/yoast-seo-premium-wordpress\/ -->\n<title>Korneeva r\u00e8gne \u00e9galement \u00e0 Bratislava pour remporter son troisi\u00e8me titre de l&#039;ann\u00e9e - Rafa Nadal Academy<\/title>\n<meta name=\"description\" content=\"Alina Korneeva continue d&#039;\u00eatre inarr\u00eatable en cette fin de saison. La jeune joueuse de tennis russe a remport\u00e9 le tournoi ITF W75 \u00e0 Bratislava.\" \/>\n<meta name=\"robots\" content=\"index, follow, max-snippet:-1, max-image-preview:large, max-video-preview:-1\" \/>\n<link rel=\"canonical\" href=\"https:\/\/www.rafanadalacademy.com\/fr\/academie-rafa-nadal-par-movistar\/korneeva-regne-egalement-a-bratislava-pour-remporter-son-troisieme-titre-de-lannee\/\" \/>\n<meta property=\"og:locale\" content=\"fr_FR\" \/>\n<meta property=\"og:type\" content=\"article\" \/>\n<meta property=\"og:title\" content=\"Korneeva r\u00e8gne \u00e9galement \u00e0 Bratislava pour remporter son troisi\u00e8me titre de l&#039;ann\u00e9e\" \/>\n<meta property=\"og:description\" content=\"Alina Korneeva continue d&#039;\u00eatre inarr\u00eatable en cette fin de saison. La jeune joueuse de tennis russe a remport\u00e9 le tournoi ITF W75 \u00e0 Bratislava.\" \/>\n<meta property=\"og:url\" content=\"https:\/\/www.rafanadalacademy.com\/fr\/academie-rafa-nadal-par-movistar\/korneeva-regne-egalement-a-bratislava-pour-remporter-son-troisieme-titre-de-lannee\/\" \/>\n<meta property=\"og:site_name\" content=\"Rafa Nadal Academy\" \/>\n<meta property=\"article:published_time\" content=\"2025-10-07T10:38:01+00:00\" \/>\n<meta property=\"article:modified_time\" content=\"2025-10-09T11:46:41+00:00\" \/>\n<meta property=\"og:image\" content=\"https:\/\/www.rafanadalacademy.com\/wp-content\/uploads\/2025\/10\/\ud83c\udfc6-Third-ITF-title-of-the-yearHuge-congrats-@aliakorneeva2007-on-winning-the-@itfworldtennisto-e1759833411251.jpg\" \/>\n\t<meta property=\"og:image:width\" content=\"1080\" \/>\n\t<meta property=\"og:image:height\" content=\"1350\" \/>\n\t<meta property=\"og:image:type\" content=\"image\/jpeg\" \/>\n<meta name=\"author\" content=\"joseluisprados\" \/>\n<meta name=\"twitter:card\" content=\"summary_large_image\" \/>\n<meta name=\"twitter:label1\" content=\"Written by\" \/>\n\t<meta name=\"twitter:data1\" content=\"joseluisprados\" \/>\n\t<meta name=\"twitter:label2\" content=\"Est. reading time\" \/>\n\t<meta name=\"twitter:data2\" content=\"1 minute\" \/>\n<script type=\"application\/ld+json\" class=\"yoast-schema-graph\">{\"@context\":\"https:\/\/schema.org\",\"@graph\":[{\"@type\":\"Article\",\"@id\":\"https:\/\/www.rafanadalacademy.com\/fr\/academie-rafa-nadal-par-movistar\/korneeva-regne-egalement-a-bratislava-pour-remporter-son-troisieme-titre-de-lannee\/#article\",\"isPartOf\":{\"@id\":\"https:\/\/www.rafanadalacademy.com\/fr\/academie-rafa-nadal-par-movistar\/korneeva-regne-egalement-a-bratislava-pour-remporter-son-troisieme-titre-de-lannee\/\"},\"author\":{\"name\":\"joseluisprados\",\"@id\":\"https:\/\/www.rafanadalacademy.com\/fr\/#\/schema\/person\/744897d6ee269641fff954376180ef01\"},\"headline\":\"Korneeva r\u00e8gne \u00e9galement \u00e0 Bratislava pour remporter son troisi\u00e8me titre de l&#8217;ann\u00e9e\",\"datePublished\":\"2025-10-07T10:38:01+00:00\",\"dateModified\":\"2025-10-09T11:46:41+00:00\",\"mainEntityOfPage\":{\"@id\":\"https:\/\/www.rafanadalacademy.com\/fr\/academie-rafa-nadal-par-movistar\/korneeva-regne-egalement-a-bratislava-pour-remporter-son-troisieme-titre-de-lannee\/\"},\"wordCount\":264,\"image\":{\"@id\":\"https:\/\/www.rafanadalacademy.com\/fr\/academie-rafa-nadal-par-movistar\/korneeva-regne-egalement-a-bratislava-pour-remporter-son-troisieme-titre-de-lannee\/#primaryimage\"},\"thumbnailUrl\":\"https:\/\/www.rafanadalacademy.com\/wp-content\/uploads\/2025\/10\/\ud83c\udfc6-Third-ITF-title-of-the-yearHuge-congrats-@aliakorneeva2007-on-winning-the-@itfworldtennisto-e1759833411251.jpg\",\"keywords\":[\"ACAD\u00c9MIE RAFA NADAL PAR MOVISTAR\"],\"articleSection\":[\"ACAD\u00c9MIE RAFA NADAL PAR MOVISTAR\",\"informations\"],\"inLanguage\":\"fr-FR\",\"copyrightYear\":\"2025\",\"copyrightHolder\":{\"@id\":\"https:\/\/www.rafanadalacademy.com\/#organization\"}},{\"@type\":\"WebPage\",\"@id\":\"https:\/\/www.rafanadalacademy.com\/fr\/academie-rafa-nadal-par-movistar\/korneeva-regne-egalement-a-bratislava-pour-remporter-son-troisieme-titre-de-lannee\/\",\"url\":\"https:\/\/www.rafanadalacademy.com\/fr\/academie-rafa-nadal-par-movistar\/korneeva-regne-egalement-a-bratislava-pour-remporter-son-troisieme-titre-de-lannee\/\",\"name\":\"Korneeva r\u00e8gne \u00e9galement \u00e0 Bratislava pour remporter son troisi\u00e8me titre de l'ann\u00e9e - Rafa Nadal Academy\",\"isPartOf\":{\"@id\":\"https:\/\/www.rafanadalacademy.com\/fr\/#website\"},\"primaryImageOfPage\":{\"@id\":\"https:\/\/www.rafanadalacademy.com\/fr\/academie-rafa-nadal-par-movistar\/korneeva-regne-egalement-a-bratislava-pour-remporter-son-troisieme-titre-de-lannee\/#primaryimage\"},\"image\":{\"@id\":\"https:\/\/www.rafanadalacademy.com\/fr\/academie-rafa-nadal-par-movistar\/korneeva-regne-egalement-a-bratislava-pour-remporter-son-troisieme-titre-de-lannee\/#primaryimage\"},\"thumbnailUrl\":\"https:\/\/www.rafanadalacademy.com\/wp-content\/uploads\/2025\/10\/\ud83c\udfc6-Third-ITF-title-of-the-yearHuge-congrats-@aliakorneeva2007-on-winning-the-@itfworldtennisto-e1759833411251.jpg\",\"datePublished\":\"2025-10-07T10:38:01+00:00\",\"dateModified\":\"2025-10-09T11:46:41+00:00\",\"author\":{\"@id\":\"https:\/\/www.rafanadalacademy.com\/fr\/#\/schema\/person\/744897d6ee269641fff954376180ef01\"},\"description\":\"Alina Korneeva continue d'\u00eatre inarr\u00eatable en cette fin de saison. La jeune joueuse de tennis russe a remport\u00e9 le tournoi ITF W75 \u00e0 Bratislava.\",\"breadcrumb\":{\"@id\":\"https:\/\/www.rafanadalacademy.com\/fr\/academie-rafa-nadal-par-movistar\/korneeva-regne-egalement-a-bratislava-pour-remporter-son-troisieme-titre-de-lannee\/#breadcrumb\"},\"inLanguage\":\"fr-FR\",\"potentialAction\":[{\"@type\":\"ReadAction\",\"target\":[\"https:\/\/www.rafanadalacademy.com\/fr\/academie-rafa-nadal-par-movistar\/korneeva-regne-egalement-a-bratislava-pour-remporter-son-troisieme-titre-de-lannee\/\"]}]},{\"@type\":\"ImageObject\",\"inLanguage\":\"fr-FR\",\"@id\":\"https:\/\/www.rafanadalacademy.com\/fr\/academie-rafa-nadal-par-movistar\/korneeva-regne-egalement-a-bratislava-pour-remporter-son-troisieme-titre-de-lannee\/#primaryimage\",\"url\":\"https:\/\/www.rafanadalacademy.com\/wp-content\/uploads\/2025\/10\/\ud83c\udfc6-Third-ITF-title-of-the-yearHuge-congrats-@aliakorneeva2007-on-winning-the-@itfworldtennisto-e1759833411251.jpg\",\"contentUrl\":\"https:\/\/www.rafanadalacademy.com\/wp-content\/uploads\/2025\/10\/\ud83c\udfc6-Third-ITF-title-of-the-yearHuge-congrats-@aliakorneeva2007-on-winning-the-@itfworldtennisto-e1759833411251.jpg\",\"width\":1080,\"height\":1350,\"caption\":\"https:\/\/www.instagram.com\/p\/DPdZ5EQiBi8\/?img_index=1&igsh=MTBzYWYwbGk1c3V6NQ%3D%3D\"},{\"@type\":\"BreadcrumbList\",\"@id\":\"https:\/\/www.rafanadalacademy.com\/fr\/academie-rafa-nadal-par-movistar\/korneeva-regne-egalement-a-bratislava-pour-remporter-son-troisieme-titre-de-lannee\/#breadcrumb\",\"itemListElement\":[{\"@type\":\"ListItem\",\"position\":1,\"name\":\"Home\",\"item\":\"https:\/\/www.rafanadalacademy.com\/fr\/\"},{\"@type\":\"ListItem\",\"position\":2,\"name\":\"Korneeva r\u00e8gne \u00e9galement \u00e0 Bratislava pour remporter son troisi\u00e8me titre de l&#8217;ann\u00e9e\"}]},{\"@type\":\"WebSite\",\"@id\":\"https:\/\/www.rafanadalacademy.com\/fr\/#website\",\"url\":\"https:\/\/www.rafanadalacademy.com\/fr\/\",\"name\":\"Rafa Nadal Academy\",\"description\":\"Otro sitio realizado con WordPress\",\"potentialAction\":[{\"@type\":\"SearchAction\",\"target\":{\"@type\":\"EntryPoint\",\"urlTemplate\":\"https:\/\/www.rafanadalacademy.com\/fr\/?s={search_term_string}\"},\"query-input\":{\"@type\":\"PropertyValueSpecification\",\"valueRequired\":true,\"valueName\":\"search_term_string\"}}],\"inLanguage\":\"fr-FR\"},{\"@type\":\"Person\",\"@id\":\"https:\/\/www.rafanadalacademy.com\/fr\/#\/schema\/person\/744897d6ee269641fff954376180ef01\",\"name\":\"joseluisprados\",\"image\":{\"@type\":\"ImageObject\",\"inLanguage\":\"fr-FR\",\"@id\":\"https:\/\/www.rafanadalacademy.com\/fr\/#\/schema\/person\/image\/\",\"url\":\"https:\/\/secure.gravatar.com\/avatar\/8aa823a6e5501864ffab4785d9e2a994b59c2d45c9f9751c5a532abfec081e5f?s=96&d=mm&r=g\",\"contentUrl\":\"https:\/\/secure.gravatar.com\/avatar\/8aa823a6e5501864ffab4785d9e2a994b59c2d45c9f9751c5a532abfec081e5f?s=96&d=mm&r=g\",\"caption\":\"joseluisprados\"},\"url\":\"https:\/\/www.rafanadalacademy.com\/fr\/author\/joseluisprados\/\"},{\"@type\":\"ImageObject\",\"inLanguage\":\"fr-FR\",\"@id\":\"https:\/\/www.rafanadalacademy.com\/fr\/academie-rafa-nadal-par-movistar\/korneeva-regne-egalement-a-bratislava-pour-remporter-son-troisieme-titre-de-lannee\/#local-main-organization-logo\",\"url\":\"\",\"contentUrl\":\"\",\"caption\":\"Rafa Nadal Academy\"}]}<\/script>\n<!-- \/ Yoast SEO Premium plugin. -->","yoast_head_json":{"title":"Korneeva r\u00e8gne \u00e9galement \u00e0 Bratislava pour remporter son troisi\u00e8me titre de l'ann\u00e9e - Rafa Nadal Academy","description":"Alina Korneeva continue d'\u00eatre inarr\u00eatable en cette fin de saison. La jeune joueuse de tennis russe a remport\u00e9 le tournoi ITF W75 \u00e0 Bratislava.","robots":{"index":"index","follow":"follow","max-snippet":"max-snippet:-1","max-image-preview":"max-image-preview:large","max-video-preview":"max-video-preview:-1"},"canonical":"https:\/\/www.rafanadalacademy.com\/fr\/academie-rafa-nadal-par-movistar\/korneeva-regne-egalement-a-bratislava-pour-remporter-son-troisieme-titre-de-lannee\/","og_locale":"fr_FR","og_type":"article","og_title":"Korneeva r\u00e8gne \u00e9galement \u00e0 Bratislava pour remporter son troisi\u00e8me titre de l'ann\u00e9e","og_description":"Alina Korneeva continue d'\u00eatre inarr\u00eatable en cette fin de saison. La jeune joueuse de tennis russe a remport\u00e9 le tournoi ITF W75 \u00e0 Bratislava.","og_url":"https:\/\/www.rafanadalacademy.com\/fr\/academie-rafa-nadal-par-movistar\/korneeva-regne-egalement-a-bratislava-pour-remporter-son-troisieme-titre-de-lannee\/","og_site_name":"Rafa Nadal Academy","article_published_time":"2025-10-07T10:38:01+00:00","article_modified_time":"2025-10-09T11:46:41+00:00","og_image":[{"width":1080,"height":1350,"url":"https:\/\/www.rafanadalacademy.com\/wp-content\/uploads\/2025\/10\/\ud83c\udfc6-Third-ITF-title-of-the-yearHuge-congrats-@aliakorneeva2007-on-winning-the-@itfworldtennisto-e1759833411251.jpg","type":"image\/jpeg"}],"author":"joseluisprados","twitter_card":"summary_large_image","twitter_misc":{"Written by":"joseluisprados","Est. reading time":"1 minute"},"schema":{"@context":"https:\/\/schema.org","@graph":[{"@type":"Article","@id":"https:\/\/www.rafanadalacademy.com\/fr\/academie-rafa-nadal-par-movistar\/korneeva-regne-egalement-a-bratislava-pour-remporter-son-troisieme-titre-de-lannee\/#article","isPartOf":{"@id":"https:\/\/www.rafanadalacademy.com\/fr\/academie-rafa-nadal-par-movistar\/korneeva-regne-egalement-a-bratislava-pour-remporter-son-troisieme-titre-de-lannee\/"},"author":{"name":"joseluisprados","@id":"https:\/\/www.rafanadalacademy.com\/fr\/#\/schema\/person\/744897d6ee269641fff954376180ef01"},"headline":"Korneeva r\u00e8gne \u00e9galement \u00e0 Bratislava pour remporter son troisi\u00e8me titre de l&#8217;ann\u00e9e","datePublished":"2025-10-07T10:38:01+00:00","dateModified":"2025-10-09T11:46:41+00:00","mainEntityOfPage":{"@id":"https:\/\/www.rafanadalacademy.com\/fr\/academie-rafa-nadal-par-movistar\/korneeva-regne-egalement-a-bratislava-pour-remporter-son-troisieme-titre-de-lannee\/"},"wordCount":264,"image":{"@id":"https:\/\/www.rafanadalacademy.com\/fr\/academie-rafa-nadal-par-movistar\/korneeva-regne-egalement-a-bratislava-pour-remporter-son-troisieme-titre-de-lannee\/#primaryimage"},"thumbnailUrl":"https:\/\/www.rafanadalacademy.com\/wp-content\/uploads\/2025\/10\/\ud83c\udfc6-Third-ITF-title-of-the-yearHuge-congrats-@aliakorneeva2007-on-winning-the-@itfworldtennisto-e1759833411251.jpg","keywords":["ACAD\u00c9MIE RAFA NADAL PAR MOVISTAR"],"articleSection":["ACAD\u00c9MIE RAFA NADAL PAR MOVISTAR","informations"],"inLanguage":"fr-FR","copyrightYear":"2025","copyrightHolder":{"@id":"https:\/\/www.rafanadalacademy.com\/#organization"}},{"@type":"WebPage","@id":"https:\/\/www.rafanadalacademy.com\/fr\/academie-rafa-nadal-par-movistar\/korneeva-regne-egalement-a-bratislava-pour-remporter-son-troisieme-titre-de-lannee\/","url":"https:\/\/www.rafanadalacademy.com\/fr\/academie-rafa-nadal-par-movistar\/korneeva-regne-egalement-a-bratislava-pour-remporter-son-troisieme-titre-de-lannee\/","name":"Korneeva r\u00e8gne \u00e9galement \u00e0 Bratislava pour remporter son troisi\u00e8me titre de l'ann\u00e9e - Rafa Nadal Academy","isPartOf":{"@id":"https:\/\/www.rafanadalacademy.com\/fr\/#website"},"primaryImageOfPage":{"@id":"https:\/\/www.rafanadalacademy.com\/fr\/academie-rafa-nadal-par-movistar\/korneeva-regne-egalement-a-bratislava-pour-remporter-son-troisieme-titre-de-lannee\/#primaryimage"},"image":{"@id":"https:\/\/www.rafanadalacademy.com\/fr\/academie-rafa-nadal-par-movistar\/korneeva-regne-egalement-a-bratislava-pour-remporter-son-troisieme-titre-de-lannee\/#primaryimage"},"thumbnailUrl":"https:\/\/www.rafanadalacademy.com\/wp-content\/uploads\/2025\/10\/\ud83c\udfc6-Third-ITF-title-of-the-yearHuge-congrats-@aliakorneeva2007-on-winning-the-@itfworldtennisto-e1759833411251.jpg","datePublished":"2025-10-07T10:38:01+00:00","dateModified":"2025-10-09T11:46:41+00:00","author":{"@id":"https:\/\/www.rafanadalacademy.com\/fr\/#\/schema\/person\/744897d6ee269641fff954376180ef01"},"description":"Alina Korneeva continue d'\u00eatre inarr\u00eatable en cette fin de saison. La jeune joueuse de tennis russe a remport\u00e9 le tournoi ITF W75 \u00e0 Bratislava.","breadcrumb":{"@id":"https:\/\/www.rafanadalacademy.com\/fr\/academie-rafa-nadal-par-movistar\/korneeva-regne-egalement-a-bratislava-pour-remporter-son-troisieme-titre-de-lannee\/#breadcrumb"},"inLanguage":"fr-FR","potentialAction":[{"@type":"ReadAction","target":["https:\/\/www.rafanadalacademy.com\/fr\/academie-rafa-nadal-par-movistar\/korneeva-regne-egalement-a-bratislava-pour-remporter-son-troisieme-titre-de-lannee\/"]}]},{"@type":"ImageObject","inLanguage":"fr-FR","@id":"https:\/\/www.rafanadalacademy.com\/fr\/academie-rafa-nadal-par-movistar\/korneeva-regne-egalement-a-bratislava-pour-remporter-son-troisieme-titre-de-lannee\/#primaryimage","url":"https:\/\/www.rafanadalacademy.com\/wp-content\/uploads\/2025\/10\/\ud83c\udfc6-Third-ITF-title-of-the-yearHuge-congrats-@aliakorneeva2007-on-winning-the-@itfworldtennisto-e1759833411251.jpg","contentUrl":"https:\/\/www.rafanadalacademy.com\/wp-content\/uploads\/2025\/10\/\ud83c\udfc6-Third-ITF-title-of-the-yearHuge-congrats-@aliakorneeva2007-on-winning-the-@itfworldtennisto-e1759833411251.jpg","width":1080,"height":1350,"caption":"https:\/\/www.instagram.com\/p\/DPdZ5EQiBi8\/?img_index=1&igsh=MTBzYWYwbGk1c3V6NQ%3D%3D"},{"@type":"BreadcrumbList","@id":"https:\/\/www.rafanadalacademy.com\/fr\/academie-rafa-nadal-par-movistar\/korneeva-regne-egalement-a-bratislava-pour-remporter-son-troisieme-titre-de-lannee\/#breadcrumb","itemListElement":[{"@type":"ListItem","position":1,"name":"Home","item":"https:\/\/www.rafanadalacademy.com\/fr\/"},{"@type":"ListItem","position":2,"name":"Korneeva r\u00e8gne \u00e9galement \u00e0 Bratislava pour remporter son troisi\u00e8me titre de l&#8217;ann\u00e9e"}]},{"@type":"WebSite","@id":"https:\/\/www.rafanadalacademy.com\/fr\/#website","url":"https:\/\/www.rafanadalacademy.com\/fr\/","name":"Rafa Nadal Academy","description":"Otro sitio realizado con WordPress","potentialAction":[{"@type":"SearchAction","target":{"@type":"EntryPoint","urlTemplate":"https:\/\/www.rafanadalacademy.com\/fr\/?s={search_term_string}"},"query-input":{"@type":"PropertyValueSpecification","valueRequired":true,"valueName":"search_term_string"}}],"inLanguage":"fr-FR"},{"@type":"Person","@id":"https:\/\/www.rafanadalacademy.com\/fr\/#\/schema\/person\/744897d6ee269641fff954376180ef01","name":"joseluisprados","image":{"@type":"ImageObject","inLanguage":"fr-FR","@id":"https:\/\/www.rafanadalacademy.com\/fr\/#\/schema\/person\/image\/","url":"https:\/\/secure.gravatar.com\/avatar\/8aa823a6e5501864ffab4785d9e2a994b59c2d45c9f9751c5a532abfec081e5f?s=96&d=mm&r=g","contentUrl":"https:\/\/secure.gravatar.com\/avatar\/8aa823a6e5501864ffab4785d9e2a994b59c2d45c9f9751c5a532abfec081e5f?s=96&d=mm&r=g","caption":"joseluisprados"},"url":"https:\/\/www.rafanadalacademy.com\/fr\/author\/joseluisprados\/"},{"@type":"ImageObject","inLanguage":"fr-FR","@id":"https:\/\/www.rafanadalacademy.com\/fr\/academie-rafa-nadal-par-movistar\/korneeva-regne-egalement-a-bratislava-pour-remporter-son-troisieme-titre-de-lannee\/#local-main-organization-logo","url":"","contentUrl":"","caption":"Rafa Nadal Academy"}]}},"_links":{"self":[{"href":"https:\/\/www.rafanadalacademy.com\/fr\/wp-json\/wp\/v2\/posts\/34492","targetHints":{"allow":["GET"]}}],"collection":[{"href":"https:\/\/www.rafanadalacademy.com\/fr\/wp-json\/wp\/v2\/posts"}],"about":[{"href":"https:\/\/www.rafanadalacademy.com\/fr\/wp-json\/wp\/v2\/types\/post"}],"author":[{"embeddable":true,"href":"https:\/\/www.rafanadalacademy.com\/fr\/wp-json\/wp\/v2\/users\/23"}],"replies":[{"embeddable":true,"href":"https:\/\/www.rafanadalacademy.com\/fr\/wp-json\/wp\/v2\/comments?post=34492"}],"version-history":[{"count":1,"href":"https:\/\/www.rafanadalacademy.com\/fr\/wp-json\/wp\/v2\/posts\/34492\/revisions"}],"predecessor-version":[{"id":34493,"href":"https:\/\/www.rafanadalacademy.com\/fr\/wp-json\/wp\/v2\/posts\/34492\/revisions\/34493"}],"wp:featuredmedia":[{"embeddable":true,"href":"https:\/\/www.rafanadalacademy.com\/fr\/wp-json\/wp\/v2\/media\/34256"}],"wp:attachment":[{"href":"https:\/\/www.rafanadalacademy.com\/fr\/wp-json\/wp\/v2\/media?parent=34492"}],"wp:term":[{"taxonomy":"category","embeddable":true,"href":"https:\/\/www.rafanadalacademy.com\/fr\/wp-json\/wp\/v2\/categories?post=34492"},{"taxonomy":"post_tag","embeddable":true,"href":"https:\/\/www.rafanadalacademy.com\/fr\/wp-json\/wp\/v2\/tags?post=34492"}],"curies":[{"name":"wp","href":"https:\/\/api.w.org\/{rel}","templated":true}]}}