{"id":34467,"date":"2025-10-09T11:13:57","date_gmt":"2025-10-09T11:13:57","guid":{"rendered":"https:\/\/www.rafanadalacademy.com\/non-classifiee\/les-favoris-pour-le-titre-a-lopen-enrique-esteire-de-lacademie-rafa-nadal\/"},"modified":"2025-10-09T11:38:08","modified_gmt":"2025-10-09T11:38:08","slug":"les-favoris-pour-le-titre-a-lopen-enrique-esteire-de-lacademie-rafa-nadal","status":"publish","type":"post","link":"https:\/\/www.rafanadalacademy.com\/fr\/informations\/les-favoris-pour-le-titre-a-lopen-enrique-esteire-de-lacademie-rafa-nadal\/","title":{"rendered":"Les favoris pour le titre \u00e0 l&#8217;Open Enrique Esteire de l&#8217;Acad\u00e9mie Rafa Nadal"},"content":{"rendered":"\n<p>Six des dix meilleurs joueurs de tennis en fauteuil roulant du monde se sont r\u00e9unis \u00e0 Majorque pour se disputer le titre de l&#8217;Enrique Esteire Open, dont la troisi\u00e8me \u00e9dition est organis\u00e9e \u00e0 l&#8217;Acad\u00e9mie Rafa Nadal par Movistar.<\/p>\n\n<figure class=\"wp-block-image size-full\"><img decoding=\"async\" src=\"https:\/\/www.rafanadalacademy.com\/wp-content\/uploads\/2025\/10\/&#xA1;Seguimos-disfrutando-MUCHO-del-@enriqueesteireopen-&#xA1;No-os-perdais-las-jornadas-decisivas-en-la-e1760008159638.jpg\" alt=\"\" class=\"wp-image-34452\"\/><figcaption class=\"wp-element-caption\">Enrique Esteire Ouvert 2025<\/figcaption><\/figure>\n\n<div style=\"height:57px\" aria-hidden=\"true\" class=\"wp-block-spacer\"><\/div>\n\n<p>Six joueurs figurant actuellement dans le Top 10 de l&#8217;ITF font partie des participants : Gustavo Fern\u00e1ndez (Argentine) et Gordon Reid (Grande-Bretagne) m\u00e8nent le peloton masculin, accompagn\u00e9s de Ji Zhengxu et de Daniel Caverzaschi, meilleur joueur espagnol et m\u00e9daill\u00e9 de Paris 2024.<\/p>\n\n<p>Chez les femmes, la Japonaise Yui Kamiji et la N\u00e9erlandaise Aniek Van Koot sont en t\u00eate du classement, avec d&#8217;autres joueuses internationales de premier plan.<\/p>\n\n<p>Tous ont atteint les tours finaux et d\u00e9cideront du vainqueur du troph\u00e9e dans les prochaines 48 heures, o\u00f9 ils joueront des matchs en simple et en double.<\/p>\n\n<p>La troisi\u00e8me journ\u00e9e d\u00e9butera par le duel entre Fernandez et Caverzaschi, suivi de Zhengxu et Reid de l&#8217;autre c\u00f4t\u00e9 du tableau.<\/p>\n\n<p>L&#8217;Espagnol et la Chinoise disputeront \u00e9galement le match d\u00e9cisif en double, o\u00f9 ils affronteront Fr\u00e9d\u00e9ric Cattaneo et Alwande Shikosana.<br\/><br\/>La finale f\u00e9minine opposera Yui Kamiji et Aniek Van Koot, qui ont \u00e9limin\u00e9 Zhu Zhenzhen et Guo Luoyao en demi-finale.<br\/><br\/><\/p>\n\n<p><\/p>\n","protected":false},"excerpt":{"rendered":"<p>Six des dix meilleurs joueurs de tennis en fauteuil roulant du monde se sont r\u00e9unis \u00e0 Majorque pour se disputer le titre de l&#8217;Enrique Esteire Open, dont la troisi\u00e8me \u00e9dition est organis\u00e9e \u00e0 l&#8217;Acad\u00e9mie Rafa Nadal par Movistar. Six joueurs figurant actuellement dans le Top 10 de l&#8217;ITF font partie des participants : Gustavo Fern\u00e1ndez<a href=\"https:\/\/www.rafanadalacademy.com\/fr\/informations\/les-favoris-pour-le-titre-a-lopen-enrique-esteire-de-lacademie-rafa-nadal\/\">Continue reading <span class=\"sr-only\">&#8220;Les favoris pour le titre \u00e0 l&#8217;Open Enrique Esteire de l&#8217;Acad\u00e9mie Rafa Nadal&#8221;<\/span><\/a><\/p>\n","protected":false},"author":23,"featured_media":34455,"comment_status":"closed","ping_status":"closed","sticky":false,"template":"","format":"standard","meta":{"_acf_changed":false,"footnotes":""},"categories":[206,158],"tags":[207],"class_list":["post-34467","post","type-post","status-publish","format-standard","has-post-thumbnail","hentry","category-academie-rafa-nadal-par-movistar","category-informations","tag-academie-rafa-nadal-par-movistar"],"acf":[],"yoast_head":"<!-- This site is optimized with the Yoast SEO Premium plugin v26.8 (Yoast SEO v26.9) - https:\/\/yoast.com\/product\/yoast-seo-premium-wordpress\/ -->\n<title>Les favoris pour le titre \u00e0 l&#039;Open Enrique Esteire de l&#039;Acad\u00e9mie Rafa Nadal - Rafa Nadal Academy<\/title>\n<meta name=\"description\" content=\"Six des dix meilleurs joueurs de tennis en fauteuil roulant du monde se sont r\u00e9unis \u00e0 Majorque pour se disputer le titre de l&#039;Enrique Esteire Open, dont la troisi\u00e8me \u00e9dition est organis\u00e9e \u00e0 l&#039;Acad\u00e9mie Rafa Nadal par Movistar.\" \/>\n<meta name=\"robots\" content=\"index, follow, max-snippet:-1, max-image-preview:large, max-video-preview:-1\" \/>\n<link rel=\"canonical\" href=\"https:\/\/www.rafanadalacademy.com\/fr\/informations\/les-favoris-pour-le-titre-a-lopen-enrique-esteire-de-lacademie-rafa-nadal\/\" \/>\n<meta property=\"og:locale\" content=\"fr_FR\" \/>\n<meta property=\"og:type\" content=\"article\" \/>\n<meta property=\"og:title\" content=\"Les favoris pour le titre \u00e0 l&#039;Open Enrique Esteire de l&#039;Acad\u00e9mie Rafa Nadal\" \/>\n<meta property=\"og:description\" content=\"Six des dix meilleurs joueurs de tennis en fauteuil roulant du monde se sont r\u00e9unis \u00e0 Majorque pour se disputer le titre de l&#039;Enrique Esteire Open, dont la troisi\u00e8me \u00e9dition est organis\u00e9e \u00e0 l&#039;Acad\u00e9mie Rafa Nadal par Movistar.\" \/>\n<meta property=\"og:url\" content=\"https:\/\/www.rafanadalacademy.com\/fr\/informations\/les-favoris-pour-le-titre-a-lopen-enrique-esteire-de-lacademie-rafa-nadal\/\" \/>\n<meta property=\"og:site_name\" content=\"Rafa Nadal Academy\" \/>\n<meta property=\"article:published_time\" content=\"2025-10-09T11:13:57+00:00\" \/>\n<meta property=\"article:modified_time\" content=\"2025-10-09T11:38:08+00:00\" \/>\n<meta property=\"og:image\" content=\"https:\/\/www.rafanadalacademy.com\/wp-content\/uploads\/2025\/10\/\u00a1Seguimos-disfrutando-MUCHO-del-@enriqueesteireopen-\u00a1No-os-perdais-las-jornadas-decisivas-en-la-e1760008159638.jpg\" \/>\n\t<meta property=\"og:image:width\" content=\"1080\" \/>\n\t<meta property=\"og:image:height\" content=\"1433\" \/>\n\t<meta property=\"og:image:type\" content=\"image\/jpeg\" \/>\n<meta name=\"author\" content=\"joseluisprados\" \/>\n<meta name=\"twitter:card\" content=\"summary_large_image\" \/>\n<meta name=\"twitter:label1\" content=\"Written by\" \/>\n\t<meta name=\"twitter:data1\" content=\"joseluisprados\" \/>\n\t<meta name=\"twitter:label2\" content=\"Est. reading time\" \/>\n\t<meta name=\"twitter:data2\" content=\"1 minute\" \/>\n<script type=\"application\/ld+json\" class=\"yoast-schema-graph\">{\"@context\":\"https:\/\/schema.org\",\"@graph\":[{\"@type\":\"Article\",\"@id\":\"https:\/\/www.rafanadalacademy.com\/fr\/informations\/les-favoris-pour-le-titre-a-lopen-enrique-esteire-de-lacademie-rafa-nadal\/#article\",\"isPartOf\":{\"@id\":\"https:\/\/www.rafanadalacademy.com\/fr\/informations\/les-favoris-pour-le-titre-a-lopen-enrique-esteire-de-lacademie-rafa-nadal\/\"},\"author\":{\"name\":\"joseluisprados\",\"@id\":\"https:\/\/www.rafanadalacademy.com\/fr\/#\/schema\/person\/744897d6ee269641fff954376180ef01\"},\"headline\":\"Les favoris pour le titre \u00e0 l&#8217;Open Enrique Esteire de l&#8217;Acad\u00e9mie Rafa Nadal\",\"datePublished\":\"2025-10-09T11:13:57+00:00\",\"dateModified\":\"2025-10-09T11:38:08+00:00\",\"mainEntityOfPage\":{\"@id\":\"https:\/\/www.rafanadalacademy.com\/fr\/informations\/les-favoris-pour-le-titre-a-lopen-enrique-esteire-de-lacademie-rafa-nadal\/\"},\"wordCount\":230,\"image\":{\"@id\":\"https:\/\/www.rafanadalacademy.com\/fr\/informations\/les-favoris-pour-le-titre-a-lopen-enrique-esteire-de-lacademie-rafa-nadal\/#primaryimage\"},\"thumbnailUrl\":\"https:\/\/www.rafanadalacademy.com\/wp-content\/uploads\/2025\/10\/\u00a1Seguimos-disfrutando-MUCHO-del-@enriqueesteireopen-\u00a1No-os-perdais-las-jornadas-decisivas-en-la-e1760008159638.jpg\",\"keywords\":[\"ACAD\u00c9MIE RAFA NADAL PAR MOVISTAR\"],\"articleSection\":[\"ACAD\u00c9MIE RAFA NADAL PAR MOVISTAR\",\"informations\"],\"inLanguage\":\"fr-FR\",\"copyrightYear\":\"2025\",\"copyrightHolder\":{\"@id\":\"https:\/\/www.rafanadalacademy.com\/#organization\"}},{\"@type\":\"WebPage\",\"@id\":\"https:\/\/www.rafanadalacademy.com\/fr\/informations\/les-favoris-pour-le-titre-a-lopen-enrique-esteire-de-lacademie-rafa-nadal\/\",\"url\":\"https:\/\/www.rafanadalacademy.com\/fr\/informations\/les-favoris-pour-le-titre-a-lopen-enrique-esteire-de-lacademie-rafa-nadal\/\",\"name\":\"Les favoris pour le titre \u00e0 l'Open Enrique Esteire de l'Acad\u00e9mie Rafa Nadal - Rafa Nadal Academy\",\"isPartOf\":{\"@id\":\"https:\/\/www.rafanadalacademy.com\/fr\/#website\"},\"primaryImageOfPage\":{\"@id\":\"https:\/\/www.rafanadalacademy.com\/fr\/informations\/les-favoris-pour-le-titre-a-lopen-enrique-esteire-de-lacademie-rafa-nadal\/#primaryimage\"},\"image\":{\"@id\":\"https:\/\/www.rafanadalacademy.com\/fr\/informations\/les-favoris-pour-le-titre-a-lopen-enrique-esteire-de-lacademie-rafa-nadal\/#primaryimage\"},\"thumbnailUrl\":\"https:\/\/www.rafanadalacademy.com\/wp-content\/uploads\/2025\/10\/\u00a1Seguimos-disfrutando-MUCHO-del-@enriqueesteireopen-\u00a1No-os-perdais-las-jornadas-decisivas-en-la-e1760008159638.jpg\",\"datePublished\":\"2025-10-09T11:13:57+00:00\",\"dateModified\":\"2025-10-09T11:38:08+00:00\",\"author\":{\"@id\":\"https:\/\/www.rafanadalacademy.com\/fr\/#\/schema\/person\/744897d6ee269641fff954376180ef01\"},\"description\":\"Six des dix meilleurs joueurs de tennis en fauteuil roulant du monde se sont r\u00e9unis \u00e0 Majorque pour se disputer le titre de l'Enrique Esteire Open, dont la troisi\u00e8me \u00e9dition est organis\u00e9e \u00e0 l'Acad\u00e9mie Rafa Nadal par Movistar.\",\"breadcrumb\":{\"@id\":\"https:\/\/www.rafanadalacademy.com\/fr\/informations\/les-favoris-pour-le-titre-a-lopen-enrique-esteire-de-lacademie-rafa-nadal\/#breadcrumb\"},\"inLanguage\":\"fr-FR\",\"potentialAction\":[{\"@type\":\"ReadAction\",\"target\":[\"https:\/\/www.rafanadalacademy.com\/fr\/informations\/les-favoris-pour-le-titre-a-lopen-enrique-esteire-de-lacademie-rafa-nadal\/\"]}]},{\"@type\":\"ImageObject\",\"inLanguage\":\"fr-FR\",\"@id\":\"https:\/\/www.rafanadalacademy.com\/fr\/informations\/les-favoris-pour-le-titre-a-lopen-enrique-esteire-de-lacademie-rafa-nadal\/#primaryimage\",\"url\":\"https:\/\/www.rafanadalacademy.com\/wp-content\/uploads\/2025\/10\/\u00a1Seguimos-disfrutando-MUCHO-del-@enriqueesteireopen-\u00a1No-os-perdais-las-jornadas-decisivas-en-la-e1760008159638.jpg\",\"contentUrl\":\"https:\/\/www.rafanadalacademy.com\/wp-content\/uploads\/2025\/10\/\u00a1Seguimos-disfrutando-MUCHO-del-@enriqueesteireopen-\u00a1No-os-perdais-las-jornadas-decisivas-en-la-e1760008159638.jpg\",\"width\":1080,\"height\":1433,\"caption\":\"Enrique Esteire Open\"},{\"@type\":\"BreadcrumbList\",\"@id\":\"https:\/\/www.rafanadalacademy.com\/fr\/informations\/les-favoris-pour-le-titre-a-lopen-enrique-esteire-de-lacademie-rafa-nadal\/#breadcrumb\",\"itemListElement\":[{\"@type\":\"ListItem\",\"position\":1,\"name\":\"Home\",\"item\":\"https:\/\/www.rafanadalacademy.com\/fr\/\"},{\"@type\":\"ListItem\",\"position\":2,\"name\":\"Les favoris pour le titre \u00e0 l&#8217;Open Enrique Esteire de l&#8217;Acad\u00e9mie Rafa Nadal\"}]},{\"@type\":\"WebSite\",\"@id\":\"https:\/\/www.rafanadalacademy.com\/fr\/#website\",\"url\":\"https:\/\/www.rafanadalacademy.com\/fr\/\",\"name\":\"Rafa Nadal Academy\",\"description\":\"Otro sitio realizado con WordPress\",\"potentialAction\":[{\"@type\":\"SearchAction\",\"target\":{\"@type\":\"EntryPoint\",\"urlTemplate\":\"https:\/\/www.rafanadalacademy.com\/fr\/?s={search_term_string}\"},\"query-input\":{\"@type\":\"PropertyValueSpecification\",\"valueRequired\":true,\"valueName\":\"search_term_string\"}}],\"inLanguage\":\"fr-FR\"},{\"@type\":\"Person\",\"@id\":\"https:\/\/www.rafanadalacademy.com\/fr\/#\/schema\/person\/744897d6ee269641fff954376180ef01\",\"name\":\"joseluisprados\",\"image\":{\"@type\":\"ImageObject\",\"inLanguage\":\"fr-FR\",\"@id\":\"https:\/\/www.rafanadalacademy.com\/fr\/#\/schema\/person\/image\/\",\"url\":\"https:\/\/secure.gravatar.com\/avatar\/8aa823a6e5501864ffab4785d9e2a994b59c2d45c9f9751c5a532abfec081e5f?s=96&d=mm&r=g\",\"contentUrl\":\"https:\/\/secure.gravatar.com\/avatar\/8aa823a6e5501864ffab4785d9e2a994b59c2d45c9f9751c5a532abfec081e5f?s=96&d=mm&r=g\",\"caption\":\"joseluisprados\"},\"url\":\"https:\/\/www.rafanadalacademy.com\/fr\/author\/joseluisprados\/\"},{\"@type\":\"ImageObject\",\"inLanguage\":\"fr-FR\",\"@id\":\"https:\/\/www.rafanadalacademy.com\/fr\/informations\/les-favoris-pour-le-titre-a-lopen-enrique-esteire-de-lacademie-rafa-nadal\/#local-main-organization-logo\",\"url\":\"\",\"contentUrl\":\"\",\"caption\":\"Rafa Nadal Academy\"}]}<\/script>\n<!-- \/ Yoast SEO Premium plugin. -->","yoast_head_json":{"title":"Les favoris pour le titre \u00e0 l'Open Enrique Esteire de l'Acad\u00e9mie Rafa Nadal - Rafa Nadal Academy","description":"Six des dix meilleurs joueurs de tennis en fauteuil roulant du monde se sont r\u00e9unis \u00e0 Majorque pour se disputer le titre de l'Enrique Esteire Open, dont la troisi\u00e8me \u00e9dition est organis\u00e9e \u00e0 l'Acad\u00e9mie Rafa Nadal par Movistar.","robots":{"index":"index","follow":"follow","max-snippet":"max-snippet:-1","max-image-preview":"max-image-preview:large","max-video-preview":"max-video-preview:-1"},"canonical":"https:\/\/www.rafanadalacademy.com\/fr\/informations\/les-favoris-pour-le-titre-a-lopen-enrique-esteire-de-lacademie-rafa-nadal\/","og_locale":"fr_FR","og_type":"article","og_title":"Les favoris pour le titre \u00e0 l'Open Enrique Esteire de l'Acad\u00e9mie Rafa Nadal","og_description":"Six des dix meilleurs joueurs de tennis en fauteuil roulant du monde se sont r\u00e9unis \u00e0 Majorque pour se disputer le titre de l'Enrique Esteire Open, dont la troisi\u00e8me \u00e9dition est organis\u00e9e \u00e0 l'Acad\u00e9mie Rafa Nadal par Movistar.","og_url":"https:\/\/www.rafanadalacademy.com\/fr\/informations\/les-favoris-pour-le-titre-a-lopen-enrique-esteire-de-lacademie-rafa-nadal\/","og_site_name":"Rafa Nadal Academy","article_published_time":"2025-10-09T11:13:57+00:00","article_modified_time":"2025-10-09T11:38:08+00:00","og_image":[{"width":1080,"height":1433,"url":"https:\/\/www.rafanadalacademy.com\/wp-content\/uploads\/2025\/10\/\u00a1Seguimos-disfrutando-MUCHO-del-@enriqueesteireopen-\u00a1No-os-perdais-las-jornadas-decisivas-en-la-e1760008159638.jpg","type":"image\/jpeg"}],"author":"joseluisprados","twitter_card":"summary_large_image","twitter_misc":{"Written by":"joseluisprados","Est. reading time":"1 minute"},"schema":{"@context":"https:\/\/schema.org","@graph":[{"@type":"Article","@id":"https:\/\/www.rafanadalacademy.com\/fr\/informations\/les-favoris-pour-le-titre-a-lopen-enrique-esteire-de-lacademie-rafa-nadal\/#article","isPartOf":{"@id":"https:\/\/www.rafanadalacademy.com\/fr\/informations\/les-favoris-pour-le-titre-a-lopen-enrique-esteire-de-lacademie-rafa-nadal\/"},"author":{"name":"joseluisprados","@id":"https:\/\/www.rafanadalacademy.com\/fr\/#\/schema\/person\/744897d6ee269641fff954376180ef01"},"headline":"Les favoris pour le titre \u00e0 l&#8217;Open Enrique Esteire de l&#8217;Acad\u00e9mie Rafa Nadal","datePublished":"2025-10-09T11:13:57+00:00","dateModified":"2025-10-09T11:38:08+00:00","mainEntityOfPage":{"@id":"https:\/\/www.rafanadalacademy.com\/fr\/informations\/les-favoris-pour-le-titre-a-lopen-enrique-esteire-de-lacademie-rafa-nadal\/"},"wordCount":230,"image":{"@id":"https:\/\/www.rafanadalacademy.com\/fr\/informations\/les-favoris-pour-le-titre-a-lopen-enrique-esteire-de-lacademie-rafa-nadal\/#primaryimage"},"thumbnailUrl":"https:\/\/www.rafanadalacademy.com\/wp-content\/uploads\/2025\/10\/\u00a1Seguimos-disfrutando-MUCHO-del-@enriqueesteireopen-\u00a1No-os-perdais-las-jornadas-decisivas-en-la-e1760008159638.jpg","keywords":["ACAD\u00c9MIE RAFA NADAL PAR MOVISTAR"],"articleSection":["ACAD\u00c9MIE RAFA NADAL PAR MOVISTAR","informations"],"inLanguage":"fr-FR","copyrightYear":"2025","copyrightHolder":{"@id":"https:\/\/www.rafanadalacademy.com\/#organization"}},{"@type":"WebPage","@id":"https:\/\/www.rafanadalacademy.com\/fr\/informations\/les-favoris-pour-le-titre-a-lopen-enrique-esteire-de-lacademie-rafa-nadal\/","url":"https:\/\/www.rafanadalacademy.com\/fr\/informations\/les-favoris-pour-le-titre-a-lopen-enrique-esteire-de-lacademie-rafa-nadal\/","name":"Les favoris pour le titre \u00e0 l'Open Enrique Esteire de l'Acad\u00e9mie Rafa Nadal - Rafa Nadal Academy","isPartOf":{"@id":"https:\/\/www.rafanadalacademy.com\/fr\/#website"},"primaryImageOfPage":{"@id":"https:\/\/www.rafanadalacademy.com\/fr\/informations\/les-favoris-pour-le-titre-a-lopen-enrique-esteire-de-lacademie-rafa-nadal\/#primaryimage"},"image":{"@id":"https:\/\/www.rafanadalacademy.com\/fr\/informations\/les-favoris-pour-le-titre-a-lopen-enrique-esteire-de-lacademie-rafa-nadal\/#primaryimage"},"thumbnailUrl":"https:\/\/www.rafanadalacademy.com\/wp-content\/uploads\/2025\/10\/\u00a1Seguimos-disfrutando-MUCHO-del-@enriqueesteireopen-\u00a1No-os-perdais-las-jornadas-decisivas-en-la-e1760008159638.jpg","datePublished":"2025-10-09T11:13:57+00:00","dateModified":"2025-10-09T11:38:08+00:00","author":{"@id":"https:\/\/www.rafanadalacademy.com\/fr\/#\/schema\/person\/744897d6ee269641fff954376180ef01"},"description":"Six des dix meilleurs joueurs de tennis en fauteuil roulant du monde se sont r\u00e9unis \u00e0 Majorque pour se disputer le titre de l'Enrique Esteire Open, dont la troisi\u00e8me \u00e9dition est organis\u00e9e \u00e0 l'Acad\u00e9mie Rafa Nadal par Movistar.","breadcrumb":{"@id":"https:\/\/www.rafanadalacademy.com\/fr\/informations\/les-favoris-pour-le-titre-a-lopen-enrique-esteire-de-lacademie-rafa-nadal\/#breadcrumb"},"inLanguage":"fr-FR","potentialAction":[{"@type":"ReadAction","target":["https:\/\/www.rafanadalacademy.com\/fr\/informations\/les-favoris-pour-le-titre-a-lopen-enrique-esteire-de-lacademie-rafa-nadal\/"]}]},{"@type":"ImageObject","inLanguage":"fr-FR","@id":"https:\/\/www.rafanadalacademy.com\/fr\/informations\/les-favoris-pour-le-titre-a-lopen-enrique-esteire-de-lacademie-rafa-nadal\/#primaryimage","url":"https:\/\/www.rafanadalacademy.com\/wp-content\/uploads\/2025\/10\/\u00a1Seguimos-disfrutando-MUCHO-del-@enriqueesteireopen-\u00a1No-os-perdais-las-jornadas-decisivas-en-la-e1760008159638.jpg","contentUrl":"https:\/\/www.rafanadalacademy.com\/wp-content\/uploads\/2025\/10\/\u00a1Seguimos-disfrutando-MUCHO-del-@enriqueesteireopen-\u00a1No-os-perdais-las-jornadas-decisivas-en-la-e1760008159638.jpg","width":1080,"height":1433,"caption":"Enrique Esteire Open"},{"@type":"BreadcrumbList","@id":"https:\/\/www.rafanadalacademy.com\/fr\/informations\/les-favoris-pour-le-titre-a-lopen-enrique-esteire-de-lacademie-rafa-nadal\/#breadcrumb","itemListElement":[{"@type":"ListItem","position":1,"name":"Home","item":"https:\/\/www.rafanadalacademy.com\/fr\/"},{"@type":"ListItem","position":2,"name":"Les favoris pour le titre \u00e0 l&#8217;Open Enrique Esteire de l&#8217;Acad\u00e9mie Rafa Nadal"}]},{"@type":"WebSite","@id":"https:\/\/www.rafanadalacademy.com\/fr\/#website","url":"https:\/\/www.rafanadalacademy.com\/fr\/","name":"Rafa Nadal Academy","description":"Otro sitio realizado con WordPress","potentialAction":[{"@type":"SearchAction","target":{"@type":"EntryPoint","urlTemplate":"https:\/\/www.rafanadalacademy.com\/fr\/?s={search_term_string}"},"query-input":{"@type":"PropertyValueSpecification","valueRequired":true,"valueName":"search_term_string"}}],"inLanguage":"fr-FR"},{"@type":"Person","@id":"https:\/\/www.rafanadalacademy.com\/fr\/#\/schema\/person\/744897d6ee269641fff954376180ef01","name":"joseluisprados","image":{"@type":"ImageObject","inLanguage":"fr-FR","@id":"https:\/\/www.rafanadalacademy.com\/fr\/#\/schema\/person\/image\/","url":"https:\/\/secure.gravatar.com\/avatar\/8aa823a6e5501864ffab4785d9e2a994b59c2d45c9f9751c5a532abfec081e5f?s=96&d=mm&r=g","contentUrl":"https:\/\/secure.gravatar.com\/avatar\/8aa823a6e5501864ffab4785d9e2a994b59c2d45c9f9751c5a532abfec081e5f?s=96&d=mm&r=g","caption":"joseluisprados"},"url":"https:\/\/www.rafanadalacademy.com\/fr\/author\/joseluisprados\/"},{"@type":"ImageObject","inLanguage":"fr-FR","@id":"https:\/\/www.rafanadalacademy.com\/fr\/informations\/les-favoris-pour-le-titre-a-lopen-enrique-esteire-de-lacademie-rafa-nadal\/#local-main-organization-logo","url":"","contentUrl":"","caption":"Rafa Nadal Academy"}]}},"_links":{"self":[{"href":"https:\/\/www.rafanadalacademy.com\/fr\/wp-json\/wp\/v2\/posts\/34467","targetHints":{"allow":["GET"]}}],"collection":[{"href":"https:\/\/www.rafanadalacademy.com\/fr\/wp-json\/wp\/v2\/posts"}],"about":[{"href":"https:\/\/www.rafanadalacademy.com\/fr\/wp-json\/wp\/v2\/types\/post"}],"author":[{"embeddable":true,"href":"https:\/\/www.rafanadalacademy.com\/fr\/wp-json\/wp\/v2\/users\/23"}],"replies":[{"embeddable":true,"href":"https:\/\/www.rafanadalacademy.com\/fr\/wp-json\/wp\/v2\/comments?post=34467"}],"version-history":[{"count":1,"href":"https:\/\/www.rafanadalacademy.com\/fr\/wp-json\/wp\/v2\/posts\/34467\/revisions"}],"predecessor-version":[{"id":34468,"href":"https:\/\/www.rafanadalacademy.com\/fr\/wp-json\/wp\/v2\/posts\/34467\/revisions\/34468"}],"wp:featuredmedia":[{"embeddable":true,"href":"https:\/\/www.rafanadalacademy.com\/fr\/wp-json\/wp\/v2\/media\/34455"}],"wp:attachment":[{"href":"https:\/\/www.rafanadalacademy.com\/fr\/wp-json\/wp\/v2\/media?parent=34467"}],"wp:term":[{"taxonomy":"category","embeddable":true,"href":"https:\/\/www.rafanadalacademy.com\/fr\/wp-json\/wp\/v2\/categories?post=34467"},{"taxonomy":"post_tag","embeddable":true,"href":"https:\/\/www.rafanadalacademy.com\/fr\/wp-json\/wp\/v2\/tags?post=34467"}],"curies":[{"name":"wp","href":"https:\/\/api.w.org\/{rel}","templated":true}]}}