{"id":34214,"date":"2025-10-03T11:43:44","date_gmt":"2025-10-03T11:43:44","guid":{"rendered":"https:\/\/www.rafanadalacademy.com\/non-classifiee\/gustavo-marcaccio-nouveau-directeur-du-tennis-a-la-rafa-nadal-academy-suivre-la-passion-de-rafa-sera-notre-plus-grand-defi\/"},"modified":"2025-10-06T06:36:20","modified_gmt":"2025-10-06T06:36:20","slug":"gustavo-marcaccio-nouveau-directeur-du-tennis-a-la-rafa-nadal-academy-suivre-la-passion-de-rafa-sera-notre-plus-grand-defi","status":"publish","type":"post","link":"https:\/\/www.rafanadalacademy.com\/fr\/academie-rafa-nadal-par-movistar\/gustavo-marcaccio-nouveau-directeur-du-tennis-a-la-rafa-nadal-academy-suivre-la-passion-de-rafa-sera-notre-plus-grand-defi\/","title":{"rendered":"Gustavo Marcaccio, nouveau directeur du tennis \u00e0 la Rafa Nadal Academy : \u201cSuivre la passion de Rafa sera notre plus grand d\u00e9fi\u201d"},"content":{"rendered":"\n<p>La Rafa Nadal Academy entame une nouvelle \u00e9tape dans le domaine du tennis avec la nomination de Gustavo Marcaccio comme nouveau directeur. Avec cette nomination, et \u00e0 la veille de c\u00e9l\u00e9brer son neuvi\u00e8me anniversaire, l\u2019Acad\u00e9mie renforce ainsi son engagement \u00e0 maintenir vivant l\u2019h\u00e9ritage de Rafa Nadal, aussi bien \u00e0 Manacor que dans ses centres internationaux.<br\/> <\/p>\n\n<p>&#8220;\u00catre directeur de la Rafa Nadal Academy repr\u00e9sente une grande responsabilit\u00e9, car cela signifie incarner la vision et l\u2019h\u00e9ritage de Rafa au sein de la communaut\u00e9 du tennis. Suivre sa passion sera notre plus grand d\u00e9fi. Notre objectif est de laisser une empreinte chez chaque enfant, chaque adulte et chaque joueur professionnel qui passe par ici, en prenant soin de chaque d\u00e9tail, sur le court comme en dehors&#8221;, a d\u00e9clar\u00e9 Marcaccio.<br\/><\/p>\n\n<p>Le technicien argentin a \u00e9galement soulign\u00e9 que la philosophie de l\u2019Acad\u00e9mie va bien au-del\u00e0 de la performance sportive : &#8220;Nous devons \u00eatre attentifs \u00e0 chaque d\u00e9tail, chaque jour, \u00e0 travers notre travail sur le court et notre interaction humaine en dehors. Avec nos \u00e9tudiants-athl\u00e8tes, nous devons transmettre l\u2019\u00e9lan de Rafa dans la combinaison du sport et des \u00e9tudes. Il en est le parfait exemple : lorsqu\u2019il \u00e9tait un jeune joueur en formation, il devait obligatoirement aller au lyc\u00e9e, terminer et obtenir son dipl\u00f4me. C\u2019est quelque chose que nous devons faire comprendre non seulement aux \u00e9tudiants, mais aussi aux parents. Pour nous, cette combinaison est essentielle&#8221;.<\/p>\n\n<figure class=\"wp-block-embed is-type-video is-provider-youtube wp-block-embed-youtube wp-embed-aspect-16-9 wp-has-aspect-ratio\"><div class=\"wp-block-embed__wrapper\">\n<iframe loading=\"lazy\" title=\"Meet Gustavo Marcaccio, Rafa Nadal Academy\u2019s New Tennis Director\" width=\"500\" height=\"281\" src=\"https:\/\/www.youtube.com\/embed\/rCPpHilZ4hk?feature=oembed\" frameborder=\"0\" allow=\"accelerometer; autoplay; clipboard-write; encrypted-media; gyroscope; picture-in-picture; web-share\" referrerpolicy=\"strict-origin-when-cross-origin\" allowfullscreen><\/iframe>\n<\/div><\/figure>\n\n<p><\/p>\n\n<p>Marcaccio a rejoint l\u2019Acad\u00e9mie en 2021 et a travaill\u00e9 avec des joueurs tels que Jaume Munar et Mart\u00edn Landaluce, en plus d\u2019avoir accompagn\u00e9 Rafa Nadal au cours des deux derni\u00e8res ann\u00e9es de sa carri\u00e8re professionnelle. &#8220;Ma relation avec Rafa a commenc\u00e9 lorsque j\u2019\u00e9tais encore sur le circuit : il \u00e9tait un nouveau venu qu\u2019il fallait suivre de pr\u00e8s, et il est rapidement devenu une star. Plus tard, j\u2019ai entra\u00een\u00e9 certains de ses rivaux et amis, et c\u2019est ainsi que nous avons commenc\u00e9 \u00e0 b\u00e2tir une relation. Ensuite, il m\u2019a invit\u00e9 \u00e0 rejoindre l\u2019Acad\u00e9mie et, finalement, j\u2019ai fini par l\u2019aider durant ses deux derni\u00e8res ann\u00e9es de carri\u00e8re&#8221;, a-t-il racont\u00e9.<br\/> <\/p>\n\n<p>De son exp\u00e9rience avec Rafa, l\u2019Argentin retient une le\u00e7on tr\u00e8s claire : &#8220;Apr\u00e8s 22 titres du Grand Chelem, il restait ouvert \u00e0 \u00e9couter, \u00e0 innover et \u00e0 chercher des am\u00e9liorations, m\u00eame minimes. Je crois que j\u2019ai beaucoup plus appris de lui que ce que j\u2019ai pu lui apporter sur le court. C\u2019est ce qui fait de lui un super-athl\u00e8te&#8221;.<br\/><\/p>\n\n<p>Dans cette nouvelle organisation, Marcaccio sera accompagn\u00e9 de Tomeu Salv\u00e0 en tant que codirecteur technique, ainsi que du soutien de figures de r\u00e9f\u00e9rence telles que Toni Nadal (ambassadeur de l\u2019Acad\u00e9mie), Marc Gorriz (consultant technique) et Joel Figueras (responsable de la formation). L\u2019\u00e9quipe comprend \u00e9galement des entra\u00eeneurs comme Anabel Medina, Pedro <\/p>\n\n<p>Clar ou Joan Bosch, qui travaillent avec des joueurs d\u2019\u00e9lite tels que Casper Ruud, Alex Eala, Alina Korneeva ou Coleman Wong.<\/p>\n\n<p>Au total, plus de 60 entra\u00eeneurs, ainsi qu\u2019un solide groupe de pr\u00e9parateurs physiques, kin\u00e9sith\u00e9rapeutes, psychologues du sport et nutritionnistes, accompagn\u00e9s par l\u2019\u00e9quipe m\u00e9dicale de Quir\u00f3n Salud \u2014 avec des figures de r\u00e9f\u00e9rence comme Rafael Maym\u00f3 ou le docteur \u00c1ngel Ruiz-Cotorro \u2014 soutiennent un projet dont l\u2019objectif reste inchang\u00e9 : maintenir vivante la passion et l\u2019h\u00e9ritage de Rafa Nadal.<\/p>\n\n<p><\/p>\n","protected":false},"excerpt":{"rendered":"<p>La Rafa Nadal Academy entame une nouvelle \u00e9tape dans le domaine du tennis avec la nomination de Gustavo Marcaccio comme nouveau directeur. Avec cette nomination, et \u00e0 la veille de c\u00e9l\u00e9brer son neuvi\u00e8me anniversaire, l\u2019Acad\u00e9mie renforce ainsi son engagement \u00e0 maintenir vivant l\u2019h\u00e9ritage de Rafa Nadal, aussi bien \u00e0 Manacor que dans ses centres internationaux.<a href=\"https:\/\/www.rafanadalacademy.com\/fr\/academie-rafa-nadal-par-movistar\/gustavo-marcaccio-nouveau-directeur-du-tennis-a-la-rafa-nadal-academy-suivre-la-passion-de-rafa-sera-notre-plus-grand-defi\/\">Continue reading <span class=\"sr-only\">&#8220;Gustavo Marcaccio, nouveau directeur du tennis \u00e0 la Rafa Nadal Academy : \u201cSuivre la passion de Rafa sera notre plus grand d\u00e9fi\u201d&#8221;<\/span><\/a><\/p>\n","protected":false},"author":21,"featured_media":34193,"comment_status":"closed","ping_status":"closed","sticky":false,"template":"","format":"standard","meta":{"_acf_changed":false,"footnotes":""},"categories":[206,158],"tags":[207],"class_list":["post-34214","post","type-post","status-publish","format-standard","has-post-thumbnail","hentry","category-academie-rafa-nadal-par-movistar","category-informations","tag-academie-rafa-nadal-par-movistar"],"acf":[],"yoast_head":"<!-- This site is optimized with the Yoast SEO Premium plugin v26.8 (Yoast SEO v26.9) - https:\/\/yoast.com\/product\/yoast-seo-premium-wordpress\/ -->\n<title>Gustavo Marcaccio, nouveau directeur du tennis \u00e0 la Rafa Nadal Academy : \u201cSuivre la passion de Rafa sera notre plus grand d\u00e9fi\u201d - Rafa Nadal Academy<\/title>\n<meta name=\"description\" content=\"La Rafa Nadal Academy entame une nouvelle \u00e9tape dans le domaine du tennis avec la nomination de Gustavo Marcaccio comme nouveau directeur.\" \/>\n<meta name=\"robots\" content=\"index, follow, max-snippet:-1, max-image-preview:large, max-video-preview:-1\" \/>\n<link rel=\"canonical\" href=\"https:\/\/www.rafanadalacademy.com\/fr\/academie-rafa-nadal-par-movistar\/gustavo-marcaccio-nouveau-directeur-du-tennis-a-la-rafa-nadal-academy-suivre-la-passion-de-rafa-sera-notre-plus-grand-defi\/\" \/>\n<meta property=\"og:locale\" content=\"fr_FR\" \/>\n<meta property=\"og:type\" content=\"article\" \/>\n<meta property=\"og:title\" content=\"Gustavo Marcaccio, nouveau directeur du tennis \u00e0 la Rafa Nadal Academy : \u201cSuivre la passion de Rafa sera notre plus grand d\u00e9fi\u201d\" \/>\n<meta property=\"og:description\" content=\"La Rafa Nadal Academy entame une nouvelle \u00e9tape dans le domaine du tennis avec la nomination de Gustavo Marcaccio comme nouveau directeur.\" \/>\n<meta property=\"og:url\" content=\"https:\/\/www.rafanadalacademy.com\/fr\/academie-rafa-nadal-par-movistar\/gustavo-marcaccio-nouveau-directeur-du-tennis-a-la-rafa-nadal-academy-suivre-la-passion-de-rafa-sera-notre-plus-grand-defi\/\" \/>\n<meta property=\"og:site_name\" content=\"Rafa Nadal Academy\" \/>\n<meta property=\"article:published_time\" content=\"2025-10-03T11:43:44+00:00\" \/>\n<meta property=\"article:modified_time\" content=\"2025-10-06T06:36:20+00:00\" \/>\n<meta property=\"og:image\" content=\"https:\/\/www.rafanadalacademy.com\/wp-content\/uploads\/2025\/10\/RNA_180225_Visita-entrenos-Rafa_147-scaled.jpg\" \/>\n\t<meta property=\"og:image:width\" content=\"2560\" \/>\n\t<meta property=\"og:image:height\" content=\"1707\" \/>\n\t<meta property=\"og:image:type\" content=\"image\/jpeg\" \/>\n<meta name=\"author\" content=\"Maria Llovera\" \/>\n<meta name=\"twitter:card\" content=\"summary_large_image\" \/>\n<meta name=\"twitter:label1\" content=\"Written by\" \/>\n\t<meta name=\"twitter:data1\" content=\"Maria Llovera\" \/>\n\t<meta name=\"twitter:label2\" content=\"Est. reading time\" \/>\n\t<meta name=\"twitter:data2\" content=\"3 minutes\" \/>\n<script type=\"application\/ld+json\" class=\"yoast-schema-graph\">{\"@context\":\"https:\/\/schema.org\",\"@graph\":[{\"@type\":\"Article\",\"@id\":\"https:\/\/www.rafanadalacademy.com\/fr\/academie-rafa-nadal-par-movistar\/gustavo-marcaccio-nouveau-directeur-du-tennis-a-la-rafa-nadal-academy-suivre-la-passion-de-rafa-sera-notre-plus-grand-defi\/#article\",\"isPartOf\":{\"@id\":\"https:\/\/www.rafanadalacademy.com\/fr\/academie-rafa-nadal-par-movistar\/gustavo-marcaccio-nouveau-directeur-du-tennis-a-la-rafa-nadal-academy-suivre-la-passion-de-rafa-sera-notre-plus-grand-defi\/\"},\"author\":{\"name\":\"Maria Llovera\",\"@id\":\"https:\/\/www.rafanadalacademy.com\/fr\/#\/schema\/person\/9cb8f210ce3fe781ebc21d5ba4c69109\"},\"headline\":\"Gustavo Marcaccio, nouveau directeur du tennis \u00e0 la Rafa Nadal Academy : \u201cSuivre la passion de Rafa sera notre plus grand d\u00e9fi\u201d\",\"datePublished\":\"2025-10-03T11:43:44+00:00\",\"dateModified\":\"2025-10-06T06:36:20+00:00\",\"mainEntityOfPage\":{\"@id\":\"https:\/\/www.rafanadalacademy.com\/fr\/academie-rafa-nadal-par-movistar\/gustavo-marcaccio-nouveau-directeur-du-tennis-a-la-rafa-nadal-academy-suivre-la-passion-de-rafa-sera-notre-plus-grand-defi\/\"},\"wordCount\":612,\"image\":{\"@id\":\"https:\/\/www.rafanadalacademy.com\/fr\/academie-rafa-nadal-par-movistar\/gustavo-marcaccio-nouveau-directeur-du-tennis-a-la-rafa-nadal-academy-suivre-la-passion-de-rafa-sera-notre-plus-grand-defi\/#primaryimage\"},\"thumbnailUrl\":\"https:\/\/www.rafanadalacademy.com\/wp-content\/uploads\/2025\/10\/RNA_180225_Visita-entrenos-Rafa_147-scaled.jpg\",\"keywords\":[\"ACAD\u00c9MIE RAFA NADAL PAR MOVISTAR\"],\"articleSection\":[\"ACAD\u00c9MIE RAFA NADAL PAR MOVISTAR\",\"informations\"],\"inLanguage\":\"fr-FR\",\"copyrightYear\":\"2025\",\"copyrightHolder\":{\"@id\":\"https:\/\/www.rafanadalacademy.com\/#organization\"}},{\"@type\":\"WebPage\",\"@id\":\"https:\/\/www.rafanadalacademy.com\/fr\/academie-rafa-nadal-par-movistar\/gustavo-marcaccio-nouveau-directeur-du-tennis-a-la-rafa-nadal-academy-suivre-la-passion-de-rafa-sera-notre-plus-grand-defi\/\",\"url\":\"https:\/\/www.rafanadalacademy.com\/fr\/academie-rafa-nadal-par-movistar\/gustavo-marcaccio-nouveau-directeur-du-tennis-a-la-rafa-nadal-academy-suivre-la-passion-de-rafa-sera-notre-plus-grand-defi\/\",\"name\":\"Gustavo Marcaccio, nouveau directeur du tennis \u00e0 la Rafa Nadal Academy : \u201cSuivre la passion de Rafa sera notre plus grand d\u00e9fi\u201d - Rafa Nadal Academy\",\"isPartOf\":{\"@id\":\"https:\/\/www.rafanadalacademy.com\/fr\/#website\"},\"primaryImageOfPage\":{\"@id\":\"https:\/\/www.rafanadalacademy.com\/fr\/academie-rafa-nadal-par-movistar\/gustavo-marcaccio-nouveau-directeur-du-tennis-a-la-rafa-nadal-academy-suivre-la-passion-de-rafa-sera-notre-plus-grand-defi\/#primaryimage\"},\"image\":{\"@id\":\"https:\/\/www.rafanadalacademy.com\/fr\/academie-rafa-nadal-par-movistar\/gustavo-marcaccio-nouveau-directeur-du-tennis-a-la-rafa-nadal-academy-suivre-la-passion-de-rafa-sera-notre-plus-grand-defi\/#primaryimage\"},\"thumbnailUrl\":\"https:\/\/www.rafanadalacademy.com\/wp-content\/uploads\/2025\/10\/RNA_180225_Visita-entrenos-Rafa_147-scaled.jpg\",\"datePublished\":\"2025-10-03T11:43:44+00:00\",\"dateModified\":\"2025-10-06T06:36:20+00:00\",\"author\":{\"@id\":\"https:\/\/www.rafanadalacademy.com\/fr\/#\/schema\/person\/9cb8f210ce3fe781ebc21d5ba4c69109\"},\"description\":\"La Rafa Nadal Academy entame une nouvelle \u00e9tape dans le domaine du tennis avec la nomination de Gustavo Marcaccio comme nouveau directeur.\",\"breadcrumb\":{\"@id\":\"https:\/\/www.rafanadalacademy.com\/fr\/academie-rafa-nadal-par-movistar\/gustavo-marcaccio-nouveau-directeur-du-tennis-a-la-rafa-nadal-academy-suivre-la-passion-de-rafa-sera-notre-plus-grand-defi\/#breadcrumb\"},\"inLanguage\":\"fr-FR\",\"potentialAction\":[{\"@type\":\"ReadAction\",\"target\":[\"https:\/\/www.rafanadalacademy.com\/fr\/academie-rafa-nadal-par-movistar\/gustavo-marcaccio-nouveau-directeur-du-tennis-a-la-rafa-nadal-academy-suivre-la-passion-de-rafa-sera-notre-plus-grand-defi\/\"]}]},{\"@type\":\"ImageObject\",\"inLanguage\":\"fr-FR\",\"@id\":\"https:\/\/www.rafanadalacademy.com\/fr\/academie-rafa-nadal-par-movistar\/gustavo-marcaccio-nouveau-directeur-du-tennis-a-la-rafa-nadal-academy-suivre-la-passion-de-rafa-sera-notre-plus-grand-defi\/#primaryimage\",\"url\":\"https:\/\/www.rafanadalacademy.com\/wp-content\/uploads\/2025\/10\/RNA_180225_Visita-entrenos-Rafa_147-scaled.jpg\",\"contentUrl\":\"https:\/\/www.rafanadalacademy.com\/wp-content\/uploads\/2025\/10\/RNA_180225_Visita-entrenos-Rafa_147-scaled.jpg\",\"width\":2560,\"height\":1707},{\"@type\":\"BreadcrumbList\",\"@id\":\"https:\/\/www.rafanadalacademy.com\/fr\/academie-rafa-nadal-par-movistar\/gustavo-marcaccio-nouveau-directeur-du-tennis-a-la-rafa-nadal-academy-suivre-la-passion-de-rafa-sera-notre-plus-grand-defi\/#breadcrumb\",\"itemListElement\":[{\"@type\":\"ListItem\",\"position\":1,\"name\":\"Home\",\"item\":\"https:\/\/www.rafanadalacademy.com\/fr\/\"},{\"@type\":\"ListItem\",\"position\":2,\"name\":\"Gustavo Marcaccio, nouveau directeur du tennis \u00e0 la Rafa Nadal Academy : \u201cSuivre la passion de Rafa sera notre plus grand d\u00e9fi\u201d\"}]},{\"@type\":\"WebSite\",\"@id\":\"https:\/\/www.rafanadalacademy.com\/fr\/#website\",\"url\":\"https:\/\/www.rafanadalacademy.com\/fr\/\",\"name\":\"Rafa Nadal Academy\",\"description\":\"Otro sitio realizado con WordPress\",\"potentialAction\":[{\"@type\":\"SearchAction\",\"target\":{\"@type\":\"EntryPoint\",\"urlTemplate\":\"https:\/\/www.rafanadalacademy.com\/fr\/?s={search_term_string}\"},\"query-input\":{\"@type\":\"PropertyValueSpecification\",\"valueRequired\":true,\"valueName\":\"search_term_string\"}}],\"inLanguage\":\"fr-FR\"},{\"@type\":\"Person\",\"@id\":\"https:\/\/www.rafanadalacademy.com\/fr\/#\/schema\/person\/9cb8f210ce3fe781ebc21d5ba4c69109\",\"name\":\"Maria Llovera\",\"image\":{\"@type\":\"ImageObject\",\"inLanguage\":\"fr-FR\",\"@id\":\"https:\/\/www.rafanadalacademy.com\/fr\/#\/schema\/person\/image\/\",\"url\":\"https:\/\/secure.gravatar.com\/avatar\/4949e8272b74bc4e47ce4e2990eb1ad94fcf26a1aba4416cd4b9780dc0e433a3?s=96&d=mm&r=g\",\"contentUrl\":\"https:\/\/secure.gravatar.com\/avatar\/4949e8272b74bc4e47ce4e2990eb1ad94fcf26a1aba4416cd4b9780dc0e433a3?s=96&d=mm&r=g\",\"caption\":\"Maria Llovera\"},\"url\":\"https:\/\/www.rafanadalacademy.com\/fr\/author\/maria-llovera\/\"},{\"@type\":\"ImageObject\",\"inLanguage\":\"fr-FR\",\"@id\":\"https:\/\/www.rafanadalacademy.com\/fr\/academie-rafa-nadal-par-movistar\/gustavo-marcaccio-nouveau-directeur-du-tennis-a-la-rafa-nadal-academy-suivre-la-passion-de-rafa-sera-notre-plus-grand-defi\/#local-main-organization-logo\",\"url\":\"\",\"contentUrl\":\"\",\"caption\":\"Rafa Nadal Academy\"}]}<\/script>\n<!-- \/ Yoast SEO Premium plugin. -->","yoast_head_json":{"title":"Gustavo Marcaccio, nouveau directeur du tennis \u00e0 la Rafa Nadal Academy : \u201cSuivre la passion de Rafa sera notre plus grand d\u00e9fi\u201d - Rafa Nadal Academy","description":"La Rafa Nadal Academy entame une nouvelle \u00e9tape dans le domaine du tennis avec la nomination de Gustavo Marcaccio comme nouveau directeur.","robots":{"index":"index","follow":"follow","max-snippet":"max-snippet:-1","max-image-preview":"max-image-preview:large","max-video-preview":"max-video-preview:-1"},"canonical":"https:\/\/www.rafanadalacademy.com\/fr\/academie-rafa-nadal-par-movistar\/gustavo-marcaccio-nouveau-directeur-du-tennis-a-la-rafa-nadal-academy-suivre-la-passion-de-rafa-sera-notre-plus-grand-defi\/","og_locale":"fr_FR","og_type":"article","og_title":"Gustavo Marcaccio, nouveau directeur du tennis \u00e0 la Rafa Nadal Academy : \u201cSuivre la passion de Rafa sera notre plus grand d\u00e9fi\u201d","og_description":"La Rafa Nadal Academy entame une nouvelle \u00e9tape dans le domaine du tennis avec la nomination de Gustavo Marcaccio comme nouveau directeur.","og_url":"https:\/\/www.rafanadalacademy.com\/fr\/academie-rafa-nadal-par-movistar\/gustavo-marcaccio-nouveau-directeur-du-tennis-a-la-rafa-nadal-academy-suivre-la-passion-de-rafa-sera-notre-plus-grand-defi\/","og_site_name":"Rafa Nadal Academy","article_published_time":"2025-10-03T11:43:44+00:00","article_modified_time":"2025-10-06T06:36:20+00:00","og_image":[{"width":2560,"height":1707,"url":"https:\/\/www.rafanadalacademy.com\/wp-content\/uploads\/2025\/10\/RNA_180225_Visita-entrenos-Rafa_147-scaled.jpg","type":"image\/jpeg"}],"author":"Maria Llovera","twitter_card":"summary_large_image","twitter_misc":{"Written by":"Maria Llovera","Est. reading time":"3 minutes"},"schema":{"@context":"https:\/\/schema.org","@graph":[{"@type":"Article","@id":"https:\/\/www.rafanadalacademy.com\/fr\/academie-rafa-nadal-par-movistar\/gustavo-marcaccio-nouveau-directeur-du-tennis-a-la-rafa-nadal-academy-suivre-la-passion-de-rafa-sera-notre-plus-grand-defi\/#article","isPartOf":{"@id":"https:\/\/www.rafanadalacademy.com\/fr\/academie-rafa-nadal-par-movistar\/gustavo-marcaccio-nouveau-directeur-du-tennis-a-la-rafa-nadal-academy-suivre-la-passion-de-rafa-sera-notre-plus-grand-defi\/"},"author":{"name":"Maria Llovera","@id":"https:\/\/www.rafanadalacademy.com\/fr\/#\/schema\/person\/9cb8f210ce3fe781ebc21d5ba4c69109"},"headline":"Gustavo Marcaccio, nouveau directeur du tennis \u00e0 la Rafa Nadal Academy : \u201cSuivre la passion de Rafa sera notre plus grand d\u00e9fi\u201d","datePublished":"2025-10-03T11:43:44+00:00","dateModified":"2025-10-06T06:36:20+00:00","mainEntityOfPage":{"@id":"https:\/\/www.rafanadalacademy.com\/fr\/academie-rafa-nadal-par-movistar\/gustavo-marcaccio-nouveau-directeur-du-tennis-a-la-rafa-nadal-academy-suivre-la-passion-de-rafa-sera-notre-plus-grand-defi\/"},"wordCount":612,"image":{"@id":"https:\/\/www.rafanadalacademy.com\/fr\/academie-rafa-nadal-par-movistar\/gustavo-marcaccio-nouveau-directeur-du-tennis-a-la-rafa-nadal-academy-suivre-la-passion-de-rafa-sera-notre-plus-grand-defi\/#primaryimage"},"thumbnailUrl":"https:\/\/www.rafanadalacademy.com\/wp-content\/uploads\/2025\/10\/RNA_180225_Visita-entrenos-Rafa_147-scaled.jpg","keywords":["ACAD\u00c9MIE RAFA NADAL PAR MOVISTAR"],"articleSection":["ACAD\u00c9MIE RAFA NADAL PAR MOVISTAR","informations"],"inLanguage":"fr-FR","copyrightYear":"2025","copyrightHolder":{"@id":"https:\/\/www.rafanadalacademy.com\/#organization"}},{"@type":"WebPage","@id":"https:\/\/www.rafanadalacademy.com\/fr\/academie-rafa-nadal-par-movistar\/gustavo-marcaccio-nouveau-directeur-du-tennis-a-la-rafa-nadal-academy-suivre-la-passion-de-rafa-sera-notre-plus-grand-defi\/","url":"https:\/\/www.rafanadalacademy.com\/fr\/academie-rafa-nadal-par-movistar\/gustavo-marcaccio-nouveau-directeur-du-tennis-a-la-rafa-nadal-academy-suivre-la-passion-de-rafa-sera-notre-plus-grand-defi\/","name":"Gustavo Marcaccio, nouveau directeur du tennis \u00e0 la Rafa Nadal Academy : \u201cSuivre la passion de Rafa sera notre plus grand d\u00e9fi\u201d - Rafa Nadal Academy","isPartOf":{"@id":"https:\/\/www.rafanadalacademy.com\/fr\/#website"},"primaryImageOfPage":{"@id":"https:\/\/www.rafanadalacademy.com\/fr\/academie-rafa-nadal-par-movistar\/gustavo-marcaccio-nouveau-directeur-du-tennis-a-la-rafa-nadal-academy-suivre-la-passion-de-rafa-sera-notre-plus-grand-defi\/#primaryimage"},"image":{"@id":"https:\/\/www.rafanadalacademy.com\/fr\/academie-rafa-nadal-par-movistar\/gustavo-marcaccio-nouveau-directeur-du-tennis-a-la-rafa-nadal-academy-suivre-la-passion-de-rafa-sera-notre-plus-grand-defi\/#primaryimage"},"thumbnailUrl":"https:\/\/www.rafanadalacademy.com\/wp-content\/uploads\/2025\/10\/RNA_180225_Visita-entrenos-Rafa_147-scaled.jpg","datePublished":"2025-10-03T11:43:44+00:00","dateModified":"2025-10-06T06:36:20+00:00","author":{"@id":"https:\/\/www.rafanadalacademy.com\/fr\/#\/schema\/person\/9cb8f210ce3fe781ebc21d5ba4c69109"},"description":"La Rafa Nadal Academy entame une nouvelle \u00e9tape dans le domaine du tennis avec la nomination de Gustavo Marcaccio comme nouveau directeur.","breadcrumb":{"@id":"https:\/\/www.rafanadalacademy.com\/fr\/academie-rafa-nadal-par-movistar\/gustavo-marcaccio-nouveau-directeur-du-tennis-a-la-rafa-nadal-academy-suivre-la-passion-de-rafa-sera-notre-plus-grand-defi\/#breadcrumb"},"inLanguage":"fr-FR","potentialAction":[{"@type":"ReadAction","target":["https:\/\/www.rafanadalacademy.com\/fr\/academie-rafa-nadal-par-movistar\/gustavo-marcaccio-nouveau-directeur-du-tennis-a-la-rafa-nadal-academy-suivre-la-passion-de-rafa-sera-notre-plus-grand-defi\/"]}]},{"@type":"ImageObject","inLanguage":"fr-FR","@id":"https:\/\/www.rafanadalacademy.com\/fr\/academie-rafa-nadal-par-movistar\/gustavo-marcaccio-nouveau-directeur-du-tennis-a-la-rafa-nadal-academy-suivre-la-passion-de-rafa-sera-notre-plus-grand-defi\/#primaryimage","url":"https:\/\/www.rafanadalacademy.com\/wp-content\/uploads\/2025\/10\/RNA_180225_Visita-entrenos-Rafa_147-scaled.jpg","contentUrl":"https:\/\/www.rafanadalacademy.com\/wp-content\/uploads\/2025\/10\/RNA_180225_Visita-entrenos-Rafa_147-scaled.jpg","width":2560,"height":1707},{"@type":"BreadcrumbList","@id":"https:\/\/www.rafanadalacademy.com\/fr\/academie-rafa-nadal-par-movistar\/gustavo-marcaccio-nouveau-directeur-du-tennis-a-la-rafa-nadal-academy-suivre-la-passion-de-rafa-sera-notre-plus-grand-defi\/#breadcrumb","itemListElement":[{"@type":"ListItem","position":1,"name":"Home","item":"https:\/\/www.rafanadalacademy.com\/fr\/"},{"@type":"ListItem","position":2,"name":"Gustavo Marcaccio, nouveau directeur du tennis \u00e0 la Rafa Nadal Academy : \u201cSuivre la passion de Rafa sera notre plus grand d\u00e9fi\u201d"}]},{"@type":"WebSite","@id":"https:\/\/www.rafanadalacademy.com\/fr\/#website","url":"https:\/\/www.rafanadalacademy.com\/fr\/","name":"Rafa Nadal Academy","description":"Otro sitio realizado con WordPress","potentialAction":[{"@type":"SearchAction","target":{"@type":"EntryPoint","urlTemplate":"https:\/\/www.rafanadalacademy.com\/fr\/?s={search_term_string}"},"query-input":{"@type":"PropertyValueSpecification","valueRequired":true,"valueName":"search_term_string"}}],"inLanguage":"fr-FR"},{"@type":"Person","@id":"https:\/\/www.rafanadalacademy.com\/fr\/#\/schema\/person\/9cb8f210ce3fe781ebc21d5ba4c69109","name":"Maria Llovera","image":{"@type":"ImageObject","inLanguage":"fr-FR","@id":"https:\/\/www.rafanadalacademy.com\/fr\/#\/schema\/person\/image\/","url":"https:\/\/secure.gravatar.com\/avatar\/4949e8272b74bc4e47ce4e2990eb1ad94fcf26a1aba4416cd4b9780dc0e433a3?s=96&d=mm&r=g","contentUrl":"https:\/\/secure.gravatar.com\/avatar\/4949e8272b74bc4e47ce4e2990eb1ad94fcf26a1aba4416cd4b9780dc0e433a3?s=96&d=mm&r=g","caption":"Maria Llovera"},"url":"https:\/\/www.rafanadalacademy.com\/fr\/author\/maria-llovera\/"},{"@type":"ImageObject","inLanguage":"fr-FR","@id":"https:\/\/www.rafanadalacademy.com\/fr\/academie-rafa-nadal-par-movistar\/gustavo-marcaccio-nouveau-directeur-du-tennis-a-la-rafa-nadal-academy-suivre-la-passion-de-rafa-sera-notre-plus-grand-defi\/#local-main-organization-logo","url":"","contentUrl":"","caption":"Rafa Nadal Academy"}]}},"_links":{"self":[{"href":"https:\/\/www.rafanadalacademy.com\/fr\/wp-json\/wp\/v2\/posts\/34214","targetHints":{"allow":["GET"]}}],"collection":[{"href":"https:\/\/www.rafanadalacademy.com\/fr\/wp-json\/wp\/v2\/posts"}],"about":[{"href":"https:\/\/www.rafanadalacademy.com\/fr\/wp-json\/wp\/v2\/types\/post"}],"author":[{"embeddable":true,"href":"https:\/\/www.rafanadalacademy.com\/fr\/wp-json\/wp\/v2\/users\/21"}],"replies":[{"embeddable":true,"href":"https:\/\/www.rafanadalacademy.com\/fr\/wp-json\/wp\/v2\/comments?post=34214"}],"version-history":[{"count":1,"href":"https:\/\/www.rafanadalacademy.com\/fr\/wp-json\/wp\/v2\/posts\/34214\/revisions"}],"predecessor-version":[{"id":34215,"href":"https:\/\/www.rafanadalacademy.com\/fr\/wp-json\/wp\/v2\/posts\/34214\/revisions\/34215"}],"wp:featuredmedia":[{"embeddable":true,"href":"https:\/\/www.rafanadalacademy.com\/fr\/wp-json\/wp\/v2\/media\/34193"}],"wp:attachment":[{"href":"https:\/\/www.rafanadalacademy.com\/fr\/wp-json\/wp\/v2\/media?parent=34214"}],"wp:term":[{"taxonomy":"category","embeddable":true,"href":"https:\/\/www.rafanadalacademy.com\/fr\/wp-json\/wp\/v2\/categories?post=34214"},{"taxonomy":"post_tag","embeddable":true,"href":"https:\/\/www.rafanadalacademy.com\/fr\/wp-json\/wp\/v2\/tags?post=34214"}],"curies":[{"name":"wp","href":"https:\/\/api.w.org\/{rel}","templated":true}]}}