{"id":31917,"date":"2025-09-09T08:49:54","date_gmt":"2025-09-09T08:49:54","guid":{"rendered":"https:\/\/www.rafanadalacademy.com\/non-classifiee\/xavi-hernandez-aime-le-padel-a-lacademie-rafa-nadal-de-movistar\/"},"modified":"2025-09-09T08:52:24","modified_gmt":"2025-09-09T08:52:24","slug":"xavi-hernandez-aime-le-padel-a-lacademie-rafa-nadal-de-movistar","status":"publish","type":"post","link":"https:\/\/www.rafanadalacademy.com\/fr\/informations\/xavi-hernandez-aime-le-padel-a-lacademie-rafa-nadal-de-movistar\/","title":{"rendered":"Xavi Hern\u00e1ndez aime le padel \u00e0 l&#8217;Acad\u00e9mie Rafa Nadal de Movistar"},"content":{"rendered":"\n<p>Xavi Hern\u00e1ndez a visit\u00e9 les installations de la Rafa Nadal Academy et a eu l&#8217;occasion de jouer au padel sur les <strong>nouveaux courts int\u00e9rieurs<\/strong> , inaugur\u00e9s en ao\u00fbt dernier.<\/p>\n\n<figure class=\"wp-block-image size-full\"><img decoding=\"async\" src=\"https:\/\/www.rafanadalacademy.com\/wp-content\/uploads\/2025\/09\/Xavi-Rafa-Nadal-scaled-e1757407408470.jpg\" alt=\"\" class=\"wp-image-31893\"\/><figcaption class=\"wp-element-caption\">Xavi Hern\u00e1ndez et Rafa Nadal dans les installations de la Rafa Nadal Academy.<\/figcaption><\/figure>\n\n<div style=\"height:50px\" aria-hidden=\"true\" class=\"wp-block-spacer\"><\/div>\n\n<p>Lors de son s\u00e9jour, <strong>Rafa Nadal<\/strong> a accueilli l&#8217;ancien footballeur et actuel entra\u00eeneur, qui a d\u00e9clar\u00e9 : <strong>\u00ab Le padel me maintient en forme. J&#8217;essaie toujours d&#8217;int\u00e9grer le sport \u00e0 mon quotidien. J&#8217;ai toujours aim\u00e9 le tennis et nous avons beaucoup suivi Rafa. \u00bb<\/strong><\/p>\n\n<p>C&#8217;\u00e9tait la premi\u00e8re fois que Xavi Hern\u00e1ndez visitait <a href=\"https:\/\/www.rafanadalacademy.com\/fr\/installations\/\"><strong>les installations de la Rafa Nadal Academy<\/strong><\/a> , o\u00f9 il a salu\u00e9 la qualit\u00e9 des installations : <em>\u00ab Honn\u00eatement, tout est incroyable. Nous avons \u00e9galement \u00e9t\u00e9 surpris par la gentillesse du personnel, tr\u00e8s accueillant, et les installations sont d&#8217;un niveau merveilleux. \u00bb<\/em><\/p>\n\n<div style=\"height:50px\" aria-hidden=\"true\" class=\"wp-block-spacer\"><\/div>\n\n<figure class=\"wp-block-image size-large\"><img loading=\"lazy\" decoding=\"async\" width=\"768\" height=\"1024\" src=\"https:\/\/www.rafanadalacademy.com\/wp-content\/uploads\/2025\/09\/Imagen-de-WhatsApp-2025-09-09-a-las-10.38.57_905c6416-768x1024.jpg\" alt=\"\" class=\"wp-image-31902\" srcset=\"https:\/\/www.rafanadalacademy.com\/wp-content\/uploads\/2025\/09\/Imagen-de-WhatsApp-2025-09-09-a-las-10.38.57_905c6416-768x1024.jpg 768w, https:\/\/www.rafanadalacademy.com\/wp-content\/uploads\/2025\/09\/Imagen-de-WhatsApp-2025-09-09-a-las-10.38.57_905c6416-225x300.jpg 225w, https:\/\/www.rafanadalacademy.com\/wp-content\/uploads\/2025\/09\/Imagen-de-WhatsApp-2025-09-09-a-las-10.38.57_905c6416-1152x1536.jpg 1152w, https:\/\/www.rafanadalacademy.com\/wp-content\/uploads\/2025\/09\/Imagen-de-WhatsApp-2025-09-09-a-las-10.38.57_905c6416-1536x2048.jpg 1536w, https:\/\/www.rafanadalacademy.com\/wp-content\/uploads\/2025\/09\/Imagen-de-WhatsApp-2025-09-09-a-las-10.38.57_905c6416-scaled.jpg 1920w\" sizes=\"auto, (max-width: 768px) 100vw, 768px\" \/><\/figure>\n\n<div style=\"height:50px\" aria-hidden=\"true\" class=\"wp-block-spacer\"><\/div>\n\n<p>Connue pour son prestige international et la formation de jeunes joueurs de tennis qu&#8217;elle dispense depuis son ouverture en 2016, la Rafa Nadal Academy a \u00e9galement <strong><a href=\"https:\/\/www.rafanadalacademy.com\/fr\/adult-camps\/padel-camps\/le-padel-a-la-rna\/\">fortement mis\u00e9 sur le padel, un engagement<\/a><\/strong> renforc\u00e9 par l&#8217;agrandissement de ses installations. Depuis ao\u00fbt, la Rafa Nadal Academy dispose de <strong><a href=\"https:\/\/www.rafanadalacademy.com\/fr\/installations\/installations-sportives\/\">trois nouveaux courts int\u00e9rieurs<\/a><\/strong> dans un pavillon situ\u00e9 au c\u0153ur du campus de haute performance de Manacor. <\/p>\n\n<div style=\"height:50px\" aria-hidden=\"true\" class=\"wp-block-spacer\"><\/div>\n\n<figure class=\"wp-block-embed is-type-video is-provider-youtube wp-block-embed-youtube wp-embed-aspect-16-9 wp-has-aspect-ratio\"><div class=\"wp-block-embed__wrapper\">\n<iframe loading=\"lazy\" title=\"La Rafa Nadal Academy inaugura 3 nuevas pistas de p\u00e1del indoor\" width=\"500\" height=\"281\" src=\"https:\/\/www.youtube.com\/embed\/kRnXNBSOqRw?feature=oembed\" frameborder=\"0\" allow=\"accelerometer; autoplay; clipboard-write; encrypted-media; gyroscope; picture-in-picture; web-share\" referrerpolicy=\"strict-origin-when-cross-origin\" allowfullscreen><\/iframe>\n<\/div><\/figure>\n","protected":false},"excerpt":{"rendered":"<p>Xavi Hern\u00e1ndez a visit\u00e9 les installations de la Rafa Nadal Academy et a eu l&#8217;occasion de jouer au padel sur les nouveaux courts int\u00e9rieurs , inaugur\u00e9s en ao\u00fbt dernier. Lors de son s\u00e9jour, Rafa Nadal a accueilli l&#8217;ancien footballeur et actuel entra\u00eeneur, qui a d\u00e9clar\u00e9 : \u00ab Le padel me maintient en forme. J&#8217;essaie toujours<a href=\"https:\/\/www.rafanadalacademy.com\/fr\/informations\/xavi-hernandez-aime-le-padel-a-lacademie-rafa-nadal-de-movistar\/\">Continue reading <span class=\"sr-only\">&#8220;Xavi Hern\u00e1ndez aime le padel \u00e0 l&#8217;Acad\u00e9mie Rafa Nadal de Movistar&#8221;<\/span><\/a><\/p>\n","protected":false},"author":23,"featured_media":31896,"comment_status":"closed","ping_status":"closed","sticky":false,"template":"","format":"standard","meta":{"_acf_changed":false,"footnotes":""},"categories":[206,158,164],"tags":[207,166],"class_list":["post-31917","post","type-post","status-publish","format-standard","has-post-thumbnail","hentry","category-academie-rafa-nadal-par-movistar","category-informations","category-padel-fr","tag-academie-rafa-nadal-par-movistar","tag-tournee-de-padel-de-lacademie-rafa-nadal"],"acf":[],"yoast_head":"<!-- This site is optimized with the Yoast SEO Premium plugin v26.8 (Yoast SEO v26.9) - https:\/\/yoast.com\/product\/yoast-seo-premium-wordpress\/ -->\n<title>Xavi Hern\u00e1ndez aime le padel \u00e0 l&#039;Acad\u00e9mie Rafa Nadal de Movistar - Rafa Nadal Academy<\/title>\n<meta name=\"description\" content=\"Xavi Hern\u00e1ndez a visit\u00e9 les installations de la Rafa Nadal Academy et a pu jouer au padel sur les nouveaux courts int\u00e9rieurs, inaugur\u00e9s en ao\u00fbt dernier. Lors de sa visite, Rafa Nadal a accueilli l&#039;ancien joueur et actuel entra\u00eeneur.\" \/>\n<meta name=\"robots\" content=\"index, follow, max-snippet:-1, max-image-preview:large, max-video-preview:-1\" \/>\n<link rel=\"canonical\" href=\"https:\/\/www.rafanadalacademy.com\/fr\/informations\/xavi-hernandez-aime-le-padel-a-lacademie-rafa-nadal-de-movistar\/\" \/>\n<meta property=\"og:locale\" content=\"fr_FR\" \/>\n<meta property=\"og:type\" content=\"article\" \/>\n<meta property=\"og:title\" content=\"Xavi Hern\u00e1ndez aime le padel \u00e0 l&#039;Acad\u00e9mie Rafa Nadal de Movistar\" \/>\n<meta property=\"og:description\" content=\"Xavi Hern\u00e1ndez a visit\u00e9 les installations de la Rafa Nadal Academy et a pu jouer au padel sur les nouveaux courts int\u00e9rieurs, inaugur\u00e9s en ao\u00fbt dernier. Lors de sa visite, Rafa Nadal a accueilli l&#039;ancien joueur et actuel entra\u00eeneur.\" \/>\n<meta property=\"og:url\" content=\"https:\/\/www.rafanadalacademy.com\/fr\/informations\/xavi-hernandez-aime-le-padel-a-lacademie-rafa-nadal-de-movistar\/\" \/>\n<meta property=\"og:site_name\" content=\"Rafa Nadal Academy\" \/>\n<meta property=\"article:published_time\" content=\"2025-09-09T08:49:54+00:00\" \/>\n<meta property=\"article:modified_time\" content=\"2025-09-09T08:52:24+00:00\" \/>\n<meta property=\"og:image\" content=\"https:\/\/www.rafanadalacademy.com\/wp-content\/uploads\/2025\/09\/Xavi-Rafa-Nadal-scaled-e1757407465496.jpg\" \/>\n\t<meta property=\"og:image:width\" content=\"1920\" \/>\n\t<meta property=\"og:image:height\" content=\"2560\" \/>\n\t<meta property=\"og:image:type\" content=\"image\/jpeg\" \/>\n<meta name=\"author\" content=\"joseluisprados\" \/>\n<meta name=\"twitter:card\" content=\"summary_large_image\" \/>\n<meta name=\"twitter:label1\" content=\"Written by\" \/>\n\t<meta name=\"twitter:data1\" content=\"joseluisprados\" \/>\n\t<meta name=\"twitter:label2\" content=\"Est. reading time\" \/>\n\t<meta name=\"twitter:data2\" content=\"1 minute\" \/>\n<script type=\"application\/ld+json\" class=\"yoast-schema-graph\">{\"@context\":\"https:\/\/schema.org\",\"@graph\":[{\"@type\":\"Article\",\"@id\":\"https:\/\/www.rafanadalacademy.com\/fr\/informations\/xavi-hernandez-aime-le-padel-a-lacademie-rafa-nadal-de-movistar\/#article\",\"isPartOf\":{\"@id\":\"https:\/\/www.rafanadalacademy.com\/fr\/informations\/xavi-hernandez-aime-le-padel-a-lacademie-rafa-nadal-de-movistar\/\"},\"author\":{\"name\":\"joseluisprados\",\"@id\":\"https:\/\/www.rafanadalacademy.com\/fr\/#\/schema\/person\/744897d6ee269641fff954376180ef01\"},\"headline\":\"Xavi Hern\u00e1ndez aime le padel \u00e0 l&#8217;Acad\u00e9mie Rafa Nadal de Movistar\",\"datePublished\":\"2025-09-09T08:49:54+00:00\",\"dateModified\":\"2025-09-09T08:52:24+00:00\",\"mainEntityOfPage\":{\"@id\":\"https:\/\/www.rafanadalacademy.com\/fr\/informations\/xavi-hernandez-aime-le-padel-a-lacademie-rafa-nadal-de-movistar\/\"},\"wordCount\":235,\"image\":{\"@id\":\"https:\/\/www.rafanadalacademy.com\/fr\/informations\/xavi-hernandez-aime-le-padel-a-lacademie-rafa-nadal-de-movistar\/#primaryimage\"},\"thumbnailUrl\":\"https:\/\/www.rafanadalacademy.com\/wp-content\/uploads\/2025\/09\/Xavi-Rafa-Nadal-scaled-e1757407465496.jpg\",\"keywords\":[\"ACAD\u00c9MIE RAFA NADAL PAR MOVISTAR\",\"TOURN\u00c9E DE PADEL DE L'ACAD\u00c9MIE RAFA NADAL\"],\"articleSection\":[\"ACAD\u00c9MIE RAFA NADAL PAR MOVISTAR\",\"informations\",\"PADEL\"],\"inLanguage\":\"fr-FR\",\"copyrightYear\":\"2025\",\"copyrightHolder\":{\"@id\":\"https:\/\/www.rafanadalacademy.com\/#organization\"}},{\"@type\":\"WebPage\",\"@id\":\"https:\/\/www.rafanadalacademy.com\/fr\/informations\/xavi-hernandez-aime-le-padel-a-lacademie-rafa-nadal-de-movistar\/\",\"url\":\"https:\/\/www.rafanadalacademy.com\/fr\/informations\/xavi-hernandez-aime-le-padel-a-lacademie-rafa-nadal-de-movistar\/\",\"name\":\"Xavi Hern\u00e1ndez aime le padel \u00e0 l'Acad\u00e9mie Rafa Nadal de Movistar - Rafa Nadal Academy\",\"isPartOf\":{\"@id\":\"https:\/\/www.rafanadalacademy.com\/fr\/#website\"},\"primaryImageOfPage\":{\"@id\":\"https:\/\/www.rafanadalacademy.com\/fr\/informations\/xavi-hernandez-aime-le-padel-a-lacademie-rafa-nadal-de-movistar\/#primaryimage\"},\"image\":{\"@id\":\"https:\/\/www.rafanadalacademy.com\/fr\/informations\/xavi-hernandez-aime-le-padel-a-lacademie-rafa-nadal-de-movistar\/#primaryimage\"},\"thumbnailUrl\":\"https:\/\/www.rafanadalacademy.com\/wp-content\/uploads\/2025\/09\/Xavi-Rafa-Nadal-scaled-e1757407465496.jpg\",\"datePublished\":\"2025-09-09T08:49:54+00:00\",\"dateModified\":\"2025-09-09T08:52:24+00:00\",\"author\":{\"@id\":\"https:\/\/www.rafanadalacademy.com\/fr\/#\/schema\/person\/744897d6ee269641fff954376180ef01\"},\"description\":\"Xavi Hern\u00e1ndez a visit\u00e9 les installations de la Rafa Nadal Academy et a pu jouer au padel sur les nouveaux courts int\u00e9rieurs, inaugur\u00e9s en ao\u00fbt dernier. Lors de sa visite, Rafa Nadal a accueilli l'ancien joueur et actuel entra\u00eeneur.\",\"breadcrumb\":{\"@id\":\"https:\/\/www.rafanadalacademy.com\/fr\/informations\/xavi-hernandez-aime-le-padel-a-lacademie-rafa-nadal-de-movistar\/#breadcrumb\"},\"inLanguage\":\"fr-FR\",\"potentialAction\":[{\"@type\":\"ReadAction\",\"target\":[\"https:\/\/www.rafanadalacademy.com\/fr\/informations\/xavi-hernandez-aime-le-padel-a-lacademie-rafa-nadal-de-movistar\/\"]}]},{\"@type\":\"ImageObject\",\"inLanguage\":\"fr-FR\",\"@id\":\"https:\/\/www.rafanadalacademy.com\/fr\/informations\/xavi-hernandez-aime-le-padel-a-lacademie-rafa-nadal-de-movistar\/#primaryimage\",\"url\":\"https:\/\/www.rafanadalacademy.com\/wp-content\/uploads\/2025\/09\/Xavi-Rafa-Nadal-scaled-e1757407465496.jpg\",\"contentUrl\":\"https:\/\/www.rafanadalacademy.com\/wp-content\/uploads\/2025\/09\/Xavi-Rafa-Nadal-scaled-e1757407465496.jpg\",\"width\":1920,\"height\":2560,\"caption\":\"Xavi Hern\u00e1ndez y Rafa Nadal, en las instalaciones de la Rafa Nadal Academy\"},{\"@type\":\"BreadcrumbList\",\"@id\":\"https:\/\/www.rafanadalacademy.com\/fr\/informations\/xavi-hernandez-aime-le-padel-a-lacademie-rafa-nadal-de-movistar\/#breadcrumb\",\"itemListElement\":[{\"@type\":\"ListItem\",\"position\":1,\"name\":\"Home\",\"item\":\"https:\/\/www.rafanadalacademy.com\/fr\/\"},{\"@type\":\"ListItem\",\"position\":2,\"name\":\"Xavi Hern\u00e1ndez aime le padel \u00e0 l&#8217;Acad\u00e9mie Rafa Nadal de Movistar\"}]},{\"@type\":\"WebSite\",\"@id\":\"https:\/\/www.rafanadalacademy.com\/fr\/#website\",\"url\":\"https:\/\/www.rafanadalacademy.com\/fr\/\",\"name\":\"Rafa Nadal Academy\",\"description\":\"Otro sitio realizado con WordPress\",\"potentialAction\":[{\"@type\":\"SearchAction\",\"target\":{\"@type\":\"EntryPoint\",\"urlTemplate\":\"https:\/\/www.rafanadalacademy.com\/fr\/?s={search_term_string}\"},\"query-input\":{\"@type\":\"PropertyValueSpecification\",\"valueRequired\":true,\"valueName\":\"search_term_string\"}}],\"inLanguage\":\"fr-FR\"},{\"@type\":\"Person\",\"@id\":\"https:\/\/www.rafanadalacademy.com\/fr\/#\/schema\/person\/744897d6ee269641fff954376180ef01\",\"name\":\"joseluisprados\",\"image\":{\"@type\":\"ImageObject\",\"inLanguage\":\"fr-FR\",\"@id\":\"https:\/\/www.rafanadalacademy.com\/fr\/#\/schema\/person\/image\/\",\"url\":\"https:\/\/secure.gravatar.com\/avatar\/8aa823a6e5501864ffab4785d9e2a994b59c2d45c9f9751c5a532abfec081e5f?s=96&d=mm&r=g\",\"contentUrl\":\"https:\/\/secure.gravatar.com\/avatar\/8aa823a6e5501864ffab4785d9e2a994b59c2d45c9f9751c5a532abfec081e5f?s=96&d=mm&r=g\",\"caption\":\"joseluisprados\"},\"url\":\"https:\/\/www.rafanadalacademy.com\/fr\/author\/joseluisprados\/\"},{\"@type\":\"ImageObject\",\"inLanguage\":\"fr-FR\",\"@id\":\"https:\/\/www.rafanadalacademy.com\/fr\/informations\/xavi-hernandez-aime-le-padel-a-lacademie-rafa-nadal-de-movistar\/#local-main-organization-logo\",\"url\":\"\",\"contentUrl\":\"\",\"caption\":\"Rafa Nadal Academy\"}]}<\/script>\n<!-- \/ Yoast SEO Premium plugin. -->","yoast_head_json":{"title":"Xavi Hern\u00e1ndez aime le padel \u00e0 l'Acad\u00e9mie Rafa Nadal de Movistar - Rafa Nadal Academy","description":"Xavi Hern\u00e1ndez a visit\u00e9 les installations de la Rafa Nadal Academy et a pu jouer au padel sur les nouveaux courts int\u00e9rieurs, inaugur\u00e9s en ao\u00fbt dernier. Lors de sa visite, Rafa Nadal a accueilli l'ancien joueur et actuel entra\u00eeneur.","robots":{"index":"index","follow":"follow","max-snippet":"max-snippet:-1","max-image-preview":"max-image-preview:large","max-video-preview":"max-video-preview:-1"},"canonical":"https:\/\/www.rafanadalacademy.com\/fr\/informations\/xavi-hernandez-aime-le-padel-a-lacademie-rafa-nadal-de-movistar\/","og_locale":"fr_FR","og_type":"article","og_title":"Xavi Hern\u00e1ndez aime le padel \u00e0 l'Acad\u00e9mie Rafa Nadal de Movistar","og_description":"Xavi Hern\u00e1ndez a visit\u00e9 les installations de la Rafa Nadal Academy et a pu jouer au padel sur les nouveaux courts int\u00e9rieurs, inaugur\u00e9s en ao\u00fbt dernier. Lors de sa visite, Rafa Nadal a accueilli l'ancien joueur et actuel entra\u00eeneur.","og_url":"https:\/\/www.rafanadalacademy.com\/fr\/informations\/xavi-hernandez-aime-le-padel-a-lacademie-rafa-nadal-de-movistar\/","og_site_name":"Rafa Nadal Academy","article_published_time":"2025-09-09T08:49:54+00:00","article_modified_time":"2025-09-09T08:52:24+00:00","og_image":[{"width":1920,"height":2560,"url":"https:\/\/www.rafanadalacademy.com\/wp-content\/uploads\/2025\/09\/Xavi-Rafa-Nadal-scaled-e1757407465496.jpg","type":"image\/jpeg"}],"author":"joseluisprados","twitter_card":"summary_large_image","twitter_misc":{"Written by":"joseluisprados","Est. reading time":"1 minute"},"schema":{"@context":"https:\/\/schema.org","@graph":[{"@type":"Article","@id":"https:\/\/www.rafanadalacademy.com\/fr\/informations\/xavi-hernandez-aime-le-padel-a-lacademie-rafa-nadal-de-movistar\/#article","isPartOf":{"@id":"https:\/\/www.rafanadalacademy.com\/fr\/informations\/xavi-hernandez-aime-le-padel-a-lacademie-rafa-nadal-de-movistar\/"},"author":{"name":"joseluisprados","@id":"https:\/\/www.rafanadalacademy.com\/fr\/#\/schema\/person\/744897d6ee269641fff954376180ef01"},"headline":"Xavi Hern\u00e1ndez aime le padel \u00e0 l&#8217;Acad\u00e9mie Rafa Nadal de Movistar","datePublished":"2025-09-09T08:49:54+00:00","dateModified":"2025-09-09T08:52:24+00:00","mainEntityOfPage":{"@id":"https:\/\/www.rafanadalacademy.com\/fr\/informations\/xavi-hernandez-aime-le-padel-a-lacademie-rafa-nadal-de-movistar\/"},"wordCount":235,"image":{"@id":"https:\/\/www.rafanadalacademy.com\/fr\/informations\/xavi-hernandez-aime-le-padel-a-lacademie-rafa-nadal-de-movistar\/#primaryimage"},"thumbnailUrl":"https:\/\/www.rafanadalacademy.com\/wp-content\/uploads\/2025\/09\/Xavi-Rafa-Nadal-scaled-e1757407465496.jpg","keywords":["ACAD\u00c9MIE RAFA NADAL PAR MOVISTAR","TOURN\u00c9E DE PADEL DE L'ACAD\u00c9MIE RAFA NADAL"],"articleSection":["ACAD\u00c9MIE RAFA NADAL PAR MOVISTAR","informations","PADEL"],"inLanguage":"fr-FR","copyrightYear":"2025","copyrightHolder":{"@id":"https:\/\/www.rafanadalacademy.com\/#organization"}},{"@type":"WebPage","@id":"https:\/\/www.rafanadalacademy.com\/fr\/informations\/xavi-hernandez-aime-le-padel-a-lacademie-rafa-nadal-de-movistar\/","url":"https:\/\/www.rafanadalacademy.com\/fr\/informations\/xavi-hernandez-aime-le-padel-a-lacademie-rafa-nadal-de-movistar\/","name":"Xavi Hern\u00e1ndez aime le padel \u00e0 l'Acad\u00e9mie Rafa Nadal de Movistar - Rafa Nadal Academy","isPartOf":{"@id":"https:\/\/www.rafanadalacademy.com\/fr\/#website"},"primaryImageOfPage":{"@id":"https:\/\/www.rafanadalacademy.com\/fr\/informations\/xavi-hernandez-aime-le-padel-a-lacademie-rafa-nadal-de-movistar\/#primaryimage"},"image":{"@id":"https:\/\/www.rafanadalacademy.com\/fr\/informations\/xavi-hernandez-aime-le-padel-a-lacademie-rafa-nadal-de-movistar\/#primaryimage"},"thumbnailUrl":"https:\/\/www.rafanadalacademy.com\/wp-content\/uploads\/2025\/09\/Xavi-Rafa-Nadal-scaled-e1757407465496.jpg","datePublished":"2025-09-09T08:49:54+00:00","dateModified":"2025-09-09T08:52:24+00:00","author":{"@id":"https:\/\/www.rafanadalacademy.com\/fr\/#\/schema\/person\/744897d6ee269641fff954376180ef01"},"description":"Xavi Hern\u00e1ndez a visit\u00e9 les installations de la Rafa Nadal Academy et a pu jouer au padel sur les nouveaux courts int\u00e9rieurs, inaugur\u00e9s en ao\u00fbt dernier. Lors de sa visite, Rafa Nadal a accueilli l'ancien joueur et actuel entra\u00eeneur.","breadcrumb":{"@id":"https:\/\/www.rafanadalacademy.com\/fr\/informations\/xavi-hernandez-aime-le-padel-a-lacademie-rafa-nadal-de-movistar\/#breadcrumb"},"inLanguage":"fr-FR","potentialAction":[{"@type":"ReadAction","target":["https:\/\/www.rafanadalacademy.com\/fr\/informations\/xavi-hernandez-aime-le-padel-a-lacademie-rafa-nadal-de-movistar\/"]}]},{"@type":"ImageObject","inLanguage":"fr-FR","@id":"https:\/\/www.rafanadalacademy.com\/fr\/informations\/xavi-hernandez-aime-le-padel-a-lacademie-rafa-nadal-de-movistar\/#primaryimage","url":"https:\/\/www.rafanadalacademy.com\/wp-content\/uploads\/2025\/09\/Xavi-Rafa-Nadal-scaled-e1757407465496.jpg","contentUrl":"https:\/\/www.rafanadalacademy.com\/wp-content\/uploads\/2025\/09\/Xavi-Rafa-Nadal-scaled-e1757407465496.jpg","width":1920,"height":2560,"caption":"Xavi Hern\u00e1ndez y Rafa Nadal, en las instalaciones de la Rafa Nadal Academy"},{"@type":"BreadcrumbList","@id":"https:\/\/www.rafanadalacademy.com\/fr\/informations\/xavi-hernandez-aime-le-padel-a-lacademie-rafa-nadal-de-movistar\/#breadcrumb","itemListElement":[{"@type":"ListItem","position":1,"name":"Home","item":"https:\/\/www.rafanadalacademy.com\/fr\/"},{"@type":"ListItem","position":2,"name":"Xavi Hern\u00e1ndez aime le padel \u00e0 l&#8217;Acad\u00e9mie Rafa Nadal de Movistar"}]},{"@type":"WebSite","@id":"https:\/\/www.rafanadalacademy.com\/fr\/#website","url":"https:\/\/www.rafanadalacademy.com\/fr\/","name":"Rafa Nadal Academy","description":"Otro sitio realizado con WordPress","potentialAction":[{"@type":"SearchAction","target":{"@type":"EntryPoint","urlTemplate":"https:\/\/www.rafanadalacademy.com\/fr\/?s={search_term_string}"},"query-input":{"@type":"PropertyValueSpecification","valueRequired":true,"valueName":"search_term_string"}}],"inLanguage":"fr-FR"},{"@type":"Person","@id":"https:\/\/www.rafanadalacademy.com\/fr\/#\/schema\/person\/744897d6ee269641fff954376180ef01","name":"joseluisprados","image":{"@type":"ImageObject","inLanguage":"fr-FR","@id":"https:\/\/www.rafanadalacademy.com\/fr\/#\/schema\/person\/image\/","url":"https:\/\/secure.gravatar.com\/avatar\/8aa823a6e5501864ffab4785d9e2a994b59c2d45c9f9751c5a532abfec081e5f?s=96&d=mm&r=g","contentUrl":"https:\/\/secure.gravatar.com\/avatar\/8aa823a6e5501864ffab4785d9e2a994b59c2d45c9f9751c5a532abfec081e5f?s=96&d=mm&r=g","caption":"joseluisprados"},"url":"https:\/\/www.rafanadalacademy.com\/fr\/author\/joseluisprados\/"},{"@type":"ImageObject","inLanguage":"fr-FR","@id":"https:\/\/www.rafanadalacademy.com\/fr\/informations\/xavi-hernandez-aime-le-padel-a-lacademie-rafa-nadal-de-movistar\/#local-main-organization-logo","url":"","contentUrl":"","caption":"Rafa Nadal Academy"}]}},"_links":{"self":[{"href":"https:\/\/www.rafanadalacademy.com\/fr\/wp-json\/wp\/v2\/posts\/31917","targetHints":{"allow":["GET"]}}],"collection":[{"href":"https:\/\/www.rafanadalacademy.com\/fr\/wp-json\/wp\/v2\/posts"}],"about":[{"href":"https:\/\/www.rafanadalacademy.com\/fr\/wp-json\/wp\/v2\/types\/post"}],"author":[{"embeddable":true,"href":"https:\/\/www.rafanadalacademy.com\/fr\/wp-json\/wp\/v2\/users\/23"}],"replies":[{"embeddable":true,"href":"https:\/\/www.rafanadalacademy.com\/fr\/wp-json\/wp\/v2\/comments?post=31917"}],"version-history":[{"count":1,"href":"https:\/\/www.rafanadalacademy.com\/fr\/wp-json\/wp\/v2\/posts\/31917\/revisions"}],"predecessor-version":[{"id":31918,"href":"https:\/\/www.rafanadalacademy.com\/fr\/wp-json\/wp\/v2\/posts\/31917\/revisions\/31918"}],"wp:featuredmedia":[{"embeddable":true,"href":"https:\/\/www.rafanadalacademy.com\/fr\/wp-json\/wp\/v2\/media\/31896"}],"wp:attachment":[{"href":"https:\/\/www.rafanadalacademy.com\/fr\/wp-json\/wp\/v2\/media?parent=31917"}],"wp:term":[{"taxonomy":"category","embeddable":true,"href":"https:\/\/www.rafanadalacademy.com\/fr\/wp-json\/wp\/v2\/categories?post=31917"},{"taxonomy":"post_tag","embeddable":true,"href":"https:\/\/www.rafanadalacademy.com\/fr\/wp-json\/wp\/v2\/tags?post=31917"}],"curies":[{"name":"wp","href":"https:\/\/api.w.org\/{rel}","templated":true}]}}