{"id":31711,"date":"2025-09-04T09:46:09","date_gmt":"2025-09-04T09:46:09","guid":{"rendered":"https:\/\/www.rafanadalacademy.com\/non-classifiee\/le-discours-emouvant-de-dani-rincon-apres-sa-victoire-a-lopen-rafa-nadal-par-movistar\/"},"modified":"2025-09-04T09:55:36","modified_gmt":"2025-09-04T09:55:36","slug":"le-discours-emouvant-de-dani-rincon-apres-sa-victoire-a-lopen-rafa-nadal-par-movistar","status":"publish","type":"post","link":"https:\/\/www.rafanadalacademy.com\/fr\/academie-rafa-nadal-par-movistar\/le-discours-emouvant-de-dani-rincon-apres-sa-victoire-a-lopen-rafa-nadal-par-movistar\/","title":{"rendered":"Le discours \u00e9mouvant de Dani Rinc\u00f3n apr\u00e8s sa victoire \u00e0 l&#8217;Open Rafa Nadal par Movistar"},"content":{"rendered":"\n<p>Le joueur form\u00e9 \u00e0 la <strong>Rafa Nadal Academy<\/strong> a v\u00e9cu l&#8217;une des nuits les plus \u00e9mouvantes de sa carri\u00e8re lorsqu&#8217;il a \u00e9t\u00e9 couronn\u00e9 champion du <a href=\"https:\/\/rafanadalopen.com\/\">Rafa Nadal Open by Movistar 2025<\/a> et est devenu le premier joueur de tennis espagnol \u00e0 remporter le titre du tournoi <strong>ATP Challenger<\/strong> .<\/p>\n\n<figure class=\"wp-block-image size-large\"><img loading=\"lazy\" decoding=\"async\" width=\"1024\" height=\"683\" src=\"https:\/\/www.rafanadalacademy.com\/wp-content\/uploads\/2025\/09\/Rafa-Nadal_RNO-2025_2272-1024x683.jpg\" alt=\"\" class=\"wp-image-31690\" srcset=\"https:\/\/www.rafanadalacademy.com\/wp-content\/uploads\/2025\/09\/Rafa-Nadal_RNO-2025_2272-1024x683.jpg 1024w, https:\/\/www.rafanadalacademy.com\/wp-content\/uploads\/2025\/09\/Rafa-Nadal_RNO-2025_2272-300x200.jpg 300w, https:\/\/www.rafanadalacademy.com\/wp-content\/uploads\/2025\/09\/Rafa-Nadal_RNO-2025_2272-768x512.jpg 768w, https:\/\/www.rafanadalacademy.com\/wp-content\/uploads\/2025\/09\/Rafa-Nadal_RNO-2025_2272-1536x1024.jpg 1536w, https:\/\/www.rafanadalacademy.com\/wp-content\/uploads\/2025\/09\/Rafa-Nadal_RNO-2025_2272-2048x1365.jpg 2048w\" sizes=\"auto, (max-width: 1024px) 100vw, 1024px\" \/><\/figure>\n\n<div style=\"height:57px\" aria-hidden=\"true\" class=\"wp-block-spacer\"><\/div>\n\n<p>Pour remporter le deuxi\u00e8me Challenger de sa carri\u00e8re, Rinc\u00f3n a d\u00fb vaincre en grande finale l&#8217;Autrichien <strong>Jurij Rodionov<\/strong> (7-5 \u200b\u200bet 6-2), qui avait curieusement battu un jeune Carlos Alcaraz au premier tour en 2019.<\/p>\n\n<p>Apr\u00e8s avoir soulev\u00e9 le troph\u00e9e du champion dans le ciel de Majorque, Rinc\u00f3n a prononc\u00e9 un discours \u00e9mouvant, empreint de gratitude, d&#8217;\u00e9motion et d&#8217;exp\u00e9riences personnelles. Dani a commenc\u00e9 par remercier la <strong>Rafa Nadal Academy<\/strong> pour sa confiance\u00a0: \u00ab\u00a0Ils m&#8217;ont accueilli ici il y a six ans, ils m&#8217;ont fait confiance quand j&#8217;\u00e9tais enfant et ils m&#8217;ont \u00e9norm\u00e9ment aid\u00e9\u00a0\u00bb, a-t-il d\u00e9clar\u00e9. <\/p>\n\n<figure class=\"wp-block-embed is-type-video is-provider-youtube wp-block-embed-youtube wp-embed-aspect-16-9 wp-has-aspect-ratio\"><div class=\"wp-block-embed__wrapper\">\n<iframe loading=\"lazy\" title=\"Dani Rinc\u00f3n se emociona al ganar el Rafa Nadal Open by Movistar\" width=\"500\" height=\"281\" src=\"https:\/\/www.youtube.com\/embed\/fsNePJmxMk8?feature=oembed\" frameborder=\"0\" allow=\"accelerometer; autoplay; clipboard-write; encrypted-media; gyroscope; picture-in-picture; web-share\" referrerpolicy=\"strict-origin-when-cross-origin\" allowfullscreen><\/iframe>\n<\/div><\/figure>\n\n<div style=\"height:29px\" aria-hidden=\"true\" class=\"wp-block-spacer\"><\/div>\n\n<p>Il a \u00e9galement rappel\u00e9 et valoris\u00e9 l&#8217;importance d&#8217;entretenir des amiti\u00e9s durables\u00a0: \u00ab\u00a0De nombreux amis sont d\u00e9j\u00e0 ici, sont venus me voir, et je suis ravi qu&#8217;ils puissent profiter d&#8217;une semaine aussi belle. Pouvoir profiter de leur compagnie et voir que nous maintenons notre amiti\u00e9 est tr\u00e8s agr\u00e9able\u00a0\u00bb, a-t-il conclu.<\/p>\n\n<p><strong>Votre \u00e9quipe, la cl\u00e9 du succ\u00e8s<\/strong><\/p>\n\n<p>Il convient \u00e9galement de souligner l&#8217;apport de ses coachs, qui l&#8217;ont accompagn\u00e9 tout au long de son d\u00e9veloppement\u00a0: \u00ab\u00a0David, Jorge, Gustavo et JC, je suis ravi de partager mon quotidien avec vous. Votre travail est incroyable. Nous allons continuer \u00e0 progresser jour apr\u00e8s jour.\u00a0\u00bb<\/p>\n\n<figure class=\"wp-block-embed is-type-video is-provider-youtube wp-block-embed-youtube wp-embed-aspect-16-9 wp-has-aspect-ratio\"><div class=\"wp-block-embed__wrapper\">\n<iframe loading=\"lazy\" title=\"Rafa Nadal presencia la final del Rafa Nadal Open by Movistar\" width=\"500\" height=\"281\" src=\"https:\/\/www.youtube.com\/embed\/yEA1qkXZKJI?feature=oembed\" frameborder=\"0\" allow=\"accelerometer; autoplay; clipboard-write; encrypted-media; gyroscope; picture-in-picture; web-share\" referrerpolicy=\"strict-origin-when-cross-origin\" allowfullscreen><\/iframe>\n<\/div><\/figure>\n\n<div style=\"height:30px\" aria-hidden=\"true\" class=\"wp-block-spacer\"><\/div>\n\n<p><br\/>Josep Riera, qu&#8217;il a d\u00e9crit comme \u00ab un p\u00e8re \u00bb dans sa carri\u00e8re, m\u00e9rite une mention sp\u00e9ciale\u00a0: \u00ab\u00a0Au d\u00e9but de la semaine, on aurait dit que rien ne se passerait, mais tu as dit qu&#8217;on pouvait \u00eatre champions, et voil\u00e0. Alors, merci beaucoup \u00e0 toi et \u00e0 ta famille de m&#8217;avoir trait\u00e9 comme l&#8217;un des tiens\u00a0\u00bb, a-t-il conclu, visiblement \u00e9mu.<\/p>\n\n<p><br\/>Sur un chemin aussi difficile pour progresser dans le monde du tennis, certaines victoires sont inspir\u00e9es par des personnes qui ont fait preuve de beaucoup de d\u00e9passement, d&#8217;efforts et de r\u00e9silience. Celle de Josep Salv\u00e0 en fait partie\u00a0: \u00ab\u00a0Tu n&#8217;abandonnes jamais. Tu as travers\u00e9 des ann\u00e9es tr\u00e8s difficiles, et je suis si heureux que tu sois l\u00e0 cette semaine. Ce titre est pour toi\u00a0\u00bb, a-t-il d\u00e9clar\u00e9 en larmes.<br\/>Il a \u00e9galement remerci\u00e9 In\u00e9s, sa compagne et principale supportrice en dehors du court : \u00ab C&#8217;est elle qui me soutient au quotidien, celle qui est l\u00e0 pour moi dans les pires moments. Je ne serais pas l\u00e0 sans elle. \u00bb<\/p>\n\n<p><br\/><strong>Le moteur du tournoi<\/strong><\/p>\n\n<p>Enfin, Dani a salu\u00e9 le soutien des <strong>supporters de Movistar \u00e0 l&#8217;Open Rafa Nadal<\/strong> , qui ont une fois de plus rempli les tribunes du court central pour porter le joueur local sur leurs \u00e9paules\u00a0: \u00ab\u00a0Je n&#8217;ai pas de mots pour d\u00e9crire ce que j&#8217;ai ressenti ici cette semaine. Il y a eu des matchs tr\u00e8s difficiles, et sans votre aide, il aurait \u00e9t\u00e9 impossible de soulever ce troph\u00e9e. Merci beaucoup du fond du c\u0153ur.\u00a0\u00bb<\/p>\n\n<div style=\"height:57px\" aria-hidden=\"true\" class=\"wp-block-spacer\"><\/div>\n\n<p><\/p>\n","protected":false},"excerpt":{"rendered":"<p>Le joueur form\u00e9 \u00e0 la Rafa Nadal Academy a v\u00e9cu l&#8217;une des nuits les plus \u00e9mouvantes de sa carri\u00e8re lorsqu&#8217;il a \u00e9t\u00e9 couronn\u00e9 champion du Rafa Nadal Open by Movistar 2025 et est devenu le premier joueur de tennis espagnol \u00e0 remporter le titre du tournoi ATP Challenger . Pour remporter le deuxi\u00e8me Challenger de<a href=\"https:\/\/www.rafanadalacademy.com\/fr\/academie-rafa-nadal-par-movistar\/le-discours-emouvant-de-dani-rincon-apres-sa-victoire-a-lopen-rafa-nadal-par-movistar\/\">Continue reading <span class=\"sr-only\">&#8220;Le discours \u00e9mouvant de Dani Rinc\u00f3n apr\u00e8s sa victoire \u00e0 l&#8217;Open Rafa Nadal par Movistar&#8221;<\/span><\/a><\/p>\n","protected":false},"author":23,"featured_media":31685,"comment_status":"closed","ping_status":"closed","sticky":false,"template":"","format":"standard","meta":{"_acf_changed":false,"footnotes":""},"categories":[206,158,149],"tags":[207,150],"class_list":["post-31711","post","type-post","status-publish","format-standard","has-post-thumbnail","hentry","category-academie-rafa-nadal-par-movistar","category-informations","category-rafa-nadal-open-fr","tag-academie-rafa-nadal-par-movistar","tag-rafa-nadal-open-fr"],"acf":[],"yoast_head":"<!-- This site is optimized with the Yoast SEO Premium plugin v26.8 (Yoast SEO v26.9) - https:\/\/yoast.com\/product\/yoast-seo-premium-wordpress\/ -->\n<title>Le discours \u00e9mouvant de Dani Rinc\u00f3n apr\u00e8s sa victoire \u00e0 l&#039;Open Rafa Nadal par Movistar - Rafa Nadal Academy<\/title>\n<meta name=\"description\" content=\"Dani Rinc\u00f3n, joueur form\u00e9 \u00e0 la Rafa Nadal Academy, a v\u00e9cu l&#039;une des nuits les plus \u00e9mouvantes de sa carri\u00e8re lorsqu&#039;il a \u00e9t\u00e9 couronn\u00e9 champion du Rafa Nadal Open 2025 by Movistar, devenant ainsi le premier joueur de tennis espagnol \u00e0 remporter le titre du tournoi ATP Challenger.\" \/>\n<meta name=\"robots\" content=\"index, follow, max-snippet:-1, max-image-preview:large, max-video-preview:-1\" \/>\n<link rel=\"canonical\" href=\"https:\/\/www.rafanadalacademy.com\/fr\/academie-rafa-nadal-par-movistar\/le-discours-emouvant-de-dani-rincon-apres-sa-victoire-a-lopen-rafa-nadal-par-movistar\/\" \/>\n<meta property=\"og:locale\" content=\"fr_FR\" \/>\n<meta property=\"og:type\" content=\"article\" \/>\n<meta property=\"og:title\" content=\"Le discours \u00e9mouvant de Dani Rinc\u00f3n apr\u00e8s sa victoire \u00e0 l&#039;Open Rafa Nadal par Movistar\" \/>\n<meta property=\"og:description\" content=\"Dani Rinc\u00f3n, joueur form\u00e9 \u00e0 la Rafa Nadal Academy, a v\u00e9cu l&#039;une des nuits les plus \u00e9mouvantes de sa carri\u00e8re lorsqu&#039;il a \u00e9t\u00e9 couronn\u00e9 champion du Rafa Nadal Open 2025 by Movistar, devenant ainsi le premier joueur de tennis espagnol \u00e0 remporter le titre du tournoi ATP Challenger.\" \/>\n<meta property=\"og:url\" content=\"https:\/\/www.rafanadalacademy.com\/fr\/academie-rafa-nadal-par-movistar\/le-discours-emouvant-de-dani-rincon-apres-sa-victoire-a-lopen-rafa-nadal-par-movistar\/\" \/>\n<meta property=\"og:site_name\" content=\"Rafa Nadal Academy\" \/>\n<meta property=\"article:published_time\" content=\"2025-09-04T09:46:09+00:00\" \/>\n<meta property=\"article:modified_time\" content=\"2025-09-04T09:55:36+00:00\" \/>\n<meta property=\"og:image\" content=\"https:\/\/www.rafanadalacademy.com\/wp-content\/uploads\/2025\/09\/Entrega-de-Premios_RNO-2025_2166-scaled-e1756979033936.jpg\" \/>\n\t<meta property=\"og:image:width\" content=\"2560\" \/>\n\t<meta property=\"og:image:height\" content=\"1707\" \/>\n\t<meta property=\"og:image:type\" content=\"image\/jpeg\" \/>\n<meta name=\"author\" content=\"joseluisprados\" \/>\n<meta name=\"twitter:card\" content=\"summary_large_image\" \/>\n<meta name=\"twitter:label1\" content=\"Written by\" \/>\n\t<meta name=\"twitter:data1\" content=\"joseluisprados\" \/>\n\t<meta name=\"twitter:label2\" content=\"Est. reading time\" \/>\n\t<meta name=\"twitter:data2\" content=\"3 minutes\" \/>\n<script type=\"application\/ld+json\" class=\"yoast-schema-graph\">{\"@context\":\"https:\/\/schema.org\",\"@graph\":[{\"@type\":\"Article\",\"@id\":\"https:\/\/www.rafanadalacademy.com\/fr\/academie-rafa-nadal-par-movistar\/le-discours-emouvant-de-dani-rincon-apres-sa-victoire-a-lopen-rafa-nadal-par-movistar\/#article\",\"isPartOf\":{\"@id\":\"https:\/\/www.rafanadalacademy.com\/fr\/academie-rafa-nadal-par-movistar\/le-discours-emouvant-de-dani-rincon-apres-sa-victoire-a-lopen-rafa-nadal-par-movistar\/\"},\"author\":{\"name\":\"joseluisprados\",\"@id\":\"https:\/\/www.rafanadalacademy.com\/fr\/#\/schema\/person\/744897d6ee269641fff954376180ef01\"},\"headline\":\"Le discours \u00e9mouvant de Dani Rinc\u00f3n apr\u00e8s sa victoire \u00e0 l&#8217;Open Rafa Nadal par Movistar\",\"datePublished\":\"2025-09-04T09:46:09+00:00\",\"dateModified\":\"2025-09-04T09:55:36+00:00\",\"mainEntityOfPage\":{\"@id\":\"https:\/\/www.rafanadalacademy.com\/fr\/academie-rafa-nadal-par-movistar\/le-discours-emouvant-de-dani-rincon-apres-sa-victoire-a-lopen-rafa-nadal-par-movistar\/\"},\"wordCount\":567,\"image\":{\"@id\":\"https:\/\/www.rafanadalacademy.com\/fr\/academie-rafa-nadal-par-movistar\/le-discours-emouvant-de-dani-rincon-apres-sa-victoire-a-lopen-rafa-nadal-par-movistar\/#primaryimage\"},\"thumbnailUrl\":\"https:\/\/www.rafanadalacademy.com\/wp-content\/uploads\/2025\/09\/Entrega-de-Premios_RNO-2025_2166-scaled-e1756979033936.jpg\",\"keywords\":[\"ACAD\u00c9MIE RAFA NADAL PAR MOVISTAR\",\"RAFA NADAL OPEN\"],\"articleSection\":[\"ACAD\u00c9MIE RAFA NADAL PAR MOVISTAR\",\"informations\",\"RAFA NADAL OPEN\"],\"inLanguage\":\"fr-FR\",\"copyrightYear\":\"2025\",\"copyrightHolder\":{\"@id\":\"https:\/\/www.rafanadalacademy.com\/#organization\"}},{\"@type\":\"WebPage\",\"@id\":\"https:\/\/www.rafanadalacademy.com\/fr\/academie-rafa-nadal-par-movistar\/le-discours-emouvant-de-dani-rincon-apres-sa-victoire-a-lopen-rafa-nadal-par-movistar\/\",\"url\":\"https:\/\/www.rafanadalacademy.com\/fr\/academie-rafa-nadal-par-movistar\/le-discours-emouvant-de-dani-rincon-apres-sa-victoire-a-lopen-rafa-nadal-par-movistar\/\",\"name\":\"Le discours \u00e9mouvant de Dani Rinc\u00f3n apr\u00e8s sa victoire \u00e0 l'Open Rafa Nadal par Movistar - Rafa Nadal Academy\",\"isPartOf\":{\"@id\":\"https:\/\/www.rafanadalacademy.com\/fr\/#website\"},\"primaryImageOfPage\":{\"@id\":\"https:\/\/www.rafanadalacademy.com\/fr\/academie-rafa-nadal-par-movistar\/le-discours-emouvant-de-dani-rincon-apres-sa-victoire-a-lopen-rafa-nadal-par-movistar\/#primaryimage\"},\"image\":{\"@id\":\"https:\/\/www.rafanadalacademy.com\/fr\/academie-rafa-nadal-par-movistar\/le-discours-emouvant-de-dani-rincon-apres-sa-victoire-a-lopen-rafa-nadal-par-movistar\/#primaryimage\"},\"thumbnailUrl\":\"https:\/\/www.rafanadalacademy.com\/wp-content\/uploads\/2025\/09\/Entrega-de-Premios_RNO-2025_2166-scaled-e1756979033936.jpg\",\"datePublished\":\"2025-09-04T09:46:09+00:00\",\"dateModified\":\"2025-09-04T09:55:36+00:00\",\"author\":{\"@id\":\"https:\/\/www.rafanadalacademy.com\/fr\/#\/schema\/person\/744897d6ee269641fff954376180ef01\"},\"description\":\"Dani Rinc\u00f3n, joueur form\u00e9 \u00e0 la Rafa Nadal Academy, a v\u00e9cu l'une des nuits les plus \u00e9mouvantes de sa carri\u00e8re lorsqu'il a \u00e9t\u00e9 couronn\u00e9 champion du Rafa Nadal Open 2025 by Movistar, devenant ainsi le premier joueur de tennis espagnol \u00e0 remporter le titre du tournoi ATP Challenger.\",\"breadcrumb\":{\"@id\":\"https:\/\/www.rafanadalacademy.com\/fr\/academie-rafa-nadal-par-movistar\/le-discours-emouvant-de-dani-rincon-apres-sa-victoire-a-lopen-rafa-nadal-par-movistar\/#breadcrumb\"},\"inLanguage\":\"fr-FR\",\"potentialAction\":[{\"@type\":\"ReadAction\",\"target\":[\"https:\/\/www.rafanadalacademy.com\/fr\/academie-rafa-nadal-par-movistar\/le-discours-emouvant-de-dani-rincon-apres-sa-victoire-a-lopen-rafa-nadal-par-movistar\/\"]}]},{\"@type\":\"ImageObject\",\"inLanguage\":\"fr-FR\",\"@id\":\"https:\/\/www.rafanadalacademy.com\/fr\/academie-rafa-nadal-par-movistar\/le-discours-emouvant-de-dani-rincon-apres-sa-victoire-a-lopen-rafa-nadal-par-movistar\/#primaryimage\",\"url\":\"https:\/\/www.rafanadalacademy.com\/wp-content\/uploads\/2025\/09\/Entrega-de-Premios_RNO-2025_2166-scaled-e1756979033936.jpg\",\"contentUrl\":\"https:\/\/www.rafanadalacademy.com\/wp-content\/uploads\/2025\/09\/Entrega-de-Premios_RNO-2025_2166-scaled-e1756979033936.jpg\",\"width\":2560,\"height\":1707,\"caption\":\"Dani Rinc\u00f3n posa con el trofeo de campe\u00f3n del Rafa Nadal Open by Movsitar 2025\"},{\"@type\":\"BreadcrumbList\",\"@id\":\"https:\/\/www.rafanadalacademy.com\/fr\/academie-rafa-nadal-par-movistar\/le-discours-emouvant-de-dani-rincon-apres-sa-victoire-a-lopen-rafa-nadal-par-movistar\/#breadcrumb\",\"itemListElement\":[{\"@type\":\"ListItem\",\"position\":1,\"name\":\"Home\",\"item\":\"https:\/\/www.rafanadalacademy.com\/fr\/\"},{\"@type\":\"ListItem\",\"position\":2,\"name\":\"Le discours \u00e9mouvant de Dani Rinc\u00f3n apr\u00e8s sa victoire \u00e0 l&#8217;Open Rafa Nadal par Movistar\"}]},{\"@type\":\"WebSite\",\"@id\":\"https:\/\/www.rafanadalacademy.com\/fr\/#website\",\"url\":\"https:\/\/www.rafanadalacademy.com\/fr\/\",\"name\":\"Rafa Nadal Academy\",\"description\":\"Otro sitio realizado con WordPress\",\"potentialAction\":[{\"@type\":\"SearchAction\",\"target\":{\"@type\":\"EntryPoint\",\"urlTemplate\":\"https:\/\/www.rafanadalacademy.com\/fr\/?s={search_term_string}\"},\"query-input\":{\"@type\":\"PropertyValueSpecification\",\"valueRequired\":true,\"valueName\":\"search_term_string\"}}],\"inLanguage\":\"fr-FR\"},{\"@type\":\"Person\",\"@id\":\"https:\/\/www.rafanadalacademy.com\/fr\/#\/schema\/person\/744897d6ee269641fff954376180ef01\",\"name\":\"joseluisprados\",\"image\":{\"@type\":\"ImageObject\",\"inLanguage\":\"fr-FR\",\"@id\":\"https:\/\/www.rafanadalacademy.com\/fr\/#\/schema\/person\/image\/\",\"url\":\"https:\/\/secure.gravatar.com\/avatar\/8aa823a6e5501864ffab4785d9e2a994b59c2d45c9f9751c5a532abfec081e5f?s=96&d=mm&r=g\",\"contentUrl\":\"https:\/\/secure.gravatar.com\/avatar\/8aa823a6e5501864ffab4785d9e2a994b59c2d45c9f9751c5a532abfec081e5f?s=96&d=mm&r=g\",\"caption\":\"joseluisprados\"},\"url\":\"https:\/\/www.rafanadalacademy.com\/fr\/author\/joseluisprados\/\"},{\"@type\":\"ImageObject\",\"inLanguage\":\"fr-FR\",\"@id\":\"https:\/\/www.rafanadalacademy.com\/fr\/academie-rafa-nadal-par-movistar\/le-discours-emouvant-de-dani-rincon-apres-sa-victoire-a-lopen-rafa-nadal-par-movistar\/#local-main-organization-logo\",\"url\":\"\",\"contentUrl\":\"\",\"caption\":\"Rafa Nadal Academy\"}]}<\/script>\n<!-- \/ Yoast SEO Premium plugin. -->","yoast_head_json":{"title":"Le discours \u00e9mouvant de Dani Rinc\u00f3n apr\u00e8s sa victoire \u00e0 l'Open Rafa Nadal par Movistar - Rafa Nadal Academy","description":"Dani Rinc\u00f3n, joueur form\u00e9 \u00e0 la Rafa Nadal Academy, a v\u00e9cu l'une des nuits les plus \u00e9mouvantes de sa carri\u00e8re lorsqu'il a \u00e9t\u00e9 couronn\u00e9 champion du Rafa Nadal Open 2025 by Movistar, devenant ainsi le premier joueur de tennis espagnol \u00e0 remporter le titre du tournoi ATP Challenger.","robots":{"index":"index","follow":"follow","max-snippet":"max-snippet:-1","max-image-preview":"max-image-preview:large","max-video-preview":"max-video-preview:-1"},"canonical":"https:\/\/www.rafanadalacademy.com\/fr\/academie-rafa-nadal-par-movistar\/le-discours-emouvant-de-dani-rincon-apres-sa-victoire-a-lopen-rafa-nadal-par-movistar\/","og_locale":"fr_FR","og_type":"article","og_title":"Le discours \u00e9mouvant de Dani Rinc\u00f3n apr\u00e8s sa victoire \u00e0 l'Open Rafa Nadal par Movistar","og_description":"Dani Rinc\u00f3n, joueur form\u00e9 \u00e0 la Rafa Nadal Academy, a v\u00e9cu l'une des nuits les plus \u00e9mouvantes de sa carri\u00e8re lorsqu'il a \u00e9t\u00e9 couronn\u00e9 champion du Rafa Nadal Open 2025 by Movistar, devenant ainsi le premier joueur de tennis espagnol \u00e0 remporter le titre du tournoi ATP Challenger.","og_url":"https:\/\/www.rafanadalacademy.com\/fr\/academie-rafa-nadal-par-movistar\/le-discours-emouvant-de-dani-rincon-apres-sa-victoire-a-lopen-rafa-nadal-par-movistar\/","og_site_name":"Rafa Nadal Academy","article_published_time":"2025-09-04T09:46:09+00:00","article_modified_time":"2025-09-04T09:55:36+00:00","og_image":[{"width":2560,"height":1707,"url":"https:\/\/www.rafanadalacademy.com\/wp-content\/uploads\/2025\/09\/Entrega-de-Premios_RNO-2025_2166-scaled-e1756979033936.jpg","type":"image\/jpeg"}],"author":"joseluisprados","twitter_card":"summary_large_image","twitter_misc":{"Written by":"joseluisprados","Est. reading time":"3 minutes"},"schema":{"@context":"https:\/\/schema.org","@graph":[{"@type":"Article","@id":"https:\/\/www.rafanadalacademy.com\/fr\/academie-rafa-nadal-par-movistar\/le-discours-emouvant-de-dani-rincon-apres-sa-victoire-a-lopen-rafa-nadal-par-movistar\/#article","isPartOf":{"@id":"https:\/\/www.rafanadalacademy.com\/fr\/academie-rafa-nadal-par-movistar\/le-discours-emouvant-de-dani-rincon-apres-sa-victoire-a-lopen-rafa-nadal-par-movistar\/"},"author":{"name":"joseluisprados","@id":"https:\/\/www.rafanadalacademy.com\/fr\/#\/schema\/person\/744897d6ee269641fff954376180ef01"},"headline":"Le discours \u00e9mouvant de Dani Rinc\u00f3n apr\u00e8s sa victoire \u00e0 l&#8217;Open Rafa Nadal par Movistar","datePublished":"2025-09-04T09:46:09+00:00","dateModified":"2025-09-04T09:55:36+00:00","mainEntityOfPage":{"@id":"https:\/\/www.rafanadalacademy.com\/fr\/academie-rafa-nadal-par-movistar\/le-discours-emouvant-de-dani-rincon-apres-sa-victoire-a-lopen-rafa-nadal-par-movistar\/"},"wordCount":567,"image":{"@id":"https:\/\/www.rafanadalacademy.com\/fr\/academie-rafa-nadal-par-movistar\/le-discours-emouvant-de-dani-rincon-apres-sa-victoire-a-lopen-rafa-nadal-par-movistar\/#primaryimage"},"thumbnailUrl":"https:\/\/www.rafanadalacademy.com\/wp-content\/uploads\/2025\/09\/Entrega-de-Premios_RNO-2025_2166-scaled-e1756979033936.jpg","keywords":["ACAD\u00c9MIE RAFA NADAL PAR MOVISTAR","RAFA NADAL OPEN"],"articleSection":["ACAD\u00c9MIE RAFA NADAL PAR MOVISTAR","informations","RAFA NADAL OPEN"],"inLanguage":"fr-FR","copyrightYear":"2025","copyrightHolder":{"@id":"https:\/\/www.rafanadalacademy.com\/#organization"}},{"@type":"WebPage","@id":"https:\/\/www.rafanadalacademy.com\/fr\/academie-rafa-nadal-par-movistar\/le-discours-emouvant-de-dani-rincon-apres-sa-victoire-a-lopen-rafa-nadal-par-movistar\/","url":"https:\/\/www.rafanadalacademy.com\/fr\/academie-rafa-nadal-par-movistar\/le-discours-emouvant-de-dani-rincon-apres-sa-victoire-a-lopen-rafa-nadal-par-movistar\/","name":"Le discours \u00e9mouvant de Dani Rinc\u00f3n apr\u00e8s sa victoire \u00e0 l'Open Rafa Nadal par Movistar - Rafa Nadal Academy","isPartOf":{"@id":"https:\/\/www.rafanadalacademy.com\/fr\/#website"},"primaryImageOfPage":{"@id":"https:\/\/www.rafanadalacademy.com\/fr\/academie-rafa-nadal-par-movistar\/le-discours-emouvant-de-dani-rincon-apres-sa-victoire-a-lopen-rafa-nadal-par-movistar\/#primaryimage"},"image":{"@id":"https:\/\/www.rafanadalacademy.com\/fr\/academie-rafa-nadal-par-movistar\/le-discours-emouvant-de-dani-rincon-apres-sa-victoire-a-lopen-rafa-nadal-par-movistar\/#primaryimage"},"thumbnailUrl":"https:\/\/www.rafanadalacademy.com\/wp-content\/uploads\/2025\/09\/Entrega-de-Premios_RNO-2025_2166-scaled-e1756979033936.jpg","datePublished":"2025-09-04T09:46:09+00:00","dateModified":"2025-09-04T09:55:36+00:00","author":{"@id":"https:\/\/www.rafanadalacademy.com\/fr\/#\/schema\/person\/744897d6ee269641fff954376180ef01"},"description":"Dani Rinc\u00f3n, joueur form\u00e9 \u00e0 la Rafa Nadal Academy, a v\u00e9cu l'une des nuits les plus \u00e9mouvantes de sa carri\u00e8re lorsqu'il a \u00e9t\u00e9 couronn\u00e9 champion du Rafa Nadal Open 2025 by Movistar, devenant ainsi le premier joueur de tennis espagnol \u00e0 remporter le titre du tournoi ATP Challenger.","breadcrumb":{"@id":"https:\/\/www.rafanadalacademy.com\/fr\/academie-rafa-nadal-par-movistar\/le-discours-emouvant-de-dani-rincon-apres-sa-victoire-a-lopen-rafa-nadal-par-movistar\/#breadcrumb"},"inLanguage":"fr-FR","potentialAction":[{"@type":"ReadAction","target":["https:\/\/www.rafanadalacademy.com\/fr\/academie-rafa-nadal-par-movistar\/le-discours-emouvant-de-dani-rincon-apres-sa-victoire-a-lopen-rafa-nadal-par-movistar\/"]}]},{"@type":"ImageObject","inLanguage":"fr-FR","@id":"https:\/\/www.rafanadalacademy.com\/fr\/academie-rafa-nadal-par-movistar\/le-discours-emouvant-de-dani-rincon-apres-sa-victoire-a-lopen-rafa-nadal-par-movistar\/#primaryimage","url":"https:\/\/www.rafanadalacademy.com\/wp-content\/uploads\/2025\/09\/Entrega-de-Premios_RNO-2025_2166-scaled-e1756979033936.jpg","contentUrl":"https:\/\/www.rafanadalacademy.com\/wp-content\/uploads\/2025\/09\/Entrega-de-Premios_RNO-2025_2166-scaled-e1756979033936.jpg","width":2560,"height":1707,"caption":"Dani Rinc\u00f3n posa con el trofeo de campe\u00f3n del Rafa Nadal Open by Movsitar 2025"},{"@type":"BreadcrumbList","@id":"https:\/\/www.rafanadalacademy.com\/fr\/academie-rafa-nadal-par-movistar\/le-discours-emouvant-de-dani-rincon-apres-sa-victoire-a-lopen-rafa-nadal-par-movistar\/#breadcrumb","itemListElement":[{"@type":"ListItem","position":1,"name":"Home","item":"https:\/\/www.rafanadalacademy.com\/fr\/"},{"@type":"ListItem","position":2,"name":"Le discours \u00e9mouvant de Dani Rinc\u00f3n apr\u00e8s sa victoire \u00e0 l&#8217;Open Rafa Nadal par Movistar"}]},{"@type":"WebSite","@id":"https:\/\/www.rafanadalacademy.com\/fr\/#website","url":"https:\/\/www.rafanadalacademy.com\/fr\/","name":"Rafa Nadal Academy","description":"Otro sitio realizado con WordPress","potentialAction":[{"@type":"SearchAction","target":{"@type":"EntryPoint","urlTemplate":"https:\/\/www.rafanadalacademy.com\/fr\/?s={search_term_string}"},"query-input":{"@type":"PropertyValueSpecification","valueRequired":true,"valueName":"search_term_string"}}],"inLanguage":"fr-FR"},{"@type":"Person","@id":"https:\/\/www.rafanadalacademy.com\/fr\/#\/schema\/person\/744897d6ee269641fff954376180ef01","name":"joseluisprados","image":{"@type":"ImageObject","inLanguage":"fr-FR","@id":"https:\/\/www.rafanadalacademy.com\/fr\/#\/schema\/person\/image\/","url":"https:\/\/secure.gravatar.com\/avatar\/8aa823a6e5501864ffab4785d9e2a994b59c2d45c9f9751c5a532abfec081e5f?s=96&d=mm&r=g","contentUrl":"https:\/\/secure.gravatar.com\/avatar\/8aa823a6e5501864ffab4785d9e2a994b59c2d45c9f9751c5a532abfec081e5f?s=96&d=mm&r=g","caption":"joseluisprados"},"url":"https:\/\/www.rafanadalacademy.com\/fr\/author\/joseluisprados\/"},{"@type":"ImageObject","inLanguage":"fr-FR","@id":"https:\/\/www.rafanadalacademy.com\/fr\/academie-rafa-nadal-par-movistar\/le-discours-emouvant-de-dani-rincon-apres-sa-victoire-a-lopen-rafa-nadal-par-movistar\/#local-main-organization-logo","url":"","contentUrl":"","caption":"Rafa Nadal Academy"}]}},"_links":{"self":[{"href":"https:\/\/www.rafanadalacademy.com\/fr\/wp-json\/wp\/v2\/posts\/31711","targetHints":{"allow":["GET"]}}],"collection":[{"href":"https:\/\/www.rafanadalacademy.com\/fr\/wp-json\/wp\/v2\/posts"}],"about":[{"href":"https:\/\/www.rafanadalacademy.com\/fr\/wp-json\/wp\/v2\/types\/post"}],"author":[{"embeddable":true,"href":"https:\/\/www.rafanadalacademy.com\/fr\/wp-json\/wp\/v2\/users\/23"}],"replies":[{"embeddable":true,"href":"https:\/\/www.rafanadalacademy.com\/fr\/wp-json\/wp\/v2\/comments?post=31711"}],"version-history":[{"count":1,"href":"https:\/\/www.rafanadalacademy.com\/fr\/wp-json\/wp\/v2\/posts\/31711\/revisions"}],"predecessor-version":[{"id":31712,"href":"https:\/\/www.rafanadalacademy.com\/fr\/wp-json\/wp\/v2\/posts\/31711\/revisions\/31712"}],"wp:featuredmedia":[{"embeddable":true,"href":"https:\/\/www.rafanadalacademy.com\/fr\/wp-json\/wp\/v2\/media\/31685"}],"wp:attachment":[{"href":"https:\/\/www.rafanadalacademy.com\/fr\/wp-json\/wp\/v2\/media?parent=31711"}],"wp:term":[{"taxonomy":"category","embeddable":true,"href":"https:\/\/www.rafanadalacademy.com\/fr\/wp-json\/wp\/v2\/categories?post=31711"},{"taxonomy":"post_tag","embeddable":true,"href":"https:\/\/www.rafanadalacademy.com\/fr\/wp-json\/wp\/v2\/tags?post=31711"}],"curies":[{"name":"wp","href":"https:\/\/api.w.org\/{rel}","templated":true}]}}