{"id":31038,"date":"2025-08-25T08:39:07","date_gmt":"2025-08-25T08:39:07","guid":{"rendered":"https:\/\/www.rafanadalacademy.com\/non-classifiee\/eva-longoria-visite-la-rafa-nadal-academy-by-movistar\/"},"modified":"2025-08-26T08:07:58","modified_gmt":"2025-08-26T08:07:58","slug":"eva-longoria-visite-la-rafa-nadal-academy-by-movistar","status":"publish","type":"post","link":"https:\/\/www.rafanadalacademy.com\/fr\/informations\/eva-longoria-visite-la-rafa-nadal-academy-by-movistar\/","title":{"rendered":"Eva Longoria visite la Rafa Nadal Academy"},"content":{"rendered":"\n<p>Lors de son s\u00e9jour \u00e0 Majorque, l&#8217;actrice, productrice et r\u00e9alisatrice <strong>Eva Longoria<\/strong> a visit\u00e9 <a href=\"https:\/\/www.rafanadalacademy.com\/fr\/installations\/\">les installations de la Rafa Nadal Academy,<\/a> o\u00f9 elle a \u00e9galement eu l&#8217;occasion de jouer au padel.<\/p>\n\n<figure class=\"wp-block-image size-full\"><img decoding=\"async\" src=\"https:\/\/www.rafanadalacademy.com\/wp-content\/uploads\/2025\/08\/RNA_230825_Eva-Longoria-y-Maribel_001-scaled-e1756109974710.jpg\" alt=\"Eva Longoria et Maribel Nadal lors de la visite de l'actrice &#xE0; la Rafa Nadal Academy\" class=\"wp-image-30968\"\/><figcaption class=\"wp-element-caption\">Eva Longoria et Maribel Nadal lors de la visite de l&#8217;actrice \u00e0 la Rafa Nadal Academy<\/figcaption><\/figure>\n\n<div style=\"height:57px\" aria-hidden=\"true\" class=\"wp-block-spacer\"><\/div>\n\n<p>Son h\u00f4te \u00e9tait <strong>Maribel Nadal<\/strong> , directrice g\u00e9n\u00e9rale adjointe de l&#8217;acad\u00e9mie, qu&#8217;Eva conna\u00eet gr\u00e2ce \u00e0 ses matchs \u00e0 la <strong>Coupe Hexagone<\/strong> , un tournoi de padel par \u00e9quipes organis\u00e9 chaque ann\u00e9e \u00e0 Madrid.  <\/p>\n\n<p>Eva Longoria est la propri\u00e9taire de l&#8217;\u00e9quipe Eleven Eleven, tandis que Maribel est le visage de l&#8217;\u00e9quipe Rafa Nadal Academy, qui a termin\u00e9 deuxi\u00e8me lors de la derni\u00e8re \u00e9dition.<\/p>\n\n<div style=\"height:57px\" aria-hidden=\"true\" class=\"wp-block-spacer\"><\/div>\n\n<figure class=\"wp-block-embed is-type-video is-provider-youtube wp-block-embed-youtube wp-embed-aspect-16-9 wp-has-aspect-ratio\"><div class=\"wp-block-embed__wrapper\">\n<iframe loading=\"lazy\" title=\"Eva Longoria visita la Rafa Nadal Academy\" width=\"500\" height=\"281\" src=\"https:\/\/www.youtube.com\/embed\/zkJ3wgkXI0c?feature=oembed\" frameborder=\"0\" allow=\"accelerometer; autoplay; clipboard-write; encrypted-media; gyroscope; picture-in-picture; web-share\" referrerpolicy=\"strict-origin-when-cross-origin\" allowfullscreen><\/iframe>\n<\/div><\/figure>\n\n<div style=\"height:57px\" aria-hidden=\"true\" class=\"wp-block-spacer\"><\/div>\n\n<p>Reconnue pour son prestige international dans la formation des jeunes joueurs de tennis depuis son ouverture en 2016, la Rafa Nadal Academy a \u00e9galement fortement mis\u00e9 sur le padel, un engagement renforc\u00e9 par l&#8217;agrandissement de ses installations. Depuis ao\u00fbt, la Rafa Nadal Academy dispose <strong><a href=\"https:\/\/www.rafanadalacademy.com\/fr\/installations\/installations-sportives\/\">de trois nouveaux courts int\u00e9rieurs<\/a><\/strong> dans un pavillon situ\u00e9 au c\u0153ur du campus de haut niveau de Manacor. <\/p>\n\n<div style=\"height:57px\" aria-hidden=\"true\" class=\"wp-block-spacer\"><\/div>\n\n<figure class=\"wp-block-embed is-type-video is-provider-youtube wp-block-embed-youtube wp-embed-aspect-16-9 wp-has-aspect-ratio\"><div class=\"wp-block-embed__wrapper\">\n<iframe loading=\"lazy\" title=\"La Rafa Nadal Academy inaugura 3 nuevas pistas de p\u00e1del indoor\" width=\"500\" height=\"281\" src=\"https:\/\/www.youtube.com\/embed\/kRnXNBSOqRw?feature=oembed\" frameborder=\"0\" allow=\"accelerometer; autoplay; clipboard-write; encrypted-media; gyroscope; picture-in-picture; web-share\" referrerpolicy=\"strict-origin-when-cross-origin\" allowfullscreen><\/iframe>\n<\/div><\/figure>\n","protected":false},"excerpt":{"rendered":"<p>Lors de son s\u00e9jour \u00e0 Majorque, l&#8217;actrice, productrice et r\u00e9alisatrice Eva Longoria a visit\u00e9 les installations de la Rafa Nadal Academy, o\u00f9 elle a \u00e9galement eu l&#8217;occasion de jouer au padel. Son h\u00f4te \u00e9tait Maribel Nadal , directrice g\u00e9n\u00e9rale adjointe de l&#8217;acad\u00e9mie, qu&#8217;Eva conna\u00eet gr\u00e2ce \u00e0 ses matchs \u00e0 la Coupe Hexagone , un tournoi<a href=\"https:\/\/www.rafanadalacademy.com\/fr\/informations\/eva-longoria-visite-la-rafa-nadal-academy-by-movistar\/\">Continue reading <span class=\"sr-only\">&#8220;Eva Longoria visite la Rafa Nadal Academy&#8221;<\/span><\/a><\/p>\n","protected":false},"author":23,"featured_media":31016,"comment_status":"closed","ping_status":"closed","sticky":false,"template":"","format":"standard","meta":{"_acf_changed":false,"footnotes":""},"categories":[206,158],"tags":[207,166],"class_list":["post-31038","post","type-post","status-publish","format-standard","has-post-thumbnail","hentry","category-academie-rafa-nadal-par-movistar","category-informations","tag-academie-rafa-nadal-par-movistar","tag-tournee-de-padel-de-lacademie-rafa-nadal"],"acf":[],"yoast_head":"<!-- This site is optimized with the Yoast SEO Premium plugin v26.8 (Yoast SEO v26.9) - https:\/\/yoast.com\/product\/yoast-seo-premium-wordpress\/ -->\n<title>Eva Longoria visite la Rafa Nadal Academy - Rafa Nadal Academy<\/title>\n<meta name=\"description\" content=\"L&#039;actrice Eva Longoria a visit\u00e9 les installations de la Rafa Nadal Academy, o\u00f9 elle a \u00e9galement eu l&#039;occasion de jouer au padel.\" \/>\n<meta name=\"robots\" content=\"index, follow, max-snippet:-1, max-image-preview:large, max-video-preview:-1\" \/>\n<link rel=\"canonical\" href=\"https:\/\/www.rafanadalacademy.com\/fr\/informations\/eva-longoria-visite-la-rafa-nadal-academy-by-movistar\/\" \/>\n<meta property=\"og:locale\" content=\"fr_FR\" \/>\n<meta property=\"og:type\" content=\"article\" \/>\n<meta property=\"og:title\" content=\"Eva Longoria visite la Rafa Nadal Academy\" \/>\n<meta property=\"og:description\" content=\"L&#039;actrice Eva Longoria a visit\u00e9 les installations de la Rafa Nadal Academy, o\u00f9 elle a \u00e9galement eu l&#039;occasion de jouer au padel.\" \/>\n<meta property=\"og:url\" content=\"https:\/\/www.rafanadalacademy.com\/fr\/informations\/eva-longoria-visite-la-rafa-nadal-academy-by-movistar\/\" \/>\n<meta property=\"og:site_name\" content=\"Rafa Nadal Academy\" \/>\n<meta property=\"article:published_time\" content=\"2025-08-25T08:39:07+00:00\" \/>\n<meta property=\"article:modified_time\" content=\"2025-08-26T08:07:58+00:00\" \/>\n<meta property=\"og:image\" content=\"https:\/\/www.rafanadalacademy.com\/wp-content\/uploads\/2025\/08\/RNA_230825_Visita-Eva-Longoria-Padel_014-scaled.jpg\" \/>\n\t<meta property=\"og:image:width\" content=\"2560\" \/>\n\t<meta property=\"og:image:height\" content=\"1684\" \/>\n\t<meta property=\"og:image:type\" content=\"image\/jpeg\" \/>\n<meta name=\"author\" content=\"joseluisprados\" \/>\n<meta name=\"twitter:card\" content=\"summary_large_image\" \/>\n<meta name=\"twitter:label1\" content=\"Written by\" \/>\n\t<meta name=\"twitter:data1\" content=\"joseluisprados\" \/>\n\t<meta name=\"twitter:label2\" content=\"Est. reading time\" \/>\n\t<meta name=\"twitter:data2\" content=\"1 minute\" \/>\n<script type=\"application\/ld+json\" class=\"yoast-schema-graph\">{\"@context\":\"https:\/\/schema.org\",\"@graph\":[{\"@type\":\"Article\",\"@id\":\"https:\/\/www.rafanadalacademy.com\/fr\/informations\/eva-longoria-visite-la-rafa-nadal-academy-by-movistar\/#article\",\"isPartOf\":{\"@id\":\"https:\/\/www.rafanadalacademy.com\/fr\/informations\/eva-longoria-visite-la-rafa-nadal-academy-by-movistar\/\"},\"author\":{\"name\":\"joseluisprados\",\"@id\":\"https:\/\/www.rafanadalacademy.com\/fr\/#\/schema\/person\/744897d6ee269641fff954376180ef01\"},\"headline\":\"Eva Longoria visite la Rafa Nadal Academy\",\"datePublished\":\"2025-08-25T08:39:07+00:00\",\"dateModified\":\"2025-08-26T08:07:58+00:00\",\"mainEntityOfPage\":{\"@id\":\"https:\/\/www.rafanadalacademy.com\/fr\/informations\/eva-longoria-visite-la-rafa-nadal-academy-by-movistar\/\"},\"wordCount\":209,\"image\":{\"@id\":\"https:\/\/www.rafanadalacademy.com\/fr\/informations\/eva-longoria-visite-la-rafa-nadal-academy-by-movistar\/#primaryimage\"},\"thumbnailUrl\":\"https:\/\/www.rafanadalacademy.com\/wp-content\/uploads\/2025\/08\/RNA_230825_Visita-Eva-Longoria-Padel_014-scaled.jpg\",\"keywords\":[\"ACAD\u00c9MIE RAFA NADAL PAR MOVISTAR\",\"TOURN\u00c9E DE PADEL DE L'ACAD\u00c9MIE RAFA NADAL\"],\"articleSection\":[\"ACAD\u00c9MIE RAFA NADAL PAR MOVISTAR\",\"informations\"],\"inLanguage\":\"fr-FR\",\"copyrightYear\":\"2025\",\"copyrightHolder\":{\"@id\":\"https:\/\/www.rafanadalacademy.com\/#organization\"}},{\"@type\":\"WebPage\",\"@id\":\"https:\/\/www.rafanadalacademy.com\/fr\/informations\/eva-longoria-visite-la-rafa-nadal-academy-by-movistar\/\",\"url\":\"https:\/\/www.rafanadalacademy.com\/fr\/informations\/eva-longoria-visite-la-rafa-nadal-academy-by-movistar\/\",\"name\":\"Eva Longoria visite la Rafa Nadal Academy - Rafa Nadal Academy\",\"isPartOf\":{\"@id\":\"https:\/\/www.rafanadalacademy.com\/fr\/#website\"},\"primaryImageOfPage\":{\"@id\":\"https:\/\/www.rafanadalacademy.com\/fr\/informations\/eva-longoria-visite-la-rafa-nadal-academy-by-movistar\/#primaryimage\"},\"image\":{\"@id\":\"https:\/\/www.rafanadalacademy.com\/fr\/informations\/eva-longoria-visite-la-rafa-nadal-academy-by-movistar\/#primaryimage\"},\"thumbnailUrl\":\"https:\/\/www.rafanadalacademy.com\/wp-content\/uploads\/2025\/08\/RNA_230825_Visita-Eva-Longoria-Padel_014-scaled.jpg\",\"datePublished\":\"2025-08-25T08:39:07+00:00\",\"dateModified\":\"2025-08-26T08:07:58+00:00\",\"author\":{\"@id\":\"https:\/\/www.rafanadalacademy.com\/fr\/#\/schema\/person\/744897d6ee269641fff954376180ef01\"},\"description\":\"L'actrice Eva Longoria a visit\u00e9 les installations de la Rafa Nadal Academy, o\u00f9 elle a \u00e9galement eu l'occasion de jouer au padel.\",\"breadcrumb\":{\"@id\":\"https:\/\/www.rafanadalacademy.com\/fr\/informations\/eva-longoria-visite-la-rafa-nadal-academy-by-movistar\/#breadcrumb\"},\"inLanguage\":\"fr-FR\",\"potentialAction\":[{\"@type\":\"ReadAction\",\"target\":[\"https:\/\/www.rafanadalacademy.com\/fr\/informations\/eva-longoria-visite-la-rafa-nadal-academy-by-movistar\/\"]}]},{\"@type\":\"ImageObject\",\"inLanguage\":\"fr-FR\",\"@id\":\"https:\/\/www.rafanadalacademy.com\/fr\/informations\/eva-longoria-visite-la-rafa-nadal-academy-by-movistar\/#primaryimage\",\"url\":\"https:\/\/www.rafanadalacademy.com\/wp-content\/uploads\/2025\/08\/RNA_230825_Visita-Eva-Longoria-Padel_014-scaled.jpg\",\"contentUrl\":\"https:\/\/www.rafanadalacademy.com\/wp-content\/uploads\/2025\/08\/RNA_230825_Visita-Eva-Longoria-Padel_014-scaled.jpg\",\"width\":2560,\"height\":1684,\"caption\":\"Eva Longoria, jugando al p\u00e1del, durante la visita de la actriz a la Rafa Nadal Academy\"},{\"@type\":\"BreadcrumbList\",\"@id\":\"https:\/\/www.rafanadalacademy.com\/fr\/informations\/eva-longoria-visite-la-rafa-nadal-academy-by-movistar\/#breadcrumb\",\"itemListElement\":[{\"@type\":\"ListItem\",\"position\":1,\"name\":\"Home\",\"item\":\"https:\/\/www.rafanadalacademy.com\/fr\/\"},{\"@type\":\"ListItem\",\"position\":2,\"name\":\"Eva Longoria visite la Rafa Nadal Academy\"}]},{\"@type\":\"WebSite\",\"@id\":\"https:\/\/www.rafanadalacademy.com\/fr\/#website\",\"url\":\"https:\/\/www.rafanadalacademy.com\/fr\/\",\"name\":\"Rafa Nadal Academy\",\"description\":\"Otro sitio realizado con WordPress\",\"potentialAction\":[{\"@type\":\"SearchAction\",\"target\":{\"@type\":\"EntryPoint\",\"urlTemplate\":\"https:\/\/www.rafanadalacademy.com\/fr\/?s={search_term_string}\"},\"query-input\":{\"@type\":\"PropertyValueSpecification\",\"valueRequired\":true,\"valueName\":\"search_term_string\"}}],\"inLanguage\":\"fr-FR\"},{\"@type\":\"Person\",\"@id\":\"https:\/\/www.rafanadalacademy.com\/fr\/#\/schema\/person\/744897d6ee269641fff954376180ef01\",\"name\":\"joseluisprados\",\"image\":{\"@type\":\"ImageObject\",\"inLanguage\":\"fr-FR\",\"@id\":\"https:\/\/www.rafanadalacademy.com\/fr\/#\/schema\/person\/image\/\",\"url\":\"https:\/\/secure.gravatar.com\/avatar\/8aa823a6e5501864ffab4785d9e2a994b59c2d45c9f9751c5a532abfec081e5f?s=96&d=mm&r=g\",\"contentUrl\":\"https:\/\/secure.gravatar.com\/avatar\/8aa823a6e5501864ffab4785d9e2a994b59c2d45c9f9751c5a532abfec081e5f?s=96&d=mm&r=g\",\"caption\":\"joseluisprados\"},\"url\":\"https:\/\/www.rafanadalacademy.com\/fr\/author\/joseluisprados\/\"},{\"@type\":\"ImageObject\",\"inLanguage\":\"fr-FR\",\"@id\":\"https:\/\/www.rafanadalacademy.com\/fr\/informations\/eva-longoria-visite-la-rafa-nadal-academy-by-movistar\/#local-main-organization-logo\",\"url\":\"\",\"contentUrl\":\"\",\"caption\":\"Rafa Nadal Academy\"}]}<\/script>\n<!-- \/ Yoast SEO Premium plugin. -->","yoast_head_json":{"title":"Eva Longoria visite la Rafa Nadal Academy - Rafa Nadal Academy","description":"L'actrice Eva Longoria a visit\u00e9 les installations de la Rafa Nadal Academy, o\u00f9 elle a \u00e9galement eu l'occasion de jouer au padel.","robots":{"index":"index","follow":"follow","max-snippet":"max-snippet:-1","max-image-preview":"max-image-preview:large","max-video-preview":"max-video-preview:-1"},"canonical":"https:\/\/www.rafanadalacademy.com\/fr\/informations\/eva-longoria-visite-la-rafa-nadal-academy-by-movistar\/","og_locale":"fr_FR","og_type":"article","og_title":"Eva Longoria visite la Rafa Nadal Academy","og_description":"L'actrice Eva Longoria a visit\u00e9 les installations de la Rafa Nadal Academy, o\u00f9 elle a \u00e9galement eu l'occasion de jouer au padel.","og_url":"https:\/\/www.rafanadalacademy.com\/fr\/informations\/eva-longoria-visite-la-rafa-nadal-academy-by-movistar\/","og_site_name":"Rafa Nadal Academy","article_published_time":"2025-08-25T08:39:07+00:00","article_modified_time":"2025-08-26T08:07:58+00:00","og_image":[{"width":2560,"height":1684,"url":"https:\/\/www.rafanadalacademy.com\/wp-content\/uploads\/2025\/08\/RNA_230825_Visita-Eva-Longoria-Padel_014-scaled.jpg","type":"image\/jpeg"}],"author":"joseluisprados","twitter_card":"summary_large_image","twitter_misc":{"Written by":"joseluisprados","Est. reading time":"1 minute"},"schema":{"@context":"https:\/\/schema.org","@graph":[{"@type":"Article","@id":"https:\/\/www.rafanadalacademy.com\/fr\/informations\/eva-longoria-visite-la-rafa-nadal-academy-by-movistar\/#article","isPartOf":{"@id":"https:\/\/www.rafanadalacademy.com\/fr\/informations\/eva-longoria-visite-la-rafa-nadal-academy-by-movistar\/"},"author":{"name":"joseluisprados","@id":"https:\/\/www.rafanadalacademy.com\/fr\/#\/schema\/person\/744897d6ee269641fff954376180ef01"},"headline":"Eva Longoria visite la Rafa Nadal Academy","datePublished":"2025-08-25T08:39:07+00:00","dateModified":"2025-08-26T08:07:58+00:00","mainEntityOfPage":{"@id":"https:\/\/www.rafanadalacademy.com\/fr\/informations\/eva-longoria-visite-la-rafa-nadal-academy-by-movistar\/"},"wordCount":209,"image":{"@id":"https:\/\/www.rafanadalacademy.com\/fr\/informations\/eva-longoria-visite-la-rafa-nadal-academy-by-movistar\/#primaryimage"},"thumbnailUrl":"https:\/\/www.rafanadalacademy.com\/wp-content\/uploads\/2025\/08\/RNA_230825_Visita-Eva-Longoria-Padel_014-scaled.jpg","keywords":["ACAD\u00c9MIE RAFA NADAL PAR MOVISTAR","TOURN\u00c9E DE PADEL DE L'ACAD\u00c9MIE RAFA NADAL"],"articleSection":["ACAD\u00c9MIE RAFA NADAL PAR MOVISTAR","informations"],"inLanguage":"fr-FR","copyrightYear":"2025","copyrightHolder":{"@id":"https:\/\/www.rafanadalacademy.com\/#organization"}},{"@type":"WebPage","@id":"https:\/\/www.rafanadalacademy.com\/fr\/informations\/eva-longoria-visite-la-rafa-nadal-academy-by-movistar\/","url":"https:\/\/www.rafanadalacademy.com\/fr\/informations\/eva-longoria-visite-la-rafa-nadal-academy-by-movistar\/","name":"Eva Longoria visite la Rafa Nadal Academy - Rafa Nadal Academy","isPartOf":{"@id":"https:\/\/www.rafanadalacademy.com\/fr\/#website"},"primaryImageOfPage":{"@id":"https:\/\/www.rafanadalacademy.com\/fr\/informations\/eva-longoria-visite-la-rafa-nadal-academy-by-movistar\/#primaryimage"},"image":{"@id":"https:\/\/www.rafanadalacademy.com\/fr\/informations\/eva-longoria-visite-la-rafa-nadal-academy-by-movistar\/#primaryimage"},"thumbnailUrl":"https:\/\/www.rafanadalacademy.com\/wp-content\/uploads\/2025\/08\/RNA_230825_Visita-Eva-Longoria-Padel_014-scaled.jpg","datePublished":"2025-08-25T08:39:07+00:00","dateModified":"2025-08-26T08:07:58+00:00","author":{"@id":"https:\/\/www.rafanadalacademy.com\/fr\/#\/schema\/person\/744897d6ee269641fff954376180ef01"},"description":"L'actrice Eva Longoria a visit\u00e9 les installations de la Rafa Nadal Academy, o\u00f9 elle a \u00e9galement eu l'occasion de jouer au padel.","breadcrumb":{"@id":"https:\/\/www.rafanadalacademy.com\/fr\/informations\/eva-longoria-visite-la-rafa-nadal-academy-by-movistar\/#breadcrumb"},"inLanguage":"fr-FR","potentialAction":[{"@type":"ReadAction","target":["https:\/\/www.rafanadalacademy.com\/fr\/informations\/eva-longoria-visite-la-rafa-nadal-academy-by-movistar\/"]}]},{"@type":"ImageObject","inLanguage":"fr-FR","@id":"https:\/\/www.rafanadalacademy.com\/fr\/informations\/eva-longoria-visite-la-rafa-nadal-academy-by-movistar\/#primaryimage","url":"https:\/\/www.rafanadalacademy.com\/wp-content\/uploads\/2025\/08\/RNA_230825_Visita-Eva-Longoria-Padel_014-scaled.jpg","contentUrl":"https:\/\/www.rafanadalacademy.com\/wp-content\/uploads\/2025\/08\/RNA_230825_Visita-Eva-Longoria-Padel_014-scaled.jpg","width":2560,"height":1684,"caption":"Eva Longoria, jugando al p\u00e1del, durante la visita de la actriz a la Rafa Nadal Academy"},{"@type":"BreadcrumbList","@id":"https:\/\/www.rafanadalacademy.com\/fr\/informations\/eva-longoria-visite-la-rafa-nadal-academy-by-movistar\/#breadcrumb","itemListElement":[{"@type":"ListItem","position":1,"name":"Home","item":"https:\/\/www.rafanadalacademy.com\/fr\/"},{"@type":"ListItem","position":2,"name":"Eva Longoria visite la Rafa Nadal Academy"}]},{"@type":"WebSite","@id":"https:\/\/www.rafanadalacademy.com\/fr\/#website","url":"https:\/\/www.rafanadalacademy.com\/fr\/","name":"Rafa Nadal Academy","description":"Otro sitio realizado con WordPress","potentialAction":[{"@type":"SearchAction","target":{"@type":"EntryPoint","urlTemplate":"https:\/\/www.rafanadalacademy.com\/fr\/?s={search_term_string}"},"query-input":{"@type":"PropertyValueSpecification","valueRequired":true,"valueName":"search_term_string"}}],"inLanguage":"fr-FR"},{"@type":"Person","@id":"https:\/\/www.rafanadalacademy.com\/fr\/#\/schema\/person\/744897d6ee269641fff954376180ef01","name":"joseluisprados","image":{"@type":"ImageObject","inLanguage":"fr-FR","@id":"https:\/\/www.rafanadalacademy.com\/fr\/#\/schema\/person\/image\/","url":"https:\/\/secure.gravatar.com\/avatar\/8aa823a6e5501864ffab4785d9e2a994b59c2d45c9f9751c5a532abfec081e5f?s=96&d=mm&r=g","contentUrl":"https:\/\/secure.gravatar.com\/avatar\/8aa823a6e5501864ffab4785d9e2a994b59c2d45c9f9751c5a532abfec081e5f?s=96&d=mm&r=g","caption":"joseluisprados"},"url":"https:\/\/www.rafanadalacademy.com\/fr\/author\/joseluisprados\/"},{"@type":"ImageObject","inLanguage":"fr-FR","@id":"https:\/\/www.rafanadalacademy.com\/fr\/informations\/eva-longoria-visite-la-rafa-nadal-academy-by-movistar\/#local-main-organization-logo","url":"","contentUrl":"","caption":"Rafa Nadal Academy"}]}},"_links":{"self":[{"href":"https:\/\/www.rafanadalacademy.com\/fr\/wp-json\/wp\/v2\/posts\/31038","targetHints":{"allow":["GET"]}}],"collection":[{"href":"https:\/\/www.rafanadalacademy.com\/fr\/wp-json\/wp\/v2\/posts"}],"about":[{"href":"https:\/\/www.rafanadalacademy.com\/fr\/wp-json\/wp\/v2\/types\/post"}],"author":[{"embeddable":true,"href":"https:\/\/www.rafanadalacademy.com\/fr\/wp-json\/wp\/v2\/users\/23"}],"replies":[{"embeddable":true,"href":"https:\/\/www.rafanadalacademy.com\/fr\/wp-json\/wp\/v2\/comments?post=31038"}],"version-history":[{"count":1,"href":"https:\/\/www.rafanadalacademy.com\/fr\/wp-json\/wp\/v2\/posts\/31038\/revisions"}],"predecessor-version":[{"id":31039,"href":"https:\/\/www.rafanadalacademy.com\/fr\/wp-json\/wp\/v2\/posts\/31038\/revisions\/31039"}],"wp:featuredmedia":[{"embeddable":true,"href":"https:\/\/www.rafanadalacademy.com\/fr\/wp-json\/wp\/v2\/media\/31016"}],"wp:attachment":[{"href":"https:\/\/www.rafanadalacademy.com\/fr\/wp-json\/wp\/v2\/media?parent=31038"}],"wp:term":[{"taxonomy":"category","embeddable":true,"href":"https:\/\/www.rafanadalacademy.com\/fr\/wp-json\/wp\/v2\/categories?post=31038"},{"taxonomy":"post_tag","embeddable":true,"href":"https:\/\/www.rafanadalacademy.com\/fr\/wp-json\/wp\/v2\/tags?post=31038"}],"curies":[{"name":"wp","href":"https:\/\/api.w.org\/{rel}","templated":true}]}}