{"id":38708,"date":"2026-01-26T14:16:27","date_gmt":"2026-01-26T14:16:27","guid":{"rendered":"https:\/\/www.rafanadalacademy.com\/?p=38708"},"modified":"2026-01-26T14:16:27","modified_gmt":"2026-01-26T14:16:27","slug":"fip-bronze-mallorca-tournament-a-great-success-at-the-rafa-nadal-academy","status":"publish","type":"post","link":"https:\/\/www.rafanadalacademy.com\/en\/news\/fip-bronze-mallorca-tournament-a-great-success-at-the-rafa-nadal-academy\/","title":{"rendered":"FIP Bronze Mallorca tournament a great success at the Rafa Nadal Academy"},"content":{"rendered":"\n<p>The Rafa Nadal Academy hosted the first professional padel tournament of the FIP Tour in its history with the celebration of the FIP Bronze Mallorca 2026 at its facilities, an event that offered a great sporting spectacle for a week and that will be especially marked by Ramiro Moyano&#8217;s farewell to professional padel.<\/p>\n\n<figure class=\"wp-block-image size-large\"><img loading=\"lazy\" decoding=\"async\" width=\"1024\" height=\"819\" src=\"https:\/\/www.rafanadalacademy.com\/wp-content\/uploads\/2026\/01\/RNA_25012026_FIP-Finales_063-1024x819.jpg\" alt=\"\" class=\"wp-image-38671\" srcset=\"https:\/\/www.rafanadalacademy.com\/wp-content\/uploads\/2026\/01\/RNA_25012026_FIP-Finales_063-1024x819.jpg 1024w, https:\/\/www.rafanadalacademy.com\/wp-content\/uploads\/2026\/01\/RNA_25012026_FIP-Finales_063-300x240.jpg 300w, https:\/\/www.rafanadalacademy.com\/wp-content\/uploads\/2026\/01\/RNA_25012026_FIP-Finales_063-768x614.jpg 768w, https:\/\/www.rafanadalacademy.com\/wp-content\/uploads\/2026\/01\/RNA_25012026_FIP-Finales_063-1536x1229.jpg 1536w, https:\/\/www.rafanadalacademy.com\/wp-content\/uploads\/2026\/01\/RNA_25012026_FIP-Finales_063-2048x1638.jpg 2048w\" sizes=\"auto, (max-width: 1024px) 100vw, 1024px\" \/><\/figure>\n\n<div style=\"height:30px\" aria-hidden=\"true\" class=\"wp-block-spacer\"><\/div>\n\n<p>The Argentinian player brought his career in the elite to an end by competing in his last official match alongside his son, Juan Pedro &#8216;Juanpe&#8217; Moyano, in an emotional farewell that focused the attention of the tournament. After the match, Moyano received a tribute from the Rafa Nadal Academy, which he joins as a coach of professional padel players. Maribel Nadal, deputy general manager of the Rafa Nadal Academy, presented him with a plaque in recognition of his brilliant sporting career.  <\/p>\n\n<figure class=\"wp-block-image size-large\"><img loading=\"lazy\" decoding=\"async\" width=\"819\" height=\"1024\" src=\"https:\/\/www.rafanadalacademy.com\/wp-content\/uploads\/2026\/01\/RNA_23012026_Rami-despedida_003-819x1024.jpg\" alt=\"\" class=\"wp-image-38562\" srcset=\"https:\/\/www.rafanadalacademy.com\/wp-content\/uploads\/2026\/01\/RNA_23012026_Rami-despedida_003-819x1024.jpg 819w, https:\/\/www.rafanadalacademy.com\/wp-content\/uploads\/2026\/01\/RNA_23012026_Rami-despedida_003-240x300.jpg 240w, https:\/\/www.rafanadalacademy.com\/wp-content\/uploads\/2026\/01\/RNA_23012026_Rami-despedida_003-768x960.jpg 768w, https:\/\/www.rafanadalacademy.com\/wp-content\/uploads\/2026\/01\/RNA_23012026_Rami-despedida_003-1229x1536.jpg 1229w, https:\/\/www.rafanadalacademy.com\/wp-content\/uploads\/2026\/01\/RNA_23012026_Rami-despedida_003-1638x2048.jpg 1638w, https:\/\/www.rafanadalacademy.com\/wp-content\/uploads\/2026\/01\/RNA_23012026_Rami-despedida_003-scaled.jpg 2048w\" sizes=\"auto, (max-width: 819px) 100vw, 819px\" \/><\/figure>\n\n<div style=\"height:30px\" aria-hidden=\"true\" class=\"wp-block-spacer\"><\/div>\n\n<p>In the sporting section, the men&#8217;s draw crowned the number one seeds, Antonio &#8216;Pincho&#8217; Fern\u00e1ndez, a player from the Rafa Nadal Academy, and Jos\u00e9 Luis Gonz\u00e1lez, who won the grand final against Mario del Castillo and Ignacio Vilari\u00f1o by 7-5 and 6-4. In the women&#8217;s draw, Academy player Patricia Mart\u00ednez, partnering with Marta Arellano, came close to the title after falling in the final against Sof\u00eda Saiz and Eugenia Guimet by 6-4, 3-6 and 3-6. Maribel Nadal and the president of the Balearic Padel Federation, Paco Sanz, were present at the awards ceremony.  <\/p>\n\n<p>The FIP Bronze Mallorca also marked the start of professional padel in Spain in 2026, as it was the first tournament of the FIP Tour to be held in our country this season, after the start of the circuit in Australia. The event brought together a prominent cast of players, with eleven members of the world&#8217;s Top 100. <\/p>\n\n<figure class=\"wp-block-image size-large\"><img loading=\"lazy\" decoding=\"async\" width=\"1024\" height=\"819\" src=\"https:\/\/www.rafanadalacademy.com\/wp-content\/uploads\/2026\/01\/RNA_25012026_FIP-Finales_067-1024x819.jpg\" alt=\"\" class=\"wp-image-38663\" srcset=\"https:\/\/www.rafanadalacademy.com\/wp-content\/uploads\/2026\/01\/RNA_25012026_FIP-Finales_067-1024x819.jpg 1024w, https:\/\/www.rafanadalacademy.com\/wp-content\/uploads\/2026\/01\/RNA_25012026_FIP-Finales_067-300x240.jpg 300w, https:\/\/www.rafanadalacademy.com\/wp-content\/uploads\/2026\/01\/RNA_25012026_FIP-Finales_067-768x614.jpg 768w, https:\/\/www.rafanadalacademy.com\/wp-content\/uploads\/2026\/01\/RNA_25012026_FIP-Finales_067-1536x1229.jpg 1536w, https:\/\/www.rafanadalacademy.com\/wp-content\/uploads\/2026\/01\/RNA_25012026_FIP-Finales_067-2048x1638.jpg 2048w\" sizes=\"auto, (max-width: 1024px) 100vw, 1024px\" \/><\/figure>\n\n<div style=\"height:30px\" aria-hidden=\"true\" class=\"wp-block-spacer\"><\/div>\n\n<p>The Rafa Nadal Academy continues to consolidate its position as an international benchmark in the training of top-level tennis players and has transferred that same model of excellence to padel. The Academy has training programs for young people and adults, nine outdoor and ten indoor courts, as well as a complete fitness center, health and wellness areas, a wide range of restaurants and a modern residence. A first-class environment that makes it an ideal place for both professional padel practice and the development of new talents and the sporting experience of amateur players.  <\/p>\n\n<p><\/p>\n\n<div style=\"height:30px\" aria-hidden=\"true\" class=\"wp-block-spacer\"><\/div>\n\n<figure class=\"wp-block-embed is-type-video is-provider-youtube wp-block-embed-youtube wp-embed-aspect-16-9 wp-has-aspect-ratio\"><div class=\"wp-block-embed__wrapper\">\n<iframe loading=\"lazy\" title=\"Programas de p\u00e1del para jugadores Amateur de la Rafa Nadal Academy\" width=\"500\" height=\"281\" src=\"https:\/\/www.youtube.com\/embed\/4IFtn6TCmvE?feature=oembed\" frameborder=\"0\" allow=\"accelerometer; autoplay; clipboard-write; encrypted-media; gyroscope; picture-in-picture; web-share\" referrerpolicy=\"strict-origin-when-cross-origin\" allowfullscreen><\/iframe>\n<\/div><\/figure>\n\n<div style=\"height:30px\" aria-hidden=\"true\" class=\"wp-block-spacer\"><\/div>\n\n<p><\/p>\n","protected":false},"excerpt":{"rendered":"<p>The Rafa Nadal Academy hosted the first professional padel tournament of the FIP Tour in its history with the celebration of the FIP Bronze Mallorca 2026 at its facilities, an event that offered a great sporting spectacle for a week and that will be especially marked by Ramiro Moyano&#8217;s farewell to professional padel. The Argentinian<a href=\"https:\/\/www.rafanadalacademy.com\/en\/news\/fip-bronze-mallorca-tournament-a-great-success-at-the-rafa-nadal-academy\/\">Continue reading <span class=\"sr-only\">&#8220;FIP Bronze Mallorca tournament a great success at the Rafa Nadal Academy&#8221;<\/span><\/a><\/p>\n","protected":false},"author":23,"featured_media":38649,"comment_status":"closed","ping_status":"closed","sticky":false,"template":"","format":"standard","meta":{"_acf_changed":false,"footnotes":""},"categories":[144,129,132],"tags":[134,131],"class_list":["post-38708","post","type-post","status-publish","format-standard","has-post-thumbnail","hentry","category-news","category-padel-en","category-rafa-nadal-academy-by-movistar-en","tag-rafa-nadal-academy-by-movistar-en","tag-rafa-nadal-academy-padel-tour-en"],"acf":[],"yoast_head":"<!-- This site is optimized with the Yoast SEO Premium plugin v26.8 (Yoast SEO v26.9) - https:\/\/yoast.com\/product\/yoast-seo-premium-wordpress\/ -->\n<title>FIP Bronze Mallorca tournament a great success at the Rafa Nadal Academy - Rafa Nadal Academy<\/title>\n<meta name=\"description\" content=\"The Rafa Nadal Academy hosted the first professional padel tournament of the FIP Tour in its history with the celebration of the FIP Bronze Mallorca 2026 at its facilities.\" \/>\n<meta name=\"robots\" content=\"index, follow, max-snippet:-1, max-image-preview:large, max-video-preview:-1\" \/>\n<link rel=\"canonical\" href=\"https:\/\/www.rafanadalacademy.com\/en\/news\/fip-bronze-mallorca-tournament-a-great-success-at-the-rafa-nadal-academy\/\" \/>\n<meta property=\"og:locale\" content=\"en_US\" \/>\n<meta property=\"og:type\" content=\"article\" \/>\n<meta property=\"og:title\" content=\"FIP Bronze Mallorca tournament a great success at the Rafa Nadal Academy\" \/>\n<meta property=\"og:description\" content=\"The Rafa Nadal Academy hosted the first professional padel tournament of the FIP Tour in its history with the celebration of the FIP Bronze Mallorca 2026 at its facilities.\" \/>\n<meta property=\"og:url\" content=\"https:\/\/www.rafanadalacademy.com\/en\/news\/fip-bronze-mallorca-tournament-a-great-success-at-the-rafa-nadal-academy\/\" \/>\n<meta property=\"og:site_name\" content=\"Rafa Nadal Academy\" \/>\n<meta property=\"article:published_time\" content=\"2026-01-26T14:16:27+00:00\" \/>\n<meta property=\"og:image\" content=\"https:\/\/www.rafanadalacademy.com\/wp-content\/uploads\/2026\/01\/RNA_25012026_FIP-Finales_001-scaled-e1769430935567.jpg\" \/>\n\t<meta property=\"og:image:width\" content=\"2560\" \/>\n\t<meta property=\"og:image:height\" content=\"1707\" \/>\n\t<meta property=\"og:image:type\" content=\"image\/jpeg\" \/>\n<meta name=\"author\" content=\"joseluisprados\" \/>\n<meta name=\"twitter:card\" content=\"summary_large_image\" \/>\n<meta name=\"twitter:label1\" content=\"Written by\" \/>\n\t<meta name=\"twitter:data1\" content=\"joseluisprados\" \/>\n\t<meta name=\"twitter:label2\" content=\"Est. reading time\" \/>\n\t<meta name=\"twitter:data2\" content=\"2 minutes\" \/>\n<script type=\"application\/ld+json\" class=\"yoast-schema-graph\">{\"@context\":\"https:\/\/schema.org\",\"@graph\":[{\"@type\":\"Article\",\"@id\":\"https:\/\/www.rafanadalacademy.com\/en\/news\/fip-bronze-mallorca-tournament-a-great-success-at-the-rafa-nadal-academy\/#article\",\"isPartOf\":{\"@id\":\"https:\/\/www.rafanadalacademy.com\/en\/news\/fip-bronze-mallorca-tournament-a-great-success-at-the-rafa-nadal-academy\/\"},\"author\":{\"name\":\"joseluisprados\",\"@id\":\"https:\/\/www.rafanadalacademy.com\/en\/#\/schema\/person\/744897d6ee269641fff954376180ef01\"},\"headline\":\"FIP Bronze Mallorca tournament a great success at the Rafa Nadal Academy\",\"datePublished\":\"2026-01-26T14:16:27+00:00\",\"mainEntityOfPage\":{\"@id\":\"https:\/\/www.rafanadalacademy.com\/en\/news\/fip-bronze-mallorca-tournament-a-great-success-at-the-rafa-nadal-academy\/\"},\"wordCount\":404,\"image\":{\"@id\":\"https:\/\/www.rafanadalacademy.com\/en\/news\/fip-bronze-mallorca-tournament-a-great-success-at-the-rafa-nadal-academy\/#primaryimage\"},\"thumbnailUrl\":\"https:\/\/www.rafanadalacademy.com\/wp-content\/uploads\/2026\/01\/RNA_25012026_FIP-Finales_001-scaled-e1769430935567.jpg\",\"keywords\":[\"RAFA NADAL ACADEMY BY MOVISTAR\",\"RAFA NADAL ACADEMY PADEL TOUR\"],\"articleSection\":[\"News\",\"PADEL\",\"RAFA NADAL ACADEMY BY MOVISTAR\"],\"inLanguage\":\"en-US\",\"copyrightYear\":\"2026\",\"copyrightHolder\":{\"@id\":\"https:\/\/www.rafanadalacademy.com\/#organization\"}},{\"@type\":\"WebPage\",\"@id\":\"https:\/\/www.rafanadalacademy.com\/en\/news\/fip-bronze-mallorca-tournament-a-great-success-at-the-rafa-nadal-academy\/\",\"url\":\"https:\/\/www.rafanadalacademy.com\/en\/news\/fip-bronze-mallorca-tournament-a-great-success-at-the-rafa-nadal-academy\/\",\"name\":\"FIP Bronze Mallorca tournament a great success at the Rafa Nadal Academy - Rafa Nadal Academy\",\"isPartOf\":{\"@id\":\"https:\/\/www.rafanadalacademy.com\/en\/#website\"},\"primaryImageOfPage\":{\"@id\":\"https:\/\/www.rafanadalacademy.com\/en\/news\/fip-bronze-mallorca-tournament-a-great-success-at-the-rafa-nadal-academy\/#primaryimage\"},\"image\":{\"@id\":\"https:\/\/www.rafanadalacademy.com\/en\/news\/fip-bronze-mallorca-tournament-a-great-success-at-the-rafa-nadal-academy\/#primaryimage\"},\"thumbnailUrl\":\"https:\/\/www.rafanadalacademy.com\/wp-content\/uploads\/2026\/01\/RNA_25012026_FIP-Finales_001-scaled-e1769430935567.jpg\",\"datePublished\":\"2026-01-26T14:16:27+00:00\",\"author\":{\"@id\":\"https:\/\/www.rafanadalacademy.com\/en\/#\/schema\/person\/744897d6ee269641fff954376180ef01\"},\"description\":\"The Rafa Nadal Academy hosted the first professional padel tournament of the FIP Tour in its history with the celebration of the FIP Bronze Mallorca 2026 at its facilities.\",\"breadcrumb\":{\"@id\":\"https:\/\/www.rafanadalacademy.com\/en\/news\/fip-bronze-mallorca-tournament-a-great-success-at-the-rafa-nadal-academy\/#breadcrumb\"},\"inLanguage\":\"en-US\",\"potentialAction\":[{\"@type\":\"ReadAction\",\"target\":[\"https:\/\/www.rafanadalacademy.com\/en\/news\/fip-bronze-mallorca-tournament-a-great-success-at-the-rafa-nadal-academy\/\"]}]},{\"@type\":\"ImageObject\",\"inLanguage\":\"en-US\",\"@id\":\"https:\/\/www.rafanadalacademy.com\/en\/news\/fip-bronze-mallorca-tournament-a-great-success-at-the-rafa-nadal-academy\/#primaryimage\",\"url\":\"https:\/\/www.rafanadalacademy.com\/wp-content\/uploads\/2026\/01\/RNA_25012026_FIP-Finales_001-scaled-e1769430935567.jpg\",\"contentUrl\":\"https:\/\/www.rafanadalacademy.com\/wp-content\/uploads\/2026\/01\/RNA_25012026_FIP-Finales_001-scaled-e1769430935567.jpg\",\"width\":2560,\"height\":1707,\"caption\":\"Gran \u00e9xito del torneo FIP Bronce Mallorca en la Rafa Nadal Academy\"},{\"@type\":\"BreadcrumbList\",\"@id\":\"https:\/\/www.rafanadalacademy.com\/en\/news\/fip-bronze-mallorca-tournament-a-great-success-at-the-rafa-nadal-academy\/#breadcrumb\",\"itemListElement\":[{\"@type\":\"ListItem\",\"position\":1,\"name\":\"Home\",\"item\":\"https:\/\/www.rafanadalacademy.com\/en\/\"},{\"@type\":\"ListItem\",\"position\":2,\"name\":\"FIP Bronze Mallorca tournament a great success at the Rafa Nadal Academy\"}]},{\"@type\":\"WebSite\",\"@id\":\"https:\/\/www.rafanadalacademy.com\/en\/#website\",\"url\":\"https:\/\/www.rafanadalacademy.com\/en\/\",\"name\":\"Rafa Nadal Academy\",\"description\":\"Otro sitio realizado con WordPress\",\"potentialAction\":[{\"@type\":\"SearchAction\",\"target\":{\"@type\":\"EntryPoint\",\"urlTemplate\":\"https:\/\/www.rafanadalacademy.com\/en\/?s={search_term_string}\"},\"query-input\":{\"@type\":\"PropertyValueSpecification\",\"valueRequired\":true,\"valueName\":\"search_term_string\"}}],\"inLanguage\":\"en-US\"},{\"@type\":\"Person\",\"@id\":\"https:\/\/www.rafanadalacademy.com\/en\/#\/schema\/person\/744897d6ee269641fff954376180ef01\",\"name\":\"joseluisprados\",\"image\":{\"@type\":\"ImageObject\",\"inLanguage\":\"en-US\",\"@id\":\"https:\/\/www.rafanadalacademy.com\/en\/#\/schema\/person\/image\/\",\"url\":\"https:\/\/secure.gravatar.com\/avatar\/8aa823a6e5501864ffab4785d9e2a994b59c2d45c9f9751c5a532abfec081e5f?s=96&d=mm&r=g\",\"contentUrl\":\"https:\/\/secure.gravatar.com\/avatar\/8aa823a6e5501864ffab4785d9e2a994b59c2d45c9f9751c5a532abfec081e5f?s=96&d=mm&r=g\",\"caption\":\"joseluisprados\"},\"url\":\"https:\/\/www.rafanadalacademy.com\/en\/author\/joseluisprados\/\"},{\"@type\":\"ImageObject\",\"inLanguage\":\"en-US\",\"@id\":\"https:\/\/www.rafanadalacademy.com\/en\/news\/fip-bronze-mallorca-tournament-a-great-success-at-the-rafa-nadal-academy\/#local-main-organization-logo\",\"url\":\"\",\"contentUrl\":\"\",\"caption\":\"Rafa Nadal Academy\"}]}<\/script>\n<!-- \/ Yoast SEO Premium plugin. -->","yoast_head_json":{"title":"FIP Bronze Mallorca tournament a great success at the Rafa Nadal Academy - Rafa Nadal Academy","description":"The Rafa Nadal Academy hosted the first professional padel tournament of the FIP Tour in its history with the celebration of the FIP Bronze Mallorca 2026 at its facilities.","robots":{"index":"index","follow":"follow","max-snippet":"max-snippet:-1","max-image-preview":"max-image-preview:large","max-video-preview":"max-video-preview:-1"},"canonical":"https:\/\/www.rafanadalacademy.com\/en\/news\/fip-bronze-mallorca-tournament-a-great-success-at-the-rafa-nadal-academy\/","og_locale":"en_US","og_type":"article","og_title":"FIP Bronze Mallorca tournament a great success at the Rafa Nadal Academy","og_description":"The Rafa Nadal Academy hosted the first professional padel tournament of the FIP Tour in its history with the celebration of the FIP Bronze Mallorca 2026 at its facilities.","og_url":"https:\/\/www.rafanadalacademy.com\/en\/news\/fip-bronze-mallorca-tournament-a-great-success-at-the-rafa-nadal-academy\/","og_site_name":"Rafa Nadal Academy","article_published_time":"2026-01-26T14:16:27+00:00","og_image":[{"width":2560,"height":1707,"url":"https:\/\/www.rafanadalacademy.com\/wp-content\/uploads\/2026\/01\/RNA_25012026_FIP-Finales_001-scaled-e1769430935567.jpg","type":"image\/jpeg"}],"author":"joseluisprados","twitter_card":"summary_large_image","twitter_misc":{"Written by":"joseluisprados","Est. reading time":"2 minutes"},"schema":{"@context":"https:\/\/schema.org","@graph":[{"@type":"Article","@id":"https:\/\/www.rafanadalacademy.com\/en\/news\/fip-bronze-mallorca-tournament-a-great-success-at-the-rafa-nadal-academy\/#article","isPartOf":{"@id":"https:\/\/www.rafanadalacademy.com\/en\/news\/fip-bronze-mallorca-tournament-a-great-success-at-the-rafa-nadal-academy\/"},"author":{"name":"joseluisprados","@id":"https:\/\/www.rafanadalacademy.com\/en\/#\/schema\/person\/744897d6ee269641fff954376180ef01"},"headline":"FIP Bronze Mallorca tournament a great success at the Rafa Nadal Academy","datePublished":"2026-01-26T14:16:27+00:00","mainEntityOfPage":{"@id":"https:\/\/www.rafanadalacademy.com\/en\/news\/fip-bronze-mallorca-tournament-a-great-success-at-the-rafa-nadal-academy\/"},"wordCount":404,"image":{"@id":"https:\/\/www.rafanadalacademy.com\/en\/news\/fip-bronze-mallorca-tournament-a-great-success-at-the-rafa-nadal-academy\/#primaryimage"},"thumbnailUrl":"https:\/\/www.rafanadalacademy.com\/wp-content\/uploads\/2026\/01\/RNA_25012026_FIP-Finales_001-scaled-e1769430935567.jpg","keywords":["RAFA NADAL ACADEMY BY MOVISTAR","RAFA NADAL ACADEMY PADEL TOUR"],"articleSection":["News","PADEL","RAFA NADAL ACADEMY BY MOVISTAR"],"inLanguage":"en-US","copyrightYear":"2026","copyrightHolder":{"@id":"https:\/\/www.rafanadalacademy.com\/#organization"}},{"@type":"WebPage","@id":"https:\/\/www.rafanadalacademy.com\/en\/news\/fip-bronze-mallorca-tournament-a-great-success-at-the-rafa-nadal-academy\/","url":"https:\/\/www.rafanadalacademy.com\/en\/news\/fip-bronze-mallorca-tournament-a-great-success-at-the-rafa-nadal-academy\/","name":"FIP Bronze Mallorca tournament a great success at the Rafa Nadal Academy - Rafa Nadal Academy","isPartOf":{"@id":"https:\/\/www.rafanadalacademy.com\/en\/#website"},"primaryImageOfPage":{"@id":"https:\/\/www.rafanadalacademy.com\/en\/news\/fip-bronze-mallorca-tournament-a-great-success-at-the-rafa-nadal-academy\/#primaryimage"},"image":{"@id":"https:\/\/www.rafanadalacademy.com\/en\/news\/fip-bronze-mallorca-tournament-a-great-success-at-the-rafa-nadal-academy\/#primaryimage"},"thumbnailUrl":"https:\/\/www.rafanadalacademy.com\/wp-content\/uploads\/2026\/01\/RNA_25012026_FIP-Finales_001-scaled-e1769430935567.jpg","datePublished":"2026-01-26T14:16:27+00:00","author":{"@id":"https:\/\/www.rafanadalacademy.com\/en\/#\/schema\/person\/744897d6ee269641fff954376180ef01"},"description":"The Rafa Nadal Academy hosted the first professional padel tournament of the FIP Tour in its history with the celebration of the FIP Bronze Mallorca 2026 at its facilities.","breadcrumb":{"@id":"https:\/\/www.rafanadalacademy.com\/en\/news\/fip-bronze-mallorca-tournament-a-great-success-at-the-rafa-nadal-academy\/#breadcrumb"},"inLanguage":"en-US","potentialAction":[{"@type":"ReadAction","target":["https:\/\/www.rafanadalacademy.com\/en\/news\/fip-bronze-mallorca-tournament-a-great-success-at-the-rafa-nadal-academy\/"]}]},{"@type":"ImageObject","inLanguage":"en-US","@id":"https:\/\/www.rafanadalacademy.com\/en\/news\/fip-bronze-mallorca-tournament-a-great-success-at-the-rafa-nadal-academy\/#primaryimage","url":"https:\/\/www.rafanadalacademy.com\/wp-content\/uploads\/2026\/01\/RNA_25012026_FIP-Finales_001-scaled-e1769430935567.jpg","contentUrl":"https:\/\/www.rafanadalacademy.com\/wp-content\/uploads\/2026\/01\/RNA_25012026_FIP-Finales_001-scaled-e1769430935567.jpg","width":2560,"height":1707,"caption":"Gran \u00e9xito del torneo FIP Bronce Mallorca en la Rafa Nadal Academy"},{"@type":"BreadcrumbList","@id":"https:\/\/www.rafanadalacademy.com\/en\/news\/fip-bronze-mallorca-tournament-a-great-success-at-the-rafa-nadal-academy\/#breadcrumb","itemListElement":[{"@type":"ListItem","position":1,"name":"Home","item":"https:\/\/www.rafanadalacademy.com\/en\/"},{"@type":"ListItem","position":2,"name":"FIP Bronze Mallorca tournament a great success at the Rafa Nadal Academy"}]},{"@type":"WebSite","@id":"https:\/\/www.rafanadalacademy.com\/en\/#website","url":"https:\/\/www.rafanadalacademy.com\/en\/","name":"Rafa Nadal Academy","description":"Otro sitio realizado con WordPress","potentialAction":[{"@type":"SearchAction","target":{"@type":"EntryPoint","urlTemplate":"https:\/\/www.rafanadalacademy.com\/en\/?s={search_term_string}"},"query-input":{"@type":"PropertyValueSpecification","valueRequired":true,"valueName":"search_term_string"}}],"inLanguage":"en-US"},{"@type":"Person","@id":"https:\/\/www.rafanadalacademy.com\/en\/#\/schema\/person\/744897d6ee269641fff954376180ef01","name":"joseluisprados","image":{"@type":"ImageObject","inLanguage":"en-US","@id":"https:\/\/www.rafanadalacademy.com\/en\/#\/schema\/person\/image\/","url":"https:\/\/secure.gravatar.com\/avatar\/8aa823a6e5501864ffab4785d9e2a994b59c2d45c9f9751c5a532abfec081e5f?s=96&d=mm&r=g","contentUrl":"https:\/\/secure.gravatar.com\/avatar\/8aa823a6e5501864ffab4785d9e2a994b59c2d45c9f9751c5a532abfec081e5f?s=96&d=mm&r=g","caption":"joseluisprados"},"url":"https:\/\/www.rafanadalacademy.com\/en\/author\/joseluisprados\/"},{"@type":"ImageObject","inLanguage":"en-US","@id":"https:\/\/www.rafanadalacademy.com\/en\/news\/fip-bronze-mallorca-tournament-a-great-success-at-the-rafa-nadal-academy\/#local-main-organization-logo","url":"","contentUrl":"","caption":"Rafa Nadal Academy"}]}},"_links":{"self":[{"href":"https:\/\/www.rafanadalacademy.com\/en\/wp-json\/wp\/v2\/posts\/38708","targetHints":{"allow":["GET"]}}],"collection":[{"href":"https:\/\/www.rafanadalacademy.com\/en\/wp-json\/wp\/v2\/posts"}],"about":[{"href":"https:\/\/www.rafanadalacademy.com\/en\/wp-json\/wp\/v2\/types\/post"}],"author":[{"embeddable":true,"href":"https:\/\/www.rafanadalacademy.com\/en\/wp-json\/wp\/v2\/users\/23"}],"replies":[{"embeddable":true,"href":"https:\/\/www.rafanadalacademy.com\/en\/wp-json\/wp\/v2\/comments?post=38708"}],"version-history":[{"count":1,"href":"https:\/\/www.rafanadalacademy.com\/en\/wp-json\/wp\/v2\/posts\/38708\/revisions"}],"predecessor-version":[{"id":38709,"href":"https:\/\/www.rafanadalacademy.com\/en\/wp-json\/wp\/v2\/posts\/38708\/revisions\/38709"}],"wp:featuredmedia":[{"embeddable":true,"href":"https:\/\/www.rafanadalacademy.com\/en\/wp-json\/wp\/v2\/media\/38649"}],"wp:attachment":[{"href":"https:\/\/www.rafanadalacademy.com\/en\/wp-json\/wp\/v2\/media?parent=38708"}],"wp:term":[{"taxonomy":"category","embeddable":true,"href":"https:\/\/www.rafanadalacademy.com\/en\/wp-json\/wp\/v2\/categories?post=38708"},{"taxonomy":"post_tag","embeddable":true,"href":"https:\/\/www.rafanadalacademy.com\/en\/wp-json\/wp\/v2\/tags?post=38708"}],"curies":[{"name":"wp","href":"https:\/\/api.w.org\/{rel}","templated":true}]}}