{"id":37461,"date":"2025-12-10T11:42:11","date_gmt":"2025-12-10T11:42:11","guid":{"rendered":"https:\/\/www.rafanadalacademy.com\/sin-categorizar\/the-rafa-nadal-academy-padel-tour-by-the-adecco-group-breaks-records-in-its-second-edition\/"},"modified":"2025-12-10T11:55:12","modified_gmt":"2025-12-10T11:55:12","slug":"the-rafa-nadal-academy-padel-tour-by-the-adecco-group-breaks-records-in-its-second-edition","status":"publish","type":"post","link":"https:\/\/www.rafanadalacademy.com\/en\/news\/the-rafa-nadal-academy-padel-tour-by-the-adecco-group-breaks-records-in-its-second-edition\/","title":{"rendered":"The Rafa Nadal Academy P\u00e1del Tour by The Adecco Group breaks records in its second edition"},"content":{"rendered":"\n<p>Mallorca has put the finishing touch to the second edition of the Rafa Nadal Academy P\u00e1del Tour by The Adecco Group, the amateur circuit that in 2025 has brought together almost 2,000 players and has established itself as one of the most attractive and complete amateur padel proposals.<\/p>\n\n<figure class=\"wp-block-image size-full\"><img loading=\"lazy\" decoding=\"async\" width=\"2560\" height=\"2048\" src=\"https:\/\/www.rafanadalacademy.com\/wp-content\/uploads\/2025\/12\/RNA_061225_Partidos-RNA-Padel-Tour_024-scaled.jpg\" alt=\"\" class=\"wp-image-37449\" srcset=\"https:\/\/www.rafanadalacademy.com\/wp-content\/uploads\/2025\/12\/RNA_061225_Partidos-RNA-Padel-Tour_024-scaled.jpg 2560w, https:\/\/www.rafanadalacademy.com\/wp-content\/uploads\/2025\/12\/RNA_061225_Partidos-RNA-Padel-Tour_024-300x240.jpg 300w, https:\/\/www.rafanadalacademy.com\/wp-content\/uploads\/2025\/12\/RNA_061225_Partidos-RNA-Padel-Tour_024-1024x819.jpg 1024w, https:\/\/www.rafanadalacademy.com\/wp-content\/uploads\/2025\/12\/RNA_061225_Partidos-RNA-Padel-Tour_024-768x614.jpg 768w, https:\/\/www.rafanadalacademy.com\/wp-content\/uploads\/2025\/12\/RNA_061225_Partidos-RNA-Padel-Tour_024-1536x1229.jpg 1536w, https:\/\/www.rafanadalacademy.com\/wp-content\/uploads\/2025\/12\/RNA_061225_Partidos-RNA-Padel-Tour_024-2048x1638.jpg 2048w\" sizes=\"auto, (max-width: 2560px) 100vw, 2560px\" \/><\/figure>\n\n<div style=\"height:30px\" aria-hidden=\"true\" class=\"wp-block-spacer\"><\/div>\n\n<p>The final event held at the Rafa Nadal Academy featured 215 players from teams from all parts of the peninsula, as well as from Italy and Switzerland, and combined competition, leisure and a unique atmosphere that has already become a hallmark of the Tour in these first two editions.<\/p>\n\n<p>One of the most emotional moments of the weekend was the tribute received by Carolina Navarro, who recently retired from professional padel after a successful sports career. In the event, held in the new indoor courts of the Academy, the player from Malaga, an international reference in padel, received the affection of all the participants and Maribel Nadal, deputy general director of the Rafa Nadal Academy, who recognized her exemplary career and her contribution to the development of padel. <\/p>\n\n<div style=\"height:30px\" aria-hidden=\"true\" class=\"wp-block-spacer\"><\/div>\n\n<blockquote class=\"instagram-media\" data-instgrm-captioned=\"\" data-instgrm-permalink=\"https:\/\/www.instagram.com\/reel\/DR7ONW8iLfz\/?utm_source=ig_embed&#038;utm_campaign=loading\" data-instgrm-version=\"14\" style=\"  background:#FFF; border:0; border-radius:3px; box-shadow:0 0 1px 0 rgba(0,0,0,0.5),0 1px 10px 0 rgba(0,0,0,0.15); margin: 1px; max-width:540px; min-width:326px; padding:0; width:99.375%; width:-webkit-calc(100% - 2px); width:calc(100% - 2px);\"><div style=\"padding:16px;\"> <a href=\"https:\/\/www.instagram.com\/reel\/DR7ONW8iLfz\/?utm_source=ig_embed&#038;utm_campaign=loading\" style=\"  background:#FFFFFF; line-height:0; padding:0 0; text-align:center; text-decoration:none; width:100%;\" target=\"_blank\"> <div style=\"  display: flex; flex-direction: row; align-items: center;\"> <div style=\"background-color: #F4F4F4; border-radius: 50%; flex-grow: 0; height: 40px; margin-right: 14px; width: 40px;\"><\/div> <div style=\"display: flex; flex-direction: column; flex-grow: 1; justify-content: center;\"> <div style=\"  background-color: #F4F4F4; border-radius: 4px; flex-grow: 0; height: 14px; margin-bottom: 6px; width: 100px;\"><\/div> <div style=\"  background-color: #F4F4F4; border-radius: 4px; flex-grow: 0; height: 14px; width: 60px;\"><\/div><\/div><\/div><div style=\"padding: 19% 0;\"><\/div> <div style=\"display:block; height:50px; margin:0 auto 12px; width:50px;\"><svg xmlns=\"https:\/\/www.w3.org\/2000\/svg\" xmlns:xlink=\"https:\/\/www.w3.org\/1999\/xlink\" width=\"50px\" height=\"50px\" viewbox=\"0 0 60 60\" version=\"1.1\"><g stroke=\"none\" stroke-width=\"1\" fill=\"none\" fill-rule=\"evenodd\"><g transform=\"translate(-511.000000, -20.000000)\" fill=\"#000000\"><g><path d=\"M556.869,30.41 C554.814,30.41 553.148,32.076 553.148,34.131 C553.148,36.186 554.814,37.852 556.869,37.852 C558.924,37.852 560.59,36.186 560.59,34.131 C560.59,32.076 558.924,30.41 556.869,30.41 M541,60.657 C535.114,60.657 530.342,55.887 530.342,50 C530.342,44.114 535.114,39.342 541,39.342 C546.887,39.342 551.658,44.114 551.658,50 C551.658,55.887 546.887,60.657 541,60.657 M541,33.886 C532.1,33.886 524.886,41.1 524.886,50 C524.886,58.899 532.1,66.113 541,66.113 C549.9,66.113 557.115,58.899 557.115,50 C557.115,41.1 549.9,33.886 541,33.886 M565.378,62.101 C565.244,65.022 564.756,66.606 564.346,67.663 C563.803,69.06 563.154,70.057 562.106,71.106 C561.058,72.155 560.06,72.803 558.662,73.347 C557.607,73.757 556.021,74.244 553.102,74.378 C549.944,74.521 548.997,74.552 541,74.552 C533.003,74.552 532.056,74.521 528.898,74.378 C525.979,74.244 524.393,73.757 523.338,73.347 C521.94,72.803 520.942,72.155 519.894,71.106 C518.846,70.057 518.197,69.06 517.654,67.663 C517.244,66.606 516.755,65.022 516.623,62.101 C516.479,58.943 516.448,57.996 516.448,50 C516.448,42.003 516.479,41.056 516.623,37.899 C516.755,34.978 517.244,33.391 517.654,32.338 C518.197,30.938 518.846,29.942 519.894,28.894 C520.942,27.846 521.94,27.196 523.338,26.654 C524.393,26.244 525.979,25.756 528.898,25.623 C532.057,25.479 533.004,25.448 541,25.448 C548.997,25.448 549.943,25.479 553.102,25.623 C556.021,25.756 557.607,26.244 558.662,26.654 C560.06,27.196 561.058,27.846 562.106,28.894 C563.154,29.942 563.803,30.938 564.346,32.338 C564.756,33.391 565.244,34.978 565.378,37.899 C565.522,41.056 565.552,42.003 565.552,50 C565.552,57.996 565.522,58.943 565.378,62.101 M570.82,37.631 C570.674,34.438 570.167,32.258 569.425,30.349 C568.659,28.377 567.633,26.702 565.965,25.035 C564.297,23.368 562.623,22.342 560.652,21.575 C558.743,20.834 556.562,20.326 553.369,20.18 C550.169,20.033 549.148,20 541,20 C532.853,20 531.831,20.033 528.631,20.18 C525.438,20.326 523.257,20.834 521.349,21.575 C519.376,22.342 517.703,23.368 516.035,25.035 C514.368,26.702 513.342,28.377 512.574,30.349 C511.834,32.258 511.326,34.438 511.181,37.631 C511.035,40.831 511,41.851 511,50 C511,58.147 511.035,59.17 511.181,62.369 C511.326,65.562 511.834,67.743 512.574,69.651 C513.342,71.625 514.368,73.296 516.035,74.965 C517.703,76.634 519.376,77.658 521.349,78.425 C523.257,79.167 525.438,79.673 528.631,79.82 C531.831,79.965 532.853,80.001 541,80.001 C549.148,80.001 550.169,79.965 553.369,79.82 C556.562,79.673 558.743,79.167 560.652,78.425 C562.623,77.658 564.297,76.634 565.965,74.965 C567.633,73.296 568.659,71.625 569.425,69.651 C570.167,67.743 570.674,65.562 570.82,62.369 C570.966,59.17 571,58.147 571,50 C571,41.851 570.966,40.831 570.82,37.631\"><\/path><\/g><\/g><\/g><\/svg><\/div><div style=\"padding-top: 8px;\"> <div style=\"  color:#3897f0; font-family:Arial,sans-serif; font-size:14px; font-style:normal; font-weight:550; line-height:18px;\">View this post on Instagram<\/div><\/div><div style=\"padding: 12.5% 0;\"><\/div> <div style=\"display: flex; flex-direction: row; margin-bottom: 14px; align-items: center;\"><div> <div style=\"background-color: #F4F4F4; border-radius: 50%; height: 12.5px; width: 12.5px; transform: translateX(0px) translateY(7px);\"><\/div> <div style=\"background-color: #F4F4F4; height: 12.5px; transform: rotate(-45deg) translateX(3px) translateY(1px); width: 12.5px; flex-grow: 0; margin-right: 14px; margin-left: 2px;\"><\/div> <div style=\"background-color: #F4F4F4; border-radius: 50%; height: 12.5px; width: 12.5px; transform: translateX(9px) translateY(-18px);\"><\/div><\/div><div style=\"margin-left: 8px;\"> <div style=\"  background-color: #F4F4F4; border-radius: 50%; flex-grow: 0; height: 20px; width: 20px;\"><\/div> <div style=\"  width: 0; height: 0; border-top: 2px solid transparent; border-left: 6px solid #f4f4f4; border-bottom: 2px solid transparent; transform: translateX(16px) translateY(-4px) rotate(30deg)\"><\/div><\/div><div style=\"margin-left: auto;\"> <div style=\"  width: 0px; border-top: 8px solid #F4F4F4; border-right: 8px solid transparent; transform: translateY(16px);\"><\/div> <div style=\"  background-color: #F4F4F4; flex-grow: 0; height: 12px; width: 16px; transform: translateY(-4px);\"><\/div> <div style=\"  width: 0; height: 0; border-top: 8px solid #F4F4F4; border-left: 8px solid transparent; transform: translateY(-4px) translateX(8px);\"><\/div><\/div><\/div> <div style=\"display: flex; flex-direction: column; flex-grow: 1; justify-content: center; margin-bottom: 24px;\"> <div style=\"  background-color: #F4F4F4; border-radius: 4px; flex-grow: 0; height: 14px; margin-bottom: 6px; width: 224px;\"><\/div> <div style=\"  background-color: #F4F4F4; border-radius: 4px; flex-grow: 0; height: 14px; width: 144px;\"><\/div><\/div><\/a><p style=\"  color:#c9c8cd; font-family:Arial,sans-serif; font-size:14px; line-height:17px; margin-bottom:0; margin-top:8px; overflow:hidden; padding:8px 0 7px; text-align:center; text-overflow:ellipsis; white-space:nowrap;\"><a href=\"https:\/\/www.instagram.com\/reel\/DR7ONW8iLfz\/?utm_source=ig_embed&#038;utm_campaign=loading\" style=\"  color:#c9c8cd; font-family:Arial,sans-serif; font-size:14px; font-style:normal; font-weight:normal; line-height:17px; text-decoration:none;\" target=\"_blank\">Una publicaci\u00f3n compartida por Rafa Nadal Academy (@rafanadalacademy)<\/a><\/p><\/div><\/blockquote>\n<script async=\"\" src=\"\/\/www.instagram.com\/embed.js\"><\/script>\n\n<div style=\"height:30px\" aria-hidden=\"true\" class=\"wp-block-spacer\"><\/div>\n\n<p>Navarro herself has praised the Rafa Nadal P\u00e1del Tour by The Adecco Group and especially the Mallorca event. &#8220;Every year you outdo yourselves. An incredible atmosphere, with people coming from outside Spain. The new facilities of the Academy, these indoor courts have been great and then the &#8216;tardeo&#8217;. I loved it and next year I&#8217;ll be here again.&#8221; <\/p>\n\n<div style=\"height:30px\" aria-hidden=\"true\" class=\"wp-block-spacer\"><\/div>\n\n<figure class=\"wp-block-image size-large\"><img loading=\"lazy\" decoding=\"async\" width=\"1024\" height=\"819\" src=\"https:\/\/www.rafanadalacademy.com\/wp-content\/uploads\/2025\/12\/Rafa-Nadal-Padel-Tour-by-The-Adecco-Groupo-II-1024x819.jpg\" alt=\"\" class=\"wp-image-37439\" srcset=\"https:\/\/www.rafanadalacademy.com\/wp-content\/uploads\/2025\/12\/Rafa-Nadal-Padel-Tour-by-The-Adecco-Groupo-II-1024x819.jpg 1024w, https:\/\/www.rafanadalacademy.com\/wp-content\/uploads\/2025\/12\/Rafa-Nadal-Padel-Tour-by-The-Adecco-Groupo-II-300x240.jpg 300w, https:\/\/www.rafanadalacademy.com\/wp-content\/uploads\/2025\/12\/Rafa-Nadal-Padel-Tour-by-The-Adecco-Groupo-II-768x614.jpg 768w, https:\/\/www.rafanadalacademy.com\/wp-content\/uploads\/2025\/12\/Rafa-Nadal-Padel-Tour-by-The-Adecco-Groupo-II-1536x1229.jpg 1536w, https:\/\/www.rafanadalacademy.com\/wp-content\/uploads\/2025\/12\/Rafa-Nadal-Padel-Tour-by-The-Adecco-Groupo-II-2048x1638.jpg 2048w\" sizes=\"auto, (max-width: 1024px) 100vw, 1024px\" \/><\/figure>\n\n<div style=\"height:30px\" aria-hidden=\"true\" class=\"wp-block-spacer\"><\/div>\n\n<p>The closing in Manacor concludes a tour that this year has taken the circuit to Santander, Madrid, Barcelona, Estepona, Seville, Valencia and Gij\u00f3n. In parallel, the Rafa Nadal P\u00e1del Tour by The Adecco Group began its international expansion with a Tour that has toured six other cities in Italy (Rome, Turin, Perugia, Bari, Bergamo and Florence), both circuits converging in the grand final. <\/p>\n\n<div style=\"height:30px\" aria-hidden=\"true\" class=\"wp-block-spacer\"><\/div>\n\n<figure class=\"wp-block-embed is-type-video is-provider-youtube wp-block-embed-youtube wp-embed-aspect-16-9 wp-has-aspect-ratio\"><div class=\"wp-block-embed__wrapper\">\n<iframe loading=\"lazy\" title=\"Arranca el Rafa Nadal Academy Padel Tour Italia\" width=\"500\" height=\"281\" src=\"https:\/\/www.youtube.com\/embed\/nnMIXPfnw50?feature=oembed\" frameborder=\"0\" allow=\"accelerometer; autoplay; clipboard-write; encrypted-media; gyroscope; picture-in-picture; web-share\" referrerpolicy=\"strict-origin-when-cross-origin\" allowfullscreen><\/iframe>\n<\/div><\/figure>\n\n<div style=\"height:30px\" aria-hidden=\"true\" class=\"wp-block-spacer\"><\/div>\n\n<p>The closing in Manacor concludes a tour that this year has taken the circuit to Santander, Madrid, Barcelona, Estepona, Seville, Valencia and Gij\u00f3n. In parallel, the Rafa Nadal P\u00e1del Tour by The Adecco Group began its international expansion with a Tour that has toured six other cities in Italy (Rome, Turin, Perugia, Bari, Bergamo and Florence), both circuits converging in the grand final. <\/p>\n\n<p>The team format of the circuit allows each participating team to be composed of a minimum of six players divided into three pairs per round, guaranteeing a minimum of two matches. This dynamic has contributed to generating a collective, dynamic and highly valued experience for the participants. <\/p>\n\n<p>Maribel Nadal, deputy general director of the Rafa Nadal Academy, assessed the evolution of the circuit as follows: \u201cThe reception by the players of the first edition was incredible and in this one the expectations have been exceeded. Definitely the team format has been a success and being able to combine sport and leisure has provided us with a unique atmosphere in each of the events of both circuits. We are already working on the third edition to incorporate new features that will consolidate it as one of the benchmark circuits in amateur padel and, given the demand from many clubs and countries, we are also considering continuing with the internationalization\u201d.<\/p>\n\n<div style=\"height:30px\" aria-hidden=\"true\" class=\"wp-block-spacer\"><\/div>\n\n<figure class=\"wp-block-embed is-type-video is-provider-youtube wp-block-embed-youtube wp-embed-aspect-16-9 wp-has-aspect-ratio\"><div class=\"wp-block-embed__wrapper\">\n<iframe loading=\"lazy\" title=\"La Rafa Nadal Academy inaugura 3 nuevas pistas de p\u00e1del indoor\" width=\"500\" height=\"281\" src=\"https:\/\/www.youtube.com\/embed\/kRnXNBSOqRw?feature=oembed\" frameborder=\"0\" allow=\"accelerometer; autoplay; clipboard-write; encrypted-media; gyroscope; picture-in-picture; web-share\" referrerpolicy=\"strict-origin-when-cross-origin\" allowfullscreen><\/iframe>\n<\/div><\/figure>\n\n<div style=\"height:30px\" aria-hidden=\"true\" class=\"wp-block-spacer\"><\/div>\n\n<p>Known for its prestige in training young tennis players since its opening in 2016, the Rafa Nadal Academy has reinforced its commitment to padel in recent years. The complex currently has 19 padel courts (9 outdoor and 10 indoor), a state-of-the-art fitness center, health and wellness spaces, a wide range of restaurants and a modern residence. A unique environment that makes the Manacor campus a benchmark for padel practice as well.  <\/p>\n\n<p>With the organization of the Rafa Nadal Academy P\u00e1del Tour by The Adecco Group, the Academy reaffirms its commitment to spread its methodology, values and DNA in the field of amateur padel through an innovative circuit that is here to stay.<\/p>\n\n<div style=\"height:30px\" aria-hidden=\"true\" class=\"wp-block-spacer\"><\/div>\n\n<figure class=\"wp-block-embed is-type-video is-provider-youtube wp-block-embed-youtube wp-embed-aspect-16-9 wp-has-aspect-ratio\"><div class=\"wp-block-embed__wrapper\">\n<iframe loading=\"lazy\" title=\"Programas de p\u00e1del para jugadores Amateur de la Rafa Nadal Academy\" width=\"500\" height=\"281\" src=\"https:\/\/www.youtube.com\/embed\/4IFtn6TCmvE?feature=oembed\" frameborder=\"0\" allow=\"accelerometer; autoplay; clipboard-write; encrypted-media; gyroscope; picture-in-picture; web-share\" referrerpolicy=\"strict-origin-when-cross-origin\" allowfullscreen><\/iframe>\n<\/div><\/figure>\n","protected":false},"excerpt":{"rendered":"<p>Mallorca has put the finishing touch to the second edition of the Rafa Nadal Academy P\u00e1del Tour by The Adecco Group, the amateur circuit that in 2025 has brought together almost 2,000 players and has established itself as one of the most attractive and complete amateur padel proposals. The final event held at the Rafa<a href=\"https:\/\/www.rafanadalacademy.com\/en\/news\/the-rafa-nadal-academy-padel-tour-by-the-adecco-group-breaks-records-in-its-second-edition\/\">Continue reading <span class=\"sr-only\">&#8220;The Rafa Nadal Academy P\u00e1del Tour by The Adecco Group breaks records in its second edition&#8221;<\/span><\/a><\/p>\n","protected":false},"author":23,"featured_media":37433,"comment_status":"closed","ping_status":"closed","sticky":false,"template":"","format":"standard","meta":{"_acf_changed":false,"footnotes":""},"categories":[144,129,132],"tags":[134,131],"class_list":["post-37461","post","type-post","status-publish","format-standard","has-post-thumbnail","hentry","category-news","category-padel-en","category-rafa-nadal-academy-by-movistar-en","tag-rafa-nadal-academy-by-movistar-en","tag-rafa-nadal-academy-padel-tour-en"],"acf":[],"yoast_head":"<!-- This site is optimized with the Yoast SEO Premium plugin v26.8 (Yoast SEO v26.9) - https:\/\/yoast.com\/product\/yoast-seo-premium-wordpress\/ -->\n<title>The Rafa Nadal Academy P\u00e1del Tour by The Adecco Group breaks records in its second edition - Rafa Nadal Academy<\/title>\n<meta name=\"description\" content=\"Mallorca has put the finishing touch to the second edition of the Rafa Nadal Academy P\u00e1del Tour by The Adecco Group, the amateur circuit that in 2025 has brought together almost 2,000 players\" \/>\n<meta name=\"robots\" content=\"index, follow, max-snippet:-1, max-image-preview:large, max-video-preview:-1\" \/>\n<link rel=\"canonical\" href=\"https:\/\/www.rafanadalacademy.com\/en\/news\/the-rafa-nadal-academy-padel-tour-by-the-adecco-group-breaks-records-in-its-second-edition\/\" \/>\n<meta property=\"og:locale\" content=\"en_US\" \/>\n<meta property=\"og:type\" content=\"article\" \/>\n<meta property=\"og:title\" content=\"The Rafa Nadal Academy P\u00e1del Tour by The Adecco Group breaks records in its second edition\" \/>\n<meta property=\"og:description\" content=\"Mallorca has put the finishing touch to the second edition of the Rafa Nadal Academy P\u00e1del Tour by The Adecco Group, the amateur circuit that in 2025 has brought together almost 2,000 players\" \/>\n<meta property=\"og:url\" content=\"https:\/\/www.rafanadalacademy.com\/en\/news\/the-rafa-nadal-academy-padel-tour-by-the-adecco-group-breaks-records-in-its-second-edition\/\" \/>\n<meta property=\"og:site_name\" content=\"Rafa Nadal Academy\" \/>\n<meta property=\"article:published_time\" content=\"2025-12-10T11:42:11+00:00\" \/>\n<meta property=\"article:modified_time\" content=\"2025-12-10T11:55:12+00:00\" \/>\n<meta property=\"og:image\" content=\"https:\/\/www.rafanadalacademy.com\/wp-content\/uploads\/2025\/12\/Rafa-Nadal-Academy-Padel-Tour-by-The-Adecco-Group-e1765366959608.jpg\" \/>\n\t<meta property=\"og:image:width\" content=\"2560\" \/>\n\t<meta property=\"og:image:height\" content=\"1707\" \/>\n\t<meta property=\"og:image:type\" content=\"image\/jpeg\" \/>\n<meta name=\"author\" content=\"joseluisprados\" \/>\n<meta name=\"twitter:card\" content=\"summary_large_image\" \/>\n<meta name=\"twitter:label1\" content=\"Written by\" \/>\n\t<meta name=\"twitter:data1\" content=\"joseluisprados\" \/>\n\t<meta name=\"twitter:label2\" content=\"Est. reading time\" \/>\n\t<meta name=\"twitter:data2\" content=\"3 minutes\" \/>\n<script type=\"application\/ld+json\" class=\"yoast-schema-graph\">{\"@context\":\"https:\/\/schema.org\",\"@graph\":[{\"@type\":\"Article\",\"@id\":\"https:\/\/www.rafanadalacademy.com\/en\/news\/the-rafa-nadal-academy-padel-tour-by-the-adecco-group-breaks-records-in-its-second-edition\/#article\",\"isPartOf\":{\"@id\":\"https:\/\/www.rafanadalacademy.com\/en\/news\/the-rafa-nadal-academy-padel-tour-by-the-adecco-group-breaks-records-in-its-second-edition\/\"},\"author\":{\"name\":\"joseluisprados\",\"@id\":\"https:\/\/www.rafanadalacademy.com\/en\/#\/schema\/person\/744897d6ee269641fff954376180ef01\"},\"headline\":\"The Rafa Nadal Academy P\u00e1del Tour by The Adecco Group breaks records in its second edition\",\"datePublished\":\"2025-12-10T11:42:11+00:00\",\"dateModified\":\"2025-12-10T11:55:12+00:00\",\"mainEntityOfPage\":{\"@id\":\"https:\/\/www.rafanadalacademy.com\/en\/news\/the-rafa-nadal-academy-padel-tour-by-the-adecco-group-breaks-records-in-its-second-edition\/\"},\"wordCount\":684,\"image\":{\"@id\":\"https:\/\/www.rafanadalacademy.com\/en\/news\/the-rafa-nadal-academy-padel-tour-by-the-adecco-group-breaks-records-in-its-second-edition\/#primaryimage\"},\"thumbnailUrl\":\"https:\/\/www.rafanadalacademy.com\/wp-content\/uploads\/2025\/12\/Rafa-Nadal-Academy-Padel-Tour-by-The-Adecco-Group-e1765366959608.jpg\",\"keywords\":[\"RAFA NADAL ACADEMY BY MOVISTAR\",\"RAFA NADAL ACADEMY PADEL TOUR\"],\"articleSection\":[\"News\",\"PADEL\",\"RAFA NADAL ACADEMY BY MOVISTAR\"],\"inLanguage\":\"en-US\",\"copyrightYear\":\"2025\",\"copyrightHolder\":{\"@id\":\"https:\/\/www.rafanadalacademy.com\/#organization\"}},{\"@type\":\"WebPage\",\"@id\":\"https:\/\/www.rafanadalacademy.com\/en\/news\/the-rafa-nadal-academy-padel-tour-by-the-adecco-group-breaks-records-in-its-second-edition\/\",\"url\":\"https:\/\/www.rafanadalacademy.com\/en\/news\/the-rafa-nadal-academy-padel-tour-by-the-adecco-group-breaks-records-in-its-second-edition\/\",\"name\":\"The Rafa Nadal Academy P\u00e1del Tour by The Adecco Group breaks records in its second edition - Rafa Nadal Academy\",\"isPartOf\":{\"@id\":\"https:\/\/www.rafanadalacademy.com\/en\/#website\"},\"primaryImageOfPage\":{\"@id\":\"https:\/\/www.rafanadalacademy.com\/en\/news\/the-rafa-nadal-academy-padel-tour-by-the-adecco-group-breaks-records-in-its-second-edition\/#primaryimage\"},\"image\":{\"@id\":\"https:\/\/www.rafanadalacademy.com\/en\/news\/the-rafa-nadal-academy-padel-tour-by-the-adecco-group-breaks-records-in-its-second-edition\/#primaryimage\"},\"thumbnailUrl\":\"https:\/\/www.rafanadalacademy.com\/wp-content\/uploads\/2025\/12\/Rafa-Nadal-Academy-Padel-Tour-by-The-Adecco-Group-e1765366959608.jpg\",\"datePublished\":\"2025-12-10T11:42:11+00:00\",\"dateModified\":\"2025-12-10T11:55:12+00:00\",\"author\":{\"@id\":\"https:\/\/www.rafanadalacademy.com\/en\/#\/schema\/person\/744897d6ee269641fff954376180ef01\"},\"description\":\"Mallorca has put the finishing touch to the second edition of the Rafa Nadal Academy P\u00e1del Tour by The Adecco Group, the amateur circuit that in 2025 has brought together almost 2,000 players\",\"breadcrumb\":{\"@id\":\"https:\/\/www.rafanadalacademy.com\/en\/news\/the-rafa-nadal-academy-padel-tour-by-the-adecco-group-breaks-records-in-its-second-edition\/#breadcrumb\"},\"inLanguage\":\"en-US\",\"potentialAction\":[{\"@type\":\"ReadAction\",\"target\":[\"https:\/\/www.rafanadalacademy.com\/en\/news\/the-rafa-nadal-academy-padel-tour-by-the-adecco-group-breaks-records-in-its-second-edition\/\"]}]},{\"@type\":\"ImageObject\",\"inLanguage\":\"en-US\",\"@id\":\"https:\/\/www.rafanadalacademy.com\/en\/news\/the-rafa-nadal-academy-padel-tour-by-the-adecco-group-breaks-records-in-its-second-edition\/#primaryimage\",\"url\":\"https:\/\/www.rafanadalacademy.com\/wp-content\/uploads\/2025\/12\/Rafa-Nadal-Academy-Padel-Tour-by-The-Adecco-Group-e1765366959608.jpg\",\"contentUrl\":\"https:\/\/www.rafanadalacademy.com\/wp-content\/uploads\/2025\/12\/Rafa-Nadal-Academy-Padel-Tour-by-The-Adecco-Group-e1765366959608.jpg\",\"width\":2560,\"height\":1707,\"caption\":\"Mallorca ha puesto el broche de oro a la segunda edici\u00f3n del Rafa Nadal Academy P\u00e1del Tour by The Adecco Group, el circuito amateur que este a\u00f1o 2025 ha reunido a casi 2.000 jugadores\"},{\"@type\":\"BreadcrumbList\",\"@id\":\"https:\/\/www.rafanadalacademy.com\/en\/news\/the-rafa-nadal-academy-padel-tour-by-the-adecco-group-breaks-records-in-its-second-edition\/#breadcrumb\",\"itemListElement\":[{\"@type\":\"ListItem\",\"position\":1,\"name\":\"Home\",\"item\":\"https:\/\/www.rafanadalacademy.com\/en\/\"},{\"@type\":\"ListItem\",\"position\":2,\"name\":\"The Rafa Nadal Academy P\u00e1del Tour by The Adecco Group breaks records in its second edition\"}]},{\"@type\":\"WebSite\",\"@id\":\"https:\/\/www.rafanadalacademy.com\/en\/#website\",\"url\":\"https:\/\/www.rafanadalacademy.com\/en\/\",\"name\":\"Rafa Nadal Academy\",\"description\":\"Otro sitio realizado con WordPress\",\"potentialAction\":[{\"@type\":\"SearchAction\",\"target\":{\"@type\":\"EntryPoint\",\"urlTemplate\":\"https:\/\/www.rafanadalacademy.com\/en\/?s={search_term_string}\"},\"query-input\":{\"@type\":\"PropertyValueSpecification\",\"valueRequired\":true,\"valueName\":\"search_term_string\"}}],\"inLanguage\":\"en-US\"},{\"@type\":\"Person\",\"@id\":\"https:\/\/www.rafanadalacademy.com\/en\/#\/schema\/person\/744897d6ee269641fff954376180ef01\",\"name\":\"joseluisprados\",\"image\":{\"@type\":\"ImageObject\",\"inLanguage\":\"en-US\",\"@id\":\"https:\/\/www.rafanadalacademy.com\/en\/#\/schema\/person\/image\/\",\"url\":\"https:\/\/secure.gravatar.com\/avatar\/8aa823a6e5501864ffab4785d9e2a994b59c2d45c9f9751c5a532abfec081e5f?s=96&d=mm&r=g\",\"contentUrl\":\"https:\/\/secure.gravatar.com\/avatar\/8aa823a6e5501864ffab4785d9e2a994b59c2d45c9f9751c5a532abfec081e5f?s=96&d=mm&r=g\",\"caption\":\"joseluisprados\"},\"url\":\"https:\/\/www.rafanadalacademy.com\/en\/author\/joseluisprados\/\"},{\"@type\":\"ImageObject\",\"inLanguage\":\"en-US\",\"@id\":\"https:\/\/www.rafanadalacademy.com\/en\/news\/the-rafa-nadal-academy-padel-tour-by-the-adecco-group-breaks-records-in-its-second-edition\/#local-main-organization-logo\",\"url\":\"\",\"contentUrl\":\"\",\"caption\":\"Rafa Nadal Academy\"}]}<\/script>\n<!-- \/ Yoast SEO Premium plugin. -->","yoast_head_json":{"title":"The Rafa Nadal Academy P\u00e1del Tour by The Adecco Group breaks records in its second edition - Rafa Nadal Academy","description":"Mallorca has put the finishing touch to the second edition of the Rafa Nadal Academy P\u00e1del Tour by The Adecco Group, the amateur circuit that in 2025 has brought together almost 2,000 players","robots":{"index":"index","follow":"follow","max-snippet":"max-snippet:-1","max-image-preview":"max-image-preview:large","max-video-preview":"max-video-preview:-1"},"canonical":"https:\/\/www.rafanadalacademy.com\/en\/news\/the-rafa-nadal-academy-padel-tour-by-the-adecco-group-breaks-records-in-its-second-edition\/","og_locale":"en_US","og_type":"article","og_title":"The Rafa Nadal Academy P\u00e1del Tour by The Adecco Group breaks records in its second edition","og_description":"Mallorca has put the finishing touch to the second edition of the Rafa Nadal Academy P\u00e1del Tour by The Adecco Group, the amateur circuit that in 2025 has brought together almost 2,000 players","og_url":"https:\/\/www.rafanadalacademy.com\/en\/news\/the-rafa-nadal-academy-padel-tour-by-the-adecco-group-breaks-records-in-its-second-edition\/","og_site_name":"Rafa Nadal Academy","article_published_time":"2025-12-10T11:42:11+00:00","article_modified_time":"2025-12-10T11:55:12+00:00","og_image":[{"width":2560,"height":1707,"url":"https:\/\/www.rafanadalacademy.com\/wp-content\/uploads\/2025\/12\/Rafa-Nadal-Academy-Padel-Tour-by-The-Adecco-Group-e1765366959608.jpg","type":"image\/jpeg"}],"author":"joseluisprados","twitter_card":"summary_large_image","twitter_misc":{"Written by":"joseluisprados","Est. reading time":"3 minutes"},"schema":{"@context":"https:\/\/schema.org","@graph":[{"@type":"Article","@id":"https:\/\/www.rafanadalacademy.com\/en\/news\/the-rafa-nadal-academy-padel-tour-by-the-adecco-group-breaks-records-in-its-second-edition\/#article","isPartOf":{"@id":"https:\/\/www.rafanadalacademy.com\/en\/news\/the-rafa-nadal-academy-padel-tour-by-the-adecco-group-breaks-records-in-its-second-edition\/"},"author":{"name":"joseluisprados","@id":"https:\/\/www.rafanadalacademy.com\/en\/#\/schema\/person\/744897d6ee269641fff954376180ef01"},"headline":"The Rafa Nadal Academy P\u00e1del Tour by The Adecco Group breaks records in its second edition","datePublished":"2025-12-10T11:42:11+00:00","dateModified":"2025-12-10T11:55:12+00:00","mainEntityOfPage":{"@id":"https:\/\/www.rafanadalacademy.com\/en\/news\/the-rafa-nadal-academy-padel-tour-by-the-adecco-group-breaks-records-in-its-second-edition\/"},"wordCount":684,"image":{"@id":"https:\/\/www.rafanadalacademy.com\/en\/news\/the-rafa-nadal-academy-padel-tour-by-the-adecco-group-breaks-records-in-its-second-edition\/#primaryimage"},"thumbnailUrl":"https:\/\/www.rafanadalacademy.com\/wp-content\/uploads\/2025\/12\/Rafa-Nadal-Academy-Padel-Tour-by-The-Adecco-Group-e1765366959608.jpg","keywords":["RAFA NADAL ACADEMY BY MOVISTAR","RAFA NADAL ACADEMY PADEL TOUR"],"articleSection":["News","PADEL","RAFA NADAL ACADEMY BY MOVISTAR"],"inLanguage":"en-US","copyrightYear":"2025","copyrightHolder":{"@id":"https:\/\/www.rafanadalacademy.com\/#organization"}},{"@type":"WebPage","@id":"https:\/\/www.rafanadalacademy.com\/en\/news\/the-rafa-nadal-academy-padel-tour-by-the-adecco-group-breaks-records-in-its-second-edition\/","url":"https:\/\/www.rafanadalacademy.com\/en\/news\/the-rafa-nadal-academy-padel-tour-by-the-adecco-group-breaks-records-in-its-second-edition\/","name":"The Rafa Nadal Academy P\u00e1del Tour by The Adecco Group breaks records in its second edition - Rafa Nadal Academy","isPartOf":{"@id":"https:\/\/www.rafanadalacademy.com\/en\/#website"},"primaryImageOfPage":{"@id":"https:\/\/www.rafanadalacademy.com\/en\/news\/the-rafa-nadal-academy-padel-tour-by-the-adecco-group-breaks-records-in-its-second-edition\/#primaryimage"},"image":{"@id":"https:\/\/www.rafanadalacademy.com\/en\/news\/the-rafa-nadal-academy-padel-tour-by-the-adecco-group-breaks-records-in-its-second-edition\/#primaryimage"},"thumbnailUrl":"https:\/\/www.rafanadalacademy.com\/wp-content\/uploads\/2025\/12\/Rafa-Nadal-Academy-Padel-Tour-by-The-Adecco-Group-e1765366959608.jpg","datePublished":"2025-12-10T11:42:11+00:00","dateModified":"2025-12-10T11:55:12+00:00","author":{"@id":"https:\/\/www.rafanadalacademy.com\/en\/#\/schema\/person\/744897d6ee269641fff954376180ef01"},"description":"Mallorca has put the finishing touch to the second edition of the Rafa Nadal Academy P\u00e1del Tour by The Adecco Group, the amateur circuit that in 2025 has brought together almost 2,000 players","breadcrumb":{"@id":"https:\/\/www.rafanadalacademy.com\/en\/news\/the-rafa-nadal-academy-padel-tour-by-the-adecco-group-breaks-records-in-its-second-edition\/#breadcrumb"},"inLanguage":"en-US","potentialAction":[{"@type":"ReadAction","target":["https:\/\/www.rafanadalacademy.com\/en\/news\/the-rafa-nadal-academy-padel-tour-by-the-adecco-group-breaks-records-in-its-second-edition\/"]}]},{"@type":"ImageObject","inLanguage":"en-US","@id":"https:\/\/www.rafanadalacademy.com\/en\/news\/the-rafa-nadal-academy-padel-tour-by-the-adecco-group-breaks-records-in-its-second-edition\/#primaryimage","url":"https:\/\/www.rafanadalacademy.com\/wp-content\/uploads\/2025\/12\/Rafa-Nadal-Academy-Padel-Tour-by-The-Adecco-Group-e1765366959608.jpg","contentUrl":"https:\/\/www.rafanadalacademy.com\/wp-content\/uploads\/2025\/12\/Rafa-Nadal-Academy-Padel-Tour-by-The-Adecco-Group-e1765366959608.jpg","width":2560,"height":1707,"caption":"Mallorca ha puesto el broche de oro a la segunda edici\u00f3n del Rafa Nadal Academy P\u00e1del Tour by The Adecco Group, el circuito amateur que este a\u00f1o 2025 ha reunido a casi 2.000 jugadores"},{"@type":"BreadcrumbList","@id":"https:\/\/www.rafanadalacademy.com\/en\/news\/the-rafa-nadal-academy-padel-tour-by-the-adecco-group-breaks-records-in-its-second-edition\/#breadcrumb","itemListElement":[{"@type":"ListItem","position":1,"name":"Home","item":"https:\/\/www.rafanadalacademy.com\/en\/"},{"@type":"ListItem","position":2,"name":"The Rafa Nadal Academy P\u00e1del Tour by The Adecco Group breaks records in its second edition"}]},{"@type":"WebSite","@id":"https:\/\/www.rafanadalacademy.com\/en\/#website","url":"https:\/\/www.rafanadalacademy.com\/en\/","name":"Rafa Nadal Academy","description":"Otro sitio realizado con WordPress","potentialAction":[{"@type":"SearchAction","target":{"@type":"EntryPoint","urlTemplate":"https:\/\/www.rafanadalacademy.com\/en\/?s={search_term_string}"},"query-input":{"@type":"PropertyValueSpecification","valueRequired":true,"valueName":"search_term_string"}}],"inLanguage":"en-US"},{"@type":"Person","@id":"https:\/\/www.rafanadalacademy.com\/en\/#\/schema\/person\/744897d6ee269641fff954376180ef01","name":"joseluisprados","image":{"@type":"ImageObject","inLanguage":"en-US","@id":"https:\/\/www.rafanadalacademy.com\/en\/#\/schema\/person\/image\/","url":"https:\/\/secure.gravatar.com\/avatar\/8aa823a6e5501864ffab4785d9e2a994b59c2d45c9f9751c5a532abfec081e5f?s=96&d=mm&r=g","contentUrl":"https:\/\/secure.gravatar.com\/avatar\/8aa823a6e5501864ffab4785d9e2a994b59c2d45c9f9751c5a532abfec081e5f?s=96&d=mm&r=g","caption":"joseluisprados"},"url":"https:\/\/www.rafanadalacademy.com\/en\/author\/joseluisprados\/"},{"@type":"ImageObject","inLanguage":"en-US","@id":"https:\/\/www.rafanadalacademy.com\/en\/news\/the-rafa-nadal-academy-padel-tour-by-the-adecco-group-breaks-records-in-its-second-edition\/#local-main-organization-logo","url":"","contentUrl":"","caption":"Rafa Nadal Academy"}]}},"_links":{"self":[{"href":"https:\/\/www.rafanadalacademy.com\/en\/wp-json\/wp\/v2\/posts\/37461","targetHints":{"allow":["GET"]}}],"collection":[{"href":"https:\/\/www.rafanadalacademy.com\/en\/wp-json\/wp\/v2\/posts"}],"about":[{"href":"https:\/\/www.rafanadalacademy.com\/en\/wp-json\/wp\/v2\/types\/post"}],"author":[{"embeddable":true,"href":"https:\/\/www.rafanadalacademy.com\/en\/wp-json\/wp\/v2\/users\/23"}],"replies":[{"embeddable":true,"href":"https:\/\/www.rafanadalacademy.com\/en\/wp-json\/wp\/v2\/comments?post=37461"}],"version-history":[{"count":1,"href":"https:\/\/www.rafanadalacademy.com\/en\/wp-json\/wp\/v2\/posts\/37461\/revisions"}],"predecessor-version":[{"id":37462,"href":"https:\/\/www.rafanadalacademy.com\/en\/wp-json\/wp\/v2\/posts\/37461\/revisions\/37462"}],"wp:featuredmedia":[{"embeddable":true,"href":"https:\/\/www.rafanadalacademy.com\/en\/wp-json\/wp\/v2\/media\/37433"}],"wp:attachment":[{"href":"https:\/\/www.rafanadalacademy.com\/en\/wp-json\/wp\/v2\/media?parent=37461"}],"wp:term":[{"taxonomy":"category","embeddable":true,"href":"https:\/\/www.rafanadalacademy.com\/en\/wp-json\/wp\/v2\/categories?post=37461"},{"taxonomy":"post_tag","embeddable":true,"href":"https:\/\/www.rafanadalacademy.com\/en\/wp-json\/wp\/v2\/tags?post=37461"}],"curies":[{"name":"wp","href":"https:\/\/api.w.org\/{rel}","templated":true}]}}