{"id":34267,"date":"2025-10-07T10:38:01","date_gmt":"2025-10-07T10:38:01","guid":{"rendered":"https:\/\/www.rafanadalacademy.com\/sin-categorizar\/korneeva-reigns-in-bratislava-and-claims-her-third-title-of-the-year\/"},"modified":"2025-10-07T10:53:17","modified_gmt":"2025-10-07T10:53:17","slug":"korneeva-reigns-in-bratislava-and-claims-her-third-title-of-the-year","status":"publish","type":"post","link":"https:\/\/www.rafanadalacademy.com\/en\/rafa-nadal-academy-by-movistar-en\/korneeva-reigns-in-bratislava-and-claims-her-third-title-of-the-year\/","title":{"rendered":"Korneeva reigns in Bratislava and claims her third title of the year"},"content":{"rendered":"\n<p>Alina Korneeva continues her unstoppable run at the end of the season. The young Russian player, a former junior Grand Slam champion, captured the ITF W75 title in Bratislava after defeating Czech player Lucie Havlickova 7-6, 7-5 in a thrilling final that confirmed her outstanding form. <\/p>\n\n<figure class=\"wp-block-image size-full\"><img decoding=\"async\" src=\"https:\/\/www.rafanadalacademy.com\/wp-content\/uploads\/2025\/10\/&#x1F3C6;-Third-ITF-title-of-the-yearHuge-congrats-@aliakorneeva2007-on-winning-the-@itfworldtennisto-e1759833260386.jpg\" alt=\"Alina Korneeva, champions in Bratislava\" class=\"wp-image-34253\"\/><\/figure>\n\n<div style=\"height:50px\" aria-hidden=\"true\" class=\"wp-block-spacer\"><\/div>\n\n<p>With this victory, Korneeva \u2014 who trains at the Rafa Nadal Academy under the guidance of Anabel Medina and Joan Carles Alcal\u00e1 \u2014 has now won 15 of her last 16 matches, an impressive streak that establishes her as one of the most in-form players on the ITF circuit. The title in the Slovak capital is her third trophy of the season, following triumphs in \u00c9vora and Leiria, both in Portugal. <\/p>\n\n<p>Korneeva\u2019s new success adds to the brilliant performances of the Rafa Nadal Academy men\u2019s team, which has also recently celebrated three ATP Challenger titles: Dani Rinc\u00f3n, champion of the Rafa Nadal Open by Movistar; Mart\u00edn Landaluce, winner in Orl\u00e9ans; and Abdullah Shelbayh, champion in Las Vegas.<\/p>\n\n<div style=\"height:51px\" aria-hidden=\"true\" class=\"wp-block-spacer\"><\/div>\n\n<figure class=\"wp-block-embed is-type-rich is-provider-twitter wp-block-embed-twitter\"><div class=\"wp-block-embed__wrapper\">\n<blockquote class=\"twitter-tweet\" data-width=\"500\" data-dnt=\"true\"><p lang=\"en\" dir=\"ltr\">\ud83c\udfc6 Third ITF title of the year!<br>Huge congrats Alina Korneeva on winning the <a href=\"https:\/\/twitter.com\/ITFTennis?ref_src=twsrc%5Etfw\">@ITFTennis<\/a> tournament in Bratislava! \ud83c\uddf8\ud83c\uddf0<br><br>What an amazing couple of months \u2014 full of hard work, passion, and great results. VAMOS\ud83d\udd25 <a href=\"https:\/\/t.co\/UcCRXDsCty\">pic.twitter.com\/UcCRXDsCty<\/a><\/p>&mdash; Rafa Nadal Academy (@rnadalacademy) <a href=\"https:\/\/twitter.com\/rnadalacademy\/status\/1975101411747836130?ref_src=twsrc%5Etfw\">October 6, 2025<\/a><\/blockquote><script async src=\"https:\/\/platform.twitter.com\/widgets.js\" charset=\"utf-8\"><\/script>\n<\/div><\/figure>\n\n<div style=\"height:51px\" aria-hidden=\"true\" class=\"wp-block-spacer\"><\/div>\n\n<p>A shared winning streak that reflects the hard work, dedication, and passion that define the day-to-day life at the Academy \u2014 and continues to bear fruit across both the men\u2019s and women\u2019s tours.<br\/><\/p>\n\n<p><strong>Congratulations to Alina Korneeva on her new ITF title!<br\/> <br\/> <br\/>\n<\/strong><\/p>\n\n<div style=\"height:51px\" aria-hidden=\"true\" class=\"wp-block-spacer\"><\/div>\n","protected":false},"excerpt":{"rendered":"<p>Alina Korneeva continues her unstoppable run at the end of the season. The young Russian player, a former junior Grand Slam champion, captured the ITF W75 title in Bratislava after defeating Czech player Lucie Havlickova 7-6, 7-5 in a thrilling final that confirmed her outstanding form. With this victory, Korneeva \u2014 who trains at the<a href=\"https:\/\/www.rafanadalacademy.com\/en\/rafa-nadal-academy-by-movistar-en\/korneeva-reigns-in-bratislava-and-claims-her-third-title-of-the-year\/\">Continue reading <span class=\"sr-only\">&#8220;Korneeva reigns in Bratislava and claims her third title of the year&#8221;<\/span><\/a><\/p>\n","protected":false},"author":23,"featured_media":34255,"comment_status":"closed","ping_status":"closed","sticky":false,"template":"","format":"standard","meta":{"_acf_changed":false,"footnotes":""},"categories":[144,132],"tags":[134],"class_list":["post-34267","post","type-post","status-publish","format-standard","has-post-thumbnail","hentry","category-news","category-rafa-nadal-academy-by-movistar-en","tag-rafa-nadal-academy-by-movistar-en"],"acf":[],"yoast_head":"<!-- This site is optimized with the Yoast SEO Premium plugin v26.8 (Yoast SEO v26.9) - https:\/\/yoast.com\/product\/yoast-seo-premium-wordpress\/ -->\n<title>Korneeva reigns in Bratislava and claims her third title of the year - Rafa Nadal Academy<\/title>\n<meta name=\"description\" content=\"Alina Korneeva continues her unstoppable run at the end of the season. The young Russian playe captured the ITF W75 title in Bratislava\" \/>\n<meta name=\"robots\" content=\"index, follow, max-snippet:-1, max-image-preview:large, max-video-preview:-1\" \/>\n<link rel=\"canonical\" href=\"https:\/\/www.rafanadalacademy.com\/en\/rafa-nadal-academy-by-movistar-en\/korneeva-reigns-in-bratislava-and-claims-her-third-title-of-the-year\/\" \/>\n<meta property=\"og:locale\" content=\"en_US\" \/>\n<meta property=\"og:type\" content=\"article\" \/>\n<meta property=\"og:title\" content=\"Korneeva reigns in Bratislava and claims her third title of the year\" \/>\n<meta property=\"og:description\" content=\"Alina Korneeva continues her unstoppable run at the end of the season. The young Russian playe captured the ITF W75 title in Bratislava\" \/>\n<meta property=\"og:url\" content=\"https:\/\/www.rafanadalacademy.com\/en\/rafa-nadal-academy-by-movistar-en\/korneeva-reigns-in-bratislava-and-claims-her-third-title-of-the-year\/\" \/>\n<meta property=\"og:site_name\" content=\"Rafa Nadal Academy\" \/>\n<meta property=\"article:published_time\" content=\"2025-10-07T10:38:01+00:00\" \/>\n<meta property=\"article:modified_time\" content=\"2025-10-07T10:53:17+00:00\" \/>\n<meta property=\"og:image\" content=\"https:\/\/www.rafanadalacademy.com\/wp-content\/uploads\/2025\/10\/\ud83c\udfc6-Third-ITF-title-of-the-yearHuge-congrats-@aliakorneeva2007-on-winning-the-@itfworldtennisto-e1759833411251.jpg\" \/>\n\t<meta property=\"og:image:width\" content=\"1080\" \/>\n\t<meta property=\"og:image:height\" content=\"1350\" \/>\n\t<meta property=\"og:image:type\" content=\"image\/jpeg\" \/>\n<meta name=\"author\" content=\"joseluisprados\" \/>\n<meta name=\"twitter:card\" content=\"summary_large_image\" \/>\n<meta name=\"twitter:label1\" content=\"Written by\" \/>\n\t<meta name=\"twitter:data1\" content=\"joseluisprados\" \/>\n\t<meta name=\"twitter:label2\" content=\"Est. reading time\" \/>\n\t<meta name=\"twitter:data2\" content=\"1 minute\" \/>\n<script type=\"application\/ld+json\" class=\"yoast-schema-graph\">{\"@context\":\"https:\/\/schema.org\",\"@graph\":[{\"@type\":\"Article\",\"@id\":\"https:\/\/www.rafanadalacademy.com\/en\/rafa-nadal-academy-by-movistar-en\/korneeva-reigns-in-bratislava-and-claims-her-third-title-of-the-year\/#article\",\"isPartOf\":{\"@id\":\"https:\/\/www.rafanadalacademy.com\/en\/rafa-nadal-academy-by-movistar-en\/korneeva-reigns-in-bratislava-and-claims-her-third-title-of-the-year\/\"},\"author\":{\"name\":\"joseluisprados\",\"@id\":\"https:\/\/www.rafanadalacademy.com\/en\/#\/schema\/person\/744897d6ee269641fff954376180ef01\"},\"headline\":\"Korneeva reigns in Bratislava and claims her third title of the year\",\"datePublished\":\"2025-10-07T10:38:01+00:00\",\"dateModified\":\"2025-10-07T10:53:17+00:00\",\"mainEntityOfPage\":{\"@id\":\"https:\/\/www.rafanadalacademy.com\/en\/rafa-nadal-academy-by-movistar-en\/korneeva-reigns-in-bratislava-and-claims-her-third-title-of-the-year\/\"},\"wordCount\":224,\"image\":{\"@id\":\"https:\/\/www.rafanadalacademy.com\/en\/rafa-nadal-academy-by-movistar-en\/korneeva-reigns-in-bratislava-and-claims-her-third-title-of-the-year\/#primaryimage\"},\"thumbnailUrl\":\"https:\/\/www.rafanadalacademy.com\/wp-content\/uploads\/2025\/10\/\ud83c\udfc6-Third-ITF-title-of-the-yearHuge-congrats-@aliakorneeva2007-on-winning-the-@itfworldtennisto-e1759833411251.jpg\",\"keywords\":[\"RAFA NADAL ACADEMY BY MOVISTAR\"],\"articleSection\":[\"News\",\"RAFA NADAL ACADEMY BY MOVISTAR\"],\"inLanguage\":\"en-US\",\"copyrightYear\":\"2025\",\"copyrightHolder\":{\"@id\":\"https:\/\/www.rafanadalacademy.com\/#organization\"}},{\"@type\":\"WebPage\",\"@id\":\"https:\/\/www.rafanadalacademy.com\/en\/rafa-nadal-academy-by-movistar-en\/korneeva-reigns-in-bratislava-and-claims-her-third-title-of-the-year\/\",\"url\":\"https:\/\/www.rafanadalacademy.com\/en\/rafa-nadal-academy-by-movistar-en\/korneeva-reigns-in-bratislava-and-claims-her-third-title-of-the-year\/\",\"name\":\"Korneeva reigns in Bratislava and claims her third title of the year - Rafa Nadal Academy\",\"isPartOf\":{\"@id\":\"https:\/\/www.rafanadalacademy.com\/en\/#website\"},\"primaryImageOfPage\":{\"@id\":\"https:\/\/www.rafanadalacademy.com\/en\/rafa-nadal-academy-by-movistar-en\/korneeva-reigns-in-bratislava-and-claims-her-third-title-of-the-year\/#primaryimage\"},\"image\":{\"@id\":\"https:\/\/www.rafanadalacademy.com\/en\/rafa-nadal-academy-by-movistar-en\/korneeva-reigns-in-bratislava-and-claims-her-third-title-of-the-year\/#primaryimage\"},\"thumbnailUrl\":\"https:\/\/www.rafanadalacademy.com\/wp-content\/uploads\/2025\/10\/\ud83c\udfc6-Third-ITF-title-of-the-yearHuge-congrats-@aliakorneeva2007-on-winning-the-@itfworldtennisto-e1759833411251.jpg\",\"datePublished\":\"2025-10-07T10:38:01+00:00\",\"dateModified\":\"2025-10-07T10:53:17+00:00\",\"author\":{\"@id\":\"https:\/\/www.rafanadalacademy.com\/en\/#\/schema\/person\/744897d6ee269641fff954376180ef01\"},\"description\":\"Alina Korneeva continues her unstoppable run at the end of the season. The young Russian playe captured the ITF W75 title in Bratislava\",\"breadcrumb\":{\"@id\":\"https:\/\/www.rafanadalacademy.com\/en\/rafa-nadal-academy-by-movistar-en\/korneeva-reigns-in-bratislava-and-claims-her-third-title-of-the-year\/#breadcrumb\"},\"inLanguage\":\"en-US\",\"potentialAction\":[{\"@type\":\"ReadAction\",\"target\":[\"https:\/\/www.rafanadalacademy.com\/en\/rafa-nadal-academy-by-movistar-en\/korneeva-reigns-in-bratislava-and-claims-her-third-title-of-the-year\/\"]}]},{\"@type\":\"ImageObject\",\"inLanguage\":\"en-US\",\"@id\":\"https:\/\/www.rafanadalacademy.com\/en\/rafa-nadal-academy-by-movistar-en\/korneeva-reigns-in-bratislava-and-claims-her-third-title-of-the-year\/#primaryimage\",\"url\":\"https:\/\/www.rafanadalacademy.com\/wp-content\/uploads\/2025\/10\/\ud83c\udfc6-Third-ITF-title-of-the-yearHuge-congrats-@aliakorneeva2007-on-winning-the-@itfworldtennisto-e1759833411251.jpg\",\"contentUrl\":\"https:\/\/www.rafanadalacademy.com\/wp-content\/uploads\/2025\/10\/\ud83c\udfc6-Third-ITF-title-of-the-yearHuge-congrats-@aliakorneeva2007-on-winning-the-@itfworldtennisto-e1759833411251.jpg\",\"width\":1080,\"height\":1350,\"caption\":\"https:\/\/www.instagram.com\/p\/DPdZ5EQiBi8\/?img_index=1&igsh=MTBzYWYwbGk1c3V6NQ%3D%3D\"},{\"@type\":\"BreadcrumbList\",\"@id\":\"https:\/\/www.rafanadalacademy.com\/en\/rafa-nadal-academy-by-movistar-en\/korneeva-reigns-in-bratislava-and-claims-her-third-title-of-the-year\/#breadcrumb\",\"itemListElement\":[{\"@type\":\"ListItem\",\"position\":1,\"name\":\"Home\",\"item\":\"https:\/\/www.rafanadalacademy.com\/en\/\"},{\"@type\":\"ListItem\",\"position\":2,\"name\":\"Korneeva reigns in Bratislava and claims her third title of the year\"}]},{\"@type\":\"WebSite\",\"@id\":\"https:\/\/www.rafanadalacademy.com\/en\/#website\",\"url\":\"https:\/\/www.rafanadalacademy.com\/en\/\",\"name\":\"Rafa Nadal Academy\",\"description\":\"Otro sitio realizado con WordPress\",\"potentialAction\":[{\"@type\":\"SearchAction\",\"target\":{\"@type\":\"EntryPoint\",\"urlTemplate\":\"https:\/\/www.rafanadalacademy.com\/en\/?s={search_term_string}\"},\"query-input\":{\"@type\":\"PropertyValueSpecification\",\"valueRequired\":true,\"valueName\":\"search_term_string\"}}],\"inLanguage\":\"en-US\"},{\"@type\":\"Person\",\"@id\":\"https:\/\/www.rafanadalacademy.com\/en\/#\/schema\/person\/744897d6ee269641fff954376180ef01\",\"name\":\"joseluisprados\",\"image\":{\"@type\":\"ImageObject\",\"inLanguage\":\"en-US\",\"@id\":\"https:\/\/www.rafanadalacademy.com\/en\/#\/schema\/person\/image\/\",\"url\":\"https:\/\/secure.gravatar.com\/avatar\/8aa823a6e5501864ffab4785d9e2a994b59c2d45c9f9751c5a532abfec081e5f?s=96&d=mm&r=g\",\"contentUrl\":\"https:\/\/secure.gravatar.com\/avatar\/8aa823a6e5501864ffab4785d9e2a994b59c2d45c9f9751c5a532abfec081e5f?s=96&d=mm&r=g\",\"caption\":\"joseluisprados\"},\"url\":\"https:\/\/www.rafanadalacademy.com\/en\/author\/joseluisprados\/\"},{\"@type\":\"ImageObject\",\"inLanguage\":\"en-US\",\"@id\":\"https:\/\/www.rafanadalacademy.com\/en\/rafa-nadal-academy-by-movistar-en\/korneeva-reigns-in-bratislava-and-claims-her-third-title-of-the-year\/#local-main-organization-logo\",\"url\":\"\",\"contentUrl\":\"\",\"caption\":\"Rafa Nadal Academy\"}]}<\/script>\n<!-- \/ Yoast SEO Premium plugin. -->","yoast_head_json":{"title":"Korneeva reigns in Bratislava and claims her third title of the year - Rafa Nadal Academy","description":"Alina Korneeva continues her unstoppable run at the end of the season. The young Russian playe captured the ITF W75 title in Bratislava","robots":{"index":"index","follow":"follow","max-snippet":"max-snippet:-1","max-image-preview":"max-image-preview:large","max-video-preview":"max-video-preview:-1"},"canonical":"https:\/\/www.rafanadalacademy.com\/en\/rafa-nadal-academy-by-movistar-en\/korneeva-reigns-in-bratislava-and-claims-her-third-title-of-the-year\/","og_locale":"en_US","og_type":"article","og_title":"Korneeva reigns in Bratislava and claims her third title of the year","og_description":"Alina Korneeva continues her unstoppable run at the end of the season. The young Russian playe captured the ITF W75 title in Bratislava","og_url":"https:\/\/www.rafanadalacademy.com\/en\/rafa-nadal-academy-by-movistar-en\/korneeva-reigns-in-bratislava-and-claims-her-third-title-of-the-year\/","og_site_name":"Rafa Nadal Academy","article_published_time":"2025-10-07T10:38:01+00:00","article_modified_time":"2025-10-07T10:53:17+00:00","og_image":[{"width":1080,"height":1350,"url":"https:\/\/www.rafanadalacademy.com\/wp-content\/uploads\/2025\/10\/\ud83c\udfc6-Third-ITF-title-of-the-yearHuge-congrats-@aliakorneeva2007-on-winning-the-@itfworldtennisto-e1759833411251.jpg","type":"image\/jpeg"}],"author":"joseluisprados","twitter_card":"summary_large_image","twitter_misc":{"Written by":"joseluisprados","Est. reading time":"1 minute"},"schema":{"@context":"https:\/\/schema.org","@graph":[{"@type":"Article","@id":"https:\/\/www.rafanadalacademy.com\/en\/rafa-nadal-academy-by-movistar-en\/korneeva-reigns-in-bratislava-and-claims-her-third-title-of-the-year\/#article","isPartOf":{"@id":"https:\/\/www.rafanadalacademy.com\/en\/rafa-nadal-academy-by-movistar-en\/korneeva-reigns-in-bratislava-and-claims-her-third-title-of-the-year\/"},"author":{"name":"joseluisprados","@id":"https:\/\/www.rafanadalacademy.com\/en\/#\/schema\/person\/744897d6ee269641fff954376180ef01"},"headline":"Korneeva reigns in Bratislava and claims her third title of the year","datePublished":"2025-10-07T10:38:01+00:00","dateModified":"2025-10-07T10:53:17+00:00","mainEntityOfPage":{"@id":"https:\/\/www.rafanadalacademy.com\/en\/rafa-nadal-academy-by-movistar-en\/korneeva-reigns-in-bratislava-and-claims-her-third-title-of-the-year\/"},"wordCount":224,"image":{"@id":"https:\/\/www.rafanadalacademy.com\/en\/rafa-nadal-academy-by-movistar-en\/korneeva-reigns-in-bratislava-and-claims-her-third-title-of-the-year\/#primaryimage"},"thumbnailUrl":"https:\/\/www.rafanadalacademy.com\/wp-content\/uploads\/2025\/10\/\ud83c\udfc6-Third-ITF-title-of-the-yearHuge-congrats-@aliakorneeva2007-on-winning-the-@itfworldtennisto-e1759833411251.jpg","keywords":["RAFA NADAL ACADEMY BY MOVISTAR"],"articleSection":["News","RAFA NADAL ACADEMY BY MOVISTAR"],"inLanguage":"en-US","copyrightYear":"2025","copyrightHolder":{"@id":"https:\/\/www.rafanadalacademy.com\/#organization"}},{"@type":"WebPage","@id":"https:\/\/www.rafanadalacademy.com\/en\/rafa-nadal-academy-by-movistar-en\/korneeva-reigns-in-bratislava-and-claims-her-third-title-of-the-year\/","url":"https:\/\/www.rafanadalacademy.com\/en\/rafa-nadal-academy-by-movistar-en\/korneeva-reigns-in-bratislava-and-claims-her-third-title-of-the-year\/","name":"Korneeva reigns in Bratislava and claims her third title of the year - Rafa Nadal Academy","isPartOf":{"@id":"https:\/\/www.rafanadalacademy.com\/en\/#website"},"primaryImageOfPage":{"@id":"https:\/\/www.rafanadalacademy.com\/en\/rafa-nadal-academy-by-movistar-en\/korneeva-reigns-in-bratislava-and-claims-her-third-title-of-the-year\/#primaryimage"},"image":{"@id":"https:\/\/www.rafanadalacademy.com\/en\/rafa-nadal-academy-by-movistar-en\/korneeva-reigns-in-bratislava-and-claims-her-third-title-of-the-year\/#primaryimage"},"thumbnailUrl":"https:\/\/www.rafanadalacademy.com\/wp-content\/uploads\/2025\/10\/\ud83c\udfc6-Third-ITF-title-of-the-yearHuge-congrats-@aliakorneeva2007-on-winning-the-@itfworldtennisto-e1759833411251.jpg","datePublished":"2025-10-07T10:38:01+00:00","dateModified":"2025-10-07T10:53:17+00:00","author":{"@id":"https:\/\/www.rafanadalacademy.com\/en\/#\/schema\/person\/744897d6ee269641fff954376180ef01"},"description":"Alina Korneeva continues her unstoppable run at the end of the season. The young Russian playe captured the ITF W75 title in Bratislava","breadcrumb":{"@id":"https:\/\/www.rafanadalacademy.com\/en\/rafa-nadal-academy-by-movistar-en\/korneeva-reigns-in-bratislava-and-claims-her-third-title-of-the-year\/#breadcrumb"},"inLanguage":"en-US","potentialAction":[{"@type":"ReadAction","target":["https:\/\/www.rafanadalacademy.com\/en\/rafa-nadal-academy-by-movistar-en\/korneeva-reigns-in-bratislava-and-claims-her-third-title-of-the-year\/"]}]},{"@type":"ImageObject","inLanguage":"en-US","@id":"https:\/\/www.rafanadalacademy.com\/en\/rafa-nadal-academy-by-movistar-en\/korneeva-reigns-in-bratislava-and-claims-her-third-title-of-the-year\/#primaryimage","url":"https:\/\/www.rafanadalacademy.com\/wp-content\/uploads\/2025\/10\/\ud83c\udfc6-Third-ITF-title-of-the-yearHuge-congrats-@aliakorneeva2007-on-winning-the-@itfworldtennisto-e1759833411251.jpg","contentUrl":"https:\/\/www.rafanadalacademy.com\/wp-content\/uploads\/2025\/10\/\ud83c\udfc6-Third-ITF-title-of-the-yearHuge-congrats-@aliakorneeva2007-on-winning-the-@itfworldtennisto-e1759833411251.jpg","width":1080,"height":1350,"caption":"https:\/\/www.instagram.com\/p\/DPdZ5EQiBi8\/?img_index=1&igsh=MTBzYWYwbGk1c3V6NQ%3D%3D"},{"@type":"BreadcrumbList","@id":"https:\/\/www.rafanadalacademy.com\/en\/rafa-nadal-academy-by-movistar-en\/korneeva-reigns-in-bratislava-and-claims-her-third-title-of-the-year\/#breadcrumb","itemListElement":[{"@type":"ListItem","position":1,"name":"Home","item":"https:\/\/www.rafanadalacademy.com\/en\/"},{"@type":"ListItem","position":2,"name":"Korneeva reigns in Bratislava and claims her third title of the year"}]},{"@type":"WebSite","@id":"https:\/\/www.rafanadalacademy.com\/en\/#website","url":"https:\/\/www.rafanadalacademy.com\/en\/","name":"Rafa Nadal Academy","description":"Otro sitio realizado con WordPress","potentialAction":[{"@type":"SearchAction","target":{"@type":"EntryPoint","urlTemplate":"https:\/\/www.rafanadalacademy.com\/en\/?s={search_term_string}"},"query-input":{"@type":"PropertyValueSpecification","valueRequired":true,"valueName":"search_term_string"}}],"inLanguage":"en-US"},{"@type":"Person","@id":"https:\/\/www.rafanadalacademy.com\/en\/#\/schema\/person\/744897d6ee269641fff954376180ef01","name":"joseluisprados","image":{"@type":"ImageObject","inLanguage":"en-US","@id":"https:\/\/www.rafanadalacademy.com\/en\/#\/schema\/person\/image\/","url":"https:\/\/secure.gravatar.com\/avatar\/8aa823a6e5501864ffab4785d9e2a994b59c2d45c9f9751c5a532abfec081e5f?s=96&d=mm&r=g","contentUrl":"https:\/\/secure.gravatar.com\/avatar\/8aa823a6e5501864ffab4785d9e2a994b59c2d45c9f9751c5a532abfec081e5f?s=96&d=mm&r=g","caption":"joseluisprados"},"url":"https:\/\/www.rafanadalacademy.com\/en\/author\/joseluisprados\/"},{"@type":"ImageObject","inLanguage":"en-US","@id":"https:\/\/www.rafanadalacademy.com\/en\/rafa-nadal-academy-by-movistar-en\/korneeva-reigns-in-bratislava-and-claims-her-third-title-of-the-year\/#local-main-organization-logo","url":"","contentUrl":"","caption":"Rafa Nadal Academy"}]}},"_links":{"self":[{"href":"https:\/\/www.rafanadalacademy.com\/en\/wp-json\/wp\/v2\/posts\/34267","targetHints":{"allow":["GET"]}}],"collection":[{"href":"https:\/\/www.rafanadalacademy.com\/en\/wp-json\/wp\/v2\/posts"}],"about":[{"href":"https:\/\/www.rafanadalacademy.com\/en\/wp-json\/wp\/v2\/types\/post"}],"author":[{"embeddable":true,"href":"https:\/\/www.rafanadalacademy.com\/en\/wp-json\/wp\/v2\/users\/23"}],"replies":[{"embeddable":true,"href":"https:\/\/www.rafanadalacademy.com\/en\/wp-json\/wp\/v2\/comments?post=34267"}],"version-history":[{"count":3,"href":"https:\/\/www.rafanadalacademy.com\/en\/wp-json\/wp\/v2\/posts\/34267\/revisions"}],"predecessor-version":[{"id":34270,"href":"https:\/\/www.rafanadalacademy.com\/en\/wp-json\/wp\/v2\/posts\/34267\/revisions\/34270"}],"wp:featuredmedia":[{"embeddable":true,"href":"https:\/\/www.rafanadalacademy.com\/en\/wp-json\/wp\/v2\/media\/34255"}],"wp:attachment":[{"href":"https:\/\/www.rafanadalacademy.com\/en\/wp-json\/wp\/v2\/media?parent=34267"}],"wp:term":[{"taxonomy":"category","embeddable":true,"href":"https:\/\/www.rafanadalacademy.com\/en\/wp-json\/wp\/v2\/categories?post=34267"},{"taxonomy":"post_tag","embeddable":true,"href":"https:\/\/www.rafanadalacademy.com\/en\/wp-json\/wp\/v2\/tags?post=34267"}],"curies":[{"name":"wp","href":"https:\/\/api.w.org\/{rel}","templated":true}]}}