{"id":31439,"date":"2025-08-31T19:50:14","date_gmt":"2025-08-31T19:50:14","guid":{"rendered":"https:\/\/www.rafanadalacademy.com\/sin-categorizar\/dani-rincon-is-crowned-champion-of-the-rafa-nadal-open-by-movistar-while-rafa-nadal-watches-on\/"},"modified":"2025-08-31T20:14:11","modified_gmt":"2025-08-31T20:14:11","slug":"dani-rincon-is-crowned-champion-of-the-rafa-nadal-open-by-movistar-while-rafa-nadal-watches-on","status":"publish","type":"post","link":"https:\/\/www.rafanadalacademy.com\/en\/rafa-nadal-academy-by-movistar-en\/dani-rincon-is-crowned-champion-of-the-rafa-nadal-open-by-movistar-while-rafa-nadal-watches-on\/","title":{"rendered":"Dani Rinc\u00f3n is crowned champion of the Rafa Nadal Open by Movistar, while Rafa Nadal watches on"},"content":{"rendered":"\n<p><strong>Dani Rinc\u00f3n<\/strong> won the seventh edition of the <strong>Rafa Nadal Open by Movistar<\/strong> , an <strong>ATP Challenger Tour<\/strong> tournament held this week at the Rafa Nadal Academy. After a tough battle for the title and in front of a packed Centre Court, the player from Avila defeated Austrian <strong>Jurij Rodionov<\/strong> 7-6(3), 6-2, in one hour and 43 minutes of play. <\/p>\n\n<figure class=\"wp-block-image size-large\"><img loading=\"lazy\" decoding=\"async\" width=\"1024\" height=\"683\" src=\"https:\/\/www.rafanadalacademy.com\/wp-content\/uploads\/2025\/08\/Imagen-de-WhatsApp-2025-08-31-a-las-21.47.08_b6e57c75-1024x683.jpg\" alt=\"\" class=\"wp-image-31430\" srcset=\"https:\/\/www.rafanadalacademy.com\/wp-content\/uploads\/2025\/08\/Imagen-de-WhatsApp-2025-08-31-a-las-21.47.08_b6e57c75-1024x683.jpg 1024w, https:\/\/www.rafanadalacademy.com\/wp-content\/uploads\/2025\/08\/Imagen-de-WhatsApp-2025-08-31-a-las-21.47.08_b6e57c75-300x200.jpg 300w, https:\/\/www.rafanadalacademy.com\/wp-content\/uploads\/2025\/08\/Imagen-de-WhatsApp-2025-08-31-a-las-21.47.08_b6e57c75-768x512.jpg 768w, https:\/\/www.rafanadalacademy.com\/wp-content\/uploads\/2025\/08\/Imagen-de-WhatsApp-2025-08-31-a-las-21.47.08_b6e57c75-1536x1024.jpg 1536w, https:\/\/www.rafanadalacademy.com\/wp-content\/uploads\/2025\/08\/Imagen-de-WhatsApp-2025-08-31-a-las-21.47.08_b6e57c75-2048x1365.jpg 2048w\" sizes=\"auto, (max-width: 1024px) 100vw, 1024px\" \/><\/figure>\n\n<div style=\"height:57px\" aria-hidden=\"true\" class=\"wp-block-spacer\"><\/div>\n\n<p>Rinc\u00f3n, trained at the Rafa Nadal Academy and the 2021 <strong>US Open Junior champion<\/strong> , got off to a blistering start, taking a 3-0 lead in the first set. However, Rodionov fought back and recovered the break in the seventh game, later leveling the set at four. The final result came in the tiebreak, where Dani gave no chance.  <\/p>\n\n<p>In the second set, Rinc\u00f3n broke his opponent&#8217;s serve in the third game and did so again in the fifth, closing out the match with a clear 6-2.<\/p>\n\n<p>After collecting the Champion&#8217;s trophy from Carmen S\u00e1nchez de Medina, Head of Sponsorship at Telef\u00f3nica, Dani Rinc\u00f3n began his speech with an emotional thank you to the Rafa Nadal Academy: <strong><em>&#8220;They brought me here six years ago, they trusted me when I was a child, they&#8217;ve helped me so much, and thank you so much for trusting me from the beginning.&#8221;<\/em><\/strong><\/p>\n\n<p>The tournament, already established as one of the benchmarks on the ATP Challenger circuit, was attended during the week by <strong>Rafa Nadal<\/strong> himself, who also did not want to miss the grand final.<\/p>\n\n<figure class=\"wp-block-image size-large\"><img loading=\"lazy\" decoding=\"async\" width=\"1024\" height=\"683\" src=\"https:\/\/www.rafanadalacademy.com\/wp-content\/uploads\/2025\/08\/Imagen-de-WhatsApp-2025-08-31-a-las-20.12.51_bd86487f-1024x683.jpg\" alt=\"\" class=\"wp-image-31404\" srcset=\"https:\/\/www.rafanadalacademy.com\/wp-content\/uploads\/2025\/08\/Imagen-de-WhatsApp-2025-08-31-a-las-20.12.51_bd86487f-1024x683.jpg 1024w, https:\/\/www.rafanadalacademy.com\/wp-content\/uploads\/2025\/08\/Imagen-de-WhatsApp-2025-08-31-a-las-20.12.51_bd86487f-300x200.jpg 300w, https:\/\/www.rafanadalacademy.com\/wp-content\/uploads\/2025\/08\/Imagen-de-WhatsApp-2025-08-31-a-las-20.12.51_bd86487f-768x512.jpg 768w, https:\/\/www.rafanadalacademy.com\/wp-content\/uploads\/2025\/08\/Imagen-de-WhatsApp-2025-08-31-a-las-20.12.51_bd86487f-1536x1024.jpg 1536w, https:\/\/www.rafanadalacademy.com\/wp-content\/uploads\/2025\/08\/Imagen-de-WhatsApp-2025-08-31-a-las-20.12.51_bd86487f-2048x1365.jpg 2048w\" sizes=\"auto, (max-width: 1024px) 100vw, 1024px\" \/><\/figure>\n\n<div style=\"height:57px\" aria-hidden=\"true\" class=\"wp-block-spacer\"><\/div>\n\n<p><br\/>Tournament director <strong>Joan Suasi<\/strong> thanked the crowd for their magnificent response throughout the week: <em>&#8220;It&#8217;s wonderful to see this great atmosphere. It&#8217;s been a fantastic week of spectators and events, and we hope to have you with us for many more years to come.&#8221;<\/em><\/p>\n\n<p>Regarding the triumph of an Academy player, Suasi congratulated Rinc\u00f3n:<br\/> <em>&#8220;It&#8217;s a huge success. We at the Rafa Nadal Academy are very happy that Dani has won the tournament after many years of trying.&#8221;<\/em><\/p>\n\n<figure class=\"wp-block-image size-large\"><img loading=\"lazy\" decoding=\"async\" width=\"1024\" height=\"683\" src=\"https:\/\/www.rafanadalacademy.com\/wp-content\/uploads\/2025\/08\/Imagen-de-WhatsApp-2025-08-31-a-las-20.16.22_038d165d-1024x683.jpg\" alt=\"\" class=\"wp-image-31412\" srcset=\"https:\/\/www.rafanadalacademy.com\/wp-content\/uploads\/2025\/08\/Imagen-de-WhatsApp-2025-08-31-a-las-20.16.22_038d165d-1024x683.jpg 1024w, https:\/\/www.rafanadalacademy.com\/wp-content\/uploads\/2025\/08\/Imagen-de-WhatsApp-2025-08-31-a-las-20.16.22_038d165d-300x200.jpg 300w, https:\/\/www.rafanadalacademy.com\/wp-content\/uploads\/2025\/08\/Imagen-de-WhatsApp-2025-08-31-a-las-20.16.22_038d165d-768x512.jpg 768w, https:\/\/www.rafanadalacademy.com\/wp-content\/uploads\/2025\/08\/Imagen-de-WhatsApp-2025-08-31-a-las-20.16.22_038d165d-1536x1024.jpg 1536w, https:\/\/www.rafanadalacademy.com\/wp-content\/uploads\/2025\/08\/Imagen-de-WhatsApp-2025-08-31-a-las-20.16.22_038d165d-2048x1365.jpg 2048w\" sizes=\"auto, (max-width: 1024px) 100vw, 1024px\" \/><\/figure>\n\n<div style=\"height:57px\" aria-hidden=\"true\" class=\"wp-block-spacer\"><\/div>\n\n<p>With this victory, <strong>Dani Rinc\u00f3n<\/strong> adds his name to a list of winners that already includes Croatian <strong>Duje Ajdukovic<\/strong> (2024), Serbian <strong>Hamad Medjedovic<\/strong> (2023), Italian <strong>Luca Nardi<\/strong> (2022), Slovakian <strong>Lukas Lacko<\/strong> (2021), Finnish <strong>Emil Ruusuvuori<\/strong> (2019) and Australian <strong>Bernard Tomic<\/strong> (2018).<\/p>\n","protected":false},"excerpt":{"rendered":"<p>Dani Rinc\u00f3n won the seventh edition of the Rafa Nadal Open by Movistar , an ATP Challenger Tour tournament held this week at the Rafa Nadal Academy. After a tough battle for the title and in front of a packed Centre Court, the player from Avila defeated Austrian Jurij Rodionov 7-6(3), 6-2, in one hour<a href=\"https:\/\/www.rafanadalacademy.com\/en\/rafa-nadal-academy-by-movistar-en\/dani-rincon-is-crowned-champion-of-the-rafa-nadal-open-by-movistar-while-rafa-nadal-watches-on\/\">Continue reading <span class=\"sr-only\">&#8220;Dani Rinc\u00f3n is crowned champion of the Rafa Nadal Open by Movistar, while Rafa Nadal watches on&#8221;<\/span><\/a><\/p>\n","protected":false},"author":23,"featured_media":31424,"comment_status":"closed","ping_status":"closed","sticky":false,"template":"","format":"standard","meta":{"_acf_changed":false,"footnotes":""},"categories":[144,132,147],"tags":[134,148],"class_list":["post-31439","post","type-post","status-publish","format-standard","has-post-thumbnail","hentry","category-news","category-rafa-nadal-academy-by-movistar-en","category-rafa-nadal-open-en","tag-rafa-nadal-academy-by-movistar-en","tag-rafa-nadal-open-en"],"acf":[],"yoast_head":"<!-- This site is optimized with the Yoast SEO Premium plugin v26.8 (Yoast SEO v26.9) - https:\/\/yoast.com\/product\/yoast-seo-premium-wordpress\/ -->\n<title>Dani Rinc\u00f3n is crowned champion of the Rafa Nadal Open by Movistar, while Rafa Nadal watches on - Rafa Nadal Academy<\/title>\n<meta name=\"description\" content=\"Dani Rinc\u00f3n won the seventh edition of the Rafa Nadal Open by Movistar, an ATP Challenger Tour tournament held this week at the Rafa Nadal Academy. After a tough battle for the title and in front of a packed Centre Court, the player from \u00c1vila defeated Austrian Jurij Rodionov 7-6(3), 6-2, in one hour and 43 minutes of play.\" \/>\n<meta name=\"robots\" content=\"index, follow, max-snippet:-1, max-image-preview:large, max-video-preview:-1\" \/>\n<link rel=\"canonical\" href=\"https:\/\/www.rafanadalacademy.com\/en\/rafa-nadal-academy-by-movistar-en\/dani-rincon-is-crowned-champion-of-the-rafa-nadal-open-by-movistar-while-rafa-nadal-watches-on\/\" \/>\n<meta property=\"og:locale\" content=\"en_US\" \/>\n<meta property=\"og:type\" content=\"article\" \/>\n<meta property=\"og:title\" content=\"Dani Rinc\u00f3n is crowned champion of the Rafa Nadal Open by Movistar, while Rafa Nadal watches on\" \/>\n<meta property=\"og:description\" content=\"Dani Rinc\u00f3n won the seventh edition of the Rafa Nadal Open by Movistar, an ATP Challenger Tour tournament held this week at the Rafa Nadal Academy. After a tough battle for the title and in front of a packed Centre Court, the player from \u00c1vila defeated Austrian Jurij Rodionov 7-6(3), 6-2, in one hour and 43 minutes of play.\" \/>\n<meta property=\"og:url\" content=\"https:\/\/www.rafanadalacademy.com\/en\/rafa-nadal-academy-by-movistar-en\/dani-rincon-is-crowned-champion-of-the-rafa-nadal-open-by-movistar-while-rafa-nadal-watches-on\/\" \/>\n<meta property=\"og:site_name\" content=\"Rafa Nadal Academy\" \/>\n<meta property=\"article:published_time\" content=\"2025-08-31T19:50:14+00:00\" \/>\n<meta property=\"article:modified_time\" content=\"2025-08-31T20:14:11+00:00\" \/>\n<meta property=\"og:image\" content=\"https:\/\/www.rafanadalacademy.com\/wp-content\/uploads\/2025\/08\/Imagen-de-WhatsApp-2025-08-31-a-las-21.44.47_7c1ec156-scaled.jpg\" \/>\n\t<meta property=\"og:image:width\" content=\"2560\" \/>\n\t<meta property=\"og:image:height\" content=\"1707\" \/>\n\t<meta property=\"og:image:type\" content=\"image\/jpeg\" \/>\n<meta name=\"author\" content=\"joseluisprados\" \/>\n<meta name=\"twitter:card\" content=\"summary_large_image\" \/>\n<meta name=\"twitter:label1\" content=\"Written by\" \/>\n\t<meta name=\"twitter:data1\" content=\"joseluisprados\" \/>\n\t<meta name=\"twitter:label2\" content=\"Est. reading time\" \/>\n\t<meta name=\"twitter:data2\" content=\"2 minutes\" \/>\n<script type=\"application\/ld+json\" class=\"yoast-schema-graph\">{\"@context\":\"https:\/\/schema.org\",\"@graph\":[{\"@type\":\"Article\",\"@id\":\"https:\/\/www.rafanadalacademy.com\/en\/rafa-nadal-academy-by-movistar-en\/dani-rincon-is-crowned-champion-of-the-rafa-nadal-open-by-movistar-while-rafa-nadal-watches-on\/#article\",\"isPartOf\":{\"@id\":\"https:\/\/www.rafanadalacademy.com\/en\/rafa-nadal-academy-by-movistar-en\/dani-rincon-is-crowned-champion-of-the-rafa-nadal-open-by-movistar-while-rafa-nadal-watches-on\/\"},\"author\":{\"name\":\"joseluisprados\",\"@id\":\"https:\/\/www.rafanadalacademy.com\/en\/#\/schema\/person\/744897d6ee269641fff954376180ef01\"},\"headline\":\"Dani Rinc\u00f3n is crowned champion of the Rafa Nadal Open by Movistar, while Rafa Nadal watches on\",\"datePublished\":\"2025-08-31T19:50:14+00:00\",\"dateModified\":\"2025-08-31T20:14:11+00:00\",\"mainEntityOfPage\":{\"@id\":\"https:\/\/www.rafanadalacademy.com\/en\/rafa-nadal-academy-by-movistar-en\/dani-rincon-is-crowned-champion-of-the-rafa-nadal-open-by-movistar-while-rafa-nadal-watches-on\/\"},\"wordCount\":382,\"image\":{\"@id\":\"https:\/\/www.rafanadalacademy.com\/en\/rafa-nadal-academy-by-movistar-en\/dani-rincon-is-crowned-champion-of-the-rafa-nadal-open-by-movistar-while-rafa-nadal-watches-on\/#primaryimage\"},\"thumbnailUrl\":\"https:\/\/www.rafanadalacademy.com\/wp-content\/uploads\/2025\/08\/Imagen-de-WhatsApp-2025-08-31-a-las-21.44.47_7c1ec156-scaled.jpg\",\"keywords\":[\"RAFA NADAL ACADEMY BY MOVISTAR\",\"RAFA NADAL OPEN\"],\"articleSection\":[\"News\",\"RAFA NADAL ACADEMY BY MOVISTAR\",\"RAFA NADAL OPEN\"],\"inLanguage\":\"en-US\",\"copyrightYear\":\"2025\",\"copyrightHolder\":{\"@id\":\"https:\/\/www.rafanadalacademy.com\/#organization\"}},{\"@type\":\"WebPage\",\"@id\":\"https:\/\/www.rafanadalacademy.com\/en\/rafa-nadal-academy-by-movistar-en\/dani-rincon-is-crowned-champion-of-the-rafa-nadal-open-by-movistar-while-rafa-nadal-watches-on\/\",\"url\":\"https:\/\/www.rafanadalacademy.com\/en\/rafa-nadal-academy-by-movistar-en\/dani-rincon-is-crowned-champion-of-the-rafa-nadal-open-by-movistar-while-rafa-nadal-watches-on\/\",\"name\":\"Dani Rinc\u00f3n is crowned champion of the Rafa Nadal Open by Movistar, while Rafa Nadal watches on - Rafa Nadal Academy\",\"isPartOf\":{\"@id\":\"https:\/\/www.rafanadalacademy.com\/en\/#website\"},\"primaryImageOfPage\":{\"@id\":\"https:\/\/www.rafanadalacademy.com\/en\/rafa-nadal-academy-by-movistar-en\/dani-rincon-is-crowned-champion-of-the-rafa-nadal-open-by-movistar-while-rafa-nadal-watches-on\/#primaryimage\"},\"image\":{\"@id\":\"https:\/\/www.rafanadalacademy.com\/en\/rafa-nadal-academy-by-movistar-en\/dani-rincon-is-crowned-champion-of-the-rafa-nadal-open-by-movistar-while-rafa-nadal-watches-on\/#primaryimage\"},\"thumbnailUrl\":\"https:\/\/www.rafanadalacademy.com\/wp-content\/uploads\/2025\/08\/Imagen-de-WhatsApp-2025-08-31-a-las-21.44.47_7c1ec156-scaled.jpg\",\"datePublished\":\"2025-08-31T19:50:14+00:00\",\"dateModified\":\"2025-08-31T20:14:11+00:00\",\"author\":{\"@id\":\"https:\/\/www.rafanadalacademy.com\/en\/#\/schema\/person\/744897d6ee269641fff954376180ef01\"},\"description\":\"Dani Rinc\u00f3n won the seventh edition of the Rafa Nadal Open by Movistar, an ATP Challenger Tour tournament held this week at the Rafa Nadal Academy. After a tough battle for the title and in front of a packed Centre Court, the player from \u00c1vila defeated Austrian Jurij Rodionov 7-6(3), 6-2, in one hour and 43 minutes of play.\",\"breadcrumb\":{\"@id\":\"https:\/\/www.rafanadalacademy.com\/en\/rafa-nadal-academy-by-movistar-en\/dani-rincon-is-crowned-champion-of-the-rafa-nadal-open-by-movistar-while-rafa-nadal-watches-on\/#breadcrumb\"},\"inLanguage\":\"en-US\",\"potentialAction\":[{\"@type\":\"ReadAction\",\"target\":[\"https:\/\/www.rafanadalacademy.com\/en\/rafa-nadal-academy-by-movistar-en\/dani-rincon-is-crowned-champion-of-the-rafa-nadal-open-by-movistar-while-rafa-nadal-watches-on\/\"]}]},{\"@type\":\"ImageObject\",\"inLanguage\":\"en-US\",\"@id\":\"https:\/\/www.rafanadalacademy.com\/en\/rafa-nadal-academy-by-movistar-en\/dani-rincon-is-crowned-champion-of-the-rafa-nadal-open-by-movistar-while-rafa-nadal-watches-on\/#primaryimage\",\"url\":\"https:\/\/www.rafanadalacademy.com\/wp-content\/uploads\/2025\/08\/Imagen-de-WhatsApp-2025-08-31-a-las-21.44.47_7c1ec156-scaled.jpg\",\"contentUrl\":\"https:\/\/www.rafanadalacademy.com\/wp-content\/uploads\/2025\/08\/Imagen-de-WhatsApp-2025-08-31-a-las-21.44.47_7c1ec156-scaled.jpg\",\"width\":2560,\"height\":1707,\"caption\":\"Dani Rinc\u00f3n, campe\u00f3n del Rafa Nadal Open by Movistar 2025\"},{\"@type\":\"BreadcrumbList\",\"@id\":\"https:\/\/www.rafanadalacademy.com\/en\/rafa-nadal-academy-by-movistar-en\/dani-rincon-is-crowned-champion-of-the-rafa-nadal-open-by-movistar-while-rafa-nadal-watches-on\/#breadcrumb\",\"itemListElement\":[{\"@type\":\"ListItem\",\"position\":1,\"name\":\"Home\",\"item\":\"https:\/\/www.rafanadalacademy.com\/en\/\"},{\"@type\":\"ListItem\",\"position\":2,\"name\":\"Dani Rinc\u00f3n is crowned champion of the Rafa Nadal Open by Movistar, while Rafa Nadal watches on\"}]},{\"@type\":\"WebSite\",\"@id\":\"https:\/\/www.rafanadalacademy.com\/en\/#website\",\"url\":\"https:\/\/www.rafanadalacademy.com\/en\/\",\"name\":\"Rafa Nadal Academy\",\"description\":\"Otro sitio realizado con WordPress\",\"potentialAction\":[{\"@type\":\"SearchAction\",\"target\":{\"@type\":\"EntryPoint\",\"urlTemplate\":\"https:\/\/www.rafanadalacademy.com\/en\/?s={search_term_string}\"},\"query-input\":{\"@type\":\"PropertyValueSpecification\",\"valueRequired\":true,\"valueName\":\"search_term_string\"}}],\"inLanguage\":\"en-US\"},{\"@type\":\"Person\",\"@id\":\"https:\/\/www.rafanadalacademy.com\/en\/#\/schema\/person\/744897d6ee269641fff954376180ef01\",\"name\":\"joseluisprados\",\"image\":{\"@type\":\"ImageObject\",\"inLanguage\":\"en-US\",\"@id\":\"https:\/\/www.rafanadalacademy.com\/en\/#\/schema\/person\/image\/\",\"url\":\"https:\/\/secure.gravatar.com\/avatar\/8aa823a6e5501864ffab4785d9e2a994b59c2d45c9f9751c5a532abfec081e5f?s=96&d=mm&r=g\",\"contentUrl\":\"https:\/\/secure.gravatar.com\/avatar\/8aa823a6e5501864ffab4785d9e2a994b59c2d45c9f9751c5a532abfec081e5f?s=96&d=mm&r=g\",\"caption\":\"joseluisprados\"},\"url\":\"https:\/\/www.rafanadalacademy.com\/en\/author\/joseluisprados\/\"},{\"@type\":\"ImageObject\",\"inLanguage\":\"en-US\",\"@id\":\"https:\/\/www.rafanadalacademy.com\/en\/rafa-nadal-academy-by-movistar-en\/dani-rincon-is-crowned-champion-of-the-rafa-nadal-open-by-movistar-while-rafa-nadal-watches-on\/#local-main-organization-logo\",\"url\":\"\",\"contentUrl\":\"\",\"caption\":\"Rafa Nadal Academy\"}]}<\/script>\n<!-- \/ Yoast SEO Premium plugin. -->","yoast_head_json":{"title":"Dani Rinc\u00f3n is crowned champion of the Rafa Nadal Open by Movistar, while Rafa Nadal watches on - Rafa Nadal Academy","description":"Dani Rinc\u00f3n won the seventh edition of the Rafa Nadal Open by Movistar, an ATP Challenger Tour tournament held this week at the Rafa Nadal Academy. After a tough battle for the title and in front of a packed Centre Court, the player from \u00c1vila defeated Austrian Jurij Rodionov 7-6(3), 6-2, in one hour and 43 minutes of play.","robots":{"index":"index","follow":"follow","max-snippet":"max-snippet:-1","max-image-preview":"max-image-preview:large","max-video-preview":"max-video-preview:-1"},"canonical":"https:\/\/www.rafanadalacademy.com\/en\/rafa-nadal-academy-by-movistar-en\/dani-rincon-is-crowned-champion-of-the-rafa-nadal-open-by-movistar-while-rafa-nadal-watches-on\/","og_locale":"en_US","og_type":"article","og_title":"Dani Rinc\u00f3n is crowned champion of the Rafa Nadal Open by Movistar, while Rafa Nadal watches on","og_description":"Dani Rinc\u00f3n won the seventh edition of the Rafa Nadal Open by Movistar, an ATP Challenger Tour tournament held this week at the Rafa Nadal Academy. After a tough battle for the title and in front of a packed Centre Court, the player from \u00c1vila defeated Austrian Jurij Rodionov 7-6(3), 6-2, in one hour and 43 minutes of play.","og_url":"https:\/\/www.rafanadalacademy.com\/en\/rafa-nadal-academy-by-movistar-en\/dani-rincon-is-crowned-champion-of-the-rafa-nadal-open-by-movistar-while-rafa-nadal-watches-on\/","og_site_name":"Rafa Nadal Academy","article_published_time":"2025-08-31T19:50:14+00:00","article_modified_time":"2025-08-31T20:14:11+00:00","og_image":[{"width":2560,"height":1707,"url":"https:\/\/www.rafanadalacademy.com\/wp-content\/uploads\/2025\/08\/Imagen-de-WhatsApp-2025-08-31-a-las-21.44.47_7c1ec156-scaled.jpg","type":"image\/jpeg"}],"author":"joseluisprados","twitter_card":"summary_large_image","twitter_misc":{"Written by":"joseluisprados","Est. reading time":"2 minutes"},"schema":{"@context":"https:\/\/schema.org","@graph":[{"@type":"Article","@id":"https:\/\/www.rafanadalacademy.com\/en\/rafa-nadal-academy-by-movistar-en\/dani-rincon-is-crowned-champion-of-the-rafa-nadal-open-by-movistar-while-rafa-nadal-watches-on\/#article","isPartOf":{"@id":"https:\/\/www.rafanadalacademy.com\/en\/rafa-nadal-academy-by-movistar-en\/dani-rincon-is-crowned-champion-of-the-rafa-nadal-open-by-movistar-while-rafa-nadal-watches-on\/"},"author":{"name":"joseluisprados","@id":"https:\/\/www.rafanadalacademy.com\/en\/#\/schema\/person\/744897d6ee269641fff954376180ef01"},"headline":"Dani Rinc\u00f3n is crowned champion of the Rafa Nadal Open by Movistar, while Rafa Nadal watches on","datePublished":"2025-08-31T19:50:14+00:00","dateModified":"2025-08-31T20:14:11+00:00","mainEntityOfPage":{"@id":"https:\/\/www.rafanadalacademy.com\/en\/rafa-nadal-academy-by-movistar-en\/dani-rincon-is-crowned-champion-of-the-rafa-nadal-open-by-movistar-while-rafa-nadal-watches-on\/"},"wordCount":382,"image":{"@id":"https:\/\/www.rafanadalacademy.com\/en\/rafa-nadal-academy-by-movistar-en\/dani-rincon-is-crowned-champion-of-the-rafa-nadal-open-by-movistar-while-rafa-nadal-watches-on\/#primaryimage"},"thumbnailUrl":"https:\/\/www.rafanadalacademy.com\/wp-content\/uploads\/2025\/08\/Imagen-de-WhatsApp-2025-08-31-a-las-21.44.47_7c1ec156-scaled.jpg","keywords":["RAFA NADAL ACADEMY BY MOVISTAR","RAFA NADAL OPEN"],"articleSection":["News","RAFA NADAL ACADEMY BY MOVISTAR","RAFA NADAL OPEN"],"inLanguage":"en-US","copyrightYear":"2025","copyrightHolder":{"@id":"https:\/\/www.rafanadalacademy.com\/#organization"}},{"@type":"WebPage","@id":"https:\/\/www.rafanadalacademy.com\/en\/rafa-nadal-academy-by-movistar-en\/dani-rincon-is-crowned-champion-of-the-rafa-nadal-open-by-movistar-while-rafa-nadal-watches-on\/","url":"https:\/\/www.rafanadalacademy.com\/en\/rafa-nadal-academy-by-movistar-en\/dani-rincon-is-crowned-champion-of-the-rafa-nadal-open-by-movistar-while-rafa-nadal-watches-on\/","name":"Dani Rinc\u00f3n is crowned champion of the Rafa Nadal Open by Movistar, while Rafa Nadal watches on - Rafa Nadal Academy","isPartOf":{"@id":"https:\/\/www.rafanadalacademy.com\/en\/#website"},"primaryImageOfPage":{"@id":"https:\/\/www.rafanadalacademy.com\/en\/rafa-nadal-academy-by-movistar-en\/dani-rincon-is-crowned-champion-of-the-rafa-nadal-open-by-movistar-while-rafa-nadal-watches-on\/#primaryimage"},"image":{"@id":"https:\/\/www.rafanadalacademy.com\/en\/rafa-nadal-academy-by-movistar-en\/dani-rincon-is-crowned-champion-of-the-rafa-nadal-open-by-movistar-while-rafa-nadal-watches-on\/#primaryimage"},"thumbnailUrl":"https:\/\/www.rafanadalacademy.com\/wp-content\/uploads\/2025\/08\/Imagen-de-WhatsApp-2025-08-31-a-las-21.44.47_7c1ec156-scaled.jpg","datePublished":"2025-08-31T19:50:14+00:00","dateModified":"2025-08-31T20:14:11+00:00","author":{"@id":"https:\/\/www.rafanadalacademy.com\/en\/#\/schema\/person\/744897d6ee269641fff954376180ef01"},"description":"Dani Rinc\u00f3n won the seventh edition of the Rafa Nadal Open by Movistar, an ATP Challenger Tour tournament held this week at the Rafa Nadal Academy. After a tough battle for the title and in front of a packed Centre Court, the player from \u00c1vila defeated Austrian Jurij Rodionov 7-6(3), 6-2, in one hour and 43 minutes of play.","breadcrumb":{"@id":"https:\/\/www.rafanadalacademy.com\/en\/rafa-nadal-academy-by-movistar-en\/dani-rincon-is-crowned-champion-of-the-rafa-nadal-open-by-movistar-while-rafa-nadal-watches-on\/#breadcrumb"},"inLanguage":"en-US","potentialAction":[{"@type":"ReadAction","target":["https:\/\/www.rafanadalacademy.com\/en\/rafa-nadal-academy-by-movistar-en\/dani-rincon-is-crowned-champion-of-the-rafa-nadal-open-by-movistar-while-rafa-nadal-watches-on\/"]}]},{"@type":"ImageObject","inLanguage":"en-US","@id":"https:\/\/www.rafanadalacademy.com\/en\/rafa-nadal-academy-by-movistar-en\/dani-rincon-is-crowned-champion-of-the-rafa-nadal-open-by-movistar-while-rafa-nadal-watches-on\/#primaryimage","url":"https:\/\/www.rafanadalacademy.com\/wp-content\/uploads\/2025\/08\/Imagen-de-WhatsApp-2025-08-31-a-las-21.44.47_7c1ec156-scaled.jpg","contentUrl":"https:\/\/www.rafanadalacademy.com\/wp-content\/uploads\/2025\/08\/Imagen-de-WhatsApp-2025-08-31-a-las-21.44.47_7c1ec156-scaled.jpg","width":2560,"height":1707,"caption":"Dani Rinc\u00f3n, campe\u00f3n del Rafa Nadal Open by Movistar 2025"},{"@type":"BreadcrumbList","@id":"https:\/\/www.rafanadalacademy.com\/en\/rafa-nadal-academy-by-movistar-en\/dani-rincon-is-crowned-champion-of-the-rafa-nadal-open-by-movistar-while-rafa-nadal-watches-on\/#breadcrumb","itemListElement":[{"@type":"ListItem","position":1,"name":"Home","item":"https:\/\/www.rafanadalacademy.com\/en\/"},{"@type":"ListItem","position":2,"name":"Dani Rinc\u00f3n is crowned champion of the Rafa Nadal Open by Movistar, while Rafa Nadal watches on"}]},{"@type":"WebSite","@id":"https:\/\/www.rafanadalacademy.com\/en\/#website","url":"https:\/\/www.rafanadalacademy.com\/en\/","name":"Rafa Nadal Academy","description":"Otro sitio realizado con WordPress","potentialAction":[{"@type":"SearchAction","target":{"@type":"EntryPoint","urlTemplate":"https:\/\/www.rafanadalacademy.com\/en\/?s={search_term_string}"},"query-input":{"@type":"PropertyValueSpecification","valueRequired":true,"valueName":"search_term_string"}}],"inLanguage":"en-US"},{"@type":"Person","@id":"https:\/\/www.rafanadalacademy.com\/en\/#\/schema\/person\/744897d6ee269641fff954376180ef01","name":"joseluisprados","image":{"@type":"ImageObject","inLanguage":"en-US","@id":"https:\/\/www.rafanadalacademy.com\/en\/#\/schema\/person\/image\/","url":"https:\/\/secure.gravatar.com\/avatar\/8aa823a6e5501864ffab4785d9e2a994b59c2d45c9f9751c5a532abfec081e5f?s=96&d=mm&r=g","contentUrl":"https:\/\/secure.gravatar.com\/avatar\/8aa823a6e5501864ffab4785d9e2a994b59c2d45c9f9751c5a532abfec081e5f?s=96&d=mm&r=g","caption":"joseluisprados"},"url":"https:\/\/www.rafanadalacademy.com\/en\/author\/joseluisprados\/"},{"@type":"ImageObject","inLanguage":"en-US","@id":"https:\/\/www.rafanadalacademy.com\/en\/rafa-nadal-academy-by-movistar-en\/dani-rincon-is-crowned-champion-of-the-rafa-nadal-open-by-movistar-while-rafa-nadal-watches-on\/#local-main-organization-logo","url":"","contentUrl":"","caption":"Rafa Nadal Academy"}]}},"_links":{"self":[{"href":"https:\/\/www.rafanadalacademy.com\/en\/wp-json\/wp\/v2\/posts\/31439","targetHints":{"allow":["GET"]}}],"collection":[{"href":"https:\/\/www.rafanadalacademy.com\/en\/wp-json\/wp\/v2\/posts"}],"about":[{"href":"https:\/\/www.rafanadalacademy.com\/en\/wp-json\/wp\/v2\/types\/post"}],"author":[{"embeddable":true,"href":"https:\/\/www.rafanadalacademy.com\/en\/wp-json\/wp\/v2\/users\/23"}],"replies":[{"embeddable":true,"href":"https:\/\/www.rafanadalacademy.com\/en\/wp-json\/wp\/v2\/comments?post=31439"}],"version-history":[{"count":1,"href":"https:\/\/www.rafanadalacademy.com\/en\/wp-json\/wp\/v2\/posts\/31439\/revisions"}],"predecessor-version":[{"id":31440,"href":"https:\/\/www.rafanadalacademy.com\/en\/wp-json\/wp\/v2\/posts\/31439\/revisions\/31440"}],"wp:featuredmedia":[{"embeddable":true,"href":"https:\/\/www.rafanadalacademy.com\/en\/wp-json\/wp\/v2\/media\/31424"}],"wp:attachment":[{"href":"https:\/\/www.rafanadalacademy.com\/en\/wp-json\/wp\/v2\/media?parent=31439"}],"wp:term":[{"taxonomy":"category","embeddable":true,"href":"https:\/\/www.rafanadalacademy.com\/en\/wp-json\/wp\/v2\/categories?post=31439"},{"taxonomy":"post_tag","embeddable":true,"href":"https:\/\/www.rafanadalacademy.com\/en\/wp-json\/wp\/v2\/tags?post=31439"}],"curies":[{"name":"wp","href":"https:\/\/api.w.org\/{rel}","templated":true}]}}