{"id":29158,"date":"2025-05-16T08:05:18","date_gmt":"2025-05-16T08:05:18","guid":{"rendered":"https:\/\/www.rafanadalacademy.com\/sin-categorizar\/rafa-nadal-and-roland-garros-a-legendary-story\/"},"modified":"2025-05-16T08:05:18","modified_gmt":"2025-05-16T08:05:18","slug":"rafa-nadal-and-roland-garros-a-legendary-story","status":"publish","type":"post","link":"https:\/\/www.rafanadalacademy.com\/en\/rafa-nadal-en\/rafa-nadal-and-roland-garros-a-legendary-story\/","title":{"rendered":"Rafa Nadal and Roland Garros: A Legendary Story"},"content":{"rendered":"\n<p><\/p>\n\n\n\n<p>Rafa Nadal will be honored at the Philippe-Chatrier on Sunday, May 25, the opening day of the tournament. It will be a ceremony &#8220;full of surprises&#8221; that will pay tribute to one of the greatest tennis players of all time. <\/p>\n\n\n\n<figure class=\"wp-block-image size-large\"><img loading=\"lazy\" decoding=\"async\" width=\"1024\" height=\"683\" src=\"https:\/\/dxr52e0jfi242.cloudfront.net\/uploads\/2025\/05\/2018-1-1024x683.jpg\" alt=\"\" class=\"wp-image-27762\" srcset=\"https:\/\/www.rafanadalacademy.com\/wp-content\/uploads\/2025\/05\/2018-1-1024x683.jpg 1024w, https:\/\/www.rafanadalacademy.com\/wp-content\/uploads\/2025\/05\/2018-1-300x200.jpg 300w, https:\/\/www.rafanadalacademy.com\/wp-content\/uploads\/2025\/05\/2018-1-768x512.jpg 768w, https:\/\/www.rafanadalacademy.com\/wp-content\/uploads\/2025\/05\/2018-1-1536x1024.jpg 1536w, https:\/\/www.rafanadalacademy.com\/wp-content\/uploads\/2025\/05\/2018-1-2048x1365.jpg 2048w\" sizes=\"auto, (max-width: 1024px) 100vw, 1024px\" \/><\/figure>\n\n\n\n<p><\/p>\n\n\n\n<p>It all began in 2005, in his tournament debut. In a dominant clay-court season on the ATP Tour, Nadal won 17 consecutive matches, leading him to titles in Monte Carlo, Barcelona, and Rome. He led the French capital in spectacular form, dropping just one set to reach the semifinals.  <\/p>\n\n\n\n<p>On his nineteenth birthday, Rafa faced world No. 1 <a href=\"https:\/\/www.atptour.com\/es\/players\/roger-federer\/f324\/overview\">Roger Federer<\/a> in a huge semi-final duel, the third of 40 that would follow. Dressed in his iconic green sleeveless shirt and white shorts, Rafa won 6-3, 4-6, 6-4, 6-3 in a match that would go on to become known around the world. <\/p>\n\n\n\n<p>In the final against Mariano Puerta, Rafa lost the first set (the only one he would lose in the tournament), but eventually defeated the Argentinian in four sets. <em>&#8220;My dream was to win a Grand Slam title, but especially<\/em> <a href=\"https:\/\/www.atptour.com\/es\/tournaments\/roland-garros\/520\/overview\"><em>Roland Garros<\/em><\/a> <em>, because that&#8217;s the tournament all Spaniards want to win,&#8221;<\/em> Rafa said after the match.<\/p>\n\n\n\n<p>That triumph began a run of four consecutive titles in Paris. He lost only three sets in 2006, one in 2007, and none in 2008, defeating Federer in all three finals. That 2008 performance, in which he lost only 41 games in 21 sets, cemented Nadal&#8217;s status as King of Clay.  <\/p>\n\n\n\n<p>After a fourth-round defeat in 2009 to <a href=\"https:\/\/www.atptour.com\/es\/players\/robin-soderling\/sa49\/overview\">Robin Soderling<\/a> , order was restored in 2010 when he defeated the powerful Swede in a final dominated by the Balearic Islands from start to finish. Once again, Nadal did not drop a set on his way to the title. <br>&nbsp;<br>Rafa would reestablish his dominance in&nbsp;<a href=\"https:\/\/www.atptour.com\/es\/tournaments\/roland-garros\/520\/overview\">Roland Garros<\/a> by winning five consecutive titles between 2010 and 2014. Despite tremendous rivalry with the members of the Big4 (Federer, Djokovic and &nbsp;<a href=\"https:\/\/www.atptour.com\/es\/players\/andy-murray\/mc10\/overview\">Andy Murray<\/a> ), the Spaniard&#8217;s success in Paris was undeniable. During this period, his greatest challenge was the semi-final against Djokovic in 2013, a classic encounter that ended 6-4, 3-6, 6-1, 6-7(3), 9-7 in favor of the Spaniard after four hours and 37 minutes. A year after Djokovic beat Rafa in the epic Australian Open final (it lasted five hours and 53 minutes in the longest major final in history), Rafa overcame adversity to reach another final.  &nbsp;<\/p>\n\n\n\n<p>The eliminations in 2015 (losing to Djokovic in the quarterfinals) and 2016 (he had to retire due to a wrist injury) were remedied with a run of five titles in six years between 2017 and 2022. The Spaniard&#8217;s triumph in 2017 broke a three-year Grand Slam drought. <\/p>\n\n\n\n<p><\/p>\n\n\n\n<figure class=\"wp-block-image size-large\"><img loading=\"lazy\" decoding=\"async\" width=\"1024\" height=\"683\" src=\"https:\/\/dxr52e0jfi242.cloudfront.net\/uploads\/2025\/05\/2022-1-1024x683.jpg\" alt=\"\" class=\"wp-image-27770\" srcset=\"https:\/\/www.rafanadalacademy.com\/wp-content\/uploads\/2025\/05\/2022-1-1024x683.jpg 1024w, https:\/\/www.rafanadalacademy.com\/wp-content\/uploads\/2025\/05\/2022-1-300x200.jpg 300w, https:\/\/www.rafanadalacademy.com\/wp-content\/uploads\/2025\/05\/2022-1-768x512.jpg 768w, https:\/\/www.rafanadalacademy.com\/wp-content\/uploads\/2025\/05\/2022-1-1536x1024.jpg 1536w, https:\/\/www.rafanadalacademy.com\/wp-content\/uploads\/2025\/05\/2022-1-2048x1365.jpg 2048w\" sizes=\"auto, (max-width: 1024px) 100vw, 1024px\" \/><\/figure>\n\n\n\n<p><\/p>\n\n\n\n<p>In the latter part of his career, Rafa continued to rewrite the history books in Paris. When <a href=\"https:\/\/www.atptour.com\/es\/players\/bjorn-borg\/b058\/overview\">Bjorn Borg<\/a> won six <a href=\"https:\/\/www.atptour.com\/es\/tournaments\/roland-garros\/520\/overview\">Roland Garros<\/a> titles, including four consecutive ones between 1978 and 1981, many thought that record was untouchable.<\/p>\n\n\n\n<p>By equaling Sampras&#8217;s total number of Grand Slam titles at <a href=\"https:\/\/www.atptour.com\/es\/tournaments\/roland-garros\/520\/overview\">Roland Garros<\/a> alone, Rafa surpassed the limits of what anyone thought was possible. <em>\u201c<\/em> <a href=\"https:\/\/www.atptour.com\/es\/tournaments\/roland-garros\/520\/overview\"><em>Roland Garros<\/em><\/a> <em>is the most important tournament of my tennis career<\/em> ,\u201d he said before his farewell. <em>\u201cEverything I experienced there, everything I enjoyed there, will remain in my heart forever.\u201d<\/em><\/p>\n\n\n\n<p>Now, all sports fans can relive Rafa&#8217;s legendary feats in Paris by visiting the Rafa Nadal Museum, which houses the 92 trophies won by the Balearic tennis player.<\/p>\n","protected":false},"excerpt":{"rendered":"<p>Rafa Nadal will be honored at the Philippe-Chatrier on Sunday, May 25, the opening day of the tournament. It will be a ceremony &#8220;full of surprises&#8221; that will pay tribute to one of the greatest tennis players of all time. It all began in 2005, in his tournament debut. In a dominant clay-court season on<a href=\"https:\/\/www.rafanadalacademy.com\/en\/rafa-nadal-en\/rafa-nadal-and-roland-garros-a-legendary-story\/\">Continue reading <span class=\"sr-only\">&#8220;Rafa Nadal and Roland Garros: A Legendary Story&#8221;<\/span><\/a><\/p>\n","protected":false},"author":20,"featured_media":27764,"comment_status":"closed","ping_status":"closed","sticky":false,"template":"","format":"standard","meta":{"_acf_changed":false,"footnotes":""},"categories":[144,127],"tags":[217,128],"class_list":["post-29158","post","type-post","status-publish","format-standard","has-post-thumbnail","hentry","category-news","category-rafa-nadal-en","tag-rafa-nadal-en","tag-roland-garros-en"],"acf":[],"yoast_head":"<!-- This site is optimized with the Yoast SEO Premium plugin v26.8 (Yoast SEO v26.9) - https:\/\/yoast.com\/product\/yoast-seo-premium-wordpress\/ -->\n<title>Rafa Nadal and Roland Garros: A Legendary Story - Rafa Nadal Academy<\/title>\n<meta name=\"description\" content=\"Rafa Nadal will be honored at the Philippe-Chatrier on Sunday, May 25, 2025, the opening day of the tournament. It will be a ceremony &quot;full of surprises,&quot; paying tribute to one of the greatest tennis players of all time.\" \/>\n<meta name=\"robots\" content=\"index, follow, max-snippet:-1, max-image-preview:large, max-video-preview:-1\" \/>\n<link rel=\"canonical\" href=\"https:\/\/www.rafanadalacademy.com\/en\/rafa-nadal-en\/rafa-nadal-and-roland-garros-a-legendary-story\/\" \/>\n<meta property=\"og:locale\" content=\"en_US\" \/>\n<meta property=\"og:type\" content=\"article\" \/>\n<meta property=\"og:title\" content=\"Rafa Nadal and Roland Garros: A Legendary Story\" \/>\n<meta property=\"og:description\" content=\"Rafa Nadal will be honored at the Philippe-Chatrier on Sunday, May 25, 2025, the opening day of the tournament. It will be a ceremony &quot;full of surprises,&quot; paying tribute to one of the greatest tennis players of all time.\" \/>\n<meta property=\"og:url\" content=\"https:\/\/www.rafanadalacademy.com\/en\/rafa-nadal-en\/rafa-nadal-and-roland-garros-a-legendary-story\/\" \/>\n<meta property=\"og:site_name\" content=\"Rafa Nadal Academy\" \/>\n<meta property=\"article:published_time\" content=\"2025-05-16T08:05:18+00:00\" \/>\n<meta property=\"og:image\" content=\"https:\/\/www.rafanadalacademy.com\/wp-content\/uploads\/2025\/05\/2018-1-scaled.jpg\" \/>\n\t<meta property=\"og:image:width\" content=\"2560\" \/>\n\t<meta property=\"og:image:height\" content=\"1707\" \/>\n\t<meta property=\"og:image:type\" content=\"image\/jpeg\" \/>\n<meta name=\"author\" content=\"M\u00f3nica Rodr\u00edguez\" \/>\n<meta name=\"twitter:card\" content=\"summary_large_image\" \/>\n<meta name=\"twitter:label1\" content=\"Written by\" \/>\n\t<meta name=\"twitter:data1\" content=\"M\u00f3nica Rodr\u00edguez\" \/>\n\t<meta name=\"twitter:label2\" content=\"Est. reading time\" \/>\n\t<meta name=\"twitter:data2\" content=\"3 minutes\" \/>\n<script type=\"application\/ld+json\" class=\"yoast-schema-graph\">{\"@context\":\"https:\/\/schema.org\",\"@graph\":[{\"@type\":\"Article\",\"@id\":\"https:\/\/www.rafanadalacademy.com\/en\/rafa-nadal-en\/rafa-nadal-and-roland-garros-a-legendary-story\/#article\",\"isPartOf\":{\"@id\":\"https:\/\/www.rafanadalacademy.com\/en\/rafa-nadal-en\/rafa-nadal-and-roland-garros-a-legendary-story\/\"},\"author\":{\"name\":\"M\u00f3nica Rodr\u00edguez\",\"@id\":\"https:\/\/www.rafanadalacademy.com\/en\/#\/schema\/person\/9d67223f28280353fbe9e2a37ca576ba\"},\"headline\":\"Rafa Nadal and Roland Garros: A Legendary Story\",\"datePublished\":\"2025-05-16T08:05:18+00:00\",\"mainEntityOfPage\":{\"@id\":\"https:\/\/www.rafanadalacademy.com\/en\/rafa-nadal-en\/rafa-nadal-and-roland-garros-a-legendary-story\/\"},\"wordCount\":556,\"image\":{\"@id\":\"https:\/\/www.rafanadalacademy.com\/en\/rafa-nadal-en\/rafa-nadal-and-roland-garros-a-legendary-story\/#primaryimage\"},\"thumbnailUrl\":\"https:\/\/www.rafanadalacademy.com\/wp-content\/uploads\/2025\/05\/2018-1-scaled.jpg\",\"keywords\":[\"Rafa Nadal\",\"ROLAND GARROS\"],\"articleSection\":[\"News\",\"RAFA NADAL\"],\"inLanguage\":\"en-US\",\"copyrightYear\":\"2025\",\"copyrightHolder\":{\"@id\":\"https:\/\/www.rafanadalacademy.com\/#organization\"}},{\"@type\":\"WebPage\",\"@id\":\"https:\/\/www.rafanadalacademy.com\/en\/rafa-nadal-en\/rafa-nadal-and-roland-garros-a-legendary-story\/\",\"url\":\"https:\/\/www.rafanadalacademy.com\/en\/rafa-nadal-en\/rafa-nadal-and-roland-garros-a-legendary-story\/\",\"name\":\"Rafa Nadal and Roland Garros: A Legendary Story - Rafa Nadal Academy\",\"isPartOf\":{\"@id\":\"https:\/\/www.rafanadalacademy.com\/en\/#website\"},\"primaryImageOfPage\":{\"@id\":\"https:\/\/www.rafanadalacademy.com\/en\/rafa-nadal-en\/rafa-nadal-and-roland-garros-a-legendary-story\/#primaryimage\"},\"image\":{\"@id\":\"https:\/\/www.rafanadalacademy.com\/en\/rafa-nadal-en\/rafa-nadal-and-roland-garros-a-legendary-story\/#primaryimage\"},\"thumbnailUrl\":\"https:\/\/www.rafanadalacademy.com\/wp-content\/uploads\/2025\/05\/2018-1-scaled.jpg\",\"datePublished\":\"2025-05-16T08:05:18+00:00\",\"author\":{\"@id\":\"https:\/\/www.rafanadalacademy.com\/en\/#\/schema\/person\/9d67223f28280353fbe9e2a37ca576ba\"},\"description\":\"Rafa Nadal will be honored at the Philippe-Chatrier on Sunday, May 25, 2025, the opening day of the tournament. It will be a ceremony \\\"full of surprises,\\\" paying tribute to one of the greatest tennis players of all time.\",\"breadcrumb\":{\"@id\":\"https:\/\/www.rafanadalacademy.com\/en\/rafa-nadal-en\/rafa-nadal-and-roland-garros-a-legendary-story\/#breadcrumb\"},\"inLanguage\":\"en-US\",\"potentialAction\":[{\"@type\":\"ReadAction\",\"target\":[\"https:\/\/www.rafanadalacademy.com\/en\/rafa-nadal-en\/rafa-nadal-and-roland-garros-a-legendary-story\/\"]}]},{\"@type\":\"ImageObject\",\"inLanguage\":\"en-US\",\"@id\":\"https:\/\/www.rafanadalacademy.com\/en\/rafa-nadal-en\/rafa-nadal-and-roland-garros-a-legendary-story\/#primaryimage\",\"url\":\"https:\/\/www.rafanadalacademy.com\/wp-content\/uploads\/2025\/05\/2018-1-scaled.jpg\",\"contentUrl\":\"https:\/\/www.rafanadalacademy.com\/wp-content\/uploads\/2025\/05\/2018-1-scaled.jpg\",\"width\":2560,\"height\":1707,\"caption\":\"PARIS, FRANCE - JUNE 10: Rafael Nadal of Spain with the men's singles championship trophy at Roland Garros on day fifteen held at Stade Roland-Garros on June 10, 2018 in Paris, France (Photo by Peter Staples\/ATP World Tour)\"},{\"@type\":\"BreadcrumbList\",\"@id\":\"https:\/\/www.rafanadalacademy.com\/en\/rafa-nadal-en\/rafa-nadal-and-roland-garros-a-legendary-story\/#breadcrumb\",\"itemListElement\":[{\"@type\":\"ListItem\",\"position\":1,\"name\":\"Home\",\"item\":\"https:\/\/www.rafanadalacademy.com\/en\/\"},{\"@type\":\"ListItem\",\"position\":2,\"name\":\"Rafa Nadal and Roland Garros: A Legendary Story\"}]},{\"@type\":\"WebSite\",\"@id\":\"https:\/\/www.rafanadalacademy.com\/en\/#website\",\"url\":\"https:\/\/www.rafanadalacademy.com\/en\/\",\"name\":\"Rafa Nadal Academy\",\"description\":\"Otro sitio realizado con WordPress\",\"potentialAction\":[{\"@type\":\"SearchAction\",\"target\":{\"@type\":\"EntryPoint\",\"urlTemplate\":\"https:\/\/www.rafanadalacademy.com\/en\/?s={search_term_string}\"},\"query-input\":{\"@type\":\"PropertyValueSpecification\",\"valueRequired\":true,\"valueName\":\"search_term_string\"}}],\"inLanguage\":\"en-US\"},{\"@type\":\"Person\",\"@id\":\"https:\/\/www.rafanadalacademy.com\/en\/#\/schema\/person\/9d67223f28280353fbe9e2a37ca576ba\",\"name\":\"M\u00f3nica Rodr\u00edguez\",\"image\":{\"@type\":\"ImageObject\",\"inLanguage\":\"en-US\",\"@id\":\"https:\/\/www.rafanadalacademy.com\/en\/#\/schema\/person\/image\/\",\"url\":\"https:\/\/secure.gravatar.com\/avatar\/73a29f34d8e46987a4ddcbd2b3c6c9f96071351d23a817c4f42ac0ab737f5c68?s=96&d=mm&r=g\",\"contentUrl\":\"https:\/\/secure.gravatar.com\/avatar\/73a29f34d8e46987a4ddcbd2b3c6c9f96071351d23a817c4f42ac0ab737f5c68?s=96&d=mm&r=g\",\"caption\":\"M\u00f3nica Rodr\u00edguez\"},\"url\":\"https:\/\/www.rafanadalacademy.com\/en\/author\/m0nic\/\"},{\"@type\":\"ImageObject\",\"inLanguage\":\"en-US\",\"@id\":\"https:\/\/www.rafanadalacademy.com\/en\/rafa-nadal-en\/rafa-nadal-and-roland-garros-a-legendary-story\/#local-main-organization-logo\",\"url\":\"\",\"contentUrl\":\"\",\"caption\":\"Rafa Nadal Academy\"}]}<\/script>\n<!-- \/ Yoast SEO Premium plugin. -->","yoast_head_json":{"title":"Rafa Nadal and Roland Garros: A Legendary Story - Rafa Nadal Academy","description":"Rafa Nadal will be honored at the Philippe-Chatrier on Sunday, May 25, 2025, the opening day of the tournament. It will be a ceremony \"full of surprises,\" paying tribute to one of the greatest tennis players of all time.","robots":{"index":"index","follow":"follow","max-snippet":"max-snippet:-1","max-image-preview":"max-image-preview:large","max-video-preview":"max-video-preview:-1"},"canonical":"https:\/\/www.rafanadalacademy.com\/en\/rafa-nadal-en\/rafa-nadal-and-roland-garros-a-legendary-story\/","og_locale":"en_US","og_type":"article","og_title":"Rafa Nadal and Roland Garros: A Legendary Story","og_description":"Rafa Nadal will be honored at the Philippe-Chatrier on Sunday, May 25, 2025, the opening day of the tournament. It will be a ceremony \"full of surprises,\" paying tribute to one of the greatest tennis players of all time.","og_url":"https:\/\/www.rafanadalacademy.com\/en\/rafa-nadal-en\/rafa-nadal-and-roland-garros-a-legendary-story\/","og_site_name":"Rafa Nadal Academy","article_published_time":"2025-05-16T08:05:18+00:00","og_image":[{"width":2560,"height":1707,"url":"https:\/\/www.rafanadalacademy.com\/wp-content\/uploads\/2025\/05\/2018-1-scaled.jpg","type":"image\/jpeg"}],"author":"M\u00f3nica Rodr\u00edguez","twitter_card":"summary_large_image","twitter_misc":{"Written by":"M\u00f3nica Rodr\u00edguez","Est. reading time":"3 minutes"},"schema":{"@context":"https:\/\/schema.org","@graph":[{"@type":"Article","@id":"https:\/\/www.rafanadalacademy.com\/en\/rafa-nadal-en\/rafa-nadal-and-roland-garros-a-legendary-story\/#article","isPartOf":{"@id":"https:\/\/www.rafanadalacademy.com\/en\/rafa-nadal-en\/rafa-nadal-and-roland-garros-a-legendary-story\/"},"author":{"name":"M\u00f3nica Rodr\u00edguez","@id":"https:\/\/www.rafanadalacademy.com\/en\/#\/schema\/person\/9d67223f28280353fbe9e2a37ca576ba"},"headline":"Rafa Nadal and Roland Garros: A Legendary Story","datePublished":"2025-05-16T08:05:18+00:00","mainEntityOfPage":{"@id":"https:\/\/www.rafanadalacademy.com\/en\/rafa-nadal-en\/rafa-nadal-and-roland-garros-a-legendary-story\/"},"wordCount":556,"image":{"@id":"https:\/\/www.rafanadalacademy.com\/en\/rafa-nadal-en\/rafa-nadal-and-roland-garros-a-legendary-story\/#primaryimage"},"thumbnailUrl":"https:\/\/www.rafanadalacademy.com\/wp-content\/uploads\/2025\/05\/2018-1-scaled.jpg","keywords":["Rafa Nadal","ROLAND GARROS"],"articleSection":["News","RAFA NADAL"],"inLanguage":"en-US","copyrightYear":"2025","copyrightHolder":{"@id":"https:\/\/www.rafanadalacademy.com\/#organization"}},{"@type":"WebPage","@id":"https:\/\/www.rafanadalacademy.com\/en\/rafa-nadal-en\/rafa-nadal-and-roland-garros-a-legendary-story\/","url":"https:\/\/www.rafanadalacademy.com\/en\/rafa-nadal-en\/rafa-nadal-and-roland-garros-a-legendary-story\/","name":"Rafa Nadal and Roland Garros: A Legendary Story - Rafa Nadal Academy","isPartOf":{"@id":"https:\/\/www.rafanadalacademy.com\/en\/#website"},"primaryImageOfPage":{"@id":"https:\/\/www.rafanadalacademy.com\/en\/rafa-nadal-en\/rafa-nadal-and-roland-garros-a-legendary-story\/#primaryimage"},"image":{"@id":"https:\/\/www.rafanadalacademy.com\/en\/rafa-nadal-en\/rafa-nadal-and-roland-garros-a-legendary-story\/#primaryimage"},"thumbnailUrl":"https:\/\/www.rafanadalacademy.com\/wp-content\/uploads\/2025\/05\/2018-1-scaled.jpg","datePublished":"2025-05-16T08:05:18+00:00","author":{"@id":"https:\/\/www.rafanadalacademy.com\/en\/#\/schema\/person\/9d67223f28280353fbe9e2a37ca576ba"},"description":"Rafa Nadal will be honored at the Philippe-Chatrier on Sunday, May 25, 2025, the opening day of the tournament. It will be a ceremony \"full of surprises,\" paying tribute to one of the greatest tennis players of all time.","breadcrumb":{"@id":"https:\/\/www.rafanadalacademy.com\/en\/rafa-nadal-en\/rafa-nadal-and-roland-garros-a-legendary-story\/#breadcrumb"},"inLanguage":"en-US","potentialAction":[{"@type":"ReadAction","target":["https:\/\/www.rafanadalacademy.com\/en\/rafa-nadal-en\/rafa-nadal-and-roland-garros-a-legendary-story\/"]}]},{"@type":"ImageObject","inLanguage":"en-US","@id":"https:\/\/www.rafanadalacademy.com\/en\/rafa-nadal-en\/rafa-nadal-and-roland-garros-a-legendary-story\/#primaryimage","url":"https:\/\/www.rafanadalacademy.com\/wp-content\/uploads\/2025\/05\/2018-1-scaled.jpg","contentUrl":"https:\/\/www.rafanadalacademy.com\/wp-content\/uploads\/2025\/05\/2018-1-scaled.jpg","width":2560,"height":1707,"caption":"PARIS, FRANCE - JUNE 10: Rafael Nadal of Spain with the men's singles championship trophy at Roland Garros on day fifteen held at Stade Roland-Garros on June 10, 2018 in Paris, France (Photo by Peter Staples\/ATP World Tour)"},{"@type":"BreadcrumbList","@id":"https:\/\/www.rafanadalacademy.com\/en\/rafa-nadal-en\/rafa-nadal-and-roland-garros-a-legendary-story\/#breadcrumb","itemListElement":[{"@type":"ListItem","position":1,"name":"Home","item":"https:\/\/www.rafanadalacademy.com\/en\/"},{"@type":"ListItem","position":2,"name":"Rafa Nadal and Roland Garros: A Legendary Story"}]},{"@type":"WebSite","@id":"https:\/\/www.rafanadalacademy.com\/en\/#website","url":"https:\/\/www.rafanadalacademy.com\/en\/","name":"Rafa Nadal Academy","description":"Otro sitio realizado con WordPress","potentialAction":[{"@type":"SearchAction","target":{"@type":"EntryPoint","urlTemplate":"https:\/\/www.rafanadalacademy.com\/en\/?s={search_term_string}"},"query-input":{"@type":"PropertyValueSpecification","valueRequired":true,"valueName":"search_term_string"}}],"inLanguage":"en-US"},{"@type":"Person","@id":"https:\/\/www.rafanadalacademy.com\/en\/#\/schema\/person\/9d67223f28280353fbe9e2a37ca576ba","name":"M\u00f3nica Rodr\u00edguez","image":{"@type":"ImageObject","inLanguage":"en-US","@id":"https:\/\/www.rafanadalacademy.com\/en\/#\/schema\/person\/image\/","url":"https:\/\/secure.gravatar.com\/avatar\/73a29f34d8e46987a4ddcbd2b3c6c9f96071351d23a817c4f42ac0ab737f5c68?s=96&d=mm&r=g","contentUrl":"https:\/\/secure.gravatar.com\/avatar\/73a29f34d8e46987a4ddcbd2b3c6c9f96071351d23a817c4f42ac0ab737f5c68?s=96&d=mm&r=g","caption":"M\u00f3nica Rodr\u00edguez"},"url":"https:\/\/www.rafanadalacademy.com\/en\/author\/m0nic\/"},{"@type":"ImageObject","inLanguage":"en-US","@id":"https:\/\/www.rafanadalacademy.com\/en\/rafa-nadal-en\/rafa-nadal-and-roland-garros-a-legendary-story\/#local-main-organization-logo","url":"","contentUrl":"","caption":"Rafa Nadal Academy"}]}},"_links":{"self":[{"href":"https:\/\/www.rafanadalacademy.com\/en\/wp-json\/wp\/v2\/posts\/29158","targetHints":{"allow":["GET"]}}],"collection":[{"href":"https:\/\/www.rafanadalacademy.com\/en\/wp-json\/wp\/v2\/posts"}],"about":[{"href":"https:\/\/www.rafanadalacademy.com\/en\/wp-json\/wp\/v2\/types\/post"}],"author":[{"embeddable":true,"href":"https:\/\/www.rafanadalacademy.com\/en\/wp-json\/wp\/v2\/users\/20"}],"replies":[{"embeddable":true,"href":"https:\/\/www.rafanadalacademy.com\/en\/wp-json\/wp\/v2\/comments?post=29158"}],"version-history":[{"count":0,"href":"https:\/\/www.rafanadalacademy.com\/en\/wp-json\/wp\/v2\/posts\/29158\/revisions"}],"wp:featuredmedia":[{"embeddable":true,"href":"https:\/\/www.rafanadalacademy.com\/en\/wp-json\/wp\/v2\/media\/27764"}],"wp:attachment":[{"href":"https:\/\/www.rafanadalacademy.com\/en\/wp-json\/wp\/v2\/media?parent=29158"}],"wp:term":[{"taxonomy":"category","embeddable":true,"href":"https:\/\/www.rafanadalacademy.com\/en\/wp-json\/wp\/v2\/categories?post=29158"},{"taxonomy":"post_tag","embeddable":true,"href":"https:\/\/www.rafanadalacademy.com\/en\/wp-json\/wp\/v2\/tags?post=29158"}],"curies":[{"name":"wp","href":"https:\/\/api.w.org\/{rel}","templated":true}]}}