{"id":28953,"date":"2023-09-04T08:08:00","date_gmt":"2023-09-04T08:08:00","guid":{"rendered":"https:\/\/www.rafanadalacademy.com\/?p=28953"},"modified":"2025-07-29T07:30:17","modified_gmt":"2025-07-29T07:30:17","slug":"hamad-medjedovic-wins-the-rafa-nadal-open-by-movistar","status":"publish","type":"post","link":"https:\/\/www.rafanadalacademy.com\/en\/news\/hamad-medjedovic-wins-the-rafa-nadal-open-by-movistar\/","title":{"rendered":"Hamad Medjedovic wins the Rafa Nadal Open by Movistar"},"content":{"rendered":"\n<p><bdo lang=\"en\" dir=\"ltr\">Under the watchful eyes of the packed center court of the <strong>Rafa Nadal Academy<\/strong>, the Serbian<strong> Hamad Medjedovic<\/strong> (20 years old) won the fifth edition of the<strong> Rafa Nadal Open by Movistar<\/strong> by defeating the Frenchman Harold Mayot in the final in a thrilling duel that was resolved 6-2, 4-6, 6-2.<\/bdo><\/p>\n\n\n\n<figure class=\"wp-block-image size-large\"><img loading=\"lazy\" decoding=\"async\" width=\"1024\" height=\"682\" src=\"https:\/\/dxr52e0jfi242.cloudfront.net\/uploads\/2025\/07\/hamad-medjedovic-conquista-el-rafa-nadal-open-by-movistar-powzy57l3n-1-1024x682.jpg\" alt=\"\" class=\"wp-image-28764\" srcset=\"https:\/\/www.rafanadalacademy.com\/wp-content\/uploads\/2025\/07\/hamad-medjedovic-conquista-el-rafa-nadal-open-by-movistar-powzy57l3n-1-1024x682.jpg 1024w, https:\/\/www.rafanadalacademy.com\/wp-content\/uploads\/2025\/07\/hamad-medjedovic-conquista-el-rafa-nadal-open-by-movistar-powzy57l3n-1-300x200.jpg 300w, https:\/\/www.rafanadalacademy.com\/wp-content\/uploads\/2025\/07\/hamad-medjedovic-conquista-el-rafa-nadal-open-by-movistar-powzy57l3n-1-768x512.jpg 768w, https:\/\/www.rafanadalacademy.com\/wp-content\/uploads\/2025\/07\/hamad-medjedovic-conquista-el-rafa-nadal-open-by-movistar-powzy57l3n-1-1536x1024.jpg 1536w, https:\/\/www.rafanadalacademy.com\/wp-content\/uploads\/2025\/07\/hamad-medjedovic-conquista-el-rafa-nadal-open-by-movistar-powzy57l3n-1.jpg 2000w\" sizes=\"auto, (max-width: 1024px) 100vw, 1024px\" \/><\/figure>\n\n\n\n<p><\/p>\n\n\n\n<p><bdo lang=\"en\" dir=\"ltr\">Medjedovic, who is adding his third Challenger Tour title this season, had previously defeated Spaniard Dani Rinc\u00f3n in the semifinals in a tournament in which he also had to overcome Nicol\u00e1s Mej\u00eda, Laurent Lokoli, and Mattia Bellucci.<\/bdo><\/p>\n\n\n\n<p><bdo lang=\"en\" dir=\"ltr\">Medjedovic thus becomes the fifth player to lift the trophy on Centre Court at the Rafa Nadal Academy, succeeding Luca Nardi, Lucas Lacko, Emil Ruusuvuori, and Bernard Tomic in the tournament&#8217;s history.<\/bdo><\/p>\n\n\n\n<p><bdo lang=\"en\" dir=\"ltr\">\u201cI&#8217;m very excited, but I want to thank all of you who came throughout the tournament for your support. It&#8217;s been one of the best weeks of my life. I have to say the academy is impressive, and I really enjoyed my stay. I&#8217;m happy to have achieved the overall victory,\u201d said Medjedovic, who received the trophy from Carmen S\u00e1nchez de Medina, representing Movistar, the event&#8217;s main sponsor.<\/bdo><\/p>\n\n\n\n<p><bdo lang=\"en\" dir=\"ltr\">At just 21 years old, finalist Harold Mayot also dazzled the crowd in Manacor with his explosive tennis and tight three-set victories over opponents such as Joao Sousa and Nick Hardt. He also defeated three-time ATP champion Damir Dzumhur in the semifinals.<\/bdo><\/p>\n\n\n\n<p><bdo lang=\"en\" dir=\"ltr\"><strong>Rafa Nadal<\/strong> himself took to social media to congratulate the champion and close out this year&#8217;s event with a heartfelt message: &#8220;Congratulations to Hamad Medjedovic for winning the Rafa Nadal Open by Movistar, to the academy players for their great performance, and to Dani Rinc\u00f3n for reaching another semi-final. Thanks to all the players, fans, and sponsors who have helped this ATP Challenger Tour tournament continue to grow at the Rafa Nadal Academy. Especially to Movistar for your tremendous support.&#8221;<\/bdo><\/p>\n\n\n\n<p><bdo lang=\"en\" dir=\"ltr\">The Rafa Nadal Open by Movistar, which concludes its fifth edition with a huge attendance success, has made history by becoming the first tournament on the ATP Challenger Tour to implement FoxTenn technology. This innovative system, unique in the world, allows the actual bounce of the ball to be determined instantly (without estimates or simulations) with 100% accuracy, allowing players and the tournament audience to know instantly whether the bounce was in or out. These new features have also been available throughout the week on <strong>Movistar+ <\/strong>thanks to the live broadcasts since the round of 16.<\/bdo><\/p>\n\n\n\n<p><\/p>\n\n\n\n<p><\/p>\n\n\n\n<p><\/p>\n\n\n\n<p><\/p>\n\n\n\n<p><\/p>\n\n\n\n<p><\/p>\n\n\n\n<p><\/p>\n\n\n\n<p><\/p>\n\n\n\n<p><\/p>\n\n\n\n<p><\/p>\n\n\n\n<p><\/p>\n\n\n\n<p><\/p>\n","protected":false},"excerpt":{"rendered":"<p>Under the watchful eyes of the packed center court of the Rafa Nadal Academy, the Serbian Hamad Medjedovic (20 years old) won the fifth edition of the Rafa Nadal Open by Movistar by defeating the Frenchman Harold Mayot in the final in a thrilling duel that was resolved 6-2, 4-6, 6-2. Medjedovic, who is adding<a href=\"https:\/\/www.rafanadalacademy.com\/en\/news\/hamad-medjedovic-wins-the-rafa-nadal-open-by-movistar\/\">Continue reading <span class=\"sr-only\">&#8220;Hamad Medjedovic wins the Rafa Nadal Open by Movistar&#8221;<\/span><\/a><\/p>\n","protected":false},"author":22,"featured_media":28740,"comment_status":"closed","ping_status":"closed","sticky":false,"template":"","format":"standard","meta":{"_acf_changed":false,"footnotes":""},"categories":[144,132,126],"tags":[217,134,148],"class_list":["post-28953","post","type-post","status-publish","format-standard","has-post-thumbnail","hentry","category-news","category-rafa-nadal-academy-by-movistar-en","category-uncategorized","tag-rafa-nadal-en","tag-rafa-nadal-academy-by-movistar-en","tag-rafa-nadal-open-en"],"acf":[],"yoast_head":"<!-- This site is optimized with the Yoast SEO Premium plugin v26.8 (Yoast SEO v26.9) - https:\/\/yoast.com\/product\/yoast-seo-premium-wordpress\/ -->\n<title>Hamad Medjedovic wins the Rafa Nadal Open by Movistar - Rafa Nadal Academy<\/title>\n<meta name=\"description\" content=\"Under the watchful eyes of the packed center court of the Rafa Nadal Academy, Serbian Hamad Medjedovic (20 years old) won the fifth edition of the Rafa Nadal Open by Movistar.\" \/>\n<meta name=\"robots\" content=\"index, follow, max-snippet:-1, max-image-preview:large, max-video-preview:-1\" \/>\n<link rel=\"canonical\" href=\"https:\/\/www.rafanadalacademy.com\/en\/news\/hamad-medjedovic-wins-the-rafa-nadal-open-by-movistar\/\" \/>\n<meta property=\"og:locale\" content=\"en_US\" \/>\n<meta property=\"og:type\" content=\"article\" \/>\n<meta property=\"og:title\" content=\"Hamad Medjedovic wins the Rafa Nadal Open by Movistar\" \/>\n<meta property=\"og:description\" content=\"Under the watchful eyes of the packed center court of the Rafa Nadal Academy, Serbian Hamad Medjedovic (20 years old) won the fifth edition of the Rafa Nadal Open by Movistar.\" \/>\n<meta property=\"og:url\" content=\"https:\/\/www.rafanadalacademy.com\/en\/news\/hamad-medjedovic-wins-the-rafa-nadal-open-by-movistar\/\" \/>\n<meta property=\"og:site_name\" content=\"Rafa Nadal Academy\" \/>\n<meta property=\"article:published_time\" content=\"2023-09-04T08:08:00+00:00\" \/>\n<meta property=\"article:modified_time\" content=\"2025-07-29T07:30:17+00:00\" \/>\n<meta property=\"og:image\" content=\"https:\/\/www.rafanadalacademy.com\/wp-content\/uploads\/2025\/07\/hamad-medjedovic-conquista-el-rafa-nadal-open-by-movistar-powzy57l3n-e1751882615810.jpg\" \/>\n\t<meta property=\"og:image:width\" content=\"2000\" \/>\n\t<meta property=\"og:image:height\" content=\"1333\" \/>\n\t<meta property=\"og:image:type\" content=\"image\/jpeg\" \/>\n<meta name=\"author\" content=\"jferrer\" \/>\n<meta name=\"twitter:card\" content=\"summary_large_image\" \/>\n<meta name=\"twitter:label1\" content=\"Written by\" \/>\n\t<meta name=\"twitter:data1\" content=\"jferrer\" \/>\n\t<meta name=\"twitter:label2\" content=\"Est. reading time\" \/>\n\t<meta name=\"twitter:data2\" content=\"3 minutes\" \/>\n<script type=\"application\/ld+json\" class=\"yoast-schema-graph\">{\"@context\":\"https:\/\/schema.org\",\"@graph\":[{\"@type\":\"Article\",\"@id\":\"https:\/\/www.rafanadalacademy.com\/en\/news\/hamad-medjedovic-wins-the-rafa-nadal-open-by-movistar\/#article\",\"isPartOf\":{\"@id\":\"https:\/\/www.rafanadalacademy.com\/en\/news\/hamad-medjedovic-wins-the-rafa-nadal-open-by-movistar\/\"},\"author\":{\"name\":\"jferrer\",\"@id\":\"https:\/\/www.rafanadalacademy.com\/en\/#\/schema\/person\/6d803c40346b56c03edee75e9cde4ede\"},\"headline\":\"Hamad Medjedovic wins the Rafa Nadal Open by Movistar\",\"datePublished\":\"2023-09-04T08:08:00+00:00\",\"dateModified\":\"2025-07-29T07:30:17+00:00\",\"mainEntityOfPage\":{\"@id\":\"https:\/\/www.rafanadalacademy.com\/en\/news\/hamad-medjedovic-wins-the-rafa-nadal-open-by-movistar\/\"},\"wordCount\":422,\"image\":{\"@id\":\"https:\/\/www.rafanadalacademy.com\/en\/news\/hamad-medjedovic-wins-the-rafa-nadal-open-by-movistar\/#primaryimage\"},\"thumbnailUrl\":\"https:\/\/www.rafanadalacademy.com\/wp-content\/uploads\/2025\/07\/hamad-medjedovic-conquista-el-rafa-nadal-open-by-movistar-powzy57l3n-e1751882615810.jpg\",\"keywords\":[\"Rafa Nadal\",\"RAFA NADAL ACADEMY BY MOVISTAR\",\"RAFA NADAL OPEN\"],\"articleSection\":[\"News\",\"RAFA NADAL ACADEMY BY MOVISTAR\"],\"inLanguage\":\"en-US\",\"copyrightYear\":\"2023\",\"copyrightHolder\":{\"@id\":\"https:\/\/www.rafanadalacademy.com\/#organization\"}},{\"@type\":\"WebPage\",\"@id\":\"https:\/\/www.rafanadalacademy.com\/en\/news\/hamad-medjedovic-wins-the-rafa-nadal-open-by-movistar\/\",\"url\":\"https:\/\/www.rafanadalacademy.com\/en\/news\/hamad-medjedovic-wins-the-rafa-nadal-open-by-movistar\/\",\"name\":\"Hamad Medjedovic wins the Rafa Nadal Open by Movistar - Rafa Nadal Academy\",\"isPartOf\":{\"@id\":\"https:\/\/www.rafanadalacademy.com\/en\/#website\"},\"primaryImageOfPage\":{\"@id\":\"https:\/\/www.rafanadalacademy.com\/en\/news\/hamad-medjedovic-wins-the-rafa-nadal-open-by-movistar\/#primaryimage\"},\"image\":{\"@id\":\"https:\/\/www.rafanadalacademy.com\/en\/news\/hamad-medjedovic-wins-the-rafa-nadal-open-by-movistar\/#primaryimage\"},\"thumbnailUrl\":\"https:\/\/www.rafanadalacademy.com\/wp-content\/uploads\/2025\/07\/hamad-medjedovic-conquista-el-rafa-nadal-open-by-movistar-powzy57l3n-e1751882615810.jpg\",\"datePublished\":\"2023-09-04T08:08:00+00:00\",\"dateModified\":\"2025-07-29T07:30:17+00:00\",\"author\":{\"@id\":\"https:\/\/www.rafanadalacademy.com\/en\/#\/schema\/person\/6d803c40346b56c03edee75e9cde4ede\"},\"description\":\"Under the watchful eyes of the packed center court of the Rafa Nadal Academy, Serbian Hamad Medjedovic (20 years old) won the fifth edition of the Rafa Nadal Open by Movistar.\",\"breadcrumb\":{\"@id\":\"https:\/\/www.rafanadalacademy.com\/en\/news\/hamad-medjedovic-wins-the-rafa-nadal-open-by-movistar\/#breadcrumb\"},\"inLanguage\":\"en-US\",\"potentialAction\":[{\"@type\":\"ReadAction\",\"target\":[\"https:\/\/www.rafanadalacademy.com\/en\/news\/hamad-medjedovic-wins-the-rafa-nadal-open-by-movistar\/\"]}]},{\"@type\":\"ImageObject\",\"inLanguage\":\"en-US\",\"@id\":\"https:\/\/www.rafanadalacademy.com\/en\/news\/hamad-medjedovic-wins-the-rafa-nadal-open-by-movistar\/#primaryimage\",\"url\":\"https:\/\/www.rafanadalacademy.com\/wp-content\/uploads\/2025\/07\/hamad-medjedovic-conquista-el-rafa-nadal-open-by-movistar-powzy57l3n-e1751882615810.jpg\",\"contentUrl\":\"https:\/\/www.rafanadalacademy.com\/wp-content\/uploads\/2025\/07\/hamad-medjedovic-conquista-el-rafa-nadal-open-by-movistar-powzy57l3n-e1751882615810.jpg\",\"width\":2000,\"height\":1333},{\"@type\":\"BreadcrumbList\",\"@id\":\"https:\/\/www.rafanadalacademy.com\/en\/news\/hamad-medjedovic-wins-the-rafa-nadal-open-by-movistar\/#breadcrumb\",\"itemListElement\":[{\"@type\":\"ListItem\",\"position\":1,\"name\":\"Home\",\"item\":\"https:\/\/www.rafanadalacademy.com\/en\/\"},{\"@type\":\"ListItem\",\"position\":2,\"name\":\"Hamad Medjedovic wins the Rafa Nadal Open by Movistar\"}]},{\"@type\":\"WebSite\",\"@id\":\"https:\/\/www.rafanadalacademy.com\/en\/#website\",\"url\":\"https:\/\/www.rafanadalacademy.com\/en\/\",\"name\":\"Rafa Nadal Academy\",\"description\":\"Otro sitio realizado con WordPress\",\"potentialAction\":[{\"@type\":\"SearchAction\",\"target\":{\"@type\":\"EntryPoint\",\"urlTemplate\":\"https:\/\/www.rafanadalacademy.com\/en\/?s={search_term_string}\"},\"query-input\":{\"@type\":\"PropertyValueSpecification\",\"valueRequired\":true,\"valueName\":\"search_term_string\"}}],\"inLanguage\":\"en-US\"},{\"@type\":\"Person\",\"@id\":\"https:\/\/www.rafanadalacademy.com\/en\/#\/schema\/person\/6d803c40346b56c03edee75e9cde4ede\",\"name\":\"jferrer\",\"image\":{\"@type\":\"ImageObject\",\"inLanguage\":\"en-US\",\"@id\":\"https:\/\/www.rafanadalacademy.com\/en\/#\/schema\/person\/image\/\",\"url\":\"https:\/\/secure.gravatar.com\/avatar\/2a78d559e3bcd6e1f1d3e58ec38300bf71a3277272fc0ee25bb383f75389cf25?s=96&d=mm&r=g\",\"contentUrl\":\"https:\/\/secure.gravatar.com\/avatar\/2a78d559e3bcd6e1f1d3e58ec38300bf71a3277272fc0ee25bb383f75389cf25?s=96&d=mm&r=g\",\"caption\":\"jferrer\"},\"url\":\"https:\/\/www.rafanadalacademy.com\/en\/author\/jferrer\/\"},{\"@type\":\"ImageObject\",\"inLanguage\":\"en-US\",\"@id\":\"https:\/\/www.rafanadalacademy.com\/en\/news\/hamad-medjedovic-wins-the-rafa-nadal-open-by-movistar\/#local-main-organization-logo\",\"url\":\"\",\"contentUrl\":\"\",\"caption\":\"Rafa Nadal Academy\"}]}<\/script>\n<!-- \/ Yoast SEO Premium plugin. -->","yoast_head_json":{"title":"Hamad Medjedovic wins the Rafa Nadal Open by Movistar - Rafa Nadal Academy","description":"Under the watchful eyes of the packed center court of the Rafa Nadal Academy, Serbian Hamad Medjedovic (20 years old) won the fifth edition of the Rafa Nadal Open by Movistar.","robots":{"index":"index","follow":"follow","max-snippet":"max-snippet:-1","max-image-preview":"max-image-preview:large","max-video-preview":"max-video-preview:-1"},"canonical":"https:\/\/www.rafanadalacademy.com\/en\/news\/hamad-medjedovic-wins-the-rafa-nadal-open-by-movistar\/","og_locale":"en_US","og_type":"article","og_title":"Hamad Medjedovic wins the Rafa Nadal Open by Movistar","og_description":"Under the watchful eyes of the packed center court of the Rafa Nadal Academy, Serbian Hamad Medjedovic (20 years old) won the fifth edition of the Rafa Nadal Open by Movistar.","og_url":"https:\/\/www.rafanadalacademy.com\/en\/news\/hamad-medjedovic-wins-the-rafa-nadal-open-by-movistar\/","og_site_name":"Rafa Nadal Academy","article_published_time":"2023-09-04T08:08:00+00:00","article_modified_time":"2025-07-29T07:30:17+00:00","og_image":[{"width":2000,"height":1333,"url":"https:\/\/www.rafanadalacademy.com\/wp-content\/uploads\/2025\/07\/hamad-medjedovic-conquista-el-rafa-nadal-open-by-movistar-powzy57l3n-e1751882615810.jpg","type":"image\/jpeg"}],"author":"jferrer","twitter_card":"summary_large_image","twitter_misc":{"Written by":"jferrer","Est. reading time":"3 minutes"},"schema":{"@context":"https:\/\/schema.org","@graph":[{"@type":"Article","@id":"https:\/\/www.rafanadalacademy.com\/en\/news\/hamad-medjedovic-wins-the-rafa-nadal-open-by-movistar\/#article","isPartOf":{"@id":"https:\/\/www.rafanadalacademy.com\/en\/news\/hamad-medjedovic-wins-the-rafa-nadal-open-by-movistar\/"},"author":{"name":"jferrer","@id":"https:\/\/www.rafanadalacademy.com\/en\/#\/schema\/person\/6d803c40346b56c03edee75e9cde4ede"},"headline":"Hamad Medjedovic wins the Rafa Nadal Open by Movistar","datePublished":"2023-09-04T08:08:00+00:00","dateModified":"2025-07-29T07:30:17+00:00","mainEntityOfPage":{"@id":"https:\/\/www.rafanadalacademy.com\/en\/news\/hamad-medjedovic-wins-the-rafa-nadal-open-by-movistar\/"},"wordCount":422,"image":{"@id":"https:\/\/www.rafanadalacademy.com\/en\/news\/hamad-medjedovic-wins-the-rafa-nadal-open-by-movistar\/#primaryimage"},"thumbnailUrl":"https:\/\/www.rafanadalacademy.com\/wp-content\/uploads\/2025\/07\/hamad-medjedovic-conquista-el-rafa-nadal-open-by-movistar-powzy57l3n-e1751882615810.jpg","keywords":["Rafa Nadal","RAFA NADAL ACADEMY BY MOVISTAR","RAFA NADAL OPEN"],"articleSection":["News","RAFA NADAL ACADEMY BY MOVISTAR"],"inLanguage":"en-US","copyrightYear":"2023","copyrightHolder":{"@id":"https:\/\/www.rafanadalacademy.com\/#organization"}},{"@type":"WebPage","@id":"https:\/\/www.rafanadalacademy.com\/en\/news\/hamad-medjedovic-wins-the-rafa-nadal-open-by-movistar\/","url":"https:\/\/www.rafanadalacademy.com\/en\/news\/hamad-medjedovic-wins-the-rafa-nadal-open-by-movistar\/","name":"Hamad Medjedovic wins the Rafa Nadal Open by Movistar - Rafa Nadal Academy","isPartOf":{"@id":"https:\/\/www.rafanadalacademy.com\/en\/#website"},"primaryImageOfPage":{"@id":"https:\/\/www.rafanadalacademy.com\/en\/news\/hamad-medjedovic-wins-the-rafa-nadal-open-by-movistar\/#primaryimage"},"image":{"@id":"https:\/\/www.rafanadalacademy.com\/en\/news\/hamad-medjedovic-wins-the-rafa-nadal-open-by-movistar\/#primaryimage"},"thumbnailUrl":"https:\/\/www.rafanadalacademy.com\/wp-content\/uploads\/2025\/07\/hamad-medjedovic-conquista-el-rafa-nadal-open-by-movistar-powzy57l3n-e1751882615810.jpg","datePublished":"2023-09-04T08:08:00+00:00","dateModified":"2025-07-29T07:30:17+00:00","author":{"@id":"https:\/\/www.rafanadalacademy.com\/en\/#\/schema\/person\/6d803c40346b56c03edee75e9cde4ede"},"description":"Under the watchful eyes of the packed center court of the Rafa Nadal Academy, Serbian Hamad Medjedovic (20 years old) won the fifth edition of the Rafa Nadal Open by Movistar.","breadcrumb":{"@id":"https:\/\/www.rafanadalacademy.com\/en\/news\/hamad-medjedovic-wins-the-rafa-nadal-open-by-movistar\/#breadcrumb"},"inLanguage":"en-US","potentialAction":[{"@type":"ReadAction","target":["https:\/\/www.rafanadalacademy.com\/en\/news\/hamad-medjedovic-wins-the-rafa-nadal-open-by-movistar\/"]}]},{"@type":"ImageObject","inLanguage":"en-US","@id":"https:\/\/www.rafanadalacademy.com\/en\/news\/hamad-medjedovic-wins-the-rafa-nadal-open-by-movistar\/#primaryimage","url":"https:\/\/www.rafanadalacademy.com\/wp-content\/uploads\/2025\/07\/hamad-medjedovic-conquista-el-rafa-nadal-open-by-movistar-powzy57l3n-e1751882615810.jpg","contentUrl":"https:\/\/www.rafanadalacademy.com\/wp-content\/uploads\/2025\/07\/hamad-medjedovic-conquista-el-rafa-nadal-open-by-movistar-powzy57l3n-e1751882615810.jpg","width":2000,"height":1333},{"@type":"BreadcrumbList","@id":"https:\/\/www.rafanadalacademy.com\/en\/news\/hamad-medjedovic-wins-the-rafa-nadal-open-by-movistar\/#breadcrumb","itemListElement":[{"@type":"ListItem","position":1,"name":"Home","item":"https:\/\/www.rafanadalacademy.com\/en\/"},{"@type":"ListItem","position":2,"name":"Hamad Medjedovic wins the Rafa Nadal Open by Movistar"}]},{"@type":"WebSite","@id":"https:\/\/www.rafanadalacademy.com\/en\/#website","url":"https:\/\/www.rafanadalacademy.com\/en\/","name":"Rafa Nadal Academy","description":"Otro sitio realizado con WordPress","potentialAction":[{"@type":"SearchAction","target":{"@type":"EntryPoint","urlTemplate":"https:\/\/www.rafanadalacademy.com\/en\/?s={search_term_string}"},"query-input":{"@type":"PropertyValueSpecification","valueRequired":true,"valueName":"search_term_string"}}],"inLanguage":"en-US"},{"@type":"Person","@id":"https:\/\/www.rafanadalacademy.com\/en\/#\/schema\/person\/6d803c40346b56c03edee75e9cde4ede","name":"jferrer","image":{"@type":"ImageObject","inLanguage":"en-US","@id":"https:\/\/www.rafanadalacademy.com\/en\/#\/schema\/person\/image\/","url":"https:\/\/secure.gravatar.com\/avatar\/2a78d559e3bcd6e1f1d3e58ec38300bf71a3277272fc0ee25bb383f75389cf25?s=96&d=mm&r=g","contentUrl":"https:\/\/secure.gravatar.com\/avatar\/2a78d559e3bcd6e1f1d3e58ec38300bf71a3277272fc0ee25bb383f75389cf25?s=96&d=mm&r=g","caption":"jferrer"},"url":"https:\/\/www.rafanadalacademy.com\/en\/author\/jferrer\/"},{"@type":"ImageObject","inLanguage":"en-US","@id":"https:\/\/www.rafanadalacademy.com\/en\/news\/hamad-medjedovic-wins-the-rafa-nadal-open-by-movistar\/#local-main-organization-logo","url":"","contentUrl":"","caption":"Rafa Nadal Academy"}]}},"_links":{"self":[{"href":"https:\/\/www.rafanadalacademy.com\/en\/wp-json\/wp\/v2\/posts\/28953","targetHints":{"allow":["GET"]}}],"collection":[{"href":"https:\/\/www.rafanadalacademy.com\/en\/wp-json\/wp\/v2\/posts"}],"about":[{"href":"https:\/\/www.rafanadalacademy.com\/en\/wp-json\/wp\/v2\/types\/post"}],"author":[{"embeddable":true,"href":"https:\/\/www.rafanadalacademy.com\/en\/wp-json\/wp\/v2\/users\/22"}],"replies":[{"embeddable":true,"href":"https:\/\/www.rafanadalacademy.com\/en\/wp-json\/wp\/v2\/comments?post=28953"}],"version-history":[{"count":3,"href":"https:\/\/www.rafanadalacademy.com\/en\/wp-json\/wp\/v2\/posts\/28953\/revisions"}],"predecessor-version":[{"id":29009,"href":"https:\/\/www.rafanadalacademy.com\/en\/wp-json\/wp\/v2\/posts\/28953\/revisions\/29009"}],"wp:featuredmedia":[{"embeddable":true,"href":"https:\/\/www.rafanadalacademy.com\/en\/wp-json\/wp\/v2\/media\/28740"}],"wp:attachment":[{"href":"https:\/\/www.rafanadalacademy.com\/en\/wp-json\/wp\/v2\/media?parent=28953"}],"wp:term":[{"taxonomy":"category","embeddable":true,"href":"https:\/\/www.rafanadalacademy.com\/en\/wp-json\/wp\/v2\/categories?post=28953"},{"taxonomy":"post_tag","embeddable":true,"href":"https:\/\/www.rafanadalacademy.com\/en\/wp-json\/wp\/v2\/tags?post=28953"}],"curies":[{"name":"wp","href":"https:\/\/api.w.org\/{rel}","templated":true}]}}