{"id":51353,"date":"2026-09-03T17:13:17","date_gmt":"2026-09-03T17:13:17","guid":{"rendered":"https:\/\/www.rafanadalacademy.com\/unkategorisiert\/rafa-nadal-besucht-das-achtelfinale-der-rafa-nadal-open-by-movistar\/"},"modified":"2026-09-04T15:58:51","modified_gmt":"2026-09-04T15:58:51","slug":"rafa-nadal-besucht-das-achtelfinale-der-rafa-nadal-open-by-movistar","status":"publish","type":"post","link":"https:\/\/www.rafanadalacademy.com\/de\/nachricht\/rafa-nadal-besucht-das-achtelfinale-der-rafa-nadal-open-by-movistar\/","title":{"rendered":"Rafa Nadal besucht das Achtelfinale der Rafa Nadal Open by Movistar"},"content":{"rendered":"\n<p class=\"wp-block-paragraph\">Die <strong>Rafa Nadal Open by Movistar<\/strong> erlebten diesen Donnerstag einen ganz besonderen Tag mit der Anwesenheit von <strong>Rafa Nadal<\/strong> auf der Trib\u00fcne des Hauptplatzes der Akademie. Der Gewinner von <strong>22 Grand-Slam-Titeln<\/strong> wollte sich das Achtelfinale des ATP Challenger Tour-Turniers, das diese Woche in Manacor stattfindet, nicht entgehen lassen. <\/p>\n\n<figure class=\"wp-block-image size-large\"><img decoding=\"async\" src=\"https:\/\/www.rafanadalacademy.com\/wp-content\/uploads\/2026\/09\/Rafa-Nadal-presencia-el-Rafa-Nadal-Open-by-Movistar-1024x683.jpg\" alt=\"\" class=\"wp-image-51319\"\/><\/figure>\n\n<div style=\"height:30px\" aria-hidden=\"true\" class=\"wp-block-spacer\"><\/div>\n\n<p class=\"wp-block-paragraph\">Rafa verfolgte in Begleitung von Javier Soler, Sportdirektor des K\u00f6niglich Spanischen Tennisverbandes, und Carlos Costa, ehemaliger Spieler und Manager von Nadal, das Match zwischen <strong>Dani Rinc\u00f3n<\/strong>, dem amtierenden Turniersieger und Spieler der Rafa Nadal Academy, und <strong>I\u00f1aki Montes-De La Torre<\/strong>, eines der herausragenden Spiele des Tages.<\/p>\n\n<p class=\"wp-block-paragraph\">Die Anwesenheit von Rafa Nadal auf der Trib\u00fcne hat zudem eine besondere Bedeutung aufgrund seiner engen Verbindung zur <strong>ATP Challenger Tour<\/strong>, einer Serie, bei der er zwei seiner ersten Profititel gewann. Im Jahr 2003, noch mit 16 Jahren, wurde er in <strong>Barletta<\/strong> zum Champion gek\u00fcrt und avancierte damit zu einem der j\u00fcngsten Spieler in der Geschichte, der ein Turnier dieser Kategorie gewann. Wochen sp\u00e4ter, bereits mit 17 Jahren, hob er in <strong>El Espinar (Segovia)<\/strong> erneut die Troph\u00e4e. Zwei Titel, die einen wichtigen Sprungbrett in seiner Karriere darstellten und heute einen prominenten Platz im renovierten <strong>Rafa Nadal Museum<\/strong> einnehmen.   <\/p>\n\n<p class=\"wp-block-paragraph\">Seit 2018 wird diese Verbindung zur Tour in Manacor durch die <strong>Rafa Nadal Open by Movistar<\/strong> fortgesetzt, die ATP Challenger Tour, die jedes Jahr etablierte Spieler und einige der gr\u00f6\u00dften Talente des internationalen Tennis wie Andy Murray, Fernando Verdasco oder Carlos Alcaraz in der Rafa Nadal Academy zusammenbringt.<\/p>\n\n<div style=\"height:29px\" aria-hidden=\"true\" class=\"wp-block-spacer\"><\/div>\n\n<figure class=\"wp-block-image size-full\"><a href=\"https:\/\/rafanadalopen.com\/entradas-gratuitas\/\"><img loading=\"lazy\" decoding=\"async\" width=\"942\" height=\"717\" src=\"https:\/\/www.rafanadalacademy.com\/wp-content\/uploads\/2026\/08\/rafa-nadal-open-2026.png\" alt=\"\" class=\"wp-image-49907\" srcset=\"https:\/\/www.rafanadalacademy.com\/wp-content\/uploads\/2026\/08\/rafa-nadal-open-2026.png 942w, https:\/\/www.rafanadalacademy.com\/wp-content\/uploads\/2026\/08\/rafa-nadal-open-2026-300x228.png 300w, https:\/\/www.rafanadalacademy.com\/wp-content\/uploads\/2026\/08\/rafa-nadal-open-2026-768x585.png 768w\" sizes=\"auto, (max-width: 942px) 100vw, 942px\" \/><\/a><\/figure>\n\n<div style=\"height:29px\" aria-hidden=\"true\" class=\"wp-block-spacer\"><\/div>\n\n<p class=\"wp-block-paragraph\">Diese achte Ausgabe des Turniers verzeichnet eine wichtige Vertretung der Rafa Nadal Academy, mit der Teilnahme von <strong>Ivan Ivanov und Ziga Sesko<\/strong>, zus\u00e4tzlich zu Dani Rinc\u00f3n. Alle drei Spieler wissen, wie es ist, einen Grand-Slam-Titel in der Juniorenkategorie zu gewinnen. <\/p>\n\n<p class=\"wp-block-paragraph\">Die <strong>Rafa Nadal Open by Movistar<\/strong> gehen in ihre entscheidenden Tage und dauern bis zum kommenden <strong>Sonntag, den 6. September<\/strong>, wenn das Finale ausgetragen wird.<\/p>\n\n<div style=\"height:29px\" aria-hidden=\"true\" class=\"wp-block-spacer\"><\/div>\n\n<figure class=\"wp-block-image size-large\"><a href=\"https:\/\/www.rafanadalacademy.com\/de\/nachricht\/gastronomie-und-oenologie-im-mittelpunkt-von-el-tie-break-vinos-y-tapas-bei-dieser-ausgabe-des-rafa-nadal-open-by-movistar\/\"><img loading=\"lazy\" decoding=\"async\" width=\"1024\" height=\"531\" src=\"https:\/\/www.rafanadalacademy.com\/wp-content\/uploads\/2026\/08\/Tardeo_RNO-2025_901-scaled-e1786618031933-1024x531.jpg\" alt=\"\" class=\"wp-image-50062\" srcset=\"https:\/\/www.rafanadalacademy.com\/wp-content\/uploads\/2026\/08\/Tardeo_RNO-2025_901-scaled-e1786618031933-1024x531.jpg 1024w, https:\/\/www.rafanadalacademy.com\/wp-content\/uploads\/2026\/08\/Tardeo_RNO-2025_901-scaled-e1786618031933-300x156.jpg 300w, https:\/\/www.rafanadalacademy.com\/wp-content\/uploads\/2026\/08\/Tardeo_RNO-2025_901-scaled-e1786618031933-768x398.jpg 768w, https:\/\/www.rafanadalacademy.com\/wp-content\/uploads\/2026\/08\/Tardeo_RNO-2025_901-scaled-e1786618031933-1536x796.jpg 1536w, https:\/\/www.rafanadalacademy.com\/wp-content\/uploads\/2026\/08\/Tardeo_RNO-2025_901-scaled-e1786618031933-2048x1062.jpg 2048w\" sizes=\"auto, (max-width: 1024px) 100vw, 1024px\" \/><\/a><\/figure>\n\n<div style=\"height:29px\" aria-hidden=\"true\" class=\"wp-block-spacer\"><\/div>\n\n<p class=\"wp-block-paragraph\">Neben dem Wettbewerb bietet das Turnier die ganze Woche \u00fcber Gastronomie, Musik und Aktivit\u00e4ten f\u00fcr Kinder und Familien. <strong>Diesen Donnerstag findet eines der mit gr\u00f6\u00dfter Spannung erwarteten Events dieser Ausgabe statt, \u201eEl Tie-Break: Vinos y Tapas\u201c<\/strong>, eine Nachmittagsveranstaltung, die gastronomische Angebote von <strong>Grupo Maca de Castro, Santi Taura, La Loba, \u00dcbeck, Cassai und Roland-Garros<\/strong> zusammen mit Weinen von <strong>Casa Rojo, Can Axartell, Gallinas i Focas, Ribas, 4 Kilos und Binigrau<\/strong> sowie Live-Musik und DJs vereint. Wie in fr\u00fcheren Ausgaben ist der Zugang zu den <strong>Rafa Nadal Open by Movistar KOSTENLOS<\/strong>, nach vorherigem Download des Tickets \u00fcber die offizielle Website der Veranstaltung. <\/p>\n\n<p class=\"wp-block-paragraph\"><\/p>\n\n<p class=\"wp-block-paragraph\"><\/p>\n\n<p class=\"wp-block-paragraph\"><\/p>\n\n<p class=\"wp-block-paragraph\"><\/p>\n","protected":false},"excerpt":{"rendered":"<p>Die Rafa Nadal Open by Movistar erlebten diesen Donnerstag einen ganz besonderen Tag mit der Anwesenheit von Rafa Nadal auf der Trib\u00fcne des Hauptplatzes der Akademie. Der Gewinner von 22 Grand-Slam-Titeln wollte sich das Achtelfinale des ATP Challenger Tour-Turniers, das diese Woche in Manacor stattfindet, nicht entgehen lassen. Rafa verfolgte in Begleitung von Javier Soler,<a href=\"https:\/\/www.rafanadalacademy.com\/de\/nachricht\/rafa-nadal-besucht-das-achtelfinale-der-rafa-nadal-open-by-movistar\/\">Continue reading <span class=\"sr-only\">&#8220;Rafa Nadal besucht das Achtelfinale der Rafa Nadal Open by Movistar&#8221;<\/span><\/a><\/p>\n","protected":false},"author":23,"featured_media":51323,"comment_status":"closed","ping_status":"closed","sticky":false,"template":"","format":"standard","meta":{"_acf_changed":false,"footnotes":""},"categories":[159,203,151],"tags":[204],"class_list":["post-51353","post","type-post","status-publish","format-standard","has-post-thumbnail","hentry","category-nachricht","category-rafa-nadal-academy-von-movistar","category-rafa-nadal-open-de","tag-rafa-nadal-academy-von-movistar"],"acf":[],"yoast_head":"<!-- This site is optimized with the Yoast SEO Premium plugin v26.8 (Yoast SEO v28.3) - https:\/\/yoast.com\/product\/yoast-seo-premium-wordpress\/ -->\n<title>Rafa Nadal besucht das Achtelfinale der Rafa Nadal Open by Movistar - Rafa Nadal Academy<\/title>\n<meta name=\"description\" content=\"Die Rafa Nadal Open by Movistar erlebten einen ganz besonderen Tag mit der Anwesenheit von Rafa Nadal auf der Trib\u00fcne des Hauptplatzes der Akademie. Der Gewinner von 22 Grand-Slam-Titeln wollte sich das Achtelfinale des ATP Challenger Tour-Turniers, das diese Woche in Manacor stattfindet, nicht entgehen lassen.\" \/>\n<meta name=\"robots\" content=\"index, follow, max-snippet:-1, max-image-preview:large, max-video-preview:-1\" \/>\n<link rel=\"canonical\" href=\"https:\/\/www.rafanadalacademy.com\/de\/nachricht\/rafa-nadal-besucht-das-achtelfinale-der-rafa-nadal-open-by-movistar\/\" \/>\n<meta property=\"og:locale\" content=\"de_DE\" \/>\n<meta property=\"og:type\" content=\"article\" \/>\n<meta property=\"og:title\" content=\"Rafa Nadal besucht das Achtelfinale der Rafa Nadal Open by Movistar\" \/>\n<meta property=\"og:description\" content=\"Die Rafa Nadal Open by Movistar erlebten einen ganz besonderen Tag mit der Anwesenheit von Rafa Nadal auf der Trib\u00fcne des Hauptplatzes der Akademie. Der Gewinner von 22 Grand-Slam-Titeln wollte sich das Achtelfinale des ATP Challenger Tour-Turniers, das diese Woche in Manacor stattfindet, nicht entgehen lassen.\" \/>\n<meta property=\"og:url\" content=\"https:\/\/www.rafanadalacademy.com\/de\/nachricht\/rafa-nadal-besucht-das-achtelfinale-der-rafa-nadal-open-by-movistar\/\" \/>\n<meta property=\"og:site_name\" content=\"Rafa Nadal Academy\" \/>\n<meta property=\"article:published_time\" content=\"2026-09-03T17:13:17+00:00\" \/>\n<meta property=\"article:modified_time\" content=\"2026-09-04T15:58:51+00:00\" \/>\n<meta property=\"og:image\" content=\"https:\/\/www.rafanadalacademy.com\/wp-content\/uploads\/2026\/09\/Rafa-Nadal-presencia-el-Rafa-Nadal-Open-by-Movistar-e1788455663352.jpg\" \/>\n\t<meta property=\"og:image:width\" content=\"2560\" \/>\n\t<meta property=\"og:image:height\" content=\"1707\" \/>\n\t<meta property=\"og:image:type\" content=\"image\/jpeg\" \/>\n<meta name=\"author\" content=\"joseluisprados\" \/>\n<meta name=\"twitter:card\" content=\"summary_large_image\" \/>\n<meta name=\"twitter:label1\" content=\"Written by\" \/>\n\t<meta name=\"twitter:data1\" content=\"joseluisprados\" \/>\n\t<meta name=\"twitter:label2\" content=\"Est. reading time\" \/>\n\t<meta name=\"twitter:data2\" content=\"2 minutes\" \/>\n<script type=\"application\/ld+json\" class=\"yoast-schema-graph\">{\"@context\":\"https:\\\/\\\/schema.org\",\"@graph\":[{\"@type\":\"Article\",\"@id\":\"https:\\\/\\\/www.rafanadalacademy.com\\\/de\\\/nachricht\\\/rafa-nadal-besucht-das-achtelfinale-der-rafa-nadal-open-by-movistar\\\/#article\",\"isPartOf\":{\"@id\":\"https:\\\/\\\/www.rafanadalacademy.com\\\/de\\\/nachricht\\\/rafa-nadal-besucht-das-achtelfinale-der-rafa-nadal-open-by-movistar\\\/\"},\"author\":{\"name\":\"joseluisprados\",\"@id\":\"https:\\\/\\\/www.rafanadalacademy.com\\\/de\\\/#\\\/schema\\\/person\\\/744897d6ee269641fff954376180ef01\"},\"headline\":\"Rafa Nadal besucht das Achtelfinale der Rafa Nadal Open by Movistar\",\"datePublished\":\"2026-09-03T17:13:17+00:00\",\"dateModified\":\"2026-09-04T15:58:51+00:00\",\"mainEntityOfPage\":{\"@id\":\"https:\\\/\\\/www.rafanadalacademy.com\\\/de\\\/nachricht\\\/rafa-nadal-besucht-das-achtelfinale-der-rafa-nadal-open-by-movistar\\\/\"},\"wordCount\":426,\"image\":{\"@id\":\"https:\\\/\\\/www.rafanadalacademy.com\\\/de\\\/nachricht\\\/rafa-nadal-besucht-das-achtelfinale-der-rafa-nadal-open-by-movistar\\\/#primaryimage\"},\"thumbnailUrl\":\"https:\\\/\\\/www.rafanadalacademy.com\\\/wp-content\\\/uploads\\\/2026\\\/09\\\/Rafa-Nadal-presencia-el-Rafa-Nadal-Open-by-Movistar-e1788455663352.jpg\",\"keywords\":[\"RAFA NADAL ACADEMY VON MOVISTAR\"],\"articleSection\":[\"Nachricht\",\"RAFA NADAL ACADEMY VON MOVISTAR\",\"RAFA NADAL OPEN\"],\"inLanguage\":\"de-DE\",\"copyrightYear\":\"2026\",\"copyrightHolder\":{\"@id\":\"https:\\\/\\\/www.rafanadalacademy.com\\\/#organization\"}},{\"@type\":\"WebPage\",\"@id\":\"https:\\\/\\\/www.rafanadalacademy.com\\\/de\\\/nachricht\\\/rafa-nadal-besucht-das-achtelfinale-der-rafa-nadal-open-by-movistar\\\/\",\"url\":\"https:\\\/\\\/www.rafanadalacademy.com\\\/de\\\/nachricht\\\/rafa-nadal-besucht-das-achtelfinale-der-rafa-nadal-open-by-movistar\\\/\",\"name\":\"Rafa Nadal besucht das Achtelfinale der Rafa Nadal Open by Movistar - Rafa Nadal Academy\",\"isPartOf\":{\"@id\":\"https:\\\/\\\/www.rafanadalacademy.com\\\/de\\\/#website\"},\"primaryImageOfPage\":{\"@id\":\"https:\\\/\\\/www.rafanadalacademy.com\\\/de\\\/nachricht\\\/rafa-nadal-besucht-das-achtelfinale-der-rafa-nadal-open-by-movistar\\\/#primaryimage\"},\"image\":{\"@id\":\"https:\\\/\\\/www.rafanadalacademy.com\\\/de\\\/nachricht\\\/rafa-nadal-besucht-das-achtelfinale-der-rafa-nadal-open-by-movistar\\\/#primaryimage\"},\"thumbnailUrl\":\"https:\\\/\\\/www.rafanadalacademy.com\\\/wp-content\\\/uploads\\\/2026\\\/09\\\/Rafa-Nadal-presencia-el-Rafa-Nadal-Open-by-Movistar-e1788455663352.jpg\",\"datePublished\":\"2026-09-03T17:13:17+00:00\",\"dateModified\":\"2026-09-04T15:58:51+00:00\",\"author\":{\"@id\":\"https:\\\/\\\/www.rafanadalacademy.com\\\/de\\\/#\\\/schema\\\/person\\\/744897d6ee269641fff954376180ef01\"},\"description\":\"Die Rafa Nadal Open by Movistar erlebten einen ganz besonderen Tag mit der Anwesenheit von Rafa Nadal auf der Trib\u00fcne des Hauptplatzes der Akademie. Der Gewinner von 22 Grand-Slam-Titeln wollte sich das Achtelfinale des ATP Challenger Tour-Turniers, das diese Woche in Manacor stattfindet, nicht entgehen lassen.\",\"breadcrumb\":{\"@id\":\"https:\\\/\\\/www.rafanadalacademy.com\\\/de\\\/nachricht\\\/rafa-nadal-besucht-das-achtelfinale-der-rafa-nadal-open-by-movistar\\\/#breadcrumb\"},\"inLanguage\":\"de-DE\",\"potentialAction\":[{\"@type\":\"ReadAction\",\"target\":[\"https:\\\/\\\/www.rafanadalacademy.com\\\/de\\\/nachricht\\\/rafa-nadal-besucht-das-achtelfinale-der-rafa-nadal-open-by-movistar\\\/\"]}]},{\"@type\":\"ImageObject\",\"inLanguage\":\"de-DE\",\"@id\":\"https:\\\/\\\/www.rafanadalacademy.com\\\/de\\\/nachricht\\\/rafa-nadal-besucht-das-achtelfinale-der-rafa-nadal-open-by-movistar\\\/#primaryimage\",\"url\":\"https:\\\/\\\/www.rafanadalacademy.com\\\/wp-content\\\/uploads\\\/2026\\\/09\\\/Rafa-Nadal-presencia-el-Rafa-Nadal-Open-by-Movistar-e1788455663352.jpg\",\"contentUrl\":\"https:\\\/\\\/www.rafanadalacademy.com\\\/wp-content\\\/uploads\\\/2026\\\/09\\\/Rafa-Nadal-presencia-el-Rafa-Nadal-Open-by-Movistar-e1788455663352.jpg\",\"width\":2560,\"height\":1707},{\"@type\":\"BreadcrumbList\",\"@id\":\"https:\\\/\\\/www.rafanadalacademy.com\\\/de\\\/nachricht\\\/rafa-nadal-besucht-das-achtelfinale-der-rafa-nadal-open-by-movistar\\\/#breadcrumb\",\"itemListElement\":[{\"@type\":\"ListItem\",\"position\":1,\"name\":\"Home\",\"item\":\"https:\\\/\\\/www.rafanadalacademy.com\\\/de\\\/\"},{\"@type\":\"ListItem\",\"position\":2,\"name\":\"Rafa Nadal besucht das Achtelfinale der Rafa Nadal Open by Movistar\"}]},{\"@type\":\"WebSite\",\"@id\":\"https:\\\/\\\/www.rafanadalacademy.com\\\/de\\\/#website\",\"url\":\"https:\\\/\\\/www.rafanadalacademy.com\\\/de\\\/\",\"name\":\"Rafa Nadal Academy\",\"description\":\"Otro sitio realizado con WordPress\",\"potentialAction\":[{\"@type\":\"SearchAction\",\"target\":{\"@type\":\"EntryPoint\",\"urlTemplate\":\"https:\\\/\\\/www.rafanadalacademy.com\\\/de\\\/?s={search_term_string}\"},\"query-input\":{\"@type\":\"PropertyValueSpecification\",\"valueRequired\":true,\"valueName\":\"search_term_string\"}}],\"inLanguage\":\"de-DE\"},{\"@type\":\"Person\",\"@id\":\"https:\\\/\\\/www.rafanadalacademy.com\\\/de\\\/#\\\/schema\\\/person\\\/744897d6ee269641fff954376180ef01\",\"name\":\"joseluisprados\",\"image\":{\"@type\":\"ImageObject\",\"inLanguage\":\"de-DE\",\"@id\":\"https:\\\/\\\/secure.gravatar.com\\\/avatar\\\/8aa823a6e5501864ffab4785d9e2a994b59c2d45c9f9751c5a532abfec081e5f?s=96&d=mm&r=g\",\"url\":\"https:\\\/\\\/secure.gravatar.com\\\/avatar\\\/8aa823a6e5501864ffab4785d9e2a994b59c2d45c9f9751c5a532abfec081e5f?s=96&d=mm&r=g\",\"contentUrl\":\"https:\\\/\\\/secure.gravatar.com\\\/avatar\\\/8aa823a6e5501864ffab4785d9e2a994b59c2d45c9f9751c5a532abfec081e5f?s=96&d=mm&r=g\",\"caption\":\"joseluisprados\"},\"url\":\"https:\\\/\\\/www.rafanadalacademy.com\\\/de\\\/author\\\/joseluisprados\\\/\"},{\"@type\":\"ImageObject\",\"inLanguage\":\"de-DE\",\"@id\":\"https:\\\/\\\/www.rafanadalacademy.com\\\/de\\\/nachricht\\\/rafa-nadal-besucht-das-achtelfinale-der-rafa-nadal-open-by-movistar\\\/#local-main-organization-logo\",\"url\":\"\",\"contentUrl\":\"\",\"caption\":\"Rafa Nadal Academy\"}]}<\/script>\n<!-- \/ Yoast SEO Premium plugin. -->","yoast_head_json":{"title":"Rafa Nadal besucht das Achtelfinale der Rafa Nadal Open by Movistar - Rafa Nadal Academy","description":"Die Rafa Nadal Open by Movistar erlebten einen ganz besonderen Tag mit der Anwesenheit von Rafa Nadal auf der Trib\u00fcne des Hauptplatzes der Akademie. Der Gewinner von 22 Grand-Slam-Titeln wollte sich das Achtelfinale des ATP Challenger Tour-Turniers, das diese Woche in Manacor stattfindet, nicht entgehen lassen.","robots":{"index":"index","follow":"follow","max-snippet":"max-snippet:-1","max-image-preview":"max-image-preview:large","max-video-preview":"max-video-preview:-1"},"canonical":"https:\/\/www.rafanadalacademy.com\/de\/nachricht\/rafa-nadal-besucht-das-achtelfinale-der-rafa-nadal-open-by-movistar\/","og_locale":"de_DE","og_type":"article","og_title":"Rafa Nadal besucht das Achtelfinale der Rafa Nadal Open by Movistar","og_description":"Die Rafa Nadal Open by Movistar erlebten einen ganz besonderen Tag mit der Anwesenheit von Rafa Nadal auf der Trib\u00fcne des Hauptplatzes der Akademie. Der Gewinner von 22 Grand-Slam-Titeln wollte sich das Achtelfinale des ATP Challenger Tour-Turniers, das diese Woche in Manacor stattfindet, nicht entgehen lassen.","og_url":"https:\/\/www.rafanadalacademy.com\/de\/nachricht\/rafa-nadal-besucht-das-achtelfinale-der-rafa-nadal-open-by-movistar\/","og_site_name":"Rafa Nadal Academy","article_published_time":"2026-09-03T17:13:17+00:00","article_modified_time":"2026-09-04T15:58:51+00:00","og_image":[{"width":2560,"height":1707,"url":"https:\/\/www.rafanadalacademy.com\/wp-content\/uploads\/2026\/09\/Rafa-Nadal-presencia-el-Rafa-Nadal-Open-by-Movistar-e1788455663352.jpg","type":"image\/jpeg"}],"author":"joseluisprados","twitter_card":"summary_large_image","twitter_misc":{"Written by":"joseluisprados","Est. reading time":"2 minutes"},"schema":{"@context":"https:\/\/schema.org","@graph":[{"@type":"Article","@id":"https:\/\/www.rafanadalacademy.com\/de\/nachricht\/rafa-nadal-besucht-das-achtelfinale-der-rafa-nadal-open-by-movistar\/#article","isPartOf":{"@id":"https:\/\/www.rafanadalacademy.com\/de\/nachricht\/rafa-nadal-besucht-das-achtelfinale-der-rafa-nadal-open-by-movistar\/"},"author":{"name":"joseluisprados","@id":"https:\/\/www.rafanadalacademy.com\/de\/#\/schema\/person\/744897d6ee269641fff954376180ef01"},"headline":"Rafa Nadal besucht das Achtelfinale der Rafa Nadal Open by Movistar","datePublished":"2026-09-03T17:13:17+00:00","dateModified":"2026-09-04T15:58:51+00:00","mainEntityOfPage":{"@id":"https:\/\/www.rafanadalacademy.com\/de\/nachricht\/rafa-nadal-besucht-das-achtelfinale-der-rafa-nadal-open-by-movistar\/"},"wordCount":426,"image":{"@id":"https:\/\/www.rafanadalacademy.com\/de\/nachricht\/rafa-nadal-besucht-das-achtelfinale-der-rafa-nadal-open-by-movistar\/#primaryimage"},"thumbnailUrl":"https:\/\/www.rafanadalacademy.com\/wp-content\/uploads\/2026\/09\/Rafa-Nadal-presencia-el-Rafa-Nadal-Open-by-Movistar-e1788455663352.jpg","keywords":["RAFA NADAL ACADEMY VON MOVISTAR"],"articleSection":["Nachricht","RAFA NADAL ACADEMY VON MOVISTAR","RAFA NADAL OPEN"],"inLanguage":"de-DE","copyrightYear":"2026","copyrightHolder":{"@id":"https:\/\/www.rafanadalacademy.com\/#organization"}},{"@type":"WebPage","@id":"https:\/\/www.rafanadalacademy.com\/de\/nachricht\/rafa-nadal-besucht-das-achtelfinale-der-rafa-nadal-open-by-movistar\/","url":"https:\/\/www.rafanadalacademy.com\/de\/nachricht\/rafa-nadal-besucht-das-achtelfinale-der-rafa-nadal-open-by-movistar\/","name":"Rafa Nadal besucht das Achtelfinale der Rafa Nadal Open by Movistar - Rafa Nadal Academy","isPartOf":{"@id":"https:\/\/www.rafanadalacademy.com\/de\/#website"},"primaryImageOfPage":{"@id":"https:\/\/www.rafanadalacademy.com\/de\/nachricht\/rafa-nadal-besucht-das-achtelfinale-der-rafa-nadal-open-by-movistar\/#primaryimage"},"image":{"@id":"https:\/\/www.rafanadalacademy.com\/de\/nachricht\/rafa-nadal-besucht-das-achtelfinale-der-rafa-nadal-open-by-movistar\/#primaryimage"},"thumbnailUrl":"https:\/\/www.rafanadalacademy.com\/wp-content\/uploads\/2026\/09\/Rafa-Nadal-presencia-el-Rafa-Nadal-Open-by-Movistar-e1788455663352.jpg","datePublished":"2026-09-03T17:13:17+00:00","dateModified":"2026-09-04T15:58:51+00:00","author":{"@id":"https:\/\/www.rafanadalacademy.com\/de\/#\/schema\/person\/744897d6ee269641fff954376180ef01"},"description":"Die Rafa Nadal Open by Movistar erlebten einen ganz besonderen Tag mit der Anwesenheit von Rafa Nadal auf der Trib\u00fcne des Hauptplatzes der Akademie. Der Gewinner von 22 Grand-Slam-Titeln wollte sich das Achtelfinale des ATP Challenger Tour-Turniers, das diese Woche in Manacor stattfindet, nicht entgehen lassen.","breadcrumb":{"@id":"https:\/\/www.rafanadalacademy.com\/de\/nachricht\/rafa-nadal-besucht-das-achtelfinale-der-rafa-nadal-open-by-movistar\/#breadcrumb"},"inLanguage":"de-DE","potentialAction":[{"@type":"ReadAction","target":["https:\/\/www.rafanadalacademy.com\/de\/nachricht\/rafa-nadal-besucht-das-achtelfinale-der-rafa-nadal-open-by-movistar\/"]}]},{"@type":"ImageObject","inLanguage":"de-DE","@id":"https:\/\/www.rafanadalacademy.com\/de\/nachricht\/rafa-nadal-besucht-das-achtelfinale-der-rafa-nadal-open-by-movistar\/#primaryimage","url":"https:\/\/www.rafanadalacademy.com\/wp-content\/uploads\/2026\/09\/Rafa-Nadal-presencia-el-Rafa-Nadal-Open-by-Movistar-e1788455663352.jpg","contentUrl":"https:\/\/www.rafanadalacademy.com\/wp-content\/uploads\/2026\/09\/Rafa-Nadal-presencia-el-Rafa-Nadal-Open-by-Movistar-e1788455663352.jpg","width":2560,"height":1707},{"@type":"BreadcrumbList","@id":"https:\/\/www.rafanadalacademy.com\/de\/nachricht\/rafa-nadal-besucht-das-achtelfinale-der-rafa-nadal-open-by-movistar\/#breadcrumb","itemListElement":[{"@type":"ListItem","position":1,"name":"Home","item":"https:\/\/www.rafanadalacademy.com\/de\/"},{"@type":"ListItem","position":2,"name":"Rafa Nadal besucht das Achtelfinale der Rafa Nadal Open by Movistar"}]},{"@type":"WebSite","@id":"https:\/\/www.rafanadalacademy.com\/de\/#website","url":"https:\/\/www.rafanadalacademy.com\/de\/","name":"Rafa Nadal Academy","description":"Otro sitio realizado con WordPress","potentialAction":[{"@type":"SearchAction","target":{"@type":"EntryPoint","urlTemplate":"https:\/\/www.rafanadalacademy.com\/de\/?s={search_term_string}"},"query-input":{"@type":"PropertyValueSpecification","valueRequired":true,"valueName":"search_term_string"}}],"inLanguage":"de-DE"},{"@type":"Person","@id":"https:\/\/www.rafanadalacademy.com\/de\/#\/schema\/person\/744897d6ee269641fff954376180ef01","name":"joseluisprados","image":{"@type":"ImageObject","inLanguage":"de-DE","@id":"https:\/\/secure.gravatar.com\/avatar\/8aa823a6e5501864ffab4785d9e2a994b59c2d45c9f9751c5a532abfec081e5f?s=96&d=mm&r=g","url":"https:\/\/secure.gravatar.com\/avatar\/8aa823a6e5501864ffab4785d9e2a994b59c2d45c9f9751c5a532abfec081e5f?s=96&d=mm&r=g","contentUrl":"https:\/\/secure.gravatar.com\/avatar\/8aa823a6e5501864ffab4785d9e2a994b59c2d45c9f9751c5a532abfec081e5f?s=96&d=mm&r=g","caption":"joseluisprados"},"url":"https:\/\/www.rafanadalacademy.com\/de\/author\/joseluisprados\/"},{"@type":"ImageObject","inLanguage":"de-DE","@id":"https:\/\/www.rafanadalacademy.com\/de\/nachricht\/rafa-nadal-besucht-das-achtelfinale-der-rafa-nadal-open-by-movistar\/#local-main-organization-logo","url":"","contentUrl":"","caption":"Rafa Nadal Academy"}]}},"_links":{"self":[{"href":"https:\/\/www.rafanadalacademy.com\/de\/wp-json\/wp\/v2\/posts\/51353","targetHints":{"allow":["GET"]}}],"collection":[{"href":"https:\/\/www.rafanadalacademy.com\/de\/wp-json\/wp\/v2\/posts"}],"about":[{"href":"https:\/\/www.rafanadalacademy.com\/de\/wp-json\/wp\/v2\/types\/post"}],"author":[{"embeddable":true,"href":"https:\/\/www.rafanadalacademy.com\/de\/wp-json\/wp\/v2\/users\/23"}],"replies":[{"embeddable":true,"href":"https:\/\/www.rafanadalacademy.com\/de\/wp-json\/wp\/v2\/comments?post=51353"}],"version-history":[{"count":1,"href":"https:\/\/www.rafanadalacademy.com\/de\/wp-json\/wp\/v2\/posts\/51353\/revisions"}],"predecessor-version":[{"id":51354,"href":"https:\/\/www.rafanadalacademy.com\/de\/wp-json\/wp\/v2\/posts\/51353\/revisions\/51354"}],"wp:featuredmedia":[{"embeddable":true,"href":"https:\/\/www.rafanadalacademy.com\/de\/wp-json\/wp\/v2\/media\/51323"}],"wp:attachment":[{"href":"https:\/\/www.rafanadalacademy.com\/de\/wp-json\/wp\/v2\/media?parent=51353"}],"wp:term":[{"taxonomy":"category","embeddable":true,"href":"https:\/\/www.rafanadalacademy.com\/de\/wp-json\/wp\/v2\/categories?post=51353"},{"taxonomy":"post_tag","embeddable":true,"href":"https:\/\/www.rafanadalacademy.com\/de\/wp-json\/wp\/v2\/tags?post=51353"}],"curies":[{"name":"wp","href":"https:\/\/api.w.org\/{rel}","templated":true}]}}