{"id":50935,"date":"2026-08-31T09:06:57","date_gmt":"2026-08-31T09:06:57","guid":{"rendered":"https:\/\/www.rafanadalacademy.com\/unkategorisiert\/start-der-achten-ausgabe-des-rafa-nadal-open-by-movistar\/"},"modified":"2026-08-31T09:34:22","modified_gmt":"2026-08-31T09:34:22","slug":"start-der-achten-ausgabe-des-rafa-nadal-open-by-movistar","status":"publish","type":"post","link":"https:\/\/www.rafanadalacademy.com\/de\/nachricht\/start-der-achten-ausgabe-des-rafa-nadal-open-by-movistar\/","title":{"rendered":"Start der achten Ausgabe des Rafa Nadal Open by Movistar"},"content":{"rendered":"\n<p class=\"wp-block-paragraph\"><strong>Das Rafa Nadal Open by Movistar 2026 ist bereits in vollem Gange<\/strong>. Auf den Pl\u00e4tzen der Rafa Nadal Academy in Manacor finden die ersten Matches der Qualifikation eines Turniers der <strong>ATP Challenger Tour<\/strong> statt, das bis zum 6. September ausgetragen wird. <\/p>\n\n<figure class=\"wp-block-image size-large\"><img loading=\"lazy\" decoding=\"async\" width=\"1024\" height=\"683\" src=\"https:\/\/www.rafanadalacademy.com\/wp-content\/uploads\/2025\/08\/FINAL_ATP-Challenger-RNA-2024_-3537-1024x683.jpg\" alt=\"Luftaufnahme des Center Courts w&#xE4;hrend des Finals des Rafa Nadal Open by Movistar 2024\" class=\"wp-image-30429\" srcset=\"https:\/\/www.rafanadalacademy.com\/wp-content\/uploads\/2025\/08\/FINAL_ATP-Challenger-RNA-2024_-3537-1024x683.jpg 1024w, https:\/\/www.rafanadalacademy.com\/wp-content\/uploads\/2025\/08\/FINAL_ATP-Challenger-RNA-2024_-3537-300x200.jpg 300w, https:\/\/www.rafanadalacademy.com\/wp-content\/uploads\/2025\/08\/FINAL_ATP-Challenger-RNA-2024_-3537-768x512.jpg 768w, https:\/\/www.rafanadalacademy.com\/wp-content\/uploads\/2025\/08\/FINAL_ATP-Challenger-RNA-2024_-3537-1536x1024.jpg 1536w, https:\/\/www.rafanadalacademy.com\/wp-content\/uploads\/2025\/08\/FINAL_ATP-Challenger-RNA-2024_-3537-2048x1365.jpg 2048w\" sizes=\"auto, (max-width: 1024px) 100vw, 1024px\" \/><figcaption class=\"wp-element-caption\">Luftaufnahme des Center Courts w\u00e4hrend des Finals des Rafa Nadal Open by Movistar 2024<\/figcaption><\/figure>\n\n<div style=\"height:30px\" aria-hidden=\"true\" class=\"wp-block-spacer\"><\/div>\n\n<p class=\"wp-block-paragraph\">Nach dem Start der Qualifikation richtet sich der Blick nun auf das Hauptfeld, das erneut etablierte Spieler der Profi-Tour und einige der vielversprechendsten Nachwuchstalente des internationalen Tennis vereinen wird.<\/p>\n\n<p class=\"wp-block-paragraph\">Darunter wird es auch eine starke Vertretung der <strong>Rafa Nadal Academy<\/strong> geben \u2013 mit <strong>drei Junior-Grand-Slam-Champions: Dani Rinc\u00f3n, Ivan Ivanov und Ziga Sesko<\/strong>.<\/p>\n\n<p class=\"wp-block-paragraph\">Einer der gro\u00dfen Protagonisten wird dabei <strong>Dani Rinc\u00f3n<\/strong> sein, der amtierende Champion des Rafa Nadal Open by Movistar. Der Spieler aus \u00c1vila, Sieger der <strong>US Open der Junioren 2021<\/strong>, kehrt auf jene Pl\u00e4tze zur\u00fcck, auf denen er im vergangenen Jahr als erster spanischer Tennisspieler und als erster Spieler der Academy den Titel gewann. Rinc\u00f3n beginnt die Titelverteidigung gegen den Esten <strong>Daniil Glinka<\/strong>.  <\/p>\n\n<p class=\"wp-block-paragraph\">Ebenfalls im Hauptfeld steht <strong>Ivan Ivanov<\/strong>, der sich in Manacor nach einer gl\u00e4nzenden Juniorenzeit pr\u00e4sentiert, in der er sich als eines der gro\u00dfen Talente seiner Generation etabliert hat.<\/p>\n\n<div style=\"height:29px\" aria-hidden=\"true\" class=\"wp-block-spacer\"><\/div>\n\n<figure class=\"wp-block-image size-full\"><a href=\"https:\/\/rafanadalopen.com\/entradas-gratuitas\/\"><img loading=\"lazy\" decoding=\"async\" width=\"942\" height=\"717\" src=\"https:\/\/www.rafanadalacademy.com\/wp-content\/uploads\/2026\/08\/rafa-nadal-open-2026.png\" alt=\"\" class=\"wp-image-49907\" srcset=\"https:\/\/www.rafanadalacademy.com\/wp-content\/uploads\/2026\/08\/rafa-nadal-open-2026.png 942w, https:\/\/www.rafanadalacademy.com\/wp-content\/uploads\/2026\/08\/rafa-nadal-open-2026-300x228.png 300w, https:\/\/www.rafanadalacademy.com\/wp-content\/uploads\/2026\/08\/rafa-nadal-open-2026-768x585.png 768w\" sizes=\"auto, (max-width: 942px) 100vw, 942px\" \/><\/a><\/figure>\n\n<div style=\"height:29px\" aria-hidden=\"true\" class=\"wp-block-spacer\"><\/div>\n\n<p class=\"wp-block-paragraph\">Der dritte Junior-Grand-Slam-Champion der Academy ist <strong>Ziga Sesko<\/strong>, der j\u00fcngst den Junioren-Doppeltitel in Wimbledon gewann. Der slowenische Spieler war zudem einer der Protagonisten der <strong>Auslosung des Hauptfelds des Rafa Nadal Open by Movistar<\/strong>, die in der Academy vor Beginn des Wettbewerbs stattfand. Sesko trifft bei seinem Deb\u00fct auf den <strong>an Nummer zwei gesetzten Spieler des Turniers, den Franzosen Alexandre Muller<\/strong>.  <\/p>\n\n<p class=\"wp-block-paragraph\"><strong>Acht Ausgaben Profi-Tennis in Manacor<\/strong><\/p>\n\n<p class=\"wp-block-paragraph\">Seit seiner Gr\u00fcndung im <strong>Jahr 2018<\/strong> verzeichnete das Rafa Nadal Open by Movistar die Teilnahme von Namen wie <strong>Carlos Alcaraz, Andy Murray, Marin Cilic, Fernando Verdasco oder Pablo And\u00fajar<\/strong> \u2013 ebenso wie zahlreicher junger Spieler, die sich sp\u00e4ter in der Weltspitze des Tennis etablieren konnten.<\/p>\n\n<p class=\"wp-block-paragraph\">Zudem hat in den bisherigen sieben Ausgaben <strong>kein Spieler seinen Titel verteidigt<\/strong>, mit sieben unterschiedlichen Champions: <strong>Bernard Tomic (2018), Emil Ruusuvuori (2019), Lukas Lacko (2021), Luca Nardi (2022), Hamad Medjedovic (2023), Duje Ajdukovi\u0107 (2024) und Dani Rinc\u00f3n (2025)<\/strong>.<\/p>\n\n<figure class=\"wp-block-gallery has-nested-images columns-default is-cropped wp-block-gallery-1 is-layout-flex wp-block-gallery-is-layout-flex\">\n<figure class=\"wp-block-image size-large\"><img loading=\"lazy\" decoding=\"async\" width=\"819\" height=\"1024\" data-id=\"50853\" src=\"https:\/\/www.rafanadalacademy.com\/wp-content\/uploads\/2026\/08\/dummy-3-819x1024.png\" alt=\"\" class=\"wp-image-50853\" srcset=\"https:\/\/www.rafanadalacademy.com\/wp-content\/uploads\/2026\/08\/dummy-3-819x1024.png 819w, https:\/\/www.rafanadalacademy.com\/wp-content\/uploads\/2026\/08\/dummy-3-240x300.png 240w, https:\/\/www.rafanadalacademy.com\/wp-content\/uploads\/2026\/08\/dummy-3-768x960.png 768w, https:\/\/www.rafanadalacademy.com\/wp-content\/uploads\/2026\/08\/dummy-3-1229x1536.png 1229w, https:\/\/www.rafanadalacademy.com\/wp-content\/uploads\/2026\/08\/dummy-3.png 1440w\" sizes=\"auto, (max-width: 819px) 100vw, 819px\" \/><\/figure>\n<\/figure>\n\n<div style=\"height:29px\" aria-hidden=\"true\" class=\"wp-block-spacer\"><\/div>\n\n<p class=\"wp-block-paragraph\">\u00dcber den sportlichen Wettbewerb hinaus wird das<strong> Rafa Nadal Open by Movistar <\/strong>die ganze Woche \u00fcber erneut Tennis und Entertainment mit einem <strong>Programm<\/strong> aus <strong>kulinarischen Angeboten<\/strong>, <strong>Musik<\/strong> und <strong>Freizeitaktivit\u00e4ten f\u00fcr Kinder und Familien<\/strong> verbinden. Einer der H\u00f6hepunkte folgt am Samstag mit \u201eEl Tie-Break: Vinos y Tapas\u201c, einem sp\u00e4tnachmitt\u00e4glichen Get-together, das kulinarische Angebote von Grupo Maca de Castro, Santi Taura, La Loba, \u00dcbeck, Cassai und Roland-Garros zusammenbringt \u2013 begleitet von Weinen von Casa Rojo, Can Axartell, Gallinas i Focas, Ribas, 4 Kilos und Binigrau sowie Live-Musik und DJs. Wie in den vergangenen Ausgaben ist der Zugang zum Turnier kostenlos, nach vorherigem Download des Tickets \u00fcber die offizielle Website der Veranstaltung. <\/p>\n\n<p class=\"wp-block-paragraph\">Au\u00dferdem erhalten Fans, die ihr Ticket herunterladen, Zugang zum <strong>renovierten Rafa Nadal Museum zu einem Sonderpreis von 14 Euro<\/strong> und k\u00f6nnen den Tennistag mit einem Rundgang durch die Karriere von Rafa Nadal und einiger der gr\u00f6\u00dften Sportlegenden abrunden.<\/p>\n\n<div style=\"height:29px\" aria-hidden=\"true\" class=\"wp-block-spacer\"><\/div>\n\n<figure class=\"wp-block-embed is-type-video is-provider-youtube wp-block-embed-youtube wp-embed-aspect-16-9 wp-has-aspect-ratio\"><div class=\"wp-block-embed__wrapper\">\n<iframe loading=\"lazy\" title=\"Rafa Nadal Open by Movistar 2025: The Film\" width=\"500\" height=\"281\" src=\"https:\/\/www.youtube.com\/embed\/IpXRqbaM6kg?feature=oembed\" frameborder=\"0\" allow=\"accelerometer; autoplay; clipboard-write; encrypted-media; gyroscope; picture-in-picture; web-share\" referrerpolicy=\"strict-origin-when-cross-origin\" allowfullscreen><\/iframe>\n<\/div><\/figure>\n\n<div style=\"height:30px\" aria-hidden=\"true\" class=\"wp-block-spacer\"><\/div>\n\n<p class=\"wp-block-paragraph\">Au\u00dferdem erhalten Fans, die ihr Ticket herunterladen, Zugang zum <strong>renovierten Rafa Nadal Museum zu einem Sonderpreis von 14 Euro<\/strong> und k\u00f6nnen den Tennistag mit einem Rundgang durch die Karriere von Rafa Nadal und einiger der gr\u00f6\u00dften Sportlegenden abrunden.<\/p>\n\n<p class=\"wp-block-paragraph\"><\/p>\n\n<div style=\"height:30px\" aria-hidden=\"true\" class=\"wp-block-spacer\"><\/div>\n\n<figure class=\"wp-block-embed is-type-video is-provider-youtube wp-block-embed-youtube wp-embed-aspect-16-9 wp-has-aspect-ratio\"><div class=\"wp-block-embed__wrapper\">\n<iframe loading=\"lazy\" title=\"Rafa Nadal presencia la final del Rafa Nadal Open by Movistar\" width=\"500\" height=\"281\" src=\"https:\/\/www.youtube.com\/embed\/yEA1qkXZKJI?feature=oembed\" frameborder=\"0\" allow=\"accelerometer; autoplay; clipboard-write; encrypted-media; gyroscope; picture-in-picture; web-share\" referrerpolicy=\"strict-origin-when-cross-origin\" allowfullscreen><\/iframe>\n<\/div><\/figure>\n\n<p class=\"wp-block-paragraph\"><\/p>\n\n<p class=\"wp-block-paragraph\"><\/p>\n\n<p class=\"wp-block-paragraph\"><\/p>\n","protected":false},"excerpt":{"rendered":"<p>Das Rafa Nadal Open by Movistar 2026 ist bereits in vollem Gange. Auf den Pl\u00e4tzen der Rafa Nadal Academy in Manacor finden die ersten Matches der Qualifikation eines Turniers der ATP Challenger Tour statt, das bis zum 6. September ausgetragen wird. Nach dem Start der Qualifikation richtet sich der Blick nun auf das Hauptfeld, das<a href=\"https:\/\/www.rafanadalacademy.com\/de\/nachricht\/start-der-achten-ausgabe-des-rafa-nadal-open-by-movistar\/\">Continue reading <span class=\"sr-only\">&#8220;Start der achten Ausgabe des Rafa Nadal Open by Movistar&#8221;<\/span><\/a><\/p>\n","protected":false},"author":23,"featured_media":28835,"comment_status":"closed","ping_status":"closed","sticky":false,"template":"","format":"standard","meta":{"_acf_changed":false,"footnotes":""},"categories":[159,203,151],"tags":[204],"class_list":["post-50935","post","type-post","status-publish","format-standard","has-post-thumbnail","hentry","category-nachricht","category-rafa-nadal-academy-von-movistar","category-rafa-nadal-open-de","tag-rafa-nadal-academy-von-movistar"],"acf":[],"yoast_head":"<!-- This site is optimized with the Yoast SEO Premium plugin v26.8 (Yoast SEO v28.3) - https:\/\/yoast.com\/product\/yoast-seo-premium-wordpress\/ -->\n<title>Start der achten Ausgabe des Rafa Nadal Open by Movistar - Rafa Nadal Academy<\/title>\n<meta name=\"description\" content=\"Die achte Ausgabe des Rafa Nadal Open by Movistar ist bereits in vollem Gange. Auf den Pl\u00e4tzen der Rafa Nadal Academy in Manacor finden die ersten Matches der Qualifikation eines Turniers der ATP Challenger Tour statt, das bis zum 6. September ausgetragen wird.\" \/>\n<meta name=\"robots\" content=\"index, follow, max-snippet:-1, max-image-preview:large, max-video-preview:-1\" \/>\n<link rel=\"canonical\" href=\"https:\/\/www.rafanadalacademy.com\/de\/nachricht\/start-der-achten-ausgabe-des-rafa-nadal-open-by-movistar\/\" \/>\n<meta property=\"og:locale\" content=\"de_DE\" \/>\n<meta property=\"og:type\" content=\"article\" \/>\n<meta property=\"og:title\" content=\"Start der achten Ausgabe des Rafa Nadal Open by Movistar\" \/>\n<meta property=\"og:description\" content=\"Die achte Ausgabe des Rafa Nadal Open by Movistar ist bereits in vollem Gange. Auf den Pl\u00e4tzen der Rafa Nadal Academy in Manacor finden die ersten Matches der Qualifikation eines Turniers der ATP Challenger Tour statt, das bis zum 6. September ausgetragen wird.\" \/>\n<meta property=\"og:url\" content=\"https:\/\/www.rafanadalacademy.com\/de\/nachricht\/start-der-achten-ausgabe-des-rafa-nadal-open-by-movistar\/\" \/>\n<meta property=\"og:site_name\" content=\"Rafa Nadal Academy\" \/>\n<meta property=\"article:published_time\" content=\"2026-08-31T09:06:57+00:00\" \/>\n<meta property=\"article:modified_time\" content=\"2026-08-31T09:34:22+00:00\" \/>\n<meta property=\"og:image\" content=\"https:\/\/www.rafanadalacademy.com\/wp-content\/uploads\/2025\/07\/quiz-rafa-nadal-open-by-movistar-2023-m1lky8rerz-2.jpg\" \/>\n\t<meta property=\"og:image:width\" content=\"2000\" \/>\n\t<meta property=\"og:image:height\" content=\"1205\" \/>\n\t<meta property=\"og:image:type\" content=\"image\/jpeg\" \/>\n<meta name=\"author\" content=\"joseluisprados\" \/>\n<meta name=\"twitter:card\" content=\"summary_large_image\" \/>\n<meta name=\"twitter:label1\" content=\"Written by\" \/>\n\t<meta name=\"twitter:data1\" content=\"joseluisprados\" \/>\n\t<meta name=\"twitter:label2\" content=\"Est. reading time\" \/>\n\t<meta name=\"twitter:data2\" content=\"3 minutes\" \/>\n<script type=\"application\/ld+json\" class=\"yoast-schema-graph\">{\"@context\":\"https:\\\/\\\/schema.org\",\"@graph\":[{\"@type\":\"Article\",\"@id\":\"https:\\\/\\\/www.rafanadalacademy.com\\\/de\\\/nachricht\\\/start-der-achten-ausgabe-des-rafa-nadal-open-by-movistar\\\/#article\",\"isPartOf\":{\"@id\":\"https:\\\/\\\/www.rafanadalacademy.com\\\/de\\\/nachricht\\\/start-der-achten-ausgabe-des-rafa-nadal-open-by-movistar\\\/\"},\"author\":{\"name\":\"joseluisprados\",\"@id\":\"https:\\\/\\\/www.rafanadalacademy.com\\\/de\\\/#\\\/schema\\\/person\\\/744897d6ee269641fff954376180ef01\"},\"headline\":\"Start der achten Ausgabe des Rafa Nadal Open by Movistar\",\"datePublished\":\"2026-08-31T09:06:57+00:00\",\"dateModified\":\"2026-08-31T09:34:22+00:00\",\"mainEntityOfPage\":{\"@id\":\"https:\\\/\\\/www.rafanadalacademy.com\\\/de\\\/nachricht\\\/start-der-achten-ausgabe-des-rafa-nadal-open-by-movistar\\\/\"},\"wordCount\":566,\"image\":{\"@id\":\"https:\\\/\\\/www.rafanadalacademy.com\\\/de\\\/nachricht\\\/start-der-achten-ausgabe-des-rafa-nadal-open-by-movistar\\\/#primaryimage\"},\"thumbnailUrl\":\"https:\\\/\\\/www.rafanadalacademy.com\\\/wp-content\\\/uploads\\\/2025\\\/07\\\/quiz-rafa-nadal-open-by-movistar-2023-m1lky8rerz-2.jpg\",\"keywords\":[\"RAFA NADAL ACADEMY VON MOVISTAR\"],\"articleSection\":[\"Nachricht\",\"RAFA NADAL ACADEMY VON MOVISTAR\",\"RAFA NADAL OPEN\"],\"inLanguage\":\"de-DE\",\"copyrightYear\":\"2026\",\"copyrightHolder\":{\"@id\":\"https:\\\/\\\/www.rafanadalacademy.com\\\/#organization\"}},{\"@type\":\"WebPage\",\"@id\":\"https:\\\/\\\/www.rafanadalacademy.com\\\/de\\\/nachricht\\\/start-der-achten-ausgabe-des-rafa-nadal-open-by-movistar\\\/\",\"url\":\"https:\\\/\\\/www.rafanadalacademy.com\\\/de\\\/nachricht\\\/start-der-achten-ausgabe-des-rafa-nadal-open-by-movistar\\\/\",\"name\":\"Start der achten Ausgabe des Rafa Nadal Open by Movistar - Rafa Nadal Academy\",\"isPartOf\":{\"@id\":\"https:\\\/\\\/www.rafanadalacademy.com\\\/de\\\/#website\"},\"primaryImageOfPage\":{\"@id\":\"https:\\\/\\\/www.rafanadalacademy.com\\\/de\\\/nachricht\\\/start-der-achten-ausgabe-des-rafa-nadal-open-by-movistar\\\/#primaryimage\"},\"image\":{\"@id\":\"https:\\\/\\\/www.rafanadalacademy.com\\\/de\\\/nachricht\\\/start-der-achten-ausgabe-des-rafa-nadal-open-by-movistar\\\/#primaryimage\"},\"thumbnailUrl\":\"https:\\\/\\\/www.rafanadalacademy.com\\\/wp-content\\\/uploads\\\/2025\\\/07\\\/quiz-rafa-nadal-open-by-movistar-2023-m1lky8rerz-2.jpg\",\"datePublished\":\"2026-08-31T09:06:57+00:00\",\"dateModified\":\"2026-08-31T09:34:22+00:00\",\"author\":{\"@id\":\"https:\\\/\\\/www.rafanadalacademy.com\\\/de\\\/#\\\/schema\\\/person\\\/744897d6ee269641fff954376180ef01\"},\"description\":\"Die achte Ausgabe des Rafa Nadal Open by Movistar ist bereits in vollem Gange. Auf den Pl\u00e4tzen der Rafa Nadal Academy in Manacor finden die ersten Matches der Qualifikation eines Turniers der ATP Challenger Tour statt, das bis zum 6. September ausgetragen wird.\",\"breadcrumb\":{\"@id\":\"https:\\\/\\\/www.rafanadalacademy.com\\\/de\\\/nachricht\\\/start-der-achten-ausgabe-des-rafa-nadal-open-by-movistar\\\/#breadcrumb\"},\"inLanguage\":\"de-DE\",\"potentialAction\":[{\"@type\":\"ReadAction\",\"target\":[\"https:\\\/\\\/www.rafanadalacademy.com\\\/de\\\/nachricht\\\/start-der-achten-ausgabe-des-rafa-nadal-open-by-movistar\\\/\"]}]},{\"@type\":\"ImageObject\",\"inLanguage\":\"de-DE\",\"@id\":\"https:\\\/\\\/www.rafanadalacademy.com\\\/de\\\/nachricht\\\/start-der-achten-ausgabe-des-rafa-nadal-open-by-movistar\\\/#primaryimage\",\"url\":\"https:\\\/\\\/www.rafanadalacademy.com\\\/wp-content\\\/uploads\\\/2025\\\/07\\\/quiz-rafa-nadal-open-by-movistar-2023-m1lky8rerz-2.jpg\",\"contentUrl\":\"https:\\\/\\\/www.rafanadalacademy.com\\\/wp-content\\\/uploads\\\/2025\\\/07\\\/quiz-rafa-nadal-open-by-movistar-2023-m1lky8rerz-2.jpg\",\"width\":2000,\"height\":1205},{\"@type\":\"BreadcrumbList\",\"@id\":\"https:\\\/\\\/www.rafanadalacademy.com\\\/de\\\/nachricht\\\/start-der-achten-ausgabe-des-rafa-nadal-open-by-movistar\\\/#breadcrumb\",\"itemListElement\":[{\"@type\":\"ListItem\",\"position\":1,\"name\":\"Home\",\"item\":\"https:\\\/\\\/www.rafanadalacademy.com\\\/de\\\/\"},{\"@type\":\"ListItem\",\"position\":2,\"name\":\"Start der achten Ausgabe des Rafa Nadal Open by Movistar\"}]},{\"@type\":\"WebSite\",\"@id\":\"https:\\\/\\\/www.rafanadalacademy.com\\\/de\\\/#website\",\"url\":\"https:\\\/\\\/www.rafanadalacademy.com\\\/de\\\/\",\"name\":\"Rafa Nadal Academy\",\"description\":\"Otro sitio realizado con WordPress\",\"potentialAction\":[{\"@type\":\"SearchAction\",\"target\":{\"@type\":\"EntryPoint\",\"urlTemplate\":\"https:\\\/\\\/www.rafanadalacademy.com\\\/de\\\/?s={search_term_string}\"},\"query-input\":{\"@type\":\"PropertyValueSpecification\",\"valueRequired\":true,\"valueName\":\"search_term_string\"}}],\"inLanguage\":\"de-DE\"},{\"@type\":\"Person\",\"@id\":\"https:\\\/\\\/www.rafanadalacademy.com\\\/de\\\/#\\\/schema\\\/person\\\/744897d6ee269641fff954376180ef01\",\"name\":\"joseluisprados\",\"image\":{\"@type\":\"ImageObject\",\"inLanguage\":\"de-DE\",\"@id\":\"https:\\\/\\\/secure.gravatar.com\\\/avatar\\\/8aa823a6e5501864ffab4785d9e2a994b59c2d45c9f9751c5a532abfec081e5f?s=96&d=mm&r=g\",\"url\":\"https:\\\/\\\/secure.gravatar.com\\\/avatar\\\/8aa823a6e5501864ffab4785d9e2a994b59c2d45c9f9751c5a532abfec081e5f?s=96&d=mm&r=g\",\"contentUrl\":\"https:\\\/\\\/secure.gravatar.com\\\/avatar\\\/8aa823a6e5501864ffab4785d9e2a994b59c2d45c9f9751c5a532abfec081e5f?s=96&d=mm&r=g\",\"caption\":\"joseluisprados\"},\"url\":\"https:\\\/\\\/www.rafanadalacademy.com\\\/de\\\/author\\\/joseluisprados\\\/\"},{\"@type\":\"ImageObject\",\"inLanguage\":\"de-DE\",\"@id\":\"https:\\\/\\\/www.rafanadalacademy.com\\\/de\\\/nachricht\\\/start-der-achten-ausgabe-des-rafa-nadal-open-by-movistar\\\/#local-main-organization-logo\",\"url\":\"\",\"contentUrl\":\"\",\"caption\":\"Rafa Nadal Academy\"}]}<\/script>\n<!-- \/ Yoast SEO Premium plugin. -->","yoast_head_json":{"title":"Start der achten Ausgabe des Rafa Nadal Open by Movistar - Rafa Nadal Academy","description":"Die achte Ausgabe des Rafa Nadal Open by Movistar ist bereits in vollem Gange. Auf den Pl\u00e4tzen der Rafa Nadal Academy in Manacor finden die ersten Matches der Qualifikation eines Turniers der ATP Challenger Tour statt, das bis zum 6. September ausgetragen wird.","robots":{"index":"index","follow":"follow","max-snippet":"max-snippet:-1","max-image-preview":"max-image-preview:large","max-video-preview":"max-video-preview:-1"},"canonical":"https:\/\/www.rafanadalacademy.com\/de\/nachricht\/start-der-achten-ausgabe-des-rafa-nadal-open-by-movistar\/","og_locale":"de_DE","og_type":"article","og_title":"Start der achten Ausgabe des Rafa Nadal Open by Movistar","og_description":"Die achte Ausgabe des Rafa Nadal Open by Movistar ist bereits in vollem Gange. Auf den Pl\u00e4tzen der Rafa Nadal Academy in Manacor finden die ersten Matches der Qualifikation eines Turniers der ATP Challenger Tour statt, das bis zum 6. September ausgetragen wird.","og_url":"https:\/\/www.rafanadalacademy.com\/de\/nachricht\/start-der-achten-ausgabe-des-rafa-nadal-open-by-movistar\/","og_site_name":"Rafa Nadal Academy","article_published_time":"2026-08-31T09:06:57+00:00","article_modified_time":"2026-08-31T09:34:22+00:00","og_image":[{"width":2000,"height":1205,"url":"https:\/\/www.rafanadalacademy.com\/wp-content\/uploads\/2025\/07\/quiz-rafa-nadal-open-by-movistar-2023-m1lky8rerz-2.jpg","type":"image\/jpeg"}],"author":"joseluisprados","twitter_card":"summary_large_image","twitter_misc":{"Written by":"joseluisprados","Est. reading time":"3 minutes"},"schema":{"@context":"https:\/\/schema.org","@graph":[{"@type":"Article","@id":"https:\/\/www.rafanadalacademy.com\/de\/nachricht\/start-der-achten-ausgabe-des-rafa-nadal-open-by-movistar\/#article","isPartOf":{"@id":"https:\/\/www.rafanadalacademy.com\/de\/nachricht\/start-der-achten-ausgabe-des-rafa-nadal-open-by-movistar\/"},"author":{"name":"joseluisprados","@id":"https:\/\/www.rafanadalacademy.com\/de\/#\/schema\/person\/744897d6ee269641fff954376180ef01"},"headline":"Start der achten Ausgabe des Rafa Nadal Open by Movistar","datePublished":"2026-08-31T09:06:57+00:00","dateModified":"2026-08-31T09:34:22+00:00","mainEntityOfPage":{"@id":"https:\/\/www.rafanadalacademy.com\/de\/nachricht\/start-der-achten-ausgabe-des-rafa-nadal-open-by-movistar\/"},"wordCount":566,"image":{"@id":"https:\/\/www.rafanadalacademy.com\/de\/nachricht\/start-der-achten-ausgabe-des-rafa-nadal-open-by-movistar\/#primaryimage"},"thumbnailUrl":"https:\/\/www.rafanadalacademy.com\/wp-content\/uploads\/2025\/07\/quiz-rafa-nadal-open-by-movistar-2023-m1lky8rerz-2.jpg","keywords":["RAFA NADAL ACADEMY VON MOVISTAR"],"articleSection":["Nachricht","RAFA NADAL ACADEMY VON MOVISTAR","RAFA NADAL OPEN"],"inLanguage":"de-DE","copyrightYear":"2026","copyrightHolder":{"@id":"https:\/\/www.rafanadalacademy.com\/#organization"}},{"@type":"WebPage","@id":"https:\/\/www.rafanadalacademy.com\/de\/nachricht\/start-der-achten-ausgabe-des-rafa-nadal-open-by-movistar\/","url":"https:\/\/www.rafanadalacademy.com\/de\/nachricht\/start-der-achten-ausgabe-des-rafa-nadal-open-by-movistar\/","name":"Start der achten Ausgabe des Rafa Nadal Open by Movistar - Rafa Nadal Academy","isPartOf":{"@id":"https:\/\/www.rafanadalacademy.com\/de\/#website"},"primaryImageOfPage":{"@id":"https:\/\/www.rafanadalacademy.com\/de\/nachricht\/start-der-achten-ausgabe-des-rafa-nadal-open-by-movistar\/#primaryimage"},"image":{"@id":"https:\/\/www.rafanadalacademy.com\/de\/nachricht\/start-der-achten-ausgabe-des-rafa-nadal-open-by-movistar\/#primaryimage"},"thumbnailUrl":"https:\/\/www.rafanadalacademy.com\/wp-content\/uploads\/2025\/07\/quiz-rafa-nadal-open-by-movistar-2023-m1lky8rerz-2.jpg","datePublished":"2026-08-31T09:06:57+00:00","dateModified":"2026-08-31T09:34:22+00:00","author":{"@id":"https:\/\/www.rafanadalacademy.com\/de\/#\/schema\/person\/744897d6ee269641fff954376180ef01"},"description":"Die achte Ausgabe des Rafa Nadal Open by Movistar ist bereits in vollem Gange. Auf den Pl\u00e4tzen der Rafa Nadal Academy in Manacor finden die ersten Matches der Qualifikation eines Turniers der ATP Challenger Tour statt, das bis zum 6. September ausgetragen wird.","breadcrumb":{"@id":"https:\/\/www.rafanadalacademy.com\/de\/nachricht\/start-der-achten-ausgabe-des-rafa-nadal-open-by-movistar\/#breadcrumb"},"inLanguage":"de-DE","potentialAction":[{"@type":"ReadAction","target":["https:\/\/www.rafanadalacademy.com\/de\/nachricht\/start-der-achten-ausgabe-des-rafa-nadal-open-by-movistar\/"]}]},{"@type":"ImageObject","inLanguage":"de-DE","@id":"https:\/\/www.rafanadalacademy.com\/de\/nachricht\/start-der-achten-ausgabe-des-rafa-nadal-open-by-movistar\/#primaryimage","url":"https:\/\/www.rafanadalacademy.com\/wp-content\/uploads\/2025\/07\/quiz-rafa-nadal-open-by-movistar-2023-m1lky8rerz-2.jpg","contentUrl":"https:\/\/www.rafanadalacademy.com\/wp-content\/uploads\/2025\/07\/quiz-rafa-nadal-open-by-movistar-2023-m1lky8rerz-2.jpg","width":2000,"height":1205},{"@type":"BreadcrumbList","@id":"https:\/\/www.rafanadalacademy.com\/de\/nachricht\/start-der-achten-ausgabe-des-rafa-nadal-open-by-movistar\/#breadcrumb","itemListElement":[{"@type":"ListItem","position":1,"name":"Home","item":"https:\/\/www.rafanadalacademy.com\/de\/"},{"@type":"ListItem","position":2,"name":"Start der achten Ausgabe des Rafa Nadal Open by Movistar"}]},{"@type":"WebSite","@id":"https:\/\/www.rafanadalacademy.com\/de\/#website","url":"https:\/\/www.rafanadalacademy.com\/de\/","name":"Rafa Nadal Academy","description":"Otro sitio realizado con WordPress","potentialAction":[{"@type":"SearchAction","target":{"@type":"EntryPoint","urlTemplate":"https:\/\/www.rafanadalacademy.com\/de\/?s={search_term_string}"},"query-input":{"@type":"PropertyValueSpecification","valueRequired":true,"valueName":"search_term_string"}}],"inLanguage":"de-DE"},{"@type":"Person","@id":"https:\/\/www.rafanadalacademy.com\/de\/#\/schema\/person\/744897d6ee269641fff954376180ef01","name":"joseluisprados","image":{"@type":"ImageObject","inLanguage":"de-DE","@id":"https:\/\/secure.gravatar.com\/avatar\/8aa823a6e5501864ffab4785d9e2a994b59c2d45c9f9751c5a532abfec081e5f?s=96&d=mm&r=g","url":"https:\/\/secure.gravatar.com\/avatar\/8aa823a6e5501864ffab4785d9e2a994b59c2d45c9f9751c5a532abfec081e5f?s=96&d=mm&r=g","contentUrl":"https:\/\/secure.gravatar.com\/avatar\/8aa823a6e5501864ffab4785d9e2a994b59c2d45c9f9751c5a532abfec081e5f?s=96&d=mm&r=g","caption":"joseluisprados"},"url":"https:\/\/www.rafanadalacademy.com\/de\/author\/joseluisprados\/"},{"@type":"ImageObject","inLanguage":"de-DE","@id":"https:\/\/www.rafanadalacademy.com\/de\/nachricht\/start-der-achten-ausgabe-des-rafa-nadal-open-by-movistar\/#local-main-organization-logo","url":"","contentUrl":"","caption":"Rafa Nadal Academy"}]}},"_links":{"self":[{"href":"https:\/\/www.rafanadalacademy.com\/de\/wp-json\/wp\/v2\/posts\/50935","targetHints":{"allow":["GET"]}}],"collection":[{"href":"https:\/\/www.rafanadalacademy.com\/de\/wp-json\/wp\/v2\/posts"}],"about":[{"href":"https:\/\/www.rafanadalacademy.com\/de\/wp-json\/wp\/v2\/types\/post"}],"author":[{"embeddable":true,"href":"https:\/\/www.rafanadalacademy.com\/de\/wp-json\/wp\/v2\/users\/23"}],"replies":[{"embeddable":true,"href":"https:\/\/www.rafanadalacademy.com\/de\/wp-json\/wp\/v2\/comments?post=50935"}],"version-history":[{"count":1,"href":"https:\/\/www.rafanadalacademy.com\/de\/wp-json\/wp\/v2\/posts\/50935\/revisions"}],"predecessor-version":[{"id":50936,"href":"https:\/\/www.rafanadalacademy.com\/de\/wp-json\/wp\/v2\/posts\/50935\/revisions\/50936"}],"wp:featuredmedia":[{"embeddable":true,"href":"https:\/\/www.rafanadalacademy.com\/de\/wp-json\/wp\/v2\/media\/28835"}],"wp:attachment":[{"href":"https:\/\/www.rafanadalacademy.com\/de\/wp-json\/wp\/v2\/media?parent=50935"}],"wp:term":[{"taxonomy":"category","embeddable":true,"href":"https:\/\/www.rafanadalacademy.com\/de\/wp-json\/wp\/v2\/categories?post=50935"},{"taxonomy":"post_tag","embeddable":true,"href":"https:\/\/www.rafanadalacademy.com\/de\/wp-json\/wp\/v2\/tags?post=50935"}],"curies":[{"name":"wp","href":"https:\/\/api.w.org\/{rel}","templated":true}]}}