{"id":50870,"date":"2026-08-27T07:46:44","date_gmt":"2026-08-27T07:46:44","guid":{"rendered":"https:\/\/www.rafanadalacademy.com\/unkategorisiert\/die-glorreichen-sieben-der-rafa-nadal-open-by-movistar\/"},"modified":"2026-08-27T07:57:13","modified_gmt":"2026-08-27T07:57:13","slug":"die-glorreichen-sieben-der-rafa-nadal-open-by-movistar","status":"publish","type":"post","link":"https:\/\/www.rafanadalacademy.com\/de\/nachricht\/die-glorreichen-sieben-der-rafa-nadal-open-by-movistar\/","title":{"rendered":"Die glorreichen Sieben der Rafa Nadal Open by Movistar"},"content":{"rendered":"\n<p class=\"wp-block-paragraph\">Sieben Ausgaben, sieben Champions. Seit ihrer Gr\u00fcndung im Jahr 2018 hat die Rafa Nadal Open by Movistar eine Siegerliste aufgebaut, die ebenso vielf\u00e4ltig wie aufschlussreich f\u00fcr ihre Rolle innerhalb der ATP Challenger Tour ist. In der Rafa Nadal Academy by Movistar haben junge Talente, die auf den Durchbruch im Circuit hoffen, etablierte Spieler auf der Suche nach Selbstvertrauen und Namen mit reichlich Erfahrung, um in einer anspruchsvollen Woche den Unterschied zu machen, die Troph\u00e4e in die H\u00f6he gestemmt.  <br\/><\/p>\n\n<figure class=\"wp-block-image size-large\"><img loading=\"lazy\" decoding=\"async\" width=\"819\" height=\"1024\" src=\"https:\/\/www.rafanadalacademy.com\/wp-content\/uploads\/2026\/08\/dummy-3-819x1024.png\" alt=\"\" class=\"wp-image-50853\" srcset=\"https:\/\/www.rafanadalacademy.com\/wp-content\/uploads\/2026\/08\/dummy-3-819x1024.png 819w, https:\/\/www.rafanadalacademy.com\/wp-content\/uploads\/2026\/08\/dummy-3-240x300.png 240w, https:\/\/www.rafanadalacademy.com\/wp-content\/uploads\/2026\/08\/dummy-3-768x960.png 768w, https:\/\/www.rafanadalacademy.com\/wp-content\/uploads\/2026\/08\/dummy-3-1229x1536.png 1229w, https:\/\/www.rafanadalacademy.com\/wp-content\/uploads\/2026\/08\/dummy-3.png 1440w\" sizes=\"auto, (max-width: 819px) 100vw, 819px\" \/><\/figure>\n\n<div style=\"height:30px\" aria-hidden=\"true\" class=\"wp-block-spacer\"><\/div>\n\n<p class=\"wp-block-paragraph\">Sieben Ausgaben sp\u00e4ter kann die Rafa Nadal Open by Movistar sieben verschiedene Champions vorweisen. Sieben Namen, die bereits Teil ihrer Geschichte sind. Wir pr\u00e4sentieren Ihnen die glorreichen Sieben der Rafa Nadal Open by Movistar.  <\/p>\n\n<p class=\"wp-block-paragraph\"><strong>2018 \u2013 Bernard Tomic: der erste Champion<\/strong><\/p>\n\n<p class=\"wp-block-paragraph\">Die erste Ausgabe des Turniers kr\u00f6nte den Australier Bernard Tomic, einen Spieler mit bewiesenem Talent, der seine Erfahrung in einem sehr knappen Finale gegen den Deutschen Matthias Bachinger durchsetzen konnte. Tomic holte einen R\u00fcckstand auf und gewann mit 4-6, 6-3 und 7-6, womit er die Siegerliste der Rafa Nadal Open by Movistar er\u00f6ffnete. Auf seinem Weg zum Titel besiegte er Rivalen wie Mario Vilella, Pedro Cach\u00edn oder Norbert Gombos und legte bei der Premiere des Turniers die Messlatte hoch.  <\/p>\n\n<p class=\"wp-block-paragraph\"><strong>2019 \u2013 Emil Ruusuvuori: der finnische Wirbelwind<\/strong><\/p>\n\n<p class=\"wp-block-paragraph\">Ein Jahr sp\u00e4ter reiste der Titel mit Emil Ruusuvuori nach Finnland. Der junge finnische Spieler zeigte eine unangefochtene Leistung im Finale gegen Matteo Viola, den er mit 6-0 und 6-1 besiegte. Diese Ausgabe war auch gepr\u00e4gt von der Anwesenheit von Andy Murray, der sich mitten im Comeback befand, und von der Teilnahme eines sehr jungen Carlos Alcaraz, der bereits erste Anzeichen des Spielers zeigte, der er werden sollte.  <\/p>\n\n<div style=\"height:29px\" aria-hidden=\"true\" class=\"wp-block-spacer\"><\/div>\n\n<figure class=\"wp-block-image size-full\"><a href=\"https:\/\/rafanadalopen.com\/entradas-gratuitas\/\"><img loading=\"lazy\" decoding=\"async\" width=\"942\" height=\"717\" src=\"https:\/\/www.rafanadalacademy.com\/wp-content\/uploads\/2026\/08\/rafa-nadal-open-2026.png\" alt=\"\" class=\"wp-image-49907\" srcset=\"https:\/\/www.rafanadalacademy.com\/wp-content\/uploads\/2026\/08\/rafa-nadal-open-2026.png 942w, https:\/\/www.rafanadalacademy.com\/wp-content\/uploads\/2026\/08\/rafa-nadal-open-2026-300x228.png 300w, https:\/\/www.rafanadalacademy.com\/wp-content\/uploads\/2026\/08\/rafa-nadal-open-2026-768x585.png 768w\" sizes=\"auto, (max-width: 942px) 100vw, 942px\" \/><\/a><\/figure>\n\n<div style=\"height:29px\" aria-hidden=\"true\" class=\"wp-block-spacer\"><\/div>\n\n<p class=\"wp-block-paragraph\"><strong>2021 \u2013 Lucas Lacko: Erfahrung gewinnt auch<\/strong><\/p>\n\n<p class=\"wp-block-paragraph\">Nach der pandemiebedingten Pause im Jahr 2020 kehrte die Rafa Nadal Open by Movistar 2021 mit einem emotionalen Finale zur\u00fcck. Der slowakische Routinier Lucas Lacko nutzte seine Erfahrung, um den Japaner Yasutaka Uchiyama mit 5-7, 7-6 und 6-1 zu besiegen. Sein Triumph in Manacor hatte einen besonderen Wert: Es war der letzte Challenger-Sieg seiner Karriere, ein Sieg, der seine Ausdauer, seinen Werdegang und seine F\u00e4higkeit, bis zum Schluss zu k\u00e4mpfen, belohnte.  <\/p>\n\n<p class=\"wp-block-paragraph\"><strong>2022 \u2013 Luca Nardi: Jugend mit Nervenst\u00e4rke<\/strong><\/p>\n\n<p class=\"wp-block-paragraph\">Der Italiener Luca Nardi best\u00e4tigte in Manacor eine Saison des Wachstums und des Ehrgeizes. In einem sehr ausgeglichenen Finale gegen Zizou Bergs zeigte Nardi eine reife Wettkampfleistung und setzte sich mit 7-6, 3-6 und 7-5 durch. Dieser Titel war sein dritter des Jahres auf der Challenger Tour und festigte seinen Ruf als Spieler, den man im Auge behalten sollte. Auf Mallorca machte er deutlich, dass sein Talent von Charakter begleitet wurde, um Partien mit h\u00f6chsten Anforderungen zu l\u00f6sen.   <\/p>\n\n<figure class=\"wp-block-gallery has-nested-images columns-default is-cropped wp-block-gallery-1 is-layout-flex wp-block-gallery-is-layout-flex\">\n<figure class=\"wp-block-image size-large\"><img loading=\"lazy\" decoding=\"async\" width=\"953\" height=\"1024\" data-id=\"50798\" src=\"https:\/\/www.rafanadalacademy.com\/wp-content\/uploads\/2026\/08\/Bernard-Tomic-RNOBS-2018_1347-953x1024.jpg\" alt=\"\" class=\"wp-image-50798\" srcset=\"https:\/\/www.rafanadalacademy.com\/wp-content\/uploads\/2026\/08\/Bernard-Tomic-RNOBS-2018_1347-953x1024.jpg 953w, https:\/\/www.rafanadalacademy.com\/wp-content\/uploads\/2026\/08\/Bernard-Tomic-RNOBS-2018_1347-279x300.jpg 279w, https:\/\/www.rafanadalacademy.com\/wp-content\/uploads\/2026\/08\/Bernard-Tomic-RNOBS-2018_1347-768x825.jpg 768w, https:\/\/www.rafanadalacademy.com\/wp-content\/uploads\/2026\/08\/Bernard-Tomic-RNOBS-2018_1347-1430x1536.jpg 1430w, https:\/\/www.rafanadalacademy.com\/wp-content\/uploads\/2026\/08\/Bernard-Tomic-RNOBS-2018_1347-1907x2048.jpg 1907w\" sizes=\"auto, (max-width: 953px) 100vw, 953px\" \/><figcaption class=\"wp-element-caption\">Bernard Tomic, Champion der Rafa Nadal Open by Movistar 2018<\/figcaption><\/figure>\n\n\n\n<figure class=\"wp-block-image size-large\"><img loading=\"lazy\" decoding=\"async\" width=\"1024\" height=\"976\" data-id=\"50828\" src=\"https:\/\/www.rafanadalacademy.com\/wp-content\/uploads\/2026\/08\/Emil-Ruusuvuori-2019_ADM_1741-1024x976.jpg\" alt=\"\" class=\"wp-image-50828\" srcset=\"https:\/\/www.rafanadalacademy.com\/wp-content\/uploads\/2026\/08\/Emil-Ruusuvuori-2019_ADM_1741-1024x976.jpg 1024w, https:\/\/www.rafanadalacademy.com\/wp-content\/uploads\/2026\/08\/Emil-Ruusuvuori-2019_ADM_1741-300x286.jpg 300w, https:\/\/www.rafanadalacademy.com\/wp-content\/uploads\/2026\/08\/Emil-Ruusuvuori-2019_ADM_1741-768x732.jpg 768w, https:\/\/www.rafanadalacademy.com\/wp-content\/uploads\/2026\/08\/Emil-Ruusuvuori-2019_ADM_1741-1536x1464.jpg 1536w, https:\/\/www.rafanadalacademy.com\/wp-content\/uploads\/2026\/08\/Emil-Ruusuvuori-2019_ADM_1741-2048x1952.jpg 2048w\" sizes=\"auto, (max-width: 1024px) 100vw, 1024px\" \/><figcaption class=\"wp-element-caption\">Emil Ruusuvuori, Champion der Rafa Nadal Open by Movistar 2019<\/figcaption><\/figure>\n\n\n\n<figure class=\"wp-block-image size-large\"><img loading=\"lazy\" decoding=\"async\" width=\"668\" height=\"1024\" data-id=\"50787\" src=\"https:\/\/www.rafanadalacademy.com\/wp-content\/uploads\/2026\/08\/Lukas-lacko-2021-668x1024.jpg\" alt=\"\" class=\"wp-image-50787\" srcset=\"https:\/\/www.rafanadalacademy.com\/wp-content\/uploads\/2026\/08\/Lukas-lacko-2021-668x1024.jpg 668w, https:\/\/www.rafanadalacademy.com\/wp-content\/uploads\/2026\/08\/Lukas-lacko-2021-196x300.jpg 196w, https:\/\/www.rafanadalacademy.com\/wp-content\/uploads\/2026\/08\/Lukas-lacko-2021-768x1177.jpg 768w, https:\/\/www.rafanadalacademy.com\/wp-content\/uploads\/2026\/08\/Lukas-lacko-2021-1002x1536.jpg 1002w, https:\/\/www.rafanadalacademy.com\/wp-content\/uploads\/2026\/08\/Lukas-lacko-2021-1336x2048.jpg 1336w, https:\/\/www.rafanadalacademy.com\/wp-content\/uploads\/2026\/08\/Lukas-lacko-2021-scaled.jpg 1670w\" sizes=\"auto, (max-width: 668px) 100vw, 668px\" \/><figcaption class=\"wp-element-caption\">Lukas Lacko, Champion der Rafa Nadal Open by Movistar 2021<\/figcaption><\/figure>\n\n\n\n<figure class=\"wp-block-image size-large\"><img loading=\"lazy\" decoding=\"async\" width=\"1024\" height=\"797\" data-id=\"50844\" src=\"https:\/\/www.rafanadalacademy.com\/wp-content\/uploads\/2026\/08\/Luca-Nardi-IV-RNO-2022-Alvaro-Diaz_2648-1-1024x797.jpg\" alt=\"\" class=\"wp-image-50844\" srcset=\"https:\/\/www.rafanadalacademy.com\/wp-content\/uploads\/2026\/08\/Luca-Nardi-IV-RNO-2022-Alvaro-Diaz_2648-1-1024x797.jpg 1024w, https:\/\/www.rafanadalacademy.com\/wp-content\/uploads\/2026\/08\/Luca-Nardi-IV-RNO-2022-Alvaro-Diaz_2648-1-300x234.jpg 300w, https:\/\/www.rafanadalacademy.com\/wp-content\/uploads\/2026\/08\/Luca-Nardi-IV-RNO-2022-Alvaro-Diaz_2648-1-768x598.jpg 768w, https:\/\/www.rafanadalacademy.com\/wp-content\/uploads\/2026\/08\/Luca-Nardi-IV-RNO-2022-Alvaro-Diaz_2648-1-1536x1196.jpg 1536w, https:\/\/www.rafanadalacademy.com\/wp-content\/uploads\/2026\/08\/Luca-Nardi-IV-RNO-2022-Alvaro-Diaz_2648-1-2048x1594.jpg 2048w\" sizes=\"auto, (max-width: 1024px) 100vw, 1024px\" \/><figcaption class=\"wp-element-caption\">Luca Nardi, Champion der Rafa Nadal Open 2022<\/figcaption><\/figure>\n\n\n\n<figure class=\"wp-block-image size-large\"><img loading=\"lazy\" decoding=\"async\" width=\"683\" height=\"1024\" data-id=\"50812\" src=\"https:\/\/www.rafanadalacademy.com\/wp-content\/uploads\/2026\/08\/Hamad-Medjedovic_RNO-2023-Alvaro-Diaz_2042-683x1024.jpg\" alt=\"\" class=\"wp-image-50812\" srcset=\"https:\/\/www.rafanadalacademy.com\/wp-content\/uploads\/2026\/08\/Hamad-Medjedovic_RNO-2023-Alvaro-Diaz_2042-683x1024.jpg 683w, https:\/\/www.rafanadalacademy.com\/wp-content\/uploads\/2026\/08\/Hamad-Medjedovic_RNO-2023-Alvaro-Diaz_2042-200x300.jpg 200w, https:\/\/www.rafanadalacademy.com\/wp-content\/uploads\/2026\/08\/Hamad-Medjedovic_RNO-2023-Alvaro-Diaz_2042-768x1152.jpg 768w, https:\/\/www.rafanadalacademy.com\/wp-content\/uploads\/2026\/08\/Hamad-Medjedovic_RNO-2023-Alvaro-Diaz_2042-1024x1536.jpg 1024w, https:\/\/www.rafanadalacademy.com\/wp-content\/uploads\/2026\/08\/Hamad-Medjedovic_RNO-2023-Alvaro-Diaz_2042-1365x2048.jpg 1365w, https:\/\/www.rafanadalacademy.com\/wp-content\/uploads\/2026\/08\/Hamad-Medjedovic_RNO-2023-Alvaro-Diaz_2042-scaled.jpg 1707w\" sizes=\"auto, (max-width: 683px) 100vw, 683px\" \/><figcaption class=\"wp-element-caption\">Hamad Medjedovic, Champion der Rafa Nadal Open by Movistar 2023<\/figcaption><\/figure>\n\n\n\n<figure class=\"wp-block-image size-large\"><img loading=\"lazy\" decoding=\"async\" width=\"1024\" height=\"683\" data-id=\"50820\" src=\"https:\/\/www.rafanadalacademy.com\/wp-content\/uploads\/2026\/08\/duje-2024-1024x683.jpg\" alt=\"\" class=\"wp-image-50820\" srcset=\"https:\/\/www.rafanadalacademy.com\/wp-content\/uploads\/2026\/08\/duje-2024-1024x683.jpg 1024w, https:\/\/www.rafanadalacademy.com\/wp-content\/uploads\/2026\/08\/duje-2024-300x200.jpg 300w, https:\/\/www.rafanadalacademy.com\/wp-content\/uploads\/2026\/08\/duje-2024-768x512.jpg 768w, https:\/\/www.rafanadalacademy.com\/wp-content\/uploads\/2026\/08\/duje-2024-1536x1024.jpg 1536w, https:\/\/www.rafanadalacademy.com\/wp-content\/uploads\/2026\/08\/duje-2024-2048x1365.jpg 2048w\" sizes=\"auto, (max-width: 1024px) 100vw, 1024px\" \/><figcaption class=\"wp-element-caption\">Duje Ajdukovi\u0107, Champion der Rafa Nadal Open by Movistar 2024<\/figcaption><\/figure>\n\n\n\n<figure class=\"wp-block-image size-large\"><img loading=\"lazy\" decoding=\"async\" width=\"1024\" height=\"1024\" data-id=\"50796\" src=\"https:\/\/www.rafanadalacademy.com\/wp-content\/uploads\/2026\/08\/dani-2025-1024x1024.jpg\" alt=\"\" class=\"wp-image-50796\" srcset=\"https:\/\/www.rafanadalacademy.com\/wp-content\/uploads\/2026\/08\/dani-2025-1024x1024.jpg 1024w, https:\/\/www.rafanadalacademy.com\/wp-content\/uploads\/2026\/08\/dani-2025-300x300.jpg 300w, https:\/\/www.rafanadalacademy.com\/wp-content\/uploads\/2026\/08\/dani-2025-150x150.jpg 150w, https:\/\/www.rafanadalacademy.com\/wp-content\/uploads\/2026\/08\/dani-2025-768x768.jpg 768w, https:\/\/www.rafanadalacademy.com\/wp-content\/uploads\/2026\/08\/dani-2025-1536x1536.jpg 1536w, https:\/\/www.rafanadalacademy.com\/wp-content\/uploads\/2026\/08\/dani-2025-2048x2048.jpg 2048w\" sizes=\"auto, (max-width: 1024px) 100vw, 1024px\" \/><figcaption class=\"wp-element-caption\">Dani Rinc\u00f3n, Champion der Rafa Nadal Open by Movistar 2025<\/figcaption><\/figure>\n<\/figure>\n\n<div style=\"height:29px\" aria-hidden=\"true\" class=\"wp-block-spacer\"><\/div>\n\n<p class=\"wp-block-paragraph\"><strong>2023 \u2013 Hamad Medjedovic: ein aufstrebendes Talent<\/strong><\/p>\n\n<p class=\"wp-block-paragraph\">Der Serbe Hamad Medjedovic wurde nach einem 6-2, 4-6 und 6-2 Sieg \u00fcber den Franzosen Harold Mayot zum Champion der f\u00fcnften Ausgabe gek\u00fcrt. Sein Triumph in der Rafa Nadal Academy by Movistar war weit mehr als ein Titel: Er k\u00fcndigte einen gro\u00dfartigen Saisonabschluss an, der mit seinem Sieg bei den ATP Next Gen Finals gipfeln sollte. In Manacor best\u00e4tigte er, dass er eines der vielversprechendsten Talente auf der Tour war und f\u00fcgte seinen Namen der Liste der Champions mit internationaler Perspektive hinzu.  <\/p>\n\n<p class=\"wp-block-paragraph\"><strong>2024 \u2013 Duje Ajdukovi\u0107: eine Ausgabe mit kroatischem Stempel<\/strong><\/p>\n\n<p class=\"wp-block-paragraph\">Die sechste Ausgabe hatte einen kroatischen Akzent. Duje Ajdukovi\u0107 stemmte die Troph\u00e4e nach einem spannenden Finale gegen den Italiener Matteo Gigante in die H\u00f6he, in dem er einen R\u00fcckstand aufholte und mit 4-6, 6-3 und 6-4 gewann. Seine Woche war besonders bedeutsam, da er auf dem Weg zum Titel seinen Landsmann Marin Cilic, den US Open Champion von 2014 und einen der gro\u00dfen Namen, die das Turnier durchlaufen haben, besiegte. Ajdukovi\u0107 errang in Manacor einen prestigetr\u00e4chtigen Sieg, um seinen Weg auf der Tour weiter zu festigen.   <\/p>\n\n<p class=\"wp-block-paragraph\"><strong>2025 \u2013 Daniel Rinc\u00f3n: Prophet im eigenen Land<\/strong><\/p>\n\n<p class=\"wp-block-paragraph\">Die siebte Ausgabe schrieb eine ganz besondere Geschichte f\u00fcr das Turnier. Daniel Rinc\u00f3n, ein in der Rafa Nadal Academy by Movistar ausgebildeter Spieler, wurde nach einer unvergesslichen Woche in Manacor zum Champion. Sein Triumph hatte eine einzigartige Bedeutung: Er stemmte die Troph\u00e4e nicht nur zu Hause in die H\u00f6he, sondern tat dies an dem Ort, an den er 2019 als Kind kam und wo er einen Gro\u00dfteil seines Weges als Spieler aufgebaut hat.  <\/p>\n\n<div style=\"height:29px\" aria-hidden=\"true\" class=\"wp-block-spacer\"><\/div>\n\n<figure class=\"wp-block-embed is-type-video is-provider-youtube wp-block-embed-youtube wp-embed-aspect-16-9 wp-has-aspect-ratio\"><div class=\"wp-block-embed__wrapper\">\n<iframe loading=\"lazy\" title=\"Rafa Nadal Open by Movistar 2025: The Film\" width=\"500\" height=\"281\" src=\"https:\/\/www.youtube.com\/embed\/IpXRqbaM6kg?feature=oembed\" frameborder=\"0\" allow=\"accelerometer; autoplay; clipboard-write; encrypted-media; gyroscope; picture-in-picture; web-share\" referrerpolicy=\"strict-origin-when-cross-origin\" allowfullscreen><\/iframe>\n<\/div><\/figure>\n\n<div style=\"height:30px\" aria-hidden=\"true\" class=\"wp-block-spacer\"><\/div>\n\n<p class=\"wp-block-paragraph\">Rinc\u00f3n f\u00fcgte seinen Namen einer Siegerliste hinzu, die bis dahin Champions aus Australien, Finnland, der Slowakei, Italien, Serbien und Kroatien gekr\u00f6nt hatte. Mit seinem Sieg feierte die Rafa Nadal Open by Movistar zum ersten Mal einen spanischen Champion und erlebte einen der emotionalsten Momente ihrer j\u00fcngsten Geschichte. <\/p>\n\n<p class=\"wp-block-paragraph\">Sieben Ausgaben, sieben Champions und sieben verschiedene Geschichten. Das ist der Wert eines Turniers, das es verstanden hat, Talent, Erfahrung, Zukunft und Emotionen auf einer B\u00fchne zu vereinen. Die Rafa Nadal Open by Movistar w\u00e4chst Jahr f\u00fcr Jahr weiter und ihre Siegerliste hat bereits eine eigene Identit\u00e4t.  <\/p>\n\n<div style=\"height:30px\" aria-hidden=\"true\" class=\"wp-block-spacer\"><\/div>\n\n<figure class=\"wp-block-embed is-type-video is-provider-youtube wp-block-embed-youtube wp-embed-aspect-16-9 wp-has-aspect-ratio\"><div class=\"wp-block-embed__wrapper\">\n<iframe loading=\"lazy\" title=\"Rafa Nadal presencia la final del Rafa Nadal Open by Movistar\" width=\"500\" height=\"281\" src=\"https:\/\/www.youtube.com\/embed\/yEA1qkXZKJI?feature=oembed\" frameborder=\"0\" allow=\"accelerometer; autoplay; clipboard-write; encrypted-media; gyroscope; picture-in-picture; web-share\" referrerpolicy=\"strict-origin-when-cross-origin\" allowfullscreen><\/iframe>\n<\/div><\/figure>\n\n<p class=\"wp-block-paragraph\"><\/p>\n\n<p class=\"wp-block-paragraph\"><\/p>\n\n<p class=\"wp-block-paragraph\"><\/p>\n","protected":false},"excerpt":{"rendered":"<p>Sieben Ausgaben, sieben Champions. Seit ihrer Gr\u00fcndung im Jahr 2018 hat die Rafa Nadal Open by Movistar eine Siegerliste aufgebaut, die ebenso vielf\u00e4ltig wie aufschlussreich f\u00fcr ihre Rolle innerhalb der ATP Challenger Tour ist. In der Rafa Nadal Academy by Movistar haben junge Talente, die auf den Durchbruch im Circuit hoffen, etablierte Spieler auf der<a href=\"https:\/\/www.rafanadalacademy.com\/de\/nachricht\/die-glorreichen-sieben-der-rafa-nadal-open-by-movistar\/\">Continue reading <span class=\"sr-only\">&#8220;Die glorreichen Sieben der Rafa Nadal Open by Movistar&#8221;<\/span><\/a><\/p>\n","protected":false},"author":23,"featured_media":31426,"comment_status":"closed","ping_status":"closed","sticky":false,"template":"","format":"standard","meta":{"_acf_changed":false,"footnotes":""},"categories":[159,203,151],"tags":[204],"class_list":["post-50870","post","type-post","status-publish","format-standard","has-post-thumbnail","hentry","category-nachricht","category-rafa-nadal-academy-von-movistar","category-rafa-nadal-open-de","tag-rafa-nadal-academy-von-movistar"],"acf":[],"yoast_head":"<!-- This site is optimized with the Yoast SEO Premium plugin v26.8 (Yoast SEO v28.3) - https:\/\/yoast.com\/product\/yoast-seo-premium-wordpress\/ -->\n<title>Die glorreichen Sieben der Rafa Nadal Open by Movistar - Rafa Nadal Academy<\/title>\n<meta name=\"description\" content=\"Siegerliste mit den Champions der Rafa Nadal Open by Movistar, einem Turnier der ATP Challenger Tour, das in der Rafa Nadal Academy ausgetragen wird.\" \/>\n<meta name=\"robots\" content=\"index, follow, max-snippet:-1, max-image-preview:large, max-video-preview:-1\" \/>\n<link rel=\"canonical\" href=\"https:\/\/www.rafanadalacademy.com\/de\/nachricht\/die-glorreichen-sieben-der-rafa-nadal-open-by-movistar\/\" \/>\n<meta property=\"og:locale\" content=\"de_DE\" \/>\n<meta property=\"og:type\" content=\"article\" \/>\n<meta property=\"og:title\" content=\"Die glorreichen Sieben der Rafa Nadal Open by Movistar\" \/>\n<meta property=\"og:description\" content=\"Siegerliste mit den Champions der Rafa Nadal Open by Movistar, einem Turnier der ATP Challenger Tour, das in der Rafa Nadal Academy ausgetragen wird.\" \/>\n<meta property=\"og:url\" content=\"https:\/\/www.rafanadalacademy.com\/de\/nachricht\/die-glorreichen-sieben-der-rafa-nadal-open-by-movistar\/\" \/>\n<meta property=\"og:site_name\" content=\"Rafa Nadal Academy\" \/>\n<meta property=\"article:published_time\" content=\"2026-08-27T07:46:44+00:00\" \/>\n<meta property=\"article:modified_time\" content=\"2026-08-27T07:57:13+00:00\" \/>\n<meta property=\"og:image\" content=\"https:\/\/www.rafanadalacademy.com\/wp-content\/uploads\/2025\/08\/Imagen-de-WhatsApp-2025-08-31-a-las-21.44.47_7c1ec156-scaled.jpg\" \/>\n\t<meta property=\"og:image:width\" content=\"2560\" \/>\n\t<meta property=\"og:image:height\" content=\"1707\" \/>\n\t<meta property=\"og:image:type\" content=\"image\/jpeg\" \/>\n<meta name=\"author\" content=\"joseluisprados\" \/>\n<meta name=\"twitter:card\" content=\"summary_large_image\" \/>\n<meta name=\"twitter:label1\" content=\"Written by\" \/>\n\t<meta name=\"twitter:data1\" content=\"joseluisprados\" \/>\n\t<meta name=\"twitter:label2\" content=\"Est. reading time\" \/>\n\t<meta name=\"twitter:data2\" content=\"4 minutes\" \/>\n<script type=\"application\/ld+json\" class=\"yoast-schema-graph\">{\"@context\":\"https:\\\/\\\/schema.org\",\"@graph\":[{\"@type\":\"Article\",\"@id\":\"https:\\\/\\\/www.rafanadalacademy.com\\\/de\\\/nachricht\\\/die-glorreichen-sieben-der-rafa-nadal-open-by-movistar\\\/#article\",\"isPartOf\":{\"@id\":\"https:\\\/\\\/www.rafanadalacademy.com\\\/de\\\/nachricht\\\/die-glorreichen-sieben-der-rafa-nadal-open-by-movistar\\\/\"},\"author\":{\"name\":\"joseluisprados\",\"@id\":\"https:\\\/\\\/www.rafanadalacademy.com\\\/de\\\/#\\\/schema\\\/person\\\/744897d6ee269641fff954376180ef01\"},\"headline\":\"Die glorreichen Sieben der Rafa Nadal Open by Movistar\",\"datePublished\":\"2026-08-27T07:46:44+00:00\",\"dateModified\":\"2026-08-27T07:57:13+00:00\",\"mainEntityOfPage\":{\"@id\":\"https:\\\/\\\/www.rafanadalacademy.com\\\/de\\\/nachricht\\\/die-glorreichen-sieben-der-rafa-nadal-open-by-movistar\\\/\"},\"wordCount\":908,\"image\":{\"@id\":\"https:\\\/\\\/www.rafanadalacademy.com\\\/de\\\/nachricht\\\/die-glorreichen-sieben-der-rafa-nadal-open-by-movistar\\\/#primaryimage\"},\"thumbnailUrl\":\"https:\\\/\\\/www.rafanadalacademy.com\\\/wp-content\\\/uploads\\\/2025\\\/08\\\/Imagen-de-WhatsApp-2025-08-31-a-las-21.44.47_7c1ec156-scaled.jpg\",\"keywords\":[\"RAFA NADAL ACADEMY VON MOVISTAR\"],\"articleSection\":[\"Nachricht\",\"RAFA NADAL ACADEMY VON MOVISTAR\",\"RAFA NADAL OPEN\"],\"inLanguage\":\"de-DE\",\"copyrightYear\":\"2026\",\"copyrightHolder\":{\"@id\":\"https:\\\/\\\/www.rafanadalacademy.com\\\/#organization\"}},{\"@type\":\"WebPage\",\"@id\":\"https:\\\/\\\/www.rafanadalacademy.com\\\/de\\\/nachricht\\\/die-glorreichen-sieben-der-rafa-nadal-open-by-movistar\\\/\",\"url\":\"https:\\\/\\\/www.rafanadalacademy.com\\\/de\\\/nachricht\\\/die-glorreichen-sieben-der-rafa-nadal-open-by-movistar\\\/\",\"name\":\"Die glorreichen Sieben der Rafa Nadal Open by Movistar - Rafa Nadal Academy\",\"isPartOf\":{\"@id\":\"https:\\\/\\\/www.rafanadalacademy.com\\\/de\\\/#website\"},\"primaryImageOfPage\":{\"@id\":\"https:\\\/\\\/www.rafanadalacademy.com\\\/de\\\/nachricht\\\/die-glorreichen-sieben-der-rafa-nadal-open-by-movistar\\\/#primaryimage\"},\"image\":{\"@id\":\"https:\\\/\\\/www.rafanadalacademy.com\\\/de\\\/nachricht\\\/die-glorreichen-sieben-der-rafa-nadal-open-by-movistar\\\/#primaryimage\"},\"thumbnailUrl\":\"https:\\\/\\\/www.rafanadalacademy.com\\\/wp-content\\\/uploads\\\/2025\\\/08\\\/Imagen-de-WhatsApp-2025-08-31-a-las-21.44.47_7c1ec156-scaled.jpg\",\"datePublished\":\"2026-08-27T07:46:44+00:00\",\"dateModified\":\"2026-08-27T07:57:13+00:00\",\"author\":{\"@id\":\"https:\\\/\\\/www.rafanadalacademy.com\\\/de\\\/#\\\/schema\\\/person\\\/744897d6ee269641fff954376180ef01\"},\"description\":\"Siegerliste mit den Champions der Rafa Nadal Open by Movistar, einem Turnier der ATP Challenger Tour, das in der Rafa Nadal Academy ausgetragen wird.\",\"breadcrumb\":{\"@id\":\"https:\\\/\\\/www.rafanadalacademy.com\\\/de\\\/nachricht\\\/die-glorreichen-sieben-der-rafa-nadal-open-by-movistar\\\/#breadcrumb\"},\"inLanguage\":\"de-DE\",\"potentialAction\":[{\"@type\":\"ReadAction\",\"target\":[\"https:\\\/\\\/www.rafanadalacademy.com\\\/de\\\/nachricht\\\/die-glorreichen-sieben-der-rafa-nadal-open-by-movistar\\\/\"]}]},{\"@type\":\"ImageObject\",\"inLanguage\":\"de-DE\",\"@id\":\"https:\\\/\\\/www.rafanadalacademy.com\\\/de\\\/nachricht\\\/die-glorreichen-sieben-der-rafa-nadal-open-by-movistar\\\/#primaryimage\",\"url\":\"https:\\\/\\\/www.rafanadalacademy.com\\\/wp-content\\\/uploads\\\/2025\\\/08\\\/Imagen-de-WhatsApp-2025-08-31-a-las-21.44.47_7c1ec156-scaled.jpg\",\"contentUrl\":\"https:\\\/\\\/www.rafanadalacademy.com\\\/wp-content\\\/uploads\\\/2025\\\/08\\\/Imagen-de-WhatsApp-2025-08-31-a-las-21.44.47_7c1ec156-scaled.jpg\",\"width\":2560,\"height\":1707,\"caption\":\"Dani Rinc\u00f3n, campe\u00f3n del Rafa Nadal Open by Movistar 2025\"},{\"@type\":\"BreadcrumbList\",\"@id\":\"https:\\\/\\\/www.rafanadalacademy.com\\\/de\\\/nachricht\\\/die-glorreichen-sieben-der-rafa-nadal-open-by-movistar\\\/#breadcrumb\",\"itemListElement\":[{\"@type\":\"ListItem\",\"position\":1,\"name\":\"Home\",\"item\":\"https:\\\/\\\/www.rafanadalacademy.com\\\/de\\\/\"},{\"@type\":\"ListItem\",\"position\":2,\"name\":\"Die glorreichen Sieben der Rafa Nadal Open by Movistar\"}]},{\"@type\":\"WebSite\",\"@id\":\"https:\\\/\\\/www.rafanadalacademy.com\\\/de\\\/#website\",\"url\":\"https:\\\/\\\/www.rafanadalacademy.com\\\/de\\\/\",\"name\":\"Rafa Nadal Academy\",\"description\":\"Otro sitio realizado con WordPress\",\"potentialAction\":[{\"@type\":\"SearchAction\",\"target\":{\"@type\":\"EntryPoint\",\"urlTemplate\":\"https:\\\/\\\/www.rafanadalacademy.com\\\/de\\\/?s={search_term_string}\"},\"query-input\":{\"@type\":\"PropertyValueSpecification\",\"valueRequired\":true,\"valueName\":\"search_term_string\"}}],\"inLanguage\":\"de-DE\"},{\"@type\":\"Person\",\"@id\":\"https:\\\/\\\/www.rafanadalacademy.com\\\/de\\\/#\\\/schema\\\/person\\\/744897d6ee269641fff954376180ef01\",\"name\":\"joseluisprados\",\"image\":{\"@type\":\"ImageObject\",\"inLanguage\":\"de-DE\",\"@id\":\"https:\\\/\\\/secure.gravatar.com\\\/avatar\\\/8aa823a6e5501864ffab4785d9e2a994b59c2d45c9f9751c5a532abfec081e5f?s=96&d=mm&r=g\",\"url\":\"https:\\\/\\\/secure.gravatar.com\\\/avatar\\\/8aa823a6e5501864ffab4785d9e2a994b59c2d45c9f9751c5a532abfec081e5f?s=96&d=mm&r=g\",\"contentUrl\":\"https:\\\/\\\/secure.gravatar.com\\\/avatar\\\/8aa823a6e5501864ffab4785d9e2a994b59c2d45c9f9751c5a532abfec081e5f?s=96&d=mm&r=g\",\"caption\":\"joseluisprados\"},\"url\":\"https:\\\/\\\/www.rafanadalacademy.com\\\/de\\\/author\\\/joseluisprados\\\/\"},{\"@type\":\"ImageObject\",\"inLanguage\":\"de-DE\",\"@id\":\"https:\\\/\\\/www.rafanadalacademy.com\\\/de\\\/nachricht\\\/die-glorreichen-sieben-der-rafa-nadal-open-by-movistar\\\/#local-main-organization-logo\",\"url\":\"\",\"contentUrl\":\"\",\"caption\":\"Rafa Nadal Academy\"}]}<\/script>\n<!-- \/ Yoast SEO Premium plugin. -->","yoast_head_json":{"title":"Die glorreichen Sieben der Rafa Nadal Open by Movistar - Rafa Nadal Academy","description":"Siegerliste mit den Champions der Rafa Nadal Open by Movistar, einem Turnier der ATP Challenger Tour, das in der Rafa Nadal Academy ausgetragen wird.","robots":{"index":"index","follow":"follow","max-snippet":"max-snippet:-1","max-image-preview":"max-image-preview:large","max-video-preview":"max-video-preview:-1"},"canonical":"https:\/\/www.rafanadalacademy.com\/de\/nachricht\/die-glorreichen-sieben-der-rafa-nadal-open-by-movistar\/","og_locale":"de_DE","og_type":"article","og_title":"Die glorreichen Sieben der Rafa Nadal Open by Movistar","og_description":"Siegerliste mit den Champions der Rafa Nadal Open by Movistar, einem Turnier der ATP Challenger Tour, das in der Rafa Nadal Academy ausgetragen wird.","og_url":"https:\/\/www.rafanadalacademy.com\/de\/nachricht\/die-glorreichen-sieben-der-rafa-nadal-open-by-movistar\/","og_site_name":"Rafa Nadal Academy","article_published_time":"2026-08-27T07:46:44+00:00","article_modified_time":"2026-08-27T07:57:13+00:00","og_image":[{"width":2560,"height":1707,"url":"https:\/\/www.rafanadalacademy.com\/wp-content\/uploads\/2025\/08\/Imagen-de-WhatsApp-2025-08-31-a-las-21.44.47_7c1ec156-scaled.jpg","type":"image\/jpeg"}],"author":"joseluisprados","twitter_card":"summary_large_image","twitter_misc":{"Written by":"joseluisprados","Est. reading time":"4 minutes"},"schema":{"@context":"https:\/\/schema.org","@graph":[{"@type":"Article","@id":"https:\/\/www.rafanadalacademy.com\/de\/nachricht\/die-glorreichen-sieben-der-rafa-nadal-open-by-movistar\/#article","isPartOf":{"@id":"https:\/\/www.rafanadalacademy.com\/de\/nachricht\/die-glorreichen-sieben-der-rafa-nadal-open-by-movistar\/"},"author":{"name":"joseluisprados","@id":"https:\/\/www.rafanadalacademy.com\/de\/#\/schema\/person\/744897d6ee269641fff954376180ef01"},"headline":"Die glorreichen Sieben der Rafa Nadal Open by Movistar","datePublished":"2026-08-27T07:46:44+00:00","dateModified":"2026-08-27T07:57:13+00:00","mainEntityOfPage":{"@id":"https:\/\/www.rafanadalacademy.com\/de\/nachricht\/die-glorreichen-sieben-der-rafa-nadal-open-by-movistar\/"},"wordCount":908,"image":{"@id":"https:\/\/www.rafanadalacademy.com\/de\/nachricht\/die-glorreichen-sieben-der-rafa-nadal-open-by-movistar\/#primaryimage"},"thumbnailUrl":"https:\/\/www.rafanadalacademy.com\/wp-content\/uploads\/2025\/08\/Imagen-de-WhatsApp-2025-08-31-a-las-21.44.47_7c1ec156-scaled.jpg","keywords":["RAFA NADAL ACADEMY VON MOVISTAR"],"articleSection":["Nachricht","RAFA NADAL ACADEMY VON MOVISTAR","RAFA NADAL OPEN"],"inLanguage":"de-DE","copyrightYear":"2026","copyrightHolder":{"@id":"https:\/\/www.rafanadalacademy.com\/#organization"}},{"@type":"WebPage","@id":"https:\/\/www.rafanadalacademy.com\/de\/nachricht\/die-glorreichen-sieben-der-rafa-nadal-open-by-movistar\/","url":"https:\/\/www.rafanadalacademy.com\/de\/nachricht\/die-glorreichen-sieben-der-rafa-nadal-open-by-movistar\/","name":"Die glorreichen Sieben der Rafa Nadal Open by Movistar - Rafa Nadal Academy","isPartOf":{"@id":"https:\/\/www.rafanadalacademy.com\/de\/#website"},"primaryImageOfPage":{"@id":"https:\/\/www.rafanadalacademy.com\/de\/nachricht\/die-glorreichen-sieben-der-rafa-nadal-open-by-movistar\/#primaryimage"},"image":{"@id":"https:\/\/www.rafanadalacademy.com\/de\/nachricht\/die-glorreichen-sieben-der-rafa-nadal-open-by-movistar\/#primaryimage"},"thumbnailUrl":"https:\/\/www.rafanadalacademy.com\/wp-content\/uploads\/2025\/08\/Imagen-de-WhatsApp-2025-08-31-a-las-21.44.47_7c1ec156-scaled.jpg","datePublished":"2026-08-27T07:46:44+00:00","dateModified":"2026-08-27T07:57:13+00:00","author":{"@id":"https:\/\/www.rafanadalacademy.com\/de\/#\/schema\/person\/744897d6ee269641fff954376180ef01"},"description":"Siegerliste mit den Champions der Rafa Nadal Open by Movistar, einem Turnier der ATP Challenger Tour, das in der Rafa Nadal Academy ausgetragen wird.","breadcrumb":{"@id":"https:\/\/www.rafanadalacademy.com\/de\/nachricht\/die-glorreichen-sieben-der-rafa-nadal-open-by-movistar\/#breadcrumb"},"inLanguage":"de-DE","potentialAction":[{"@type":"ReadAction","target":["https:\/\/www.rafanadalacademy.com\/de\/nachricht\/die-glorreichen-sieben-der-rafa-nadal-open-by-movistar\/"]}]},{"@type":"ImageObject","inLanguage":"de-DE","@id":"https:\/\/www.rafanadalacademy.com\/de\/nachricht\/die-glorreichen-sieben-der-rafa-nadal-open-by-movistar\/#primaryimage","url":"https:\/\/www.rafanadalacademy.com\/wp-content\/uploads\/2025\/08\/Imagen-de-WhatsApp-2025-08-31-a-las-21.44.47_7c1ec156-scaled.jpg","contentUrl":"https:\/\/www.rafanadalacademy.com\/wp-content\/uploads\/2025\/08\/Imagen-de-WhatsApp-2025-08-31-a-las-21.44.47_7c1ec156-scaled.jpg","width":2560,"height":1707,"caption":"Dani Rinc\u00f3n, campe\u00f3n del Rafa Nadal Open by Movistar 2025"},{"@type":"BreadcrumbList","@id":"https:\/\/www.rafanadalacademy.com\/de\/nachricht\/die-glorreichen-sieben-der-rafa-nadal-open-by-movistar\/#breadcrumb","itemListElement":[{"@type":"ListItem","position":1,"name":"Home","item":"https:\/\/www.rafanadalacademy.com\/de\/"},{"@type":"ListItem","position":2,"name":"Die glorreichen Sieben der Rafa Nadal Open by Movistar"}]},{"@type":"WebSite","@id":"https:\/\/www.rafanadalacademy.com\/de\/#website","url":"https:\/\/www.rafanadalacademy.com\/de\/","name":"Rafa Nadal Academy","description":"Otro sitio realizado con WordPress","potentialAction":[{"@type":"SearchAction","target":{"@type":"EntryPoint","urlTemplate":"https:\/\/www.rafanadalacademy.com\/de\/?s={search_term_string}"},"query-input":{"@type":"PropertyValueSpecification","valueRequired":true,"valueName":"search_term_string"}}],"inLanguage":"de-DE"},{"@type":"Person","@id":"https:\/\/www.rafanadalacademy.com\/de\/#\/schema\/person\/744897d6ee269641fff954376180ef01","name":"joseluisprados","image":{"@type":"ImageObject","inLanguage":"de-DE","@id":"https:\/\/secure.gravatar.com\/avatar\/8aa823a6e5501864ffab4785d9e2a994b59c2d45c9f9751c5a532abfec081e5f?s=96&d=mm&r=g","url":"https:\/\/secure.gravatar.com\/avatar\/8aa823a6e5501864ffab4785d9e2a994b59c2d45c9f9751c5a532abfec081e5f?s=96&d=mm&r=g","contentUrl":"https:\/\/secure.gravatar.com\/avatar\/8aa823a6e5501864ffab4785d9e2a994b59c2d45c9f9751c5a532abfec081e5f?s=96&d=mm&r=g","caption":"joseluisprados"},"url":"https:\/\/www.rafanadalacademy.com\/de\/author\/joseluisprados\/"},{"@type":"ImageObject","inLanguage":"de-DE","@id":"https:\/\/www.rafanadalacademy.com\/de\/nachricht\/die-glorreichen-sieben-der-rafa-nadal-open-by-movistar\/#local-main-organization-logo","url":"","contentUrl":"","caption":"Rafa Nadal Academy"}]}},"_links":{"self":[{"href":"https:\/\/www.rafanadalacademy.com\/de\/wp-json\/wp\/v2\/posts\/50870","targetHints":{"allow":["GET"]}}],"collection":[{"href":"https:\/\/www.rafanadalacademy.com\/de\/wp-json\/wp\/v2\/posts"}],"about":[{"href":"https:\/\/www.rafanadalacademy.com\/de\/wp-json\/wp\/v2\/types\/post"}],"author":[{"embeddable":true,"href":"https:\/\/www.rafanadalacademy.com\/de\/wp-json\/wp\/v2\/users\/23"}],"replies":[{"embeddable":true,"href":"https:\/\/www.rafanadalacademy.com\/de\/wp-json\/wp\/v2\/comments?post=50870"}],"version-history":[{"count":1,"href":"https:\/\/www.rafanadalacademy.com\/de\/wp-json\/wp\/v2\/posts\/50870\/revisions"}],"predecessor-version":[{"id":50871,"href":"https:\/\/www.rafanadalacademy.com\/de\/wp-json\/wp\/v2\/posts\/50870\/revisions\/50871"}],"wp:featuredmedia":[{"embeddable":true,"href":"https:\/\/www.rafanadalacademy.com\/de\/wp-json\/wp\/v2\/media\/31426"}],"wp:attachment":[{"href":"https:\/\/www.rafanadalacademy.com\/de\/wp-json\/wp\/v2\/media?parent=50870"}],"wp:term":[{"taxonomy":"category","embeddable":true,"href":"https:\/\/www.rafanadalacademy.com\/de\/wp-json\/wp\/v2\/categories?post=50870"},{"taxonomy":"post_tag","embeddable":true,"href":"https:\/\/www.rafanadalacademy.com\/de\/wp-json\/wp\/v2\/tags?post=50870"}],"curies":[{"name":"wp","href":"https:\/\/api.w.org\/{rel}","templated":true}]}}