{"id":38712,"date":"2026-01-26T14:16:27","date_gmt":"2026-01-26T14:16:27","guid":{"rendered":"https:\/\/www.rafanadalacademy.com\/?p=38712"},"modified":"2026-01-26T14:16:27","modified_gmt":"2026-01-26T14:16:27","slug":"groser-erfolg-des-fip-bronze-mallorca-turniers-in-der-rafa-nadal-academy","status":"publish","type":"post","link":"https:\/\/www.rafanadalacademy.com\/de\/nachricht\/groser-erfolg-des-fip-bronze-mallorca-turniers-in-der-rafa-nadal-academy\/","title":{"rendered":"Gro\u00dfer Erfolg des FIP Bronze Mallorca-Turniers in der Rafa Nadal Academy"},"content":{"rendered":"\n<p>Die Rafa Nadal Academy hat in ihren Einrichtungen das erste professionelle Padel-Turnier der FIP Tour ihrer Geschichte mit der Austragung des FIP Bronze Mallorca 2026 veranstaltet. Eine Woche lang wurde ein gro\u00dfartiges sportliches Spektakel geboten, das vor allem durch den Abschied von Ramiro Moyano vom professionellen Padel in besonderer Erinnerung bleiben wird.<\/p>\n\n<figure class=\"wp-block-image size-large\"><img loading=\"lazy\" decoding=\"async\" width=\"1024\" height=\"819\" src=\"https:\/\/www.rafanadalacademy.com\/wp-content\/uploads\/2026\/01\/RNA_25012026_FIP-Finales_063-1024x819.jpg\" alt=\"\" class=\"wp-image-38671\" srcset=\"https:\/\/www.rafanadalacademy.com\/wp-content\/uploads\/2026\/01\/RNA_25012026_FIP-Finales_063-1024x819.jpg 1024w, https:\/\/www.rafanadalacademy.com\/wp-content\/uploads\/2026\/01\/RNA_25012026_FIP-Finales_063-300x240.jpg 300w, https:\/\/www.rafanadalacademy.com\/wp-content\/uploads\/2026\/01\/RNA_25012026_FIP-Finales_063-768x614.jpg 768w, https:\/\/www.rafanadalacademy.com\/wp-content\/uploads\/2026\/01\/RNA_25012026_FIP-Finales_063-1536x1229.jpg 1536w, https:\/\/www.rafanadalacademy.com\/wp-content\/uploads\/2026\/01\/RNA_25012026_FIP-Finales_063-2048x1638.jpg 2048w\" sizes=\"auto, (max-width: 1024px) 100vw, 1024px\" \/><\/figure>\n\n<div style=\"height:30px\" aria-hidden=\"true\" class=\"wp-block-spacer\"><\/div>\n\n<p>Der argentinische Spieler beendete seine Karriere in der Elite mit seinem letzten offiziellen Spiel zusammen mit seinem Sohn, Juan Pedro &#8216;Juanpe&#8217; Moyano, in einem emotionalen Abschied, der die Aufmerksamkeit des Turniers auf sich zog. Nach dem Spiel wurde Moyano von der Rafa Nadal Academy geehrt, in die er als Trainer f\u00fcr professionelle Padelspieler eintritt. Maribel Nadal, stellvertretende Generaldirektorin der Rafa Nadal Academy, \u00fcberreichte ihm eine Plakette in Anerkennung seiner gl\u00e4nzenden sportlichen Karriere.  <\/p>\n\n<figure class=\"wp-block-image size-large\"><img loading=\"lazy\" decoding=\"async\" width=\"819\" height=\"1024\" src=\"https:\/\/www.rafanadalacademy.com\/wp-content\/uploads\/2026\/01\/RNA_23012026_Rami-despedida_003-819x1024.jpg\" alt=\"\" class=\"wp-image-38562\" srcset=\"https:\/\/www.rafanadalacademy.com\/wp-content\/uploads\/2026\/01\/RNA_23012026_Rami-despedida_003-819x1024.jpg 819w, https:\/\/www.rafanadalacademy.com\/wp-content\/uploads\/2026\/01\/RNA_23012026_Rami-despedida_003-240x300.jpg 240w, https:\/\/www.rafanadalacademy.com\/wp-content\/uploads\/2026\/01\/RNA_23012026_Rami-despedida_003-768x960.jpg 768w, https:\/\/www.rafanadalacademy.com\/wp-content\/uploads\/2026\/01\/RNA_23012026_Rami-despedida_003-1229x1536.jpg 1229w, https:\/\/www.rafanadalacademy.com\/wp-content\/uploads\/2026\/01\/RNA_23012026_Rami-despedida_003-1638x2048.jpg 1638w, https:\/\/www.rafanadalacademy.com\/wp-content\/uploads\/2026\/01\/RNA_23012026_Rami-despedida_003-scaled.jpg 2048w\" sizes=\"auto, (max-width: 819px) 100vw, 819px\" \/><\/figure>\n\n<div style=\"height:30px\" aria-hidden=\"true\" class=\"wp-block-spacer\"><\/div>\n\n<p>Im sportlichen Bereich kr\u00f6nte das Herrenfeld die topgesetzten Antonio &#8216;Pincho&#8217; Fern\u00e1ndez, Spieler der Rafa Nadal Academy, und Jos\u00e9 Luis Gonz\u00e1lez zu Siegern, die sich im gro\u00dfen Finale gegen Mario del Castillo und Ignacio Vilari\u00f1o mit 7:5 und 6:4 durchsetzten. Im Damenfeld verpasste die Spielerin der Akademie, Patricia Mart\u00ednez, zusammen mit Marta Arellano den Titel, nachdem sie im Finale gegen Sof\u00eda Saiz und Eugenia Guimet mit 6:4, 3:6 und 3:6 unterlegen waren. Bei der Preisverleihung waren Maribel Nadal und der Pr\u00e4sident des Padel-Verbandes der Balearen, Paco Sanz, anwesend.  <\/p>\n\n<p>Das FIP Bronze Mallorca war zudem der Auftakt des professionellen Padel in Spanien im Jahr 2026, da es sich um das erste Turnier der FIP Tour handelt, das in dieser Saison in unserem Land ausgetragen wird, nachdem die Rennserie in Australien begann. Die Veranstaltung brachte eine herausragende Auswahl an Spielern zusammen, darunter elf Mitglieder der Top 100 der Welt. <\/p>\n\n<figure class=\"wp-block-image size-large\"><img loading=\"lazy\" decoding=\"async\" width=\"1024\" height=\"819\" src=\"https:\/\/www.rafanadalacademy.com\/wp-content\/uploads\/2026\/01\/RNA_25012026_FIP-Finales_067-1024x819.jpg\" alt=\"\" class=\"wp-image-38663\" srcset=\"https:\/\/www.rafanadalacademy.com\/wp-content\/uploads\/2026\/01\/RNA_25012026_FIP-Finales_067-1024x819.jpg 1024w, https:\/\/www.rafanadalacademy.com\/wp-content\/uploads\/2026\/01\/RNA_25012026_FIP-Finales_067-300x240.jpg 300w, https:\/\/www.rafanadalacademy.com\/wp-content\/uploads\/2026\/01\/RNA_25012026_FIP-Finales_067-768x614.jpg 768w, https:\/\/www.rafanadalacademy.com\/wp-content\/uploads\/2026\/01\/RNA_25012026_FIP-Finales_067-1536x1229.jpg 1536w, https:\/\/www.rafanadalacademy.com\/wp-content\/uploads\/2026\/01\/RNA_25012026_FIP-Finales_067-2048x1638.jpg 2048w\" sizes=\"auto, (max-width: 1024px) 100vw, 1024px\" \/><\/figure>\n\n<div style=\"height:30px\" aria-hidden=\"true\" class=\"wp-block-spacer\"><\/div>\n\n<p>Die Rafa Nadal Academy festigt sich weiterhin als internationale Referenz in der Ausbildung von Weltklassetennisspielern und hat das gleiche Exzellenzmodell auf das Padel \u00fcbertragen. Die Akademie verf\u00fcgt \u00fcber Ausbildungsprogramme f\u00fcr Jugendliche und Erwachsene, neun Au\u00dfen- und zehn Hallenpl\u00e4tze sowie ein komplettes Fitnesscenter, Gesundheits- und Wellnessbereiche, ein breites gastronomisches Angebot und eine moderne Residenz. Ein erstklassiges Umfeld, das sie zu einem idealen Ort sowohl f\u00fcr die Aus\u00fcbung des professionellen Padel als auch f\u00fcr die Entwicklung neuer Talente und die sportliche Erfahrung von Amateurspielern macht.  <\/p>\n\n<p><\/p>\n\n<div style=\"height:30px\" aria-hidden=\"true\" class=\"wp-block-spacer\"><\/div>\n\n<figure class=\"wp-block-embed is-type-video is-provider-youtube wp-block-embed-youtube wp-embed-aspect-16-9 wp-has-aspect-ratio\"><div class=\"wp-block-embed__wrapper\">\n<iframe loading=\"lazy\" title=\"Programas de p\u00e1del para jugadores Amateur de la Rafa Nadal Academy\" width=\"500\" height=\"281\" src=\"https:\/\/www.youtube.com\/embed\/4IFtn6TCmvE?feature=oembed\" frameborder=\"0\" allow=\"accelerometer; autoplay; clipboard-write; encrypted-media; gyroscope; picture-in-picture; web-share\" referrerpolicy=\"strict-origin-when-cross-origin\" allowfullscreen><\/iframe>\n<\/div><\/figure>\n\n<div style=\"height:30px\" aria-hidden=\"true\" class=\"wp-block-spacer\"><\/div>\n\n<p><\/p>\n","protected":false},"excerpt":{"rendered":"<p>Die Rafa Nadal Academy hat in ihren Einrichtungen das erste professionelle Padel-Turnier der FIP Tour ihrer Geschichte mit der Austragung des FIP Bronze Mallorca 2026 veranstaltet. Eine Woche lang wurde ein gro\u00dfartiges sportliches Spektakel geboten, das vor allem durch den Abschied von Ramiro Moyano vom professionellen Padel in besonderer Erinnerung bleiben wird. Der argentinische Spieler<a href=\"https:\/\/www.rafanadalacademy.com\/de\/nachricht\/groser-erfolg-des-fip-bronze-mallorca-turniers-in-der-rafa-nadal-academy\/\">Continue reading <span class=\"sr-only\">&#8220;Gro\u00dfer Erfolg des FIP Bronze Mallorca-Turniers in der Rafa Nadal Academy&#8221;<\/span><\/a><\/p>\n","protected":false},"author":23,"featured_media":38651,"comment_status":"closed","ping_status":"closed","sticky":false,"template":"","format":"standard","meta":{"_acf_changed":false,"footnotes":""},"categories":[159,167,203],"tags":[169,204],"class_list":["post-38712","post","type-post","status-publish","format-standard","has-post-thumbnail","hentry","category-nachricht","category-padel-de","category-rafa-nadal-academy-von-movistar","tag-padel-tour-der-rafa-nadal-academy","tag-rafa-nadal-academy-von-movistar"],"acf":[],"yoast_head":"<!-- This site is optimized with the Yoast SEO Premium plugin v26.8 (Yoast SEO v26.9) - https:\/\/yoast.com\/product\/yoast-seo-premium-wordpress\/ -->\n<title>Gro\u00dfer Erfolg des FIP Bronze Mallorca-Turniers in der Rafa Nadal Academy - Rafa Nadal Academy<\/title>\n<meta name=\"description\" content=\"Die Rafa Nadal Academy hat in ihren Einrichtungen das erste professionelle Padel-Turnier der FIP Tour ihrer Geschichte mit der Austragung des FIP Bronze Mallorca 2026 veranstaltet.\" \/>\n<meta name=\"robots\" content=\"index, follow, max-snippet:-1, max-image-preview:large, max-video-preview:-1\" \/>\n<link rel=\"canonical\" href=\"https:\/\/www.rafanadalacademy.com\/de\/nachricht\/groser-erfolg-des-fip-bronze-mallorca-turniers-in-der-rafa-nadal-academy\/\" \/>\n<meta property=\"og:locale\" content=\"de_DE\" \/>\n<meta property=\"og:type\" content=\"article\" \/>\n<meta property=\"og:title\" content=\"Gro\u00dfer Erfolg des FIP Bronze Mallorca-Turniers in der Rafa Nadal Academy\" \/>\n<meta property=\"og:description\" content=\"Die Rafa Nadal Academy hat in ihren Einrichtungen das erste professionelle Padel-Turnier der FIP Tour ihrer Geschichte mit der Austragung des FIP Bronze Mallorca 2026 veranstaltet.\" \/>\n<meta property=\"og:url\" content=\"https:\/\/www.rafanadalacademy.com\/de\/nachricht\/groser-erfolg-des-fip-bronze-mallorca-turniers-in-der-rafa-nadal-academy\/\" \/>\n<meta property=\"og:site_name\" content=\"Rafa Nadal Academy\" \/>\n<meta property=\"article:published_time\" content=\"2026-01-26T14:16:27+00:00\" \/>\n<meta property=\"og:image\" content=\"https:\/\/www.rafanadalacademy.com\/wp-content\/uploads\/2026\/01\/RNA_25012026_FIP-Finales_001-scaled-e1769430935567.jpg\" \/>\n\t<meta property=\"og:image:width\" content=\"2560\" \/>\n\t<meta property=\"og:image:height\" content=\"1707\" \/>\n\t<meta property=\"og:image:type\" content=\"image\/jpeg\" \/>\n<meta name=\"author\" content=\"joseluisprados\" \/>\n<meta name=\"twitter:card\" content=\"summary_large_image\" \/>\n<meta name=\"twitter:label1\" content=\"Written by\" \/>\n\t<meta name=\"twitter:data1\" content=\"joseluisprados\" \/>\n\t<meta name=\"twitter:label2\" content=\"Est. reading time\" \/>\n\t<meta name=\"twitter:data2\" content=\"2 minutes\" \/>\n<script type=\"application\/ld+json\" class=\"yoast-schema-graph\">{\"@context\":\"https:\/\/schema.org\",\"@graph\":[{\"@type\":\"Article\",\"@id\":\"https:\/\/www.rafanadalacademy.com\/de\/nachricht\/groser-erfolg-des-fip-bronze-mallorca-turniers-in-der-rafa-nadal-academy\/#article\",\"isPartOf\":{\"@id\":\"https:\/\/www.rafanadalacademy.com\/de\/nachricht\/groser-erfolg-des-fip-bronze-mallorca-turniers-in-der-rafa-nadal-academy\/\"},\"author\":{\"name\":\"joseluisprados\",\"@id\":\"https:\/\/www.rafanadalacademy.com\/de\/#\/schema\/person\/744897d6ee269641fff954376180ef01\"},\"headline\":\"Gro\u00dfer Erfolg des FIP Bronze Mallorca-Turniers in der Rafa Nadal Academy\",\"datePublished\":\"2026-01-26T14:16:27+00:00\",\"mainEntityOfPage\":{\"@id\":\"https:\/\/www.rafanadalacademy.com\/de\/nachricht\/groser-erfolg-des-fip-bronze-mallorca-turniers-in-der-rafa-nadal-academy\/\"},\"wordCount\":383,\"image\":{\"@id\":\"https:\/\/www.rafanadalacademy.com\/de\/nachricht\/groser-erfolg-des-fip-bronze-mallorca-turniers-in-der-rafa-nadal-academy\/#primaryimage\"},\"thumbnailUrl\":\"https:\/\/www.rafanadalacademy.com\/wp-content\/uploads\/2026\/01\/RNA_25012026_FIP-Finales_001-scaled-e1769430935567.jpg\",\"keywords\":[\"PADEL-TOUR DER RAFA NADAL ACADEMY\",\"RAFA NADAL ACADEMY VON MOVISTAR\"],\"articleSection\":[\"Nachricht\",\"PADEL\",\"RAFA NADAL ACADEMY VON MOVISTAR\"],\"inLanguage\":\"de-DE\",\"copyrightYear\":\"2026\",\"copyrightHolder\":{\"@id\":\"https:\/\/www.rafanadalacademy.com\/#organization\"}},{\"@type\":\"WebPage\",\"@id\":\"https:\/\/www.rafanadalacademy.com\/de\/nachricht\/groser-erfolg-des-fip-bronze-mallorca-turniers-in-der-rafa-nadal-academy\/\",\"url\":\"https:\/\/www.rafanadalacademy.com\/de\/nachricht\/groser-erfolg-des-fip-bronze-mallorca-turniers-in-der-rafa-nadal-academy\/\",\"name\":\"Gro\u00dfer Erfolg des FIP Bronze Mallorca-Turniers in der Rafa Nadal Academy - Rafa Nadal Academy\",\"isPartOf\":{\"@id\":\"https:\/\/www.rafanadalacademy.com\/de\/#website\"},\"primaryImageOfPage\":{\"@id\":\"https:\/\/www.rafanadalacademy.com\/de\/nachricht\/groser-erfolg-des-fip-bronze-mallorca-turniers-in-der-rafa-nadal-academy\/#primaryimage\"},\"image\":{\"@id\":\"https:\/\/www.rafanadalacademy.com\/de\/nachricht\/groser-erfolg-des-fip-bronze-mallorca-turniers-in-der-rafa-nadal-academy\/#primaryimage\"},\"thumbnailUrl\":\"https:\/\/www.rafanadalacademy.com\/wp-content\/uploads\/2026\/01\/RNA_25012026_FIP-Finales_001-scaled-e1769430935567.jpg\",\"datePublished\":\"2026-01-26T14:16:27+00:00\",\"author\":{\"@id\":\"https:\/\/www.rafanadalacademy.com\/de\/#\/schema\/person\/744897d6ee269641fff954376180ef01\"},\"description\":\"Die Rafa Nadal Academy hat in ihren Einrichtungen das erste professionelle Padel-Turnier der FIP Tour ihrer Geschichte mit der Austragung des FIP Bronze Mallorca 2026 veranstaltet.\",\"breadcrumb\":{\"@id\":\"https:\/\/www.rafanadalacademy.com\/de\/nachricht\/groser-erfolg-des-fip-bronze-mallorca-turniers-in-der-rafa-nadal-academy\/#breadcrumb\"},\"inLanguage\":\"de-DE\",\"potentialAction\":[{\"@type\":\"ReadAction\",\"target\":[\"https:\/\/www.rafanadalacademy.com\/de\/nachricht\/groser-erfolg-des-fip-bronze-mallorca-turniers-in-der-rafa-nadal-academy\/\"]}]},{\"@type\":\"ImageObject\",\"inLanguage\":\"de-DE\",\"@id\":\"https:\/\/www.rafanadalacademy.com\/de\/nachricht\/groser-erfolg-des-fip-bronze-mallorca-turniers-in-der-rafa-nadal-academy\/#primaryimage\",\"url\":\"https:\/\/www.rafanadalacademy.com\/wp-content\/uploads\/2026\/01\/RNA_25012026_FIP-Finales_001-scaled-e1769430935567.jpg\",\"contentUrl\":\"https:\/\/www.rafanadalacademy.com\/wp-content\/uploads\/2026\/01\/RNA_25012026_FIP-Finales_001-scaled-e1769430935567.jpg\",\"width\":2560,\"height\":1707,\"caption\":\"Gran \u00e9xito del torneo FIP Bronce Mallorca en la Rafa Nadal Academy\"},{\"@type\":\"BreadcrumbList\",\"@id\":\"https:\/\/www.rafanadalacademy.com\/de\/nachricht\/groser-erfolg-des-fip-bronze-mallorca-turniers-in-der-rafa-nadal-academy\/#breadcrumb\",\"itemListElement\":[{\"@type\":\"ListItem\",\"position\":1,\"name\":\"Home\",\"item\":\"https:\/\/www.rafanadalacademy.com\/de\/\"},{\"@type\":\"ListItem\",\"position\":2,\"name\":\"Gro\u00dfer Erfolg des FIP Bronze Mallorca-Turniers in der Rafa Nadal Academy\"}]},{\"@type\":\"WebSite\",\"@id\":\"https:\/\/www.rafanadalacademy.com\/de\/#website\",\"url\":\"https:\/\/www.rafanadalacademy.com\/de\/\",\"name\":\"Rafa Nadal Academy\",\"description\":\"Otro sitio realizado con WordPress\",\"potentialAction\":[{\"@type\":\"SearchAction\",\"target\":{\"@type\":\"EntryPoint\",\"urlTemplate\":\"https:\/\/www.rafanadalacademy.com\/de\/?s={search_term_string}\"},\"query-input\":{\"@type\":\"PropertyValueSpecification\",\"valueRequired\":true,\"valueName\":\"search_term_string\"}}],\"inLanguage\":\"de-DE\"},{\"@type\":\"Person\",\"@id\":\"https:\/\/www.rafanadalacademy.com\/de\/#\/schema\/person\/744897d6ee269641fff954376180ef01\",\"name\":\"joseluisprados\",\"image\":{\"@type\":\"ImageObject\",\"inLanguage\":\"de-DE\",\"@id\":\"https:\/\/www.rafanadalacademy.com\/de\/#\/schema\/person\/image\/\",\"url\":\"https:\/\/secure.gravatar.com\/avatar\/8aa823a6e5501864ffab4785d9e2a994b59c2d45c9f9751c5a532abfec081e5f?s=96&d=mm&r=g\",\"contentUrl\":\"https:\/\/secure.gravatar.com\/avatar\/8aa823a6e5501864ffab4785d9e2a994b59c2d45c9f9751c5a532abfec081e5f?s=96&d=mm&r=g\",\"caption\":\"joseluisprados\"},\"url\":\"https:\/\/www.rafanadalacademy.com\/de\/author\/joseluisprados\/\"},{\"@type\":\"ImageObject\",\"inLanguage\":\"de-DE\",\"@id\":\"https:\/\/www.rafanadalacademy.com\/de\/nachricht\/groser-erfolg-des-fip-bronze-mallorca-turniers-in-der-rafa-nadal-academy\/#local-main-organization-logo\",\"url\":\"\",\"contentUrl\":\"\",\"caption\":\"Rafa Nadal Academy\"}]}<\/script>\n<!-- \/ Yoast SEO Premium plugin. -->","yoast_head_json":{"title":"Gro\u00dfer Erfolg des FIP Bronze Mallorca-Turniers in der Rafa Nadal Academy - Rafa Nadal Academy","description":"Die Rafa Nadal Academy hat in ihren Einrichtungen das erste professionelle Padel-Turnier der FIP Tour ihrer Geschichte mit der Austragung des FIP Bronze Mallorca 2026 veranstaltet.","robots":{"index":"index","follow":"follow","max-snippet":"max-snippet:-1","max-image-preview":"max-image-preview:large","max-video-preview":"max-video-preview:-1"},"canonical":"https:\/\/www.rafanadalacademy.com\/de\/nachricht\/groser-erfolg-des-fip-bronze-mallorca-turniers-in-der-rafa-nadal-academy\/","og_locale":"de_DE","og_type":"article","og_title":"Gro\u00dfer Erfolg des FIP Bronze Mallorca-Turniers in der Rafa Nadal Academy","og_description":"Die Rafa Nadal Academy hat in ihren Einrichtungen das erste professionelle Padel-Turnier der FIP Tour ihrer Geschichte mit der Austragung des FIP Bronze Mallorca 2026 veranstaltet.","og_url":"https:\/\/www.rafanadalacademy.com\/de\/nachricht\/groser-erfolg-des-fip-bronze-mallorca-turniers-in-der-rafa-nadal-academy\/","og_site_name":"Rafa Nadal Academy","article_published_time":"2026-01-26T14:16:27+00:00","og_image":[{"width":2560,"height":1707,"url":"https:\/\/www.rafanadalacademy.com\/wp-content\/uploads\/2026\/01\/RNA_25012026_FIP-Finales_001-scaled-e1769430935567.jpg","type":"image\/jpeg"}],"author":"joseluisprados","twitter_card":"summary_large_image","twitter_misc":{"Written by":"joseluisprados","Est. reading time":"2 minutes"},"schema":{"@context":"https:\/\/schema.org","@graph":[{"@type":"Article","@id":"https:\/\/www.rafanadalacademy.com\/de\/nachricht\/groser-erfolg-des-fip-bronze-mallorca-turniers-in-der-rafa-nadal-academy\/#article","isPartOf":{"@id":"https:\/\/www.rafanadalacademy.com\/de\/nachricht\/groser-erfolg-des-fip-bronze-mallorca-turniers-in-der-rafa-nadal-academy\/"},"author":{"name":"joseluisprados","@id":"https:\/\/www.rafanadalacademy.com\/de\/#\/schema\/person\/744897d6ee269641fff954376180ef01"},"headline":"Gro\u00dfer Erfolg des FIP Bronze Mallorca-Turniers in der Rafa Nadal Academy","datePublished":"2026-01-26T14:16:27+00:00","mainEntityOfPage":{"@id":"https:\/\/www.rafanadalacademy.com\/de\/nachricht\/groser-erfolg-des-fip-bronze-mallorca-turniers-in-der-rafa-nadal-academy\/"},"wordCount":383,"image":{"@id":"https:\/\/www.rafanadalacademy.com\/de\/nachricht\/groser-erfolg-des-fip-bronze-mallorca-turniers-in-der-rafa-nadal-academy\/#primaryimage"},"thumbnailUrl":"https:\/\/www.rafanadalacademy.com\/wp-content\/uploads\/2026\/01\/RNA_25012026_FIP-Finales_001-scaled-e1769430935567.jpg","keywords":["PADEL-TOUR DER RAFA NADAL ACADEMY","RAFA NADAL ACADEMY VON MOVISTAR"],"articleSection":["Nachricht","PADEL","RAFA NADAL ACADEMY VON MOVISTAR"],"inLanguage":"de-DE","copyrightYear":"2026","copyrightHolder":{"@id":"https:\/\/www.rafanadalacademy.com\/#organization"}},{"@type":"WebPage","@id":"https:\/\/www.rafanadalacademy.com\/de\/nachricht\/groser-erfolg-des-fip-bronze-mallorca-turniers-in-der-rafa-nadal-academy\/","url":"https:\/\/www.rafanadalacademy.com\/de\/nachricht\/groser-erfolg-des-fip-bronze-mallorca-turniers-in-der-rafa-nadal-academy\/","name":"Gro\u00dfer Erfolg des FIP Bronze Mallorca-Turniers in der Rafa Nadal Academy - Rafa Nadal Academy","isPartOf":{"@id":"https:\/\/www.rafanadalacademy.com\/de\/#website"},"primaryImageOfPage":{"@id":"https:\/\/www.rafanadalacademy.com\/de\/nachricht\/groser-erfolg-des-fip-bronze-mallorca-turniers-in-der-rafa-nadal-academy\/#primaryimage"},"image":{"@id":"https:\/\/www.rafanadalacademy.com\/de\/nachricht\/groser-erfolg-des-fip-bronze-mallorca-turniers-in-der-rafa-nadal-academy\/#primaryimage"},"thumbnailUrl":"https:\/\/www.rafanadalacademy.com\/wp-content\/uploads\/2026\/01\/RNA_25012026_FIP-Finales_001-scaled-e1769430935567.jpg","datePublished":"2026-01-26T14:16:27+00:00","author":{"@id":"https:\/\/www.rafanadalacademy.com\/de\/#\/schema\/person\/744897d6ee269641fff954376180ef01"},"description":"Die Rafa Nadal Academy hat in ihren Einrichtungen das erste professionelle Padel-Turnier der FIP Tour ihrer Geschichte mit der Austragung des FIP Bronze Mallorca 2026 veranstaltet.","breadcrumb":{"@id":"https:\/\/www.rafanadalacademy.com\/de\/nachricht\/groser-erfolg-des-fip-bronze-mallorca-turniers-in-der-rafa-nadal-academy\/#breadcrumb"},"inLanguage":"de-DE","potentialAction":[{"@type":"ReadAction","target":["https:\/\/www.rafanadalacademy.com\/de\/nachricht\/groser-erfolg-des-fip-bronze-mallorca-turniers-in-der-rafa-nadal-academy\/"]}]},{"@type":"ImageObject","inLanguage":"de-DE","@id":"https:\/\/www.rafanadalacademy.com\/de\/nachricht\/groser-erfolg-des-fip-bronze-mallorca-turniers-in-der-rafa-nadal-academy\/#primaryimage","url":"https:\/\/www.rafanadalacademy.com\/wp-content\/uploads\/2026\/01\/RNA_25012026_FIP-Finales_001-scaled-e1769430935567.jpg","contentUrl":"https:\/\/www.rafanadalacademy.com\/wp-content\/uploads\/2026\/01\/RNA_25012026_FIP-Finales_001-scaled-e1769430935567.jpg","width":2560,"height":1707,"caption":"Gran \u00e9xito del torneo FIP Bronce Mallorca en la Rafa Nadal Academy"},{"@type":"BreadcrumbList","@id":"https:\/\/www.rafanadalacademy.com\/de\/nachricht\/groser-erfolg-des-fip-bronze-mallorca-turniers-in-der-rafa-nadal-academy\/#breadcrumb","itemListElement":[{"@type":"ListItem","position":1,"name":"Home","item":"https:\/\/www.rafanadalacademy.com\/de\/"},{"@type":"ListItem","position":2,"name":"Gro\u00dfer Erfolg des FIP Bronze Mallorca-Turniers in der Rafa Nadal Academy"}]},{"@type":"WebSite","@id":"https:\/\/www.rafanadalacademy.com\/de\/#website","url":"https:\/\/www.rafanadalacademy.com\/de\/","name":"Rafa Nadal Academy","description":"Otro sitio realizado con WordPress","potentialAction":[{"@type":"SearchAction","target":{"@type":"EntryPoint","urlTemplate":"https:\/\/www.rafanadalacademy.com\/de\/?s={search_term_string}"},"query-input":{"@type":"PropertyValueSpecification","valueRequired":true,"valueName":"search_term_string"}}],"inLanguage":"de-DE"},{"@type":"Person","@id":"https:\/\/www.rafanadalacademy.com\/de\/#\/schema\/person\/744897d6ee269641fff954376180ef01","name":"joseluisprados","image":{"@type":"ImageObject","inLanguage":"de-DE","@id":"https:\/\/www.rafanadalacademy.com\/de\/#\/schema\/person\/image\/","url":"https:\/\/secure.gravatar.com\/avatar\/8aa823a6e5501864ffab4785d9e2a994b59c2d45c9f9751c5a532abfec081e5f?s=96&d=mm&r=g","contentUrl":"https:\/\/secure.gravatar.com\/avatar\/8aa823a6e5501864ffab4785d9e2a994b59c2d45c9f9751c5a532abfec081e5f?s=96&d=mm&r=g","caption":"joseluisprados"},"url":"https:\/\/www.rafanadalacademy.com\/de\/author\/joseluisprados\/"},{"@type":"ImageObject","inLanguage":"de-DE","@id":"https:\/\/www.rafanadalacademy.com\/de\/nachricht\/groser-erfolg-des-fip-bronze-mallorca-turniers-in-der-rafa-nadal-academy\/#local-main-organization-logo","url":"","contentUrl":"","caption":"Rafa Nadal Academy"}]}},"_links":{"self":[{"href":"https:\/\/www.rafanadalacademy.com\/de\/wp-json\/wp\/v2\/posts\/38712","targetHints":{"allow":["GET"]}}],"collection":[{"href":"https:\/\/www.rafanadalacademy.com\/de\/wp-json\/wp\/v2\/posts"}],"about":[{"href":"https:\/\/www.rafanadalacademy.com\/de\/wp-json\/wp\/v2\/types\/post"}],"author":[{"embeddable":true,"href":"https:\/\/www.rafanadalacademy.com\/de\/wp-json\/wp\/v2\/users\/23"}],"replies":[{"embeddable":true,"href":"https:\/\/www.rafanadalacademy.com\/de\/wp-json\/wp\/v2\/comments?post=38712"}],"version-history":[{"count":1,"href":"https:\/\/www.rafanadalacademy.com\/de\/wp-json\/wp\/v2\/posts\/38712\/revisions"}],"predecessor-version":[{"id":38713,"href":"https:\/\/www.rafanadalacademy.com\/de\/wp-json\/wp\/v2\/posts\/38712\/revisions\/38713"}],"wp:featuredmedia":[{"embeddable":true,"href":"https:\/\/www.rafanadalacademy.com\/de\/wp-json\/wp\/v2\/media\/38651"}],"wp:attachment":[{"href":"https:\/\/www.rafanadalacademy.com\/de\/wp-json\/wp\/v2\/media?parent=38712"}],"wp:term":[{"taxonomy":"category","embeddable":true,"href":"https:\/\/www.rafanadalacademy.com\/de\/wp-json\/wp\/v2\/categories?post=38712"},{"taxonomy":"post_tag","embeddable":true,"href":"https:\/\/www.rafanadalacademy.com\/de\/wp-json\/wp\/v2\/tags?post=38712"}],"curies":[{"name":"wp","href":"https:\/\/api.w.org\/{rel}","templated":true}]}}