{"id":38113,"date":"2026-01-20T08:47:56","date_gmt":"2026-01-20T08:47:56","guid":{"rendered":"https:\/\/www.rafanadalacademy.com\/unkategorisiert\/die-rafa-nadal-academy-ist-gastgeber-des-ersten-fip-tour-padel-turniers-2026-in-spanien\/"},"modified":"2026-01-20T09:10:16","modified_gmt":"2026-01-20T09:10:16","slug":"die-rafa-nadal-academy-ist-gastgeber-des-ersten-fip-tour-padel-turniers-2026-in-spanien","status":"publish","type":"post","link":"https:\/\/www.rafanadalacademy.com\/de\/nachricht\/die-rafa-nadal-academy-ist-gastgeber-des-ersten-fip-tour-padel-turniers-2026-in-spanien\/","title":{"rendered":"Die Rafa Nadal Academy ist Gastgeber des ersten FIP Tour Padel-Turniers 2026 in Spanien"},"content":{"rendered":"\n<p>Mallorca wird 2026 mit der Austragung des FIP Bronce Mallorca in der Rafa Nadal Academy vom 19. bis 25. Januar zum Ausgangspunkt f\u00fcr professionelles Padel in Europa. Das Turnier ist das erste der FIP Tour 2026, das in Spanien ausgetragen wird und markiert die Ankunft des Circuit des Internationalen Padel-Verbandes (FIP) auf dem europ\u00e4ischen Kontinent nach seinem traditionellen Saisonauftakt in Australien. <\/p>\n\n<figure class=\"wp-block-image size-large\"><img loading=\"lazy\" decoding=\"async\" width=\"1024\" height=\"702\" src=\"https:\/\/www.rafanadalacademy.com\/wp-content\/uploads\/2026\/01\/RNA_120126_Maribel-con-Presidente-Federacion-Padel-Balear_003-scaled-e1768898747585-1024x702.jpg\" alt=\"Maribel Nadal und Paco Sanz auf den Indoor-Padelpl&#xE4;tzen der Rafa Nadal Academy\" class=\"wp-image-38098\" srcset=\"https:\/\/www.rafanadalacademy.com\/wp-content\/uploads\/2026\/01\/RNA_120126_Maribel-con-Presidente-Federacion-Padel-Balear_003-scaled-e1768898747585-1024x702.jpg 1024w, https:\/\/www.rafanadalacademy.com\/wp-content\/uploads\/2026\/01\/RNA_120126_Maribel-con-Presidente-Federacion-Padel-Balear_003-scaled-e1768898747585-300x206.jpg 300w, https:\/\/www.rafanadalacademy.com\/wp-content\/uploads\/2026\/01\/RNA_120126_Maribel-con-Presidente-Federacion-Padel-Balear_003-scaled-e1768898747585-768x526.jpg 768w, https:\/\/www.rafanadalacademy.com\/wp-content\/uploads\/2026\/01\/RNA_120126_Maribel-con-Presidente-Federacion-Padel-Balear_003-scaled-e1768898747585-1536x1052.jpg 1536w, https:\/\/www.rafanadalacademy.com\/wp-content\/uploads\/2026\/01\/RNA_120126_Maribel-con-Presidente-Federacion-Padel-Balear_003-scaled-e1768898747585-2048x1403.jpg 2048w\" sizes=\"auto, (max-width: 1024px) 100vw, 1024px\" \/><figcaption class=\"wp-element-caption\">Maribel Nadal und Paco Sanz auf den Indoor-Padelpl\u00e4tzen der Rafa Nadal Academy<\/figcaption><\/figure>\n\n<div style=\"height:30px\" aria-hidden=\"true\" class=\"wp-block-spacer\"><\/div>\n\n<p>Die FIP Tour 2026 setzt damit ihre internationale Reise auf Mallorca \u00fcber die f\u00fcnf Kontinente im Laufe des Jahres fort und begleitet die Padel-Fans mit professionellen Wettbewerben auf h\u00f6chstem Niveau. Das FIP Bronce Mallorca wird mit einem attraktiven Teilnehmerfeld aufwarten, darunter elf Spieler, die in den Top 100 der Weltrangliste platziert sind, darunter Antonio \u201aPincho\u2018 Fern\u00e1ndez und Patricia Mart\u00ednez, die jeweils an Nummer eins gesetzten in der Herren- und Damen-Kategorie und beide Botschafter der Rafa Nadal Academy sind. <\/p>\n\n<p>Anl\u00e4sslich der Austragung des Turniers sagte Maribel Nadal, stellvertretende Generaldirektorin der Rafa Nadal Academy: \u201eWir sind stolz darauf, dass Mallorca und die Rafa Nadal Academy im Jahr 2026 der Ausgangspunkt der FIP Tour in Europa sind. Dieses Turnier st\u00e4rkt unser Engagement f\u00fcr das Wachstum des professionellen Padel-Sports und f\u00fcr die Organisation von internationalen Veranstaltungen auf h\u00f6chstem Niveau, indem wir den Spielern hochmoderne Einrichtungen f\u00fcr den Wettbewerb bieten. Dank der Zusammenarbeit mit dem balearischen Verband k\u00f6nnen die Fans das Jahr mit dem besten Padel-Sport live hier auf Mallorca beginnen.\u201c  <\/p>\n\n<div style=\"height:30px\" aria-hidden=\"true\" class=\"wp-block-spacer\"><\/div>\n\n<figure class=\"wp-block-embed is-type-video is-provider-youtube wp-block-embed-youtube wp-embed-aspect-16-9 wp-has-aspect-ratio\"><div class=\"wp-block-embed__wrapper\">\n<iframe loading=\"lazy\" title=\"La Rafa Nadal Academy inaugura 3 nuevas pistas de p\u00e1del indoor\" width=\"500\" height=\"281\" src=\"https:\/\/www.youtube.com\/embed\/kRnXNBSOqRw?feature=oembed\" frameborder=\"0\" allow=\"accelerometer; autoplay; clipboard-write; encrypted-media; gyroscope; picture-in-picture; web-share\" referrerpolicy=\"strict-origin-when-cross-origin\" allowfullscreen><\/iframe>\n<\/div><\/figure>\n\n<div style=\"height:30px\" aria-hidden=\"true\" class=\"wp-block-spacer\"><\/div>\n\n<p>Dank der F\u00f6rderung durch den Padel-Verband der Balearen stellt die Organisation dieses FIP Bronce einen weiteren Meilenstein im Engagement der Rafa Nadal Academy f\u00fcr die Entwicklung des professionellen Padel-Sports dar. In diesem Sinne festigt die Akademie ihre Position als Austragungsort gro\u00dfer internationaler Veranstaltungen weiter, nach dem Erfolg des FIP World Cup Pairs, der im vergangenen November in der Rafa Nadal Academy in Kuwait stattfand, sowie des Kuwait City Premier Padel P1. Hinzu kommt die Erfahrung des Rafa Nadal Tennis Center Costa Mujeres, das sich im Grand Palladium Select Costa Mujeres und TRS Coral Hotel befindet und das erste Premier Padel-Turnier in Canc\u00fan ausrichtete.  <\/p>\n\n<p>Das FIP Bronce Mallorca bekr\u00e4ftigt damit die Rolle der Rafa Nadal Academy als internationale Referenz bei der Organisation von professionellen Wettbewerben und bei der F\u00f6rderung des Padel-Sports auf globaler Ebene und verst\u00e4rkt das strategische Engagement f\u00fcr den Padel-Sport und sein Streben nach Exzellenz in der Ausbildung, im Wettbewerb und in der Organisation von erstklassigen Veranstaltungen in den Zentren, die das internationale Netzwerk auf der ganzen Welt bilden.<\/p>\n\n<p>Die Rafa Nadal Academy, die seit ihrer Er\u00f6ffnung im Jahr 2016 in Manacor daf\u00fcr bekannt ist, Tennisspieler von Weltformat auszubilden, hat sich dank der Entwicklung von Ausbildungsprogrammen f\u00fcr Jugendliche und Erwachsene auch dem Padel-Sport verschrieben, und zwar in hochmodernen Einrichtungen mit neun Au\u00dfen- und zehn Hallenpl\u00e4tzen. Ihr Fitnesscenter, ihre bahnbrechenden Gesundheits- und Wellnessbereiche, ihr breites gastronomisches Angebot und ihre moderne Residenz machen die Rafa Nadal Academy zu einem der idealen Orte, um Padel zu spielen. All dies hat ein perfektes Umfeld f\u00fcr die Entwicklung junger Talente und Erwachsener geschaffen, die ein einzigartiges Erlebnis in einem idealen Umfeld f\u00fcr den Sport suchen.  <\/p>\n\n<div style=\"height:30px\" aria-hidden=\"true\" class=\"wp-block-spacer\"><\/div>\n\n<figure class=\"wp-block-embed is-type-video is-provider-youtube wp-block-embed-youtube wp-embed-aspect-16-9 wp-has-aspect-ratio\"><div class=\"wp-block-embed__wrapper\">\n<iframe loading=\"lazy\" title=\"Programas de p\u00e1del para jugadores Amateur de la Rafa Nadal Academy\" width=\"500\" height=\"281\" src=\"https:\/\/www.youtube.com\/embed\/4IFtn6TCmvE?feature=oembed\" frameborder=\"0\" allow=\"accelerometer; autoplay; clipboard-write; encrypted-media; gyroscope; picture-in-picture; web-share\" referrerpolicy=\"strict-origin-when-cross-origin\" allowfullscreen><\/iframe>\n<\/div><\/figure>\n\n<div style=\"height:30px\" aria-hidden=\"true\" class=\"wp-block-spacer\"><\/div>\n\n<p><\/p>\n","protected":false},"excerpt":{"rendered":"<p>Mallorca wird 2026 mit der Austragung des FIP Bronce Mallorca in der Rafa Nadal Academy vom 19. bis 25. Januar zum Ausgangspunkt f\u00fcr professionelles Padel in Europa. Das Turnier ist das erste der FIP Tour 2026, das in Spanien ausgetragen wird und markiert die Ankunft des Circuit des Internationalen Padel-Verbandes (FIP) auf dem europ\u00e4ischen Kontinent<a href=\"https:\/\/www.rafanadalacademy.com\/de\/nachricht\/die-rafa-nadal-academy-ist-gastgeber-des-ersten-fip-tour-padel-turniers-2026-in-spanien\/\">Continue reading <span class=\"sr-only\">&#8220;Die Rafa Nadal Academy ist Gastgeber des ersten FIP Tour Padel-Turniers 2026 in Spanien&#8221;<\/span><\/a><\/p>\n","protected":false},"author":23,"featured_media":38102,"comment_status":"closed","ping_status":"closed","sticky":false,"template":"","format":"standard","meta":{"_acf_changed":false,"footnotes":""},"categories":[159,167,203],"tags":[169,204],"class_list":["post-38113","post","type-post","status-publish","format-standard","has-post-thumbnail","hentry","category-nachricht","category-padel-de","category-rafa-nadal-academy-von-movistar","tag-padel-tour-der-rafa-nadal-academy","tag-rafa-nadal-academy-von-movistar"],"acf":[],"yoast_head":"<!-- This site is optimized with the Yoast SEO Premium plugin v26.8 (Yoast SEO v26.9) - https:\/\/yoast.com\/product\/yoast-seo-premium-wordpress\/ -->\n<title>Die Rafa Nadal Academy ist Gastgeber des ersten FIP Tour Padel-Turniers 2026 in Spanien - Rafa Nadal Academy<\/title>\n<meta name=\"description\" content=\"Die Rafa Nadal Academy wird 2026 mit der Ausrichtung des FIP Bronce Mallorca zum Ausgangspunkt f\u00fcr professionelles Padel in Europa.\" \/>\n<meta name=\"robots\" content=\"index, follow, max-snippet:-1, max-image-preview:large, max-video-preview:-1\" \/>\n<link rel=\"canonical\" href=\"https:\/\/www.rafanadalacademy.com\/de\/nachricht\/die-rafa-nadal-academy-ist-gastgeber-des-ersten-fip-tour-padel-turniers-2026-in-spanien\/\" \/>\n<meta property=\"og:locale\" content=\"de_DE\" \/>\n<meta property=\"og:type\" content=\"article\" \/>\n<meta property=\"og:title\" content=\"Die Rafa Nadal Academy ist Gastgeber des ersten FIP Tour Padel-Turniers 2026 in Spanien\" \/>\n<meta property=\"og:description\" content=\"Die Rafa Nadal Academy wird 2026 mit der Ausrichtung des FIP Bronce Mallorca zum Ausgangspunkt f\u00fcr professionelles Padel in Europa.\" \/>\n<meta property=\"og:url\" content=\"https:\/\/www.rafanadalacademy.com\/de\/nachricht\/die-rafa-nadal-academy-ist-gastgeber-des-ersten-fip-tour-padel-turniers-2026-in-spanien\/\" \/>\n<meta property=\"og:site_name\" content=\"Rafa Nadal Academy\" \/>\n<meta property=\"article:published_time\" content=\"2026-01-20T08:47:56+00:00\" \/>\n<meta property=\"article:modified_time\" content=\"2026-01-20T09:10:16+00:00\" \/>\n<meta property=\"og:image\" content=\"https:\/\/www.rafanadalacademy.com\/wp-content\/uploads\/2026\/01\/RNA_120126_Maribel-con-Presidente-Federacion-Padel-Balear_003-scaled-e1768898747585.jpg\" \/>\n\t<meta property=\"og:image:width\" content=\"2560\" \/>\n\t<meta property=\"og:image:height\" content=\"2048\" \/>\n\t<meta property=\"og:image:type\" content=\"image\/jpeg\" \/>\n<meta name=\"author\" content=\"joseluisprados\" \/>\n<meta name=\"twitter:card\" content=\"summary_large_image\" \/>\n<meta name=\"twitter:label1\" content=\"Written by\" \/>\n\t<meta name=\"twitter:data1\" content=\"joseluisprados\" \/>\n\t<meta name=\"twitter:label2\" content=\"Est. reading time\" \/>\n\t<meta name=\"twitter:data2\" content=\"3 minutes\" \/>\n<script type=\"application\/ld+json\" class=\"yoast-schema-graph\">{\"@context\":\"https:\/\/schema.org\",\"@graph\":[{\"@type\":\"Article\",\"@id\":\"https:\/\/www.rafanadalacademy.com\/de\/nachricht\/die-rafa-nadal-academy-ist-gastgeber-des-ersten-fip-tour-padel-turniers-2026-in-spanien\/#article\",\"isPartOf\":{\"@id\":\"https:\/\/www.rafanadalacademy.com\/de\/nachricht\/die-rafa-nadal-academy-ist-gastgeber-des-ersten-fip-tour-padel-turniers-2026-in-spanien\/\"},\"author\":{\"name\":\"joseluisprados\",\"@id\":\"https:\/\/www.rafanadalacademy.com\/de\/#\/schema\/person\/744897d6ee269641fff954376180ef01\"},\"headline\":\"Die Rafa Nadal Academy ist Gastgeber des ersten FIP Tour Padel-Turniers 2026 in Spanien\",\"datePublished\":\"2026-01-20T08:47:56+00:00\",\"dateModified\":\"2026-01-20T09:10:16+00:00\",\"mainEntityOfPage\":{\"@id\":\"https:\/\/www.rafanadalacademy.com\/de\/nachricht\/die-rafa-nadal-academy-ist-gastgeber-des-ersten-fip-tour-padel-turniers-2026-in-spanien\/\"},\"wordCount\":559,\"image\":{\"@id\":\"https:\/\/www.rafanadalacademy.com\/de\/nachricht\/die-rafa-nadal-academy-ist-gastgeber-des-ersten-fip-tour-padel-turniers-2026-in-spanien\/#primaryimage\"},\"thumbnailUrl\":\"https:\/\/www.rafanadalacademy.com\/wp-content\/uploads\/2026\/01\/RNA_120126_Maribel-con-Presidente-Federacion-Padel-Balear_003-scaled-e1768898747585.jpg\",\"keywords\":[\"PADEL-TOUR DER RAFA NADAL ACADEMY\",\"RAFA NADAL ACADEMY VON MOVISTAR\"],\"articleSection\":[\"Nachricht\",\"PADEL\",\"RAFA NADAL ACADEMY VON MOVISTAR\"],\"inLanguage\":\"de-DE\",\"copyrightYear\":\"2026\",\"copyrightHolder\":{\"@id\":\"https:\/\/www.rafanadalacademy.com\/#organization\"}},{\"@type\":\"WebPage\",\"@id\":\"https:\/\/www.rafanadalacademy.com\/de\/nachricht\/die-rafa-nadal-academy-ist-gastgeber-des-ersten-fip-tour-padel-turniers-2026-in-spanien\/\",\"url\":\"https:\/\/www.rafanadalacademy.com\/de\/nachricht\/die-rafa-nadal-academy-ist-gastgeber-des-ersten-fip-tour-padel-turniers-2026-in-spanien\/\",\"name\":\"Die Rafa Nadal Academy ist Gastgeber des ersten FIP Tour Padel-Turniers 2026 in Spanien - Rafa Nadal Academy\",\"isPartOf\":{\"@id\":\"https:\/\/www.rafanadalacademy.com\/de\/#website\"},\"primaryImageOfPage\":{\"@id\":\"https:\/\/www.rafanadalacademy.com\/de\/nachricht\/die-rafa-nadal-academy-ist-gastgeber-des-ersten-fip-tour-padel-turniers-2026-in-spanien\/#primaryimage\"},\"image\":{\"@id\":\"https:\/\/www.rafanadalacademy.com\/de\/nachricht\/die-rafa-nadal-academy-ist-gastgeber-des-ersten-fip-tour-padel-turniers-2026-in-spanien\/#primaryimage\"},\"thumbnailUrl\":\"https:\/\/www.rafanadalacademy.com\/wp-content\/uploads\/2026\/01\/RNA_120126_Maribel-con-Presidente-Federacion-Padel-Balear_003-scaled-e1768898747585.jpg\",\"datePublished\":\"2026-01-20T08:47:56+00:00\",\"dateModified\":\"2026-01-20T09:10:16+00:00\",\"author\":{\"@id\":\"https:\/\/www.rafanadalacademy.com\/de\/#\/schema\/person\/744897d6ee269641fff954376180ef01\"},\"description\":\"Die Rafa Nadal Academy wird 2026 mit der Ausrichtung des FIP Bronce Mallorca zum Ausgangspunkt f\u00fcr professionelles Padel in Europa.\",\"breadcrumb\":{\"@id\":\"https:\/\/www.rafanadalacademy.com\/de\/nachricht\/die-rafa-nadal-academy-ist-gastgeber-des-ersten-fip-tour-padel-turniers-2026-in-spanien\/#breadcrumb\"},\"inLanguage\":\"de-DE\",\"potentialAction\":[{\"@type\":\"ReadAction\",\"target\":[\"https:\/\/www.rafanadalacademy.com\/de\/nachricht\/die-rafa-nadal-academy-ist-gastgeber-des-ersten-fip-tour-padel-turniers-2026-in-spanien\/\"]}]},{\"@type\":\"ImageObject\",\"inLanguage\":\"de-DE\",\"@id\":\"https:\/\/www.rafanadalacademy.com\/de\/nachricht\/die-rafa-nadal-academy-ist-gastgeber-des-ersten-fip-tour-padel-turniers-2026-in-spanien\/#primaryimage\",\"url\":\"https:\/\/www.rafanadalacademy.com\/wp-content\/uploads\/2026\/01\/RNA_120126_Maribel-con-Presidente-Federacion-Padel-Balear_003-scaled-e1768898747585.jpg\",\"contentUrl\":\"https:\/\/www.rafanadalacademy.com\/wp-content\/uploads\/2026\/01\/RNA_120126_Maribel-con-Presidente-Federacion-Padel-Balear_003-scaled-e1768898747585.jpg\",\"width\":2560,\"height\":2048,\"caption\":\"Maribel Nadal y Paco Sanz, en las pistas indoor de p\u00e1del de la Rafa Nadal Academy\"},{\"@type\":\"BreadcrumbList\",\"@id\":\"https:\/\/www.rafanadalacademy.com\/de\/nachricht\/die-rafa-nadal-academy-ist-gastgeber-des-ersten-fip-tour-padel-turniers-2026-in-spanien\/#breadcrumb\",\"itemListElement\":[{\"@type\":\"ListItem\",\"position\":1,\"name\":\"Home\",\"item\":\"https:\/\/www.rafanadalacademy.com\/de\/\"},{\"@type\":\"ListItem\",\"position\":2,\"name\":\"Die Rafa Nadal Academy ist Gastgeber des ersten FIP Tour Padel-Turniers 2026 in Spanien\"}]},{\"@type\":\"WebSite\",\"@id\":\"https:\/\/www.rafanadalacademy.com\/de\/#website\",\"url\":\"https:\/\/www.rafanadalacademy.com\/de\/\",\"name\":\"Rafa Nadal Academy\",\"description\":\"Otro sitio realizado con WordPress\",\"potentialAction\":[{\"@type\":\"SearchAction\",\"target\":{\"@type\":\"EntryPoint\",\"urlTemplate\":\"https:\/\/www.rafanadalacademy.com\/de\/?s={search_term_string}\"},\"query-input\":{\"@type\":\"PropertyValueSpecification\",\"valueRequired\":true,\"valueName\":\"search_term_string\"}}],\"inLanguage\":\"de-DE\"},{\"@type\":\"Person\",\"@id\":\"https:\/\/www.rafanadalacademy.com\/de\/#\/schema\/person\/744897d6ee269641fff954376180ef01\",\"name\":\"joseluisprados\",\"image\":{\"@type\":\"ImageObject\",\"inLanguage\":\"de-DE\",\"@id\":\"https:\/\/www.rafanadalacademy.com\/de\/#\/schema\/person\/image\/\",\"url\":\"https:\/\/secure.gravatar.com\/avatar\/8aa823a6e5501864ffab4785d9e2a994b59c2d45c9f9751c5a532abfec081e5f?s=96&d=mm&r=g\",\"contentUrl\":\"https:\/\/secure.gravatar.com\/avatar\/8aa823a6e5501864ffab4785d9e2a994b59c2d45c9f9751c5a532abfec081e5f?s=96&d=mm&r=g\",\"caption\":\"joseluisprados\"},\"url\":\"https:\/\/www.rafanadalacademy.com\/de\/author\/joseluisprados\/\"},{\"@type\":\"ImageObject\",\"inLanguage\":\"de-DE\",\"@id\":\"https:\/\/www.rafanadalacademy.com\/de\/nachricht\/die-rafa-nadal-academy-ist-gastgeber-des-ersten-fip-tour-padel-turniers-2026-in-spanien\/#local-main-organization-logo\",\"url\":\"\",\"contentUrl\":\"\",\"caption\":\"Rafa Nadal Academy\"}]}<\/script>\n<!-- \/ Yoast SEO Premium plugin. -->","yoast_head_json":{"title":"Die Rafa Nadal Academy ist Gastgeber des ersten FIP Tour Padel-Turniers 2026 in Spanien - Rafa Nadal Academy","description":"Die Rafa Nadal Academy wird 2026 mit der Ausrichtung des FIP Bronce Mallorca zum Ausgangspunkt f\u00fcr professionelles Padel in Europa.","robots":{"index":"index","follow":"follow","max-snippet":"max-snippet:-1","max-image-preview":"max-image-preview:large","max-video-preview":"max-video-preview:-1"},"canonical":"https:\/\/www.rafanadalacademy.com\/de\/nachricht\/die-rafa-nadal-academy-ist-gastgeber-des-ersten-fip-tour-padel-turniers-2026-in-spanien\/","og_locale":"de_DE","og_type":"article","og_title":"Die Rafa Nadal Academy ist Gastgeber des ersten FIP Tour Padel-Turniers 2026 in Spanien","og_description":"Die Rafa Nadal Academy wird 2026 mit der Ausrichtung des FIP Bronce Mallorca zum Ausgangspunkt f\u00fcr professionelles Padel in Europa.","og_url":"https:\/\/www.rafanadalacademy.com\/de\/nachricht\/die-rafa-nadal-academy-ist-gastgeber-des-ersten-fip-tour-padel-turniers-2026-in-spanien\/","og_site_name":"Rafa Nadal Academy","article_published_time":"2026-01-20T08:47:56+00:00","article_modified_time":"2026-01-20T09:10:16+00:00","og_image":[{"width":2560,"height":2048,"url":"https:\/\/www.rafanadalacademy.com\/wp-content\/uploads\/2026\/01\/RNA_120126_Maribel-con-Presidente-Federacion-Padel-Balear_003-scaled-e1768898747585.jpg","type":"image\/jpeg"}],"author":"joseluisprados","twitter_card":"summary_large_image","twitter_misc":{"Written by":"joseluisprados","Est. reading time":"3 minutes"},"schema":{"@context":"https:\/\/schema.org","@graph":[{"@type":"Article","@id":"https:\/\/www.rafanadalacademy.com\/de\/nachricht\/die-rafa-nadal-academy-ist-gastgeber-des-ersten-fip-tour-padel-turniers-2026-in-spanien\/#article","isPartOf":{"@id":"https:\/\/www.rafanadalacademy.com\/de\/nachricht\/die-rafa-nadal-academy-ist-gastgeber-des-ersten-fip-tour-padel-turniers-2026-in-spanien\/"},"author":{"name":"joseluisprados","@id":"https:\/\/www.rafanadalacademy.com\/de\/#\/schema\/person\/744897d6ee269641fff954376180ef01"},"headline":"Die Rafa Nadal Academy ist Gastgeber des ersten FIP Tour Padel-Turniers 2026 in Spanien","datePublished":"2026-01-20T08:47:56+00:00","dateModified":"2026-01-20T09:10:16+00:00","mainEntityOfPage":{"@id":"https:\/\/www.rafanadalacademy.com\/de\/nachricht\/die-rafa-nadal-academy-ist-gastgeber-des-ersten-fip-tour-padel-turniers-2026-in-spanien\/"},"wordCount":559,"image":{"@id":"https:\/\/www.rafanadalacademy.com\/de\/nachricht\/die-rafa-nadal-academy-ist-gastgeber-des-ersten-fip-tour-padel-turniers-2026-in-spanien\/#primaryimage"},"thumbnailUrl":"https:\/\/www.rafanadalacademy.com\/wp-content\/uploads\/2026\/01\/RNA_120126_Maribel-con-Presidente-Federacion-Padel-Balear_003-scaled-e1768898747585.jpg","keywords":["PADEL-TOUR DER RAFA NADAL ACADEMY","RAFA NADAL ACADEMY VON MOVISTAR"],"articleSection":["Nachricht","PADEL","RAFA NADAL ACADEMY VON MOVISTAR"],"inLanguage":"de-DE","copyrightYear":"2026","copyrightHolder":{"@id":"https:\/\/www.rafanadalacademy.com\/#organization"}},{"@type":"WebPage","@id":"https:\/\/www.rafanadalacademy.com\/de\/nachricht\/die-rafa-nadal-academy-ist-gastgeber-des-ersten-fip-tour-padel-turniers-2026-in-spanien\/","url":"https:\/\/www.rafanadalacademy.com\/de\/nachricht\/die-rafa-nadal-academy-ist-gastgeber-des-ersten-fip-tour-padel-turniers-2026-in-spanien\/","name":"Die Rafa Nadal Academy ist Gastgeber des ersten FIP Tour Padel-Turniers 2026 in Spanien - Rafa Nadal Academy","isPartOf":{"@id":"https:\/\/www.rafanadalacademy.com\/de\/#website"},"primaryImageOfPage":{"@id":"https:\/\/www.rafanadalacademy.com\/de\/nachricht\/die-rafa-nadal-academy-ist-gastgeber-des-ersten-fip-tour-padel-turniers-2026-in-spanien\/#primaryimage"},"image":{"@id":"https:\/\/www.rafanadalacademy.com\/de\/nachricht\/die-rafa-nadal-academy-ist-gastgeber-des-ersten-fip-tour-padel-turniers-2026-in-spanien\/#primaryimage"},"thumbnailUrl":"https:\/\/www.rafanadalacademy.com\/wp-content\/uploads\/2026\/01\/RNA_120126_Maribel-con-Presidente-Federacion-Padel-Balear_003-scaled-e1768898747585.jpg","datePublished":"2026-01-20T08:47:56+00:00","dateModified":"2026-01-20T09:10:16+00:00","author":{"@id":"https:\/\/www.rafanadalacademy.com\/de\/#\/schema\/person\/744897d6ee269641fff954376180ef01"},"description":"Die Rafa Nadal Academy wird 2026 mit der Ausrichtung des FIP Bronce Mallorca zum Ausgangspunkt f\u00fcr professionelles Padel in Europa.","breadcrumb":{"@id":"https:\/\/www.rafanadalacademy.com\/de\/nachricht\/die-rafa-nadal-academy-ist-gastgeber-des-ersten-fip-tour-padel-turniers-2026-in-spanien\/#breadcrumb"},"inLanguage":"de-DE","potentialAction":[{"@type":"ReadAction","target":["https:\/\/www.rafanadalacademy.com\/de\/nachricht\/die-rafa-nadal-academy-ist-gastgeber-des-ersten-fip-tour-padel-turniers-2026-in-spanien\/"]}]},{"@type":"ImageObject","inLanguage":"de-DE","@id":"https:\/\/www.rafanadalacademy.com\/de\/nachricht\/die-rafa-nadal-academy-ist-gastgeber-des-ersten-fip-tour-padel-turniers-2026-in-spanien\/#primaryimage","url":"https:\/\/www.rafanadalacademy.com\/wp-content\/uploads\/2026\/01\/RNA_120126_Maribel-con-Presidente-Federacion-Padel-Balear_003-scaled-e1768898747585.jpg","contentUrl":"https:\/\/www.rafanadalacademy.com\/wp-content\/uploads\/2026\/01\/RNA_120126_Maribel-con-Presidente-Federacion-Padel-Balear_003-scaled-e1768898747585.jpg","width":2560,"height":2048,"caption":"Maribel Nadal y Paco Sanz, en las pistas indoor de p\u00e1del de la Rafa Nadal Academy"},{"@type":"BreadcrumbList","@id":"https:\/\/www.rafanadalacademy.com\/de\/nachricht\/die-rafa-nadal-academy-ist-gastgeber-des-ersten-fip-tour-padel-turniers-2026-in-spanien\/#breadcrumb","itemListElement":[{"@type":"ListItem","position":1,"name":"Home","item":"https:\/\/www.rafanadalacademy.com\/de\/"},{"@type":"ListItem","position":2,"name":"Die Rafa Nadal Academy ist Gastgeber des ersten FIP Tour Padel-Turniers 2026 in Spanien"}]},{"@type":"WebSite","@id":"https:\/\/www.rafanadalacademy.com\/de\/#website","url":"https:\/\/www.rafanadalacademy.com\/de\/","name":"Rafa Nadal Academy","description":"Otro sitio realizado con WordPress","potentialAction":[{"@type":"SearchAction","target":{"@type":"EntryPoint","urlTemplate":"https:\/\/www.rafanadalacademy.com\/de\/?s={search_term_string}"},"query-input":{"@type":"PropertyValueSpecification","valueRequired":true,"valueName":"search_term_string"}}],"inLanguage":"de-DE"},{"@type":"Person","@id":"https:\/\/www.rafanadalacademy.com\/de\/#\/schema\/person\/744897d6ee269641fff954376180ef01","name":"joseluisprados","image":{"@type":"ImageObject","inLanguage":"de-DE","@id":"https:\/\/www.rafanadalacademy.com\/de\/#\/schema\/person\/image\/","url":"https:\/\/secure.gravatar.com\/avatar\/8aa823a6e5501864ffab4785d9e2a994b59c2d45c9f9751c5a532abfec081e5f?s=96&d=mm&r=g","contentUrl":"https:\/\/secure.gravatar.com\/avatar\/8aa823a6e5501864ffab4785d9e2a994b59c2d45c9f9751c5a532abfec081e5f?s=96&d=mm&r=g","caption":"joseluisprados"},"url":"https:\/\/www.rafanadalacademy.com\/de\/author\/joseluisprados\/"},{"@type":"ImageObject","inLanguage":"de-DE","@id":"https:\/\/www.rafanadalacademy.com\/de\/nachricht\/die-rafa-nadal-academy-ist-gastgeber-des-ersten-fip-tour-padel-turniers-2026-in-spanien\/#local-main-organization-logo","url":"","contentUrl":"","caption":"Rafa Nadal Academy"}]}},"_links":{"self":[{"href":"https:\/\/www.rafanadalacademy.com\/de\/wp-json\/wp\/v2\/posts\/38113","targetHints":{"allow":["GET"]}}],"collection":[{"href":"https:\/\/www.rafanadalacademy.com\/de\/wp-json\/wp\/v2\/posts"}],"about":[{"href":"https:\/\/www.rafanadalacademy.com\/de\/wp-json\/wp\/v2\/types\/post"}],"author":[{"embeddable":true,"href":"https:\/\/www.rafanadalacademy.com\/de\/wp-json\/wp\/v2\/users\/23"}],"replies":[{"embeddable":true,"href":"https:\/\/www.rafanadalacademy.com\/de\/wp-json\/wp\/v2\/comments?post=38113"}],"version-history":[{"count":1,"href":"https:\/\/www.rafanadalacademy.com\/de\/wp-json\/wp\/v2\/posts\/38113\/revisions"}],"predecessor-version":[{"id":38114,"href":"https:\/\/www.rafanadalacademy.com\/de\/wp-json\/wp\/v2\/posts\/38113\/revisions\/38114"}],"wp:featuredmedia":[{"embeddable":true,"href":"https:\/\/www.rafanadalacademy.com\/de\/wp-json\/wp\/v2\/media\/38102"}],"wp:attachment":[{"href":"https:\/\/www.rafanadalacademy.com\/de\/wp-json\/wp\/v2\/media?parent=38113"}],"wp:term":[{"taxonomy":"category","embeddable":true,"href":"https:\/\/www.rafanadalacademy.com\/de\/wp-json\/wp\/v2\/categories?post=38113"},{"taxonomy":"post_tag","embeddable":true,"href":"https:\/\/www.rafanadalacademy.com\/de\/wp-json\/wp\/v2\/tags?post=38113"}],"curies":[{"name":"wp","href":"https:\/\/api.w.org\/{rel}","templated":true}]}}