{"id":37465,"date":"2025-12-10T11:42:11","date_gmt":"2025-12-10T11:42:11","guid":{"rendered":"https:\/\/www.rafanadalacademy.com\/unkategorisiert\/die-rafa-nadal-academy-padel-tour-by-the-adecco-group-bricht-in-ihrer-zweiten-auflage-rekorde\/"},"modified":"2025-12-10T11:57:21","modified_gmt":"2025-12-10T11:57:21","slug":"die-rafa-nadal-academy-padel-tour-by-the-adecco-group-bricht-in-ihrer-zweiten-auflage-rekorde","status":"publish","type":"post","link":"https:\/\/www.rafanadalacademy.com\/de\/nachricht\/die-rafa-nadal-academy-padel-tour-by-the-adecco-group-bricht-in-ihrer-zweiten-auflage-rekorde\/","title":{"rendered":"Die Rafa Nadal Academy P\u00e1del Tour by The Adecco Group bricht in ihrer zweiten Auflage Rekorde"},"content":{"rendered":"\n<p>Mallorca hat der zweiten Auflage der Rafa Nadal Academy P\u00e1del Tour by The Adecco Group, der Amateur-Tour, die in diesem Jahr 2025 fast 2.000 Spieler zusammengebracht hat und sich als eines der attraktivsten und vollst\u00e4ndigsten Angebote im Amateur-P\u00e1del etabliert hat, die Krone aufgesetzt.<\/p>\n\n<figure class=\"wp-block-image size-full\"><img loading=\"lazy\" decoding=\"async\" width=\"2560\" height=\"2048\" src=\"https:\/\/www.rafanadalacademy.com\/wp-content\/uploads\/2025\/12\/RNA_061225_Partidos-RNA-Padel-Tour_024-scaled.jpg\" alt=\"\" class=\"wp-image-37449\" srcset=\"https:\/\/www.rafanadalacademy.com\/wp-content\/uploads\/2025\/12\/RNA_061225_Partidos-RNA-Padel-Tour_024-scaled.jpg 2560w, https:\/\/www.rafanadalacademy.com\/wp-content\/uploads\/2025\/12\/RNA_061225_Partidos-RNA-Padel-Tour_024-300x240.jpg 300w, https:\/\/www.rafanadalacademy.com\/wp-content\/uploads\/2025\/12\/RNA_061225_Partidos-RNA-Padel-Tour_024-1024x819.jpg 1024w, https:\/\/www.rafanadalacademy.com\/wp-content\/uploads\/2025\/12\/RNA_061225_Partidos-RNA-Padel-Tour_024-768x614.jpg 768w, https:\/\/www.rafanadalacademy.com\/wp-content\/uploads\/2025\/12\/RNA_061225_Partidos-RNA-Padel-Tour_024-1536x1229.jpg 1536w, https:\/\/www.rafanadalacademy.com\/wp-content\/uploads\/2025\/12\/RNA_061225_Partidos-RNA-Padel-Tour_024-2048x1638.jpg 2048w\" sizes=\"auto, (max-width: 2560px) 100vw, 2560px\" \/><\/figure>\n\n<div style=\"height:30px\" aria-hidden=\"true\" class=\"wp-block-spacer\"><\/div>\n\n<p>Das Finale, das in der Rafa Nadal Academy ausgetragen wurde, z\u00e4hlte 215 Spieler von Teams, die aus allen Teilen der Halbinsel sowie aus Italien oder der Schweiz kamen, und kombinierte Wettkampf, Freizeit und eine einzigartige Atmosph\u00e4re, die in diesen ersten beiden Ausgaben bereits zum Markenzeichen der Tour geworden ist.<\/p>\n\n<p>Einer der emotionalsten Momente des Wochenendes war die Ehrung von Carolina Navarro, die sich vor kurzem nach einer erfolgreichen sportlichen Karriere vom Profi-P\u00e1del zur\u00fcckgezogen hat. Bei der Veranstaltung, die auf den neuen Indoor-Pl\u00e4tzen der Akademie stattfand, erhielt die Spielerin aus M\u00e1laga, eine internationale Referenz im P\u00e1del, die Zuneigung aller Teilnehmer und von Maribel Nadal, stellvertretende Generaldirektorin der Rafa Nadal Academy, die ihre beispielhafte Karriere und ihren Beitrag zur Entwicklung des P\u00e1del w\u00fcrdigten. <\/p>\n\n<div style=\"height:30px\" aria-hidden=\"true\" class=\"wp-block-spacer\"><\/div>\n\n<blockquote class=\"instagram-media\" data-instgrm-captioned=\"\" data-instgrm-permalink=\"https:\/\/www.instagram.com\/reel\/DR7ONW8iLfz\/?utm_source=ig_embed&#038;utm_campaign=loading\" data-instgrm-version=\"14\" style=\"  background:#FFF; border:0; border-radius:3px; box-shadow:0 0 1px 0 rgba(0,0,0,0.5),0 1px 10px 0 rgba(0,0,0,0.15); margin: 1px; max-width:540px; min-width:326px; padding:0; width:99.375%; width:-webkit-calc(100% - 2px); width:calc(100% - 2px);\"><div style=\"padding:16px;\"> <a href=\"https:\/\/www.instagram.com\/reel\/DR7ONW8iLfz\/?utm_source=ig_embed&#038;utm_campaign=loading\" style=\"  background:#FFFFFF; line-height:0; padding:0 0; text-align:center; text-decoration:none; width:100%;\" target=\"_blank\"> <div style=\"  display: flex; flex-direction: row; align-items: center;\"> <div style=\"background-color: #F4F4F4; border-radius: 50%; flex-grow: 0; height: 40px; margin-right: 14px; width: 40px;\"><\/div> <div style=\"display: flex; flex-direction: column; flex-grow: 1; justify-content: center;\"> <div style=\"  background-color: #F4F4F4; border-radius: 4px; flex-grow: 0; height: 14px; margin-bottom: 6px; width: 100px;\"><\/div> <div style=\"  background-color: #F4F4F4; border-radius: 4px; flex-grow: 0; height: 14px; width: 60px;\"><\/div><\/div><\/div><div style=\"padding: 19% 0;\"><\/div> <div style=\"display:block; height:50px; margin:0 auto 12px; width:50px;\"><svg xmlns=\"https:\/\/www.w3.org\/2000\/svg\" xmlns:xlink=\"https:\/\/www.w3.org\/1999\/xlink\" width=\"50px\" height=\"50px\" viewbox=\"0 0 60 60\" version=\"1.1\"><g stroke=\"none\" stroke-width=\"1\" fill=\"none\" fill-rule=\"evenodd\"><g transform=\"translate(-511.000000, -20.000000)\" fill=\"#000000\"><g><path d=\"M556.869,30.41 C554.814,30.41 553.148,32.076 553.148,34.131 C553.148,36.186 554.814,37.852 556.869,37.852 C558.924,37.852 560.59,36.186 560.59,34.131 C560.59,32.076 558.924,30.41 556.869,30.41 M541,60.657 C535.114,60.657 530.342,55.887 530.342,50 C530.342,44.114 535.114,39.342 541,39.342 C546.887,39.342 551.658,44.114 551.658,50 C551.658,55.887 546.887,60.657 541,60.657 M541,33.886 C532.1,33.886 524.886,41.1 524.886,50 C524.886,58.899 532.1,66.113 541,66.113 C549.9,66.113 557.115,58.899 557.115,50 C557.115,41.1 549.9,33.886 541,33.886 M565.378,62.101 C565.244,65.022 564.756,66.606 564.346,67.663 C563.803,69.06 563.154,70.057 562.106,71.106 C561.058,72.155 560.06,72.803 558.662,73.347 C557.607,73.757 556.021,74.244 553.102,74.378 C549.944,74.521 548.997,74.552 541,74.552 C533.003,74.552 532.056,74.521 528.898,74.378 C525.979,74.244 524.393,73.757 523.338,73.347 C521.94,72.803 520.942,72.155 519.894,71.106 C518.846,70.057 518.197,69.06 517.654,67.663 C517.244,66.606 516.755,65.022 516.623,62.101 C516.479,58.943 516.448,57.996 516.448,50 C516.448,42.003 516.479,41.056 516.623,37.899 C516.755,34.978 517.244,33.391 517.654,32.338 C518.197,30.938 518.846,29.942 519.894,28.894 C520.942,27.846 521.94,27.196 523.338,26.654 C524.393,26.244 525.979,25.756 528.898,25.623 C532.057,25.479 533.004,25.448 541,25.448 C548.997,25.448 549.943,25.479 553.102,25.623 C556.021,25.756 557.607,26.244 558.662,26.654 C560.06,27.196 561.058,27.846 562.106,28.894 C563.154,29.942 563.803,30.938 564.346,32.338 C564.756,33.391 565.244,34.978 565.378,37.899 C565.522,41.056 565.552,42.003 565.552,50 C565.552,57.996 565.522,58.943 565.378,62.101 M570.82,37.631 C570.674,34.438 570.167,32.258 569.425,30.349 C568.659,28.377 567.633,26.702 565.965,25.035 C564.297,23.368 562.623,22.342 560.652,21.575 C558.743,20.834 556.562,20.326 553.369,20.18 C550.169,20.033 549.148,20 541,20 C532.853,20 531.831,20.033 528.631,20.18 C525.438,20.326 523.257,20.834 521.349,21.575 C519.376,22.342 517.703,23.368 516.035,25.035 C514.368,26.702 513.342,28.377 512.574,30.349 C511.834,32.258 511.326,34.438 511.181,37.631 C511.035,40.831 511,41.851 511,50 C511,58.147 511.035,59.17 511.181,62.369 C511.326,65.562 511.834,67.743 512.574,69.651 C513.342,71.625 514.368,73.296 516.035,74.965 C517.703,76.634 519.376,77.658 521.349,78.425 C523.257,79.167 525.438,79.673 528.631,79.82 C531.831,79.965 532.853,80.001 541,80.001 C549.148,80.001 550.169,79.965 553.369,79.82 C556.562,79.673 558.743,79.167 560.652,78.425 C562.623,77.658 564.297,76.634 565.965,74.965 C567.633,73.296 568.659,71.625 569.425,69.651 C570.167,67.743 570.674,65.562 570.82,62.369 C570.966,59.17 571,58.147 571,50 C571,41.851 570.966,40.831 570.82,37.631\"><\/path><\/g><\/g><\/g><\/svg><\/div><div style=\"padding-top: 8px;\"> <div style=\"  color:#3897f0; font-family:Arial,sans-serif; font-size:14px; font-style:normal; font-weight:550; line-height:18px;\">Diesen Beitrag auf Instagram ansehen<\/div><\/div><div style=\"padding: 12.5% 0;\"><\/div> <div style=\"display: flex; flex-direction: row; margin-bottom: 14px; align-items: center;\"><div> <div style=\"background-color: #F4F4F4; border-radius: 50%; height: 12.5px; width: 12.5px; transform: translateX(0px) translateY(7px);\"><\/div> <div style=\"background-color: #F4F4F4; height: 12.5px; transform: rotate(-45deg) translateX(3px) translateY(1px); width: 12.5px; flex-grow: 0; margin-right: 14px; margin-left: 2px;\"><\/div> <div style=\"background-color: #F4F4F4; border-radius: 50%; height: 12.5px; width: 12.5px; transform: translateX(9px) translateY(-18px);\"><\/div><\/div><div style=\"margin-left: 8px;\"> <div style=\"  background-color: #F4F4F4; border-radius: 50%; flex-grow: 0; height: 20px; width: 20px;\"><\/div> <div style=\"  width: 0; height: 0; border-top: 2px solid transparent; border-left: 6px solid #f4f4f4; border-bottom: 2px solid transparent; transform: translateX(16px) translateY(-4px) rotate(30deg)\"><\/div><\/div><div style=\"margin-left: auto;\"> <div style=\"  width: 0px; border-top: 8px solid #F4F4F4; border-right: 8px solid transparent; transform: translateY(16px);\"><\/div> <div style=\"  background-color: #F4F4F4; flex-grow: 0; height: 12px; width: 16px; transform: translateY(-4px);\"><\/div> <div style=\"  width: 0; height: 0; border-top: 8px solid #F4F4F4; border-left: 8px solid transparent; transform: translateY(-4px) translateX(8px);\"><\/div><\/div><\/div> <div style=\"display: flex; flex-direction: column; flex-grow: 1; justify-content: center; margin-bottom: 24px;\"> <div style=\"  background-color: #F4F4F4; border-radius: 4px; flex-grow: 0; height: 14px; margin-bottom: 6px; width: 224px;\"><\/div> <div style=\"  background-color: #F4F4F4; border-radius: 4px; flex-grow: 0; height: 14px; width: 144px;\"><\/div><\/div><\/a><p style=\"  color:#c9c8cd; font-family:Arial,sans-serif; font-size:14px; line-height:17px; margin-bottom:0; margin-top:8px; overflow:hidden; padding:8px 0 7px; text-align:center; text-overflow:ellipsis; white-space:nowrap;\"><a href=\"https:\/\/www.instagram.com\/reel\/DR7ONW8iLfz\/?utm_source=ig_embed&#038;utm_campaign=loading\" style=\"  color:#c9c8cd; font-family:Arial,sans-serif; font-size:14px; font-style:normal; font-weight:normal; line-height:17px; text-decoration:none;\" target=\"_blank\">Ein Beitrag geteilt von Rafa Nadal Academy (@rafanadalacademy)<\/a><\/p><\/div><\/blockquote>\n<script async=\"\" src=\"\/\/www.instagram.com\/embed.js\"><\/script>\n\n<div style=\"height:30px\" aria-hidden=\"true\" class=\"wp-block-spacer\"><\/div>\n\n<p>Navarro selbst hat die Rafa Nadal P\u00e1del Tour by The Adecco Group und insbesondere den Wettbewerb in Mallorca gelobt. &#8220;Jedes Jahr \u00fcbertrefft ihr euch selbst. Eine unglaubliche Atmosph\u00e4re, mit Leuten, die von au\u00dferhalb Spaniens kommen. Die neuen Einrichtungen der Akademie, diese Indoor-Pl\u00e4tze waren gro\u00dfartig und dann die After-Party. Es hat mir sehr gut gefallen und n\u00e4chstes Jahr bin ich wieder hier&#8221;. <\/p>\n\n<div style=\"height:30px\" aria-hidden=\"true\" class=\"wp-block-spacer\"><\/div>\n\n<figure class=\"wp-block-image size-large\"><img loading=\"lazy\" decoding=\"async\" width=\"1024\" height=\"819\" src=\"https:\/\/www.rafanadalacademy.com\/wp-content\/uploads\/2025\/12\/Rafa-Nadal-Padel-Tour-by-The-Adecco-Groupo-II-1024x819.jpg\" alt=\"\" class=\"wp-image-37439\" srcset=\"https:\/\/www.rafanadalacademy.com\/wp-content\/uploads\/2025\/12\/Rafa-Nadal-Padel-Tour-by-The-Adecco-Groupo-II-1024x819.jpg 1024w, https:\/\/www.rafanadalacademy.com\/wp-content\/uploads\/2025\/12\/Rafa-Nadal-Padel-Tour-by-The-Adecco-Groupo-II-300x240.jpg 300w, https:\/\/www.rafanadalacademy.com\/wp-content\/uploads\/2025\/12\/Rafa-Nadal-Padel-Tour-by-The-Adecco-Groupo-II-768x614.jpg 768w, https:\/\/www.rafanadalacademy.com\/wp-content\/uploads\/2025\/12\/Rafa-Nadal-Padel-Tour-by-The-Adecco-Groupo-II-1536x1229.jpg 1536w, https:\/\/www.rafanadalacademy.com\/wp-content\/uploads\/2025\/12\/Rafa-Nadal-Padel-Tour-by-The-Adecco-Groupo-II-2048x1638.jpg 2048w\" sizes=\"auto, (max-width: 1024px) 100vw, 1024px\" \/><\/figure>\n\n<div style=\"height:30px\" aria-hidden=\"true\" class=\"wp-block-spacer\"><\/div>\n\n<p>Der Abschluss in Manacor beschlie\u00dft eine Tour, die den Wettbewerb in diesem Jahr nach Santander, Madrid, Barcelona, Estepona, Sevilla, Valencia und Gij\u00f3n gef\u00fchrt hat. Parallel dazu begann die Rafa Nadal P\u00e1del Tour by The Adecco Group ihre internationale Expansion mit einer Tour, die sechs weitere St\u00e4dte in Italien (Rom, Turin, Perugia, Bari, Bergamo und Florenz) umfasste, wobei beide Wettbewerbe im gro\u00dfen Finale zusammenliefen. <\/p>\n\n<div style=\"height:30px\" aria-hidden=\"true\" class=\"wp-block-spacer\"><\/div>\n\n<figure class=\"wp-block-embed is-type-video is-provider-youtube wp-block-embed-youtube wp-embed-aspect-16-9 wp-has-aspect-ratio\"><div class=\"wp-block-embed__wrapper\">\n<iframe loading=\"lazy\" title=\"Arranca el Rafa Nadal Academy Padel Tour Italia\" width=\"500\" height=\"281\" src=\"https:\/\/www.youtube.com\/embed\/nnMIXPfnw50?feature=oembed\" frameborder=\"0\" allow=\"accelerometer; autoplay; clipboard-write; encrypted-media; gyroscope; picture-in-picture; web-share\" referrerpolicy=\"strict-origin-when-cross-origin\" allowfullscreen><\/iframe>\n<\/div><\/figure>\n\n<div style=\"height:30px\" aria-hidden=\"true\" class=\"wp-block-spacer\"><\/div>\n\n<p>Der Abschluss in Manacor beschlie\u00dft eine Tour, die den Wettbewerb in diesem Jahr nach Santander, Madrid, Barcelona, Estepona, Sevilla, Valencia und Gij\u00f3n gef\u00fchrt hat. Parallel dazu begann die Rafa Nadal P\u00e1del Tour by The Adecco Group ihre internationale Expansion mit einer Tour, die sechs weitere St\u00e4dte in Italien (Rom, Turin, Perugia, Bari, Bergamo und Florenz) umfasste, wobei beide Wettbewerbe im gro\u00dfen Finale zusammenliefen. <\/p>\n\n<p>Das Teamformat des Wettbewerbs erm\u00f6glicht es jedem teilnehmenden Team, aus mindestens sechs Spielern zu bestehen, die in drei Paare pro Runde aufgeteilt sind, wodurch ein Minimum von zwei Spielen garantiert wird. Diese Dynamik hat dazu beigetragen, eine kollektive, dynamische und von den Teilnehmern sehr gesch\u00e4tzte Erfahrung zu schaffen. <\/p>\n\n<p>Maribel Nadal, stellvertretende Generaldirektorin der Rafa Nadal Academy, bewertete die Entwicklung des Wettbewerbs wie folgt: \u201eDie Resonanz der Spieler auf die erste Ausgabe war unglaublich und in dieser wurden die Erwartungen \u00fcbertroffen. Das Teamformat war definitiv ein Erfolg und die M\u00f6glichkeit, Sport und Freizeit zu kombinieren, hat uns bei jedem der Wettbewerbe beider Touren eine einzigartige Atmosph\u00e4re beschert. Wir arbeiten bereits an der dritten Ausgabe, um Neuerungen einzubringen, die sie als einen der wichtigsten Wettbewerbe im Amateur-P\u00e1del festigen, und angesichts der Nachfrage vieler Vereine und L\u00e4nder pr\u00fcfen wir auch, die Internationalisierung fortzusetzen\u201c.<\/p>\n\n<div style=\"height:30px\" aria-hidden=\"true\" class=\"wp-block-spacer\"><\/div>\n\n<figure class=\"wp-block-embed is-type-video is-provider-youtube wp-block-embed-youtube wp-embed-aspect-16-9 wp-has-aspect-ratio\"><div class=\"wp-block-embed__wrapper\">\n<iframe loading=\"lazy\" title=\"La Rafa Nadal Academy inaugura 3 nuevas pistas de p\u00e1del indoor\" width=\"500\" height=\"281\" src=\"https:\/\/www.youtube.com\/embed\/kRnXNBSOqRw?feature=oembed\" frameborder=\"0\" allow=\"accelerometer; autoplay; clipboard-write; encrypted-media; gyroscope; picture-in-picture; web-share\" referrerpolicy=\"strict-origin-when-cross-origin\" allowfullscreen><\/iframe>\n<\/div><\/figure>\n\n<div style=\"height:30px\" aria-hidden=\"true\" class=\"wp-block-spacer\"><\/div>\n\n<p>Die Rafa Nadal Academy, die seit ihrer Er\u00f6ffnung im Jahr 2016 f\u00fcr ihr Prestige bei der Ausbildung junger Tennisspieler bekannt ist, hat in den letzten Jahren ihr Engagement f\u00fcr den P\u00e1del verst\u00e4rkt. Der Komplex verf\u00fcgt derzeit \u00fcber 19 Padelpl\u00e4tze (9 im Freien und 10 \u00fcberdacht), ein hochmodernes Fitnesscenter, Gesundheits- und Wellnessbereiche, ein breites gastronomisches Angebot und eine moderne Residenz. Eine einzigartige Umgebung, die den Campus von Manacor auch zu einem Bezugspunkt f\u00fcr die Aus\u00fcbung des P\u00e1del macht.  <\/p>\n\n<p>Mit der Organisation der Rafa Nadal Academy P\u00e1del Tour by The Adecco Group bekr\u00e4ftigt die Akademie ihr Engagement, ihre Methodik, Werte und DNA im Bereich des Amateur-P\u00e1del durch einen innovativen Wettbewerb zu verbreiten, der gekommen ist, um zu bleiben.<\/p>\n\n<div style=\"height:30px\" aria-hidden=\"true\" class=\"wp-block-spacer\"><\/div>\n\n<figure class=\"wp-block-embed is-type-video is-provider-youtube wp-block-embed-youtube wp-embed-aspect-16-9 wp-has-aspect-ratio\"><div class=\"wp-block-embed__wrapper\">\n<iframe loading=\"lazy\" title=\"Programas de p\u00e1del para jugadores Amateur de la Rafa Nadal Academy\" width=\"500\" height=\"281\" src=\"https:\/\/www.youtube.com\/embed\/4IFtn6TCmvE?feature=oembed\" frameborder=\"0\" allow=\"accelerometer; autoplay; clipboard-write; encrypted-media; gyroscope; picture-in-picture; web-share\" referrerpolicy=\"strict-origin-when-cross-origin\" allowfullscreen><\/iframe>\n<\/div><\/figure>\n","protected":false},"excerpt":{"rendered":"<p>Mallorca hat der zweiten Auflage der Rafa Nadal Academy P\u00e1del Tour by The Adecco Group, der Amateur-Tour, die in diesem Jahr 2025 fast 2.000 Spieler zusammengebracht hat und sich als eines der attraktivsten und vollst\u00e4ndigsten Angebote im Amateur-P\u00e1del etabliert hat, die Krone aufgesetzt. Das Finale, das in der Rafa Nadal Academy ausgetragen wurde, z\u00e4hlte 215<a href=\"https:\/\/www.rafanadalacademy.com\/de\/nachricht\/die-rafa-nadal-academy-padel-tour-by-the-adecco-group-bricht-in-ihrer-zweiten-auflage-rekorde\/\">Continue reading <span class=\"sr-only\">&#8220;Die Rafa Nadal Academy P\u00e1del Tour by The Adecco Group bricht in ihrer zweiten Auflage Rekorde&#8221;<\/span><\/a><\/p>\n","protected":false},"author":23,"featured_media":37435,"comment_status":"closed","ping_status":"closed","sticky":false,"template":"","format":"standard","meta":{"_acf_changed":false,"footnotes":""},"categories":[159,167,203],"tags":[169,204],"class_list":["post-37465","post","type-post","status-publish","format-standard","has-post-thumbnail","hentry","category-nachricht","category-padel-de","category-rafa-nadal-academy-von-movistar","tag-padel-tour-der-rafa-nadal-academy","tag-rafa-nadal-academy-von-movistar"],"acf":[],"yoast_head":"<!-- This site is optimized with the Yoast SEO Premium plugin v26.8 (Yoast SEO v26.9) - https:\/\/yoast.com\/product\/yoast-seo-premium-wordpress\/ -->\n<title>Die Rafa Nadal Academy P\u00e1del Tour by The Adecco Group bricht in ihrer zweiten Auflage Rekorde - Rafa Nadal Academy<\/title>\n<meta name=\"description\" content=\"Mallorca hat der zweiten Auflage der Rafa Nadal Academy P\u00e1del Tour by The Adecco Group, der Amateur-Tour, die in diesem Jahr 2025 fast 2.000 Spieler zusammengebracht hat, die Krone aufgesetzt\" \/>\n<meta name=\"robots\" content=\"index, follow, max-snippet:-1, max-image-preview:large, max-video-preview:-1\" \/>\n<link rel=\"canonical\" href=\"https:\/\/www.rafanadalacademy.com\/de\/nachricht\/die-rafa-nadal-academy-padel-tour-by-the-adecco-group-bricht-in-ihrer-zweiten-auflage-rekorde\/\" \/>\n<meta property=\"og:locale\" content=\"de_DE\" \/>\n<meta property=\"og:type\" content=\"article\" \/>\n<meta property=\"og:title\" content=\"Die Rafa Nadal Academy P\u00e1del Tour by The Adecco Group bricht in ihrer zweiten Auflage Rekorde\" \/>\n<meta property=\"og:description\" content=\"Mallorca hat der zweiten Auflage der Rafa Nadal Academy P\u00e1del Tour by The Adecco Group, der Amateur-Tour, die in diesem Jahr 2025 fast 2.000 Spieler zusammengebracht hat, die Krone aufgesetzt\" \/>\n<meta property=\"og:url\" content=\"https:\/\/www.rafanadalacademy.com\/de\/nachricht\/die-rafa-nadal-academy-padel-tour-by-the-adecco-group-bricht-in-ihrer-zweiten-auflage-rekorde\/\" \/>\n<meta property=\"og:site_name\" content=\"Rafa Nadal Academy\" \/>\n<meta property=\"article:published_time\" content=\"2025-12-10T11:42:11+00:00\" \/>\n<meta property=\"article:modified_time\" content=\"2025-12-10T11:57:21+00:00\" \/>\n<meta property=\"og:image\" content=\"https:\/\/www.rafanadalacademy.com\/wp-content\/uploads\/2025\/12\/Rafa-Nadal-Academy-Padel-Tour-by-The-Adecco-Group-e1765366959608.jpg\" \/>\n\t<meta property=\"og:image:width\" content=\"2560\" \/>\n\t<meta property=\"og:image:height\" content=\"1707\" \/>\n\t<meta property=\"og:image:type\" content=\"image\/jpeg\" \/>\n<meta name=\"author\" content=\"joseluisprados\" \/>\n<meta name=\"twitter:card\" content=\"summary_large_image\" \/>\n<meta name=\"twitter:label1\" content=\"Written by\" \/>\n\t<meta name=\"twitter:data1\" content=\"joseluisprados\" \/>\n\t<meta name=\"twitter:label2\" content=\"Est. reading time\" \/>\n\t<meta name=\"twitter:data2\" content=\"3 minutes\" \/>\n<script type=\"application\/ld+json\" class=\"yoast-schema-graph\">{\"@context\":\"https:\/\/schema.org\",\"@graph\":[{\"@type\":\"Article\",\"@id\":\"https:\/\/www.rafanadalacademy.com\/de\/nachricht\/die-rafa-nadal-academy-padel-tour-by-the-adecco-group-bricht-in-ihrer-zweiten-auflage-rekorde\/#article\",\"isPartOf\":{\"@id\":\"https:\/\/www.rafanadalacademy.com\/de\/nachricht\/die-rafa-nadal-academy-padel-tour-by-the-adecco-group-bricht-in-ihrer-zweiten-auflage-rekorde\/\"},\"author\":{\"name\":\"joseluisprados\",\"@id\":\"https:\/\/www.rafanadalacademy.com\/de\/#\/schema\/person\/744897d6ee269641fff954376180ef01\"},\"headline\":\"Die Rafa Nadal Academy P\u00e1del Tour by The Adecco Group bricht in ihrer zweiten Auflage Rekorde\",\"datePublished\":\"2025-12-10T11:42:11+00:00\",\"dateModified\":\"2025-12-10T11:57:21+00:00\",\"mainEntityOfPage\":{\"@id\":\"https:\/\/www.rafanadalacademy.com\/de\/nachricht\/die-rafa-nadal-academy-padel-tour-by-the-adecco-group-bricht-in-ihrer-zweiten-auflage-rekorde\/\"},\"wordCount\":702,\"image\":{\"@id\":\"https:\/\/www.rafanadalacademy.com\/de\/nachricht\/die-rafa-nadal-academy-padel-tour-by-the-adecco-group-bricht-in-ihrer-zweiten-auflage-rekorde\/#primaryimage\"},\"thumbnailUrl\":\"https:\/\/www.rafanadalacademy.com\/wp-content\/uploads\/2025\/12\/Rafa-Nadal-Academy-Padel-Tour-by-The-Adecco-Group-e1765366959608.jpg\",\"keywords\":[\"PADEL-TOUR DER RAFA NADAL ACADEMY\",\"RAFA NADAL ACADEMY VON MOVISTAR\"],\"articleSection\":[\"Nachricht\",\"PADEL\",\"RAFA NADAL ACADEMY VON MOVISTAR\"],\"inLanguage\":\"de-DE\",\"copyrightYear\":\"2025\",\"copyrightHolder\":{\"@id\":\"https:\/\/www.rafanadalacademy.com\/#organization\"}},{\"@type\":\"WebPage\",\"@id\":\"https:\/\/www.rafanadalacademy.com\/de\/nachricht\/die-rafa-nadal-academy-padel-tour-by-the-adecco-group-bricht-in-ihrer-zweiten-auflage-rekorde\/\",\"url\":\"https:\/\/www.rafanadalacademy.com\/de\/nachricht\/die-rafa-nadal-academy-padel-tour-by-the-adecco-group-bricht-in-ihrer-zweiten-auflage-rekorde\/\",\"name\":\"Die Rafa Nadal Academy P\u00e1del Tour by The Adecco Group bricht in ihrer zweiten Auflage Rekorde - Rafa Nadal Academy\",\"isPartOf\":{\"@id\":\"https:\/\/www.rafanadalacademy.com\/de\/#website\"},\"primaryImageOfPage\":{\"@id\":\"https:\/\/www.rafanadalacademy.com\/de\/nachricht\/die-rafa-nadal-academy-padel-tour-by-the-adecco-group-bricht-in-ihrer-zweiten-auflage-rekorde\/#primaryimage\"},\"image\":{\"@id\":\"https:\/\/www.rafanadalacademy.com\/de\/nachricht\/die-rafa-nadal-academy-padel-tour-by-the-adecco-group-bricht-in-ihrer-zweiten-auflage-rekorde\/#primaryimage\"},\"thumbnailUrl\":\"https:\/\/www.rafanadalacademy.com\/wp-content\/uploads\/2025\/12\/Rafa-Nadal-Academy-Padel-Tour-by-The-Adecco-Group-e1765366959608.jpg\",\"datePublished\":\"2025-12-10T11:42:11+00:00\",\"dateModified\":\"2025-12-10T11:57:21+00:00\",\"author\":{\"@id\":\"https:\/\/www.rafanadalacademy.com\/de\/#\/schema\/person\/744897d6ee269641fff954376180ef01\"},\"description\":\"Mallorca hat der zweiten Auflage der Rafa Nadal Academy P\u00e1del Tour by The Adecco Group, der Amateur-Tour, die in diesem Jahr 2025 fast 2.000 Spieler zusammengebracht hat, die Krone aufgesetzt\",\"breadcrumb\":{\"@id\":\"https:\/\/www.rafanadalacademy.com\/de\/nachricht\/die-rafa-nadal-academy-padel-tour-by-the-adecco-group-bricht-in-ihrer-zweiten-auflage-rekorde\/#breadcrumb\"},\"inLanguage\":\"de-DE\",\"potentialAction\":[{\"@type\":\"ReadAction\",\"target\":[\"https:\/\/www.rafanadalacademy.com\/de\/nachricht\/die-rafa-nadal-academy-padel-tour-by-the-adecco-group-bricht-in-ihrer-zweiten-auflage-rekorde\/\"]}]},{\"@type\":\"ImageObject\",\"inLanguage\":\"de-DE\",\"@id\":\"https:\/\/www.rafanadalacademy.com\/de\/nachricht\/die-rafa-nadal-academy-padel-tour-by-the-adecco-group-bricht-in-ihrer-zweiten-auflage-rekorde\/#primaryimage\",\"url\":\"https:\/\/www.rafanadalacademy.com\/wp-content\/uploads\/2025\/12\/Rafa-Nadal-Academy-Padel-Tour-by-The-Adecco-Group-e1765366959608.jpg\",\"contentUrl\":\"https:\/\/www.rafanadalacademy.com\/wp-content\/uploads\/2025\/12\/Rafa-Nadal-Academy-Padel-Tour-by-The-Adecco-Group-e1765366959608.jpg\",\"width\":2560,\"height\":1707,\"caption\":\"Mallorca ha puesto el broche de oro a la segunda edici\u00f3n del Rafa Nadal Academy P\u00e1del Tour by The Adecco Group, el circuito amateur que este a\u00f1o 2025 ha reunido a casi 2.000 jugadores\"},{\"@type\":\"BreadcrumbList\",\"@id\":\"https:\/\/www.rafanadalacademy.com\/de\/nachricht\/die-rafa-nadal-academy-padel-tour-by-the-adecco-group-bricht-in-ihrer-zweiten-auflage-rekorde\/#breadcrumb\",\"itemListElement\":[{\"@type\":\"ListItem\",\"position\":1,\"name\":\"Home\",\"item\":\"https:\/\/www.rafanadalacademy.com\/de\/\"},{\"@type\":\"ListItem\",\"position\":2,\"name\":\"Die Rafa Nadal Academy P\u00e1del Tour by The Adecco Group bricht in ihrer zweiten Auflage Rekorde\"}]},{\"@type\":\"WebSite\",\"@id\":\"https:\/\/www.rafanadalacademy.com\/de\/#website\",\"url\":\"https:\/\/www.rafanadalacademy.com\/de\/\",\"name\":\"Rafa Nadal Academy\",\"description\":\"Otro sitio realizado con WordPress\",\"potentialAction\":[{\"@type\":\"SearchAction\",\"target\":{\"@type\":\"EntryPoint\",\"urlTemplate\":\"https:\/\/www.rafanadalacademy.com\/de\/?s={search_term_string}\"},\"query-input\":{\"@type\":\"PropertyValueSpecification\",\"valueRequired\":true,\"valueName\":\"search_term_string\"}}],\"inLanguage\":\"de-DE\"},{\"@type\":\"Person\",\"@id\":\"https:\/\/www.rafanadalacademy.com\/de\/#\/schema\/person\/744897d6ee269641fff954376180ef01\",\"name\":\"joseluisprados\",\"image\":{\"@type\":\"ImageObject\",\"inLanguage\":\"de-DE\",\"@id\":\"https:\/\/www.rafanadalacademy.com\/de\/#\/schema\/person\/image\/\",\"url\":\"https:\/\/secure.gravatar.com\/avatar\/8aa823a6e5501864ffab4785d9e2a994b59c2d45c9f9751c5a532abfec081e5f?s=96&d=mm&r=g\",\"contentUrl\":\"https:\/\/secure.gravatar.com\/avatar\/8aa823a6e5501864ffab4785d9e2a994b59c2d45c9f9751c5a532abfec081e5f?s=96&d=mm&r=g\",\"caption\":\"joseluisprados\"},\"url\":\"https:\/\/www.rafanadalacademy.com\/de\/author\/joseluisprados\/\"},{\"@type\":\"ImageObject\",\"inLanguage\":\"de-DE\",\"@id\":\"https:\/\/www.rafanadalacademy.com\/de\/nachricht\/die-rafa-nadal-academy-padel-tour-by-the-adecco-group-bricht-in-ihrer-zweiten-auflage-rekorde\/#local-main-organization-logo\",\"url\":\"\",\"contentUrl\":\"\",\"caption\":\"Rafa Nadal Academy\"}]}<\/script>\n<!-- \/ Yoast SEO Premium plugin. -->","yoast_head_json":{"title":"Die Rafa Nadal Academy P\u00e1del Tour by The Adecco Group bricht in ihrer zweiten Auflage Rekorde - Rafa Nadal Academy","description":"Mallorca hat der zweiten Auflage der Rafa Nadal Academy P\u00e1del Tour by The Adecco Group, der Amateur-Tour, die in diesem Jahr 2025 fast 2.000 Spieler zusammengebracht hat, die Krone aufgesetzt","robots":{"index":"index","follow":"follow","max-snippet":"max-snippet:-1","max-image-preview":"max-image-preview:large","max-video-preview":"max-video-preview:-1"},"canonical":"https:\/\/www.rafanadalacademy.com\/de\/nachricht\/die-rafa-nadal-academy-padel-tour-by-the-adecco-group-bricht-in-ihrer-zweiten-auflage-rekorde\/","og_locale":"de_DE","og_type":"article","og_title":"Die Rafa Nadal Academy P\u00e1del Tour by The Adecco Group bricht in ihrer zweiten Auflage Rekorde","og_description":"Mallorca hat der zweiten Auflage der Rafa Nadal Academy P\u00e1del Tour by The Adecco Group, der Amateur-Tour, die in diesem Jahr 2025 fast 2.000 Spieler zusammengebracht hat, die Krone aufgesetzt","og_url":"https:\/\/www.rafanadalacademy.com\/de\/nachricht\/die-rafa-nadal-academy-padel-tour-by-the-adecco-group-bricht-in-ihrer-zweiten-auflage-rekorde\/","og_site_name":"Rafa Nadal Academy","article_published_time":"2025-12-10T11:42:11+00:00","article_modified_time":"2025-12-10T11:57:21+00:00","og_image":[{"width":2560,"height":1707,"url":"https:\/\/www.rafanadalacademy.com\/wp-content\/uploads\/2025\/12\/Rafa-Nadal-Academy-Padel-Tour-by-The-Adecco-Group-e1765366959608.jpg","type":"image\/jpeg"}],"author":"joseluisprados","twitter_card":"summary_large_image","twitter_misc":{"Written by":"joseluisprados","Est. reading time":"3 minutes"},"schema":{"@context":"https:\/\/schema.org","@graph":[{"@type":"Article","@id":"https:\/\/www.rafanadalacademy.com\/de\/nachricht\/die-rafa-nadal-academy-padel-tour-by-the-adecco-group-bricht-in-ihrer-zweiten-auflage-rekorde\/#article","isPartOf":{"@id":"https:\/\/www.rafanadalacademy.com\/de\/nachricht\/die-rafa-nadal-academy-padel-tour-by-the-adecco-group-bricht-in-ihrer-zweiten-auflage-rekorde\/"},"author":{"name":"joseluisprados","@id":"https:\/\/www.rafanadalacademy.com\/de\/#\/schema\/person\/744897d6ee269641fff954376180ef01"},"headline":"Die Rafa Nadal Academy P\u00e1del Tour by The Adecco Group bricht in ihrer zweiten Auflage Rekorde","datePublished":"2025-12-10T11:42:11+00:00","dateModified":"2025-12-10T11:57:21+00:00","mainEntityOfPage":{"@id":"https:\/\/www.rafanadalacademy.com\/de\/nachricht\/die-rafa-nadal-academy-padel-tour-by-the-adecco-group-bricht-in-ihrer-zweiten-auflage-rekorde\/"},"wordCount":702,"image":{"@id":"https:\/\/www.rafanadalacademy.com\/de\/nachricht\/die-rafa-nadal-academy-padel-tour-by-the-adecco-group-bricht-in-ihrer-zweiten-auflage-rekorde\/#primaryimage"},"thumbnailUrl":"https:\/\/www.rafanadalacademy.com\/wp-content\/uploads\/2025\/12\/Rafa-Nadal-Academy-Padel-Tour-by-The-Adecco-Group-e1765366959608.jpg","keywords":["PADEL-TOUR DER RAFA NADAL ACADEMY","RAFA NADAL ACADEMY VON MOVISTAR"],"articleSection":["Nachricht","PADEL","RAFA NADAL ACADEMY VON MOVISTAR"],"inLanguage":"de-DE","copyrightYear":"2025","copyrightHolder":{"@id":"https:\/\/www.rafanadalacademy.com\/#organization"}},{"@type":"WebPage","@id":"https:\/\/www.rafanadalacademy.com\/de\/nachricht\/die-rafa-nadal-academy-padel-tour-by-the-adecco-group-bricht-in-ihrer-zweiten-auflage-rekorde\/","url":"https:\/\/www.rafanadalacademy.com\/de\/nachricht\/die-rafa-nadal-academy-padel-tour-by-the-adecco-group-bricht-in-ihrer-zweiten-auflage-rekorde\/","name":"Die Rafa Nadal Academy P\u00e1del Tour by The Adecco Group bricht in ihrer zweiten Auflage Rekorde - Rafa Nadal Academy","isPartOf":{"@id":"https:\/\/www.rafanadalacademy.com\/de\/#website"},"primaryImageOfPage":{"@id":"https:\/\/www.rafanadalacademy.com\/de\/nachricht\/die-rafa-nadal-academy-padel-tour-by-the-adecco-group-bricht-in-ihrer-zweiten-auflage-rekorde\/#primaryimage"},"image":{"@id":"https:\/\/www.rafanadalacademy.com\/de\/nachricht\/die-rafa-nadal-academy-padel-tour-by-the-adecco-group-bricht-in-ihrer-zweiten-auflage-rekorde\/#primaryimage"},"thumbnailUrl":"https:\/\/www.rafanadalacademy.com\/wp-content\/uploads\/2025\/12\/Rafa-Nadal-Academy-Padel-Tour-by-The-Adecco-Group-e1765366959608.jpg","datePublished":"2025-12-10T11:42:11+00:00","dateModified":"2025-12-10T11:57:21+00:00","author":{"@id":"https:\/\/www.rafanadalacademy.com\/de\/#\/schema\/person\/744897d6ee269641fff954376180ef01"},"description":"Mallorca hat der zweiten Auflage der Rafa Nadal Academy P\u00e1del Tour by The Adecco Group, der Amateur-Tour, die in diesem Jahr 2025 fast 2.000 Spieler zusammengebracht hat, die Krone aufgesetzt","breadcrumb":{"@id":"https:\/\/www.rafanadalacademy.com\/de\/nachricht\/die-rafa-nadal-academy-padel-tour-by-the-adecco-group-bricht-in-ihrer-zweiten-auflage-rekorde\/#breadcrumb"},"inLanguage":"de-DE","potentialAction":[{"@type":"ReadAction","target":["https:\/\/www.rafanadalacademy.com\/de\/nachricht\/die-rafa-nadal-academy-padel-tour-by-the-adecco-group-bricht-in-ihrer-zweiten-auflage-rekorde\/"]}]},{"@type":"ImageObject","inLanguage":"de-DE","@id":"https:\/\/www.rafanadalacademy.com\/de\/nachricht\/die-rafa-nadal-academy-padel-tour-by-the-adecco-group-bricht-in-ihrer-zweiten-auflage-rekorde\/#primaryimage","url":"https:\/\/www.rafanadalacademy.com\/wp-content\/uploads\/2025\/12\/Rafa-Nadal-Academy-Padel-Tour-by-The-Adecco-Group-e1765366959608.jpg","contentUrl":"https:\/\/www.rafanadalacademy.com\/wp-content\/uploads\/2025\/12\/Rafa-Nadal-Academy-Padel-Tour-by-The-Adecco-Group-e1765366959608.jpg","width":2560,"height":1707,"caption":"Mallorca ha puesto el broche de oro a la segunda edici\u00f3n del Rafa Nadal Academy P\u00e1del Tour by The Adecco Group, el circuito amateur que este a\u00f1o 2025 ha reunido a casi 2.000 jugadores"},{"@type":"BreadcrumbList","@id":"https:\/\/www.rafanadalacademy.com\/de\/nachricht\/die-rafa-nadal-academy-padel-tour-by-the-adecco-group-bricht-in-ihrer-zweiten-auflage-rekorde\/#breadcrumb","itemListElement":[{"@type":"ListItem","position":1,"name":"Home","item":"https:\/\/www.rafanadalacademy.com\/de\/"},{"@type":"ListItem","position":2,"name":"Die Rafa Nadal Academy P\u00e1del Tour by The Adecco Group bricht in ihrer zweiten Auflage Rekorde"}]},{"@type":"WebSite","@id":"https:\/\/www.rafanadalacademy.com\/de\/#website","url":"https:\/\/www.rafanadalacademy.com\/de\/","name":"Rafa Nadal Academy","description":"Otro sitio realizado con WordPress","potentialAction":[{"@type":"SearchAction","target":{"@type":"EntryPoint","urlTemplate":"https:\/\/www.rafanadalacademy.com\/de\/?s={search_term_string}"},"query-input":{"@type":"PropertyValueSpecification","valueRequired":true,"valueName":"search_term_string"}}],"inLanguage":"de-DE"},{"@type":"Person","@id":"https:\/\/www.rafanadalacademy.com\/de\/#\/schema\/person\/744897d6ee269641fff954376180ef01","name":"joseluisprados","image":{"@type":"ImageObject","inLanguage":"de-DE","@id":"https:\/\/www.rafanadalacademy.com\/de\/#\/schema\/person\/image\/","url":"https:\/\/secure.gravatar.com\/avatar\/8aa823a6e5501864ffab4785d9e2a994b59c2d45c9f9751c5a532abfec081e5f?s=96&d=mm&r=g","contentUrl":"https:\/\/secure.gravatar.com\/avatar\/8aa823a6e5501864ffab4785d9e2a994b59c2d45c9f9751c5a532abfec081e5f?s=96&d=mm&r=g","caption":"joseluisprados"},"url":"https:\/\/www.rafanadalacademy.com\/de\/author\/joseluisprados\/"},{"@type":"ImageObject","inLanguage":"de-DE","@id":"https:\/\/www.rafanadalacademy.com\/de\/nachricht\/die-rafa-nadal-academy-padel-tour-by-the-adecco-group-bricht-in-ihrer-zweiten-auflage-rekorde\/#local-main-organization-logo","url":"","contentUrl":"","caption":"Rafa Nadal Academy"}]}},"_links":{"self":[{"href":"https:\/\/www.rafanadalacademy.com\/de\/wp-json\/wp\/v2\/posts\/37465","targetHints":{"allow":["GET"]}}],"collection":[{"href":"https:\/\/www.rafanadalacademy.com\/de\/wp-json\/wp\/v2\/posts"}],"about":[{"href":"https:\/\/www.rafanadalacademy.com\/de\/wp-json\/wp\/v2\/types\/post"}],"author":[{"embeddable":true,"href":"https:\/\/www.rafanadalacademy.com\/de\/wp-json\/wp\/v2\/users\/23"}],"replies":[{"embeddable":true,"href":"https:\/\/www.rafanadalacademy.com\/de\/wp-json\/wp\/v2\/comments?post=37465"}],"version-history":[{"count":1,"href":"https:\/\/www.rafanadalacademy.com\/de\/wp-json\/wp\/v2\/posts\/37465\/revisions"}],"predecessor-version":[{"id":37466,"href":"https:\/\/www.rafanadalacademy.com\/de\/wp-json\/wp\/v2\/posts\/37465\/revisions\/37466"}],"wp:featuredmedia":[{"embeddable":true,"href":"https:\/\/www.rafanadalacademy.com\/de\/wp-json\/wp\/v2\/media\/37435"}],"wp:attachment":[{"href":"https:\/\/www.rafanadalacademy.com\/de\/wp-json\/wp\/v2\/media?parent=37465"}],"wp:term":[{"taxonomy":"category","embeddable":true,"href":"https:\/\/www.rafanadalacademy.com\/de\/wp-json\/wp\/v2\/categories?post=37465"},{"taxonomy":"post_tag","embeddable":true,"href":"https:\/\/www.rafanadalacademy.com\/de\/wp-json\/wp\/v2\/tags?post=37465"}],"curies":[{"name":"wp","href":"https:\/\/api.w.org\/{rel}","templated":true}]}}