{"id":37366,"date":"2025-12-03T08:40:40","date_gmt":"2025-12-03T08:40:40","guid":{"rendered":"https:\/\/www.rafanadalacademy.com\/unkategorisiert\/ivan-ivanov-erfuellt-sich-seinen-traum-und-beendet-die-saison-als-nr-1-der-junioren-weltrangliste\/"},"modified":"2025-12-03T09:08:36","modified_gmt":"2025-12-03T09:08:36","slug":"ivan-ivanov-erfuellt-sich-seinen-traum-und-beendet-die-saison-als-nr-1-der-junioren-weltrangliste","status":"publish","type":"post","link":"https:\/\/www.rafanadalacademy.com\/de\/rafa-nadal-academy-von-movistar\/ivan-ivanov-erfuellt-sich-seinen-traum-und-beendet-die-saison-als-nr-1-der-junioren-weltrangliste\/","title":{"rendered":"Iv\u00e1n Ivanov erf\u00fcllt sich seinen Traum und beendet die Saison als Nr. 1 der Junioren-Weltrangliste"},"content":{"rendered":"\n<p>Iv\u00e1n Ivanov hat ein absolut unvergessliches Jahr 2025 mit dem kr\u00f6nenden Abschluss beendet, dass er die Saison als <strong>Nr. 1 der Junioren-Weltrangliste<\/strong> abschlie\u00dft, ein Ziel, das der junge bulgarische Spieler schon lange verfolgt und das eine historische Saison kr\u00f6nt, die von dem Gewinn zweier Grand-Slam-Titel gepr\u00e4gt ist.<\/p>\n\n<figure class=\"wp-block-image size-large\"><img loading=\"lazy\" decoding=\"async\" width=\"819\" height=\"1024\" src=\"https:\/\/www.rafanadalacademy.com\/wp-content\/uploads\/2025\/12\/Ivan-Ivanov-No1-819x1024.jpg\" alt=\"\" class=\"wp-image-37322\" srcset=\"https:\/\/www.rafanadalacademy.com\/wp-content\/uploads\/2025\/12\/Ivan-Ivanov-No1-819x1024.jpg 819w, https:\/\/www.rafanadalacademy.com\/wp-content\/uploads\/2025\/12\/Ivan-Ivanov-No1-240x300.jpg 240w, https:\/\/www.rafanadalacademy.com\/wp-content\/uploads\/2025\/12\/Ivan-Ivanov-No1-768x960.jpg 768w, https:\/\/www.rafanadalacademy.com\/wp-content\/uploads\/2025\/12\/Ivan-Ivanov-No1-1229x1536.jpg 1229w, https:\/\/www.rafanadalacademy.com\/wp-content\/uploads\/2025\/12\/Ivan-Ivanov-No1-1638x2048.jpg 1638w, https:\/\/www.rafanadalacademy.com\/wp-content\/uploads\/2025\/12\/Ivan-Ivanov-No1.jpg 2000w\" sizes=\"auto, (max-width: 819px) 100vw, 819px\" \/><\/figure>\n\n<div style=\"height:30px\" aria-hidden=\"true\" class=\"wp-block-spacer\"><\/div>\n\n<p>In diesem Jahr 2025 hat der in der <strong>Rafa Nadal Academy<\/strong> ausgebildete Tennisspieler <strong>Wimbledon<\/strong> und die <strong>US Open<\/strong> gewonnen und ist damit einer der wenigen Spieler dieses Jahrhunderts, die in der Lage sind, zwei Majors in derselben Saison zu gewinnen: eine Leistung, die in den letzten zwei Jahrzehnten nur seinem Landsmann Grigor Dimitrov und dem Italiener Filip Peliwo gelungen ist.<\/p>\n\n<p>Im Laufe des Jahres hat Ivanov eine konstante Entwicklung und eine Reife im Tennis gezeigt, die ihn an die Spitze des Junioren-Zirkus gebracht hat. Neben seinen Triumphen bei Grand-Slam-Turnieren erreichte er das Halbfinale der French Open und zeigte gro\u00dfartige Leistungen bei Vorbereitungsturnieren, wodurch er eine unvergessliche Saison f\u00fcr die Rafa Nadal Academy absolvierte, in der Jaume Munar zum ersten Mal das Achtelfinale eines Grand-Slam-Turniers erreichte, Alex Eala ihren ersten WTA-Titel in Guadalajara (WTA 125) gewann, Dani Rinc\u00f3n, Abedallah Shelbayh und Mart\u00edn Landaluce Challenger-Turniere gewannen und Coleman Wong und Max Exsted ihre ersten Siege im Hauptfeld eines Grand-Slam-Turniers errangen. <\/p>\n\n<p><strong>Die Unterst\u00fctzung und der Einfluss von Rafa Nadal<\/strong> F\u00fcr Ivanov war die Figur von <strong>Rafa Nadal<\/strong> w\u00e4hrend des gesamten Prozesses eine st\u00e4ndige Inspiration. Der Spieler selbst dr\u00fcckte es nach seinem Triumph im All England Tennis Club wie folgt aus: <strong>Er inspiriert mich in vielerlei Hinsicht. Er ist das beste Beispiel, das man haben kann: wie er sich an den Rasen anpasst, wie er seinen Stil spielt, seine Kampfkraft. Alles an ihm ist bewundernswert\u00bb  <\/strong>, sagt er.<\/p>\n\n<div style=\"height:30px\" aria-hidden=\"true\" class=\"wp-block-spacer\"><\/div>\n\n<figure class=\"wp-block-embed is-type-video is-provider-youtube wp-block-embed-youtube wp-embed-aspect-16-9 wp-has-aspect-ratio\"><div class=\"wp-block-embed__wrapper\">\n<iframe loading=\"lazy\" title=\"Ivan Ivanov, Campe\u00f3n de Wimbledon Junior 2025\" width=\"500\" height=\"281\" src=\"https:\/\/www.youtube.com\/embed\/LpCLmCEQjdY?feature=oembed\" frameborder=\"0\" allow=\"accelerometer; autoplay; clipboard-write; encrypted-media; gyroscope; picture-in-picture; web-share\" referrerpolicy=\"strict-origin-when-cross-origin\" allowfullscreen><\/iframe>\n<\/div><\/figure>\n\n<div style=\"height:30px\" aria-hidden=\"true\" class=\"wp-block-spacer\"><\/div>\n\n<p><strong>Der Einfluss der Rafa Nadal Academy auf seine Entwicklung<\/strong><\/p>\n\n<p>Ivanov erkennt auch die wesentliche Rolle an, die die Akademie seit seiner Ankunft im Jahr 2020 f\u00fcr sein sportliches und pers\u00f6nliches Wachstum gespielt hat: <strong>\u201eSie hat mir in allem geholfen: Ich trainiere hier, ich schlafe hier, ich studiere hier\u2026 F\u00fcr mich ist es ein gro\u00dfartiger Ort, um zu sein, es ist unglaublich. Ich bin sehr gl\u00fccklich, hier zu spielen\u201c<\/strong>, versichert er.<br\/><\/p>\n\n<p>Der Spieler hebt auch die N\u00e4he des Trainerteams hervor, das ihn in den Schl\u00fcsselmomenten der Saison begleitet hat:<strong> \u201eIn der Akademie arbeitet ein gro\u00dfartiges Team mit mir zusammen, und sie waren in Wimbledon bei mir, was mich sehr gl\u00fccklich gemacht hat. Sie helfen mir die ganze Zeit w\u00e4hrend des Prozesses, daf\u00fcr bin ich ihnen sehr dankbar <\/strong>&#8220;.<\/p>\n\n<p><strong>Rafas Gl\u00fcckw\u00fcnsche<\/strong><\/p>\n\n<p>Die Erfolge von Ivanov sind nicht unbemerkt geblieben, und <strong>Rafa Nadal<\/strong> selbst widmete ihm \u00fcber seinen X-Account ein paar \u00f6ffentliche Worte: <strong>\u201eHerzlichen Gl\u00fcckwunsch an Iv\u00e1n zum Gewinn von Wimbledon und den US Open Junior. Herzlichen Gl\u00fcckwunsch auch an das gesamte Team der Rafa Nadal Academy by Movista\u201c <\/strong>.<\/p>\n\n<p>Mit der Nummer eins der Welt bereits in seinem Besitz und zwei Grand-Slam-Titeln in derselben Saison schlie\u00dft Iv\u00e1n Ivanov ein au\u00dfergew\u00f6hnliches Jahr ab und festigt sich als eines der vielversprechendsten Talente des internationalen Tennis.<\/p>\n\n<div style=\"height:30px\" aria-hidden=\"true\" class=\"wp-block-spacer\"><\/div>\n\n<figure class=\"wp-block-embed is-type-video is-provider-youtube wp-block-embed-youtube wp-embed-aspect-16-9 wp-has-aspect-ratio\"><div class=\"wp-block-embed__wrapper\">\n<iframe loading=\"lazy\" title=\"Rafa Nadal Academy: Tennis &amp; Values\" width=\"500\" height=\"281\" src=\"https:\/\/www.youtube.com\/embed\/F71onMy-MeU?feature=oembed\" frameborder=\"0\" allow=\"accelerometer; autoplay; clipboard-write; encrypted-media; gyroscope; picture-in-picture; web-share\" referrerpolicy=\"strict-origin-when-cross-origin\" allowfullscreen><\/iframe>\n<\/div><\/figure>\n\n<div style=\"height:30px\" aria-hidden=\"true\" class=\"wp-block-spacer\"><\/div>\n\n<p><\/p>\n","protected":false},"excerpt":{"rendered":"<p>Iv\u00e1n Ivanov hat ein absolut unvergessliches Jahr 2025 mit dem kr\u00f6nenden Abschluss beendet, dass er die Saison als Nr. 1 der Junioren-Weltrangliste abschlie\u00dft, ein Ziel, das der junge bulgarische Spieler schon lange verfolgt und das eine historische Saison kr\u00f6nt, die von dem Gewinn zweier Grand-Slam-Titel gepr\u00e4gt ist. In diesem Jahr 2025 hat der in der<a href=\"https:\/\/www.rafanadalacademy.com\/de\/rafa-nadal-academy-von-movistar\/ivan-ivanov-erfuellt-sich-seinen-traum-und-beendet-die-saison-als-nr-1-der-junioren-weltrangliste\/\">Continue reading <span class=\"sr-only\">&#8220;Iv\u00e1n Ivanov erf\u00fcllt sich seinen Traum und beendet die Saison als Nr. 1 der Junioren-Weltrangliste&#8221;<\/span><\/a><\/p>\n","protected":false},"author":23,"featured_media":37336,"comment_status":"closed","ping_status":"closed","sticky":false,"template":"","format":"standard","meta":{"_acf_changed":false,"footnotes":""},"categories":[159,203],"tags":[204],"class_list":["post-37366","post","type-post","status-publish","format-standard","has-post-thumbnail","hentry","category-nachricht","category-rafa-nadal-academy-von-movistar","tag-rafa-nadal-academy-von-movistar"],"acf":[],"yoast_head":"<!-- This site is optimized with the Yoast SEO Premium plugin v26.8 (Yoast SEO v26.9) - https:\/\/yoast.com\/product\/yoast-seo-premium-wordpress\/ -->\n<title>Iv\u00e1n Ivanov erf\u00fcllt sich seinen Traum und beendet die Saison als Nr. 1 der Junioren-Weltrangliste - Rafa Nadal Academy<\/title>\n<meta name=\"description\" content=\"Iv\u00e1n Ivanov hat ein absolut unvergessliches Jahr 2025 mit dem kr\u00f6nenden Abschluss beendet, dass er die Saison als Nr. 1 der Junioren-Weltrangliste abschlie\u00dft.\" \/>\n<meta name=\"robots\" content=\"index, follow, max-snippet:-1, max-image-preview:large, max-video-preview:-1\" \/>\n<link rel=\"canonical\" href=\"https:\/\/www.rafanadalacademy.com\/de\/rafa-nadal-academy-von-movistar\/ivan-ivanov-erfuellt-sich-seinen-traum-und-beendet-die-saison-als-nr-1-der-junioren-weltrangliste\/\" \/>\n<meta property=\"og:locale\" content=\"de_DE\" \/>\n<meta property=\"og:type\" content=\"article\" \/>\n<meta property=\"og:title\" content=\"Iv\u00e1n Ivanov erf\u00fcllt sich seinen Traum und beendet die Saison als Nr. 1 der Junioren-Weltrangliste\" \/>\n<meta property=\"og:description\" content=\"Iv\u00e1n Ivanov hat ein absolut unvergessliches Jahr 2025 mit dem kr\u00f6nenden Abschluss beendet, dass er die Saison als Nr. 1 der Junioren-Weltrangliste abschlie\u00dft.\" \/>\n<meta property=\"og:url\" content=\"https:\/\/www.rafanadalacademy.com\/de\/rafa-nadal-academy-von-movistar\/ivan-ivanov-erfuellt-sich-seinen-traum-und-beendet-die-saison-als-nr-1-der-junioren-weltrangliste\/\" \/>\n<meta property=\"og:site_name\" content=\"Rafa Nadal Academy\" \/>\n<meta property=\"article:published_time\" content=\"2025-12-03T08:40:40+00:00\" \/>\n<meta property=\"article:modified_time\" content=\"2025-12-03T09:08:36+00:00\" \/>\n<meta property=\"og:image\" content=\"https:\/\/www.rafanadalacademy.com\/wp-content\/uploads\/2025\/12\/Ivan-Ivanov-No1-1-819x1024.jpg\" \/>\n\t<meta property=\"og:image:width\" content=\"819\" \/>\n\t<meta property=\"og:image:height\" content=\"1024\" \/>\n\t<meta property=\"og:image:type\" content=\"image\/jpeg\" \/>\n<meta name=\"author\" content=\"joseluisprados\" \/>\n<meta name=\"twitter:card\" content=\"summary_large_image\" \/>\n<meta name=\"twitter:label1\" content=\"Written by\" \/>\n\t<meta name=\"twitter:data1\" content=\"joseluisprados\" \/>\n\t<meta name=\"twitter:label2\" content=\"Est. reading time\" \/>\n\t<meta name=\"twitter:data2\" content=\"3 minutes\" \/>\n<script type=\"application\/ld+json\" class=\"yoast-schema-graph\">{\"@context\":\"https:\/\/schema.org\",\"@graph\":[{\"@type\":\"Article\",\"@id\":\"https:\/\/www.rafanadalacademy.com\/de\/rafa-nadal-academy-von-movistar\/ivan-ivanov-erfuellt-sich-seinen-traum-und-beendet-die-saison-als-nr-1-der-junioren-weltrangliste\/#article\",\"isPartOf\":{\"@id\":\"https:\/\/www.rafanadalacademy.com\/de\/rafa-nadal-academy-von-movistar\/ivan-ivanov-erfuellt-sich-seinen-traum-und-beendet-die-saison-als-nr-1-der-junioren-weltrangliste\/\"},\"author\":{\"name\":\"joseluisprados\",\"@id\":\"https:\/\/www.rafanadalacademy.com\/de\/#\/schema\/person\/744897d6ee269641fff954376180ef01\"},\"headline\":\"Iv\u00e1n Ivanov erf\u00fcllt sich seinen Traum und beendet die Saison als Nr. 1 der Junioren-Weltrangliste\",\"datePublished\":\"2025-12-03T08:40:40+00:00\",\"dateModified\":\"2025-12-03T09:08:36+00:00\",\"mainEntityOfPage\":{\"@id\":\"https:\/\/www.rafanadalacademy.com\/de\/rafa-nadal-academy-von-movistar\/ivan-ivanov-erfuellt-sich-seinen-traum-und-beendet-die-saison-als-nr-1-der-junioren-weltrangliste\/\"},\"wordCount\":549,\"image\":{\"@id\":\"https:\/\/www.rafanadalacademy.com\/de\/rafa-nadal-academy-von-movistar\/ivan-ivanov-erfuellt-sich-seinen-traum-und-beendet-die-saison-als-nr-1-der-junioren-weltrangliste\/#primaryimage\"},\"thumbnailUrl\":\"https:\/\/www.rafanadalacademy.com\/wp-content\/uploads\/2025\/12\/Ivan-Ivanov-No1-1-e1764680181515.jpg\",\"keywords\":[\"RAFA NADAL ACADEMY VON MOVISTAR\"],\"articleSection\":[\"Nachricht\",\"RAFA NADAL ACADEMY VON MOVISTAR\"],\"inLanguage\":\"de-DE\",\"copyrightYear\":\"2025\",\"copyrightHolder\":{\"@id\":\"https:\/\/www.rafanadalacademy.com\/#organization\"}},{\"@type\":\"WebPage\",\"@id\":\"https:\/\/www.rafanadalacademy.com\/de\/rafa-nadal-academy-von-movistar\/ivan-ivanov-erfuellt-sich-seinen-traum-und-beendet-die-saison-als-nr-1-der-junioren-weltrangliste\/\",\"url\":\"https:\/\/www.rafanadalacademy.com\/de\/rafa-nadal-academy-von-movistar\/ivan-ivanov-erfuellt-sich-seinen-traum-und-beendet-die-saison-als-nr-1-der-junioren-weltrangliste\/\",\"name\":\"Iv\u00e1n Ivanov erf\u00fcllt sich seinen Traum und beendet die Saison als Nr. 1 der Junioren-Weltrangliste - Rafa Nadal Academy\",\"isPartOf\":{\"@id\":\"https:\/\/www.rafanadalacademy.com\/de\/#website\"},\"primaryImageOfPage\":{\"@id\":\"https:\/\/www.rafanadalacademy.com\/de\/rafa-nadal-academy-von-movistar\/ivan-ivanov-erfuellt-sich-seinen-traum-und-beendet-die-saison-als-nr-1-der-junioren-weltrangliste\/#primaryimage\"},\"image\":{\"@id\":\"https:\/\/www.rafanadalacademy.com\/de\/rafa-nadal-academy-von-movistar\/ivan-ivanov-erfuellt-sich-seinen-traum-und-beendet-die-saison-als-nr-1-der-junioren-weltrangliste\/#primaryimage\"},\"thumbnailUrl\":\"https:\/\/www.rafanadalacademy.com\/wp-content\/uploads\/2025\/12\/Ivan-Ivanov-No1-1-e1764680181515.jpg\",\"datePublished\":\"2025-12-03T08:40:40+00:00\",\"dateModified\":\"2025-12-03T09:08:36+00:00\",\"author\":{\"@id\":\"https:\/\/www.rafanadalacademy.com\/de\/#\/schema\/person\/744897d6ee269641fff954376180ef01\"},\"description\":\"Iv\u00e1n Ivanov hat ein absolut unvergessliches Jahr 2025 mit dem kr\u00f6nenden Abschluss beendet, dass er die Saison als Nr. 1 der Junioren-Weltrangliste abschlie\u00dft.\",\"breadcrumb\":{\"@id\":\"https:\/\/www.rafanadalacademy.com\/de\/rafa-nadal-academy-von-movistar\/ivan-ivanov-erfuellt-sich-seinen-traum-und-beendet-die-saison-als-nr-1-der-junioren-weltrangliste\/#breadcrumb\"},\"inLanguage\":\"de-DE\",\"potentialAction\":[{\"@type\":\"ReadAction\",\"target\":[\"https:\/\/www.rafanadalacademy.com\/de\/rafa-nadal-academy-von-movistar\/ivan-ivanov-erfuellt-sich-seinen-traum-und-beendet-die-saison-als-nr-1-der-junioren-weltrangliste\/\"]}]},{\"@type\":\"ImageObject\",\"inLanguage\":\"de-DE\",\"@id\":\"https:\/\/www.rafanadalacademy.com\/de\/rafa-nadal-academy-von-movistar\/ivan-ivanov-erfuellt-sich-seinen-traum-und-beendet-die-saison-als-nr-1-der-junioren-weltrangliste\/#primaryimage\",\"url\":\"https:\/\/www.rafanadalacademy.com\/wp-content\/uploads\/2025\/12\/Ivan-Ivanov-No1-1-e1764680181515.jpg\",\"contentUrl\":\"https:\/\/www.rafanadalacademy.com\/wp-content\/uploads\/2025\/12\/Ivan-Ivanov-No1-1-e1764680181515.jpg\",\"width\":2000,\"height\":2500,\"caption\":\"Ivan Ivanov cierra la temporada como N\u00ba1 del mundo j\u00fanior\"},{\"@type\":\"BreadcrumbList\",\"@id\":\"https:\/\/www.rafanadalacademy.com\/de\/rafa-nadal-academy-von-movistar\/ivan-ivanov-erfuellt-sich-seinen-traum-und-beendet-die-saison-als-nr-1-der-junioren-weltrangliste\/#breadcrumb\",\"itemListElement\":[{\"@type\":\"ListItem\",\"position\":1,\"name\":\"Home\",\"item\":\"https:\/\/www.rafanadalacademy.com\/de\/\"},{\"@type\":\"ListItem\",\"position\":2,\"name\":\"Iv\u00e1n Ivanov erf\u00fcllt sich seinen Traum und beendet die Saison als Nr. 1 der Junioren-Weltrangliste\"}]},{\"@type\":\"WebSite\",\"@id\":\"https:\/\/www.rafanadalacademy.com\/de\/#website\",\"url\":\"https:\/\/www.rafanadalacademy.com\/de\/\",\"name\":\"Rafa Nadal Academy\",\"description\":\"Otro sitio realizado con WordPress\",\"potentialAction\":[{\"@type\":\"SearchAction\",\"target\":{\"@type\":\"EntryPoint\",\"urlTemplate\":\"https:\/\/www.rafanadalacademy.com\/de\/?s={search_term_string}\"},\"query-input\":{\"@type\":\"PropertyValueSpecification\",\"valueRequired\":true,\"valueName\":\"search_term_string\"}}],\"inLanguage\":\"de-DE\"},{\"@type\":\"Person\",\"@id\":\"https:\/\/www.rafanadalacademy.com\/de\/#\/schema\/person\/744897d6ee269641fff954376180ef01\",\"name\":\"joseluisprados\",\"image\":{\"@type\":\"ImageObject\",\"inLanguage\":\"de-DE\",\"@id\":\"https:\/\/www.rafanadalacademy.com\/de\/#\/schema\/person\/image\/\",\"url\":\"https:\/\/secure.gravatar.com\/avatar\/8aa823a6e5501864ffab4785d9e2a994b59c2d45c9f9751c5a532abfec081e5f?s=96&d=mm&r=g\",\"contentUrl\":\"https:\/\/secure.gravatar.com\/avatar\/8aa823a6e5501864ffab4785d9e2a994b59c2d45c9f9751c5a532abfec081e5f?s=96&d=mm&r=g\",\"caption\":\"joseluisprados\"},\"url\":\"https:\/\/www.rafanadalacademy.com\/de\/author\/joseluisprados\/\"},{\"@type\":\"ImageObject\",\"inLanguage\":\"de-DE\",\"@id\":\"https:\/\/www.rafanadalacademy.com\/de\/rafa-nadal-academy-von-movistar\/ivan-ivanov-erfuellt-sich-seinen-traum-und-beendet-die-saison-als-nr-1-der-junioren-weltrangliste\/#local-main-organization-logo\",\"url\":\"\",\"contentUrl\":\"\",\"caption\":\"Rafa Nadal Academy\"}]}<\/script>\n<!-- \/ Yoast SEO Premium plugin. -->","yoast_head_json":{"title":"Iv\u00e1n Ivanov erf\u00fcllt sich seinen Traum und beendet die Saison als Nr. 1 der Junioren-Weltrangliste - Rafa Nadal Academy","description":"Iv\u00e1n Ivanov hat ein absolut unvergessliches Jahr 2025 mit dem kr\u00f6nenden Abschluss beendet, dass er die Saison als Nr. 1 der Junioren-Weltrangliste abschlie\u00dft.","robots":{"index":"index","follow":"follow","max-snippet":"max-snippet:-1","max-image-preview":"max-image-preview:large","max-video-preview":"max-video-preview:-1"},"canonical":"https:\/\/www.rafanadalacademy.com\/de\/rafa-nadal-academy-von-movistar\/ivan-ivanov-erfuellt-sich-seinen-traum-und-beendet-die-saison-als-nr-1-der-junioren-weltrangliste\/","og_locale":"de_DE","og_type":"article","og_title":"Iv\u00e1n Ivanov erf\u00fcllt sich seinen Traum und beendet die Saison als Nr. 1 der Junioren-Weltrangliste","og_description":"Iv\u00e1n Ivanov hat ein absolut unvergessliches Jahr 2025 mit dem kr\u00f6nenden Abschluss beendet, dass er die Saison als Nr. 1 der Junioren-Weltrangliste abschlie\u00dft.","og_url":"https:\/\/www.rafanadalacademy.com\/de\/rafa-nadal-academy-von-movistar\/ivan-ivanov-erfuellt-sich-seinen-traum-und-beendet-die-saison-als-nr-1-der-junioren-weltrangliste\/","og_site_name":"Rafa Nadal Academy","article_published_time":"2025-12-03T08:40:40+00:00","article_modified_time":"2025-12-03T09:08:36+00:00","og_image":[{"width":819,"height":1024,"url":"https:\/\/www.rafanadalacademy.com\/wp-content\/uploads\/2025\/12\/Ivan-Ivanov-No1-1-819x1024.jpg","type":"image\/jpeg"}],"author":"joseluisprados","twitter_card":"summary_large_image","twitter_misc":{"Written by":"joseluisprados","Est. reading time":"3 minutes"},"schema":{"@context":"https:\/\/schema.org","@graph":[{"@type":"Article","@id":"https:\/\/www.rafanadalacademy.com\/de\/rafa-nadal-academy-von-movistar\/ivan-ivanov-erfuellt-sich-seinen-traum-und-beendet-die-saison-als-nr-1-der-junioren-weltrangliste\/#article","isPartOf":{"@id":"https:\/\/www.rafanadalacademy.com\/de\/rafa-nadal-academy-von-movistar\/ivan-ivanov-erfuellt-sich-seinen-traum-und-beendet-die-saison-als-nr-1-der-junioren-weltrangliste\/"},"author":{"name":"joseluisprados","@id":"https:\/\/www.rafanadalacademy.com\/de\/#\/schema\/person\/744897d6ee269641fff954376180ef01"},"headline":"Iv\u00e1n Ivanov erf\u00fcllt sich seinen Traum und beendet die Saison als Nr. 1 der Junioren-Weltrangliste","datePublished":"2025-12-03T08:40:40+00:00","dateModified":"2025-12-03T09:08:36+00:00","mainEntityOfPage":{"@id":"https:\/\/www.rafanadalacademy.com\/de\/rafa-nadal-academy-von-movistar\/ivan-ivanov-erfuellt-sich-seinen-traum-und-beendet-die-saison-als-nr-1-der-junioren-weltrangliste\/"},"wordCount":549,"image":{"@id":"https:\/\/www.rafanadalacademy.com\/de\/rafa-nadal-academy-von-movistar\/ivan-ivanov-erfuellt-sich-seinen-traum-und-beendet-die-saison-als-nr-1-der-junioren-weltrangliste\/#primaryimage"},"thumbnailUrl":"https:\/\/www.rafanadalacademy.com\/wp-content\/uploads\/2025\/12\/Ivan-Ivanov-No1-1-e1764680181515.jpg","keywords":["RAFA NADAL ACADEMY VON MOVISTAR"],"articleSection":["Nachricht","RAFA NADAL ACADEMY VON MOVISTAR"],"inLanguage":"de-DE","copyrightYear":"2025","copyrightHolder":{"@id":"https:\/\/www.rafanadalacademy.com\/#organization"}},{"@type":"WebPage","@id":"https:\/\/www.rafanadalacademy.com\/de\/rafa-nadal-academy-von-movistar\/ivan-ivanov-erfuellt-sich-seinen-traum-und-beendet-die-saison-als-nr-1-der-junioren-weltrangliste\/","url":"https:\/\/www.rafanadalacademy.com\/de\/rafa-nadal-academy-von-movistar\/ivan-ivanov-erfuellt-sich-seinen-traum-und-beendet-die-saison-als-nr-1-der-junioren-weltrangliste\/","name":"Iv\u00e1n Ivanov erf\u00fcllt sich seinen Traum und beendet die Saison als Nr. 1 der Junioren-Weltrangliste - Rafa Nadal Academy","isPartOf":{"@id":"https:\/\/www.rafanadalacademy.com\/de\/#website"},"primaryImageOfPage":{"@id":"https:\/\/www.rafanadalacademy.com\/de\/rafa-nadal-academy-von-movistar\/ivan-ivanov-erfuellt-sich-seinen-traum-und-beendet-die-saison-als-nr-1-der-junioren-weltrangliste\/#primaryimage"},"image":{"@id":"https:\/\/www.rafanadalacademy.com\/de\/rafa-nadal-academy-von-movistar\/ivan-ivanov-erfuellt-sich-seinen-traum-und-beendet-die-saison-als-nr-1-der-junioren-weltrangliste\/#primaryimage"},"thumbnailUrl":"https:\/\/www.rafanadalacademy.com\/wp-content\/uploads\/2025\/12\/Ivan-Ivanov-No1-1-e1764680181515.jpg","datePublished":"2025-12-03T08:40:40+00:00","dateModified":"2025-12-03T09:08:36+00:00","author":{"@id":"https:\/\/www.rafanadalacademy.com\/de\/#\/schema\/person\/744897d6ee269641fff954376180ef01"},"description":"Iv\u00e1n Ivanov hat ein absolut unvergessliches Jahr 2025 mit dem kr\u00f6nenden Abschluss beendet, dass er die Saison als Nr. 1 der Junioren-Weltrangliste abschlie\u00dft.","breadcrumb":{"@id":"https:\/\/www.rafanadalacademy.com\/de\/rafa-nadal-academy-von-movistar\/ivan-ivanov-erfuellt-sich-seinen-traum-und-beendet-die-saison-als-nr-1-der-junioren-weltrangliste\/#breadcrumb"},"inLanguage":"de-DE","potentialAction":[{"@type":"ReadAction","target":["https:\/\/www.rafanadalacademy.com\/de\/rafa-nadal-academy-von-movistar\/ivan-ivanov-erfuellt-sich-seinen-traum-und-beendet-die-saison-als-nr-1-der-junioren-weltrangliste\/"]}]},{"@type":"ImageObject","inLanguage":"de-DE","@id":"https:\/\/www.rafanadalacademy.com\/de\/rafa-nadal-academy-von-movistar\/ivan-ivanov-erfuellt-sich-seinen-traum-und-beendet-die-saison-als-nr-1-der-junioren-weltrangliste\/#primaryimage","url":"https:\/\/www.rafanadalacademy.com\/wp-content\/uploads\/2025\/12\/Ivan-Ivanov-No1-1-e1764680181515.jpg","contentUrl":"https:\/\/www.rafanadalacademy.com\/wp-content\/uploads\/2025\/12\/Ivan-Ivanov-No1-1-e1764680181515.jpg","width":2000,"height":2500,"caption":"Ivan Ivanov cierra la temporada como N\u00ba1 del mundo j\u00fanior"},{"@type":"BreadcrumbList","@id":"https:\/\/www.rafanadalacademy.com\/de\/rafa-nadal-academy-von-movistar\/ivan-ivanov-erfuellt-sich-seinen-traum-und-beendet-die-saison-als-nr-1-der-junioren-weltrangliste\/#breadcrumb","itemListElement":[{"@type":"ListItem","position":1,"name":"Home","item":"https:\/\/www.rafanadalacademy.com\/de\/"},{"@type":"ListItem","position":2,"name":"Iv\u00e1n Ivanov erf\u00fcllt sich seinen Traum und beendet die Saison als Nr. 1 der Junioren-Weltrangliste"}]},{"@type":"WebSite","@id":"https:\/\/www.rafanadalacademy.com\/de\/#website","url":"https:\/\/www.rafanadalacademy.com\/de\/","name":"Rafa Nadal Academy","description":"Otro sitio realizado con WordPress","potentialAction":[{"@type":"SearchAction","target":{"@type":"EntryPoint","urlTemplate":"https:\/\/www.rafanadalacademy.com\/de\/?s={search_term_string}"},"query-input":{"@type":"PropertyValueSpecification","valueRequired":true,"valueName":"search_term_string"}}],"inLanguage":"de-DE"},{"@type":"Person","@id":"https:\/\/www.rafanadalacademy.com\/de\/#\/schema\/person\/744897d6ee269641fff954376180ef01","name":"joseluisprados","image":{"@type":"ImageObject","inLanguage":"de-DE","@id":"https:\/\/www.rafanadalacademy.com\/de\/#\/schema\/person\/image\/","url":"https:\/\/secure.gravatar.com\/avatar\/8aa823a6e5501864ffab4785d9e2a994b59c2d45c9f9751c5a532abfec081e5f?s=96&d=mm&r=g","contentUrl":"https:\/\/secure.gravatar.com\/avatar\/8aa823a6e5501864ffab4785d9e2a994b59c2d45c9f9751c5a532abfec081e5f?s=96&d=mm&r=g","caption":"joseluisprados"},"url":"https:\/\/www.rafanadalacademy.com\/de\/author\/joseluisprados\/"},{"@type":"ImageObject","inLanguage":"de-DE","@id":"https:\/\/www.rafanadalacademy.com\/de\/rafa-nadal-academy-von-movistar\/ivan-ivanov-erfuellt-sich-seinen-traum-und-beendet-die-saison-als-nr-1-der-junioren-weltrangliste\/#local-main-organization-logo","url":"","contentUrl":"","caption":"Rafa Nadal Academy"}]}},"_links":{"self":[{"href":"https:\/\/www.rafanadalacademy.com\/de\/wp-json\/wp\/v2\/posts\/37366","targetHints":{"allow":["GET"]}}],"collection":[{"href":"https:\/\/www.rafanadalacademy.com\/de\/wp-json\/wp\/v2\/posts"}],"about":[{"href":"https:\/\/www.rafanadalacademy.com\/de\/wp-json\/wp\/v2\/types\/post"}],"author":[{"embeddable":true,"href":"https:\/\/www.rafanadalacademy.com\/de\/wp-json\/wp\/v2\/users\/23"}],"replies":[{"embeddable":true,"href":"https:\/\/www.rafanadalacademy.com\/de\/wp-json\/wp\/v2\/comments?post=37366"}],"version-history":[{"count":1,"href":"https:\/\/www.rafanadalacademy.com\/de\/wp-json\/wp\/v2\/posts\/37366\/revisions"}],"predecessor-version":[{"id":37367,"href":"https:\/\/www.rafanadalacademy.com\/de\/wp-json\/wp\/v2\/posts\/37366\/revisions\/37367"}],"wp:featuredmedia":[{"embeddable":true,"href":"https:\/\/www.rafanadalacademy.com\/de\/wp-json\/wp\/v2\/media\/37336"}],"wp:attachment":[{"href":"https:\/\/www.rafanadalacademy.com\/de\/wp-json\/wp\/v2\/media?parent=37366"}],"wp:term":[{"taxonomy":"category","embeddable":true,"href":"https:\/\/www.rafanadalacademy.com\/de\/wp-json\/wp\/v2\/categories?post=37366"},{"taxonomy":"post_tag","embeddable":true,"href":"https:\/\/www.rafanadalacademy.com\/de\/wp-json\/wp\/v2\/tags?post=37366"}],"curies":[{"name":"wp","href":"https:\/\/api.w.org\/{rel}","templated":true}]}}